{"id":42489,"date":"2021-08-11T00:03:46","date_gmt":"2021-08-11T00:03:46","guid":{"rendered":"https:\/\/elregionalvm.com.ar\/noticias-villa-maria\/?p=42489"},"modified":"2021-08-11T00:03:48","modified_gmt":"2021-08-11T00:03:48","slug":"otro-grave-accidente-en-bo-san-martin-una-mujer-con-lesiones-graves-en-zona-craneal","status":"publish","type":"post","link":"https:\/\/elregionalvm.com.ar\/noticias-villa-maria\/otro-grave-accidente-en-bo-san-martin-una-mujer-con-lesiones-graves-en-zona-craneal\/","title":{"rendered":"Otro grave accidente en B\u00ba San Mart\u00edn: una mujer con lesiones graves en zona craneal"},"content":{"rendered":"\n<p>Este martes por la ma\u00f1ana, en la intersecci\u00f3n de calles Santiago del Estero y Espora,  ocurri\u00f3 un accidente de tr\u00e1nsito, en el que por causas a establecer, colisionaron un autom\u00f3vil marca Citroen modelo C4 de color negro, contra una motocicleta marca Keller de 110 c.c. de color rojo, ambos con conductoras de esta ciudad. <\/p>\n\n\n\n<p>Como resultado del siniestro, personal de bomberos voluntarios procedi\u00f3 al traslado de la motociclista hasta el Hospital Regional Pasteur a  Jesica Allende de 32 a\u00f1os de edad, a quien personal m\u00e9dico le diagnostic\u00f3 lesiones graves en zona craneal.<\/p>\n\n\n\n<div class=\"wp-block-image\"><figure class=\"aligncenter size-large is-resized\"><img data-recalc-dims=\"1\" fetchpriority=\"high\" decoding=\"async\" src=\"https:\/\/i0.wp.com\/elregionalvm.com.ar\/noticias-villa-maria\/wp-content\/uploads\/2021\/08\/WhatsApp-Image-2021-08-10-at-19.59.03-1.jpeg?resize=458%2C391&#038;ssl=1\" alt=\"\" class=\"wp-image-42491\" width=\"458\" height=\"391\" srcset=\"https:\/\/i0.wp.com\/elregionalvm.com.ar\/noticias-villa-maria\/wp-content\/uploads\/2021\/08\/WhatsApp-Image-2021-08-10-at-19.59.03-1.jpeg?resize=1024%2C877&amp;ssl=1 1024w, https:\/\/i0.wp.com\/elregionalvm.com.ar\/noticias-villa-maria\/wp-content\/uploads\/2021\/08\/WhatsApp-Image-2021-08-10-at-19.59.03-1.jpeg?resize=300%2C257&amp;ssl=1 300w, https:\/\/i0.wp.com\/elregionalvm.com.ar\/noticias-villa-maria\/wp-content\/uploads\/2021\/08\/WhatsApp-Image-2021-08-10-at-19.59.03-1.jpeg?resize=768%2C658&amp;ssl=1 768w, https:\/\/i0.wp.com\/elregionalvm.com.ar\/noticias-villa-maria\/wp-content\/uploads\/2021\/08\/WhatsApp-Image-2021-08-10-at-19.59.03-1.jpeg?w=1280&amp;ssl=1 1280w\" sizes=\"(max-width: 458px) 100vw, 458px\" \/><figcaption>La esquina donde sucedi\u00f3 el choque<\/figcaption><\/figure><\/div>\n\n\n\n<p><strong>Segundo accidente grave en s\u00f3lo cinco d\u00edas<\/strong><\/p>\n\n\n\n<p>Se trata del segundo accidente grave sucedido en el barrio San Mart\u00edn en menos de una semana, ya que el jueves 5 por la noche, en la intersecci\u00f3n de calles Gorriti y Corrientes de Barrio San Mart\u00edn, ocurri\u00f3 un accidente de tr\u00e1nsito en el que colisionaron dos motocicletas, y como consecuencia del choque, falleci\u00f3 al otro d\u00eda en el Hospital, el joven Iv\u00e1n Quevedo de 17 a\u00f1os de edad, tras sufrir lesiones graves por fractura m\u00faltiple fronto parietal izquierdo.<\/p>\n\n\n\n<p><\/p>\n","protected":false},"excerpt":{"rendered":"<p>Este martes por la ma\u00f1ana, en la intersecci\u00f3n de calles Santiago del Estero y Espora, ocurri\u00f3 un accidente de tr\u00e1nsito, en el que por causas a establecer, colisionaron un autom\u00f3vil marca Citroen modelo C4 de color negro, contra una motocicleta marca Keller de 110 c.c. de color rojo, ambos con conductoras de esta ciudad. Como [&hellip;]<\/p>\n","protected":false},"author":4,"featured_media":42490,"comment_status":"open","ping_status":"open","sticky":false,"template":"","format":"standard","meta":{"site-sidebar-layout":"default","site-content-layout":"default","ast-site-content-layout":"default","site-content-style":"default","site-sidebar-style":"default","ast-global-header-display":"","ast-banner-title-visibility":"","ast-main-header-display":"","ast-hfb-above-header-display":"","ast-hfb-below-header-display":"","ast-hfb-mobile-header-display":"","site-post-title":"","ast-breadcrumbs-content":"","ast-featured-img":"","footer-sml-layout":"","ast-disable-related-posts":"","theme-transparent-header-meta":"default","adv-header-id-meta":"","stick-header-meta":"","header-above-stick-meta":"","header-main-stick-meta":"","header-below-stick-meta":"","astra-migrate-meta-layouts":"default","ast-page-background-enabled":"default","ast-page-background-meta":{"desktop":{"background-color":"","background-image":"","background-repeat":"repeat","background-position":"center center","background-size":"auto","background-attachment":"scroll","background-type":"","background-media":"","overlay-type":"","overlay-color":"","overlay-opacity":"","overlay-gradient":""},"tablet":{"background-color":"","background-image":"","background-repeat":"repeat","background-position":"center center","background-size":"auto","background-attachment":"scroll","background-type":"","background-media":"","overlay-type":"","overlay-color":"","overlay-opacity":"","overlay-gradient":""},"mobile":{"background-color":"","background-image":"","background-repeat":"repeat","background-position":"center center","background-size":"auto","background-attachment":"scroll","background-type":"","background-media":"","overlay-type":"","overlay-color":"","overlay-opacity":"","overlay-gradient":""}},"ast-content-background-meta":{"desktop":{"background-color":"var(--ast-global-color-5)","background-image":"","background-repeat":"repeat","background-position":"center center","background-size":"auto","background-attachment":"scroll","background-type":"","background-media":"","overlay-type":"","overlay-color":"","overlay-opacity":"","overlay-gradient":""},"tablet":{"background-color":"var(--ast-global-color-5)","background-image":"","background-repeat":"repeat","background-position":"center center","background-size":"auto","background-attachment":"scroll","background-type":"","background-media":"","overlay-type":"","overlay-color":"","overlay-opacity":"","overlay-gradient":""},"mobile":{"background-color":"var(--ast-global-color-5)","background-image":"","background-repeat":"repeat","background-position":"center center","background-size":"auto","background-attachment":"scroll","background-type":"","background-media":"","overlay-type":"","overlay-color":"","overlay-opacity":"","overlay-gradient":""}},"_jetpack_memberships_contains_paid_content":false,"_joinchat":[],"footnotes":""},"categories":[2234],"tags":[10498,4832,10494,10495,1232,10496,10497,10499,2611],"class_list":["post-42489","post","type-post","status-publish","format-standard","has-post-thumbnail","hentry","category-policiales","tag-32-anos","tag-barrio-san-martin","tag-choque-grave","tag-citroen-c4","tag-destacado","tag-espora-y-santiago-del-estero","tag-jesica-allende","tag-lesiones-graves-en-zona-craneal","tag-mujer-grave"],"yoast_head":"<!-- This site is optimized with the Yoast SEO plugin v26.8 - https:\/\/yoast.com\/product\/yoast-seo-wordpress\/ -->\n<title>Otro grave accidente en B\u00ba San Mart\u00edn: una mujer con lesiones graves en zona craneal - El Regional<\/title>\n<meta name=\"robots\" content=\"index, follow, max-snippet:-1, max-image-preview:large, max-video-preview:-1\" \/>\n<link rel=\"canonical\" href=\"http:\/\/elregionalvm.com.ar\/noticias-villa-maria\/otro-grave-accidente-en-bo-san-martin-una-mujer-con-lesiones-graves-en-zona-craneal\/\" \/>\n<meta property=\"og:locale\" content=\"es_ES\" \/>\n<meta property=\"og:type\" content=\"article\" \/>\n<meta property=\"og:title\" content=\"Otro grave accidente en B\u00ba San Mart\u00edn: una mujer con lesiones graves en zona craneal - El Regional\" \/>\n<meta property=\"og:description\" content=\"Este martes por la ma\u00f1ana, en la intersecci\u00f3n de calles Santiago del Estero y Espora, ocurri\u00f3 un accidente de tr\u00e1nsito, en el que por causas a establecer, colisionaron un autom\u00f3vil marca Citroen modelo C4 de color negro, contra una motocicleta marca Keller de 110 c.c. de color rojo, ambos con conductoras de esta ciudad. Como [&hellip;]\" \/>\n<meta property=\"og:url\" content=\"http:\/\/elregionalvm.com.ar\/noticias-villa-maria\/otro-grave-accidente-en-bo-san-martin-una-mujer-con-lesiones-graves-en-zona-craneal\/\" \/>\n<meta property=\"og:site_name\" content=\"El Regional\" \/>\n<meta property=\"article:publisher\" content=\"https:\/\/www.facebook.com\/elregionalvm\" \/>\n<meta property=\"article:published_time\" content=\"2021-08-11T00:03:46+00:00\" \/>\n<meta property=\"article:modified_time\" content=\"2021-08-11T00:03:48+00:00\" \/>\n<meta property=\"og:image\" content=\"http:\/\/elregionalvm.com.ar\/noticias-villa-maria\/wp-content\/uploads\/2021\/08\/WhatsApp-Image-2021-08-10-at-19.59.03.jpeg\" \/>\n\t<meta property=\"og:image:width\" content=\"991\" \/>\n\t<meta property=\"og:image:height\" content=\"1280\" \/>\n\t<meta property=\"og:image:type\" content=\"image\/jpeg\" \/>\n<meta name=\"author\" content=\"Contenidos El Regional\" \/>\n<meta name=\"twitter:card\" content=\"summary_large_image\" \/>\n<meta name=\"twitter:creator\" content=\"@elregionalvm1\" \/>\n<meta name=\"twitter:site\" content=\"@elregionalvm1\" \/>\n<meta name=\"twitter:label1\" content=\"Escrito por\" \/>\n\t<meta name=\"twitter:data1\" content=\"Contenidos El Regional\" \/>\n\t<meta name=\"twitter:label2\" content=\"Tiempo de lectura\" \/>\n\t<meta name=\"twitter:data2\" content=\"2 minutos\" \/>\n<script type=\"application\/ld+json\" class=\"yoast-schema-graph\">{\"@context\":\"https:\/\/schema.org\",\"@graph\":[{\"@type\":\"Article\",\"@id\":\"http:\/\/elregionalvm.com.ar\/noticias-villa-maria\/otro-grave-accidente-en-bo-san-martin-una-mujer-con-lesiones-graves-en-zona-craneal\/#article\",\"isPartOf\":{\"@id\":\"http:\/\/elregionalvm.com.ar\/noticias-villa-maria\/otro-grave-accidente-en-bo-san-martin-una-mujer-con-lesiones-graves-en-zona-craneal\/\"},\"author\":{\"name\":\"Contenidos El Regional\",\"@id\":\"http:\/\/elregionalvm.com.ar\/noticias-villa-maria\/#\/schema\/person\/a0fb9c422317faca23d50163151bc354\"},\"headline\":\"Otro grave accidente en B\u00ba San Mart\u00edn: una mujer con lesiones graves en zona craneal\",\"datePublished\":\"2021-08-11T00:03:46+00:00\",\"dateModified\":\"2021-08-11T00:03:48+00:00\",\"mainEntityOfPage\":{\"@id\":\"http:\/\/elregionalvm.com.ar\/noticias-villa-maria\/otro-grave-accidente-en-bo-san-martin-una-mujer-con-lesiones-graves-en-zona-craneal\/\"},\"wordCount\":213,\"commentCount\":0,\"image\":{\"@id\":\"http:\/\/elregionalvm.com.ar\/noticias-villa-maria\/otro-grave-accidente-en-bo-san-martin-una-mujer-con-lesiones-graves-en-zona-craneal\/#primaryimage\"},\"thumbnailUrl\":\"https:\/\/i0.wp.com\/elregionalvm.com.ar\/noticias-villa-maria\/wp-content\/uploads\/2021\/08\/WhatsApp-Image-2021-08-10-at-19.59.03.jpeg?fit=991%2C1280&ssl=1\",\"keywords\":[\"32 a\u00f1os\",\"Barrio San Mart\u00edn\",\"choque grave\",\"Citroen C4\",\"destacado\",\"Espora y Santiago del Estero\",\"J\u00e9sica Allende\",\"lesiones graves en zona craneal\",\"mujer grave\"],\"articleSection\":[\"Policiales\"],\"inLanguage\":\"es\",\"potentialAction\":[{\"@type\":\"CommentAction\",\"name\":\"Comment\",\"target\":[\"http:\/\/elregionalvm.com.ar\/noticias-villa-maria\/otro-grave-accidente-en-bo-san-martin-una-mujer-con-lesiones-graves-en-zona-craneal\/#respond\"]}]},{\"@type\":\"WebPage\",\"@id\":\"http:\/\/elregionalvm.com.ar\/noticias-villa-maria\/otro-grave-accidente-en-bo-san-martin-una-mujer-con-lesiones-graves-en-zona-craneal\/\",\"url\":\"http:\/\/elregionalvm.com.ar\/noticias-villa-maria\/otro-grave-accidente-en-bo-san-martin-una-mujer-con-lesiones-graves-en-zona-craneal\/\",\"name\":\"Otro grave accidente en B\u00ba San Mart\u00edn: una mujer con lesiones graves en zona craneal - El Regional\",\"isPartOf\":{\"@id\":\"http:\/\/elregionalvm.com.ar\/noticias-villa-maria\/#website\"},\"primaryImageOfPage\":{\"@id\":\"http:\/\/elregionalvm.com.ar\/noticias-villa-maria\/otro-grave-accidente-en-bo-san-martin-una-mujer-con-lesiones-graves-en-zona-craneal\/#primaryimage\"},\"image\":{\"@id\":\"http:\/\/elregionalvm.com.ar\/noticias-villa-maria\/otro-grave-accidente-en-bo-san-martin-una-mujer-con-lesiones-graves-en-zona-craneal\/#primaryimage\"},\"thumbnailUrl\":\"https:\/\/i0.wp.com\/elregionalvm.com.ar\/noticias-villa-maria\/wp-content\/uploads\/2021\/08\/WhatsApp-Image-2021-08-10-at-19.59.03.jpeg?fit=991%2C1280&ssl=1\",\"datePublished\":\"2021-08-11T00:03:46+00:00\",\"dateModified\":\"2021-08-11T00:03:48+00:00\",\"author\":{\"@id\":\"http:\/\/elregionalvm.com.ar\/noticias-villa-maria\/#\/schema\/person\/a0fb9c422317faca23d50163151bc354\"},\"breadcrumb\":{\"@id\":\"http:\/\/elregionalvm.com.ar\/noticias-villa-maria\/otro-grave-accidente-en-bo-san-martin-una-mujer-con-lesiones-graves-en-zona-craneal\/#breadcrumb\"},\"inLanguage\":\"es\",\"potentialAction\":[{\"@type\":\"ReadAction\",\"target\":[\"http:\/\/elregionalvm.com.ar\/noticias-villa-maria\/otro-grave-accidente-en-bo-san-martin-una-mujer-con-lesiones-graves-en-zona-craneal\/\"]}]},{\"@type\":\"ImageObject\",\"inLanguage\":\"es\",\"@id\":\"http:\/\/elregionalvm.com.ar\/noticias-villa-maria\/otro-grave-accidente-en-bo-san-martin-una-mujer-con-lesiones-graves-en-zona-craneal\/#primaryimage\",\"url\":\"https:\/\/i0.wp.com\/elregionalvm.com.ar\/noticias-villa-maria\/wp-content\/uploads\/2021\/08\/WhatsApp-Image-2021-08-10-at-19.59.03.jpeg?fit=991%2C1280&ssl=1\",\"contentUrl\":\"https:\/\/i0.wp.com\/elregionalvm.com.ar\/noticias-villa-maria\/wp-content\/uploads\/2021\/08\/WhatsApp-Image-2021-08-10-at-19.59.03.jpeg?fit=991%2C1280&ssl=1\",\"width\":991,\"height\":1280},{\"@type\":\"BreadcrumbList\",\"@id\":\"http:\/\/elregionalvm.com.ar\/noticias-villa-maria\/otro-grave-accidente-en-bo-san-martin-una-mujer-con-lesiones-graves-en-zona-craneal\/#breadcrumb\",\"itemListElement\":[{\"@type\":\"ListItem\",\"position\":1,\"name\":\"Portada\",\"item\":\"https:\/\/elregionalvm.com.ar\/noticias-villa-maria\/\"},{\"@type\":\"ListItem\",\"position\":2,\"name\":\"Otro grave accidente en B\u00ba San Mart\u00edn: una mujer con lesiones graves en zona craneal\"}]},{\"@type\":\"WebSite\",\"@id\":\"http:\/\/elregionalvm.com.ar\/noticias-villa-maria\/#website\",\"url\":\"http:\/\/elregionalvm.com.ar\/noticias-villa-maria\/\",\"name\":\"El Regional\",\"description\":\"Mucho m\u00e1s que informaci\u00f3n\",\"potentialAction\":[{\"@type\":\"SearchAction\",\"target\":{\"@type\":\"EntryPoint\",\"urlTemplate\":\"http:\/\/elregionalvm.com.ar\/noticias-villa-maria\/?s={search_term_string}\"},\"query-input\":{\"@type\":\"PropertyValueSpecification\",\"valueRequired\":true,\"valueName\":\"search_term_string\"}}],\"inLanguage\":\"es\"},{\"@type\":\"Person\",\"@id\":\"http:\/\/elregionalvm.com.ar\/noticias-villa-maria\/#\/schema\/person\/a0fb9c422317faca23d50163151bc354\",\"name\":\"Contenidos El Regional\",\"image\":{\"@type\":\"ImageObject\",\"inLanguage\":\"es\",\"@id\":\"http:\/\/elregionalvm.com.ar\/noticias-villa-maria\/#\/schema\/person\/image\/\",\"url\":\"https:\/\/secure.gravatar.com\/avatar\/265b27cb2209af7bb3a1318f03305787d7981a5cc6e6cd08fe5a4ecdf99d4b48?s=96&d=mm&r=g\",\"contentUrl\":\"https:\/\/secure.gravatar.com\/avatar\/265b27cb2209af7bb3a1318f03305787d7981a5cc6e6cd08fe5a4ecdf99d4b48?s=96&d=mm&r=g\",\"caption\":\"Contenidos El Regional\"},\"url\":\"https:\/\/elregionalvm.com.ar\/noticias-villa-maria\/author\/contenido\/\"}]}<\/script>\n<!-- \/ Yoast SEO plugin. -->","yoast_head_json":{"title":"Otro grave accidente en B\u00ba San Mart\u00edn: una mujer con lesiones graves en zona craneal - El Regional","robots":{"index":"index","follow":"follow","max-snippet":"max-snippet:-1","max-image-preview":"max-image-preview:large","max-video-preview":"max-video-preview:-1"},"canonical":"http:\/\/elregionalvm.com.ar\/noticias-villa-maria\/otro-grave-accidente-en-bo-san-martin-una-mujer-con-lesiones-graves-en-zona-craneal\/","og_locale":"es_ES","og_type":"article","og_title":"Otro grave accidente en B\u00ba San Mart\u00edn: una mujer con lesiones graves en zona craneal - El Regional","og_description":"Este martes por la ma\u00f1ana, en la intersecci\u00f3n de calles Santiago del Estero y Espora, ocurri\u00f3 un accidente de tr\u00e1nsito, en el que por causas a establecer, colisionaron un autom\u00f3vil marca Citroen modelo C4 de color negro, contra una motocicleta marca Keller de 110 c.c. de color rojo, ambos con conductoras de esta ciudad. Como [&hellip;]","og_url":"http:\/\/elregionalvm.com.ar\/noticias-villa-maria\/otro-grave-accidente-en-bo-san-martin-una-mujer-con-lesiones-graves-en-zona-craneal\/","og_site_name":"El Regional","article_publisher":"https:\/\/www.facebook.com\/elregionalvm","article_published_time":"2021-08-11T00:03:46+00:00","article_modified_time":"2021-08-11T00:03:48+00:00","og_image":[{"width":991,"height":1280,"url":"http:\/\/elregionalvm.com.ar\/noticias-villa-maria\/wp-content\/uploads\/2021\/08\/WhatsApp-Image-2021-08-10-at-19.59.03.jpeg","type":"image\/jpeg"}],"author":"Contenidos El Regional","twitter_card":"summary_large_image","twitter_creator":"@elregionalvm1","twitter_site":"@elregionalvm1","twitter_misc":{"Escrito por":"Contenidos El Regional","Tiempo de lectura":"2 minutos"},"schema":{"@context":"https:\/\/schema.org","@graph":[{"@type":"Article","@id":"http:\/\/elregionalvm.com.ar\/noticias-villa-maria\/otro-grave-accidente-en-bo-san-martin-una-mujer-con-lesiones-graves-en-zona-craneal\/#article","isPartOf":{"@id":"http:\/\/elregionalvm.com.ar\/noticias-villa-maria\/otro-grave-accidente-en-bo-san-martin-una-mujer-con-lesiones-graves-en-zona-craneal\/"},"author":{"name":"Contenidos El Regional","@id":"http:\/\/elregionalvm.com.ar\/noticias-villa-maria\/#\/schema\/person\/a0fb9c422317faca23d50163151bc354"},"headline":"Otro grave accidente en B\u00ba San Mart\u00edn: una mujer con lesiones graves en zona craneal","datePublished":"2021-08-11T00:03:46+00:00","dateModified":"2021-08-11T00:03:48+00:00","mainEntityOfPage":{"@id":"http:\/\/elregionalvm.com.ar\/noticias-villa-maria\/otro-grave-accidente-en-bo-san-martin-una-mujer-con-lesiones-graves-en-zona-craneal\/"},"wordCount":213,"commentCount":0,"image":{"@id":"http:\/\/elregionalvm.com.ar\/noticias-villa-maria\/otro-grave-accidente-en-bo-san-martin-una-mujer-con-lesiones-graves-en-zona-craneal\/#primaryimage"},"thumbnailUrl":"https:\/\/i0.wp.com\/elregionalvm.com.ar\/noticias-villa-maria\/wp-content\/uploads\/2021\/08\/WhatsApp-Image-2021-08-10-at-19.59.03.jpeg?fit=991%2C1280&ssl=1","keywords":["32 a\u00f1os","Barrio San Mart\u00edn","choque grave","Citroen C4","destacado","Espora y Santiago del Estero","J\u00e9sica Allende","lesiones graves en zona craneal","mujer grave"],"articleSection":["Policiales"],"inLanguage":"es","potentialAction":[{"@type":"CommentAction","name":"Comment","target":["http:\/\/elregionalvm.com.ar\/noticias-villa-maria\/otro-grave-accidente-en-bo-san-martin-una-mujer-con-lesiones-graves-en-zona-craneal\/#respond"]}]},{"@type":"WebPage","@id":"http:\/\/elregionalvm.com.ar\/noticias-villa-maria\/otro-grave-accidente-en-bo-san-martin-una-mujer-con-lesiones-graves-en-zona-craneal\/","url":"http:\/\/elregionalvm.com.ar\/noticias-villa-maria\/otro-grave-accidente-en-bo-san-martin-una-mujer-con-lesiones-graves-en-zona-craneal\/","name":"Otro grave accidente en B\u00ba San Mart\u00edn: una mujer con lesiones graves en zona craneal - El Regional","isPartOf":{"@id":"http:\/\/elregionalvm.com.ar\/noticias-villa-maria\/#website"},"primaryImageOfPage":{"@id":"http:\/\/elregionalvm.com.ar\/noticias-villa-maria\/otro-grave-accidente-en-bo-san-martin-una-mujer-con-lesiones-graves-en-zona-craneal\/#primaryimage"},"image":{"@id":"http:\/\/elregionalvm.com.ar\/noticias-villa-maria\/otro-grave-accidente-en-bo-san-martin-una-mujer-con-lesiones-graves-en-zona-craneal\/#primaryimage"},"thumbnailUrl":"https:\/\/i0.wp.com\/elregionalvm.com.ar\/noticias-villa-maria\/wp-content\/uploads\/2021\/08\/WhatsApp-Image-2021-08-10-at-19.59.03.jpeg?fit=991%2C1280&ssl=1","datePublished":"2021-08-11T00:03:46+00:00","dateModified":"2021-08-11T00:03:48+00:00","author":{"@id":"http:\/\/elregionalvm.com.ar\/noticias-villa-maria\/#\/schema\/person\/a0fb9c422317faca23d50163151bc354"},"breadcrumb":{"@id":"http:\/\/elregionalvm.com.ar\/noticias-villa-maria\/otro-grave-accidente-en-bo-san-martin-una-mujer-con-lesiones-graves-en-zona-craneal\/#breadcrumb"},"inLanguage":"es","potentialAction":[{"@type":"ReadAction","target":["http:\/\/elregionalvm.com.ar\/noticias-villa-maria\/otro-grave-accidente-en-bo-san-martin-una-mujer-con-lesiones-graves-en-zona-craneal\/"]}]},{"@type":"ImageObject","inLanguage":"es","@id":"http:\/\/elregionalvm.com.ar\/noticias-villa-maria\/otro-grave-accidente-en-bo-san-martin-una-mujer-con-lesiones-graves-en-zona-craneal\/#primaryimage","url":"https:\/\/i0.wp.com\/elregionalvm.com.ar\/noticias-villa-maria\/wp-content\/uploads\/2021\/08\/WhatsApp-Image-2021-08-10-at-19.59.03.jpeg?fit=991%2C1280&ssl=1","contentUrl":"https:\/\/i0.wp.com\/elregionalvm.com.ar\/noticias-villa-maria\/wp-content\/uploads\/2021\/08\/WhatsApp-Image-2021-08-10-at-19.59.03.jpeg?fit=991%2C1280&ssl=1","width":991,"height":1280},{"@type":"BreadcrumbList","@id":"http:\/\/elregionalvm.com.ar\/noticias-villa-maria\/otro-grave-accidente-en-bo-san-martin-una-mujer-con-lesiones-graves-en-zona-craneal\/#breadcrumb","itemListElement":[{"@type":"ListItem","position":1,"name":"Portada","item":"https:\/\/elregionalvm.com.ar\/noticias-villa-maria\/"},{"@type":"ListItem","position":2,"name":"Otro grave accidente en B\u00ba San Mart\u00edn: una mujer con lesiones graves en zona craneal"}]},{"@type":"WebSite","@id":"http:\/\/elregionalvm.com.ar\/noticias-villa-maria\/#website","url":"http:\/\/elregionalvm.com.ar\/noticias-villa-maria\/","name":"El Regional","description":"Mucho m\u00e1s que informaci\u00f3n","potentialAction":[{"@type":"SearchAction","target":{"@type":"EntryPoint","urlTemplate":"http:\/\/elregionalvm.com.ar\/noticias-villa-maria\/?s={search_term_string}"},"query-input":{"@type":"PropertyValueSpecification","valueRequired":true,"valueName":"search_term_string"}}],"inLanguage":"es"},{"@type":"Person","@id":"http:\/\/elregionalvm.com.ar\/noticias-villa-maria\/#\/schema\/person\/a0fb9c422317faca23d50163151bc354","name":"Contenidos El Regional","image":{"@type":"ImageObject","inLanguage":"es","@id":"http:\/\/elregionalvm.com.ar\/noticias-villa-maria\/#\/schema\/person\/image\/","url":"https:\/\/secure.gravatar.com\/avatar\/265b27cb2209af7bb3a1318f03305787d7981a5cc6e6cd08fe5a4ecdf99d4b48?s=96&d=mm&r=g","contentUrl":"https:\/\/secure.gravatar.com\/avatar\/265b27cb2209af7bb3a1318f03305787d7981a5cc6e6cd08fe5a4ecdf99d4b48?s=96&d=mm&r=g","caption":"Contenidos El Regional"},"url":"https:\/\/elregionalvm.com.ar\/noticias-villa-maria\/author\/contenido\/"}]}},"jetpack_featured_media_url":"https:\/\/i0.wp.com\/elregionalvm.com.ar\/noticias-villa-maria\/wp-content\/uploads\/2021\/08\/WhatsApp-Image-2021-08-10-at-19.59.03.jpeg?fit=991%2C1280&ssl=1","jetpack_sharing_enabled":true,"_links":{"self":[{"href":"https:\/\/elregionalvm.com.ar\/noticias-villa-maria\/wp-json\/wp\/v2\/posts\/42489","targetHints":{"allow":["GET"]}}],"collection":[{"href":"https:\/\/elregionalvm.com.ar\/noticias-villa-maria\/wp-json\/wp\/v2\/posts"}],"about":[{"href":"https:\/\/elregionalvm.com.ar\/noticias-villa-maria\/wp-json\/wp\/v2\/types\/post"}],"author":[{"embeddable":true,"href":"https:\/\/elregionalvm.com.ar\/noticias-villa-maria\/wp-json\/wp\/v2\/users\/4"}],"replies":[{"embeddable":true,"href":"https:\/\/elregionalvm.com.ar\/noticias-villa-maria\/wp-json\/wp\/v2\/comments?post=42489"}],"version-history":[{"count":1,"href":"https:\/\/elregionalvm.com.ar\/noticias-villa-maria\/wp-json\/wp\/v2\/posts\/42489\/revisions"}],"predecessor-version":[{"id":42492,"href":"https:\/\/elregionalvm.com.ar\/noticias-villa-maria\/wp-json\/wp\/v2\/posts\/42489\/revisions\/42492"}],"wp:featuredmedia":[{"embeddable":true,"href":"https:\/\/elregionalvm.com.ar\/noticias-villa-maria\/wp-json\/wp\/v2\/media\/42490"}],"wp:attachment":[{"href":"https:\/\/elregionalvm.com.ar\/noticias-villa-maria\/wp-json\/wp\/v2\/media?parent=42489"}],"wp:term":[{"taxonomy":"category","embeddable":true,"href":"https:\/\/elregionalvm.com.ar\/noticias-villa-maria\/wp-json\/wp\/v2\/categories?post=42489"},{"taxonomy":"post_tag","embeddable":true,"href":"https:\/\/elregionalvm.com.ar\/noticias-villa-maria\/wp-json\/wp\/v2\/tags?post=42489"}],"curies":[{"name":"wp","href":"https:\/\/api.w.org\/{rel}","templated":true}]}}