{"id":42493,"date":"2021-08-11T00:32:15","date_gmt":"2021-08-11T00:32:15","guid":{"rendered":"https:\/\/elregionalvm.com.ar\/noticias-villa-maria\/?p=42493"},"modified":"2021-08-11T00:32:17","modified_gmt":"2021-08-11T00:32:17","slug":"un-joven-detenido-con-picadura-de-marihuana-y-el-destacamento-movil-ya-esta-en-bo-la-calera","status":"publish","type":"post","link":"https:\/\/elregionalvm.com.ar\/noticias-villa-maria\/un-joven-detenido-con-picadura-de-marihuana-y-el-destacamento-movil-ya-esta-en-bo-la-calera\/","title":{"rendered":"Un joven detenido con picadura de marihuana y el Destacamento M\u00f3vil ya est\u00e1 en B\u00ba La Calera"},"content":{"rendered":"\n<p>Este martes por la tarde, personal de la patrulla preventiva, secci\u00f3n motocicletas, procedi\u00f3 al traslado a sede policial de un hombre de 18 a\u00f1os de edad por infracci\u00f3n a la ley nacional de estupefacientes N\u00b0 23.737.<\/p>\n\n\n\n<p>Al proceder a su control en momentos en que \u00e9ste circulaba por la v\u00eda p\u00fablica junto a otro sujeto, a bordo de una motocicleta, intent\u00f3 darse a la fuga, objetivo que result\u00f3 posible para su compa\u00f1ero pero no as\u00ed para \u00e9l, logrando constatarse que entre sus pertenencias trasladaba picadura de marihuana, por lo que se solicit\u00f3 la colaboraci\u00f3n a la Fuerza Policial Antinarcotr\u00e1fico, dando participaci\u00f3n con ello a la fiscal\u00eda de lucha contra el narcotr\u00e1fico, quien dispuso el traslado del mismo a sede de unidad judicial.<\/p>\n\n\n\n<div class=\"wp-block-image\"><figure class=\"aligncenter size-large is-resized\"><img data-recalc-dims=\"1\" fetchpriority=\"high\" decoding=\"async\" src=\"https:\/\/i0.wp.com\/elregionalvm.com.ar\/noticias-villa-maria\/wp-content\/uploads\/2021\/08\/WhatsApp-Image-2021-08-10-at-19.51.36.jpeg?resize=472%2C901&#038;ssl=1\" alt=\"\" class=\"wp-image-42494\" width=\"472\" height=\"901\" srcset=\"https:\/\/i0.wp.com\/elregionalvm.com.ar\/noticias-villa-maria\/wp-content\/uploads\/2021\/08\/WhatsApp-Image-2021-08-10-at-19.51.36.jpeg?resize=536%2C1024&amp;ssl=1 536w, https:\/\/i0.wp.com\/elregionalvm.com.ar\/noticias-villa-maria\/wp-content\/uploads\/2021\/08\/WhatsApp-Image-2021-08-10-at-19.51.36.jpeg?resize=157%2C300&amp;ssl=1 157w, https:\/\/i0.wp.com\/elregionalvm.com.ar\/noticias-villa-maria\/wp-content\/uploads\/2021\/08\/WhatsApp-Image-2021-08-10-at-19.51.36.jpeg?w=670&amp;ssl=1 670w\" sizes=\"(max-width: 472px) 100vw, 472px\" \/><figcaption>El joven detenido<\/figcaption><\/figure><\/div>\n\n\n\n<p><strong>Destacamento m\u00f3vil<\/strong><\/p>\n\n\n\n<p>en horas del mediod\u00eda de hoy, se puso en funcionamiento el \u00abdestacamento policial m\u00f3vil\u00bb, el cual iniciar\u00e1 sus actividades en calle Ju\u00e1rez Celman, entre Estados Unidos y Jos\u00e9 Ignacio Rucci, frente al play\u00f3n deportivo\u00a0 de barrio La Calera de la ciudad de Villa Mar\u00eda. <\/p>\n\n\n\n<p>En el mismo se efectuar\u00e1n todas las tareas propias de un destacamento convencional, tales como certificados, declaraciones juradas, se guiar\u00e1 a los vecinos para que efect\u00faen denuncias web o para que se inscriban para ser vacunados contra el covid &#8211; 19, se colaborar\u00e1 en la confecci\u00f3n de curriculum vitae para los vecinos que deseen conseguir empleo, y desde el 17 de agosto hasta el 12 de septiembre se guiar\u00e1 a los interesados para su inscripci\u00f3n en la escuela de suboficiales y agentes de la polic\u00eda de la provincia de c\u00f3rdoba, entre otros requerimientos sociales. <\/p>\n\n\n\n<p>Adem\u00e1s, en las inmediaciones de la casilla se incrementar\u00e1 el patrullaje y presencia policial mediante cuatro bicicletas, dos motocicletas y un m\u00f3vil policial.<\/p>\n\n\n\n<figure class=\"wp-block-image size-large\"><img data-recalc-dims=\"1\" decoding=\"async\" width=\"1024\" height=\"766\" src=\"https:\/\/i0.wp.com\/elregionalvm.com.ar\/noticias-villa-maria\/wp-content\/uploads\/2021\/08\/WhatsApp-Image-2021-08-10-at-13.46.07.jpeg?resize=1024%2C766&#038;ssl=1\" alt=\"\" class=\"wp-image-42496\" srcset=\"https:\/\/i0.wp.com\/elregionalvm.com.ar\/noticias-villa-maria\/wp-content\/uploads\/2021\/08\/WhatsApp-Image-2021-08-10-at-13.46.07.jpeg?resize=1024%2C766&amp;ssl=1 1024w, https:\/\/i0.wp.com\/elregionalvm.com.ar\/noticias-villa-maria\/wp-content\/uploads\/2021\/08\/WhatsApp-Image-2021-08-10-at-13.46.07.jpeg?resize=300%2C224&amp;ssl=1 300w, https:\/\/i0.wp.com\/elregionalvm.com.ar\/noticias-villa-maria\/wp-content\/uploads\/2021\/08\/WhatsApp-Image-2021-08-10-at-13.46.07.jpeg?resize=768%2C575&amp;ssl=1 768w, https:\/\/i0.wp.com\/elregionalvm.com.ar\/noticias-villa-maria\/wp-content\/uploads\/2021\/08\/WhatsApp-Image-2021-08-10-at-13.46.07.jpeg?resize=1536%2C1149&amp;ssl=1 1536w, https:\/\/i0.wp.com\/elregionalvm.com.ar\/noticias-villa-maria\/wp-content\/uploads\/2021\/08\/WhatsApp-Image-2021-08-10-at-13.46.07.jpeg?w=1600&amp;ssl=1 1600w\" sizes=\"(max-width: 1000px) 100vw, 1000px\" \/><\/figure>\n","protected":false},"excerpt":{"rendered":"<p>Este martes por la tarde, personal de la patrulla preventiva, secci\u00f3n motocicletas, procedi\u00f3 al traslado a sede policial de un hombre de 18 a\u00f1os de edad por infracci\u00f3n a la ley nacional de estupefacientes N\u00b0 23.737. Al proceder a su control en momentos en que \u00e9ste circulaba por la v\u00eda p\u00fablica junto a otro sujeto, [&hellip;]<\/p>\n","protected":false},"author":4,"featured_media":42495,"comment_status":"open","ping_status":"open","sticky":false,"template":"","format":"standard","meta":{"site-sidebar-layout":"default","site-content-layout":"default","ast-site-content-layout":"default","site-content-style":"default","site-sidebar-style":"default","ast-global-header-display":"","ast-banner-title-visibility":"","ast-main-header-display":"","ast-hfb-above-header-display":"","ast-hfb-below-header-display":"","ast-hfb-mobile-header-display":"","site-post-title":"","ast-breadcrumbs-content":"","ast-featured-img":"","footer-sml-layout":"","ast-disable-related-posts":"","theme-transparent-header-meta":"default","adv-header-id-meta":"","stick-header-meta":"","header-above-stick-meta":"","header-main-stick-meta":"","header-below-stick-meta":"","astra-migrate-meta-layouts":"default","ast-page-background-enabled":"default","ast-page-background-meta":{"desktop":{"background-color":"","background-image":"","background-repeat":"repeat","background-position":"center center","background-size":"auto","background-attachment":"scroll","background-type":"","background-media":"","overlay-type":"","overlay-color":"","overlay-opacity":"","overlay-gradient":""},"tablet":{"background-color":"","background-image":"","background-repeat":"repeat","background-position":"center center","background-size":"auto","background-attachment":"scroll","background-type":"","background-media":"","overlay-type":"","overlay-color":"","overlay-opacity":"","overlay-gradient":""},"mobile":{"background-color":"","background-image":"","background-repeat":"repeat","background-position":"center center","background-size":"auto","background-attachment":"scroll","background-type":"","background-media":"","overlay-type":"","overlay-color":"","overlay-opacity":"","overlay-gradient":""}},"ast-content-background-meta":{"desktop":{"background-color":"var(--ast-global-color-5)","background-image":"","background-repeat":"repeat","background-position":"center center","background-size":"auto","background-attachment":"scroll","background-type":"","background-media":"","overlay-type":"","overlay-color":"","overlay-opacity":"","overlay-gradient":""},"tablet":{"background-color":"var(--ast-global-color-5)","background-image":"","background-repeat":"repeat","background-position":"center center","background-size":"auto","background-attachment":"scroll","background-type":"","background-media":"","overlay-type":"","overlay-color":"","overlay-opacity":"","overlay-gradient":""},"mobile":{"background-color":"var(--ast-global-color-5)","background-image":"","background-repeat":"repeat","background-position":"center center","background-size":"auto","background-attachment":"scroll","background-type":"","background-media":"","overlay-type":"","overlay-color":"","overlay-opacity":"","overlay-gradient":""}},"_jetpack_memberships_contains_paid_content":false,"_joinchat":[],"footnotes":""},"categories":[2234],"tags":[2586,9900,2983,10500,741],"class_list":["post-42493","post","type-post","status-publish","format-standard","has-post-thumbnail","hentry","category-policiales","tag-barrio-la-calera","tag-destacamento-movil","tag-joven-detenido","tag-picadura-de-marihuana","tag-policiales"],"yoast_head":"<!-- This site is optimized with the Yoast SEO plugin v26.8 - https:\/\/yoast.com\/product\/yoast-seo-wordpress\/ -->\n<title>Un joven detenido con picadura de marihuana y el Destacamento M\u00f3vil ya est\u00e1 en B\u00ba La Calera - El Regional<\/title>\n<meta name=\"robots\" content=\"index, follow, max-snippet:-1, max-image-preview:large, max-video-preview:-1\" \/>\n<link rel=\"canonical\" href=\"http:\/\/elregionalvm.com.ar\/noticias-villa-maria\/un-joven-detenido-con-picadura-de-marihuana-y-el-destacamento-movil-ya-esta-en-bo-la-calera\/\" \/>\n<meta property=\"og:locale\" content=\"es_ES\" \/>\n<meta property=\"og:type\" content=\"article\" \/>\n<meta property=\"og:title\" content=\"Un joven detenido con picadura de marihuana y el Destacamento M\u00f3vil ya est\u00e1 en B\u00ba La Calera - El Regional\" \/>\n<meta property=\"og:description\" content=\"Este martes por la tarde, personal de la patrulla preventiva, secci\u00f3n motocicletas, procedi\u00f3 al traslado a sede policial de un hombre de 18 a\u00f1os de edad por infracci\u00f3n a la ley nacional de estupefacientes N\u00b0 23.737. Al proceder a su control en momentos en que \u00e9ste circulaba por la v\u00eda p\u00fablica junto a otro sujeto, [&hellip;]\" \/>\n<meta property=\"og:url\" content=\"http:\/\/elregionalvm.com.ar\/noticias-villa-maria\/un-joven-detenido-con-picadura-de-marihuana-y-el-destacamento-movil-ya-esta-en-bo-la-calera\/\" \/>\n<meta property=\"og:site_name\" content=\"El Regional\" \/>\n<meta property=\"article:publisher\" content=\"https:\/\/www.facebook.com\/elregionalvm\" \/>\n<meta property=\"article:published_time\" content=\"2021-08-11T00:32:15+00:00\" \/>\n<meta property=\"article:modified_time\" content=\"2021-08-11T00:32:17+00:00\" \/>\n<meta property=\"og:image\" content=\"http:\/\/elregionalvm.com.ar\/noticias-villa-maria\/wp-content\/uploads\/2021\/08\/WhatsApp-Image-2021-08-10-at-13.46.08.jpeg\" \/>\n\t<meta property=\"og:image:width\" content=\"1600\" \/>\n\t<meta property=\"og:image:height\" content=\"1197\" \/>\n\t<meta property=\"og:image:type\" content=\"image\/jpeg\" \/>\n<meta name=\"author\" content=\"Contenidos El Regional\" \/>\n<meta name=\"twitter:card\" content=\"summary_large_image\" \/>\n<meta name=\"twitter:creator\" content=\"@elregionalvm1\" \/>\n<meta name=\"twitter:site\" content=\"@elregionalvm1\" \/>\n<meta name=\"twitter:label1\" content=\"Escrito por\" \/>\n\t<meta name=\"twitter:data1\" content=\"Contenidos El Regional\" \/>\n\t<meta name=\"twitter:label2\" content=\"Tiempo de lectura\" \/>\n\t<meta name=\"twitter:data2\" content=\"2 minutos\" \/>\n<script type=\"application\/ld+json\" class=\"yoast-schema-graph\">{\"@context\":\"https:\/\/schema.org\",\"@graph\":[{\"@type\":\"Article\",\"@id\":\"http:\/\/elregionalvm.com.ar\/noticias-villa-maria\/un-joven-detenido-con-picadura-de-marihuana-y-el-destacamento-movil-ya-esta-en-bo-la-calera\/#article\",\"isPartOf\":{\"@id\":\"http:\/\/elregionalvm.com.ar\/noticias-villa-maria\/un-joven-detenido-con-picadura-de-marihuana-y-el-destacamento-movil-ya-esta-en-bo-la-calera\/\"},\"author\":{\"name\":\"Contenidos El Regional\",\"@id\":\"http:\/\/elregionalvm.com.ar\/noticias-villa-maria\/#\/schema\/person\/a0fb9c422317faca23d50163151bc354\"},\"headline\":\"Un joven detenido con picadura de marihuana y el Destacamento M\u00f3vil ya est\u00e1 en B\u00ba La Calera\",\"datePublished\":\"2021-08-11T00:32:15+00:00\",\"dateModified\":\"2021-08-11T00:32:17+00:00\",\"mainEntityOfPage\":{\"@id\":\"http:\/\/elregionalvm.com.ar\/noticias-villa-maria\/un-joven-detenido-con-picadura-de-marihuana-y-el-destacamento-movil-ya-esta-en-bo-la-calera\/\"},\"wordCount\":326,\"commentCount\":0,\"image\":{\"@id\":\"http:\/\/elregionalvm.com.ar\/noticias-villa-maria\/un-joven-detenido-con-picadura-de-marihuana-y-el-destacamento-movil-ya-esta-en-bo-la-calera\/#primaryimage\"},\"thumbnailUrl\":\"https:\/\/i0.wp.com\/elregionalvm.com.ar\/noticias-villa-maria\/wp-content\/uploads\/2021\/08\/WhatsApp-Image-2021-08-10-at-13.46.08.jpeg?fit=1600%2C1197&ssl=1\",\"keywords\":[\"Barrio La Calera\",\"Destacamento M\u00f3vil\",\"joven detenido\",\"picadura de marihuana\",\"Policiales\"],\"articleSection\":[\"Policiales\"],\"inLanguage\":\"es\",\"potentialAction\":[{\"@type\":\"CommentAction\",\"name\":\"Comment\",\"target\":[\"http:\/\/elregionalvm.com.ar\/noticias-villa-maria\/un-joven-detenido-con-picadura-de-marihuana-y-el-destacamento-movil-ya-esta-en-bo-la-calera\/#respond\"]}]},{\"@type\":\"WebPage\",\"@id\":\"http:\/\/elregionalvm.com.ar\/noticias-villa-maria\/un-joven-detenido-con-picadura-de-marihuana-y-el-destacamento-movil-ya-esta-en-bo-la-calera\/\",\"url\":\"http:\/\/elregionalvm.com.ar\/noticias-villa-maria\/un-joven-detenido-con-picadura-de-marihuana-y-el-destacamento-movil-ya-esta-en-bo-la-calera\/\",\"name\":\"Un joven detenido con picadura de marihuana y el Destacamento M\u00f3vil ya est\u00e1 en B\u00ba La Calera - El Regional\",\"isPartOf\":{\"@id\":\"http:\/\/elregionalvm.com.ar\/noticias-villa-maria\/#website\"},\"primaryImageOfPage\":{\"@id\":\"http:\/\/elregionalvm.com.ar\/noticias-villa-maria\/un-joven-detenido-con-picadura-de-marihuana-y-el-destacamento-movil-ya-esta-en-bo-la-calera\/#primaryimage\"},\"image\":{\"@id\":\"http:\/\/elregionalvm.com.ar\/noticias-villa-maria\/un-joven-detenido-con-picadura-de-marihuana-y-el-destacamento-movil-ya-esta-en-bo-la-calera\/#primaryimage\"},\"thumbnailUrl\":\"https:\/\/i0.wp.com\/elregionalvm.com.ar\/noticias-villa-maria\/wp-content\/uploads\/2021\/08\/WhatsApp-Image-2021-08-10-at-13.46.08.jpeg?fit=1600%2C1197&ssl=1\",\"datePublished\":\"2021-08-11T00:32:15+00:00\",\"dateModified\":\"2021-08-11T00:32:17+00:00\",\"author\":{\"@id\":\"http:\/\/elregionalvm.com.ar\/noticias-villa-maria\/#\/schema\/person\/a0fb9c422317faca23d50163151bc354\"},\"breadcrumb\":{\"@id\":\"http:\/\/elregionalvm.com.ar\/noticias-villa-maria\/un-joven-detenido-con-picadura-de-marihuana-y-el-destacamento-movil-ya-esta-en-bo-la-calera\/#breadcrumb\"},\"inLanguage\":\"es\",\"potentialAction\":[{\"@type\":\"ReadAction\",\"target\":[\"http:\/\/elregionalvm.com.ar\/noticias-villa-maria\/un-joven-detenido-con-picadura-de-marihuana-y-el-destacamento-movil-ya-esta-en-bo-la-calera\/\"]}]},{\"@type\":\"ImageObject\",\"inLanguage\":\"es\",\"@id\":\"http:\/\/elregionalvm.com.ar\/noticias-villa-maria\/un-joven-detenido-con-picadura-de-marihuana-y-el-destacamento-movil-ya-esta-en-bo-la-calera\/#primaryimage\",\"url\":\"https:\/\/i0.wp.com\/elregionalvm.com.ar\/noticias-villa-maria\/wp-content\/uploads\/2021\/08\/WhatsApp-Image-2021-08-10-at-13.46.08.jpeg?fit=1600%2C1197&ssl=1\",\"contentUrl\":\"https:\/\/i0.wp.com\/elregionalvm.com.ar\/noticias-villa-maria\/wp-content\/uploads\/2021\/08\/WhatsApp-Image-2021-08-10-at-13.46.08.jpeg?fit=1600%2C1197&ssl=1\",\"width\":1600,\"height\":1197},{\"@type\":\"BreadcrumbList\",\"@id\":\"http:\/\/elregionalvm.com.ar\/noticias-villa-maria\/un-joven-detenido-con-picadura-de-marihuana-y-el-destacamento-movil-ya-esta-en-bo-la-calera\/#breadcrumb\",\"itemListElement\":[{\"@type\":\"ListItem\",\"position\":1,\"name\":\"Portada\",\"item\":\"https:\/\/elregionalvm.com.ar\/noticias-villa-maria\/\"},{\"@type\":\"ListItem\",\"position\":2,\"name\":\"Un joven detenido con picadura de marihuana y el Destacamento M\u00f3vil ya est\u00e1 en B\u00ba La Calera\"}]},{\"@type\":\"WebSite\",\"@id\":\"http:\/\/elregionalvm.com.ar\/noticias-villa-maria\/#website\",\"url\":\"http:\/\/elregionalvm.com.ar\/noticias-villa-maria\/\",\"name\":\"El Regional\",\"description\":\"Mucho m\u00e1s que informaci\u00f3n\",\"potentialAction\":[{\"@type\":\"SearchAction\",\"target\":{\"@type\":\"EntryPoint\",\"urlTemplate\":\"http:\/\/elregionalvm.com.ar\/noticias-villa-maria\/?s={search_term_string}\"},\"query-input\":{\"@type\":\"PropertyValueSpecification\",\"valueRequired\":true,\"valueName\":\"search_term_string\"}}],\"inLanguage\":\"es\"},{\"@type\":\"Person\",\"@id\":\"http:\/\/elregionalvm.com.ar\/noticias-villa-maria\/#\/schema\/person\/a0fb9c422317faca23d50163151bc354\",\"name\":\"Contenidos El Regional\",\"image\":{\"@type\":\"ImageObject\",\"inLanguage\":\"es\",\"@id\":\"http:\/\/elregionalvm.com.ar\/noticias-villa-maria\/#\/schema\/person\/image\/\",\"url\":\"https:\/\/secure.gravatar.com\/avatar\/265b27cb2209af7bb3a1318f03305787d7981a5cc6e6cd08fe5a4ecdf99d4b48?s=96&d=mm&r=g\",\"contentUrl\":\"https:\/\/secure.gravatar.com\/avatar\/265b27cb2209af7bb3a1318f03305787d7981a5cc6e6cd08fe5a4ecdf99d4b48?s=96&d=mm&r=g\",\"caption\":\"Contenidos El Regional\"},\"url\":\"https:\/\/elregionalvm.com.ar\/noticias-villa-maria\/author\/contenido\/\"}]}<\/script>\n<!-- \/ Yoast SEO plugin. -->","yoast_head_json":{"title":"Un joven detenido con picadura de marihuana y el Destacamento M\u00f3vil ya est\u00e1 en B\u00ba La Calera - El Regional","robots":{"index":"index","follow":"follow","max-snippet":"max-snippet:-1","max-image-preview":"max-image-preview:large","max-video-preview":"max-video-preview:-1"},"canonical":"http:\/\/elregionalvm.com.ar\/noticias-villa-maria\/un-joven-detenido-con-picadura-de-marihuana-y-el-destacamento-movil-ya-esta-en-bo-la-calera\/","og_locale":"es_ES","og_type":"article","og_title":"Un joven detenido con picadura de marihuana y el Destacamento M\u00f3vil ya est\u00e1 en B\u00ba La Calera - El Regional","og_description":"Este martes por la tarde, personal de la patrulla preventiva, secci\u00f3n motocicletas, procedi\u00f3 al traslado a sede policial de un hombre de 18 a\u00f1os de edad por infracci\u00f3n a la ley nacional de estupefacientes N\u00b0 23.737. Al proceder a su control en momentos en que \u00e9ste circulaba por la v\u00eda p\u00fablica junto a otro sujeto, [&hellip;]","og_url":"http:\/\/elregionalvm.com.ar\/noticias-villa-maria\/un-joven-detenido-con-picadura-de-marihuana-y-el-destacamento-movil-ya-esta-en-bo-la-calera\/","og_site_name":"El Regional","article_publisher":"https:\/\/www.facebook.com\/elregionalvm","article_published_time":"2021-08-11T00:32:15+00:00","article_modified_time":"2021-08-11T00:32:17+00:00","og_image":[{"width":1600,"height":1197,"url":"http:\/\/elregionalvm.com.ar\/noticias-villa-maria\/wp-content\/uploads\/2021\/08\/WhatsApp-Image-2021-08-10-at-13.46.08.jpeg","type":"image\/jpeg"}],"author":"Contenidos El Regional","twitter_card":"summary_large_image","twitter_creator":"@elregionalvm1","twitter_site":"@elregionalvm1","twitter_misc":{"Escrito por":"Contenidos El Regional","Tiempo de lectura":"2 minutos"},"schema":{"@context":"https:\/\/schema.org","@graph":[{"@type":"Article","@id":"http:\/\/elregionalvm.com.ar\/noticias-villa-maria\/un-joven-detenido-con-picadura-de-marihuana-y-el-destacamento-movil-ya-esta-en-bo-la-calera\/#article","isPartOf":{"@id":"http:\/\/elregionalvm.com.ar\/noticias-villa-maria\/un-joven-detenido-con-picadura-de-marihuana-y-el-destacamento-movil-ya-esta-en-bo-la-calera\/"},"author":{"name":"Contenidos El Regional","@id":"http:\/\/elregionalvm.com.ar\/noticias-villa-maria\/#\/schema\/person\/a0fb9c422317faca23d50163151bc354"},"headline":"Un joven detenido con picadura de marihuana y el Destacamento M\u00f3vil ya est\u00e1 en B\u00ba La Calera","datePublished":"2021-08-11T00:32:15+00:00","dateModified":"2021-08-11T00:32:17+00:00","mainEntityOfPage":{"@id":"http:\/\/elregionalvm.com.ar\/noticias-villa-maria\/un-joven-detenido-con-picadura-de-marihuana-y-el-destacamento-movil-ya-esta-en-bo-la-calera\/"},"wordCount":326,"commentCount":0,"image":{"@id":"http:\/\/elregionalvm.com.ar\/noticias-villa-maria\/un-joven-detenido-con-picadura-de-marihuana-y-el-destacamento-movil-ya-esta-en-bo-la-calera\/#primaryimage"},"thumbnailUrl":"https:\/\/i0.wp.com\/elregionalvm.com.ar\/noticias-villa-maria\/wp-content\/uploads\/2021\/08\/WhatsApp-Image-2021-08-10-at-13.46.08.jpeg?fit=1600%2C1197&ssl=1","keywords":["Barrio La Calera","Destacamento M\u00f3vil","joven detenido","picadura de marihuana","Policiales"],"articleSection":["Policiales"],"inLanguage":"es","potentialAction":[{"@type":"CommentAction","name":"Comment","target":["http:\/\/elregionalvm.com.ar\/noticias-villa-maria\/un-joven-detenido-con-picadura-de-marihuana-y-el-destacamento-movil-ya-esta-en-bo-la-calera\/#respond"]}]},{"@type":"WebPage","@id":"http:\/\/elregionalvm.com.ar\/noticias-villa-maria\/un-joven-detenido-con-picadura-de-marihuana-y-el-destacamento-movil-ya-esta-en-bo-la-calera\/","url":"http:\/\/elregionalvm.com.ar\/noticias-villa-maria\/un-joven-detenido-con-picadura-de-marihuana-y-el-destacamento-movil-ya-esta-en-bo-la-calera\/","name":"Un joven detenido con picadura de marihuana y el Destacamento M\u00f3vil ya est\u00e1 en B\u00ba La Calera - El Regional","isPartOf":{"@id":"http:\/\/elregionalvm.com.ar\/noticias-villa-maria\/#website"},"primaryImageOfPage":{"@id":"http:\/\/elregionalvm.com.ar\/noticias-villa-maria\/un-joven-detenido-con-picadura-de-marihuana-y-el-destacamento-movil-ya-esta-en-bo-la-calera\/#primaryimage"},"image":{"@id":"http:\/\/elregionalvm.com.ar\/noticias-villa-maria\/un-joven-detenido-con-picadura-de-marihuana-y-el-destacamento-movil-ya-esta-en-bo-la-calera\/#primaryimage"},"thumbnailUrl":"https:\/\/i0.wp.com\/elregionalvm.com.ar\/noticias-villa-maria\/wp-content\/uploads\/2021\/08\/WhatsApp-Image-2021-08-10-at-13.46.08.jpeg?fit=1600%2C1197&ssl=1","datePublished":"2021-08-11T00:32:15+00:00","dateModified":"2021-08-11T00:32:17+00:00","author":{"@id":"http:\/\/elregionalvm.com.ar\/noticias-villa-maria\/#\/schema\/person\/a0fb9c422317faca23d50163151bc354"},"breadcrumb":{"@id":"http:\/\/elregionalvm.com.ar\/noticias-villa-maria\/un-joven-detenido-con-picadura-de-marihuana-y-el-destacamento-movil-ya-esta-en-bo-la-calera\/#breadcrumb"},"inLanguage":"es","potentialAction":[{"@type":"ReadAction","target":["http:\/\/elregionalvm.com.ar\/noticias-villa-maria\/un-joven-detenido-con-picadura-de-marihuana-y-el-destacamento-movil-ya-esta-en-bo-la-calera\/"]}]},{"@type":"ImageObject","inLanguage":"es","@id":"http:\/\/elregionalvm.com.ar\/noticias-villa-maria\/un-joven-detenido-con-picadura-de-marihuana-y-el-destacamento-movil-ya-esta-en-bo-la-calera\/#primaryimage","url":"https:\/\/i0.wp.com\/elregionalvm.com.ar\/noticias-villa-maria\/wp-content\/uploads\/2021\/08\/WhatsApp-Image-2021-08-10-at-13.46.08.jpeg?fit=1600%2C1197&ssl=1","contentUrl":"https:\/\/i0.wp.com\/elregionalvm.com.ar\/noticias-villa-maria\/wp-content\/uploads\/2021\/08\/WhatsApp-Image-2021-08-10-at-13.46.08.jpeg?fit=1600%2C1197&ssl=1","width":1600,"height":1197},{"@type":"BreadcrumbList","@id":"http:\/\/elregionalvm.com.ar\/noticias-villa-maria\/un-joven-detenido-con-picadura-de-marihuana-y-el-destacamento-movil-ya-esta-en-bo-la-calera\/#breadcrumb","itemListElement":[{"@type":"ListItem","position":1,"name":"Portada","item":"https:\/\/elregionalvm.com.ar\/noticias-villa-maria\/"},{"@type":"ListItem","position":2,"name":"Un joven detenido con picadura de marihuana y el Destacamento M\u00f3vil ya est\u00e1 en B\u00ba La Calera"}]},{"@type":"WebSite","@id":"http:\/\/elregionalvm.com.ar\/noticias-villa-maria\/#website","url":"http:\/\/elregionalvm.com.ar\/noticias-villa-maria\/","name":"El Regional","description":"Mucho m\u00e1s que informaci\u00f3n","potentialAction":[{"@type":"SearchAction","target":{"@type":"EntryPoint","urlTemplate":"http:\/\/elregionalvm.com.ar\/noticias-villa-maria\/?s={search_term_string}"},"query-input":{"@type":"PropertyValueSpecification","valueRequired":true,"valueName":"search_term_string"}}],"inLanguage":"es"},{"@type":"Person","@id":"http:\/\/elregionalvm.com.ar\/noticias-villa-maria\/#\/schema\/person\/a0fb9c422317faca23d50163151bc354","name":"Contenidos El Regional","image":{"@type":"ImageObject","inLanguage":"es","@id":"http:\/\/elregionalvm.com.ar\/noticias-villa-maria\/#\/schema\/person\/image\/","url":"https:\/\/secure.gravatar.com\/avatar\/265b27cb2209af7bb3a1318f03305787d7981a5cc6e6cd08fe5a4ecdf99d4b48?s=96&d=mm&r=g","contentUrl":"https:\/\/secure.gravatar.com\/avatar\/265b27cb2209af7bb3a1318f03305787d7981a5cc6e6cd08fe5a4ecdf99d4b48?s=96&d=mm&r=g","caption":"Contenidos El Regional"},"url":"https:\/\/elregionalvm.com.ar\/noticias-villa-maria\/author\/contenido\/"}]}},"jetpack_featured_media_url":"https:\/\/i0.wp.com\/elregionalvm.com.ar\/noticias-villa-maria\/wp-content\/uploads\/2021\/08\/WhatsApp-Image-2021-08-10-at-13.46.08.jpeg?fit=1600%2C1197&ssl=1","jetpack_sharing_enabled":true,"_links":{"self":[{"href":"https:\/\/elregionalvm.com.ar\/noticias-villa-maria\/wp-json\/wp\/v2\/posts\/42493","targetHints":{"allow":["GET"]}}],"collection":[{"href":"https:\/\/elregionalvm.com.ar\/noticias-villa-maria\/wp-json\/wp\/v2\/posts"}],"about":[{"href":"https:\/\/elregionalvm.com.ar\/noticias-villa-maria\/wp-json\/wp\/v2\/types\/post"}],"author":[{"embeddable":true,"href":"https:\/\/elregionalvm.com.ar\/noticias-villa-maria\/wp-json\/wp\/v2\/users\/4"}],"replies":[{"embeddable":true,"href":"https:\/\/elregionalvm.com.ar\/noticias-villa-maria\/wp-json\/wp\/v2\/comments?post=42493"}],"version-history":[{"count":1,"href":"https:\/\/elregionalvm.com.ar\/noticias-villa-maria\/wp-json\/wp\/v2\/posts\/42493\/revisions"}],"predecessor-version":[{"id":42497,"href":"https:\/\/elregionalvm.com.ar\/noticias-villa-maria\/wp-json\/wp\/v2\/posts\/42493\/revisions\/42497"}],"wp:featuredmedia":[{"embeddable":true,"href":"https:\/\/elregionalvm.com.ar\/noticias-villa-maria\/wp-json\/wp\/v2\/media\/42495"}],"wp:attachment":[{"href":"https:\/\/elregionalvm.com.ar\/noticias-villa-maria\/wp-json\/wp\/v2\/media?parent=42493"}],"wp:term":[{"taxonomy":"category","embeddable":true,"href":"https:\/\/elregionalvm.com.ar\/noticias-villa-maria\/wp-json\/wp\/v2\/categories?post=42493"},{"taxonomy":"post_tag","embeddable":true,"href":"https:\/\/elregionalvm.com.ar\/noticias-villa-maria\/wp-json\/wp\/v2\/tags?post=42493"}],"curies":[{"name":"wp","href":"https:\/\/api.w.org\/{rel}","templated":true}]}}