{"id":42501,"date":"2021-08-11T04:22:01","date_gmt":"2021-08-11T04:22:01","guid":{"rendered":"https:\/\/elregionalvm.com.ar\/noticias-villa-maria\/?p=42501"},"modified":"2021-08-13T01:53:32","modified_gmt":"2021-08-13T01:53:32","slug":"un-poco-de-amor-frances-plegaria-para-messie-messi","status":"publish","type":"post","link":"https:\/\/elregionalvm.com.ar\/noticias-villa-maria\/un-poco-de-amor-frances-plegaria-para-messie-messi\/","title":{"rendered":"Un poco de amor franc\u00e9s: Plegaria para \u201cMessie\u201d Messi"},"content":{"rendered":"\n<p><\/p>\n\n\n\n<p><strong>Escribe: Germ\u00e1n Giacchero<\/strong><\/p>\n\n\n\n<p><\/p>\n\n\n\n<p>Messi con tonada afrancesada se dice \u201cMessie\u201d.<\/p>\n\n\n\n<p>Que en el lenguaje de esa naci\u00f3n ancestral significa Mes\u00edas, un apodo m\u00edstico con el que ya se hab\u00eda bautizado al mejor jugador del mundo.<\/p>\n\n\n\n<p>Un podio que comparte sin dudas con Diego Armando Maradona, D10S a secas, y al cual se suma una extensa legi\u00f3n de cortesanos y plebeyos del balompi\u00e9, algunos de los cuales son adorados como dioses, tambi\u00e9n paganos pero dom\u00e9sticos, en otros rincones del globo terr\u00e1queo.<\/p>\n\n\n\n<p>S\u00ed, como ese que te hac\u00edan girar en la primaria para ubicar parajes rec\u00f3nditos y continentes desconocidos luego de apoyar el dedito delator de nuestra insuficiencia cardio-geogr\u00e1fica.<\/p>\n\n\n\n<p>Los mismos paisajes ex\u00f3ticos donde Messi hoy, como Maradona ayer, no son vocablos extra\u00f1os para esos dialectos imposibles, porque esos apellidos ya son patrimonio de un idioma universal que trasciende todas las lenguas vivas y muertas.<\/p>\n\n\n\n<p>Ni la voracidad de las junglas asi\u00e1ticas, ni la eternidad de las nieves del Norte y del Sur, ni el reloj de arena que envuelve el tiempo en las aldeas perdidas de \u00c1frica, ni el cosmopolita sue\u00f1o neoyorquino, ni todas las riquezas que ba\u00f1an en oro a unos pocos, ni todas las carencias que desnudan la miseria de m\u00e1s de media humanidad.<\/p>\n\n\n\n<p>Nada es inmune, indiferente o pasivo ante este tremendo fen\u00f3meno de masas -digno de estudios de las universidades m\u00e1s c\u00e9lebres y prestigiosas- llamado Messi. Perd\u00f3n, Messie Messi.<\/p>\n\n\n\n<p><\/p>\n\n\n\n<figure class=\"wp-block-image size-large\"><img data-recalc-dims=\"1\" fetchpriority=\"high\" decoding=\"async\" width=\"1024\" height=\"576\" src=\"https:\/\/i0.wp.com\/elregionalvm.com.ar\/noticias-villa-maria\/wp-content\/uploads\/2021\/08\/Messi-Paris-camiseta.jpg?resize=1024%2C576&#038;ssl=1\" alt=\"\" class=\"wp-image-42503\" srcset=\"https:\/\/i0.wp.com\/elregionalvm.com.ar\/noticias-villa-maria\/wp-content\/uploads\/2021\/08\/Messi-Paris-camiseta.jpg?resize=1024%2C576&amp;ssl=1 1024w, https:\/\/i0.wp.com\/elregionalvm.com.ar\/noticias-villa-maria\/wp-content\/uploads\/2021\/08\/Messi-Paris-camiseta.jpg?resize=300%2C169&amp;ssl=1 300w, https:\/\/i0.wp.com\/elregionalvm.com.ar\/noticias-villa-maria\/wp-content\/uploads\/2021\/08\/Messi-Paris-camiseta.jpg?resize=768%2C432&amp;ssl=1 768w, https:\/\/i0.wp.com\/elregionalvm.com.ar\/noticias-villa-maria\/wp-content\/uploads\/2021\/08\/Messi-Paris-camiseta.jpg?w=1320&amp;ssl=1 1320w\" sizes=\"(max-width: 1000px) 100vw, 1000px\" \/><\/figure>\n\n\n\n<p><\/p>\n\n\n\n<p>Nadie escapa a este cataclismo mundial desatado por un mortal con una zurda divina, que pas\u00f3 casi toda su existencia encadenado por placer a una pelota, m\u00e1s de media vida con los botines soldados a sus pies y el sudor tatuado en la piel desde que destilaba magia en los potreros de su rosarina infancia. Puro cotill\u00f3n son la alta costura de los trajes de Armani y los perfumes con el sello de la patria de Chanel.<\/p>\n\n\n\n<p>Solo Messi fue capaz de eclipsar, aunque sea por unos d\u00edas, a esta pandemia maldita que sacude espanto, dolor y muerte. Un tridente temible combatido a fuerza de hechicer\u00eda futbolera, que ninguna de todas las ciencias habidas y por haber se animar\u00eda a rechazar.<\/p>\n\n\n\n<p>Barcelona llora a su \u00eddolo, que ni despedida a la altura siquiera tuvo. Par\u00eds suma otro s\u00edmbolo a la humanidad y una nueva excusa para quererla a\u00fan m\u00e1s.<\/p>\n\n\n\n<p>Medio planeta se conmovi\u00f3, la otra mitad tambi\u00e9n. La bipolaridad global est\u00e1 al palo, llanto y sonrisas, tristeza sin fin y alegr\u00eda suprema, dolor y resurrecci\u00f3n.<\/p>\n\n\n\n<p>Un poco de amor franc\u00e9s sacude el escenario internacional. Par\u00eds esta vez llam\u00f3 a la cig\u00fce\u00f1a para que trajera al heredero desde los esquivos dominios catalanes. Pero el hijo pr\u00f3digo fue parido en otras tierras, m\u00e1s lejanas, no siempre tan agradecidas.<\/p>\n\n\n\n<p>Porque seguro lo puteaste algunas veces de pies a cabeza, le criticaste que con la selecci\u00f3n nunca ganaba nada, lo tildaste de pecho fr\u00edo o cag\u00f3n, lo ninguneaste y te atreviste a compararlo con quien no lo merec\u00eda.<\/p>\n\n\n\n<p>Pero, eso ya no importa. Como tampoco importa el color de la camiseta que qued\u00f3 atr\u00e1s. Si descubriste que solo te gustaban sus colores porque estaba Messi, no cometiste acto de traici\u00f3n alguno. Si la pasi\u00f3n por el Barca se esfum\u00f3 de manera directamente proporcional a tu fanatismo imprevisto por el Paris Saint Germain, tampoco.<\/p>\n\n\n\n<p>Nada de eso importa. Porque Messi ya es patrimonio universal. Y en el final de los tiempos, su apellido no ser\u00e1 una palabra dif\u00edcil de recordar.<\/p>\n\n\n\n<p>El tiempo dir\u00e1 si vino a bailar su \u00faltimo tango en Par\u00eds. Pero, de lo que no cabe dudas a esta altura, es de su nuevo paso hacia la eternidad.<\/p>\n\n\n\n<p>Am\u00e9n (con perd\u00f3n de los devotos de otros dioses y profetas). \u00a0<\/p>\n\n\n\n<p><\/p>\n\n\n\n<p><\/p>\n\n\n\n<p><\/p>\n\n\n\n<ul class=\"wp-block-list\"><li><strong>Mir\u00e1 el video de la tremenda presentaci\u00f3n que hizo el Paris Saint Germain: <\/strong><\/li><\/ul>\n\n\n\n<figure class=\"wp-block-embed is-type-video is-provider-youtube wp-block-embed-youtube wp-embed-aspect-16-9 wp-has-aspect-ratio\"><div class=\"wp-block-embed__wrapper\">\n<iframe title=\"\u00a1As\u00ed anunci\u00f3 el PSG la llegada de Messi! \ud83d\udea8\" width=\"500\" height=\"281\" src=\"https:\/\/www.youtube.com\/embed\/OoDI_z6BCIk?feature=oembed\" frameborder=\"0\" allow=\"accelerometer; autoplay; clipboard-write; encrypted-media; gyroscope; picture-in-picture; web-share\" referrerpolicy=\"strict-origin-when-cross-origin\" allowfullscreen><\/iframe>\n<\/div><\/figure>\n","protected":false},"excerpt":{"rendered":"<p>Escribe: Germ\u00e1n Giacchero Messi con tonada afrancesada se dice \u201cMessie\u201d. Que en el lenguaje de esa naci\u00f3n ancestral significa Mes\u00edas, un apodo m\u00edstico con el que ya se hab\u00eda bautizado al mejor jugador del mundo. Un podio que comparte sin dudas con Diego Armando Maradona, D10S a secas, y al cual se suma una extensa [&hellip;]<\/p>\n","protected":false},"author":6,"featured_media":42505,"comment_status":"open","ping_status":"open","sticky":false,"template":"","format":"standard","meta":{"site-sidebar-layout":"default","site-content-layout":"default","ast-site-content-layout":"default","site-content-style":"default","site-sidebar-style":"default","ast-global-header-display":"","ast-banner-title-visibility":"","ast-main-header-display":"","ast-hfb-above-header-display":"","ast-hfb-below-header-display":"","ast-hfb-mobile-header-display":"","site-post-title":"","ast-breadcrumbs-content":"","ast-featured-img":"","footer-sml-layout":"","ast-disable-related-posts":"","theme-transparent-header-meta":"default","adv-header-id-meta":"","stick-header-meta":"","header-above-stick-meta":"","header-main-stick-meta":"","header-below-stick-meta":"","astra-migrate-meta-layouts":"default","ast-page-background-enabled":"default","ast-page-background-meta":{"desktop":{"background-color":"","background-image":"","background-repeat":"repeat","background-position":"center center","background-size":"auto","background-attachment":"scroll","background-type":"","background-media":"","overlay-type":"","overlay-color":"","overlay-opacity":"","overlay-gradient":""},"tablet":{"background-color":"","background-image":"","background-repeat":"repeat","background-position":"center center","background-size":"auto","background-attachment":"scroll","background-type":"","background-media":"","overlay-type":"","overlay-color":"","overlay-opacity":"","overlay-gradient":""},"mobile":{"background-color":"","background-image":"","background-repeat":"repeat","background-position":"center center","background-size":"auto","background-attachment":"scroll","background-type":"","background-media":"","overlay-type":"","overlay-color":"","overlay-opacity":"","overlay-gradient":""}},"ast-content-background-meta":{"desktop":{"background-color":"var(--ast-global-color-5)","background-image":"","background-repeat":"repeat","background-position":"center center","background-size":"auto","background-attachment":"scroll","background-type":"","background-media":"","overlay-type":"","overlay-color":"","overlay-opacity":"","overlay-gradient":""},"tablet":{"background-color":"var(--ast-global-color-5)","background-image":"","background-repeat":"repeat","background-position":"center center","background-size":"auto","background-attachment":"scroll","background-type":"","background-media":"","overlay-type":"","overlay-color":"","overlay-opacity":"","overlay-gradient":""},"mobile":{"background-color":"var(--ast-global-color-5)","background-image":"","background-repeat":"repeat","background-position":"center center","background-size":"auto","background-attachment":"scroll","background-type":"","background-media":"","overlay-type":"","overlay-color":"","overlay-opacity":"","overlay-gradient":""}},"_jetpack_memberships_contains_paid_content":false,"_joinchat":[],"footnotes":""},"categories":[365,3557,2074],"tags":[3547,340,10504,641,10501,10502,10505,10506,10507],"class_list":["post-42501","post","type-post","status-publish","format-standard","has-post-thumbnail","hentry","category-opinion","category-tercera","category-videos","tag-barcelona","tag-futbol","tag-inmortalidad","tag-messi","tag-paris","tag-paris-saint-germain","tag-plegaria","tag-ultimo-tanto-en-paris","tag-un-poco-de-amor-frances"],"yoast_head":"<!-- This site is optimized with the Yoast SEO plugin v26.8 - https:\/\/yoast.com\/product\/yoast-seo-wordpress\/ -->\n<title>Un poco de amor franc\u00e9s: Plegaria para \u201cMessie\u201d Messi - El Regional<\/title>\n<meta name=\"description\" content=\"Nada es inmune, indiferente o pasivo ante este tremendo fen\u00f3meno de masas digno de estudios de las universidades m\u00e1s c\u00e9lebres y prestigiosas.\" \/>\n<meta name=\"robots\" content=\"index, follow, max-snippet:-1, max-image-preview:large, max-video-preview:-1\" \/>\n<link rel=\"canonical\" href=\"http:\/\/elregionalvm.com.ar\/noticias-villa-maria\/un-poco-de-amor-frances-plegaria-para-messie-messi\/\" \/>\n<meta property=\"og:locale\" content=\"es_ES\" \/>\n<meta property=\"og:type\" content=\"article\" \/>\n<meta property=\"og:title\" content=\"Un poco de amor franc\u00e9s: Plegaria para \u201cMessie\u201d Messi - El Regional\" \/>\n<meta property=\"og:description\" content=\"Nada es inmune, indiferente o pasivo ante este tremendo fen\u00f3meno de masas digno de estudios de las universidades m\u00e1s c\u00e9lebres y prestigiosas.\" \/>\n<meta property=\"og:url\" content=\"http:\/\/elregionalvm.com.ar\/noticias-villa-maria\/un-poco-de-amor-frances-plegaria-para-messie-messi\/\" \/>\n<meta property=\"og:site_name\" content=\"El Regional\" \/>\n<meta property=\"article:publisher\" content=\"https:\/\/www.facebook.com\/elregionalvm\" \/>\n<meta property=\"article:published_time\" content=\"2021-08-11T04:22:01+00:00\" \/>\n<meta property=\"article:modified_time\" content=\"2021-08-13T01:53:32+00:00\" \/>\n<meta property=\"og:image\" content=\"http:\/\/elregionalvm.com.ar\/noticias-villa-maria\/wp-content\/uploads\/2021\/08\/Messi-posando-Paris-vertical-1.jpg\" \/>\n\t<meta property=\"og:image:width\" content=\"402\" \/>\n\t<meta property=\"og:image:height\" content=\"620\" \/>\n\t<meta property=\"og:image:type\" content=\"image\/jpeg\" \/>\n<meta name=\"author\" content=\"Germ\u00e1n Giacchero\" \/>\n<meta name=\"twitter:card\" content=\"summary_large_image\" \/>\n<meta name=\"twitter:creator\" content=\"@elregionalvm1\" \/>\n<meta name=\"twitter:site\" content=\"@elregionalvm1\" \/>\n<meta name=\"twitter:label1\" content=\"Escrito por\" \/>\n\t<meta name=\"twitter:data1\" content=\"Germ\u00e1n Giacchero\" \/>\n\t<meta name=\"twitter:label2\" content=\"Tiempo de lectura\" \/>\n\t<meta name=\"twitter:data2\" content=\"3 minutos\" \/>\n<script type=\"application\/ld+json\" class=\"yoast-schema-graph\">{\"@context\":\"https:\/\/schema.org\",\"@graph\":[{\"@type\":\"Article\",\"@id\":\"http:\/\/elregionalvm.com.ar\/noticias-villa-maria\/un-poco-de-amor-frances-plegaria-para-messie-messi\/#article\",\"isPartOf\":{\"@id\":\"http:\/\/elregionalvm.com.ar\/noticias-villa-maria\/un-poco-de-amor-frances-plegaria-para-messie-messi\/\"},\"author\":{\"name\":\"Germ\u00e1n Giacchero\",\"@id\":\"http:\/\/elregionalvm.com.ar\/noticias-villa-maria\/#\/schema\/person\/d5e4b04966154131701e52c45d3efec9\"},\"headline\":\"Un poco de amor franc\u00e9s: Plegaria para \u201cMessie\u201d Messi\",\"datePublished\":\"2021-08-11T04:22:01+00:00\",\"dateModified\":\"2021-08-13T01:53:32+00:00\",\"mainEntityOfPage\":{\"@id\":\"http:\/\/elregionalvm.com.ar\/noticias-villa-maria\/un-poco-de-amor-frances-plegaria-para-messie-messi\/\"},\"wordCount\":690,\"commentCount\":1,\"image\":{\"@id\":\"http:\/\/elregionalvm.com.ar\/noticias-villa-maria\/un-poco-de-amor-frances-plegaria-para-messie-messi\/#primaryimage\"},\"thumbnailUrl\":\"https:\/\/i0.wp.com\/elregionalvm.com.ar\/noticias-villa-maria\/wp-content\/uploads\/2021\/08\/Messi-posando-Paris-vertical-1.jpg?fit=402%2C620&ssl=1\",\"keywords\":[\"Barcelona\",\"f\u00fatbol\",\"Inmortalidad\",\"Messi\",\"Par\u00eds\",\"Paris Saint Germain\",\"Plegaria\",\"\u00daltimo tanto en Par\u00eds\",\"Un poco de amor franc\u00e9s\"],\"articleSection\":[\"Opini\u00f3n\",\"tercera\",\"Videos\"],\"inLanguage\":\"es\",\"potentialAction\":[{\"@type\":\"CommentAction\",\"name\":\"Comment\",\"target\":[\"http:\/\/elregionalvm.com.ar\/noticias-villa-maria\/un-poco-de-amor-frances-plegaria-para-messie-messi\/#respond\"]}]},{\"@type\":\"WebPage\",\"@id\":\"http:\/\/elregionalvm.com.ar\/noticias-villa-maria\/un-poco-de-amor-frances-plegaria-para-messie-messi\/\",\"url\":\"http:\/\/elregionalvm.com.ar\/noticias-villa-maria\/un-poco-de-amor-frances-plegaria-para-messie-messi\/\",\"name\":\"Un poco de amor franc\u00e9s: Plegaria para \u201cMessie\u201d Messi - El Regional\",\"isPartOf\":{\"@id\":\"http:\/\/elregionalvm.com.ar\/noticias-villa-maria\/#website\"},\"primaryImageOfPage\":{\"@id\":\"http:\/\/elregionalvm.com.ar\/noticias-villa-maria\/un-poco-de-amor-frances-plegaria-para-messie-messi\/#primaryimage\"},\"image\":{\"@id\":\"http:\/\/elregionalvm.com.ar\/noticias-villa-maria\/un-poco-de-amor-frances-plegaria-para-messie-messi\/#primaryimage\"},\"thumbnailUrl\":\"https:\/\/i0.wp.com\/elregionalvm.com.ar\/noticias-villa-maria\/wp-content\/uploads\/2021\/08\/Messi-posando-Paris-vertical-1.jpg?fit=402%2C620&ssl=1\",\"datePublished\":\"2021-08-11T04:22:01+00:00\",\"dateModified\":\"2021-08-13T01:53:32+00:00\",\"author\":{\"@id\":\"http:\/\/elregionalvm.com.ar\/noticias-villa-maria\/#\/schema\/person\/d5e4b04966154131701e52c45d3efec9\"},\"description\":\"Nada es inmune, indiferente o pasivo ante este tremendo fen\u00f3meno de masas digno de estudios de las universidades m\u00e1s c\u00e9lebres y prestigiosas.\",\"breadcrumb\":{\"@id\":\"http:\/\/elregionalvm.com.ar\/noticias-villa-maria\/un-poco-de-amor-frances-plegaria-para-messie-messi\/#breadcrumb\"},\"inLanguage\":\"es\",\"potentialAction\":[{\"@type\":\"ReadAction\",\"target\":[\"http:\/\/elregionalvm.com.ar\/noticias-villa-maria\/un-poco-de-amor-frances-plegaria-para-messie-messi\/\"]}]},{\"@type\":\"ImageObject\",\"inLanguage\":\"es\",\"@id\":\"http:\/\/elregionalvm.com.ar\/noticias-villa-maria\/un-poco-de-amor-frances-plegaria-para-messie-messi\/#primaryimage\",\"url\":\"https:\/\/i0.wp.com\/elregionalvm.com.ar\/noticias-villa-maria\/wp-content\/uploads\/2021\/08\/Messi-posando-Paris-vertical-1.jpg?fit=402%2C620&ssl=1\",\"contentUrl\":\"https:\/\/i0.wp.com\/elregionalvm.com.ar\/noticias-villa-maria\/wp-content\/uploads\/2021\/08\/Messi-posando-Paris-vertical-1.jpg?fit=402%2C620&ssl=1\",\"width\":402,\"height\":620},{\"@type\":\"BreadcrumbList\",\"@id\":\"http:\/\/elregionalvm.com.ar\/noticias-villa-maria\/un-poco-de-amor-frances-plegaria-para-messie-messi\/#breadcrumb\",\"itemListElement\":[{\"@type\":\"ListItem\",\"position\":1,\"name\":\"Portada\",\"item\":\"https:\/\/elregionalvm.com.ar\/noticias-villa-maria\/\"},{\"@type\":\"ListItem\",\"position\":2,\"name\":\"Un poco de amor franc\u00e9s: Plegaria para \u201cMessie\u201d Messi\"}]},{\"@type\":\"WebSite\",\"@id\":\"http:\/\/elregionalvm.com.ar\/noticias-villa-maria\/#website\",\"url\":\"http:\/\/elregionalvm.com.ar\/noticias-villa-maria\/\",\"name\":\"El Regional\",\"description\":\"Mucho m\u00e1s que informaci\u00f3n\",\"potentialAction\":[{\"@type\":\"SearchAction\",\"target\":{\"@type\":\"EntryPoint\",\"urlTemplate\":\"http:\/\/elregionalvm.com.ar\/noticias-villa-maria\/?s={search_term_string}\"},\"query-input\":{\"@type\":\"PropertyValueSpecification\",\"valueRequired\":true,\"valueName\":\"search_term_string\"}}],\"inLanguage\":\"es\"},{\"@type\":\"Person\",\"@id\":\"http:\/\/elregionalvm.com.ar\/noticias-villa-maria\/#\/schema\/person\/d5e4b04966154131701e52c45d3efec9\",\"name\":\"Germ\u00e1n Giacchero\",\"image\":{\"@type\":\"ImageObject\",\"inLanguage\":\"es\",\"@id\":\"http:\/\/elregionalvm.com.ar\/noticias-villa-maria\/#\/schema\/person\/image\/\",\"url\":\"https:\/\/secure.gravatar.com\/avatar\/fda163ba5ef0307ee5be9846e10f83b6e83d0cfb260d3b2464830318894c6b04?s=96&d=mm&r=g\",\"contentUrl\":\"https:\/\/secure.gravatar.com\/avatar\/fda163ba5ef0307ee5be9846e10f83b6e83d0cfb260d3b2464830318894c6b04?s=96&d=mm&r=g\",\"caption\":\"Germ\u00e1n Giacchero\"},\"url\":\"https:\/\/elregionalvm.com.ar\/noticias-villa-maria\/author\/germangiacchero\/\"}]}<\/script>\n<!-- \/ Yoast SEO plugin. -->","yoast_head_json":{"title":"Un poco de amor franc\u00e9s: Plegaria para \u201cMessie\u201d Messi - El Regional","description":"Nada es inmune, indiferente o pasivo ante este tremendo fen\u00f3meno de masas digno de estudios de las universidades m\u00e1s c\u00e9lebres y prestigiosas.","robots":{"index":"index","follow":"follow","max-snippet":"max-snippet:-1","max-image-preview":"max-image-preview:large","max-video-preview":"max-video-preview:-1"},"canonical":"http:\/\/elregionalvm.com.ar\/noticias-villa-maria\/un-poco-de-amor-frances-plegaria-para-messie-messi\/","og_locale":"es_ES","og_type":"article","og_title":"Un poco de amor franc\u00e9s: Plegaria para \u201cMessie\u201d Messi - El Regional","og_description":"Nada es inmune, indiferente o pasivo ante este tremendo fen\u00f3meno de masas digno de estudios de las universidades m\u00e1s c\u00e9lebres y prestigiosas.","og_url":"http:\/\/elregionalvm.com.ar\/noticias-villa-maria\/un-poco-de-amor-frances-plegaria-para-messie-messi\/","og_site_name":"El Regional","article_publisher":"https:\/\/www.facebook.com\/elregionalvm","article_published_time":"2021-08-11T04:22:01+00:00","article_modified_time":"2021-08-13T01:53:32+00:00","og_image":[{"width":402,"height":620,"url":"http:\/\/elregionalvm.com.ar\/noticias-villa-maria\/wp-content\/uploads\/2021\/08\/Messi-posando-Paris-vertical-1.jpg","type":"image\/jpeg"}],"author":"Germ\u00e1n Giacchero","twitter_card":"summary_large_image","twitter_creator":"@elregionalvm1","twitter_site":"@elregionalvm1","twitter_misc":{"Escrito por":"Germ\u00e1n Giacchero","Tiempo de lectura":"3 minutos"},"schema":{"@context":"https:\/\/schema.org","@graph":[{"@type":"Article","@id":"http:\/\/elregionalvm.com.ar\/noticias-villa-maria\/un-poco-de-amor-frances-plegaria-para-messie-messi\/#article","isPartOf":{"@id":"http:\/\/elregionalvm.com.ar\/noticias-villa-maria\/un-poco-de-amor-frances-plegaria-para-messie-messi\/"},"author":{"name":"Germ\u00e1n Giacchero","@id":"http:\/\/elregionalvm.com.ar\/noticias-villa-maria\/#\/schema\/person\/d5e4b04966154131701e52c45d3efec9"},"headline":"Un poco de amor franc\u00e9s: Plegaria para \u201cMessie\u201d Messi","datePublished":"2021-08-11T04:22:01+00:00","dateModified":"2021-08-13T01:53:32+00:00","mainEntityOfPage":{"@id":"http:\/\/elregionalvm.com.ar\/noticias-villa-maria\/un-poco-de-amor-frances-plegaria-para-messie-messi\/"},"wordCount":690,"commentCount":1,"image":{"@id":"http:\/\/elregionalvm.com.ar\/noticias-villa-maria\/un-poco-de-amor-frances-plegaria-para-messie-messi\/#primaryimage"},"thumbnailUrl":"https:\/\/i0.wp.com\/elregionalvm.com.ar\/noticias-villa-maria\/wp-content\/uploads\/2021\/08\/Messi-posando-Paris-vertical-1.jpg?fit=402%2C620&ssl=1","keywords":["Barcelona","f\u00fatbol","Inmortalidad","Messi","Par\u00eds","Paris Saint Germain","Plegaria","\u00daltimo tanto en Par\u00eds","Un poco de amor franc\u00e9s"],"articleSection":["Opini\u00f3n","tercera","Videos"],"inLanguage":"es","potentialAction":[{"@type":"CommentAction","name":"Comment","target":["http:\/\/elregionalvm.com.ar\/noticias-villa-maria\/un-poco-de-amor-frances-plegaria-para-messie-messi\/#respond"]}]},{"@type":"WebPage","@id":"http:\/\/elregionalvm.com.ar\/noticias-villa-maria\/un-poco-de-amor-frances-plegaria-para-messie-messi\/","url":"http:\/\/elregionalvm.com.ar\/noticias-villa-maria\/un-poco-de-amor-frances-plegaria-para-messie-messi\/","name":"Un poco de amor franc\u00e9s: Plegaria para \u201cMessie\u201d Messi - El Regional","isPartOf":{"@id":"http:\/\/elregionalvm.com.ar\/noticias-villa-maria\/#website"},"primaryImageOfPage":{"@id":"http:\/\/elregionalvm.com.ar\/noticias-villa-maria\/un-poco-de-amor-frances-plegaria-para-messie-messi\/#primaryimage"},"image":{"@id":"http:\/\/elregionalvm.com.ar\/noticias-villa-maria\/un-poco-de-amor-frances-plegaria-para-messie-messi\/#primaryimage"},"thumbnailUrl":"https:\/\/i0.wp.com\/elregionalvm.com.ar\/noticias-villa-maria\/wp-content\/uploads\/2021\/08\/Messi-posando-Paris-vertical-1.jpg?fit=402%2C620&ssl=1","datePublished":"2021-08-11T04:22:01+00:00","dateModified":"2021-08-13T01:53:32+00:00","author":{"@id":"http:\/\/elregionalvm.com.ar\/noticias-villa-maria\/#\/schema\/person\/d5e4b04966154131701e52c45d3efec9"},"description":"Nada es inmune, indiferente o pasivo ante este tremendo fen\u00f3meno de masas digno de estudios de las universidades m\u00e1s c\u00e9lebres y prestigiosas.","breadcrumb":{"@id":"http:\/\/elregionalvm.com.ar\/noticias-villa-maria\/un-poco-de-amor-frances-plegaria-para-messie-messi\/#breadcrumb"},"inLanguage":"es","potentialAction":[{"@type":"ReadAction","target":["http:\/\/elregionalvm.com.ar\/noticias-villa-maria\/un-poco-de-amor-frances-plegaria-para-messie-messi\/"]}]},{"@type":"ImageObject","inLanguage":"es","@id":"http:\/\/elregionalvm.com.ar\/noticias-villa-maria\/un-poco-de-amor-frances-plegaria-para-messie-messi\/#primaryimage","url":"https:\/\/i0.wp.com\/elregionalvm.com.ar\/noticias-villa-maria\/wp-content\/uploads\/2021\/08\/Messi-posando-Paris-vertical-1.jpg?fit=402%2C620&ssl=1","contentUrl":"https:\/\/i0.wp.com\/elregionalvm.com.ar\/noticias-villa-maria\/wp-content\/uploads\/2021\/08\/Messi-posando-Paris-vertical-1.jpg?fit=402%2C620&ssl=1","width":402,"height":620},{"@type":"BreadcrumbList","@id":"http:\/\/elregionalvm.com.ar\/noticias-villa-maria\/un-poco-de-amor-frances-plegaria-para-messie-messi\/#breadcrumb","itemListElement":[{"@type":"ListItem","position":1,"name":"Portada","item":"https:\/\/elregionalvm.com.ar\/noticias-villa-maria\/"},{"@type":"ListItem","position":2,"name":"Un poco de amor franc\u00e9s: Plegaria para \u201cMessie\u201d Messi"}]},{"@type":"WebSite","@id":"http:\/\/elregionalvm.com.ar\/noticias-villa-maria\/#website","url":"http:\/\/elregionalvm.com.ar\/noticias-villa-maria\/","name":"El Regional","description":"Mucho m\u00e1s que informaci\u00f3n","potentialAction":[{"@type":"SearchAction","target":{"@type":"EntryPoint","urlTemplate":"http:\/\/elregionalvm.com.ar\/noticias-villa-maria\/?s={search_term_string}"},"query-input":{"@type":"PropertyValueSpecification","valueRequired":true,"valueName":"search_term_string"}}],"inLanguage":"es"},{"@type":"Person","@id":"http:\/\/elregionalvm.com.ar\/noticias-villa-maria\/#\/schema\/person\/d5e4b04966154131701e52c45d3efec9","name":"Germ\u00e1n Giacchero","image":{"@type":"ImageObject","inLanguage":"es","@id":"http:\/\/elregionalvm.com.ar\/noticias-villa-maria\/#\/schema\/person\/image\/","url":"https:\/\/secure.gravatar.com\/avatar\/fda163ba5ef0307ee5be9846e10f83b6e83d0cfb260d3b2464830318894c6b04?s=96&d=mm&r=g","contentUrl":"https:\/\/secure.gravatar.com\/avatar\/fda163ba5ef0307ee5be9846e10f83b6e83d0cfb260d3b2464830318894c6b04?s=96&d=mm&r=g","caption":"Germ\u00e1n Giacchero"},"url":"https:\/\/elregionalvm.com.ar\/noticias-villa-maria\/author\/germangiacchero\/"}]}},"jetpack_featured_media_url":"https:\/\/i0.wp.com\/elregionalvm.com.ar\/noticias-villa-maria\/wp-content\/uploads\/2021\/08\/Messi-posando-Paris-vertical-1.jpg?fit=402%2C620&ssl=1","jetpack_sharing_enabled":true,"_links":{"self":[{"href":"https:\/\/elregionalvm.com.ar\/noticias-villa-maria\/wp-json\/wp\/v2\/posts\/42501","targetHints":{"allow":["GET"]}}],"collection":[{"href":"https:\/\/elregionalvm.com.ar\/noticias-villa-maria\/wp-json\/wp\/v2\/posts"}],"about":[{"href":"https:\/\/elregionalvm.com.ar\/noticias-villa-maria\/wp-json\/wp\/v2\/types\/post"}],"author":[{"embeddable":true,"href":"https:\/\/elregionalvm.com.ar\/noticias-villa-maria\/wp-json\/wp\/v2\/users\/6"}],"replies":[{"embeddable":true,"href":"https:\/\/elregionalvm.com.ar\/noticias-villa-maria\/wp-json\/wp\/v2\/comments?post=42501"}],"version-history":[{"count":2,"href":"https:\/\/elregionalvm.com.ar\/noticias-villa-maria\/wp-json\/wp\/v2\/posts\/42501\/revisions"}],"predecessor-version":[{"id":42507,"href":"https:\/\/elregionalvm.com.ar\/noticias-villa-maria\/wp-json\/wp\/v2\/posts\/42501\/revisions\/42507"}],"wp:featuredmedia":[{"embeddable":true,"href":"https:\/\/elregionalvm.com.ar\/noticias-villa-maria\/wp-json\/wp\/v2\/media\/42505"}],"wp:attachment":[{"href":"https:\/\/elregionalvm.com.ar\/noticias-villa-maria\/wp-json\/wp\/v2\/media?parent=42501"}],"wp:term":[{"taxonomy":"category","embeddable":true,"href":"https:\/\/elregionalvm.com.ar\/noticias-villa-maria\/wp-json\/wp\/v2\/categories?post=42501"},{"taxonomy":"post_tag","embeddable":true,"href":"https:\/\/elregionalvm.com.ar\/noticias-villa-maria\/wp-json\/wp\/v2\/tags?post=42501"}],"curies":[{"name":"wp","href":"https:\/\/api.w.org\/{rel}","templated":true}]}}