{"id":42520,"date":"2021-08-11T23:45:01","date_gmt":"2021-08-11T23:45:01","guid":{"rendered":"https:\/\/elregionalvm.com.ar\/noticias-villa-maria\/?p=42520"},"modified":"2021-08-11T23:48:54","modified_gmt":"2021-08-11T23:48:54","slug":"villa-maria-tendra-este-fin-de-semana-competencias-de-patin-powerlifting-y-tenis","status":"publish","type":"post","link":"https:\/\/elregionalvm.com.ar\/noticias-villa-maria\/villa-maria-tendra-este-fin-de-semana-competencias-de-patin-powerlifting-y-tenis\/","title":{"rendered":"Villa Mar\u00eda tendr\u00e1 este fin de semana competencias de pat\u00edn, powerlifting y tenis"},"content":{"rendered":"\n<p>A partir del pr\u00f3ximo s\u00e1bado, Villa Mar\u00eda se convertir\u00e1 en la anfitriona de los diferentes torneos deportivos que se llevar\u00e1n adelante en la ciudad hasta el domingo 5 de septiembre. El evento, de alcance nacional e internacional, se desarrollar\u00e1 en torno a las competencias de pat\u00edn, powerlifting y tenis, de las que participar\u00e1n deportistas de la localidad y de todo el pa\u00eds.<\/p>\n\n\n\n<p>En este sentido, el nuevo Sal\u00f3n de los Deportes ser\u00e1 una de las sedes que albergar\u00e1 a patinadores y competidores de powerlifting que arribar\u00e1n a la ciudad para participar de los torneos, siendo la infraestructura y calidad de este espacio propicias para tal fin. En tanto, el Sport Social Club recibir\u00e1 a tenistas que disputar\u00e1n por dos copas durante la competencia.<\/p>\n\n\n\n<div class=\"wp-block-image\"><figure class=\"aligncenter size-full\"><img data-recalc-dims=\"1\" fetchpriority=\"high\" decoding=\"async\" width=\"274\" height=\"184\" src=\"https:\/\/i0.wp.com\/elregionalvm.com.ar\/noticias-villa-maria\/wp-content\/uploads\/2021\/08\/deporte-patin-3.jpg?resize=274%2C184&#038;ssl=1\" alt=\"\" class=\"wp-image-42530\" \/><\/figure><\/div>\n\n\n\n<p>En este marco, el jefe de Gabinete, H\u00e9ctor Mu\u00f1oz, en compa\u00f1\u00eda de la secretaria de Inclusi\u00f3n Social y Territorio, Celeste Curetti, y la titular del Ente Villa Mar\u00eda Deporte y Turismo, Noelia Macagno, brindaron informaci\u00f3n sobre la iniciativa impulsada por el municipio en articulaci\u00f3n con la entidad deportiva. Lo hicieron durante la ma\u00f1ana de hoy en di\u00e1logo con los medios y junto a representantes de cada una de las disciplinas deportivas y clubes.<\/p>\n\n\n\n<p>Al respecto, Mu\u00f1oz se\u00f1al\u00f3: \u201cQuiero rescatar el valor de nuestra dirigencia en todos los niveles, porque organizar este tipo de torneos no es cosa menor, teniendo en cuenta los procedimientos y log\u00edsticas en tiempos de pandemia\u201d.<\/p>\n\n\n\n<p>\u201cEstos eventos tienen trascendencia nacional, y tambi\u00e9n mundial en algunos casos, lo que significa un gran impulso para la ciudad\u201d, indic\u00f3 el jefe de Gabinete. Y luego, argument\u00f3: \u201cSu realizaci\u00f3n presenta un gran significado para la econom\u00eda local, con incremento en el funcionamiento de hoteler\u00eda, transporte y gastronom\u00eda\u201d.<\/p>\n\n\n\n<p>Al mismo tiempo, la titular de la cartera de Inclusi\u00f3n destac\u00f3 la importancia de generar desde el Gobierno local pol\u00edticas p\u00fablicas que posicionen al deporte como un derecho. De esta manera, refiri\u00f3: \u201cEn esta actividad se ve reflejado el acompa\u00f1amiento del municipio, reconociendo primero al deporte como un derecho para poder luego llegar a instancias de mayor magnitud\u201d.<\/p>\n\n\n\n<p>Por su parte, Macagno destac\u00f3 el aporte de la Secretar\u00eda de Salud en este proceso e indic\u00f3 que \u201ceste evento no se podr\u00eda hacer sin el acompa\u00f1amiento de los profesionales de la salud que estar\u00e1n a cargo de la realizaci\u00f3n de hisopados, control de ingresos y cumplimiento de protocolos\u201d. \u201cMediante el trabajo en equipo de todas las \u00e1reas municipales se trabaja en pos de esta iniciativa, para poder llevarla adelante brind\u00e1ndole tranquilidad a la gente\u201d, explic\u00f3 la presidenta del Ente.<\/p>\n\n\n\n<p>Sobre las compete<strong>ncias<\/strong><\/p>\n\n\n\n<p>En cuanto a la secuencia de los torneos, el cronograma dar\u00e1 inicio con el campeonato de tenis, el cual se desarrollar\u00e1 mediante la realizaci\u00f3n de las copas Omb\u00fa y Sauce, que tendr\u00e1n lugar en el Sport Social Club desde el 14 hasta el 17 de agosto, y a partir del 21 al 28 de agosto, respectivamente.<br>Sobre ello, brindo informaci\u00f3n el presidente de la instituci\u00f3n deportiva, Jorge Sol\u00e1, quien detall\u00f3 que ambos torneos contar\u00e1n con la participaci\u00f3n de hombres y mujeres de las categor\u00edas Sub 16 y Sub 18, alcanzando un total de m\u00e1s de 400 tenistas, 25 de ellos villamarienses, que arribar\u00e1n a la ciudad junto a sus acompa\u00f1antes y entrenadores.<\/p>\n\n\n\n<div class=\"wp-block-image\"><figure class=\"aligncenter size-full\"><img data-recalc-dims=\"1\" decoding=\"async\" width=\"275\" height=\"183\" src=\"https:\/\/i0.wp.com\/elregionalvm.com.ar\/noticias-villa-maria\/wp-content\/uploads\/2021\/08\/deporte-tenis-2.jpg?resize=275%2C183&#038;ssl=1\" alt=\"\" class=\"wp-image-42529\" \/><\/figure><\/div>\n\n\n\n<p>De modo seguido, del 16 al 23 de agosto, ser\u00e1 el turno del torneo de pat\u00edn enmarcado en el Evaluativo Internacional para el Mundial y Sudamericano de esta disciplina. En tanto, el nuevo Sal\u00f3n de los Deportes contar\u00e1 con la presencia de los patinadores m\u00e1s reconocidos y destacados del pa\u00eds, a los fines de conformar la Selecci\u00f3n Argentina para competir luego en instancias mayores.<\/p>\n\n\n\n<p>Finalmente, del 3 al 5 de septiembre, se llevar\u00e1n a cabo las competencias de Powerlifting de las que participar\u00e1n m\u00e1s de 170 atletas. Al respecto, el presidente de la Alianza Argentina de este deporte, Leonardo Cavaglia, detall\u00f3 que el torneo se basar\u00e1 en sentadillas, fuerza de banco y despegue, con el objetivo clasificar y conformar el Seleccionado Nacional para competir pr\u00f3ximamente a nivel mundial.<\/p>\n\n\n\n<p>Durante la rueda de prensa, tambi\u00e9n estuvieron presentes el director de Deportes, Adri\u00e1n G\u00f3mez Nellar, el coordinador del Torneo, Carlos Ronco, y el representante de la Comisi\u00f3n del Ente Villa Mar\u00eda Deporte y Turismo, Lucas Ateca.<\/p>\n","protected":false},"excerpt":{"rendered":"<p>A partir del pr\u00f3ximo s\u00e1bado, Villa Mar\u00eda se convertir\u00e1 en la anfitriona de los diferentes torneos deportivos que se llevar\u00e1n adelante en la ciudad hasta el domingo 5 de septiembre. El evento, de alcance nacional e internacional, se desarrollar\u00e1 en torno a las competencias de pat\u00edn, powerlifting y tenis, de las que participar\u00e1n deportistas de [&hellip;]<\/p>\n","protected":false},"author":4,"featured_media":42528,"comment_status":"open","ping_status":"open","sticky":false,"template":"","format":"standard","meta":{"site-sidebar-layout":"default","site-content-layout":"default","ast-site-content-layout":"default","site-content-style":"default","site-sidebar-style":"default","ast-global-header-display":"","ast-banner-title-visibility":"","ast-main-header-display":"","ast-hfb-above-header-display":"","ast-hfb-below-header-display":"","ast-hfb-mobile-header-display":"","site-post-title":"","ast-breadcrumbs-content":"","ast-featured-img":"","footer-sml-layout":"","ast-disable-related-posts":"","theme-transparent-header-meta":"default","adv-header-id-meta":"","stick-header-meta":"","header-above-stick-meta":"","header-main-stick-meta":"","header-below-stick-meta":"","astra-migrate-meta-layouts":"default","ast-page-background-enabled":"default","ast-page-background-meta":{"desktop":{"background-color":"","background-image":"","background-repeat":"repeat","background-position":"center center","background-size":"auto","background-attachment":"scroll","background-type":"","background-media":"","overlay-type":"","overlay-color":"","overlay-opacity":"","overlay-gradient":""},"tablet":{"background-color":"","background-image":"","background-repeat":"repeat","background-position":"center center","background-size":"auto","background-attachment":"scroll","background-type":"","background-media":"","overlay-type":"","overlay-color":"","overlay-opacity":"","overlay-gradient":""},"mobile":{"background-color":"","background-image":"","background-repeat":"repeat","background-position":"center center","background-size":"auto","background-attachment":"scroll","background-type":"","background-media":"","overlay-type":"","overlay-color":"","overlay-opacity":"","overlay-gradient":""}},"ast-content-background-meta":{"desktop":{"background-color":"var(--ast-global-color-5)","background-image":"","background-repeat":"repeat","background-position":"center center","background-size":"auto","background-attachment":"scroll","background-type":"","background-media":"","overlay-type":"","overlay-color":"","overlay-opacity":"","overlay-gradient":""},"tablet":{"background-color":"var(--ast-global-color-5)","background-image":"","background-repeat":"repeat","background-position":"center center","background-size":"auto","background-attachment":"scroll","background-type":"","background-media":"","overlay-type":"","overlay-color":"","overlay-opacity":"","overlay-gradient":""},"mobile":{"background-color":"var(--ast-global-color-5)","background-image":"","background-repeat":"repeat","background-position":"center center","background-size":"auto","background-attachment":"scroll","background-type":"","background-media":"","overlay-type":"","overlay-color":"","overlay-opacity":"","overlay-gradient":""}},"_jetpack_memberships_contains_paid_content":false,"_joinchat":[],"footnotes":""},"categories":[2],"tags":[10512,1232,10513,10514,10511,2248],"class_list":["post-42520","post","type-post","status-publish","format-standard","has-post-thumbnail","hentry","category-villa-maria","tag-competencias","tag-destacado","tag-patin","tag-powerlifting","tag-torneos","tag-villa-maria-2"],"yoast_head":"<!-- This site is optimized with the Yoast SEO plugin v26.8 - https:\/\/yoast.com\/product\/yoast-seo-wordpress\/ -->\n<title>Villa Mar\u00eda tendr\u00e1 este fin de semana competencias de pat\u00edn, powerlifting y tenis - El Regional<\/title>\n<meta name=\"robots\" content=\"index, follow, max-snippet:-1, max-image-preview:large, max-video-preview:-1\" \/>\n<link rel=\"canonical\" href=\"http:\/\/elregionalvm.com.ar\/noticias-villa-maria\/villa-maria-tendra-este-fin-de-semana-competencias-de-patin-powerlifting-y-tenis\/\" \/>\n<meta property=\"og:locale\" content=\"es_ES\" \/>\n<meta property=\"og:type\" content=\"article\" \/>\n<meta property=\"og:title\" content=\"Villa Mar\u00eda tendr\u00e1 este fin de semana competencias de pat\u00edn, powerlifting y tenis - El Regional\" \/>\n<meta property=\"og:description\" content=\"A partir del pr\u00f3ximo s\u00e1bado, Villa Mar\u00eda se convertir\u00e1 en la anfitriona de los diferentes torneos deportivos que se llevar\u00e1n adelante en la ciudad hasta el domingo 5 de septiembre. El evento, de alcance nacional e internacional, se desarrollar\u00e1 en torno a las competencias de pat\u00edn, powerlifting y tenis, de las que participar\u00e1n deportistas de [&hellip;]\" \/>\n<meta property=\"og:url\" content=\"http:\/\/elregionalvm.com.ar\/noticias-villa-maria\/villa-maria-tendra-este-fin-de-semana-competencias-de-patin-powerlifting-y-tenis\/\" \/>\n<meta property=\"og:site_name\" content=\"El Regional\" \/>\n<meta property=\"article:publisher\" content=\"https:\/\/www.facebook.com\/elregionalvm\" \/>\n<meta property=\"article:published_time\" content=\"2021-08-11T23:45:01+00:00\" \/>\n<meta property=\"article:modified_time\" content=\"2021-08-11T23:48:54+00:00\" \/>\n<meta property=\"og:image\" content=\"http:\/\/elregionalvm.com.ar\/noticias-villa-maria\/wp-content\/uploads\/2021\/08\/deporte-powerlifting-2.jpg\" \/>\n\t<meta property=\"og:image:width\" content=\"761\" \/>\n\t<meta property=\"og:image:height\" content=\"506\" \/>\n\t<meta property=\"og:image:type\" content=\"image\/jpeg\" \/>\n<meta name=\"author\" content=\"Contenidos El Regional\" \/>\n<meta name=\"twitter:card\" content=\"summary_large_image\" \/>\n<meta name=\"twitter:creator\" content=\"@elregionalvm1\" \/>\n<meta name=\"twitter:site\" content=\"@elregionalvm1\" \/>\n<meta name=\"twitter:label1\" content=\"Escrito por\" \/>\n\t<meta name=\"twitter:data1\" content=\"Contenidos El Regional\" \/>\n\t<meta name=\"twitter:label2\" content=\"Tiempo de lectura\" \/>\n\t<meta name=\"twitter:data2\" content=\"4 minutos\" \/>\n<script type=\"application\/ld+json\" class=\"yoast-schema-graph\">{\"@context\":\"https:\/\/schema.org\",\"@graph\":[{\"@type\":\"Article\",\"@id\":\"http:\/\/elregionalvm.com.ar\/noticias-villa-maria\/villa-maria-tendra-este-fin-de-semana-competencias-de-patin-powerlifting-y-tenis\/#article\",\"isPartOf\":{\"@id\":\"http:\/\/elregionalvm.com.ar\/noticias-villa-maria\/villa-maria-tendra-este-fin-de-semana-competencias-de-patin-powerlifting-y-tenis\/\"},\"author\":{\"name\":\"Contenidos El Regional\",\"@id\":\"http:\/\/elregionalvm.com.ar\/noticias-villa-maria\/#\/schema\/person\/a0fb9c422317faca23d50163151bc354\"},\"headline\":\"Villa Mar\u00eda tendr\u00e1 este fin de semana competencias de pat\u00edn, powerlifting y tenis\",\"datePublished\":\"2021-08-11T23:45:01+00:00\",\"dateModified\":\"2021-08-11T23:48:54+00:00\",\"mainEntityOfPage\":{\"@id\":\"http:\/\/elregionalvm.com.ar\/noticias-villa-maria\/villa-maria-tendra-este-fin-de-semana-competencias-de-patin-powerlifting-y-tenis\/\"},\"wordCount\":759,\"commentCount\":0,\"image\":{\"@id\":\"http:\/\/elregionalvm.com.ar\/noticias-villa-maria\/villa-maria-tendra-este-fin-de-semana-competencias-de-patin-powerlifting-y-tenis\/#primaryimage\"},\"thumbnailUrl\":\"https:\/\/i0.wp.com\/elregionalvm.com.ar\/noticias-villa-maria\/wp-content\/uploads\/2021\/08\/deporte-powerlifting-2.jpg?fit=761%2C506&ssl=1\",\"keywords\":[\"competencias\",\"destacado\",\"pat\u00edn\",\"powerlifting\",\"torneos\",\"Villa Mar\u00eda\"],\"articleSection\":[\"Villa Mar\u00eda\"],\"inLanguage\":\"es\",\"potentialAction\":[{\"@type\":\"CommentAction\",\"name\":\"Comment\",\"target\":[\"http:\/\/elregionalvm.com.ar\/noticias-villa-maria\/villa-maria-tendra-este-fin-de-semana-competencias-de-patin-powerlifting-y-tenis\/#respond\"]}]},{\"@type\":\"WebPage\",\"@id\":\"http:\/\/elregionalvm.com.ar\/noticias-villa-maria\/villa-maria-tendra-este-fin-de-semana-competencias-de-patin-powerlifting-y-tenis\/\",\"url\":\"http:\/\/elregionalvm.com.ar\/noticias-villa-maria\/villa-maria-tendra-este-fin-de-semana-competencias-de-patin-powerlifting-y-tenis\/\",\"name\":\"Villa Mar\u00eda tendr\u00e1 este fin de semana competencias de pat\u00edn, powerlifting y tenis - El Regional\",\"isPartOf\":{\"@id\":\"http:\/\/elregionalvm.com.ar\/noticias-villa-maria\/#website\"},\"primaryImageOfPage\":{\"@id\":\"http:\/\/elregionalvm.com.ar\/noticias-villa-maria\/villa-maria-tendra-este-fin-de-semana-competencias-de-patin-powerlifting-y-tenis\/#primaryimage\"},\"image\":{\"@id\":\"http:\/\/elregionalvm.com.ar\/noticias-villa-maria\/villa-maria-tendra-este-fin-de-semana-competencias-de-patin-powerlifting-y-tenis\/#primaryimage\"},\"thumbnailUrl\":\"https:\/\/i0.wp.com\/elregionalvm.com.ar\/noticias-villa-maria\/wp-content\/uploads\/2021\/08\/deporte-powerlifting-2.jpg?fit=761%2C506&ssl=1\",\"datePublished\":\"2021-08-11T23:45:01+00:00\",\"dateModified\":\"2021-08-11T23:48:54+00:00\",\"author\":{\"@id\":\"http:\/\/elregionalvm.com.ar\/noticias-villa-maria\/#\/schema\/person\/a0fb9c422317faca23d50163151bc354\"},\"breadcrumb\":{\"@id\":\"http:\/\/elregionalvm.com.ar\/noticias-villa-maria\/villa-maria-tendra-este-fin-de-semana-competencias-de-patin-powerlifting-y-tenis\/#breadcrumb\"},\"inLanguage\":\"es\",\"potentialAction\":[{\"@type\":\"ReadAction\",\"target\":[\"http:\/\/elregionalvm.com.ar\/noticias-villa-maria\/villa-maria-tendra-este-fin-de-semana-competencias-de-patin-powerlifting-y-tenis\/\"]}]},{\"@type\":\"ImageObject\",\"inLanguage\":\"es\",\"@id\":\"http:\/\/elregionalvm.com.ar\/noticias-villa-maria\/villa-maria-tendra-este-fin-de-semana-competencias-de-patin-powerlifting-y-tenis\/#primaryimage\",\"url\":\"https:\/\/i0.wp.com\/elregionalvm.com.ar\/noticias-villa-maria\/wp-content\/uploads\/2021\/08\/deporte-powerlifting-2.jpg?fit=761%2C506&ssl=1\",\"contentUrl\":\"https:\/\/i0.wp.com\/elregionalvm.com.ar\/noticias-villa-maria\/wp-content\/uploads\/2021\/08\/deporte-powerlifting-2.jpg?fit=761%2C506&ssl=1\",\"width\":761,\"height\":506},{\"@type\":\"BreadcrumbList\",\"@id\":\"http:\/\/elregionalvm.com.ar\/noticias-villa-maria\/villa-maria-tendra-este-fin-de-semana-competencias-de-patin-powerlifting-y-tenis\/#breadcrumb\",\"itemListElement\":[{\"@type\":\"ListItem\",\"position\":1,\"name\":\"Portada\",\"item\":\"https:\/\/elregionalvm.com.ar\/noticias-villa-maria\/\"},{\"@type\":\"ListItem\",\"position\":2,\"name\":\"Villa Mar\u00eda tendr\u00e1 este fin de semana competencias de pat\u00edn, powerlifting y tenis\"}]},{\"@type\":\"WebSite\",\"@id\":\"http:\/\/elregionalvm.com.ar\/noticias-villa-maria\/#website\",\"url\":\"http:\/\/elregionalvm.com.ar\/noticias-villa-maria\/\",\"name\":\"El Regional\",\"description\":\"Mucho m\u00e1s que informaci\u00f3n\",\"potentialAction\":[{\"@type\":\"SearchAction\",\"target\":{\"@type\":\"EntryPoint\",\"urlTemplate\":\"http:\/\/elregionalvm.com.ar\/noticias-villa-maria\/?s={search_term_string}\"},\"query-input\":{\"@type\":\"PropertyValueSpecification\",\"valueRequired\":true,\"valueName\":\"search_term_string\"}}],\"inLanguage\":\"es\"},{\"@type\":\"Person\",\"@id\":\"http:\/\/elregionalvm.com.ar\/noticias-villa-maria\/#\/schema\/person\/a0fb9c422317faca23d50163151bc354\",\"name\":\"Contenidos El Regional\",\"image\":{\"@type\":\"ImageObject\",\"inLanguage\":\"es\",\"@id\":\"http:\/\/elregionalvm.com.ar\/noticias-villa-maria\/#\/schema\/person\/image\/\",\"url\":\"https:\/\/secure.gravatar.com\/avatar\/265b27cb2209af7bb3a1318f03305787d7981a5cc6e6cd08fe5a4ecdf99d4b48?s=96&d=mm&r=g\",\"contentUrl\":\"https:\/\/secure.gravatar.com\/avatar\/265b27cb2209af7bb3a1318f03305787d7981a5cc6e6cd08fe5a4ecdf99d4b48?s=96&d=mm&r=g\",\"caption\":\"Contenidos El Regional\"},\"url\":\"https:\/\/elregionalvm.com.ar\/noticias-villa-maria\/author\/contenido\/\"}]}<\/script>\n<!-- \/ Yoast SEO plugin. -->","yoast_head_json":{"title":"Villa Mar\u00eda tendr\u00e1 este fin de semana competencias de pat\u00edn, powerlifting y tenis - El Regional","robots":{"index":"index","follow":"follow","max-snippet":"max-snippet:-1","max-image-preview":"max-image-preview:large","max-video-preview":"max-video-preview:-1"},"canonical":"http:\/\/elregionalvm.com.ar\/noticias-villa-maria\/villa-maria-tendra-este-fin-de-semana-competencias-de-patin-powerlifting-y-tenis\/","og_locale":"es_ES","og_type":"article","og_title":"Villa Mar\u00eda tendr\u00e1 este fin de semana competencias de pat\u00edn, powerlifting y tenis - El Regional","og_description":"A partir del pr\u00f3ximo s\u00e1bado, Villa Mar\u00eda se convertir\u00e1 en la anfitriona de los diferentes torneos deportivos que se llevar\u00e1n adelante en la ciudad hasta el domingo 5 de septiembre. El evento, de alcance nacional e internacional, se desarrollar\u00e1 en torno a las competencias de pat\u00edn, powerlifting y tenis, de las que participar\u00e1n deportistas de [&hellip;]","og_url":"http:\/\/elregionalvm.com.ar\/noticias-villa-maria\/villa-maria-tendra-este-fin-de-semana-competencias-de-patin-powerlifting-y-tenis\/","og_site_name":"El Regional","article_publisher":"https:\/\/www.facebook.com\/elregionalvm","article_published_time":"2021-08-11T23:45:01+00:00","article_modified_time":"2021-08-11T23:48:54+00:00","og_image":[{"width":761,"height":506,"url":"http:\/\/elregionalvm.com.ar\/noticias-villa-maria\/wp-content\/uploads\/2021\/08\/deporte-powerlifting-2.jpg","type":"image\/jpeg"}],"author":"Contenidos El Regional","twitter_card":"summary_large_image","twitter_creator":"@elregionalvm1","twitter_site":"@elregionalvm1","twitter_misc":{"Escrito por":"Contenidos El Regional","Tiempo de lectura":"4 minutos"},"schema":{"@context":"https:\/\/schema.org","@graph":[{"@type":"Article","@id":"http:\/\/elregionalvm.com.ar\/noticias-villa-maria\/villa-maria-tendra-este-fin-de-semana-competencias-de-patin-powerlifting-y-tenis\/#article","isPartOf":{"@id":"http:\/\/elregionalvm.com.ar\/noticias-villa-maria\/villa-maria-tendra-este-fin-de-semana-competencias-de-patin-powerlifting-y-tenis\/"},"author":{"name":"Contenidos El Regional","@id":"http:\/\/elregionalvm.com.ar\/noticias-villa-maria\/#\/schema\/person\/a0fb9c422317faca23d50163151bc354"},"headline":"Villa Mar\u00eda tendr\u00e1 este fin de semana competencias de pat\u00edn, powerlifting y tenis","datePublished":"2021-08-11T23:45:01+00:00","dateModified":"2021-08-11T23:48:54+00:00","mainEntityOfPage":{"@id":"http:\/\/elregionalvm.com.ar\/noticias-villa-maria\/villa-maria-tendra-este-fin-de-semana-competencias-de-patin-powerlifting-y-tenis\/"},"wordCount":759,"commentCount":0,"image":{"@id":"http:\/\/elregionalvm.com.ar\/noticias-villa-maria\/villa-maria-tendra-este-fin-de-semana-competencias-de-patin-powerlifting-y-tenis\/#primaryimage"},"thumbnailUrl":"https:\/\/i0.wp.com\/elregionalvm.com.ar\/noticias-villa-maria\/wp-content\/uploads\/2021\/08\/deporte-powerlifting-2.jpg?fit=761%2C506&ssl=1","keywords":["competencias","destacado","pat\u00edn","powerlifting","torneos","Villa Mar\u00eda"],"articleSection":["Villa Mar\u00eda"],"inLanguage":"es","potentialAction":[{"@type":"CommentAction","name":"Comment","target":["http:\/\/elregionalvm.com.ar\/noticias-villa-maria\/villa-maria-tendra-este-fin-de-semana-competencias-de-patin-powerlifting-y-tenis\/#respond"]}]},{"@type":"WebPage","@id":"http:\/\/elregionalvm.com.ar\/noticias-villa-maria\/villa-maria-tendra-este-fin-de-semana-competencias-de-patin-powerlifting-y-tenis\/","url":"http:\/\/elregionalvm.com.ar\/noticias-villa-maria\/villa-maria-tendra-este-fin-de-semana-competencias-de-patin-powerlifting-y-tenis\/","name":"Villa Mar\u00eda tendr\u00e1 este fin de semana competencias de pat\u00edn, powerlifting y tenis - El Regional","isPartOf":{"@id":"http:\/\/elregionalvm.com.ar\/noticias-villa-maria\/#website"},"primaryImageOfPage":{"@id":"http:\/\/elregionalvm.com.ar\/noticias-villa-maria\/villa-maria-tendra-este-fin-de-semana-competencias-de-patin-powerlifting-y-tenis\/#primaryimage"},"image":{"@id":"http:\/\/elregionalvm.com.ar\/noticias-villa-maria\/villa-maria-tendra-este-fin-de-semana-competencias-de-patin-powerlifting-y-tenis\/#primaryimage"},"thumbnailUrl":"https:\/\/i0.wp.com\/elregionalvm.com.ar\/noticias-villa-maria\/wp-content\/uploads\/2021\/08\/deporte-powerlifting-2.jpg?fit=761%2C506&ssl=1","datePublished":"2021-08-11T23:45:01+00:00","dateModified":"2021-08-11T23:48:54+00:00","author":{"@id":"http:\/\/elregionalvm.com.ar\/noticias-villa-maria\/#\/schema\/person\/a0fb9c422317faca23d50163151bc354"},"breadcrumb":{"@id":"http:\/\/elregionalvm.com.ar\/noticias-villa-maria\/villa-maria-tendra-este-fin-de-semana-competencias-de-patin-powerlifting-y-tenis\/#breadcrumb"},"inLanguage":"es","potentialAction":[{"@type":"ReadAction","target":["http:\/\/elregionalvm.com.ar\/noticias-villa-maria\/villa-maria-tendra-este-fin-de-semana-competencias-de-patin-powerlifting-y-tenis\/"]}]},{"@type":"ImageObject","inLanguage":"es","@id":"http:\/\/elregionalvm.com.ar\/noticias-villa-maria\/villa-maria-tendra-este-fin-de-semana-competencias-de-patin-powerlifting-y-tenis\/#primaryimage","url":"https:\/\/i0.wp.com\/elregionalvm.com.ar\/noticias-villa-maria\/wp-content\/uploads\/2021\/08\/deporte-powerlifting-2.jpg?fit=761%2C506&ssl=1","contentUrl":"https:\/\/i0.wp.com\/elregionalvm.com.ar\/noticias-villa-maria\/wp-content\/uploads\/2021\/08\/deporte-powerlifting-2.jpg?fit=761%2C506&ssl=1","width":761,"height":506},{"@type":"BreadcrumbList","@id":"http:\/\/elregionalvm.com.ar\/noticias-villa-maria\/villa-maria-tendra-este-fin-de-semana-competencias-de-patin-powerlifting-y-tenis\/#breadcrumb","itemListElement":[{"@type":"ListItem","position":1,"name":"Portada","item":"https:\/\/elregionalvm.com.ar\/noticias-villa-maria\/"},{"@type":"ListItem","position":2,"name":"Villa Mar\u00eda tendr\u00e1 este fin de semana competencias de pat\u00edn, powerlifting y tenis"}]},{"@type":"WebSite","@id":"http:\/\/elregionalvm.com.ar\/noticias-villa-maria\/#website","url":"http:\/\/elregionalvm.com.ar\/noticias-villa-maria\/","name":"El Regional","description":"Mucho m\u00e1s que informaci\u00f3n","potentialAction":[{"@type":"SearchAction","target":{"@type":"EntryPoint","urlTemplate":"http:\/\/elregionalvm.com.ar\/noticias-villa-maria\/?s={search_term_string}"},"query-input":{"@type":"PropertyValueSpecification","valueRequired":true,"valueName":"search_term_string"}}],"inLanguage":"es"},{"@type":"Person","@id":"http:\/\/elregionalvm.com.ar\/noticias-villa-maria\/#\/schema\/person\/a0fb9c422317faca23d50163151bc354","name":"Contenidos El Regional","image":{"@type":"ImageObject","inLanguage":"es","@id":"http:\/\/elregionalvm.com.ar\/noticias-villa-maria\/#\/schema\/person\/image\/","url":"https:\/\/secure.gravatar.com\/avatar\/265b27cb2209af7bb3a1318f03305787d7981a5cc6e6cd08fe5a4ecdf99d4b48?s=96&d=mm&r=g","contentUrl":"https:\/\/secure.gravatar.com\/avatar\/265b27cb2209af7bb3a1318f03305787d7981a5cc6e6cd08fe5a4ecdf99d4b48?s=96&d=mm&r=g","caption":"Contenidos El Regional"},"url":"https:\/\/elregionalvm.com.ar\/noticias-villa-maria\/author\/contenido\/"}]}},"jetpack_featured_media_url":"https:\/\/i0.wp.com\/elregionalvm.com.ar\/noticias-villa-maria\/wp-content\/uploads\/2021\/08\/deporte-powerlifting-2.jpg?fit=761%2C506&ssl=1","jetpack_sharing_enabled":true,"_links":{"self":[{"href":"https:\/\/elregionalvm.com.ar\/noticias-villa-maria\/wp-json\/wp\/v2\/posts\/42520","targetHints":{"allow":["GET"]}}],"collection":[{"href":"https:\/\/elregionalvm.com.ar\/noticias-villa-maria\/wp-json\/wp\/v2\/posts"}],"about":[{"href":"https:\/\/elregionalvm.com.ar\/noticias-villa-maria\/wp-json\/wp\/v2\/types\/post"}],"author":[{"embeddable":true,"href":"https:\/\/elregionalvm.com.ar\/noticias-villa-maria\/wp-json\/wp\/v2\/users\/4"}],"replies":[{"embeddable":true,"href":"https:\/\/elregionalvm.com.ar\/noticias-villa-maria\/wp-json\/wp\/v2\/comments?post=42520"}],"version-history":[{"count":2,"href":"https:\/\/elregionalvm.com.ar\/noticias-villa-maria\/wp-json\/wp\/v2\/posts\/42520\/revisions"}],"predecessor-version":[{"id":42532,"href":"https:\/\/elregionalvm.com.ar\/noticias-villa-maria\/wp-json\/wp\/v2\/posts\/42520\/revisions\/42532"}],"wp:featuredmedia":[{"embeddable":true,"href":"https:\/\/elregionalvm.com.ar\/noticias-villa-maria\/wp-json\/wp\/v2\/media\/42528"}],"wp:attachment":[{"href":"https:\/\/elregionalvm.com.ar\/noticias-villa-maria\/wp-json\/wp\/v2\/media?parent=42520"}],"wp:term":[{"taxonomy":"category","embeddable":true,"href":"https:\/\/elregionalvm.com.ar\/noticias-villa-maria\/wp-json\/wp\/v2\/categories?post=42520"},{"taxonomy":"post_tag","embeddable":true,"href":"https:\/\/elregionalvm.com.ar\/noticias-villa-maria\/wp-json\/wp\/v2\/tags?post=42520"}],"curies":[{"name":"wp","href":"https:\/\/api.w.org\/{rel}","templated":true}]}}