{"id":42534,"date":"2021-08-12T00:11:12","date_gmt":"2021-08-12T00:11:12","guid":{"rendered":"https:\/\/elregionalvm.com.ar\/noticias-villa-maria\/?p=42534"},"modified":"2021-08-12T00:11:47","modified_gmt":"2021-08-12T00:11:47","slug":"vialidad-nacional-comenzaria-en-breve-la-repavimentacion-de-la-ruta-9-entre-pilar-y-bell-ville","status":"publish","type":"post","link":"https:\/\/elregionalvm.com.ar\/noticias-villa-maria\/vialidad-nacional-comenzaria-en-breve-la-repavimentacion-de-la-ruta-9-entre-pilar-y-bell-ville\/","title":{"rendered":"Vialidad Nacional comenzar\u00eda en breve la repavimentaci\u00f3n de la ruta 9, entre Pilar y Bell Ville"},"content":{"rendered":"\n<p><br>Ayer se realiz\u00f3 una reuni\u00f3n entre el Jefe del distrito C\u00f3rdoba de Vialidad<br>Nacional, Cr. Federico Eslava y la intendenta de T\u00edo Pujio, Nancy Schiavi, para tratar la<br>problem\u00e1tica del estado actual de la Ruta 9 Sur y las obras que comenzar\u00e1n<br>pr\u00f3ximamente. All\u00ed se supo que ser\u00e1n intervenidos 160 kil\u00f3metros que mejorar\u00e1n significativamente las condiciones de circulaci\u00f3n y seguridad vial de las m\u00e1s de 8000 personas que transitan<br>a diario por este tramo.<\/p>\n\n\n\n<div class=\"wp-block-image\"><figure class=\"aligncenter size-full is-resized\"><img data-recalc-dims=\"1\" fetchpriority=\"high\" decoding=\"async\" src=\"https:\/\/i0.wp.com\/elregionalvm.com.ar\/noticias-villa-maria\/wp-content\/uploads\/2021\/08\/nancy-schiavi-ruta-9.png?resize=455%2C492&#038;ssl=1\" alt=\"\" class=\"wp-image-42535\" width=\"455\" height=\"492\" srcset=\"https:\/\/i0.wp.com\/elregionalvm.com.ar\/noticias-villa-maria\/wp-content\/uploads\/2021\/08\/nancy-schiavi-ruta-9.png?w=560&amp;ssl=1 560w, https:\/\/i0.wp.com\/elregionalvm.com.ar\/noticias-villa-maria\/wp-content\/uploads\/2021\/08\/nancy-schiavi-ruta-9.png?resize=278%2C300&amp;ssl=1 278w\" sizes=\"(max-width: 455px) 100vw, 455px\" \/><\/figure><\/div>\n\n\n\n<p><br> A partir de una inversi\u00f3n que supera los $2.300 millones, el Ministerio de Obras P\u00fablicas, a trav\u00e9s de Vialidad Nacional, dar\u00e1 inicio pr\u00f3ximamente a la repavimentaci\u00f3n y mantenimiento de 160 kil\u00f3metros del corredor, entre la localidad de Bell Ville y Pilar.<\/p>\n\n\n\n<p>Los trabajos contemplan la repavimentaci\u00f3n total del tramo Bell Ville-Pilar. Asimismo, se llevar\u00e1n a cabo tareas de bacheo superficial, fresado de pavimento, sellado de fisuras y construcci\u00f3n de banquinas. Sumado a eso, tambi\u00e9n se realizar\u00e1 el mantenimiento de alcantarillas, cunetas y puentes, la reposici\u00f3n de barandas, se\u00f1alamiento vertical y corte de pasto en banquinas y taludes.<\/p>\n\n\n\n<p>Cabe destacar que hasta el inicio de obra, se acord\u00f3 iniciar a trav\u00e9s de la divisi\u00f3n<br>Conservaci\u00f3n de Vialidad Nacional, llevar adelante trabajos de mantenimiento y<br>emergencia a lo largo de todo el tramo.<\/p>\n\n\n\n<p><br>\u201cEstamos resolviendo uno de los principales problemas que tienen las y los transportistas que se movilizan por los pueblos ubicados a la vera de la Ruta N\u00ba 9. El administrador general, Gustavo Arrieta, nos transmiti\u00f3 que una de las prioridades es mejorar las condiciones de transitabilidad y brindar seguridad, por eso seguimos por este camino, convencidos de que \u00e9stas son las obras que mejoran la vida de la gente\u201d, destac\u00f3 el jefe del distrito C\u00f3rdoba de Vialidad Nacional, Cr. Federico Eslava.<\/p>\n\n\n\n<p>Respecto a dicha obra, el secretario de Obras P\u00fablicas de la Naci\u00f3n, Mart\u00edn Gill, afirm\u00f3:<br>\u00abel Estado Nacional est\u00e1 recuperando toda una pol\u00edtica vial en distintos puntos del pa\u00eds y en la provincia de C\u00f3rdoba no es la excepci\u00f3n\u201d. En este sentido expreso: \u201cvenimos trabajando en una gran cantidad de proyectos y uno de esos es la recuperaci\u00f3n integral de toda la traza de la vieja Ruta 9, entre Bell Ville y Pilar\u201d.<\/p>\n\n\n\n<p>El tramo intervenido de la RN 9 mejorar\u00e1 significativamente las condiciones de circulaci\u00f3n y seguridad vial para las 8000 personas que utilizan este trayecto diariamente. En este sentido, la repavimentaci\u00f3n completa de la calzada beneficiar\u00e1 de manera directa a los pueblos de los departamentos de Uni\u00f3n, Gral. San Mart\u00edn, Tercero Arriba y R\u00edo Segundo.<\/p>\n","protected":false},"excerpt":{"rendered":"<p>Ayer se realiz\u00f3 una reuni\u00f3n entre el Jefe del distrito C\u00f3rdoba de VialidadNacional, Cr. Federico Eslava y la intendenta de T\u00edo Pujio, Nancy Schiavi, para tratar laproblem\u00e1tica del estado actual de la Ruta 9 Sur y las obras que comenzar\u00e1npr\u00f3ximamente. All\u00ed se supo que ser\u00e1n intervenidos 160 kil\u00f3metros que mejorar\u00e1n significativamente las condiciones de circulaci\u00f3n [&hellip;]<\/p>\n","protected":false},"author":4,"featured_media":42536,"comment_status":"open","ping_status":"open","sticky":false,"template":"","format":"standard","meta":{"site-sidebar-layout":"default","site-content-layout":"default","ast-site-content-layout":"default","site-content-style":"default","site-sidebar-style":"default","ast-global-header-display":"","ast-banner-title-visibility":"","ast-main-header-display":"","ast-hfb-above-header-display":"","ast-hfb-below-header-display":"","ast-hfb-mobile-header-display":"","site-post-title":"","ast-breadcrumbs-content":"","ast-featured-img":"","footer-sml-layout":"","ast-disable-related-posts":"","theme-transparent-header-meta":"default","adv-header-id-meta":"","stick-header-meta":"","header-above-stick-meta":"","header-main-stick-meta":"","header-below-stick-meta":"","astra-migrate-meta-layouts":"default","ast-page-background-enabled":"default","ast-page-background-meta":{"desktop":{"background-color":"","background-image":"","background-repeat":"repeat","background-position":"center center","background-size":"auto","background-attachment":"scroll","background-type":"","background-media":"","overlay-type":"","overlay-color":"","overlay-opacity":"","overlay-gradient":""},"tablet":{"background-color":"","background-image":"","background-repeat":"repeat","background-position":"center center","background-size":"auto","background-attachment":"scroll","background-type":"","background-media":"","overlay-type":"","overlay-color":"","overlay-opacity":"","overlay-gradient":""},"mobile":{"background-color":"","background-image":"","background-repeat":"repeat","background-position":"center center","background-size":"auto","background-attachment":"scroll","background-type":"","background-media":"","overlay-type":"","overlay-color":"","overlay-opacity":"","overlay-gradient":""}},"ast-content-background-meta":{"desktop":{"background-color":"var(--ast-global-color-5)","background-image":"","background-repeat":"repeat","background-position":"center center","background-size":"auto","background-attachment":"scroll","background-type":"","background-media":"","overlay-type":"","overlay-color":"","overlay-opacity":"","overlay-gradient":""},"tablet":{"background-color":"var(--ast-global-color-5)","background-image":"","background-repeat":"repeat","background-position":"center center","background-size":"auto","background-attachment":"scroll","background-type":"","background-media":"","overlay-type":"","overlay-color":"","overlay-opacity":"","overlay-gradient":""},"mobile":{"background-color":"var(--ast-global-color-5)","background-image":"","background-repeat":"repeat","background-position":"center center","background-size":"auto","background-attachment":"scroll","background-type":"","background-media":"","overlay-type":"","overlay-color":"","overlay-opacity":"","overlay-gradient":""}},"_jetpack_memberships_contains_paid_content":false,"_joinchat":[],"footnotes":""},"categories":[2091],"tags":[10518,1232,10517,10519,2975,10516,1629,4146],"class_list":["post-42534","post","type-post","status-publish","format-standard","has-post-thumbnail","hentry","category-region","tag-carteleria","tag-destacado","tag-entre-pilar-y-bell-ville","tag-mantenimiento-ruta","tag-nancy-schiavi","tag-repavimentacion-ruta-9","tag-seguridad-vial","tag-vialidad-nacional"],"yoast_head":"<!-- This site is optimized with the Yoast SEO plugin v26.8 - https:\/\/yoast.com\/product\/yoast-seo-wordpress\/ -->\n<title>Vialidad Nacional comenzar\u00eda en breve la repavimentaci\u00f3n de la ruta 9, entre Pilar y Bell Ville - El Regional<\/title>\n<meta name=\"robots\" content=\"index, follow, max-snippet:-1, max-image-preview:large, max-video-preview:-1\" \/>\n<link rel=\"canonical\" href=\"http:\/\/elregionalvm.com.ar\/noticias-villa-maria\/vialidad-nacional-comenzaria-en-breve-la-repavimentacion-de-la-ruta-9-entre-pilar-y-bell-ville\/\" \/>\n<meta property=\"og:locale\" content=\"es_ES\" \/>\n<meta property=\"og:type\" content=\"article\" \/>\n<meta property=\"og:title\" content=\"Vialidad Nacional comenzar\u00eda en breve la repavimentaci\u00f3n de la ruta 9, entre Pilar y Bell Ville - El Regional\" \/>\n<meta property=\"og:description\" content=\"Ayer se realiz\u00f3 una reuni\u00f3n entre el Jefe del distrito C\u00f3rdoba de VialidadNacional, Cr. Federico Eslava y la intendenta de T\u00edo Pujio, Nancy Schiavi, para tratar laproblem\u00e1tica del estado actual de la Ruta 9 Sur y las obras que comenzar\u00e1npr\u00f3ximamente. All\u00ed se supo que ser\u00e1n intervenidos 160 kil\u00f3metros que mejorar\u00e1n significativamente las condiciones de circulaci\u00f3n [&hellip;]\" \/>\n<meta property=\"og:url\" content=\"http:\/\/elregionalvm.com.ar\/noticias-villa-maria\/vialidad-nacional-comenzaria-en-breve-la-repavimentacion-de-la-ruta-9-entre-pilar-y-bell-ville\/\" \/>\n<meta property=\"og:site_name\" content=\"El Regional\" \/>\n<meta property=\"article:publisher\" content=\"https:\/\/www.facebook.com\/elregionalvm\" \/>\n<meta property=\"article:published_time\" content=\"2021-08-12T00:11:12+00:00\" \/>\n<meta property=\"article:modified_time\" content=\"2021-08-12T00:11:47+00:00\" \/>\n<meta property=\"og:image\" content=\"http:\/\/elregionalvm.com.ar\/noticias-villa-maria\/wp-content\/uploads\/2021\/08\/ruta-9-campo.png\" \/>\n\t<meta property=\"og:image:width\" content=\"1032\" \/>\n\t<meta property=\"og:image:height\" content=\"559\" \/>\n\t<meta property=\"og:image:type\" content=\"image\/png\" \/>\n<meta name=\"author\" content=\"Contenidos El Regional\" \/>\n<meta name=\"twitter:card\" content=\"summary_large_image\" \/>\n<meta name=\"twitter:creator\" content=\"@elregionalvm1\" \/>\n<meta name=\"twitter:site\" content=\"@elregionalvm1\" \/>\n<meta name=\"twitter:label1\" content=\"Escrito por\" \/>\n\t<meta name=\"twitter:data1\" content=\"Contenidos El Regional\" \/>\n\t<meta name=\"twitter:label2\" content=\"Tiempo de lectura\" \/>\n\t<meta name=\"twitter:data2\" content=\"3 minutos\" \/>\n<script type=\"application\/ld+json\" class=\"yoast-schema-graph\">{\"@context\":\"https:\/\/schema.org\",\"@graph\":[{\"@type\":\"Article\",\"@id\":\"http:\/\/elregionalvm.com.ar\/noticias-villa-maria\/vialidad-nacional-comenzaria-en-breve-la-repavimentacion-de-la-ruta-9-entre-pilar-y-bell-ville\/#article\",\"isPartOf\":{\"@id\":\"http:\/\/elregionalvm.com.ar\/noticias-villa-maria\/vialidad-nacional-comenzaria-en-breve-la-repavimentacion-de-la-ruta-9-entre-pilar-y-bell-ville\/\"},\"author\":{\"name\":\"Contenidos El Regional\",\"@id\":\"http:\/\/elregionalvm.com.ar\/noticias-villa-maria\/#\/schema\/person\/a0fb9c422317faca23d50163151bc354\"},\"headline\":\"Vialidad Nacional comenzar\u00eda en breve la repavimentaci\u00f3n de la ruta 9, entre Pilar y Bell Ville\",\"datePublished\":\"2021-08-12T00:11:12+00:00\",\"dateModified\":\"2021-08-12T00:11:47+00:00\",\"mainEntityOfPage\":{\"@id\":\"http:\/\/elregionalvm.com.ar\/noticias-villa-maria\/vialidad-nacional-comenzaria-en-breve-la-repavimentacion-de-la-ruta-9-entre-pilar-y-bell-ville\/\"},\"wordCount\":455,\"commentCount\":0,\"image\":{\"@id\":\"http:\/\/elregionalvm.com.ar\/noticias-villa-maria\/vialidad-nacional-comenzaria-en-breve-la-repavimentacion-de-la-ruta-9-entre-pilar-y-bell-ville\/#primaryimage\"},\"thumbnailUrl\":\"https:\/\/i0.wp.com\/elregionalvm.com.ar\/noticias-villa-maria\/wp-content\/uploads\/2021\/08\/ruta-9-campo.png?fit=1032%2C559&ssl=1\",\"keywords\":[\"carteler\u00eda\",\"destacado\",\"entre Pilar y Bell Ville\",\"mantenimiento ruta\",\"Nancy Schiavi\",\"repavimentaci\u00f3n ruta 9\",\"SEGURIDAD VIAL\",\"Vialidad Nacional\"],\"articleSection\":[\"Regi\u00f3n\"],\"inLanguage\":\"es\",\"potentialAction\":[{\"@type\":\"CommentAction\",\"name\":\"Comment\",\"target\":[\"http:\/\/elregionalvm.com.ar\/noticias-villa-maria\/vialidad-nacional-comenzaria-en-breve-la-repavimentacion-de-la-ruta-9-entre-pilar-y-bell-ville\/#respond\"]}]},{\"@type\":\"WebPage\",\"@id\":\"http:\/\/elregionalvm.com.ar\/noticias-villa-maria\/vialidad-nacional-comenzaria-en-breve-la-repavimentacion-de-la-ruta-9-entre-pilar-y-bell-ville\/\",\"url\":\"http:\/\/elregionalvm.com.ar\/noticias-villa-maria\/vialidad-nacional-comenzaria-en-breve-la-repavimentacion-de-la-ruta-9-entre-pilar-y-bell-ville\/\",\"name\":\"Vialidad Nacional comenzar\u00eda en breve la repavimentaci\u00f3n de la ruta 9, entre Pilar y Bell Ville - El Regional\",\"isPartOf\":{\"@id\":\"http:\/\/elregionalvm.com.ar\/noticias-villa-maria\/#website\"},\"primaryImageOfPage\":{\"@id\":\"http:\/\/elregionalvm.com.ar\/noticias-villa-maria\/vialidad-nacional-comenzaria-en-breve-la-repavimentacion-de-la-ruta-9-entre-pilar-y-bell-ville\/#primaryimage\"},\"image\":{\"@id\":\"http:\/\/elregionalvm.com.ar\/noticias-villa-maria\/vialidad-nacional-comenzaria-en-breve-la-repavimentacion-de-la-ruta-9-entre-pilar-y-bell-ville\/#primaryimage\"},\"thumbnailUrl\":\"https:\/\/i0.wp.com\/elregionalvm.com.ar\/noticias-villa-maria\/wp-content\/uploads\/2021\/08\/ruta-9-campo.png?fit=1032%2C559&ssl=1\",\"datePublished\":\"2021-08-12T00:11:12+00:00\",\"dateModified\":\"2021-08-12T00:11:47+00:00\",\"author\":{\"@id\":\"http:\/\/elregionalvm.com.ar\/noticias-villa-maria\/#\/schema\/person\/a0fb9c422317faca23d50163151bc354\"},\"breadcrumb\":{\"@id\":\"http:\/\/elregionalvm.com.ar\/noticias-villa-maria\/vialidad-nacional-comenzaria-en-breve-la-repavimentacion-de-la-ruta-9-entre-pilar-y-bell-ville\/#breadcrumb\"},\"inLanguage\":\"es\",\"potentialAction\":[{\"@type\":\"ReadAction\",\"target\":[\"http:\/\/elregionalvm.com.ar\/noticias-villa-maria\/vialidad-nacional-comenzaria-en-breve-la-repavimentacion-de-la-ruta-9-entre-pilar-y-bell-ville\/\"]}]},{\"@type\":\"ImageObject\",\"inLanguage\":\"es\",\"@id\":\"http:\/\/elregionalvm.com.ar\/noticias-villa-maria\/vialidad-nacional-comenzaria-en-breve-la-repavimentacion-de-la-ruta-9-entre-pilar-y-bell-ville\/#primaryimage\",\"url\":\"https:\/\/i0.wp.com\/elregionalvm.com.ar\/noticias-villa-maria\/wp-content\/uploads\/2021\/08\/ruta-9-campo.png?fit=1032%2C559&ssl=1\",\"contentUrl\":\"https:\/\/i0.wp.com\/elregionalvm.com.ar\/noticias-villa-maria\/wp-content\/uploads\/2021\/08\/ruta-9-campo.png?fit=1032%2C559&ssl=1\",\"width\":1032,\"height\":559},{\"@type\":\"BreadcrumbList\",\"@id\":\"http:\/\/elregionalvm.com.ar\/noticias-villa-maria\/vialidad-nacional-comenzaria-en-breve-la-repavimentacion-de-la-ruta-9-entre-pilar-y-bell-ville\/#breadcrumb\",\"itemListElement\":[{\"@type\":\"ListItem\",\"position\":1,\"name\":\"Portada\",\"item\":\"https:\/\/elregionalvm.com.ar\/noticias-villa-maria\/\"},{\"@type\":\"ListItem\",\"position\":2,\"name\":\"Vialidad Nacional comenzar\u00eda en breve la repavimentaci\u00f3n de la ruta 9, entre Pilar y Bell Ville\"}]},{\"@type\":\"WebSite\",\"@id\":\"http:\/\/elregionalvm.com.ar\/noticias-villa-maria\/#website\",\"url\":\"http:\/\/elregionalvm.com.ar\/noticias-villa-maria\/\",\"name\":\"El Regional\",\"description\":\"Mucho m\u00e1s que informaci\u00f3n\",\"potentialAction\":[{\"@type\":\"SearchAction\",\"target\":{\"@type\":\"EntryPoint\",\"urlTemplate\":\"http:\/\/elregionalvm.com.ar\/noticias-villa-maria\/?s={search_term_string}\"},\"query-input\":{\"@type\":\"PropertyValueSpecification\",\"valueRequired\":true,\"valueName\":\"search_term_string\"}}],\"inLanguage\":\"es\"},{\"@type\":\"Person\",\"@id\":\"http:\/\/elregionalvm.com.ar\/noticias-villa-maria\/#\/schema\/person\/a0fb9c422317faca23d50163151bc354\",\"name\":\"Contenidos El Regional\",\"image\":{\"@type\":\"ImageObject\",\"inLanguage\":\"es\",\"@id\":\"http:\/\/elregionalvm.com.ar\/noticias-villa-maria\/#\/schema\/person\/image\/\",\"url\":\"https:\/\/secure.gravatar.com\/avatar\/265b27cb2209af7bb3a1318f03305787d7981a5cc6e6cd08fe5a4ecdf99d4b48?s=96&d=mm&r=g\",\"contentUrl\":\"https:\/\/secure.gravatar.com\/avatar\/265b27cb2209af7bb3a1318f03305787d7981a5cc6e6cd08fe5a4ecdf99d4b48?s=96&d=mm&r=g\",\"caption\":\"Contenidos El Regional\"},\"url\":\"https:\/\/elregionalvm.com.ar\/noticias-villa-maria\/author\/contenido\/\"}]}<\/script>\n<!-- \/ Yoast SEO plugin. -->","yoast_head_json":{"title":"Vialidad Nacional comenzar\u00eda en breve la repavimentaci\u00f3n de la ruta 9, entre Pilar y Bell Ville - El Regional","robots":{"index":"index","follow":"follow","max-snippet":"max-snippet:-1","max-image-preview":"max-image-preview:large","max-video-preview":"max-video-preview:-1"},"canonical":"http:\/\/elregionalvm.com.ar\/noticias-villa-maria\/vialidad-nacional-comenzaria-en-breve-la-repavimentacion-de-la-ruta-9-entre-pilar-y-bell-ville\/","og_locale":"es_ES","og_type":"article","og_title":"Vialidad Nacional comenzar\u00eda en breve la repavimentaci\u00f3n de la ruta 9, entre Pilar y Bell Ville - El Regional","og_description":"Ayer se realiz\u00f3 una reuni\u00f3n entre el Jefe del distrito C\u00f3rdoba de VialidadNacional, Cr. Federico Eslava y la intendenta de T\u00edo Pujio, Nancy Schiavi, para tratar laproblem\u00e1tica del estado actual de la Ruta 9 Sur y las obras que comenzar\u00e1npr\u00f3ximamente. All\u00ed se supo que ser\u00e1n intervenidos 160 kil\u00f3metros que mejorar\u00e1n significativamente las condiciones de circulaci\u00f3n [&hellip;]","og_url":"http:\/\/elregionalvm.com.ar\/noticias-villa-maria\/vialidad-nacional-comenzaria-en-breve-la-repavimentacion-de-la-ruta-9-entre-pilar-y-bell-ville\/","og_site_name":"El Regional","article_publisher":"https:\/\/www.facebook.com\/elregionalvm","article_published_time":"2021-08-12T00:11:12+00:00","article_modified_time":"2021-08-12T00:11:47+00:00","og_image":[{"width":1032,"height":559,"url":"http:\/\/elregionalvm.com.ar\/noticias-villa-maria\/wp-content\/uploads\/2021\/08\/ruta-9-campo.png","type":"image\/png"}],"author":"Contenidos El Regional","twitter_card":"summary_large_image","twitter_creator":"@elregionalvm1","twitter_site":"@elregionalvm1","twitter_misc":{"Escrito por":"Contenidos El Regional","Tiempo de lectura":"3 minutos"},"schema":{"@context":"https:\/\/schema.org","@graph":[{"@type":"Article","@id":"http:\/\/elregionalvm.com.ar\/noticias-villa-maria\/vialidad-nacional-comenzaria-en-breve-la-repavimentacion-de-la-ruta-9-entre-pilar-y-bell-ville\/#article","isPartOf":{"@id":"http:\/\/elregionalvm.com.ar\/noticias-villa-maria\/vialidad-nacional-comenzaria-en-breve-la-repavimentacion-de-la-ruta-9-entre-pilar-y-bell-ville\/"},"author":{"name":"Contenidos El Regional","@id":"http:\/\/elregionalvm.com.ar\/noticias-villa-maria\/#\/schema\/person\/a0fb9c422317faca23d50163151bc354"},"headline":"Vialidad Nacional comenzar\u00eda en breve la repavimentaci\u00f3n de la ruta 9, entre Pilar y Bell Ville","datePublished":"2021-08-12T00:11:12+00:00","dateModified":"2021-08-12T00:11:47+00:00","mainEntityOfPage":{"@id":"http:\/\/elregionalvm.com.ar\/noticias-villa-maria\/vialidad-nacional-comenzaria-en-breve-la-repavimentacion-de-la-ruta-9-entre-pilar-y-bell-ville\/"},"wordCount":455,"commentCount":0,"image":{"@id":"http:\/\/elregionalvm.com.ar\/noticias-villa-maria\/vialidad-nacional-comenzaria-en-breve-la-repavimentacion-de-la-ruta-9-entre-pilar-y-bell-ville\/#primaryimage"},"thumbnailUrl":"https:\/\/i0.wp.com\/elregionalvm.com.ar\/noticias-villa-maria\/wp-content\/uploads\/2021\/08\/ruta-9-campo.png?fit=1032%2C559&ssl=1","keywords":["carteler\u00eda","destacado","entre Pilar y Bell Ville","mantenimiento ruta","Nancy Schiavi","repavimentaci\u00f3n ruta 9","SEGURIDAD VIAL","Vialidad Nacional"],"articleSection":["Regi\u00f3n"],"inLanguage":"es","potentialAction":[{"@type":"CommentAction","name":"Comment","target":["http:\/\/elregionalvm.com.ar\/noticias-villa-maria\/vialidad-nacional-comenzaria-en-breve-la-repavimentacion-de-la-ruta-9-entre-pilar-y-bell-ville\/#respond"]}]},{"@type":"WebPage","@id":"http:\/\/elregionalvm.com.ar\/noticias-villa-maria\/vialidad-nacional-comenzaria-en-breve-la-repavimentacion-de-la-ruta-9-entre-pilar-y-bell-ville\/","url":"http:\/\/elregionalvm.com.ar\/noticias-villa-maria\/vialidad-nacional-comenzaria-en-breve-la-repavimentacion-de-la-ruta-9-entre-pilar-y-bell-ville\/","name":"Vialidad Nacional comenzar\u00eda en breve la repavimentaci\u00f3n de la ruta 9, entre Pilar y Bell Ville - El Regional","isPartOf":{"@id":"http:\/\/elregionalvm.com.ar\/noticias-villa-maria\/#website"},"primaryImageOfPage":{"@id":"http:\/\/elregionalvm.com.ar\/noticias-villa-maria\/vialidad-nacional-comenzaria-en-breve-la-repavimentacion-de-la-ruta-9-entre-pilar-y-bell-ville\/#primaryimage"},"image":{"@id":"http:\/\/elregionalvm.com.ar\/noticias-villa-maria\/vialidad-nacional-comenzaria-en-breve-la-repavimentacion-de-la-ruta-9-entre-pilar-y-bell-ville\/#primaryimage"},"thumbnailUrl":"https:\/\/i0.wp.com\/elregionalvm.com.ar\/noticias-villa-maria\/wp-content\/uploads\/2021\/08\/ruta-9-campo.png?fit=1032%2C559&ssl=1","datePublished":"2021-08-12T00:11:12+00:00","dateModified":"2021-08-12T00:11:47+00:00","author":{"@id":"http:\/\/elregionalvm.com.ar\/noticias-villa-maria\/#\/schema\/person\/a0fb9c422317faca23d50163151bc354"},"breadcrumb":{"@id":"http:\/\/elregionalvm.com.ar\/noticias-villa-maria\/vialidad-nacional-comenzaria-en-breve-la-repavimentacion-de-la-ruta-9-entre-pilar-y-bell-ville\/#breadcrumb"},"inLanguage":"es","potentialAction":[{"@type":"ReadAction","target":["http:\/\/elregionalvm.com.ar\/noticias-villa-maria\/vialidad-nacional-comenzaria-en-breve-la-repavimentacion-de-la-ruta-9-entre-pilar-y-bell-ville\/"]}]},{"@type":"ImageObject","inLanguage":"es","@id":"http:\/\/elregionalvm.com.ar\/noticias-villa-maria\/vialidad-nacional-comenzaria-en-breve-la-repavimentacion-de-la-ruta-9-entre-pilar-y-bell-ville\/#primaryimage","url":"https:\/\/i0.wp.com\/elregionalvm.com.ar\/noticias-villa-maria\/wp-content\/uploads\/2021\/08\/ruta-9-campo.png?fit=1032%2C559&ssl=1","contentUrl":"https:\/\/i0.wp.com\/elregionalvm.com.ar\/noticias-villa-maria\/wp-content\/uploads\/2021\/08\/ruta-9-campo.png?fit=1032%2C559&ssl=1","width":1032,"height":559},{"@type":"BreadcrumbList","@id":"http:\/\/elregionalvm.com.ar\/noticias-villa-maria\/vialidad-nacional-comenzaria-en-breve-la-repavimentacion-de-la-ruta-9-entre-pilar-y-bell-ville\/#breadcrumb","itemListElement":[{"@type":"ListItem","position":1,"name":"Portada","item":"https:\/\/elregionalvm.com.ar\/noticias-villa-maria\/"},{"@type":"ListItem","position":2,"name":"Vialidad Nacional comenzar\u00eda en breve la repavimentaci\u00f3n de la ruta 9, entre Pilar y Bell Ville"}]},{"@type":"WebSite","@id":"http:\/\/elregionalvm.com.ar\/noticias-villa-maria\/#website","url":"http:\/\/elregionalvm.com.ar\/noticias-villa-maria\/","name":"El Regional","description":"Mucho m\u00e1s que informaci\u00f3n","potentialAction":[{"@type":"SearchAction","target":{"@type":"EntryPoint","urlTemplate":"http:\/\/elregionalvm.com.ar\/noticias-villa-maria\/?s={search_term_string}"},"query-input":{"@type":"PropertyValueSpecification","valueRequired":true,"valueName":"search_term_string"}}],"inLanguage":"es"},{"@type":"Person","@id":"http:\/\/elregionalvm.com.ar\/noticias-villa-maria\/#\/schema\/person\/a0fb9c422317faca23d50163151bc354","name":"Contenidos El Regional","image":{"@type":"ImageObject","inLanguage":"es","@id":"http:\/\/elregionalvm.com.ar\/noticias-villa-maria\/#\/schema\/person\/image\/","url":"https:\/\/secure.gravatar.com\/avatar\/265b27cb2209af7bb3a1318f03305787d7981a5cc6e6cd08fe5a4ecdf99d4b48?s=96&d=mm&r=g","contentUrl":"https:\/\/secure.gravatar.com\/avatar\/265b27cb2209af7bb3a1318f03305787d7981a5cc6e6cd08fe5a4ecdf99d4b48?s=96&d=mm&r=g","caption":"Contenidos El Regional"},"url":"https:\/\/elregionalvm.com.ar\/noticias-villa-maria\/author\/contenido\/"}]}},"jetpack_featured_media_url":"https:\/\/i0.wp.com\/elregionalvm.com.ar\/noticias-villa-maria\/wp-content\/uploads\/2021\/08\/ruta-9-campo.png?fit=1032%2C559&ssl=1","jetpack_sharing_enabled":true,"_links":{"self":[{"href":"https:\/\/elregionalvm.com.ar\/noticias-villa-maria\/wp-json\/wp\/v2\/posts\/42534","targetHints":{"allow":["GET"]}}],"collection":[{"href":"https:\/\/elregionalvm.com.ar\/noticias-villa-maria\/wp-json\/wp\/v2\/posts"}],"about":[{"href":"https:\/\/elregionalvm.com.ar\/noticias-villa-maria\/wp-json\/wp\/v2\/types\/post"}],"author":[{"embeddable":true,"href":"https:\/\/elregionalvm.com.ar\/noticias-villa-maria\/wp-json\/wp\/v2\/users\/4"}],"replies":[{"embeddable":true,"href":"https:\/\/elregionalvm.com.ar\/noticias-villa-maria\/wp-json\/wp\/v2\/comments?post=42534"}],"version-history":[{"count":1,"href":"https:\/\/elregionalvm.com.ar\/noticias-villa-maria\/wp-json\/wp\/v2\/posts\/42534\/revisions"}],"predecessor-version":[{"id":42537,"href":"https:\/\/elregionalvm.com.ar\/noticias-villa-maria\/wp-json\/wp\/v2\/posts\/42534\/revisions\/42537"}],"wp:featuredmedia":[{"embeddable":true,"href":"https:\/\/elregionalvm.com.ar\/noticias-villa-maria\/wp-json\/wp\/v2\/media\/42536"}],"wp:attachment":[{"href":"https:\/\/elregionalvm.com.ar\/noticias-villa-maria\/wp-json\/wp\/v2\/media?parent=42534"}],"wp:term":[{"taxonomy":"category","embeddable":true,"href":"https:\/\/elregionalvm.com.ar\/noticias-villa-maria\/wp-json\/wp\/v2\/categories?post=42534"},{"taxonomy":"post_tag","embeddable":true,"href":"https:\/\/elregionalvm.com.ar\/noticias-villa-maria\/wp-json\/wp\/v2\/tags?post=42534"}],"curies":[{"name":"wp","href":"https:\/\/api.w.org\/{rel}","templated":true}]}}