{"id":42541,"date":"2021-08-12T02:38:10","date_gmt":"2021-08-12T02:38:10","guid":{"rendered":"https:\/\/elregionalvm.com.ar\/noticias-villa-maria\/?p=42541"},"modified":"2021-08-12T02:38:12","modified_gmt":"2021-08-12T02:38:12","slug":"dos-hechos-policiales-con-detenidos-tras-un-accidente-un-sujeto-amenazo-a-otro-con-una-pistola-falsa","status":"publish","type":"post","link":"https:\/\/elregionalvm.com.ar\/noticias-villa-maria\/dos-hechos-policiales-con-detenidos-tras-un-accidente-un-sujeto-amenazo-a-otro-con-una-pistola-falsa\/","title":{"rendered":"Dos hechos policiales con detenidos: tras un accidente un sujeto amenaz\u00f3 a otro con una pistola falsa"},"content":{"rendered":"\n<p>En horas de la madrugada, en barrio Felipe Botta, procedi\u00f3 a la aprehensi\u00f3n de un hombre de 22 a\u00f1os de edad por supuesta portaci\u00f3n ilegal de armas y de un hombre de 29 a\u00f1os de edad, por la supuesta autor\u00eda al delito de entorpecimiento a la labor policial, debido a que momentos previos, mientras se encontraban patrullando el sector, procedieron al control del hombre de 22 a\u00f1os, el cual arroj\u00f3 un cuchillo al suelo, por lo que al momento de proceder a su aprehensi\u00f3n el hombre de 29 a\u00f1os, interfiri\u00f3 en la actuaci\u00f3n policial.<\/p>\n\n\n\n<figure class=\"wp-block-gallery columns-2 is-cropped wp-block-gallery-1 is-layout-flex wp-block-gallery-is-layout-flex\"><ul class=\"blocks-gallery-grid\"><li class=\"blocks-gallery-item\"><figure><img data-recalc-dims=\"1\" fetchpriority=\"high\" decoding=\"async\" width=\"484\" height=\"1024\" src=\"https:\/\/i0.wp.com\/elregionalvm.com.ar\/noticias-villa-maria\/wp-content\/uploads\/2021\/08\/WhatsApp-Image-2021-08-11-at-08.44.29.jpeg?resize=484%2C1024&#038;ssl=1\" alt=\"\" data-id=\"42542\" data-link=\"https:\/\/elregionalvm.com.ar\/noticias-villa-maria\/?attachment_id=42542\" class=\"wp-image-42542\" srcset=\"https:\/\/i0.wp.com\/elregionalvm.com.ar\/noticias-villa-maria\/wp-content\/uploads\/2021\/08\/WhatsApp-Image-2021-08-11-at-08.44.29.jpeg?resize=484%2C1024&amp;ssl=1 484w, https:\/\/i0.wp.com\/elregionalvm.com.ar\/noticias-villa-maria\/wp-content\/uploads\/2021\/08\/WhatsApp-Image-2021-08-11-at-08.44.29.jpeg?resize=142%2C300&amp;ssl=1 142w, https:\/\/i0.wp.com\/elregionalvm.com.ar\/noticias-villa-maria\/wp-content\/uploads\/2021\/08\/WhatsApp-Image-2021-08-11-at-08.44.29.jpeg?w=546&amp;ssl=1 546w\" sizes=\"(max-width: 484px) 100vw, 484px\" \/><\/figure><\/li><li class=\"blocks-gallery-item\"><figure><img data-recalc-dims=\"1\" decoding=\"async\" width=\"485\" height=\"1024\" src=\"https:\/\/i0.wp.com\/elregionalvm.com.ar\/noticias-villa-maria\/wp-content\/uploads\/2021\/08\/WhatsApp-Image-2021-08-11-at-08.44.29-1.jpeg?resize=485%2C1024&#038;ssl=1\" alt=\"\" data-id=\"42543\" data-full-url=\"https:\/\/elregionalvm.com.ar\/noticias-villa-maria\/wp-content\/uploads\/2021\/08\/WhatsApp-Image-2021-08-11-at-08.44.29-1.jpeg\" data-link=\"https:\/\/elregionalvm.com.ar\/noticias-villa-maria\/?attachment_id=42543\" class=\"wp-image-42543\" srcset=\"https:\/\/i0.wp.com\/elregionalvm.com.ar\/noticias-villa-maria\/wp-content\/uploads\/2021\/08\/WhatsApp-Image-2021-08-11-at-08.44.29-1.jpeg?resize=485%2C1024&amp;ssl=1 485w, https:\/\/i0.wp.com\/elregionalvm.com.ar\/noticias-villa-maria\/wp-content\/uploads\/2021\/08\/WhatsApp-Image-2021-08-11-at-08.44.29-1.jpeg?resize=142%2C300&amp;ssl=1 142w, https:\/\/i0.wp.com\/elregionalvm.com.ar\/noticias-villa-maria\/wp-content\/uploads\/2021\/08\/WhatsApp-Image-2021-08-11-at-08.44.29-1.jpeg?w=546&amp;ssl=1 546w\" sizes=\"(max-width: 485px) 100vw, 485px\" \/><\/figure><\/li><\/ul><\/figure>\n\n\n\n<p><strong>Accidente e incidente con dos detenidos en barrio San Mart\u00edn<\/strong><\/p>\n\n\n\n<p>Durante la tarde de este mi\u00e9rcoles, se detuvo a dos hombres de 27 y 70 a\u00f1os de edad, por supuestos autores de los delitos de \u201cabuso de arma\u201d, \u201camenazas calificadas\u201d y \u201cresistencia a la autoridad\u201d al primero de ellos, y por supuesto autor del delito de \u201centorpecimiento a la labor policial\u201d en el segundo caso.<\/p>\n\n\n\n<p>Momentos antes, en lo que habr\u00eda resultado un incidente de tr\u00e1nsito, el sujeto de 27 a\u00f1os habr\u00eda mantenido un altercado con una motociclista de 63 a\u00f1os de edad, a quien amenaz\u00f3 exhibiendo un arma, por lo que de inmediato se dispuso un operativo cerrojo teniendo en cuenta las caracter\u00edsticas aportadas, logrando interceptar al sujeto cuando circulaba a bordo de un autom\u00f3vil Volkswagen Fox. <\/p>\n\n\n\n<p>Al momento de proceder al control del mismo, este hombre se resisti\u00f3 al accionar policial; mientras que el segundo aprehendido result\u00f3 ser su padre, de 70 a\u00f1os de edad, quien intent\u00f3 evitar la aprehensi\u00f3n de su hijo entorpeciendo la labor policial. Como resultado de todo ello, se procedi\u00f3 al secuestro del autom\u00f3vil y una r\u00e9plica de pistola, con mecanismo de aire comprimido. Se labraron actuaciones a disposici\u00f3n de la fiscal\u00eda de instrucci\u00f3n de turno.<\/p>\n\n\n\n<figure class=\"wp-block-gallery columns-3 is-cropped wp-block-gallery-2 is-layout-flex wp-block-gallery-is-layout-flex\"><ul class=\"blocks-gallery-grid\"><li class=\"blocks-gallery-item\"><figure><img data-recalc-dims=\"1\" decoding=\"async\" width=\"1024\" height=\"718\" src=\"https:\/\/i0.wp.com\/elregionalvm.com.ar\/noticias-villa-maria\/wp-content\/uploads\/2021\/08\/WhatsApp-Image-2021-08-11-at-18.31.12.jpeg?resize=1024%2C718&#038;ssl=1\" alt=\"\" data-id=\"42545\" data-link=\"https:\/\/elregionalvm.com.ar\/noticias-villa-maria\/?attachment_id=42545\" class=\"wp-image-42545\" srcset=\"https:\/\/i0.wp.com\/elregionalvm.com.ar\/noticias-villa-maria\/wp-content\/uploads\/2021\/08\/WhatsApp-Image-2021-08-11-at-18.31.12.jpeg?resize=1024%2C718&amp;ssl=1 1024w, https:\/\/i0.wp.com\/elregionalvm.com.ar\/noticias-villa-maria\/wp-content\/uploads\/2021\/08\/WhatsApp-Image-2021-08-11-at-18.31.12.jpeg?resize=300%2C210&amp;ssl=1 300w, https:\/\/i0.wp.com\/elregionalvm.com.ar\/noticias-villa-maria\/wp-content\/uploads\/2021\/08\/WhatsApp-Image-2021-08-11-at-18.31.12.jpeg?resize=768%2C539&amp;ssl=1 768w, https:\/\/i0.wp.com\/elregionalvm.com.ar\/noticias-villa-maria\/wp-content\/uploads\/2021\/08\/WhatsApp-Image-2021-08-11-at-18.31.12.jpeg?w=1280&amp;ssl=1 1280w\" sizes=\"(max-width: 1000px) 100vw, 1000px\" \/><\/figure><\/li><li class=\"blocks-gallery-item\"><figure><img data-recalc-dims=\"1\" loading=\"lazy\" decoding=\"async\" width=\"1024\" height=\"726\" src=\"https:\/\/i0.wp.com\/elregionalvm.com.ar\/noticias-villa-maria\/wp-content\/uploads\/2021\/08\/WhatsApp-Image-2021-08-11-at-18.31.12-1.jpeg?resize=1024%2C726&#038;ssl=1\" alt=\"\" data-id=\"42546\" data-link=\"https:\/\/elregionalvm.com.ar\/noticias-villa-maria\/?attachment_id=42546\" class=\"wp-image-42546\" srcset=\"https:\/\/i0.wp.com\/elregionalvm.com.ar\/noticias-villa-maria\/wp-content\/uploads\/2021\/08\/WhatsApp-Image-2021-08-11-at-18.31.12-1.jpeg?resize=1024%2C726&amp;ssl=1 1024w, https:\/\/i0.wp.com\/elregionalvm.com.ar\/noticias-villa-maria\/wp-content\/uploads\/2021\/08\/WhatsApp-Image-2021-08-11-at-18.31.12-1.jpeg?resize=300%2C213&amp;ssl=1 300w, https:\/\/i0.wp.com\/elregionalvm.com.ar\/noticias-villa-maria\/wp-content\/uploads\/2021\/08\/WhatsApp-Image-2021-08-11-at-18.31.12-1.jpeg?resize=768%2C544&amp;ssl=1 768w, https:\/\/i0.wp.com\/elregionalvm.com.ar\/noticias-villa-maria\/wp-content\/uploads\/2021\/08\/WhatsApp-Image-2021-08-11-at-18.31.12-1.jpeg?w=1280&amp;ssl=1 1280w\" sizes=\"(max-width: 1000px) 100vw, 1000px\" \/><\/figure><\/li><li class=\"blocks-gallery-item\"><figure><img data-recalc-dims=\"1\" loading=\"lazy\" decoding=\"async\" width=\"1024\" height=\"726\" src=\"https:\/\/i0.wp.com\/elregionalvm.com.ar\/noticias-villa-maria\/wp-content\/uploads\/2021\/08\/WhatsApp-Image-2021-08-11-at-18.31.15.jpeg?resize=1024%2C726&#038;ssl=1\" alt=\"\" data-id=\"42547\" data-full-url=\"https:\/\/elregionalvm.com.ar\/noticias-villa-maria\/wp-content\/uploads\/2021\/08\/WhatsApp-Image-2021-08-11-at-18.31.15.jpeg\" data-link=\"https:\/\/elregionalvm.com.ar\/noticias-villa-maria\/?attachment_id=42547\" class=\"wp-image-42547\" srcset=\"https:\/\/i0.wp.com\/elregionalvm.com.ar\/noticias-villa-maria\/wp-content\/uploads\/2021\/08\/WhatsApp-Image-2021-08-11-at-18.31.15.jpeg?resize=1024%2C726&amp;ssl=1 1024w, https:\/\/i0.wp.com\/elregionalvm.com.ar\/noticias-villa-maria\/wp-content\/uploads\/2021\/08\/WhatsApp-Image-2021-08-11-at-18.31.15.jpeg?resize=300%2C213&amp;ssl=1 300w, https:\/\/i0.wp.com\/elregionalvm.com.ar\/noticias-villa-maria\/wp-content\/uploads\/2021\/08\/WhatsApp-Image-2021-08-11-at-18.31.15.jpeg?resize=768%2C544&amp;ssl=1 768w, https:\/\/i0.wp.com\/elregionalvm.com.ar\/noticias-villa-maria\/wp-content\/uploads\/2021\/08\/WhatsApp-Image-2021-08-11-at-18.31.15.jpeg?w=1280&amp;ssl=1 1280w\" sizes=\"(max-width: 1000px) 100vw, 1000px\" \/><\/figure><\/li><\/ul><\/figure>\n","protected":false},"excerpt":{"rendered":"<p>En horas de la madrugada, en barrio Felipe Botta, procedi\u00f3 a la aprehensi\u00f3n de un hombre de 22 a\u00f1os de edad por supuesta portaci\u00f3n ilegal de armas y de un hombre de 29 a\u00f1os de edad, por la supuesta autor\u00eda al delito de entorpecimiento a la labor policial, debido a que momentos previos, mientras se [&hellip;]<\/p>\n","protected":false},"author":4,"featured_media":42544,"comment_status":"open","ping_status":"open","sticky":false,"template":"","format":"standard","meta":{"site-sidebar-layout":"default","site-content-layout":"default","ast-site-content-layout":"default","site-content-style":"default","site-sidebar-style":"default","ast-global-header-display":"","ast-banner-title-visibility":"","ast-main-header-display":"","ast-hfb-above-header-display":"","ast-hfb-below-header-display":"","ast-hfb-mobile-header-display":"","site-post-title":"","ast-breadcrumbs-content":"","ast-featured-img":"","footer-sml-layout":"","ast-disable-related-posts":"","theme-transparent-header-meta":"default","adv-header-id-meta":"","stick-header-meta":"","header-above-stick-meta":"","header-main-stick-meta":"","header-below-stick-meta":"","astra-migrate-meta-layouts":"default","ast-page-background-enabled":"default","ast-page-background-meta":{"desktop":{"background-color":"","background-image":"","background-repeat":"repeat","background-position":"center center","background-size":"auto","background-attachment":"scroll","background-type":"","background-media":"","overlay-type":"","overlay-color":"","overlay-opacity":"","overlay-gradient":""},"tablet":{"background-color":"","background-image":"","background-repeat":"repeat","background-position":"center center","background-size":"auto","background-attachment":"scroll","background-type":"","background-media":"","overlay-type":"","overlay-color":"","overlay-opacity":"","overlay-gradient":""},"mobile":{"background-color":"","background-image":"","background-repeat":"repeat","background-position":"center center","background-size":"auto","background-attachment":"scroll","background-type":"","background-media":"","overlay-type":"","overlay-color":"","overlay-opacity":"","overlay-gradient":""}},"ast-content-background-meta":{"desktop":{"background-color":"var(--ast-global-color-5)","background-image":"","background-repeat":"repeat","background-position":"center center","background-size":"auto","background-attachment":"scroll","background-type":"","background-media":"","overlay-type":"","overlay-color":"","overlay-opacity":"","overlay-gradient":""},"tablet":{"background-color":"var(--ast-global-color-5)","background-image":"","background-repeat":"repeat","background-position":"center center","background-size":"auto","background-attachment":"scroll","background-type":"","background-media":"","overlay-type":"","overlay-color":"","overlay-opacity":"","overlay-gradient":""},"mobile":{"background-color":"var(--ast-global-color-5)","background-image":"","background-repeat":"repeat","background-position":"center center","background-size":"auto","background-attachment":"scroll","background-type":"","background-media":"","overlay-type":"","overlay-color":"","overlay-opacity":"","overlay-gradient":""}},"_jetpack_memberships_contains_paid_content":false,"_joinchat":[],"footnotes":""},"categories":[2234],"tags":[2299,2688,1232,2414,10520,741,8994],"class_list":["post-42541","post","type-post","status-publish","format-standard","has-post-thumbnail","hentry","category-policiales","tag-accidente","tag-amenaza","tag-destacado","tag-detenidos","tag-pistola-falsa","tag-policiales","tag-resistencia-a-la-autoridad"],"yoast_head":"<!-- This site is optimized with the Yoast SEO plugin v26.8 - https:\/\/yoast.com\/product\/yoast-seo-wordpress\/ -->\n<title>Dos hechos policiales con detenidos: tras un accidente un sujeto amenaz\u00f3 a otro con una pistola falsa - El Regional<\/title>\n<meta name=\"robots\" content=\"index, follow, max-snippet:-1, max-image-preview:large, max-video-preview:-1\" \/>\n<link rel=\"canonical\" href=\"http:\/\/elregionalvm.com.ar\/noticias-villa-maria\/dos-hechos-policiales-con-detenidos-tras-un-accidente-un-sujeto-amenazo-a-otro-con-una-pistola-falsa\/\" \/>\n<meta property=\"og:locale\" content=\"es_ES\" \/>\n<meta property=\"og:type\" content=\"article\" \/>\n<meta property=\"og:title\" content=\"Dos hechos policiales con detenidos: tras un accidente un sujeto amenaz\u00f3 a otro con una pistola falsa - El Regional\" \/>\n<meta property=\"og:description\" content=\"En horas de la madrugada, en barrio Felipe Botta, procedi\u00f3 a la aprehensi\u00f3n de un hombre de 22 a\u00f1os de edad por supuesta portaci\u00f3n ilegal de armas y de un hombre de 29 a\u00f1os de edad, por la supuesta autor\u00eda al delito de entorpecimiento a la labor policial, debido a que momentos previos, mientras se [&hellip;]\" \/>\n<meta property=\"og:url\" content=\"http:\/\/elregionalvm.com.ar\/noticias-villa-maria\/dos-hechos-policiales-con-detenidos-tras-un-accidente-un-sujeto-amenazo-a-otro-con-una-pistola-falsa\/\" \/>\n<meta property=\"og:site_name\" content=\"El Regional\" \/>\n<meta property=\"article:publisher\" content=\"https:\/\/www.facebook.com\/elregionalvm\" \/>\n<meta property=\"article:published_time\" content=\"2021-08-12T02:38:10+00:00\" \/>\n<meta property=\"article:modified_time\" content=\"2021-08-12T02:38:12+00:00\" \/>\n<meta property=\"og:image\" content=\"http:\/\/elregionalvm.com.ar\/noticias-villa-maria\/wp-content\/uploads\/2021\/08\/WhatsApp-Image-2021-08-11-at-18.31.14.jpeg\" \/>\n\t<meta property=\"og:image:width\" content=\"930\" \/>\n\t<meta property=\"og:image:height\" content=\"1280\" \/>\n\t<meta property=\"og:image:type\" content=\"image\/jpeg\" \/>\n<meta name=\"author\" content=\"Contenidos El Regional\" \/>\n<meta name=\"twitter:card\" content=\"summary_large_image\" \/>\n<meta name=\"twitter:creator\" content=\"@elregionalvm1\" \/>\n<meta name=\"twitter:site\" content=\"@elregionalvm1\" \/>\n<meta name=\"twitter:label1\" content=\"Escrito por\" \/>\n\t<meta name=\"twitter:data1\" content=\"Contenidos El Regional\" \/>\n\t<meta name=\"twitter:label2\" content=\"Tiempo de lectura\" \/>\n\t<meta name=\"twitter:data2\" content=\"3 minutos\" \/>\n<script type=\"application\/ld+json\" class=\"yoast-schema-graph\">{\"@context\":\"https:\/\/schema.org\",\"@graph\":[{\"@type\":\"Article\",\"@id\":\"http:\/\/elregionalvm.com.ar\/noticias-villa-maria\/dos-hechos-policiales-con-detenidos-tras-un-accidente-un-sujeto-amenazo-a-otro-con-una-pistola-falsa\/#article\",\"isPartOf\":{\"@id\":\"http:\/\/elregionalvm.com.ar\/noticias-villa-maria\/dos-hechos-policiales-con-detenidos-tras-un-accidente-un-sujeto-amenazo-a-otro-con-una-pistola-falsa\/\"},\"author\":{\"name\":\"Contenidos El Regional\",\"@id\":\"http:\/\/elregionalvm.com.ar\/noticias-villa-maria\/#\/schema\/person\/a0fb9c422317faca23d50163151bc354\"},\"headline\":\"Dos hechos policiales con detenidos: tras un accidente un sujeto amenaz\u00f3 a otro con una pistola falsa\",\"datePublished\":\"2021-08-12T02:38:10+00:00\",\"dateModified\":\"2021-08-12T02:38:12+00:00\",\"mainEntityOfPage\":{\"@id\":\"http:\/\/elregionalvm.com.ar\/noticias-villa-maria\/dos-hechos-policiales-con-detenidos-tras-un-accidente-un-sujeto-amenazo-a-otro-con-una-pistola-falsa\/\"},\"wordCount\":330,\"commentCount\":0,\"image\":{\"@id\":\"http:\/\/elregionalvm.com.ar\/noticias-villa-maria\/dos-hechos-policiales-con-detenidos-tras-un-accidente-un-sujeto-amenazo-a-otro-con-una-pistola-falsa\/#primaryimage\"},\"thumbnailUrl\":\"https:\/\/i0.wp.com\/elregionalvm.com.ar\/noticias-villa-maria\/wp-content\/uploads\/2021\/08\/WhatsApp-Image-2021-08-11-at-18.31.14.jpeg?fit=930%2C1280&ssl=1\",\"keywords\":[\"accidente\",\"amenaza\",\"destacado\",\"detenidos\",\"pistola falsa\",\"Policiales\",\"resistencia a la autoridad\"],\"articleSection\":[\"Policiales\"],\"inLanguage\":\"es\",\"potentialAction\":[{\"@type\":\"CommentAction\",\"name\":\"Comment\",\"target\":[\"http:\/\/elregionalvm.com.ar\/noticias-villa-maria\/dos-hechos-policiales-con-detenidos-tras-un-accidente-un-sujeto-amenazo-a-otro-con-una-pistola-falsa\/#respond\"]}]},{\"@type\":\"WebPage\",\"@id\":\"http:\/\/elregionalvm.com.ar\/noticias-villa-maria\/dos-hechos-policiales-con-detenidos-tras-un-accidente-un-sujeto-amenazo-a-otro-con-una-pistola-falsa\/\",\"url\":\"http:\/\/elregionalvm.com.ar\/noticias-villa-maria\/dos-hechos-policiales-con-detenidos-tras-un-accidente-un-sujeto-amenazo-a-otro-con-una-pistola-falsa\/\",\"name\":\"Dos hechos policiales con detenidos: tras un accidente un sujeto amenaz\u00f3 a otro con una pistola falsa - El Regional\",\"isPartOf\":{\"@id\":\"http:\/\/elregionalvm.com.ar\/noticias-villa-maria\/#website\"},\"primaryImageOfPage\":{\"@id\":\"http:\/\/elregionalvm.com.ar\/noticias-villa-maria\/dos-hechos-policiales-con-detenidos-tras-un-accidente-un-sujeto-amenazo-a-otro-con-una-pistola-falsa\/#primaryimage\"},\"image\":{\"@id\":\"http:\/\/elregionalvm.com.ar\/noticias-villa-maria\/dos-hechos-policiales-con-detenidos-tras-un-accidente-un-sujeto-amenazo-a-otro-con-una-pistola-falsa\/#primaryimage\"},\"thumbnailUrl\":\"https:\/\/i0.wp.com\/elregionalvm.com.ar\/noticias-villa-maria\/wp-content\/uploads\/2021\/08\/WhatsApp-Image-2021-08-11-at-18.31.14.jpeg?fit=930%2C1280&ssl=1\",\"datePublished\":\"2021-08-12T02:38:10+00:00\",\"dateModified\":\"2021-08-12T02:38:12+00:00\",\"author\":{\"@id\":\"http:\/\/elregionalvm.com.ar\/noticias-villa-maria\/#\/schema\/person\/a0fb9c422317faca23d50163151bc354\"},\"breadcrumb\":{\"@id\":\"http:\/\/elregionalvm.com.ar\/noticias-villa-maria\/dos-hechos-policiales-con-detenidos-tras-un-accidente-un-sujeto-amenazo-a-otro-con-una-pistola-falsa\/#breadcrumb\"},\"inLanguage\":\"es\",\"potentialAction\":[{\"@type\":\"ReadAction\",\"target\":[\"http:\/\/elregionalvm.com.ar\/noticias-villa-maria\/dos-hechos-policiales-con-detenidos-tras-un-accidente-un-sujeto-amenazo-a-otro-con-una-pistola-falsa\/\"]}]},{\"@type\":\"ImageObject\",\"inLanguage\":\"es\",\"@id\":\"http:\/\/elregionalvm.com.ar\/noticias-villa-maria\/dos-hechos-policiales-con-detenidos-tras-un-accidente-un-sujeto-amenazo-a-otro-con-una-pistola-falsa\/#primaryimage\",\"url\":\"https:\/\/i0.wp.com\/elregionalvm.com.ar\/noticias-villa-maria\/wp-content\/uploads\/2021\/08\/WhatsApp-Image-2021-08-11-at-18.31.14.jpeg?fit=930%2C1280&ssl=1\",\"contentUrl\":\"https:\/\/i0.wp.com\/elregionalvm.com.ar\/noticias-villa-maria\/wp-content\/uploads\/2021\/08\/WhatsApp-Image-2021-08-11-at-18.31.14.jpeg?fit=930%2C1280&ssl=1\",\"width\":930,\"height\":1280},{\"@type\":\"BreadcrumbList\",\"@id\":\"http:\/\/elregionalvm.com.ar\/noticias-villa-maria\/dos-hechos-policiales-con-detenidos-tras-un-accidente-un-sujeto-amenazo-a-otro-con-una-pistola-falsa\/#breadcrumb\",\"itemListElement\":[{\"@type\":\"ListItem\",\"position\":1,\"name\":\"Portada\",\"item\":\"https:\/\/elregionalvm.com.ar\/noticias-villa-maria\/\"},{\"@type\":\"ListItem\",\"position\":2,\"name\":\"Dos hechos policiales con detenidos: tras un accidente un sujeto amenaz\u00f3 a otro con una pistola falsa\"}]},{\"@type\":\"WebSite\",\"@id\":\"http:\/\/elregionalvm.com.ar\/noticias-villa-maria\/#website\",\"url\":\"http:\/\/elregionalvm.com.ar\/noticias-villa-maria\/\",\"name\":\"El Regional\",\"description\":\"Mucho m\u00e1s que informaci\u00f3n\",\"potentialAction\":[{\"@type\":\"SearchAction\",\"target\":{\"@type\":\"EntryPoint\",\"urlTemplate\":\"http:\/\/elregionalvm.com.ar\/noticias-villa-maria\/?s={search_term_string}\"},\"query-input\":{\"@type\":\"PropertyValueSpecification\",\"valueRequired\":true,\"valueName\":\"search_term_string\"}}],\"inLanguage\":\"es\"},{\"@type\":\"Person\",\"@id\":\"http:\/\/elregionalvm.com.ar\/noticias-villa-maria\/#\/schema\/person\/a0fb9c422317faca23d50163151bc354\",\"name\":\"Contenidos El Regional\",\"image\":{\"@type\":\"ImageObject\",\"inLanguage\":\"es\",\"@id\":\"http:\/\/elregionalvm.com.ar\/noticias-villa-maria\/#\/schema\/person\/image\/\",\"url\":\"https:\/\/secure.gravatar.com\/avatar\/265b27cb2209af7bb3a1318f03305787d7981a5cc6e6cd08fe5a4ecdf99d4b48?s=96&d=mm&r=g\",\"contentUrl\":\"https:\/\/secure.gravatar.com\/avatar\/265b27cb2209af7bb3a1318f03305787d7981a5cc6e6cd08fe5a4ecdf99d4b48?s=96&d=mm&r=g\",\"caption\":\"Contenidos El Regional\"},\"url\":\"https:\/\/elregionalvm.com.ar\/noticias-villa-maria\/author\/contenido\/\"}]}<\/script>\n<!-- \/ Yoast SEO plugin. -->","yoast_head_json":{"title":"Dos hechos policiales con detenidos: tras un accidente un sujeto amenaz\u00f3 a otro con una pistola falsa - El Regional","robots":{"index":"index","follow":"follow","max-snippet":"max-snippet:-1","max-image-preview":"max-image-preview:large","max-video-preview":"max-video-preview:-1"},"canonical":"http:\/\/elregionalvm.com.ar\/noticias-villa-maria\/dos-hechos-policiales-con-detenidos-tras-un-accidente-un-sujeto-amenazo-a-otro-con-una-pistola-falsa\/","og_locale":"es_ES","og_type":"article","og_title":"Dos hechos policiales con detenidos: tras un accidente un sujeto amenaz\u00f3 a otro con una pistola falsa - El Regional","og_description":"En horas de la madrugada, en barrio Felipe Botta, procedi\u00f3 a la aprehensi\u00f3n de un hombre de 22 a\u00f1os de edad por supuesta portaci\u00f3n ilegal de armas y de un hombre de 29 a\u00f1os de edad, por la supuesta autor\u00eda al delito de entorpecimiento a la labor policial, debido a que momentos previos, mientras se [&hellip;]","og_url":"http:\/\/elregionalvm.com.ar\/noticias-villa-maria\/dos-hechos-policiales-con-detenidos-tras-un-accidente-un-sujeto-amenazo-a-otro-con-una-pistola-falsa\/","og_site_name":"El Regional","article_publisher":"https:\/\/www.facebook.com\/elregionalvm","article_published_time":"2021-08-12T02:38:10+00:00","article_modified_time":"2021-08-12T02:38:12+00:00","og_image":[{"width":930,"height":1280,"url":"http:\/\/elregionalvm.com.ar\/noticias-villa-maria\/wp-content\/uploads\/2021\/08\/WhatsApp-Image-2021-08-11-at-18.31.14.jpeg","type":"image\/jpeg"}],"author":"Contenidos El Regional","twitter_card":"summary_large_image","twitter_creator":"@elregionalvm1","twitter_site":"@elregionalvm1","twitter_misc":{"Escrito por":"Contenidos El Regional","Tiempo de lectura":"3 minutos"},"schema":{"@context":"https:\/\/schema.org","@graph":[{"@type":"Article","@id":"http:\/\/elregionalvm.com.ar\/noticias-villa-maria\/dos-hechos-policiales-con-detenidos-tras-un-accidente-un-sujeto-amenazo-a-otro-con-una-pistola-falsa\/#article","isPartOf":{"@id":"http:\/\/elregionalvm.com.ar\/noticias-villa-maria\/dos-hechos-policiales-con-detenidos-tras-un-accidente-un-sujeto-amenazo-a-otro-con-una-pistola-falsa\/"},"author":{"name":"Contenidos El Regional","@id":"http:\/\/elregionalvm.com.ar\/noticias-villa-maria\/#\/schema\/person\/a0fb9c422317faca23d50163151bc354"},"headline":"Dos hechos policiales con detenidos: tras un accidente un sujeto amenaz\u00f3 a otro con una pistola falsa","datePublished":"2021-08-12T02:38:10+00:00","dateModified":"2021-08-12T02:38:12+00:00","mainEntityOfPage":{"@id":"http:\/\/elregionalvm.com.ar\/noticias-villa-maria\/dos-hechos-policiales-con-detenidos-tras-un-accidente-un-sujeto-amenazo-a-otro-con-una-pistola-falsa\/"},"wordCount":330,"commentCount":0,"image":{"@id":"http:\/\/elregionalvm.com.ar\/noticias-villa-maria\/dos-hechos-policiales-con-detenidos-tras-un-accidente-un-sujeto-amenazo-a-otro-con-una-pistola-falsa\/#primaryimage"},"thumbnailUrl":"https:\/\/i0.wp.com\/elregionalvm.com.ar\/noticias-villa-maria\/wp-content\/uploads\/2021\/08\/WhatsApp-Image-2021-08-11-at-18.31.14.jpeg?fit=930%2C1280&ssl=1","keywords":["accidente","amenaza","destacado","detenidos","pistola falsa","Policiales","resistencia a la autoridad"],"articleSection":["Policiales"],"inLanguage":"es","potentialAction":[{"@type":"CommentAction","name":"Comment","target":["http:\/\/elregionalvm.com.ar\/noticias-villa-maria\/dos-hechos-policiales-con-detenidos-tras-un-accidente-un-sujeto-amenazo-a-otro-con-una-pistola-falsa\/#respond"]}]},{"@type":"WebPage","@id":"http:\/\/elregionalvm.com.ar\/noticias-villa-maria\/dos-hechos-policiales-con-detenidos-tras-un-accidente-un-sujeto-amenazo-a-otro-con-una-pistola-falsa\/","url":"http:\/\/elregionalvm.com.ar\/noticias-villa-maria\/dos-hechos-policiales-con-detenidos-tras-un-accidente-un-sujeto-amenazo-a-otro-con-una-pistola-falsa\/","name":"Dos hechos policiales con detenidos: tras un accidente un sujeto amenaz\u00f3 a otro con una pistola falsa - El Regional","isPartOf":{"@id":"http:\/\/elregionalvm.com.ar\/noticias-villa-maria\/#website"},"primaryImageOfPage":{"@id":"http:\/\/elregionalvm.com.ar\/noticias-villa-maria\/dos-hechos-policiales-con-detenidos-tras-un-accidente-un-sujeto-amenazo-a-otro-con-una-pistola-falsa\/#primaryimage"},"image":{"@id":"http:\/\/elregionalvm.com.ar\/noticias-villa-maria\/dos-hechos-policiales-con-detenidos-tras-un-accidente-un-sujeto-amenazo-a-otro-con-una-pistola-falsa\/#primaryimage"},"thumbnailUrl":"https:\/\/i0.wp.com\/elregionalvm.com.ar\/noticias-villa-maria\/wp-content\/uploads\/2021\/08\/WhatsApp-Image-2021-08-11-at-18.31.14.jpeg?fit=930%2C1280&ssl=1","datePublished":"2021-08-12T02:38:10+00:00","dateModified":"2021-08-12T02:38:12+00:00","author":{"@id":"http:\/\/elregionalvm.com.ar\/noticias-villa-maria\/#\/schema\/person\/a0fb9c422317faca23d50163151bc354"},"breadcrumb":{"@id":"http:\/\/elregionalvm.com.ar\/noticias-villa-maria\/dos-hechos-policiales-con-detenidos-tras-un-accidente-un-sujeto-amenazo-a-otro-con-una-pistola-falsa\/#breadcrumb"},"inLanguage":"es","potentialAction":[{"@type":"ReadAction","target":["http:\/\/elregionalvm.com.ar\/noticias-villa-maria\/dos-hechos-policiales-con-detenidos-tras-un-accidente-un-sujeto-amenazo-a-otro-con-una-pistola-falsa\/"]}]},{"@type":"ImageObject","inLanguage":"es","@id":"http:\/\/elregionalvm.com.ar\/noticias-villa-maria\/dos-hechos-policiales-con-detenidos-tras-un-accidente-un-sujeto-amenazo-a-otro-con-una-pistola-falsa\/#primaryimage","url":"https:\/\/i0.wp.com\/elregionalvm.com.ar\/noticias-villa-maria\/wp-content\/uploads\/2021\/08\/WhatsApp-Image-2021-08-11-at-18.31.14.jpeg?fit=930%2C1280&ssl=1","contentUrl":"https:\/\/i0.wp.com\/elregionalvm.com.ar\/noticias-villa-maria\/wp-content\/uploads\/2021\/08\/WhatsApp-Image-2021-08-11-at-18.31.14.jpeg?fit=930%2C1280&ssl=1","width":930,"height":1280},{"@type":"BreadcrumbList","@id":"http:\/\/elregionalvm.com.ar\/noticias-villa-maria\/dos-hechos-policiales-con-detenidos-tras-un-accidente-un-sujeto-amenazo-a-otro-con-una-pistola-falsa\/#breadcrumb","itemListElement":[{"@type":"ListItem","position":1,"name":"Portada","item":"https:\/\/elregionalvm.com.ar\/noticias-villa-maria\/"},{"@type":"ListItem","position":2,"name":"Dos hechos policiales con detenidos: tras un accidente un sujeto amenaz\u00f3 a otro con una pistola falsa"}]},{"@type":"WebSite","@id":"http:\/\/elregionalvm.com.ar\/noticias-villa-maria\/#website","url":"http:\/\/elregionalvm.com.ar\/noticias-villa-maria\/","name":"El Regional","description":"Mucho m\u00e1s que informaci\u00f3n","potentialAction":[{"@type":"SearchAction","target":{"@type":"EntryPoint","urlTemplate":"http:\/\/elregionalvm.com.ar\/noticias-villa-maria\/?s={search_term_string}"},"query-input":{"@type":"PropertyValueSpecification","valueRequired":true,"valueName":"search_term_string"}}],"inLanguage":"es"},{"@type":"Person","@id":"http:\/\/elregionalvm.com.ar\/noticias-villa-maria\/#\/schema\/person\/a0fb9c422317faca23d50163151bc354","name":"Contenidos El Regional","image":{"@type":"ImageObject","inLanguage":"es","@id":"http:\/\/elregionalvm.com.ar\/noticias-villa-maria\/#\/schema\/person\/image\/","url":"https:\/\/secure.gravatar.com\/avatar\/265b27cb2209af7bb3a1318f03305787d7981a5cc6e6cd08fe5a4ecdf99d4b48?s=96&d=mm&r=g","contentUrl":"https:\/\/secure.gravatar.com\/avatar\/265b27cb2209af7bb3a1318f03305787d7981a5cc6e6cd08fe5a4ecdf99d4b48?s=96&d=mm&r=g","caption":"Contenidos El Regional"},"url":"https:\/\/elregionalvm.com.ar\/noticias-villa-maria\/author\/contenido\/"}]}},"jetpack_featured_media_url":"https:\/\/i0.wp.com\/elregionalvm.com.ar\/noticias-villa-maria\/wp-content\/uploads\/2021\/08\/WhatsApp-Image-2021-08-11-at-18.31.14.jpeg?fit=930%2C1280&ssl=1","jetpack_sharing_enabled":true,"_links":{"self":[{"href":"https:\/\/elregionalvm.com.ar\/noticias-villa-maria\/wp-json\/wp\/v2\/posts\/42541","targetHints":{"allow":["GET"]}}],"collection":[{"href":"https:\/\/elregionalvm.com.ar\/noticias-villa-maria\/wp-json\/wp\/v2\/posts"}],"about":[{"href":"https:\/\/elregionalvm.com.ar\/noticias-villa-maria\/wp-json\/wp\/v2\/types\/post"}],"author":[{"embeddable":true,"href":"https:\/\/elregionalvm.com.ar\/noticias-villa-maria\/wp-json\/wp\/v2\/users\/4"}],"replies":[{"embeddable":true,"href":"https:\/\/elregionalvm.com.ar\/noticias-villa-maria\/wp-json\/wp\/v2\/comments?post=42541"}],"version-history":[{"count":1,"href":"https:\/\/elregionalvm.com.ar\/noticias-villa-maria\/wp-json\/wp\/v2\/posts\/42541\/revisions"}],"predecessor-version":[{"id":42548,"href":"https:\/\/elregionalvm.com.ar\/noticias-villa-maria\/wp-json\/wp\/v2\/posts\/42541\/revisions\/42548"}],"wp:featuredmedia":[{"embeddable":true,"href":"https:\/\/elregionalvm.com.ar\/noticias-villa-maria\/wp-json\/wp\/v2\/media\/42544"}],"wp:attachment":[{"href":"https:\/\/elregionalvm.com.ar\/noticias-villa-maria\/wp-json\/wp\/v2\/media?parent=42541"}],"wp:term":[{"taxonomy":"category","embeddable":true,"href":"https:\/\/elregionalvm.com.ar\/noticias-villa-maria\/wp-json\/wp\/v2\/categories?post=42541"},{"taxonomy":"post_tag","embeddable":true,"href":"https:\/\/elregionalvm.com.ar\/noticias-villa-maria\/wp-json\/wp\/v2\/tags?post=42541"}],"curies":[{"name":"wp","href":"https:\/\/api.w.org\/{rel}","templated":true}]}}