{"id":42562,"date":"2021-08-12T17:39:53","date_gmt":"2021-08-12T17:39:53","guid":{"rendered":"https:\/\/elregionalvm.com.ar\/noticias-villa-maria\/?p=42562"},"modified":"2021-08-12T17:44:42","modified_gmt":"2021-08-12T17:44:42","slug":"con-algunos-cambios-villa-nueva-comenzo-a-preparar-los-carnavales-2022","status":"publish","type":"post","link":"https:\/\/elregionalvm.com.ar\/noticias-villa-maria\/con-algunos-cambios-villa-nueva-comenzo-a-preparar-los-carnavales-2022\/","title":{"rendered":"Con algunos cambios, Villa Nueva comenz\u00f3 a preparar el regreso de los carnavales"},"content":{"rendered":"\n<p><\/p>\n\n\n\n<p>Con la ausencia de los Carnavales Gigantes en el 2021 con 34 ediciones continuas, se avizora que en 2022 volver\u00e1 la fiesta popular al pulm\u00f3n verde de la ciudad.<\/p>\n\n\n\n<p>El presidente de la Comisi\u00f3n de\u00a0Carnavales, H\u00e9ctor Tuli\u00e1n,en di\u00e1logo con <strong><a href=\"http:\/\/www.elregionalvm.com.ar\">El Regional Diario Digital,<\/a><\/strong> asegur\u00f3 estar con muchas expectativas para continuar con la fiesta, el color de las comparsas y el ritmo de las batucadas para el pr\u00f3ximo verano.<\/p>\n\n\n\n<p>\u201cAlgunos dise\u00f1adores comenzaron a presentar carpetas de dise\u00f1os, y desde el pr\u00f3ximo 18, las batucadas estar\u00e1n habilitadas para comenzar con los ensayos\u201d, explic\u00f3.<\/p>\n\n\n\n<p>&nbsp;Adem\u00e1s, apunt\u00f3 que se est\u00e1 armando un protocolo riguroso, para que cada comparsa trabaje con su dise\u00f1ador de la manera m\u00e1s segura y los cuidados que se requieren.<\/p>\n\n\n\n<p><strong>Brillos y protocolo<\/strong><\/p>\n\n\n\n<p>Por el momento, la fecha estimada ir\u00eda m\u00e1s all\u00e1 del tradicional de enero. \u201cDebido a los plazos acotados, para hacer los trajes que estamos acostumbrado a mostrar para el deleite de la gente, se estar\u00eda evaluando por \u00fanica vez, realizarlos en el mes de febrero, en feriado carnaval, 28 de febrero, 1 de marzo\u201d.<\/p>\n\n\n\n<p>\u201cTodo queda sujeto al retroceso del virus. Creemos que mientras mayor inoculaci\u00f3n se lleve a cabo, menos peligrosidad de contagios tendremos. Uno avizora buenos resultados y por eso nos animamos a tomar esta decisi\u00f3n en conjunto\u201d, agreg\u00f3.<\/p>\n\n\n\n<p>Tuli\u00e1n remarc\u00f3 estar trabajando con mucho \u00e9nfasis en el protocolo y estar en contacto con otros organizadores de carnavales del pa\u00eds, para tomar sus medidas de cuidados.<\/p>\n\n\n\n<p>Otro punto importante que resalt\u00f3 para la organizaci\u00f3n fue que, para generar mayores cuidados contra el covid-19, eval\u00faan extender el cors\u00f3dromo a 500 metros, para evitar la concentraci\u00f3n de la gente en una sola zona.<\/p>\n\n\n\n<p><strong>Dise\u00f1adores<\/strong><\/p>\n\n\n\n<p>Los dise\u00f1adores estar\u00e1n firmando los convenios este fin de semana. \u201cLos Olmos tendr\u00e1 a Rub\u00e9n Garnero y M\u00f3nica, el de San Antonio ser\u00e1 Carlos Casas y solo resta terminar de definir el de barrio Sarmiento, pero ya estar\u00eda tambi\u00e9n\u201d, concluy\u00f3.<\/p>\n\n\n\n<p><\/p>\n\n\n\n<p><\/p>\n\n\n\n<p><em>Foto: Archivo<\/em><\/p>\n","protected":false},"excerpt":{"rendered":"<p>Con la ausencia de los Carnavales Gigantes en el 2021 con 34 ediciones continuas, se avizora que en 2022 volver\u00e1 la fiesta popular al pulm\u00f3n verde de la ciudad. El presidente de la Comisi\u00f3n de\u00a0Carnavales, H\u00e9ctor Tuli\u00e1n,en di\u00e1logo con El Regional Diario Digital, asegur\u00f3 estar con muchas expectativas para continuar con la fiesta, el color [&hellip;]<\/p>\n","protected":false},"author":4,"featured_media":42564,"comment_status":"open","ping_status":"open","sticky":false,"template":"","format":"standard","meta":{"site-sidebar-layout":"default","site-content-layout":"default","ast-site-content-layout":"default","site-content-style":"default","site-sidebar-style":"default","ast-global-header-display":"","ast-banner-title-visibility":"","ast-main-header-display":"","ast-hfb-above-header-display":"","ast-hfb-below-header-display":"","ast-hfb-mobile-header-display":"","site-post-title":"","ast-breadcrumbs-content":"","ast-featured-img":"","footer-sml-layout":"","ast-disable-related-posts":"","theme-transparent-header-meta":"default","adv-header-id-meta":"","stick-header-meta":"","header-above-stick-meta":"","header-main-stick-meta":"","header-below-stick-meta":"","astra-migrate-meta-layouts":"default","ast-page-background-enabled":"default","ast-page-background-meta":{"desktop":{"background-color":"","background-image":"","background-repeat":"repeat","background-position":"center center","background-size":"auto","background-attachment":"scroll","background-type":"","background-media":"","overlay-type":"","overlay-color":"","overlay-opacity":"","overlay-gradient":""},"tablet":{"background-color":"","background-image":"","background-repeat":"repeat","background-position":"center center","background-size":"auto","background-attachment":"scroll","background-type":"","background-media":"","overlay-type":"","overlay-color":"","overlay-opacity":"","overlay-gradient":""},"mobile":{"background-color":"","background-image":"","background-repeat":"repeat","background-position":"center center","background-size":"auto","background-attachment":"scroll","background-type":"","background-media":"","overlay-type":"","overlay-color":"","overlay-opacity":"","overlay-gradient":""}},"ast-content-background-meta":{"desktop":{"background-color":"var(--ast-global-color-5)","background-image":"","background-repeat":"repeat","background-position":"center center","background-size":"auto","background-attachment":"scroll","background-type":"","background-media":"","overlay-type":"","overlay-color":"","overlay-opacity":"","overlay-gradient":""},"tablet":{"background-color":"var(--ast-global-color-5)","background-image":"","background-repeat":"repeat","background-position":"center center","background-size":"auto","background-attachment":"scroll","background-type":"","background-media":"","overlay-type":"","overlay-color":"","overlay-opacity":"","overlay-gradient":""},"mobile":{"background-color":"var(--ast-global-color-5)","background-image":"","background-repeat":"repeat","background-position":"center center","background-size":"auto","background-attachment":"scroll","background-type":"","background-media":"","overlay-type":"","overlay-color":"","overlay-opacity":"","overlay-gradient":""}},"_jetpack_memberships_contains_paid_content":false,"_joinchat":[],"footnotes":""},"categories":[1408],"tags":[10525,10527,4157,1232,10526,232],"class_list":["post-42562","post","type-post","status-publish","format-standard","has-post-thumbnail","hentry","category-villa-nueva","tag-10525","tag-batucada","tag-carnaval","tag-destacado","tag-hector-tulian","tag-villa-nueva"],"yoast_head":"<!-- This site is optimized with the Yoast SEO plugin v26.8 - https:\/\/yoast.com\/product\/yoast-seo-wordpress\/ -->\n<title>Con algunos cambios, Villa Nueva comenz\u00f3 a preparar el regreso de los carnavales - El Regional<\/title>\n<meta name=\"description\" content=\"Sin los Carnavales Gigantes en el 2021, con 34 ediciones continuas, se avizora que volver\u00e1 la fiesta popular al pulm\u00f3n verde de la ciudad.\" \/>\n<meta name=\"robots\" content=\"index, follow, max-snippet:-1, max-image-preview:large, max-video-preview:-1\" \/>\n<link rel=\"canonical\" href=\"http:\/\/elregionalvm.com.ar\/noticias-villa-maria\/con-algunos-cambios-villa-nueva-comenzo-a-preparar-los-carnavales-2022\/\" \/>\n<meta property=\"og:locale\" content=\"es_ES\" \/>\n<meta property=\"og:type\" content=\"article\" \/>\n<meta property=\"og:title\" content=\"Con algunos cambios, Villa Nueva comenz\u00f3 a preparar el regreso de los carnavales - El Regional\" \/>\n<meta property=\"og:description\" content=\"Sin los Carnavales Gigantes en el 2021, con 34 ediciones continuas, se avizora que volver\u00e1 la fiesta popular al pulm\u00f3n verde de la ciudad.\" \/>\n<meta property=\"og:url\" content=\"http:\/\/elregionalvm.com.ar\/noticias-villa-maria\/con-algunos-cambios-villa-nueva-comenzo-a-preparar-los-carnavales-2022\/\" \/>\n<meta property=\"og:site_name\" content=\"El Regional\" \/>\n<meta property=\"article:publisher\" content=\"https:\/\/www.facebook.com\/elregionalvm\" \/>\n<meta property=\"article:published_time\" content=\"2021-08-12T17:39:53+00:00\" \/>\n<meta property=\"article:modified_time\" content=\"2021-08-12T17:44:42+00:00\" \/>\n<meta property=\"og:image\" content=\"http:\/\/elregionalvm.com.ar\/noticias-villa-maria\/wp-content\/uploads\/2021\/08\/Villa-Nueva-Carnaval-preparativo-2020.jpeg\" \/>\n\t<meta property=\"og:image:width\" content=\"1000\" \/>\n\t<meta property=\"og:image:height\" content=\"666\" \/>\n\t<meta property=\"og:image:type\" content=\"image\/jpeg\" \/>\n<meta name=\"author\" content=\"Contenidos El Regional\" \/>\n<meta name=\"twitter:card\" content=\"summary_large_image\" \/>\n<meta name=\"twitter:creator\" content=\"@elregionalvm1\" \/>\n<meta name=\"twitter:site\" content=\"@elregionalvm1\" \/>\n<meta name=\"twitter:label1\" content=\"Escrito por\" \/>\n\t<meta name=\"twitter:data1\" content=\"Contenidos El Regional\" \/>\n\t<meta name=\"twitter:label2\" content=\"Tiempo de lectura\" \/>\n\t<meta name=\"twitter:data2\" content=\"2 minutos\" \/>\n<script type=\"application\/ld+json\" class=\"yoast-schema-graph\">{\"@context\":\"https:\/\/schema.org\",\"@graph\":[{\"@type\":\"Article\",\"@id\":\"http:\/\/elregionalvm.com.ar\/noticias-villa-maria\/con-algunos-cambios-villa-nueva-comenzo-a-preparar-los-carnavales-2022\/#article\",\"isPartOf\":{\"@id\":\"http:\/\/elregionalvm.com.ar\/noticias-villa-maria\/con-algunos-cambios-villa-nueva-comenzo-a-preparar-los-carnavales-2022\/\"},\"author\":{\"name\":\"Contenidos El Regional\",\"@id\":\"http:\/\/elregionalvm.com.ar\/noticias-villa-maria\/#\/schema\/person\/a0fb9c422317faca23d50163151bc354\"},\"headline\":\"Con algunos cambios, Villa Nueva comenz\u00f3 a preparar el regreso de los carnavales\",\"datePublished\":\"2021-08-12T17:39:53+00:00\",\"dateModified\":\"2021-08-12T17:44:42+00:00\",\"mainEntityOfPage\":{\"@id\":\"http:\/\/elregionalvm.com.ar\/noticias-villa-maria\/con-algunos-cambios-villa-nueva-comenzo-a-preparar-los-carnavales-2022\/\"},\"wordCount\":358,\"commentCount\":0,\"image\":{\"@id\":\"http:\/\/elregionalvm.com.ar\/noticias-villa-maria\/con-algunos-cambios-villa-nueva-comenzo-a-preparar-los-carnavales-2022\/#primaryimage\"},\"thumbnailUrl\":\"https:\/\/i0.wp.com\/elregionalvm.com.ar\/noticias-villa-maria\/wp-content\/uploads\/2021\/08\/Villa-Nueva-Carnaval-preparativo-2020.jpeg?fit=1000%2C666&ssl=1\",\"keywords\":[\"2022\",\"Batucada\",\"carnaval\",\"destacado\",\"H\u00e9ctor Tuli\u00e1n\",\"VILLA NUEVA\"],\"articleSection\":[\"Villa Nueva\"],\"inLanguage\":\"es\",\"potentialAction\":[{\"@type\":\"CommentAction\",\"name\":\"Comment\",\"target\":[\"http:\/\/elregionalvm.com.ar\/noticias-villa-maria\/con-algunos-cambios-villa-nueva-comenzo-a-preparar-los-carnavales-2022\/#respond\"]}]},{\"@type\":\"WebPage\",\"@id\":\"http:\/\/elregionalvm.com.ar\/noticias-villa-maria\/con-algunos-cambios-villa-nueva-comenzo-a-preparar-los-carnavales-2022\/\",\"url\":\"http:\/\/elregionalvm.com.ar\/noticias-villa-maria\/con-algunos-cambios-villa-nueva-comenzo-a-preparar-los-carnavales-2022\/\",\"name\":\"Con algunos cambios, Villa Nueva comenz\u00f3 a preparar el regreso de los carnavales - El Regional\",\"isPartOf\":{\"@id\":\"http:\/\/elregionalvm.com.ar\/noticias-villa-maria\/#website\"},\"primaryImageOfPage\":{\"@id\":\"http:\/\/elregionalvm.com.ar\/noticias-villa-maria\/con-algunos-cambios-villa-nueva-comenzo-a-preparar-los-carnavales-2022\/#primaryimage\"},\"image\":{\"@id\":\"http:\/\/elregionalvm.com.ar\/noticias-villa-maria\/con-algunos-cambios-villa-nueva-comenzo-a-preparar-los-carnavales-2022\/#primaryimage\"},\"thumbnailUrl\":\"https:\/\/i0.wp.com\/elregionalvm.com.ar\/noticias-villa-maria\/wp-content\/uploads\/2021\/08\/Villa-Nueva-Carnaval-preparativo-2020.jpeg?fit=1000%2C666&ssl=1\",\"datePublished\":\"2021-08-12T17:39:53+00:00\",\"dateModified\":\"2021-08-12T17:44:42+00:00\",\"author\":{\"@id\":\"http:\/\/elregionalvm.com.ar\/noticias-villa-maria\/#\/schema\/person\/a0fb9c422317faca23d50163151bc354\"},\"description\":\"Sin los Carnavales Gigantes en el 2021, con 34 ediciones continuas, se avizora que volver\u00e1 la fiesta popular al pulm\u00f3n verde de la ciudad.\",\"breadcrumb\":{\"@id\":\"http:\/\/elregionalvm.com.ar\/noticias-villa-maria\/con-algunos-cambios-villa-nueva-comenzo-a-preparar-los-carnavales-2022\/#breadcrumb\"},\"inLanguage\":\"es\",\"potentialAction\":[{\"@type\":\"ReadAction\",\"target\":[\"http:\/\/elregionalvm.com.ar\/noticias-villa-maria\/con-algunos-cambios-villa-nueva-comenzo-a-preparar-los-carnavales-2022\/\"]}]},{\"@type\":\"ImageObject\",\"inLanguage\":\"es\",\"@id\":\"http:\/\/elregionalvm.com.ar\/noticias-villa-maria\/con-algunos-cambios-villa-nueva-comenzo-a-preparar-los-carnavales-2022\/#primaryimage\",\"url\":\"https:\/\/i0.wp.com\/elregionalvm.com.ar\/noticias-villa-maria\/wp-content\/uploads\/2021\/08\/Villa-Nueva-Carnaval-preparativo-2020.jpeg?fit=1000%2C666&ssl=1\",\"contentUrl\":\"https:\/\/i0.wp.com\/elregionalvm.com.ar\/noticias-villa-maria\/wp-content\/uploads\/2021\/08\/Villa-Nueva-Carnaval-preparativo-2020.jpeg?fit=1000%2C666&ssl=1\",\"width\":1000,\"height\":666},{\"@type\":\"BreadcrumbList\",\"@id\":\"http:\/\/elregionalvm.com.ar\/noticias-villa-maria\/con-algunos-cambios-villa-nueva-comenzo-a-preparar-los-carnavales-2022\/#breadcrumb\",\"itemListElement\":[{\"@type\":\"ListItem\",\"position\":1,\"name\":\"Portada\",\"item\":\"https:\/\/elregionalvm.com.ar\/noticias-villa-maria\/\"},{\"@type\":\"ListItem\",\"position\":2,\"name\":\"Con algunos cambios, Villa Nueva comenz\u00f3 a preparar el regreso de los carnavales\"}]},{\"@type\":\"WebSite\",\"@id\":\"http:\/\/elregionalvm.com.ar\/noticias-villa-maria\/#website\",\"url\":\"http:\/\/elregionalvm.com.ar\/noticias-villa-maria\/\",\"name\":\"El Regional\",\"description\":\"Mucho m\u00e1s que informaci\u00f3n\",\"potentialAction\":[{\"@type\":\"SearchAction\",\"target\":{\"@type\":\"EntryPoint\",\"urlTemplate\":\"http:\/\/elregionalvm.com.ar\/noticias-villa-maria\/?s={search_term_string}\"},\"query-input\":{\"@type\":\"PropertyValueSpecification\",\"valueRequired\":true,\"valueName\":\"search_term_string\"}}],\"inLanguage\":\"es\"},{\"@type\":\"Person\",\"@id\":\"http:\/\/elregionalvm.com.ar\/noticias-villa-maria\/#\/schema\/person\/a0fb9c422317faca23d50163151bc354\",\"name\":\"Contenidos El Regional\",\"image\":{\"@type\":\"ImageObject\",\"inLanguage\":\"es\",\"@id\":\"http:\/\/elregionalvm.com.ar\/noticias-villa-maria\/#\/schema\/person\/image\/\",\"url\":\"https:\/\/secure.gravatar.com\/avatar\/265b27cb2209af7bb3a1318f03305787d7981a5cc6e6cd08fe5a4ecdf99d4b48?s=96&d=mm&r=g\",\"contentUrl\":\"https:\/\/secure.gravatar.com\/avatar\/265b27cb2209af7bb3a1318f03305787d7981a5cc6e6cd08fe5a4ecdf99d4b48?s=96&d=mm&r=g\",\"caption\":\"Contenidos El Regional\"},\"url\":\"https:\/\/elregionalvm.com.ar\/noticias-villa-maria\/author\/contenido\/\"}]}<\/script>\n<!-- \/ Yoast SEO plugin. -->","yoast_head_json":{"title":"Con algunos cambios, Villa Nueva comenz\u00f3 a preparar el regreso de los carnavales - El Regional","description":"Sin los Carnavales Gigantes en el 2021, con 34 ediciones continuas, se avizora que volver\u00e1 la fiesta popular al pulm\u00f3n verde de la ciudad.","robots":{"index":"index","follow":"follow","max-snippet":"max-snippet:-1","max-image-preview":"max-image-preview:large","max-video-preview":"max-video-preview:-1"},"canonical":"http:\/\/elregionalvm.com.ar\/noticias-villa-maria\/con-algunos-cambios-villa-nueva-comenzo-a-preparar-los-carnavales-2022\/","og_locale":"es_ES","og_type":"article","og_title":"Con algunos cambios, Villa Nueva comenz\u00f3 a preparar el regreso de los carnavales - El Regional","og_description":"Sin los Carnavales Gigantes en el 2021, con 34 ediciones continuas, se avizora que volver\u00e1 la fiesta popular al pulm\u00f3n verde de la ciudad.","og_url":"http:\/\/elregionalvm.com.ar\/noticias-villa-maria\/con-algunos-cambios-villa-nueva-comenzo-a-preparar-los-carnavales-2022\/","og_site_name":"El Regional","article_publisher":"https:\/\/www.facebook.com\/elregionalvm","article_published_time":"2021-08-12T17:39:53+00:00","article_modified_time":"2021-08-12T17:44:42+00:00","og_image":[{"width":1000,"height":666,"url":"http:\/\/elregionalvm.com.ar\/noticias-villa-maria\/wp-content\/uploads\/2021\/08\/Villa-Nueva-Carnaval-preparativo-2020.jpeg","type":"image\/jpeg"}],"author":"Contenidos El Regional","twitter_card":"summary_large_image","twitter_creator":"@elregionalvm1","twitter_site":"@elregionalvm1","twitter_misc":{"Escrito por":"Contenidos El Regional","Tiempo de lectura":"2 minutos"},"schema":{"@context":"https:\/\/schema.org","@graph":[{"@type":"Article","@id":"http:\/\/elregionalvm.com.ar\/noticias-villa-maria\/con-algunos-cambios-villa-nueva-comenzo-a-preparar-los-carnavales-2022\/#article","isPartOf":{"@id":"http:\/\/elregionalvm.com.ar\/noticias-villa-maria\/con-algunos-cambios-villa-nueva-comenzo-a-preparar-los-carnavales-2022\/"},"author":{"name":"Contenidos El Regional","@id":"http:\/\/elregionalvm.com.ar\/noticias-villa-maria\/#\/schema\/person\/a0fb9c422317faca23d50163151bc354"},"headline":"Con algunos cambios, Villa Nueva comenz\u00f3 a preparar el regreso de los carnavales","datePublished":"2021-08-12T17:39:53+00:00","dateModified":"2021-08-12T17:44:42+00:00","mainEntityOfPage":{"@id":"http:\/\/elregionalvm.com.ar\/noticias-villa-maria\/con-algunos-cambios-villa-nueva-comenzo-a-preparar-los-carnavales-2022\/"},"wordCount":358,"commentCount":0,"image":{"@id":"http:\/\/elregionalvm.com.ar\/noticias-villa-maria\/con-algunos-cambios-villa-nueva-comenzo-a-preparar-los-carnavales-2022\/#primaryimage"},"thumbnailUrl":"https:\/\/i0.wp.com\/elregionalvm.com.ar\/noticias-villa-maria\/wp-content\/uploads\/2021\/08\/Villa-Nueva-Carnaval-preparativo-2020.jpeg?fit=1000%2C666&ssl=1","keywords":["2022","Batucada","carnaval","destacado","H\u00e9ctor Tuli\u00e1n","VILLA NUEVA"],"articleSection":["Villa Nueva"],"inLanguage":"es","potentialAction":[{"@type":"CommentAction","name":"Comment","target":["http:\/\/elregionalvm.com.ar\/noticias-villa-maria\/con-algunos-cambios-villa-nueva-comenzo-a-preparar-los-carnavales-2022\/#respond"]}]},{"@type":"WebPage","@id":"http:\/\/elregionalvm.com.ar\/noticias-villa-maria\/con-algunos-cambios-villa-nueva-comenzo-a-preparar-los-carnavales-2022\/","url":"http:\/\/elregionalvm.com.ar\/noticias-villa-maria\/con-algunos-cambios-villa-nueva-comenzo-a-preparar-los-carnavales-2022\/","name":"Con algunos cambios, Villa Nueva comenz\u00f3 a preparar el regreso de los carnavales - El Regional","isPartOf":{"@id":"http:\/\/elregionalvm.com.ar\/noticias-villa-maria\/#website"},"primaryImageOfPage":{"@id":"http:\/\/elregionalvm.com.ar\/noticias-villa-maria\/con-algunos-cambios-villa-nueva-comenzo-a-preparar-los-carnavales-2022\/#primaryimage"},"image":{"@id":"http:\/\/elregionalvm.com.ar\/noticias-villa-maria\/con-algunos-cambios-villa-nueva-comenzo-a-preparar-los-carnavales-2022\/#primaryimage"},"thumbnailUrl":"https:\/\/i0.wp.com\/elregionalvm.com.ar\/noticias-villa-maria\/wp-content\/uploads\/2021\/08\/Villa-Nueva-Carnaval-preparativo-2020.jpeg?fit=1000%2C666&ssl=1","datePublished":"2021-08-12T17:39:53+00:00","dateModified":"2021-08-12T17:44:42+00:00","author":{"@id":"http:\/\/elregionalvm.com.ar\/noticias-villa-maria\/#\/schema\/person\/a0fb9c422317faca23d50163151bc354"},"description":"Sin los Carnavales Gigantes en el 2021, con 34 ediciones continuas, se avizora que volver\u00e1 la fiesta popular al pulm\u00f3n verde de la ciudad.","breadcrumb":{"@id":"http:\/\/elregionalvm.com.ar\/noticias-villa-maria\/con-algunos-cambios-villa-nueva-comenzo-a-preparar-los-carnavales-2022\/#breadcrumb"},"inLanguage":"es","potentialAction":[{"@type":"ReadAction","target":["http:\/\/elregionalvm.com.ar\/noticias-villa-maria\/con-algunos-cambios-villa-nueva-comenzo-a-preparar-los-carnavales-2022\/"]}]},{"@type":"ImageObject","inLanguage":"es","@id":"http:\/\/elregionalvm.com.ar\/noticias-villa-maria\/con-algunos-cambios-villa-nueva-comenzo-a-preparar-los-carnavales-2022\/#primaryimage","url":"https:\/\/i0.wp.com\/elregionalvm.com.ar\/noticias-villa-maria\/wp-content\/uploads\/2021\/08\/Villa-Nueva-Carnaval-preparativo-2020.jpeg?fit=1000%2C666&ssl=1","contentUrl":"https:\/\/i0.wp.com\/elregionalvm.com.ar\/noticias-villa-maria\/wp-content\/uploads\/2021\/08\/Villa-Nueva-Carnaval-preparativo-2020.jpeg?fit=1000%2C666&ssl=1","width":1000,"height":666},{"@type":"BreadcrumbList","@id":"http:\/\/elregionalvm.com.ar\/noticias-villa-maria\/con-algunos-cambios-villa-nueva-comenzo-a-preparar-los-carnavales-2022\/#breadcrumb","itemListElement":[{"@type":"ListItem","position":1,"name":"Portada","item":"https:\/\/elregionalvm.com.ar\/noticias-villa-maria\/"},{"@type":"ListItem","position":2,"name":"Con algunos cambios, Villa Nueva comenz\u00f3 a preparar el regreso de los carnavales"}]},{"@type":"WebSite","@id":"http:\/\/elregionalvm.com.ar\/noticias-villa-maria\/#website","url":"http:\/\/elregionalvm.com.ar\/noticias-villa-maria\/","name":"El Regional","description":"Mucho m\u00e1s que informaci\u00f3n","potentialAction":[{"@type":"SearchAction","target":{"@type":"EntryPoint","urlTemplate":"http:\/\/elregionalvm.com.ar\/noticias-villa-maria\/?s={search_term_string}"},"query-input":{"@type":"PropertyValueSpecification","valueRequired":true,"valueName":"search_term_string"}}],"inLanguage":"es"},{"@type":"Person","@id":"http:\/\/elregionalvm.com.ar\/noticias-villa-maria\/#\/schema\/person\/a0fb9c422317faca23d50163151bc354","name":"Contenidos El Regional","image":{"@type":"ImageObject","inLanguage":"es","@id":"http:\/\/elregionalvm.com.ar\/noticias-villa-maria\/#\/schema\/person\/image\/","url":"https:\/\/secure.gravatar.com\/avatar\/265b27cb2209af7bb3a1318f03305787d7981a5cc6e6cd08fe5a4ecdf99d4b48?s=96&d=mm&r=g","contentUrl":"https:\/\/secure.gravatar.com\/avatar\/265b27cb2209af7bb3a1318f03305787d7981a5cc6e6cd08fe5a4ecdf99d4b48?s=96&d=mm&r=g","caption":"Contenidos El Regional"},"url":"https:\/\/elregionalvm.com.ar\/noticias-villa-maria\/author\/contenido\/"}]}},"jetpack_featured_media_url":"https:\/\/i0.wp.com\/elregionalvm.com.ar\/noticias-villa-maria\/wp-content\/uploads\/2021\/08\/Villa-Nueva-Carnaval-preparativo-2020.jpeg?fit=1000%2C666&ssl=1","jetpack_sharing_enabled":true,"_links":{"self":[{"href":"https:\/\/elregionalvm.com.ar\/noticias-villa-maria\/wp-json\/wp\/v2\/posts\/42562","targetHints":{"allow":["GET"]}}],"collection":[{"href":"https:\/\/elregionalvm.com.ar\/noticias-villa-maria\/wp-json\/wp\/v2\/posts"}],"about":[{"href":"https:\/\/elregionalvm.com.ar\/noticias-villa-maria\/wp-json\/wp\/v2\/types\/post"}],"author":[{"embeddable":true,"href":"https:\/\/elregionalvm.com.ar\/noticias-villa-maria\/wp-json\/wp\/v2\/users\/4"}],"replies":[{"embeddable":true,"href":"https:\/\/elregionalvm.com.ar\/noticias-villa-maria\/wp-json\/wp\/v2\/comments?post=42562"}],"version-history":[{"count":3,"href":"https:\/\/elregionalvm.com.ar\/noticias-villa-maria\/wp-json\/wp\/v2\/posts\/42562\/revisions"}],"predecessor-version":[{"id":42566,"href":"https:\/\/elregionalvm.com.ar\/noticias-villa-maria\/wp-json\/wp\/v2\/posts\/42562\/revisions\/42566"}],"wp:featuredmedia":[{"embeddable":true,"href":"https:\/\/elregionalvm.com.ar\/noticias-villa-maria\/wp-json\/wp\/v2\/media\/42564"}],"wp:attachment":[{"href":"https:\/\/elregionalvm.com.ar\/noticias-villa-maria\/wp-json\/wp\/v2\/media?parent=42562"}],"wp:term":[{"taxonomy":"category","embeddable":true,"href":"https:\/\/elregionalvm.com.ar\/noticias-villa-maria\/wp-json\/wp\/v2\/categories?post=42562"},{"taxonomy":"post_tag","embeddable":true,"href":"https:\/\/elregionalvm.com.ar\/noticias-villa-maria\/wp-json\/wp\/v2\/tags?post=42562"}],"curies":[{"name":"wp","href":"https:\/\/api.w.org\/{rel}","templated":true}]}}