{"id":42567,"date":"2021-08-12T21:31:38","date_gmt":"2021-08-12T21:31:38","guid":{"rendered":"https:\/\/elregionalvm.com.ar\/noticias-villa-maria\/?p=42567"},"modified":"2021-08-12T21:31:44","modified_gmt":"2021-08-12T21:31:44","slug":"juegos-shows-y-solcito-fijo-para-celebrar-la-semana-de-las-infancias","status":"publish","type":"post","link":"https:\/\/elregionalvm.com.ar\/noticias-villa-maria\/juegos-shows-y-solcito-fijo-para-celebrar-la-semana-de-las-infancias\/","title":{"rendered":"Juegos, shows y Solcito Fijo para celebrar la semana de las Infancias"},"content":{"rendered":"\n<p><\/p>\n\n\n\n<p>Con motivo de celebrar del D\u00eda de las Ni\u00f1eces, el municipio organiz\u00f3 una semana de actividades recreativas destinadas a ni\u00f1os y ni\u00f1as de la ciudad.<\/p>\n\n\n\n<p>La iniciativa, dar\u00e1 inicio el pr\u00f3ximo martes 17 y se extender\u00e1 hasta el domingo 22 con una amplia grilla de propuestas infantiles que se desarrollar\u00e1n en las instalaciones del Anfiteatro Municipal y en el Parque de la Vida.<\/p>\n\n\n\n<p>Se trata de programas gratuitos pensados para toda la familia a partir de las 15 y hasta las 18 horas cada d\u00eda.<\/p>\n\n\n\n<p>Entre estos, se destacan juegos, espacios de arte y aprendizaje, actividades de rob\u00f3tica, recorridos y espect\u00e1culos de baile, para concluir con un show musical que tendr\u00e1 como protagonista a la actriz y cantante infantil, Solcito Fijo.<\/p>\n\n\n\n<p>La grilla completa podr\u00e1 consultarse en el portal del municipio: www.villamaria.gob.ar.<\/p>\n\n\n\n<p><strong>Inclusi\u00f3n y recreaci\u00f3n<\/strong><\/p>\n\n\n\n<p>El secretario de Educaci\u00f3n, Cultura y Promoci\u00f3n de la Ciencia, Rafael Sachetto, junto a su par de la cartera de Inclusi\u00f3n, Celeste Curetti, brindaron informaci\u00f3n sobre el evento. Lo hicieron junto al titular de Salud, Pedro Trecco, y a la presidenta del Ente Villa Mar\u00eda Deporte y Turismo, Noelia Macagno.<\/p>\n\n\n\n<p><\/p>\n\n\n\n<figure class=\"wp-block-image size-full\"><img data-recalc-dims=\"1\" fetchpriority=\"high\" decoding=\"async\" width=\"1000\" height=\"666\" src=\"https:\/\/i0.wp.com\/elregionalvm.com.ar\/noticias-villa-maria\/wp-content\/uploads\/2021\/08\/Saccheto-Curetti-Trecco-y-Macagno.jpeg?resize=1000%2C666&#038;ssl=1\" alt=\"\" class=\"wp-image-42569\" srcset=\"https:\/\/i0.wp.com\/elregionalvm.com.ar\/noticias-villa-maria\/wp-content\/uploads\/2021\/08\/Saccheto-Curetti-Trecco-y-Macagno.jpeg?w=1000&amp;ssl=1 1000w, https:\/\/i0.wp.com\/elregionalvm.com.ar\/noticias-villa-maria\/wp-content\/uploads\/2021\/08\/Saccheto-Curetti-Trecco-y-Macagno.jpeg?resize=300%2C200&amp;ssl=1 300w, https:\/\/i0.wp.com\/elregionalvm.com.ar\/noticias-villa-maria\/wp-content\/uploads\/2021\/08\/Saccheto-Curetti-Trecco-y-Macagno.jpeg?resize=768%2C511&amp;ssl=1 768w\" sizes=\"(max-width: 1000px) 100vw, 1000px\" \/><\/figure>\n\n\n\n<p><\/p>\n\n\n\n<p>Las actividades culturales se realizar\u00e1n en articulaci\u00f3n con el Ente Villa Mar\u00eda Deporte y Turismo, contando con el acompa\u00f1amiento de las secretar\u00edas de Salud e Inclusi\u00f3n Social y Territorio.<\/p>\n\n\n\n<p>\u201cDe esta manera, a trav\u00e9s del trabajo mancomunado entre las diferentes \u00e1reas del municipio, se busca generar pol\u00edticas de inclusi\u00f3n y recreaci\u00f3n, concibi\u00e9ndolas como parte fundamental de los derechos de los m\u00e1s peque\u00f1os de la ciudad\u201d, indicaron desde el gobierno municipal.<\/p>\n\n\n\n<p><strong>Colectivos gratis<\/strong><\/p>\n\n\n\n<p>Durante la Semana de las Infancias el municipio pondr\u00e1 a disposici\u00f3n l\u00edneas de colectivo gratuitas destinadas al transporte de pasajeros hasta los puntos donde se llevar\u00e1n adelante las actividades. En tanto, quienes precisen hacer uso de este medio podr\u00e1n registrarse y consultar informaci\u00f3n al respecto en los distintos MuniCerca.<\/p>\n\n\n\n<p><strong>Solcito Fijo<\/strong><\/p>\n\n\n\n<p>El show musical de Solcito Fijo en el Anfiteatro Municipal, contar\u00e1 con un n\u00famero limitado de espectadores habilitado. Por este motivo, para ingresar ser\u00e1 requisito retirar la entrada gratuita a partir del mi\u00e9rcoles 18 en el Centro Cultural Comunitario Leonardo Favio, en los horarios de 8 a 20 horas.<\/p>\n","protected":false},"excerpt":{"rendered":"<p>Con motivo de celebrar del D\u00eda de las Ni\u00f1eces, el municipio organiz\u00f3 una semana de actividades recreativas destinadas a ni\u00f1os y ni\u00f1as de la ciudad. La iniciativa, dar\u00e1 inicio el pr\u00f3ximo martes 17 y se extender\u00e1 hasta el domingo 22 con una amplia grilla de propuestas infantiles que se desarrollar\u00e1n en las instalaciones del Anfiteatro [&hellip;]<\/p>\n","protected":false},"author":4,"featured_media":42568,"comment_status":"open","ping_status":"open","sticky":false,"template":"","format":"standard","meta":{"site-sidebar-layout":"default","site-content-layout":"default","ast-site-content-layout":"default","site-content-style":"default","site-sidebar-style":"default","ast-global-header-display":"","ast-banner-title-visibility":"","ast-main-header-display":"","ast-hfb-above-header-display":"","ast-hfb-below-header-display":"","ast-hfb-mobile-header-display":"","site-post-title":"","ast-breadcrumbs-content":"","ast-featured-img":"","footer-sml-layout":"","ast-disable-related-posts":"","theme-transparent-header-meta":"default","adv-header-id-meta":"","stick-header-meta":"","header-above-stick-meta":"","header-main-stick-meta":"","header-below-stick-meta":"","astra-migrate-meta-layouts":"default","ast-page-background-enabled":"default","ast-page-background-meta":{"desktop":{"background-color":"","background-image":"","background-repeat":"repeat","background-position":"center center","background-size":"auto","background-attachment":"scroll","background-type":"","background-media":"","overlay-type":"","overlay-color":"","overlay-opacity":"","overlay-gradient":""},"tablet":{"background-color":"","background-image":"","background-repeat":"repeat","background-position":"center center","background-size":"auto","background-attachment":"scroll","background-type":"","background-media":"","overlay-type":"","overlay-color":"","overlay-opacity":"","overlay-gradient":""},"mobile":{"background-color":"","background-image":"","background-repeat":"repeat","background-position":"center center","background-size":"auto","background-attachment":"scroll","background-type":"","background-media":"","overlay-type":"","overlay-color":"","overlay-opacity":"","overlay-gradient":""}},"ast-content-background-meta":{"desktop":{"background-color":"var(--ast-global-color-5)","background-image":"","background-repeat":"repeat","background-position":"center center","background-size":"auto","background-attachment":"scroll","background-type":"","background-media":"","overlay-type":"","overlay-color":"","overlay-opacity":"","overlay-gradient":""},"tablet":{"background-color":"var(--ast-global-color-5)","background-image":"","background-repeat":"repeat","background-position":"center center","background-size":"auto","background-attachment":"scroll","background-type":"","background-media":"","overlay-type":"","overlay-color":"","overlay-opacity":"","overlay-gradient":""},"mobile":{"background-color":"var(--ast-global-color-5)","background-image":"","background-repeat":"repeat","background-position":"center center","background-size":"auto","background-attachment":"scroll","background-type":"","background-media":"","overlay-type":"","overlay-color":"","overlay-opacity":"","overlay-gradient":""}},"_jetpack_memberships_contains_paid_content":false,"_joinchat":[],"footnotes":""},"categories":[2],"tags":[1232,10529,1938,2474,10530,10531,10528],"class_list":["post-42567","post","type-post","status-publish","format-standard","has-post-thumbnail","hentry","category-villa-maria","tag-destacado","tag-dia-de-las-nineces","tag-juegos","tag-municipalidad-de-villa-maria","tag-semana-de-las-infancias","tag-show","tag-solcito-fijo"],"yoast_head":"<!-- This site is optimized with the Yoast SEO plugin v26.8 - https:\/\/yoast.com\/product\/yoast-seo-wordpress\/ -->\n<title>Juegos, shows y Solcito Fijo para celebrar la semana de las Infancias - El Regional<\/title>\n<meta name=\"description\" content=\"Con motivo de celebrar del D\u00eda de las Ni\u00f1eces, el municipio organiz\u00f3 una semana de actividades recreativas destinadas a ni\u00f1os y ni\u00f1as.\" \/>\n<meta name=\"robots\" content=\"index, follow, max-snippet:-1, max-image-preview:large, max-video-preview:-1\" \/>\n<link rel=\"canonical\" href=\"http:\/\/elregionalvm.com.ar\/noticias-villa-maria\/juegos-shows-y-solcito-fijo-para-celebrar-la-semana-de-las-infancias\/\" \/>\n<meta property=\"og:locale\" content=\"es_ES\" \/>\n<meta property=\"og:type\" content=\"article\" \/>\n<meta property=\"og:title\" content=\"Juegos, shows y Solcito Fijo para celebrar la semana de las Infancias - El Regional\" \/>\n<meta property=\"og:description\" content=\"Con motivo de celebrar del D\u00eda de las Ni\u00f1eces, el municipio organiz\u00f3 una semana de actividades recreativas destinadas a ni\u00f1os y ni\u00f1as.\" \/>\n<meta property=\"og:url\" content=\"http:\/\/elregionalvm.com.ar\/noticias-villa-maria\/juegos-shows-y-solcito-fijo-para-celebrar-la-semana-de-las-infancias\/\" \/>\n<meta property=\"og:site_name\" content=\"El Regional\" \/>\n<meta property=\"article:publisher\" content=\"https:\/\/www.facebook.com\/elregionalvm\" \/>\n<meta property=\"article:published_time\" content=\"2021-08-12T21:31:38+00:00\" \/>\n<meta property=\"article:modified_time\" content=\"2021-08-12T21:31:44+00:00\" \/>\n<meta property=\"og:image\" content=\"http:\/\/elregionalvm.com.ar\/noticias-villa-maria\/wp-content\/uploads\/2021\/08\/Solcito-Fijo.jpg\" \/>\n\t<meta property=\"og:image:width\" content=\"1000\" \/>\n\t<meta property=\"og:image:height\" content=\"563\" \/>\n\t<meta property=\"og:image:type\" content=\"image\/jpeg\" \/>\n<meta name=\"author\" content=\"Contenidos El Regional\" \/>\n<meta name=\"twitter:card\" content=\"summary_large_image\" \/>\n<meta name=\"twitter:creator\" content=\"@elregionalvm1\" \/>\n<meta name=\"twitter:site\" content=\"@elregionalvm1\" \/>\n<meta name=\"twitter:label1\" content=\"Escrito por\" \/>\n\t<meta name=\"twitter:data1\" content=\"Contenidos El Regional\" \/>\n\t<meta name=\"twitter:label2\" content=\"Tiempo de lectura\" \/>\n\t<meta name=\"twitter:data2\" content=\"2 minutos\" \/>\n<script type=\"application\/ld+json\" class=\"yoast-schema-graph\">{\"@context\":\"https:\/\/schema.org\",\"@graph\":[{\"@type\":\"Article\",\"@id\":\"http:\/\/elregionalvm.com.ar\/noticias-villa-maria\/juegos-shows-y-solcito-fijo-para-celebrar-la-semana-de-las-infancias\/#article\",\"isPartOf\":{\"@id\":\"http:\/\/elregionalvm.com.ar\/noticias-villa-maria\/juegos-shows-y-solcito-fijo-para-celebrar-la-semana-de-las-infancias\/\"},\"author\":{\"name\":\"Contenidos El Regional\",\"@id\":\"http:\/\/elregionalvm.com.ar\/noticias-villa-maria\/#\/schema\/person\/a0fb9c422317faca23d50163151bc354\"},\"headline\":\"Juegos, shows y Solcito Fijo para celebrar la semana de las Infancias\",\"datePublished\":\"2021-08-12T21:31:38+00:00\",\"dateModified\":\"2021-08-12T21:31:44+00:00\",\"mainEntityOfPage\":{\"@id\":\"http:\/\/elregionalvm.com.ar\/noticias-villa-maria\/juegos-shows-y-solcito-fijo-para-celebrar-la-semana-de-las-infancias\/\"},\"wordCount\":401,\"commentCount\":0,\"image\":{\"@id\":\"http:\/\/elregionalvm.com.ar\/noticias-villa-maria\/juegos-shows-y-solcito-fijo-para-celebrar-la-semana-de-las-infancias\/#primaryimage\"},\"thumbnailUrl\":\"https:\/\/i0.wp.com\/elregionalvm.com.ar\/noticias-villa-maria\/wp-content\/uploads\/2021\/08\/Solcito-Fijo.jpg?fit=1000%2C563&ssl=1\",\"keywords\":[\"destacado\",\"D\u00eda de las Ni\u00f1eces\",\"juegos\",\"Municipalidad de Villa Mar\u00eda\",\"Semana de las Infancias\",\"Show\",\"Solcito Fijo\"],\"articleSection\":[\"Villa Mar\u00eda\"],\"inLanguage\":\"es\",\"potentialAction\":[{\"@type\":\"CommentAction\",\"name\":\"Comment\",\"target\":[\"http:\/\/elregionalvm.com.ar\/noticias-villa-maria\/juegos-shows-y-solcito-fijo-para-celebrar-la-semana-de-las-infancias\/#respond\"]}]},{\"@type\":\"WebPage\",\"@id\":\"http:\/\/elregionalvm.com.ar\/noticias-villa-maria\/juegos-shows-y-solcito-fijo-para-celebrar-la-semana-de-las-infancias\/\",\"url\":\"http:\/\/elregionalvm.com.ar\/noticias-villa-maria\/juegos-shows-y-solcito-fijo-para-celebrar-la-semana-de-las-infancias\/\",\"name\":\"Juegos, shows y Solcito Fijo para celebrar la semana de las Infancias - El Regional\",\"isPartOf\":{\"@id\":\"http:\/\/elregionalvm.com.ar\/noticias-villa-maria\/#website\"},\"primaryImageOfPage\":{\"@id\":\"http:\/\/elregionalvm.com.ar\/noticias-villa-maria\/juegos-shows-y-solcito-fijo-para-celebrar-la-semana-de-las-infancias\/#primaryimage\"},\"image\":{\"@id\":\"http:\/\/elregionalvm.com.ar\/noticias-villa-maria\/juegos-shows-y-solcito-fijo-para-celebrar-la-semana-de-las-infancias\/#primaryimage\"},\"thumbnailUrl\":\"https:\/\/i0.wp.com\/elregionalvm.com.ar\/noticias-villa-maria\/wp-content\/uploads\/2021\/08\/Solcito-Fijo.jpg?fit=1000%2C563&ssl=1\",\"datePublished\":\"2021-08-12T21:31:38+00:00\",\"dateModified\":\"2021-08-12T21:31:44+00:00\",\"author\":{\"@id\":\"http:\/\/elregionalvm.com.ar\/noticias-villa-maria\/#\/schema\/person\/a0fb9c422317faca23d50163151bc354\"},\"description\":\"Con motivo de celebrar del D\u00eda de las Ni\u00f1eces, el municipio organiz\u00f3 una semana de actividades recreativas destinadas a ni\u00f1os y ni\u00f1as.\",\"breadcrumb\":{\"@id\":\"http:\/\/elregionalvm.com.ar\/noticias-villa-maria\/juegos-shows-y-solcito-fijo-para-celebrar-la-semana-de-las-infancias\/#breadcrumb\"},\"inLanguage\":\"es\",\"potentialAction\":[{\"@type\":\"ReadAction\",\"target\":[\"http:\/\/elregionalvm.com.ar\/noticias-villa-maria\/juegos-shows-y-solcito-fijo-para-celebrar-la-semana-de-las-infancias\/\"]}]},{\"@type\":\"ImageObject\",\"inLanguage\":\"es\",\"@id\":\"http:\/\/elregionalvm.com.ar\/noticias-villa-maria\/juegos-shows-y-solcito-fijo-para-celebrar-la-semana-de-las-infancias\/#primaryimage\",\"url\":\"https:\/\/i0.wp.com\/elregionalvm.com.ar\/noticias-villa-maria\/wp-content\/uploads\/2021\/08\/Solcito-Fijo.jpg?fit=1000%2C563&ssl=1\",\"contentUrl\":\"https:\/\/i0.wp.com\/elregionalvm.com.ar\/noticias-villa-maria\/wp-content\/uploads\/2021\/08\/Solcito-Fijo.jpg?fit=1000%2C563&ssl=1\",\"width\":1000,\"height\":563},{\"@type\":\"BreadcrumbList\",\"@id\":\"http:\/\/elregionalvm.com.ar\/noticias-villa-maria\/juegos-shows-y-solcito-fijo-para-celebrar-la-semana-de-las-infancias\/#breadcrumb\",\"itemListElement\":[{\"@type\":\"ListItem\",\"position\":1,\"name\":\"Portada\",\"item\":\"https:\/\/elregionalvm.com.ar\/noticias-villa-maria\/\"},{\"@type\":\"ListItem\",\"position\":2,\"name\":\"Juegos, shows y Solcito Fijo para celebrar la semana de las Infancias\"}]},{\"@type\":\"WebSite\",\"@id\":\"http:\/\/elregionalvm.com.ar\/noticias-villa-maria\/#website\",\"url\":\"http:\/\/elregionalvm.com.ar\/noticias-villa-maria\/\",\"name\":\"El Regional\",\"description\":\"Mucho m\u00e1s que informaci\u00f3n\",\"potentialAction\":[{\"@type\":\"SearchAction\",\"target\":{\"@type\":\"EntryPoint\",\"urlTemplate\":\"http:\/\/elregionalvm.com.ar\/noticias-villa-maria\/?s={search_term_string}\"},\"query-input\":{\"@type\":\"PropertyValueSpecification\",\"valueRequired\":true,\"valueName\":\"search_term_string\"}}],\"inLanguage\":\"es\"},{\"@type\":\"Person\",\"@id\":\"http:\/\/elregionalvm.com.ar\/noticias-villa-maria\/#\/schema\/person\/a0fb9c422317faca23d50163151bc354\",\"name\":\"Contenidos El Regional\",\"image\":{\"@type\":\"ImageObject\",\"inLanguage\":\"es\",\"@id\":\"http:\/\/elregionalvm.com.ar\/noticias-villa-maria\/#\/schema\/person\/image\/\",\"url\":\"https:\/\/secure.gravatar.com\/avatar\/265b27cb2209af7bb3a1318f03305787d7981a5cc6e6cd08fe5a4ecdf99d4b48?s=96&d=mm&r=g\",\"contentUrl\":\"https:\/\/secure.gravatar.com\/avatar\/265b27cb2209af7bb3a1318f03305787d7981a5cc6e6cd08fe5a4ecdf99d4b48?s=96&d=mm&r=g\",\"caption\":\"Contenidos El Regional\"},\"url\":\"https:\/\/elregionalvm.com.ar\/noticias-villa-maria\/author\/contenido\/\"}]}<\/script>\n<!-- \/ Yoast SEO plugin. -->","yoast_head_json":{"title":"Juegos, shows y Solcito Fijo para celebrar la semana de las Infancias - El Regional","description":"Con motivo de celebrar del D\u00eda de las Ni\u00f1eces, el municipio organiz\u00f3 una semana de actividades recreativas destinadas a ni\u00f1os y ni\u00f1as.","robots":{"index":"index","follow":"follow","max-snippet":"max-snippet:-1","max-image-preview":"max-image-preview:large","max-video-preview":"max-video-preview:-1"},"canonical":"http:\/\/elregionalvm.com.ar\/noticias-villa-maria\/juegos-shows-y-solcito-fijo-para-celebrar-la-semana-de-las-infancias\/","og_locale":"es_ES","og_type":"article","og_title":"Juegos, shows y Solcito Fijo para celebrar la semana de las Infancias - El Regional","og_description":"Con motivo de celebrar del D\u00eda de las Ni\u00f1eces, el municipio organiz\u00f3 una semana de actividades recreativas destinadas a ni\u00f1os y ni\u00f1as.","og_url":"http:\/\/elregionalvm.com.ar\/noticias-villa-maria\/juegos-shows-y-solcito-fijo-para-celebrar-la-semana-de-las-infancias\/","og_site_name":"El Regional","article_publisher":"https:\/\/www.facebook.com\/elregionalvm","article_published_time":"2021-08-12T21:31:38+00:00","article_modified_time":"2021-08-12T21:31:44+00:00","og_image":[{"width":1000,"height":563,"url":"http:\/\/elregionalvm.com.ar\/noticias-villa-maria\/wp-content\/uploads\/2021\/08\/Solcito-Fijo.jpg","type":"image\/jpeg"}],"author":"Contenidos El Regional","twitter_card":"summary_large_image","twitter_creator":"@elregionalvm1","twitter_site":"@elregionalvm1","twitter_misc":{"Escrito por":"Contenidos El Regional","Tiempo de lectura":"2 minutos"},"schema":{"@context":"https:\/\/schema.org","@graph":[{"@type":"Article","@id":"http:\/\/elregionalvm.com.ar\/noticias-villa-maria\/juegos-shows-y-solcito-fijo-para-celebrar-la-semana-de-las-infancias\/#article","isPartOf":{"@id":"http:\/\/elregionalvm.com.ar\/noticias-villa-maria\/juegos-shows-y-solcito-fijo-para-celebrar-la-semana-de-las-infancias\/"},"author":{"name":"Contenidos El Regional","@id":"http:\/\/elregionalvm.com.ar\/noticias-villa-maria\/#\/schema\/person\/a0fb9c422317faca23d50163151bc354"},"headline":"Juegos, shows y Solcito Fijo para celebrar la semana de las Infancias","datePublished":"2021-08-12T21:31:38+00:00","dateModified":"2021-08-12T21:31:44+00:00","mainEntityOfPage":{"@id":"http:\/\/elregionalvm.com.ar\/noticias-villa-maria\/juegos-shows-y-solcito-fijo-para-celebrar-la-semana-de-las-infancias\/"},"wordCount":401,"commentCount":0,"image":{"@id":"http:\/\/elregionalvm.com.ar\/noticias-villa-maria\/juegos-shows-y-solcito-fijo-para-celebrar-la-semana-de-las-infancias\/#primaryimage"},"thumbnailUrl":"https:\/\/i0.wp.com\/elregionalvm.com.ar\/noticias-villa-maria\/wp-content\/uploads\/2021\/08\/Solcito-Fijo.jpg?fit=1000%2C563&ssl=1","keywords":["destacado","D\u00eda de las Ni\u00f1eces","juegos","Municipalidad de Villa Mar\u00eda","Semana de las Infancias","Show","Solcito Fijo"],"articleSection":["Villa Mar\u00eda"],"inLanguage":"es","potentialAction":[{"@type":"CommentAction","name":"Comment","target":["http:\/\/elregionalvm.com.ar\/noticias-villa-maria\/juegos-shows-y-solcito-fijo-para-celebrar-la-semana-de-las-infancias\/#respond"]}]},{"@type":"WebPage","@id":"http:\/\/elregionalvm.com.ar\/noticias-villa-maria\/juegos-shows-y-solcito-fijo-para-celebrar-la-semana-de-las-infancias\/","url":"http:\/\/elregionalvm.com.ar\/noticias-villa-maria\/juegos-shows-y-solcito-fijo-para-celebrar-la-semana-de-las-infancias\/","name":"Juegos, shows y Solcito Fijo para celebrar la semana de las Infancias - El Regional","isPartOf":{"@id":"http:\/\/elregionalvm.com.ar\/noticias-villa-maria\/#website"},"primaryImageOfPage":{"@id":"http:\/\/elregionalvm.com.ar\/noticias-villa-maria\/juegos-shows-y-solcito-fijo-para-celebrar-la-semana-de-las-infancias\/#primaryimage"},"image":{"@id":"http:\/\/elregionalvm.com.ar\/noticias-villa-maria\/juegos-shows-y-solcito-fijo-para-celebrar-la-semana-de-las-infancias\/#primaryimage"},"thumbnailUrl":"https:\/\/i0.wp.com\/elregionalvm.com.ar\/noticias-villa-maria\/wp-content\/uploads\/2021\/08\/Solcito-Fijo.jpg?fit=1000%2C563&ssl=1","datePublished":"2021-08-12T21:31:38+00:00","dateModified":"2021-08-12T21:31:44+00:00","author":{"@id":"http:\/\/elregionalvm.com.ar\/noticias-villa-maria\/#\/schema\/person\/a0fb9c422317faca23d50163151bc354"},"description":"Con motivo de celebrar del D\u00eda de las Ni\u00f1eces, el municipio organiz\u00f3 una semana de actividades recreativas destinadas a ni\u00f1os y ni\u00f1as.","breadcrumb":{"@id":"http:\/\/elregionalvm.com.ar\/noticias-villa-maria\/juegos-shows-y-solcito-fijo-para-celebrar-la-semana-de-las-infancias\/#breadcrumb"},"inLanguage":"es","potentialAction":[{"@type":"ReadAction","target":["http:\/\/elregionalvm.com.ar\/noticias-villa-maria\/juegos-shows-y-solcito-fijo-para-celebrar-la-semana-de-las-infancias\/"]}]},{"@type":"ImageObject","inLanguage":"es","@id":"http:\/\/elregionalvm.com.ar\/noticias-villa-maria\/juegos-shows-y-solcito-fijo-para-celebrar-la-semana-de-las-infancias\/#primaryimage","url":"https:\/\/i0.wp.com\/elregionalvm.com.ar\/noticias-villa-maria\/wp-content\/uploads\/2021\/08\/Solcito-Fijo.jpg?fit=1000%2C563&ssl=1","contentUrl":"https:\/\/i0.wp.com\/elregionalvm.com.ar\/noticias-villa-maria\/wp-content\/uploads\/2021\/08\/Solcito-Fijo.jpg?fit=1000%2C563&ssl=1","width":1000,"height":563},{"@type":"BreadcrumbList","@id":"http:\/\/elregionalvm.com.ar\/noticias-villa-maria\/juegos-shows-y-solcito-fijo-para-celebrar-la-semana-de-las-infancias\/#breadcrumb","itemListElement":[{"@type":"ListItem","position":1,"name":"Portada","item":"https:\/\/elregionalvm.com.ar\/noticias-villa-maria\/"},{"@type":"ListItem","position":2,"name":"Juegos, shows y Solcito Fijo para celebrar la semana de las Infancias"}]},{"@type":"WebSite","@id":"http:\/\/elregionalvm.com.ar\/noticias-villa-maria\/#website","url":"http:\/\/elregionalvm.com.ar\/noticias-villa-maria\/","name":"El Regional","description":"Mucho m\u00e1s que informaci\u00f3n","potentialAction":[{"@type":"SearchAction","target":{"@type":"EntryPoint","urlTemplate":"http:\/\/elregionalvm.com.ar\/noticias-villa-maria\/?s={search_term_string}"},"query-input":{"@type":"PropertyValueSpecification","valueRequired":true,"valueName":"search_term_string"}}],"inLanguage":"es"},{"@type":"Person","@id":"http:\/\/elregionalvm.com.ar\/noticias-villa-maria\/#\/schema\/person\/a0fb9c422317faca23d50163151bc354","name":"Contenidos El Regional","image":{"@type":"ImageObject","inLanguage":"es","@id":"http:\/\/elregionalvm.com.ar\/noticias-villa-maria\/#\/schema\/person\/image\/","url":"https:\/\/secure.gravatar.com\/avatar\/265b27cb2209af7bb3a1318f03305787d7981a5cc6e6cd08fe5a4ecdf99d4b48?s=96&d=mm&r=g","contentUrl":"https:\/\/secure.gravatar.com\/avatar\/265b27cb2209af7bb3a1318f03305787d7981a5cc6e6cd08fe5a4ecdf99d4b48?s=96&d=mm&r=g","caption":"Contenidos El Regional"},"url":"https:\/\/elregionalvm.com.ar\/noticias-villa-maria\/author\/contenido\/"}]}},"jetpack_featured_media_url":"https:\/\/i0.wp.com\/elregionalvm.com.ar\/noticias-villa-maria\/wp-content\/uploads\/2021\/08\/Solcito-Fijo.jpg?fit=1000%2C563&ssl=1","jetpack_sharing_enabled":true,"_links":{"self":[{"href":"https:\/\/elregionalvm.com.ar\/noticias-villa-maria\/wp-json\/wp\/v2\/posts\/42567","targetHints":{"allow":["GET"]}}],"collection":[{"href":"https:\/\/elregionalvm.com.ar\/noticias-villa-maria\/wp-json\/wp\/v2\/posts"}],"about":[{"href":"https:\/\/elregionalvm.com.ar\/noticias-villa-maria\/wp-json\/wp\/v2\/types\/post"}],"author":[{"embeddable":true,"href":"https:\/\/elregionalvm.com.ar\/noticias-villa-maria\/wp-json\/wp\/v2\/users\/4"}],"replies":[{"embeddable":true,"href":"https:\/\/elregionalvm.com.ar\/noticias-villa-maria\/wp-json\/wp\/v2\/comments?post=42567"}],"version-history":[{"count":2,"href":"https:\/\/elregionalvm.com.ar\/noticias-villa-maria\/wp-json\/wp\/v2\/posts\/42567\/revisions"}],"predecessor-version":[{"id":42571,"href":"https:\/\/elregionalvm.com.ar\/noticias-villa-maria\/wp-json\/wp\/v2\/posts\/42567\/revisions\/42571"}],"wp:featuredmedia":[{"embeddable":true,"href":"https:\/\/elregionalvm.com.ar\/noticias-villa-maria\/wp-json\/wp\/v2\/media\/42568"}],"wp:attachment":[{"href":"https:\/\/elregionalvm.com.ar\/noticias-villa-maria\/wp-json\/wp\/v2\/media?parent=42567"}],"wp:term":[{"taxonomy":"category","embeddable":true,"href":"https:\/\/elregionalvm.com.ar\/noticias-villa-maria\/wp-json\/wp\/v2\/categories?post=42567"},{"taxonomy":"post_tag","embeddable":true,"href":"https:\/\/elregionalvm.com.ar\/noticias-villa-maria\/wp-json\/wp\/v2\/tags?post=42567"}],"curies":[{"name":"wp","href":"https:\/\/api.w.org\/{rel}","templated":true}]}}