{"id":42572,"date":"2021-08-12T21:42:23","date_gmt":"2021-08-12T21:42:23","guid":{"rendered":"https:\/\/elregionalvm.com.ar\/noticias-villa-maria\/?p=42572"},"modified":"2021-08-12T22:32:24","modified_gmt":"2021-08-12T22:32:24","slug":"luego-de-las-dosis-combinadas-vacunaran-con-el-segundo-componente-de-sputnik-v","status":"publish","type":"post","link":"https:\/\/elregionalvm.com.ar\/noticias-villa-maria\/luego-de-las-dosis-combinadas-vacunaran-con-el-segundo-componente-de-sputnik-v\/","title":{"rendered":"Luego de las dosis combinadas, vacunar\u00e1n con el segundo componente de Sputnik V"},"content":{"rendered":"\n<p><\/p>\n\n\n\n<p>A partir de este viernes, el municipio villamariense comenzar\u00e1 a vacunar con la segunda dosis de Sputnik V a los vecinos que hayan recibido la notificaci\u00f3n.<\/p>\n\n\n\n<p>Ser\u00e1 en la sede de la UTN, de 8 a 16 horas, de lunes a viernes, y de 8 a 12, los s\u00e1bados domingos y feriados.<\/p>\n\n\n\n<p>La decisi\u00f3n se da tras la llegada de 1.650 dosis del segundo componente de la vacuna rusa y pocos d\u00edas despu\u00e9s del inicio de la inmunizaci\u00f3n con dosis combinada.<\/p>\n\n\n\n<p>Vale recordar que quienes hab\u00edan recibido el primer componente de Sputnik pudieron acceder a una segunda colocaci\u00f3n con dosis de la vacuna Moderna.<\/p>\n\n\n\n<p>Por otro lado, se contin\u00faa colocando primeras dosis sin inscripci\u00f3n previa a mayores de 30 a\u00f1os, personas embarazadas y vecinos con discapacidad mayores de 18 a\u00f1os.<\/p>\n\n\n\n<p>En Villa Mar\u00eda, casi 60 mil personas recibieron al menos la primera dosis, seg\u00fan datos oficiales.<\/p>\n","protected":false},"excerpt":{"rendered":"<p>A partir de este viernes, el municipio villamariense comenzar\u00e1 a vacunar con la segunda dosis de Sputnik V a los vecinos que hayan recibido la notificaci\u00f3n. Ser\u00e1 en la sede de la UTN, de 8 a 16 horas, de lunes a viernes, y de 8 a 12, los s\u00e1bados domingos y feriados. La decisi\u00f3n se [&hellip;]<\/p>\n","protected":false},"author":4,"featured_media":38753,"comment_status":"open","ping_status":"open","sticky":false,"template":"","format":"standard","meta":{"site-sidebar-layout":"default","site-content-layout":"default","ast-site-content-layout":"default","site-content-style":"default","site-sidebar-style":"default","ast-global-header-display":"","ast-banner-title-visibility":"","ast-main-header-display":"","ast-hfb-above-header-display":"","ast-hfb-below-header-display":"","ast-hfb-mobile-header-display":"","site-post-title":"","ast-breadcrumbs-content":"","ast-featured-img":"","footer-sml-layout":"","ast-disable-related-posts":"","theme-transparent-header-meta":"default","adv-header-id-meta":"","stick-header-meta":"","header-above-stick-meta":"","header-main-stick-meta":"","header-below-stick-meta":"","astra-migrate-meta-layouts":"default","ast-page-background-enabled":"default","ast-page-background-meta":{"desktop":{"background-color":"","background-image":"","background-repeat":"repeat","background-position":"center center","background-size":"auto","background-attachment":"scroll","background-type":"","background-media":"","overlay-type":"","overlay-color":"","overlay-opacity":"","overlay-gradient":""},"tablet":{"background-color":"","background-image":"","background-repeat":"repeat","background-position":"center center","background-size":"auto","background-attachment":"scroll","background-type":"","background-media":"","overlay-type":"","overlay-color":"","overlay-opacity":"","overlay-gradient":""},"mobile":{"background-color":"","background-image":"","background-repeat":"repeat","background-position":"center center","background-size":"auto","background-attachment":"scroll","background-type":"","background-media":"","overlay-type":"","overlay-color":"","overlay-opacity":"","overlay-gradient":""}},"ast-content-background-meta":{"desktop":{"background-color":"var(--ast-global-color-5)","background-image":"","background-repeat":"repeat","background-position":"center center","background-size":"auto","background-attachment":"scroll","background-type":"","background-media":"","overlay-type":"","overlay-color":"","overlay-opacity":"","overlay-gradient":""},"tablet":{"background-color":"var(--ast-global-color-5)","background-image":"","background-repeat":"repeat","background-position":"center center","background-size":"auto","background-attachment":"scroll","background-type":"","background-media":"","overlay-type":"","overlay-color":"","overlay-opacity":"","overlay-gradient":""},"mobile":{"background-color":"var(--ast-global-color-5)","background-image":"","background-repeat":"repeat","background-position":"center center","background-size":"auto","background-attachment":"scroll","background-type":"","background-media":"","overlay-type":"","overlay-color":"","overlay-opacity":"","overlay-gradient":""}},"_jetpack_memberships_contains_paid_content":false,"_joinchat":[],"footnotes":""},"categories":[2],"tags":[2865,10533,10316,1998,6689,6790,7285],"class_list":["post-42572","post","type-post","status-publish","format-standard","has-post-thumbnail","hentry","category-villa-maria","tag-covid-19-2","tag-dosis-combinadas","tag-moderna","tag-pandemia","tag-sputnik-v","tag-utn","tag-vacunacion-covid"],"yoast_head":"<!-- This site is optimized with the Yoast SEO plugin v26.8 - https:\/\/yoast.com\/product\/yoast-seo-wordpress\/ -->\n<title>Luego de las dosis combinadas, vacunar\u00e1n con el segundo componente de Sputnik V - El Regional<\/title>\n<meta name=\"description\" content=\"A partir de este viernes, se comenzar\u00e1 a vacunar con la segunda dosis de Sputnik V a los vecinos que hayan recibido la notificaci\u00f3n.\" \/>\n<meta name=\"robots\" content=\"index, follow, max-snippet:-1, max-image-preview:large, max-video-preview:-1\" \/>\n<link rel=\"canonical\" href=\"http:\/\/elregionalvm.com.ar\/noticias-villa-maria\/luego-de-las-dosis-combinadas-vacunaran-con-el-segundo-componente-de-sputnik-v\/\" \/>\n<meta property=\"og:locale\" content=\"es_ES\" \/>\n<meta property=\"og:type\" content=\"article\" \/>\n<meta property=\"og:title\" content=\"Luego de las dosis combinadas, vacunar\u00e1n con el segundo componente de Sputnik V - El Regional\" \/>\n<meta property=\"og:description\" content=\"A partir de este viernes, se comenzar\u00e1 a vacunar con la segunda dosis de Sputnik V a los vecinos que hayan recibido la notificaci\u00f3n.\" \/>\n<meta property=\"og:url\" content=\"http:\/\/elregionalvm.com.ar\/noticias-villa-maria\/luego-de-las-dosis-combinadas-vacunaran-con-el-segundo-componente-de-sputnik-v\/\" \/>\n<meta property=\"og:site_name\" content=\"El Regional\" \/>\n<meta property=\"article:publisher\" content=\"https:\/\/www.facebook.com\/elregionalvm\" \/>\n<meta property=\"article:published_time\" content=\"2021-08-12T21:42:23+00:00\" \/>\n<meta property=\"article:modified_time\" content=\"2021-08-12T22:32:24+00:00\" \/>\n<meta property=\"og:image\" content=\"http:\/\/elregionalvm.com.ar\/noticias-villa-maria\/wp-content\/uploads\/2021\/06\/Vacunacion-Covid-Villa-Maria-1.jpeg\" \/>\n\t<meta property=\"og:image:width\" content=\"1000\" \/>\n\t<meta property=\"og:image:height\" content=\"666\" \/>\n\t<meta property=\"og:image:type\" content=\"image\/jpeg\" \/>\n<meta name=\"author\" content=\"Contenidos El Regional\" \/>\n<meta name=\"twitter:card\" content=\"summary_large_image\" \/>\n<meta name=\"twitter:creator\" content=\"@elregionalvm1\" \/>\n<meta name=\"twitter:site\" content=\"@elregionalvm1\" \/>\n<meta name=\"twitter:label1\" content=\"Escrito por\" \/>\n\t<meta name=\"twitter:data1\" content=\"Contenidos El Regional\" \/>\n\t<meta name=\"twitter:label2\" content=\"Tiempo de lectura\" \/>\n\t<meta name=\"twitter:data2\" content=\"1 minuto\" \/>\n<script type=\"application\/ld+json\" class=\"yoast-schema-graph\">{\"@context\":\"https:\/\/schema.org\",\"@graph\":[{\"@type\":\"Article\",\"@id\":\"http:\/\/elregionalvm.com.ar\/noticias-villa-maria\/luego-de-las-dosis-combinadas-vacunaran-con-el-segundo-componente-de-sputnik-v\/#article\",\"isPartOf\":{\"@id\":\"http:\/\/elregionalvm.com.ar\/noticias-villa-maria\/luego-de-las-dosis-combinadas-vacunaran-con-el-segundo-componente-de-sputnik-v\/\"},\"author\":{\"name\":\"Contenidos El Regional\",\"@id\":\"http:\/\/elregionalvm.com.ar\/noticias-villa-maria\/#\/schema\/person\/a0fb9c422317faca23d50163151bc354\"},\"headline\":\"Luego de las dosis combinadas, vacunar\u00e1n con el segundo componente de Sputnik V\",\"datePublished\":\"2021-08-12T21:42:23+00:00\",\"dateModified\":\"2021-08-12T22:32:24+00:00\",\"mainEntityOfPage\":{\"@id\":\"http:\/\/elregionalvm.com.ar\/noticias-villa-maria\/luego-de-las-dosis-combinadas-vacunaran-con-el-segundo-componente-de-sputnik-v\/\"},\"wordCount\":166,\"commentCount\":0,\"image\":{\"@id\":\"http:\/\/elregionalvm.com.ar\/noticias-villa-maria\/luego-de-las-dosis-combinadas-vacunaran-con-el-segundo-componente-de-sputnik-v\/#primaryimage\"},\"thumbnailUrl\":\"https:\/\/i0.wp.com\/elregionalvm.com.ar\/noticias-villa-maria\/wp-content\/uploads\/2021\/06\/Vacunacion-Covid-Villa-Maria-1.jpeg?fit=1000%2C666&ssl=1\",\"keywords\":[\"Covid 19\",\"Dosis combinadas\",\"Moderna\",\"pandemia\",\"Sputnik V\",\"UTN\",\"vacunaci\u00f3n Covid\"],\"articleSection\":[\"Villa Mar\u00eda\"],\"inLanguage\":\"es\",\"potentialAction\":[{\"@type\":\"CommentAction\",\"name\":\"Comment\",\"target\":[\"http:\/\/elregionalvm.com.ar\/noticias-villa-maria\/luego-de-las-dosis-combinadas-vacunaran-con-el-segundo-componente-de-sputnik-v\/#respond\"]}]},{\"@type\":\"WebPage\",\"@id\":\"http:\/\/elregionalvm.com.ar\/noticias-villa-maria\/luego-de-las-dosis-combinadas-vacunaran-con-el-segundo-componente-de-sputnik-v\/\",\"url\":\"http:\/\/elregionalvm.com.ar\/noticias-villa-maria\/luego-de-las-dosis-combinadas-vacunaran-con-el-segundo-componente-de-sputnik-v\/\",\"name\":\"Luego de las dosis combinadas, vacunar\u00e1n con el segundo componente de Sputnik V - El Regional\",\"isPartOf\":{\"@id\":\"http:\/\/elregionalvm.com.ar\/noticias-villa-maria\/#website\"},\"primaryImageOfPage\":{\"@id\":\"http:\/\/elregionalvm.com.ar\/noticias-villa-maria\/luego-de-las-dosis-combinadas-vacunaran-con-el-segundo-componente-de-sputnik-v\/#primaryimage\"},\"image\":{\"@id\":\"http:\/\/elregionalvm.com.ar\/noticias-villa-maria\/luego-de-las-dosis-combinadas-vacunaran-con-el-segundo-componente-de-sputnik-v\/#primaryimage\"},\"thumbnailUrl\":\"https:\/\/i0.wp.com\/elregionalvm.com.ar\/noticias-villa-maria\/wp-content\/uploads\/2021\/06\/Vacunacion-Covid-Villa-Maria-1.jpeg?fit=1000%2C666&ssl=1\",\"datePublished\":\"2021-08-12T21:42:23+00:00\",\"dateModified\":\"2021-08-12T22:32:24+00:00\",\"author\":{\"@id\":\"http:\/\/elregionalvm.com.ar\/noticias-villa-maria\/#\/schema\/person\/a0fb9c422317faca23d50163151bc354\"},\"description\":\"A partir de este viernes, se comenzar\u00e1 a vacunar con la segunda dosis de Sputnik V a los vecinos que hayan recibido la notificaci\u00f3n.\",\"breadcrumb\":{\"@id\":\"http:\/\/elregionalvm.com.ar\/noticias-villa-maria\/luego-de-las-dosis-combinadas-vacunaran-con-el-segundo-componente-de-sputnik-v\/#breadcrumb\"},\"inLanguage\":\"es\",\"potentialAction\":[{\"@type\":\"ReadAction\",\"target\":[\"http:\/\/elregionalvm.com.ar\/noticias-villa-maria\/luego-de-las-dosis-combinadas-vacunaran-con-el-segundo-componente-de-sputnik-v\/\"]}]},{\"@type\":\"ImageObject\",\"inLanguage\":\"es\",\"@id\":\"http:\/\/elregionalvm.com.ar\/noticias-villa-maria\/luego-de-las-dosis-combinadas-vacunaran-con-el-segundo-componente-de-sputnik-v\/#primaryimage\",\"url\":\"https:\/\/i0.wp.com\/elregionalvm.com.ar\/noticias-villa-maria\/wp-content\/uploads\/2021\/06\/Vacunacion-Covid-Villa-Maria-1.jpeg?fit=1000%2C666&ssl=1\",\"contentUrl\":\"https:\/\/i0.wp.com\/elregionalvm.com.ar\/noticias-villa-maria\/wp-content\/uploads\/2021\/06\/Vacunacion-Covid-Villa-Maria-1.jpeg?fit=1000%2C666&ssl=1\",\"width\":1000,\"height\":666},{\"@type\":\"BreadcrumbList\",\"@id\":\"http:\/\/elregionalvm.com.ar\/noticias-villa-maria\/luego-de-las-dosis-combinadas-vacunaran-con-el-segundo-componente-de-sputnik-v\/#breadcrumb\",\"itemListElement\":[{\"@type\":\"ListItem\",\"position\":1,\"name\":\"Portada\",\"item\":\"https:\/\/elregionalvm.com.ar\/noticias-villa-maria\/\"},{\"@type\":\"ListItem\",\"position\":2,\"name\":\"Luego de las dosis combinadas, vacunar\u00e1n con el segundo componente de Sputnik V\"}]},{\"@type\":\"WebSite\",\"@id\":\"http:\/\/elregionalvm.com.ar\/noticias-villa-maria\/#website\",\"url\":\"http:\/\/elregionalvm.com.ar\/noticias-villa-maria\/\",\"name\":\"El Regional\",\"description\":\"Mucho m\u00e1s que informaci\u00f3n\",\"potentialAction\":[{\"@type\":\"SearchAction\",\"target\":{\"@type\":\"EntryPoint\",\"urlTemplate\":\"http:\/\/elregionalvm.com.ar\/noticias-villa-maria\/?s={search_term_string}\"},\"query-input\":{\"@type\":\"PropertyValueSpecification\",\"valueRequired\":true,\"valueName\":\"search_term_string\"}}],\"inLanguage\":\"es\"},{\"@type\":\"Person\",\"@id\":\"http:\/\/elregionalvm.com.ar\/noticias-villa-maria\/#\/schema\/person\/a0fb9c422317faca23d50163151bc354\",\"name\":\"Contenidos El Regional\",\"image\":{\"@type\":\"ImageObject\",\"inLanguage\":\"es\",\"@id\":\"http:\/\/elregionalvm.com.ar\/noticias-villa-maria\/#\/schema\/person\/image\/\",\"url\":\"https:\/\/secure.gravatar.com\/avatar\/265b27cb2209af7bb3a1318f03305787d7981a5cc6e6cd08fe5a4ecdf99d4b48?s=96&d=mm&r=g\",\"contentUrl\":\"https:\/\/secure.gravatar.com\/avatar\/265b27cb2209af7bb3a1318f03305787d7981a5cc6e6cd08fe5a4ecdf99d4b48?s=96&d=mm&r=g\",\"caption\":\"Contenidos El Regional\"},\"url\":\"https:\/\/elregionalvm.com.ar\/noticias-villa-maria\/author\/contenido\/\"}]}<\/script>\n<!-- \/ Yoast SEO plugin. -->","yoast_head_json":{"title":"Luego de las dosis combinadas, vacunar\u00e1n con el segundo componente de Sputnik V - El Regional","description":"A partir de este viernes, se comenzar\u00e1 a vacunar con la segunda dosis de Sputnik V a los vecinos que hayan recibido la notificaci\u00f3n.","robots":{"index":"index","follow":"follow","max-snippet":"max-snippet:-1","max-image-preview":"max-image-preview:large","max-video-preview":"max-video-preview:-1"},"canonical":"http:\/\/elregionalvm.com.ar\/noticias-villa-maria\/luego-de-las-dosis-combinadas-vacunaran-con-el-segundo-componente-de-sputnik-v\/","og_locale":"es_ES","og_type":"article","og_title":"Luego de las dosis combinadas, vacunar\u00e1n con el segundo componente de Sputnik V - El Regional","og_description":"A partir de este viernes, se comenzar\u00e1 a vacunar con la segunda dosis de Sputnik V a los vecinos que hayan recibido la notificaci\u00f3n.","og_url":"http:\/\/elregionalvm.com.ar\/noticias-villa-maria\/luego-de-las-dosis-combinadas-vacunaran-con-el-segundo-componente-de-sputnik-v\/","og_site_name":"El Regional","article_publisher":"https:\/\/www.facebook.com\/elregionalvm","article_published_time":"2021-08-12T21:42:23+00:00","article_modified_time":"2021-08-12T22:32:24+00:00","og_image":[{"width":1000,"height":666,"url":"http:\/\/elregionalvm.com.ar\/noticias-villa-maria\/wp-content\/uploads\/2021\/06\/Vacunacion-Covid-Villa-Maria-1.jpeg","type":"image\/jpeg"}],"author":"Contenidos El Regional","twitter_card":"summary_large_image","twitter_creator":"@elregionalvm1","twitter_site":"@elregionalvm1","twitter_misc":{"Escrito por":"Contenidos El Regional","Tiempo de lectura":"1 minuto"},"schema":{"@context":"https:\/\/schema.org","@graph":[{"@type":"Article","@id":"http:\/\/elregionalvm.com.ar\/noticias-villa-maria\/luego-de-las-dosis-combinadas-vacunaran-con-el-segundo-componente-de-sputnik-v\/#article","isPartOf":{"@id":"http:\/\/elregionalvm.com.ar\/noticias-villa-maria\/luego-de-las-dosis-combinadas-vacunaran-con-el-segundo-componente-de-sputnik-v\/"},"author":{"name":"Contenidos El Regional","@id":"http:\/\/elregionalvm.com.ar\/noticias-villa-maria\/#\/schema\/person\/a0fb9c422317faca23d50163151bc354"},"headline":"Luego de las dosis combinadas, vacunar\u00e1n con el segundo componente de Sputnik V","datePublished":"2021-08-12T21:42:23+00:00","dateModified":"2021-08-12T22:32:24+00:00","mainEntityOfPage":{"@id":"http:\/\/elregionalvm.com.ar\/noticias-villa-maria\/luego-de-las-dosis-combinadas-vacunaran-con-el-segundo-componente-de-sputnik-v\/"},"wordCount":166,"commentCount":0,"image":{"@id":"http:\/\/elregionalvm.com.ar\/noticias-villa-maria\/luego-de-las-dosis-combinadas-vacunaran-con-el-segundo-componente-de-sputnik-v\/#primaryimage"},"thumbnailUrl":"https:\/\/i0.wp.com\/elregionalvm.com.ar\/noticias-villa-maria\/wp-content\/uploads\/2021\/06\/Vacunacion-Covid-Villa-Maria-1.jpeg?fit=1000%2C666&ssl=1","keywords":["Covid 19","Dosis combinadas","Moderna","pandemia","Sputnik V","UTN","vacunaci\u00f3n Covid"],"articleSection":["Villa Mar\u00eda"],"inLanguage":"es","potentialAction":[{"@type":"CommentAction","name":"Comment","target":["http:\/\/elregionalvm.com.ar\/noticias-villa-maria\/luego-de-las-dosis-combinadas-vacunaran-con-el-segundo-componente-de-sputnik-v\/#respond"]}]},{"@type":"WebPage","@id":"http:\/\/elregionalvm.com.ar\/noticias-villa-maria\/luego-de-las-dosis-combinadas-vacunaran-con-el-segundo-componente-de-sputnik-v\/","url":"http:\/\/elregionalvm.com.ar\/noticias-villa-maria\/luego-de-las-dosis-combinadas-vacunaran-con-el-segundo-componente-de-sputnik-v\/","name":"Luego de las dosis combinadas, vacunar\u00e1n con el segundo componente de Sputnik V - El Regional","isPartOf":{"@id":"http:\/\/elregionalvm.com.ar\/noticias-villa-maria\/#website"},"primaryImageOfPage":{"@id":"http:\/\/elregionalvm.com.ar\/noticias-villa-maria\/luego-de-las-dosis-combinadas-vacunaran-con-el-segundo-componente-de-sputnik-v\/#primaryimage"},"image":{"@id":"http:\/\/elregionalvm.com.ar\/noticias-villa-maria\/luego-de-las-dosis-combinadas-vacunaran-con-el-segundo-componente-de-sputnik-v\/#primaryimage"},"thumbnailUrl":"https:\/\/i0.wp.com\/elregionalvm.com.ar\/noticias-villa-maria\/wp-content\/uploads\/2021\/06\/Vacunacion-Covid-Villa-Maria-1.jpeg?fit=1000%2C666&ssl=1","datePublished":"2021-08-12T21:42:23+00:00","dateModified":"2021-08-12T22:32:24+00:00","author":{"@id":"http:\/\/elregionalvm.com.ar\/noticias-villa-maria\/#\/schema\/person\/a0fb9c422317faca23d50163151bc354"},"description":"A partir de este viernes, se comenzar\u00e1 a vacunar con la segunda dosis de Sputnik V a los vecinos que hayan recibido la notificaci\u00f3n.","breadcrumb":{"@id":"http:\/\/elregionalvm.com.ar\/noticias-villa-maria\/luego-de-las-dosis-combinadas-vacunaran-con-el-segundo-componente-de-sputnik-v\/#breadcrumb"},"inLanguage":"es","potentialAction":[{"@type":"ReadAction","target":["http:\/\/elregionalvm.com.ar\/noticias-villa-maria\/luego-de-las-dosis-combinadas-vacunaran-con-el-segundo-componente-de-sputnik-v\/"]}]},{"@type":"ImageObject","inLanguage":"es","@id":"http:\/\/elregionalvm.com.ar\/noticias-villa-maria\/luego-de-las-dosis-combinadas-vacunaran-con-el-segundo-componente-de-sputnik-v\/#primaryimage","url":"https:\/\/i0.wp.com\/elregionalvm.com.ar\/noticias-villa-maria\/wp-content\/uploads\/2021\/06\/Vacunacion-Covid-Villa-Maria-1.jpeg?fit=1000%2C666&ssl=1","contentUrl":"https:\/\/i0.wp.com\/elregionalvm.com.ar\/noticias-villa-maria\/wp-content\/uploads\/2021\/06\/Vacunacion-Covid-Villa-Maria-1.jpeg?fit=1000%2C666&ssl=1","width":1000,"height":666},{"@type":"BreadcrumbList","@id":"http:\/\/elregionalvm.com.ar\/noticias-villa-maria\/luego-de-las-dosis-combinadas-vacunaran-con-el-segundo-componente-de-sputnik-v\/#breadcrumb","itemListElement":[{"@type":"ListItem","position":1,"name":"Portada","item":"https:\/\/elregionalvm.com.ar\/noticias-villa-maria\/"},{"@type":"ListItem","position":2,"name":"Luego de las dosis combinadas, vacunar\u00e1n con el segundo componente de Sputnik V"}]},{"@type":"WebSite","@id":"http:\/\/elregionalvm.com.ar\/noticias-villa-maria\/#website","url":"http:\/\/elregionalvm.com.ar\/noticias-villa-maria\/","name":"El Regional","description":"Mucho m\u00e1s que informaci\u00f3n","potentialAction":[{"@type":"SearchAction","target":{"@type":"EntryPoint","urlTemplate":"http:\/\/elregionalvm.com.ar\/noticias-villa-maria\/?s={search_term_string}"},"query-input":{"@type":"PropertyValueSpecification","valueRequired":true,"valueName":"search_term_string"}}],"inLanguage":"es"},{"@type":"Person","@id":"http:\/\/elregionalvm.com.ar\/noticias-villa-maria\/#\/schema\/person\/a0fb9c422317faca23d50163151bc354","name":"Contenidos El Regional","image":{"@type":"ImageObject","inLanguage":"es","@id":"http:\/\/elregionalvm.com.ar\/noticias-villa-maria\/#\/schema\/person\/image\/","url":"https:\/\/secure.gravatar.com\/avatar\/265b27cb2209af7bb3a1318f03305787d7981a5cc6e6cd08fe5a4ecdf99d4b48?s=96&d=mm&r=g","contentUrl":"https:\/\/secure.gravatar.com\/avatar\/265b27cb2209af7bb3a1318f03305787d7981a5cc6e6cd08fe5a4ecdf99d4b48?s=96&d=mm&r=g","caption":"Contenidos El Regional"},"url":"https:\/\/elregionalvm.com.ar\/noticias-villa-maria\/author\/contenido\/"}]}},"jetpack_featured_media_url":"https:\/\/i0.wp.com\/elregionalvm.com.ar\/noticias-villa-maria\/wp-content\/uploads\/2021\/06\/Vacunacion-Covid-Villa-Maria-1.jpeg?fit=1000%2C666&ssl=1","jetpack_sharing_enabled":true,"_links":{"self":[{"href":"https:\/\/elregionalvm.com.ar\/noticias-villa-maria\/wp-json\/wp\/v2\/posts\/42572","targetHints":{"allow":["GET"]}}],"collection":[{"href":"https:\/\/elregionalvm.com.ar\/noticias-villa-maria\/wp-json\/wp\/v2\/posts"}],"about":[{"href":"https:\/\/elregionalvm.com.ar\/noticias-villa-maria\/wp-json\/wp\/v2\/types\/post"}],"author":[{"embeddable":true,"href":"https:\/\/elregionalvm.com.ar\/noticias-villa-maria\/wp-json\/wp\/v2\/users\/4"}],"replies":[{"embeddable":true,"href":"https:\/\/elregionalvm.com.ar\/noticias-villa-maria\/wp-json\/wp\/v2\/comments?post=42572"}],"version-history":[{"count":1,"href":"https:\/\/elregionalvm.com.ar\/noticias-villa-maria\/wp-json\/wp\/v2\/posts\/42572\/revisions"}],"predecessor-version":[{"id":42573,"href":"https:\/\/elregionalvm.com.ar\/noticias-villa-maria\/wp-json\/wp\/v2\/posts\/42572\/revisions\/42573"}],"wp:featuredmedia":[{"embeddable":true,"href":"https:\/\/elregionalvm.com.ar\/noticias-villa-maria\/wp-json\/wp\/v2\/media\/38753"}],"wp:attachment":[{"href":"https:\/\/elregionalvm.com.ar\/noticias-villa-maria\/wp-json\/wp\/v2\/media?parent=42572"}],"wp:term":[{"taxonomy":"category","embeddable":true,"href":"https:\/\/elregionalvm.com.ar\/noticias-villa-maria\/wp-json\/wp\/v2\/categories?post=42572"},{"taxonomy":"post_tag","embeddable":true,"href":"https:\/\/elregionalvm.com.ar\/noticias-villa-maria\/wp-json\/wp\/v2\/tags?post=42572"}],"curies":[{"name":"wp","href":"https:\/\/api.w.org\/{rel}","templated":true}]}}