{"id":42574,"date":"2021-08-12T22:06:46","date_gmt":"2021-08-12T22:06:46","guid":{"rendered":"https:\/\/elregionalvm.com.ar\/noticias-villa-maria\/?p=42574"},"modified":"2021-08-12T22:06:48","modified_gmt":"2021-08-12T22:06:48","slug":"ausonia-habilitan-el-parque-industrial-y-entregan-aporte-de-2-millones","status":"publish","type":"post","link":"https:\/\/elregionalvm.com.ar\/noticias-villa-maria\/ausonia-habilitan-el-parque-industrial-y-entregan-aporte-de-2-millones\/","title":{"rendered":"Ausonia: Habilitan el parque industrial y entregan aporte de $2 millones"},"content":{"rendered":"\n<p><\/p>\n\n\n\n<p>Ausonia ya cuenta con el parque industrial habilitado de manera oficial por el Gobierno de la Provincia de C\u00f3rdoba.<\/p>\n\n\n\n<p>El acto se desarroll\u00f3 en la planta industrial de la empresa Conecar, instalada desde hace a\u00f1os en ese espacio productivo.<\/p>\n\n\n\n<p>Cont\u00f3 con la presencia del ministro de Industria, Comercio y Miner\u00eda, Eduardo Accastello, el intendente de Ausonia, Mauricio Paj\u00f3n, y el presidente y CEO de la firma Roberto Guercetti, entre otras autoridades.<\/p>\n\n\n\n<p>El parque tiene una superficie de 7 hect\u00e1reas y alberga a cuatro industrias. A partir de la habilitaci\u00f3n formal se espera el incremento de puestos laborales.<\/p>\n\n\n\n<p><\/p>\n\n\n\n<figure class=\"wp-block-image size-large\"><img data-recalc-dims=\"1\" fetchpriority=\"high\" decoding=\"async\" width=\"1024\" height=\"739\" src=\"https:\/\/i0.wp.com\/elregionalvm.com.ar\/noticias-villa-maria\/wp-content\/uploads\/2021\/08\/Ausonia-parque-industrial-2021-2.jpg?resize=1024%2C739&#038;ssl=1\" alt=\"\" class=\"wp-image-42576\" srcset=\"https:\/\/i0.wp.com\/elregionalvm.com.ar\/noticias-villa-maria\/wp-content\/uploads\/2021\/08\/Ausonia-parque-industrial-2021-2.jpg?resize=1024%2C739&amp;ssl=1 1024w, https:\/\/i0.wp.com\/elregionalvm.com.ar\/noticias-villa-maria\/wp-content\/uploads\/2021\/08\/Ausonia-parque-industrial-2021-2.jpg?resize=300%2C217&amp;ssl=1 300w, https:\/\/i0.wp.com\/elregionalvm.com.ar\/noticias-villa-maria\/wp-content\/uploads\/2021\/08\/Ausonia-parque-industrial-2021-2.jpg?resize=768%2C554&amp;ssl=1 768w, https:\/\/i0.wp.com\/elregionalvm.com.ar\/noticias-villa-maria\/wp-content\/uploads\/2021\/08\/Ausonia-parque-industrial-2021-2.jpg?w=1230&amp;ssl=1 1230w\" sizes=\"(max-width: 1000px) 100vw, 1000px\" \/><\/figure>\n\n\n\n<p><\/p>\n\n\n\n<p><strong>Parque Verde<\/strong><\/p>\n\n\n\n<p>En el acto, tambi\u00e9n se entreg\u00f3 mil especies de \u00e1rboles para conformar una cortina forestal en el parque industrial.<\/p>\n\n\n\n<p>En tanto, Paj\u00f3n recibi\u00f3 de Accastello un aporte no reembolsable por el valor de 2,1 millones de pesos.<\/p>\n\n\n\n<p><\/p>\n\n\n\n<p><em>Fotos: Conecar<\/em><\/p>\n","protected":false},"excerpt":{"rendered":"<p>Ausonia ya cuenta con el parque industrial habilitado de manera oficial por el Gobierno de la Provincia de C\u00f3rdoba. El acto se desarroll\u00f3 en la planta industrial de la empresa Conecar, instalada desde hace a\u00f1os en ese espacio productivo. Cont\u00f3 con la presencia del ministro de Industria, Comercio y Miner\u00eda, Eduardo Accastello, el intendente de [&hellip;]<\/p>\n","protected":false},"author":4,"featured_media":42575,"comment_status":"open","ping_status":"open","sticky":false,"template":"","format":"standard","meta":{"site-sidebar-layout":"default","site-content-layout":"default","ast-site-content-layout":"default","site-content-style":"default","site-sidebar-style":"default","ast-global-header-display":"","ast-banner-title-visibility":"","ast-main-header-display":"","ast-hfb-above-header-display":"","ast-hfb-below-header-display":"","ast-hfb-mobile-header-display":"","site-post-title":"","ast-breadcrumbs-content":"","ast-featured-img":"","footer-sml-layout":"","ast-disable-related-posts":"","theme-transparent-header-meta":"default","adv-header-id-meta":"","stick-header-meta":"","header-above-stick-meta":"","header-main-stick-meta":"","header-below-stick-meta":"","astra-migrate-meta-layouts":"default","ast-page-background-enabled":"default","ast-page-background-meta":{"desktop":{"background-color":"","background-image":"","background-repeat":"repeat","background-position":"center center","background-size":"auto","background-attachment":"scroll","background-type":"","background-media":"","overlay-type":"","overlay-color":"","overlay-opacity":"","overlay-gradient":""},"tablet":{"background-color":"","background-image":"","background-repeat":"repeat","background-position":"center center","background-size":"auto","background-attachment":"scroll","background-type":"","background-media":"","overlay-type":"","overlay-color":"","overlay-opacity":"","overlay-gradient":""},"mobile":{"background-color":"","background-image":"","background-repeat":"repeat","background-position":"center center","background-size":"auto","background-attachment":"scroll","background-type":"","background-media":"","overlay-type":"","overlay-color":"","overlay-opacity":"","overlay-gradient":""}},"ast-content-background-meta":{"desktop":{"background-color":"var(--ast-global-color-5)","background-image":"","background-repeat":"repeat","background-position":"center center","background-size":"auto","background-attachment":"scroll","background-type":"","background-media":"","overlay-type":"","overlay-color":"","overlay-opacity":"","overlay-gradient":""},"tablet":{"background-color":"var(--ast-global-color-5)","background-image":"","background-repeat":"repeat","background-position":"center center","background-size":"auto","background-attachment":"scroll","background-type":"","background-media":"","overlay-type":"","overlay-color":"","overlay-opacity":"","overlay-gradient":""},"mobile":{"background-color":"var(--ast-global-color-5)","background-image":"","background-repeat":"repeat","background-position":"center center","background-size":"auto","background-attachment":"scroll","background-type":"","background-media":"","overlay-type":"","overlay-color":"","overlay-opacity":"","overlay-gradient":""}},"_jetpack_memberships_contains_paid_content":false,"_joinchat":[],"footnotes":""},"categories":[2091],"tags":[1519,10534,1232,2038,3040,2136,4278,2381],"class_list":["post-42574","post","type-post","status-publish","format-standard","has-post-thumbnail","hentry","category-region","tag-ausonia","tag-conecar","tag-destacado","tag-eduardo-accastello","tag-gobierno-de-cordoba","tag-habilitacion","tag-mauricio-pajon","tag-parque-industrial"],"yoast_head":"<!-- This site is optimized with the Yoast SEO plugin v26.8 - https:\/\/yoast.com\/product\/yoast-seo-wordpress\/ -->\n<title>Ausonia: Habilitan el parque industrial y entregan aporte de $2 millones - El Regional<\/title>\n<meta name=\"description\" content=\"Ausonia ya cuenta con el parque industrial habilitado de manera oficial por el Gobierno de la Provincia de C\u00f3rdoba.\" \/>\n<meta name=\"robots\" content=\"index, follow, max-snippet:-1, max-image-preview:large, max-video-preview:-1\" \/>\n<link rel=\"canonical\" href=\"http:\/\/elregionalvm.com.ar\/noticias-villa-maria\/ausonia-habilitan-el-parque-industrial-y-entregan-aporte-de-2-millones\/\" \/>\n<meta property=\"og:locale\" content=\"es_ES\" \/>\n<meta property=\"og:type\" content=\"article\" \/>\n<meta property=\"og:title\" content=\"Ausonia: Habilitan el parque industrial y entregan aporte de $2 millones - El Regional\" \/>\n<meta property=\"og:description\" content=\"Ausonia ya cuenta con el parque industrial habilitado de manera oficial por el Gobierno de la Provincia de C\u00f3rdoba.\" \/>\n<meta property=\"og:url\" content=\"http:\/\/elregionalvm.com.ar\/noticias-villa-maria\/ausonia-habilitan-el-parque-industrial-y-entregan-aporte-de-2-millones\/\" \/>\n<meta property=\"og:site_name\" content=\"El Regional\" \/>\n<meta property=\"article:publisher\" content=\"https:\/\/www.facebook.com\/elregionalvm\" \/>\n<meta property=\"article:published_time\" content=\"2021-08-12T22:06:46+00:00\" \/>\n<meta property=\"article:modified_time\" content=\"2021-08-12T22:06:48+00:00\" \/>\n<meta property=\"og:image\" content=\"http:\/\/elregionalvm.com.ar\/noticias-villa-maria\/wp-content\/uploads\/2021\/08\/Ausonia-parque-industrial-2021.jpg\" \/>\n\t<meta property=\"og:image:width\" content=\"690\" \/>\n\t<meta property=\"og:image:height\" content=\"414\" \/>\n\t<meta property=\"og:image:type\" content=\"image\/jpeg\" \/>\n<meta name=\"author\" content=\"Contenidos El Regional\" \/>\n<meta name=\"twitter:card\" content=\"summary_large_image\" \/>\n<meta name=\"twitter:creator\" content=\"@elregionalvm1\" \/>\n<meta name=\"twitter:site\" content=\"@elregionalvm1\" \/>\n<meta name=\"twitter:label1\" content=\"Escrito por\" \/>\n\t<meta name=\"twitter:data1\" content=\"Contenidos El Regional\" \/>\n\t<meta name=\"twitter:label2\" content=\"Tiempo de lectura\" \/>\n\t<meta name=\"twitter:data2\" content=\"1 minuto\" \/>\n<script type=\"application\/ld+json\" class=\"yoast-schema-graph\">{\"@context\":\"https:\/\/schema.org\",\"@graph\":[{\"@type\":\"Article\",\"@id\":\"http:\/\/elregionalvm.com.ar\/noticias-villa-maria\/ausonia-habilitan-el-parque-industrial-y-entregan-aporte-de-2-millones\/#article\",\"isPartOf\":{\"@id\":\"http:\/\/elregionalvm.com.ar\/noticias-villa-maria\/ausonia-habilitan-el-parque-industrial-y-entregan-aporte-de-2-millones\/\"},\"author\":{\"name\":\"Contenidos El Regional\",\"@id\":\"http:\/\/elregionalvm.com.ar\/noticias-villa-maria\/#\/schema\/person\/a0fb9c422317faca23d50163151bc354\"},\"headline\":\"Ausonia: Habilitan el parque industrial y entregan aporte de $2 millones\",\"datePublished\":\"2021-08-12T22:06:46+00:00\",\"dateModified\":\"2021-08-12T22:06:48+00:00\",\"mainEntityOfPage\":{\"@id\":\"http:\/\/elregionalvm.com.ar\/noticias-villa-maria\/ausonia-habilitan-el-parque-industrial-y-entregan-aporte-de-2-millones\/\"},\"wordCount\":154,\"commentCount\":0,\"image\":{\"@id\":\"http:\/\/elregionalvm.com.ar\/noticias-villa-maria\/ausonia-habilitan-el-parque-industrial-y-entregan-aporte-de-2-millones\/#primaryimage\"},\"thumbnailUrl\":\"https:\/\/i0.wp.com\/elregionalvm.com.ar\/noticias-villa-maria\/wp-content\/uploads\/2021\/08\/Ausonia-parque-industrial-2021.jpg?fit=690%2C414&ssl=1\",\"keywords\":[\"Ausonia\",\"Conecar\",\"destacado\",\"Eduardo Accastello\",\"Gobierno de C\u00f3rdoba\",\"Habilitaci\u00f3n\",\"Mauricio Paj\u00f3n\",\"Parque Industrial\"],\"articleSection\":[\"Regi\u00f3n\"],\"inLanguage\":\"es\",\"potentialAction\":[{\"@type\":\"CommentAction\",\"name\":\"Comment\",\"target\":[\"http:\/\/elregionalvm.com.ar\/noticias-villa-maria\/ausonia-habilitan-el-parque-industrial-y-entregan-aporte-de-2-millones\/#respond\"]}]},{\"@type\":\"WebPage\",\"@id\":\"http:\/\/elregionalvm.com.ar\/noticias-villa-maria\/ausonia-habilitan-el-parque-industrial-y-entregan-aporte-de-2-millones\/\",\"url\":\"http:\/\/elregionalvm.com.ar\/noticias-villa-maria\/ausonia-habilitan-el-parque-industrial-y-entregan-aporte-de-2-millones\/\",\"name\":\"Ausonia: Habilitan el parque industrial y entregan aporte de $2 millones - El Regional\",\"isPartOf\":{\"@id\":\"http:\/\/elregionalvm.com.ar\/noticias-villa-maria\/#website\"},\"primaryImageOfPage\":{\"@id\":\"http:\/\/elregionalvm.com.ar\/noticias-villa-maria\/ausonia-habilitan-el-parque-industrial-y-entregan-aporte-de-2-millones\/#primaryimage\"},\"image\":{\"@id\":\"http:\/\/elregionalvm.com.ar\/noticias-villa-maria\/ausonia-habilitan-el-parque-industrial-y-entregan-aporte-de-2-millones\/#primaryimage\"},\"thumbnailUrl\":\"https:\/\/i0.wp.com\/elregionalvm.com.ar\/noticias-villa-maria\/wp-content\/uploads\/2021\/08\/Ausonia-parque-industrial-2021.jpg?fit=690%2C414&ssl=1\",\"datePublished\":\"2021-08-12T22:06:46+00:00\",\"dateModified\":\"2021-08-12T22:06:48+00:00\",\"author\":{\"@id\":\"http:\/\/elregionalvm.com.ar\/noticias-villa-maria\/#\/schema\/person\/a0fb9c422317faca23d50163151bc354\"},\"description\":\"Ausonia ya cuenta con el parque industrial habilitado de manera oficial por el Gobierno de la Provincia de C\u00f3rdoba.\",\"breadcrumb\":{\"@id\":\"http:\/\/elregionalvm.com.ar\/noticias-villa-maria\/ausonia-habilitan-el-parque-industrial-y-entregan-aporte-de-2-millones\/#breadcrumb\"},\"inLanguage\":\"es\",\"potentialAction\":[{\"@type\":\"ReadAction\",\"target\":[\"http:\/\/elregionalvm.com.ar\/noticias-villa-maria\/ausonia-habilitan-el-parque-industrial-y-entregan-aporte-de-2-millones\/\"]}]},{\"@type\":\"ImageObject\",\"inLanguage\":\"es\",\"@id\":\"http:\/\/elregionalvm.com.ar\/noticias-villa-maria\/ausonia-habilitan-el-parque-industrial-y-entregan-aporte-de-2-millones\/#primaryimage\",\"url\":\"https:\/\/i0.wp.com\/elregionalvm.com.ar\/noticias-villa-maria\/wp-content\/uploads\/2021\/08\/Ausonia-parque-industrial-2021.jpg?fit=690%2C414&ssl=1\",\"contentUrl\":\"https:\/\/i0.wp.com\/elregionalvm.com.ar\/noticias-villa-maria\/wp-content\/uploads\/2021\/08\/Ausonia-parque-industrial-2021.jpg?fit=690%2C414&ssl=1\",\"width\":690,\"height\":414},{\"@type\":\"BreadcrumbList\",\"@id\":\"http:\/\/elregionalvm.com.ar\/noticias-villa-maria\/ausonia-habilitan-el-parque-industrial-y-entregan-aporte-de-2-millones\/#breadcrumb\",\"itemListElement\":[{\"@type\":\"ListItem\",\"position\":1,\"name\":\"Portada\",\"item\":\"https:\/\/elregionalvm.com.ar\/noticias-villa-maria\/\"},{\"@type\":\"ListItem\",\"position\":2,\"name\":\"Ausonia: Habilitan el parque industrial y entregan aporte de $2 millones\"}]},{\"@type\":\"WebSite\",\"@id\":\"http:\/\/elregionalvm.com.ar\/noticias-villa-maria\/#website\",\"url\":\"http:\/\/elregionalvm.com.ar\/noticias-villa-maria\/\",\"name\":\"El Regional\",\"description\":\"Mucho m\u00e1s que informaci\u00f3n\",\"potentialAction\":[{\"@type\":\"SearchAction\",\"target\":{\"@type\":\"EntryPoint\",\"urlTemplate\":\"http:\/\/elregionalvm.com.ar\/noticias-villa-maria\/?s={search_term_string}\"},\"query-input\":{\"@type\":\"PropertyValueSpecification\",\"valueRequired\":true,\"valueName\":\"search_term_string\"}}],\"inLanguage\":\"es\"},{\"@type\":\"Person\",\"@id\":\"http:\/\/elregionalvm.com.ar\/noticias-villa-maria\/#\/schema\/person\/a0fb9c422317faca23d50163151bc354\",\"name\":\"Contenidos El Regional\",\"image\":{\"@type\":\"ImageObject\",\"inLanguage\":\"es\",\"@id\":\"http:\/\/elregionalvm.com.ar\/noticias-villa-maria\/#\/schema\/person\/image\/\",\"url\":\"https:\/\/secure.gravatar.com\/avatar\/265b27cb2209af7bb3a1318f03305787d7981a5cc6e6cd08fe5a4ecdf99d4b48?s=96&d=mm&r=g\",\"contentUrl\":\"https:\/\/secure.gravatar.com\/avatar\/265b27cb2209af7bb3a1318f03305787d7981a5cc6e6cd08fe5a4ecdf99d4b48?s=96&d=mm&r=g\",\"caption\":\"Contenidos El Regional\"},\"url\":\"https:\/\/elregionalvm.com.ar\/noticias-villa-maria\/author\/contenido\/\"}]}<\/script>\n<!-- \/ Yoast SEO plugin. -->","yoast_head_json":{"title":"Ausonia: Habilitan el parque industrial y entregan aporte de $2 millones - El Regional","description":"Ausonia ya cuenta con el parque industrial habilitado de manera oficial por el Gobierno de la Provincia de C\u00f3rdoba.","robots":{"index":"index","follow":"follow","max-snippet":"max-snippet:-1","max-image-preview":"max-image-preview:large","max-video-preview":"max-video-preview:-1"},"canonical":"http:\/\/elregionalvm.com.ar\/noticias-villa-maria\/ausonia-habilitan-el-parque-industrial-y-entregan-aporte-de-2-millones\/","og_locale":"es_ES","og_type":"article","og_title":"Ausonia: Habilitan el parque industrial y entregan aporte de $2 millones - El Regional","og_description":"Ausonia ya cuenta con el parque industrial habilitado de manera oficial por el Gobierno de la Provincia de C\u00f3rdoba.","og_url":"http:\/\/elregionalvm.com.ar\/noticias-villa-maria\/ausonia-habilitan-el-parque-industrial-y-entregan-aporte-de-2-millones\/","og_site_name":"El Regional","article_publisher":"https:\/\/www.facebook.com\/elregionalvm","article_published_time":"2021-08-12T22:06:46+00:00","article_modified_time":"2021-08-12T22:06:48+00:00","og_image":[{"width":690,"height":414,"url":"http:\/\/elregionalvm.com.ar\/noticias-villa-maria\/wp-content\/uploads\/2021\/08\/Ausonia-parque-industrial-2021.jpg","type":"image\/jpeg"}],"author":"Contenidos El Regional","twitter_card":"summary_large_image","twitter_creator":"@elregionalvm1","twitter_site":"@elregionalvm1","twitter_misc":{"Escrito por":"Contenidos El Regional","Tiempo de lectura":"1 minuto"},"schema":{"@context":"https:\/\/schema.org","@graph":[{"@type":"Article","@id":"http:\/\/elregionalvm.com.ar\/noticias-villa-maria\/ausonia-habilitan-el-parque-industrial-y-entregan-aporte-de-2-millones\/#article","isPartOf":{"@id":"http:\/\/elregionalvm.com.ar\/noticias-villa-maria\/ausonia-habilitan-el-parque-industrial-y-entregan-aporte-de-2-millones\/"},"author":{"name":"Contenidos El Regional","@id":"http:\/\/elregionalvm.com.ar\/noticias-villa-maria\/#\/schema\/person\/a0fb9c422317faca23d50163151bc354"},"headline":"Ausonia: Habilitan el parque industrial y entregan aporte de $2 millones","datePublished":"2021-08-12T22:06:46+00:00","dateModified":"2021-08-12T22:06:48+00:00","mainEntityOfPage":{"@id":"http:\/\/elregionalvm.com.ar\/noticias-villa-maria\/ausonia-habilitan-el-parque-industrial-y-entregan-aporte-de-2-millones\/"},"wordCount":154,"commentCount":0,"image":{"@id":"http:\/\/elregionalvm.com.ar\/noticias-villa-maria\/ausonia-habilitan-el-parque-industrial-y-entregan-aporte-de-2-millones\/#primaryimage"},"thumbnailUrl":"https:\/\/i0.wp.com\/elregionalvm.com.ar\/noticias-villa-maria\/wp-content\/uploads\/2021\/08\/Ausonia-parque-industrial-2021.jpg?fit=690%2C414&ssl=1","keywords":["Ausonia","Conecar","destacado","Eduardo Accastello","Gobierno de C\u00f3rdoba","Habilitaci\u00f3n","Mauricio Paj\u00f3n","Parque Industrial"],"articleSection":["Regi\u00f3n"],"inLanguage":"es","potentialAction":[{"@type":"CommentAction","name":"Comment","target":["http:\/\/elregionalvm.com.ar\/noticias-villa-maria\/ausonia-habilitan-el-parque-industrial-y-entregan-aporte-de-2-millones\/#respond"]}]},{"@type":"WebPage","@id":"http:\/\/elregionalvm.com.ar\/noticias-villa-maria\/ausonia-habilitan-el-parque-industrial-y-entregan-aporte-de-2-millones\/","url":"http:\/\/elregionalvm.com.ar\/noticias-villa-maria\/ausonia-habilitan-el-parque-industrial-y-entregan-aporte-de-2-millones\/","name":"Ausonia: Habilitan el parque industrial y entregan aporte de $2 millones - El Regional","isPartOf":{"@id":"http:\/\/elregionalvm.com.ar\/noticias-villa-maria\/#website"},"primaryImageOfPage":{"@id":"http:\/\/elregionalvm.com.ar\/noticias-villa-maria\/ausonia-habilitan-el-parque-industrial-y-entregan-aporte-de-2-millones\/#primaryimage"},"image":{"@id":"http:\/\/elregionalvm.com.ar\/noticias-villa-maria\/ausonia-habilitan-el-parque-industrial-y-entregan-aporte-de-2-millones\/#primaryimage"},"thumbnailUrl":"https:\/\/i0.wp.com\/elregionalvm.com.ar\/noticias-villa-maria\/wp-content\/uploads\/2021\/08\/Ausonia-parque-industrial-2021.jpg?fit=690%2C414&ssl=1","datePublished":"2021-08-12T22:06:46+00:00","dateModified":"2021-08-12T22:06:48+00:00","author":{"@id":"http:\/\/elregionalvm.com.ar\/noticias-villa-maria\/#\/schema\/person\/a0fb9c422317faca23d50163151bc354"},"description":"Ausonia ya cuenta con el parque industrial habilitado de manera oficial por el Gobierno de la Provincia de C\u00f3rdoba.","breadcrumb":{"@id":"http:\/\/elregionalvm.com.ar\/noticias-villa-maria\/ausonia-habilitan-el-parque-industrial-y-entregan-aporte-de-2-millones\/#breadcrumb"},"inLanguage":"es","potentialAction":[{"@type":"ReadAction","target":["http:\/\/elregionalvm.com.ar\/noticias-villa-maria\/ausonia-habilitan-el-parque-industrial-y-entregan-aporte-de-2-millones\/"]}]},{"@type":"ImageObject","inLanguage":"es","@id":"http:\/\/elregionalvm.com.ar\/noticias-villa-maria\/ausonia-habilitan-el-parque-industrial-y-entregan-aporte-de-2-millones\/#primaryimage","url":"https:\/\/i0.wp.com\/elregionalvm.com.ar\/noticias-villa-maria\/wp-content\/uploads\/2021\/08\/Ausonia-parque-industrial-2021.jpg?fit=690%2C414&ssl=1","contentUrl":"https:\/\/i0.wp.com\/elregionalvm.com.ar\/noticias-villa-maria\/wp-content\/uploads\/2021\/08\/Ausonia-parque-industrial-2021.jpg?fit=690%2C414&ssl=1","width":690,"height":414},{"@type":"BreadcrumbList","@id":"http:\/\/elregionalvm.com.ar\/noticias-villa-maria\/ausonia-habilitan-el-parque-industrial-y-entregan-aporte-de-2-millones\/#breadcrumb","itemListElement":[{"@type":"ListItem","position":1,"name":"Portada","item":"https:\/\/elregionalvm.com.ar\/noticias-villa-maria\/"},{"@type":"ListItem","position":2,"name":"Ausonia: Habilitan el parque industrial y entregan aporte de $2 millones"}]},{"@type":"WebSite","@id":"http:\/\/elregionalvm.com.ar\/noticias-villa-maria\/#website","url":"http:\/\/elregionalvm.com.ar\/noticias-villa-maria\/","name":"El Regional","description":"Mucho m\u00e1s que informaci\u00f3n","potentialAction":[{"@type":"SearchAction","target":{"@type":"EntryPoint","urlTemplate":"http:\/\/elregionalvm.com.ar\/noticias-villa-maria\/?s={search_term_string}"},"query-input":{"@type":"PropertyValueSpecification","valueRequired":true,"valueName":"search_term_string"}}],"inLanguage":"es"},{"@type":"Person","@id":"http:\/\/elregionalvm.com.ar\/noticias-villa-maria\/#\/schema\/person\/a0fb9c422317faca23d50163151bc354","name":"Contenidos El Regional","image":{"@type":"ImageObject","inLanguage":"es","@id":"http:\/\/elregionalvm.com.ar\/noticias-villa-maria\/#\/schema\/person\/image\/","url":"https:\/\/secure.gravatar.com\/avatar\/265b27cb2209af7bb3a1318f03305787d7981a5cc6e6cd08fe5a4ecdf99d4b48?s=96&d=mm&r=g","contentUrl":"https:\/\/secure.gravatar.com\/avatar\/265b27cb2209af7bb3a1318f03305787d7981a5cc6e6cd08fe5a4ecdf99d4b48?s=96&d=mm&r=g","caption":"Contenidos El Regional"},"url":"https:\/\/elregionalvm.com.ar\/noticias-villa-maria\/author\/contenido\/"}]}},"jetpack_featured_media_url":"https:\/\/i0.wp.com\/elregionalvm.com.ar\/noticias-villa-maria\/wp-content\/uploads\/2021\/08\/Ausonia-parque-industrial-2021.jpg?fit=690%2C414&ssl=1","jetpack_sharing_enabled":true,"_links":{"self":[{"href":"https:\/\/elregionalvm.com.ar\/noticias-villa-maria\/wp-json\/wp\/v2\/posts\/42574","targetHints":{"allow":["GET"]}}],"collection":[{"href":"https:\/\/elregionalvm.com.ar\/noticias-villa-maria\/wp-json\/wp\/v2\/posts"}],"about":[{"href":"https:\/\/elregionalvm.com.ar\/noticias-villa-maria\/wp-json\/wp\/v2\/types\/post"}],"author":[{"embeddable":true,"href":"https:\/\/elregionalvm.com.ar\/noticias-villa-maria\/wp-json\/wp\/v2\/users\/4"}],"replies":[{"embeddable":true,"href":"https:\/\/elregionalvm.com.ar\/noticias-villa-maria\/wp-json\/wp\/v2\/comments?post=42574"}],"version-history":[{"count":1,"href":"https:\/\/elregionalvm.com.ar\/noticias-villa-maria\/wp-json\/wp\/v2\/posts\/42574\/revisions"}],"predecessor-version":[{"id":42577,"href":"https:\/\/elregionalvm.com.ar\/noticias-villa-maria\/wp-json\/wp\/v2\/posts\/42574\/revisions\/42577"}],"wp:featuredmedia":[{"embeddable":true,"href":"https:\/\/elregionalvm.com.ar\/noticias-villa-maria\/wp-json\/wp\/v2\/media\/42575"}],"wp:attachment":[{"href":"https:\/\/elregionalvm.com.ar\/noticias-villa-maria\/wp-json\/wp\/v2\/media?parent=42574"}],"wp:term":[{"taxonomy":"category","embeddable":true,"href":"https:\/\/elregionalvm.com.ar\/noticias-villa-maria\/wp-json\/wp\/v2\/categories?post=42574"},{"taxonomy":"post_tag","embeddable":true,"href":"https:\/\/elregionalvm.com.ar\/noticias-villa-maria\/wp-json\/wp\/v2\/tags?post=42574"}],"curies":[{"name":"wp","href":"https:\/\/api.w.org\/{rel}","templated":true}]}}