{"id":43521,"date":"2021-08-27T01:29:28","date_gmt":"2021-08-27T01:29:28","guid":{"rendered":"https:\/\/elregionalvm.com.ar\/noticias-villa-maria\/?p=43521"},"modified":"2021-08-28T22:28:09","modified_gmt":"2021-08-28T22:28:09","slug":"adopcion-el-90-de-las-personas-buscan-ninos-y-ninas-menores-a-tres-anos-video","status":"publish","type":"post","link":"https:\/\/elregionalvm.com.ar\/noticias-villa-maria\/adopcion-el-90-de-las-personas-buscan-ninos-y-ninas-menores-a-tres-anos-video\/","title":{"rendered":"Adopci\u00f3n: El 90% de las personas buscan ni\u00f1os y ni\u00f1as menores a tres a\u00f1os [Video]"},"content":{"rendered":"\n<p><\/p>\n\n\n\n<p><strong>El Poder Judicial de C\u00f3rdoba lanz\u00f3 una campa\u00f1a en redes sociales para fomentar la adopci\u00f3n de ni\u00f1os y ni\u00f1as con problemas de salud, adolescentes y grupos de hermanos.<\/strong> <strong>La mayor\u00eda busca menores de 3 a\u00f1os. <\/strong><\/p>\n\n\n\n<p><\/p>\n\n\n\n<p>El 90% de las personas inscriptas en el Registro \u00danico de Adopci\u00f3n (RUA), que depende del Poder Judicial de C\u00f3rdoba, manifiesta su disponibilidad para adoptar en la franja etaria que va desde cero a tres a\u00f1os; y un 80%, entre 3 a 6 a\u00f1os.<\/p>\n\n\n\n<p>En cambio, apenas el 3% de los postulantes est\u00e1 dispuesto a recibir adolescentes y solo el 2%, ni\u00f1os y ni\u00f1as con problemas de salud. En cuanto a la posibilidad de recibir hermanos este porcentaje asciende al 45%.<\/p>\n\n\n\n<p>Como contracara de esta situaci\u00f3n, la mayor cantidad de casos en situaci\u00f3n de adoptabilidad se compone por ni\u00f1os y ni\u00f1as con problemas de salud, adolescentes y grupos de hermanos.<\/p>\n\n\n\n<p>Por eso, el Servicio de Adopci\u00f3n y Guarda del Poder Judicial de C\u00f3rdoba \u201ctrabaja cada d\u00eda para encontrar las personas o las familias indicadas para ahijar a ni\u00f1os, ni\u00f1as y adolescentes que, por distintas circunstancias, no pueden vivir con sus familias biol\u00f3gicas\u201d.<\/p>\n\n\n\n<p><\/p>\n\n\n\n<figure class=\"wp-block-image size-large\"><img data-recalc-dims=\"1\" fetchpriority=\"high\" decoding=\"async\" width=\"1024\" height=\"768\" src=\"https:\/\/i0.wp.com\/elregionalvm.com.ar\/noticias-villa-maria\/wp-content\/uploads\/2021\/08\/adopcion-bebe.jpg?resize=1024%2C768&#038;ssl=1\" alt=\"\" class=\"wp-image-43549\" srcset=\"https:\/\/i0.wp.com\/elregionalvm.com.ar\/noticias-villa-maria\/wp-content\/uploads\/2021\/08\/adopcion-bebe.jpg?resize=1024%2C768&amp;ssl=1 1024w, https:\/\/i0.wp.com\/elregionalvm.com.ar\/noticias-villa-maria\/wp-content\/uploads\/2021\/08\/adopcion-bebe.jpg?resize=300%2C225&amp;ssl=1 300w, https:\/\/i0.wp.com\/elregionalvm.com.ar\/noticias-villa-maria\/wp-content\/uploads\/2021\/08\/adopcion-bebe.jpg?resize=768%2C576&amp;ssl=1 768w, https:\/\/i0.wp.com\/elregionalvm.com.ar\/noticias-villa-maria\/wp-content\/uploads\/2021\/08\/adopcion-bebe.jpg?w=1040&amp;ssl=1 1040w\" sizes=\"(max-width: 1000px) 100vw, 1000px\" \/><\/figure>\n\n\n\n<p><\/p>\n\n\n\n<p><strong>\u00bfC\u00f3mo hacer?<\/strong><\/p>\n\n\n\n<p>En la actualidad, 344 postulantes est\u00e1n inscriptos en el RUA. En el a\u00f1o 2020, en plena pandemia, 82 ni\u00f1os, ni\u00f1as y adolescentes fueron adoptados.<\/p>\n\n\n\n<p>La dificultad del procedimiento radica en encontrar la organizaci\u00f3n familiar m\u00e1s adecuada para caso en particular.<\/p>\n\n\n\n<p>Las personas que est\u00e1n interesadas en adoptar deben anotarse en el RUA, cumplir con ciertos requisitos que exige la ley y participar de un estudio psicosocial.<\/p>\n\n\n\n<p>Adem\u00e1s, deben inscribirse en los diferentes subregistros, seg\u00fan su disponibilidad para adoptar.<\/p>\n\n\n\n<p>Los subregistros 1, 2 y 3 incluyen a ni\u00f1os y ni\u00f1as entre cero a 11 a\u00f1os; el 4, adolescentes de 12 a 18 a\u00f1os; el 5, menores con problemas de salud; y el 6, grupo de hermanos.<\/p>\n\n\n\n<p>Una vez que se declara judicialmente el estado de adoptabilidad del ni\u00f1o, ni\u00f1a o adolescente se ordena la b\u00fasqueda de personas inscriptas en el RUA.<\/p>\n\n\n\n<p><\/p>\n\n\n\n<figure class=\"wp-block-image size-large\"><img data-recalc-dims=\"1\" decoding=\"async\" width=\"1024\" height=\"640\" src=\"https:\/\/i0.wp.com\/elregionalvm.com.ar\/noticias-villa-maria\/wp-content\/uploads\/2021\/08\/adopcion.jpg?resize=1024%2C640&#038;ssl=1\" alt=\"\" class=\"wp-image-43550\" srcset=\"https:\/\/i0.wp.com\/elregionalvm.com.ar\/noticias-villa-maria\/wp-content\/uploads\/2021\/08\/adopcion.jpg?resize=1024%2C640&amp;ssl=1 1024w, https:\/\/i0.wp.com\/elregionalvm.com.ar\/noticias-villa-maria\/wp-content\/uploads\/2021\/08\/adopcion.jpg?resize=300%2C188&amp;ssl=1 300w, https:\/\/i0.wp.com\/elregionalvm.com.ar\/noticias-villa-maria\/wp-content\/uploads\/2021\/08\/adopcion.jpg?resize=768%2C480&amp;ssl=1 768w, https:\/\/i0.wp.com\/elregionalvm.com.ar\/noticias-villa-maria\/wp-content\/uploads\/2021\/08\/adopcion.jpg?w=1080&amp;ssl=1 1080w\" sizes=\"(max-width: 1000px) 100vw, 1000px\" \/><\/figure>\n\n\n\n<p><\/p>\n\n\n\n<p><strong>Campa\u00f1a<\/strong><\/p>\n\n\n\n<p>Para apoyar este desaf\u00edo, el Poder Judicial de C\u00f3rdoba lanz\u00f3 una campa\u00f1a de comunicaci\u00f3n en redes sociales, que propone una serie de reflexiones y testimonios en torno a esta problem\u00e1tica. Asimismo, busca despertar nuevas voluntades dispuestas a ser familia.<\/p>\n\n\n\n<p>La campa\u00f1a incluye videos con testimonios de familias y personas que se inscribieron en los subregistros 4, 5 y 6 y pudieron adoptar.<\/p>\n\n\n\n<p>Las personas interesadas en anotarse en estos subregistros pueden contactarse con el Registro \u00danico de Adopci\u00f3n de C\u00f3rdoba al correo electr\u00f3nico: <a href=\"mailto:registroadopcion@justiciacordoba.gob.ar\">registroadopcion@justiciacordoba.gob.ar<\/a><\/p>\n\n\n\n<p>Las experiencias de familias adoptantes tambi\u00e9n pueden verse en el canal que tiene la Justicia de C\u00f3rdoba en YouTube: <a href=\"https:\/\/www.youtube.com\/c\/JusticiaCordobaARG\">https:\/\/www.youtube.com\/c\/JusticiaCordobaARG<\/a>.<\/p>\n\n\n\n<p><\/p>\n\n\n\n<ul class=\"wp-block-list\"><li><strong>Mir\u00e1 el video: <\/strong><\/li><\/ul>\n\n\n\n<p><\/p>\n\n\n\n<figure class=\"wp-block-embed is-type-video is-provider-youtube wp-block-embed-youtube wp-embed-aspect-16-9 wp-has-aspect-ratio\"><div class=\"wp-block-embed__wrapper\">\n<iframe title=\"Adopci\u00f3n :: Animarse a m\u00e1s\" width=\"500\" height=\"281\" src=\"https:\/\/www.youtube.com\/embed\/KNtwjBOuJuE?list=PL2mgsMAMBKiffWjARiceWRGJKiQpdzK3V\" frameborder=\"0\" allow=\"accelerometer; autoplay; clipboard-write; encrypted-media; gyroscope; picture-in-picture; web-share\" referrerpolicy=\"strict-origin-when-cross-origin\" allowfullscreen><\/iframe>\n<\/div><\/figure>\n","protected":false},"excerpt":{"rendered":"<p>El Poder Judicial de C\u00f3rdoba lanz\u00f3 una campa\u00f1a en redes sociales para fomentar la adopci\u00f3n de ni\u00f1os y ni\u00f1as con problemas de salud, adolescentes y grupos de hermanos. La mayor\u00eda busca menores de 3 a\u00f1os. El 90% de las personas inscriptas en el Registro \u00danico de Adopci\u00f3n (RUA), que depende del Poder Judicial de C\u00f3rdoba, [&hellip;]<\/p>\n","protected":false},"author":4,"featured_media":43548,"comment_status":"open","ping_status":"open","sticky":false,"template":"","format":"standard","meta":{"site-sidebar-layout":"default","site-content-layout":"default","ast-site-content-layout":"default","site-content-style":"default","site-sidebar-style":"default","ast-global-header-display":"","ast-banner-title-visibility":"","ast-main-header-display":"","ast-hfb-above-header-display":"","ast-hfb-below-header-display":"","ast-hfb-mobile-header-display":"","site-post-title":"","ast-breadcrumbs-content":"","ast-featured-img":"","footer-sml-layout":"","ast-disable-related-posts":"","theme-transparent-header-meta":"default","adv-header-id-meta":"","stick-header-meta":"","header-above-stick-meta":"","header-main-stick-meta":"","header-below-stick-meta":"","astra-migrate-meta-layouts":"default","ast-page-background-enabled":"default","ast-page-background-meta":{"desktop":{"background-color":"","background-image":"","background-repeat":"repeat","background-position":"center center","background-size":"auto","background-attachment":"scroll","background-type":"","background-media":"","overlay-type":"","overlay-color":"","overlay-opacity":"","overlay-gradient":""},"tablet":{"background-color":"","background-image":"","background-repeat":"repeat","background-position":"center center","background-size":"auto","background-attachment":"scroll","background-type":"","background-media":"","overlay-type":"","overlay-color":"","overlay-opacity":"","overlay-gradient":""},"mobile":{"background-color":"","background-image":"","background-repeat":"repeat","background-position":"center center","background-size":"auto","background-attachment":"scroll","background-type":"","background-media":"","overlay-type":"","overlay-color":"","overlay-opacity":"","overlay-gradient":""}},"ast-content-background-meta":{"desktop":{"background-color":"var(--ast-global-color-5)","background-image":"","background-repeat":"repeat","background-position":"center center","background-size":"auto","background-attachment":"scroll","background-type":"","background-media":"","overlay-type":"","overlay-color":"","overlay-opacity":"","overlay-gradient":""},"tablet":{"background-color":"var(--ast-global-color-5)","background-image":"","background-repeat":"repeat","background-position":"center center","background-size":"auto","background-attachment":"scroll","background-type":"","background-media":"","overlay-type":"","overlay-color":"","overlay-opacity":"","overlay-gradient":""},"mobile":{"background-color":"var(--ast-global-color-5)","background-image":"","background-repeat":"repeat","background-position":"center center","background-size":"auto","background-attachment":"scroll","background-type":"","background-media":"","overlay-type":"","overlay-color":"","overlay-opacity":"","overlay-gradient":""}},"_jetpack_memberships_contains_paid_content":false,"_joinchat":[],"footnotes":""},"categories":[5,3557,2074],"tags":[5285,3898,322,10830,398,7480,10829],"class_list":["post-43521","post","type-post","status-publish","format-standard","has-post-thumbnail","hentry","category-sociedad","category-tercera","category-videos","tag-adopcion","tag-campana","tag-cordoba","tag-guarda","tag-ninos","tag-poder-judicial","tag-rua"],"yoast_head":"<!-- This site is optimized with the Yoast SEO plugin v26.8 - https:\/\/yoast.com\/product\/yoast-seo-wordpress\/ -->\n<title>Adopci\u00f3n: El 90% de las personas buscan ni\u00f1os y ni\u00f1as menores a tres a\u00f1os [Video] - El Regional<\/title>\n<meta name=\"description\" content=\"El 90% de las personas inscriptas manifiesta su disponibilidad para adoptar en la franja etaria que va desde cero a tres a\u00f1os.\" \/>\n<meta name=\"robots\" content=\"index, follow, max-snippet:-1, max-image-preview:large, max-video-preview:-1\" \/>\n<link rel=\"canonical\" href=\"http:\/\/elregionalvm.com.ar\/noticias-villa-maria\/adopcion-el-90-de-las-personas-buscan-ninos-y-ninas-menores-a-tres-anos-video\/\" \/>\n<meta property=\"og:locale\" content=\"es_ES\" \/>\n<meta property=\"og:type\" content=\"article\" \/>\n<meta property=\"og:title\" content=\"Adopci\u00f3n: El 90% de las personas buscan ni\u00f1os y ni\u00f1as menores a tres a\u00f1os [Video] - El Regional\" \/>\n<meta property=\"og:description\" content=\"El 90% de las personas inscriptas manifiesta su disponibilidad para adoptar en la franja etaria que va desde cero a tres a\u00f1os.\" \/>\n<meta property=\"og:url\" content=\"http:\/\/elregionalvm.com.ar\/noticias-villa-maria\/adopcion-el-90-de-las-personas-buscan-ninos-y-ninas-menores-a-tres-anos-video\/\" \/>\n<meta property=\"og:site_name\" content=\"El Regional\" \/>\n<meta property=\"article:publisher\" content=\"https:\/\/www.facebook.com\/elregionalvm\" \/>\n<meta property=\"article:published_time\" content=\"2021-08-27T01:29:28+00:00\" \/>\n<meta property=\"article:modified_time\" content=\"2021-08-28T22:28:09+00:00\" \/>\n<meta property=\"og:image\" content=\"http:\/\/elregionalvm.com.ar\/noticias-villa-maria\/wp-content\/uploads\/2021\/08\/Mujer-bebe-mamadera-adopcion-vertical.jpg\" \/>\n\t<meta property=\"og:image:width\" content=\"623\" \/>\n\t<meta property=\"og:image:height\" content=\"870\" \/>\n\t<meta property=\"og:image:type\" content=\"image\/jpeg\" \/>\n<meta name=\"author\" content=\"Contenidos El Regional\" \/>\n<meta name=\"twitter:card\" content=\"summary_large_image\" \/>\n<meta name=\"twitter:creator\" content=\"@elregionalvm1\" \/>\n<meta name=\"twitter:site\" content=\"@elregionalvm1\" \/>\n<meta name=\"twitter:label1\" content=\"Escrito por\" \/>\n\t<meta name=\"twitter:data1\" content=\"Contenidos El Regional\" \/>\n\t<meta name=\"twitter:label2\" content=\"Tiempo de lectura\" \/>\n\t<meta name=\"twitter:data2\" content=\"3 minutos\" \/>\n<script type=\"application\/ld+json\" class=\"yoast-schema-graph\">{\"@context\":\"https:\/\/schema.org\",\"@graph\":[{\"@type\":\"Article\",\"@id\":\"http:\/\/elregionalvm.com.ar\/noticias-villa-maria\/adopcion-el-90-de-las-personas-buscan-ninos-y-ninas-menores-a-tres-anos-video\/#article\",\"isPartOf\":{\"@id\":\"http:\/\/elregionalvm.com.ar\/noticias-villa-maria\/adopcion-el-90-de-las-personas-buscan-ninos-y-ninas-menores-a-tres-anos-video\/\"},\"author\":{\"name\":\"Contenidos El Regional\",\"@id\":\"http:\/\/elregionalvm.com.ar\/noticias-villa-maria\/#\/schema\/person\/a0fb9c422317faca23d50163151bc354\"},\"headline\":\"Adopci\u00f3n: El 90% de las personas buscan ni\u00f1os y ni\u00f1as menores a tres a\u00f1os [Video]\",\"datePublished\":\"2021-08-27T01:29:28+00:00\",\"dateModified\":\"2021-08-28T22:28:09+00:00\",\"mainEntityOfPage\":{\"@id\":\"http:\/\/elregionalvm.com.ar\/noticias-villa-maria\/adopcion-el-90-de-las-personas-buscan-ninos-y-ninas-menores-a-tres-anos-video\/\"},\"wordCount\":500,\"commentCount\":0,\"image\":{\"@id\":\"http:\/\/elregionalvm.com.ar\/noticias-villa-maria\/adopcion-el-90-de-las-personas-buscan-ninos-y-ninas-menores-a-tres-anos-video\/#primaryimage\"},\"thumbnailUrl\":\"https:\/\/i0.wp.com\/elregionalvm.com.ar\/noticias-villa-maria\/wp-content\/uploads\/2021\/08\/Mujer-bebe-mamadera-adopcion-vertical.jpg?fit=623%2C870&ssl=1\",\"keywords\":[\"Adopci\u00f3n\",\"campa\u00f1a\",\"c\u00f3rdoba\",\"Guarda\",\"ni\u00f1os\",\"Poder Judicial\",\"RUA\"],\"articleSection\":[\"Sociedad\",\"tercera\",\"Videos\"],\"inLanguage\":\"es\",\"potentialAction\":[{\"@type\":\"CommentAction\",\"name\":\"Comment\",\"target\":[\"http:\/\/elregionalvm.com.ar\/noticias-villa-maria\/adopcion-el-90-de-las-personas-buscan-ninos-y-ninas-menores-a-tres-anos-video\/#respond\"]}]},{\"@type\":\"WebPage\",\"@id\":\"http:\/\/elregionalvm.com.ar\/noticias-villa-maria\/adopcion-el-90-de-las-personas-buscan-ninos-y-ninas-menores-a-tres-anos-video\/\",\"url\":\"http:\/\/elregionalvm.com.ar\/noticias-villa-maria\/adopcion-el-90-de-las-personas-buscan-ninos-y-ninas-menores-a-tres-anos-video\/\",\"name\":\"Adopci\u00f3n: El 90% de las personas buscan ni\u00f1os y ni\u00f1as menores a tres a\u00f1os [Video] - El Regional\",\"isPartOf\":{\"@id\":\"http:\/\/elregionalvm.com.ar\/noticias-villa-maria\/#website\"},\"primaryImageOfPage\":{\"@id\":\"http:\/\/elregionalvm.com.ar\/noticias-villa-maria\/adopcion-el-90-de-las-personas-buscan-ninos-y-ninas-menores-a-tres-anos-video\/#primaryimage\"},\"image\":{\"@id\":\"http:\/\/elregionalvm.com.ar\/noticias-villa-maria\/adopcion-el-90-de-las-personas-buscan-ninos-y-ninas-menores-a-tres-anos-video\/#primaryimage\"},\"thumbnailUrl\":\"https:\/\/i0.wp.com\/elregionalvm.com.ar\/noticias-villa-maria\/wp-content\/uploads\/2021\/08\/Mujer-bebe-mamadera-adopcion-vertical.jpg?fit=623%2C870&ssl=1\",\"datePublished\":\"2021-08-27T01:29:28+00:00\",\"dateModified\":\"2021-08-28T22:28:09+00:00\",\"author\":{\"@id\":\"http:\/\/elregionalvm.com.ar\/noticias-villa-maria\/#\/schema\/person\/a0fb9c422317faca23d50163151bc354\"},\"description\":\"El 90% de las personas inscriptas manifiesta su disponibilidad para adoptar en la franja etaria que va desde cero a tres a\u00f1os.\",\"breadcrumb\":{\"@id\":\"http:\/\/elregionalvm.com.ar\/noticias-villa-maria\/adopcion-el-90-de-las-personas-buscan-ninos-y-ninas-menores-a-tres-anos-video\/#breadcrumb\"},\"inLanguage\":\"es\",\"potentialAction\":[{\"@type\":\"ReadAction\",\"target\":[\"http:\/\/elregionalvm.com.ar\/noticias-villa-maria\/adopcion-el-90-de-las-personas-buscan-ninos-y-ninas-menores-a-tres-anos-video\/\"]}]},{\"@type\":\"ImageObject\",\"inLanguage\":\"es\",\"@id\":\"http:\/\/elregionalvm.com.ar\/noticias-villa-maria\/adopcion-el-90-de-las-personas-buscan-ninos-y-ninas-menores-a-tres-anos-video\/#primaryimage\",\"url\":\"https:\/\/i0.wp.com\/elregionalvm.com.ar\/noticias-villa-maria\/wp-content\/uploads\/2021\/08\/Mujer-bebe-mamadera-adopcion-vertical.jpg?fit=623%2C870&ssl=1\",\"contentUrl\":\"https:\/\/i0.wp.com\/elregionalvm.com.ar\/noticias-villa-maria\/wp-content\/uploads\/2021\/08\/Mujer-bebe-mamadera-adopcion-vertical.jpg?fit=623%2C870&ssl=1\",\"width\":623,\"height\":870},{\"@type\":\"BreadcrumbList\",\"@id\":\"http:\/\/elregionalvm.com.ar\/noticias-villa-maria\/adopcion-el-90-de-las-personas-buscan-ninos-y-ninas-menores-a-tres-anos-video\/#breadcrumb\",\"itemListElement\":[{\"@type\":\"ListItem\",\"position\":1,\"name\":\"Portada\",\"item\":\"https:\/\/elregionalvm.com.ar\/noticias-villa-maria\/\"},{\"@type\":\"ListItem\",\"position\":2,\"name\":\"Adopci\u00f3n: El 90% de las personas buscan ni\u00f1os y ni\u00f1as menores a tres a\u00f1os [Video]\"}]},{\"@type\":\"WebSite\",\"@id\":\"http:\/\/elregionalvm.com.ar\/noticias-villa-maria\/#website\",\"url\":\"http:\/\/elregionalvm.com.ar\/noticias-villa-maria\/\",\"name\":\"El Regional\",\"description\":\"Mucho m\u00e1s que informaci\u00f3n\",\"potentialAction\":[{\"@type\":\"SearchAction\",\"target\":{\"@type\":\"EntryPoint\",\"urlTemplate\":\"http:\/\/elregionalvm.com.ar\/noticias-villa-maria\/?s={search_term_string}\"},\"query-input\":{\"@type\":\"PropertyValueSpecification\",\"valueRequired\":true,\"valueName\":\"search_term_string\"}}],\"inLanguage\":\"es\"},{\"@type\":\"Person\",\"@id\":\"http:\/\/elregionalvm.com.ar\/noticias-villa-maria\/#\/schema\/person\/a0fb9c422317faca23d50163151bc354\",\"name\":\"Contenidos El Regional\",\"image\":{\"@type\":\"ImageObject\",\"inLanguage\":\"es\",\"@id\":\"http:\/\/elregionalvm.com.ar\/noticias-villa-maria\/#\/schema\/person\/image\/\",\"url\":\"https:\/\/secure.gravatar.com\/avatar\/265b27cb2209af7bb3a1318f03305787d7981a5cc6e6cd08fe5a4ecdf99d4b48?s=96&d=mm&r=g\",\"contentUrl\":\"https:\/\/secure.gravatar.com\/avatar\/265b27cb2209af7bb3a1318f03305787d7981a5cc6e6cd08fe5a4ecdf99d4b48?s=96&d=mm&r=g\",\"caption\":\"Contenidos El Regional\"},\"url\":\"https:\/\/elregionalvm.com.ar\/noticias-villa-maria\/author\/contenido\/\"}]}<\/script>\n<!-- \/ Yoast SEO plugin. -->","yoast_head_json":{"title":"Adopci\u00f3n: El 90% de las personas buscan ni\u00f1os y ni\u00f1as menores a tres a\u00f1os [Video] - El Regional","description":"El 90% de las personas inscriptas manifiesta su disponibilidad para adoptar en la franja etaria que va desde cero a tres a\u00f1os.","robots":{"index":"index","follow":"follow","max-snippet":"max-snippet:-1","max-image-preview":"max-image-preview:large","max-video-preview":"max-video-preview:-1"},"canonical":"http:\/\/elregionalvm.com.ar\/noticias-villa-maria\/adopcion-el-90-de-las-personas-buscan-ninos-y-ninas-menores-a-tres-anos-video\/","og_locale":"es_ES","og_type":"article","og_title":"Adopci\u00f3n: El 90% de las personas buscan ni\u00f1os y ni\u00f1as menores a tres a\u00f1os [Video] - El Regional","og_description":"El 90% de las personas inscriptas manifiesta su disponibilidad para adoptar en la franja etaria que va desde cero a tres a\u00f1os.","og_url":"http:\/\/elregionalvm.com.ar\/noticias-villa-maria\/adopcion-el-90-de-las-personas-buscan-ninos-y-ninas-menores-a-tres-anos-video\/","og_site_name":"El Regional","article_publisher":"https:\/\/www.facebook.com\/elregionalvm","article_published_time":"2021-08-27T01:29:28+00:00","article_modified_time":"2021-08-28T22:28:09+00:00","og_image":[{"width":623,"height":870,"url":"http:\/\/elregionalvm.com.ar\/noticias-villa-maria\/wp-content\/uploads\/2021\/08\/Mujer-bebe-mamadera-adopcion-vertical.jpg","type":"image\/jpeg"}],"author":"Contenidos El Regional","twitter_card":"summary_large_image","twitter_creator":"@elregionalvm1","twitter_site":"@elregionalvm1","twitter_misc":{"Escrito por":"Contenidos El Regional","Tiempo de lectura":"3 minutos"},"schema":{"@context":"https:\/\/schema.org","@graph":[{"@type":"Article","@id":"http:\/\/elregionalvm.com.ar\/noticias-villa-maria\/adopcion-el-90-de-las-personas-buscan-ninos-y-ninas-menores-a-tres-anos-video\/#article","isPartOf":{"@id":"http:\/\/elregionalvm.com.ar\/noticias-villa-maria\/adopcion-el-90-de-las-personas-buscan-ninos-y-ninas-menores-a-tres-anos-video\/"},"author":{"name":"Contenidos El Regional","@id":"http:\/\/elregionalvm.com.ar\/noticias-villa-maria\/#\/schema\/person\/a0fb9c422317faca23d50163151bc354"},"headline":"Adopci\u00f3n: El 90% de las personas buscan ni\u00f1os y ni\u00f1as menores a tres a\u00f1os [Video]","datePublished":"2021-08-27T01:29:28+00:00","dateModified":"2021-08-28T22:28:09+00:00","mainEntityOfPage":{"@id":"http:\/\/elregionalvm.com.ar\/noticias-villa-maria\/adopcion-el-90-de-las-personas-buscan-ninos-y-ninas-menores-a-tres-anos-video\/"},"wordCount":500,"commentCount":0,"image":{"@id":"http:\/\/elregionalvm.com.ar\/noticias-villa-maria\/adopcion-el-90-de-las-personas-buscan-ninos-y-ninas-menores-a-tres-anos-video\/#primaryimage"},"thumbnailUrl":"https:\/\/i0.wp.com\/elregionalvm.com.ar\/noticias-villa-maria\/wp-content\/uploads\/2021\/08\/Mujer-bebe-mamadera-adopcion-vertical.jpg?fit=623%2C870&ssl=1","keywords":["Adopci\u00f3n","campa\u00f1a","c\u00f3rdoba","Guarda","ni\u00f1os","Poder Judicial","RUA"],"articleSection":["Sociedad","tercera","Videos"],"inLanguage":"es","potentialAction":[{"@type":"CommentAction","name":"Comment","target":["http:\/\/elregionalvm.com.ar\/noticias-villa-maria\/adopcion-el-90-de-las-personas-buscan-ninos-y-ninas-menores-a-tres-anos-video\/#respond"]}]},{"@type":"WebPage","@id":"http:\/\/elregionalvm.com.ar\/noticias-villa-maria\/adopcion-el-90-de-las-personas-buscan-ninos-y-ninas-menores-a-tres-anos-video\/","url":"http:\/\/elregionalvm.com.ar\/noticias-villa-maria\/adopcion-el-90-de-las-personas-buscan-ninos-y-ninas-menores-a-tres-anos-video\/","name":"Adopci\u00f3n: El 90% de las personas buscan ni\u00f1os y ni\u00f1as menores a tres a\u00f1os [Video] - El Regional","isPartOf":{"@id":"http:\/\/elregionalvm.com.ar\/noticias-villa-maria\/#website"},"primaryImageOfPage":{"@id":"http:\/\/elregionalvm.com.ar\/noticias-villa-maria\/adopcion-el-90-de-las-personas-buscan-ninos-y-ninas-menores-a-tres-anos-video\/#primaryimage"},"image":{"@id":"http:\/\/elregionalvm.com.ar\/noticias-villa-maria\/adopcion-el-90-de-las-personas-buscan-ninos-y-ninas-menores-a-tres-anos-video\/#primaryimage"},"thumbnailUrl":"https:\/\/i0.wp.com\/elregionalvm.com.ar\/noticias-villa-maria\/wp-content\/uploads\/2021\/08\/Mujer-bebe-mamadera-adopcion-vertical.jpg?fit=623%2C870&ssl=1","datePublished":"2021-08-27T01:29:28+00:00","dateModified":"2021-08-28T22:28:09+00:00","author":{"@id":"http:\/\/elregionalvm.com.ar\/noticias-villa-maria\/#\/schema\/person\/a0fb9c422317faca23d50163151bc354"},"description":"El 90% de las personas inscriptas manifiesta su disponibilidad para adoptar en la franja etaria que va desde cero a tres a\u00f1os.","breadcrumb":{"@id":"http:\/\/elregionalvm.com.ar\/noticias-villa-maria\/adopcion-el-90-de-las-personas-buscan-ninos-y-ninas-menores-a-tres-anos-video\/#breadcrumb"},"inLanguage":"es","potentialAction":[{"@type":"ReadAction","target":["http:\/\/elregionalvm.com.ar\/noticias-villa-maria\/adopcion-el-90-de-las-personas-buscan-ninos-y-ninas-menores-a-tres-anos-video\/"]}]},{"@type":"ImageObject","inLanguage":"es","@id":"http:\/\/elregionalvm.com.ar\/noticias-villa-maria\/adopcion-el-90-de-las-personas-buscan-ninos-y-ninas-menores-a-tres-anos-video\/#primaryimage","url":"https:\/\/i0.wp.com\/elregionalvm.com.ar\/noticias-villa-maria\/wp-content\/uploads\/2021\/08\/Mujer-bebe-mamadera-adopcion-vertical.jpg?fit=623%2C870&ssl=1","contentUrl":"https:\/\/i0.wp.com\/elregionalvm.com.ar\/noticias-villa-maria\/wp-content\/uploads\/2021\/08\/Mujer-bebe-mamadera-adopcion-vertical.jpg?fit=623%2C870&ssl=1","width":623,"height":870},{"@type":"BreadcrumbList","@id":"http:\/\/elregionalvm.com.ar\/noticias-villa-maria\/adopcion-el-90-de-las-personas-buscan-ninos-y-ninas-menores-a-tres-anos-video\/#breadcrumb","itemListElement":[{"@type":"ListItem","position":1,"name":"Portada","item":"https:\/\/elregionalvm.com.ar\/noticias-villa-maria\/"},{"@type":"ListItem","position":2,"name":"Adopci\u00f3n: El 90% de las personas buscan ni\u00f1os y ni\u00f1as menores a tres a\u00f1os [Video]"}]},{"@type":"WebSite","@id":"http:\/\/elregionalvm.com.ar\/noticias-villa-maria\/#website","url":"http:\/\/elregionalvm.com.ar\/noticias-villa-maria\/","name":"El Regional","description":"Mucho m\u00e1s que informaci\u00f3n","potentialAction":[{"@type":"SearchAction","target":{"@type":"EntryPoint","urlTemplate":"http:\/\/elregionalvm.com.ar\/noticias-villa-maria\/?s={search_term_string}"},"query-input":{"@type":"PropertyValueSpecification","valueRequired":true,"valueName":"search_term_string"}}],"inLanguage":"es"},{"@type":"Person","@id":"http:\/\/elregionalvm.com.ar\/noticias-villa-maria\/#\/schema\/person\/a0fb9c422317faca23d50163151bc354","name":"Contenidos El Regional","image":{"@type":"ImageObject","inLanguage":"es","@id":"http:\/\/elregionalvm.com.ar\/noticias-villa-maria\/#\/schema\/person\/image\/","url":"https:\/\/secure.gravatar.com\/avatar\/265b27cb2209af7bb3a1318f03305787d7981a5cc6e6cd08fe5a4ecdf99d4b48?s=96&d=mm&r=g","contentUrl":"https:\/\/secure.gravatar.com\/avatar\/265b27cb2209af7bb3a1318f03305787d7981a5cc6e6cd08fe5a4ecdf99d4b48?s=96&d=mm&r=g","caption":"Contenidos El Regional"},"url":"https:\/\/elregionalvm.com.ar\/noticias-villa-maria\/author\/contenido\/"}]}},"jetpack_featured_media_url":"https:\/\/i0.wp.com\/elregionalvm.com.ar\/noticias-villa-maria\/wp-content\/uploads\/2021\/08\/Mujer-bebe-mamadera-adopcion-vertical.jpg?fit=623%2C870&ssl=1","jetpack_sharing_enabled":true,"_links":{"self":[{"href":"https:\/\/elregionalvm.com.ar\/noticias-villa-maria\/wp-json\/wp\/v2\/posts\/43521","targetHints":{"allow":["GET"]}}],"collection":[{"href":"https:\/\/elregionalvm.com.ar\/noticias-villa-maria\/wp-json\/wp\/v2\/posts"}],"about":[{"href":"https:\/\/elregionalvm.com.ar\/noticias-villa-maria\/wp-json\/wp\/v2\/types\/post"}],"author":[{"embeddable":true,"href":"https:\/\/elregionalvm.com.ar\/noticias-villa-maria\/wp-json\/wp\/v2\/users\/4"}],"replies":[{"embeddable":true,"href":"https:\/\/elregionalvm.com.ar\/noticias-villa-maria\/wp-json\/wp\/v2\/comments?post=43521"}],"version-history":[{"count":2,"href":"https:\/\/elregionalvm.com.ar\/noticias-villa-maria\/wp-json\/wp\/v2\/posts\/43521\/revisions"}],"predecessor-version":[{"id":43551,"href":"https:\/\/elregionalvm.com.ar\/noticias-villa-maria\/wp-json\/wp\/v2\/posts\/43521\/revisions\/43551"}],"wp:featuredmedia":[{"embeddable":true,"href":"https:\/\/elregionalvm.com.ar\/noticias-villa-maria\/wp-json\/wp\/v2\/media\/43548"}],"wp:attachment":[{"href":"https:\/\/elregionalvm.com.ar\/noticias-villa-maria\/wp-json\/wp\/v2\/media?parent=43521"}],"wp:term":[{"taxonomy":"category","embeddable":true,"href":"https:\/\/elregionalvm.com.ar\/noticias-villa-maria\/wp-json\/wp\/v2\/categories?post=43521"},{"taxonomy":"post_tag","embeddable":true,"href":"https:\/\/elregionalvm.com.ar\/noticias-villa-maria\/wp-json\/wp\/v2\/tags?post=43521"}],"curies":[{"name":"wp","href":"https:\/\/api.w.org\/{rel}","templated":true}]}}