{"id":43541,"date":"2021-08-27T00:23:55","date_gmt":"2021-08-27T00:23:55","guid":{"rendered":"https:\/\/elregionalvm.com.ar\/noticias-villa-maria\/?p=43541"},"modified":"2021-08-27T00:23:56","modified_gmt":"2021-08-27T00:23:56","slug":"por-primera-vez-en-el-ano-podriamos-cerrar-la-semana-sin-fallecidos-por-covid-en-el-conglomerado","status":"publish","type":"post","link":"https:\/\/elregionalvm.com.ar\/noticias-villa-maria\/por-primera-vez-en-el-ano-podriamos-cerrar-la-semana-sin-fallecidos-por-covid-en-el-conglomerado\/","title":{"rendered":"Por primera vez en el a\u00f1o, podr\u00edamos cerrar la semana sin fallecidos por covid en el conglomerado"},"content":{"rendered":"\n<p>El \u00faltimo fallecido por Covid en Villa Nueva fue reportado el 19 de agosto pasado, en Villa Mar\u00eda en tanto, los \u00faltimos cuatro fallecidos se dieron en la semana del 13 al 20 de agosto.  La merma continuada de casos ha logrado que por primera vez, seg\u00fan nuestros c\u00e1lculos, estemos logrando una semana sin v\u00edctimas mortales por esta pandemia. No es un dato menor.<\/p>\n\n\n\n<p>Las cifras diarias:<\/p>\n\n\n\n<p>Fueron s\u00f3lo 25 los contagiados por covid este jueves, seg\u00fan indican las cifras oficiales brindadas por el municipio villamariense. Se dieron de alta a 64 personas, mientras que se practicaron 526 test ant\u00edgenos y 165 PCR.<\/p>\n\n\n\n<p>Otra vez la cantidad de vacunados fue importante ya que se inocularon a 1242 persona en la sede de la UTN. La cantidad de dosis acumuladas asciende a 87.049 en la ciudad, entre primeros y segundos componentes.<\/p>\n\n\n\n<figure class=\"wp-block-gallery columns-2 is-cropped wp-block-gallery-1 is-layout-flex wp-block-gallery-is-layout-flex\"><ul class=\"blocks-gallery-grid\"><li class=\"blocks-gallery-item\"><figure><img data-recalc-dims=\"1\" fetchpriority=\"high\" decoding=\"async\" width=\"1024\" height=\"576\" src=\"https:\/\/i0.wp.com\/elregionalvm.com.ar\/noticias-villa-maria\/wp-content\/uploads\/2021\/08\/WhatsApp-Image-2021-08-26-at-18.39.14.jpeg?resize=1024%2C576&#038;ssl=1\" alt=\"\" data-id=\"43542\" data-link=\"https:\/\/elregionalvm.com.ar\/noticias-villa-maria\/?attachment_id=43542\" class=\"wp-image-43542\" srcset=\"https:\/\/i0.wp.com\/elregionalvm.com.ar\/noticias-villa-maria\/wp-content\/uploads\/2021\/08\/WhatsApp-Image-2021-08-26-at-18.39.14.jpeg?resize=1024%2C576&amp;ssl=1 1024w, https:\/\/i0.wp.com\/elregionalvm.com.ar\/noticias-villa-maria\/wp-content\/uploads\/2021\/08\/WhatsApp-Image-2021-08-26-at-18.39.14.jpeg?resize=300%2C169&amp;ssl=1 300w, https:\/\/i0.wp.com\/elregionalvm.com.ar\/noticias-villa-maria\/wp-content\/uploads\/2021\/08\/WhatsApp-Image-2021-08-26-at-18.39.14.jpeg?resize=768%2C432&amp;ssl=1 768w, https:\/\/i0.wp.com\/elregionalvm.com.ar\/noticias-villa-maria\/wp-content\/uploads\/2021\/08\/WhatsApp-Image-2021-08-26-at-18.39.14.jpeg?w=1334&amp;ssl=1 1334w\" sizes=\"(max-width: 1000px) 100vw, 1000px\" \/><\/figure><\/li><li class=\"blocks-gallery-item\"><figure><img data-recalc-dims=\"1\" decoding=\"async\" width=\"1024\" height=\"576\" src=\"https:\/\/i0.wp.com\/elregionalvm.com.ar\/noticias-villa-maria\/wp-content\/uploads\/2021\/08\/WhatsApp-Image-2021-08-26-at-18.39.15.jpeg?resize=1024%2C576&#038;ssl=1\" alt=\"\" data-id=\"43543\" data-full-url=\"https:\/\/elregionalvm.com.ar\/noticias-villa-maria\/wp-content\/uploads\/2021\/08\/WhatsApp-Image-2021-08-26-at-18.39.15.jpeg\" data-link=\"https:\/\/elregionalvm.com.ar\/noticias-villa-maria\/?attachment_id=43543\" class=\"wp-image-43543\" srcset=\"https:\/\/i0.wp.com\/elregionalvm.com.ar\/noticias-villa-maria\/wp-content\/uploads\/2021\/08\/WhatsApp-Image-2021-08-26-at-18.39.15.jpeg?resize=1024%2C576&amp;ssl=1 1024w, https:\/\/i0.wp.com\/elregionalvm.com.ar\/noticias-villa-maria\/wp-content\/uploads\/2021\/08\/WhatsApp-Image-2021-08-26-at-18.39.15.jpeg?resize=300%2C169&amp;ssl=1 300w, https:\/\/i0.wp.com\/elregionalvm.com.ar\/noticias-villa-maria\/wp-content\/uploads\/2021\/08\/WhatsApp-Image-2021-08-26-at-18.39.15.jpeg?resize=768%2C432&amp;ssl=1 768w, https:\/\/i0.wp.com\/elregionalvm.com.ar\/noticias-villa-maria\/wp-content\/uploads\/2021\/08\/WhatsApp-Image-2021-08-26-at-18.39.15.jpeg?w=1280&amp;ssl=1 1280w\" sizes=\"(max-width: 1000px) 100vw, 1000px\" \/><\/figure><\/li><\/ul><\/figure>\n\n\n\n<p class=\"has-text-align-center\"><strong>VILLA NUEVA<\/strong><\/p>\n\n\n\n<p>En Villa Nueva, las cifras indicaron que la cantidad de contagiados ascendi\u00f3 a 6 en total y que 4 personas contin\u00faan internadas por covid. Seis contagiados ya recibieron el alta definitiva; actualmente hay 368 personas aisladas y los casos positivos en total llegan a 89.<\/p>\n\n\n\n<div class=\"wp-block-image\"><figure class=\"aligncenter size-large\"><img data-recalc-dims=\"1\" decoding=\"async\" width=\"410\" height=\"1024\" src=\"https:\/\/i0.wp.com\/elregionalvm.com.ar\/noticias-villa-maria\/wp-content\/uploads\/2021\/08\/WhatsApp-Image-2021-08-26-at-19.16.59.jpeg?resize=410%2C1024&#038;ssl=1\" alt=\"\" class=\"wp-image-43545\" srcset=\"https:\/\/i0.wp.com\/elregionalvm.com.ar\/noticias-villa-maria\/wp-content\/uploads\/2021\/08\/WhatsApp-Image-2021-08-26-at-19.16.59.jpeg?resize=410%2C1024&amp;ssl=1 410w, https:\/\/i0.wp.com\/elregionalvm.com.ar\/noticias-villa-maria\/wp-content\/uploads\/2021\/08\/WhatsApp-Image-2021-08-26-at-19.16.59.jpeg?resize=120%2C300&amp;ssl=1 120w, https:\/\/i0.wp.com\/elregionalvm.com.ar\/noticias-villa-maria\/wp-content\/uploads\/2021\/08\/WhatsApp-Image-2021-08-26-at-19.16.59.jpeg?w=640&amp;ssl=1 640w\" sizes=\"(max-width: 410px) 100vw, 410px\" \/><\/figure><\/div>\n","protected":false},"excerpt":{"rendered":"<p>El \u00faltimo fallecido por Covid en Villa Nueva fue reportado el 19 de agosto pasado, en Villa Mar\u00eda en tanto, los \u00faltimos cuatro fallecidos se dieron en la semana del 13 al 20 de agosto. La merma continuada de casos ha logrado que por primera vez, seg\u00fan nuestros c\u00e1lculos, estemos logrando una semana sin v\u00edctimas [&hellip;]<\/p>\n","protected":false},"author":4,"featured_media":43546,"comment_status":"open","ping_status":"open","sticky":false,"template":"","format":"standard","meta":{"site-sidebar-layout":"default","site-content-layout":"default","ast-site-content-layout":"default","site-content-style":"default","site-sidebar-style":"default","ast-global-header-display":"","ast-banner-title-visibility":"","ast-main-header-display":"","ast-hfb-above-header-display":"","ast-hfb-below-header-display":"","ast-hfb-mobile-header-display":"","site-post-title":"","ast-breadcrumbs-content":"","ast-featured-img":"","footer-sml-layout":"","ast-disable-related-posts":"","theme-transparent-header-meta":"default","adv-header-id-meta":"","stick-header-meta":"","header-above-stick-meta":"","header-main-stick-meta":"","header-below-stick-meta":"","astra-migrate-meta-layouts":"default","ast-page-background-enabled":"default","ast-page-background-meta":{"desktop":{"background-color":"","background-image":"","background-repeat":"repeat","background-position":"center center","background-size":"auto","background-attachment":"scroll","background-type":"","background-media":"","overlay-type":"","overlay-color":"","overlay-opacity":"","overlay-gradient":""},"tablet":{"background-color":"","background-image":"","background-repeat":"repeat","background-position":"center center","background-size":"auto","background-attachment":"scroll","background-type":"","background-media":"","overlay-type":"","overlay-color":"","overlay-opacity":"","overlay-gradient":""},"mobile":{"background-color":"","background-image":"","background-repeat":"repeat","background-position":"center center","background-size":"auto","background-attachment":"scroll","background-type":"","background-media":"","overlay-type":"","overlay-color":"","overlay-opacity":"","overlay-gradient":""}},"ast-content-background-meta":{"desktop":{"background-color":"var(--ast-global-color-5)","background-image":"","background-repeat":"repeat","background-position":"center center","background-size":"auto","background-attachment":"scroll","background-type":"","background-media":"","overlay-type":"","overlay-color":"","overlay-opacity":"","overlay-gradient":""},"tablet":{"background-color":"var(--ast-global-color-5)","background-image":"","background-repeat":"repeat","background-position":"center center","background-size":"auto","background-attachment":"scroll","background-type":"","background-media":"","overlay-type":"","overlay-color":"","overlay-opacity":"","overlay-gradient":""},"mobile":{"background-color":"var(--ast-global-color-5)","background-image":"","background-repeat":"repeat","background-position":"center center","background-size":"auto","background-attachment":"scroll","background-type":"","background-media":"","overlay-type":"","overlay-color":"","overlay-opacity":"","overlay-gradient":""}},"_jetpack_memberships_contains_paid_content":false,"_joinchat":[],"footnotes":""},"categories":[2256,2,1408],"tags":[3907,1997,3863,1232,10827,10826,3744,2248,232],"class_list":["post-43541","post","type-post","status-publish","format-standard","has-post-thumbnail","hentry","category-coronavirus","category-villa-maria","category-villa-nueva","tag-casos-diarios","tag-coronavirus","tag-covid","tag-destacado","tag-jueves-26-de-agosto-de-2021","tag-semana-sin-fallecidos","tag-situacion-epidemiologica","tag-villa-maria-2","tag-villa-nueva"],"yoast_head":"<!-- This site is optimized with the Yoast SEO plugin v26.8 - https:\/\/yoast.com\/product\/yoast-seo-wordpress\/ -->\n<title>Por primera vez en el a\u00f1o, podr\u00edamos cerrar la semana sin fallecidos por covid en el conglomerado - El Regional<\/title>\n<meta name=\"robots\" content=\"index, follow, max-snippet:-1, max-image-preview:large, max-video-preview:-1\" \/>\n<link rel=\"canonical\" href=\"http:\/\/elregionalvm.com.ar\/noticias-villa-maria\/por-primera-vez-en-el-ano-podriamos-cerrar-la-semana-sin-fallecidos-por-covid-en-el-conglomerado\/\" \/>\n<meta property=\"og:locale\" content=\"es_ES\" \/>\n<meta property=\"og:type\" content=\"article\" \/>\n<meta property=\"og:title\" content=\"Por primera vez en el a\u00f1o, podr\u00edamos cerrar la semana sin fallecidos por covid en el conglomerado - El Regional\" \/>\n<meta property=\"og:description\" content=\"El \u00faltimo fallecido por Covid en Villa Nueva fue reportado el 19 de agosto pasado, en Villa Mar\u00eda en tanto, los \u00faltimos cuatro fallecidos se dieron en la semana del 13 al 20 de agosto. La merma continuada de casos ha logrado que por primera vez, seg\u00fan nuestros c\u00e1lculos, estemos logrando una semana sin v\u00edctimas [&hellip;]\" \/>\n<meta property=\"og:url\" content=\"http:\/\/elregionalvm.com.ar\/noticias-villa-maria\/por-primera-vez-en-el-ano-podriamos-cerrar-la-semana-sin-fallecidos-por-covid-en-el-conglomerado\/\" \/>\n<meta property=\"og:site_name\" content=\"El Regional\" \/>\n<meta property=\"article:publisher\" content=\"https:\/\/www.facebook.com\/elregionalvm\" \/>\n<meta property=\"article:published_time\" content=\"2021-08-27T00:23:55+00:00\" \/>\n<meta property=\"article:modified_time\" content=\"2021-08-27T00:23:56+00:00\" \/>\n<meta property=\"og:image\" content=\"http:\/\/elregionalvm.com.ar\/noticias-villa-maria\/wp-content\/uploads\/2021\/08\/coronavirus-97.jpg\" \/>\n\t<meta property=\"og:image:width\" content=\"1178\" \/>\n\t<meta property=\"og:image:height\" content=\"530\" \/>\n\t<meta property=\"og:image:type\" content=\"image\/jpeg\" \/>\n<meta name=\"author\" content=\"Contenidos El Regional\" \/>\n<meta name=\"twitter:card\" content=\"summary_large_image\" \/>\n<meta name=\"twitter:creator\" content=\"@elregionalvm1\" \/>\n<meta name=\"twitter:site\" content=\"@elregionalvm1\" \/>\n<meta name=\"twitter:label1\" content=\"Escrito por\" \/>\n\t<meta name=\"twitter:data1\" content=\"Contenidos El Regional\" \/>\n\t<meta name=\"twitter:label2\" content=\"Tiempo de lectura\" \/>\n\t<meta name=\"twitter:data2\" content=\"2 minutos\" \/>\n<script type=\"application\/ld+json\" class=\"yoast-schema-graph\">{\"@context\":\"https:\/\/schema.org\",\"@graph\":[{\"@type\":\"Article\",\"@id\":\"http:\/\/elregionalvm.com.ar\/noticias-villa-maria\/por-primera-vez-en-el-ano-podriamos-cerrar-la-semana-sin-fallecidos-por-covid-en-el-conglomerado\/#article\",\"isPartOf\":{\"@id\":\"http:\/\/elregionalvm.com.ar\/noticias-villa-maria\/por-primera-vez-en-el-ano-podriamos-cerrar-la-semana-sin-fallecidos-por-covid-en-el-conglomerado\/\"},\"author\":{\"name\":\"Contenidos El Regional\",\"@id\":\"http:\/\/elregionalvm.com.ar\/noticias-villa-maria\/#\/schema\/person\/a0fb9c422317faca23d50163151bc354\"},\"headline\":\"Por primera vez en el a\u00f1o, podr\u00edamos cerrar la semana sin fallecidos por covid en el conglomerado\",\"datePublished\":\"2021-08-27T00:23:55+00:00\",\"dateModified\":\"2021-08-27T00:23:56+00:00\",\"mainEntityOfPage\":{\"@id\":\"http:\/\/elregionalvm.com.ar\/noticias-villa-maria\/por-primera-vez-en-el-ano-podriamos-cerrar-la-semana-sin-fallecidos-por-covid-en-el-conglomerado\/\"},\"wordCount\":201,\"commentCount\":0,\"image\":{\"@id\":\"http:\/\/elregionalvm.com.ar\/noticias-villa-maria\/por-primera-vez-en-el-ano-podriamos-cerrar-la-semana-sin-fallecidos-por-covid-en-el-conglomerado\/#primaryimage\"},\"thumbnailUrl\":\"https:\/\/i0.wp.com\/elregionalvm.com.ar\/noticias-villa-maria\/wp-content\/uploads\/2021\/08\/coronavirus-97.jpg?fit=1178%2C530&ssl=1\",\"keywords\":[\"casos diarios\",\"Coronavirus\",\"covid\",\"destacado\",\"jueves 26 de agosto de 2021\",\"semana sin fallecidos\",\"situaci\u00f3n epidemiol\u00f3gica\",\"Villa Mar\u00eda\",\"VILLA NUEVA\"],\"articleSection\":[\"Coronavirus\",\"Villa Mar\u00eda\",\"Villa Nueva\"],\"inLanguage\":\"es\",\"potentialAction\":[{\"@type\":\"CommentAction\",\"name\":\"Comment\",\"target\":[\"http:\/\/elregionalvm.com.ar\/noticias-villa-maria\/por-primera-vez-en-el-ano-podriamos-cerrar-la-semana-sin-fallecidos-por-covid-en-el-conglomerado\/#respond\"]}]},{\"@type\":\"WebPage\",\"@id\":\"http:\/\/elregionalvm.com.ar\/noticias-villa-maria\/por-primera-vez-en-el-ano-podriamos-cerrar-la-semana-sin-fallecidos-por-covid-en-el-conglomerado\/\",\"url\":\"http:\/\/elregionalvm.com.ar\/noticias-villa-maria\/por-primera-vez-en-el-ano-podriamos-cerrar-la-semana-sin-fallecidos-por-covid-en-el-conglomerado\/\",\"name\":\"Por primera vez en el a\u00f1o, podr\u00edamos cerrar la semana sin fallecidos por covid en el conglomerado - El Regional\",\"isPartOf\":{\"@id\":\"http:\/\/elregionalvm.com.ar\/noticias-villa-maria\/#website\"},\"primaryImageOfPage\":{\"@id\":\"http:\/\/elregionalvm.com.ar\/noticias-villa-maria\/por-primera-vez-en-el-ano-podriamos-cerrar-la-semana-sin-fallecidos-por-covid-en-el-conglomerado\/#primaryimage\"},\"image\":{\"@id\":\"http:\/\/elregionalvm.com.ar\/noticias-villa-maria\/por-primera-vez-en-el-ano-podriamos-cerrar-la-semana-sin-fallecidos-por-covid-en-el-conglomerado\/#primaryimage\"},\"thumbnailUrl\":\"https:\/\/i0.wp.com\/elregionalvm.com.ar\/noticias-villa-maria\/wp-content\/uploads\/2021\/08\/coronavirus-97.jpg?fit=1178%2C530&ssl=1\",\"datePublished\":\"2021-08-27T00:23:55+00:00\",\"dateModified\":\"2021-08-27T00:23:56+00:00\",\"author\":{\"@id\":\"http:\/\/elregionalvm.com.ar\/noticias-villa-maria\/#\/schema\/person\/a0fb9c422317faca23d50163151bc354\"},\"breadcrumb\":{\"@id\":\"http:\/\/elregionalvm.com.ar\/noticias-villa-maria\/por-primera-vez-en-el-ano-podriamos-cerrar-la-semana-sin-fallecidos-por-covid-en-el-conglomerado\/#breadcrumb\"},\"inLanguage\":\"es\",\"potentialAction\":[{\"@type\":\"ReadAction\",\"target\":[\"http:\/\/elregionalvm.com.ar\/noticias-villa-maria\/por-primera-vez-en-el-ano-podriamos-cerrar-la-semana-sin-fallecidos-por-covid-en-el-conglomerado\/\"]}]},{\"@type\":\"ImageObject\",\"inLanguage\":\"es\",\"@id\":\"http:\/\/elregionalvm.com.ar\/noticias-villa-maria\/por-primera-vez-en-el-ano-podriamos-cerrar-la-semana-sin-fallecidos-por-covid-en-el-conglomerado\/#primaryimage\",\"url\":\"https:\/\/i0.wp.com\/elregionalvm.com.ar\/noticias-villa-maria\/wp-content\/uploads\/2021\/08\/coronavirus-97.jpg?fit=1178%2C530&ssl=1\",\"contentUrl\":\"https:\/\/i0.wp.com\/elregionalvm.com.ar\/noticias-villa-maria\/wp-content\/uploads\/2021\/08\/coronavirus-97.jpg?fit=1178%2C530&ssl=1\",\"width\":1178,\"height\":530},{\"@type\":\"BreadcrumbList\",\"@id\":\"http:\/\/elregionalvm.com.ar\/noticias-villa-maria\/por-primera-vez-en-el-ano-podriamos-cerrar-la-semana-sin-fallecidos-por-covid-en-el-conglomerado\/#breadcrumb\",\"itemListElement\":[{\"@type\":\"ListItem\",\"position\":1,\"name\":\"Portada\",\"item\":\"https:\/\/elregionalvm.com.ar\/noticias-villa-maria\/\"},{\"@type\":\"ListItem\",\"position\":2,\"name\":\"Por primera vez en el a\u00f1o, podr\u00edamos cerrar la semana sin fallecidos por covid en el conglomerado\"}]},{\"@type\":\"WebSite\",\"@id\":\"http:\/\/elregionalvm.com.ar\/noticias-villa-maria\/#website\",\"url\":\"http:\/\/elregionalvm.com.ar\/noticias-villa-maria\/\",\"name\":\"El Regional\",\"description\":\"Mucho m\u00e1s que informaci\u00f3n\",\"potentialAction\":[{\"@type\":\"SearchAction\",\"target\":{\"@type\":\"EntryPoint\",\"urlTemplate\":\"http:\/\/elregionalvm.com.ar\/noticias-villa-maria\/?s={search_term_string}\"},\"query-input\":{\"@type\":\"PropertyValueSpecification\",\"valueRequired\":true,\"valueName\":\"search_term_string\"}}],\"inLanguage\":\"es\"},{\"@type\":\"Person\",\"@id\":\"http:\/\/elregionalvm.com.ar\/noticias-villa-maria\/#\/schema\/person\/a0fb9c422317faca23d50163151bc354\",\"name\":\"Contenidos El Regional\",\"image\":{\"@type\":\"ImageObject\",\"inLanguage\":\"es\",\"@id\":\"http:\/\/elregionalvm.com.ar\/noticias-villa-maria\/#\/schema\/person\/image\/\",\"url\":\"https:\/\/secure.gravatar.com\/avatar\/265b27cb2209af7bb3a1318f03305787d7981a5cc6e6cd08fe5a4ecdf99d4b48?s=96&d=mm&r=g\",\"contentUrl\":\"https:\/\/secure.gravatar.com\/avatar\/265b27cb2209af7bb3a1318f03305787d7981a5cc6e6cd08fe5a4ecdf99d4b48?s=96&d=mm&r=g\",\"caption\":\"Contenidos El Regional\"},\"url\":\"https:\/\/elregionalvm.com.ar\/noticias-villa-maria\/author\/contenido\/\"}]}<\/script>\n<!-- \/ Yoast SEO plugin. -->","yoast_head_json":{"title":"Por primera vez en el a\u00f1o, podr\u00edamos cerrar la semana sin fallecidos por covid en el conglomerado - El Regional","robots":{"index":"index","follow":"follow","max-snippet":"max-snippet:-1","max-image-preview":"max-image-preview:large","max-video-preview":"max-video-preview:-1"},"canonical":"http:\/\/elregionalvm.com.ar\/noticias-villa-maria\/por-primera-vez-en-el-ano-podriamos-cerrar-la-semana-sin-fallecidos-por-covid-en-el-conglomerado\/","og_locale":"es_ES","og_type":"article","og_title":"Por primera vez en el a\u00f1o, podr\u00edamos cerrar la semana sin fallecidos por covid en el conglomerado - El Regional","og_description":"El \u00faltimo fallecido por Covid en Villa Nueva fue reportado el 19 de agosto pasado, en Villa Mar\u00eda en tanto, los \u00faltimos cuatro fallecidos se dieron en la semana del 13 al 20 de agosto. La merma continuada de casos ha logrado que por primera vez, seg\u00fan nuestros c\u00e1lculos, estemos logrando una semana sin v\u00edctimas [&hellip;]","og_url":"http:\/\/elregionalvm.com.ar\/noticias-villa-maria\/por-primera-vez-en-el-ano-podriamos-cerrar-la-semana-sin-fallecidos-por-covid-en-el-conglomerado\/","og_site_name":"El Regional","article_publisher":"https:\/\/www.facebook.com\/elregionalvm","article_published_time":"2021-08-27T00:23:55+00:00","article_modified_time":"2021-08-27T00:23:56+00:00","og_image":[{"width":1178,"height":530,"url":"http:\/\/elregionalvm.com.ar\/noticias-villa-maria\/wp-content\/uploads\/2021\/08\/coronavirus-97.jpg","type":"image\/jpeg"}],"author":"Contenidos El Regional","twitter_card":"summary_large_image","twitter_creator":"@elregionalvm1","twitter_site":"@elregionalvm1","twitter_misc":{"Escrito por":"Contenidos El Regional","Tiempo de lectura":"2 minutos"},"schema":{"@context":"https:\/\/schema.org","@graph":[{"@type":"Article","@id":"http:\/\/elregionalvm.com.ar\/noticias-villa-maria\/por-primera-vez-en-el-ano-podriamos-cerrar-la-semana-sin-fallecidos-por-covid-en-el-conglomerado\/#article","isPartOf":{"@id":"http:\/\/elregionalvm.com.ar\/noticias-villa-maria\/por-primera-vez-en-el-ano-podriamos-cerrar-la-semana-sin-fallecidos-por-covid-en-el-conglomerado\/"},"author":{"name":"Contenidos El Regional","@id":"http:\/\/elregionalvm.com.ar\/noticias-villa-maria\/#\/schema\/person\/a0fb9c422317faca23d50163151bc354"},"headline":"Por primera vez en el a\u00f1o, podr\u00edamos cerrar la semana sin fallecidos por covid en el conglomerado","datePublished":"2021-08-27T00:23:55+00:00","dateModified":"2021-08-27T00:23:56+00:00","mainEntityOfPage":{"@id":"http:\/\/elregionalvm.com.ar\/noticias-villa-maria\/por-primera-vez-en-el-ano-podriamos-cerrar-la-semana-sin-fallecidos-por-covid-en-el-conglomerado\/"},"wordCount":201,"commentCount":0,"image":{"@id":"http:\/\/elregionalvm.com.ar\/noticias-villa-maria\/por-primera-vez-en-el-ano-podriamos-cerrar-la-semana-sin-fallecidos-por-covid-en-el-conglomerado\/#primaryimage"},"thumbnailUrl":"https:\/\/i0.wp.com\/elregionalvm.com.ar\/noticias-villa-maria\/wp-content\/uploads\/2021\/08\/coronavirus-97.jpg?fit=1178%2C530&ssl=1","keywords":["casos diarios","Coronavirus","covid","destacado","jueves 26 de agosto de 2021","semana sin fallecidos","situaci\u00f3n epidemiol\u00f3gica","Villa Mar\u00eda","VILLA NUEVA"],"articleSection":["Coronavirus","Villa Mar\u00eda","Villa Nueva"],"inLanguage":"es","potentialAction":[{"@type":"CommentAction","name":"Comment","target":["http:\/\/elregionalvm.com.ar\/noticias-villa-maria\/por-primera-vez-en-el-ano-podriamos-cerrar-la-semana-sin-fallecidos-por-covid-en-el-conglomerado\/#respond"]}]},{"@type":"WebPage","@id":"http:\/\/elregionalvm.com.ar\/noticias-villa-maria\/por-primera-vez-en-el-ano-podriamos-cerrar-la-semana-sin-fallecidos-por-covid-en-el-conglomerado\/","url":"http:\/\/elregionalvm.com.ar\/noticias-villa-maria\/por-primera-vez-en-el-ano-podriamos-cerrar-la-semana-sin-fallecidos-por-covid-en-el-conglomerado\/","name":"Por primera vez en el a\u00f1o, podr\u00edamos cerrar la semana sin fallecidos por covid en el conglomerado - El Regional","isPartOf":{"@id":"http:\/\/elregionalvm.com.ar\/noticias-villa-maria\/#website"},"primaryImageOfPage":{"@id":"http:\/\/elregionalvm.com.ar\/noticias-villa-maria\/por-primera-vez-en-el-ano-podriamos-cerrar-la-semana-sin-fallecidos-por-covid-en-el-conglomerado\/#primaryimage"},"image":{"@id":"http:\/\/elregionalvm.com.ar\/noticias-villa-maria\/por-primera-vez-en-el-ano-podriamos-cerrar-la-semana-sin-fallecidos-por-covid-en-el-conglomerado\/#primaryimage"},"thumbnailUrl":"https:\/\/i0.wp.com\/elregionalvm.com.ar\/noticias-villa-maria\/wp-content\/uploads\/2021\/08\/coronavirus-97.jpg?fit=1178%2C530&ssl=1","datePublished":"2021-08-27T00:23:55+00:00","dateModified":"2021-08-27T00:23:56+00:00","author":{"@id":"http:\/\/elregionalvm.com.ar\/noticias-villa-maria\/#\/schema\/person\/a0fb9c422317faca23d50163151bc354"},"breadcrumb":{"@id":"http:\/\/elregionalvm.com.ar\/noticias-villa-maria\/por-primera-vez-en-el-ano-podriamos-cerrar-la-semana-sin-fallecidos-por-covid-en-el-conglomerado\/#breadcrumb"},"inLanguage":"es","potentialAction":[{"@type":"ReadAction","target":["http:\/\/elregionalvm.com.ar\/noticias-villa-maria\/por-primera-vez-en-el-ano-podriamos-cerrar-la-semana-sin-fallecidos-por-covid-en-el-conglomerado\/"]}]},{"@type":"ImageObject","inLanguage":"es","@id":"http:\/\/elregionalvm.com.ar\/noticias-villa-maria\/por-primera-vez-en-el-ano-podriamos-cerrar-la-semana-sin-fallecidos-por-covid-en-el-conglomerado\/#primaryimage","url":"https:\/\/i0.wp.com\/elregionalvm.com.ar\/noticias-villa-maria\/wp-content\/uploads\/2021\/08\/coronavirus-97.jpg?fit=1178%2C530&ssl=1","contentUrl":"https:\/\/i0.wp.com\/elregionalvm.com.ar\/noticias-villa-maria\/wp-content\/uploads\/2021\/08\/coronavirus-97.jpg?fit=1178%2C530&ssl=1","width":1178,"height":530},{"@type":"BreadcrumbList","@id":"http:\/\/elregionalvm.com.ar\/noticias-villa-maria\/por-primera-vez-en-el-ano-podriamos-cerrar-la-semana-sin-fallecidos-por-covid-en-el-conglomerado\/#breadcrumb","itemListElement":[{"@type":"ListItem","position":1,"name":"Portada","item":"https:\/\/elregionalvm.com.ar\/noticias-villa-maria\/"},{"@type":"ListItem","position":2,"name":"Por primera vez en el a\u00f1o, podr\u00edamos cerrar la semana sin fallecidos por covid en el conglomerado"}]},{"@type":"WebSite","@id":"http:\/\/elregionalvm.com.ar\/noticias-villa-maria\/#website","url":"http:\/\/elregionalvm.com.ar\/noticias-villa-maria\/","name":"El Regional","description":"Mucho m\u00e1s que informaci\u00f3n","potentialAction":[{"@type":"SearchAction","target":{"@type":"EntryPoint","urlTemplate":"http:\/\/elregionalvm.com.ar\/noticias-villa-maria\/?s={search_term_string}"},"query-input":{"@type":"PropertyValueSpecification","valueRequired":true,"valueName":"search_term_string"}}],"inLanguage":"es"},{"@type":"Person","@id":"http:\/\/elregionalvm.com.ar\/noticias-villa-maria\/#\/schema\/person\/a0fb9c422317faca23d50163151bc354","name":"Contenidos El Regional","image":{"@type":"ImageObject","inLanguage":"es","@id":"http:\/\/elregionalvm.com.ar\/noticias-villa-maria\/#\/schema\/person\/image\/","url":"https:\/\/secure.gravatar.com\/avatar\/265b27cb2209af7bb3a1318f03305787d7981a5cc6e6cd08fe5a4ecdf99d4b48?s=96&d=mm&r=g","contentUrl":"https:\/\/secure.gravatar.com\/avatar\/265b27cb2209af7bb3a1318f03305787d7981a5cc6e6cd08fe5a4ecdf99d4b48?s=96&d=mm&r=g","caption":"Contenidos El Regional"},"url":"https:\/\/elregionalvm.com.ar\/noticias-villa-maria\/author\/contenido\/"}]}},"jetpack_featured_media_url":"https:\/\/i0.wp.com\/elregionalvm.com.ar\/noticias-villa-maria\/wp-content\/uploads\/2021\/08\/coronavirus-97.jpg?fit=1178%2C530&ssl=1","jetpack_sharing_enabled":true,"_links":{"self":[{"href":"https:\/\/elregionalvm.com.ar\/noticias-villa-maria\/wp-json\/wp\/v2\/posts\/43541","targetHints":{"allow":["GET"]}}],"collection":[{"href":"https:\/\/elregionalvm.com.ar\/noticias-villa-maria\/wp-json\/wp\/v2\/posts"}],"about":[{"href":"https:\/\/elregionalvm.com.ar\/noticias-villa-maria\/wp-json\/wp\/v2\/types\/post"}],"author":[{"embeddable":true,"href":"https:\/\/elregionalvm.com.ar\/noticias-villa-maria\/wp-json\/wp\/v2\/users\/4"}],"replies":[{"embeddable":true,"href":"https:\/\/elregionalvm.com.ar\/noticias-villa-maria\/wp-json\/wp\/v2\/comments?post=43541"}],"version-history":[{"count":1,"href":"https:\/\/elregionalvm.com.ar\/noticias-villa-maria\/wp-json\/wp\/v2\/posts\/43541\/revisions"}],"predecessor-version":[{"id":43547,"href":"https:\/\/elregionalvm.com.ar\/noticias-villa-maria\/wp-json\/wp\/v2\/posts\/43541\/revisions\/43547"}],"wp:featuredmedia":[{"embeddable":true,"href":"https:\/\/elregionalvm.com.ar\/noticias-villa-maria\/wp-json\/wp\/v2\/media\/43546"}],"wp:attachment":[{"href":"https:\/\/elregionalvm.com.ar\/noticias-villa-maria\/wp-json\/wp\/v2\/media?parent=43541"}],"wp:term":[{"taxonomy":"category","embeddable":true,"href":"https:\/\/elregionalvm.com.ar\/noticias-villa-maria\/wp-json\/wp\/v2\/categories?post=43541"},{"taxonomy":"post_tag","embeddable":true,"href":"https:\/\/elregionalvm.com.ar\/noticias-villa-maria\/wp-json\/wp\/v2\/tags?post=43541"}],"curies":[{"name":"wp","href":"https:\/\/api.w.org\/{rel}","templated":true}]}}