{"id":43553,"date":"2021-08-27T02:01:12","date_gmt":"2021-08-27T02:01:12","guid":{"rendered":"https:\/\/elregionalvm.com.ar\/noticias-villa-maria\/?p=43553"},"modified":"2021-08-27T02:01:13","modified_gmt":"2021-08-27T02:01:13","slug":"fiesta-en-olivos-alberto-fernandez-fue-imputado-y-ofrecio-donar-la-mitad-de-su-sueldo","status":"publish","type":"post","link":"https:\/\/elregionalvm.com.ar\/noticias-villa-maria\/fiesta-en-olivos-alberto-fernandez-fue-imputado-y-ofrecio-donar-la-mitad-de-su-sueldo\/","title":{"rendered":"Fiesta en Olivos: Alberto Fern\u00e1ndez fue imputado y ofreci\u00f3 donar la mitad de su sueldo"},"content":{"rendered":"\n<p><\/p>\n\n\n\n<p>El fiscal federal Ramiro Gonz\u00e1lez imput\u00f3 al presidente Alberto Fern\u00e1ndez, a Fabiola Y\u00e1\u00f1ez y a los dem\u00e1s invitados al cumplea\u00f1os de la primera dama, que se celebr\u00f3 el 14 de julio de 2020, durante la primera etapa de la pandemia, en la Quinta de Olivos.<\/p>\n\n\n\n<p>La medida se tom\u00f3 tras la presentaci\u00f3n efectuada por Fern\u00e1ndez ante el juzgado federal 7, a cargo de Sebasti\u00e1n Casanello, quien corri\u00f3 vista al fiscal Ramiro Gonz\u00e1lez.<\/p>\n\n\n\n<p><strong>Donaci\u00f3n como reparaci\u00f3n<\/strong><\/p>\n\n\n\n<p>Tras recibir las presentaciones de todos los invitados que concurrieron a la reuni\u00f3n, Gonz\u00e1lez los imput\u00f3 formalmente por la posible comisi\u00f3n de un delito vinculado a la supuesta violaci\u00f3n de las medidas dispuestas para evitar la propagaci\u00f3n del coronavirus.<\/p>\n\n\n\n<p>El mandatario se present\u00f3 \u00abpor derecho propio y sin abogado patrocinante\u00bb, informaron voceros de la Casa Rosada y confirmaron fuentes judiciales con acceso al expediente.<\/p>\n\n\n\n<p>Adem\u00e1s, reclam\u00f3 que la denuncia sea \u00abdesestimada\u00bb porque la conducta investigada no gener\u00f3 ning\u00fan da\u00f1o ni contagio.<\/p>\n\n\n\n<p>En este contexto, el Presidente tambi\u00e9n propuso donar la mitad de su sueldo durante cuatro meses al Instituto Malbr\u00e1n para reparar eventuales perjuicios.<\/p>\n","protected":false},"excerpt":{"rendered":"<p>El fiscal federal Ramiro Gonz\u00e1lez imput\u00f3 al presidente Alberto Fern\u00e1ndez, a Fabiola Y\u00e1\u00f1ez y a los dem\u00e1s invitados al cumplea\u00f1os de la primera dama, que se celebr\u00f3 el 14 de julio de 2020, durante la primera etapa de la pandemia, en la Quinta de Olivos. La medida se tom\u00f3 tras la presentaci\u00f3n efectuada por Fern\u00e1ndez [&hellip;]<\/p>\n","protected":false},"author":4,"featured_media":42651,"comment_status":"open","ping_status":"open","sticky":false,"template":"","format":"standard","meta":{"site-sidebar-layout":"default","site-content-layout":"default","ast-site-content-layout":"default","site-content-style":"default","site-sidebar-style":"default","ast-global-header-display":"","ast-banner-title-visibility":"","ast-main-header-display":"","ast-hfb-above-header-display":"","ast-hfb-below-header-display":"","ast-hfb-mobile-header-display":"","site-post-title":"","ast-breadcrumbs-content":"","ast-featured-img":"","footer-sml-layout":"","ast-disable-related-posts":"","theme-transparent-header-meta":"default","adv-header-id-meta":"","stick-header-meta":"","header-above-stick-meta":"","header-main-stick-meta":"","header-below-stick-meta":"","astra-migrate-meta-layouts":"default","ast-page-background-enabled":"default","ast-page-background-meta":{"desktop":{"background-color":"","background-image":"","background-repeat":"repeat","background-position":"center center","background-size":"auto","background-attachment":"scroll","background-type":"","background-media":"","overlay-type":"","overlay-color":"","overlay-opacity":"","overlay-gradient":""},"tablet":{"background-color":"","background-image":"","background-repeat":"repeat","background-position":"center center","background-size":"auto","background-attachment":"scroll","background-type":"","background-media":"","overlay-type":"","overlay-color":"","overlay-opacity":"","overlay-gradient":""},"mobile":{"background-color":"","background-image":"","background-repeat":"repeat","background-position":"center center","background-size":"auto","background-attachment":"scroll","background-type":"","background-media":"","overlay-type":"","overlay-color":"","overlay-opacity":"","overlay-gradient":""}},"ast-content-background-meta":{"desktop":{"background-color":"var(--ast-global-color-5)","background-image":"","background-repeat":"repeat","background-position":"center center","background-size":"auto","background-attachment":"scroll","background-type":"","background-media":"","overlay-type":"","overlay-color":"","overlay-opacity":"","overlay-gradient":""},"tablet":{"background-color":"var(--ast-global-color-5)","background-image":"","background-repeat":"repeat","background-position":"center center","background-size":"auto","background-attachment":"scroll","background-type":"","background-media":"","overlay-type":"","overlay-color":"","overlay-opacity":"","overlay-gradient":""},"mobile":{"background-color":"var(--ast-global-color-5)","background-image":"","background-repeat":"repeat","background-position":"center center","background-size":"auto","background-attachment":"scroll","background-type":"","background-media":"","overlay-type":"","overlay-color":"","overlay-opacity":"","overlay-gradient":""}},"_jetpack_memberships_contains_paid_content":false,"_joinchat":[],"footnotes":""},"categories":[2089],"tags":[1594,2865,1232,4255,10555,5507,2421,10831,7836,1998],"class_list":["post-43553","post","type-post","status-publish","format-standard","has-post-thumbnail","hentry","category-politica","tag-alberto-fernandez","tag-covid-19-2","tag-destacado","tag-donacion","tag-fabiola-yanez","tag-fiesta","tag-imputacion","tag-instituto-malbran","tag-olivos","tag-pandemia"],"yoast_head":"<!-- This site is optimized with the Yoast SEO plugin v26.8 - https:\/\/yoast.com\/product\/yoast-seo-wordpress\/ -->\n<title>Fiesta en Olivos: Alberto Fern\u00e1ndez fue imputado y ofreci\u00f3 donar la mitad de su sueldo - El Regional<\/title>\n<meta name=\"description\" content=\"El fiscal federal Ramiro Gonz\u00e1lez imput\u00f3 al presidente Alberto Fern\u00e1ndez, a Fabiola Y\u00e1\u00f1ez y dem\u00e1s invitados al cumplea\u00f1os de la primera dama.\" \/>\n<meta name=\"robots\" content=\"index, follow, max-snippet:-1, max-image-preview:large, max-video-preview:-1\" \/>\n<link rel=\"canonical\" href=\"http:\/\/elregionalvm.com.ar\/noticias-villa-maria\/fiesta-en-olivos-alberto-fernandez-fue-imputado-y-ofrecio-donar-la-mitad-de-su-sueldo\/\" \/>\n<meta property=\"og:locale\" content=\"es_ES\" \/>\n<meta property=\"og:type\" content=\"article\" \/>\n<meta property=\"og:title\" content=\"Fiesta en Olivos: Alberto Fern\u00e1ndez fue imputado y ofreci\u00f3 donar la mitad de su sueldo - El Regional\" \/>\n<meta property=\"og:description\" content=\"El fiscal federal Ramiro Gonz\u00e1lez imput\u00f3 al presidente Alberto Fern\u00e1ndez, a Fabiola Y\u00e1\u00f1ez y dem\u00e1s invitados al cumplea\u00f1os de la primera dama.\" \/>\n<meta property=\"og:url\" content=\"http:\/\/elregionalvm.com.ar\/noticias-villa-maria\/fiesta-en-olivos-alberto-fernandez-fue-imputado-y-ofrecio-donar-la-mitad-de-su-sueldo\/\" \/>\n<meta property=\"og:site_name\" content=\"El Regional\" \/>\n<meta property=\"article:publisher\" content=\"https:\/\/www.facebook.com\/elregionalvm\" \/>\n<meta property=\"article:published_time\" content=\"2021-08-27T02:01:12+00:00\" \/>\n<meta property=\"article:modified_time\" content=\"2021-08-27T02:01:13+00:00\" \/>\n<meta property=\"og:image\" content=\"http:\/\/elregionalvm.com.ar\/noticias-villa-maria\/wp-content\/uploads\/2021\/08\/Foto-polemica-presidente-Fabiola-Alberto.jpg\" \/>\n\t<meta property=\"og:image:width\" content=\"1280\" \/>\n\t<meta property=\"og:image:height\" content=\"720\" \/>\n\t<meta property=\"og:image:type\" content=\"image\/jpeg\" \/>\n<meta name=\"author\" content=\"Contenidos El Regional\" \/>\n<meta name=\"twitter:card\" content=\"summary_large_image\" \/>\n<meta name=\"twitter:creator\" content=\"@elregionalvm1\" \/>\n<meta name=\"twitter:site\" content=\"@elregionalvm1\" \/>\n<meta name=\"twitter:label1\" content=\"Escrito por\" \/>\n\t<meta name=\"twitter:data1\" content=\"Contenidos El Regional\" \/>\n\t<meta name=\"twitter:label2\" content=\"Tiempo de lectura\" \/>\n\t<meta name=\"twitter:data2\" content=\"1 minuto\" \/>\n<script type=\"application\/ld+json\" class=\"yoast-schema-graph\">{\"@context\":\"https:\/\/schema.org\",\"@graph\":[{\"@type\":\"Article\",\"@id\":\"http:\/\/elregionalvm.com.ar\/noticias-villa-maria\/fiesta-en-olivos-alberto-fernandez-fue-imputado-y-ofrecio-donar-la-mitad-de-su-sueldo\/#article\",\"isPartOf\":{\"@id\":\"http:\/\/elregionalvm.com.ar\/noticias-villa-maria\/fiesta-en-olivos-alberto-fernandez-fue-imputado-y-ofrecio-donar-la-mitad-de-su-sueldo\/\"},\"author\":{\"name\":\"Contenidos El Regional\",\"@id\":\"http:\/\/elregionalvm.com.ar\/noticias-villa-maria\/#\/schema\/person\/a0fb9c422317faca23d50163151bc354\"},\"headline\":\"Fiesta en Olivos: Alberto Fern\u00e1ndez fue imputado y ofreci\u00f3 donar la mitad de su sueldo\",\"datePublished\":\"2021-08-27T02:01:12+00:00\",\"dateModified\":\"2021-08-27T02:01:13+00:00\",\"mainEntityOfPage\":{\"@id\":\"http:\/\/elregionalvm.com.ar\/noticias-villa-maria\/fiesta-en-olivos-alberto-fernandez-fue-imputado-y-ofrecio-donar-la-mitad-de-su-sueldo\/\"},\"wordCount\":213,\"commentCount\":0,\"image\":{\"@id\":\"http:\/\/elregionalvm.com.ar\/noticias-villa-maria\/fiesta-en-olivos-alberto-fernandez-fue-imputado-y-ofrecio-donar-la-mitad-de-su-sueldo\/#primaryimage\"},\"thumbnailUrl\":\"https:\/\/i0.wp.com\/elregionalvm.com.ar\/noticias-villa-maria\/wp-content\/uploads\/2021\/08\/Foto-polemica-presidente-Fabiola-Alberto.jpg?fit=1280%2C720&ssl=1\",\"keywords\":[\"Alberto Fern\u00e1ndez\",\"Covid 19\",\"destacado\",\"donaci\u00f3n\",\"Fabiola Y\u00e1\u00f1ez\",\"fiesta\",\"Imputaci\u00f3n\",\"Instituto Malbr\u00e1n\",\"Olivos\",\"pandemia\"],\"articleSection\":[\"Pol\u00edtica\"],\"inLanguage\":\"es\",\"potentialAction\":[{\"@type\":\"CommentAction\",\"name\":\"Comment\",\"target\":[\"http:\/\/elregionalvm.com.ar\/noticias-villa-maria\/fiesta-en-olivos-alberto-fernandez-fue-imputado-y-ofrecio-donar-la-mitad-de-su-sueldo\/#respond\"]}]},{\"@type\":\"WebPage\",\"@id\":\"http:\/\/elregionalvm.com.ar\/noticias-villa-maria\/fiesta-en-olivos-alberto-fernandez-fue-imputado-y-ofrecio-donar-la-mitad-de-su-sueldo\/\",\"url\":\"http:\/\/elregionalvm.com.ar\/noticias-villa-maria\/fiesta-en-olivos-alberto-fernandez-fue-imputado-y-ofrecio-donar-la-mitad-de-su-sueldo\/\",\"name\":\"Fiesta en Olivos: Alberto Fern\u00e1ndez fue imputado y ofreci\u00f3 donar la mitad de su sueldo - El Regional\",\"isPartOf\":{\"@id\":\"http:\/\/elregionalvm.com.ar\/noticias-villa-maria\/#website\"},\"primaryImageOfPage\":{\"@id\":\"http:\/\/elregionalvm.com.ar\/noticias-villa-maria\/fiesta-en-olivos-alberto-fernandez-fue-imputado-y-ofrecio-donar-la-mitad-de-su-sueldo\/#primaryimage\"},\"image\":{\"@id\":\"http:\/\/elregionalvm.com.ar\/noticias-villa-maria\/fiesta-en-olivos-alberto-fernandez-fue-imputado-y-ofrecio-donar-la-mitad-de-su-sueldo\/#primaryimage\"},\"thumbnailUrl\":\"https:\/\/i0.wp.com\/elregionalvm.com.ar\/noticias-villa-maria\/wp-content\/uploads\/2021\/08\/Foto-polemica-presidente-Fabiola-Alberto.jpg?fit=1280%2C720&ssl=1\",\"datePublished\":\"2021-08-27T02:01:12+00:00\",\"dateModified\":\"2021-08-27T02:01:13+00:00\",\"author\":{\"@id\":\"http:\/\/elregionalvm.com.ar\/noticias-villa-maria\/#\/schema\/person\/a0fb9c422317faca23d50163151bc354\"},\"description\":\"El fiscal federal Ramiro Gonz\u00e1lez imput\u00f3 al presidente Alberto Fern\u00e1ndez, a Fabiola Y\u00e1\u00f1ez y dem\u00e1s invitados al cumplea\u00f1os de la primera dama.\",\"breadcrumb\":{\"@id\":\"http:\/\/elregionalvm.com.ar\/noticias-villa-maria\/fiesta-en-olivos-alberto-fernandez-fue-imputado-y-ofrecio-donar-la-mitad-de-su-sueldo\/#breadcrumb\"},\"inLanguage\":\"es\",\"potentialAction\":[{\"@type\":\"ReadAction\",\"target\":[\"http:\/\/elregionalvm.com.ar\/noticias-villa-maria\/fiesta-en-olivos-alberto-fernandez-fue-imputado-y-ofrecio-donar-la-mitad-de-su-sueldo\/\"]}]},{\"@type\":\"ImageObject\",\"inLanguage\":\"es\",\"@id\":\"http:\/\/elregionalvm.com.ar\/noticias-villa-maria\/fiesta-en-olivos-alberto-fernandez-fue-imputado-y-ofrecio-donar-la-mitad-de-su-sueldo\/#primaryimage\",\"url\":\"https:\/\/i0.wp.com\/elregionalvm.com.ar\/noticias-villa-maria\/wp-content\/uploads\/2021\/08\/Foto-polemica-presidente-Fabiola-Alberto.jpg?fit=1280%2C720&ssl=1\",\"contentUrl\":\"https:\/\/i0.wp.com\/elregionalvm.com.ar\/noticias-villa-maria\/wp-content\/uploads\/2021\/08\/Foto-polemica-presidente-Fabiola-Alberto.jpg?fit=1280%2C720&ssl=1\",\"width\":1280,\"height\":720},{\"@type\":\"BreadcrumbList\",\"@id\":\"http:\/\/elregionalvm.com.ar\/noticias-villa-maria\/fiesta-en-olivos-alberto-fernandez-fue-imputado-y-ofrecio-donar-la-mitad-de-su-sueldo\/#breadcrumb\",\"itemListElement\":[{\"@type\":\"ListItem\",\"position\":1,\"name\":\"Portada\",\"item\":\"https:\/\/elregionalvm.com.ar\/noticias-villa-maria\/\"},{\"@type\":\"ListItem\",\"position\":2,\"name\":\"Fiesta en Olivos: Alberto Fern\u00e1ndez fue imputado y ofreci\u00f3 donar la mitad de su sueldo\"}]},{\"@type\":\"WebSite\",\"@id\":\"http:\/\/elregionalvm.com.ar\/noticias-villa-maria\/#website\",\"url\":\"http:\/\/elregionalvm.com.ar\/noticias-villa-maria\/\",\"name\":\"El Regional\",\"description\":\"Mucho m\u00e1s que informaci\u00f3n\",\"potentialAction\":[{\"@type\":\"SearchAction\",\"target\":{\"@type\":\"EntryPoint\",\"urlTemplate\":\"http:\/\/elregionalvm.com.ar\/noticias-villa-maria\/?s={search_term_string}\"},\"query-input\":{\"@type\":\"PropertyValueSpecification\",\"valueRequired\":true,\"valueName\":\"search_term_string\"}}],\"inLanguage\":\"es\"},{\"@type\":\"Person\",\"@id\":\"http:\/\/elregionalvm.com.ar\/noticias-villa-maria\/#\/schema\/person\/a0fb9c422317faca23d50163151bc354\",\"name\":\"Contenidos El Regional\",\"image\":{\"@type\":\"ImageObject\",\"inLanguage\":\"es\",\"@id\":\"http:\/\/elregionalvm.com.ar\/noticias-villa-maria\/#\/schema\/person\/image\/\",\"url\":\"https:\/\/secure.gravatar.com\/avatar\/265b27cb2209af7bb3a1318f03305787d7981a5cc6e6cd08fe5a4ecdf99d4b48?s=96&d=mm&r=g\",\"contentUrl\":\"https:\/\/secure.gravatar.com\/avatar\/265b27cb2209af7bb3a1318f03305787d7981a5cc6e6cd08fe5a4ecdf99d4b48?s=96&d=mm&r=g\",\"caption\":\"Contenidos El Regional\"},\"url\":\"https:\/\/elregionalvm.com.ar\/noticias-villa-maria\/author\/contenido\/\"}]}<\/script>\n<!-- \/ Yoast SEO plugin. -->","yoast_head_json":{"title":"Fiesta en Olivos: Alberto Fern\u00e1ndez fue imputado y ofreci\u00f3 donar la mitad de su sueldo - El Regional","description":"El fiscal federal Ramiro Gonz\u00e1lez imput\u00f3 al presidente Alberto Fern\u00e1ndez, a Fabiola Y\u00e1\u00f1ez y dem\u00e1s invitados al cumplea\u00f1os de la primera dama.","robots":{"index":"index","follow":"follow","max-snippet":"max-snippet:-1","max-image-preview":"max-image-preview:large","max-video-preview":"max-video-preview:-1"},"canonical":"http:\/\/elregionalvm.com.ar\/noticias-villa-maria\/fiesta-en-olivos-alberto-fernandez-fue-imputado-y-ofrecio-donar-la-mitad-de-su-sueldo\/","og_locale":"es_ES","og_type":"article","og_title":"Fiesta en Olivos: Alberto Fern\u00e1ndez fue imputado y ofreci\u00f3 donar la mitad de su sueldo - El Regional","og_description":"El fiscal federal Ramiro Gonz\u00e1lez imput\u00f3 al presidente Alberto Fern\u00e1ndez, a Fabiola Y\u00e1\u00f1ez y dem\u00e1s invitados al cumplea\u00f1os de la primera dama.","og_url":"http:\/\/elregionalvm.com.ar\/noticias-villa-maria\/fiesta-en-olivos-alberto-fernandez-fue-imputado-y-ofrecio-donar-la-mitad-de-su-sueldo\/","og_site_name":"El Regional","article_publisher":"https:\/\/www.facebook.com\/elregionalvm","article_published_time":"2021-08-27T02:01:12+00:00","article_modified_time":"2021-08-27T02:01:13+00:00","og_image":[{"width":1280,"height":720,"url":"http:\/\/elregionalvm.com.ar\/noticias-villa-maria\/wp-content\/uploads\/2021\/08\/Foto-polemica-presidente-Fabiola-Alberto.jpg","type":"image\/jpeg"}],"author":"Contenidos El Regional","twitter_card":"summary_large_image","twitter_creator":"@elregionalvm1","twitter_site":"@elregionalvm1","twitter_misc":{"Escrito por":"Contenidos El Regional","Tiempo de lectura":"1 minuto"},"schema":{"@context":"https:\/\/schema.org","@graph":[{"@type":"Article","@id":"http:\/\/elregionalvm.com.ar\/noticias-villa-maria\/fiesta-en-olivos-alberto-fernandez-fue-imputado-y-ofrecio-donar-la-mitad-de-su-sueldo\/#article","isPartOf":{"@id":"http:\/\/elregionalvm.com.ar\/noticias-villa-maria\/fiesta-en-olivos-alberto-fernandez-fue-imputado-y-ofrecio-donar-la-mitad-de-su-sueldo\/"},"author":{"name":"Contenidos El Regional","@id":"http:\/\/elregionalvm.com.ar\/noticias-villa-maria\/#\/schema\/person\/a0fb9c422317faca23d50163151bc354"},"headline":"Fiesta en Olivos: Alberto Fern\u00e1ndez fue imputado y ofreci\u00f3 donar la mitad de su sueldo","datePublished":"2021-08-27T02:01:12+00:00","dateModified":"2021-08-27T02:01:13+00:00","mainEntityOfPage":{"@id":"http:\/\/elregionalvm.com.ar\/noticias-villa-maria\/fiesta-en-olivos-alberto-fernandez-fue-imputado-y-ofrecio-donar-la-mitad-de-su-sueldo\/"},"wordCount":213,"commentCount":0,"image":{"@id":"http:\/\/elregionalvm.com.ar\/noticias-villa-maria\/fiesta-en-olivos-alberto-fernandez-fue-imputado-y-ofrecio-donar-la-mitad-de-su-sueldo\/#primaryimage"},"thumbnailUrl":"https:\/\/i0.wp.com\/elregionalvm.com.ar\/noticias-villa-maria\/wp-content\/uploads\/2021\/08\/Foto-polemica-presidente-Fabiola-Alberto.jpg?fit=1280%2C720&ssl=1","keywords":["Alberto Fern\u00e1ndez","Covid 19","destacado","donaci\u00f3n","Fabiola Y\u00e1\u00f1ez","fiesta","Imputaci\u00f3n","Instituto Malbr\u00e1n","Olivos","pandemia"],"articleSection":["Pol\u00edtica"],"inLanguage":"es","potentialAction":[{"@type":"CommentAction","name":"Comment","target":["http:\/\/elregionalvm.com.ar\/noticias-villa-maria\/fiesta-en-olivos-alberto-fernandez-fue-imputado-y-ofrecio-donar-la-mitad-de-su-sueldo\/#respond"]}]},{"@type":"WebPage","@id":"http:\/\/elregionalvm.com.ar\/noticias-villa-maria\/fiesta-en-olivos-alberto-fernandez-fue-imputado-y-ofrecio-donar-la-mitad-de-su-sueldo\/","url":"http:\/\/elregionalvm.com.ar\/noticias-villa-maria\/fiesta-en-olivos-alberto-fernandez-fue-imputado-y-ofrecio-donar-la-mitad-de-su-sueldo\/","name":"Fiesta en Olivos: Alberto Fern\u00e1ndez fue imputado y ofreci\u00f3 donar la mitad de su sueldo - El Regional","isPartOf":{"@id":"http:\/\/elregionalvm.com.ar\/noticias-villa-maria\/#website"},"primaryImageOfPage":{"@id":"http:\/\/elregionalvm.com.ar\/noticias-villa-maria\/fiesta-en-olivos-alberto-fernandez-fue-imputado-y-ofrecio-donar-la-mitad-de-su-sueldo\/#primaryimage"},"image":{"@id":"http:\/\/elregionalvm.com.ar\/noticias-villa-maria\/fiesta-en-olivos-alberto-fernandez-fue-imputado-y-ofrecio-donar-la-mitad-de-su-sueldo\/#primaryimage"},"thumbnailUrl":"https:\/\/i0.wp.com\/elregionalvm.com.ar\/noticias-villa-maria\/wp-content\/uploads\/2021\/08\/Foto-polemica-presidente-Fabiola-Alberto.jpg?fit=1280%2C720&ssl=1","datePublished":"2021-08-27T02:01:12+00:00","dateModified":"2021-08-27T02:01:13+00:00","author":{"@id":"http:\/\/elregionalvm.com.ar\/noticias-villa-maria\/#\/schema\/person\/a0fb9c422317faca23d50163151bc354"},"description":"El fiscal federal Ramiro Gonz\u00e1lez imput\u00f3 al presidente Alberto Fern\u00e1ndez, a Fabiola Y\u00e1\u00f1ez y dem\u00e1s invitados al cumplea\u00f1os de la primera dama.","breadcrumb":{"@id":"http:\/\/elregionalvm.com.ar\/noticias-villa-maria\/fiesta-en-olivos-alberto-fernandez-fue-imputado-y-ofrecio-donar-la-mitad-de-su-sueldo\/#breadcrumb"},"inLanguage":"es","potentialAction":[{"@type":"ReadAction","target":["http:\/\/elregionalvm.com.ar\/noticias-villa-maria\/fiesta-en-olivos-alberto-fernandez-fue-imputado-y-ofrecio-donar-la-mitad-de-su-sueldo\/"]}]},{"@type":"ImageObject","inLanguage":"es","@id":"http:\/\/elregionalvm.com.ar\/noticias-villa-maria\/fiesta-en-olivos-alberto-fernandez-fue-imputado-y-ofrecio-donar-la-mitad-de-su-sueldo\/#primaryimage","url":"https:\/\/i0.wp.com\/elregionalvm.com.ar\/noticias-villa-maria\/wp-content\/uploads\/2021\/08\/Foto-polemica-presidente-Fabiola-Alberto.jpg?fit=1280%2C720&ssl=1","contentUrl":"https:\/\/i0.wp.com\/elregionalvm.com.ar\/noticias-villa-maria\/wp-content\/uploads\/2021\/08\/Foto-polemica-presidente-Fabiola-Alberto.jpg?fit=1280%2C720&ssl=1","width":1280,"height":720},{"@type":"BreadcrumbList","@id":"http:\/\/elregionalvm.com.ar\/noticias-villa-maria\/fiesta-en-olivos-alberto-fernandez-fue-imputado-y-ofrecio-donar-la-mitad-de-su-sueldo\/#breadcrumb","itemListElement":[{"@type":"ListItem","position":1,"name":"Portada","item":"https:\/\/elregionalvm.com.ar\/noticias-villa-maria\/"},{"@type":"ListItem","position":2,"name":"Fiesta en Olivos: Alberto Fern\u00e1ndez fue imputado y ofreci\u00f3 donar la mitad de su sueldo"}]},{"@type":"WebSite","@id":"http:\/\/elregionalvm.com.ar\/noticias-villa-maria\/#website","url":"http:\/\/elregionalvm.com.ar\/noticias-villa-maria\/","name":"El Regional","description":"Mucho m\u00e1s que informaci\u00f3n","potentialAction":[{"@type":"SearchAction","target":{"@type":"EntryPoint","urlTemplate":"http:\/\/elregionalvm.com.ar\/noticias-villa-maria\/?s={search_term_string}"},"query-input":{"@type":"PropertyValueSpecification","valueRequired":true,"valueName":"search_term_string"}}],"inLanguage":"es"},{"@type":"Person","@id":"http:\/\/elregionalvm.com.ar\/noticias-villa-maria\/#\/schema\/person\/a0fb9c422317faca23d50163151bc354","name":"Contenidos El Regional","image":{"@type":"ImageObject","inLanguage":"es","@id":"http:\/\/elregionalvm.com.ar\/noticias-villa-maria\/#\/schema\/person\/image\/","url":"https:\/\/secure.gravatar.com\/avatar\/265b27cb2209af7bb3a1318f03305787d7981a5cc6e6cd08fe5a4ecdf99d4b48?s=96&d=mm&r=g","contentUrl":"https:\/\/secure.gravatar.com\/avatar\/265b27cb2209af7bb3a1318f03305787d7981a5cc6e6cd08fe5a4ecdf99d4b48?s=96&d=mm&r=g","caption":"Contenidos El Regional"},"url":"https:\/\/elregionalvm.com.ar\/noticias-villa-maria\/author\/contenido\/"}]}},"jetpack_featured_media_url":"https:\/\/i0.wp.com\/elregionalvm.com.ar\/noticias-villa-maria\/wp-content\/uploads\/2021\/08\/Foto-polemica-presidente-Fabiola-Alberto.jpg?fit=1280%2C720&ssl=1","jetpack_sharing_enabled":true,"_links":{"self":[{"href":"https:\/\/elregionalvm.com.ar\/noticias-villa-maria\/wp-json\/wp\/v2\/posts\/43553","targetHints":{"allow":["GET"]}}],"collection":[{"href":"https:\/\/elregionalvm.com.ar\/noticias-villa-maria\/wp-json\/wp\/v2\/posts"}],"about":[{"href":"https:\/\/elregionalvm.com.ar\/noticias-villa-maria\/wp-json\/wp\/v2\/types\/post"}],"author":[{"embeddable":true,"href":"https:\/\/elregionalvm.com.ar\/noticias-villa-maria\/wp-json\/wp\/v2\/users\/4"}],"replies":[{"embeddable":true,"href":"https:\/\/elregionalvm.com.ar\/noticias-villa-maria\/wp-json\/wp\/v2\/comments?post=43553"}],"version-history":[{"count":1,"href":"https:\/\/elregionalvm.com.ar\/noticias-villa-maria\/wp-json\/wp\/v2\/posts\/43553\/revisions"}],"predecessor-version":[{"id":43554,"href":"https:\/\/elregionalvm.com.ar\/noticias-villa-maria\/wp-json\/wp\/v2\/posts\/43553\/revisions\/43554"}],"wp:featuredmedia":[{"embeddable":true,"href":"https:\/\/elregionalvm.com.ar\/noticias-villa-maria\/wp-json\/wp\/v2\/media\/42651"}],"wp:attachment":[{"href":"https:\/\/elregionalvm.com.ar\/noticias-villa-maria\/wp-json\/wp\/v2\/media?parent=43553"}],"wp:term":[{"taxonomy":"category","embeddable":true,"href":"https:\/\/elregionalvm.com.ar\/noticias-villa-maria\/wp-json\/wp\/v2\/categories?post=43553"},{"taxonomy":"post_tag","embeddable":true,"href":"https:\/\/elregionalvm.com.ar\/noticias-villa-maria\/wp-json\/wp\/v2\/tags?post=43553"}],"curies":[{"name":"wp","href":"https:\/\/api.w.org\/{rel}","templated":true}]}}