{"id":43559,"date":"2021-08-27T22:48:57","date_gmt":"2021-08-27T22:48:57","guid":{"rendered":"https:\/\/elregionalvm.com.ar\/noticias-villa-maria\/?p=43559"},"modified":"2021-08-27T22:48:59","modified_gmt":"2021-08-27T22:48:59","slug":"no-pudimos-cerrar-la-semana-sin-fallecidos-murio-por-covid-un-hombre-de-67-anos","status":"publish","type":"post","link":"https:\/\/elregionalvm.com.ar\/noticias-villa-maria\/no-pudimos-cerrar-la-semana-sin-fallecidos-murio-por-covid-un-hombre-de-67-anos\/","title":{"rendered":"No pudimos cerrar la semana sin fallecidos: muri\u00f3 por covid un hombre de 67 a\u00f1os"},"content":{"rendered":"\n<p>Hasta las 14 horas de este viernes, se registraron 27 nuevos casos de coronavirus y 76 altas m\u00e9dicas definitivas. De esta manera, los casos totales desde el inicio de la pandemia en la ciudad son 19.998, de los cuales 19.349 son personas que lograron recuperarse de la enfermedad.<\/p>\n\n\n\n<p>\u2022 El n\u00famero de personas aisladas se ubica hoy en 1.091, siendo 377 los casos activos. El resto corresponde a contactos estrechos.<\/p>\n\n\n\n<figure class=\"wp-block-gallery columns-2 is-cropped wp-block-gallery-1 is-layout-flex wp-block-gallery-is-layout-flex\"><ul class=\"blocks-gallery-grid\"><li class=\"blocks-gallery-item\"><figure><img data-recalc-dims=\"1\" fetchpriority=\"high\" decoding=\"async\" width=\"1024\" height=\"576\" src=\"https:\/\/i0.wp.com\/elregionalvm.com.ar\/noticias-villa-maria\/wp-content\/uploads\/2021\/08\/WhatsApp-Image-2021-08-27-at-18.21.29.jpeg?resize=1024%2C576&#038;ssl=1\" alt=\"\" data-id=\"43560\" data-link=\"https:\/\/elregionalvm.com.ar\/noticias-villa-maria\/?attachment_id=43560\" class=\"wp-image-43560\" srcset=\"https:\/\/i0.wp.com\/elregionalvm.com.ar\/noticias-villa-maria\/wp-content\/uploads\/2021\/08\/WhatsApp-Image-2021-08-27-at-18.21.29.jpeg?resize=1024%2C576&amp;ssl=1 1024w, https:\/\/i0.wp.com\/elregionalvm.com.ar\/noticias-villa-maria\/wp-content\/uploads\/2021\/08\/WhatsApp-Image-2021-08-27-at-18.21.29.jpeg?resize=300%2C169&amp;ssl=1 300w, https:\/\/i0.wp.com\/elregionalvm.com.ar\/noticias-villa-maria\/wp-content\/uploads\/2021\/08\/WhatsApp-Image-2021-08-27-at-18.21.29.jpeg?resize=768%2C432&amp;ssl=1 768w, https:\/\/i0.wp.com\/elregionalvm.com.ar\/noticias-villa-maria\/wp-content\/uploads\/2021\/08\/WhatsApp-Image-2021-08-27-at-18.21.29.jpeg?w=1334&amp;ssl=1 1334w\" sizes=\"(max-width: 1000px) 100vw, 1000px\" \/><\/figure><\/li><li class=\"blocks-gallery-item\"><figure><img data-recalc-dims=\"1\" decoding=\"async\" width=\"1024\" height=\"576\" src=\"https:\/\/i0.wp.com\/elregionalvm.com.ar\/noticias-villa-maria\/wp-content\/uploads\/2021\/08\/WhatsApp-Image-2021-08-27-at-18.21.28.jpeg?resize=1024%2C576&#038;ssl=1\" alt=\"\" data-id=\"43561\" data-full-url=\"https:\/\/elregionalvm.com.ar\/noticias-villa-maria\/wp-content\/uploads\/2021\/08\/WhatsApp-Image-2021-08-27-at-18.21.28.jpeg\" data-link=\"https:\/\/elregionalvm.com.ar\/noticias-villa-maria\/?attachment_id=43561\" class=\"wp-image-43561\" srcset=\"https:\/\/i0.wp.com\/elregionalvm.com.ar\/noticias-villa-maria\/wp-content\/uploads\/2021\/08\/WhatsApp-Image-2021-08-27-at-18.21.28.jpeg?resize=1024%2C576&amp;ssl=1 1024w, https:\/\/i0.wp.com\/elregionalvm.com.ar\/noticias-villa-maria\/wp-content\/uploads\/2021\/08\/WhatsApp-Image-2021-08-27-at-18.21.28.jpeg?resize=300%2C169&amp;ssl=1 300w, https:\/\/i0.wp.com\/elregionalvm.com.ar\/noticias-villa-maria\/wp-content\/uploads\/2021\/08\/WhatsApp-Image-2021-08-27-at-18.21.28.jpeg?resize=768%2C432&amp;ssl=1 768w, https:\/\/i0.wp.com\/elregionalvm.com.ar\/noticias-villa-maria\/wp-content\/uploads\/2021\/08\/WhatsApp-Image-2021-08-27-at-18.21.28.jpeg?w=1334&amp;ssl=1 1334w\" sizes=\"(max-width: 1000px) 100vw, 1000px\" \/><\/figure><\/li><\/ul><\/figure>\n\n\n\n<p>\u2022 Cabe destacar que, en cuanto a la vacunaci\u00f3n contra el Covid, en Villa Mar\u00eda ya son 59.357 las personas vacunadas. De esa cantidad, 27.942 personas ya completaron el esquema de inmunizaci\u00f3n con la colocaci\u00f3n de la segunda dosis. Del total de inmunizaciones, 58.229 fueron realizadas por la Secretar\u00eda de Salud del municipio, representando el 98%. El resto de las dosis fueron aplicadas por el Hospital Pasteur.<\/p>\n\n\n\n<figure class=\"wp-block-image size-large\"><img data-recalc-dims=\"1\" decoding=\"async\" width=\"1024\" height=\"576\" src=\"https:\/\/i0.wp.com\/elregionalvm.com.ar\/noticias-villa-maria\/wp-content\/uploads\/2021\/08\/WhatsApp-Image-2021-08-27-at-18.21.42-1.jpeg?resize=1024%2C576&#038;ssl=1\" alt=\"\" class=\"wp-image-43567\" srcset=\"https:\/\/i0.wp.com\/elregionalvm.com.ar\/noticias-villa-maria\/wp-content\/uploads\/2021\/08\/WhatsApp-Image-2021-08-27-at-18.21.42-1.jpeg?resize=1024%2C576&amp;ssl=1 1024w, https:\/\/i0.wp.com\/elregionalvm.com.ar\/noticias-villa-maria\/wp-content\/uploads\/2021\/08\/WhatsApp-Image-2021-08-27-at-18.21.42-1.jpeg?resize=300%2C169&amp;ssl=1 300w, https:\/\/i0.wp.com\/elregionalvm.com.ar\/noticias-villa-maria\/wp-content\/uploads\/2021\/08\/WhatsApp-Image-2021-08-27-at-18.21.42-1.jpeg?resize=768%2C432&amp;ssl=1 768w, https:\/\/i0.wp.com\/elregionalvm.com.ar\/noticias-villa-maria\/wp-content\/uploads\/2021\/08\/WhatsApp-Image-2021-08-27-at-18.21.42-1.jpeg?resize=1536%2C864&amp;ssl=1 1536w, https:\/\/i0.wp.com\/elregionalvm.com.ar\/noticias-villa-maria\/wp-content\/uploads\/2021\/08\/WhatsApp-Image-2021-08-27-at-18.21.42-1.jpeg?w=1600&amp;ssl=1 1600w\" sizes=\"(max-width: 1000px) 100vw, 1000px\" \/><\/figure>\n\n\n\n<p>\u2022 Por otro lado, del total de personas vacunadas, 18.820 corresponden a personas de 18 a 39 a\u00f1os sin factores de riesgo; 15.845 a mayores de 60 a\u00f1os; 10.384 a personas de entre 18 y 59 a\u00f1os con factores de riesgo; 6.916 a personas de 40 a 49 sin factores de riesgo; 2.934 a personal estrat\u00e9gico; 2.176 a personal de salud; 1.749 a personas de 50 a 59 a\u00f1os sin factores de riesgo; 327 a personas de 12 a 17 a\u00f1os con factores de riesgo; 182 a otra patolog\u00eda y 24 por embarazo. Tambi\u00e9n vale la pena decir que sobre las personas vacunadas por grupo de edad, resulta que el mayor n\u00famero de personas vacunadas se dio en el grupo de 35 a 39 a\u00f1os, sigui\u00e9ndole el de 40 a 44 a\u00f1os, luego el de 30 a 34 a\u00f1os, el de 25 a 29 a\u00f1os y el de 45 a 49 a\u00f1os entre los m\u00e1s vacunados.<\/p>\n\n\n\n<figure class=\"wp-block-image size-large\"><img data-recalc-dims=\"1\" loading=\"lazy\" decoding=\"async\" width=\"1024\" height=\"576\" src=\"https:\/\/i0.wp.com\/elregionalvm.com.ar\/noticias-villa-maria\/wp-content\/uploads\/2021\/08\/WhatsApp-Image-2021-08-27-at-18.21.48.jpeg?resize=1024%2C576&#038;ssl=1\" alt=\"\" class=\"wp-image-43569\" srcset=\"https:\/\/i0.wp.com\/elregionalvm.com.ar\/noticias-villa-maria\/wp-content\/uploads\/2021\/08\/WhatsApp-Image-2021-08-27-at-18.21.48.jpeg?resize=1024%2C576&amp;ssl=1 1024w, https:\/\/i0.wp.com\/elregionalvm.com.ar\/noticias-villa-maria\/wp-content\/uploads\/2021\/08\/WhatsApp-Image-2021-08-27-at-18.21.48.jpeg?resize=300%2C169&amp;ssl=1 300w, https:\/\/i0.wp.com\/elregionalvm.com.ar\/noticias-villa-maria\/wp-content\/uploads\/2021\/08\/WhatsApp-Image-2021-08-27-at-18.21.48.jpeg?resize=768%2C432&amp;ssl=1 768w, https:\/\/i0.wp.com\/elregionalvm.com.ar\/noticias-villa-maria\/wp-content\/uploads\/2021\/08\/WhatsApp-Image-2021-08-27-at-18.21.48.jpeg?w=1280&amp;ssl=1 1280w\" sizes=\"(max-width: 1000px) 100vw, 1000px\" \/><\/figure>\n\n\n\n<p>\u2022 En referencia con las pruebas de ant\u00edgenos realizadas en la Asistencia P\u00fablica, en el Anfiteatro, en el Centro C\u00edvico, en los CAPS y en la Terminal de \u00d3mnibus, en esta semana se practicaron 4.093 test, resultando 217 positivos y 3.876 negativos.<br>Hasta la fecha se realizaron 97.477 test de ant\u00edgenos, de los cuales el 83% resultaron negativos y 17% positivos.<\/p>\n\n\n\n<p>\u2022 En cuanto a edades de los nuevos positivos durante agosto, se desprende que del total de 1.297 positivos, 347 son menores de 18 a\u00f1os, 544 de 18 a 40 a\u00f1os, 293 de 40 a 60 a\u00f1os y 133 mayores de 60 a\u00f1os. Adem\u00e1s, la muestra indica que la zona con mayor cantidad de contagios se da en la denominada \u201cZona 3\u201d con 276 positivos.<\/p>\n\n\n\n<figure class=\"wp-block-gallery columns-1 is-cropped wp-block-gallery-2 is-layout-flex wp-block-gallery-is-layout-flex\"><ul class=\"blocks-gallery-grid\"><li class=\"blocks-gallery-item\"><figure><img data-recalc-dims=\"1\" loading=\"lazy\" decoding=\"async\" width=\"1024\" height=\"576\" src=\"https:\/\/i0.wp.com\/elregionalvm.com.ar\/noticias-villa-maria\/wp-content\/uploads\/2021\/08\/WhatsApp-Image-2021-08-27-at-18.21.42.jpeg?resize=1024%2C576&#038;ssl=1\" alt=\"\" data-id=\"43566\" data-full-url=\"https:\/\/elregionalvm.com.ar\/noticias-villa-maria\/wp-content\/uploads\/2021\/08\/WhatsApp-Image-2021-08-27-at-18.21.42.jpeg\" data-link=\"https:\/\/elregionalvm.com.ar\/noticias-villa-maria\/?attachment_id=43566\" class=\"wp-image-43566\" srcset=\"https:\/\/i0.wp.com\/elregionalvm.com.ar\/noticias-villa-maria\/wp-content\/uploads\/2021\/08\/WhatsApp-Image-2021-08-27-at-18.21.42.jpeg?resize=1024%2C576&amp;ssl=1 1024w, https:\/\/i0.wp.com\/elregionalvm.com.ar\/noticias-villa-maria\/wp-content\/uploads\/2021\/08\/WhatsApp-Image-2021-08-27-at-18.21.42.jpeg?resize=300%2C169&amp;ssl=1 300w, https:\/\/i0.wp.com\/elregionalvm.com.ar\/noticias-villa-maria\/wp-content\/uploads\/2021\/08\/WhatsApp-Image-2021-08-27-at-18.21.42.jpeg?resize=768%2C432&amp;ssl=1 768w, https:\/\/i0.wp.com\/elregionalvm.com.ar\/noticias-villa-maria\/wp-content\/uploads\/2021\/08\/WhatsApp-Image-2021-08-27-at-18.21.42.jpeg?w=1334&amp;ssl=1 1334w\" sizes=\"(max-width: 1000px) 100vw, 1000px\" \/><\/figure><\/li><\/ul><\/figure>\n\n\n\n<p>\u2022 Es importante informar que desde la p\u00e1gina web, ya se puede consultar tambi\u00e9n el monitoreo en d\u00edas cr\u00edticos. En ese sentido, los pacientes aislados reportan su estado de salud diariamente, pero para la detecci\u00f3n temprana de casos que pudieran complicarse se puso en marcha el monitoreo en d\u00edas cr\u00edticos. El equipo de salud diariamente realiza el monitoreo telef\u00f3nicamente de pacientes en los d\u00edas 3, 6 y 9 desde el inicio de s\u00edntomas o en su defecto desde la fecha de positivo. En el panel se observan valores acumulados y la efectividad del monitoreo realizado. Para destacar, el bajo porcentaje de derivaciones de pacientes a centros de salud siendo que las derivaciones m\u00e9dicas fueron 435 sobre 9.764 representando el 4.46%.<\/p>\n\n\n\n<figure class=\"wp-block-image size-large\"><img data-recalc-dims=\"1\" loading=\"lazy\" decoding=\"async\" width=\"1024\" height=\"576\" src=\"https:\/\/i0.wp.com\/elregionalvm.com.ar\/noticias-villa-maria\/wp-content\/uploads\/2021\/08\/WhatsApp-Image-2021-08-27-at-18.21.42-2.jpeg?resize=1024%2C576&#038;ssl=1\" alt=\"\" class=\"wp-image-43568\" srcset=\"https:\/\/i0.wp.com\/elregionalvm.com.ar\/noticias-villa-maria\/wp-content\/uploads\/2021\/08\/WhatsApp-Image-2021-08-27-at-18.21.42-2.jpeg?resize=1024%2C576&amp;ssl=1 1024w, https:\/\/i0.wp.com\/elregionalvm.com.ar\/noticias-villa-maria\/wp-content\/uploads\/2021\/08\/WhatsApp-Image-2021-08-27-at-18.21.42-2.jpeg?resize=300%2C169&amp;ssl=1 300w, https:\/\/i0.wp.com\/elregionalvm.com.ar\/noticias-villa-maria\/wp-content\/uploads\/2021\/08\/WhatsApp-Image-2021-08-27-at-18.21.42-2.jpeg?resize=768%2C432&amp;ssl=1 768w, https:\/\/i0.wp.com\/elregionalvm.com.ar\/noticias-villa-maria\/wp-content\/uploads\/2021\/08\/WhatsApp-Image-2021-08-27-at-18.21.42-2.jpeg?w=1334&amp;ssl=1 1334w\" sizes=\"(max-width: 1000px) 100vw, 1000px\" \/><\/figure>\n\n\n\n<p>\u2022 Por otra parte, en relaci\u00f3n a la disponibilidad de internaci\u00f3n, el 30% de las camas cr\u00edticas de terapia intensiva destinadas a Covid est\u00e1n ocupadas y de las camas comunes o terapia intermedia, el 28%.<\/p>\n\n\n\n<figure class=\"wp-block-gallery columns-2 is-cropped wp-block-gallery-3 is-layout-flex wp-block-gallery-is-layout-flex\"><ul class=\"blocks-gallery-grid\"><li class=\"blocks-gallery-item\"><figure><img data-recalc-dims=\"1\" loading=\"lazy\" decoding=\"async\" width=\"1024\" height=\"576\" src=\"https:\/\/i0.wp.com\/elregionalvm.com.ar\/noticias-villa-maria\/wp-content\/uploads\/2021\/08\/WhatsApp-Image-2021-08-27-at-18.21.41.jpeg?resize=1024%2C576&#038;ssl=1\" alt=\"\" data-id=\"43564\" data-link=\"https:\/\/elregionalvm.com.ar\/noticias-villa-maria\/?attachment_id=43564\" class=\"wp-image-43564\" srcset=\"https:\/\/i0.wp.com\/elregionalvm.com.ar\/noticias-villa-maria\/wp-content\/uploads\/2021\/08\/WhatsApp-Image-2021-08-27-at-18.21.41.jpeg?resize=1024%2C576&amp;ssl=1 1024w, https:\/\/i0.wp.com\/elregionalvm.com.ar\/noticias-villa-maria\/wp-content\/uploads\/2021\/08\/WhatsApp-Image-2021-08-27-at-18.21.41.jpeg?resize=300%2C169&amp;ssl=1 300w, https:\/\/i0.wp.com\/elregionalvm.com.ar\/noticias-villa-maria\/wp-content\/uploads\/2021\/08\/WhatsApp-Image-2021-08-27-at-18.21.41.jpeg?resize=768%2C432&amp;ssl=1 768w, https:\/\/i0.wp.com\/elregionalvm.com.ar\/noticias-villa-maria\/wp-content\/uploads\/2021\/08\/WhatsApp-Image-2021-08-27-at-18.21.41.jpeg?w=1334&amp;ssl=1 1334w\" sizes=\"(max-width: 1000px) 100vw, 1000px\" \/><\/figure><\/li><li class=\"blocks-gallery-item\"><figure><img data-recalc-dims=\"1\" loading=\"lazy\" decoding=\"async\" width=\"1024\" height=\"576\" src=\"https:\/\/i0.wp.com\/elregionalvm.com.ar\/noticias-villa-maria\/wp-content\/uploads\/2021\/08\/WhatsApp-Image-2021-08-27-at-18.21.41-1.jpeg?resize=1024%2C576&#038;ssl=1\" alt=\"\" data-id=\"43565\" data-full-url=\"https:\/\/elregionalvm.com.ar\/noticias-villa-maria\/wp-content\/uploads\/2021\/08\/WhatsApp-Image-2021-08-27-at-18.21.41-1.jpeg\" data-link=\"https:\/\/elregionalvm.com.ar\/noticias-villa-maria\/?attachment_id=43565\" class=\"wp-image-43565\" srcset=\"https:\/\/i0.wp.com\/elregionalvm.com.ar\/noticias-villa-maria\/wp-content\/uploads\/2021\/08\/WhatsApp-Image-2021-08-27-at-18.21.41-1.jpeg?resize=1024%2C576&amp;ssl=1 1024w, https:\/\/i0.wp.com\/elregionalvm.com.ar\/noticias-villa-maria\/wp-content\/uploads\/2021\/08\/WhatsApp-Image-2021-08-27-at-18.21.41-1.jpeg?resize=300%2C169&amp;ssl=1 300w, https:\/\/i0.wp.com\/elregionalvm.com.ar\/noticias-villa-maria\/wp-content\/uploads\/2021\/08\/WhatsApp-Image-2021-08-27-at-18.21.41-1.jpeg?resize=768%2C432&amp;ssl=1 768w, https:\/\/i0.wp.com\/elregionalvm.com.ar\/noticias-villa-maria\/wp-content\/uploads\/2021\/08\/WhatsApp-Image-2021-08-27-at-18.21.41-1.jpeg?w=1334&amp;ssl=1 1334w\" sizes=\"(max-width: 1000px) 100vw, 1000px\" \/><\/figure><\/li><\/ul><\/figure>\n\n\n\n<p>\u2022 Seg\u00fan datos actualizados del Registro Civil, en esta jornada debemos lamentar el fallecimiento de un vecino de 67 a\u00f1os. En total son 272 las personas que perdieron la vida por covid en la ciudad desde el inicio de la pandemia. El promedio de edad de los vecinos fallecidos es de 72,5 a\u00f1os.<\/p>\n\n\n\n<figure class=\"wp-block-gallery columns-2 is-cropped wp-block-gallery-4 is-layout-flex wp-block-gallery-is-layout-flex\"><ul class=\"blocks-gallery-grid\"><li class=\"blocks-gallery-item\"><figure><img data-recalc-dims=\"1\" loading=\"lazy\" decoding=\"async\" width=\"1024\" height=\"576\" src=\"https:\/\/i0.wp.com\/elregionalvm.com.ar\/noticias-villa-maria\/wp-content\/uploads\/2021\/08\/WhatsApp-Image-2021-08-27-at-18.21.29-1.jpeg?resize=1024%2C576&#038;ssl=1\" alt=\"\" data-id=\"43562\" data-link=\"https:\/\/elregionalvm.com.ar\/noticias-villa-maria\/?attachment_id=43562\" class=\"wp-image-43562\" srcset=\"https:\/\/i0.wp.com\/elregionalvm.com.ar\/noticias-villa-maria\/wp-content\/uploads\/2021\/08\/WhatsApp-Image-2021-08-27-at-18.21.29-1.jpeg?resize=1024%2C576&amp;ssl=1 1024w, https:\/\/i0.wp.com\/elregionalvm.com.ar\/noticias-villa-maria\/wp-content\/uploads\/2021\/08\/WhatsApp-Image-2021-08-27-at-18.21.29-1.jpeg?resize=300%2C169&amp;ssl=1 300w, https:\/\/i0.wp.com\/elregionalvm.com.ar\/noticias-villa-maria\/wp-content\/uploads\/2021\/08\/WhatsApp-Image-2021-08-27-at-18.21.29-1.jpeg?resize=768%2C432&amp;ssl=1 768w, https:\/\/i0.wp.com\/elregionalvm.com.ar\/noticias-villa-maria\/wp-content\/uploads\/2021\/08\/WhatsApp-Image-2021-08-27-at-18.21.29-1.jpeg?w=1334&amp;ssl=1 1334w\" sizes=\"(max-width: 1000px) 100vw, 1000px\" \/><\/figure><\/li><li class=\"blocks-gallery-item\"><figure><img data-recalc-dims=\"1\" loading=\"lazy\" decoding=\"async\" width=\"1024\" height=\"576\" src=\"https:\/\/i0.wp.com\/elregionalvm.com.ar\/noticias-villa-maria\/wp-content\/uploads\/2021\/08\/WhatsApp-Image-2021-08-27-at-18.21.29-2.jpeg?resize=1024%2C576&#038;ssl=1\" alt=\"\" data-id=\"43563\" data-full-url=\"https:\/\/elregionalvm.com.ar\/noticias-villa-maria\/wp-content\/uploads\/2021\/08\/WhatsApp-Image-2021-08-27-at-18.21.29-2.jpeg\" data-link=\"https:\/\/elregionalvm.com.ar\/noticias-villa-maria\/?attachment_id=43563\" class=\"wp-image-43563\" srcset=\"https:\/\/i0.wp.com\/elregionalvm.com.ar\/noticias-villa-maria\/wp-content\/uploads\/2021\/08\/WhatsApp-Image-2021-08-27-at-18.21.29-2.jpeg?resize=1024%2C576&amp;ssl=1 1024w, https:\/\/i0.wp.com\/elregionalvm.com.ar\/noticias-villa-maria\/wp-content\/uploads\/2021\/08\/WhatsApp-Image-2021-08-27-at-18.21.29-2.jpeg?resize=300%2C169&amp;ssl=1 300w, https:\/\/i0.wp.com\/elregionalvm.com.ar\/noticias-villa-maria\/wp-content\/uploads\/2021\/08\/WhatsApp-Image-2021-08-27-at-18.21.29-2.jpeg?resize=768%2C432&amp;ssl=1 768w, https:\/\/i0.wp.com\/elregionalvm.com.ar\/noticias-villa-maria\/wp-content\/uploads\/2021\/08\/WhatsApp-Image-2021-08-27-at-18.21.29-2.jpeg?w=1334&amp;ssl=1 1334w\" sizes=\"(max-width: 1000px) 100vw, 1000px\" \/><\/figure><\/li><\/ul><\/figure>\n\n\n\n<p>\u2022 Ante la presencia de cualquier s\u00edntoma o por consultas vinculadas a denuncias o disposiciones vigentes, comunicarse al 0800 888 7468. Tambi\u00e9n para consultas sobre resultados de hisopados y fechas de altas m\u00e9dicas est\u00e1 disponible la l\u00ednea de WhatsApp al 3535657964.<\/p>\n\n\n\n<p class=\"has-text-align-center\"><strong>VILLA NUEVA<\/strong><\/p>\n\n\n\n<p>En la ciudad de Villa Nueva se reportaron otros cuatro contagios este viernes y se dieron de alta a 12 casos que eran positivos. Una de las personas que estaban internadas recibi\u00f3 el alta, por lo que quedan internados tres pacientes.<\/p>\n\n\n\n<p>Actualmente hay 81 casos positivos en Villa Nueva y la cantidad de personas aisladas asciende a 343 en total.<\/p>\n\n\n\n<div class=\"wp-block-image\"><figure class=\"aligncenter size-large\"><img data-recalc-dims=\"1\" loading=\"lazy\" decoding=\"async\" width=\"410\" height=\"1024\" src=\"https:\/\/i0.wp.com\/elregionalvm.com.ar\/noticias-villa-maria\/wp-content\/uploads\/2021\/08\/WhatsApp-Image-2021-08-27-at-19.31.10-1.jpeg?resize=410%2C1024&#038;ssl=1\" alt=\"\" class=\"wp-image-43570\" srcset=\"https:\/\/i0.wp.com\/elregionalvm.com.ar\/noticias-villa-maria\/wp-content\/uploads\/2021\/08\/WhatsApp-Image-2021-08-27-at-19.31.10-1.jpeg?resize=410%2C1024&amp;ssl=1 410w, https:\/\/i0.wp.com\/elregionalvm.com.ar\/noticias-villa-maria\/wp-content\/uploads\/2021\/08\/WhatsApp-Image-2021-08-27-at-19.31.10-1.jpeg?resize=120%2C300&amp;ssl=1 120w, https:\/\/i0.wp.com\/elregionalvm.com.ar\/noticias-villa-maria\/wp-content\/uploads\/2021\/08\/WhatsApp-Image-2021-08-27-at-19.31.10-1.jpeg?w=640&amp;ssl=1 640w\" sizes=\"(max-width: 410px) 100vw, 410px\" \/><\/figure><\/div>\n","protected":false},"excerpt":{"rendered":"<p>Hasta las 14 horas de este viernes, se registraron 27 nuevos casos de coronavirus y 76 altas m\u00e9dicas definitivas. De esta manera, los casos totales desde el inicio de la pandemia en la ciudad son 19.998, de los cuales 19.349 son personas que lograron recuperarse de la enfermedad. \u2022 El n\u00famero de personas aisladas se [&hellip;]<\/p>\n","protected":false},"author":4,"featured_media":38885,"comment_status":"open","ping_status":"open","sticky":false,"template":"","format":"standard","meta":{"site-sidebar-layout":"default","site-content-layout":"default","ast-site-content-layout":"default","site-content-style":"default","site-sidebar-style":"default","ast-global-header-display":"","ast-banner-title-visibility":"","ast-main-header-display":"","ast-hfb-above-header-display":"","ast-hfb-below-header-display":"","ast-hfb-mobile-header-display":"","site-post-title":"","ast-breadcrumbs-content":"","ast-featured-img":"","footer-sml-layout":"","ast-disable-related-posts":"","theme-transparent-header-meta":"default","adv-header-id-meta":"","stick-header-meta":"","header-above-stick-meta":"","header-main-stick-meta":"","header-below-stick-meta":"","astra-migrate-meta-layouts":"default","ast-page-background-enabled":"default","ast-page-background-meta":{"desktop":{"background-color":"","background-image":"","background-repeat":"repeat","background-position":"center center","background-size":"auto","background-attachment":"scroll","background-type":"","background-media":"","overlay-type":"","overlay-color":"","overlay-opacity":"","overlay-gradient":""},"tablet":{"background-color":"","background-image":"","background-repeat":"repeat","background-position":"center center","background-size":"auto","background-attachment":"scroll","background-type":"","background-media":"","overlay-type":"","overlay-color":"","overlay-opacity":"","overlay-gradient":""},"mobile":{"background-color":"","background-image":"","background-repeat":"repeat","background-position":"center center","background-size":"auto","background-attachment":"scroll","background-type":"","background-media":"","overlay-type":"","overlay-color":"","overlay-opacity":"","overlay-gradient":""}},"ast-content-background-meta":{"desktop":{"background-color":"var(--ast-global-color-5)","background-image":"","background-repeat":"repeat","background-position":"center center","background-size":"auto","background-attachment":"scroll","background-type":"","background-media":"","overlay-type":"","overlay-color":"","overlay-opacity":"","overlay-gradient":""},"tablet":{"background-color":"var(--ast-global-color-5)","background-image":"","background-repeat":"repeat","background-position":"center center","background-size":"auto","background-attachment":"scroll","background-type":"","background-media":"","overlay-type":"","overlay-color":"","overlay-opacity":"","overlay-gradient":""},"mobile":{"background-color":"var(--ast-global-color-5)","background-image":"","background-repeat":"repeat","background-position":"center center","background-size":"auto","background-attachment":"scroll","background-type":"","background-media":"","overlay-type":"","overlay-color":"","overlay-opacity":"","overlay-gradient":""}},"_jetpack_memberships_contains_paid_content":false,"_joinchat":[],"footnotes":""},"categories":[2256,2,1408],"tags":[3907,1997,1232,6579,3744,8744,10832,2248,232],"class_list":["post-43559","post","type-post","status-publish","format-standard","has-post-thumbnail","hentry","category-coronavirus","category-villa-maria","category-villa-nueva","tag-casos-diarios","tag-coronavirus","tag-destacado","tag-informe-semanal","tag-situacion-epidemiologica","tag-un-fallecido","tag-viernes-27-de-agosto-de-2021","tag-villa-maria-2","tag-villa-nueva"],"yoast_head":"<!-- This site is optimized with the Yoast SEO plugin v26.8 - https:\/\/yoast.com\/product\/yoast-seo-wordpress\/ -->\n<title>No pudimos cerrar la semana sin fallecidos: muri\u00f3 por covid un hombre de 67 a\u00f1os - El Regional<\/title>\n<meta name=\"robots\" content=\"index, follow, max-snippet:-1, max-image-preview:large, max-video-preview:-1\" \/>\n<link rel=\"canonical\" href=\"http:\/\/elregionalvm.com.ar\/noticias-villa-maria\/no-pudimos-cerrar-la-semana-sin-fallecidos-murio-por-covid-un-hombre-de-67-anos\/\" \/>\n<meta property=\"og:locale\" content=\"es_ES\" \/>\n<meta property=\"og:type\" content=\"article\" \/>\n<meta property=\"og:title\" content=\"No pudimos cerrar la semana sin fallecidos: muri\u00f3 por covid un hombre de 67 a\u00f1os - El Regional\" \/>\n<meta property=\"og:description\" content=\"Hasta las 14 horas de este viernes, se registraron 27 nuevos casos de coronavirus y 76 altas m\u00e9dicas definitivas. De esta manera, los casos totales desde el inicio de la pandemia en la ciudad son 19.998, de los cuales 19.349 son personas que lograron recuperarse de la enfermedad. \u2022 El n\u00famero de personas aisladas se [&hellip;]\" \/>\n<meta property=\"og:url\" content=\"http:\/\/elregionalvm.com.ar\/noticias-villa-maria\/no-pudimos-cerrar-la-semana-sin-fallecidos-murio-por-covid-un-hombre-de-67-anos\/\" \/>\n<meta property=\"og:site_name\" content=\"El Regional\" \/>\n<meta property=\"article:publisher\" content=\"https:\/\/www.facebook.com\/elregionalvm\" \/>\n<meta property=\"article:published_time\" content=\"2021-08-27T22:48:57+00:00\" \/>\n<meta property=\"article:modified_time\" content=\"2021-08-27T22:48:59+00:00\" \/>\n<meta property=\"og:image\" content=\"http:\/\/elregionalvm.com.ar\/noticias-villa-maria\/wp-content\/uploads\/2021\/06\/coronavirus-34.jpg\" \/>\n\t<meta property=\"og:image:width\" content=\"760\" \/>\n\t<meta property=\"og:image:height\" content=\"425\" \/>\n\t<meta property=\"og:image:type\" content=\"image\/jpeg\" \/>\n<meta name=\"author\" content=\"Contenidos El Regional\" \/>\n<meta name=\"twitter:card\" content=\"summary_large_image\" \/>\n<meta name=\"twitter:creator\" content=\"@elregionalvm1\" \/>\n<meta name=\"twitter:site\" content=\"@elregionalvm1\" \/>\n<meta name=\"twitter:label1\" content=\"Escrito por\" \/>\n\t<meta name=\"twitter:data1\" content=\"Contenidos El Regional\" \/>\n\t<meta name=\"twitter:label2\" content=\"Tiempo de lectura\" \/>\n\t<meta name=\"twitter:data2\" content=\"6 minutos\" \/>\n<script type=\"application\/ld+json\" class=\"yoast-schema-graph\">{\"@context\":\"https:\/\/schema.org\",\"@graph\":[{\"@type\":\"Article\",\"@id\":\"http:\/\/elregionalvm.com.ar\/noticias-villa-maria\/no-pudimos-cerrar-la-semana-sin-fallecidos-murio-por-covid-un-hombre-de-67-anos\/#article\",\"isPartOf\":{\"@id\":\"http:\/\/elregionalvm.com.ar\/noticias-villa-maria\/no-pudimos-cerrar-la-semana-sin-fallecidos-murio-por-covid-un-hombre-de-67-anos\/\"},\"author\":{\"name\":\"Contenidos El Regional\",\"@id\":\"http:\/\/elregionalvm.com.ar\/noticias-villa-maria\/#\/schema\/person\/a0fb9c422317faca23d50163151bc354\"},\"headline\":\"No pudimos cerrar la semana sin fallecidos: muri\u00f3 por covid un hombre de 67 a\u00f1os\",\"datePublished\":\"2021-08-27T22:48:57+00:00\",\"dateModified\":\"2021-08-27T22:48:59+00:00\",\"mainEntityOfPage\":{\"@id\":\"http:\/\/elregionalvm.com.ar\/noticias-villa-maria\/no-pudimos-cerrar-la-semana-sin-fallecidos-murio-por-covid-un-hombre-de-67-anos\/\"},\"wordCount\":711,\"commentCount\":0,\"image\":{\"@id\":\"http:\/\/elregionalvm.com.ar\/noticias-villa-maria\/no-pudimos-cerrar-la-semana-sin-fallecidos-murio-por-covid-un-hombre-de-67-anos\/#primaryimage\"},\"thumbnailUrl\":\"https:\/\/i0.wp.com\/elregionalvm.com.ar\/noticias-villa-maria\/wp-content\/uploads\/2021\/06\/coronavirus-34.jpg?fit=760%2C425&ssl=1\",\"keywords\":[\"casos diarios\",\"Coronavirus\",\"destacado\",\"informe semanal\",\"situaci\u00f3n epidemiol\u00f3gica\",\"un fallecido\",\"viernes 27 de agosto de 2021\",\"Villa Mar\u00eda\",\"VILLA NUEVA\"],\"articleSection\":[\"Coronavirus\",\"Villa Mar\u00eda\",\"Villa Nueva\"],\"inLanguage\":\"es\",\"potentialAction\":[{\"@type\":\"CommentAction\",\"name\":\"Comment\",\"target\":[\"http:\/\/elregionalvm.com.ar\/noticias-villa-maria\/no-pudimos-cerrar-la-semana-sin-fallecidos-murio-por-covid-un-hombre-de-67-anos\/#respond\"]}]},{\"@type\":\"WebPage\",\"@id\":\"http:\/\/elregionalvm.com.ar\/noticias-villa-maria\/no-pudimos-cerrar-la-semana-sin-fallecidos-murio-por-covid-un-hombre-de-67-anos\/\",\"url\":\"http:\/\/elregionalvm.com.ar\/noticias-villa-maria\/no-pudimos-cerrar-la-semana-sin-fallecidos-murio-por-covid-un-hombre-de-67-anos\/\",\"name\":\"No pudimos cerrar la semana sin fallecidos: muri\u00f3 por covid un hombre de 67 a\u00f1os - El Regional\",\"isPartOf\":{\"@id\":\"http:\/\/elregionalvm.com.ar\/noticias-villa-maria\/#website\"},\"primaryImageOfPage\":{\"@id\":\"http:\/\/elregionalvm.com.ar\/noticias-villa-maria\/no-pudimos-cerrar-la-semana-sin-fallecidos-murio-por-covid-un-hombre-de-67-anos\/#primaryimage\"},\"image\":{\"@id\":\"http:\/\/elregionalvm.com.ar\/noticias-villa-maria\/no-pudimos-cerrar-la-semana-sin-fallecidos-murio-por-covid-un-hombre-de-67-anos\/#primaryimage\"},\"thumbnailUrl\":\"https:\/\/i0.wp.com\/elregionalvm.com.ar\/noticias-villa-maria\/wp-content\/uploads\/2021\/06\/coronavirus-34.jpg?fit=760%2C425&ssl=1\",\"datePublished\":\"2021-08-27T22:48:57+00:00\",\"dateModified\":\"2021-08-27T22:48:59+00:00\",\"author\":{\"@id\":\"http:\/\/elregionalvm.com.ar\/noticias-villa-maria\/#\/schema\/person\/a0fb9c422317faca23d50163151bc354\"},\"breadcrumb\":{\"@id\":\"http:\/\/elregionalvm.com.ar\/noticias-villa-maria\/no-pudimos-cerrar-la-semana-sin-fallecidos-murio-por-covid-un-hombre-de-67-anos\/#breadcrumb\"},\"inLanguage\":\"es\",\"potentialAction\":[{\"@type\":\"ReadAction\",\"target\":[\"http:\/\/elregionalvm.com.ar\/noticias-villa-maria\/no-pudimos-cerrar-la-semana-sin-fallecidos-murio-por-covid-un-hombre-de-67-anos\/\"]}]},{\"@type\":\"ImageObject\",\"inLanguage\":\"es\",\"@id\":\"http:\/\/elregionalvm.com.ar\/noticias-villa-maria\/no-pudimos-cerrar-la-semana-sin-fallecidos-murio-por-covid-un-hombre-de-67-anos\/#primaryimage\",\"url\":\"https:\/\/i0.wp.com\/elregionalvm.com.ar\/noticias-villa-maria\/wp-content\/uploads\/2021\/06\/coronavirus-34.jpg?fit=760%2C425&ssl=1\",\"contentUrl\":\"https:\/\/i0.wp.com\/elregionalvm.com.ar\/noticias-villa-maria\/wp-content\/uploads\/2021\/06\/coronavirus-34.jpg?fit=760%2C425&ssl=1\",\"width\":760,\"height\":425},{\"@type\":\"BreadcrumbList\",\"@id\":\"http:\/\/elregionalvm.com.ar\/noticias-villa-maria\/no-pudimos-cerrar-la-semana-sin-fallecidos-murio-por-covid-un-hombre-de-67-anos\/#breadcrumb\",\"itemListElement\":[{\"@type\":\"ListItem\",\"position\":1,\"name\":\"Portada\",\"item\":\"https:\/\/elregionalvm.com.ar\/noticias-villa-maria\/\"},{\"@type\":\"ListItem\",\"position\":2,\"name\":\"No pudimos cerrar la semana sin fallecidos: muri\u00f3 por covid un hombre de 67 a\u00f1os\"}]},{\"@type\":\"WebSite\",\"@id\":\"http:\/\/elregionalvm.com.ar\/noticias-villa-maria\/#website\",\"url\":\"http:\/\/elregionalvm.com.ar\/noticias-villa-maria\/\",\"name\":\"El Regional\",\"description\":\"Mucho m\u00e1s que informaci\u00f3n\",\"potentialAction\":[{\"@type\":\"SearchAction\",\"target\":{\"@type\":\"EntryPoint\",\"urlTemplate\":\"http:\/\/elregionalvm.com.ar\/noticias-villa-maria\/?s={search_term_string}\"},\"query-input\":{\"@type\":\"PropertyValueSpecification\",\"valueRequired\":true,\"valueName\":\"search_term_string\"}}],\"inLanguage\":\"es\"},{\"@type\":\"Person\",\"@id\":\"http:\/\/elregionalvm.com.ar\/noticias-villa-maria\/#\/schema\/person\/a0fb9c422317faca23d50163151bc354\",\"name\":\"Contenidos El Regional\",\"image\":{\"@type\":\"ImageObject\",\"inLanguage\":\"es\",\"@id\":\"http:\/\/elregionalvm.com.ar\/noticias-villa-maria\/#\/schema\/person\/image\/\",\"url\":\"https:\/\/secure.gravatar.com\/avatar\/265b27cb2209af7bb3a1318f03305787d7981a5cc6e6cd08fe5a4ecdf99d4b48?s=96&d=mm&r=g\",\"contentUrl\":\"https:\/\/secure.gravatar.com\/avatar\/265b27cb2209af7bb3a1318f03305787d7981a5cc6e6cd08fe5a4ecdf99d4b48?s=96&d=mm&r=g\",\"caption\":\"Contenidos El Regional\"},\"url\":\"https:\/\/elregionalvm.com.ar\/noticias-villa-maria\/author\/contenido\/\"}]}<\/script>\n<!-- \/ Yoast SEO plugin. -->","yoast_head_json":{"title":"No pudimos cerrar la semana sin fallecidos: muri\u00f3 por covid un hombre de 67 a\u00f1os - El Regional","robots":{"index":"index","follow":"follow","max-snippet":"max-snippet:-1","max-image-preview":"max-image-preview:large","max-video-preview":"max-video-preview:-1"},"canonical":"http:\/\/elregionalvm.com.ar\/noticias-villa-maria\/no-pudimos-cerrar-la-semana-sin-fallecidos-murio-por-covid-un-hombre-de-67-anos\/","og_locale":"es_ES","og_type":"article","og_title":"No pudimos cerrar la semana sin fallecidos: muri\u00f3 por covid un hombre de 67 a\u00f1os - El Regional","og_description":"Hasta las 14 horas de este viernes, se registraron 27 nuevos casos de coronavirus y 76 altas m\u00e9dicas definitivas. De esta manera, los casos totales desde el inicio de la pandemia en la ciudad son 19.998, de los cuales 19.349 son personas que lograron recuperarse de la enfermedad. \u2022 El n\u00famero de personas aisladas se [&hellip;]","og_url":"http:\/\/elregionalvm.com.ar\/noticias-villa-maria\/no-pudimos-cerrar-la-semana-sin-fallecidos-murio-por-covid-un-hombre-de-67-anos\/","og_site_name":"El Regional","article_publisher":"https:\/\/www.facebook.com\/elregionalvm","article_published_time":"2021-08-27T22:48:57+00:00","article_modified_time":"2021-08-27T22:48:59+00:00","og_image":[{"width":760,"height":425,"url":"http:\/\/elregionalvm.com.ar\/noticias-villa-maria\/wp-content\/uploads\/2021\/06\/coronavirus-34.jpg","type":"image\/jpeg"}],"author":"Contenidos El Regional","twitter_card":"summary_large_image","twitter_creator":"@elregionalvm1","twitter_site":"@elregionalvm1","twitter_misc":{"Escrito por":"Contenidos El Regional","Tiempo de lectura":"6 minutos"},"schema":{"@context":"https:\/\/schema.org","@graph":[{"@type":"Article","@id":"http:\/\/elregionalvm.com.ar\/noticias-villa-maria\/no-pudimos-cerrar-la-semana-sin-fallecidos-murio-por-covid-un-hombre-de-67-anos\/#article","isPartOf":{"@id":"http:\/\/elregionalvm.com.ar\/noticias-villa-maria\/no-pudimos-cerrar-la-semana-sin-fallecidos-murio-por-covid-un-hombre-de-67-anos\/"},"author":{"name":"Contenidos El Regional","@id":"http:\/\/elregionalvm.com.ar\/noticias-villa-maria\/#\/schema\/person\/a0fb9c422317faca23d50163151bc354"},"headline":"No pudimos cerrar la semana sin fallecidos: muri\u00f3 por covid un hombre de 67 a\u00f1os","datePublished":"2021-08-27T22:48:57+00:00","dateModified":"2021-08-27T22:48:59+00:00","mainEntityOfPage":{"@id":"http:\/\/elregionalvm.com.ar\/noticias-villa-maria\/no-pudimos-cerrar-la-semana-sin-fallecidos-murio-por-covid-un-hombre-de-67-anos\/"},"wordCount":711,"commentCount":0,"image":{"@id":"http:\/\/elregionalvm.com.ar\/noticias-villa-maria\/no-pudimos-cerrar-la-semana-sin-fallecidos-murio-por-covid-un-hombre-de-67-anos\/#primaryimage"},"thumbnailUrl":"https:\/\/i0.wp.com\/elregionalvm.com.ar\/noticias-villa-maria\/wp-content\/uploads\/2021\/06\/coronavirus-34.jpg?fit=760%2C425&ssl=1","keywords":["casos diarios","Coronavirus","destacado","informe semanal","situaci\u00f3n epidemiol\u00f3gica","un fallecido","viernes 27 de agosto de 2021","Villa Mar\u00eda","VILLA NUEVA"],"articleSection":["Coronavirus","Villa Mar\u00eda","Villa Nueva"],"inLanguage":"es","potentialAction":[{"@type":"CommentAction","name":"Comment","target":["http:\/\/elregionalvm.com.ar\/noticias-villa-maria\/no-pudimos-cerrar-la-semana-sin-fallecidos-murio-por-covid-un-hombre-de-67-anos\/#respond"]}]},{"@type":"WebPage","@id":"http:\/\/elregionalvm.com.ar\/noticias-villa-maria\/no-pudimos-cerrar-la-semana-sin-fallecidos-murio-por-covid-un-hombre-de-67-anos\/","url":"http:\/\/elregionalvm.com.ar\/noticias-villa-maria\/no-pudimos-cerrar-la-semana-sin-fallecidos-murio-por-covid-un-hombre-de-67-anos\/","name":"No pudimos cerrar la semana sin fallecidos: muri\u00f3 por covid un hombre de 67 a\u00f1os - El Regional","isPartOf":{"@id":"http:\/\/elregionalvm.com.ar\/noticias-villa-maria\/#website"},"primaryImageOfPage":{"@id":"http:\/\/elregionalvm.com.ar\/noticias-villa-maria\/no-pudimos-cerrar-la-semana-sin-fallecidos-murio-por-covid-un-hombre-de-67-anos\/#primaryimage"},"image":{"@id":"http:\/\/elregionalvm.com.ar\/noticias-villa-maria\/no-pudimos-cerrar-la-semana-sin-fallecidos-murio-por-covid-un-hombre-de-67-anos\/#primaryimage"},"thumbnailUrl":"https:\/\/i0.wp.com\/elregionalvm.com.ar\/noticias-villa-maria\/wp-content\/uploads\/2021\/06\/coronavirus-34.jpg?fit=760%2C425&ssl=1","datePublished":"2021-08-27T22:48:57+00:00","dateModified":"2021-08-27T22:48:59+00:00","author":{"@id":"http:\/\/elregionalvm.com.ar\/noticias-villa-maria\/#\/schema\/person\/a0fb9c422317faca23d50163151bc354"},"breadcrumb":{"@id":"http:\/\/elregionalvm.com.ar\/noticias-villa-maria\/no-pudimos-cerrar-la-semana-sin-fallecidos-murio-por-covid-un-hombre-de-67-anos\/#breadcrumb"},"inLanguage":"es","potentialAction":[{"@type":"ReadAction","target":["http:\/\/elregionalvm.com.ar\/noticias-villa-maria\/no-pudimos-cerrar-la-semana-sin-fallecidos-murio-por-covid-un-hombre-de-67-anos\/"]}]},{"@type":"ImageObject","inLanguage":"es","@id":"http:\/\/elregionalvm.com.ar\/noticias-villa-maria\/no-pudimos-cerrar-la-semana-sin-fallecidos-murio-por-covid-un-hombre-de-67-anos\/#primaryimage","url":"https:\/\/i0.wp.com\/elregionalvm.com.ar\/noticias-villa-maria\/wp-content\/uploads\/2021\/06\/coronavirus-34.jpg?fit=760%2C425&ssl=1","contentUrl":"https:\/\/i0.wp.com\/elregionalvm.com.ar\/noticias-villa-maria\/wp-content\/uploads\/2021\/06\/coronavirus-34.jpg?fit=760%2C425&ssl=1","width":760,"height":425},{"@type":"BreadcrumbList","@id":"http:\/\/elregionalvm.com.ar\/noticias-villa-maria\/no-pudimos-cerrar-la-semana-sin-fallecidos-murio-por-covid-un-hombre-de-67-anos\/#breadcrumb","itemListElement":[{"@type":"ListItem","position":1,"name":"Portada","item":"https:\/\/elregionalvm.com.ar\/noticias-villa-maria\/"},{"@type":"ListItem","position":2,"name":"No pudimos cerrar la semana sin fallecidos: muri\u00f3 por covid un hombre de 67 a\u00f1os"}]},{"@type":"WebSite","@id":"http:\/\/elregionalvm.com.ar\/noticias-villa-maria\/#website","url":"http:\/\/elregionalvm.com.ar\/noticias-villa-maria\/","name":"El Regional","description":"Mucho m\u00e1s que informaci\u00f3n","potentialAction":[{"@type":"SearchAction","target":{"@type":"EntryPoint","urlTemplate":"http:\/\/elregionalvm.com.ar\/noticias-villa-maria\/?s={search_term_string}"},"query-input":{"@type":"PropertyValueSpecification","valueRequired":true,"valueName":"search_term_string"}}],"inLanguage":"es"},{"@type":"Person","@id":"http:\/\/elregionalvm.com.ar\/noticias-villa-maria\/#\/schema\/person\/a0fb9c422317faca23d50163151bc354","name":"Contenidos El Regional","image":{"@type":"ImageObject","inLanguage":"es","@id":"http:\/\/elregionalvm.com.ar\/noticias-villa-maria\/#\/schema\/person\/image\/","url":"https:\/\/secure.gravatar.com\/avatar\/265b27cb2209af7bb3a1318f03305787d7981a5cc6e6cd08fe5a4ecdf99d4b48?s=96&d=mm&r=g","contentUrl":"https:\/\/secure.gravatar.com\/avatar\/265b27cb2209af7bb3a1318f03305787d7981a5cc6e6cd08fe5a4ecdf99d4b48?s=96&d=mm&r=g","caption":"Contenidos El Regional"},"url":"https:\/\/elregionalvm.com.ar\/noticias-villa-maria\/author\/contenido\/"}]}},"jetpack_featured_media_url":"https:\/\/i0.wp.com\/elregionalvm.com.ar\/noticias-villa-maria\/wp-content\/uploads\/2021\/06\/coronavirus-34.jpg?fit=760%2C425&ssl=1","jetpack_sharing_enabled":true,"_links":{"self":[{"href":"https:\/\/elregionalvm.com.ar\/noticias-villa-maria\/wp-json\/wp\/v2\/posts\/43559","targetHints":{"allow":["GET"]}}],"collection":[{"href":"https:\/\/elregionalvm.com.ar\/noticias-villa-maria\/wp-json\/wp\/v2\/posts"}],"about":[{"href":"https:\/\/elregionalvm.com.ar\/noticias-villa-maria\/wp-json\/wp\/v2\/types\/post"}],"author":[{"embeddable":true,"href":"https:\/\/elregionalvm.com.ar\/noticias-villa-maria\/wp-json\/wp\/v2\/users\/4"}],"replies":[{"embeddable":true,"href":"https:\/\/elregionalvm.com.ar\/noticias-villa-maria\/wp-json\/wp\/v2\/comments?post=43559"}],"version-history":[{"count":1,"href":"https:\/\/elregionalvm.com.ar\/noticias-villa-maria\/wp-json\/wp\/v2\/posts\/43559\/revisions"}],"predecessor-version":[{"id":43571,"href":"https:\/\/elregionalvm.com.ar\/noticias-villa-maria\/wp-json\/wp\/v2\/posts\/43559\/revisions\/43571"}],"wp:featuredmedia":[{"embeddable":true,"href":"https:\/\/elregionalvm.com.ar\/noticias-villa-maria\/wp-json\/wp\/v2\/media\/38885"}],"wp:attachment":[{"href":"https:\/\/elregionalvm.com.ar\/noticias-villa-maria\/wp-json\/wp\/v2\/media?parent=43559"}],"wp:term":[{"taxonomy":"category","embeddable":true,"href":"https:\/\/elregionalvm.com.ar\/noticias-villa-maria\/wp-json\/wp\/v2\/categories?post=43559"},{"taxonomy":"post_tag","embeddable":true,"href":"https:\/\/elregionalvm.com.ar\/noticias-villa-maria\/wp-json\/wp\/v2\/tags?post=43559"}],"curies":[{"name":"wp","href":"https:\/\/api.w.org\/{rel}","templated":true}]}}