{"id":43572,"date":"2021-08-27T23:08:53","date_gmt":"2021-08-27T23:08:53","guid":{"rendered":"https:\/\/elregionalvm.com.ar\/noticias-villa-maria\/?p=43572"},"modified":"2021-08-28T15:15:03","modified_gmt":"2021-08-28T15:15:03","slug":"ahora-gran-operativo-de-la-fpa-sobre-calle-mendoza-en-barrio-san-martin","status":"publish","type":"post","link":"https:\/\/elregionalvm.com.ar\/noticias-villa-maria\/ahora-gran-operativo-de-la-fpa-sobre-calle-mendoza-en-barrio-san-martin\/","title":{"rendered":"[AHORA] &#8211; Gran operativo de la FPA sobre calle Mendoza, en Barrio San Mart\u00edn"},"content":{"rendered":"\n<p>Minutos antes de la hora 20.00, en calle Mendoza al 2700, entre Brandsen y Gorriti aproximadamente, la Fuerza Policial Antinarcotr\u00e1fico inici\u00f3 un importante operativo en pleno Barrio San Mart\u00edn. <\/p>\n\n\n\n<p>Adem\u00e1s de la presencia de los efectivos que act\u00faan en el operativo, se pudo observar la presencia de una ambulancia en el lugar. El corte de la polic\u00eda se observa ya mismo en Mendoza y Brandsen. <\/p>\n\n\n\n<figure class=\"wp-block-gallery columns-2 is-cropped wp-block-gallery-1 is-layout-flex wp-block-gallery-is-layout-flex\"><ul class=\"blocks-gallery-grid\"><li class=\"blocks-gallery-item\"><figure><img data-recalc-dims=\"1\" fetchpriority=\"high\" decoding=\"async\" width=\"1024\" height=\"576\" src=\"https:\/\/i0.wp.com\/elregionalvm.com.ar\/noticias-villa-maria\/wp-content\/uploads\/2021\/08\/WhatsApp-Image-2021-08-27-at-20.16.12-1.jpeg?resize=1024%2C576&#038;ssl=1\" alt=\"\" data-id=\"43577\" data-link=\"https:\/\/elregionalvm.com.ar\/noticias-villa-maria\/ahora-gran-operativo-de-la-fpa-sobre-calle-mendoza-en-barrio-san-martin\/whatsapp-image-2021-08-27-at-20-16-12-1\/\" class=\"wp-image-43577\" srcset=\"https:\/\/i0.wp.com\/elregionalvm.com.ar\/noticias-villa-maria\/wp-content\/uploads\/2021\/08\/WhatsApp-Image-2021-08-27-at-20.16.12-1.jpeg?resize=1024%2C576&amp;ssl=1 1024w, https:\/\/i0.wp.com\/elregionalvm.com.ar\/noticias-villa-maria\/wp-content\/uploads\/2021\/08\/WhatsApp-Image-2021-08-27-at-20.16.12-1.jpeg?resize=300%2C169&amp;ssl=1 300w, https:\/\/i0.wp.com\/elregionalvm.com.ar\/noticias-villa-maria\/wp-content\/uploads\/2021\/08\/WhatsApp-Image-2021-08-27-at-20.16.12-1.jpeg?resize=768%2C432&amp;ssl=1 768w, https:\/\/i0.wp.com\/elregionalvm.com.ar\/noticias-villa-maria\/wp-content\/uploads\/2021\/08\/WhatsApp-Image-2021-08-27-at-20.16.12-1.jpeg?w=1280&amp;ssl=1 1280w\" sizes=\"(max-width: 1000px) 100vw, 1000px\" \/><\/figure><\/li><li class=\"blocks-gallery-item\"><figure><img data-recalc-dims=\"1\" decoding=\"async\" width=\"1024\" height=\"576\" src=\"https:\/\/i0.wp.com\/elregionalvm.com.ar\/noticias-villa-maria\/wp-content\/uploads\/2021\/08\/WhatsApp-Image-2021-08-27-at-20.16.12-2.jpeg?resize=1024%2C576&#038;ssl=1\" alt=\"\" data-id=\"43578\" data-full-url=\"https:\/\/elregionalvm.com.ar\/noticias-villa-maria\/wp-content\/uploads\/2021\/08\/WhatsApp-Image-2021-08-27-at-20.16.12-2.jpeg\" data-link=\"https:\/\/elregionalvm.com.ar\/noticias-villa-maria\/ahora-gran-operativo-de-la-fpa-sobre-calle-mendoza-en-barrio-san-martin\/whatsapp-image-2021-08-27-at-20-16-12-2\/\" class=\"wp-image-43578\" srcset=\"https:\/\/i0.wp.com\/elregionalvm.com.ar\/noticias-villa-maria\/wp-content\/uploads\/2021\/08\/WhatsApp-Image-2021-08-27-at-20.16.12-2.jpeg?resize=1024%2C576&amp;ssl=1 1024w, https:\/\/i0.wp.com\/elregionalvm.com.ar\/noticias-villa-maria\/wp-content\/uploads\/2021\/08\/WhatsApp-Image-2021-08-27-at-20.16.12-2.jpeg?resize=300%2C169&amp;ssl=1 300w, https:\/\/i0.wp.com\/elregionalvm.com.ar\/noticias-villa-maria\/wp-content\/uploads\/2021\/08\/WhatsApp-Image-2021-08-27-at-20.16.12-2.jpeg?resize=768%2C432&amp;ssl=1 768w, https:\/\/i0.wp.com\/elregionalvm.com.ar\/noticias-villa-maria\/wp-content\/uploads\/2021\/08\/WhatsApp-Image-2021-08-27-at-20.16.12-2.jpeg?w=1280&amp;ssl=1 1280w\" sizes=\"(max-width: 1000px) 100vw, 1000px\" \/><\/figure><\/li><\/ul><\/figure>\n\n\n\n<figure class=\"wp-block-video\"><video controls src=\"https:\/\/elregionalvm.com.ar\/noticias-villa-maria\/wp-content\/uploads\/2021\/08\/WhatsApp-Video-2021-08-27-at-20.13.02.mp4\"><\/video><\/figure>\n","protected":false},"excerpt":{"rendered":"<p>Minutos antes de la hora 20.00, en calle Mendoza al 2700, entre Brandsen y Gorriti aproximadamente, la Fuerza Policial Antinarcotr\u00e1fico inici\u00f3 un importante operativo en pleno Barrio San Mart\u00edn. Adem\u00e1s de la presencia de los efectivos que act\u00faan en el operativo, se pudo observar la presencia de una ambulancia en el lugar. El corte de [&hellip;]<\/p>\n","protected":false},"author":4,"featured_media":43576,"comment_status":"open","ping_status":"open","sticky":false,"template":"","format":"standard","meta":{"site-sidebar-layout":"default","site-content-layout":"default","ast-site-content-layout":"default","site-content-style":"default","site-sidebar-style":"default","ast-global-header-display":"","ast-banner-title-visibility":"","ast-main-header-display":"","ast-hfb-above-header-display":"","ast-hfb-below-header-display":"","ast-hfb-mobile-header-display":"","site-post-title":"","ast-breadcrumbs-content":"","ast-featured-img":"","footer-sml-layout":"","ast-disable-related-posts":"","theme-transparent-header-meta":"default","adv-header-id-meta":"","stick-header-meta":"","header-above-stick-meta":"","header-main-stick-meta":"","header-below-stick-meta":"","astra-migrate-meta-layouts":"default","ast-page-background-enabled":"default","ast-page-background-meta":{"desktop":{"background-color":"","background-image":"","background-repeat":"repeat","background-position":"center center","background-size":"auto","background-attachment":"scroll","background-type":"","background-media":"","overlay-type":"","overlay-color":"","overlay-opacity":"","overlay-gradient":""},"tablet":{"background-color":"","background-image":"","background-repeat":"repeat","background-position":"center center","background-size":"auto","background-attachment":"scroll","background-type":"","background-media":"","overlay-type":"","overlay-color":"","overlay-opacity":"","overlay-gradient":""},"mobile":{"background-color":"","background-image":"","background-repeat":"repeat","background-position":"center center","background-size":"auto","background-attachment":"scroll","background-type":"","background-media":"","overlay-type":"","overlay-color":"","overlay-opacity":"","overlay-gradient":""}},"ast-content-background-meta":{"desktop":{"background-color":"var(--ast-global-color-5)","background-image":"","background-repeat":"repeat","background-position":"center center","background-size":"auto","background-attachment":"scroll","background-type":"","background-media":"","overlay-type":"","overlay-color":"","overlay-opacity":"","overlay-gradient":""},"tablet":{"background-color":"var(--ast-global-color-5)","background-image":"","background-repeat":"repeat","background-position":"center center","background-size":"auto","background-attachment":"scroll","background-type":"","background-media":"","overlay-type":"","overlay-color":"","overlay-opacity":"","overlay-gradient":""},"mobile":{"background-color":"var(--ast-global-color-5)","background-image":"","background-repeat":"repeat","background-position":"center center","background-size":"auto","background-attachment":"scroll","background-type":"","background-media":"","overlay-type":"","overlay-color":"","overlay-opacity":"","overlay-gradient":""}},"_jetpack_memberships_contains_paid_content":false,"_joinchat":[],"footnotes":""},"categories":[1],"tags":[5417,147,10833],"class_list":["post-43572","post","type-post","status-publish","format-standard","has-post-thumbnail","hentry","category-sin-categoria","tag-adelanto","tag-ambulancia","tag-operativo-fpa"],"yoast_head":"<!-- This site is optimized with the Yoast SEO plugin v26.8 - https:\/\/yoast.com\/product\/yoast-seo-wordpress\/ -->\n<title>[AHORA] - Gran operativo de la FPA sobre calle Mendoza, en Barrio San Mart\u00edn - El Regional<\/title>\n<meta name=\"robots\" content=\"index, follow, max-snippet:-1, max-image-preview:large, max-video-preview:-1\" \/>\n<link rel=\"canonical\" href=\"http:\/\/elregionalvm.com.ar\/noticias-villa-maria\/ahora-gran-operativo-de-la-fpa-sobre-calle-mendoza-en-barrio-san-martin\/\" \/>\n<meta property=\"og:locale\" content=\"es_ES\" \/>\n<meta property=\"og:type\" content=\"article\" \/>\n<meta property=\"og:title\" content=\"[AHORA] - Gran operativo de la FPA sobre calle Mendoza, en Barrio San Mart\u00edn - El Regional\" \/>\n<meta property=\"og:description\" content=\"Minutos antes de la hora 20.00, en calle Mendoza al 2700, entre Brandsen y Gorriti aproximadamente, la Fuerza Policial Antinarcotr\u00e1fico inici\u00f3 un importante operativo en pleno Barrio San Mart\u00edn. Adem\u00e1s de la presencia de los efectivos que act\u00faan en el operativo, se pudo observar la presencia de una ambulancia en el lugar. El corte de [&hellip;]\" \/>\n<meta property=\"og:url\" content=\"http:\/\/elregionalvm.com.ar\/noticias-villa-maria\/ahora-gran-operativo-de-la-fpa-sobre-calle-mendoza-en-barrio-san-martin\/\" \/>\n<meta property=\"og:site_name\" content=\"El Regional\" \/>\n<meta property=\"article:publisher\" content=\"https:\/\/www.facebook.com\/elregionalvm\" \/>\n<meta property=\"article:published_time\" content=\"2021-08-27T23:08:53+00:00\" \/>\n<meta property=\"article:modified_time\" content=\"2021-08-28T15:15:03+00:00\" \/>\n<meta property=\"og:image\" content=\"http:\/\/elregionalvm.com.ar\/noticias-villa-maria\/wp-content\/uploads\/2021\/08\/WhatsApp-Image-2021-08-27-at-20.16.12.jpeg\" \/>\n\t<meta property=\"og:image:width\" content=\"1280\" \/>\n\t<meta property=\"og:image:height\" content=\"720\" \/>\n\t<meta property=\"og:image:type\" content=\"image\/jpeg\" \/>\n<meta name=\"author\" content=\"Contenidos El Regional\" \/>\n<meta name=\"twitter:card\" content=\"summary_large_image\" \/>\n<meta name=\"twitter:creator\" content=\"@elregionalvm1\" \/>\n<meta name=\"twitter:site\" content=\"@elregionalvm1\" \/>\n<meta name=\"twitter:label1\" content=\"Escrito por\" \/>\n\t<meta name=\"twitter:data1\" content=\"Contenidos El Regional\" \/>\n\t<meta name=\"twitter:label2\" content=\"Tiempo de lectura\" \/>\n\t<meta name=\"twitter:data2\" content=\"1 minuto\" \/>\n<script type=\"application\/ld+json\" class=\"yoast-schema-graph\">{\"@context\":\"https:\/\/schema.org\",\"@graph\":[{\"@type\":\"Article\",\"@id\":\"http:\/\/elregionalvm.com.ar\/noticias-villa-maria\/ahora-gran-operativo-de-la-fpa-sobre-calle-mendoza-en-barrio-san-martin\/#article\",\"isPartOf\":{\"@id\":\"http:\/\/elregionalvm.com.ar\/noticias-villa-maria\/ahora-gran-operativo-de-la-fpa-sobre-calle-mendoza-en-barrio-san-martin\/\"},\"author\":{\"name\":\"Contenidos El Regional\",\"@id\":\"http:\/\/elregionalvm.com.ar\/noticias-villa-maria\/#\/schema\/person\/a0fb9c422317faca23d50163151bc354\"},\"headline\":\"[AHORA] &#8211; Gran operativo de la FPA sobre calle Mendoza, en Barrio San Mart\u00edn\",\"datePublished\":\"2021-08-27T23:08:53+00:00\",\"dateModified\":\"2021-08-28T15:15:03+00:00\",\"mainEntityOfPage\":{\"@id\":\"http:\/\/elregionalvm.com.ar\/noticias-villa-maria\/ahora-gran-operativo-de-la-fpa-sobre-calle-mendoza-en-barrio-san-martin\/\"},\"wordCount\":83,\"commentCount\":0,\"image\":{\"@id\":\"http:\/\/elregionalvm.com.ar\/noticias-villa-maria\/ahora-gran-operativo-de-la-fpa-sobre-calle-mendoza-en-barrio-san-martin\/#primaryimage\"},\"thumbnailUrl\":\"https:\/\/i0.wp.com\/elregionalvm.com.ar\/noticias-villa-maria\/wp-content\/uploads\/2021\/08\/WhatsApp-Image-2021-08-27-at-20.16.12.jpeg?fit=1280%2C720&ssl=1\",\"keywords\":[\"adelanto\",\"ambulancia\",\"operativo FPA\"],\"inLanguage\":\"es\",\"potentialAction\":[{\"@type\":\"CommentAction\",\"name\":\"Comment\",\"target\":[\"http:\/\/elregionalvm.com.ar\/noticias-villa-maria\/ahora-gran-operativo-de-la-fpa-sobre-calle-mendoza-en-barrio-san-martin\/#respond\"]}]},{\"@type\":\"WebPage\",\"@id\":\"http:\/\/elregionalvm.com.ar\/noticias-villa-maria\/ahora-gran-operativo-de-la-fpa-sobre-calle-mendoza-en-barrio-san-martin\/\",\"url\":\"http:\/\/elregionalvm.com.ar\/noticias-villa-maria\/ahora-gran-operativo-de-la-fpa-sobre-calle-mendoza-en-barrio-san-martin\/\",\"name\":\"[AHORA] - Gran operativo de la FPA sobre calle Mendoza, en Barrio San Mart\u00edn - El Regional\",\"isPartOf\":{\"@id\":\"http:\/\/elregionalvm.com.ar\/noticias-villa-maria\/#website\"},\"primaryImageOfPage\":{\"@id\":\"http:\/\/elregionalvm.com.ar\/noticias-villa-maria\/ahora-gran-operativo-de-la-fpa-sobre-calle-mendoza-en-barrio-san-martin\/#primaryimage\"},\"image\":{\"@id\":\"http:\/\/elregionalvm.com.ar\/noticias-villa-maria\/ahora-gran-operativo-de-la-fpa-sobre-calle-mendoza-en-barrio-san-martin\/#primaryimage\"},\"thumbnailUrl\":\"https:\/\/i0.wp.com\/elregionalvm.com.ar\/noticias-villa-maria\/wp-content\/uploads\/2021\/08\/WhatsApp-Image-2021-08-27-at-20.16.12.jpeg?fit=1280%2C720&ssl=1\",\"datePublished\":\"2021-08-27T23:08:53+00:00\",\"dateModified\":\"2021-08-28T15:15:03+00:00\",\"author\":{\"@id\":\"http:\/\/elregionalvm.com.ar\/noticias-villa-maria\/#\/schema\/person\/a0fb9c422317faca23d50163151bc354\"},\"breadcrumb\":{\"@id\":\"http:\/\/elregionalvm.com.ar\/noticias-villa-maria\/ahora-gran-operativo-de-la-fpa-sobre-calle-mendoza-en-barrio-san-martin\/#breadcrumb\"},\"inLanguage\":\"es\",\"potentialAction\":[{\"@type\":\"ReadAction\",\"target\":[\"http:\/\/elregionalvm.com.ar\/noticias-villa-maria\/ahora-gran-operativo-de-la-fpa-sobre-calle-mendoza-en-barrio-san-martin\/\"]}]},{\"@type\":\"ImageObject\",\"inLanguage\":\"es\",\"@id\":\"http:\/\/elregionalvm.com.ar\/noticias-villa-maria\/ahora-gran-operativo-de-la-fpa-sobre-calle-mendoza-en-barrio-san-martin\/#primaryimage\",\"url\":\"https:\/\/i0.wp.com\/elregionalvm.com.ar\/noticias-villa-maria\/wp-content\/uploads\/2021\/08\/WhatsApp-Image-2021-08-27-at-20.16.12.jpeg?fit=1280%2C720&ssl=1\",\"contentUrl\":\"https:\/\/i0.wp.com\/elregionalvm.com.ar\/noticias-villa-maria\/wp-content\/uploads\/2021\/08\/WhatsApp-Image-2021-08-27-at-20.16.12.jpeg?fit=1280%2C720&ssl=1\",\"width\":1280,\"height\":720},{\"@type\":\"BreadcrumbList\",\"@id\":\"http:\/\/elregionalvm.com.ar\/noticias-villa-maria\/ahora-gran-operativo-de-la-fpa-sobre-calle-mendoza-en-barrio-san-martin\/#breadcrumb\",\"itemListElement\":[{\"@type\":\"ListItem\",\"position\":1,\"name\":\"Portada\",\"item\":\"https:\/\/elregionalvm.com.ar\/noticias-villa-maria\/\"},{\"@type\":\"ListItem\",\"position\":2,\"name\":\"[AHORA] &#8211; Gran operativo de la FPA sobre calle Mendoza, en Barrio San Mart\u00edn\"}]},{\"@type\":\"WebSite\",\"@id\":\"http:\/\/elregionalvm.com.ar\/noticias-villa-maria\/#website\",\"url\":\"http:\/\/elregionalvm.com.ar\/noticias-villa-maria\/\",\"name\":\"El Regional\",\"description\":\"Mucho m\u00e1s que informaci\u00f3n\",\"potentialAction\":[{\"@type\":\"SearchAction\",\"target\":{\"@type\":\"EntryPoint\",\"urlTemplate\":\"http:\/\/elregionalvm.com.ar\/noticias-villa-maria\/?s={search_term_string}\"},\"query-input\":{\"@type\":\"PropertyValueSpecification\",\"valueRequired\":true,\"valueName\":\"search_term_string\"}}],\"inLanguage\":\"es\"},{\"@type\":\"Person\",\"@id\":\"http:\/\/elregionalvm.com.ar\/noticias-villa-maria\/#\/schema\/person\/a0fb9c422317faca23d50163151bc354\",\"name\":\"Contenidos El Regional\",\"image\":{\"@type\":\"ImageObject\",\"inLanguage\":\"es\",\"@id\":\"http:\/\/elregionalvm.com.ar\/noticias-villa-maria\/#\/schema\/person\/image\/\",\"url\":\"https:\/\/secure.gravatar.com\/avatar\/265b27cb2209af7bb3a1318f03305787d7981a5cc6e6cd08fe5a4ecdf99d4b48?s=96&d=mm&r=g\",\"contentUrl\":\"https:\/\/secure.gravatar.com\/avatar\/265b27cb2209af7bb3a1318f03305787d7981a5cc6e6cd08fe5a4ecdf99d4b48?s=96&d=mm&r=g\",\"caption\":\"Contenidos El Regional\"},\"url\":\"https:\/\/elregionalvm.com.ar\/noticias-villa-maria\/author\/contenido\/\"}]}<\/script>\n<!-- \/ Yoast SEO plugin. -->","yoast_head_json":{"title":"[AHORA] - Gran operativo de la FPA sobre calle Mendoza, en Barrio San Mart\u00edn - El Regional","robots":{"index":"index","follow":"follow","max-snippet":"max-snippet:-1","max-image-preview":"max-image-preview:large","max-video-preview":"max-video-preview:-1"},"canonical":"http:\/\/elregionalvm.com.ar\/noticias-villa-maria\/ahora-gran-operativo-de-la-fpa-sobre-calle-mendoza-en-barrio-san-martin\/","og_locale":"es_ES","og_type":"article","og_title":"[AHORA] - Gran operativo de la FPA sobre calle Mendoza, en Barrio San Mart\u00edn - El Regional","og_description":"Minutos antes de la hora 20.00, en calle Mendoza al 2700, entre Brandsen y Gorriti aproximadamente, la Fuerza Policial Antinarcotr\u00e1fico inici\u00f3 un importante operativo en pleno Barrio San Mart\u00edn. Adem\u00e1s de la presencia de los efectivos que act\u00faan en el operativo, se pudo observar la presencia de una ambulancia en el lugar. El corte de [&hellip;]","og_url":"http:\/\/elregionalvm.com.ar\/noticias-villa-maria\/ahora-gran-operativo-de-la-fpa-sobre-calle-mendoza-en-barrio-san-martin\/","og_site_name":"El Regional","article_publisher":"https:\/\/www.facebook.com\/elregionalvm","article_published_time":"2021-08-27T23:08:53+00:00","article_modified_time":"2021-08-28T15:15:03+00:00","og_image":[{"width":1280,"height":720,"url":"http:\/\/elregionalvm.com.ar\/noticias-villa-maria\/wp-content\/uploads\/2021\/08\/WhatsApp-Image-2021-08-27-at-20.16.12.jpeg","type":"image\/jpeg"}],"author":"Contenidos El Regional","twitter_card":"summary_large_image","twitter_creator":"@elregionalvm1","twitter_site":"@elregionalvm1","twitter_misc":{"Escrito por":"Contenidos El Regional","Tiempo de lectura":"1 minuto"},"schema":{"@context":"https:\/\/schema.org","@graph":[{"@type":"Article","@id":"http:\/\/elregionalvm.com.ar\/noticias-villa-maria\/ahora-gran-operativo-de-la-fpa-sobre-calle-mendoza-en-barrio-san-martin\/#article","isPartOf":{"@id":"http:\/\/elregionalvm.com.ar\/noticias-villa-maria\/ahora-gran-operativo-de-la-fpa-sobre-calle-mendoza-en-barrio-san-martin\/"},"author":{"name":"Contenidos El Regional","@id":"http:\/\/elregionalvm.com.ar\/noticias-villa-maria\/#\/schema\/person\/a0fb9c422317faca23d50163151bc354"},"headline":"[AHORA] &#8211; Gran operativo de la FPA sobre calle Mendoza, en Barrio San Mart\u00edn","datePublished":"2021-08-27T23:08:53+00:00","dateModified":"2021-08-28T15:15:03+00:00","mainEntityOfPage":{"@id":"http:\/\/elregionalvm.com.ar\/noticias-villa-maria\/ahora-gran-operativo-de-la-fpa-sobre-calle-mendoza-en-barrio-san-martin\/"},"wordCount":83,"commentCount":0,"image":{"@id":"http:\/\/elregionalvm.com.ar\/noticias-villa-maria\/ahora-gran-operativo-de-la-fpa-sobre-calle-mendoza-en-barrio-san-martin\/#primaryimage"},"thumbnailUrl":"https:\/\/i0.wp.com\/elregionalvm.com.ar\/noticias-villa-maria\/wp-content\/uploads\/2021\/08\/WhatsApp-Image-2021-08-27-at-20.16.12.jpeg?fit=1280%2C720&ssl=1","keywords":["adelanto","ambulancia","operativo FPA"],"inLanguage":"es","potentialAction":[{"@type":"CommentAction","name":"Comment","target":["http:\/\/elregionalvm.com.ar\/noticias-villa-maria\/ahora-gran-operativo-de-la-fpa-sobre-calle-mendoza-en-barrio-san-martin\/#respond"]}]},{"@type":"WebPage","@id":"http:\/\/elregionalvm.com.ar\/noticias-villa-maria\/ahora-gran-operativo-de-la-fpa-sobre-calle-mendoza-en-barrio-san-martin\/","url":"http:\/\/elregionalvm.com.ar\/noticias-villa-maria\/ahora-gran-operativo-de-la-fpa-sobre-calle-mendoza-en-barrio-san-martin\/","name":"[AHORA] - Gran operativo de la FPA sobre calle Mendoza, en Barrio San Mart\u00edn - El Regional","isPartOf":{"@id":"http:\/\/elregionalvm.com.ar\/noticias-villa-maria\/#website"},"primaryImageOfPage":{"@id":"http:\/\/elregionalvm.com.ar\/noticias-villa-maria\/ahora-gran-operativo-de-la-fpa-sobre-calle-mendoza-en-barrio-san-martin\/#primaryimage"},"image":{"@id":"http:\/\/elregionalvm.com.ar\/noticias-villa-maria\/ahora-gran-operativo-de-la-fpa-sobre-calle-mendoza-en-barrio-san-martin\/#primaryimage"},"thumbnailUrl":"https:\/\/i0.wp.com\/elregionalvm.com.ar\/noticias-villa-maria\/wp-content\/uploads\/2021\/08\/WhatsApp-Image-2021-08-27-at-20.16.12.jpeg?fit=1280%2C720&ssl=1","datePublished":"2021-08-27T23:08:53+00:00","dateModified":"2021-08-28T15:15:03+00:00","author":{"@id":"http:\/\/elregionalvm.com.ar\/noticias-villa-maria\/#\/schema\/person\/a0fb9c422317faca23d50163151bc354"},"breadcrumb":{"@id":"http:\/\/elregionalvm.com.ar\/noticias-villa-maria\/ahora-gran-operativo-de-la-fpa-sobre-calle-mendoza-en-barrio-san-martin\/#breadcrumb"},"inLanguage":"es","potentialAction":[{"@type":"ReadAction","target":["http:\/\/elregionalvm.com.ar\/noticias-villa-maria\/ahora-gran-operativo-de-la-fpa-sobre-calle-mendoza-en-barrio-san-martin\/"]}]},{"@type":"ImageObject","inLanguage":"es","@id":"http:\/\/elregionalvm.com.ar\/noticias-villa-maria\/ahora-gran-operativo-de-la-fpa-sobre-calle-mendoza-en-barrio-san-martin\/#primaryimage","url":"https:\/\/i0.wp.com\/elregionalvm.com.ar\/noticias-villa-maria\/wp-content\/uploads\/2021\/08\/WhatsApp-Image-2021-08-27-at-20.16.12.jpeg?fit=1280%2C720&ssl=1","contentUrl":"https:\/\/i0.wp.com\/elregionalvm.com.ar\/noticias-villa-maria\/wp-content\/uploads\/2021\/08\/WhatsApp-Image-2021-08-27-at-20.16.12.jpeg?fit=1280%2C720&ssl=1","width":1280,"height":720},{"@type":"BreadcrumbList","@id":"http:\/\/elregionalvm.com.ar\/noticias-villa-maria\/ahora-gran-operativo-de-la-fpa-sobre-calle-mendoza-en-barrio-san-martin\/#breadcrumb","itemListElement":[{"@type":"ListItem","position":1,"name":"Portada","item":"https:\/\/elregionalvm.com.ar\/noticias-villa-maria\/"},{"@type":"ListItem","position":2,"name":"[AHORA] &#8211; Gran operativo de la FPA sobre calle Mendoza, en Barrio San Mart\u00edn"}]},{"@type":"WebSite","@id":"http:\/\/elregionalvm.com.ar\/noticias-villa-maria\/#website","url":"http:\/\/elregionalvm.com.ar\/noticias-villa-maria\/","name":"El Regional","description":"Mucho m\u00e1s que informaci\u00f3n","potentialAction":[{"@type":"SearchAction","target":{"@type":"EntryPoint","urlTemplate":"http:\/\/elregionalvm.com.ar\/noticias-villa-maria\/?s={search_term_string}"},"query-input":{"@type":"PropertyValueSpecification","valueRequired":true,"valueName":"search_term_string"}}],"inLanguage":"es"},{"@type":"Person","@id":"http:\/\/elregionalvm.com.ar\/noticias-villa-maria\/#\/schema\/person\/a0fb9c422317faca23d50163151bc354","name":"Contenidos El Regional","image":{"@type":"ImageObject","inLanguage":"es","@id":"http:\/\/elregionalvm.com.ar\/noticias-villa-maria\/#\/schema\/person\/image\/","url":"https:\/\/secure.gravatar.com\/avatar\/265b27cb2209af7bb3a1318f03305787d7981a5cc6e6cd08fe5a4ecdf99d4b48?s=96&d=mm&r=g","contentUrl":"https:\/\/secure.gravatar.com\/avatar\/265b27cb2209af7bb3a1318f03305787d7981a5cc6e6cd08fe5a4ecdf99d4b48?s=96&d=mm&r=g","caption":"Contenidos El Regional"},"url":"https:\/\/elregionalvm.com.ar\/noticias-villa-maria\/author\/contenido\/"}]}},"jetpack_featured_media_url":"https:\/\/i0.wp.com\/elregionalvm.com.ar\/noticias-villa-maria\/wp-content\/uploads\/2021\/08\/WhatsApp-Image-2021-08-27-at-20.16.12.jpeg?fit=1280%2C720&ssl=1","jetpack_sharing_enabled":true,"_links":{"self":[{"href":"https:\/\/elregionalvm.com.ar\/noticias-villa-maria\/wp-json\/wp\/v2\/posts\/43572","targetHints":{"allow":["GET"]}}],"collection":[{"href":"https:\/\/elregionalvm.com.ar\/noticias-villa-maria\/wp-json\/wp\/v2\/posts"}],"about":[{"href":"https:\/\/elregionalvm.com.ar\/noticias-villa-maria\/wp-json\/wp\/v2\/types\/post"}],"author":[{"embeddable":true,"href":"https:\/\/elregionalvm.com.ar\/noticias-villa-maria\/wp-json\/wp\/v2\/users\/4"}],"replies":[{"embeddable":true,"href":"https:\/\/elregionalvm.com.ar\/noticias-villa-maria\/wp-json\/wp\/v2\/comments?post=43572"}],"version-history":[{"count":3,"href":"https:\/\/elregionalvm.com.ar\/noticias-villa-maria\/wp-json\/wp\/v2\/posts\/43572\/revisions"}],"predecessor-version":[{"id":43581,"href":"https:\/\/elregionalvm.com.ar\/noticias-villa-maria\/wp-json\/wp\/v2\/posts\/43572\/revisions\/43581"}],"wp:featuredmedia":[{"embeddable":true,"href":"https:\/\/elregionalvm.com.ar\/noticias-villa-maria\/wp-json\/wp\/v2\/media\/43576"}],"wp:attachment":[{"href":"https:\/\/elregionalvm.com.ar\/noticias-villa-maria\/wp-json\/wp\/v2\/media?parent=43572"}],"wp:term":[{"taxonomy":"category","embeddable":true,"href":"https:\/\/elregionalvm.com.ar\/noticias-villa-maria\/wp-json\/wp\/v2\/categories?post=43572"},{"taxonomy":"post_tag","embeddable":true,"href":"https:\/\/elregionalvm.com.ar\/noticias-villa-maria\/wp-json\/wp\/v2\/tags?post=43572"}],"curies":[{"name":"wp","href":"https:\/\/api.w.org\/{rel}","templated":true}]}}