{"id":43711,"date":"2021-08-31T02:18:36","date_gmt":"2021-08-31T02:18:36","guid":{"rendered":"https:\/\/elregionalvm.com.ar\/noticias-villa-maria\/?p=43711"},"modified":"2021-09-01T19:06:16","modified_gmt":"2021-09-01T19:06:16","slug":"conociendo-candidatos-griselda-baldata-es-necesario-cerrar-la-grieta","status":"publish","type":"post","link":"https:\/\/elregionalvm.com.ar\/noticias-villa-maria\/conociendo-candidatos-griselda-baldata-es-necesario-cerrar-la-grieta\/","title":{"rendered":"[Conociendo candidatos] Griselda Baldata: \u201cEs necesario cerrar la grieta\u201d"},"content":{"rendered":"\n<p><\/p>\n\n\n\n<p><strong>Escribe: Julio C\u00e9sar Nieto<\/strong><\/p>\n\n\n\n<p><\/p>\n\n\n\n<p>Griselda Baldata es una dirigente de fuste en la provincia. Apasionada por la docencia, hoy jubilada, integra una de las cuatro listas de Cambiemos en v\u00edspera de las PASO del pr\u00f3ximo 12 de septiembre.<\/p>\n\n\n\n<p>En su trayectoria, adem\u00e1s de a\u00f1os de aula, se encuentra un periodo de concejal en la ciudad de R\u00edo Cuarto y dos mandatos como senadora provincial. Pero su trascendencia a nivel pa\u00eds fue en 2007 cuando fue electa diputada nacional por la Coalici\u00f3n C\u00edvica-Ari, espacio liderado por Elisa Lilita Carri\u00f3, en el periodo 2007-2011.<\/p>\n\n\n\n<p>Baldata se define como una candidata progresista dentro de Juntos por el Cambio. En su lista, la acompa\u00f1a Dante Rossi, dirigente de la UCR bajo la lista 503 \u201cDemocracia Social\u201d, quienes se identifican con la figura e ideas del ex presidente Ra\u00fal Alfons\u00edn.<\/p>\n\n\n\n<p><\/p>\n\n\n\n<figure class=\"wp-block-image size-large\"><img data-recalc-dims=\"1\" fetchpriority=\"high\" decoding=\"async\" width=\"1024\" height=\"683\" src=\"https:\/\/i0.wp.com\/elregionalvm.com.ar\/noticias-villa-maria\/wp-content\/uploads\/2021\/08\/WhatsApp-Image-2021-08-29-at-9.52.51-PM-1.jpeg?resize=1024%2C683&#038;ssl=1\" alt=\"\" class=\"wp-image-43716\" srcset=\"https:\/\/i0.wp.com\/elregionalvm.com.ar\/noticias-villa-maria\/wp-content\/uploads\/2021\/08\/WhatsApp-Image-2021-08-29-at-9.52.51-PM-1.jpeg?resize=1024%2C683&amp;ssl=1 1024w, https:\/\/i0.wp.com\/elregionalvm.com.ar\/noticias-villa-maria\/wp-content\/uploads\/2021\/08\/WhatsApp-Image-2021-08-29-at-9.52.51-PM-1.jpeg?resize=300%2C200&amp;ssl=1 300w, https:\/\/i0.wp.com\/elregionalvm.com.ar\/noticias-villa-maria\/wp-content\/uploads\/2021\/08\/WhatsApp-Image-2021-08-29-at-9.52.51-PM-1.jpeg?resize=768%2C512&amp;ssl=1 768w, https:\/\/i0.wp.com\/elregionalvm.com.ar\/noticias-villa-maria\/wp-content\/uploads\/2021\/08\/WhatsApp-Image-2021-08-29-at-9.52.51-PM-1.jpeg?w=1280&amp;ssl=1 1280w\" sizes=\"(max-width: 1000px) 100vw, 1000px\" \/><figcaption><em>Baldata junto con Dante Rosi en el espacio que comparten para dar batalla en la interna de Juntos por el Cambio. <\/em><\/figcaption><\/figure>\n\n\n\n<p><\/p>\n\n\n\n<p><strong>Preocupaci\u00f3n por la grieta<\/strong><\/p>\n\n\n\n<p>En di\u00e1logo con <strong><a href=\"http:\/\/www.elregionalvm.com.ar\">EL REGIONAL<\/a><\/strong>, la precandidata a senadora nacional, mencion\u00f3 su preocupaci\u00f3n por la grieta, la cual ve presente y casi como un \u201ccaballito\u201d de batalla de ambos bandos (PJ y Juntos por el Cambio).<\/p>\n\n\n\n<p>\u201cLos j\u00f3venes tienen much\u00edsimas desesperanzas y miran a Ezeiza como su horizonte m\u00e1s cercano\u201d.<\/p>\n\n\n\n<p><\/p>\n\n\n\n<figure class=\"wp-block-audio\"><audio controls src=\"https:\/\/elregionalvm.com.ar\/noticias-villa-maria\/wp-content\/uploads\/2021\/08\/Baldata-1-1.mp3\"><\/audio><\/figure>\n\n\n\n<p><\/p>\n\n\n\n<p><strong>Propuestas centradas en trabajo y educaci\u00f3n<\/strong><\/p>\n\n\n\n<p><\/p>\n\n\n\n<p>Defensora de la educaci\u00f3n p\u00fablica, Baldata considera que el empleo y la educaci\u00f3n son dos grandes materias pendientes de la Argentina reciente.<\/p>\n\n\n\n<p>Record\u00f3 que bajo la presidencia de Arturo Illia (1963-66) el presupuesto educativo toc\u00f3 un m\u00e1ximo hist\u00f3rico del 23%, hoy hundido al 4%.<\/p>\n\n\n\n<p>\u201cLa educaci\u00f3n debe ser la centralidad de un poder, como lo fue con la Ley 1420 ideada por Sarmiento\u201d.<\/p>\n\n\n\n<p>Entre sus propuestas uno de las m\u00e1s necesarias es la de elevar el presupuesto en la educaci\u00f3n p\u00fablica, para elevar el nivel y la calidad hoy en descenso.<\/p>\n\n\n\n<p><\/p>\n\n\n\n<figure class=\"wp-block-audio\"><audio controls src=\"https:\/\/elregionalvm.com.ar\/noticias-villa-maria\/wp-content\/uploads\/2021\/08\/Baldata-2.mp3\"><\/audio><\/figure>\n\n\n\n<p><\/p>\n\n\n\n<p>En cuanto a materia de empleo, mostr\u00f3 su preocupaci\u00f3n por la alta presi\u00f3n impositiva y se mostr\u00f3 flexible en modernizar las leyes laborales, la cual aclar\u00f3 que no significa eliminarlas sino modificarlas y adaptarlas. \u201cHay que incentivar al inversor\u201d.<\/p>\n\n\n\n<p><\/p>\n\n\n\n<figure class=\"wp-block-audio\"><audio controls src=\"https:\/\/elregionalvm.com.ar\/noticias-villa-maria\/wp-content\/uploads\/2021\/08\/Baldata-3.mp3\"><\/audio><\/figure>\n\n\n\n<p><\/p>\n\n\n\n<p><strong>Cr\u00edticas dentro del espacio<\/strong><\/p>\n\n\n\n<p>A la hora de formular una autocr\u00edtica dentro de su espacio subray\u00f3 que m\u00e1s de 153.000 familias viven con los Cr\u00e9ditos UVA.<\/p>\n\n\n\n<p>\u201cEn el Congreso no se present\u00f3 ni un solo proyecto de ley para modificar el esquema UVA\u201d, haciendo alusi\u00f3n a que un pa\u00eds atravesado end\u00e9micamente con la inflaci\u00f3n es pr\u00e1cticamente injusto otorgar cr\u00e9ditos indexados por la misma a 30 a\u00f1os.<\/p>\n\n\n\n<p><\/p>\n\n\n\n<figure class=\"wp-block-audio\"><audio controls src=\"https:\/\/elregionalvm.com.ar\/noticias-villa-maria\/wp-content\/uploads\/2021\/08\/Baldata-4.mp3\"><\/audio><\/figure>\n\n\n\n<p><\/p>\n\n\n\n<figure class=\"wp-block-audio\"><audio controls src=\"https:\/\/elregionalvm.com.ar\/noticias-villa-maria\/wp-content\/uploads\/2021\/08\/Baldata-5.mp3\"><\/audio><\/figure>\n\n\n\n<p><\/p>\n\n\n\n<p><strong>El Estado como motor<\/strong><\/p>\n\n\n\n<p>Por \u00faltimo, se diferencia de algunos de sus contrincantes en cuanto al rol del Estado.<\/p>\n\n\n\n<p>Baldata reafirm\u00f3 su postura de un Estado presente ya que el pa\u00eds necesita una mirada social.<\/p>\n\n\n\n<p>\u201cVengo del espacio progresista, con valores de la \u00e9tica y honestidad\u201d.<\/p>\n\n\n\n<p><\/p>\n\n\n\n<figure class=\"wp-block-audio\"><audio controls src=\"https:\/\/elregionalvm.com.ar\/noticias-villa-maria\/wp-content\/uploads\/2021\/08\/Baldata-6-1.mp3\"><\/audio><\/figure>\n\n\n\n<p><\/p>\n\n\n\n<p><\/p>\n\n\n\n<figure class=\"wp-block-audio\"><audio controls src=\"https:\/\/elregionalvm.com.ar\/noticias-villa-maria\/wp-content\/uploads\/2021\/08\/Baldata-7-1.mp3\"><\/audio><\/figure>\n\n\n\n<p><\/p>\n\n\n\n<p><\/p>\n\n\n\n<figure class=\"wp-block-image size-large\"><img data-recalc-dims=\"1\" decoding=\"async\" width=\"1024\" height=\"1020\" src=\"https:\/\/i0.wp.com\/elregionalvm.com.ar\/noticias-villa-maria\/wp-content\/uploads\/2021\/08\/WhatsApp-Image-2021-08-29-at-9.52.50-PM-1-1.jpeg?resize=1024%2C1020&#038;ssl=1\" alt=\"\" class=\"wp-image-43717\" srcset=\"https:\/\/i0.wp.com\/elregionalvm.com.ar\/noticias-villa-maria\/wp-content\/uploads\/2021\/08\/WhatsApp-Image-2021-08-29-at-9.52.50-PM-1-1.jpeg?resize=1024%2C1020&amp;ssl=1 1024w, https:\/\/i0.wp.com\/elregionalvm.com.ar\/noticias-villa-maria\/wp-content\/uploads\/2021\/08\/WhatsApp-Image-2021-08-29-at-9.52.50-PM-1-1.jpeg?resize=300%2C300&amp;ssl=1 300w, https:\/\/i0.wp.com\/elregionalvm.com.ar\/noticias-villa-maria\/wp-content\/uploads\/2021\/08\/WhatsApp-Image-2021-08-29-at-9.52.50-PM-1-1.jpeg?resize=768%2C765&amp;ssl=1 768w, https:\/\/i0.wp.com\/elregionalvm.com.ar\/noticias-villa-maria\/wp-content\/uploads\/2021\/08\/WhatsApp-Image-2021-08-29-at-9.52.50-PM-1-1.jpeg?w=1084&amp;ssl=1 1084w\" sizes=\"(max-width: 1000px) 100vw, 1000px\" \/><\/figure>\n","protected":false},"excerpt":{"rendered":"<p>Escribe: Julio C\u00e9sar Nieto Griselda Baldata es una dirigente de fuste en la provincia. Apasionada por la docencia, hoy jubilada, integra una de las cuatro listas de Cambiemos en v\u00edspera de las PASO del pr\u00f3ximo 12 de septiembre. En su trayectoria, adem\u00e1s de a\u00f1os de aula, se encuentra un periodo de concejal en la ciudad [&hellip;]<\/p>\n","protected":false},"author":4,"featured_media":43713,"comment_status":"open","ping_status":"open","sticky":false,"template":"","format":"standard","meta":{"site-sidebar-layout":"default","site-content-layout":"default","ast-site-content-layout":"default","site-content-style":"default","site-sidebar-style":"default","ast-global-header-display":"","ast-banner-title-visibility":"","ast-main-header-display":"","ast-hfb-above-header-display":"","ast-hfb-below-header-display":"","ast-hfb-mobile-header-display":"","site-post-title":"","ast-breadcrumbs-content":"","ast-featured-img":"","footer-sml-layout":"","ast-disable-related-posts":"","theme-transparent-header-meta":"default","adv-header-id-meta":"","stick-header-meta":"","header-above-stick-meta":"","header-main-stick-meta":"","header-below-stick-meta":"","astra-migrate-meta-layouts":"default","ast-page-background-enabled":"default","ast-page-background-meta":{"desktop":{"background-color":"","background-image":"","background-repeat":"repeat","background-position":"center center","background-size":"auto","background-attachment":"scroll","background-type":"","background-media":"","overlay-type":"","overlay-color":"","overlay-opacity":"","overlay-gradient":""},"tablet":{"background-color":"","background-image":"","background-repeat":"repeat","background-position":"center center","background-size":"auto","background-attachment":"scroll","background-type":"","background-media":"","overlay-type":"","overlay-color":"","overlay-opacity":"","overlay-gradient":""},"mobile":{"background-color":"","background-image":"","background-repeat":"repeat","background-position":"center center","background-size":"auto","background-attachment":"scroll","background-type":"","background-media":"","overlay-type":"","overlay-color":"","overlay-opacity":"","overlay-gradient":""}},"ast-content-background-meta":{"desktop":{"background-color":"var(--ast-global-color-5)","background-image":"","background-repeat":"repeat","background-position":"center center","background-size":"auto","background-attachment":"scroll","background-type":"","background-media":"","overlay-type":"","overlay-color":"","overlay-opacity":"","overlay-gradient":""},"tablet":{"background-color":"var(--ast-global-color-5)","background-image":"","background-repeat":"repeat","background-position":"center center","background-size":"auto","background-attachment":"scroll","background-type":"","background-media":"","overlay-type":"","overlay-color":"","overlay-opacity":"","overlay-gradient":""},"mobile":{"background-color":"var(--ast-global-color-5)","background-image":"","background-repeat":"repeat","background-position":"center center","background-size":"auto","background-attachment":"scroll","background-type":"","background-media":"","overlay-type":"","overlay-color":"","overlay-opacity":"","overlay-gradient":""}},"_jetpack_memberships_contains_paid_content":false,"_joinchat":[],"footnotes":""},"categories":[2089,3557],"tags":[579,10871,268,877,10870,7001,5751,6877],"class_list":["post-43711","post","type-post","status-publish","format-standard","has-post-thumbnail","hentry","category-politica","category-tercera","tag-candidatos","tag-dante-rossi","tag-elecciones","tag-grieta","tag-griselda-baldata","tag-juntos-por-el-cambio","tag-legislativas","tag-paso"],"yoast_head":"<!-- This site is optimized with the Yoast SEO plugin v26.8 - https:\/\/yoast.com\/product\/yoast-seo-wordpress\/ -->\n<title>[Conociendo candidatos] Griselda Baldata: \u201cEs necesario cerrar la grieta\u201d - El Regional<\/title>\n<meta name=\"description\" content=\"Apasionada por la docencia, hoy jubilada, integra una de las cuatro listas de Cambiemos en v\u00edspera de las PASO del pr\u00f3ximo 12 de septiembre.\" \/>\n<meta name=\"robots\" content=\"index, follow, max-snippet:-1, max-image-preview:large, max-video-preview:-1\" \/>\n<link rel=\"canonical\" href=\"http:\/\/elregionalvm.com.ar\/noticias-villa-maria\/conociendo-candidatos-griselda-baldata-es-necesario-cerrar-la-grieta\/\" \/>\n<meta property=\"og:locale\" content=\"es_ES\" \/>\n<meta property=\"og:type\" content=\"article\" \/>\n<meta property=\"og:title\" content=\"[Conociendo candidatos] Griselda Baldata: \u201cEs necesario cerrar la grieta\u201d - El Regional\" \/>\n<meta property=\"og:description\" content=\"Apasionada por la docencia, hoy jubilada, integra una de las cuatro listas de Cambiemos en v\u00edspera de las PASO del pr\u00f3ximo 12 de septiembre.\" \/>\n<meta property=\"og:url\" content=\"http:\/\/elregionalvm.com.ar\/noticias-villa-maria\/conociendo-candidatos-griselda-baldata-es-necesario-cerrar-la-grieta\/\" \/>\n<meta property=\"og:site_name\" content=\"El Regional\" \/>\n<meta property=\"article:publisher\" content=\"https:\/\/www.facebook.com\/elregionalvm\" \/>\n<meta property=\"article:published_time\" content=\"2021-08-31T02:18:36+00:00\" \/>\n<meta property=\"article:modified_time\" content=\"2021-09-01T19:06:16+00:00\" \/>\n<meta property=\"og:image\" content=\"http:\/\/elregionalvm.com.ar\/noticias-villa-maria\/wp-content\/uploads\/2021\/08\/WhatsApp-Image-2021-08-29-at-9.52.50-PM.jpeg\" \/>\n\t<meta property=\"og:image:width\" content=\"1280\" \/>\n\t<meta property=\"og:image:height\" content=\"853\" \/>\n\t<meta property=\"og:image:type\" content=\"image\/jpeg\" \/>\n<meta name=\"author\" content=\"Contenidos El Regional\" \/>\n<meta name=\"twitter:card\" content=\"summary_large_image\" \/>\n<meta name=\"twitter:creator\" content=\"@elregionalvm1\" \/>\n<meta name=\"twitter:site\" content=\"@elregionalvm1\" \/>\n<meta name=\"twitter:label1\" content=\"Escrito por\" \/>\n\t<meta name=\"twitter:data1\" content=\"Contenidos El Regional\" \/>\n\t<meta name=\"twitter:label2\" content=\"Tiempo de lectura\" \/>\n\t<meta name=\"twitter:data2\" content=\"3 minutos\" \/>\n<script type=\"application\/ld+json\" class=\"yoast-schema-graph\">{\"@context\":\"https:\/\/schema.org\",\"@graph\":[{\"@type\":\"Article\",\"@id\":\"http:\/\/elregionalvm.com.ar\/noticias-villa-maria\/conociendo-candidatos-griselda-baldata-es-necesario-cerrar-la-grieta\/#article\",\"isPartOf\":{\"@id\":\"http:\/\/elregionalvm.com.ar\/noticias-villa-maria\/conociendo-candidatos-griselda-baldata-es-necesario-cerrar-la-grieta\/\"},\"author\":{\"name\":\"Contenidos El Regional\",\"@id\":\"http:\/\/elregionalvm.com.ar\/noticias-villa-maria\/#\/schema\/person\/a0fb9c422317faca23d50163151bc354\"},\"headline\":\"[Conociendo candidatos] Griselda Baldata: \u201cEs necesario cerrar la grieta\u201d\",\"datePublished\":\"2021-08-31T02:18:36+00:00\",\"dateModified\":\"2021-09-01T19:06:16+00:00\",\"mainEntityOfPage\":{\"@id\":\"http:\/\/elregionalvm.com.ar\/noticias-villa-maria\/conociendo-candidatos-griselda-baldata-es-necesario-cerrar-la-grieta\/\"},\"wordCount\":501,\"commentCount\":0,\"image\":{\"@id\":\"http:\/\/elregionalvm.com.ar\/noticias-villa-maria\/conociendo-candidatos-griselda-baldata-es-necesario-cerrar-la-grieta\/#primaryimage\"},\"thumbnailUrl\":\"https:\/\/i0.wp.com\/elregionalvm.com.ar\/noticias-villa-maria\/wp-content\/uploads\/2021\/08\/WhatsApp-Image-2021-08-29-at-9.52.50-PM.jpeg?fit=1280%2C853&ssl=1\",\"keywords\":[\"Candidatos\",\"Dante Rossi\",\"elecciones\",\"grieta\",\"Griselda Baldata\",\"Juntos por el Cambio\",\"Legislativas\",\"PASO\"],\"articleSection\":[\"Pol\u00edtica\",\"tercera\"],\"inLanguage\":\"es\",\"potentialAction\":[{\"@type\":\"CommentAction\",\"name\":\"Comment\",\"target\":[\"http:\/\/elregionalvm.com.ar\/noticias-villa-maria\/conociendo-candidatos-griselda-baldata-es-necesario-cerrar-la-grieta\/#respond\"]}]},{\"@type\":\"WebPage\",\"@id\":\"http:\/\/elregionalvm.com.ar\/noticias-villa-maria\/conociendo-candidatos-griselda-baldata-es-necesario-cerrar-la-grieta\/\",\"url\":\"http:\/\/elregionalvm.com.ar\/noticias-villa-maria\/conociendo-candidatos-griselda-baldata-es-necesario-cerrar-la-grieta\/\",\"name\":\"[Conociendo candidatos] Griselda Baldata: \u201cEs necesario cerrar la grieta\u201d - El Regional\",\"isPartOf\":{\"@id\":\"http:\/\/elregionalvm.com.ar\/noticias-villa-maria\/#website\"},\"primaryImageOfPage\":{\"@id\":\"http:\/\/elregionalvm.com.ar\/noticias-villa-maria\/conociendo-candidatos-griselda-baldata-es-necesario-cerrar-la-grieta\/#primaryimage\"},\"image\":{\"@id\":\"http:\/\/elregionalvm.com.ar\/noticias-villa-maria\/conociendo-candidatos-griselda-baldata-es-necesario-cerrar-la-grieta\/#primaryimage\"},\"thumbnailUrl\":\"https:\/\/i0.wp.com\/elregionalvm.com.ar\/noticias-villa-maria\/wp-content\/uploads\/2021\/08\/WhatsApp-Image-2021-08-29-at-9.52.50-PM.jpeg?fit=1280%2C853&ssl=1\",\"datePublished\":\"2021-08-31T02:18:36+00:00\",\"dateModified\":\"2021-09-01T19:06:16+00:00\",\"author\":{\"@id\":\"http:\/\/elregionalvm.com.ar\/noticias-villa-maria\/#\/schema\/person\/a0fb9c422317faca23d50163151bc354\"},\"description\":\"Apasionada por la docencia, hoy jubilada, integra una de las cuatro listas de Cambiemos en v\u00edspera de las PASO del pr\u00f3ximo 12 de septiembre.\",\"breadcrumb\":{\"@id\":\"http:\/\/elregionalvm.com.ar\/noticias-villa-maria\/conociendo-candidatos-griselda-baldata-es-necesario-cerrar-la-grieta\/#breadcrumb\"},\"inLanguage\":\"es\",\"potentialAction\":[{\"@type\":\"ReadAction\",\"target\":[\"http:\/\/elregionalvm.com.ar\/noticias-villa-maria\/conociendo-candidatos-griselda-baldata-es-necesario-cerrar-la-grieta\/\"]}]},{\"@type\":\"ImageObject\",\"inLanguage\":\"es\",\"@id\":\"http:\/\/elregionalvm.com.ar\/noticias-villa-maria\/conociendo-candidatos-griselda-baldata-es-necesario-cerrar-la-grieta\/#primaryimage\",\"url\":\"https:\/\/i0.wp.com\/elregionalvm.com.ar\/noticias-villa-maria\/wp-content\/uploads\/2021\/08\/WhatsApp-Image-2021-08-29-at-9.52.50-PM.jpeg?fit=1280%2C853&ssl=1\",\"contentUrl\":\"https:\/\/i0.wp.com\/elregionalvm.com.ar\/noticias-villa-maria\/wp-content\/uploads\/2021\/08\/WhatsApp-Image-2021-08-29-at-9.52.50-PM.jpeg?fit=1280%2C853&ssl=1\",\"width\":1280,\"height\":853},{\"@type\":\"BreadcrumbList\",\"@id\":\"http:\/\/elregionalvm.com.ar\/noticias-villa-maria\/conociendo-candidatos-griselda-baldata-es-necesario-cerrar-la-grieta\/#breadcrumb\",\"itemListElement\":[{\"@type\":\"ListItem\",\"position\":1,\"name\":\"Portada\",\"item\":\"https:\/\/elregionalvm.com.ar\/noticias-villa-maria\/\"},{\"@type\":\"ListItem\",\"position\":2,\"name\":\"[Conociendo candidatos] Griselda Baldata: \u201cEs necesario cerrar la grieta\u201d\"}]},{\"@type\":\"WebSite\",\"@id\":\"http:\/\/elregionalvm.com.ar\/noticias-villa-maria\/#website\",\"url\":\"http:\/\/elregionalvm.com.ar\/noticias-villa-maria\/\",\"name\":\"El Regional\",\"description\":\"Mucho m\u00e1s que informaci\u00f3n\",\"potentialAction\":[{\"@type\":\"SearchAction\",\"target\":{\"@type\":\"EntryPoint\",\"urlTemplate\":\"http:\/\/elregionalvm.com.ar\/noticias-villa-maria\/?s={search_term_string}\"},\"query-input\":{\"@type\":\"PropertyValueSpecification\",\"valueRequired\":true,\"valueName\":\"search_term_string\"}}],\"inLanguage\":\"es\"},{\"@type\":\"Person\",\"@id\":\"http:\/\/elregionalvm.com.ar\/noticias-villa-maria\/#\/schema\/person\/a0fb9c422317faca23d50163151bc354\",\"name\":\"Contenidos El Regional\",\"image\":{\"@type\":\"ImageObject\",\"inLanguage\":\"es\",\"@id\":\"http:\/\/elregionalvm.com.ar\/noticias-villa-maria\/#\/schema\/person\/image\/\",\"url\":\"https:\/\/secure.gravatar.com\/avatar\/265b27cb2209af7bb3a1318f03305787d7981a5cc6e6cd08fe5a4ecdf99d4b48?s=96&d=mm&r=g\",\"contentUrl\":\"https:\/\/secure.gravatar.com\/avatar\/265b27cb2209af7bb3a1318f03305787d7981a5cc6e6cd08fe5a4ecdf99d4b48?s=96&d=mm&r=g\",\"caption\":\"Contenidos El Regional\"},\"url\":\"https:\/\/elregionalvm.com.ar\/noticias-villa-maria\/author\/contenido\/\"}]}<\/script>\n<!-- \/ Yoast SEO plugin. -->","yoast_head_json":{"title":"[Conociendo candidatos] Griselda Baldata: \u201cEs necesario cerrar la grieta\u201d - El Regional","description":"Apasionada por la docencia, hoy jubilada, integra una de las cuatro listas de Cambiemos en v\u00edspera de las PASO del pr\u00f3ximo 12 de septiembre.","robots":{"index":"index","follow":"follow","max-snippet":"max-snippet:-1","max-image-preview":"max-image-preview:large","max-video-preview":"max-video-preview:-1"},"canonical":"http:\/\/elregionalvm.com.ar\/noticias-villa-maria\/conociendo-candidatos-griselda-baldata-es-necesario-cerrar-la-grieta\/","og_locale":"es_ES","og_type":"article","og_title":"[Conociendo candidatos] Griselda Baldata: \u201cEs necesario cerrar la grieta\u201d - El Regional","og_description":"Apasionada por la docencia, hoy jubilada, integra una de las cuatro listas de Cambiemos en v\u00edspera de las PASO del pr\u00f3ximo 12 de septiembre.","og_url":"http:\/\/elregionalvm.com.ar\/noticias-villa-maria\/conociendo-candidatos-griselda-baldata-es-necesario-cerrar-la-grieta\/","og_site_name":"El Regional","article_publisher":"https:\/\/www.facebook.com\/elregionalvm","article_published_time":"2021-08-31T02:18:36+00:00","article_modified_time":"2021-09-01T19:06:16+00:00","og_image":[{"width":1280,"height":853,"url":"http:\/\/elregionalvm.com.ar\/noticias-villa-maria\/wp-content\/uploads\/2021\/08\/WhatsApp-Image-2021-08-29-at-9.52.50-PM.jpeg","type":"image\/jpeg"}],"author":"Contenidos El Regional","twitter_card":"summary_large_image","twitter_creator":"@elregionalvm1","twitter_site":"@elregionalvm1","twitter_misc":{"Escrito por":"Contenidos El Regional","Tiempo de lectura":"3 minutos"},"schema":{"@context":"https:\/\/schema.org","@graph":[{"@type":"Article","@id":"http:\/\/elregionalvm.com.ar\/noticias-villa-maria\/conociendo-candidatos-griselda-baldata-es-necesario-cerrar-la-grieta\/#article","isPartOf":{"@id":"http:\/\/elregionalvm.com.ar\/noticias-villa-maria\/conociendo-candidatos-griselda-baldata-es-necesario-cerrar-la-grieta\/"},"author":{"name":"Contenidos El Regional","@id":"http:\/\/elregionalvm.com.ar\/noticias-villa-maria\/#\/schema\/person\/a0fb9c422317faca23d50163151bc354"},"headline":"[Conociendo candidatos] Griselda Baldata: \u201cEs necesario cerrar la grieta\u201d","datePublished":"2021-08-31T02:18:36+00:00","dateModified":"2021-09-01T19:06:16+00:00","mainEntityOfPage":{"@id":"http:\/\/elregionalvm.com.ar\/noticias-villa-maria\/conociendo-candidatos-griselda-baldata-es-necesario-cerrar-la-grieta\/"},"wordCount":501,"commentCount":0,"image":{"@id":"http:\/\/elregionalvm.com.ar\/noticias-villa-maria\/conociendo-candidatos-griselda-baldata-es-necesario-cerrar-la-grieta\/#primaryimage"},"thumbnailUrl":"https:\/\/i0.wp.com\/elregionalvm.com.ar\/noticias-villa-maria\/wp-content\/uploads\/2021\/08\/WhatsApp-Image-2021-08-29-at-9.52.50-PM.jpeg?fit=1280%2C853&ssl=1","keywords":["Candidatos","Dante Rossi","elecciones","grieta","Griselda Baldata","Juntos por el Cambio","Legislativas","PASO"],"articleSection":["Pol\u00edtica","tercera"],"inLanguage":"es","potentialAction":[{"@type":"CommentAction","name":"Comment","target":["http:\/\/elregionalvm.com.ar\/noticias-villa-maria\/conociendo-candidatos-griselda-baldata-es-necesario-cerrar-la-grieta\/#respond"]}]},{"@type":"WebPage","@id":"http:\/\/elregionalvm.com.ar\/noticias-villa-maria\/conociendo-candidatos-griselda-baldata-es-necesario-cerrar-la-grieta\/","url":"http:\/\/elregionalvm.com.ar\/noticias-villa-maria\/conociendo-candidatos-griselda-baldata-es-necesario-cerrar-la-grieta\/","name":"[Conociendo candidatos] Griselda Baldata: \u201cEs necesario cerrar la grieta\u201d - El Regional","isPartOf":{"@id":"http:\/\/elregionalvm.com.ar\/noticias-villa-maria\/#website"},"primaryImageOfPage":{"@id":"http:\/\/elregionalvm.com.ar\/noticias-villa-maria\/conociendo-candidatos-griselda-baldata-es-necesario-cerrar-la-grieta\/#primaryimage"},"image":{"@id":"http:\/\/elregionalvm.com.ar\/noticias-villa-maria\/conociendo-candidatos-griselda-baldata-es-necesario-cerrar-la-grieta\/#primaryimage"},"thumbnailUrl":"https:\/\/i0.wp.com\/elregionalvm.com.ar\/noticias-villa-maria\/wp-content\/uploads\/2021\/08\/WhatsApp-Image-2021-08-29-at-9.52.50-PM.jpeg?fit=1280%2C853&ssl=1","datePublished":"2021-08-31T02:18:36+00:00","dateModified":"2021-09-01T19:06:16+00:00","author":{"@id":"http:\/\/elregionalvm.com.ar\/noticias-villa-maria\/#\/schema\/person\/a0fb9c422317faca23d50163151bc354"},"description":"Apasionada por la docencia, hoy jubilada, integra una de las cuatro listas de Cambiemos en v\u00edspera de las PASO del pr\u00f3ximo 12 de septiembre.","breadcrumb":{"@id":"http:\/\/elregionalvm.com.ar\/noticias-villa-maria\/conociendo-candidatos-griselda-baldata-es-necesario-cerrar-la-grieta\/#breadcrumb"},"inLanguage":"es","potentialAction":[{"@type":"ReadAction","target":["http:\/\/elregionalvm.com.ar\/noticias-villa-maria\/conociendo-candidatos-griselda-baldata-es-necesario-cerrar-la-grieta\/"]}]},{"@type":"ImageObject","inLanguage":"es","@id":"http:\/\/elregionalvm.com.ar\/noticias-villa-maria\/conociendo-candidatos-griselda-baldata-es-necesario-cerrar-la-grieta\/#primaryimage","url":"https:\/\/i0.wp.com\/elregionalvm.com.ar\/noticias-villa-maria\/wp-content\/uploads\/2021\/08\/WhatsApp-Image-2021-08-29-at-9.52.50-PM.jpeg?fit=1280%2C853&ssl=1","contentUrl":"https:\/\/i0.wp.com\/elregionalvm.com.ar\/noticias-villa-maria\/wp-content\/uploads\/2021\/08\/WhatsApp-Image-2021-08-29-at-9.52.50-PM.jpeg?fit=1280%2C853&ssl=1","width":1280,"height":853},{"@type":"BreadcrumbList","@id":"http:\/\/elregionalvm.com.ar\/noticias-villa-maria\/conociendo-candidatos-griselda-baldata-es-necesario-cerrar-la-grieta\/#breadcrumb","itemListElement":[{"@type":"ListItem","position":1,"name":"Portada","item":"https:\/\/elregionalvm.com.ar\/noticias-villa-maria\/"},{"@type":"ListItem","position":2,"name":"[Conociendo candidatos] Griselda Baldata: \u201cEs necesario cerrar la grieta\u201d"}]},{"@type":"WebSite","@id":"http:\/\/elregionalvm.com.ar\/noticias-villa-maria\/#website","url":"http:\/\/elregionalvm.com.ar\/noticias-villa-maria\/","name":"El Regional","description":"Mucho m\u00e1s que informaci\u00f3n","potentialAction":[{"@type":"SearchAction","target":{"@type":"EntryPoint","urlTemplate":"http:\/\/elregionalvm.com.ar\/noticias-villa-maria\/?s={search_term_string}"},"query-input":{"@type":"PropertyValueSpecification","valueRequired":true,"valueName":"search_term_string"}}],"inLanguage":"es"},{"@type":"Person","@id":"http:\/\/elregionalvm.com.ar\/noticias-villa-maria\/#\/schema\/person\/a0fb9c422317faca23d50163151bc354","name":"Contenidos El Regional","image":{"@type":"ImageObject","inLanguage":"es","@id":"http:\/\/elregionalvm.com.ar\/noticias-villa-maria\/#\/schema\/person\/image\/","url":"https:\/\/secure.gravatar.com\/avatar\/265b27cb2209af7bb3a1318f03305787d7981a5cc6e6cd08fe5a4ecdf99d4b48?s=96&d=mm&r=g","contentUrl":"https:\/\/secure.gravatar.com\/avatar\/265b27cb2209af7bb3a1318f03305787d7981a5cc6e6cd08fe5a4ecdf99d4b48?s=96&d=mm&r=g","caption":"Contenidos El Regional"},"url":"https:\/\/elregionalvm.com.ar\/noticias-villa-maria\/author\/contenido\/"}]}},"jetpack_featured_media_url":"https:\/\/i0.wp.com\/elregionalvm.com.ar\/noticias-villa-maria\/wp-content\/uploads\/2021\/08\/WhatsApp-Image-2021-08-29-at-9.52.50-PM.jpeg?fit=1280%2C853&ssl=1","jetpack_sharing_enabled":true,"_links":{"self":[{"href":"https:\/\/elregionalvm.com.ar\/noticias-villa-maria\/wp-json\/wp\/v2\/posts\/43711","targetHints":{"allow":["GET"]}}],"collection":[{"href":"https:\/\/elregionalvm.com.ar\/noticias-villa-maria\/wp-json\/wp\/v2\/posts"}],"about":[{"href":"https:\/\/elregionalvm.com.ar\/noticias-villa-maria\/wp-json\/wp\/v2\/types\/post"}],"author":[{"embeddable":true,"href":"https:\/\/elregionalvm.com.ar\/noticias-villa-maria\/wp-json\/wp\/v2\/users\/4"}],"replies":[{"embeddable":true,"href":"https:\/\/elregionalvm.com.ar\/noticias-villa-maria\/wp-json\/wp\/v2\/comments?post=43711"}],"version-history":[{"count":3,"href":"https:\/\/elregionalvm.com.ar\/noticias-villa-maria\/wp-json\/wp\/v2\/posts\/43711\/revisions"}],"predecessor-version":[{"id":43771,"href":"https:\/\/elregionalvm.com.ar\/noticias-villa-maria\/wp-json\/wp\/v2\/posts\/43711\/revisions\/43771"}],"wp:featuredmedia":[{"embeddable":true,"href":"https:\/\/elregionalvm.com.ar\/noticias-villa-maria\/wp-json\/wp\/v2\/media\/43713"}],"wp:attachment":[{"href":"https:\/\/elregionalvm.com.ar\/noticias-villa-maria\/wp-json\/wp\/v2\/media?parent=43711"}],"wp:term":[{"taxonomy":"category","embeddable":true,"href":"https:\/\/elregionalvm.com.ar\/noticias-villa-maria\/wp-json\/wp\/v2\/categories?post=43711"},{"taxonomy":"post_tag","embeddable":true,"href":"https:\/\/elregionalvm.com.ar\/noticias-villa-maria\/wp-json\/wp\/v2\/tags?post=43711"}],"curies":[{"name":"wp","href":"https:\/\/api.w.org\/{rel}","templated":true}]}}