{"id":43749,"date":"2021-08-31T01:54:19","date_gmt":"2021-08-31T01:54:19","guid":{"rendered":"https:\/\/elregionalvm.com.ar\/noticias-villa-maria\/?p=43749"},"modified":"2021-08-31T01:54:22","modified_gmt":"2021-08-31T01:54:22","slug":"convenio-entre-la-municipalidad-y-la-unvm-para-dictar-una-diplomatura-en-artes-circenses","status":"publish","type":"post","link":"https:\/\/elregionalvm.com.ar\/noticias-villa-maria\/convenio-entre-la-municipalidad-y-la-unvm-para-dictar-una-diplomatura-en-artes-circenses\/","title":{"rendered":"Convenio entre la Municipalidad y la UNVM para dictar una Diplomatura en Artes Circenses"},"content":{"rendered":"\n<p>El municipio, a trav\u00e9s de la Secretar\u00eda de Educaci\u00f3n, Cultura y Promoci\u00f3n de la Ciencia, en articulaci\u00f3n con el Instituto de Extensi\u00f3n de la Universidad Nacional de Villa Mar\u00eda (UNVM), firmaron un convenio para la realizaci\u00f3n de tareas conjuntas en pos del desarrollo del sector art\u00edstico local. En este marco, las partes acordaron llevar adelante la Diplomatura en Circo: desarrollo esc\u00e9nico y motor en el movimiento acrob\u00e1tico.<\/p>\n\n\n\n<p>En este sentido, el convenio de colaboraci\u00f3n cont\u00f3 con la r\u00fabrica del titular de la cartera de Educaci\u00f3n, Rafael Sachetto, como as\u00ed tambi\u00e9n de la directora del Instituto Universitario, Gabriela Redondo. Mediante la suscripci\u00f3n de actas, las autoridades se comprometieron a llevar adelante los procedimientos necesarios para la puesta en marcha de la iniciativa.<\/p>\n\n\n\n<p>La Diplomatura en Artes Circenses se enmarcar\u00e1 en el programa municipal Ser Arte y Parte, y ser\u00e1 dictada junto a la casa de altos estudios mediante el \u00e1rea de Formaci\u00f3n Continua.<\/p>\n\n\n\n<p>Cabe destacar que la Diplomatura ser\u00e1 desarrollada en parte de manera virtual, a trav\u00e9s del Moodle de la UNVM, y que tambi\u00e9n contar\u00e1 con instancias presenciales. Al mismo tiempo, que quienes participen de ella obtendr\u00e1n finalizado el cursado un certificado avalando la capacitaci\u00f3n.<\/p>\n\n\n\n<p>Tambi\u00e9n es oportuno resaltar que, junto a la implementaci\u00f3n de esta pol\u00edtica p\u00fablica ser\u00e1n efectuados cursos, talleres y capacitaciones con el objetivo de responder a la realidad y necesidades del colectivo art\u00edstico en la ciudad.<\/p>\n","protected":false},"excerpt":{"rendered":"<p>El municipio, a trav\u00e9s de la Secretar\u00eda de Educaci\u00f3n, Cultura y Promoci\u00f3n de la Ciencia, en articulaci\u00f3n con el Instituto de Extensi\u00f3n de la Universidad Nacional de Villa Mar\u00eda (UNVM), firmaron un convenio para la realizaci\u00f3n de tareas conjuntas en pos del desarrollo del sector art\u00edstico local. En este marco, las partes acordaron llevar adelante [&hellip;]<\/p>\n","protected":false},"author":4,"featured_media":43752,"comment_status":"open","ping_status":"open","sticky":false,"template":"","format":"standard","meta":{"site-sidebar-layout":"default","site-content-layout":"default","ast-site-content-layout":"default","site-content-style":"default","site-sidebar-style":"default","ast-global-header-display":"","ast-banner-title-visibility":"","ast-main-header-display":"","ast-hfb-above-header-display":"","ast-hfb-below-header-display":"","ast-hfb-mobile-header-display":"","site-post-title":"","ast-breadcrumbs-content":"","ast-featured-img":"","footer-sml-layout":"","ast-disable-related-posts":"","theme-transparent-header-meta":"default","adv-header-id-meta":"","stick-header-meta":"","header-above-stick-meta":"","header-main-stick-meta":"","header-below-stick-meta":"","astra-migrate-meta-layouts":"default","ast-page-background-enabled":"default","ast-page-background-meta":{"desktop":{"background-color":"","background-image":"","background-repeat":"repeat","background-position":"center center","background-size":"auto","background-attachment":"scroll","background-type":"","background-media":"","overlay-type":"","overlay-color":"","overlay-opacity":"","overlay-gradient":""},"tablet":{"background-color":"","background-image":"","background-repeat":"repeat","background-position":"center center","background-size":"auto","background-attachment":"scroll","background-type":"","background-media":"","overlay-type":"","overlay-color":"","overlay-opacity":"","overlay-gradient":""},"mobile":{"background-color":"","background-image":"","background-repeat":"repeat","background-position":"center center","background-size":"auto","background-attachment":"scroll","background-type":"","background-media":"","overlay-type":"","overlay-color":"","overlay-opacity":"","overlay-gradient":""}},"ast-content-background-meta":{"desktop":{"background-color":"var(--ast-global-color-5)","background-image":"","background-repeat":"repeat","background-position":"center center","background-size":"auto","background-attachment":"scroll","background-type":"","background-media":"","overlay-type":"","overlay-color":"","overlay-opacity":"","overlay-gradient":""},"tablet":{"background-color":"var(--ast-global-color-5)","background-image":"","background-repeat":"repeat","background-position":"center center","background-size":"auto","background-attachment":"scroll","background-type":"","background-media":"","overlay-type":"","overlay-color":"","overlay-opacity":"","overlay-gradient":""},"mobile":{"background-color":"var(--ast-global-color-5)","background-image":"","background-repeat":"repeat","background-position":"center center","background-size":"auto","background-attachment":"scroll","background-type":"","background-media":"","overlay-type":"","overlay-color":"","overlay-opacity":"","overlay-gradient":""}},"_jetpack_memberships_contains_paid_content":false,"_joinchat":[],"footnotes":""},"categories":[2],"tags":[10882,2821,2474,459],"class_list":["post-43749","post","type-post","status-publish","format-standard","has-post-thumbnail","hentry","category-villa-maria","tag-arte-circense","tag-convenio","tag-municipalidad-de-villa-maria","tag-unvm"],"yoast_head":"<!-- This site is optimized with the Yoast SEO plugin v26.8 - https:\/\/yoast.com\/product\/yoast-seo-wordpress\/ -->\n<title>Convenio entre la Municipalidad y la UNVM para dictar una Diplomatura en Artes Circenses - El Regional<\/title>\n<meta name=\"robots\" content=\"index, follow, max-snippet:-1, max-image-preview:large, max-video-preview:-1\" \/>\n<link rel=\"canonical\" href=\"http:\/\/elregionalvm.com.ar\/noticias-villa-maria\/convenio-entre-la-municipalidad-y-la-unvm-para-dictar-una-diplomatura-en-artes-circenses\/\" \/>\n<meta property=\"og:locale\" content=\"es_ES\" \/>\n<meta property=\"og:type\" content=\"article\" \/>\n<meta property=\"og:title\" content=\"Convenio entre la Municipalidad y la UNVM para dictar una Diplomatura en Artes Circenses - El Regional\" \/>\n<meta property=\"og:description\" content=\"El municipio, a trav\u00e9s de la Secretar\u00eda de Educaci\u00f3n, Cultura y Promoci\u00f3n de la Ciencia, en articulaci\u00f3n con el Instituto de Extensi\u00f3n de la Universidad Nacional de Villa Mar\u00eda (UNVM), firmaron un convenio para la realizaci\u00f3n de tareas conjuntas en pos del desarrollo del sector art\u00edstico local. En este marco, las partes acordaron llevar adelante [&hellip;]\" \/>\n<meta property=\"og:url\" content=\"http:\/\/elregionalvm.com.ar\/noticias-villa-maria\/convenio-entre-la-municipalidad-y-la-unvm-para-dictar-una-diplomatura-en-artes-circenses\/\" \/>\n<meta property=\"og:site_name\" content=\"El Regional\" \/>\n<meta property=\"article:publisher\" content=\"https:\/\/www.facebook.com\/elregionalvm\" \/>\n<meta property=\"article:published_time\" content=\"2021-08-31T01:54:19+00:00\" \/>\n<meta property=\"article:modified_time\" content=\"2021-08-31T01:54:22+00:00\" \/>\n<meta property=\"og:image\" content=\"http:\/\/elregionalvm.com.ar\/noticias-villa-maria\/wp-content\/uploads\/2021\/08\/WhatsApp-Image-2021-08-30-at-13.53.59-1.jpeg\" \/>\n\t<meta property=\"og:image:width\" content=\"1280\" \/>\n\t<meta property=\"og:image:height\" content=\"853\" \/>\n\t<meta property=\"og:image:type\" content=\"image\/jpeg\" \/>\n<meta name=\"author\" content=\"Contenidos El Regional\" \/>\n<meta name=\"twitter:card\" content=\"summary_large_image\" \/>\n<meta name=\"twitter:creator\" content=\"@elregionalvm1\" \/>\n<meta name=\"twitter:site\" content=\"@elregionalvm1\" \/>\n<meta name=\"twitter:label1\" content=\"Escrito por\" \/>\n\t<meta name=\"twitter:data1\" content=\"Contenidos El Regional\" \/>\n\t<meta name=\"twitter:label2\" content=\"Tiempo de lectura\" \/>\n\t<meta name=\"twitter:data2\" content=\"2 minutos\" \/>\n<script type=\"application\/ld+json\" class=\"yoast-schema-graph\">{\"@context\":\"https:\/\/schema.org\",\"@graph\":[{\"@type\":\"Article\",\"@id\":\"http:\/\/elregionalvm.com.ar\/noticias-villa-maria\/convenio-entre-la-municipalidad-y-la-unvm-para-dictar-una-diplomatura-en-artes-circenses\/#article\",\"isPartOf\":{\"@id\":\"http:\/\/elregionalvm.com.ar\/noticias-villa-maria\/convenio-entre-la-municipalidad-y-la-unvm-para-dictar-una-diplomatura-en-artes-circenses\/\"},\"author\":{\"name\":\"Contenidos El Regional\",\"@id\":\"http:\/\/elregionalvm.com.ar\/noticias-villa-maria\/#\/schema\/person\/a0fb9c422317faca23d50163151bc354\"},\"headline\":\"Convenio entre la Municipalidad y la UNVM para dictar una Diplomatura en Artes Circenses\",\"datePublished\":\"2021-08-31T01:54:19+00:00\",\"dateModified\":\"2021-08-31T01:54:22+00:00\",\"mainEntityOfPage\":{\"@id\":\"http:\/\/elregionalvm.com.ar\/noticias-villa-maria\/convenio-entre-la-municipalidad-y-la-unvm-para-dictar-una-diplomatura-en-artes-circenses\/\"},\"wordCount\":271,\"commentCount\":0,\"image\":{\"@id\":\"http:\/\/elregionalvm.com.ar\/noticias-villa-maria\/convenio-entre-la-municipalidad-y-la-unvm-para-dictar-una-diplomatura-en-artes-circenses\/#primaryimage\"},\"thumbnailUrl\":\"https:\/\/i0.wp.com\/elregionalvm.com.ar\/noticias-villa-maria\/wp-content\/uploads\/2021\/08\/WhatsApp-Image-2021-08-30-at-13.53.59-1.jpeg?fit=1280%2C853&ssl=1\",\"keywords\":[\"Arte Circense\",\"convenio\",\"Municipalidad de Villa Mar\u00eda\",\"UNVM\"],\"articleSection\":[\"Villa Mar\u00eda\"],\"inLanguage\":\"es\",\"potentialAction\":[{\"@type\":\"CommentAction\",\"name\":\"Comment\",\"target\":[\"http:\/\/elregionalvm.com.ar\/noticias-villa-maria\/convenio-entre-la-municipalidad-y-la-unvm-para-dictar-una-diplomatura-en-artes-circenses\/#respond\"]}]},{\"@type\":\"WebPage\",\"@id\":\"http:\/\/elregionalvm.com.ar\/noticias-villa-maria\/convenio-entre-la-municipalidad-y-la-unvm-para-dictar-una-diplomatura-en-artes-circenses\/\",\"url\":\"http:\/\/elregionalvm.com.ar\/noticias-villa-maria\/convenio-entre-la-municipalidad-y-la-unvm-para-dictar-una-diplomatura-en-artes-circenses\/\",\"name\":\"Convenio entre la Municipalidad y la UNVM para dictar una Diplomatura en Artes Circenses - El Regional\",\"isPartOf\":{\"@id\":\"http:\/\/elregionalvm.com.ar\/noticias-villa-maria\/#website\"},\"primaryImageOfPage\":{\"@id\":\"http:\/\/elregionalvm.com.ar\/noticias-villa-maria\/convenio-entre-la-municipalidad-y-la-unvm-para-dictar-una-diplomatura-en-artes-circenses\/#primaryimage\"},\"image\":{\"@id\":\"http:\/\/elregionalvm.com.ar\/noticias-villa-maria\/convenio-entre-la-municipalidad-y-la-unvm-para-dictar-una-diplomatura-en-artes-circenses\/#primaryimage\"},\"thumbnailUrl\":\"https:\/\/i0.wp.com\/elregionalvm.com.ar\/noticias-villa-maria\/wp-content\/uploads\/2021\/08\/WhatsApp-Image-2021-08-30-at-13.53.59-1.jpeg?fit=1280%2C853&ssl=1\",\"datePublished\":\"2021-08-31T01:54:19+00:00\",\"dateModified\":\"2021-08-31T01:54:22+00:00\",\"author\":{\"@id\":\"http:\/\/elregionalvm.com.ar\/noticias-villa-maria\/#\/schema\/person\/a0fb9c422317faca23d50163151bc354\"},\"breadcrumb\":{\"@id\":\"http:\/\/elregionalvm.com.ar\/noticias-villa-maria\/convenio-entre-la-municipalidad-y-la-unvm-para-dictar-una-diplomatura-en-artes-circenses\/#breadcrumb\"},\"inLanguage\":\"es\",\"potentialAction\":[{\"@type\":\"ReadAction\",\"target\":[\"http:\/\/elregionalvm.com.ar\/noticias-villa-maria\/convenio-entre-la-municipalidad-y-la-unvm-para-dictar-una-diplomatura-en-artes-circenses\/\"]}]},{\"@type\":\"ImageObject\",\"inLanguage\":\"es\",\"@id\":\"http:\/\/elregionalvm.com.ar\/noticias-villa-maria\/convenio-entre-la-municipalidad-y-la-unvm-para-dictar-una-diplomatura-en-artes-circenses\/#primaryimage\",\"url\":\"https:\/\/i0.wp.com\/elregionalvm.com.ar\/noticias-villa-maria\/wp-content\/uploads\/2021\/08\/WhatsApp-Image-2021-08-30-at-13.53.59-1.jpeg?fit=1280%2C853&ssl=1\",\"contentUrl\":\"https:\/\/i0.wp.com\/elregionalvm.com.ar\/noticias-villa-maria\/wp-content\/uploads\/2021\/08\/WhatsApp-Image-2021-08-30-at-13.53.59-1.jpeg?fit=1280%2C853&ssl=1\",\"width\":1280,\"height\":853},{\"@type\":\"BreadcrumbList\",\"@id\":\"http:\/\/elregionalvm.com.ar\/noticias-villa-maria\/convenio-entre-la-municipalidad-y-la-unvm-para-dictar-una-diplomatura-en-artes-circenses\/#breadcrumb\",\"itemListElement\":[{\"@type\":\"ListItem\",\"position\":1,\"name\":\"Portada\",\"item\":\"https:\/\/elregionalvm.com.ar\/noticias-villa-maria\/\"},{\"@type\":\"ListItem\",\"position\":2,\"name\":\"Convenio entre la Municipalidad y la UNVM para dictar una Diplomatura en Artes Circenses\"}]},{\"@type\":\"WebSite\",\"@id\":\"http:\/\/elregionalvm.com.ar\/noticias-villa-maria\/#website\",\"url\":\"http:\/\/elregionalvm.com.ar\/noticias-villa-maria\/\",\"name\":\"El Regional\",\"description\":\"Mucho m\u00e1s que informaci\u00f3n\",\"potentialAction\":[{\"@type\":\"SearchAction\",\"target\":{\"@type\":\"EntryPoint\",\"urlTemplate\":\"http:\/\/elregionalvm.com.ar\/noticias-villa-maria\/?s={search_term_string}\"},\"query-input\":{\"@type\":\"PropertyValueSpecification\",\"valueRequired\":true,\"valueName\":\"search_term_string\"}}],\"inLanguage\":\"es\"},{\"@type\":\"Person\",\"@id\":\"http:\/\/elregionalvm.com.ar\/noticias-villa-maria\/#\/schema\/person\/a0fb9c422317faca23d50163151bc354\",\"name\":\"Contenidos El Regional\",\"image\":{\"@type\":\"ImageObject\",\"inLanguage\":\"es\",\"@id\":\"http:\/\/elregionalvm.com.ar\/noticias-villa-maria\/#\/schema\/person\/image\/\",\"url\":\"https:\/\/secure.gravatar.com\/avatar\/265b27cb2209af7bb3a1318f03305787d7981a5cc6e6cd08fe5a4ecdf99d4b48?s=96&d=mm&r=g\",\"contentUrl\":\"https:\/\/secure.gravatar.com\/avatar\/265b27cb2209af7bb3a1318f03305787d7981a5cc6e6cd08fe5a4ecdf99d4b48?s=96&d=mm&r=g\",\"caption\":\"Contenidos El Regional\"},\"url\":\"https:\/\/elregionalvm.com.ar\/noticias-villa-maria\/author\/contenido\/\"}]}<\/script>\n<!-- \/ Yoast SEO plugin. -->","yoast_head_json":{"title":"Convenio entre la Municipalidad y la UNVM para dictar una Diplomatura en Artes Circenses - El Regional","robots":{"index":"index","follow":"follow","max-snippet":"max-snippet:-1","max-image-preview":"max-image-preview:large","max-video-preview":"max-video-preview:-1"},"canonical":"http:\/\/elregionalvm.com.ar\/noticias-villa-maria\/convenio-entre-la-municipalidad-y-la-unvm-para-dictar-una-diplomatura-en-artes-circenses\/","og_locale":"es_ES","og_type":"article","og_title":"Convenio entre la Municipalidad y la UNVM para dictar una Diplomatura en Artes Circenses - El Regional","og_description":"El municipio, a trav\u00e9s de la Secretar\u00eda de Educaci\u00f3n, Cultura y Promoci\u00f3n de la Ciencia, en articulaci\u00f3n con el Instituto de Extensi\u00f3n de la Universidad Nacional de Villa Mar\u00eda (UNVM), firmaron un convenio para la realizaci\u00f3n de tareas conjuntas en pos del desarrollo del sector art\u00edstico local. En este marco, las partes acordaron llevar adelante [&hellip;]","og_url":"http:\/\/elregionalvm.com.ar\/noticias-villa-maria\/convenio-entre-la-municipalidad-y-la-unvm-para-dictar-una-diplomatura-en-artes-circenses\/","og_site_name":"El Regional","article_publisher":"https:\/\/www.facebook.com\/elregionalvm","article_published_time":"2021-08-31T01:54:19+00:00","article_modified_time":"2021-08-31T01:54:22+00:00","og_image":[{"width":1280,"height":853,"url":"http:\/\/elregionalvm.com.ar\/noticias-villa-maria\/wp-content\/uploads\/2021\/08\/WhatsApp-Image-2021-08-30-at-13.53.59-1.jpeg","type":"image\/jpeg"}],"author":"Contenidos El Regional","twitter_card":"summary_large_image","twitter_creator":"@elregionalvm1","twitter_site":"@elregionalvm1","twitter_misc":{"Escrito por":"Contenidos El Regional","Tiempo de lectura":"2 minutos"},"schema":{"@context":"https:\/\/schema.org","@graph":[{"@type":"Article","@id":"http:\/\/elregionalvm.com.ar\/noticias-villa-maria\/convenio-entre-la-municipalidad-y-la-unvm-para-dictar-una-diplomatura-en-artes-circenses\/#article","isPartOf":{"@id":"http:\/\/elregionalvm.com.ar\/noticias-villa-maria\/convenio-entre-la-municipalidad-y-la-unvm-para-dictar-una-diplomatura-en-artes-circenses\/"},"author":{"name":"Contenidos El Regional","@id":"http:\/\/elregionalvm.com.ar\/noticias-villa-maria\/#\/schema\/person\/a0fb9c422317faca23d50163151bc354"},"headline":"Convenio entre la Municipalidad y la UNVM para dictar una Diplomatura en Artes Circenses","datePublished":"2021-08-31T01:54:19+00:00","dateModified":"2021-08-31T01:54:22+00:00","mainEntityOfPage":{"@id":"http:\/\/elregionalvm.com.ar\/noticias-villa-maria\/convenio-entre-la-municipalidad-y-la-unvm-para-dictar-una-diplomatura-en-artes-circenses\/"},"wordCount":271,"commentCount":0,"image":{"@id":"http:\/\/elregionalvm.com.ar\/noticias-villa-maria\/convenio-entre-la-municipalidad-y-la-unvm-para-dictar-una-diplomatura-en-artes-circenses\/#primaryimage"},"thumbnailUrl":"https:\/\/i0.wp.com\/elregionalvm.com.ar\/noticias-villa-maria\/wp-content\/uploads\/2021\/08\/WhatsApp-Image-2021-08-30-at-13.53.59-1.jpeg?fit=1280%2C853&ssl=1","keywords":["Arte Circense","convenio","Municipalidad de Villa Mar\u00eda","UNVM"],"articleSection":["Villa Mar\u00eda"],"inLanguage":"es","potentialAction":[{"@type":"CommentAction","name":"Comment","target":["http:\/\/elregionalvm.com.ar\/noticias-villa-maria\/convenio-entre-la-municipalidad-y-la-unvm-para-dictar-una-diplomatura-en-artes-circenses\/#respond"]}]},{"@type":"WebPage","@id":"http:\/\/elregionalvm.com.ar\/noticias-villa-maria\/convenio-entre-la-municipalidad-y-la-unvm-para-dictar-una-diplomatura-en-artes-circenses\/","url":"http:\/\/elregionalvm.com.ar\/noticias-villa-maria\/convenio-entre-la-municipalidad-y-la-unvm-para-dictar-una-diplomatura-en-artes-circenses\/","name":"Convenio entre la Municipalidad y la UNVM para dictar una Diplomatura en Artes Circenses - El Regional","isPartOf":{"@id":"http:\/\/elregionalvm.com.ar\/noticias-villa-maria\/#website"},"primaryImageOfPage":{"@id":"http:\/\/elregionalvm.com.ar\/noticias-villa-maria\/convenio-entre-la-municipalidad-y-la-unvm-para-dictar-una-diplomatura-en-artes-circenses\/#primaryimage"},"image":{"@id":"http:\/\/elregionalvm.com.ar\/noticias-villa-maria\/convenio-entre-la-municipalidad-y-la-unvm-para-dictar-una-diplomatura-en-artes-circenses\/#primaryimage"},"thumbnailUrl":"https:\/\/i0.wp.com\/elregionalvm.com.ar\/noticias-villa-maria\/wp-content\/uploads\/2021\/08\/WhatsApp-Image-2021-08-30-at-13.53.59-1.jpeg?fit=1280%2C853&ssl=1","datePublished":"2021-08-31T01:54:19+00:00","dateModified":"2021-08-31T01:54:22+00:00","author":{"@id":"http:\/\/elregionalvm.com.ar\/noticias-villa-maria\/#\/schema\/person\/a0fb9c422317faca23d50163151bc354"},"breadcrumb":{"@id":"http:\/\/elregionalvm.com.ar\/noticias-villa-maria\/convenio-entre-la-municipalidad-y-la-unvm-para-dictar-una-diplomatura-en-artes-circenses\/#breadcrumb"},"inLanguage":"es","potentialAction":[{"@type":"ReadAction","target":["http:\/\/elregionalvm.com.ar\/noticias-villa-maria\/convenio-entre-la-municipalidad-y-la-unvm-para-dictar-una-diplomatura-en-artes-circenses\/"]}]},{"@type":"ImageObject","inLanguage":"es","@id":"http:\/\/elregionalvm.com.ar\/noticias-villa-maria\/convenio-entre-la-municipalidad-y-la-unvm-para-dictar-una-diplomatura-en-artes-circenses\/#primaryimage","url":"https:\/\/i0.wp.com\/elregionalvm.com.ar\/noticias-villa-maria\/wp-content\/uploads\/2021\/08\/WhatsApp-Image-2021-08-30-at-13.53.59-1.jpeg?fit=1280%2C853&ssl=1","contentUrl":"https:\/\/i0.wp.com\/elregionalvm.com.ar\/noticias-villa-maria\/wp-content\/uploads\/2021\/08\/WhatsApp-Image-2021-08-30-at-13.53.59-1.jpeg?fit=1280%2C853&ssl=1","width":1280,"height":853},{"@type":"BreadcrumbList","@id":"http:\/\/elregionalvm.com.ar\/noticias-villa-maria\/convenio-entre-la-municipalidad-y-la-unvm-para-dictar-una-diplomatura-en-artes-circenses\/#breadcrumb","itemListElement":[{"@type":"ListItem","position":1,"name":"Portada","item":"https:\/\/elregionalvm.com.ar\/noticias-villa-maria\/"},{"@type":"ListItem","position":2,"name":"Convenio entre la Municipalidad y la UNVM para dictar una Diplomatura en Artes Circenses"}]},{"@type":"WebSite","@id":"http:\/\/elregionalvm.com.ar\/noticias-villa-maria\/#website","url":"http:\/\/elregionalvm.com.ar\/noticias-villa-maria\/","name":"El Regional","description":"Mucho m\u00e1s que informaci\u00f3n","potentialAction":[{"@type":"SearchAction","target":{"@type":"EntryPoint","urlTemplate":"http:\/\/elregionalvm.com.ar\/noticias-villa-maria\/?s={search_term_string}"},"query-input":{"@type":"PropertyValueSpecification","valueRequired":true,"valueName":"search_term_string"}}],"inLanguage":"es"},{"@type":"Person","@id":"http:\/\/elregionalvm.com.ar\/noticias-villa-maria\/#\/schema\/person\/a0fb9c422317faca23d50163151bc354","name":"Contenidos El Regional","image":{"@type":"ImageObject","inLanguage":"es","@id":"http:\/\/elregionalvm.com.ar\/noticias-villa-maria\/#\/schema\/person\/image\/","url":"https:\/\/secure.gravatar.com\/avatar\/265b27cb2209af7bb3a1318f03305787d7981a5cc6e6cd08fe5a4ecdf99d4b48?s=96&d=mm&r=g","contentUrl":"https:\/\/secure.gravatar.com\/avatar\/265b27cb2209af7bb3a1318f03305787d7981a5cc6e6cd08fe5a4ecdf99d4b48?s=96&d=mm&r=g","caption":"Contenidos El Regional"},"url":"https:\/\/elregionalvm.com.ar\/noticias-villa-maria\/author\/contenido\/"}]}},"jetpack_featured_media_url":"https:\/\/i0.wp.com\/elregionalvm.com.ar\/noticias-villa-maria\/wp-content\/uploads\/2021\/08\/WhatsApp-Image-2021-08-30-at-13.53.59-1.jpeg?fit=1280%2C853&ssl=1","jetpack_sharing_enabled":true,"_links":{"self":[{"href":"https:\/\/elregionalvm.com.ar\/noticias-villa-maria\/wp-json\/wp\/v2\/posts\/43749","targetHints":{"allow":["GET"]}}],"collection":[{"href":"https:\/\/elregionalvm.com.ar\/noticias-villa-maria\/wp-json\/wp\/v2\/posts"}],"about":[{"href":"https:\/\/elregionalvm.com.ar\/noticias-villa-maria\/wp-json\/wp\/v2\/types\/post"}],"author":[{"embeddable":true,"href":"https:\/\/elregionalvm.com.ar\/noticias-villa-maria\/wp-json\/wp\/v2\/users\/4"}],"replies":[{"embeddable":true,"href":"https:\/\/elregionalvm.com.ar\/noticias-villa-maria\/wp-json\/wp\/v2\/comments?post=43749"}],"version-history":[{"count":1,"href":"https:\/\/elregionalvm.com.ar\/noticias-villa-maria\/wp-json\/wp\/v2\/posts\/43749\/revisions"}],"predecessor-version":[{"id":43753,"href":"https:\/\/elregionalvm.com.ar\/noticias-villa-maria\/wp-json\/wp\/v2\/posts\/43749\/revisions\/43753"}],"wp:featuredmedia":[{"embeddable":true,"href":"https:\/\/elregionalvm.com.ar\/noticias-villa-maria\/wp-json\/wp\/v2\/media\/43752"}],"wp:attachment":[{"href":"https:\/\/elregionalvm.com.ar\/noticias-villa-maria\/wp-json\/wp\/v2\/media?parent=43749"}],"wp:term":[{"taxonomy":"category","embeddable":true,"href":"https:\/\/elregionalvm.com.ar\/noticias-villa-maria\/wp-json\/wp\/v2\/categories?post=43749"},{"taxonomy":"post_tag","embeddable":true,"href":"https:\/\/elregionalvm.com.ar\/noticias-villa-maria\/wp-json\/wp\/v2\/tags?post=43749"}],"curies":[{"name":"wp","href":"https:\/\/api.w.org\/{rel}","templated":true}]}}