{"id":43755,"date":"2021-08-31T02:05:03","date_gmt":"2021-08-31T02:05:03","guid":{"rendered":"https:\/\/elregionalvm.com.ar\/noticias-villa-maria\/?p=43755"},"modified":"2021-08-31T02:48:46","modified_gmt":"2021-08-31T02:48:46","slug":"cronograma-en-septiembre-realizaran-una-vacunacion-antirrabica-gratuita-por-los-barrios","status":"publish","type":"post","link":"https:\/\/elregionalvm.com.ar\/noticias-villa-maria\/cronograma-en-septiembre-realizaran-una-vacunacion-antirrabica-gratuita-por-los-barrios\/","title":{"rendered":"[CRONOGRAMA] &#8211; En septiembre realizar\u00e1n una vacunaci\u00f3n antirr\u00e1bica gratuita por los barrios"},"content":{"rendered":"\n<p>El municipio, a trav\u00e9s del Centro de Adopci\u00f3n Municipal (CAM), llevar\u00e1 adelante una nueva campa\u00f1a de vacunaci\u00f3n antirr\u00e1bica para perros y gatos, a partir del pr\u00f3ximo viernes 3 de septiembre. La iniciativa gratuita, se extender\u00e1 a lo largo de todo el mes llegando a los diferentes barrios de la ciudad mediante su implementaci\u00f3n en los MuniCerca y centros vecinales.<\/p>\n\n\n\n<p>De este modo, en un trabajo articulado entre las secretar\u00edas de Gobierno, Seguridad Ciudadana y Asuntos Legales y la de Inclusi\u00f3n Social y Territorio, se prev\u00e9 alcanzar la inmunizaci\u00f3n de animales dom\u00e9sticos que puedan contraer y transmitir la rabia. Al mismo tiempo, con la ejecuci\u00f3n de esta pol\u00edtica, se trabaja en el fomento y concientizaci\u00f3n de la tenencia responsable de mascotas, las cuales deben ser vacunadas cada a\u00f1o con esta dosis.<\/p>\n\n\n\n<p>En tanto, la campa\u00f1a comenzar\u00e1 a desarrollarse mediante una jornada que tendr\u00e1 lugar en el predio del CAM efectuando la vacunaci\u00f3n de los animales que all\u00ed habitan. De modo seguido, a partir de las 9:00 y hasta las 13:00 horas, veterinarios de la instituci\u00f3n municipal replicar\u00e1n la labor en diferentes puntos de la localidad y recorrer\u00e1n los domicilios conforme al siguiente cronograma:<\/p>\n\n\n\n<p><strong>Lunes 6<\/strong><br>\u2022 MuniCerca 1 (La Quiaca y Salta)<br>\u2022 Barrio San Nicol\u00e1s (Recorrido casa por casa)<\/p>\n\n\n\n<p><strong>Martes 7<\/strong><br>\u2022 MuniCerca 2 (Avenida Presidente Per\u00f3n 2756) &#8211; Barrios Las Playas, Evita, Industrial y Barrancas del R\u00edo.<br>\u2022 Barrio Las Playas, sector Las Estrellas (Recorrido casa por casa).<\/p>\n\n\n\n<p><strong>Mi\u00e9rcoles 8<\/strong><br>\u2022 MuniCerca 3 (Centro C\u00edvico) &#8211; Barrios Bello Horizonte, Malvinas Argentinas y San Mart\u00edn.<br>\u2022 Barrio Bello Horizonte \u2013 Centro Vecinal (Cartagena esq. Monte Hermoso).<\/p>\n\n\n\n<p><strong>Jueves 9<\/strong><br>\u2022 MuniCerca 4 (V\u00e9lez Sarsfield 411) &#8211; Barrios Roque S\u00e1enz Pe\u00f1a, La Calera, G\u00fcemes y Almirante Brown.<br>\u2022 Barrio La Calera \u2013 Plaza Gianantuonio (Recorrido casa por casa).<\/p>\n\n\n\n<p><strong>Viernes 10<\/strong><br>\u2022 MuniCerca 5 (Salom\u00f3n Gornitz Esq. Av. El Palmar) &#8211; Barrios Mariano Moreno, Las Acacias y Palermo y Palermo.<br>\u2022 Barrio Las Acacias \u2013 Centro Vecinal (Los Ceibales 770).<\/p>\n\n\n\n<p><strong>Lunes 13<\/strong><br>\u2022 MuniCerca 6 (Mercedarios y Alumin\u00e9) &#8211; Barrios San Juan Bautista, San Justo y Los Olmos.<br>\u2022 Centro Vecinal barrio Los Olmos (Incahuasi286-426).<\/p>\n\n\n\n<p><strong>Martes 14<\/strong><br>\u2022 MuniCerca 7 &#8211; (General Rawson Esq. La Quiaca) &#8211; Barrios Carlos Pellegrini Y Felipe Botta.<br>\u2022 Centro Vecinal barrio Felipe Botta \u2013 (Humauca 899). Recorrido casa por casa.<\/p>\n\n\n\n<p><strong>Mi\u00e9rcoles 15<\/strong><br>\u2022 MuniCerca 8 (Concejal Paradela 1335) &#8211; Barrios Parque Norte, Trinitarios, Ram\u00f3n Carrillo Y Belgrano.<br>\u2022 Centro Vecinal barrio Trinitarios (Lonardi 1572).<\/p>\n\n\n\n<p><strong>Jueves 16<\/strong><br>\u2022 Centro Vecinal barrio Sarmiento (Antonio Sobral 895) \u2013 Recorrido casa por casa.<br>\u2022 Centro Vecinal barrio Barrancas del R\u00edo \u2013Diaguitas 2475.<br>\u2022 Zona areneros Super Club.<br>\u2022 Sector de vagones barrio Las Playas.<\/p>\n\n\n\n<p><strong>Lunes 20<\/strong><br>\u2022 Barrio Malvinas Argentinas (Perazzolo 576) Play\u00f3n deportivo (Recorrido casa por casa).<\/p>\n\n\n\n<p><strong>Martes 21<\/strong><br>\u2022 Centro Vecinal barrio Industrial (Recorrido casa por casa).<\/p>\n\n\n\n<p><strong>Mi\u00e9rcoles 22<\/strong><br>\u2022 Centro Vecinal barrio Rivadavia (Malvinas Argentinas 1471).<br>\u2022 Centro Vecinal barrio Santa Ana.<\/p>\n\n\n\n<p><strong>Jueves 23<\/strong><br>\u2022 Barrio Centro \u2013 Plaza San Mart\u00edn, oficina 420.<\/p>\n\n\n\n<p><strong>Viernes 25<\/strong><br>\u2022 Barrio Industrial \u2013 Plazoleta H\u00e9roes de Malvinas \u2013 Gabinetes Ferrocarril.<\/p>\n\n\n\n<p>Es importante recordar que la vacunaci\u00f3n se encuentra destinada a mascotas con m\u00e1s de 3 meses de edad, las cuales deber\u00e1n concurrir con collar y correa. Al mismo tiempo, las personas responsables deben respetar la distancia social y utilizar correctamente el tapabocas.<\/p>\n","protected":false},"excerpt":{"rendered":"<p>El municipio, a trav\u00e9s del Centro de Adopci\u00f3n Municipal (CAM), llevar\u00e1 adelante una nueva campa\u00f1a de vacunaci\u00f3n antirr\u00e1bica para perros y gatos, a partir del pr\u00f3ximo viernes 3 de septiembre. La iniciativa gratuita, se extender\u00e1 a lo largo de todo el mes llegando a los diferentes barrios de la ciudad mediante su implementaci\u00f3n en los [&hellip;]<\/p>\n","protected":false},"author":4,"featured_media":43756,"comment_status":"open","ping_status":"open","sticky":false,"template":"","format":"standard","meta":{"site-sidebar-layout":"default","site-content-layout":"default","ast-site-content-layout":"default","site-content-style":"default","site-sidebar-style":"default","ast-global-header-display":"","ast-banner-title-visibility":"","ast-main-header-display":"","ast-hfb-above-header-display":"","ast-hfb-below-header-display":"","ast-hfb-mobile-header-display":"","site-post-title":"","ast-breadcrumbs-content":"","ast-featured-img":"","footer-sml-layout":"","ast-disable-related-posts":"","theme-transparent-header-meta":"default","adv-header-id-meta":"","stick-header-meta":"","header-above-stick-meta":"","header-main-stick-meta":"","header-below-stick-meta":"","astra-migrate-meta-layouts":"default","ast-page-background-enabled":"default","ast-page-background-meta":{"desktop":{"background-color":"","background-image":"","background-repeat":"repeat","background-position":"center center","background-size":"auto","background-attachment":"scroll","background-type":"","background-media":"","overlay-type":"","overlay-color":"","overlay-opacity":"","overlay-gradient":""},"tablet":{"background-color":"","background-image":"","background-repeat":"repeat","background-position":"center center","background-size":"auto","background-attachment":"scroll","background-type":"","background-media":"","overlay-type":"","overlay-color":"","overlay-opacity":"","overlay-gradient":""},"mobile":{"background-color":"","background-image":"","background-repeat":"repeat","background-position":"center center","background-size":"auto","background-attachment":"scroll","background-type":"","background-media":"","overlay-type":"","overlay-color":"","overlay-opacity":"","overlay-gradient":""}},"ast-content-background-meta":{"desktop":{"background-color":"var(--ast-global-color-5)","background-image":"","background-repeat":"repeat","background-position":"center center","background-size":"auto","background-attachment":"scroll","background-type":"","background-media":"","overlay-type":"","overlay-color":"","overlay-opacity":"","overlay-gradient":""},"tablet":{"background-color":"var(--ast-global-color-5)","background-image":"","background-repeat":"repeat","background-position":"center center","background-size":"auto","background-attachment":"scroll","background-type":"","background-media":"","overlay-type":"","overlay-color":"","overlay-opacity":"","overlay-gradient":""},"mobile":{"background-color":"var(--ast-global-color-5)","background-image":"","background-repeat":"repeat","background-position":"center center","background-size":"auto","background-attachment":"scroll","background-type":"","background-media":"","overlay-type":"","overlay-color":"","overlay-opacity":"","overlay-gradient":""}},"_jetpack_memberships_contains_paid_content":false,"_joinchat":[],"footnotes":""},"categories":[1],"tags":[2053,5175,10883,2474,2277],"class_list":["post-43755","post","type-post","status-publish","format-standard","has-post-thumbnail","hentry","category-sin-categoria","tag-barrios","tag-centros-vecinales","tag-mes-de-septiembre","tag-municipalidad-de-villa-maria","tag-vacunacion-antirrabica"],"yoast_head":"<!-- This site is optimized with the Yoast SEO plugin v26.8 - https:\/\/yoast.com\/product\/yoast-seo-wordpress\/ -->\n<title>[CRONOGRAMA] - En septiembre realizar\u00e1n una vacunaci\u00f3n antirr\u00e1bica gratuita por los barrios - El Regional<\/title>\n<meta name=\"robots\" content=\"index, follow, max-snippet:-1, max-image-preview:large, max-video-preview:-1\" \/>\n<link rel=\"canonical\" href=\"http:\/\/elregionalvm.com.ar\/noticias-villa-maria\/cronograma-en-septiembre-realizaran-una-vacunacion-antirrabica-gratuita-por-los-barrios\/\" \/>\n<meta property=\"og:locale\" content=\"es_ES\" \/>\n<meta property=\"og:type\" content=\"article\" \/>\n<meta property=\"og:title\" content=\"[CRONOGRAMA] - En septiembre realizar\u00e1n una vacunaci\u00f3n antirr\u00e1bica gratuita por los barrios - El Regional\" \/>\n<meta property=\"og:description\" content=\"El municipio, a trav\u00e9s del Centro de Adopci\u00f3n Municipal (CAM), llevar\u00e1 adelante una nueva campa\u00f1a de vacunaci\u00f3n antirr\u00e1bica para perros y gatos, a partir del pr\u00f3ximo viernes 3 de septiembre. La iniciativa gratuita, se extender\u00e1 a lo largo de todo el mes llegando a los diferentes barrios de la ciudad mediante su implementaci\u00f3n en los [&hellip;]\" \/>\n<meta property=\"og:url\" content=\"http:\/\/elregionalvm.com.ar\/noticias-villa-maria\/cronograma-en-septiembre-realizaran-una-vacunacion-antirrabica-gratuita-por-los-barrios\/\" \/>\n<meta property=\"og:site_name\" content=\"El Regional\" \/>\n<meta property=\"article:publisher\" content=\"https:\/\/www.facebook.com\/elregionalvm\" \/>\n<meta property=\"article:published_time\" content=\"2021-08-31T02:05:03+00:00\" \/>\n<meta property=\"article:modified_time\" content=\"2021-08-31T02:48:46+00:00\" \/>\n<meta property=\"og:image\" content=\"http:\/\/elregionalvm.com.ar\/noticias-villa-maria\/wp-content\/uploads\/2021\/08\/VACUNACION-ANTIRRABICA.jpg\" \/>\n\t<meta property=\"og:image:width\" content=\"1280\" \/>\n\t<meta property=\"og:image:height\" content=\"854\" \/>\n\t<meta property=\"og:image:type\" content=\"image\/jpeg\" \/>\n<meta name=\"author\" content=\"Contenidos El Regional\" \/>\n<meta name=\"twitter:card\" content=\"summary_large_image\" \/>\n<meta name=\"twitter:creator\" content=\"@elregionalvm1\" \/>\n<meta name=\"twitter:site\" content=\"@elregionalvm1\" \/>\n<meta name=\"twitter:label1\" content=\"Escrito por\" \/>\n\t<meta name=\"twitter:data1\" content=\"Contenidos El Regional\" \/>\n\t<meta name=\"twitter:label2\" content=\"Tiempo de lectura\" \/>\n\t<meta name=\"twitter:data2\" content=\"3 minutos\" \/>\n<script type=\"application\/ld+json\" class=\"yoast-schema-graph\">{\"@context\":\"https:\/\/schema.org\",\"@graph\":[{\"@type\":\"Article\",\"@id\":\"http:\/\/elregionalvm.com.ar\/noticias-villa-maria\/cronograma-en-septiembre-realizaran-una-vacunacion-antirrabica-gratuita-por-los-barrios\/#article\",\"isPartOf\":{\"@id\":\"http:\/\/elregionalvm.com.ar\/noticias-villa-maria\/cronograma-en-septiembre-realizaran-una-vacunacion-antirrabica-gratuita-por-los-barrios\/\"},\"author\":{\"name\":\"Contenidos El Regional\",\"@id\":\"http:\/\/elregionalvm.com.ar\/noticias-villa-maria\/#\/schema\/person\/a0fb9c422317faca23d50163151bc354\"},\"headline\":\"[CRONOGRAMA] &#8211; En septiembre realizar\u00e1n una vacunaci\u00f3n antirr\u00e1bica gratuita por los barrios\",\"datePublished\":\"2021-08-31T02:05:03+00:00\",\"dateModified\":\"2021-08-31T02:48:46+00:00\",\"mainEntityOfPage\":{\"@id\":\"http:\/\/elregionalvm.com.ar\/noticias-villa-maria\/cronograma-en-septiembre-realizaran-una-vacunacion-antirrabica-gratuita-por-los-barrios\/\"},\"wordCount\":536,\"commentCount\":0,\"image\":{\"@id\":\"http:\/\/elregionalvm.com.ar\/noticias-villa-maria\/cronograma-en-septiembre-realizaran-una-vacunacion-antirrabica-gratuita-por-los-barrios\/#primaryimage\"},\"thumbnailUrl\":\"https:\/\/i0.wp.com\/elregionalvm.com.ar\/noticias-villa-maria\/wp-content\/uploads\/2021\/08\/VACUNACION-ANTIRRABICA.jpg?fit=1280%2C854&ssl=1\",\"keywords\":[\"Barrios\",\"centros vecinales\",\"mes de septiembre\",\"Municipalidad de Villa Mar\u00eda\",\"Vacunaci\u00f3n antirr\u00e1bica\"],\"inLanguage\":\"es\",\"potentialAction\":[{\"@type\":\"CommentAction\",\"name\":\"Comment\",\"target\":[\"http:\/\/elregionalvm.com.ar\/noticias-villa-maria\/cronograma-en-septiembre-realizaran-una-vacunacion-antirrabica-gratuita-por-los-barrios\/#respond\"]}]},{\"@type\":\"WebPage\",\"@id\":\"http:\/\/elregionalvm.com.ar\/noticias-villa-maria\/cronograma-en-septiembre-realizaran-una-vacunacion-antirrabica-gratuita-por-los-barrios\/\",\"url\":\"http:\/\/elregionalvm.com.ar\/noticias-villa-maria\/cronograma-en-septiembre-realizaran-una-vacunacion-antirrabica-gratuita-por-los-barrios\/\",\"name\":\"[CRONOGRAMA] - En septiembre realizar\u00e1n una vacunaci\u00f3n antirr\u00e1bica gratuita por los barrios - El Regional\",\"isPartOf\":{\"@id\":\"http:\/\/elregionalvm.com.ar\/noticias-villa-maria\/#website\"},\"primaryImageOfPage\":{\"@id\":\"http:\/\/elregionalvm.com.ar\/noticias-villa-maria\/cronograma-en-septiembre-realizaran-una-vacunacion-antirrabica-gratuita-por-los-barrios\/#primaryimage\"},\"image\":{\"@id\":\"http:\/\/elregionalvm.com.ar\/noticias-villa-maria\/cronograma-en-septiembre-realizaran-una-vacunacion-antirrabica-gratuita-por-los-barrios\/#primaryimage\"},\"thumbnailUrl\":\"https:\/\/i0.wp.com\/elregionalvm.com.ar\/noticias-villa-maria\/wp-content\/uploads\/2021\/08\/VACUNACION-ANTIRRABICA.jpg?fit=1280%2C854&ssl=1\",\"datePublished\":\"2021-08-31T02:05:03+00:00\",\"dateModified\":\"2021-08-31T02:48:46+00:00\",\"author\":{\"@id\":\"http:\/\/elregionalvm.com.ar\/noticias-villa-maria\/#\/schema\/person\/a0fb9c422317faca23d50163151bc354\"},\"breadcrumb\":{\"@id\":\"http:\/\/elregionalvm.com.ar\/noticias-villa-maria\/cronograma-en-septiembre-realizaran-una-vacunacion-antirrabica-gratuita-por-los-barrios\/#breadcrumb\"},\"inLanguage\":\"es\",\"potentialAction\":[{\"@type\":\"ReadAction\",\"target\":[\"http:\/\/elregionalvm.com.ar\/noticias-villa-maria\/cronograma-en-septiembre-realizaran-una-vacunacion-antirrabica-gratuita-por-los-barrios\/\"]}]},{\"@type\":\"ImageObject\",\"inLanguage\":\"es\",\"@id\":\"http:\/\/elregionalvm.com.ar\/noticias-villa-maria\/cronograma-en-septiembre-realizaran-una-vacunacion-antirrabica-gratuita-por-los-barrios\/#primaryimage\",\"url\":\"https:\/\/i0.wp.com\/elregionalvm.com.ar\/noticias-villa-maria\/wp-content\/uploads\/2021\/08\/VACUNACION-ANTIRRABICA.jpg?fit=1280%2C854&ssl=1\",\"contentUrl\":\"https:\/\/i0.wp.com\/elregionalvm.com.ar\/noticias-villa-maria\/wp-content\/uploads\/2021\/08\/VACUNACION-ANTIRRABICA.jpg?fit=1280%2C854&ssl=1\",\"width\":1280,\"height\":854},{\"@type\":\"BreadcrumbList\",\"@id\":\"http:\/\/elregionalvm.com.ar\/noticias-villa-maria\/cronograma-en-septiembre-realizaran-una-vacunacion-antirrabica-gratuita-por-los-barrios\/#breadcrumb\",\"itemListElement\":[{\"@type\":\"ListItem\",\"position\":1,\"name\":\"Portada\",\"item\":\"https:\/\/elregionalvm.com.ar\/noticias-villa-maria\/\"},{\"@type\":\"ListItem\",\"position\":2,\"name\":\"[CRONOGRAMA] &#8211; En septiembre realizar\u00e1n una vacunaci\u00f3n antirr\u00e1bica gratuita por los barrios\"}]},{\"@type\":\"WebSite\",\"@id\":\"http:\/\/elregionalvm.com.ar\/noticias-villa-maria\/#website\",\"url\":\"http:\/\/elregionalvm.com.ar\/noticias-villa-maria\/\",\"name\":\"El Regional\",\"description\":\"Mucho m\u00e1s que informaci\u00f3n\",\"potentialAction\":[{\"@type\":\"SearchAction\",\"target\":{\"@type\":\"EntryPoint\",\"urlTemplate\":\"http:\/\/elregionalvm.com.ar\/noticias-villa-maria\/?s={search_term_string}\"},\"query-input\":{\"@type\":\"PropertyValueSpecification\",\"valueRequired\":true,\"valueName\":\"search_term_string\"}}],\"inLanguage\":\"es\"},{\"@type\":\"Person\",\"@id\":\"http:\/\/elregionalvm.com.ar\/noticias-villa-maria\/#\/schema\/person\/a0fb9c422317faca23d50163151bc354\",\"name\":\"Contenidos El Regional\",\"image\":{\"@type\":\"ImageObject\",\"inLanguage\":\"es\",\"@id\":\"http:\/\/elregionalvm.com.ar\/noticias-villa-maria\/#\/schema\/person\/image\/\",\"url\":\"https:\/\/secure.gravatar.com\/avatar\/265b27cb2209af7bb3a1318f03305787d7981a5cc6e6cd08fe5a4ecdf99d4b48?s=96&d=mm&r=g\",\"contentUrl\":\"https:\/\/secure.gravatar.com\/avatar\/265b27cb2209af7bb3a1318f03305787d7981a5cc6e6cd08fe5a4ecdf99d4b48?s=96&d=mm&r=g\",\"caption\":\"Contenidos El Regional\"},\"url\":\"https:\/\/elregionalvm.com.ar\/noticias-villa-maria\/author\/contenido\/\"}]}<\/script>\n<!-- \/ Yoast SEO plugin. -->","yoast_head_json":{"title":"[CRONOGRAMA] - En septiembre realizar\u00e1n una vacunaci\u00f3n antirr\u00e1bica gratuita por los barrios - El Regional","robots":{"index":"index","follow":"follow","max-snippet":"max-snippet:-1","max-image-preview":"max-image-preview:large","max-video-preview":"max-video-preview:-1"},"canonical":"http:\/\/elregionalvm.com.ar\/noticias-villa-maria\/cronograma-en-septiembre-realizaran-una-vacunacion-antirrabica-gratuita-por-los-barrios\/","og_locale":"es_ES","og_type":"article","og_title":"[CRONOGRAMA] - En septiembre realizar\u00e1n una vacunaci\u00f3n antirr\u00e1bica gratuita por los barrios - El Regional","og_description":"El municipio, a trav\u00e9s del Centro de Adopci\u00f3n Municipal (CAM), llevar\u00e1 adelante una nueva campa\u00f1a de vacunaci\u00f3n antirr\u00e1bica para perros y gatos, a partir del pr\u00f3ximo viernes 3 de septiembre. La iniciativa gratuita, se extender\u00e1 a lo largo de todo el mes llegando a los diferentes barrios de la ciudad mediante su implementaci\u00f3n en los [&hellip;]","og_url":"http:\/\/elregionalvm.com.ar\/noticias-villa-maria\/cronograma-en-septiembre-realizaran-una-vacunacion-antirrabica-gratuita-por-los-barrios\/","og_site_name":"El Regional","article_publisher":"https:\/\/www.facebook.com\/elregionalvm","article_published_time":"2021-08-31T02:05:03+00:00","article_modified_time":"2021-08-31T02:48:46+00:00","og_image":[{"width":1280,"height":854,"url":"http:\/\/elregionalvm.com.ar\/noticias-villa-maria\/wp-content\/uploads\/2021\/08\/VACUNACION-ANTIRRABICA.jpg","type":"image\/jpeg"}],"author":"Contenidos El Regional","twitter_card":"summary_large_image","twitter_creator":"@elregionalvm1","twitter_site":"@elregionalvm1","twitter_misc":{"Escrito por":"Contenidos El Regional","Tiempo de lectura":"3 minutos"},"schema":{"@context":"https:\/\/schema.org","@graph":[{"@type":"Article","@id":"http:\/\/elregionalvm.com.ar\/noticias-villa-maria\/cronograma-en-septiembre-realizaran-una-vacunacion-antirrabica-gratuita-por-los-barrios\/#article","isPartOf":{"@id":"http:\/\/elregionalvm.com.ar\/noticias-villa-maria\/cronograma-en-septiembre-realizaran-una-vacunacion-antirrabica-gratuita-por-los-barrios\/"},"author":{"name":"Contenidos El Regional","@id":"http:\/\/elregionalvm.com.ar\/noticias-villa-maria\/#\/schema\/person\/a0fb9c422317faca23d50163151bc354"},"headline":"[CRONOGRAMA] &#8211; En septiembre realizar\u00e1n una vacunaci\u00f3n antirr\u00e1bica gratuita por los barrios","datePublished":"2021-08-31T02:05:03+00:00","dateModified":"2021-08-31T02:48:46+00:00","mainEntityOfPage":{"@id":"http:\/\/elregionalvm.com.ar\/noticias-villa-maria\/cronograma-en-septiembre-realizaran-una-vacunacion-antirrabica-gratuita-por-los-barrios\/"},"wordCount":536,"commentCount":0,"image":{"@id":"http:\/\/elregionalvm.com.ar\/noticias-villa-maria\/cronograma-en-septiembre-realizaran-una-vacunacion-antirrabica-gratuita-por-los-barrios\/#primaryimage"},"thumbnailUrl":"https:\/\/i0.wp.com\/elregionalvm.com.ar\/noticias-villa-maria\/wp-content\/uploads\/2021\/08\/VACUNACION-ANTIRRABICA.jpg?fit=1280%2C854&ssl=1","keywords":["Barrios","centros vecinales","mes de septiembre","Municipalidad de Villa Mar\u00eda","Vacunaci\u00f3n antirr\u00e1bica"],"inLanguage":"es","potentialAction":[{"@type":"CommentAction","name":"Comment","target":["http:\/\/elregionalvm.com.ar\/noticias-villa-maria\/cronograma-en-septiembre-realizaran-una-vacunacion-antirrabica-gratuita-por-los-barrios\/#respond"]}]},{"@type":"WebPage","@id":"http:\/\/elregionalvm.com.ar\/noticias-villa-maria\/cronograma-en-septiembre-realizaran-una-vacunacion-antirrabica-gratuita-por-los-barrios\/","url":"http:\/\/elregionalvm.com.ar\/noticias-villa-maria\/cronograma-en-septiembre-realizaran-una-vacunacion-antirrabica-gratuita-por-los-barrios\/","name":"[CRONOGRAMA] - En septiembre realizar\u00e1n una vacunaci\u00f3n antirr\u00e1bica gratuita por los barrios - El Regional","isPartOf":{"@id":"http:\/\/elregionalvm.com.ar\/noticias-villa-maria\/#website"},"primaryImageOfPage":{"@id":"http:\/\/elregionalvm.com.ar\/noticias-villa-maria\/cronograma-en-septiembre-realizaran-una-vacunacion-antirrabica-gratuita-por-los-barrios\/#primaryimage"},"image":{"@id":"http:\/\/elregionalvm.com.ar\/noticias-villa-maria\/cronograma-en-septiembre-realizaran-una-vacunacion-antirrabica-gratuita-por-los-barrios\/#primaryimage"},"thumbnailUrl":"https:\/\/i0.wp.com\/elregionalvm.com.ar\/noticias-villa-maria\/wp-content\/uploads\/2021\/08\/VACUNACION-ANTIRRABICA.jpg?fit=1280%2C854&ssl=1","datePublished":"2021-08-31T02:05:03+00:00","dateModified":"2021-08-31T02:48:46+00:00","author":{"@id":"http:\/\/elregionalvm.com.ar\/noticias-villa-maria\/#\/schema\/person\/a0fb9c422317faca23d50163151bc354"},"breadcrumb":{"@id":"http:\/\/elregionalvm.com.ar\/noticias-villa-maria\/cronograma-en-septiembre-realizaran-una-vacunacion-antirrabica-gratuita-por-los-barrios\/#breadcrumb"},"inLanguage":"es","potentialAction":[{"@type":"ReadAction","target":["http:\/\/elregionalvm.com.ar\/noticias-villa-maria\/cronograma-en-septiembre-realizaran-una-vacunacion-antirrabica-gratuita-por-los-barrios\/"]}]},{"@type":"ImageObject","inLanguage":"es","@id":"http:\/\/elregionalvm.com.ar\/noticias-villa-maria\/cronograma-en-septiembre-realizaran-una-vacunacion-antirrabica-gratuita-por-los-barrios\/#primaryimage","url":"https:\/\/i0.wp.com\/elregionalvm.com.ar\/noticias-villa-maria\/wp-content\/uploads\/2021\/08\/VACUNACION-ANTIRRABICA.jpg?fit=1280%2C854&ssl=1","contentUrl":"https:\/\/i0.wp.com\/elregionalvm.com.ar\/noticias-villa-maria\/wp-content\/uploads\/2021\/08\/VACUNACION-ANTIRRABICA.jpg?fit=1280%2C854&ssl=1","width":1280,"height":854},{"@type":"BreadcrumbList","@id":"http:\/\/elregionalvm.com.ar\/noticias-villa-maria\/cronograma-en-septiembre-realizaran-una-vacunacion-antirrabica-gratuita-por-los-barrios\/#breadcrumb","itemListElement":[{"@type":"ListItem","position":1,"name":"Portada","item":"https:\/\/elregionalvm.com.ar\/noticias-villa-maria\/"},{"@type":"ListItem","position":2,"name":"[CRONOGRAMA] &#8211; En septiembre realizar\u00e1n una vacunaci\u00f3n antirr\u00e1bica gratuita por los barrios"}]},{"@type":"WebSite","@id":"http:\/\/elregionalvm.com.ar\/noticias-villa-maria\/#website","url":"http:\/\/elregionalvm.com.ar\/noticias-villa-maria\/","name":"El Regional","description":"Mucho m\u00e1s que informaci\u00f3n","potentialAction":[{"@type":"SearchAction","target":{"@type":"EntryPoint","urlTemplate":"http:\/\/elregionalvm.com.ar\/noticias-villa-maria\/?s={search_term_string}"},"query-input":{"@type":"PropertyValueSpecification","valueRequired":true,"valueName":"search_term_string"}}],"inLanguage":"es"},{"@type":"Person","@id":"http:\/\/elregionalvm.com.ar\/noticias-villa-maria\/#\/schema\/person\/a0fb9c422317faca23d50163151bc354","name":"Contenidos El Regional","image":{"@type":"ImageObject","inLanguage":"es","@id":"http:\/\/elregionalvm.com.ar\/noticias-villa-maria\/#\/schema\/person\/image\/","url":"https:\/\/secure.gravatar.com\/avatar\/265b27cb2209af7bb3a1318f03305787d7981a5cc6e6cd08fe5a4ecdf99d4b48?s=96&d=mm&r=g","contentUrl":"https:\/\/secure.gravatar.com\/avatar\/265b27cb2209af7bb3a1318f03305787d7981a5cc6e6cd08fe5a4ecdf99d4b48?s=96&d=mm&r=g","caption":"Contenidos El Regional"},"url":"https:\/\/elregionalvm.com.ar\/noticias-villa-maria\/author\/contenido\/"}]}},"jetpack_featured_media_url":"https:\/\/i0.wp.com\/elregionalvm.com.ar\/noticias-villa-maria\/wp-content\/uploads\/2021\/08\/VACUNACION-ANTIRRABICA.jpg?fit=1280%2C854&ssl=1","jetpack_sharing_enabled":true,"_links":{"self":[{"href":"https:\/\/elregionalvm.com.ar\/noticias-villa-maria\/wp-json\/wp\/v2\/posts\/43755","targetHints":{"allow":["GET"]}}],"collection":[{"href":"https:\/\/elregionalvm.com.ar\/noticias-villa-maria\/wp-json\/wp\/v2\/posts"}],"about":[{"href":"https:\/\/elregionalvm.com.ar\/noticias-villa-maria\/wp-json\/wp\/v2\/types\/post"}],"author":[{"embeddable":true,"href":"https:\/\/elregionalvm.com.ar\/noticias-villa-maria\/wp-json\/wp\/v2\/users\/4"}],"replies":[{"embeddable":true,"href":"https:\/\/elregionalvm.com.ar\/noticias-villa-maria\/wp-json\/wp\/v2\/comments?post=43755"}],"version-history":[{"count":1,"href":"https:\/\/elregionalvm.com.ar\/noticias-villa-maria\/wp-json\/wp\/v2\/posts\/43755\/revisions"}],"predecessor-version":[{"id":43757,"href":"https:\/\/elregionalvm.com.ar\/noticias-villa-maria\/wp-json\/wp\/v2\/posts\/43755\/revisions\/43757"}],"wp:featuredmedia":[{"embeddable":true,"href":"https:\/\/elregionalvm.com.ar\/noticias-villa-maria\/wp-json\/wp\/v2\/media\/43756"}],"wp:attachment":[{"href":"https:\/\/elregionalvm.com.ar\/noticias-villa-maria\/wp-json\/wp\/v2\/media?parent=43755"}],"wp:term":[{"taxonomy":"category","embeddable":true,"href":"https:\/\/elregionalvm.com.ar\/noticias-villa-maria\/wp-json\/wp\/v2\/categories?post=43755"},{"taxonomy":"post_tag","embeddable":true,"href":"https:\/\/elregionalvm.com.ar\/noticias-villa-maria\/wp-json\/wp\/v2\/tags?post=43755"}],"curies":[{"name":"wp","href":"https:\/\/api.w.org\/{rel}","templated":true}]}}