{"id":43776,"date":"2021-08-31T02:39:51","date_gmt":"2021-08-31T02:39:51","guid":{"rendered":"https:\/\/elregionalvm.com.ar\/noticias-villa-maria\/?p=43776"},"modified":"2021-08-31T02:53:48","modified_gmt":"2021-08-31T02:53:48","slug":"carne-con-sulfito-procesaron-a-cinco-de-los-nueve-imputados","status":"publish","type":"post","link":"https:\/\/elregionalvm.com.ar\/noticias-villa-maria\/carne-con-sulfito-procesaron-a-cinco-de-los-nueve-imputados\/","title":{"rendered":"Carne con sulfito: Procesaron a cinco de los nueve imputados"},"content":{"rendered":"\n<p><strong>La justicia federal de Villa Mar\u00eda imput\u00f3 a cuatro personas como presuntos coautores del delito de \u00abasociaci\u00f3n Il\u00edcita\u00bb y al otro por vender la carne adulterada al p\u00fablico. El juez Rebak tambi\u00e9n decret\u00f3 la falta de m\u00e9rito para cuatro carniceros.<\/strong> <\/p>\n\n\n\n<p><\/p>\n\n\n\n<p>El juez federal de Villa Mar\u00eda -a cargo del Juzgado Federal de San Francisco- Roque Ram\u00f3n Rebak, proces\u00f3 a cinco de los nueve imputados vinculados a la causa conocida como \u00abcarne con sulfito\u00bb. La imputaci\u00f3n es por presuntos coautores del delito de \u00abasociaci\u00f3n Il\u00edcita\u00bb y el procesamiento alcanza a Javier Rodolfo Besuzzo (47), Mar\u00eda de los \u00c1ngeles Macagno (45), Gisel Soledad Valle (30) y Sergio Jos\u00e9 Valle (57), \u00e9ste \u00faltimo sindicado como l\u00edder de la organizaci\u00f3n.<\/p>\n\n\n\n<p>Por otra parte, tambi\u00e9n fue procesado Maximiliano Valle (34), quien a sabiendas del mal estado en que se encontraban los animales que faenaban, vend\u00eda la carne al p\u00fablico. En su caso se le dict\u00f3 falta de m\u00e9rito en relaci\u00f3n a la \u00abasociaci\u00f3n Il\u00edcita\u00bb, pero se lo proces\u00f3 \u00abpor poner a la venta sustancias alimenticias adulteradas de modo nocivo para la salud p\u00fablica\u00bb, delito contemplado en el C\u00f3digo Penal.<\/p>\n\n\n\n<p>La Justicia Federal tambi\u00e9n decidi\u00f3 trabar embargo sobre los bienes de los procesados. En el caso de Sergio Valle hasta cubrir los $ 100.000 y $ 50.000 -a cada uno- al resto. Si bien el magistrado no orden\u00f3 la prisi\u00f3n preventiva de ninguno de los procesados, s\u00ed les dict\u00f3 una serie de requisitos para poder continuar en libertad el proceso. Seg\u00fan se pudo conocer, cada vez que a los imputados se los cit\u00f3, comparecieron a derecho.<\/p>\n\n\n\n<p>El juez Rebak tambi\u00e9n decret\u00f3 la falta de m\u00e9rito para procesar o sobreseer al resto de los imputados, quienes oficiaban de carniceros. Ellos son Christian Lucas Olmos Quiroga (22), Rogelio Albano Cabrera (53), Jonathan Ezequiel C\u00f3rdoba (25) y Gerardo \u00c1ngel Novara (47).<\/p>\n\n\n\n<p><strong>La causa <\/strong><\/p>\n\n\n\n<p>La investigaci\u00f3n por la presunta comercializaci\u00f3n de carne en mal estado fue iniciada a mediados de mayo de 2019 por el entonces fiscal federal Lu\u00eds Mar\u00eda Viaut, investigaci\u00f3n que luego continu\u00f3 quien lo subroga en el cargo, la fiscal federal de Villa Mar\u00eda Mar\u00eda Marta Schianni.<\/p>\n\n\n\n<p>En ocasi\u00f3n de los allanamientos ordenados por el entonces juez federal Pablo Montesi, Gendarmer\u00eda Nacional junto a inspectores del Senasa y de Bromatolog\u00eda de la Municipalidad de San Francisco, secuestraron 2.771 kilos de carne vacuna en avanzado estado de descomposici\u00f3n y no apta para el consumo humano. La investigaci\u00f3n se inici\u00f3 a partir de la presentaci\u00f3n de un testigo que inform\u00f3 que, en Colonia San Pedro, al norte del departamento San Justo, hab\u00eda un lugar que presuntamente funcionaba como criadero de cerdos, pero que en realidad era utilizado para depostar los animales muertos que adquir\u00edan en los campos.<\/p>\n\n\n\n<p>A quienes les adquir\u00edan los animales les dec\u00edan que iban a ser utilizados para alimentar porcinos, cuando en relaci\u00f3n la carne era lavada, sometida a un proceso y trasladada a un domicilio de la ciudad de Frontera, desde donde se distribu\u00eda a diferentes carnicer\u00edas.<\/p>\n\n\n\n<p><\/p>\n\n\n\n<p><em>Fuente: La Voz de San Justo<\/em><\/p>\n","protected":false},"excerpt":{"rendered":"<p>La justicia federal de Villa Mar\u00eda imput\u00f3 a cuatro personas como presuntos coautores del delito de \u00abasociaci\u00f3n Il\u00edcita\u00bb y al otro por vender la carne adulterada al p\u00fablico. El juez Rebak tambi\u00e9n decret\u00f3 la falta de m\u00e9rito para cuatro carniceros. El juez federal de Villa Mar\u00eda -a cargo del Juzgado Federal de San Francisco- Roque [&hellip;]<\/p>\n","protected":false},"author":4,"featured_media":43777,"comment_status":"open","ping_status":"open","sticky":false,"template":"","format":"standard","meta":{"site-sidebar-layout":"default","site-content-layout":"default","ast-site-content-layout":"default","site-content-style":"default","site-sidebar-style":"default","ast-global-header-display":"","ast-banner-title-visibility":"","ast-main-header-display":"","ast-hfb-above-header-display":"","ast-hfb-below-header-display":"","ast-hfb-mobile-header-display":"","site-post-title":"","ast-breadcrumbs-content":"","ast-featured-img":"","footer-sml-layout":"","ast-disable-related-posts":"","theme-transparent-header-meta":"default","adv-header-id-meta":"","stick-header-meta":"","header-above-stick-meta":"","header-main-stick-meta":"","header-below-stick-meta":"","astra-migrate-meta-layouts":"default","ast-page-background-enabled":"default","ast-page-background-meta":{"desktop":{"background-color":"","background-image":"","background-repeat":"repeat","background-position":"center center","background-size":"auto","background-attachment":"scroll","background-type":"","background-media":"","overlay-type":"","overlay-color":"","overlay-opacity":"","overlay-gradient":""},"tablet":{"background-color":"","background-image":"","background-repeat":"repeat","background-position":"center center","background-size":"auto","background-attachment":"scroll","background-type":"","background-media":"","overlay-type":"","overlay-color":"","overlay-opacity":"","overlay-gradient":""},"mobile":{"background-color":"","background-image":"","background-repeat":"repeat","background-position":"center center","background-size":"auto","background-attachment":"scroll","background-type":"","background-media":"","overlay-type":"","overlay-color":"","overlay-opacity":"","overlay-gradient":""}},"ast-content-background-meta":{"desktop":{"background-color":"var(--ast-global-color-5)","background-image":"","background-repeat":"repeat","background-position":"center center","background-size":"auto","background-attachment":"scroll","background-type":"","background-media":"","overlay-type":"","overlay-color":"","overlay-opacity":"","overlay-gradient":""},"tablet":{"background-color":"var(--ast-global-color-5)","background-image":"","background-repeat":"repeat","background-position":"center center","background-size":"auto","background-attachment":"scroll","background-type":"","background-media":"","overlay-type":"","overlay-color":"","overlay-opacity":"","overlay-gradient":""},"mobile":{"background-color":"var(--ast-global-color-5)","background-image":"","background-repeat":"repeat","background-position":"center center","background-size":"auto","background-attachment":"scroll","background-type":"","background-media":"","overlay-type":"","overlay-color":"","overlay-opacity":"","overlay-gradient":""}},"_jetpack_memberships_contains_paid_content":false,"_joinchat":[],"footnotes":""},"categories":[2091],"tags":[10886,10887,10888,1232,10891,10890,10889],"class_list":["post-43776","post","type-post","status-publish","format-standard","has-post-thumbnail","hentry","category-region","tag-carne-con-sulfito","tag-causa","tag-cinco-procesados","tag-destacado","tag-juez-rebak","tag-justicia-federal-villa-maria","tag-nueve-imputados"],"yoast_head":"<!-- This site is optimized with the Yoast SEO plugin v26.8 - https:\/\/yoast.com\/product\/yoast-seo-wordpress\/ -->\n<title>Carne con sulfito: Procesaron a cinco de los nueve imputados - El Regional<\/title>\n<meta name=\"description\" content=\"La Justicia Federal imput\u00f3 a cuatro presuntos coautores del delito de &quot;asociaci\u00f3n Il\u00edcita&quot; y a otro por vender carne adulterada.\" \/>\n<meta name=\"robots\" content=\"index, follow, max-snippet:-1, max-image-preview:large, max-video-preview:-1\" \/>\n<link rel=\"canonical\" href=\"http:\/\/elregionalvm.com.ar\/noticias-villa-maria\/carne-con-sulfito-procesaron-a-cinco-de-los-nueve-imputados\/\" \/>\n<meta property=\"og:locale\" content=\"es_ES\" \/>\n<meta property=\"og:type\" content=\"article\" \/>\n<meta property=\"og:title\" content=\"Carne con sulfito: Procesaron a cinco de los nueve imputados - El Regional\" \/>\n<meta property=\"og:description\" content=\"La Justicia Federal imput\u00f3 a cuatro presuntos coautores del delito de &quot;asociaci\u00f3n Il\u00edcita&quot; y a otro por vender carne adulterada.\" \/>\n<meta property=\"og:url\" content=\"http:\/\/elregionalvm.com.ar\/noticias-villa-maria\/carne-con-sulfito-procesaron-a-cinco-de-los-nueve-imputados\/\" \/>\n<meta property=\"og:site_name\" content=\"El Regional\" \/>\n<meta property=\"article:publisher\" content=\"https:\/\/www.facebook.com\/elregionalvm\" \/>\n<meta property=\"article:published_time\" content=\"2021-08-31T02:39:51+00:00\" \/>\n<meta property=\"article:modified_time\" content=\"2021-08-31T02:53:48+00:00\" \/>\n<meta property=\"og:image\" content=\"http:\/\/elregionalvm.com.ar\/noticias-villa-maria\/wp-content\/uploads\/2021\/08\/carne-con-sulfito.jpg\" \/>\n\t<meta property=\"og:image:width\" content=\"800\" \/>\n\t<meta property=\"og:image:height\" content=\"600\" \/>\n\t<meta property=\"og:image:type\" content=\"image\/jpeg\" \/>\n<meta name=\"author\" content=\"Contenidos El Regional\" \/>\n<meta name=\"twitter:card\" content=\"summary_large_image\" \/>\n<meta name=\"twitter:creator\" content=\"@elregionalvm1\" \/>\n<meta name=\"twitter:site\" content=\"@elregionalvm1\" \/>\n<meta name=\"twitter:label1\" content=\"Escrito por\" \/>\n\t<meta name=\"twitter:data1\" content=\"Contenidos El Regional\" \/>\n\t<meta name=\"twitter:label2\" content=\"Tiempo de lectura\" \/>\n\t<meta name=\"twitter:data2\" content=\"3 minutos\" \/>\n<script type=\"application\/ld+json\" class=\"yoast-schema-graph\">{\"@context\":\"https:\/\/schema.org\",\"@graph\":[{\"@type\":\"Article\",\"@id\":\"http:\/\/elregionalvm.com.ar\/noticias-villa-maria\/carne-con-sulfito-procesaron-a-cinco-de-los-nueve-imputados\/#article\",\"isPartOf\":{\"@id\":\"http:\/\/elregionalvm.com.ar\/noticias-villa-maria\/carne-con-sulfito-procesaron-a-cinco-de-los-nueve-imputados\/\"},\"author\":{\"name\":\"Contenidos El Regional\",\"@id\":\"http:\/\/elregionalvm.com.ar\/noticias-villa-maria\/#\/schema\/person\/a0fb9c422317faca23d50163151bc354\"},\"headline\":\"Carne con sulfito: Procesaron a cinco de los nueve imputados\",\"datePublished\":\"2021-08-31T02:39:51+00:00\",\"dateModified\":\"2021-08-31T02:53:48+00:00\",\"mainEntityOfPage\":{\"@id\":\"http:\/\/elregionalvm.com.ar\/noticias-villa-maria\/carne-con-sulfito-procesaron-a-cinco-de-los-nueve-imputados\/\"},\"wordCount\":542,\"commentCount\":0,\"image\":{\"@id\":\"http:\/\/elregionalvm.com.ar\/noticias-villa-maria\/carne-con-sulfito-procesaron-a-cinco-de-los-nueve-imputados\/#primaryimage\"},\"thumbnailUrl\":\"https:\/\/i0.wp.com\/elregionalvm.com.ar\/noticias-villa-maria\/wp-content\/uploads\/2021\/08\/carne-con-sulfito.jpg?fit=800%2C600&ssl=1\",\"keywords\":[\"carne con sulfito\",\"causa\",\"cinco procesados\",\"destacado\",\"Juez Rebak\",\"Justicia Federal Villa Mar\u00eda\",\"nueve imputados\"],\"articleSection\":[\"Regi\u00f3n\"],\"inLanguage\":\"es\",\"potentialAction\":[{\"@type\":\"CommentAction\",\"name\":\"Comment\",\"target\":[\"http:\/\/elregionalvm.com.ar\/noticias-villa-maria\/carne-con-sulfito-procesaron-a-cinco-de-los-nueve-imputados\/#respond\"]}]},{\"@type\":\"WebPage\",\"@id\":\"http:\/\/elregionalvm.com.ar\/noticias-villa-maria\/carne-con-sulfito-procesaron-a-cinco-de-los-nueve-imputados\/\",\"url\":\"http:\/\/elregionalvm.com.ar\/noticias-villa-maria\/carne-con-sulfito-procesaron-a-cinco-de-los-nueve-imputados\/\",\"name\":\"Carne con sulfito: Procesaron a cinco de los nueve imputados - El Regional\",\"isPartOf\":{\"@id\":\"http:\/\/elregionalvm.com.ar\/noticias-villa-maria\/#website\"},\"primaryImageOfPage\":{\"@id\":\"http:\/\/elregionalvm.com.ar\/noticias-villa-maria\/carne-con-sulfito-procesaron-a-cinco-de-los-nueve-imputados\/#primaryimage\"},\"image\":{\"@id\":\"http:\/\/elregionalvm.com.ar\/noticias-villa-maria\/carne-con-sulfito-procesaron-a-cinco-de-los-nueve-imputados\/#primaryimage\"},\"thumbnailUrl\":\"https:\/\/i0.wp.com\/elregionalvm.com.ar\/noticias-villa-maria\/wp-content\/uploads\/2021\/08\/carne-con-sulfito.jpg?fit=800%2C600&ssl=1\",\"datePublished\":\"2021-08-31T02:39:51+00:00\",\"dateModified\":\"2021-08-31T02:53:48+00:00\",\"author\":{\"@id\":\"http:\/\/elregionalvm.com.ar\/noticias-villa-maria\/#\/schema\/person\/a0fb9c422317faca23d50163151bc354\"},\"description\":\"La Justicia Federal imput\u00f3 a cuatro presuntos coautores del delito de \\\"asociaci\u00f3n Il\u00edcita\\\" y a otro por vender carne adulterada.\",\"breadcrumb\":{\"@id\":\"http:\/\/elregionalvm.com.ar\/noticias-villa-maria\/carne-con-sulfito-procesaron-a-cinco-de-los-nueve-imputados\/#breadcrumb\"},\"inLanguage\":\"es\",\"potentialAction\":[{\"@type\":\"ReadAction\",\"target\":[\"http:\/\/elregionalvm.com.ar\/noticias-villa-maria\/carne-con-sulfito-procesaron-a-cinco-de-los-nueve-imputados\/\"]}]},{\"@type\":\"ImageObject\",\"inLanguage\":\"es\",\"@id\":\"http:\/\/elregionalvm.com.ar\/noticias-villa-maria\/carne-con-sulfito-procesaron-a-cinco-de-los-nueve-imputados\/#primaryimage\",\"url\":\"https:\/\/i0.wp.com\/elregionalvm.com.ar\/noticias-villa-maria\/wp-content\/uploads\/2021\/08\/carne-con-sulfito.jpg?fit=800%2C600&ssl=1\",\"contentUrl\":\"https:\/\/i0.wp.com\/elregionalvm.com.ar\/noticias-villa-maria\/wp-content\/uploads\/2021\/08\/carne-con-sulfito.jpg?fit=800%2C600&ssl=1\",\"width\":800,\"height\":600},{\"@type\":\"BreadcrumbList\",\"@id\":\"http:\/\/elregionalvm.com.ar\/noticias-villa-maria\/carne-con-sulfito-procesaron-a-cinco-de-los-nueve-imputados\/#breadcrumb\",\"itemListElement\":[{\"@type\":\"ListItem\",\"position\":1,\"name\":\"Portada\",\"item\":\"https:\/\/elregionalvm.com.ar\/noticias-villa-maria\/\"},{\"@type\":\"ListItem\",\"position\":2,\"name\":\"Carne con sulfito: Procesaron a cinco de los nueve imputados\"}]},{\"@type\":\"WebSite\",\"@id\":\"http:\/\/elregionalvm.com.ar\/noticias-villa-maria\/#website\",\"url\":\"http:\/\/elregionalvm.com.ar\/noticias-villa-maria\/\",\"name\":\"El Regional\",\"description\":\"Mucho m\u00e1s que informaci\u00f3n\",\"potentialAction\":[{\"@type\":\"SearchAction\",\"target\":{\"@type\":\"EntryPoint\",\"urlTemplate\":\"http:\/\/elregionalvm.com.ar\/noticias-villa-maria\/?s={search_term_string}\"},\"query-input\":{\"@type\":\"PropertyValueSpecification\",\"valueRequired\":true,\"valueName\":\"search_term_string\"}}],\"inLanguage\":\"es\"},{\"@type\":\"Person\",\"@id\":\"http:\/\/elregionalvm.com.ar\/noticias-villa-maria\/#\/schema\/person\/a0fb9c422317faca23d50163151bc354\",\"name\":\"Contenidos El Regional\",\"image\":{\"@type\":\"ImageObject\",\"inLanguage\":\"es\",\"@id\":\"http:\/\/elregionalvm.com.ar\/noticias-villa-maria\/#\/schema\/person\/image\/\",\"url\":\"https:\/\/secure.gravatar.com\/avatar\/265b27cb2209af7bb3a1318f03305787d7981a5cc6e6cd08fe5a4ecdf99d4b48?s=96&d=mm&r=g\",\"contentUrl\":\"https:\/\/secure.gravatar.com\/avatar\/265b27cb2209af7bb3a1318f03305787d7981a5cc6e6cd08fe5a4ecdf99d4b48?s=96&d=mm&r=g\",\"caption\":\"Contenidos El Regional\"},\"url\":\"https:\/\/elregionalvm.com.ar\/noticias-villa-maria\/author\/contenido\/\"}]}<\/script>\n<!-- \/ Yoast SEO plugin. -->","yoast_head_json":{"title":"Carne con sulfito: Procesaron a cinco de los nueve imputados - El Regional","description":"La Justicia Federal imput\u00f3 a cuatro presuntos coautores del delito de \"asociaci\u00f3n Il\u00edcita\" y a otro por vender carne adulterada.","robots":{"index":"index","follow":"follow","max-snippet":"max-snippet:-1","max-image-preview":"max-image-preview:large","max-video-preview":"max-video-preview:-1"},"canonical":"http:\/\/elregionalvm.com.ar\/noticias-villa-maria\/carne-con-sulfito-procesaron-a-cinco-de-los-nueve-imputados\/","og_locale":"es_ES","og_type":"article","og_title":"Carne con sulfito: Procesaron a cinco de los nueve imputados - El Regional","og_description":"La Justicia Federal imput\u00f3 a cuatro presuntos coautores del delito de \"asociaci\u00f3n Il\u00edcita\" y a otro por vender carne adulterada.","og_url":"http:\/\/elregionalvm.com.ar\/noticias-villa-maria\/carne-con-sulfito-procesaron-a-cinco-de-los-nueve-imputados\/","og_site_name":"El Regional","article_publisher":"https:\/\/www.facebook.com\/elregionalvm","article_published_time":"2021-08-31T02:39:51+00:00","article_modified_time":"2021-08-31T02:53:48+00:00","og_image":[{"width":800,"height":600,"url":"http:\/\/elregionalvm.com.ar\/noticias-villa-maria\/wp-content\/uploads\/2021\/08\/carne-con-sulfito.jpg","type":"image\/jpeg"}],"author":"Contenidos El Regional","twitter_card":"summary_large_image","twitter_creator":"@elregionalvm1","twitter_site":"@elregionalvm1","twitter_misc":{"Escrito por":"Contenidos El Regional","Tiempo de lectura":"3 minutos"},"schema":{"@context":"https:\/\/schema.org","@graph":[{"@type":"Article","@id":"http:\/\/elregionalvm.com.ar\/noticias-villa-maria\/carne-con-sulfito-procesaron-a-cinco-de-los-nueve-imputados\/#article","isPartOf":{"@id":"http:\/\/elregionalvm.com.ar\/noticias-villa-maria\/carne-con-sulfito-procesaron-a-cinco-de-los-nueve-imputados\/"},"author":{"name":"Contenidos El Regional","@id":"http:\/\/elregionalvm.com.ar\/noticias-villa-maria\/#\/schema\/person\/a0fb9c422317faca23d50163151bc354"},"headline":"Carne con sulfito: Procesaron a cinco de los nueve imputados","datePublished":"2021-08-31T02:39:51+00:00","dateModified":"2021-08-31T02:53:48+00:00","mainEntityOfPage":{"@id":"http:\/\/elregionalvm.com.ar\/noticias-villa-maria\/carne-con-sulfito-procesaron-a-cinco-de-los-nueve-imputados\/"},"wordCount":542,"commentCount":0,"image":{"@id":"http:\/\/elregionalvm.com.ar\/noticias-villa-maria\/carne-con-sulfito-procesaron-a-cinco-de-los-nueve-imputados\/#primaryimage"},"thumbnailUrl":"https:\/\/i0.wp.com\/elregionalvm.com.ar\/noticias-villa-maria\/wp-content\/uploads\/2021\/08\/carne-con-sulfito.jpg?fit=800%2C600&ssl=1","keywords":["carne con sulfito","causa","cinco procesados","destacado","Juez Rebak","Justicia Federal Villa Mar\u00eda","nueve imputados"],"articleSection":["Regi\u00f3n"],"inLanguage":"es","potentialAction":[{"@type":"CommentAction","name":"Comment","target":["http:\/\/elregionalvm.com.ar\/noticias-villa-maria\/carne-con-sulfito-procesaron-a-cinco-de-los-nueve-imputados\/#respond"]}]},{"@type":"WebPage","@id":"http:\/\/elregionalvm.com.ar\/noticias-villa-maria\/carne-con-sulfito-procesaron-a-cinco-de-los-nueve-imputados\/","url":"http:\/\/elregionalvm.com.ar\/noticias-villa-maria\/carne-con-sulfito-procesaron-a-cinco-de-los-nueve-imputados\/","name":"Carne con sulfito: Procesaron a cinco de los nueve imputados - El Regional","isPartOf":{"@id":"http:\/\/elregionalvm.com.ar\/noticias-villa-maria\/#website"},"primaryImageOfPage":{"@id":"http:\/\/elregionalvm.com.ar\/noticias-villa-maria\/carne-con-sulfito-procesaron-a-cinco-de-los-nueve-imputados\/#primaryimage"},"image":{"@id":"http:\/\/elregionalvm.com.ar\/noticias-villa-maria\/carne-con-sulfito-procesaron-a-cinco-de-los-nueve-imputados\/#primaryimage"},"thumbnailUrl":"https:\/\/i0.wp.com\/elregionalvm.com.ar\/noticias-villa-maria\/wp-content\/uploads\/2021\/08\/carne-con-sulfito.jpg?fit=800%2C600&ssl=1","datePublished":"2021-08-31T02:39:51+00:00","dateModified":"2021-08-31T02:53:48+00:00","author":{"@id":"http:\/\/elregionalvm.com.ar\/noticias-villa-maria\/#\/schema\/person\/a0fb9c422317faca23d50163151bc354"},"description":"La Justicia Federal imput\u00f3 a cuatro presuntos coautores del delito de \"asociaci\u00f3n Il\u00edcita\" y a otro por vender carne adulterada.","breadcrumb":{"@id":"http:\/\/elregionalvm.com.ar\/noticias-villa-maria\/carne-con-sulfito-procesaron-a-cinco-de-los-nueve-imputados\/#breadcrumb"},"inLanguage":"es","potentialAction":[{"@type":"ReadAction","target":["http:\/\/elregionalvm.com.ar\/noticias-villa-maria\/carne-con-sulfito-procesaron-a-cinco-de-los-nueve-imputados\/"]}]},{"@type":"ImageObject","inLanguage":"es","@id":"http:\/\/elregionalvm.com.ar\/noticias-villa-maria\/carne-con-sulfito-procesaron-a-cinco-de-los-nueve-imputados\/#primaryimage","url":"https:\/\/i0.wp.com\/elregionalvm.com.ar\/noticias-villa-maria\/wp-content\/uploads\/2021\/08\/carne-con-sulfito.jpg?fit=800%2C600&ssl=1","contentUrl":"https:\/\/i0.wp.com\/elregionalvm.com.ar\/noticias-villa-maria\/wp-content\/uploads\/2021\/08\/carne-con-sulfito.jpg?fit=800%2C600&ssl=1","width":800,"height":600},{"@type":"BreadcrumbList","@id":"http:\/\/elregionalvm.com.ar\/noticias-villa-maria\/carne-con-sulfito-procesaron-a-cinco-de-los-nueve-imputados\/#breadcrumb","itemListElement":[{"@type":"ListItem","position":1,"name":"Portada","item":"https:\/\/elregionalvm.com.ar\/noticias-villa-maria\/"},{"@type":"ListItem","position":2,"name":"Carne con sulfito: Procesaron a cinco de los nueve imputados"}]},{"@type":"WebSite","@id":"http:\/\/elregionalvm.com.ar\/noticias-villa-maria\/#website","url":"http:\/\/elregionalvm.com.ar\/noticias-villa-maria\/","name":"El Regional","description":"Mucho m\u00e1s que informaci\u00f3n","potentialAction":[{"@type":"SearchAction","target":{"@type":"EntryPoint","urlTemplate":"http:\/\/elregionalvm.com.ar\/noticias-villa-maria\/?s={search_term_string}"},"query-input":{"@type":"PropertyValueSpecification","valueRequired":true,"valueName":"search_term_string"}}],"inLanguage":"es"},{"@type":"Person","@id":"http:\/\/elregionalvm.com.ar\/noticias-villa-maria\/#\/schema\/person\/a0fb9c422317faca23d50163151bc354","name":"Contenidos El Regional","image":{"@type":"ImageObject","inLanguage":"es","@id":"http:\/\/elregionalvm.com.ar\/noticias-villa-maria\/#\/schema\/person\/image\/","url":"https:\/\/secure.gravatar.com\/avatar\/265b27cb2209af7bb3a1318f03305787d7981a5cc6e6cd08fe5a4ecdf99d4b48?s=96&d=mm&r=g","contentUrl":"https:\/\/secure.gravatar.com\/avatar\/265b27cb2209af7bb3a1318f03305787d7981a5cc6e6cd08fe5a4ecdf99d4b48?s=96&d=mm&r=g","caption":"Contenidos El Regional"},"url":"https:\/\/elregionalvm.com.ar\/noticias-villa-maria\/author\/contenido\/"}]}},"jetpack_featured_media_url":"https:\/\/i0.wp.com\/elregionalvm.com.ar\/noticias-villa-maria\/wp-content\/uploads\/2021\/08\/carne-con-sulfito.jpg?fit=800%2C600&ssl=1","jetpack_sharing_enabled":true,"_links":{"self":[{"href":"https:\/\/elregionalvm.com.ar\/noticias-villa-maria\/wp-json\/wp\/v2\/posts\/43776","targetHints":{"allow":["GET"]}}],"collection":[{"href":"https:\/\/elregionalvm.com.ar\/noticias-villa-maria\/wp-json\/wp\/v2\/posts"}],"about":[{"href":"https:\/\/elregionalvm.com.ar\/noticias-villa-maria\/wp-json\/wp\/v2\/types\/post"}],"author":[{"embeddable":true,"href":"https:\/\/elregionalvm.com.ar\/noticias-villa-maria\/wp-json\/wp\/v2\/users\/4"}],"replies":[{"embeddable":true,"href":"https:\/\/elregionalvm.com.ar\/noticias-villa-maria\/wp-json\/wp\/v2\/comments?post=43776"}],"version-history":[{"count":2,"href":"https:\/\/elregionalvm.com.ar\/noticias-villa-maria\/wp-json\/wp\/v2\/posts\/43776\/revisions"}],"predecessor-version":[{"id":43785,"href":"https:\/\/elregionalvm.com.ar\/noticias-villa-maria\/wp-json\/wp\/v2\/posts\/43776\/revisions\/43785"}],"wp:featuredmedia":[{"embeddable":true,"href":"https:\/\/elregionalvm.com.ar\/noticias-villa-maria\/wp-json\/wp\/v2\/media\/43777"}],"wp:attachment":[{"href":"https:\/\/elregionalvm.com.ar\/noticias-villa-maria\/wp-json\/wp\/v2\/media?parent=43776"}],"wp:term":[{"taxonomy":"category","embeddable":true,"href":"https:\/\/elregionalvm.com.ar\/noticias-villa-maria\/wp-json\/wp\/v2\/categories?post=43776"},{"taxonomy":"post_tag","embeddable":true,"href":"https:\/\/elregionalvm.com.ar\/noticias-villa-maria\/wp-json\/wp\/v2\/tags?post=43776"}],"curies":[{"name":"wp","href":"https:\/\/api.w.org\/{rel}","templated":true}]}}