{"id":43779,"date":"2021-08-31T02:46:01","date_gmt":"2021-08-31T02:46:01","guid":{"rendered":"https:\/\/elregionalvm.com.ar\/noticias-villa-maria\/?p=43779"},"modified":"2021-08-31T02:46:02","modified_gmt":"2021-08-31T02:46:02","slug":"curioso-crias-de-yacare-en-la-laguna-de-las-mojarras","status":"publish","type":"post","link":"https:\/\/elregionalvm.com.ar\/noticias-villa-maria\/curioso-crias-de-yacare-en-la-laguna-de-las-mojarras\/","title":{"rendered":"Curioso: \u00bfCr\u00edas de yacar\u00e9 en la laguna de Las Mojarras?"},"content":{"rendered":"\n<p><\/p>\n\n\n\n<p>Vecinos dieron cuenta de la supuesta presencia de cr\u00edas de yacar\u00e9 en la laguna de Las Mojarras.<\/p>\n\n\n\n<p>Esta especie at\u00edpica para nuestra zona fue observada por Raquel, quien se encontraba con su familia pescando en el lugar cuando se encontraron con la presencia de las cr\u00edas.<\/p>\n\n\n\n<p><\/p>\n\n\n\n<figure class=\"wp-block-gallery columns-2 is-cropped wp-block-gallery-1 is-layout-flex wp-block-gallery-is-layout-flex\"><ul class=\"blocks-gallery-grid\"><li class=\"blocks-gallery-item\"><figure><img data-recalc-dims=\"1\" fetchpriority=\"high\" decoding=\"async\" width=\"768\" height=\"1024\" src=\"https:\/\/i0.wp.com\/elregionalvm.com.ar\/noticias-villa-maria\/wp-content\/uploads\/2021\/08\/Yacare-en-laguna-Las-Mojarras-vertical-1.jpeg?resize=768%2C1024&#038;ssl=1\" alt=\"\" data-id=\"43781\" data-full-url=\"https:\/\/elregionalvm.com.ar\/noticias-villa-maria\/wp-content\/uploads\/2021\/08\/Yacare-en-laguna-Las-Mojarras-vertical-1.jpeg\" data-link=\"https:\/\/elregionalvm.com.ar\/noticias-villa-maria\/?attachment_id=43781\" class=\"wp-image-43781\" srcset=\"https:\/\/i0.wp.com\/elregionalvm.com.ar\/noticias-villa-maria\/wp-content\/uploads\/2021\/08\/Yacare-en-laguna-Las-Mojarras-vertical-1.jpeg?resize=768%2C1024&amp;ssl=1 768w, https:\/\/i0.wp.com\/elregionalvm.com.ar\/noticias-villa-maria\/wp-content\/uploads\/2021\/08\/Yacare-en-laguna-Las-Mojarras-vertical-1.jpeg?resize=225%2C300&amp;ssl=1 225w, https:\/\/i0.wp.com\/elregionalvm.com.ar\/noticias-villa-maria\/wp-content\/uploads\/2021\/08\/Yacare-en-laguna-Las-Mojarras-vertical-1.jpeg?resize=1152%2C1536&amp;ssl=1 1152w, https:\/\/i0.wp.com\/elregionalvm.com.ar\/noticias-villa-maria\/wp-content\/uploads\/2021\/08\/Yacare-en-laguna-Las-Mojarras-vertical-1.jpeg?w=1200&amp;ssl=1 1200w\" sizes=\"(max-width: 768px) 100vw, 768px\" \/><\/figure><\/li><li class=\"blocks-gallery-item\"><figure><img data-recalc-dims=\"1\" decoding=\"async\" width=\"768\" height=\"1024\" src=\"https:\/\/i0.wp.com\/elregionalvm.com.ar\/noticias-villa-maria\/wp-content\/uploads\/2021\/08\/Yacare-en-laguna-Las-Mojarras-vertical-2.jpeg?resize=768%2C1024&#038;ssl=1\" alt=\"\" data-id=\"43782\" data-full-url=\"https:\/\/elregionalvm.com.ar\/noticias-villa-maria\/wp-content\/uploads\/2021\/08\/Yacare-en-laguna-Las-Mojarras-vertical-2.jpeg\" data-link=\"https:\/\/elregionalvm.com.ar\/noticias-villa-maria\/?attachment_id=43782\" class=\"wp-image-43782\" srcset=\"https:\/\/i0.wp.com\/elregionalvm.com.ar\/noticias-villa-maria\/wp-content\/uploads\/2021\/08\/Yacare-en-laguna-Las-Mojarras-vertical-2.jpeg?resize=768%2C1024&amp;ssl=1 768w, https:\/\/i0.wp.com\/elregionalvm.com.ar\/noticias-villa-maria\/wp-content\/uploads\/2021\/08\/Yacare-en-laguna-Las-Mojarras-vertical-2.jpeg?resize=225%2C300&amp;ssl=1 225w, https:\/\/i0.wp.com\/elregionalvm.com.ar\/noticias-villa-maria\/wp-content\/uploads\/2021\/08\/Yacare-en-laguna-Las-Mojarras-vertical-2.jpeg?resize=1152%2C1536&amp;ssl=1 1152w, https:\/\/i0.wp.com\/elregionalvm.com.ar\/noticias-villa-maria\/wp-content\/uploads\/2021\/08\/Yacare-en-laguna-Las-Mojarras-vertical-2.jpeg?w=1200&amp;ssl=1 1200w\" sizes=\"(max-width: 768px) 100vw, 768px\" \/><\/figure><\/li><\/ul><figcaption class=\"blocks-gallery-caption\"><em>Las im\u00e1genes fueron tomadas por la familia que vio a los animales en el lugar. <\/em><\/figcaption><\/figure>\n\n\n\n<p><\/p>\n\n\n\n<p>\u201cEs un peligro, porque vamos a pescar en familia y hay muchas mojarras en el lugar\u201d, indic\u00f3 la mujer a Radio Villa Mar\u00eda. \u201cLo agarraron desde la cola porque buscaban morder\u201d, a\u00f1adi\u00f3.<\/p>\n\n\n\n<p>El yacar\u00e9 es una especie de cocodrilo silvestre protegida que habita en r\u00edos, riachuelos, pantanos y esteros de las regiones subtropicales de Sudam\u00e9rica, entre estas, en Argentina. Es muy preciado por su piel y por ese motivo fue cazado hasta llevarlo casi a la extinci\u00f3n.<\/p>\n\n\n\n<p><\/p>\n\n\n\n<p>Fotos<em>: Gentileza Radio Villa Mar\u00eda <\/em><\/p>\n","protected":false},"excerpt":{"rendered":"<p>Vecinos dieron cuenta de la supuesta presencia de cr\u00edas de yacar\u00e9 en la laguna de Las Mojarras. Esta especie at\u00edpica para nuestra zona fue observada por Raquel, quien se encontraba con su familia pescando en el lugar cuando se encontraron con la presencia de las cr\u00edas. \u201cEs un peligro, porque vamos a pescar en familia [&hellip;]<\/p>\n","protected":false},"author":4,"featured_media":43780,"comment_status":"open","ping_status":"open","sticky":false,"template":"","format":"standard","meta":{"site-sidebar-layout":"default","site-content-layout":"default","ast-site-content-layout":"default","site-content-style":"default","site-sidebar-style":"default","ast-global-header-display":"","ast-banner-title-visibility":"","ast-main-header-display":"","ast-hfb-above-header-display":"","ast-hfb-below-header-display":"","ast-hfb-mobile-header-display":"","site-post-title":"","ast-breadcrumbs-content":"","ast-featured-img":"","footer-sml-layout":"","ast-disable-related-posts":"","theme-transparent-header-meta":"default","adv-header-id-meta":"","stick-header-meta":"","header-above-stick-meta":"","header-main-stick-meta":"","header-below-stick-meta":"","astra-migrate-meta-layouts":"default","ast-page-background-enabled":"default","ast-page-background-meta":{"desktop":{"background-color":"","background-image":"","background-repeat":"repeat","background-position":"center center","background-size":"auto","background-attachment":"scroll","background-type":"","background-media":"","overlay-type":"","overlay-color":"","overlay-opacity":"","overlay-gradient":""},"tablet":{"background-color":"","background-image":"","background-repeat":"repeat","background-position":"center center","background-size":"auto","background-attachment":"scroll","background-type":"","background-media":"","overlay-type":"","overlay-color":"","overlay-opacity":"","overlay-gradient":""},"mobile":{"background-color":"","background-image":"","background-repeat":"repeat","background-position":"center center","background-size":"auto","background-attachment":"scroll","background-type":"","background-media":"","overlay-type":"","overlay-color":"","overlay-opacity":"","overlay-gradient":""}},"ast-content-background-meta":{"desktop":{"background-color":"var(--ast-global-color-5)","background-image":"","background-repeat":"repeat","background-position":"center center","background-size":"auto","background-attachment":"scroll","background-type":"","background-media":"","overlay-type":"","overlay-color":"","overlay-opacity":"","overlay-gradient":""},"tablet":{"background-color":"var(--ast-global-color-5)","background-image":"","background-repeat":"repeat","background-position":"center center","background-size":"auto","background-attachment":"scroll","background-type":"","background-media":"","overlay-type":"","overlay-color":"","overlay-opacity":"","overlay-gradient":""},"mobile":{"background-color":"var(--ast-global-color-5)","background-image":"","background-repeat":"repeat","background-position":"center center","background-size":"auto","background-attachment":"scroll","background-type":"","background-media":"","overlay-type":"","overlay-color":"","overlay-opacity":"","overlay-gradient":""}},"_jetpack_memberships_contains_paid_content":false,"_joinchat":[],"footnotes":""},"categories":[2],"tags":[10893,3793,1232,3043,2999,2248,10892],"class_list":["post-43779","post","type-post","status-publish","format-standard","has-post-thumbnail","hentry","category-villa-maria","tag-cocodrilo","tag-curiosidad","tag-destacado","tag-las-mojarras","tag-rio-ctalamochita","tag-villa-maria-2","tag-yacares"],"yoast_head":"<!-- This site is optimized with the Yoast SEO plugin v26.8 - https:\/\/yoast.com\/product\/yoast-seo-wordpress\/ -->\n<title>Curioso: \u00bfCr\u00edas de yacar\u00e9 en la laguna de Las Mojarras? - El Regional<\/title>\n<meta name=\"description\" content=\"Vecinos dieron cuenta de la supuesta presencia de cr\u00edas de yacar\u00e9 en la laguna de Las Mojarras. Un hecho curioso.\" \/>\n<meta name=\"robots\" content=\"index, follow, max-snippet:-1, max-image-preview:large, max-video-preview:-1\" \/>\n<link rel=\"canonical\" href=\"http:\/\/elregionalvm.com.ar\/noticias-villa-maria\/curioso-crias-de-yacare-en-la-laguna-de-las-mojarras\/\" \/>\n<meta property=\"og:locale\" content=\"es_ES\" \/>\n<meta property=\"og:type\" content=\"article\" \/>\n<meta property=\"og:title\" content=\"Curioso: \u00bfCr\u00edas de yacar\u00e9 en la laguna de Las Mojarras? - El Regional\" \/>\n<meta property=\"og:description\" content=\"Vecinos dieron cuenta de la supuesta presencia de cr\u00edas de yacar\u00e9 en la laguna de Las Mojarras. Un hecho curioso.\" \/>\n<meta property=\"og:url\" content=\"http:\/\/elregionalvm.com.ar\/noticias-villa-maria\/curioso-crias-de-yacare-en-la-laguna-de-las-mojarras\/\" \/>\n<meta property=\"og:site_name\" content=\"El Regional\" \/>\n<meta property=\"article:publisher\" content=\"https:\/\/www.facebook.com\/elregionalvm\" \/>\n<meta property=\"article:published_time\" content=\"2021-08-31T02:46:01+00:00\" \/>\n<meta property=\"article:modified_time\" content=\"2021-08-31T02:46:02+00:00\" \/>\n<meta property=\"og:image\" content=\"http:\/\/elregionalvm.com.ar\/noticias-villa-maria\/wp-content\/uploads\/2021\/08\/Yacare-en-laguna-Las-Mojarras.jpeg\" \/>\n\t<meta property=\"og:image:width\" content=\"780\" \/>\n\t<meta property=\"og:image:height\" content=\"470\" \/>\n\t<meta property=\"og:image:type\" content=\"image\/jpeg\" \/>\n<meta name=\"author\" content=\"Contenidos El Regional\" \/>\n<meta name=\"twitter:card\" content=\"summary_large_image\" \/>\n<meta name=\"twitter:creator\" content=\"@elregionalvm1\" \/>\n<meta name=\"twitter:site\" content=\"@elregionalvm1\" \/>\n<meta name=\"twitter:label1\" content=\"Escrito por\" \/>\n\t<meta name=\"twitter:data1\" content=\"Contenidos El Regional\" \/>\n\t<meta name=\"twitter:label2\" content=\"Tiempo de lectura\" \/>\n\t<meta name=\"twitter:data2\" content=\"2 minutos\" \/>\n<script type=\"application\/ld+json\" class=\"yoast-schema-graph\">{\"@context\":\"https:\/\/schema.org\",\"@graph\":[{\"@type\":\"Article\",\"@id\":\"http:\/\/elregionalvm.com.ar\/noticias-villa-maria\/curioso-crias-de-yacare-en-la-laguna-de-las-mojarras\/#article\",\"isPartOf\":{\"@id\":\"http:\/\/elregionalvm.com.ar\/noticias-villa-maria\/curioso-crias-de-yacare-en-la-laguna-de-las-mojarras\/\"},\"author\":{\"name\":\"Contenidos El Regional\",\"@id\":\"http:\/\/elregionalvm.com.ar\/noticias-villa-maria\/#\/schema\/person\/a0fb9c422317faca23d50163151bc354\"},\"headline\":\"Curioso: \u00bfCr\u00edas de yacar\u00e9 en la laguna de Las Mojarras?\",\"datePublished\":\"2021-08-31T02:46:01+00:00\",\"dateModified\":\"2021-08-31T02:46:02+00:00\",\"mainEntityOfPage\":{\"@id\":\"http:\/\/elregionalvm.com.ar\/noticias-villa-maria\/curioso-crias-de-yacare-en-la-laguna-de-las-mojarras\/\"},\"wordCount\":164,\"commentCount\":0,\"image\":{\"@id\":\"http:\/\/elregionalvm.com.ar\/noticias-villa-maria\/curioso-crias-de-yacare-en-la-laguna-de-las-mojarras\/#primaryimage\"},\"thumbnailUrl\":\"https:\/\/i0.wp.com\/elregionalvm.com.ar\/noticias-villa-maria\/wp-content\/uploads\/2021\/08\/Yacare-en-laguna-Las-Mojarras.jpeg?fit=780%2C470&ssl=1\",\"keywords\":[\"Cocodrilo\",\"Curiosidad\",\"destacado\",\"Las Mojarras\",\"R\u00edo Ctalamochita\",\"Villa Mar\u00eda\",\"Yacar\u00e9s\"],\"articleSection\":[\"Villa Mar\u00eda\"],\"inLanguage\":\"es\",\"potentialAction\":[{\"@type\":\"CommentAction\",\"name\":\"Comment\",\"target\":[\"http:\/\/elregionalvm.com.ar\/noticias-villa-maria\/curioso-crias-de-yacare-en-la-laguna-de-las-mojarras\/#respond\"]}]},{\"@type\":\"WebPage\",\"@id\":\"http:\/\/elregionalvm.com.ar\/noticias-villa-maria\/curioso-crias-de-yacare-en-la-laguna-de-las-mojarras\/\",\"url\":\"http:\/\/elregionalvm.com.ar\/noticias-villa-maria\/curioso-crias-de-yacare-en-la-laguna-de-las-mojarras\/\",\"name\":\"Curioso: \u00bfCr\u00edas de yacar\u00e9 en la laguna de Las Mojarras? - El Regional\",\"isPartOf\":{\"@id\":\"http:\/\/elregionalvm.com.ar\/noticias-villa-maria\/#website\"},\"primaryImageOfPage\":{\"@id\":\"http:\/\/elregionalvm.com.ar\/noticias-villa-maria\/curioso-crias-de-yacare-en-la-laguna-de-las-mojarras\/#primaryimage\"},\"image\":{\"@id\":\"http:\/\/elregionalvm.com.ar\/noticias-villa-maria\/curioso-crias-de-yacare-en-la-laguna-de-las-mojarras\/#primaryimage\"},\"thumbnailUrl\":\"https:\/\/i0.wp.com\/elregionalvm.com.ar\/noticias-villa-maria\/wp-content\/uploads\/2021\/08\/Yacare-en-laguna-Las-Mojarras.jpeg?fit=780%2C470&ssl=1\",\"datePublished\":\"2021-08-31T02:46:01+00:00\",\"dateModified\":\"2021-08-31T02:46:02+00:00\",\"author\":{\"@id\":\"http:\/\/elregionalvm.com.ar\/noticias-villa-maria\/#\/schema\/person\/a0fb9c422317faca23d50163151bc354\"},\"description\":\"Vecinos dieron cuenta de la supuesta presencia de cr\u00edas de yacar\u00e9 en la laguna de Las Mojarras. Un hecho curioso.\",\"breadcrumb\":{\"@id\":\"http:\/\/elregionalvm.com.ar\/noticias-villa-maria\/curioso-crias-de-yacare-en-la-laguna-de-las-mojarras\/#breadcrumb\"},\"inLanguage\":\"es\",\"potentialAction\":[{\"@type\":\"ReadAction\",\"target\":[\"http:\/\/elregionalvm.com.ar\/noticias-villa-maria\/curioso-crias-de-yacare-en-la-laguna-de-las-mojarras\/\"]}]},{\"@type\":\"ImageObject\",\"inLanguage\":\"es\",\"@id\":\"http:\/\/elregionalvm.com.ar\/noticias-villa-maria\/curioso-crias-de-yacare-en-la-laguna-de-las-mojarras\/#primaryimage\",\"url\":\"https:\/\/i0.wp.com\/elregionalvm.com.ar\/noticias-villa-maria\/wp-content\/uploads\/2021\/08\/Yacare-en-laguna-Las-Mojarras.jpeg?fit=780%2C470&ssl=1\",\"contentUrl\":\"https:\/\/i0.wp.com\/elregionalvm.com.ar\/noticias-villa-maria\/wp-content\/uploads\/2021\/08\/Yacare-en-laguna-Las-Mojarras.jpeg?fit=780%2C470&ssl=1\",\"width\":780,\"height\":470},{\"@type\":\"BreadcrumbList\",\"@id\":\"http:\/\/elregionalvm.com.ar\/noticias-villa-maria\/curioso-crias-de-yacare-en-la-laguna-de-las-mojarras\/#breadcrumb\",\"itemListElement\":[{\"@type\":\"ListItem\",\"position\":1,\"name\":\"Portada\",\"item\":\"https:\/\/elregionalvm.com.ar\/noticias-villa-maria\/\"},{\"@type\":\"ListItem\",\"position\":2,\"name\":\"Curioso: \u00bfCr\u00edas de yacar\u00e9 en la laguna de Las Mojarras?\"}]},{\"@type\":\"WebSite\",\"@id\":\"http:\/\/elregionalvm.com.ar\/noticias-villa-maria\/#website\",\"url\":\"http:\/\/elregionalvm.com.ar\/noticias-villa-maria\/\",\"name\":\"El Regional\",\"description\":\"Mucho m\u00e1s que informaci\u00f3n\",\"potentialAction\":[{\"@type\":\"SearchAction\",\"target\":{\"@type\":\"EntryPoint\",\"urlTemplate\":\"http:\/\/elregionalvm.com.ar\/noticias-villa-maria\/?s={search_term_string}\"},\"query-input\":{\"@type\":\"PropertyValueSpecification\",\"valueRequired\":true,\"valueName\":\"search_term_string\"}}],\"inLanguage\":\"es\"},{\"@type\":\"Person\",\"@id\":\"http:\/\/elregionalvm.com.ar\/noticias-villa-maria\/#\/schema\/person\/a0fb9c422317faca23d50163151bc354\",\"name\":\"Contenidos El Regional\",\"image\":{\"@type\":\"ImageObject\",\"inLanguage\":\"es\",\"@id\":\"http:\/\/elregionalvm.com.ar\/noticias-villa-maria\/#\/schema\/person\/image\/\",\"url\":\"https:\/\/secure.gravatar.com\/avatar\/265b27cb2209af7bb3a1318f03305787d7981a5cc6e6cd08fe5a4ecdf99d4b48?s=96&d=mm&r=g\",\"contentUrl\":\"https:\/\/secure.gravatar.com\/avatar\/265b27cb2209af7bb3a1318f03305787d7981a5cc6e6cd08fe5a4ecdf99d4b48?s=96&d=mm&r=g\",\"caption\":\"Contenidos El Regional\"},\"url\":\"https:\/\/elregionalvm.com.ar\/noticias-villa-maria\/author\/contenido\/\"}]}<\/script>\n<!-- \/ Yoast SEO plugin. -->","yoast_head_json":{"title":"Curioso: \u00bfCr\u00edas de yacar\u00e9 en la laguna de Las Mojarras? - El Regional","description":"Vecinos dieron cuenta de la supuesta presencia de cr\u00edas de yacar\u00e9 en la laguna de Las Mojarras. Un hecho curioso.","robots":{"index":"index","follow":"follow","max-snippet":"max-snippet:-1","max-image-preview":"max-image-preview:large","max-video-preview":"max-video-preview:-1"},"canonical":"http:\/\/elregionalvm.com.ar\/noticias-villa-maria\/curioso-crias-de-yacare-en-la-laguna-de-las-mojarras\/","og_locale":"es_ES","og_type":"article","og_title":"Curioso: \u00bfCr\u00edas de yacar\u00e9 en la laguna de Las Mojarras? - El Regional","og_description":"Vecinos dieron cuenta de la supuesta presencia de cr\u00edas de yacar\u00e9 en la laguna de Las Mojarras. Un hecho curioso.","og_url":"http:\/\/elregionalvm.com.ar\/noticias-villa-maria\/curioso-crias-de-yacare-en-la-laguna-de-las-mojarras\/","og_site_name":"El Regional","article_publisher":"https:\/\/www.facebook.com\/elregionalvm","article_published_time":"2021-08-31T02:46:01+00:00","article_modified_time":"2021-08-31T02:46:02+00:00","og_image":[{"width":780,"height":470,"url":"http:\/\/elregionalvm.com.ar\/noticias-villa-maria\/wp-content\/uploads\/2021\/08\/Yacare-en-laguna-Las-Mojarras.jpeg","type":"image\/jpeg"}],"author":"Contenidos El Regional","twitter_card":"summary_large_image","twitter_creator":"@elregionalvm1","twitter_site":"@elregionalvm1","twitter_misc":{"Escrito por":"Contenidos El Regional","Tiempo de lectura":"2 minutos"},"schema":{"@context":"https:\/\/schema.org","@graph":[{"@type":"Article","@id":"http:\/\/elregionalvm.com.ar\/noticias-villa-maria\/curioso-crias-de-yacare-en-la-laguna-de-las-mojarras\/#article","isPartOf":{"@id":"http:\/\/elregionalvm.com.ar\/noticias-villa-maria\/curioso-crias-de-yacare-en-la-laguna-de-las-mojarras\/"},"author":{"name":"Contenidos El Regional","@id":"http:\/\/elregionalvm.com.ar\/noticias-villa-maria\/#\/schema\/person\/a0fb9c422317faca23d50163151bc354"},"headline":"Curioso: \u00bfCr\u00edas de yacar\u00e9 en la laguna de Las Mojarras?","datePublished":"2021-08-31T02:46:01+00:00","dateModified":"2021-08-31T02:46:02+00:00","mainEntityOfPage":{"@id":"http:\/\/elregionalvm.com.ar\/noticias-villa-maria\/curioso-crias-de-yacare-en-la-laguna-de-las-mojarras\/"},"wordCount":164,"commentCount":0,"image":{"@id":"http:\/\/elregionalvm.com.ar\/noticias-villa-maria\/curioso-crias-de-yacare-en-la-laguna-de-las-mojarras\/#primaryimage"},"thumbnailUrl":"https:\/\/i0.wp.com\/elregionalvm.com.ar\/noticias-villa-maria\/wp-content\/uploads\/2021\/08\/Yacare-en-laguna-Las-Mojarras.jpeg?fit=780%2C470&ssl=1","keywords":["Cocodrilo","Curiosidad","destacado","Las Mojarras","R\u00edo Ctalamochita","Villa Mar\u00eda","Yacar\u00e9s"],"articleSection":["Villa Mar\u00eda"],"inLanguage":"es","potentialAction":[{"@type":"CommentAction","name":"Comment","target":["http:\/\/elregionalvm.com.ar\/noticias-villa-maria\/curioso-crias-de-yacare-en-la-laguna-de-las-mojarras\/#respond"]}]},{"@type":"WebPage","@id":"http:\/\/elregionalvm.com.ar\/noticias-villa-maria\/curioso-crias-de-yacare-en-la-laguna-de-las-mojarras\/","url":"http:\/\/elregionalvm.com.ar\/noticias-villa-maria\/curioso-crias-de-yacare-en-la-laguna-de-las-mojarras\/","name":"Curioso: \u00bfCr\u00edas de yacar\u00e9 en la laguna de Las Mojarras? - El Regional","isPartOf":{"@id":"http:\/\/elregionalvm.com.ar\/noticias-villa-maria\/#website"},"primaryImageOfPage":{"@id":"http:\/\/elregionalvm.com.ar\/noticias-villa-maria\/curioso-crias-de-yacare-en-la-laguna-de-las-mojarras\/#primaryimage"},"image":{"@id":"http:\/\/elregionalvm.com.ar\/noticias-villa-maria\/curioso-crias-de-yacare-en-la-laguna-de-las-mojarras\/#primaryimage"},"thumbnailUrl":"https:\/\/i0.wp.com\/elregionalvm.com.ar\/noticias-villa-maria\/wp-content\/uploads\/2021\/08\/Yacare-en-laguna-Las-Mojarras.jpeg?fit=780%2C470&ssl=1","datePublished":"2021-08-31T02:46:01+00:00","dateModified":"2021-08-31T02:46:02+00:00","author":{"@id":"http:\/\/elregionalvm.com.ar\/noticias-villa-maria\/#\/schema\/person\/a0fb9c422317faca23d50163151bc354"},"description":"Vecinos dieron cuenta de la supuesta presencia de cr\u00edas de yacar\u00e9 en la laguna de Las Mojarras. Un hecho curioso.","breadcrumb":{"@id":"http:\/\/elregionalvm.com.ar\/noticias-villa-maria\/curioso-crias-de-yacare-en-la-laguna-de-las-mojarras\/#breadcrumb"},"inLanguage":"es","potentialAction":[{"@type":"ReadAction","target":["http:\/\/elregionalvm.com.ar\/noticias-villa-maria\/curioso-crias-de-yacare-en-la-laguna-de-las-mojarras\/"]}]},{"@type":"ImageObject","inLanguage":"es","@id":"http:\/\/elregionalvm.com.ar\/noticias-villa-maria\/curioso-crias-de-yacare-en-la-laguna-de-las-mojarras\/#primaryimage","url":"https:\/\/i0.wp.com\/elregionalvm.com.ar\/noticias-villa-maria\/wp-content\/uploads\/2021\/08\/Yacare-en-laguna-Las-Mojarras.jpeg?fit=780%2C470&ssl=1","contentUrl":"https:\/\/i0.wp.com\/elregionalvm.com.ar\/noticias-villa-maria\/wp-content\/uploads\/2021\/08\/Yacare-en-laguna-Las-Mojarras.jpeg?fit=780%2C470&ssl=1","width":780,"height":470},{"@type":"BreadcrumbList","@id":"http:\/\/elregionalvm.com.ar\/noticias-villa-maria\/curioso-crias-de-yacare-en-la-laguna-de-las-mojarras\/#breadcrumb","itemListElement":[{"@type":"ListItem","position":1,"name":"Portada","item":"https:\/\/elregionalvm.com.ar\/noticias-villa-maria\/"},{"@type":"ListItem","position":2,"name":"Curioso: \u00bfCr\u00edas de yacar\u00e9 en la laguna de Las Mojarras?"}]},{"@type":"WebSite","@id":"http:\/\/elregionalvm.com.ar\/noticias-villa-maria\/#website","url":"http:\/\/elregionalvm.com.ar\/noticias-villa-maria\/","name":"El Regional","description":"Mucho m\u00e1s que informaci\u00f3n","potentialAction":[{"@type":"SearchAction","target":{"@type":"EntryPoint","urlTemplate":"http:\/\/elregionalvm.com.ar\/noticias-villa-maria\/?s={search_term_string}"},"query-input":{"@type":"PropertyValueSpecification","valueRequired":true,"valueName":"search_term_string"}}],"inLanguage":"es"},{"@type":"Person","@id":"http:\/\/elregionalvm.com.ar\/noticias-villa-maria\/#\/schema\/person\/a0fb9c422317faca23d50163151bc354","name":"Contenidos El Regional","image":{"@type":"ImageObject","inLanguage":"es","@id":"http:\/\/elregionalvm.com.ar\/noticias-villa-maria\/#\/schema\/person\/image\/","url":"https:\/\/secure.gravatar.com\/avatar\/265b27cb2209af7bb3a1318f03305787d7981a5cc6e6cd08fe5a4ecdf99d4b48?s=96&d=mm&r=g","contentUrl":"https:\/\/secure.gravatar.com\/avatar\/265b27cb2209af7bb3a1318f03305787d7981a5cc6e6cd08fe5a4ecdf99d4b48?s=96&d=mm&r=g","caption":"Contenidos El Regional"},"url":"https:\/\/elregionalvm.com.ar\/noticias-villa-maria\/author\/contenido\/"}]}},"jetpack_featured_media_url":"https:\/\/i0.wp.com\/elregionalvm.com.ar\/noticias-villa-maria\/wp-content\/uploads\/2021\/08\/Yacare-en-laguna-Las-Mojarras.jpeg?fit=780%2C470&ssl=1","jetpack_sharing_enabled":true,"_links":{"self":[{"href":"https:\/\/elregionalvm.com.ar\/noticias-villa-maria\/wp-json\/wp\/v2\/posts\/43779","targetHints":{"allow":["GET"]}}],"collection":[{"href":"https:\/\/elregionalvm.com.ar\/noticias-villa-maria\/wp-json\/wp\/v2\/posts"}],"about":[{"href":"https:\/\/elregionalvm.com.ar\/noticias-villa-maria\/wp-json\/wp\/v2\/types\/post"}],"author":[{"embeddable":true,"href":"https:\/\/elregionalvm.com.ar\/noticias-villa-maria\/wp-json\/wp\/v2\/users\/4"}],"replies":[{"embeddable":true,"href":"https:\/\/elregionalvm.com.ar\/noticias-villa-maria\/wp-json\/wp\/v2\/comments?post=43779"}],"version-history":[{"count":1,"href":"https:\/\/elregionalvm.com.ar\/noticias-villa-maria\/wp-json\/wp\/v2\/posts\/43779\/revisions"}],"predecessor-version":[{"id":43783,"href":"https:\/\/elregionalvm.com.ar\/noticias-villa-maria\/wp-json\/wp\/v2\/posts\/43779\/revisions\/43783"}],"wp:featuredmedia":[{"embeddable":true,"href":"https:\/\/elregionalvm.com.ar\/noticias-villa-maria\/wp-json\/wp\/v2\/media\/43780"}],"wp:attachment":[{"href":"https:\/\/elregionalvm.com.ar\/noticias-villa-maria\/wp-json\/wp\/v2\/media?parent=43779"}],"wp:term":[{"taxonomy":"category","embeddable":true,"href":"https:\/\/elregionalvm.com.ar\/noticias-villa-maria\/wp-json\/wp\/v2\/categories?post=43779"},{"taxonomy":"post_tag","embeddable":true,"href":"https:\/\/elregionalvm.com.ar\/noticias-villa-maria\/wp-json\/wp\/v2\/tags?post=43779"}],"curies":[{"name":"wp","href":"https:\/\/api.w.org\/{rel}","templated":true}]}}