{"id":43795,"date":"2021-08-31T13:10:06","date_gmt":"2021-08-31T13:10:06","guid":{"rendered":"https:\/\/elregionalvm.com.ar\/noticias-villa-maria\/?p=43795"},"modified":"2021-09-01T01:34:49","modified_gmt":"2021-09-01T01:34:49","slug":"inseguridad-encerraron-a-taxista-en-el-baul-y-le-robaron-10-mil-pesos","status":"publish","type":"post","link":"https:\/\/elregionalvm.com.ar\/noticias-villa-maria\/inseguridad-encerraron-a-taxista-en-el-baul-y-le-robaron-10-mil-pesos\/","title":{"rendered":"Inseguridad: Encerraron a taxista en el ba\u00fal y le robaron 10 mil pesos"},"content":{"rendered":"\n<p><\/p>\n\n\n\n<p>El chofer de un m\u00f3vil perteneciente a la empresa Radio-Taxi fue asaltado por dos aparentes pasajeros, quienes le apuntaron con un arma, lo encerraron en el ba\u00fal del veh\u00edculo y se llevaron 10 mil pesos.<\/p>\n\n\n\n<p>El hecho ocurri\u00f3 en las primeras horas de la madrugada de hoy, en zona rural de la ciudad, en el paraje Santa Rosa, seg\u00fan inform\u00f3 la Polic\u00eda. En el lugar, hab\u00eda sido abandonado el m\u00f3vil con el chofer encerrado en el ba\u00fal. &nbsp;<\/p>\n\n\n\n<p>De acuerdo con lo relatado por el chofer de 29 a\u00f1os, mientras conduc\u00eda por calle intendente Maciel y Santa Fe, lo abordaron dos pasajeros, que le pidieron que se dirija hacia barrio San Nicol\u00e1s.<\/p>\n\n\n\n<p>En el camino lo hicieron detener la marcha, mientras uno de los hombres le apuntaba con un arma de fuego, pidi\u00e9ndole que se bajara del veh\u00edculo. Luego, lo golpean y lo encierran en el ba\u00fal.<\/p>\n\n\n\n<p>Seg\u00fan la informaci\u00f3n oficial, minutos despu\u00e9s, al reaccionar, logra comunicarse con su pareja con el tel\u00e9fono celular. La mujer llam\u00f3 a la l\u00ednea de emergencia 101 y pudo ser rescatado.<\/p>\n\n\n\n<p>El chofer asegur\u00f3 que ten\u00eda un faltante de 10 mil pesos.<\/p>\n","protected":false},"excerpt":{"rendered":"<p>El chofer de un m\u00f3vil perteneciente a la empresa Radio-Taxi fue asaltado por dos aparentes pasajeros, quienes le apuntaron con un arma, lo encerraron en el ba\u00fal del veh\u00edculo y se llevaron 10 mil pesos. El hecho ocurri\u00f3 en las primeras horas de la madrugada de hoy, en zona rural de la ciudad, en el [&hellip;]<\/p>\n","protected":false},"author":4,"featured_media":38519,"comment_status":"open","ping_status":"open","sticky":false,"template":"","format":"standard","meta":{"site-sidebar-layout":"default","site-content-layout":"default","ast-site-content-layout":"default","site-content-style":"default","site-sidebar-style":"default","ast-global-header-display":"","ast-banner-title-visibility":"","ast-main-header-display":"","ast-hfb-above-header-display":"","ast-hfb-below-header-display":"","ast-hfb-mobile-header-display":"","site-post-title":"","ast-breadcrumbs-content":"","ast-featured-img":"","footer-sml-layout":"","ast-disable-related-posts":"","theme-transparent-header-meta":"default","adv-header-id-meta":"","stick-header-meta":"","header-above-stick-meta":"","header-main-stick-meta":"","header-below-stick-meta":"","astra-migrate-meta-layouts":"default","ast-page-background-enabled":"default","ast-page-background-meta":{"desktop":{"background-color":"","background-image":"","background-repeat":"repeat","background-position":"center center","background-size":"auto","background-attachment":"scroll","background-type":"","background-media":"","overlay-type":"","overlay-color":"","overlay-opacity":"","overlay-gradient":""},"tablet":{"background-color":"","background-image":"","background-repeat":"repeat","background-position":"center center","background-size":"auto","background-attachment":"scroll","background-type":"","background-media":"","overlay-type":"","overlay-color":"","overlay-opacity":"","overlay-gradient":""},"mobile":{"background-color":"","background-image":"","background-repeat":"repeat","background-position":"center center","background-size":"auto","background-attachment":"scroll","background-type":"","background-media":"","overlay-type":"","overlay-color":"","overlay-opacity":"","overlay-gradient":""}},"ast-content-background-meta":{"desktop":{"background-color":"var(--ast-global-color-5)","background-image":"","background-repeat":"repeat","background-position":"center center","background-size":"auto","background-attachment":"scroll","background-type":"","background-media":"","overlay-type":"","overlay-color":"","overlay-opacity":"","overlay-gradient":""},"tablet":{"background-color":"var(--ast-global-color-5)","background-image":"","background-repeat":"repeat","background-position":"center center","background-size":"auto","background-attachment":"scroll","background-type":"","background-media":"","overlay-type":"","overlay-color":"","overlay-opacity":"","overlay-gradient":""},"mobile":{"background-color":"var(--ast-global-color-5)","background-image":"","background-repeat":"repeat","background-position":"center center","background-size":"auto","background-attachment":"scroll","background-type":"","background-media":"","overlay-type":"","overlay-color":"","overlay-opacity":"","overlay-gradient":""}},"_jetpack_memberships_contains_paid_content":false,"_joinchat":[],"footnotes":""},"categories":[2234,2],"tags":[3651,8904,1469,6428,741,9245,1160,2540],"class_list":["post-43795","post","type-post","status-publish","format-standard","has-post-thumbnail","hentry","category-policiales","category-villa-maria","tag-asalto","tag-barrio-san-nicolas","tag-inseguridad","tag-paraje-santa-rosa","tag-policiales","tag-radio-taxi","tag-robo","tag-taxista"],"yoast_head":"<!-- This site is optimized with the Yoast SEO plugin v26.8 - https:\/\/yoast.com\/product\/yoast-seo-wordpress\/ -->\n<title>Inseguridad: Encerraron a taxista en el ba\u00fal y le robaron 10 mil pesos - El Regional<\/title>\n<meta name=\"description\" content=\"El chofer de un m\u00f3vil perteneciente a la empresa Radio-Taxi fue asaltado por dos aparentes pasajeros, quienes le apuntaron con un arma.\" \/>\n<meta name=\"robots\" content=\"index, follow, max-snippet:-1, max-image-preview:large, max-video-preview:-1\" \/>\n<link rel=\"canonical\" href=\"http:\/\/elregionalvm.com.ar\/noticias-villa-maria\/inseguridad-encerraron-a-taxista-en-el-baul-y-le-robaron-10-mil-pesos\/\" \/>\n<meta property=\"og:locale\" content=\"es_ES\" \/>\n<meta property=\"og:type\" content=\"article\" \/>\n<meta property=\"og:title\" content=\"Inseguridad: Encerraron a taxista en el ba\u00fal y le robaron 10 mil pesos - El Regional\" \/>\n<meta property=\"og:description\" content=\"El chofer de un m\u00f3vil perteneciente a la empresa Radio-Taxi fue asaltado por dos aparentes pasajeros, quienes le apuntaron con un arma.\" \/>\n<meta property=\"og:url\" content=\"http:\/\/elregionalvm.com.ar\/noticias-villa-maria\/inseguridad-encerraron-a-taxista-en-el-baul-y-le-robaron-10-mil-pesos\/\" \/>\n<meta property=\"og:site_name\" content=\"El Regional\" \/>\n<meta property=\"article:publisher\" content=\"https:\/\/www.facebook.com\/elregionalvm\" \/>\n<meta property=\"article:published_time\" content=\"2021-08-31T13:10:06+00:00\" \/>\n<meta property=\"article:modified_time\" content=\"2021-09-01T01:34:49+00:00\" \/>\n<meta property=\"og:image\" content=\"http:\/\/elregionalvm.com.ar\/noticias-villa-maria\/wp-content\/uploads\/2021\/05\/taxistas-villa-maria.jpg\" \/>\n\t<meta property=\"og:image:width\" content=\"709\" \/>\n\t<meta property=\"og:image:height\" content=\"474\" \/>\n\t<meta property=\"og:image:type\" content=\"image\/jpeg\" \/>\n<meta name=\"author\" content=\"Contenidos El Regional\" \/>\n<meta name=\"twitter:card\" content=\"summary_large_image\" \/>\n<meta name=\"twitter:creator\" content=\"@elregionalvm1\" \/>\n<meta name=\"twitter:site\" content=\"@elregionalvm1\" \/>\n<meta name=\"twitter:label1\" content=\"Escrito por\" \/>\n\t<meta name=\"twitter:data1\" content=\"Contenidos El Regional\" \/>\n\t<meta name=\"twitter:label2\" content=\"Tiempo de lectura\" \/>\n\t<meta name=\"twitter:data2\" content=\"1 minuto\" \/>\n<script type=\"application\/ld+json\" class=\"yoast-schema-graph\">{\"@context\":\"https:\/\/schema.org\",\"@graph\":[{\"@type\":\"Article\",\"@id\":\"http:\/\/elregionalvm.com.ar\/noticias-villa-maria\/inseguridad-encerraron-a-taxista-en-el-baul-y-le-robaron-10-mil-pesos\/#article\",\"isPartOf\":{\"@id\":\"http:\/\/elregionalvm.com.ar\/noticias-villa-maria\/inseguridad-encerraron-a-taxista-en-el-baul-y-le-robaron-10-mil-pesos\/\"},\"author\":{\"name\":\"Contenidos El Regional\",\"@id\":\"http:\/\/elregionalvm.com.ar\/noticias-villa-maria\/#\/schema\/person\/a0fb9c422317faca23d50163151bc354\"},\"headline\":\"Inseguridad: Encerraron a taxista en el ba\u00fal y le robaron 10 mil pesos\",\"datePublished\":\"2021-08-31T13:10:06+00:00\",\"dateModified\":\"2021-09-01T01:34:49+00:00\",\"mainEntityOfPage\":{\"@id\":\"http:\/\/elregionalvm.com.ar\/noticias-villa-maria\/inseguridad-encerraron-a-taxista-en-el-baul-y-le-robaron-10-mil-pesos\/\"},\"wordCount\":217,\"commentCount\":0,\"image\":{\"@id\":\"http:\/\/elregionalvm.com.ar\/noticias-villa-maria\/inseguridad-encerraron-a-taxista-en-el-baul-y-le-robaron-10-mil-pesos\/#primaryimage\"},\"thumbnailUrl\":\"https:\/\/i0.wp.com\/elregionalvm.com.ar\/noticias-villa-maria\/wp-content\/uploads\/2021\/05\/taxistas-villa-maria.jpg?fit=709%2C474&ssl=1\",\"keywords\":[\"asalto\",\"Barrio San Nicol\u00e1s\",\"Inseguridad\",\"Paraje Santa Rosa\",\"Policiales\",\"Radio Taxi\",\"Robo\",\"taxista\"],\"articleSection\":[\"Policiales\",\"Villa Mar\u00eda\"],\"inLanguage\":\"es\",\"potentialAction\":[{\"@type\":\"CommentAction\",\"name\":\"Comment\",\"target\":[\"http:\/\/elregionalvm.com.ar\/noticias-villa-maria\/inseguridad-encerraron-a-taxista-en-el-baul-y-le-robaron-10-mil-pesos\/#respond\"]}]},{\"@type\":\"WebPage\",\"@id\":\"http:\/\/elregionalvm.com.ar\/noticias-villa-maria\/inseguridad-encerraron-a-taxista-en-el-baul-y-le-robaron-10-mil-pesos\/\",\"url\":\"http:\/\/elregionalvm.com.ar\/noticias-villa-maria\/inseguridad-encerraron-a-taxista-en-el-baul-y-le-robaron-10-mil-pesos\/\",\"name\":\"Inseguridad: Encerraron a taxista en el ba\u00fal y le robaron 10 mil pesos - El Regional\",\"isPartOf\":{\"@id\":\"http:\/\/elregionalvm.com.ar\/noticias-villa-maria\/#website\"},\"primaryImageOfPage\":{\"@id\":\"http:\/\/elregionalvm.com.ar\/noticias-villa-maria\/inseguridad-encerraron-a-taxista-en-el-baul-y-le-robaron-10-mil-pesos\/#primaryimage\"},\"image\":{\"@id\":\"http:\/\/elregionalvm.com.ar\/noticias-villa-maria\/inseguridad-encerraron-a-taxista-en-el-baul-y-le-robaron-10-mil-pesos\/#primaryimage\"},\"thumbnailUrl\":\"https:\/\/i0.wp.com\/elregionalvm.com.ar\/noticias-villa-maria\/wp-content\/uploads\/2021\/05\/taxistas-villa-maria.jpg?fit=709%2C474&ssl=1\",\"datePublished\":\"2021-08-31T13:10:06+00:00\",\"dateModified\":\"2021-09-01T01:34:49+00:00\",\"author\":{\"@id\":\"http:\/\/elregionalvm.com.ar\/noticias-villa-maria\/#\/schema\/person\/a0fb9c422317faca23d50163151bc354\"},\"description\":\"El chofer de un m\u00f3vil perteneciente a la empresa Radio-Taxi fue asaltado por dos aparentes pasajeros, quienes le apuntaron con un arma.\",\"breadcrumb\":{\"@id\":\"http:\/\/elregionalvm.com.ar\/noticias-villa-maria\/inseguridad-encerraron-a-taxista-en-el-baul-y-le-robaron-10-mil-pesos\/#breadcrumb\"},\"inLanguage\":\"es\",\"potentialAction\":[{\"@type\":\"ReadAction\",\"target\":[\"http:\/\/elregionalvm.com.ar\/noticias-villa-maria\/inseguridad-encerraron-a-taxista-en-el-baul-y-le-robaron-10-mil-pesos\/\"]}]},{\"@type\":\"ImageObject\",\"inLanguage\":\"es\",\"@id\":\"http:\/\/elregionalvm.com.ar\/noticias-villa-maria\/inseguridad-encerraron-a-taxista-en-el-baul-y-le-robaron-10-mil-pesos\/#primaryimage\",\"url\":\"https:\/\/i0.wp.com\/elregionalvm.com.ar\/noticias-villa-maria\/wp-content\/uploads\/2021\/05\/taxistas-villa-maria.jpg?fit=709%2C474&ssl=1\",\"contentUrl\":\"https:\/\/i0.wp.com\/elregionalvm.com.ar\/noticias-villa-maria\/wp-content\/uploads\/2021\/05\/taxistas-villa-maria.jpg?fit=709%2C474&ssl=1\",\"width\":709,\"height\":474},{\"@type\":\"BreadcrumbList\",\"@id\":\"http:\/\/elregionalvm.com.ar\/noticias-villa-maria\/inseguridad-encerraron-a-taxista-en-el-baul-y-le-robaron-10-mil-pesos\/#breadcrumb\",\"itemListElement\":[{\"@type\":\"ListItem\",\"position\":1,\"name\":\"Portada\",\"item\":\"https:\/\/elregionalvm.com.ar\/noticias-villa-maria\/\"},{\"@type\":\"ListItem\",\"position\":2,\"name\":\"Inseguridad: Encerraron a taxista en el ba\u00fal y le robaron 10 mil pesos\"}]},{\"@type\":\"WebSite\",\"@id\":\"http:\/\/elregionalvm.com.ar\/noticias-villa-maria\/#website\",\"url\":\"http:\/\/elregionalvm.com.ar\/noticias-villa-maria\/\",\"name\":\"El Regional\",\"description\":\"Mucho m\u00e1s que informaci\u00f3n\",\"potentialAction\":[{\"@type\":\"SearchAction\",\"target\":{\"@type\":\"EntryPoint\",\"urlTemplate\":\"http:\/\/elregionalvm.com.ar\/noticias-villa-maria\/?s={search_term_string}\"},\"query-input\":{\"@type\":\"PropertyValueSpecification\",\"valueRequired\":true,\"valueName\":\"search_term_string\"}}],\"inLanguage\":\"es\"},{\"@type\":\"Person\",\"@id\":\"http:\/\/elregionalvm.com.ar\/noticias-villa-maria\/#\/schema\/person\/a0fb9c422317faca23d50163151bc354\",\"name\":\"Contenidos El Regional\",\"image\":{\"@type\":\"ImageObject\",\"inLanguage\":\"es\",\"@id\":\"http:\/\/elregionalvm.com.ar\/noticias-villa-maria\/#\/schema\/person\/image\/\",\"url\":\"https:\/\/secure.gravatar.com\/avatar\/265b27cb2209af7bb3a1318f03305787d7981a5cc6e6cd08fe5a4ecdf99d4b48?s=96&d=mm&r=g\",\"contentUrl\":\"https:\/\/secure.gravatar.com\/avatar\/265b27cb2209af7bb3a1318f03305787d7981a5cc6e6cd08fe5a4ecdf99d4b48?s=96&d=mm&r=g\",\"caption\":\"Contenidos El Regional\"},\"url\":\"https:\/\/elregionalvm.com.ar\/noticias-villa-maria\/author\/contenido\/\"}]}<\/script>\n<!-- \/ Yoast SEO plugin. -->","yoast_head_json":{"title":"Inseguridad: Encerraron a taxista en el ba\u00fal y le robaron 10 mil pesos - El Regional","description":"El chofer de un m\u00f3vil perteneciente a la empresa Radio-Taxi fue asaltado por dos aparentes pasajeros, quienes le apuntaron con un arma.","robots":{"index":"index","follow":"follow","max-snippet":"max-snippet:-1","max-image-preview":"max-image-preview:large","max-video-preview":"max-video-preview:-1"},"canonical":"http:\/\/elregionalvm.com.ar\/noticias-villa-maria\/inseguridad-encerraron-a-taxista-en-el-baul-y-le-robaron-10-mil-pesos\/","og_locale":"es_ES","og_type":"article","og_title":"Inseguridad: Encerraron a taxista en el ba\u00fal y le robaron 10 mil pesos - El Regional","og_description":"El chofer de un m\u00f3vil perteneciente a la empresa Radio-Taxi fue asaltado por dos aparentes pasajeros, quienes le apuntaron con un arma.","og_url":"http:\/\/elregionalvm.com.ar\/noticias-villa-maria\/inseguridad-encerraron-a-taxista-en-el-baul-y-le-robaron-10-mil-pesos\/","og_site_name":"El Regional","article_publisher":"https:\/\/www.facebook.com\/elregionalvm","article_published_time":"2021-08-31T13:10:06+00:00","article_modified_time":"2021-09-01T01:34:49+00:00","og_image":[{"width":709,"height":474,"url":"http:\/\/elregionalvm.com.ar\/noticias-villa-maria\/wp-content\/uploads\/2021\/05\/taxistas-villa-maria.jpg","type":"image\/jpeg"}],"author":"Contenidos El Regional","twitter_card":"summary_large_image","twitter_creator":"@elregionalvm1","twitter_site":"@elregionalvm1","twitter_misc":{"Escrito por":"Contenidos El Regional","Tiempo de lectura":"1 minuto"},"schema":{"@context":"https:\/\/schema.org","@graph":[{"@type":"Article","@id":"http:\/\/elregionalvm.com.ar\/noticias-villa-maria\/inseguridad-encerraron-a-taxista-en-el-baul-y-le-robaron-10-mil-pesos\/#article","isPartOf":{"@id":"http:\/\/elregionalvm.com.ar\/noticias-villa-maria\/inseguridad-encerraron-a-taxista-en-el-baul-y-le-robaron-10-mil-pesos\/"},"author":{"name":"Contenidos El Regional","@id":"http:\/\/elregionalvm.com.ar\/noticias-villa-maria\/#\/schema\/person\/a0fb9c422317faca23d50163151bc354"},"headline":"Inseguridad: Encerraron a taxista en el ba\u00fal y le robaron 10 mil pesos","datePublished":"2021-08-31T13:10:06+00:00","dateModified":"2021-09-01T01:34:49+00:00","mainEntityOfPage":{"@id":"http:\/\/elregionalvm.com.ar\/noticias-villa-maria\/inseguridad-encerraron-a-taxista-en-el-baul-y-le-robaron-10-mil-pesos\/"},"wordCount":217,"commentCount":0,"image":{"@id":"http:\/\/elregionalvm.com.ar\/noticias-villa-maria\/inseguridad-encerraron-a-taxista-en-el-baul-y-le-robaron-10-mil-pesos\/#primaryimage"},"thumbnailUrl":"https:\/\/i0.wp.com\/elregionalvm.com.ar\/noticias-villa-maria\/wp-content\/uploads\/2021\/05\/taxistas-villa-maria.jpg?fit=709%2C474&ssl=1","keywords":["asalto","Barrio San Nicol\u00e1s","Inseguridad","Paraje Santa Rosa","Policiales","Radio Taxi","Robo","taxista"],"articleSection":["Policiales","Villa Mar\u00eda"],"inLanguage":"es","potentialAction":[{"@type":"CommentAction","name":"Comment","target":["http:\/\/elregionalvm.com.ar\/noticias-villa-maria\/inseguridad-encerraron-a-taxista-en-el-baul-y-le-robaron-10-mil-pesos\/#respond"]}]},{"@type":"WebPage","@id":"http:\/\/elregionalvm.com.ar\/noticias-villa-maria\/inseguridad-encerraron-a-taxista-en-el-baul-y-le-robaron-10-mil-pesos\/","url":"http:\/\/elregionalvm.com.ar\/noticias-villa-maria\/inseguridad-encerraron-a-taxista-en-el-baul-y-le-robaron-10-mil-pesos\/","name":"Inseguridad: Encerraron a taxista en el ba\u00fal y le robaron 10 mil pesos - El Regional","isPartOf":{"@id":"http:\/\/elregionalvm.com.ar\/noticias-villa-maria\/#website"},"primaryImageOfPage":{"@id":"http:\/\/elregionalvm.com.ar\/noticias-villa-maria\/inseguridad-encerraron-a-taxista-en-el-baul-y-le-robaron-10-mil-pesos\/#primaryimage"},"image":{"@id":"http:\/\/elregionalvm.com.ar\/noticias-villa-maria\/inseguridad-encerraron-a-taxista-en-el-baul-y-le-robaron-10-mil-pesos\/#primaryimage"},"thumbnailUrl":"https:\/\/i0.wp.com\/elregionalvm.com.ar\/noticias-villa-maria\/wp-content\/uploads\/2021\/05\/taxistas-villa-maria.jpg?fit=709%2C474&ssl=1","datePublished":"2021-08-31T13:10:06+00:00","dateModified":"2021-09-01T01:34:49+00:00","author":{"@id":"http:\/\/elregionalvm.com.ar\/noticias-villa-maria\/#\/schema\/person\/a0fb9c422317faca23d50163151bc354"},"description":"El chofer de un m\u00f3vil perteneciente a la empresa Radio-Taxi fue asaltado por dos aparentes pasajeros, quienes le apuntaron con un arma.","breadcrumb":{"@id":"http:\/\/elregionalvm.com.ar\/noticias-villa-maria\/inseguridad-encerraron-a-taxista-en-el-baul-y-le-robaron-10-mil-pesos\/#breadcrumb"},"inLanguage":"es","potentialAction":[{"@type":"ReadAction","target":["http:\/\/elregionalvm.com.ar\/noticias-villa-maria\/inseguridad-encerraron-a-taxista-en-el-baul-y-le-robaron-10-mil-pesos\/"]}]},{"@type":"ImageObject","inLanguage":"es","@id":"http:\/\/elregionalvm.com.ar\/noticias-villa-maria\/inseguridad-encerraron-a-taxista-en-el-baul-y-le-robaron-10-mil-pesos\/#primaryimage","url":"https:\/\/i0.wp.com\/elregionalvm.com.ar\/noticias-villa-maria\/wp-content\/uploads\/2021\/05\/taxistas-villa-maria.jpg?fit=709%2C474&ssl=1","contentUrl":"https:\/\/i0.wp.com\/elregionalvm.com.ar\/noticias-villa-maria\/wp-content\/uploads\/2021\/05\/taxistas-villa-maria.jpg?fit=709%2C474&ssl=1","width":709,"height":474},{"@type":"BreadcrumbList","@id":"http:\/\/elregionalvm.com.ar\/noticias-villa-maria\/inseguridad-encerraron-a-taxista-en-el-baul-y-le-robaron-10-mil-pesos\/#breadcrumb","itemListElement":[{"@type":"ListItem","position":1,"name":"Portada","item":"https:\/\/elregionalvm.com.ar\/noticias-villa-maria\/"},{"@type":"ListItem","position":2,"name":"Inseguridad: Encerraron a taxista en el ba\u00fal y le robaron 10 mil pesos"}]},{"@type":"WebSite","@id":"http:\/\/elregionalvm.com.ar\/noticias-villa-maria\/#website","url":"http:\/\/elregionalvm.com.ar\/noticias-villa-maria\/","name":"El Regional","description":"Mucho m\u00e1s que informaci\u00f3n","potentialAction":[{"@type":"SearchAction","target":{"@type":"EntryPoint","urlTemplate":"http:\/\/elregionalvm.com.ar\/noticias-villa-maria\/?s={search_term_string}"},"query-input":{"@type":"PropertyValueSpecification","valueRequired":true,"valueName":"search_term_string"}}],"inLanguage":"es"},{"@type":"Person","@id":"http:\/\/elregionalvm.com.ar\/noticias-villa-maria\/#\/schema\/person\/a0fb9c422317faca23d50163151bc354","name":"Contenidos El Regional","image":{"@type":"ImageObject","inLanguage":"es","@id":"http:\/\/elregionalvm.com.ar\/noticias-villa-maria\/#\/schema\/person\/image\/","url":"https:\/\/secure.gravatar.com\/avatar\/265b27cb2209af7bb3a1318f03305787d7981a5cc6e6cd08fe5a4ecdf99d4b48?s=96&d=mm&r=g","contentUrl":"https:\/\/secure.gravatar.com\/avatar\/265b27cb2209af7bb3a1318f03305787d7981a5cc6e6cd08fe5a4ecdf99d4b48?s=96&d=mm&r=g","caption":"Contenidos El Regional"},"url":"https:\/\/elregionalvm.com.ar\/noticias-villa-maria\/author\/contenido\/"}]}},"jetpack_featured_media_url":"https:\/\/i0.wp.com\/elregionalvm.com.ar\/noticias-villa-maria\/wp-content\/uploads\/2021\/05\/taxistas-villa-maria.jpg?fit=709%2C474&ssl=1","jetpack_sharing_enabled":true,"_links":{"self":[{"href":"https:\/\/elregionalvm.com.ar\/noticias-villa-maria\/wp-json\/wp\/v2\/posts\/43795","targetHints":{"allow":["GET"]}}],"collection":[{"href":"https:\/\/elregionalvm.com.ar\/noticias-villa-maria\/wp-json\/wp\/v2\/posts"}],"about":[{"href":"https:\/\/elregionalvm.com.ar\/noticias-villa-maria\/wp-json\/wp\/v2\/types\/post"}],"author":[{"embeddable":true,"href":"https:\/\/elregionalvm.com.ar\/noticias-villa-maria\/wp-json\/wp\/v2\/users\/4"}],"replies":[{"embeddable":true,"href":"https:\/\/elregionalvm.com.ar\/noticias-villa-maria\/wp-json\/wp\/v2\/comments?post=43795"}],"version-history":[{"count":1,"href":"https:\/\/elregionalvm.com.ar\/noticias-villa-maria\/wp-json\/wp\/v2\/posts\/43795\/revisions"}],"predecessor-version":[{"id":43796,"href":"https:\/\/elregionalvm.com.ar\/noticias-villa-maria\/wp-json\/wp\/v2\/posts\/43795\/revisions\/43796"}],"wp:featuredmedia":[{"embeddable":true,"href":"https:\/\/elregionalvm.com.ar\/noticias-villa-maria\/wp-json\/wp\/v2\/media\/38519"}],"wp:attachment":[{"href":"https:\/\/elregionalvm.com.ar\/noticias-villa-maria\/wp-json\/wp\/v2\/media?parent=43795"}],"wp:term":[{"taxonomy":"category","embeddable":true,"href":"https:\/\/elregionalvm.com.ar\/noticias-villa-maria\/wp-json\/wp\/v2\/categories?post=43795"},{"taxonomy":"post_tag","embeddable":true,"href":"https:\/\/elregionalvm.com.ar\/noticias-villa-maria\/wp-json\/wp\/v2\/tags?post=43795"}],"curies":[{"name":"wp","href":"https:\/\/api.w.org\/{rel}","templated":true}]}}