{"id":43803,"date":"2021-08-31T16:42:09","date_gmt":"2021-08-31T16:42:09","guid":{"rendered":"https:\/\/elregionalvm.com.ar\/noticias-villa-maria\/?p=43803"},"modified":"2021-09-04T21:38:34","modified_gmt":"2021-09-04T21:38:34","slug":"conociendo-candidatos-julia-di-santi-hay-que-dejar-de-ser-tibios-con-los-poderosos","status":"publish","type":"post","link":"https:\/\/elregionalvm.com.ar\/noticias-villa-maria\/conociendo-candidatos-julia-di-santi-hay-que-dejar-de-ser-tibios-con-los-poderosos\/","title":{"rendered":"[Conociendo candidatos] Julia Di Santi: \u201cHay que dejar de ser tibios con los poderosos\u201d"},"content":{"rendered":"\n<p><\/p>\n\n\n\n<p><strong>Escribe: Julio C\u00e9sar Nieto <\/strong><\/p>\n\n\n\n<p><\/p>\n\n\n\n<p>Trabajadora social y docente, Julia Di Santi encabezar\u00e1 la lista de precandidatos a diputados nacionales por el Nuevo M\u00e1s, acompa\u00f1ada por Eduardo Mulhall como precandidato a senador.<\/p>\n\n\n\n<p>Este binomio, que ya present\u00f3 lista en otras elecciones, vuelve aparecer como una alternativa dentro de la Izquierda, diferenci\u00e1ndose de los actuales legisladores provinciales y tambi\u00e9n precandidatas para ocupar bancas en el Congreso.<\/p>\n\n\n\n<p><\/p>\n\n\n\n<figure class=\"wp-block-image size-large\"><img data-recalc-dims=\"1\" fetchpriority=\"high\" decoding=\"async\" width=\"1024\" height=\"733\" src=\"https:\/\/i0.wp.com\/elregionalvm.com.ar\/noticias-villa-maria\/wp-content\/uploads\/2021\/08\/Julia-Di-Santi-vertical-2.jpeg?resize=1024%2C733&#038;ssl=1\" alt=\"\" class=\"wp-image-43811\" srcset=\"https:\/\/i0.wp.com\/elregionalvm.com.ar\/noticias-villa-maria\/wp-content\/uploads\/2021\/08\/Julia-Di-Santi-vertical-2.jpeg?resize=1024%2C733&amp;ssl=1 1024w, https:\/\/i0.wp.com\/elregionalvm.com.ar\/noticias-villa-maria\/wp-content\/uploads\/2021\/08\/Julia-Di-Santi-vertical-2.jpeg?resize=300%2C215&amp;ssl=1 300w, https:\/\/i0.wp.com\/elregionalvm.com.ar\/noticias-villa-maria\/wp-content\/uploads\/2021\/08\/Julia-Di-Santi-vertical-2.jpeg?resize=768%2C550&amp;ssl=1 768w, https:\/\/i0.wp.com\/elregionalvm.com.ar\/noticias-villa-maria\/wp-content\/uploads\/2021\/08\/Julia-Di-Santi-vertical-2.jpeg?w=1138&amp;ssl=1 1138w\" sizes=\"(max-width: 1000px) 100vw, 1000px\" \/><figcaption><em>Mulhall y Di Santi, los cabezas de lista del MAS. <\/em><\/figcaption><\/figure>\n\n\n\n<p><\/p>\n\n\n\n<p><strong>\u201cNo somos pol\u00edticos tradicionales, de la vieja pol\u00edtica tradicional\u201d<\/strong><\/p>\n\n\n\n<p><\/p>\n\n\n\n<figure class=\"wp-block-audio\"><audio controls src=\"https:\/\/elregionalvm.com.ar\/noticias-villa-maria\/wp-content\/uploads\/2021\/08\/Di-Santi-1.mp3\"><\/audio><\/figure>\n\n\n\n<p><\/p>\n\n\n\n<p><strong>Cr\u00edticas a la izquierda<\/strong><\/p>\n\n\n\n<p>En un di\u00e1logo telef\u00f3nico con <strong>EL REGIONAL<\/strong>, Di Santi se diferenci\u00f3 de sus pares de izquierda Olivero, Vilches y Echeverr\u00eda a quienes considera que representan la vieja pol\u00edtica, y carentes de renovaci\u00f3n.<\/p>\n\n\n\n<p><\/p>\n\n\n\n<p><strong>Propuestas<\/strong><\/p>\n\n\n\n<p><\/p>\n\n\n\n<figure class=\"wp-block-audio\"><audio controls src=\"https:\/\/elregionalvm.com.ar\/noticias-villa-maria\/wp-content\/uploads\/2021\/08\/Di-Santi-2.mp3\"><\/audio><\/figure>\n\n\n\n<p><\/p>\n\n\n\n<p><strong>Salario M\u00ednimo de $100.000<\/strong><\/p>\n\n\n\n<p>Ante el enorme malestar en la sociedad, la precandidata a diputada remarc\u00f3 su preocupaci\u00f3n por el salario debajo de la Canasta B\u00e1sica Familiar, la inflaci\u00f3n y la precarizaci\u00f3n laboral.<\/p>\n\n\n\n<p>Por eso, proponen llevar el salario m\u00ednimo a $100.000 a trav\u00e9s de un incremento del 50% de retenciones al agro.<\/p>\n\n\n\n<p>\u201cLos que m\u00e1s pagan impuestos en Argentina somos quienes pagamos el impuesto al alimento que es el 21% (IVA) siendo los que menos ingresos tienen, ya que se destina a alimentos; mientras que las retenciones al ma\u00edz son solo un 12%\u201d, remarc\u00f3.<\/p>\n\n\n\n<p><strong>Estabilidad laboral<\/strong><\/p>\n\n\n\n<p>Entre otras de sus propuestas, Di Santi, propone exigir el pase a planta permanente de todos los trabajadores tanto del sector p\u00fablico como privado.<\/p>\n\n\n\n<p>\u201cLos Gobiernos deben dejar de ser tibios con los poderosos y aplicar medidas a favor de los trabajadores, trabajadoras y la juventud\u201d.<\/p>\n\n\n\n<p><strong>Alternativa al PJ y Juntos por el Cambio<\/strong><\/p>\n\n\n\n<p><\/p>\n\n\n\n<p><\/p>\n\n\n\n<figure class=\"wp-block-audio\"><audio controls src=\"https:\/\/elregionalvm.com.ar\/noticias-villa-maria\/wp-content\/uploads\/2021\/08\/Di-Santi-3.mp3\"><\/audio><\/figure>\n\n\n\n<p><\/p>\n\n\n\n<p>A la hora de analizar, el contexto nacional y provincial, Di Santi consider\u00f3 a la actual gesti\u00f3n nacional como un alto descontento para quienes buscaban una alternativa a Juntos por el Cambio, a quien consider\u00f3 \u201cun gobierno de ricos\u201d.<\/p>\n\n\n\n<p>En cuanto a la gesti\u00f3n provincial, apunt\u00f3 contra el gobernador Juan Schiaretti a quien defini\u00f3 como \u201cun gobierno negacionista\u201d frente a sus pol\u00edticas contra la pandemia y en materia de recursos naturales.<\/p>\n\n\n\n<p><strong>Compa\u00f1ero de f\u00f3rmula local<\/strong><\/p>\n\n\n\n<p><\/p>\n\n\n\n<figure class=\"wp-block-image size-full\"><img data-recalc-dims=\"1\" decoding=\"async\" width=\"551\" height=\"420\" src=\"https:\/\/i0.wp.com\/elregionalvm.com.ar\/noticias-villa-maria\/wp-content\/uploads\/2021\/08\/Franco-Bergero-lista-Di-Santi.jpeg?resize=551%2C420&#038;ssl=1\" alt=\"\" class=\"wp-image-43807\" srcset=\"https:\/\/i0.wp.com\/elregionalvm.com.ar\/noticias-villa-maria\/wp-content\/uploads\/2021\/08\/Franco-Bergero-lista-Di-Santi.jpeg?w=551&amp;ssl=1 551w, https:\/\/i0.wp.com\/elregionalvm.com.ar\/noticias-villa-maria\/wp-content\/uploads\/2021\/08\/Franco-Bergero-lista-Di-Santi.jpeg?resize=300%2C229&amp;ssl=1 300w\" sizes=\"(max-width: 551px) 100vw, 551px\" \/><\/figure>\n\n\n\n<p><\/p>\n\n\n\n<p>Dentro de la lista del Nuevo M\u00e1s, Di Santi lleva como segundo a un joven de nuestra ciudad: Franco Bergero, quien cursa la carrera de Historia de la UNC.<\/p>\n\n\n\n<p>Es uno de los 27 estudiantes procesados en 2018 ante un reclamo&nbsp; por la defensa de la educaci\u00f3n p\u00fablica.<\/p>\n\n\n\n<p><\/p>\n\n\n\n<p><\/p>\n\n\n\n<figure class=\"wp-block-image size-full\"><img data-recalc-dims=\"1\" decoding=\"async\" width=\"640\" height=\"508\" src=\"https:\/\/i0.wp.com\/elregionalvm.com.ar\/noticias-villa-maria\/wp-content\/uploads\/2021\/08\/WhatsApp-Image-2021-08-31-at-1.01.31-AM-1.jpeg?resize=640%2C508&#038;ssl=1\" alt=\"\" class=\"wp-image-43809\" srcset=\"https:\/\/i0.wp.com\/elregionalvm.com.ar\/noticias-villa-maria\/wp-content\/uploads\/2021\/08\/WhatsApp-Image-2021-08-31-at-1.01.31-AM-1.jpeg?w=640&amp;ssl=1 640w, https:\/\/i0.wp.com\/elregionalvm.com.ar\/noticias-villa-maria\/wp-content\/uploads\/2021\/08\/WhatsApp-Image-2021-08-31-at-1.01.31-AM-1.jpeg?resize=300%2C238&amp;ssl=1 300w\" sizes=\"(max-width: 640px) 100vw, 640px\" \/><figcaption><em>Lista del MAS para las PASO del 12 de septiembre.<\/em><\/figcaption><\/figure>\n\n\n\n<p><\/p>\n","protected":false},"excerpt":{"rendered":"<p>Escribe: Julio C\u00e9sar Nieto Trabajadora social y docente, Julia Di Santi encabezar\u00e1 la lista de precandidatos a diputados nacionales por el Nuevo M\u00e1s, acompa\u00f1ada por Eduardo Mulhall como precandidato a senador. Este binomio, que ya present\u00f3 lista en otras elecciones, vuelve aparecer como una alternativa dentro de la Izquierda, diferenci\u00e1ndose de los actuales legisladores provinciales [&hellip;]<\/p>\n","protected":false},"author":4,"featured_media":44095,"comment_status":"open","ping_status":"open","sticky":false,"template":"","format":"standard","meta":{"site-sidebar-layout":"default","site-content-layout":"default","ast-site-content-layout":"default","site-content-style":"default","site-sidebar-style":"default","ast-global-header-display":"","ast-banner-title-visibility":"","ast-main-header-display":"","ast-hfb-above-header-display":"","ast-hfb-below-header-display":"","ast-hfb-mobile-header-display":"","site-post-title":"","ast-breadcrumbs-content":"","ast-featured-img":"","footer-sml-layout":"","ast-disable-related-posts":"","theme-transparent-header-meta":"default","adv-header-id-meta":"","stick-header-meta":"","header-above-stick-meta":"","header-main-stick-meta":"","header-below-stick-meta":"","astra-migrate-meta-layouts":"default","ast-page-background-enabled":"default","ast-page-background-meta":{"desktop":{"background-color":"","background-image":"","background-repeat":"repeat","background-position":"center center","background-size":"auto","background-attachment":"scroll","background-type":"","background-media":"","overlay-type":"","overlay-color":"","overlay-opacity":"","overlay-gradient":""},"tablet":{"background-color":"","background-image":"","background-repeat":"repeat","background-position":"center center","background-size":"auto","background-attachment":"scroll","background-type":"","background-media":"","overlay-type":"","overlay-color":"","overlay-opacity":"","overlay-gradient":""},"mobile":{"background-color":"","background-image":"","background-repeat":"repeat","background-position":"center center","background-size":"auto","background-attachment":"scroll","background-type":"","background-media":"","overlay-type":"","overlay-color":"","overlay-opacity":"","overlay-gradient":""}},"ast-content-background-meta":{"desktop":{"background-color":"var(--ast-global-color-5)","background-image":"","background-repeat":"repeat","background-position":"center center","background-size":"auto","background-attachment":"scroll","background-type":"","background-media":"","overlay-type":"","overlay-color":"","overlay-opacity":"","overlay-gradient":""},"tablet":{"background-color":"var(--ast-global-color-5)","background-image":"","background-repeat":"repeat","background-position":"center center","background-size":"auto","background-attachment":"scroll","background-type":"","background-media":"","overlay-type":"","overlay-color":"","overlay-opacity":"","overlay-gradient":""},"mobile":{"background-color":"var(--ast-global-color-5)","background-image":"","background-repeat":"repeat","background-position":"center center","background-size":"auto","background-attachment":"scroll","background-type":"","background-media":"","overlay-type":"","overlay-color":"","overlay-opacity":"","overlay-gradient":""}},"_jetpack_memberships_contains_paid_content":false,"_joinchat":[],"footnotes":""},"categories":[2089,3557],"tags":[10899,1533,10896,7001,5751,10900,10897,6877,785,10898,4512,10901],"class_list":["post-43803","post","type-post","status-publish","format-standard","has-post-thumbnail","hentry","category-politica","category-tercera","tag-eduardo-mulhall","tag-izquierda","tag-julia-di-santi","tag-juntos-por-el-cambio","tag-legislativas","tag-liliana-olivero","tag-mas","tag-paso","tag-pj","tag-precandidata","tag-retenciones","tag-salario-minimo"],"yoast_head":"<!-- This site is optimized with the Yoast SEO plugin v26.8 - https:\/\/yoast.com\/product\/yoast-seo-wordpress\/ -->\n<title>[Conociendo candidatos] Julia Di Santi: \u201cHay que dejar de ser tibios con los poderosos\u201d - El Regional<\/title>\n<meta name=\"description\" content=\"Trabajadora social y docente, encabezar\u00e1 la lista de diputados nacionales acompa\u00f1ada por Eduardo Mulhall como precandidato a senador.\" \/>\n<meta name=\"robots\" content=\"index, follow, max-snippet:-1, max-image-preview:large, max-video-preview:-1\" \/>\n<link rel=\"canonical\" href=\"http:\/\/elregionalvm.com.ar\/noticias-villa-maria\/conociendo-candidatos-julia-di-santi-hay-que-dejar-de-ser-tibios-con-los-poderosos\/\" \/>\n<meta property=\"og:locale\" content=\"es_ES\" \/>\n<meta property=\"og:type\" content=\"article\" \/>\n<meta property=\"og:title\" content=\"[Conociendo candidatos] Julia Di Santi: \u201cHay que dejar de ser tibios con los poderosos\u201d - El Regional\" \/>\n<meta property=\"og:description\" content=\"Trabajadora social y docente, encabezar\u00e1 la lista de diputados nacionales acompa\u00f1ada por Eduardo Mulhall como precandidato a senador.\" \/>\n<meta property=\"og:url\" content=\"http:\/\/elregionalvm.com.ar\/noticias-villa-maria\/conociendo-candidatos-julia-di-santi-hay-que-dejar-de-ser-tibios-con-los-poderosos\/\" \/>\n<meta property=\"og:site_name\" content=\"El Regional\" \/>\n<meta property=\"article:publisher\" content=\"https:\/\/www.facebook.com\/elregionalvm\" \/>\n<meta property=\"article:published_time\" content=\"2021-08-31T16:42:09+00:00\" \/>\n<meta property=\"article:modified_time\" content=\"2021-09-04T21:38:34+00:00\" \/>\n<meta property=\"og:image\" content=\"http:\/\/elregionalvm.com.ar\/noticias-villa-maria\/wp-content\/uploads\/2021\/08\/Julia-Di-Santi.jpeg\" \/>\n\t<meta property=\"og:image:width\" content=\"1023\" \/>\n\t<meta property=\"og:image:height\" content=\"682\" \/>\n\t<meta property=\"og:image:type\" content=\"image\/jpeg\" \/>\n<meta name=\"author\" content=\"Contenidos El Regional\" \/>\n<meta name=\"twitter:card\" content=\"summary_large_image\" \/>\n<meta name=\"twitter:creator\" content=\"@elregionalvm1\" \/>\n<meta name=\"twitter:site\" content=\"@elregionalvm1\" \/>\n<meta name=\"twitter:label1\" content=\"Escrito por\" \/>\n\t<meta name=\"twitter:data1\" content=\"Contenidos El Regional\" \/>\n\t<meta name=\"twitter:label2\" content=\"Tiempo de lectura\" \/>\n\t<meta name=\"twitter:data2\" content=\"3 minutos\" \/>\n<script type=\"application\/ld+json\" class=\"yoast-schema-graph\">{\"@context\":\"https:\/\/schema.org\",\"@graph\":[{\"@type\":\"Article\",\"@id\":\"http:\/\/elregionalvm.com.ar\/noticias-villa-maria\/conociendo-candidatos-julia-di-santi-hay-que-dejar-de-ser-tibios-con-los-poderosos\/#article\",\"isPartOf\":{\"@id\":\"http:\/\/elregionalvm.com.ar\/noticias-villa-maria\/conociendo-candidatos-julia-di-santi-hay-que-dejar-de-ser-tibios-con-los-poderosos\/\"},\"author\":{\"name\":\"Contenidos El Regional\",\"@id\":\"http:\/\/elregionalvm.com.ar\/noticias-villa-maria\/#\/schema\/person\/a0fb9c422317faca23d50163151bc354\"},\"headline\":\"[Conociendo candidatos] Julia Di Santi: \u201cHay que dejar de ser tibios con los poderosos\u201d\",\"datePublished\":\"2021-08-31T16:42:09+00:00\",\"dateModified\":\"2021-09-04T21:38:34+00:00\",\"mainEntityOfPage\":{\"@id\":\"http:\/\/elregionalvm.com.ar\/noticias-villa-maria\/conociendo-candidatos-julia-di-santi-hay-que-dejar-de-ser-tibios-con-los-poderosos\/\"},\"wordCount\":442,\"commentCount\":0,\"image\":{\"@id\":\"http:\/\/elregionalvm.com.ar\/noticias-villa-maria\/conociendo-candidatos-julia-di-santi-hay-que-dejar-de-ser-tibios-con-los-poderosos\/#primaryimage\"},\"thumbnailUrl\":\"https:\/\/i0.wp.com\/elregionalvm.com.ar\/noticias-villa-maria\/wp-content\/uploads\/2021\/08\/Julia-Di-Santi.jpeg?fit=1023%2C682&ssl=1\",\"keywords\":[\"Eduardo Mulhall\",\"Izquierda\",\"Julia Di Santi\",\"Juntos por el Cambio\",\"Legislativas\",\"Liliana Olivero\",\"MAS\",\"PASO\",\"pj\",\"Precandidata\",\"Retenciones\",\"Salario m\u00ednimo\"],\"articleSection\":[\"Pol\u00edtica\",\"tercera\"],\"inLanguage\":\"es\",\"potentialAction\":[{\"@type\":\"CommentAction\",\"name\":\"Comment\",\"target\":[\"http:\/\/elregionalvm.com.ar\/noticias-villa-maria\/conociendo-candidatos-julia-di-santi-hay-que-dejar-de-ser-tibios-con-los-poderosos\/#respond\"]}]},{\"@type\":\"WebPage\",\"@id\":\"http:\/\/elregionalvm.com.ar\/noticias-villa-maria\/conociendo-candidatos-julia-di-santi-hay-que-dejar-de-ser-tibios-con-los-poderosos\/\",\"url\":\"http:\/\/elregionalvm.com.ar\/noticias-villa-maria\/conociendo-candidatos-julia-di-santi-hay-que-dejar-de-ser-tibios-con-los-poderosos\/\",\"name\":\"[Conociendo candidatos] Julia Di Santi: \u201cHay que dejar de ser tibios con los poderosos\u201d - El Regional\",\"isPartOf\":{\"@id\":\"http:\/\/elregionalvm.com.ar\/noticias-villa-maria\/#website\"},\"primaryImageOfPage\":{\"@id\":\"http:\/\/elregionalvm.com.ar\/noticias-villa-maria\/conociendo-candidatos-julia-di-santi-hay-que-dejar-de-ser-tibios-con-los-poderosos\/#primaryimage\"},\"image\":{\"@id\":\"http:\/\/elregionalvm.com.ar\/noticias-villa-maria\/conociendo-candidatos-julia-di-santi-hay-que-dejar-de-ser-tibios-con-los-poderosos\/#primaryimage\"},\"thumbnailUrl\":\"https:\/\/i0.wp.com\/elregionalvm.com.ar\/noticias-villa-maria\/wp-content\/uploads\/2021\/08\/Julia-Di-Santi.jpeg?fit=1023%2C682&ssl=1\",\"datePublished\":\"2021-08-31T16:42:09+00:00\",\"dateModified\":\"2021-09-04T21:38:34+00:00\",\"author\":{\"@id\":\"http:\/\/elregionalvm.com.ar\/noticias-villa-maria\/#\/schema\/person\/a0fb9c422317faca23d50163151bc354\"},\"description\":\"Trabajadora social y docente, encabezar\u00e1 la lista de diputados nacionales acompa\u00f1ada por Eduardo Mulhall como precandidato a senador.\",\"breadcrumb\":{\"@id\":\"http:\/\/elregionalvm.com.ar\/noticias-villa-maria\/conociendo-candidatos-julia-di-santi-hay-que-dejar-de-ser-tibios-con-los-poderosos\/#breadcrumb\"},\"inLanguage\":\"es\",\"potentialAction\":[{\"@type\":\"ReadAction\",\"target\":[\"http:\/\/elregionalvm.com.ar\/noticias-villa-maria\/conociendo-candidatos-julia-di-santi-hay-que-dejar-de-ser-tibios-con-los-poderosos\/\"]}]},{\"@type\":\"ImageObject\",\"inLanguage\":\"es\",\"@id\":\"http:\/\/elregionalvm.com.ar\/noticias-villa-maria\/conociendo-candidatos-julia-di-santi-hay-que-dejar-de-ser-tibios-con-los-poderosos\/#primaryimage\",\"url\":\"https:\/\/i0.wp.com\/elregionalvm.com.ar\/noticias-villa-maria\/wp-content\/uploads\/2021\/08\/Julia-Di-Santi.jpeg?fit=1023%2C682&ssl=1\",\"contentUrl\":\"https:\/\/i0.wp.com\/elregionalvm.com.ar\/noticias-villa-maria\/wp-content\/uploads\/2021\/08\/Julia-Di-Santi.jpeg?fit=1023%2C682&ssl=1\",\"width\":1023,\"height\":682},{\"@type\":\"BreadcrumbList\",\"@id\":\"http:\/\/elregionalvm.com.ar\/noticias-villa-maria\/conociendo-candidatos-julia-di-santi-hay-que-dejar-de-ser-tibios-con-los-poderosos\/#breadcrumb\",\"itemListElement\":[{\"@type\":\"ListItem\",\"position\":1,\"name\":\"Portada\",\"item\":\"https:\/\/elregionalvm.com.ar\/noticias-villa-maria\/\"},{\"@type\":\"ListItem\",\"position\":2,\"name\":\"[Conociendo candidatos] Julia Di Santi: \u201cHay que dejar de ser tibios con los poderosos\u201d\"}]},{\"@type\":\"WebSite\",\"@id\":\"http:\/\/elregionalvm.com.ar\/noticias-villa-maria\/#website\",\"url\":\"http:\/\/elregionalvm.com.ar\/noticias-villa-maria\/\",\"name\":\"El Regional\",\"description\":\"Mucho m\u00e1s que informaci\u00f3n\",\"potentialAction\":[{\"@type\":\"SearchAction\",\"target\":{\"@type\":\"EntryPoint\",\"urlTemplate\":\"http:\/\/elregionalvm.com.ar\/noticias-villa-maria\/?s={search_term_string}\"},\"query-input\":{\"@type\":\"PropertyValueSpecification\",\"valueRequired\":true,\"valueName\":\"search_term_string\"}}],\"inLanguage\":\"es\"},{\"@type\":\"Person\",\"@id\":\"http:\/\/elregionalvm.com.ar\/noticias-villa-maria\/#\/schema\/person\/a0fb9c422317faca23d50163151bc354\",\"name\":\"Contenidos El Regional\",\"image\":{\"@type\":\"ImageObject\",\"inLanguage\":\"es\",\"@id\":\"http:\/\/elregionalvm.com.ar\/noticias-villa-maria\/#\/schema\/person\/image\/\",\"url\":\"https:\/\/secure.gravatar.com\/avatar\/265b27cb2209af7bb3a1318f03305787d7981a5cc6e6cd08fe5a4ecdf99d4b48?s=96&d=mm&r=g\",\"contentUrl\":\"https:\/\/secure.gravatar.com\/avatar\/265b27cb2209af7bb3a1318f03305787d7981a5cc6e6cd08fe5a4ecdf99d4b48?s=96&d=mm&r=g\",\"caption\":\"Contenidos El Regional\"},\"url\":\"https:\/\/elregionalvm.com.ar\/noticias-villa-maria\/author\/contenido\/\"}]}<\/script>\n<!-- \/ Yoast SEO plugin. -->","yoast_head_json":{"title":"[Conociendo candidatos] Julia Di Santi: \u201cHay que dejar de ser tibios con los poderosos\u201d - El Regional","description":"Trabajadora social y docente, encabezar\u00e1 la lista de diputados nacionales acompa\u00f1ada por Eduardo Mulhall como precandidato a senador.","robots":{"index":"index","follow":"follow","max-snippet":"max-snippet:-1","max-image-preview":"max-image-preview:large","max-video-preview":"max-video-preview:-1"},"canonical":"http:\/\/elregionalvm.com.ar\/noticias-villa-maria\/conociendo-candidatos-julia-di-santi-hay-que-dejar-de-ser-tibios-con-los-poderosos\/","og_locale":"es_ES","og_type":"article","og_title":"[Conociendo candidatos] Julia Di Santi: \u201cHay que dejar de ser tibios con los poderosos\u201d - El Regional","og_description":"Trabajadora social y docente, encabezar\u00e1 la lista de diputados nacionales acompa\u00f1ada por Eduardo Mulhall como precandidato a senador.","og_url":"http:\/\/elregionalvm.com.ar\/noticias-villa-maria\/conociendo-candidatos-julia-di-santi-hay-que-dejar-de-ser-tibios-con-los-poderosos\/","og_site_name":"El Regional","article_publisher":"https:\/\/www.facebook.com\/elregionalvm","article_published_time":"2021-08-31T16:42:09+00:00","article_modified_time":"2021-09-04T21:38:34+00:00","og_image":[{"width":1023,"height":682,"url":"http:\/\/elregionalvm.com.ar\/noticias-villa-maria\/wp-content\/uploads\/2021\/08\/Julia-Di-Santi.jpeg","type":"image\/jpeg"}],"author":"Contenidos El Regional","twitter_card":"summary_large_image","twitter_creator":"@elregionalvm1","twitter_site":"@elregionalvm1","twitter_misc":{"Escrito por":"Contenidos El Regional","Tiempo de lectura":"3 minutos"},"schema":{"@context":"https:\/\/schema.org","@graph":[{"@type":"Article","@id":"http:\/\/elregionalvm.com.ar\/noticias-villa-maria\/conociendo-candidatos-julia-di-santi-hay-que-dejar-de-ser-tibios-con-los-poderosos\/#article","isPartOf":{"@id":"http:\/\/elregionalvm.com.ar\/noticias-villa-maria\/conociendo-candidatos-julia-di-santi-hay-que-dejar-de-ser-tibios-con-los-poderosos\/"},"author":{"name":"Contenidos El Regional","@id":"http:\/\/elregionalvm.com.ar\/noticias-villa-maria\/#\/schema\/person\/a0fb9c422317faca23d50163151bc354"},"headline":"[Conociendo candidatos] Julia Di Santi: \u201cHay que dejar de ser tibios con los poderosos\u201d","datePublished":"2021-08-31T16:42:09+00:00","dateModified":"2021-09-04T21:38:34+00:00","mainEntityOfPage":{"@id":"http:\/\/elregionalvm.com.ar\/noticias-villa-maria\/conociendo-candidatos-julia-di-santi-hay-que-dejar-de-ser-tibios-con-los-poderosos\/"},"wordCount":442,"commentCount":0,"image":{"@id":"http:\/\/elregionalvm.com.ar\/noticias-villa-maria\/conociendo-candidatos-julia-di-santi-hay-que-dejar-de-ser-tibios-con-los-poderosos\/#primaryimage"},"thumbnailUrl":"https:\/\/i0.wp.com\/elregionalvm.com.ar\/noticias-villa-maria\/wp-content\/uploads\/2021\/08\/Julia-Di-Santi.jpeg?fit=1023%2C682&ssl=1","keywords":["Eduardo Mulhall","Izquierda","Julia Di Santi","Juntos por el Cambio","Legislativas","Liliana Olivero","MAS","PASO","pj","Precandidata","Retenciones","Salario m\u00ednimo"],"articleSection":["Pol\u00edtica","tercera"],"inLanguage":"es","potentialAction":[{"@type":"CommentAction","name":"Comment","target":["http:\/\/elregionalvm.com.ar\/noticias-villa-maria\/conociendo-candidatos-julia-di-santi-hay-que-dejar-de-ser-tibios-con-los-poderosos\/#respond"]}]},{"@type":"WebPage","@id":"http:\/\/elregionalvm.com.ar\/noticias-villa-maria\/conociendo-candidatos-julia-di-santi-hay-que-dejar-de-ser-tibios-con-los-poderosos\/","url":"http:\/\/elregionalvm.com.ar\/noticias-villa-maria\/conociendo-candidatos-julia-di-santi-hay-que-dejar-de-ser-tibios-con-los-poderosos\/","name":"[Conociendo candidatos] Julia Di Santi: \u201cHay que dejar de ser tibios con los poderosos\u201d - El Regional","isPartOf":{"@id":"http:\/\/elregionalvm.com.ar\/noticias-villa-maria\/#website"},"primaryImageOfPage":{"@id":"http:\/\/elregionalvm.com.ar\/noticias-villa-maria\/conociendo-candidatos-julia-di-santi-hay-que-dejar-de-ser-tibios-con-los-poderosos\/#primaryimage"},"image":{"@id":"http:\/\/elregionalvm.com.ar\/noticias-villa-maria\/conociendo-candidatos-julia-di-santi-hay-que-dejar-de-ser-tibios-con-los-poderosos\/#primaryimage"},"thumbnailUrl":"https:\/\/i0.wp.com\/elregionalvm.com.ar\/noticias-villa-maria\/wp-content\/uploads\/2021\/08\/Julia-Di-Santi.jpeg?fit=1023%2C682&ssl=1","datePublished":"2021-08-31T16:42:09+00:00","dateModified":"2021-09-04T21:38:34+00:00","author":{"@id":"http:\/\/elregionalvm.com.ar\/noticias-villa-maria\/#\/schema\/person\/a0fb9c422317faca23d50163151bc354"},"description":"Trabajadora social y docente, encabezar\u00e1 la lista de diputados nacionales acompa\u00f1ada por Eduardo Mulhall como precandidato a senador.","breadcrumb":{"@id":"http:\/\/elregionalvm.com.ar\/noticias-villa-maria\/conociendo-candidatos-julia-di-santi-hay-que-dejar-de-ser-tibios-con-los-poderosos\/#breadcrumb"},"inLanguage":"es","potentialAction":[{"@type":"ReadAction","target":["http:\/\/elregionalvm.com.ar\/noticias-villa-maria\/conociendo-candidatos-julia-di-santi-hay-que-dejar-de-ser-tibios-con-los-poderosos\/"]}]},{"@type":"ImageObject","inLanguage":"es","@id":"http:\/\/elregionalvm.com.ar\/noticias-villa-maria\/conociendo-candidatos-julia-di-santi-hay-que-dejar-de-ser-tibios-con-los-poderosos\/#primaryimage","url":"https:\/\/i0.wp.com\/elregionalvm.com.ar\/noticias-villa-maria\/wp-content\/uploads\/2021\/08\/Julia-Di-Santi.jpeg?fit=1023%2C682&ssl=1","contentUrl":"https:\/\/i0.wp.com\/elregionalvm.com.ar\/noticias-villa-maria\/wp-content\/uploads\/2021\/08\/Julia-Di-Santi.jpeg?fit=1023%2C682&ssl=1","width":1023,"height":682},{"@type":"BreadcrumbList","@id":"http:\/\/elregionalvm.com.ar\/noticias-villa-maria\/conociendo-candidatos-julia-di-santi-hay-que-dejar-de-ser-tibios-con-los-poderosos\/#breadcrumb","itemListElement":[{"@type":"ListItem","position":1,"name":"Portada","item":"https:\/\/elregionalvm.com.ar\/noticias-villa-maria\/"},{"@type":"ListItem","position":2,"name":"[Conociendo candidatos] Julia Di Santi: \u201cHay que dejar de ser tibios con los poderosos\u201d"}]},{"@type":"WebSite","@id":"http:\/\/elregionalvm.com.ar\/noticias-villa-maria\/#website","url":"http:\/\/elregionalvm.com.ar\/noticias-villa-maria\/","name":"El Regional","description":"Mucho m\u00e1s que informaci\u00f3n","potentialAction":[{"@type":"SearchAction","target":{"@type":"EntryPoint","urlTemplate":"http:\/\/elregionalvm.com.ar\/noticias-villa-maria\/?s={search_term_string}"},"query-input":{"@type":"PropertyValueSpecification","valueRequired":true,"valueName":"search_term_string"}}],"inLanguage":"es"},{"@type":"Person","@id":"http:\/\/elregionalvm.com.ar\/noticias-villa-maria\/#\/schema\/person\/a0fb9c422317faca23d50163151bc354","name":"Contenidos El Regional","image":{"@type":"ImageObject","inLanguage":"es","@id":"http:\/\/elregionalvm.com.ar\/noticias-villa-maria\/#\/schema\/person\/image\/","url":"https:\/\/secure.gravatar.com\/avatar\/265b27cb2209af7bb3a1318f03305787d7981a5cc6e6cd08fe5a4ecdf99d4b48?s=96&d=mm&r=g","contentUrl":"https:\/\/secure.gravatar.com\/avatar\/265b27cb2209af7bb3a1318f03305787d7981a5cc6e6cd08fe5a4ecdf99d4b48?s=96&d=mm&r=g","caption":"Contenidos El Regional"},"url":"https:\/\/elregionalvm.com.ar\/noticias-villa-maria\/author\/contenido\/"}]}},"jetpack_featured_media_url":"https:\/\/i0.wp.com\/elregionalvm.com.ar\/noticias-villa-maria\/wp-content\/uploads\/2021\/08\/Julia-Di-Santi.jpeg?fit=1023%2C682&ssl=1","jetpack_sharing_enabled":true,"_links":{"self":[{"href":"https:\/\/elregionalvm.com.ar\/noticias-villa-maria\/wp-json\/wp\/v2\/posts\/43803","targetHints":{"allow":["GET"]}}],"collection":[{"href":"https:\/\/elregionalvm.com.ar\/noticias-villa-maria\/wp-json\/wp\/v2\/posts"}],"about":[{"href":"https:\/\/elregionalvm.com.ar\/noticias-villa-maria\/wp-json\/wp\/v2\/types\/post"}],"author":[{"embeddable":true,"href":"https:\/\/elregionalvm.com.ar\/noticias-villa-maria\/wp-json\/wp\/v2\/users\/4"}],"replies":[{"embeddable":true,"href":"https:\/\/elregionalvm.com.ar\/noticias-villa-maria\/wp-json\/wp\/v2\/comments?post=43803"}],"version-history":[{"count":2,"href":"https:\/\/elregionalvm.com.ar\/noticias-villa-maria\/wp-json\/wp\/v2\/posts\/43803\/revisions"}],"predecessor-version":[{"id":44097,"href":"https:\/\/elregionalvm.com.ar\/noticias-villa-maria\/wp-json\/wp\/v2\/posts\/43803\/revisions\/44097"}],"wp:featuredmedia":[{"embeddable":true,"href":"https:\/\/elregionalvm.com.ar\/noticias-villa-maria\/wp-json\/wp\/v2\/media\/44095"}],"wp:attachment":[{"href":"https:\/\/elregionalvm.com.ar\/noticias-villa-maria\/wp-json\/wp\/v2\/media?parent=43803"}],"wp:term":[{"taxonomy":"category","embeddable":true,"href":"https:\/\/elregionalvm.com.ar\/noticias-villa-maria\/wp-json\/wp\/v2\/categories?post=43803"},{"taxonomy":"post_tag","embeddable":true,"href":"https:\/\/elregionalvm.com.ar\/noticias-villa-maria\/wp-json\/wp\/v2\/tags?post=43803"}],"curies":[{"name":"wp","href":"https:\/\/api.w.org\/{rel}","templated":true}]}}