{"id":43814,"date":"2021-08-31T17:21:55","date_gmt":"2021-08-31T17:21:55","guid":{"rendered":"https:\/\/elregionalvm.com.ar\/noticias-villa-maria\/?p=43814"},"modified":"2021-08-31T17:21:56","modified_gmt":"2021-08-31T17:21:56","slug":"peligro-dos-choques-de-autos-con-trenes-en-solo-un-mes-en-cintra","status":"publish","type":"post","link":"https:\/\/elregionalvm.com.ar\/noticias-villa-maria\/peligro-dos-choques-de-autos-con-trenes-en-solo-un-mes-en-cintra\/","title":{"rendered":"Peligro: Dos choques de autos con trenes en solo un mes en Cintra"},"content":{"rendered":"\n<p><\/p>\n\n\n\n<p>Agosto engros\u00f3 las estad\u00edsticas de accidentes viales en Cintra. En el plazo de 25 d\u00edas se sucedieron dos siniestros que pudieron terminar en tragedia.<\/p>\n\n\n\n<p>Dos veh\u00edculos impactaron con la formaci\u00f3n del tren que atraviesa uno de los accesos a la localidad desde la ruta provincial 3.<\/p>\n\n\n\n<p>El primer suceso se produjo el pasado 6 de agosto, cuando un utilitario result\u00f3 impactado en su parte lateral derecha y trasera.<\/p>\n\n\n\n<p><\/p>\n\n\n\n<figure class=\"wp-block-image size-large is-resized\"><img data-recalc-dims=\"1\" fetchpriority=\"high\" decoding=\"async\" src=\"https:\/\/i0.wp.com\/elregionalvm.com.ar\/noticias-villa-maria\/wp-content\/uploads\/2021\/08\/WhatsApp-Image-2021-08-31-at-12.35.42-PM.jpeg?resize=879%2C494&#038;ssl=1\" alt=\"\" class=\"wp-image-43815\" width=\"879\" height=\"494\" srcset=\"https:\/\/i0.wp.com\/elregionalvm.com.ar\/noticias-villa-maria\/wp-content\/uploads\/2021\/08\/WhatsApp-Image-2021-08-31-at-12.35.42-PM.jpeg?resize=1024%2C576&amp;ssl=1 1024w, https:\/\/i0.wp.com\/elregionalvm.com.ar\/noticias-villa-maria\/wp-content\/uploads\/2021\/08\/WhatsApp-Image-2021-08-31-at-12.35.42-PM.jpeg?resize=300%2C169&amp;ssl=1 300w, https:\/\/i0.wp.com\/elregionalvm.com.ar\/noticias-villa-maria\/wp-content\/uploads\/2021\/08\/WhatsApp-Image-2021-08-31-at-12.35.42-PM.jpeg?resize=768%2C432&amp;ssl=1 768w, https:\/\/i0.wp.com\/elregionalvm.com.ar\/noticias-villa-maria\/wp-content\/uploads\/2021\/08\/WhatsApp-Image-2021-08-31-at-12.35.42-PM.jpeg?w=1280&amp;ssl=1 1280w\" sizes=\"(max-width: 879px) 100vw, 879px\" \/><figcaption><em>El accidente anterior ocurri\u00f3 a principios de agosto. <\/em><\/figcaption><\/figure>\n\n\n\n<p><\/p>\n\n\n\n<p>El segundo se dio poco antes de las 8 de la ma\u00f1ana de este martes 31 de agosto. Un veh\u00edculo Citro\u00ebn colision\u00f3 con la formaci\u00f3n ferroviaria.<\/p>\n\n\n\n<p>El conductor fue derivado al centro de salud local tras la intervenci\u00f3n de los bomberos locales, quienes asistieron al lugar con una dotaci\u00f3n de 11 bomberos y dos unidades.<\/p>\n\n\n\n<p><\/p>\n\n\n\n<figure class=\"wp-block-image size-large\"><img data-recalc-dims=\"1\" decoding=\"async\" width=\"1024\" height=\"768\" src=\"https:\/\/i0.wp.com\/elregionalvm.com.ar\/noticias-villa-maria\/wp-content\/uploads\/2021\/08\/Cintra-accidente-tren-auto-3.jpg?resize=1024%2C768&#038;ssl=1\" alt=\"\" class=\"wp-image-43799\" srcset=\"https:\/\/i0.wp.com\/elregionalvm.com.ar\/noticias-villa-maria\/wp-content\/uploads\/2021\/08\/Cintra-accidente-tren-auto-3.jpg?resize=1024%2C768&amp;ssl=1 1024w, https:\/\/i0.wp.com\/elregionalvm.com.ar\/noticias-villa-maria\/wp-content\/uploads\/2021\/08\/Cintra-accidente-tren-auto-3.jpg?resize=300%2C225&amp;ssl=1 300w, https:\/\/i0.wp.com\/elregionalvm.com.ar\/noticias-villa-maria\/wp-content\/uploads\/2021\/08\/Cintra-accidente-tren-auto-3.jpg?resize=768%2C576&amp;ssl=1 768w, https:\/\/i0.wp.com\/elregionalvm.com.ar\/noticias-villa-maria\/wp-content\/uploads\/2021\/08\/Cintra-accidente-tren-auto-3.jpg?resize=1536%2C1152&amp;ssl=1 1536w, https:\/\/i0.wp.com\/elregionalvm.com.ar\/noticias-villa-maria\/wp-content\/uploads\/2021\/08\/Cintra-accidente-tren-auto-3.jpg?w=1600&amp;ssl=1 1600w\" sizes=\"(max-width: 1000px) 100vw, 1000px\" \/><figcaption><em>El accidente de esta ma\u00f1ana, un suceso que se repite en el tiempo. <\/em><\/figcaption><\/figure>\n\n\n\n<p><\/p>\n\n\n\n<p>M\u00e1s all\u00e1 de los cuidados y precauciones que deben tomar los conductores de los rodados menores, muchos vecinos expusieron sus reclamos en las redes sociales por lo que consideran un problema hist\u00f3rico. <\/p>\n\n\n\n<p>Sostienen la necesidad de contar con medidas de seguridad, como barreras o se\u00f1ales, para alertar sobre el paso del tren y evitar nuevos accidentes y tragedias.<\/p>\n\n\n\n<p><\/p>\n\n\n\n<p><\/p>\n\n\n\n<figure class=\"wp-block-embed is-type-wp-embed is-provider-el-regional wp-block-embed-el-regional\"><div class=\"wp-block-embed__wrapper\">\n<blockquote class=\"wp-embedded-content\" data-secret=\"FeRgND8NPL\"><a href=\"https:\/\/elregionalvm.com.ar\/noticias-villa-maria\/cintra-choque-entre-un-auto-y-un-tren-deja-un-herido-leve\/\">Cintra: Choque entre un auto y un tren deja un herido leve<\/a><\/blockquote><iframe class=\"wp-embedded-content\" sandbox=\"allow-scripts\" security=\"restricted\" style=\"position: absolute; visibility: hidden;\" title=\"\u00abCintra: Choque entre un auto y un tren deja un herido leve\u00bb \u2014 El Regional\" src=\"https:\/\/elregionalvm.com.ar\/noticias-villa-maria\/cintra-choque-entre-un-auto-y-un-tren-deja-un-herido-leve\/embed\/#?secret=CZbXC8JXZe#?secret=FeRgND8NPL\" data-secret=\"FeRgND8NPL\" width=\"500\" height=\"282\" frameborder=\"0\" marginwidth=\"0\" marginheight=\"0\" scrolling=\"no\"><\/iframe>\n<\/div><\/figure>\n","protected":false},"excerpt":{"rendered":"<p>Agosto engros\u00f3 las estad\u00edsticas de accidentes viales en Cintra. En el plazo de 25 d\u00edas se sucedieron dos siniestros que pudieron terminar en tragedia. Dos veh\u00edculos impactaron con la formaci\u00f3n del tren que atraviesa uno de los accesos a la localidad desde la ruta provincial 3. El primer suceso se produjo el pasado 6 de [&hellip;]<\/p>\n","protected":false},"author":4,"featured_media":43798,"comment_status":"open","ping_status":"open","sticky":false,"template":"","format":"standard","meta":{"site-sidebar-layout":"default","site-content-layout":"default","ast-site-content-layout":"default","site-content-style":"default","site-sidebar-style":"default","ast-global-header-display":"","ast-banner-title-visibility":"","ast-main-header-display":"","ast-hfb-above-header-display":"","ast-hfb-below-header-display":"","ast-hfb-mobile-header-display":"","site-post-title":"","ast-breadcrumbs-content":"","ast-featured-img":"","footer-sml-layout":"","ast-disable-related-posts":"","theme-transparent-header-meta":"default","adv-header-id-meta":"","stick-header-meta":"","header-above-stick-meta":"","header-main-stick-meta":"","header-below-stick-meta":"","astra-migrate-meta-layouts":"default","ast-page-background-enabled":"default","ast-page-background-meta":{"desktop":{"background-color":"","background-image":"","background-repeat":"repeat","background-position":"center center","background-size":"auto","background-attachment":"scroll","background-type":"","background-media":"","overlay-type":"","overlay-color":"","overlay-opacity":"","overlay-gradient":""},"tablet":{"background-color":"","background-image":"","background-repeat":"repeat","background-position":"center center","background-size":"auto","background-attachment":"scroll","background-type":"","background-media":"","overlay-type":"","overlay-color":"","overlay-opacity":"","overlay-gradient":""},"mobile":{"background-color":"","background-image":"","background-repeat":"repeat","background-position":"center center","background-size":"auto","background-attachment":"scroll","background-type":"","background-media":"","overlay-type":"","overlay-color":"","overlay-opacity":"","overlay-gradient":""}},"ast-content-background-meta":{"desktop":{"background-color":"var(--ast-global-color-5)","background-image":"","background-repeat":"repeat","background-position":"center center","background-size":"auto","background-attachment":"scroll","background-type":"","background-media":"","overlay-type":"","overlay-color":"","overlay-opacity":"","overlay-gradient":""},"tablet":{"background-color":"var(--ast-global-color-5)","background-image":"","background-repeat":"repeat","background-position":"center center","background-size":"auto","background-attachment":"scroll","background-type":"","background-media":"","overlay-type":"","overlay-color":"","overlay-opacity":"","overlay-gradient":""},"mobile":{"background-color":"var(--ast-global-color-5)","background-image":"","background-repeat":"repeat","background-position":"center center","background-size":"auto","background-attachment":"scroll","background-type":"","background-media":"","overlay-type":"","overlay-color":"","overlay-opacity":"","overlay-gradient":""}},"_jetpack_memberships_contains_paid_content":false,"_joinchat":[],"footnotes":""},"categories":[2091],"tags":[3108,2462,3590,1452,4557,1232,7680,2788,10895,2702],"class_list":["post-43814","post","type-post","status-publish","format-standard","has-post-thumbnail","hentry","category-region","tag-alerta","tag-auto","tag-bomberos-voluntarios","tag-choque","tag-cintra","tag-destacado","tag-lesionados","tag-reclamo","tag-ruta-3","tag-tren"],"yoast_head":"<!-- This site is optimized with the Yoast SEO plugin v26.8 - https:\/\/yoast.com\/product\/yoast-seo-wordpress\/ -->\n<title>Peligro: Dos choques de autos con trenes en solo un mes en Cintra - El Regional<\/title>\n<meta name=\"description\" content=\"Agosto engros\u00f3 las estad\u00edsticas de accidentes viales. En el plazo de 25 d\u00edas se sucedieron dos siniestros que pudieron terminar en tragedia.\" \/>\n<meta name=\"robots\" content=\"index, follow, max-snippet:-1, max-image-preview:large, max-video-preview:-1\" \/>\n<link rel=\"canonical\" href=\"http:\/\/elregionalvm.com.ar\/noticias-villa-maria\/peligro-dos-choques-de-autos-con-trenes-en-solo-un-mes-en-cintra\/\" \/>\n<meta property=\"og:locale\" content=\"es_ES\" \/>\n<meta property=\"og:type\" content=\"article\" \/>\n<meta property=\"og:title\" content=\"Peligro: Dos choques de autos con trenes en solo un mes en Cintra - El Regional\" \/>\n<meta property=\"og:description\" content=\"Agosto engros\u00f3 las estad\u00edsticas de accidentes viales. En el plazo de 25 d\u00edas se sucedieron dos siniestros que pudieron terminar en tragedia.\" \/>\n<meta property=\"og:url\" content=\"http:\/\/elregionalvm.com.ar\/noticias-villa-maria\/peligro-dos-choques-de-autos-con-trenes-en-solo-un-mes-en-cintra\/\" \/>\n<meta property=\"og:site_name\" content=\"El Regional\" \/>\n<meta property=\"article:publisher\" content=\"https:\/\/www.facebook.com\/elregionalvm\" \/>\n<meta property=\"article:published_time\" content=\"2021-08-31T17:21:55+00:00\" \/>\n<meta property=\"article:modified_time\" content=\"2021-08-31T17:21:56+00:00\" \/>\n<meta property=\"og:image\" content=\"http:\/\/elregionalvm.com.ar\/noticias-villa-maria\/wp-content\/uploads\/2021\/08\/Cintra-accidente-tren-auto.jpg\" \/>\n\t<meta property=\"og:image:width\" content=\"1000\" \/>\n\t<meta property=\"og:image:height\" content=\"613\" \/>\n\t<meta property=\"og:image:type\" content=\"image\/jpeg\" \/>\n<meta name=\"author\" content=\"Contenidos El Regional\" \/>\n<meta name=\"twitter:card\" content=\"summary_large_image\" \/>\n<meta name=\"twitter:creator\" content=\"@elregionalvm1\" \/>\n<meta name=\"twitter:site\" content=\"@elregionalvm1\" \/>\n<meta name=\"twitter:label1\" content=\"Escrito por\" \/>\n\t<meta name=\"twitter:data1\" content=\"Contenidos El Regional\" \/>\n\t<meta name=\"twitter:label2\" content=\"Tiempo de lectura\" \/>\n\t<meta name=\"twitter:data2\" content=\"2 minutos\" \/>\n<script type=\"application\/ld+json\" class=\"yoast-schema-graph\">{\"@context\":\"https:\/\/schema.org\",\"@graph\":[{\"@type\":\"Article\",\"@id\":\"http:\/\/elregionalvm.com.ar\/noticias-villa-maria\/peligro-dos-choques-de-autos-con-trenes-en-solo-un-mes-en-cintra\/#article\",\"isPartOf\":{\"@id\":\"http:\/\/elregionalvm.com.ar\/noticias-villa-maria\/peligro-dos-choques-de-autos-con-trenes-en-solo-un-mes-en-cintra\/\"},\"author\":{\"name\":\"Contenidos El Regional\",\"@id\":\"http:\/\/elregionalvm.com.ar\/noticias-villa-maria\/#\/schema\/person\/a0fb9c422317faca23d50163151bc354\"},\"headline\":\"Peligro: Dos choques de autos con trenes en solo un mes en Cintra\",\"datePublished\":\"2021-08-31T17:21:55+00:00\",\"dateModified\":\"2021-08-31T17:21:56+00:00\",\"mainEntityOfPage\":{\"@id\":\"http:\/\/elregionalvm.com.ar\/noticias-villa-maria\/peligro-dos-choques-de-autos-con-trenes-en-solo-un-mes-en-cintra\/\"},\"wordCount\":229,\"commentCount\":0,\"image\":{\"@id\":\"http:\/\/elregionalvm.com.ar\/noticias-villa-maria\/peligro-dos-choques-de-autos-con-trenes-en-solo-un-mes-en-cintra\/#primaryimage\"},\"thumbnailUrl\":\"https:\/\/i0.wp.com\/elregionalvm.com.ar\/noticias-villa-maria\/wp-content\/uploads\/2021\/08\/Cintra-accidente-tren-auto.jpg?fit=1000%2C613&ssl=1\",\"keywords\":[\"alerta\",\"Auto\",\"Bomberos Voluntarios\",\"Choque\",\"Cintra\",\"destacado\",\"Lesionados\",\"Reclamo\",\"Ruta 3\",\"Tren\"],\"articleSection\":[\"Regi\u00f3n\"],\"inLanguage\":\"es\",\"potentialAction\":[{\"@type\":\"CommentAction\",\"name\":\"Comment\",\"target\":[\"http:\/\/elregionalvm.com.ar\/noticias-villa-maria\/peligro-dos-choques-de-autos-con-trenes-en-solo-un-mes-en-cintra\/#respond\"]}]},{\"@type\":\"WebPage\",\"@id\":\"http:\/\/elregionalvm.com.ar\/noticias-villa-maria\/peligro-dos-choques-de-autos-con-trenes-en-solo-un-mes-en-cintra\/\",\"url\":\"http:\/\/elregionalvm.com.ar\/noticias-villa-maria\/peligro-dos-choques-de-autos-con-trenes-en-solo-un-mes-en-cintra\/\",\"name\":\"Peligro: Dos choques de autos con trenes en solo un mes en Cintra - El Regional\",\"isPartOf\":{\"@id\":\"http:\/\/elregionalvm.com.ar\/noticias-villa-maria\/#website\"},\"primaryImageOfPage\":{\"@id\":\"http:\/\/elregionalvm.com.ar\/noticias-villa-maria\/peligro-dos-choques-de-autos-con-trenes-en-solo-un-mes-en-cintra\/#primaryimage\"},\"image\":{\"@id\":\"http:\/\/elregionalvm.com.ar\/noticias-villa-maria\/peligro-dos-choques-de-autos-con-trenes-en-solo-un-mes-en-cintra\/#primaryimage\"},\"thumbnailUrl\":\"https:\/\/i0.wp.com\/elregionalvm.com.ar\/noticias-villa-maria\/wp-content\/uploads\/2021\/08\/Cintra-accidente-tren-auto.jpg?fit=1000%2C613&ssl=1\",\"datePublished\":\"2021-08-31T17:21:55+00:00\",\"dateModified\":\"2021-08-31T17:21:56+00:00\",\"author\":{\"@id\":\"http:\/\/elregionalvm.com.ar\/noticias-villa-maria\/#\/schema\/person\/a0fb9c422317faca23d50163151bc354\"},\"description\":\"Agosto engros\u00f3 las estad\u00edsticas de accidentes viales. En el plazo de 25 d\u00edas se sucedieron dos siniestros que pudieron terminar en tragedia.\",\"breadcrumb\":{\"@id\":\"http:\/\/elregionalvm.com.ar\/noticias-villa-maria\/peligro-dos-choques-de-autos-con-trenes-en-solo-un-mes-en-cintra\/#breadcrumb\"},\"inLanguage\":\"es\",\"potentialAction\":[{\"@type\":\"ReadAction\",\"target\":[\"http:\/\/elregionalvm.com.ar\/noticias-villa-maria\/peligro-dos-choques-de-autos-con-trenes-en-solo-un-mes-en-cintra\/\"]}]},{\"@type\":\"ImageObject\",\"inLanguage\":\"es\",\"@id\":\"http:\/\/elregionalvm.com.ar\/noticias-villa-maria\/peligro-dos-choques-de-autos-con-trenes-en-solo-un-mes-en-cintra\/#primaryimage\",\"url\":\"https:\/\/i0.wp.com\/elregionalvm.com.ar\/noticias-villa-maria\/wp-content\/uploads\/2021\/08\/Cintra-accidente-tren-auto.jpg?fit=1000%2C613&ssl=1\",\"contentUrl\":\"https:\/\/i0.wp.com\/elregionalvm.com.ar\/noticias-villa-maria\/wp-content\/uploads\/2021\/08\/Cintra-accidente-tren-auto.jpg?fit=1000%2C613&ssl=1\",\"width\":1000,\"height\":613},{\"@type\":\"BreadcrumbList\",\"@id\":\"http:\/\/elregionalvm.com.ar\/noticias-villa-maria\/peligro-dos-choques-de-autos-con-trenes-en-solo-un-mes-en-cintra\/#breadcrumb\",\"itemListElement\":[{\"@type\":\"ListItem\",\"position\":1,\"name\":\"Portada\",\"item\":\"https:\/\/elregionalvm.com.ar\/noticias-villa-maria\/\"},{\"@type\":\"ListItem\",\"position\":2,\"name\":\"Peligro: Dos choques de autos con trenes en solo un mes en Cintra\"}]},{\"@type\":\"WebSite\",\"@id\":\"http:\/\/elregionalvm.com.ar\/noticias-villa-maria\/#website\",\"url\":\"http:\/\/elregionalvm.com.ar\/noticias-villa-maria\/\",\"name\":\"El Regional\",\"description\":\"Mucho m\u00e1s que informaci\u00f3n\",\"potentialAction\":[{\"@type\":\"SearchAction\",\"target\":{\"@type\":\"EntryPoint\",\"urlTemplate\":\"http:\/\/elregionalvm.com.ar\/noticias-villa-maria\/?s={search_term_string}\"},\"query-input\":{\"@type\":\"PropertyValueSpecification\",\"valueRequired\":true,\"valueName\":\"search_term_string\"}}],\"inLanguage\":\"es\"},{\"@type\":\"Person\",\"@id\":\"http:\/\/elregionalvm.com.ar\/noticias-villa-maria\/#\/schema\/person\/a0fb9c422317faca23d50163151bc354\",\"name\":\"Contenidos El Regional\",\"image\":{\"@type\":\"ImageObject\",\"inLanguage\":\"es\",\"@id\":\"http:\/\/elregionalvm.com.ar\/noticias-villa-maria\/#\/schema\/person\/image\/\",\"url\":\"https:\/\/secure.gravatar.com\/avatar\/265b27cb2209af7bb3a1318f03305787d7981a5cc6e6cd08fe5a4ecdf99d4b48?s=96&d=mm&r=g\",\"contentUrl\":\"https:\/\/secure.gravatar.com\/avatar\/265b27cb2209af7bb3a1318f03305787d7981a5cc6e6cd08fe5a4ecdf99d4b48?s=96&d=mm&r=g\",\"caption\":\"Contenidos El Regional\"},\"url\":\"https:\/\/elregionalvm.com.ar\/noticias-villa-maria\/author\/contenido\/\"}]}<\/script>\n<!-- \/ Yoast SEO plugin. -->","yoast_head_json":{"title":"Peligro: Dos choques de autos con trenes en solo un mes en Cintra - El Regional","description":"Agosto engros\u00f3 las estad\u00edsticas de accidentes viales. En el plazo de 25 d\u00edas se sucedieron dos siniestros que pudieron terminar en tragedia.","robots":{"index":"index","follow":"follow","max-snippet":"max-snippet:-1","max-image-preview":"max-image-preview:large","max-video-preview":"max-video-preview:-1"},"canonical":"http:\/\/elregionalvm.com.ar\/noticias-villa-maria\/peligro-dos-choques-de-autos-con-trenes-en-solo-un-mes-en-cintra\/","og_locale":"es_ES","og_type":"article","og_title":"Peligro: Dos choques de autos con trenes en solo un mes en Cintra - El Regional","og_description":"Agosto engros\u00f3 las estad\u00edsticas de accidentes viales. En el plazo de 25 d\u00edas se sucedieron dos siniestros que pudieron terminar en tragedia.","og_url":"http:\/\/elregionalvm.com.ar\/noticias-villa-maria\/peligro-dos-choques-de-autos-con-trenes-en-solo-un-mes-en-cintra\/","og_site_name":"El Regional","article_publisher":"https:\/\/www.facebook.com\/elregionalvm","article_published_time":"2021-08-31T17:21:55+00:00","article_modified_time":"2021-08-31T17:21:56+00:00","og_image":[{"width":1000,"height":613,"url":"http:\/\/elregionalvm.com.ar\/noticias-villa-maria\/wp-content\/uploads\/2021\/08\/Cintra-accidente-tren-auto.jpg","type":"image\/jpeg"}],"author":"Contenidos El Regional","twitter_card":"summary_large_image","twitter_creator":"@elregionalvm1","twitter_site":"@elregionalvm1","twitter_misc":{"Escrito por":"Contenidos El Regional","Tiempo de lectura":"2 minutos"},"schema":{"@context":"https:\/\/schema.org","@graph":[{"@type":"Article","@id":"http:\/\/elregionalvm.com.ar\/noticias-villa-maria\/peligro-dos-choques-de-autos-con-trenes-en-solo-un-mes-en-cintra\/#article","isPartOf":{"@id":"http:\/\/elregionalvm.com.ar\/noticias-villa-maria\/peligro-dos-choques-de-autos-con-trenes-en-solo-un-mes-en-cintra\/"},"author":{"name":"Contenidos El Regional","@id":"http:\/\/elregionalvm.com.ar\/noticias-villa-maria\/#\/schema\/person\/a0fb9c422317faca23d50163151bc354"},"headline":"Peligro: Dos choques de autos con trenes en solo un mes en Cintra","datePublished":"2021-08-31T17:21:55+00:00","dateModified":"2021-08-31T17:21:56+00:00","mainEntityOfPage":{"@id":"http:\/\/elregionalvm.com.ar\/noticias-villa-maria\/peligro-dos-choques-de-autos-con-trenes-en-solo-un-mes-en-cintra\/"},"wordCount":229,"commentCount":0,"image":{"@id":"http:\/\/elregionalvm.com.ar\/noticias-villa-maria\/peligro-dos-choques-de-autos-con-trenes-en-solo-un-mes-en-cintra\/#primaryimage"},"thumbnailUrl":"https:\/\/i0.wp.com\/elregionalvm.com.ar\/noticias-villa-maria\/wp-content\/uploads\/2021\/08\/Cintra-accidente-tren-auto.jpg?fit=1000%2C613&ssl=1","keywords":["alerta","Auto","Bomberos Voluntarios","Choque","Cintra","destacado","Lesionados","Reclamo","Ruta 3","Tren"],"articleSection":["Regi\u00f3n"],"inLanguage":"es","potentialAction":[{"@type":"CommentAction","name":"Comment","target":["http:\/\/elregionalvm.com.ar\/noticias-villa-maria\/peligro-dos-choques-de-autos-con-trenes-en-solo-un-mes-en-cintra\/#respond"]}]},{"@type":"WebPage","@id":"http:\/\/elregionalvm.com.ar\/noticias-villa-maria\/peligro-dos-choques-de-autos-con-trenes-en-solo-un-mes-en-cintra\/","url":"http:\/\/elregionalvm.com.ar\/noticias-villa-maria\/peligro-dos-choques-de-autos-con-trenes-en-solo-un-mes-en-cintra\/","name":"Peligro: Dos choques de autos con trenes en solo un mes en Cintra - El Regional","isPartOf":{"@id":"http:\/\/elregionalvm.com.ar\/noticias-villa-maria\/#website"},"primaryImageOfPage":{"@id":"http:\/\/elregionalvm.com.ar\/noticias-villa-maria\/peligro-dos-choques-de-autos-con-trenes-en-solo-un-mes-en-cintra\/#primaryimage"},"image":{"@id":"http:\/\/elregionalvm.com.ar\/noticias-villa-maria\/peligro-dos-choques-de-autos-con-trenes-en-solo-un-mes-en-cintra\/#primaryimage"},"thumbnailUrl":"https:\/\/i0.wp.com\/elregionalvm.com.ar\/noticias-villa-maria\/wp-content\/uploads\/2021\/08\/Cintra-accidente-tren-auto.jpg?fit=1000%2C613&ssl=1","datePublished":"2021-08-31T17:21:55+00:00","dateModified":"2021-08-31T17:21:56+00:00","author":{"@id":"http:\/\/elregionalvm.com.ar\/noticias-villa-maria\/#\/schema\/person\/a0fb9c422317faca23d50163151bc354"},"description":"Agosto engros\u00f3 las estad\u00edsticas de accidentes viales. En el plazo de 25 d\u00edas se sucedieron dos siniestros que pudieron terminar en tragedia.","breadcrumb":{"@id":"http:\/\/elregionalvm.com.ar\/noticias-villa-maria\/peligro-dos-choques-de-autos-con-trenes-en-solo-un-mes-en-cintra\/#breadcrumb"},"inLanguage":"es","potentialAction":[{"@type":"ReadAction","target":["http:\/\/elregionalvm.com.ar\/noticias-villa-maria\/peligro-dos-choques-de-autos-con-trenes-en-solo-un-mes-en-cintra\/"]}]},{"@type":"ImageObject","inLanguage":"es","@id":"http:\/\/elregionalvm.com.ar\/noticias-villa-maria\/peligro-dos-choques-de-autos-con-trenes-en-solo-un-mes-en-cintra\/#primaryimage","url":"https:\/\/i0.wp.com\/elregionalvm.com.ar\/noticias-villa-maria\/wp-content\/uploads\/2021\/08\/Cintra-accidente-tren-auto.jpg?fit=1000%2C613&ssl=1","contentUrl":"https:\/\/i0.wp.com\/elregionalvm.com.ar\/noticias-villa-maria\/wp-content\/uploads\/2021\/08\/Cintra-accidente-tren-auto.jpg?fit=1000%2C613&ssl=1","width":1000,"height":613},{"@type":"BreadcrumbList","@id":"http:\/\/elregionalvm.com.ar\/noticias-villa-maria\/peligro-dos-choques-de-autos-con-trenes-en-solo-un-mes-en-cintra\/#breadcrumb","itemListElement":[{"@type":"ListItem","position":1,"name":"Portada","item":"https:\/\/elregionalvm.com.ar\/noticias-villa-maria\/"},{"@type":"ListItem","position":2,"name":"Peligro: Dos choques de autos con trenes en solo un mes en Cintra"}]},{"@type":"WebSite","@id":"http:\/\/elregionalvm.com.ar\/noticias-villa-maria\/#website","url":"http:\/\/elregionalvm.com.ar\/noticias-villa-maria\/","name":"El Regional","description":"Mucho m\u00e1s que informaci\u00f3n","potentialAction":[{"@type":"SearchAction","target":{"@type":"EntryPoint","urlTemplate":"http:\/\/elregionalvm.com.ar\/noticias-villa-maria\/?s={search_term_string}"},"query-input":{"@type":"PropertyValueSpecification","valueRequired":true,"valueName":"search_term_string"}}],"inLanguage":"es"},{"@type":"Person","@id":"http:\/\/elregionalvm.com.ar\/noticias-villa-maria\/#\/schema\/person\/a0fb9c422317faca23d50163151bc354","name":"Contenidos El Regional","image":{"@type":"ImageObject","inLanguage":"es","@id":"http:\/\/elregionalvm.com.ar\/noticias-villa-maria\/#\/schema\/person\/image\/","url":"https:\/\/secure.gravatar.com\/avatar\/265b27cb2209af7bb3a1318f03305787d7981a5cc6e6cd08fe5a4ecdf99d4b48?s=96&d=mm&r=g","contentUrl":"https:\/\/secure.gravatar.com\/avatar\/265b27cb2209af7bb3a1318f03305787d7981a5cc6e6cd08fe5a4ecdf99d4b48?s=96&d=mm&r=g","caption":"Contenidos El Regional"},"url":"https:\/\/elregionalvm.com.ar\/noticias-villa-maria\/author\/contenido\/"}]}},"jetpack_featured_media_url":"https:\/\/i0.wp.com\/elregionalvm.com.ar\/noticias-villa-maria\/wp-content\/uploads\/2021\/08\/Cintra-accidente-tren-auto.jpg?fit=1000%2C613&ssl=1","jetpack_sharing_enabled":true,"_links":{"self":[{"href":"https:\/\/elregionalvm.com.ar\/noticias-villa-maria\/wp-json\/wp\/v2\/posts\/43814","targetHints":{"allow":["GET"]}}],"collection":[{"href":"https:\/\/elregionalvm.com.ar\/noticias-villa-maria\/wp-json\/wp\/v2\/posts"}],"about":[{"href":"https:\/\/elregionalvm.com.ar\/noticias-villa-maria\/wp-json\/wp\/v2\/types\/post"}],"author":[{"embeddable":true,"href":"https:\/\/elregionalvm.com.ar\/noticias-villa-maria\/wp-json\/wp\/v2\/users\/4"}],"replies":[{"embeddable":true,"href":"https:\/\/elregionalvm.com.ar\/noticias-villa-maria\/wp-json\/wp\/v2\/comments?post=43814"}],"version-history":[{"count":1,"href":"https:\/\/elregionalvm.com.ar\/noticias-villa-maria\/wp-json\/wp\/v2\/posts\/43814\/revisions"}],"predecessor-version":[{"id":43816,"href":"https:\/\/elregionalvm.com.ar\/noticias-villa-maria\/wp-json\/wp\/v2\/posts\/43814\/revisions\/43816"}],"wp:featuredmedia":[{"embeddable":true,"href":"https:\/\/elregionalvm.com.ar\/noticias-villa-maria\/wp-json\/wp\/v2\/media\/43798"}],"wp:attachment":[{"href":"https:\/\/elregionalvm.com.ar\/noticias-villa-maria\/wp-json\/wp\/v2\/media?parent=43814"}],"wp:term":[{"taxonomy":"category","embeddable":true,"href":"https:\/\/elregionalvm.com.ar\/noticias-villa-maria\/wp-json\/wp\/v2\/categories?post=43814"},{"taxonomy":"post_tag","embeddable":true,"href":"https:\/\/elregionalvm.com.ar\/noticias-villa-maria\/wp-json\/wp\/v2\/tags?post=43814"}],"curies":[{"name":"wp","href":"https:\/\/api.w.org\/{rel}","templated":true}]}}