{"id":43849,"date":"2021-09-01T01:42:46","date_gmt":"2021-09-01T01:42:46","guid":{"rendered":"https:\/\/elregionalvm.com.ar\/noticias-villa-maria\/?p=43849"},"modified":"2021-09-01T01:42:47","modified_gmt":"2021-09-01T01:42:47","slug":"familias-de-escasos-recursos-podran-tener-conexion-a-agua-y-cloacas","status":"publish","type":"post","link":"https:\/\/elregionalvm.com.ar\/noticias-villa-maria\/familias-de-escasos-recursos-podran-tener-conexion-a-agua-y-cloacas\/","title":{"rendered":"Familias de escasos recursos podr\u00e1n tener conexi\u00f3n a agua y cloacas"},"content":{"rendered":"\n<p><\/p>\n\n\n\n<p>El intendente interino, Pablo Rosso, firm\u00f3 un convenio con la Cooperativa 15 de Mayo, que tiene a cargo la prestaci\u00f3n del servicio de agua y cloacas.<\/p>\n\n\n\n<p>El acuerdo establece que se realizar\u00e1n conexiones solidarias a familias de escasos recursos. El documento fue rubricado por el mandatario y el presidente de la instituci\u00f3n del tercer sector, Alfredo Antonino.<\/p>\n\n\n\n<p>Rosso celebr\u00f3 el convenio y destac\u00f3 la importancia que tiene garantizar \u201clos procesos de acceso a los servicios de correcta provisi\u00f3n de calidad y cantidad de agua, y los servicios de cloaca. Son importante para llevar a las familias la mejora en la calidad de vida\u201d.<\/p>\n\n\n\n<p>El documento establece que ser\u00e1 la Cooperativa la que realizar\u00e1 las conexiones solidarias en distintos puntos de la ciudad. Estas tareas se har\u00e1n en domicilios de familias, tras un trabajo de an\u00e1lisis y evaluaci\u00f3n socioecon\u00f3mica llevado adelante por la Secretar\u00eda de Inclusi\u00f3n Social y Territorio.<\/p>\n\n\n\n<p><strong>Gratis para 160 familias<\/strong><\/p>\n\n\n\n<p>La subsecretaria de Descentralizaci\u00f3n, Laura Mansilla, indic\u00f3 que en total el relevamiento arroja actualmente la cifra de 160 familias con prioridad para estas conexiones.<\/p>\n\n\n\n<p>\u201cEs una excelente noticia, para las familias sobre todo que en su mayor\u00eda pasa el servicio por el frente de la vivienda, pero por una cuesti\u00f3n econ\u00f3mica no pueden hacer la conexi\u00f3n\u201d, dijo Mansilla.<\/p>\n\n\n\n<p>El convenio explicita que se realizar\u00e1n, de acuerdo a la capacidad operativa de la Cooperativa, un total de 10 conexiones mensuales.<\/p>\n\n\n\n<p>En este sentido, Antonino detall\u00f3 que, en relaci\u00f3n al agua, se dejar\u00e1 una llave de paso con una canilla dentro del terreno, al frente, y con la cloaca se ejecutar\u00e1 un metro adentro, hasta la primera c\u00e1mara de inspecci\u00f3n de l\u00edquidos cloacales, para que la persona conecte todo el servicio.<\/p>\n\n\n\n<p>Estas conexiones comenzar\u00e1n en los pr\u00f3ximos d\u00edas y ser\u00e1n sin costo para la familia beneficiada, a la vez que la Cooperativa las imputar\u00e1 como cr\u00e9dito en el Fondo Solidario.<\/p>\n","protected":false},"excerpt":{"rendered":"<p>El intendente interino, Pablo Rosso, firm\u00f3 un convenio con la Cooperativa 15 de Mayo, que tiene a cargo la prestaci\u00f3n del servicio de agua y cloacas. El acuerdo establece que se realizar\u00e1n conexiones solidarias a familias de escasos recursos. El documento fue rubricado por el mandatario y el presidente de la instituci\u00f3n del tercer sector, [&hellip;]<\/p>\n","protected":false},"author":4,"featured_media":43850,"comment_status":"open","ping_status":"open","sticky":false,"template":"","format":"standard","meta":{"site-sidebar-layout":"default","site-content-layout":"default","ast-site-content-layout":"default","site-content-style":"default","site-sidebar-style":"default","ast-global-header-display":"","ast-banner-title-visibility":"","ast-main-header-display":"","ast-hfb-above-header-display":"","ast-hfb-below-header-display":"","ast-hfb-mobile-header-display":"","site-post-title":"","ast-breadcrumbs-content":"","ast-featured-img":"","footer-sml-layout":"","ast-disable-related-posts":"","theme-transparent-header-meta":"default","adv-header-id-meta":"","stick-header-meta":"","header-above-stick-meta":"","header-main-stick-meta":"","header-below-stick-meta":"","astra-migrate-meta-layouts":"default","ast-page-background-enabled":"default","ast-page-background-meta":{"desktop":{"background-color":"","background-image":"","background-repeat":"repeat","background-position":"center center","background-size":"auto","background-attachment":"scroll","background-type":"","background-media":"","overlay-type":"","overlay-color":"","overlay-opacity":"","overlay-gradient":""},"tablet":{"background-color":"","background-image":"","background-repeat":"repeat","background-position":"center center","background-size":"auto","background-attachment":"scroll","background-type":"","background-media":"","overlay-type":"","overlay-color":"","overlay-opacity":"","overlay-gradient":""},"mobile":{"background-color":"","background-image":"","background-repeat":"repeat","background-position":"center center","background-size":"auto","background-attachment":"scroll","background-type":"","background-media":"","overlay-type":"","overlay-color":"","overlay-opacity":"","overlay-gradient":""}},"ast-content-background-meta":{"desktop":{"background-color":"var(--ast-global-color-5)","background-image":"","background-repeat":"repeat","background-position":"center center","background-size":"auto","background-attachment":"scroll","background-type":"","background-media":"","overlay-type":"","overlay-color":"","overlay-opacity":"","overlay-gradient":""},"tablet":{"background-color":"var(--ast-global-color-5)","background-image":"","background-repeat":"repeat","background-position":"center center","background-size":"auto","background-attachment":"scroll","background-type":"","background-media":"","overlay-type":"","overlay-color":"","overlay-opacity":"","overlay-gradient":""},"mobile":{"background-color":"var(--ast-global-color-5)","background-image":"","background-repeat":"repeat","background-position":"center center","background-size":"auto","background-attachment":"scroll","background-type":"","background-media":"","overlay-type":"","overlay-color":"","overlay-opacity":"","overlay-gradient":""}},"_jetpack_memberships_contains_paid_content":false,"_joinchat":[],"footnotes":""},"categories":[2],"tags":[10920,2821,10919,1232,10921,2474],"class_list":["post-43849","post","type-post","status-publish","format-standard","has-post-thumbnail","hentry","category-villa-maria","tag-conexion-agua-y-cloacas","tag-convenio","tag-cooperativa-de-agua","tag-destacado","tag-familias-de-escasos-recursos","tag-municipalidad-de-villa-maria"],"yoast_head":"<!-- This site is optimized with the Yoast SEO plugin v26.8 - https:\/\/yoast.com\/product\/yoast-seo-wordpress\/ -->\n<title>Familias de escasos recursos podr\u00e1n tener conexi\u00f3n a agua y cloacas - El Regional<\/title>\n<meta name=\"description\" content=\"Estas conexiones comenzar\u00e1n en los pr\u00f3ximos d\u00edas y ser\u00e1n sin costo para las familias beneficiadas. que suman un total de 160 en principio.\" \/>\n<meta name=\"robots\" content=\"index, follow, max-snippet:-1, max-image-preview:large, max-video-preview:-1\" \/>\n<link rel=\"canonical\" href=\"http:\/\/elregionalvm.com.ar\/noticias-villa-maria\/familias-de-escasos-recursos-podran-tener-conexion-a-agua-y-cloacas\/\" \/>\n<meta property=\"og:locale\" content=\"es_ES\" \/>\n<meta property=\"og:type\" content=\"article\" \/>\n<meta property=\"og:title\" content=\"Familias de escasos recursos podr\u00e1n tener conexi\u00f3n a agua y cloacas - El Regional\" \/>\n<meta property=\"og:description\" content=\"Estas conexiones comenzar\u00e1n en los pr\u00f3ximos d\u00edas y ser\u00e1n sin costo para las familias beneficiadas. que suman un total de 160 en principio.\" \/>\n<meta property=\"og:url\" content=\"http:\/\/elregionalvm.com.ar\/noticias-villa-maria\/familias-de-escasos-recursos-podran-tener-conexion-a-agua-y-cloacas\/\" \/>\n<meta property=\"og:site_name\" content=\"El Regional\" \/>\n<meta property=\"article:publisher\" content=\"https:\/\/www.facebook.com\/elregionalvm\" \/>\n<meta property=\"article:published_time\" content=\"2021-09-01T01:42:46+00:00\" \/>\n<meta property=\"article:modified_time\" content=\"2021-09-01T01:42:47+00:00\" \/>\n<meta property=\"og:image\" content=\"http:\/\/elregionalvm.com.ar\/noticias-villa-maria\/wp-content\/uploads\/2021\/09\/Convenio-Cooperativa-1.jpeg\" \/>\n\t<meta property=\"og:image:width\" content=\"1600\" \/>\n\t<meta property=\"og:image:height\" content=\"900\" \/>\n\t<meta property=\"og:image:type\" content=\"image\/jpeg\" \/>\n<meta name=\"author\" content=\"Contenidos El Regional\" \/>\n<meta name=\"twitter:card\" content=\"summary_large_image\" \/>\n<meta name=\"twitter:creator\" content=\"@elregionalvm1\" \/>\n<meta name=\"twitter:site\" content=\"@elregionalvm1\" \/>\n<meta name=\"twitter:label1\" content=\"Escrito por\" \/>\n\t<meta name=\"twitter:data1\" content=\"Contenidos El Regional\" \/>\n\t<meta name=\"twitter:label2\" content=\"Tiempo de lectura\" \/>\n\t<meta name=\"twitter:data2\" content=\"2 minutos\" \/>\n<script type=\"application\/ld+json\" class=\"yoast-schema-graph\">{\"@context\":\"https:\/\/schema.org\",\"@graph\":[{\"@type\":\"Article\",\"@id\":\"http:\/\/elregionalvm.com.ar\/noticias-villa-maria\/familias-de-escasos-recursos-podran-tener-conexion-a-agua-y-cloacas\/#article\",\"isPartOf\":{\"@id\":\"http:\/\/elregionalvm.com.ar\/noticias-villa-maria\/familias-de-escasos-recursos-podran-tener-conexion-a-agua-y-cloacas\/\"},\"author\":{\"name\":\"Contenidos El Regional\",\"@id\":\"http:\/\/elregionalvm.com.ar\/noticias-villa-maria\/#\/schema\/person\/a0fb9c422317faca23d50163151bc354\"},\"headline\":\"Familias de escasos recursos podr\u00e1n tener conexi\u00f3n a agua y cloacas\",\"datePublished\":\"2021-09-01T01:42:46+00:00\",\"dateModified\":\"2021-09-01T01:42:47+00:00\",\"mainEntityOfPage\":{\"@id\":\"http:\/\/elregionalvm.com.ar\/noticias-villa-maria\/familias-de-escasos-recursos-podran-tener-conexion-a-agua-y-cloacas\/\"},\"wordCount\":344,\"commentCount\":0,\"image\":{\"@id\":\"http:\/\/elregionalvm.com.ar\/noticias-villa-maria\/familias-de-escasos-recursos-podran-tener-conexion-a-agua-y-cloacas\/#primaryimage\"},\"thumbnailUrl\":\"https:\/\/i0.wp.com\/elregionalvm.com.ar\/noticias-villa-maria\/wp-content\/uploads\/2021\/09\/Convenio-Cooperativa-1.jpeg?fit=1600%2C900&ssl=1\",\"keywords\":[\"Conexi\u00f3n agua y cloacas\",\"convenio\",\"Cooperativa de Agua\",\"destacado\",\"Familias de escasos recursos\",\"Municipalidad de Villa Mar\u00eda\"],\"articleSection\":[\"Villa Mar\u00eda\"],\"inLanguage\":\"es\",\"potentialAction\":[{\"@type\":\"CommentAction\",\"name\":\"Comment\",\"target\":[\"http:\/\/elregionalvm.com.ar\/noticias-villa-maria\/familias-de-escasos-recursos-podran-tener-conexion-a-agua-y-cloacas\/#respond\"]}]},{\"@type\":\"WebPage\",\"@id\":\"http:\/\/elregionalvm.com.ar\/noticias-villa-maria\/familias-de-escasos-recursos-podran-tener-conexion-a-agua-y-cloacas\/\",\"url\":\"http:\/\/elregionalvm.com.ar\/noticias-villa-maria\/familias-de-escasos-recursos-podran-tener-conexion-a-agua-y-cloacas\/\",\"name\":\"Familias de escasos recursos podr\u00e1n tener conexi\u00f3n a agua y cloacas - El Regional\",\"isPartOf\":{\"@id\":\"http:\/\/elregionalvm.com.ar\/noticias-villa-maria\/#website\"},\"primaryImageOfPage\":{\"@id\":\"http:\/\/elregionalvm.com.ar\/noticias-villa-maria\/familias-de-escasos-recursos-podran-tener-conexion-a-agua-y-cloacas\/#primaryimage\"},\"image\":{\"@id\":\"http:\/\/elregionalvm.com.ar\/noticias-villa-maria\/familias-de-escasos-recursos-podran-tener-conexion-a-agua-y-cloacas\/#primaryimage\"},\"thumbnailUrl\":\"https:\/\/i0.wp.com\/elregionalvm.com.ar\/noticias-villa-maria\/wp-content\/uploads\/2021\/09\/Convenio-Cooperativa-1.jpeg?fit=1600%2C900&ssl=1\",\"datePublished\":\"2021-09-01T01:42:46+00:00\",\"dateModified\":\"2021-09-01T01:42:47+00:00\",\"author\":{\"@id\":\"http:\/\/elregionalvm.com.ar\/noticias-villa-maria\/#\/schema\/person\/a0fb9c422317faca23d50163151bc354\"},\"description\":\"Estas conexiones comenzar\u00e1n en los pr\u00f3ximos d\u00edas y ser\u00e1n sin costo para las familias beneficiadas. que suman un total de 160 en principio.\",\"breadcrumb\":{\"@id\":\"http:\/\/elregionalvm.com.ar\/noticias-villa-maria\/familias-de-escasos-recursos-podran-tener-conexion-a-agua-y-cloacas\/#breadcrumb\"},\"inLanguage\":\"es\",\"potentialAction\":[{\"@type\":\"ReadAction\",\"target\":[\"http:\/\/elregionalvm.com.ar\/noticias-villa-maria\/familias-de-escasos-recursos-podran-tener-conexion-a-agua-y-cloacas\/\"]}]},{\"@type\":\"ImageObject\",\"inLanguage\":\"es\",\"@id\":\"http:\/\/elregionalvm.com.ar\/noticias-villa-maria\/familias-de-escasos-recursos-podran-tener-conexion-a-agua-y-cloacas\/#primaryimage\",\"url\":\"https:\/\/i0.wp.com\/elregionalvm.com.ar\/noticias-villa-maria\/wp-content\/uploads\/2021\/09\/Convenio-Cooperativa-1.jpeg?fit=1600%2C900&ssl=1\",\"contentUrl\":\"https:\/\/i0.wp.com\/elregionalvm.com.ar\/noticias-villa-maria\/wp-content\/uploads\/2021\/09\/Convenio-Cooperativa-1.jpeg?fit=1600%2C900&ssl=1\",\"width\":1600,\"height\":900},{\"@type\":\"BreadcrumbList\",\"@id\":\"http:\/\/elregionalvm.com.ar\/noticias-villa-maria\/familias-de-escasos-recursos-podran-tener-conexion-a-agua-y-cloacas\/#breadcrumb\",\"itemListElement\":[{\"@type\":\"ListItem\",\"position\":1,\"name\":\"Portada\",\"item\":\"https:\/\/elregionalvm.com.ar\/noticias-villa-maria\/\"},{\"@type\":\"ListItem\",\"position\":2,\"name\":\"Familias de escasos recursos podr\u00e1n tener conexi\u00f3n a agua y cloacas\"}]},{\"@type\":\"WebSite\",\"@id\":\"http:\/\/elregionalvm.com.ar\/noticias-villa-maria\/#website\",\"url\":\"http:\/\/elregionalvm.com.ar\/noticias-villa-maria\/\",\"name\":\"El Regional\",\"description\":\"Mucho m\u00e1s que informaci\u00f3n\",\"potentialAction\":[{\"@type\":\"SearchAction\",\"target\":{\"@type\":\"EntryPoint\",\"urlTemplate\":\"http:\/\/elregionalvm.com.ar\/noticias-villa-maria\/?s={search_term_string}\"},\"query-input\":{\"@type\":\"PropertyValueSpecification\",\"valueRequired\":true,\"valueName\":\"search_term_string\"}}],\"inLanguage\":\"es\"},{\"@type\":\"Person\",\"@id\":\"http:\/\/elregionalvm.com.ar\/noticias-villa-maria\/#\/schema\/person\/a0fb9c422317faca23d50163151bc354\",\"name\":\"Contenidos El Regional\",\"image\":{\"@type\":\"ImageObject\",\"inLanguage\":\"es\",\"@id\":\"http:\/\/elregionalvm.com.ar\/noticias-villa-maria\/#\/schema\/person\/image\/\",\"url\":\"https:\/\/secure.gravatar.com\/avatar\/265b27cb2209af7bb3a1318f03305787d7981a5cc6e6cd08fe5a4ecdf99d4b48?s=96&d=mm&r=g\",\"contentUrl\":\"https:\/\/secure.gravatar.com\/avatar\/265b27cb2209af7bb3a1318f03305787d7981a5cc6e6cd08fe5a4ecdf99d4b48?s=96&d=mm&r=g\",\"caption\":\"Contenidos El Regional\"},\"url\":\"https:\/\/elregionalvm.com.ar\/noticias-villa-maria\/author\/contenido\/\"}]}<\/script>\n<!-- \/ Yoast SEO plugin. -->","yoast_head_json":{"title":"Familias de escasos recursos podr\u00e1n tener conexi\u00f3n a agua y cloacas - El Regional","description":"Estas conexiones comenzar\u00e1n en los pr\u00f3ximos d\u00edas y ser\u00e1n sin costo para las familias beneficiadas. que suman un total de 160 en principio.","robots":{"index":"index","follow":"follow","max-snippet":"max-snippet:-1","max-image-preview":"max-image-preview:large","max-video-preview":"max-video-preview:-1"},"canonical":"http:\/\/elregionalvm.com.ar\/noticias-villa-maria\/familias-de-escasos-recursos-podran-tener-conexion-a-agua-y-cloacas\/","og_locale":"es_ES","og_type":"article","og_title":"Familias de escasos recursos podr\u00e1n tener conexi\u00f3n a agua y cloacas - El Regional","og_description":"Estas conexiones comenzar\u00e1n en los pr\u00f3ximos d\u00edas y ser\u00e1n sin costo para las familias beneficiadas. que suman un total de 160 en principio.","og_url":"http:\/\/elregionalvm.com.ar\/noticias-villa-maria\/familias-de-escasos-recursos-podran-tener-conexion-a-agua-y-cloacas\/","og_site_name":"El Regional","article_publisher":"https:\/\/www.facebook.com\/elregionalvm","article_published_time":"2021-09-01T01:42:46+00:00","article_modified_time":"2021-09-01T01:42:47+00:00","og_image":[{"width":1600,"height":900,"url":"http:\/\/elregionalvm.com.ar\/noticias-villa-maria\/wp-content\/uploads\/2021\/09\/Convenio-Cooperativa-1.jpeg","type":"image\/jpeg"}],"author":"Contenidos El Regional","twitter_card":"summary_large_image","twitter_creator":"@elregionalvm1","twitter_site":"@elregionalvm1","twitter_misc":{"Escrito por":"Contenidos El Regional","Tiempo de lectura":"2 minutos"},"schema":{"@context":"https:\/\/schema.org","@graph":[{"@type":"Article","@id":"http:\/\/elregionalvm.com.ar\/noticias-villa-maria\/familias-de-escasos-recursos-podran-tener-conexion-a-agua-y-cloacas\/#article","isPartOf":{"@id":"http:\/\/elregionalvm.com.ar\/noticias-villa-maria\/familias-de-escasos-recursos-podran-tener-conexion-a-agua-y-cloacas\/"},"author":{"name":"Contenidos El Regional","@id":"http:\/\/elregionalvm.com.ar\/noticias-villa-maria\/#\/schema\/person\/a0fb9c422317faca23d50163151bc354"},"headline":"Familias de escasos recursos podr\u00e1n tener conexi\u00f3n a agua y cloacas","datePublished":"2021-09-01T01:42:46+00:00","dateModified":"2021-09-01T01:42:47+00:00","mainEntityOfPage":{"@id":"http:\/\/elregionalvm.com.ar\/noticias-villa-maria\/familias-de-escasos-recursos-podran-tener-conexion-a-agua-y-cloacas\/"},"wordCount":344,"commentCount":0,"image":{"@id":"http:\/\/elregionalvm.com.ar\/noticias-villa-maria\/familias-de-escasos-recursos-podran-tener-conexion-a-agua-y-cloacas\/#primaryimage"},"thumbnailUrl":"https:\/\/i0.wp.com\/elregionalvm.com.ar\/noticias-villa-maria\/wp-content\/uploads\/2021\/09\/Convenio-Cooperativa-1.jpeg?fit=1600%2C900&ssl=1","keywords":["Conexi\u00f3n agua y cloacas","convenio","Cooperativa de Agua","destacado","Familias de escasos recursos","Municipalidad de Villa Mar\u00eda"],"articleSection":["Villa Mar\u00eda"],"inLanguage":"es","potentialAction":[{"@type":"CommentAction","name":"Comment","target":["http:\/\/elregionalvm.com.ar\/noticias-villa-maria\/familias-de-escasos-recursos-podran-tener-conexion-a-agua-y-cloacas\/#respond"]}]},{"@type":"WebPage","@id":"http:\/\/elregionalvm.com.ar\/noticias-villa-maria\/familias-de-escasos-recursos-podran-tener-conexion-a-agua-y-cloacas\/","url":"http:\/\/elregionalvm.com.ar\/noticias-villa-maria\/familias-de-escasos-recursos-podran-tener-conexion-a-agua-y-cloacas\/","name":"Familias de escasos recursos podr\u00e1n tener conexi\u00f3n a agua y cloacas - El Regional","isPartOf":{"@id":"http:\/\/elregionalvm.com.ar\/noticias-villa-maria\/#website"},"primaryImageOfPage":{"@id":"http:\/\/elregionalvm.com.ar\/noticias-villa-maria\/familias-de-escasos-recursos-podran-tener-conexion-a-agua-y-cloacas\/#primaryimage"},"image":{"@id":"http:\/\/elregionalvm.com.ar\/noticias-villa-maria\/familias-de-escasos-recursos-podran-tener-conexion-a-agua-y-cloacas\/#primaryimage"},"thumbnailUrl":"https:\/\/i0.wp.com\/elregionalvm.com.ar\/noticias-villa-maria\/wp-content\/uploads\/2021\/09\/Convenio-Cooperativa-1.jpeg?fit=1600%2C900&ssl=1","datePublished":"2021-09-01T01:42:46+00:00","dateModified":"2021-09-01T01:42:47+00:00","author":{"@id":"http:\/\/elregionalvm.com.ar\/noticias-villa-maria\/#\/schema\/person\/a0fb9c422317faca23d50163151bc354"},"description":"Estas conexiones comenzar\u00e1n en los pr\u00f3ximos d\u00edas y ser\u00e1n sin costo para las familias beneficiadas. que suman un total de 160 en principio.","breadcrumb":{"@id":"http:\/\/elregionalvm.com.ar\/noticias-villa-maria\/familias-de-escasos-recursos-podran-tener-conexion-a-agua-y-cloacas\/#breadcrumb"},"inLanguage":"es","potentialAction":[{"@type":"ReadAction","target":["http:\/\/elregionalvm.com.ar\/noticias-villa-maria\/familias-de-escasos-recursos-podran-tener-conexion-a-agua-y-cloacas\/"]}]},{"@type":"ImageObject","inLanguage":"es","@id":"http:\/\/elregionalvm.com.ar\/noticias-villa-maria\/familias-de-escasos-recursos-podran-tener-conexion-a-agua-y-cloacas\/#primaryimage","url":"https:\/\/i0.wp.com\/elregionalvm.com.ar\/noticias-villa-maria\/wp-content\/uploads\/2021\/09\/Convenio-Cooperativa-1.jpeg?fit=1600%2C900&ssl=1","contentUrl":"https:\/\/i0.wp.com\/elregionalvm.com.ar\/noticias-villa-maria\/wp-content\/uploads\/2021\/09\/Convenio-Cooperativa-1.jpeg?fit=1600%2C900&ssl=1","width":1600,"height":900},{"@type":"BreadcrumbList","@id":"http:\/\/elregionalvm.com.ar\/noticias-villa-maria\/familias-de-escasos-recursos-podran-tener-conexion-a-agua-y-cloacas\/#breadcrumb","itemListElement":[{"@type":"ListItem","position":1,"name":"Portada","item":"https:\/\/elregionalvm.com.ar\/noticias-villa-maria\/"},{"@type":"ListItem","position":2,"name":"Familias de escasos recursos podr\u00e1n tener conexi\u00f3n a agua y cloacas"}]},{"@type":"WebSite","@id":"http:\/\/elregionalvm.com.ar\/noticias-villa-maria\/#website","url":"http:\/\/elregionalvm.com.ar\/noticias-villa-maria\/","name":"El Regional","description":"Mucho m\u00e1s que informaci\u00f3n","potentialAction":[{"@type":"SearchAction","target":{"@type":"EntryPoint","urlTemplate":"http:\/\/elregionalvm.com.ar\/noticias-villa-maria\/?s={search_term_string}"},"query-input":{"@type":"PropertyValueSpecification","valueRequired":true,"valueName":"search_term_string"}}],"inLanguage":"es"},{"@type":"Person","@id":"http:\/\/elregionalvm.com.ar\/noticias-villa-maria\/#\/schema\/person\/a0fb9c422317faca23d50163151bc354","name":"Contenidos El Regional","image":{"@type":"ImageObject","inLanguage":"es","@id":"http:\/\/elregionalvm.com.ar\/noticias-villa-maria\/#\/schema\/person\/image\/","url":"https:\/\/secure.gravatar.com\/avatar\/265b27cb2209af7bb3a1318f03305787d7981a5cc6e6cd08fe5a4ecdf99d4b48?s=96&d=mm&r=g","contentUrl":"https:\/\/secure.gravatar.com\/avatar\/265b27cb2209af7bb3a1318f03305787d7981a5cc6e6cd08fe5a4ecdf99d4b48?s=96&d=mm&r=g","caption":"Contenidos El Regional"},"url":"https:\/\/elregionalvm.com.ar\/noticias-villa-maria\/author\/contenido\/"}]}},"jetpack_featured_media_url":"https:\/\/i0.wp.com\/elregionalvm.com.ar\/noticias-villa-maria\/wp-content\/uploads\/2021\/09\/Convenio-Cooperativa-1.jpeg?fit=1600%2C900&ssl=1","jetpack_sharing_enabled":true,"_links":{"self":[{"href":"https:\/\/elregionalvm.com.ar\/noticias-villa-maria\/wp-json\/wp\/v2\/posts\/43849","targetHints":{"allow":["GET"]}}],"collection":[{"href":"https:\/\/elregionalvm.com.ar\/noticias-villa-maria\/wp-json\/wp\/v2\/posts"}],"about":[{"href":"https:\/\/elregionalvm.com.ar\/noticias-villa-maria\/wp-json\/wp\/v2\/types\/post"}],"author":[{"embeddable":true,"href":"https:\/\/elregionalvm.com.ar\/noticias-villa-maria\/wp-json\/wp\/v2\/users\/4"}],"replies":[{"embeddable":true,"href":"https:\/\/elregionalvm.com.ar\/noticias-villa-maria\/wp-json\/wp\/v2\/comments?post=43849"}],"version-history":[{"count":1,"href":"https:\/\/elregionalvm.com.ar\/noticias-villa-maria\/wp-json\/wp\/v2\/posts\/43849\/revisions"}],"predecessor-version":[{"id":43851,"href":"https:\/\/elregionalvm.com.ar\/noticias-villa-maria\/wp-json\/wp\/v2\/posts\/43849\/revisions\/43851"}],"wp:featuredmedia":[{"embeddable":true,"href":"https:\/\/elregionalvm.com.ar\/noticias-villa-maria\/wp-json\/wp\/v2\/media\/43850"}],"wp:attachment":[{"href":"https:\/\/elregionalvm.com.ar\/noticias-villa-maria\/wp-json\/wp\/v2\/media?parent=43849"}],"wp:term":[{"taxonomy":"category","embeddable":true,"href":"https:\/\/elregionalvm.com.ar\/noticias-villa-maria\/wp-json\/wp\/v2\/categories?post=43849"},{"taxonomy":"post_tag","embeddable":true,"href":"https:\/\/elregionalvm.com.ar\/noticias-villa-maria\/wp-json\/wp\/v2\/tags?post=43849"}],"curies":[{"name":"wp","href":"https:\/\/api.w.org\/{rel}","templated":true}]}}