{"id":43859,"date":"2021-09-01T02:37:40","date_gmt":"2021-09-01T02:37:40","guid":{"rendered":"https:\/\/elregionalvm.com.ar\/noticias-villa-maria\/?p=43859"},"modified":"2021-09-01T02:37:41","modified_gmt":"2021-09-01T02:37:41","slug":"villa-nueva-supero-las-22-mil-vacunas-aplicadas-contra-el-covid","status":"publish","type":"post","link":"https:\/\/elregionalvm.com.ar\/noticias-villa-maria\/villa-nueva-supero-las-22-mil-vacunas-aplicadas-contra-el-covid\/","title":{"rendered":"Villa Nueva super\u00f3 las 22 mil vacunas aplicadas contra el covid"},"content":{"rendered":"\n<p><br>Desde que comenz\u00f3 la campa\u00f1a de vacunaci\u00f3n contra el Coronavirus se han aplicado 22.485 dosis a los vecinos villanovenses, as\u00ed lo informaron desde la Secretar\u00eda de Salud del Municipio. Esto significa un logro muy importante para nuestra ciudad. Un paso m\u00e1s para la lucha contra este virus que afecta a todo el mundo; y una esperanza para lograr la inmunidad en toda la poblaci\u00f3n.<\/p>\n\n\n\n<p>El n\u00famero de inoculados crece gracias al trabajo y la eficiencia del equipo de Salud que realiza una tarea incansable para llegar a cubrir a toda la poblaci\u00f3n.<\/p>\n\n\n\n<p>Seg\u00fan los datos de la Secretar\u00eda, el sector de la poblaci\u00f3n que m\u00e1s ha sido inoculado es el que va de los 18 a los 59 a\u00f1os de edad y que demostraron tener un alguna comorbilidad. En esta franja se inmunizaron m\u00e1s de 4 mil personas con las dos dosis.<\/p>\n\n\n\n<p>Nuestros mayores tambi\u00e9n han recibido el esquema total de vacunaci\u00f3n y seg\u00fan los datos oficiales m\u00e1s de 3 mil adultos mayores de 60 a\u00f1os fueron vacunados.<\/p>\n\n\n\n<p>Por otra parte, se destaca el accionar de los j\u00f3venes entre 18 y 39 a\u00f1os, ya que en esta franja de la poblaci\u00f3n se han colocado alrededor de 3 mil dosis. Este grupo etario es uno de los que m\u00e1s acompa\u00f1a a la vacunaci\u00f3n que se est\u00e1 llevando adelante.<\/p>\n\n\n\n<p>Velando por la salud de la poblaci\u00f3n en general es que los menores forman parte tambi\u00e9n de esta campa\u00f1a y es as\u00ed que las vacunas han sido aprobadas para ser aplicadas en j\u00f3venes. En nuestra ciudad, en la franja etaria que va de los 12 a los 17 a\u00f1os ya han recibido su primera dosis 76 j\u00f3venes.<br>Pero la tarea contin\u00faa ya que todas las semanas se est\u00e1n recibiendo m\u00e1s partidas de vacunas para llegar a completar la totalidad de la poblaci\u00f3n.<\/p>\n","protected":false},"excerpt":{"rendered":"<p>Desde que comenz\u00f3 la campa\u00f1a de vacunaci\u00f3n contra el Coronavirus se han aplicado 22.485 dosis a los vecinos villanovenses, as\u00ed lo informaron desde la Secretar\u00eda de Salud del Municipio. Esto significa un logro muy importante para nuestra ciudad. Un paso m\u00e1s para la lucha contra este virus que afecta a todo el mundo; y una [&hellip;]<\/p>\n","protected":false},"author":4,"featured_media":43860,"comment_status":"open","ping_status":"open","sticky":false,"template":"","format":"standard","meta":{"site-sidebar-layout":"default","site-content-layout":"default","ast-site-content-layout":"default","site-content-style":"default","site-sidebar-style":"default","ast-global-header-display":"","ast-banner-title-visibility":"","ast-main-header-display":"","ast-hfb-above-header-display":"","ast-hfb-below-header-display":"","ast-hfb-mobile-header-display":"","site-post-title":"","ast-breadcrumbs-content":"","ast-featured-img":"","footer-sml-layout":"","ast-disable-related-posts":"","theme-transparent-header-meta":"default","adv-header-id-meta":"","stick-header-meta":"","header-above-stick-meta":"","header-main-stick-meta":"","header-below-stick-meta":"","astra-migrate-meta-layouts":"default","ast-page-background-enabled":"default","ast-page-background-meta":{"desktop":{"background-color":"","background-image":"","background-repeat":"repeat","background-position":"center center","background-size":"auto","background-attachment":"scroll","background-type":"","background-media":"","overlay-type":"","overlay-color":"","overlay-opacity":"","overlay-gradient":""},"tablet":{"background-color":"","background-image":"","background-repeat":"repeat","background-position":"center center","background-size":"auto","background-attachment":"scroll","background-type":"","background-media":"","overlay-type":"","overlay-color":"","overlay-opacity":"","overlay-gradient":""},"mobile":{"background-color":"","background-image":"","background-repeat":"repeat","background-position":"center center","background-size":"auto","background-attachment":"scroll","background-type":"","background-media":"","overlay-type":"","overlay-color":"","overlay-opacity":"","overlay-gradient":""}},"ast-content-background-meta":{"desktop":{"background-color":"var(--ast-global-color-5)","background-image":"","background-repeat":"repeat","background-position":"center center","background-size":"auto","background-attachment":"scroll","background-type":"","background-media":"","overlay-type":"","overlay-color":"","overlay-opacity":"","overlay-gradient":""},"tablet":{"background-color":"var(--ast-global-color-5)","background-image":"","background-repeat":"repeat","background-position":"center center","background-size":"auto","background-attachment":"scroll","background-type":"","background-media":"","overlay-type":"","overlay-color":"","overlay-opacity":"","overlay-gradient":""},"mobile":{"background-color":"var(--ast-global-color-5)","background-image":"","background-repeat":"repeat","background-position":"center center","background-size":"auto","background-attachment":"scroll","background-type":"","background-media":"","overlay-type":"","overlay-color":"","overlay-opacity":"","overlay-gradient":""}},"_jetpack_memberships_contains_paid_content":false,"_joinchat":[],"footnotes":""},"categories":[2256,1408],"tags":[10926,10927,2687,10928,2318,232],"class_list":["post-43859","post","type-post","status-publish","format-standard","has-post-thumbnail","hentry","category-coronavirus","category-villa-nueva","tag-22-mil-dosis-aplicadas","tag-campana-de-vacunacion","tag-cifras","tag-equipo-de-salud","tag-vacunacion","tag-villa-nueva"],"yoast_head":"<!-- This site is optimized with the Yoast SEO plugin v26.8 - https:\/\/yoast.com\/product\/yoast-seo-wordpress\/ -->\n<title>Villa Nueva super\u00f3 las 22 mil vacunas aplicadas contra el covid - El Regional<\/title>\n<meta name=\"robots\" content=\"index, follow, max-snippet:-1, max-image-preview:large, max-video-preview:-1\" \/>\n<link rel=\"canonical\" href=\"http:\/\/elregionalvm.com.ar\/noticias-villa-maria\/villa-nueva-supero-las-22-mil-vacunas-aplicadas-contra-el-covid\/\" \/>\n<meta property=\"og:locale\" content=\"es_ES\" \/>\n<meta property=\"og:type\" content=\"article\" \/>\n<meta property=\"og:title\" content=\"Villa Nueva super\u00f3 las 22 mil vacunas aplicadas contra el covid - El Regional\" \/>\n<meta property=\"og:description\" content=\"Desde que comenz\u00f3 la campa\u00f1a de vacunaci\u00f3n contra el Coronavirus se han aplicado 22.485 dosis a los vecinos villanovenses, as\u00ed lo informaron desde la Secretar\u00eda de Salud del Municipio. Esto significa un logro muy importante para nuestra ciudad. Un paso m\u00e1s para la lucha contra este virus que afecta a todo el mundo; y una [&hellip;]\" \/>\n<meta property=\"og:url\" content=\"http:\/\/elregionalvm.com.ar\/noticias-villa-maria\/villa-nueva-supero-las-22-mil-vacunas-aplicadas-contra-el-covid\/\" \/>\n<meta property=\"og:site_name\" content=\"El Regional\" \/>\n<meta property=\"article:publisher\" content=\"https:\/\/www.facebook.com\/elregionalvm\" \/>\n<meta property=\"article:published_time\" content=\"2021-09-01T02:37:40+00:00\" \/>\n<meta property=\"article:modified_time\" content=\"2021-09-01T02:37:41+00:00\" \/>\n<meta property=\"og:image\" content=\"http:\/\/elregionalvm.com.ar\/noticias-villa-maria\/wp-content\/uploads\/2021\/09\/WhatsApp-Image-2021-08-31-at-14.05.22.jpeg\" \/>\n\t<meta property=\"og:image:width\" content=\"1280\" \/>\n\t<meta property=\"og:image:height\" content=\"960\" \/>\n\t<meta property=\"og:image:type\" content=\"image\/jpeg\" \/>\n<meta name=\"author\" content=\"Contenidos El Regional\" \/>\n<meta name=\"twitter:card\" content=\"summary_large_image\" \/>\n<meta name=\"twitter:creator\" content=\"@elregionalvm1\" \/>\n<meta name=\"twitter:site\" content=\"@elregionalvm1\" \/>\n<meta name=\"twitter:label1\" content=\"Escrito por\" \/>\n\t<meta name=\"twitter:data1\" content=\"Contenidos El Regional\" \/>\n\t<meta name=\"twitter:label2\" content=\"Tiempo de lectura\" \/>\n\t<meta name=\"twitter:data2\" content=\"2 minutos\" \/>\n<script type=\"application\/ld+json\" class=\"yoast-schema-graph\">{\"@context\":\"https:\/\/schema.org\",\"@graph\":[{\"@type\":\"Article\",\"@id\":\"http:\/\/elregionalvm.com.ar\/noticias-villa-maria\/villa-nueva-supero-las-22-mil-vacunas-aplicadas-contra-el-covid\/#article\",\"isPartOf\":{\"@id\":\"http:\/\/elregionalvm.com.ar\/noticias-villa-maria\/villa-nueva-supero-las-22-mil-vacunas-aplicadas-contra-el-covid\/\"},\"author\":{\"name\":\"Contenidos El Regional\",\"@id\":\"http:\/\/elregionalvm.com.ar\/noticias-villa-maria\/#\/schema\/person\/a0fb9c422317faca23d50163151bc354\"},\"headline\":\"Villa Nueva super\u00f3 las 22 mil vacunas aplicadas contra el covid\",\"datePublished\":\"2021-09-01T02:37:40+00:00\",\"dateModified\":\"2021-09-01T02:37:41+00:00\",\"mainEntityOfPage\":{\"@id\":\"http:\/\/elregionalvm.com.ar\/noticias-villa-maria\/villa-nueva-supero-las-22-mil-vacunas-aplicadas-contra-el-covid\/\"},\"wordCount\":331,\"commentCount\":0,\"image\":{\"@id\":\"http:\/\/elregionalvm.com.ar\/noticias-villa-maria\/villa-nueva-supero-las-22-mil-vacunas-aplicadas-contra-el-covid\/#primaryimage\"},\"thumbnailUrl\":\"https:\/\/i0.wp.com\/elregionalvm.com.ar\/noticias-villa-maria\/wp-content\/uploads\/2021\/09\/WhatsApp-Image-2021-08-31-at-14.05.22.jpeg?fit=1280%2C960&ssl=1\",\"keywords\":[\"22 mil dosis aplicadas\",\"campa\u00f1a de vacunaci\u00f3n\",\"cifras\",\"equipo de salud\",\"Vacunaci\u00f3n\",\"VILLA NUEVA\"],\"articleSection\":[\"Coronavirus\",\"Villa Nueva\"],\"inLanguage\":\"es\",\"potentialAction\":[{\"@type\":\"CommentAction\",\"name\":\"Comment\",\"target\":[\"http:\/\/elregionalvm.com.ar\/noticias-villa-maria\/villa-nueva-supero-las-22-mil-vacunas-aplicadas-contra-el-covid\/#respond\"]}]},{\"@type\":\"WebPage\",\"@id\":\"http:\/\/elregionalvm.com.ar\/noticias-villa-maria\/villa-nueva-supero-las-22-mil-vacunas-aplicadas-contra-el-covid\/\",\"url\":\"http:\/\/elregionalvm.com.ar\/noticias-villa-maria\/villa-nueva-supero-las-22-mil-vacunas-aplicadas-contra-el-covid\/\",\"name\":\"Villa Nueva super\u00f3 las 22 mil vacunas aplicadas contra el covid - El Regional\",\"isPartOf\":{\"@id\":\"http:\/\/elregionalvm.com.ar\/noticias-villa-maria\/#website\"},\"primaryImageOfPage\":{\"@id\":\"http:\/\/elregionalvm.com.ar\/noticias-villa-maria\/villa-nueva-supero-las-22-mil-vacunas-aplicadas-contra-el-covid\/#primaryimage\"},\"image\":{\"@id\":\"http:\/\/elregionalvm.com.ar\/noticias-villa-maria\/villa-nueva-supero-las-22-mil-vacunas-aplicadas-contra-el-covid\/#primaryimage\"},\"thumbnailUrl\":\"https:\/\/i0.wp.com\/elregionalvm.com.ar\/noticias-villa-maria\/wp-content\/uploads\/2021\/09\/WhatsApp-Image-2021-08-31-at-14.05.22.jpeg?fit=1280%2C960&ssl=1\",\"datePublished\":\"2021-09-01T02:37:40+00:00\",\"dateModified\":\"2021-09-01T02:37:41+00:00\",\"author\":{\"@id\":\"http:\/\/elregionalvm.com.ar\/noticias-villa-maria\/#\/schema\/person\/a0fb9c422317faca23d50163151bc354\"},\"breadcrumb\":{\"@id\":\"http:\/\/elregionalvm.com.ar\/noticias-villa-maria\/villa-nueva-supero-las-22-mil-vacunas-aplicadas-contra-el-covid\/#breadcrumb\"},\"inLanguage\":\"es\",\"potentialAction\":[{\"@type\":\"ReadAction\",\"target\":[\"http:\/\/elregionalvm.com.ar\/noticias-villa-maria\/villa-nueva-supero-las-22-mil-vacunas-aplicadas-contra-el-covid\/\"]}]},{\"@type\":\"ImageObject\",\"inLanguage\":\"es\",\"@id\":\"http:\/\/elregionalvm.com.ar\/noticias-villa-maria\/villa-nueva-supero-las-22-mil-vacunas-aplicadas-contra-el-covid\/#primaryimage\",\"url\":\"https:\/\/i0.wp.com\/elregionalvm.com.ar\/noticias-villa-maria\/wp-content\/uploads\/2021\/09\/WhatsApp-Image-2021-08-31-at-14.05.22.jpeg?fit=1280%2C960&ssl=1\",\"contentUrl\":\"https:\/\/i0.wp.com\/elregionalvm.com.ar\/noticias-villa-maria\/wp-content\/uploads\/2021\/09\/WhatsApp-Image-2021-08-31-at-14.05.22.jpeg?fit=1280%2C960&ssl=1\",\"width\":1280,\"height\":960},{\"@type\":\"BreadcrumbList\",\"@id\":\"http:\/\/elregionalvm.com.ar\/noticias-villa-maria\/villa-nueva-supero-las-22-mil-vacunas-aplicadas-contra-el-covid\/#breadcrumb\",\"itemListElement\":[{\"@type\":\"ListItem\",\"position\":1,\"name\":\"Portada\",\"item\":\"https:\/\/elregionalvm.com.ar\/noticias-villa-maria\/\"},{\"@type\":\"ListItem\",\"position\":2,\"name\":\"Villa Nueva super\u00f3 las 22 mil vacunas aplicadas contra el covid\"}]},{\"@type\":\"WebSite\",\"@id\":\"http:\/\/elregionalvm.com.ar\/noticias-villa-maria\/#website\",\"url\":\"http:\/\/elregionalvm.com.ar\/noticias-villa-maria\/\",\"name\":\"El Regional\",\"description\":\"Mucho m\u00e1s que informaci\u00f3n\",\"potentialAction\":[{\"@type\":\"SearchAction\",\"target\":{\"@type\":\"EntryPoint\",\"urlTemplate\":\"http:\/\/elregionalvm.com.ar\/noticias-villa-maria\/?s={search_term_string}\"},\"query-input\":{\"@type\":\"PropertyValueSpecification\",\"valueRequired\":true,\"valueName\":\"search_term_string\"}}],\"inLanguage\":\"es\"},{\"@type\":\"Person\",\"@id\":\"http:\/\/elregionalvm.com.ar\/noticias-villa-maria\/#\/schema\/person\/a0fb9c422317faca23d50163151bc354\",\"name\":\"Contenidos El Regional\",\"image\":{\"@type\":\"ImageObject\",\"inLanguage\":\"es\",\"@id\":\"http:\/\/elregionalvm.com.ar\/noticias-villa-maria\/#\/schema\/person\/image\/\",\"url\":\"https:\/\/secure.gravatar.com\/avatar\/265b27cb2209af7bb3a1318f03305787d7981a5cc6e6cd08fe5a4ecdf99d4b48?s=96&d=mm&r=g\",\"contentUrl\":\"https:\/\/secure.gravatar.com\/avatar\/265b27cb2209af7bb3a1318f03305787d7981a5cc6e6cd08fe5a4ecdf99d4b48?s=96&d=mm&r=g\",\"caption\":\"Contenidos El Regional\"},\"url\":\"https:\/\/elregionalvm.com.ar\/noticias-villa-maria\/author\/contenido\/\"}]}<\/script>\n<!-- \/ Yoast SEO plugin. -->","yoast_head_json":{"title":"Villa Nueva super\u00f3 las 22 mil vacunas aplicadas contra el covid - El Regional","robots":{"index":"index","follow":"follow","max-snippet":"max-snippet:-1","max-image-preview":"max-image-preview:large","max-video-preview":"max-video-preview:-1"},"canonical":"http:\/\/elregionalvm.com.ar\/noticias-villa-maria\/villa-nueva-supero-las-22-mil-vacunas-aplicadas-contra-el-covid\/","og_locale":"es_ES","og_type":"article","og_title":"Villa Nueva super\u00f3 las 22 mil vacunas aplicadas contra el covid - El Regional","og_description":"Desde que comenz\u00f3 la campa\u00f1a de vacunaci\u00f3n contra el Coronavirus se han aplicado 22.485 dosis a los vecinos villanovenses, as\u00ed lo informaron desde la Secretar\u00eda de Salud del Municipio. Esto significa un logro muy importante para nuestra ciudad. Un paso m\u00e1s para la lucha contra este virus que afecta a todo el mundo; y una [&hellip;]","og_url":"http:\/\/elregionalvm.com.ar\/noticias-villa-maria\/villa-nueva-supero-las-22-mil-vacunas-aplicadas-contra-el-covid\/","og_site_name":"El Regional","article_publisher":"https:\/\/www.facebook.com\/elregionalvm","article_published_time":"2021-09-01T02:37:40+00:00","article_modified_time":"2021-09-01T02:37:41+00:00","og_image":[{"width":1280,"height":960,"url":"http:\/\/elregionalvm.com.ar\/noticias-villa-maria\/wp-content\/uploads\/2021\/09\/WhatsApp-Image-2021-08-31-at-14.05.22.jpeg","type":"image\/jpeg"}],"author":"Contenidos El Regional","twitter_card":"summary_large_image","twitter_creator":"@elregionalvm1","twitter_site":"@elregionalvm1","twitter_misc":{"Escrito por":"Contenidos El Regional","Tiempo de lectura":"2 minutos"},"schema":{"@context":"https:\/\/schema.org","@graph":[{"@type":"Article","@id":"http:\/\/elregionalvm.com.ar\/noticias-villa-maria\/villa-nueva-supero-las-22-mil-vacunas-aplicadas-contra-el-covid\/#article","isPartOf":{"@id":"http:\/\/elregionalvm.com.ar\/noticias-villa-maria\/villa-nueva-supero-las-22-mil-vacunas-aplicadas-contra-el-covid\/"},"author":{"name":"Contenidos El Regional","@id":"http:\/\/elregionalvm.com.ar\/noticias-villa-maria\/#\/schema\/person\/a0fb9c422317faca23d50163151bc354"},"headline":"Villa Nueva super\u00f3 las 22 mil vacunas aplicadas contra el covid","datePublished":"2021-09-01T02:37:40+00:00","dateModified":"2021-09-01T02:37:41+00:00","mainEntityOfPage":{"@id":"http:\/\/elregionalvm.com.ar\/noticias-villa-maria\/villa-nueva-supero-las-22-mil-vacunas-aplicadas-contra-el-covid\/"},"wordCount":331,"commentCount":0,"image":{"@id":"http:\/\/elregionalvm.com.ar\/noticias-villa-maria\/villa-nueva-supero-las-22-mil-vacunas-aplicadas-contra-el-covid\/#primaryimage"},"thumbnailUrl":"https:\/\/i0.wp.com\/elregionalvm.com.ar\/noticias-villa-maria\/wp-content\/uploads\/2021\/09\/WhatsApp-Image-2021-08-31-at-14.05.22.jpeg?fit=1280%2C960&ssl=1","keywords":["22 mil dosis aplicadas","campa\u00f1a de vacunaci\u00f3n","cifras","equipo de salud","Vacunaci\u00f3n","VILLA NUEVA"],"articleSection":["Coronavirus","Villa Nueva"],"inLanguage":"es","potentialAction":[{"@type":"CommentAction","name":"Comment","target":["http:\/\/elregionalvm.com.ar\/noticias-villa-maria\/villa-nueva-supero-las-22-mil-vacunas-aplicadas-contra-el-covid\/#respond"]}]},{"@type":"WebPage","@id":"http:\/\/elregionalvm.com.ar\/noticias-villa-maria\/villa-nueva-supero-las-22-mil-vacunas-aplicadas-contra-el-covid\/","url":"http:\/\/elregionalvm.com.ar\/noticias-villa-maria\/villa-nueva-supero-las-22-mil-vacunas-aplicadas-contra-el-covid\/","name":"Villa Nueva super\u00f3 las 22 mil vacunas aplicadas contra el covid - El Regional","isPartOf":{"@id":"http:\/\/elregionalvm.com.ar\/noticias-villa-maria\/#website"},"primaryImageOfPage":{"@id":"http:\/\/elregionalvm.com.ar\/noticias-villa-maria\/villa-nueva-supero-las-22-mil-vacunas-aplicadas-contra-el-covid\/#primaryimage"},"image":{"@id":"http:\/\/elregionalvm.com.ar\/noticias-villa-maria\/villa-nueva-supero-las-22-mil-vacunas-aplicadas-contra-el-covid\/#primaryimage"},"thumbnailUrl":"https:\/\/i0.wp.com\/elregionalvm.com.ar\/noticias-villa-maria\/wp-content\/uploads\/2021\/09\/WhatsApp-Image-2021-08-31-at-14.05.22.jpeg?fit=1280%2C960&ssl=1","datePublished":"2021-09-01T02:37:40+00:00","dateModified":"2021-09-01T02:37:41+00:00","author":{"@id":"http:\/\/elregionalvm.com.ar\/noticias-villa-maria\/#\/schema\/person\/a0fb9c422317faca23d50163151bc354"},"breadcrumb":{"@id":"http:\/\/elregionalvm.com.ar\/noticias-villa-maria\/villa-nueva-supero-las-22-mil-vacunas-aplicadas-contra-el-covid\/#breadcrumb"},"inLanguage":"es","potentialAction":[{"@type":"ReadAction","target":["http:\/\/elregionalvm.com.ar\/noticias-villa-maria\/villa-nueva-supero-las-22-mil-vacunas-aplicadas-contra-el-covid\/"]}]},{"@type":"ImageObject","inLanguage":"es","@id":"http:\/\/elregionalvm.com.ar\/noticias-villa-maria\/villa-nueva-supero-las-22-mil-vacunas-aplicadas-contra-el-covid\/#primaryimage","url":"https:\/\/i0.wp.com\/elregionalvm.com.ar\/noticias-villa-maria\/wp-content\/uploads\/2021\/09\/WhatsApp-Image-2021-08-31-at-14.05.22.jpeg?fit=1280%2C960&ssl=1","contentUrl":"https:\/\/i0.wp.com\/elregionalvm.com.ar\/noticias-villa-maria\/wp-content\/uploads\/2021\/09\/WhatsApp-Image-2021-08-31-at-14.05.22.jpeg?fit=1280%2C960&ssl=1","width":1280,"height":960},{"@type":"BreadcrumbList","@id":"http:\/\/elregionalvm.com.ar\/noticias-villa-maria\/villa-nueva-supero-las-22-mil-vacunas-aplicadas-contra-el-covid\/#breadcrumb","itemListElement":[{"@type":"ListItem","position":1,"name":"Portada","item":"https:\/\/elregionalvm.com.ar\/noticias-villa-maria\/"},{"@type":"ListItem","position":2,"name":"Villa Nueva super\u00f3 las 22 mil vacunas aplicadas contra el covid"}]},{"@type":"WebSite","@id":"http:\/\/elregionalvm.com.ar\/noticias-villa-maria\/#website","url":"http:\/\/elregionalvm.com.ar\/noticias-villa-maria\/","name":"El Regional","description":"Mucho m\u00e1s que informaci\u00f3n","potentialAction":[{"@type":"SearchAction","target":{"@type":"EntryPoint","urlTemplate":"http:\/\/elregionalvm.com.ar\/noticias-villa-maria\/?s={search_term_string}"},"query-input":{"@type":"PropertyValueSpecification","valueRequired":true,"valueName":"search_term_string"}}],"inLanguage":"es"},{"@type":"Person","@id":"http:\/\/elregionalvm.com.ar\/noticias-villa-maria\/#\/schema\/person\/a0fb9c422317faca23d50163151bc354","name":"Contenidos El Regional","image":{"@type":"ImageObject","inLanguage":"es","@id":"http:\/\/elregionalvm.com.ar\/noticias-villa-maria\/#\/schema\/person\/image\/","url":"https:\/\/secure.gravatar.com\/avatar\/265b27cb2209af7bb3a1318f03305787d7981a5cc6e6cd08fe5a4ecdf99d4b48?s=96&d=mm&r=g","contentUrl":"https:\/\/secure.gravatar.com\/avatar\/265b27cb2209af7bb3a1318f03305787d7981a5cc6e6cd08fe5a4ecdf99d4b48?s=96&d=mm&r=g","caption":"Contenidos El Regional"},"url":"https:\/\/elregionalvm.com.ar\/noticias-villa-maria\/author\/contenido\/"}]}},"jetpack_featured_media_url":"https:\/\/i0.wp.com\/elregionalvm.com.ar\/noticias-villa-maria\/wp-content\/uploads\/2021\/09\/WhatsApp-Image-2021-08-31-at-14.05.22.jpeg?fit=1280%2C960&ssl=1","jetpack_sharing_enabled":true,"_links":{"self":[{"href":"https:\/\/elregionalvm.com.ar\/noticias-villa-maria\/wp-json\/wp\/v2\/posts\/43859","targetHints":{"allow":["GET"]}}],"collection":[{"href":"https:\/\/elregionalvm.com.ar\/noticias-villa-maria\/wp-json\/wp\/v2\/posts"}],"about":[{"href":"https:\/\/elregionalvm.com.ar\/noticias-villa-maria\/wp-json\/wp\/v2\/types\/post"}],"author":[{"embeddable":true,"href":"https:\/\/elregionalvm.com.ar\/noticias-villa-maria\/wp-json\/wp\/v2\/users\/4"}],"replies":[{"embeddable":true,"href":"https:\/\/elregionalvm.com.ar\/noticias-villa-maria\/wp-json\/wp\/v2\/comments?post=43859"}],"version-history":[{"count":1,"href":"https:\/\/elregionalvm.com.ar\/noticias-villa-maria\/wp-json\/wp\/v2\/posts\/43859\/revisions"}],"predecessor-version":[{"id":43861,"href":"https:\/\/elregionalvm.com.ar\/noticias-villa-maria\/wp-json\/wp\/v2\/posts\/43859\/revisions\/43861"}],"wp:featuredmedia":[{"embeddable":true,"href":"https:\/\/elregionalvm.com.ar\/noticias-villa-maria\/wp-json\/wp\/v2\/media\/43860"}],"wp:attachment":[{"href":"https:\/\/elregionalvm.com.ar\/noticias-villa-maria\/wp-json\/wp\/v2\/media?parent=43859"}],"wp:term":[{"taxonomy":"category","embeddable":true,"href":"https:\/\/elregionalvm.com.ar\/noticias-villa-maria\/wp-json\/wp\/v2\/categories?post=43859"},{"taxonomy":"post_tag","embeddable":true,"href":"https:\/\/elregionalvm.com.ar\/noticias-villa-maria\/wp-json\/wp\/v2\/tags?post=43859"}],"curies":[{"name":"wp","href":"https:\/\/api.w.org\/{rel}","templated":true}]}}