{"id":43862,"date":"2021-09-01T02:58:52","date_gmt":"2021-09-01T02:58:52","guid":{"rendered":"https:\/\/elregionalvm.com.ar\/noticias-villa-maria\/?p=43862"},"modified":"2021-09-01T03:00:54","modified_gmt":"2021-09-01T03:00:54","slug":"regalaran-arboles-para-colocar-en-veredas-mira-como-inscribirse-para-recibir-algun-ejemplar","status":"publish","type":"post","link":"https:\/\/elregionalvm.com.ar\/noticias-villa-maria\/regalaran-arboles-para-colocar-en-veredas-mira-como-inscribirse-para-recibir-algun-ejemplar\/","title":{"rendered":"Regalar\u00e1n \u00e1rboles para colocar en veredas: c\u00f3mo inscribirse para recibir alg\u00fan ejemplar"},"content":{"rendered":"\n<p>La semana pr\u00f3xima, se realizar\u00e1 una nueva edici\u00f3n de la iniciativa municipal que propone la adopci\u00f3n de \u00e1rboles para plantar en veredas chicas y medianas de la ciudad. Para adquirir uno de ellos de manera gratuita, vecinos y vecinas pueden inscribirse en el MuniCerca de su barrio y retirar la semana pr\u00f3xima frente a la sede municipial.<\/p>\n\n\n\n<p>La propuesta, impulsada por la Secretar\u00eda de Ambiente, Obras y Servicios P\u00fablicos y articulada con la de Inclusi\u00f3n Social y Territorio, tiene como objetivo fortalecer el arbolado p\u00fablico pero generando acciones de concientizaci\u00f3n sobre el cuidado y el mantenimiento de \u00e1rboles para mejorar la calidad de vida ambiental a partir del compromiso ciudadano.<\/p>\n\n\n\n<p>En esta ocasi\u00f3n, habr\u00e1 un total de 30 \u00e1rboles para entregar por MuniCerca. Quienes est\u00e9n interesados, deben acercarse a este espacio descentralizado para inscribirse. Luego, la semana pr\u00f3xima, se realizar\u00e1 la entrega del \u00e1rbol en plaza Independencia en el horario de 9 a 13 horas.<\/p>\n\n\n\n<p>El d\u00eda lunes 6, se estar\u00e1n entregando a vecinos y vecinas que correspondan a los MuniCerca 1, 2, 3 y 4. En tanto el martes 7, a vecinos y vecinas de los MuniCerca 5, 6, 7 y 8. En todos los casos, deber\u00e1n estar inscriptos con anterioridad.<\/p>\n","protected":false},"excerpt":{"rendered":"<p>La semana pr\u00f3xima, se realizar\u00e1 una nueva edici\u00f3n de la iniciativa municipal que propone la adopci\u00f3n de \u00e1rboles para plantar en veredas chicas y medianas de la ciudad. Para adquirir uno de ellos de manera gratuita, vecinos y vecinas pueden inscribirse en el MuniCerca de su barrio y retirar la semana pr\u00f3xima frente a la [&hellip;]<\/p>\n","protected":false},"author":4,"featured_media":43863,"comment_status":"open","ping_status":"open","sticky":false,"template":"","format":"standard","meta":{"site-sidebar-layout":"default","site-content-layout":"default","ast-site-content-layout":"default","site-content-style":"default","site-sidebar-style":"default","ast-global-header-display":"","ast-banner-title-visibility":"","ast-main-header-display":"","ast-hfb-above-header-display":"","ast-hfb-below-header-display":"","ast-hfb-mobile-header-display":"","site-post-title":"","ast-breadcrumbs-content":"","ast-featured-img":"","footer-sml-layout":"","ast-disable-related-posts":"","theme-transparent-header-meta":"default","adv-header-id-meta":"","stick-header-meta":"","header-above-stick-meta":"","header-main-stick-meta":"","header-below-stick-meta":"","astra-migrate-meta-layouts":"default","ast-page-background-enabled":"default","ast-page-background-meta":{"desktop":{"background-color":"","background-image":"","background-repeat":"repeat","background-position":"center center","background-size":"auto","background-attachment":"scroll","background-type":"","background-media":"","overlay-type":"","overlay-color":"","overlay-opacity":"","overlay-gradient":""},"tablet":{"background-color":"","background-image":"","background-repeat":"repeat","background-position":"center center","background-size":"auto","background-attachment":"scroll","background-type":"","background-media":"","overlay-type":"","overlay-color":"","overlay-opacity":"","overlay-gradient":""},"mobile":{"background-color":"","background-image":"","background-repeat":"repeat","background-position":"center center","background-size":"auto","background-attachment":"scroll","background-type":"","background-media":"","overlay-type":"","overlay-color":"","overlay-opacity":"","overlay-gradient":""}},"ast-content-background-meta":{"desktop":{"background-color":"var(--ast-global-color-5)","background-image":"","background-repeat":"repeat","background-position":"center center","background-size":"auto","background-attachment":"scroll","background-type":"","background-media":"","overlay-type":"","overlay-color":"","overlay-opacity":"","overlay-gradient":""},"tablet":{"background-color":"var(--ast-global-color-5)","background-image":"","background-repeat":"repeat","background-position":"center center","background-size":"auto","background-attachment":"scroll","background-type":"","background-media":"","overlay-type":"","overlay-color":"","overlay-opacity":"","overlay-gradient":""},"mobile":{"background-color":"var(--ast-global-color-5)","background-image":"","background-repeat":"repeat","background-position":"center center","background-size":"auto","background-attachment":"scroll","background-type":"","background-media":"","overlay-type":"","overlay-color":"","overlay-opacity":"","overlay-gradient":""}},"_jetpack_memberships_contains_paid_content":false,"_joinchat":[],"footnotes":""},"categories":[2],"tags":[10929,5306,2053,4027,390,2248],"class_list":["post-43862","post","type-post","status-publish","format-standard","has-post-thumbnail","hentry","category-villa-maria","tag-arbolado","tag-arboles","tag-barrios","tag-cronograma","tag-veredas","tag-villa-maria-2"],"yoast_head":"<!-- This site is optimized with the Yoast SEO plugin v26.8 - https:\/\/yoast.com\/product\/yoast-seo-wordpress\/ -->\n<title>Regalar\u00e1n \u00e1rboles para colocar en veredas: c\u00f3mo inscribirse para recibir alg\u00fan ejemplar - El Regional<\/title>\n<meta name=\"robots\" content=\"index, follow, max-snippet:-1, max-image-preview:large, max-video-preview:-1\" \/>\n<link rel=\"canonical\" href=\"http:\/\/elregionalvm.com.ar\/noticias-villa-maria\/regalaran-arboles-para-colocar-en-veredas-mira-como-inscribirse-para-recibir-algun-ejemplar\/\" \/>\n<meta property=\"og:locale\" content=\"es_ES\" \/>\n<meta property=\"og:type\" content=\"article\" \/>\n<meta property=\"og:title\" content=\"Regalar\u00e1n \u00e1rboles para colocar en veredas: c\u00f3mo inscribirse para recibir alg\u00fan ejemplar - El Regional\" \/>\n<meta property=\"og:description\" content=\"La semana pr\u00f3xima, se realizar\u00e1 una nueva edici\u00f3n de la iniciativa municipal que propone la adopci\u00f3n de \u00e1rboles para plantar en veredas chicas y medianas de la ciudad. Para adquirir uno de ellos de manera gratuita, vecinos y vecinas pueden inscribirse en el MuniCerca de su barrio y retirar la semana pr\u00f3xima frente a la [&hellip;]\" \/>\n<meta property=\"og:url\" content=\"http:\/\/elregionalvm.com.ar\/noticias-villa-maria\/regalaran-arboles-para-colocar-en-veredas-mira-como-inscribirse-para-recibir-algun-ejemplar\/\" \/>\n<meta property=\"og:site_name\" content=\"El Regional\" \/>\n<meta property=\"article:publisher\" content=\"https:\/\/www.facebook.com\/elregionalvm\" \/>\n<meta property=\"article:published_time\" content=\"2021-09-01T02:58:52+00:00\" \/>\n<meta property=\"article:modified_time\" content=\"2021-09-01T03:00:54+00:00\" \/>\n<meta property=\"og:image\" content=\"http:\/\/elregionalvm.com.ar\/noticias-villa-maria\/wp-content\/uploads\/2021\/09\/arbol-veredas.jpg\" \/>\n\t<meta property=\"og:image:width\" content=\"1200\" \/>\n\t<meta property=\"og:image:height\" content=\"675\" \/>\n\t<meta property=\"og:image:type\" content=\"image\/jpeg\" \/>\n<meta name=\"author\" content=\"Contenidos El Regional\" \/>\n<meta name=\"twitter:card\" content=\"summary_large_image\" \/>\n<meta name=\"twitter:creator\" content=\"@elregionalvm1\" \/>\n<meta name=\"twitter:site\" content=\"@elregionalvm1\" \/>\n<meta name=\"twitter:label1\" content=\"Escrito por\" \/>\n\t<meta name=\"twitter:data1\" content=\"Contenidos El Regional\" \/>\n\t<meta name=\"twitter:label2\" content=\"Tiempo de lectura\" \/>\n\t<meta name=\"twitter:data2\" content=\"1 minuto\" \/>\n<script type=\"application\/ld+json\" class=\"yoast-schema-graph\">{\"@context\":\"https:\/\/schema.org\",\"@graph\":[{\"@type\":\"Article\",\"@id\":\"http:\/\/elregionalvm.com.ar\/noticias-villa-maria\/regalaran-arboles-para-colocar-en-veredas-mira-como-inscribirse-para-recibir-algun-ejemplar\/#article\",\"isPartOf\":{\"@id\":\"http:\/\/elregionalvm.com.ar\/noticias-villa-maria\/regalaran-arboles-para-colocar-en-veredas-mira-como-inscribirse-para-recibir-algun-ejemplar\/\"},\"author\":{\"name\":\"Contenidos El Regional\",\"@id\":\"http:\/\/elregionalvm.com.ar\/noticias-villa-maria\/#\/schema\/person\/a0fb9c422317faca23d50163151bc354\"},\"headline\":\"Regalar\u00e1n \u00e1rboles para colocar en veredas: c\u00f3mo inscribirse para recibir alg\u00fan ejemplar\",\"datePublished\":\"2021-09-01T02:58:52+00:00\",\"dateModified\":\"2021-09-01T03:00:54+00:00\",\"mainEntityOfPage\":{\"@id\":\"http:\/\/elregionalvm.com.ar\/noticias-villa-maria\/regalaran-arboles-para-colocar-en-veredas-mira-como-inscribirse-para-recibir-algun-ejemplar\/\"},\"wordCount\":219,\"commentCount\":0,\"image\":{\"@id\":\"http:\/\/elregionalvm.com.ar\/noticias-villa-maria\/regalaran-arboles-para-colocar-en-veredas-mira-como-inscribirse-para-recibir-algun-ejemplar\/#primaryimage\"},\"thumbnailUrl\":\"https:\/\/i0.wp.com\/elregionalvm.com.ar\/noticias-villa-maria\/wp-content\/uploads\/2021\/09\/arbol-veredas.jpg?fit=1200%2C675&ssl=1\",\"keywords\":[\"arbolado\",\"\u00e1rboles\",\"Barrios\",\"cronograma\",\"veredas\",\"Villa Mar\u00eda\"],\"articleSection\":[\"Villa Mar\u00eda\"],\"inLanguage\":\"es\",\"potentialAction\":[{\"@type\":\"CommentAction\",\"name\":\"Comment\",\"target\":[\"http:\/\/elregionalvm.com.ar\/noticias-villa-maria\/regalaran-arboles-para-colocar-en-veredas-mira-como-inscribirse-para-recibir-algun-ejemplar\/#respond\"]}]},{\"@type\":\"WebPage\",\"@id\":\"http:\/\/elregionalvm.com.ar\/noticias-villa-maria\/regalaran-arboles-para-colocar-en-veredas-mira-como-inscribirse-para-recibir-algun-ejemplar\/\",\"url\":\"http:\/\/elregionalvm.com.ar\/noticias-villa-maria\/regalaran-arboles-para-colocar-en-veredas-mira-como-inscribirse-para-recibir-algun-ejemplar\/\",\"name\":\"Regalar\u00e1n \u00e1rboles para colocar en veredas: c\u00f3mo inscribirse para recibir alg\u00fan ejemplar - El Regional\",\"isPartOf\":{\"@id\":\"http:\/\/elregionalvm.com.ar\/noticias-villa-maria\/#website\"},\"primaryImageOfPage\":{\"@id\":\"http:\/\/elregionalvm.com.ar\/noticias-villa-maria\/regalaran-arboles-para-colocar-en-veredas-mira-como-inscribirse-para-recibir-algun-ejemplar\/#primaryimage\"},\"image\":{\"@id\":\"http:\/\/elregionalvm.com.ar\/noticias-villa-maria\/regalaran-arboles-para-colocar-en-veredas-mira-como-inscribirse-para-recibir-algun-ejemplar\/#primaryimage\"},\"thumbnailUrl\":\"https:\/\/i0.wp.com\/elregionalvm.com.ar\/noticias-villa-maria\/wp-content\/uploads\/2021\/09\/arbol-veredas.jpg?fit=1200%2C675&ssl=1\",\"datePublished\":\"2021-09-01T02:58:52+00:00\",\"dateModified\":\"2021-09-01T03:00:54+00:00\",\"author\":{\"@id\":\"http:\/\/elregionalvm.com.ar\/noticias-villa-maria\/#\/schema\/person\/a0fb9c422317faca23d50163151bc354\"},\"breadcrumb\":{\"@id\":\"http:\/\/elregionalvm.com.ar\/noticias-villa-maria\/regalaran-arboles-para-colocar-en-veredas-mira-como-inscribirse-para-recibir-algun-ejemplar\/#breadcrumb\"},\"inLanguage\":\"es\",\"potentialAction\":[{\"@type\":\"ReadAction\",\"target\":[\"http:\/\/elregionalvm.com.ar\/noticias-villa-maria\/regalaran-arboles-para-colocar-en-veredas-mira-como-inscribirse-para-recibir-algun-ejemplar\/\"]}]},{\"@type\":\"ImageObject\",\"inLanguage\":\"es\",\"@id\":\"http:\/\/elregionalvm.com.ar\/noticias-villa-maria\/regalaran-arboles-para-colocar-en-veredas-mira-como-inscribirse-para-recibir-algun-ejemplar\/#primaryimage\",\"url\":\"https:\/\/i0.wp.com\/elregionalvm.com.ar\/noticias-villa-maria\/wp-content\/uploads\/2021\/09\/arbol-veredas.jpg?fit=1200%2C675&ssl=1\",\"contentUrl\":\"https:\/\/i0.wp.com\/elregionalvm.com.ar\/noticias-villa-maria\/wp-content\/uploads\/2021\/09\/arbol-veredas.jpg?fit=1200%2C675&ssl=1\",\"width\":1200,\"height\":675},{\"@type\":\"BreadcrumbList\",\"@id\":\"http:\/\/elregionalvm.com.ar\/noticias-villa-maria\/regalaran-arboles-para-colocar-en-veredas-mira-como-inscribirse-para-recibir-algun-ejemplar\/#breadcrumb\",\"itemListElement\":[{\"@type\":\"ListItem\",\"position\":1,\"name\":\"Portada\",\"item\":\"https:\/\/elregionalvm.com.ar\/noticias-villa-maria\/\"},{\"@type\":\"ListItem\",\"position\":2,\"name\":\"Regalar\u00e1n \u00e1rboles para colocar en veredas: c\u00f3mo inscribirse para recibir alg\u00fan ejemplar\"}]},{\"@type\":\"WebSite\",\"@id\":\"http:\/\/elregionalvm.com.ar\/noticias-villa-maria\/#website\",\"url\":\"http:\/\/elregionalvm.com.ar\/noticias-villa-maria\/\",\"name\":\"El Regional\",\"description\":\"Mucho m\u00e1s que informaci\u00f3n\",\"potentialAction\":[{\"@type\":\"SearchAction\",\"target\":{\"@type\":\"EntryPoint\",\"urlTemplate\":\"http:\/\/elregionalvm.com.ar\/noticias-villa-maria\/?s={search_term_string}\"},\"query-input\":{\"@type\":\"PropertyValueSpecification\",\"valueRequired\":true,\"valueName\":\"search_term_string\"}}],\"inLanguage\":\"es\"},{\"@type\":\"Person\",\"@id\":\"http:\/\/elregionalvm.com.ar\/noticias-villa-maria\/#\/schema\/person\/a0fb9c422317faca23d50163151bc354\",\"name\":\"Contenidos El Regional\",\"image\":{\"@type\":\"ImageObject\",\"inLanguage\":\"es\",\"@id\":\"http:\/\/elregionalvm.com.ar\/noticias-villa-maria\/#\/schema\/person\/image\/\",\"url\":\"https:\/\/secure.gravatar.com\/avatar\/265b27cb2209af7bb3a1318f03305787d7981a5cc6e6cd08fe5a4ecdf99d4b48?s=96&d=mm&r=g\",\"contentUrl\":\"https:\/\/secure.gravatar.com\/avatar\/265b27cb2209af7bb3a1318f03305787d7981a5cc6e6cd08fe5a4ecdf99d4b48?s=96&d=mm&r=g\",\"caption\":\"Contenidos El Regional\"},\"url\":\"https:\/\/elregionalvm.com.ar\/noticias-villa-maria\/author\/contenido\/\"}]}<\/script>\n<!-- \/ Yoast SEO plugin. -->","yoast_head_json":{"title":"Regalar\u00e1n \u00e1rboles para colocar en veredas: c\u00f3mo inscribirse para recibir alg\u00fan ejemplar - El Regional","robots":{"index":"index","follow":"follow","max-snippet":"max-snippet:-1","max-image-preview":"max-image-preview:large","max-video-preview":"max-video-preview:-1"},"canonical":"http:\/\/elregionalvm.com.ar\/noticias-villa-maria\/regalaran-arboles-para-colocar-en-veredas-mira-como-inscribirse-para-recibir-algun-ejemplar\/","og_locale":"es_ES","og_type":"article","og_title":"Regalar\u00e1n \u00e1rboles para colocar en veredas: c\u00f3mo inscribirse para recibir alg\u00fan ejemplar - El Regional","og_description":"La semana pr\u00f3xima, se realizar\u00e1 una nueva edici\u00f3n de la iniciativa municipal que propone la adopci\u00f3n de \u00e1rboles para plantar en veredas chicas y medianas de la ciudad. Para adquirir uno de ellos de manera gratuita, vecinos y vecinas pueden inscribirse en el MuniCerca de su barrio y retirar la semana pr\u00f3xima frente a la [&hellip;]","og_url":"http:\/\/elregionalvm.com.ar\/noticias-villa-maria\/regalaran-arboles-para-colocar-en-veredas-mira-como-inscribirse-para-recibir-algun-ejemplar\/","og_site_name":"El Regional","article_publisher":"https:\/\/www.facebook.com\/elregionalvm","article_published_time":"2021-09-01T02:58:52+00:00","article_modified_time":"2021-09-01T03:00:54+00:00","og_image":[{"width":1200,"height":675,"url":"http:\/\/elregionalvm.com.ar\/noticias-villa-maria\/wp-content\/uploads\/2021\/09\/arbol-veredas.jpg","type":"image\/jpeg"}],"author":"Contenidos El Regional","twitter_card":"summary_large_image","twitter_creator":"@elregionalvm1","twitter_site":"@elregionalvm1","twitter_misc":{"Escrito por":"Contenidos El Regional","Tiempo de lectura":"1 minuto"},"schema":{"@context":"https:\/\/schema.org","@graph":[{"@type":"Article","@id":"http:\/\/elregionalvm.com.ar\/noticias-villa-maria\/regalaran-arboles-para-colocar-en-veredas-mira-como-inscribirse-para-recibir-algun-ejemplar\/#article","isPartOf":{"@id":"http:\/\/elregionalvm.com.ar\/noticias-villa-maria\/regalaran-arboles-para-colocar-en-veredas-mira-como-inscribirse-para-recibir-algun-ejemplar\/"},"author":{"name":"Contenidos El Regional","@id":"http:\/\/elregionalvm.com.ar\/noticias-villa-maria\/#\/schema\/person\/a0fb9c422317faca23d50163151bc354"},"headline":"Regalar\u00e1n \u00e1rboles para colocar en veredas: c\u00f3mo inscribirse para recibir alg\u00fan ejemplar","datePublished":"2021-09-01T02:58:52+00:00","dateModified":"2021-09-01T03:00:54+00:00","mainEntityOfPage":{"@id":"http:\/\/elregionalvm.com.ar\/noticias-villa-maria\/regalaran-arboles-para-colocar-en-veredas-mira-como-inscribirse-para-recibir-algun-ejemplar\/"},"wordCount":219,"commentCount":0,"image":{"@id":"http:\/\/elregionalvm.com.ar\/noticias-villa-maria\/regalaran-arboles-para-colocar-en-veredas-mira-como-inscribirse-para-recibir-algun-ejemplar\/#primaryimage"},"thumbnailUrl":"https:\/\/i0.wp.com\/elregionalvm.com.ar\/noticias-villa-maria\/wp-content\/uploads\/2021\/09\/arbol-veredas.jpg?fit=1200%2C675&ssl=1","keywords":["arbolado","\u00e1rboles","Barrios","cronograma","veredas","Villa Mar\u00eda"],"articleSection":["Villa Mar\u00eda"],"inLanguage":"es","potentialAction":[{"@type":"CommentAction","name":"Comment","target":["http:\/\/elregionalvm.com.ar\/noticias-villa-maria\/regalaran-arboles-para-colocar-en-veredas-mira-como-inscribirse-para-recibir-algun-ejemplar\/#respond"]}]},{"@type":"WebPage","@id":"http:\/\/elregionalvm.com.ar\/noticias-villa-maria\/regalaran-arboles-para-colocar-en-veredas-mira-como-inscribirse-para-recibir-algun-ejemplar\/","url":"http:\/\/elregionalvm.com.ar\/noticias-villa-maria\/regalaran-arboles-para-colocar-en-veredas-mira-como-inscribirse-para-recibir-algun-ejemplar\/","name":"Regalar\u00e1n \u00e1rboles para colocar en veredas: c\u00f3mo inscribirse para recibir alg\u00fan ejemplar - El Regional","isPartOf":{"@id":"http:\/\/elregionalvm.com.ar\/noticias-villa-maria\/#website"},"primaryImageOfPage":{"@id":"http:\/\/elregionalvm.com.ar\/noticias-villa-maria\/regalaran-arboles-para-colocar-en-veredas-mira-como-inscribirse-para-recibir-algun-ejemplar\/#primaryimage"},"image":{"@id":"http:\/\/elregionalvm.com.ar\/noticias-villa-maria\/regalaran-arboles-para-colocar-en-veredas-mira-como-inscribirse-para-recibir-algun-ejemplar\/#primaryimage"},"thumbnailUrl":"https:\/\/i0.wp.com\/elregionalvm.com.ar\/noticias-villa-maria\/wp-content\/uploads\/2021\/09\/arbol-veredas.jpg?fit=1200%2C675&ssl=1","datePublished":"2021-09-01T02:58:52+00:00","dateModified":"2021-09-01T03:00:54+00:00","author":{"@id":"http:\/\/elregionalvm.com.ar\/noticias-villa-maria\/#\/schema\/person\/a0fb9c422317faca23d50163151bc354"},"breadcrumb":{"@id":"http:\/\/elregionalvm.com.ar\/noticias-villa-maria\/regalaran-arboles-para-colocar-en-veredas-mira-como-inscribirse-para-recibir-algun-ejemplar\/#breadcrumb"},"inLanguage":"es","potentialAction":[{"@type":"ReadAction","target":["http:\/\/elregionalvm.com.ar\/noticias-villa-maria\/regalaran-arboles-para-colocar-en-veredas-mira-como-inscribirse-para-recibir-algun-ejemplar\/"]}]},{"@type":"ImageObject","inLanguage":"es","@id":"http:\/\/elregionalvm.com.ar\/noticias-villa-maria\/regalaran-arboles-para-colocar-en-veredas-mira-como-inscribirse-para-recibir-algun-ejemplar\/#primaryimage","url":"https:\/\/i0.wp.com\/elregionalvm.com.ar\/noticias-villa-maria\/wp-content\/uploads\/2021\/09\/arbol-veredas.jpg?fit=1200%2C675&ssl=1","contentUrl":"https:\/\/i0.wp.com\/elregionalvm.com.ar\/noticias-villa-maria\/wp-content\/uploads\/2021\/09\/arbol-veredas.jpg?fit=1200%2C675&ssl=1","width":1200,"height":675},{"@type":"BreadcrumbList","@id":"http:\/\/elregionalvm.com.ar\/noticias-villa-maria\/regalaran-arboles-para-colocar-en-veredas-mira-como-inscribirse-para-recibir-algun-ejemplar\/#breadcrumb","itemListElement":[{"@type":"ListItem","position":1,"name":"Portada","item":"https:\/\/elregionalvm.com.ar\/noticias-villa-maria\/"},{"@type":"ListItem","position":2,"name":"Regalar\u00e1n \u00e1rboles para colocar en veredas: c\u00f3mo inscribirse para recibir alg\u00fan ejemplar"}]},{"@type":"WebSite","@id":"http:\/\/elregionalvm.com.ar\/noticias-villa-maria\/#website","url":"http:\/\/elregionalvm.com.ar\/noticias-villa-maria\/","name":"El Regional","description":"Mucho m\u00e1s que informaci\u00f3n","potentialAction":[{"@type":"SearchAction","target":{"@type":"EntryPoint","urlTemplate":"http:\/\/elregionalvm.com.ar\/noticias-villa-maria\/?s={search_term_string}"},"query-input":{"@type":"PropertyValueSpecification","valueRequired":true,"valueName":"search_term_string"}}],"inLanguage":"es"},{"@type":"Person","@id":"http:\/\/elregionalvm.com.ar\/noticias-villa-maria\/#\/schema\/person\/a0fb9c422317faca23d50163151bc354","name":"Contenidos El Regional","image":{"@type":"ImageObject","inLanguage":"es","@id":"http:\/\/elregionalvm.com.ar\/noticias-villa-maria\/#\/schema\/person\/image\/","url":"https:\/\/secure.gravatar.com\/avatar\/265b27cb2209af7bb3a1318f03305787d7981a5cc6e6cd08fe5a4ecdf99d4b48?s=96&d=mm&r=g","contentUrl":"https:\/\/secure.gravatar.com\/avatar\/265b27cb2209af7bb3a1318f03305787d7981a5cc6e6cd08fe5a4ecdf99d4b48?s=96&d=mm&r=g","caption":"Contenidos El Regional"},"url":"https:\/\/elregionalvm.com.ar\/noticias-villa-maria\/author\/contenido\/"}]}},"jetpack_featured_media_url":"https:\/\/i0.wp.com\/elregionalvm.com.ar\/noticias-villa-maria\/wp-content\/uploads\/2021\/09\/arbol-veredas.jpg?fit=1200%2C675&ssl=1","jetpack_sharing_enabled":true,"_links":{"self":[{"href":"https:\/\/elregionalvm.com.ar\/noticias-villa-maria\/wp-json\/wp\/v2\/posts\/43862","targetHints":{"allow":["GET"]}}],"collection":[{"href":"https:\/\/elregionalvm.com.ar\/noticias-villa-maria\/wp-json\/wp\/v2\/posts"}],"about":[{"href":"https:\/\/elregionalvm.com.ar\/noticias-villa-maria\/wp-json\/wp\/v2\/types\/post"}],"author":[{"embeddable":true,"href":"https:\/\/elregionalvm.com.ar\/noticias-villa-maria\/wp-json\/wp\/v2\/users\/4"}],"replies":[{"embeddable":true,"href":"https:\/\/elregionalvm.com.ar\/noticias-villa-maria\/wp-json\/wp\/v2\/comments?post=43862"}],"version-history":[{"count":2,"href":"https:\/\/elregionalvm.com.ar\/noticias-villa-maria\/wp-json\/wp\/v2\/posts\/43862\/revisions"}],"predecessor-version":[{"id":43865,"href":"https:\/\/elregionalvm.com.ar\/noticias-villa-maria\/wp-json\/wp\/v2\/posts\/43862\/revisions\/43865"}],"wp:featuredmedia":[{"embeddable":true,"href":"https:\/\/elregionalvm.com.ar\/noticias-villa-maria\/wp-json\/wp\/v2\/media\/43863"}],"wp:attachment":[{"href":"https:\/\/elregionalvm.com.ar\/noticias-villa-maria\/wp-json\/wp\/v2\/media?parent=43862"}],"wp:term":[{"taxonomy":"category","embeddable":true,"href":"https:\/\/elregionalvm.com.ar\/noticias-villa-maria\/wp-json\/wp\/v2\/categories?post=43862"},{"taxonomy":"post_tag","embeddable":true,"href":"https:\/\/elregionalvm.com.ar\/noticias-villa-maria\/wp-json\/wp\/v2\/tags?post=43862"}],"curies":[{"name":"wp","href":"https:\/\/api.w.org\/{rel}","templated":true}]}}