{"id":43866,"date":"2021-09-01T16:37:14","date_gmt":"2021-09-01T16:37:14","guid":{"rendered":"https:\/\/elregionalvm.com.ar\/noticias-villa-maria\/?p=43866"},"modified":"2021-09-01T16:37:16","modified_gmt":"2021-09-01T16:37:16","slug":"detienen-a-hombre-de-28-anos-por-acoso-virtual-a-una-menor","status":"publish","type":"post","link":"https:\/\/elregionalvm.com.ar\/noticias-villa-maria\/detienen-a-hombre-de-28-anos-por-acoso-virtual-a-una-menor\/","title":{"rendered":"Detienen a hombre de 28 a\u00f1os por acoso virtual a una menor"},"content":{"rendered":"\n<p><\/p>\n\n\n\n<p>La Fiscal\u00eda de Instrucci\u00f3n de Segundo Turno de Villa Mar\u00eda, a cargo de Juliana Companys, orden\u00f3 la detenci\u00f3n de un hombre de 28 a\u00f1os por el delito de \u201cgrooming\u201d o acoso sexual virtual.<\/p>\n\n\n\n<p>La investigaci\u00f3n fue originada con motivo de una denuncia de una menor de edad. La secci\u00f3n de Cibercrimen de la Direcci\u00f3n de Investigaci\u00f3n Criminal (DIO) logr\u00f3 la individualizaci\u00f3n del autor luego de los an\u00e1lisis de datos telef\u00f3nicos, antenas y celdas y redes.<\/p>\n\n\n\n<p>El equipo de la DIO junto a personal de la Brigada de Investigaciones de la Polic\u00eda provincial ejecutaron el allanamiento en el domicilio del sospechado, logrando acreditar los extremos denunciados y secuestrar material probatorio, inform\u00f3 el Ministerio P\u00fablico Fiscal.<\/p>\n","protected":false},"excerpt":{"rendered":"<p>La Fiscal\u00eda de Instrucci\u00f3n de Segundo Turno de Villa Mar\u00eda, a cargo de Juliana Companys, orden\u00f3 la detenci\u00f3n de un hombre de 28 a\u00f1os por el delito de \u201cgrooming\u201d o acoso sexual virtual. La investigaci\u00f3n fue originada con motivo de una denuncia de una menor de edad. La secci\u00f3n de Cibercrimen de la Direcci\u00f3n de [&hellip;]<\/p>\n","protected":false},"author":4,"featured_media":43867,"comment_status":"open","ping_status":"open","sticky":false,"template":"","format":"standard","meta":{"site-sidebar-layout":"default","site-content-layout":"default","ast-site-content-layout":"default","site-content-style":"default","site-sidebar-style":"default","ast-global-header-display":"","ast-banner-title-visibility":"","ast-main-header-display":"","ast-hfb-above-header-display":"","ast-hfb-below-header-display":"","ast-hfb-mobile-header-display":"","site-post-title":"","ast-breadcrumbs-content":"","ast-featured-img":"","footer-sml-layout":"","ast-disable-related-posts":"","theme-transparent-header-meta":"default","adv-header-id-meta":"","stick-header-meta":"","header-above-stick-meta":"","header-main-stick-meta":"","header-below-stick-meta":"","astra-migrate-meta-layouts":"default","ast-page-background-enabled":"default","ast-page-background-meta":{"desktop":{"background-color":"","background-image":"","background-repeat":"repeat","background-position":"center center","background-size":"auto","background-attachment":"scroll","background-type":"","background-media":"","overlay-type":"","overlay-color":"","overlay-opacity":"","overlay-gradient":""},"tablet":{"background-color":"","background-image":"","background-repeat":"repeat","background-position":"center center","background-size":"auto","background-attachment":"scroll","background-type":"","background-media":"","overlay-type":"","overlay-color":"","overlay-opacity":"","overlay-gradient":""},"mobile":{"background-color":"","background-image":"","background-repeat":"repeat","background-position":"center center","background-size":"auto","background-attachment":"scroll","background-type":"","background-media":"","overlay-type":"","overlay-color":"","overlay-opacity":"","overlay-gradient":""}},"ast-content-background-meta":{"desktop":{"background-color":"var(--ast-global-color-5)","background-image":"","background-repeat":"repeat","background-position":"center center","background-size":"auto","background-attachment":"scroll","background-type":"","background-media":"","overlay-type":"","overlay-color":"","overlay-opacity":"","overlay-gradient":""},"tablet":{"background-color":"var(--ast-global-color-5)","background-image":"","background-repeat":"repeat","background-position":"center center","background-size":"auto","background-attachment":"scroll","background-type":"","background-media":"","overlay-type":"","overlay-color":"","overlay-opacity":"","overlay-gradient":""},"mobile":{"background-color":"var(--ast-global-color-5)","background-image":"","background-repeat":"repeat","background-position":"center center","background-size":"auto","background-attachment":"scroll","background-type":"","background-media":"","overlay-type":"","overlay-color":"","overlay-opacity":"","overlay-gradient":""}},"_jetpack_memberships_contains_paid_content":false,"_joinchat":[],"footnotes":""},"categories":[2234,2],"tags":[10931,2325,7601,1232,2305,2673,2423,10930],"class_list":["post-43866","post","type-post","status-publish","format-standard","has-post-thumbnail","hentry","category-policiales","category-villa-maria","tag-acoso-virtual","tag-allanamiento","tag-ciberacoso","tag-destacado","tag-detenido","tag-grooming","tag-juliana-companys","tag-menor"],"yoast_head":"<!-- This site is optimized with the Yoast SEO plugin v26.8 - https:\/\/yoast.com\/product\/yoast-seo-wordpress\/ -->\n<title>Detienen a hombre de 28 a\u00f1os por acoso virtual a una menor - El Regional<\/title>\n<meta name=\"description\" content=\"La fiscal Juliana Companys orden\u00f3 la detenci\u00f3n de un hombre de 28 a\u00f1os por el delito de \u201cgrooming\u201d o acoso sexual virtual.\" \/>\n<meta name=\"robots\" content=\"index, follow, max-snippet:-1, max-image-preview:large, max-video-preview:-1\" \/>\n<link rel=\"canonical\" href=\"http:\/\/elregionalvm.com.ar\/noticias-villa-maria\/detienen-a-hombre-de-28-anos-por-acoso-virtual-a-una-menor\/\" \/>\n<meta property=\"og:locale\" content=\"es_ES\" \/>\n<meta property=\"og:type\" content=\"article\" \/>\n<meta property=\"og:title\" content=\"Detienen a hombre de 28 a\u00f1os por acoso virtual a una menor - El Regional\" \/>\n<meta property=\"og:description\" content=\"La fiscal Juliana Companys orden\u00f3 la detenci\u00f3n de un hombre de 28 a\u00f1os por el delito de \u201cgrooming\u201d o acoso sexual virtual.\" \/>\n<meta property=\"og:url\" content=\"http:\/\/elregionalvm.com.ar\/noticias-villa-maria\/detienen-a-hombre-de-28-anos-por-acoso-virtual-a-una-menor\/\" \/>\n<meta property=\"og:site_name\" content=\"El Regional\" \/>\n<meta property=\"article:publisher\" content=\"https:\/\/www.facebook.com\/elregionalvm\" \/>\n<meta property=\"article:published_time\" content=\"2021-09-01T16:37:14+00:00\" \/>\n<meta property=\"article:modified_time\" content=\"2021-09-01T16:37:16+00:00\" \/>\n<meta property=\"og:image\" content=\"http:\/\/elregionalvm.com.ar\/noticias-villa-maria\/wp-content\/uploads\/2021\/09\/Grooming-Villa-Maria-2021.jpg\" \/>\n\t<meta property=\"og:image:width\" content=\"935\" \/>\n\t<meta property=\"og:image:height\" content=\"634\" \/>\n\t<meta property=\"og:image:type\" content=\"image\/jpeg\" \/>\n<meta name=\"author\" content=\"Contenidos El Regional\" \/>\n<meta name=\"twitter:card\" content=\"summary_large_image\" \/>\n<meta name=\"twitter:creator\" content=\"@elregionalvm1\" \/>\n<meta name=\"twitter:site\" content=\"@elregionalvm1\" \/>\n<meta name=\"twitter:label1\" content=\"Escrito por\" \/>\n\t<meta name=\"twitter:data1\" content=\"Contenidos El Regional\" \/>\n\t<meta name=\"twitter:label2\" content=\"Tiempo de lectura\" \/>\n\t<meta name=\"twitter:data2\" content=\"1 minuto\" \/>\n<script type=\"application\/ld+json\" class=\"yoast-schema-graph\">{\"@context\":\"https:\/\/schema.org\",\"@graph\":[{\"@type\":\"Article\",\"@id\":\"http:\/\/elregionalvm.com.ar\/noticias-villa-maria\/detienen-a-hombre-de-28-anos-por-acoso-virtual-a-una-menor\/#article\",\"isPartOf\":{\"@id\":\"http:\/\/elregionalvm.com.ar\/noticias-villa-maria\/detienen-a-hombre-de-28-anos-por-acoso-virtual-a-una-menor\/\"},\"author\":{\"name\":\"Contenidos El Regional\",\"@id\":\"http:\/\/elregionalvm.com.ar\/noticias-villa-maria\/#\/schema\/person\/a0fb9c422317faca23d50163151bc354\"},\"headline\":\"Detienen a hombre de 28 a\u00f1os por acoso virtual a una menor\",\"datePublished\":\"2021-09-01T16:37:14+00:00\",\"dateModified\":\"2021-09-01T16:37:16+00:00\",\"mainEntityOfPage\":{\"@id\":\"http:\/\/elregionalvm.com.ar\/noticias-villa-maria\/detienen-a-hombre-de-28-anos-por-acoso-virtual-a-una-menor\/\"},\"wordCount\":139,\"commentCount\":0,\"image\":{\"@id\":\"http:\/\/elregionalvm.com.ar\/noticias-villa-maria\/detienen-a-hombre-de-28-anos-por-acoso-virtual-a-una-menor\/#primaryimage\"},\"thumbnailUrl\":\"https:\/\/i0.wp.com\/elregionalvm.com.ar\/noticias-villa-maria\/wp-content\/uploads\/2021\/09\/Grooming-Villa-Maria-2021.jpg?fit=935%2C634&ssl=1\",\"keywords\":[\"acoso virtual\",\"allanamiento\",\"ciberacoso\",\"destacado\",\"detenido\",\"Grooming\",\"Juliana Companys\",\"menor\"],\"articleSection\":[\"Policiales\",\"Villa Mar\u00eda\"],\"inLanguage\":\"es\",\"potentialAction\":[{\"@type\":\"CommentAction\",\"name\":\"Comment\",\"target\":[\"http:\/\/elregionalvm.com.ar\/noticias-villa-maria\/detienen-a-hombre-de-28-anos-por-acoso-virtual-a-una-menor\/#respond\"]}]},{\"@type\":\"WebPage\",\"@id\":\"http:\/\/elregionalvm.com.ar\/noticias-villa-maria\/detienen-a-hombre-de-28-anos-por-acoso-virtual-a-una-menor\/\",\"url\":\"http:\/\/elregionalvm.com.ar\/noticias-villa-maria\/detienen-a-hombre-de-28-anos-por-acoso-virtual-a-una-menor\/\",\"name\":\"Detienen a hombre de 28 a\u00f1os por acoso virtual a una menor - El Regional\",\"isPartOf\":{\"@id\":\"http:\/\/elregionalvm.com.ar\/noticias-villa-maria\/#website\"},\"primaryImageOfPage\":{\"@id\":\"http:\/\/elregionalvm.com.ar\/noticias-villa-maria\/detienen-a-hombre-de-28-anos-por-acoso-virtual-a-una-menor\/#primaryimage\"},\"image\":{\"@id\":\"http:\/\/elregionalvm.com.ar\/noticias-villa-maria\/detienen-a-hombre-de-28-anos-por-acoso-virtual-a-una-menor\/#primaryimage\"},\"thumbnailUrl\":\"https:\/\/i0.wp.com\/elregionalvm.com.ar\/noticias-villa-maria\/wp-content\/uploads\/2021\/09\/Grooming-Villa-Maria-2021.jpg?fit=935%2C634&ssl=1\",\"datePublished\":\"2021-09-01T16:37:14+00:00\",\"dateModified\":\"2021-09-01T16:37:16+00:00\",\"author\":{\"@id\":\"http:\/\/elregionalvm.com.ar\/noticias-villa-maria\/#\/schema\/person\/a0fb9c422317faca23d50163151bc354\"},\"description\":\"La fiscal Juliana Companys orden\u00f3 la detenci\u00f3n de un hombre de 28 a\u00f1os por el delito de \u201cgrooming\u201d o acoso sexual virtual.\",\"breadcrumb\":{\"@id\":\"http:\/\/elregionalvm.com.ar\/noticias-villa-maria\/detienen-a-hombre-de-28-anos-por-acoso-virtual-a-una-menor\/#breadcrumb\"},\"inLanguage\":\"es\",\"potentialAction\":[{\"@type\":\"ReadAction\",\"target\":[\"http:\/\/elregionalvm.com.ar\/noticias-villa-maria\/detienen-a-hombre-de-28-anos-por-acoso-virtual-a-una-menor\/\"]}]},{\"@type\":\"ImageObject\",\"inLanguage\":\"es\",\"@id\":\"http:\/\/elregionalvm.com.ar\/noticias-villa-maria\/detienen-a-hombre-de-28-anos-por-acoso-virtual-a-una-menor\/#primaryimage\",\"url\":\"https:\/\/i0.wp.com\/elregionalvm.com.ar\/noticias-villa-maria\/wp-content\/uploads\/2021\/09\/Grooming-Villa-Maria-2021.jpg?fit=935%2C634&ssl=1\",\"contentUrl\":\"https:\/\/i0.wp.com\/elregionalvm.com.ar\/noticias-villa-maria\/wp-content\/uploads\/2021\/09\/Grooming-Villa-Maria-2021.jpg?fit=935%2C634&ssl=1\",\"width\":935,\"height\":634},{\"@type\":\"BreadcrumbList\",\"@id\":\"http:\/\/elregionalvm.com.ar\/noticias-villa-maria\/detienen-a-hombre-de-28-anos-por-acoso-virtual-a-una-menor\/#breadcrumb\",\"itemListElement\":[{\"@type\":\"ListItem\",\"position\":1,\"name\":\"Portada\",\"item\":\"https:\/\/elregionalvm.com.ar\/noticias-villa-maria\/\"},{\"@type\":\"ListItem\",\"position\":2,\"name\":\"Detienen a hombre de 28 a\u00f1os por acoso virtual a una menor\"}]},{\"@type\":\"WebSite\",\"@id\":\"http:\/\/elregionalvm.com.ar\/noticias-villa-maria\/#website\",\"url\":\"http:\/\/elregionalvm.com.ar\/noticias-villa-maria\/\",\"name\":\"El Regional\",\"description\":\"Mucho m\u00e1s que informaci\u00f3n\",\"potentialAction\":[{\"@type\":\"SearchAction\",\"target\":{\"@type\":\"EntryPoint\",\"urlTemplate\":\"http:\/\/elregionalvm.com.ar\/noticias-villa-maria\/?s={search_term_string}\"},\"query-input\":{\"@type\":\"PropertyValueSpecification\",\"valueRequired\":true,\"valueName\":\"search_term_string\"}}],\"inLanguage\":\"es\"},{\"@type\":\"Person\",\"@id\":\"http:\/\/elregionalvm.com.ar\/noticias-villa-maria\/#\/schema\/person\/a0fb9c422317faca23d50163151bc354\",\"name\":\"Contenidos El Regional\",\"image\":{\"@type\":\"ImageObject\",\"inLanguage\":\"es\",\"@id\":\"http:\/\/elregionalvm.com.ar\/noticias-villa-maria\/#\/schema\/person\/image\/\",\"url\":\"https:\/\/secure.gravatar.com\/avatar\/265b27cb2209af7bb3a1318f03305787d7981a5cc6e6cd08fe5a4ecdf99d4b48?s=96&d=mm&r=g\",\"contentUrl\":\"https:\/\/secure.gravatar.com\/avatar\/265b27cb2209af7bb3a1318f03305787d7981a5cc6e6cd08fe5a4ecdf99d4b48?s=96&d=mm&r=g\",\"caption\":\"Contenidos El Regional\"},\"url\":\"https:\/\/elregionalvm.com.ar\/noticias-villa-maria\/author\/contenido\/\"}]}<\/script>\n<!-- \/ Yoast SEO plugin. -->","yoast_head_json":{"title":"Detienen a hombre de 28 a\u00f1os por acoso virtual a una menor - El Regional","description":"La fiscal Juliana Companys orden\u00f3 la detenci\u00f3n de un hombre de 28 a\u00f1os por el delito de \u201cgrooming\u201d o acoso sexual virtual.","robots":{"index":"index","follow":"follow","max-snippet":"max-snippet:-1","max-image-preview":"max-image-preview:large","max-video-preview":"max-video-preview:-1"},"canonical":"http:\/\/elregionalvm.com.ar\/noticias-villa-maria\/detienen-a-hombre-de-28-anos-por-acoso-virtual-a-una-menor\/","og_locale":"es_ES","og_type":"article","og_title":"Detienen a hombre de 28 a\u00f1os por acoso virtual a una menor - El Regional","og_description":"La fiscal Juliana Companys orden\u00f3 la detenci\u00f3n de un hombre de 28 a\u00f1os por el delito de \u201cgrooming\u201d o acoso sexual virtual.","og_url":"http:\/\/elregionalvm.com.ar\/noticias-villa-maria\/detienen-a-hombre-de-28-anos-por-acoso-virtual-a-una-menor\/","og_site_name":"El Regional","article_publisher":"https:\/\/www.facebook.com\/elregionalvm","article_published_time":"2021-09-01T16:37:14+00:00","article_modified_time":"2021-09-01T16:37:16+00:00","og_image":[{"width":935,"height":634,"url":"http:\/\/elregionalvm.com.ar\/noticias-villa-maria\/wp-content\/uploads\/2021\/09\/Grooming-Villa-Maria-2021.jpg","type":"image\/jpeg"}],"author":"Contenidos El Regional","twitter_card":"summary_large_image","twitter_creator":"@elregionalvm1","twitter_site":"@elregionalvm1","twitter_misc":{"Escrito por":"Contenidos El Regional","Tiempo de lectura":"1 minuto"},"schema":{"@context":"https:\/\/schema.org","@graph":[{"@type":"Article","@id":"http:\/\/elregionalvm.com.ar\/noticias-villa-maria\/detienen-a-hombre-de-28-anos-por-acoso-virtual-a-una-menor\/#article","isPartOf":{"@id":"http:\/\/elregionalvm.com.ar\/noticias-villa-maria\/detienen-a-hombre-de-28-anos-por-acoso-virtual-a-una-menor\/"},"author":{"name":"Contenidos El Regional","@id":"http:\/\/elregionalvm.com.ar\/noticias-villa-maria\/#\/schema\/person\/a0fb9c422317faca23d50163151bc354"},"headline":"Detienen a hombre de 28 a\u00f1os por acoso virtual a una menor","datePublished":"2021-09-01T16:37:14+00:00","dateModified":"2021-09-01T16:37:16+00:00","mainEntityOfPage":{"@id":"http:\/\/elregionalvm.com.ar\/noticias-villa-maria\/detienen-a-hombre-de-28-anos-por-acoso-virtual-a-una-menor\/"},"wordCount":139,"commentCount":0,"image":{"@id":"http:\/\/elregionalvm.com.ar\/noticias-villa-maria\/detienen-a-hombre-de-28-anos-por-acoso-virtual-a-una-menor\/#primaryimage"},"thumbnailUrl":"https:\/\/i0.wp.com\/elregionalvm.com.ar\/noticias-villa-maria\/wp-content\/uploads\/2021\/09\/Grooming-Villa-Maria-2021.jpg?fit=935%2C634&ssl=1","keywords":["acoso virtual","allanamiento","ciberacoso","destacado","detenido","Grooming","Juliana Companys","menor"],"articleSection":["Policiales","Villa Mar\u00eda"],"inLanguage":"es","potentialAction":[{"@type":"CommentAction","name":"Comment","target":["http:\/\/elregionalvm.com.ar\/noticias-villa-maria\/detienen-a-hombre-de-28-anos-por-acoso-virtual-a-una-menor\/#respond"]}]},{"@type":"WebPage","@id":"http:\/\/elregionalvm.com.ar\/noticias-villa-maria\/detienen-a-hombre-de-28-anos-por-acoso-virtual-a-una-menor\/","url":"http:\/\/elregionalvm.com.ar\/noticias-villa-maria\/detienen-a-hombre-de-28-anos-por-acoso-virtual-a-una-menor\/","name":"Detienen a hombre de 28 a\u00f1os por acoso virtual a una menor - El Regional","isPartOf":{"@id":"http:\/\/elregionalvm.com.ar\/noticias-villa-maria\/#website"},"primaryImageOfPage":{"@id":"http:\/\/elregionalvm.com.ar\/noticias-villa-maria\/detienen-a-hombre-de-28-anos-por-acoso-virtual-a-una-menor\/#primaryimage"},"image":{"@id":"http:\/\/elregionalvm.com.ar\/noticias-villa-maria\/detienen-a-hombre-de-28-anos-por-acoso-virtual-a-una-menor\/#primaryimage"},"thumbnailUrl":"https:\/\/i0.wp.com\/elregionalvm.com.ar\/noticias-villa-maria\/wp-content\/uploads\/2021\/09\/Grooming-Villa-Maria-2021.jpg?fit=935%2C634&ssl=1","datePublished":"2021-09-01T16:37:14+00:00","dateModified":"2021-09-01T16:37:16+00:00","author":{"@id":"http:\/\/elregionalvm.com.ar\/noticias-villa-maria\/#\/schema\/person\/a0fb9c422317faca23d50163151bc354"},"description":"La fiscal Juliana Companys orden\u00f3 la detenci\u00f3n de un hombre de 28 a\u00f1os por el delito de \u201cgrooming\u201d o acoso sexual virtual.","breadcrumb":{"@id":"http:\/\/elregionalvm.com.ar\/noticias-villa-maria\/detienen-a-hombre-de-28-anos-por-acoso-virtual-a-una-menor\/#breadcrumb"},"inLanguage":"es","potentialAction":[{"@type":"ReadAction","target":["http:\/\/elregionalvm.com.ar\/noticias-villa-maria\/detienen-a-hombre-de-28-anos-por-acoso-virtual-a-una-menor\/"]}]},{"@type":"ImageObject","inLanguage":"es","@id":"http:\/\/elregionalvm.com.ar\/noticias-villa-maria\/detienen-a-hombre-de-28-anos-por-acoso-virtual-a-una-menor\/#primaryimage","url":"https:\/\/i0.wp.com\/elregionalvm.com.ar\/noticias-villa-maria\/wp-content\/uploads\/2021\/09\/Grooming-Villa-Maria-2021.jpg?fit=935%2C634&ssl=1","contentUrl":"https:\/\/i0.wp.com\/elregionalvm.com.ar\/noticias-villa-maria\/wp-content\/uploads\/2021\/09\/Grooming-Villa-Maria-2021.jpg?fit=935%2C634&ssl=1","width":935,"height":634},{"@type":"BreadcrumbList","@id":"http:\/\/elregionalvm.com.ar\/noticias-villa-maria\/detienen-a-hombre-de-28-anos-por-acoso-virtual-a-una-menor\/#breadcrumb","itemListElement":[{"@type":"ListItem","position":1,"name":"Portada","item":"https:\/\/elregionalvm.com.ar\/noticias-villa-maria\/"},{"@type":"ListItem","position":2,"name":"Detienen a hombre de 28 a\u00f1os por acoso virtual a una menor"}]},{"@type":"WebSite","@id":"http:\/\/elregionalvm.com.ar\/noticias-villa-maria\/#website","url":"http:\/\/elregionalvm.com.ar\/noticias-villa-maria\/","name":"El Regional","description":"Mucho m\u00e1s que informaci\u00f3n","potentialAction":[{"@type":"SearchAction","target":{"@type":"EntryPoint","urlTemplate":"http:\/\/elregionalvm.com.ar\/noticias-villa-maria\/?s={search_term_string}"},"query-input":{"@type":"PropertyValueSpecification","valueRequired":true,"valueName":"search_term_string"}}],"inLanguage":"es"},{"@type":"Person","@id":"http:\/\/elregionalvm.com.ar\/noticias-villa-maria\/#\/schema\/person\/a0fb9c422317faca23d50163151bc354","name":"Contenidos El Regional","image":{"@type":"ImageObject","inLanguage":"es","@id":"http:\/\/elregionalvm.com.ar\/noticias-villa-maria\/#\/schema\/person\/image\/","url":"https:\/\/secure.gravatar.com\/avatar\/265b27cb2209af7bb3a1318f03305787d7981a5cc6e6cd08fe5a4ecdf99d4b48?s=96&d=mm&r=g","contentUrl":"https:\/\/secure.gravatar.com\/avatar\/265b27cb2209af7bb3a1318f03305787d7981a5cc6e6cd08fe5a4ecdf99d4b48?s=96&d=mm&r=g","caption":"Contenidos El Regional"},"url":"https:\/\/elregionalvm.com.ar\/noticias-villa-maria\/author\/contenido\/"}]}},"jetpack_featured_media_url":"https:\/\/i0.wp.com\/elregionalvm.com.ar\/noticias-villa-maria\/wp-content\/uploads\/2021\/09\/Grooming-Villa-Maria-2021.jpg?fit=935%2C634&ssl=1","jetpack_sharing_enabled":true,"_links":{"self":[{"href":"https:\/\/elregionalvm.com.ar\/noticias-villa-maria\/wp-json\/wp\/v2\/posts\/43866","targetHints":{"allow":["GET"]}}],"collection":[{"href":"https:\/\/elregionalvm.com.ar\/noticias-villa-maria\/wp-json\/wp\/v2\/posts"}],"about":[{"href":"https:\/\/elregionalvm.com.ar\/noticias-villa-maria\/wp-json\/wp\/v2\/types\/post"}],"author":[{"embeddable":true,"href":"https:\/\/elregionalvm.com.ar\/noticias-villa-maria\/wp-json\/wp\/v2\/users\/4"}],"replies":[{"embeddable":true,"href":"https:\/\/elregionalvm.com.ar\/noticias-villa-maria\/wp-json\/wp\/v2\/comments?post=43866"}],"version-history":[{"count":1,"href":"https:\/\/elregionalvm.com.ar\/noticias-villa-maria\/wp-json\/wp\/v2\/posts\/43866\/revisions"}],"predecessor-version":[{"id":43868,"href":"https:\/\/elregionalvm.com.ar\/noticias-villa-maria\/wp-json\/wp\/v2\/posts\/43866\/revisions\/43868"}],"wp:featuredmedia":[{"embeddable":true,"href":"https:\/\/elregionalvm.com.ar\/noticias-villa-maria\/wp-json\/wp\/v2\/media\/43867"}],"wp:attachment":[{"href":"https:\/\/elregionalvm.com.ar\/noticias-villa-maria\/wp-json\/wp\/v2\/media?parent=43866"}],"wp:term":[{"taxonomy":"category","embeddable":true,"href":"https:\/\/elregionalvm.com.ar\/noticias-villa-maria\/wp-json\/wp\/v2\/categories?post=43866"},{"taxonomy":"post_tag","embeddable":true,"href":"https:\/\/elregionalvm.com.ar\/noticias-villa-maria\/wp-json\/wp\/v2\/tags?post=43866"}],"curies":[{"name":"wp","href":"https:\/\/api.w.org\/{rel}","templated":true}]}}