{"id":43869,"date":"2021-09-01T17:46:48","date_gmt":"2021-09-01T17:46:48","guid":{"rendered":"https:\/\/elregionalvm.com.ar\/noticias-villa-maria\/?p=43869"},"modified":"2021-09-02T20:35:01","modified_gmt":"2021-09-02T20:35:01","slug":"martin-gill-se-decide-el-futuro-del-pais-es-un-proyecto-progresista-o-el-macrismo","status":"publish","type":"post","link":"https:\/\/elregionalvm.com.ar\/noticias-villa-maria\/martin-gill-se-decide-el-futuro-del-pais-es-un-proyecto-progresista-o-el-macrismo\/","title":{"rendered":"Mart\u00edn Gill: \u201cSe decide el futuro del pa\u00eds: es un proyecto progresista o el macrismo\u201d"},"content":{"rendered":"\n<p><\/p>\n\n\n\n<p>Con cr\u00edticas a la gesti\u00f3n de Mauricio Macri y una enumeraci\u00f3n de obras y proyectos desarrollados por el gobierno de Alberto Fern\u00e1ndez en Villa Mar\u00eda y la provincia de C\u00f3rdoba, Mart\u00edn Gill mantuvo un encuentro con periodistas en el \u00faltimo piso del hotel Le Parc.<\/p>\n\n\n\n<p>Acompa\u00f1ado por el intendente interino Pablo Rosso y su par de Villa Nueva Natalio Graglia, el l\u00edder de la lista de precandidatos a diputados nacionales por el Frente de Todos tambi\u00e9n remarc\u00f3 que ya no existe una rivalidad entre la Provincia y la Naci\u00f3n, como sostienen desde otros sectores del peronismo y de la oposici\u00f3n.<\/p>\n\n\n\n<p>\u201cEn el peor momento de la humanidad, se dio vuelta la p\u00e1gina de desencuentros entre C\u00f3rdoba y Naci\u00f3n\u201d, remarc\u00f3 en su discurso. \u201cCuando a Argentina le va mal, a C\u00f3rdoba le va p\u00e9simo\u201d, destac\u00f3 en otro momento de su alocuci\u00f3n.<\/p>\n\n\n\n<p>Y para graficar, no solo mencion\u00f3 la cantidad de obras en ejecuci\u00f3n y las ya delineadas, sino que tambi\u00e9n cit\u00f3 las transferencias de fondos realizadas desde el estado nacional a la caja provincial.<\/p>\n\n\n\n<p>\u201cC\u00f3rdoba es hoy la segunda provincia del pa\u00eds en transferencias ejecutadas desde la Naci\u00f3n. Est\u00e1 llevando adelante una inversi\u00f3n en todas las \u00e1reas que no tiene precedentes en un gobierno nacional con nuestra provincia\u201d, sostuvo.<\/p>\n\n\n\n<p><\/p>\n\n\n\n<figure class=\"wp-block-image size-large\"><img data-recalc-dims=\"1\" fetchpriority=\"high\" decoding=\"async\" width=\"1024\" height=\"617\" src=\"https:\/\/i0.wp.com\/elregionalvm.com.ar\/noticias-villa-maria\/wp-content\/uploads\/2021\/09\/Gill-Rosso-Graglia-2021-1.jpeg?resize=1024%2C617&#038;ssl=1\" alt=\"\" class=\"wp-image-43872\" srcset=\"https:\/\/i0.wp.com\/elregionalvm.com.ar\/noticias-villa-maria\/wp-content\/uploads\/2021\/09\/Gill-Rosso-Graglia-2021-1.jpeg?resize=1024%2C617&amp;ssl=1 1024w, https:\/\/i0.wp.com\/elregionalvm.com.ar\/noticias-villa-maria\/wp-content\/uploads\/2021\/09\/Gill-Rosso-Graglia-2021-1.jpeg?resize=300%2C181&amp;ssl=1 300w, https:\/\/i0.wp.com\/elregionalvm.com.ar\/noticias-villa-maria\/wp-content\/uploads\/2021\/09\/Gill-Rosso-Graglia-2021-1.jpeg?resize=768%2C463&amp;ssl=1 768w, https:\/\/i0.wp.com\/elregionalvm.com.ar\/noticias-villa-maria\/wp-content\/uploads\/2021\/09\/Gill-Rosso-Graglia-2021-1.jpeg?w=1449&amp;ssl=1 1449w\" sizes=\"(max-width: 1000px) 100vw, 1000px\" \/><figcaption><em>Rosso y Graglia acompa\u00f1aron a Gill en el encuentro con periodistas. <\/em><\/figcaption><\/figure>\n\n\n\n<p><\/p>\n\n\n\n<p><strong>\u201cNo hicieron nada\u201d<\/strong><\/p>\n\n\n\n<p>Puntualiz\u00f3 los proyectos de obras p\u00fablicas, pero tambi\u00e9n se refiri\u00f3 a otras esferas. \u201cRecibimos cero obras y en la actualidad hay 460 en ejecuci\u00f3n en toda la provincia. Hay 20 obras viales. M\u00e1s de 300 en distintos municipios, cuando antes no hab\u00eda ninguna. El 100% de nuestro departamento cuenta con obras en marcha. En Villa Mar\u00eda hay 60 en ejecuci\u00f3n\u201d, enumer\u00f3.<\/p>\n\n\n\n<p>\u201cEn cuatro a\u00f1os no hicieron una obra en universidades. En lo que va de la gesti\u00f3n de Alberto ya van varias\u201d, acot\u00f3 Gill quien tambi\u00e9n critic\u00f3 las gestiones realizadas por el macrismo en materia de salud, acci\u00f3n social y retenciones al campo.<\/p>\n\n\n\n<p>\u201cEl gobierno de Macri ment\u00eda mejor de lo que promet\u00eda. Pero, a la hora de los bifes nada de nada. Hablaban de brotes verdes que cada vez se secaban m\u00e1s. Qued\u00f3 el mu\u00f1\u00f3n de la planta nom\u00e1s. Le tiraron una camionada de tierra a un pa\u00eds que estaba mal\u201d, fueron algunas de sus expresiones en este sentido. &nbsp;<\/p>\n\n\n\n<p><strong>\u201cElecci\u00f3n muy importante\u201d<\/strong><\/p>\n\n\n\n<p>El postulante a la C\u00e1mara de Diputados valor\u00f3 que las elecciones legislativas \u201cson muy importantes\u201d. En este contexto, dijo que la venidera contienda electoral marcar\u00e1 el porvenir del pa\u00eds.<\/p>\n\n\n\n<p>\u201cSe decide el futuro de Argentina porque hay dos proyectos de pa\u00eds. El proyecto del trabajo la industria, el estado federal o el proyecto del macrismo. No existe otro proyecto. Cualquier otra opci\u00f3n te lleva al mismo puerto. Es funcional para que el macrismo vuelva\u201d, concluy\u00f3.<\/p>\n\n\n\n<p><\/p>\n\n\n\n<p><\/p>\n\n\n\n<h3 class=\"wp-block-heading\"><strong>Graglia: \u201cPonen palos en la rueda\u201d<\/strong><\/h3>\n\n\n\n<p>En tanto, Graglia ponder\u00f3 que \u201cfueron m\u00e1s que suficientes los cuatro a\u00f1os del macrismo\u201d.<\/p>\n\n\n\n<p>En otro orden, desliz\u00f3 cr\u00edticas al accionar de los concejalos villanovenses de la oposici\u00f3n que abandonaron la sesi\u00f3n donde se trataba la ampliaci\u00f3n del presupuesto municipal.<\/p>\n\n\n\n<p>Justina Pucci e Ignacio Tagni dejaron sus bancas y no dieron cu\u00f3rum para el desarrollo de la reuni\u00f3n.<\/p>\n\n\n\n<p>&nbsp;\u201cEs una verg\u00fcenza anteponer las mezquindades pol\u00edticas. Poner palos en las ruedas. Despu\u00e9s se llenan la boca hablando de Villa Nueva\u201d, se quej\u00f3.<\/p>\n","protected":false},"excerpt":{"rendered":"<p>Con cr\u00edticas a la gesti\u00f3n de Mauricio Macri y una enumeraci\u00f3n de obras y proyectos desarrollados por el gobierno de Alberto Fern\u00e1ndez en Villa Mar\u00eda y la provincia de C\u00f3rdoba, Mart\u00edn Gill mantuvo un encuentro con periodistas en el \u00faltimo piso del hotel Le Parc. Acompa\u00f1ado por el intendente interino Pablo Rosso y su par [&hellip;]<\/p>\n","protected":false},"author":6,"featured_media":43872,"comment_status":"open","ping_status":"open","sticky":false,"template":"","format":"standard","meta":{"site-sidebar-layout":"default","site-content-layout":"default","ast-site-content-layout":"default","site-content-style":"default","site-sidebar-style":"default","ast-global-header-display":"","ast-banner-title-visibility":"","ast-main-header-display":"","ast-hfb-above-header-display":"","ast-hfb-below-header-display":"","ast-hfb-mobile-header-display":"","site-post-title":"","ast-breadcrumbs-content":"","ast-featured-img":"","footer-sml-layout":"","ast-disable-related-posts":"","theme-transparent-header-meta":"default","adv-header-id-meta":"","stick-header-meta":"","header-above-stick-meta":"","header-main-stick-meta":"","header-below-stick-meta":"","astra-migrate-meta-layouts":"default","ast-page-background-enabled":"default","ast-page-background-meta":{"desktop":{"background-color":"","background-image":"","background-repeat":"repeat","background-position":"center center","background-size":"auto","background-attachment":"scroll","background-type":"","background-media":"","overlay-type":"","overlay-color":"","overlay-opacity":"","overlay-gradient":""},"tablet":{"background-color":"","background-image":"","background-repeat":"repeat","background-position":"center center","background-size":"auto","background-attachment":"scroll","background-type":"","background-media":"","overlay-type":"","overlay-color":"","overlay-opacity":"","overlay-gradient":""},"mobile":{"background-color":"","background-image":"","background-repeat":"repeat","background-position":"center center","background-size":"auto","background-attachment":"scroll","background-type":"","background-media":"","overlay-type":"","overlay-color":"","overlay-opacity":"","overlay-gradient":""}},"ast-content-background-meta":{"desktop":{"background-color":"var(--ast-global-color-5)","background-image":"","background-repeat":"repeat","background-position":"center center","background-size":"auto","background-attachment":"scroll","background-type":"","background-media":"","overlay-type":"","overlay-color":"","overlay-opacity":"","overlay-gradient":""},"tablet":{"background-color":"var(--ast-global-color-5)","background-image":"","background-repeat":"repeat","background-position":"center center","background-size":"auto","background-attachment":"scroll","background-type":"","background-media":"","overlay-type":"","overlay-color":"","overlay-opacity":"","overlay-gradient":""},"mobile":{"background-color":"var(--ast-global-color-5)","background-image":"","background-repeat":"repeat","background-position":"center center","background-size":"auto","background-attachment":"scroll","background-type":"","background-media":"","overlay-type":"","overlay-color":"","overlay-opacity":"","overlay-gradient":""}},"_jetpack_memberships_contains_paid_content":false,"_joinchat":[],"footnotes":""},"categories":[2089,3557],"tags":[322,268,5751,1332,1125,1596,1252,1878,6877,519],"class_list":["post-43869","post","type-post","status-publish","format-standard","has-post-thumbnail","hentry","category-politica","category-tercera","tag-cordoba","tag-elecciones","tag-legislativas","tag-macrismo","tag-martin-gill","tag-mauricio-macri","tag-natalio-graglia","tag-pablo-rosso","tag-paso","tag-politica"],"yoast_head":"<!-- This site is optimized with the Yoast SEO plugin v26.8 - https:\/\/yoast.com\/product\/yoast-seo-wordpress\/ -->\n<title>Mart\u00edn Gill: \u201cSe decide el futuro del pa\u00eds: es un proyecto progresista o el macrismo\u201d - El Regional<\/title>\n<meta name=\"robots\" content=\"index, follow, max-snippet:-1, max-image-preview:large, max-video-preview:-1\" \/>\n<link rel=\"canonical\" href=\"http:\/\/elregionalvm.com.ar\/noticias-villa-maria\/martin-gill-se-decide-el-futuro-del-pais-es-un-proyecto-progresista-o-el-macrismo\/\" \/>\n<meta property=\"og:locale\" content=\"es_ES\" \/>\n<meta property=\"og:type\" content=\"article\" \/>\n<meta property=\"og:title\" content=\"Mart\u00edn Gill: \u201cSe decide el futuro del pa\u00eds: es un proyecto progresista o el macrismo\u201d - El Regional\" \/>\n<meta property=\"og:description\" content=\"Con cr\u00edticas a la gesti\u00f3n de Mauricio Macri y una enumeraci\u00f3n de obras y proyectos desarrollados por el gobierno de Alberto Fern\u00e1ndez en Villa Mar\u00eda y la provincia de C\u00f3rdoba, Mart\u00edn Gill mantuvo un encuentro con periodistas en el \u00faltimo piso del hotel Le Parc. Acompa\u00f1ado por el intendente interino Pablo Rosso y su par [&hellip;]\" \/>\n<meta property=\"og:url\" content=\"http:\/\/elregionalvm.com.ar\/noticias-villa-maria\/martin-gill-se-decide-el-futuro-del-pais-es-un-proyecto-progresista-o-el-macrismo\/\" \/>\n<meta property=\"og:site_name\" content=\"El Regional\" \/>\n<meta property=\"article:publisher\" content=\"https:\/\/www.facebook.com\/elregionalvm\" \/>\n<meta property=\"article:published_time\" content=\"2021-09-01T17:46:48+00:00\" \/>\n<meta property=\"article:modified_time\" content=\"2021-09-02T20:35:01+00:00\" \/>\n<meta property=\"og:image\" content=\"http:\/\/elregionalvm.com.ar\/noticias-villa-maria\/wp-content\/uploads\/2021\/09\/Gill-Rosso-Graglia-2021-1.jpeg\" \/>\n\t<meta property=\"og:image:width\" content=\"1449\" \/>\n\t<meta property=\"og:image:height\" content=\"873\" \/>\n\t<meta property=\"og:image:type\" content=\"image\/jpeg\" \/>\n<meta name=\"author\" content=\"Germ\u00e1n Giacchero\" \/>\n<meta name=\"twitter:card\" content=\"summary_large_image\" \/>\n<meta name=\"twitter:creator\" content=\"@elregionalvm1\" \/>\n<meta name=\"twitter:site\" content=\"@elregionalvm1\" \/>\n<meta name=\"twitter:label1\" content=\"Escrito por\" \/>\n\t<meta name=\"twitter:data1\" content=\"Germ\u00e1n Giacchero\" \/>\n\t<meta name=\"twitter:label2\" content=\"Tiempo de lectura\" \/>\n\t<meta name=\"twitter:data2\" content=\"3 minutos\" \/>\n<script type=\"application\/ld+json\" class=\"yoast-schema-graph\">{\"@context\":\"https:\/\/schema.org\",\"@graph\":[{\"@type\":\"Article\",\"@id\":\"http:\/\/elregionalvm.com.ar\/noticias-villa-maria\/martin-gill-se-decide-el-futuro-del-pais-es-un-proyecto-progresista-o-el-macrismo\/#article\",\"isPartOf\":{\"@id\":\"http:\/\/elregionalvm.com.ar\/noticias-villa-maria\/martin-gill-se-decide-el-futuro-del-pais-es-un-proyecto-progresista-o-el-macrismo\/\"},\"author\":{\"name\":\"Germ\u00e1n Giacchero\",\"@id\":\"http:\/\/elregionalvm.com.ar\/noticias-villa-maria\/#\/schema\/person\/d5e4b04966154131701e52c45d3efec9\"},\"headline\":\"Mart\u00edn Gill: \u201cSe decide el futuro del pa\u00eds: es un proyecto progresista o el macrismo\u201d\",\"datePublished\":\"2021-09-01T17:46:48+00:00\",\"dateModified\":\"2021-09-02T20:35:01+00:00\",\"mainEntityOfPage\":{\"@id\":\"http:\/\/elregionalvm.com.ar\/noticias-villa-maria\/martin-gill-se-decide-el-futuro-del-pais-es-un-proyecto-progresista-o-el-macrismo\/\"},\"wordCount\":619,\"commentCount\":0,\"image\":{\"@id\":\"http:\/\/elregionalvm.com.ar\/noticias-villa-maria\/martin-gill-se-decide-el-futuro-del-pais-es-un-proyecto-progresista-o-el-macrismo\/#primaryimage\"},\"thumbnailUrl\":\"https:\/\/i0.wp.com\/elregionalvm.com.ar\/noticias-villa-maria\/wp-content\/uploads\/2021\/09\/Gill-Rosso-Graglia-2021-1.jpeg?fit=1449%2C873&ssl=1\",\"keywords\":[\"c\u00f3rdoba\",\"elecciones\",\"Legislativas\",\"Macrismo\",\"mart\u00edn gill\",\"Mauricio Macri\",\"Natalio Graglia\",\"Pablo Rosso\",\"PASO\",\"Pol\u00edtica\"],\"articleSection\":[\"Pol\u00edtica\",\"tercera\"],\"inLanguage\":\"es\",\"potentialAction\":[{\"@type\":\"CommentAction\",\"name\":\"Comment\",\"target\":[\"http:\/\/elregionalvm.com.ar\/noticias-villa-maria\/martin-gill-se-decide-el-futuro-del-pais-es-un-proyecto-progresista-o-el-macrismo\/#respond\"]}]},{\"@type\":\"WebPage\",\"@id\":\"http:\/\/elregionalvm.com.ar\/noticias-villa-maria\/martin-gill-se-decide-el-futuro-del-pais-es-un-proyecto-progresista-o-el-macrismo\/\",\"url\":\"http:\/\/elregionalvm.com.ar\/noticias-villa-maria\/martin-gill-se-decide-el-futuro-del-pais-es-un-proyecto-progresista-o-el-macrismo\/\",\"name\":\"Mart\u00edn Gill: \u201cSe decide el futuro del pa\u00eds: es un proyecto progresista o el macrismo\u201d - El Regional\",\"isPartOf\":{\"@id\":\"http:\/\/elregionalvm.com.ar\/noticias-villa-maria\/#website\"},\"primaryImageOfPage\":{\"@id\":\"http:\/\/elregionalvm.com.ar\/noticias-villa-maria\/martin-gill-se-decide-el-futuro-del-pais-es-un-proyecto-progresista-o-el-macrismo\/#primaryimage\"},\"image\":{\"@id\":\"http:\/\/elregionalvm.com.ar\/noticias-villa-maria\/martin-gill-se-decide-el-futuro-del-pais-es-un-proyecto-progresista-o-el-macrismo\/#primaryimage\"},\"thumbnailUrl\":\"https:\/\/i0.wp.com\/elregionalvm.com.ar\/noticias-villa-maria\/wp-content\/uploads\/2021\/09\/Gill-Rosso-Graglia-2021-1.jpeg?fit=1449%2C873&ssl=1\",\"datePublished\":\"2021-09-01T17:46:48+00:00\",\"dateModified\":\"2021-09-02T20:35:01+00:00\",\"author\":{\"@id\":\"http:\/\/elregionalvm.com.ar\/noticias-villa-maria\/#\/schema\/person\/d5e4b04966154131701e52c45d3efec9\"},\"breadcrumb\":{\"@id\":\"http:\/\/elregionalvm.com.ar\/noticias-villa-maria\/martin-gill-se-decide-el-futuro-del-pais-es-un-proyecto-progresista-o-el-macrismo\/#breadcrumb\"},\"inLanguage\":\"es\",\"potentialAction\":[{\"@type\":\"ReadAction\",\"target\":[\"http:\/\/elregionalvm.com.ar\/noticias-villa-maria\/martin-gill-se-decide-el-futuro-del-pais-es-un-proyecto-progresista-o-el-macrismo\/\"]}]},{\"@type\":\"ImageObject\",\"inLanguage\":\"es\",\"@id\":\"http:\/\/elregionalvm.com.ar\/noticias-villa-maria\/martin-gill-se-decide-el-futuro-del-pais-es-un-proyecto-progresista-o-el-macrismo\/#primaryimage\",\"url\":\"https:\/\/i0.wp.com\/elregionalvm.com.ar\/noticias-villa-maria\/wp-content\/uploads\/2021\/09\/Gill-Rosso-Graglia-2021-1.jpeg?fit=1449%2C873&ssl=1\",\"contentUrl\":\"https:\/\/i0.wp.com\/elregionalvm.com.ar\/noticias-villa-maria\/wp-content\/uploads\/2021\/09\/Gill-Rosso-Graglia-2021-1.jpeg?fit=1449%2C873&ssl=1\",\"width\":1449,\"height\":873},{\"@type\":\"BreadcrumbList\",\"@id\":\"http:\/\/elregionalvm.com.ar\/noticias-villa-maria\/martin-gill-se-decide-el-futuro-del-pais-es-un-proyecto-progresista-o-el-macrismo\/#breadcrumb\",\"itemListElement\":[{\"@type\":\"ListItem\",\"position\":1,\"name\":\"Portada\",\"item\":\"https:\/\/elregionalvm.com.ar\/noticias-villa-maria\/\"},{\"@type\":\"ListItem\",\"position\":2,\"name\":\"Mart\u00edn Gill: \u201cSe decide el futuro del pa\u00eds: es un proyecto progresista o el macrismo\u201d\"}]},{\"@type\":\"WebSite\",\"@id\":\"http:\/\/elregionalvm.com.ar\/noticias-villa-maria\/#website\",\"url\":\"http:\/\/elregionalvm.com.ar\/noticias-villa-maria\/\",\"name\":\"El Regional\",\"description\":\"Mucho m\u00e1s que informaci\u00f3n\",\"potentialAction\":[{\"@type\":\"SearchAction\",\"target\":{\"@type\":\"EntryPoint\",\"urlTemplate\":\"http:\/\/elregionalvm.com.ar\/noticias-villa-maria\/?s={search_term_string}\"},\"query-input\":{\"@type\":\"PropertyValueSpecification\",\"valueRequired\":true,\"valueName\":\"search_term_string\"}}],\"inLanguage\":\"es\"},{\"@type\":\"Person\",\"@id\":\"http:\/\/elregionalvm.com.ar\/noticias-villa-maria\/#\/schema\/person\/d5e4b04966154131701e52c45d3efec9\",\"name\":\"Germ\u00e1n Giacchero\",\"image\":{\"@type\":\"ImageObject\",\"inLanguage\":\"es\",\"@id\":\"http:\/\/elregionalvm.com.ar\/noticias-villa-maria\/#\/schema\/person\/image\/\",\"url\":\"https:\/\/secure.gravatar.com\/avatar\/fda163ba5ef0307ee5be9846e10f83b6e83d0cfb260d3b2464830318894c6b04?s=96&d=mm&r=g\",\"contentUrl\":\"https:\/\/secure.gravatar.com\/avatar\/fda163ba5ef0307ee5be9846e10f83b6e83d0cfb260d3b2464830318894c6b04?s=96&d=mm&r=g\",\"caption\":\"Germ\u00e1n Giacchero\"},\"url\":\"https:\/\/elregionalvm.com.ar\/noticias-villa-maria\/author\/germangiacchero\/\"}]}<\/script>\n<!-- \/ Yoast SEO plugin. -->","yoast_head_json":{"title":"Mart\u00edn Gill: \u201cSe decide el futuro del pa\u00eds: es un proyecto progresista o el macrismo\u201d - El Regional","robots":{"index":"index","follow":"follow","max-snippet":"max-snippet:-1","max-image-preview":"max-image-preview:large","max-video-preview":"max-video-preview:-1"},"canonical":"http:\/\/elregionalvm.com.ar\/noticias-villa-maria\/martin-gill-se-decide-el-futuro-del-pais-es-un-proyecto-progresista-o-el-macrismo\/","og_locale":"es_ES","og_type":"article","og_title":"Mart\u00edn Gill: \u201cSe decide el futuro del pa\u00eds: es un proyecto progresista o el macrismo\u201d - El Regional","og_description":"Con cr\u00edticas a la gesti\u00f3n de Mauricio Macri y una enumeraci\u00f3n de obras y proyectos desarrollados por el gobierno de Alberto Fern\u00e1ndez en Villa Mar\u00eda y la provincia de C\u00f3rdoba, Mart\u00edn Gill mantuvo un encuentro con periodistas en el \u00faltimo piso del hotel Le Parc. Acompa\u00f1ado por el intendente interino Pablo Rosso y su par [&hellip;]","og_url":"http:\/\/elregionalvm.com.ar\/noticias-villa-maria\/martin-gill-se-decide-el-futuro-del-pais-es-un-proyecto-progresista-o-el-macrismo\/","og_site_name":"El Regional","article_publisher":"https:\/\/www.facebook.com\/elregionalvm","article_published_time":"2021-09-01T17:46:48+00:00","article_modified_time":"2021-09-02T20:35:01+00:00","og_image":[{"width":1449,"height":873,"url":"http:\/\/elregionalvm.com.ar\/noticias-villa-maria\/wp-content\/uploads\/2021\/09\/Gill-Rosso-Graglia-2021-1.jpeg","type":"image\/jpeg"}],"author":"Germ\u00e1n Giacchero","twitter_card":"summary_large_image","twitter_creator":"@elregionalvm1","twitter_site":"@elregionalvm1","twitter_misc":{"Escrito por":"Germ\u00e1n Giacchero","Tiempo de lectura":"3 minutos"},"schema":{"@context":"https:\/\/schema.org","@graph":[{"@type":"Article","@id":"http:\/\/elregionalvm.com.ar\/noticias-villa-maria\/martin-gill-se-decide-el-futuro-del-pais-es-un-proyecto-progresista-o-el-macrismo\/#article","isPartOf":{"@id":"http:\/\/elregionalvm.com.ar\/noticias-villa-maria\/martin-gill-se-decide-el-futuro-del-pais-es-un-proyecto-progresista-o-el-macrismo\/"},"author":{"name":"Germ\u00e1n Giacchero","@id":"http:\/\/elregionalvm.com.ar\/noticias-villa-maria\/#\/schema\/person\/d5e4b04966154131701e52c45d3efec9"},"headline":"Mart\u00edn Gill: \u201cSe decide el futuro del pa\u00eds: es un proyecto progresista o el macrismo\u201d","datePublished":"2021-09-01T17:46:48+00:00","dateModified":"2021-09-02T20:35:01+00:00","mainEntityOfPage":{"@id":"http:\/\/elregionalvm.com.ar\/noticias-villa-maria\/martin-gill-se-decide-el-futuro-del-pais-es-un-proyecto-progresista-o-el-macrismo\/"},"wordCount":619,"commentCount":0,"image":{"@id":"http:\/\/elregionalvm.com.ar\/noticias-villa-maria\/martin-gill-se-decide-el-futuro-del-pais-es-un-proyecto-progresista-o-el-macrismo\/#primaryimage"},"thumbnailUrl":"https:\/\/i0.wp.com\/elregionalvm.com.ar\/noticias-villa-maria\/wp-content\/uploads\/2021\/09\/Gill-Rosso-Graglia-2021-1.jpeg?fit=1449%2C873&ssl=1","keywords":["c\u00f3rdoba","elecciones","Legislativas","Macrismo","mart\u00edn gill","Mauricio Macri","Natalio Graglia","Pablo Rosso","PASO","Pol\u00edtica"],"articleSection":["Pol\u00edtica","tercera"],"inLanguage":"es","potentialAction":[{"@type":"CommentAction","name":"Comment","target":["http:\/\/elregionalvm.com.ar\/noticias-villa-maria\/martin-gill-se-decide-el-futuro-del-pais-es-un-proyecto-progresista-o-el-macrismo\/#respond"]}]},{"@type":"WebPage","@id":"http:\/\/elregionalvm.com.ar\/noticias-villa-maria\/martin-gill-se-decide-el-futuro-del-pais-es-un-proyecto-progresista-o-el-macrismo\/","url":"http:\/\/elregionalvm.com.ar\/noticias-villa-maria\/martin-gill-se-decide-el-futuro-del-pais-es-un-proyecto-progresista-o-el-macrismo\/","name":"Mart\u00edn Gill: \u201cSe decide el futuro del pa\u00eds: es un proyecto progresista o el macrismo\u201d - El Regional","isPartOf":{"@id":"http:\/\/elregionalvm.com.ar\/noticias-villa-maria\/#website"},"primaryImageOfPage":{"@id":"http:\/\/elregionalvm.com.ar\/noticias-villa-maria\/martin-gill-se-decide-el-futuro-del-pais-es-un-proyecto-progresista-o-el-macrismo\/#primaryimage"},"image":{"@id":"http:\/\/elregionalvm.com.ar\/noticias-villa-maria\/martin-gill-se-decide-el-futuro-del-pais-es-un-proyecto-progresista-o-el-macrismo\/#primaryimage"},"thumbnailUrl":"https:\/\/i0.wp.com\/elregionalvm.com.ar\/noticias-villa-maria\/wp-content\/uploads\/2021\/09\/Gill-Rosso-Graglia-2021-1.jpeg?fit=1449%2C873&ssl=1","datePublished":"2021-09-01T17:46:48+00:00","dateModified":"2021-09-02T20:35:01+00:00","author":{"@id":"http:\/\/elregionalvm.com.ar\/noticias-villa-maria\/#\/schema\/person\/d5e4b04966154131701e52c45d3efec9"},"breadcrumb":{"@id":"http:\/\/elregionalvm.com.ar\/noticias-villa-maria\/martin-gill-se-decide-el-futuro-del-pais-es-un-proyecto-progresista-o-el-macrismo\/#breadcrumb"},"inLanguage":"es","potentialAction":[{"@type":"ReadAction","target":["http:\/\/elregionalvm.com.ar\/noticias-villa-maria\/martin-gill-se-decide-el-futuro-del-pais-es-un-proyecto-progresista-o-el-macrismo\/"]}]},{"@type":"ImageObject","inLanguage":"es","@id":"http:\/\/elregionalvm.com.ar\/noticias-villa-maria\/martin-gill-se-decide-el-futuro-del-pais-es-un-proyecto-progresista-o-el-macrismo\/#primaryimage","url":"https:\/\/i0.wp.com\/elregionalvm.com.ar\/noticias-villa-maria\/wp-content\/uploads\/2021\/09\/Gill-Rosso-Graglia-2021-1.jpeg?fit=1449%2C873&ssl=1","contentUrl":"https:\/\/i0.wp.com\/elregionalvm.com.ar\/noticias-villa-maria\/wp-content\/uploads\/2021\/09\/Gill-Rosso-Graglia-2021-1.jpeg?fit=1449%2C873&ssl=1","width":1449,"height":873},{"@type":"BreadcrumbList","@id":"http:\/\/elregionalvm.com.ar\/noticias-villa-maria\/martin-gill-se-decide-el-futuro-del-pais-es-un-proyecto-progresista-o-el-macrismo\/#breadcrumb","itemListElement":[{"@type":"ListItem","position":1,"name":"Portada","item":"https:\/\/elregionalvm.com.ar\/noticias-villa-maria\/"},{"@type":"ListItem","position":2,"name":"Mart\u00edn Gill: \u201cSe decide el futuro del pa\u00eds: es un proyecto progresista o el macrismo\u201d"}]},{"@type":"WebSite","@id":"http:\/\/elregionalvm.com.ar\/noticias-villa-maria\/#website","url":"http:\/\/elregionalvm.com.ar\/noticias-villa-maria\/","name":"El Regional","description":"Mucho m\u00e1s que informaci\u00f3n","potentialAction":[{"@type":"SearchAction","target":{"@type":"EntryPoint","urlTemplate":"http:\/\/elregionalvm.com.ar\/noticias-villa-maria\/?s={search_term_string}"},"query-input":{"@type":"PropertyValueSpecification","valueRequired":true,"valueName":"search_term_string"}}],"inLanguage":"es"},{"@type":"Person","@id":"http:\/\/elregionalvm.com.ar\/noticias-villa-maria\/#\/schema\/person\/d5e4b04966154131701e52c45d3efec9","name":"Germ\u00e1n Giacchero","image":{"@type":"ImageObject","inLanguage":"es","@id":"http:\/\/elregionalvm.com.ar\/noticias-villa-maria\/#\/schema\/person\/image\/","url":"https:\/\/secure.gravatar.com\/avatar\/fda163ba5ef0307ee5be9846e10f83b6e83d0cfb260d3b2464830318894c6b04?s=96&d=mm&r=g","contentUrl":"https:\/\/secure.gravatar.com\/avatar\/fda163ba5ef0307ee5be9846e10f83b6e83d0cfb260d3b2464830318894c6b04?s=96&d=mm&r=g","caption":"Germ\u00e1n Giacchero"},"url":"https:\/\/elregionalvm.com.ar\/noticias-villa-maria\/author\/germangiacchero\/"}]}},"jetpack_featured_media_url":"https:\/\/i0.wp.com\/elregionalvm.com.ar\/noticias-villa-maria\/wp-content\/uploads\/2021\/09\/Gill-Rosso-Graglia-2021-1.jpeg?fit=1449%2C873&ssl=1","jetpack_sharing_enabled":true,"_links":{"self":[{"href":"https:\/\/elregionalvm.com.ar\/noticias-villa-maria\/wp-json\/wp\/v2\/posts\/43869","targetHints":{"allow":["GET"]}}],"collection":[{"href":"https:\/\/elregionalvm.com.ar\/noticias-villa-maria\/wp-json\/wp\/v2\/posts"}],"about":[{"href":"https:\/\/elregionalvm.com.ar\/noticias-villa-maria\/wp-json\/wp\/v2\/types\/post"}],"author":[{"embeddable":true,"href":"https:\/\/elregionalvm.com.ar\/noticias-villa-maria\/wp-json\/wp\/v2\/users\/6"}],"replies":[{"embeddable":true,"href":"https:\/\/elregionalvm.com.ar\/noticias-villa-maria\/wp-json\/wp\/v2\/comments?post=43869"}],"version-history":[{"count":1,"href":"https:\/\/elregionalvm.com.ar\/noticias-villa-maria\/wp-json\/wp\/v2\/posts\/43869\/revisions"}],"predecessor-version":[{"id":43873,"href":"https:\/\/elregionalvm.com.ar\/noticias-villa-maria\/wp-json\/wp\/v2\/posts\/43869\/revisions\/43873"}],"wp:featuredmedia":[{"embeddable":true,"href":"https:\/\/elregionalvm.com.ar\/noticias-villa-maria\/wp-json\/wp\/v2\/media\/43872"}],"wp:attachment":[{"href":"https:\/\/elregionalvm.com.ar\/noticias-villa-maria\/wp-json\/wp\/v2\/media?parent=43869"}],"wp:term":[{"taxonomy":"category","embeddable":true,"href":"https:\/\/elregionalvm.com.ar\/noticias-villa-maria\/wp-json\/wp\/v2\/categories?post=43869"},{"taxonomy":"post_tag","embeddable":true,"href":"https:\/\/elregionalvm.com.ar\/noticias-villa-maria\/wp-json\/wp\/v2\/tags?post=43869"}],"curies":[{"name":"wp","href":"https:\/\/api.w.org\/{rel}","templated":true}]}}