{"id":43877,"date":"2021-09-01T18:07:02","date_gmt":"2021-09-01T18:07:02","guid":{"rendered":"https:\/\/elregionalvm.com.ar\/noticias-villa-maria\/?p=43877"},"modified":"2021-09-01T18:10:26","modified_gmt":"2021-09-01T18:10:26","slug":"los-derechos-de-los-pueblos-indigenas-seran-el-eje-de-una-capacitacion","status":"publish","type":"post","link":"https:\/\/elregionalvm.com.ar\/noticias-villa-maria\/los-derechos-de-los-pueblos-indigenas-seran-el-eje-de-una-capacitacion\/","title":{"rendered":"\u201cLos derechos de los pueblos ind\u00edgenas\u201d ser\u00e1n el eje de una capacitaci\u00f3n"},"content":{"rendered":"\n<p><\/p>\n\n\n\n<p><strong>Ser\u00e1 dictado por La Facultad de Ciencias Sociales y la Organizaci\u00f3n Territorial de Pueblos Originarios con el objetivo de abordar el campo de los derechos ind\u00edgenas desde diferentes enfoques y experiencias.<\/strong><\/p>\n\n\n\n<p><\/p>\n\n\n\n<p><strong>Escribe: Carolina Durand<\/strong><strong><\/strong><\/p>\n\n\n\n<p>El prop\u00f3sito principal de este curso es abrir un espacio de formaci\u00f3n a la comunidad en general y comunidad universitaria en particular, que permita abordar el campo de los derechos ind\u00edgenas desde diferentes enfoques y experiencias que muestren el estado actual de las legislaciones y pr\u00e1cticas estatales, comunitarias y\/u organizativas vinculadas a esos derechos.<strong><\/strong><\/p>\n\n\n\n<p><strong>Abogados<\/strong> <strong>ind\u00edgenas especialistas en derecho dictar\u00e1n el curso<\/strong><\/p>\n\n\n\n<p>El flamante director de Asuntos Ind\u00edgenas y Comunidades de Villa Nueva, H\u00e9ctor Tuli\u00e1n, explic\u00f3 al respecto: \u201cEsta idea surgi\u00f3 hace muchos a\u00f1os con Gladys Canelo, hermana de otra comunidad radicada en C\u00f3rdoba.La propuesta consisti\u00f3 en llevar a la Universidad de C\u00f3rdoba, un curso en relaci\u00f3n al derecho ind\u00edgena\u201d.<\/p>\n\n\n\n<p>Adem\u00e1s, asever\u00f3: \u201cFue un debate intenso, ya que, desde la instituci\u00f3n educativa quer\u00edan que, quienes dicten las charlas fuesen profesores blancos, y los pueblos originarios quer\u00edamos abogados ind\u00edgenas especialistas en derecho\u201d.<\/p>\n\n\n\n<p>Tuli\u00e1n dijo que, se logr\u00f3 llegar a un acuerdo.<\/p>\n\n\n\n<p>Cualquier interesado en la tem\u00e1tica, podr\u00e1 ser parte del taller, sea estudiante de derecho o no, Adem\u00e1s, quienes obtengan un 80% de prespecialidad en las clases virtuales, obtendr\u00e1n un certificado expedido por la Universidad.<\/p>\n\n\n\n<p>\u201cEstamos trabajando en un proyecto de ley a nivel nacional para que, derecho ind\u00edgena sea obligatorio en universidades y escuelas, tanto en materias de derecho como &nbsp;en ciencias &nbsp;pol\u00edticas\u201d, adelanto Tuli\u00e1n.<\/p>\n\n\n\n<p>\u201cEs un sue\u00f1o y estamos muy orgullosos que, nuestra comunidad Ctalamuchita y una comunidad hermana de C\u00f3rdoba, puedan aunar esfuerzo y trabajo para poner en agendas educativas el derecho ind\u00edgena\u201d.<\/p>\n\n\n\n<p><\/p>\n\n\n\n<figure class=\"wp-block-image size-large\"><img data-recalc-dims=\"1\" fetchpriority=\"high\" decoding=\"async\" width=\"1024\" height=\"1024\" src=\"https:\/\/i0.wp.com\/elregionalvm.com.ar\/noticias-villa-maria\/wp-content\/uploads\/2021\/09\/flayer-2.jpg?resize=1024%2C1024&#038;ssl=1\" alt=\"\" class=\"wp-image-43878\" srcset=\"https:\/\/i0.wp.com\/elregionalvm.com.ar\/noticias-villa-maria\/wp-content\/uploads\/2021\/09\/flayer-2.jpg?resize=1024%2C1024&amp;ssl=1 1024w, https:\/\/i0.wp.com\/elregionalvm.com.ar\/noticias-villa-maria\/wp-content\/uploads\/2021\/09\/flayer-2.jpg?resize=300%2C300&amp;ssl=1 300w, https:\/\/i0.wp.com\/elregionalvm.com.ar\/noticias-villa-maria\/wp-content\/uploads\/2021\/09\/flayer-2.jpg?resize=768%2C768&amp;ssl=1 768w, https:\/\/i0.wp.com\/elregionalvm.com.ar\/noticias-villa-maria\/wp-content\/uploads\/2021\/09\/flayer-2.jpg?w=1201&amp;ssl=1 1201w\" sizes=\"(max-width: 1000px) 100vw, 1000px\" \/><\/figure>\n\n\n\n<p><\/p>\n\n\n\n<p><strong>Clases virtuales con certificaci\u00f3n<\/strong><\/p>\n\n\n\n<p>La metodolog\u00eda de trabajo se dar\u00e1 a partir de la modalidad de curso-taller virtual brindado por conferencistas profesionales pertenecientes a Pueblos Originarios y acompa\u00f1ado por miembros de la organizaci\u00f3n&nbsp;OTEPOC (Organizaci\u00f3n Territorial de Pueblos Originarios de C\u00f3rdoba) y otras organizaciones ind\u00edgenas.<\/p>\n\n\n\n<p>Una vez desarrollados los contenidos se podr\u00e1 incentivar el di\u00e1logo intercultural entre disertantes y asistentes, en vistas de promover el acercamiento a una comprensi\u00f3n situada sobre los derechos de los pueblos ind\u00edgenas en el actual contexto argentino.<\/p>\n\n\n\n<p>El equipo colaborador del dictado de clases est\u00e1 conformado por Pablo Reyna (Comunidad Timoteo Reyna del Pueblo Camiare (Comeching\u00f3n); N\u00e9stor Hircapan (Organizaci\u00f3n del Pueblo G\u00fcn\u00fcn a Kuna); Esteban Alancay (Pueblo Diaguita- Salta); Prof. Gabriel Andr\u00e9s Jofre (Pueblo Mapuche, Organizaci\u00f3n Identidad Malalweche); Sof\u00eda Soria (FCS, UNC); Sabrina Villegas Guzm\u00e1n (FCS, UNC).<\/p>\n\n\n\n<p>Fecha y horario de dictado:&nbsp;Viernes 10\/09,&nbsp;viernes 24\/09, jueves 7\/10, viernes 22\/10&nbsp; y viernes 5\/11. En el horario de 18 a 20.30 por Meet.<\/p>\n","protected":false},"excerpt":{"rendered":"<p>Ser\u00e1 dictado por La Facultad de Ciencias Sociales y la Organizaci\u00f3n Territorial de Pueblos Originarios con el objetivo de abordar el campo de los derechos ind\u00edgenas desde diferentes enfoques y experiencias. Escribe: Carolina Durand El prop\u00f3sito principal de este curso es abrir un espacio de formaci\u00f3n a la comunidad en general y comunidad universitaria en [&hellip;]<\/p>\n","protected":false},"author":4,"featured_media":43881,"comment_status":"open","ping_status":"open","sticky":false,"template":"","format":"standard","meta":{"site-sidebar-layout":"default","site-content-layout":"default","ast-site-content-layout":"default","site-content-style":"default","site-sidebar-style":"default","ast-global-header-display":"","ast-banner-title-visibility":"","ast-main-header-display":"","ast-hfb-above-header-display":"","ast-hfb-below-header-display":"","ast-hfb-mobile-header-display":"","site-post-title":"","ast-breadcrumbs-content":"","ast-featured-img":"","footer-sml-layout":"","ast-disable-related-posts":"","theme-transparent-header-meta":"default","adv-header-id-meta":"","stick-header-meta":"","header-above-stick-meta":"","header-main-stick-meta":"","header-below-stick-meta":"","astra-migrate-meta-layouts":"default","ast-page-background-enabled":"default","ast-page-background-meta":{"desktop":{"background-color":"","background-image":"","background-repeat":"repeat","background-position":"center center","background-size":"auto","background-attachment":"scroll","background-type":"","background-media":"","overlay-type":"","overlay-color":"","overlay-opacity":"","overlay-gradient":""},"tablet":{"background-color":"","background-image":"","background-repeat":"repeat","background-position":"center center","background-size":"auto","background-attachment":"scroll","background-type":"","background-media":"","overlay-type":"","overlay-color":"","overlay-opacity":"","overlay-gradient":""},"mobile":{"background-color":"","background-image":"","background-repeat":"repeat","background-position":"center center","background-size":"auto","background-attachment":"scroll","background-type":"","background-media":"","overlay-type":"","overlay-color":"","overlay-opacity":"","overlay-gradient":""}},"ast-content-background-meta":{"desktop":{"background-color":"var(--ast-global-color-5)","background-image":"","background-repeat":"repeat","background-position":"center center","background-size":"auto","background-attachment":"scroll","background-type":"","background-media":"","overlay-type":"","overlay-color":"","overlay-opacity":"","overlay-gradient":""},"tablet":{"background-color":"var(--ast-global-color-5)","background-image":"","background-repeat":"repeat","background-position":"center center","background-size":"auto","background-attachment":"scroll","background-type":"","background-media":"","overlay-type":"","overlay-color":"","overlay-opacity":"","overlay-gradient":""},"mobile":{"background-color":"var(--ast-global-color-5)","background-image":"","background-repeat":"repeat","background-position":"center center","background-size":"auto","background-attachment":"scroll","background-type":"","background-media":"","overlay-type":"","overlay-color":"","overlay-opacity":"","overlay-gradient":""}},"_jetpack_memberships_contains_paid_content":false,"_joinchat":[],"footnotes":""},"categories":[1408],"tags":[7883,10932,1232,10526,232],"class_list":["post-43877","post","type-post","status-publish","format-standard","has-post-thumbnail","hentry","category-villa-nueva","tag-cursos","tag-derechos-indigenas","tag-destacado","tag-hector-tulian","tag-villa-nueva"],"yoast_head":"<!-- This site is optimized with the Yoast SEO plugin v26.8 - https:\/\/yoast.com\/product\/yoast-seo-wordpress\/ -->\n<title>\u201cLos derechos de los pueblos ind\u00edgenas\u201d ser\u00e1n el eje de una capacitaci\u00f3n - El Regional<\/title>\n<meta name=\"description\" content=\"Ser\u00e1 dictado por La Facultad de Ciencias Sociales y la Organizaci\u00f3n Territorial de Pueblos Originarios con el objetivo de abordar este campo.\" \/>\n<meta name=\"robots\" content=\"index, follow, max-snippet:-1, max-image-preview:large, max-video-preview:-1\" \/>\n<link rel=\"canonical\" href=\"http:\/\/elregionalvm.com.ar\/noticias-villa-maria\/los-derechos-de-los-pueblos-indigenas-seran-el-eje-de-una-capacitacion\/\" \/>\n<meta property=\"og:locale\" content=\"es_ES\" \/>\n<meta property=\"og:type\" content=\"article\" \/>\n<meta property=\"og:title\" content=\"\u201cLos derechos de los pueblos ind\u00edgenas\u201d ser\u00e1n el eje de una capacitaci\u00f3n - El Regional\" \/>\n<meta property=\"og:description\" content=\"Ser\u00e1 dictado por La Facultad de Ciencias Sociales y la Organizaci\u00f3n Territorial de Pueblos Originarios con el objetivo de abordar este campo.\" \/>\n<meta property=\"og:url\" content=\"http:\/\/elregionalvm.com.ar\/noticias-villa-maria\/los-derechos-de-los-pueblos-indigenas-seran-el-eje-de-una-capacitacion\/\" \/>\n<meta property=\"og:site_name\" content=\"El Regional\" \/>\n<meta property=\"article:publisher\" content=\"https:\/\/www.facebook.com\/elregionalvm\" \/>\n<meta property=\"article:published_time\" content=\"2021-09-01T18:07:02+00:00\" \/>\n<meta property=\"article:modified_time\" content=\"2021-09-01T18:10:26+00:00\" \/>\n<meta property=\"og:image\" content=\"http:\/\/elregionalvm.com.ar\/noticias-villa-maria\/wp-content\/uploads\/2021\/09\/hector-tulian-1.jpg\" \/>\n\t<meta property=\"og:image:width\" content=\"719\" \/>\n\t<meta property=\"og:image:height\" content=\"537\" \/>\n\t<meta property=\"og:image:type\" content=\"image\/jpeg\" \/>\n<meta name=\"author\" content=\"Contenidos El Regional\" \/>\n<meta name=\"twitter:card\" content=\"summary_large_image\" \/>\n<meta name=\"twitter:creator\" content=\"@elregionalvm1\" \/>\n<meta name=\"twitter:site\" content=\"@elregionalvm1\" \/>\n<meta name=\"twitter:label1\" content=\"Escrito por\" \/>\n\t<meta name=\"twitter:data1\" content=\"Contenidos El Regional\" \/>\n\t<meta name=\"twitter:label2\" content=\"Tiempo de lectura\" \/>\n\t<meta name=\"twitter:data2\" content=\"3 minutos\" \/>\n<script type=\"application\/ld+json\" class=\"yoast-schema-graph\">{\"@context\":\"https:\/\/schema.org\",\"@graph\":[{\"@type\":\"Article\",\"@id\":\"http:\/\/elregionalvm.com.ar\/noticias-villa-maria\/los-derechos-de-los-pueblos-indigenas-seran-el-eje-de-una-capacitacion\/#article\",\"isPartOf\":{\"@id\":\"http:\/\/elregionalvm.com.ar\/noticias-villa-maria\/los-derechos-de-los-pueblos-indigenas-seran-el-eje-de-una-capacitacion\/\"},\"author\":{\"name\":\"Contenidos El Regional\",\"@id\":\"http:\/\/elregionalvm.com.ar\/noticias-villa-maria\/#\/schema\/person\/a0fb9c422317faca23d50163151bc354\"},\"headline\":\"\u201cLos derechos de los pueblos ind\u00edgenas\u201d ser\u00e1n el eje de una capacitaci\u00f3n\",\"datePublished\":\"2021-09-01T18:07:02+00:00\",\"dateModified\":\"2021-09-01T18:10:26+00:00\",\"mainEntityOfPage\":{\"@id\":\"http:\/\/elregionalvm.com.ar\/noticias-villa-maria\/los-derechos-de-los-pueblos-indigenas-seran-el-eje-de-una-capacitacion\/\"},\"wordCount\":501,\"commentCount\":0,\"image\":{\"@id\":\"http:\/\/elregionalvm.com.ar\/noticias-villa-maria\/los-derechos-de-los-pueblos-indigenas-seran-el-eje-de-una-capacitacion\/#primaryimage\"},\"thumbnailUrl\":\"https:\/\/i0.wp.com\/elregionalvm.com.ar\/noticias-villa-maria\/wp-content\/uploads\/2021\/09\/hector-tulian-1.jpg?fit=719%2C537&ssl=1\",\"keywords\":[\"cursos\",\"Derechos ind\u00edgenas\",\"destacado\",\"H\u00e9ctor Tuli\u00e1n\",\"VILLA NUEVA\"],\"articleSection\":[\"Villa Nueva\"],\"inLanguage\":\"es\",\"potentialAction\":[{\"@type\":\"CommentAction\",\"name\":\"Comment\",\"target\":[\"http:\/\/elregionalvm.com.ar\/noticias-villa-maria\/los-derechos-de-los-pueblos-indigenas-seran-el-eje-de-una-capacitacion\/#respond\"]}]},{\"@type\":\"WebPage\",\"@id\":\"http:\/\/elregionalvm.com.ar\/noticias-villa-maria\/los-derechos-de-los-pueblos-indigenas-seran-el-eje-de-una-capacitacion\/\",\"url\":\"http:\/\/elregionalvm.com.ar\/noticias-villa-maria\/los-derechos-de-los-pueblos-indigenas-seran-el-eje-de-una-capacitacion\/\",\"name\":\"\u201cLos derechos de los pueblos ind\u00edgenas\u201d ser\u00e1n el eje de una capacitaci\u00f3n - El Regional\",\"isPartOf\":{\"@id\":\"http:\/\/elregionalvm.com.ar\/noticias-villa-maria\/#website\"},\"primaryImageOfPage\":{\"@id\":\"http:\/\/elregionalvm.com.ar\/noticias-villa-maria\/los-derechos-de-los-pueblos-indigenas-seran-el-eje-de-una-capacitacion\/#primaryimage\"},\"image\":{\"@id\":\"http:\/\/elregionalvm.com.ar\/noticias-villa-maria\/los-derechos-de-los-pueblos-indigenas-seran-el-eje-de-una-capacitacion\/#primaryimage\"},\"thumbnailUrl\":\"https:\/\/i0.wp.com\/elregionalvm.com.ar\/noticias-villa-maria\/wp-content\/uploads\/2021\/09\/hector-tulian-1.jpg?fit=719%2C537&ssl=1\",\"datePublished\":\"2021-09-01T18:07:02+00:00\",\"dateModified\":\"2021-09-01T18:10:26+00:00\",\"author\":{\"@id\":\"http:\/\/elregionalvm.com.ar\/noticias-villa-maria\/#\/schema\/person\/a0fb9c422317faca23d50163151bc354\"},\"description\":\"Ser\u00e1 dictado por La Facultad de Ciencias Sociales y la Organizaci\u00f3n Territorial de Pueblos Originarios con el objetivo de abordar este campo.\",\"breadcrumb\":{\"@id\":\"http:\/\/elregionalvm.com.ar\/noticias-villa-maria\/los-derechos-de-los-pueblos-indigenas-seran-el-eje-de-una-capacitacion\/#breadcrumb\"},\"inLanguage\":\"es\",\"potentialAction\":[{\"@type\":\"ReadAction\",\"target\":[\"http:\/\/elregionalvm.com.ar\/noticias-villa-maria\/los-derechos-de-los-pueblos-indigenas-seran-el-eje-de-una-capacitacion\/\"]}]},{\"@type\":\"ImageObject\",\"inLanguage\":\"es\",\"@id\":\"http:\/\/elregionalvm.com.ar\/noticias-villa-maria\/los-derechos-de-los-pueblos-indigenas-seran-el-eje-de-una-capacitacion\/#primaryimage\",\"url\":\"https:\/\/i0.wp.com\/elregionalvm.com.ar\/noticias-villa-maria\/wp-content\/uploads\/2021\/09\/hector-tulian-1.jpg?fit=719%2C537&ssl=1\",\"contentUrl\":\"https:\/\/i0.wp.com\/elregionalvm.com.ar\/noticias-villa-maria\/wp-content\/uploads\/2021\/09\/hector-tulian-1.jpg?fit=719%2C537&ssl=1\",\"width\":719,\"height\":537},{\"@type\":\"BreadcrumbList\",\"@id\":\"http:\/\/elregionalvm.com.ar\/noticias-villa-maria\/los-derechos-de-los-pueblos-indigenas-seran-el-eje-de-una-capacitacion\/#breadcrumb\",\"itemListElement\":[{\"@type\":\"ListItem\",\"position\":1,\"name\":\"Portada\",\"item\":\"https:\/\/elregionalvm.com.ar\/noticias-villa-maria\/\"},{\"@type\":\"ListItem\",\"position\":2,\"name\":\"\u201cLos derechos de los pueblos ind\u00edgenas\u201d ser\u00e1n el eje de una capacitaci\u00f3n\"}]},{\"@type\":\"WebSite\",\"@id\":\"http:\/\/elregionalvm.com.ar\/noticias-villa-maria\/#website\",\"url\":\"http:\/\/elregionalvm.com.ar\/noticias-villa-maria\/\",\"name\":\"El Regional\",\"description\":\"Mucho m\u00e1s que informaci\u00f3n\",\"potentialAction\":[{\"@type\":\"SearchAction\",\"target\":{\"@type\":\"EntryPoint\",\"urlTemplate\":\"http:\/\/elregionalvm.com.ar\/noticias-villa-maria\/?s={search_term_string}\"},\"query-input\":{\"@type\":\"PropertyValueSpecification\",\"valueRequired\":true,\"valueName\":\"search_term_string\"}}],\"inLanguage\":\"es\"},{\"@type\":\"Person\",\"@id\":\"http:\/\/elregionalvm.com.ar\/noticias-villa-maria\/#\/schema\/person\/a0fb9c422317faca23d50163151bc354\",\"name\":\"Contenidos El Regional\",\"image\":{\"@type\":\"ImageObject\",\"inLanguage\":\"es\",\"@id\":\"http:\/\/elregionalvm.com.ar\/noticias-villa-maria\/#\/schema\/person\/image\/\",\"url\":\"https:\/\/secure.gravatar.com\/avatar\/265b27cb2209af7bb3a1318f03305787d7981a5cc6e6cd08fe5a4ecdf99d4b48?s=96&d=mm&r=g\",\"contentUrl\":\"https:\/\/secure.gravatar.com\/avatar\/265b27cb2209af7bb3a1318f03305787d7981a5cc6e6cd08fe5a4ecdf99d4b48?s=96&d=mm&r=g\",\"caption\":\"Contenidos El Regional\"},\"url\":\"https:\/\/elregionalvm.com.ar\/noticias-villa-maria\/author\/contenido\/\"}]}<\/script>\n<!-- \/ Yoast SEO plugin. -->","yoast_head_json":{"title":"\u201cLos derechos de los pueblos ind\u00edgenas\u201d ser\u00e1n el eje de una capacitaci\u00f3n - El Regional","description":"Ser\u00e1 dictado por La Facultad de Ciencias Sociales y la Organizaci\u00f3n Territorial de Pueblos Originarios con el objetivo de abordar este campo.","robots":{"index":"index","follow":"follow","max-snippet":"max-snippet:-1","max-image-preview":"max-image-preview:large","max-video-preview":"max-video-preview:-1"},"canonical":"http:\/\/elregionalvm.com.ar\/noticias-villa-maria\/los-derechos-de-los-pueblos-indigenas-seran-el-eje-de-una-capacitacion\/","og_locale":"es_ES","og_type":"article","og_title":"\u201cLos derechos de los pueblos ind\u00edgenas\u201d ser\u00e1n el eje de una capacitaci\u00f3n - El Regional","og_description":"Ser\u00e1 dictado por La Facultad de Ciencias Sociales y la Organizaci\u00f3n Territorial de Pueblos Originarios con el objetivo de abordar este campo.","og_url":"http:\/\/elregionalvm.com.ar\/noticias-villa-maria\/los-derechos-de-los-pueblos-indigenas-seran-el-eje-de-una-capacitacion\/","og_site_name":"El Regional","article_publisher":"https:\/\/www.facebook.com\/elregionalvm","article_published_time":"2021-09-01T18:07:02+00:00","article_modified_time":"2021-09-01T18:10:26+00:00","og_image":[{"width":719,"height":537,"url":"http:\/\/elregionalvm.com.ar\/noticias-villa-maria\/wp-content\/uploads\/2021\/09\/hector-tulian-1.jpg","type":"image\/jpeg"}],"author":"Contenidos El Regional","twitter_card":"summary_large_image","twitter_creator":"@elregionalvm1","twitter_site":"@elregionalvm1","twitter_misc":{"Escrito por":"Contenidos El Regional","Tiempo de lectura":"3 minutos"},"schema":{"@context":"https:\/\/schema.org","@graph":[{"@type":"Article","@id":"http:\/\/elregionalvm.com.ar\/noticias-villa-maria\/los-derechos-de-los-pueblos-indigenas-seran-el-eje-de-una-capacitacion\/#article","isPartOf":{"@id":"http:\/\/elregionalvm.com.ar\/noticias-villa-maria\/los-derechos-de-los-pueblos-indigenas-seran-el-eje-de-una-capacitacion\/"},"author":{"name":"Contenidos El Regional","@id":"http:\/\/elregionalvm.com.ar\/noticias-villa-maria\/#\/schema\/person\/a0fb9c422317faca23d50163151bc354"},"headline":"\u201cLos derechos de los pueblos ind\u00edgenas\u201d ser\u00e1n el eje de una capacitaci\u00f3n","datePublished":"2021-09-01T18:07:02+00:00","dateModified":"2021-09-01T18:10:26+00:00","mainEntityOfPage":{"@id":"http:\/\/elregionalvm.com.ar\/noticias-villa-maria\/los-derechos-de-los-pueblos-indigenas-seran-el-eje-de-una-capacitacion\/"},"wordCount":501,"commentCount":0,"image":{"@id":"http:\/\/elregionalvm.com.ar\/noticias-villa-maria\/los-derechos-de-los-pueblos-indigenas-seran-el-eje-de-una-capacitacion\/#primaryimage"},"thumbnailUrl":"https:\/\/i0.wp.com\/elregionalvm.com.ar\/noticias-villa-maria\/wp-content\/uploads\/2021\/09\/hector-tulian-1.jpg?fit=719%2C537&ssl=1","keywords":["cursos","Derechos ind\u00edgenas","destacado","H\u00e9ctor Tuli\u00e1n","VILLA NUEVA"],"articleSection":["Villa Nueva"],"inLanguage":"es","potentialAction":[{"@type":"CommentAction","name":"Comment","target":["http:\/\/elregionalvm.com.ar\/noticias-villa-maria\/los-derechos-de-los-pueblos-indigenas-seran-el-eje-de-una-capacitacion\/#respond"]}]},{"@type":"WebPage","@id":"http:\/\/elregionalvm.com.ar\/noticias-villa-maria\/los-derechos-de-los-pueblos-indigenas-seran-el-eje-de-una-capacitacion\/","url":"http:\/\/elregionalvm.com.ar\/noticias-villa-maria\/los-derechos-de-los-pueblos-indigenas-seran-el-eje-de-una-capacitacion\/","name":"\u201cLos derechos de los pueblos ind\u00edgenas\u201d ser\u00e1n el eje de una capacitaci\u00f3n - El Regional","isPartOf":{"@id":"http:\/\/elregionalvm.com.ar\/noticias-villa-maria\/#website"},"primaryImageOfPage":{"@id":"http:\/\/elregionalvm.com.ar\/noticias-villa-maria\/los-derechos-de-los-pueblos-indigenas-seran-el-eje-de-una-capacitacion\/#primaryimage"},"image":{"@id":"http:\/\/elregionalvm.com.ar\/noticias-villa-maria\/los-derechos-de-los-pueblos-indigenas-seran-el-eje-de-una-capacitacion\/#primaryimage"},"thumbnailUrl":"https:\/\/i0.wp.com\/elregionalvm.com.ar\/noticias-villa-maria\/wp-content\/uploads\/2021\/09\/hector-tulian-1.jpg?fit=719%2C537&ssl=1","datePublished":"2021-09-01T18:07:02+00:00","dateModified":"2021-09-01T18:10:26+00:00","author":{"@id":"http:\/\/elregionalvm.com.ar\/noticias-villa-maria\/#\/schema\/person\/a0fb9c422317faca23d50163151bc354"},"description":"Ser\u00e1 dictado por La Facultad de Ciencias Sociales y la Organizaci\u00f3n Territorial de Pueblos Originarios con el objetivo de abordar este campo.","breadcrumb":{"@id":"http:\/\/elregionalvm.com.ar\/noticias-villa-maria\/los-derechos-de-los-pueblos-indigenas-seran-el-eje-de-una-capacitacion\/#breadcrumb"},"inLanguage":"es","potentialAction":[{"@type":"ReadAction","target":["http:\/\/elregionalvm.com.ar\/noticias-villa-maria\/los-derechos-de-los-pueblos-indigenas-seran-el-eje-de-una-capacitacion\/"]}]},{"@type":"ImageObject","inLanguage":"es","@id":"http:\/\/elregionalvm.com.ar\/noticias-villa-maria\/los-derechos-de-los-pueblos-indigenas-seran-el-eje-de-una-capacitacion\/#primaryimage","url":"https:\/\/i0.wp.com\/elregionalvm.com.ar\/noticias-villa-maria\/wp-content\/uploads\/2021\/09\/hector-tulian-1.jpg?fit=719%2C537&ssl=1","contentUrl":"https:\/\/i0.wp.com\/elregionalvm.com.ar\/noticias-villa-maria\/wp-content\/uploads\/2021\/09\/hector-tulian-1.jpg?fit=719%2C537&ssl=1","width":719,"height":537},{"@type":"BreadcrumbList","@id":"http:\/\/elregionalvm.com.ar\/noticias-villa-maria\/los-derechos-de-los-pueblos-indigenas-seran-el-eje-de-una-capacitacion\/#breadcrumb","itemListElement":[{"@type":"ListItem","position":1,"name":"Portada","item":"https:\/\/elregionalvm.com.ar\/noticias-villa-maria\/"},{"@type":"ListItem","position":2,"name":"\u201cLos derechos de los pueblos ind\u00edgenas\u201d ser\u00e1n el eje de una capacitaci\u00f3n"}]},{"@type":"WebSite","@id":"http:\/\/elregionalvm.com.ar\/noticias-villa-maria\/#website","url":"http:\/\/elregionalvm.com.ar\/noticias-villa-maria\/","name":"El Regional","description":"Mucho m\u00e1s que informaci\u00f3n","potentialAction":[{"@type":"SearchAction","target":{"@type":"EntryPoint","urlTemplate":"http:\/\/elregionalvm.com.ar\/noticias-villa-maria\/?s={search_term_string}"},"query-input":{"@type":"PropertyValueSpecification","valueRequired":true,"valueName":"search_term_string"}}],"inLanguage":"es"},{"@type":"Person","@id":"http:\/\/elregionalvm.com.ar\/noticias-villa-maria\/#\/schema\/person\/a0fb9c422317faca23d50163151bc354","name":"Contenidos El Regional","image":{"@type":"ImageObject","inLanguage":"es","@id":"http:\/\/elregionalvm.com.ar\/noticias-villa-maria\/#\/schema\/person\/image\/","url":"https:\/\/secure.gravatar.com\/avatar\/265b27cb2209af7bb3a1318f03305787d7981a5cc6e6cd08fe5a4ecdf99d4b48?s=96&d=mm&r=g","contentUrl":"https:\/\/secure.gravatar.com\/avatar\/265b27cb2209af7bb3a1318f03305787d7981a5cc6e6cd08fe5a4ecdf99d4b48?s=96&d=mm&r=g","caption":"Contenidos El Regional"},"url":"https:\/\/elregionalvm.com.ar\/noticias-villa-maria\/author\/contenido\/"}]}},"jetpack_featured_media_url":"https:\/\/i0.wp.com\/elregionalvm.com.ar\/noticias-villa-maria\/wp-content\/uploads\/2021\/09\/hector-tulian-1.jpg?fit=719%2C537&ssl=1","jetpack_sharing_enabled":true,"_links":{"self":[{"href":"https:\/\/elregionalvm.com.ar\/noticias-villa-maria\/wp-json\/wp\/v2\/posts\/43877","targetHints":{"allow":["GET"]}}],"collection":[{"href":"https:\/\/elregionalvm.com.ar\/noticias-villa-maria\/wp-json\/wp\/v2\/posts"}],"about":[{"href":"https:\/\/elregionalvm.com.ar\/noticias-villa-maria\/wp-json\/wp\/v2\/types\/post"}],"author":[{"embeddable":true,"href":"https:\/\/elregionalvm.com.ar\/noticias-villa-maria\/wp-json\/wp\/v2\/users\/4"}],"replies":[{"embeddable":true,"href":"https:\/\/elregionalvm.com.ar\/noticias-villa-maria\/wp-json\/wp\/v2\/comments?post=43877"}],"version-history":[{"count":1,"href":"https:\/\/elregionalvm.com.ar\/noticias-villa-maria\/wp-json\/wp\/v2\/posts\/43877\/revisions"}],"predecessor-version":[{"id":43880,"href":"https:\/\/elregionalvm.com.ar\/noticias-villa-maria\/wp-json\/wp\/v2\/posts\/43877\/revisions\/43880"}],"wp:featuredmedia":[{"embeddable":true,"href":"https:\/\/elregionalvm.com.ar\/noticias-villa-maria\/wp-json\/wp\/v2\/media\/43881"}],"wp:attachment":[{"href":"https:\/\/elregionalvm.com.ar\/noticias-villa-maria\/wp-json\/wp\/v2\/media?parent=43877"}],"wp:term":[{"taxonomy":"category","embeddable":true,"href":"https:\/\/elregionalvm.com.ar\/noticias-villa-maria\/wp-json\/wp\/v2\/categories?post=43877"},{"taxonomy":"post_tag","embeddable":true,"href":"https:\/\/elregionalvm.com.ar\/noticias-villa-maria\/wp-json\/wp\/v2\/tags?post=43877"}],"curies":[{"name":"wp","href":"https:\/\/api.w.org\/{rel}","templated":true}]}}