{"id":43888,"date":"2021-09-01T21:37:47","date_gmt":"2021-09-01T21:37:47","guid":{"rendered":"https:\/\/elregionalvm.com.ar\/noticias-villa-maria\/?p=43888"},"modified":"2021-09-04T22:07:23","modified_gmt":"2021-09-04T22:07:23","slug":"las-fallas-del-secundario-jovenes-y-un-futuro-incierto-en-lo-laboral-y-academico-video","status":"publish","type":"post","link":"https:\/\/elregionalvm.com.ar\/noticias-villa-maria\/las-fallas-del-secundario-jovenes-y-un-futuro-incierto-en-lo-laboral-y-academico-video\/","title":{"rendered":"Las fallas del Secundario: J\u00f3venes y un futuro incierto en lo laboral y acad\u00e9mico [VIDEO]"},"content":{"rendered":"\n<p><\/p>\n\n\n\n<p><strong>A pesar de que la educaci\u00f3n secundaria en Argentina es obligatoria desde el a\u00f1o 2006 y su importancia es fundamental para la formaci\u00f3n de los j\u00f3venes, el sistema educativo argentino tiene grandes falencias que repercuten fuertemente no solo en la continuidad de los estudios universitarios sino tambi\u00e9n en la inserci\u00f3n laboral de los j\u00f3venes.<\/strong><\/p>\n\n\n\n<p><\/p>\n\n\n\n<p><strong>Informe: Idesa<\/strong><\/p>\n\n\n\n<p><\/p>\n\n\n\n<p>Algunos indicadores que reflejan el estado actual de la educaci\u00f3n secundaria son: la tasa de promoci\u00f3n, repitencia y deserci\u00f3n de los estudiantes publicados por el Ministerio de Educaci\u00f3n de la Naci\u00f3n.<\/p>\n\n\n\n<p>Para el a\u00f1o previo a la pandemia se observa que:<\/p>\n\n\n\n<p>1. El 80% de los estudiantes pasaban de a\u00f1o<\/p>\n\n\n\n<p>2. El 10% de los alumnos repite al menos un a\u00f1o<\/p>\n\n\n\n<p>3. El 9% directamente abandona sus estudios.<\/p>\n\n\n\n<p>Si se analizan las tasas de egreso: S\u00f3lo el 54 % de los estudiantes egresa y solo el 29% lo hace a t\u00e9rmino.<\/p>\n\n\n\n<p>Es probable que estos indicadores se hayan visto fuertemente afectados durante el a\u00f1o 2020, por la pandemia, ya que algunos j\u00f3venes no han podido seguir su educaci\u00f3n de manera virtual o han tenido que abandonar la escuela para insertarse en el mercado laboral.<\/p>\n\n\n\n<p>En cuanto a la calidad de la educaci\u00f3n secundaria, las pruebas APRENDER, como mecanismo de evaluaci\u00f3n del nivel de los estudiantes muestran que:<\/p>\n\n\n\n<ul class=\"wp-block-list\"><li>En matem\u00e1ticas, el casi el 75% de los j\u00f3venes se encuentra por un nivel debajo del b\u00e1sico y el b\u00e1sico, mientras que en lengua la performance es mejor y el 40% se encuentra en esos niveles.<\/li><\/ul>\n\n\n\n<p>Los datos demuestran que el sistema educativo no solo no consigue retener a los j\u00f3venes y que los mismos se egresen sino tambi\u00e9n tiene grandes falencias en la calidad de los contenidos.<\/p>\n\n\n\n<p><\/p>\n\n\n\n<figure class=\"wp-block-embed is-type-video is-provider-youtube wp-block-embed-youtube wp-embed-aspect-16-9 wp-has-aspect-ratio\"><div class=\"wp-block-embed__wrapper\">\n<iframe title=\"\u00bfCu\u00e1l es la falla de la educaci\u00f3n secundaria y la inserci\u00f3n de los j\u00f3venes al mercado laboral?\" width=\"500\" height=\"281\" src=\"https:\/\/www.youtube.com\/embed\/nW9oqtWxrUU?feature=oembed\" frameborder=\"0\" allow=\"accelerometer; autoplay; clipboard-write; encrypted-media; gyroscope; picture-in-picture; web-share\" referrerpolicy=\"strict-origin-when-cross-origin\" allowfullscreen><\/iframe>\n<\/div><\/figure>\n\n\n\n<p><\/p>\n\n\n\n<p><strong>La conjunci\u00f3n de estas dos cuestiones genera que:<\/strong><\/p>\n\n\n\n<p>Los alumnos que logran egresar y quieren seguir sus estudios superiores, su calidad de conocimiento les genera dificultades para permanecer en el ciclo universitario.&nbsp; Esto se ve reflejado en las mayores tasas de deserci\u00f3n que existen en los primeros a\u00f1os de la universidad.<\/p>\n\n\n\n<p>A aquellos que terminan el secundario y no quieren seguir estudiando les cuesta mucho insertarse al mercado laboral por la falta de habilidades para su inserci\u00f3n.<\/p>\n\n\n\n<p>&nbsp;Y por \u00faltimo, los alumnos que no logran terminar el secundario tienen que insertarse en el mercado laboral, lo tienen que hacer en condiciones de informalidad, autoemple\u00e1ndose o realizando changas con sueldos bastante bajos.<\/p>\n\n\n\n<p><strong>En consecuencia, Idesa propone:<\/strong><\/p>\n\n\n\n<p>La necesidad de repensar la educaci\u00f3n secundaria para que exista una oferta educacional para aquellos j\u00f3venes que solo quieren terminar el secundario para insertarse en el mercado laboral y no lo pueden hacer porque no cuentan con las habilidades b\u00e1sicas para desenvolverse en \u00e9l.&nbsp;<\/p>\n\n\n\n<p>La experiencia internacional muestra que el \u00e9xito de una secundaria pensada para el mundo del trabajo depende crucialmente de un v\u00ednculo muy estrecho entre las escuelas secundarias y las empresas.<\/p>\n\n\n\n<p>En Argentina se debe superar las visiones obsoletas tanto del \u00e1mbito educativo (que consideran que las escuelas no est\u00e1n para formar mano de obra para las empresas) como de la legislaci\u00f3n laboral (que es sumamente restrictiva a la hora de permitir que los j\u00f3venes se formen en \u00e1mbitos laborales).<\/p>\n\n\n\n<p>Es necesario mejorar la calidad educativa, brindando actualizaciones en los planes de estudio y formaciones continuas de calidad para los docentes. Adem\u00e1s de evaluar a los docentes, es necesario mejorar las reglas de gesti\u00f3n en especial en los establecimientos p\u00fablicos.<\/p>\n","protected":false},"excerpt":{"rendered":"<p>A pesar de que la educaci\u00f3n secundaria en Argentina es obligatoria desde el a\u00f1o 2006 y su importancia es fundamental para la formaci\u00f3n de los j\u00f3venes, el sistema educativo argentino tiene grandes falencias que repercuten fuertemente no solo en la continuidad de los estudios universitarios sino tambi\u00e9n en la inserci\u00f3n laboral de los j\u00f3venes. Informe: [&hellip;]<\/p>\n","protected":false},"author":4,"featured_media":43889,"comment_status":"open","ping_status":"open","sticky":false,"template":"","format":"standard","meta":{"site-sidebar-layout":"default","site-content-layout":"default","ast-site-content-layout":"default","site-content-style":"default","site-sidebar-style":"default","ast-global-header-display":"","ast-banner-title-visibility":"","ast-main-header-display":"","ast-hfb-above-header-display":"","ast-hfb-below-header-display":"","ast-hfb-mobile-header-display":"","site-post-title":"","ast-breadcrumbs-content":"","ast-featured-img":"","footer-sml-layout":"","ast-disable-related-posts":"","theme-transparent-header-meta":"default","adv-header-id-meta":"","stick-header-meta":"","header-above-stick-meta":"","header-main-stick-meta":"","header-below-stick-meta":"","astra-migrate-meta-layouts":"default","ast-page-background-enabled":"default","ast-page-background-meta":{"desktop":{"background-color":"","background-image":"","background-repeat":"repeat","background-position":"center center","background-size":"auto","background-attachment":"scroll","background-type":"","background-media":"","overlay-type":"","overlay-color":"","overlay-opacity":"","overlay-gradient":""},"tablet":{"background-color":"","background-image":"","background-repeat":"repeat","background-position":"center center","background-size":"auto","background-attachment":"scroll","background-type":"","background-media":"","overlay-type":"","overlay-color":"","overlay-opacity":"","overlay-gradient":""},"mobile":{"background-color":"","background-image":"","background-repeat":"repeat","background-position":"center center","background-size":"auto","background-attachment":"scroll","background-type":"","background-media":"","overlay-type":"","overlay-color":"","overlay-opacity":"","overlay-gradient":""}},"ast-content-background-meta":{"desktop":{"background-color":"var(--ast-global-color-5)","background-image":"","background-repeat":"repeat","background-position":"center center","background-size":"auto","background-attachment":"scroll","background-type":"","background-media":"","overlay-type":"","overlay-color":"","overlay-opacity":"","overlay-gradient":""},"tablet":{"background-color":"var(--ast-global-color-5)","background-image":"","background-repeat":"repeat","background-position":"center center","background-size":"auto","background-attachment":"scroll","background-type":"","background-media":"","overlay-type":"","overlay-color":"","overlay-opacity":"","overlay-gradient":""},"mobile":{"background-color":"var(--ast-global-color-5)","background-image":"","background-repeat":"repeat","background-position":"center center","background-size":"auto","background-attachment":"scroll","background-type":"","background-media":"","overlay-type":"","overlay-color":"","overlay-opacity":"","overlay-gradient":""}},"_jetpack_memberships_contains_paid_content":false,"_joinchat":[],"footnotes":""},"categories":[365,3557],"tags":[10934,10935,10933,9459,10936,6652,126],"class_list":["post-43888","post","type-post","status-publish","format-standard","has-post-thumbnail","hentry","category-opinion","category-tercera","tag-estudios-universitarios","tag-falencias","tag-insercion-laboral","tag-mercado-laboral","tag-nivel-medio","tag-secundario","tag-trabajo"],"yoast_head":"<!-- This site is optimized with the Yoast SEO plugin v26.8 - https:\/\/yoast.com\/product\/yoast-seo-wordpress\/ -->\n<title>Las fallas del Secundario: J\u00f3venes y un futuro incierto en lo laboral y acad\u00e9mico [VIDEO] - El Regional<\/title>\n<meta name=\"description\" content=\"El sistema educativo argentino tiene grandes falencias que repercuten fuertemente en la continuidad de los estudios y en la inserci\u00f3n laboral.\" \/>\n<meta name=\"robots\" content=\"index, follow, max-snippet:-1, max-image-preview:large, max-video-preview:-1\" \/>\n<link rel=\"canonical\" href=\"http:\/\/elregionalvm.com.ar\/noticias-villa-maria\/las-fallas-del-secundario-jovenes-y-un-futuro-incierto-en-lo-laboral-y-academico-video\/\" \/>\n<meta property=\"og:locale\" content=\"es_ES\" \/>\n<meta property=\"og:type\" content=\"article\" \/>\n<meta property=\"og:title\" content=\"Las fallas del Secundario: J\u00f3venes y un futuro incierto en lo laboral y acad\u00e9mico [VIDEO] - El Regional\" \/>\n<meta property=\"og:description\" content=\"El sistema educativo argentino tiene grandes falencias que repercuten fuertemente en la continuidad de los estudios y en la inserci\u00f3n laboral.\" \/>\n<meta property=\"og:url\" content=\"http:\/\/elregionalvm.com.ar\/noticias-villa-maria\/las-fallas-del-secundario-jovenes-y-un-futuro-incierto-en-lo-laboral-y-academico-video\/\" \/>\n<meta property=\"og:site_name\" content=\"El Regional\" \/>\n<meta property=\"article:publisher\" content=\"https:\/\/www.facebook.com\/elregionalvm\" \/>\n<meta property=\"article:published_time\" content=\"2021-09-01T21:37:47+00:00\" \/>\n<meta property=\"article:modified_time\" content=\"2021-09-04T22:07:23+00:00\" \/>\n<meta property=\"og:image\" content=\"http:\/\/elregionalvm.com.ar\/noticias-villa-maria\/wp-content\/uploads\/2021\/09\/Estudiantes-secundarios.jpg\" \/>\n\t<meta property=\"og:image:width\" content=\"700\" \/>\n\t<meta property=\"og:image:height\" content=\"387\" \/>\n\t<meta property=\"og:image:type\" content=\"image\/jpeg\" \/>\n<meta name=\"author\" content=\"Contenidos El Regional\" \/>\n<meta name=\"twitter:card\" content=\"summary_large_image\" \/>\n<meta name=\"twitter:creator\" content=\"@elregionalvm1\" \/>\n<meta name=\"twitter:site\" content=\"@elregionalvm1\" \/>\n<meta name=\"twitter:label1\" content=\"Escrito por\" \/>\n\t<meta name=\"twitter:data1\" content=\"Contenidos El Regional\" \/>\n\t<meta name=\"twitter:label2\" content=\"Tiempo de lectura\" \/>\n\t<meta name=\"twitter:data2\" content=\"3 minutos\" \/>\n<script type=\"application\/ld+json\" class=\"yoast-schema-graph\">{\"@context\":\"https:\/\/schema.org\",\"@graph\":[{\"@type\":\"Article\",\"@id\":\"http:\/\/elregionalvm.com.ar\/noticias-villa-maria\/las-fallas-del-secundario-jovenes-y-un-futuro-incierto-en-lo-laboral-y-academico-video\/#article\",\"isPartOf\":{\"@id\":\"http:\/\/elregionalvm.com.ar\/noticias-villa-maria\/las-fallas-del-secundario-jovenes-y-un-futuro-incierto-en-lo-laboral-y-academico-video\/\"},\"author\":{\"name\":\"Contenidos El Regional\",\"@id\":\"http:\/\/elregionalvm.com.ar\/noticias-villa-maria\/#\/schema\/person\/a0fb9c422317faca23d50163151bc354\"},\"headline\":\"Las fallas del Secundario: J\u00f3venes y un futuro incierto en lo laboral y acad\u00e9mico [VIDEO]\",\"datePublished\":\"2021-09-01T21:37:47+00:00\",\"dateModified\":\"2021-09-04T22:07:23+00:00\",\"mainEntityOfPage\":{\"@id\":\"http:\/\/elregionalvm.com.ar\/noticias-villa-maria\/las-fallas-del-secundario-jovenes-y-un-futuro-incierto-en-lo-laboral-y-academico-video\/\"},\"wordCount\":614,\"commentCount\":0,\"image\":{\"@id\":\"http:\/\/elregionalvm.com.ar\/noticias-villa-maria\/las-fallas-del-secundario-jovenes-y-un-futuro-incierto-en-lo-laboral-y-academico-video\/#primaryimage\"},\"thumbnailUrl\":\"https:\/\/i0.wp.com\/elregionalvm.com.ar\/noticias-villa-maria\/wp-content\/uploads\/2021\/09\/Estudiantes-secundarios.jpg?fit=700%2C387&ssl=1\",\"keywords\":[\"Estudios universitarios\",\"Falencias\",\"Inserci\u00f3n laboral\",\"Mercado laboral\",\"Nivel medio\",\"Secundario\",\"trabajo\"],\"articleSection\":[\"Opini\u00f3n\",\"tercera\"],\"inLanguage\":\"es\",\"potentialAction\":[{\"@type\":\"CommentAction\",\"name\":\"Comment\",\"target\":[\"http:\/\/elregionalvm.com.ar\/noticias-villa-maria\/las-fallas-del-secundario-jovenes-y-un-futuro-incierto-en-lo-laboral-y-academico-video\/#respond\"]}]},{\"@type\":\"WebPage\",\"@id\":\"http:\/\/elregionalvm.com.ar\/noticias-villa-maria\/las-fallas-del-secundario-jovenes-y-un-futuro-incierto-en-lo-laboral-y-academico-video\/\",\"url\":\"http:\/\/elregionalvm.com.ar\/noticias-villa-maria\/las-fallas-del-secundario-jovenes-y-un-futuro-incierto-en-lo-laboral-y-academico-video\/\",\"name\":\"Las fallas del Secundario: J\u00f3venes y un futuro incierto en lo laboral y acad\u00e9mico [VIDEO] - El Regional\",\"isPartOf\":{\"@id\":\"http:\/\/elregionalvm.com.ar\/noticias-villa-maria\/#website\"},\"primaryImageOfPage\":{\"@id\":\"http:\/\/elregionalvm.com.ar\/noticias-villa-maria\/las-fallas-del-secundario-jovenes-y-un-futuro-incierto-en-lo-laboral-y-academico-video\/#primaryimage\"},\"image\":{\"@id\":\"http:\/\/elregionalvm.com.ar\/noticias-villa-maria\/las-fallas-del-secundario-jovenes-y-un-futuro-incierto-en-lo-laboral-y-academico-video\/#primaryimage\"},\"thumbnailUrl\":\"https:\/\/i0.wp.com\/elregionalvm.com.ar\/noticias-villa-maria\/wp-content\/uploads\/2021\/09\/Estudiantes-secundarios.jpg?fit=700%2C387&ssl=1\",\"datePublished\":\"2021-09-01T21:37:47+00:00\",\"dateModified\":\"2021-09-04T22:07:23+00:00\",\"author\":{\"@id\":\"http:\/\/elregionalvm.com.ar\/noticias-villa-maria\/#\/schema\/person\/a0fb9c422317faca23d50163151bc354\"},\"description\":\"El sistema educativo argentino tiene grandes falencias que repercuten fuertemente en la continuidad de los estudios y en la inserci\u00f3n laboral.\",\"breadcrumb\":{\"@id\":\"http:\/\/elregionalvm.com.ar\/noticias-villa-maria\/las-fallas-del-secundario-jovenes-y-un-futuro-incierto-en-lo-laboral-y-academico-video\/#breadcrumb\"},\"inLanguage\":\"es\",\"potentialAction\":[{\"@type\":\"ReadAction\",\"target\":[\"http:\/\/elregionalvm.com.ar\/noticias-villa-maria\/las-fallas-del-secundario-jovenes-y-un-futuro-incierto-en-lo-laboral-y-academico-video\/\"]}]},{\"@type\":\"ImageObject\",\"inLanguage\":\"es\",\"@id\":\"http:\/\/elregionalvm.com.ar\/noticias-villa-maria\/las-fallas-del-secundario-jovenes-y-un-futuro-incierto-en-lo-laboral-y-academico-video\/#primaryimage\",\"url\":\"https:\/\/i0.wp.com\/elregionalvm.com.ar\/noticias-villa-maria\/wp-content\/uploads\/2021\/09\/Estudiantes-secundarios.jpg?fit=700%2C387&ssl=1\",\"contentUrl\":\"https:\/\/i0.wp.com\/elregionalvm.com.ar\/noticias-villa-maria\/wp-content\/uploads\/2021\/09\/Estudiantes-secundarios.jpg?fit=700%2C387&ssl=1\",\"width\":700,\"height\":387},{\"@type\":\"BreadcrumbList\",\"@id\":\"http:\/\/elregionalvm.com.ar\/noticias-villa-maria\/las-fallas-del-secundario-jovenes-y-un-futuro-incierto-en-lo-laboral-y-academico-video\/#breadcrumb\",\"itemListElement\":[{\"@type\":\"ListItem\",\"position\":1,\"name\":\"Portada\",\"item\":\"https:\/\/elregionalvm.com.ar\/noticias-villa-maria\/\"},{\"@type\":\"ListItem\",\"position\":2,\"name\":\"Las fallas del Secundario: J\u00f3venes y un futuro incierto en lo laboral y acad\u00e9mico [VIDEO]\"}]},{\"@type\":\"WebSite\",\"@id\":\"http:\/\/elregionalvm.com.ar\/noticias-villa-maria\/#website\",\"url\":\"http:\/\/elregionalvm.com.ar\/noticias-villa-maria\/\",\"name\":\"El Regional\",\"description\":\"Mucho m\u00e1s que informaci\u00f3n\",\"potentialAction\":[{\"@type\":\"SearchAction\",\"target\":{\"@type\":\"EntryPoint\",\"urlTemplate\":\"http:\/\/elregionalvm.com.ar\/noticias-villa-maria\/?s={search_term_string}\"},\"query-input\":{\"@type\":\"PropertyValueSpecification\",\"valueRequired\":true,\"valueName\":\"search_term_string\"}}],\"inLanguage\":\"es\"},{\"@type\":\"Person\",\"@id\":\"http:\/\/elregionalvm.com.ar\/noticias-villa-maria\/#\/schema\/person\/a0fb9c422317faca23d50163151bc354\",\"name\":\"Contenidos El Regional\",\"image\":{\"@type\":\"ImageObject\",\"inLanguage\":\"es\",\"@id\":\"http:\/\/elregionalvm.com.ar\/noticias-villa-maria\/#\/schema\/person\/image\/\",\"url\":\"https:\/\/secure.gravatar.com\/avatar\/265b27cb2209af7bb3a1318f03305787d7981a5cc6e6cd08fe5a4ecdf99d4b48?s=96&d=mm&r=g\",\"contentUrl\":\"https:\/\/secure.gravatar.com\/avatar\/265b27cb2209af7bb3a1318f03305787d7981a5cc6e6cd08fe5a4ecdf99d4b48?s=96&d=mm&r=g\",\"caption\":\"Contenidos El Regional\"},\"url\":\"https:\/\/elregionalvm.com.ar\/noticias-villa-maria\/author\/contenido\/\"}]}<\/script>\n<!-- \/ Yoast SEO plugin. -->","yoast_head_json":{"title":"Las fallas del Secundario: J\u00f3venes y un futuro incierto en lo laboral y acad\u00e9mico [VIDEO] - El Regional","description":"El sistema educativo argentino tiene grandes falencias que repercuten fuertemente en la continuidad de los estudios y en la inserci\u00f3n laboral.","robots":{"index":"index","follow":"follow","max-snippet":"max-snippet:-1","max-image-preview":"max-image-preview:large","max-video-preview":"max-video-preview:-1"},"canonical":"http:\/\/elregionalvm.com.ar\/noticias-villa-maria\/las-fallas-del-secundario-jovenes-y-un-futuro-incierto-en-lo-laboral-y-academico-video\/","og_locale":"es_ES","og_type":"article","og_title":"Las fallas del Secundario: J\u00f3venes y un futuro incierto en lo laboral y acad\u00e9mico [VIDEO] - El Regional","og_description":"El sistema educativo argentino tiene grandes falencias que repercuten fuertemente en la continuidad de los estudios y en la inserci\u00f3n laboral.","og_url":"http:\/\/elregionalvm.com.ar\/noticias-villa-maria\/las-fallas-del-secundario-jovenes-y-un-futuro-incierto-en-lo-laboral-y-academico-video\/","og_site_name":"El Regional","article_publisher":"https:\/\/www.facebook.com\/elregionalvm","article_published_time":"2021-09-01T21:37:47+00:00","article_modified_time":"2021-09-04T22:07:23+00:00","og_image":[{"width":700,"height":387,"url":"http:\/\/elregionalvm.com.ar\/noticias-villa-maria\/wp-content\/uploads\/2021\/09\/Estudiantes-secundarios.jpg","type":"image\/jpeg"}],"author":"Contenidos El Regional","twitter_card":"summary_large_image","twitter_creator":"@elregionalvm1","twitter_site":"@elregionalvm1","twitter_misc":{"Escrito por":"Contenidos El Regional","Tiempo de lectura":"3 minutos"},"schema":{"@context":"https:\/\/schema.org","@graph":[{"@type":"Article","@id":"http:\/\/elregionalvm.com.ar\/noticias-villa-maria\/las-fallas-del-secundario-jovenes-y-un-futuro-incierto-en-lo-laboral-y-academico-video\/#article","isPartOf":{"@id":"http:\/\/elregionalvm.com.ar\/noticias-villa-maria\/las-fallas-del-secundario-jovenes-y-un-futuro-incierto-en-lo-laboral-y-academico-video\/"},"author":{"name":"Contenidos El Regional","@id":"http:\/\/elregionalvm.com.ar\/noticias-villa-maria\/#\/schema\/person\/a0fb9c422317faca23d50163151bc354"},"headline":"Las fallas del Secundario: J\u00f3venes y un futuro incierto en lo laboral y acad\u00e9mico [VIDEO]","datePublished":"2021-09-01T21:37:47+00:00","dateModified":"2021-09-04T22:07:23+00:00","mainEntityOfPage":{"@id":"http:\/\/elregionalvm.com.ar\/noticias-villa-maria\/las-fallas-del-secundario-jovenes-y-un-futuro-incierto-en-lo-laboral-y-academico-video\/"},"wordCount":614,"commentCount":0,"image":{"@id":"http:\/\/elregionalvm.com.ar\/noticias-villa-maria\/las-fallas-del-secundario-jovenes-y-un-futuro-incierto-en-lo-laboral-y-academico-video\/#primaryimage"},"thumbnailUrl":"https:\/\/i0.wp.com\/elregionalvm.com.ar\/noticias-villa-maria\/wp-content\/uploads\/2021\/09\/Estudiantes-secundarios.jpg?fit=700%2C387&ssl=1","keywords":["Estudios universitarios","Falencias","Inserci\u00f3n laboral","Mercado laboral","Nivel medio","Secundario","trabajo"],"articleSection":["Opini\u00f3n","tercera"],"inLanguage":"es","potentialAction":[{"@type":"CommentAction","name":"Comment","target":["http:\/\/elregionalvm.com.ar\/noticias-villa-maria\/las-fallas-del-secundario-jovenes-y-un-futuro-incierto-en-lo-laboral-y-academico-video\/#respond"]}]},{"@type":"WebPage","@id":"http:\/\/elregionalvm.com.ar\/noticias-villa-maria\/las-fallas-del-secundario-jovenes-y-un-futuro-incierto-en-lo-laboral-y-academico-video\/","url":"http:\/\/elregionalvm.com.ar\/noticias-villa-maria\/las-fallas-del-secundario-jovenes-y-un-futuro-incierto-en-lo-laboral-y-academico-video\/","name":"Las fallas del Secundario: J\u00f3venes y un futuro incierto en lo laboral y acad\u00e9mico [VIDEO] - El Regional","isPartOf":{"@id":"http:\/\/elregionalvm.com.ar\/noticias-villa-maria\/#website"},"primaryImageOfPage":{"@id":"http:\/\/elregionalvm.com.ar\/noticias-villa-maria\/las-fallas-del-secundario-jovenes-y-un-futuro-incierto-en-lo-laboral-y-academico-video\/#primaryimage"},"image":{"@id":"http:\/\/elregionalvm.com.ar\/noticias-villa-maria\/las-fallas-del-secundario-jovenes-y-un-futuro-incierto-en-lo-laboral-y-academico-video\/#primaryimage"},"thumbnailUrl":"https:\/\/i0.wp.com\/elregionalvm.com.ar\/noticias-villa-maria\/wp-content\/uploads\/2021\/09\/Estudiantes-secundarios.jpg?fit=700%2C387&ssl=1","datePublished":"2021-09-01T21:37:47+00:00","dateModified":"2021-09-04T22:07:23+00:00","author":{"@id":"http:\/\/elregionalvm.com.ar\/noticias-villa-maria\/#\/schema\/person\/a0fb9c422317faca23d50163151bc354"},"description":"El sistema educativo argentino tiene grandes falencias que repercuten fuertemente en la continuidad de los estudios y en la inserci\u00f3n laboral.","breadcrumb":{"@id":"http:\/\/elregionalvm.com.ar\/noticias-villa-maria\/las-fallas-del-secundario-jovenes-y-un-futuro-incierto-en-lo-laboral-y-academico-video\/#breadcrumb"},"inLanguage":"es","potentialAction":[{"@type":"ReadAction","target":["http:\/\/elregionalvm.com.ar\/noticias-villa-maria\/las-fallas-del-secundario-jovenes-y-un-futuro-incierto-en-lo-laboral-y-academico-video\/"]}]},{"@type":"ImageObject","inLanguage":"es","@id":"http:\/\/elregionalvm.com.ar\/noticias-villa-maria\/las-fallas-del-secundario-jovenes-y-un-futuro-incierto-en-lo-laboral-y-academico-video\/#primaryimage","url":"https:\/\/i0.wp.com\/elregionalvm.com.ar\/noticias-villa-maria\/wp-content\/uploads\/2021\/09\/Estudiantes-secundarios.jpg?fit=700%2C387&ssl=1","contentUrl":"https:\/\/i0.wp.com\/elregionalvm.com.ar\/noticias-villa-maria\/wp-content\/uploads\/2021\/09\/Estudiantes-secundarios.jpg?fit=700%2C387&ssl=1","width":700,"height":387},{"@type":"BreadcrumbList","@id":"http:\/\/elregionalvm.com.ar\/noticias-villa-maria\/las-fallas-del-secundario-jovenes-y-un-futuro-incierto-en-lo-laboral-y-academico-video\/#breadcrumb","itemListElement":[{"@type":"ListItem","position":1,"name":"Portada","item":"https:\/\/elregionalvm.com.ar\/noticias-villa-maria\/"},{"@type":"ListItem","position":2,"name":"Las fallas del Secundario: J\u00f3venes y un futuro incierto en lo laboral y acad\u00e9mico [VIDEO]"}]},{"@type":"WebSite","@id":"http:\/\/elregionalvm.com.ar\/noticias-villa-maria\/#website","url":"http:\/\/elregionalvm.com.ar\/noticias-villa-maria\/","name":"El Regional","description":"Mucho m\u00e1s que informaci\u00f3n","potentialAction":[{"@type":"SearchAction","target":{"@type":"EntryPoint","urlTemplate":"http:\/\/elregionalvm.com.ar\/noticias-villa-maria\/?s={search_term_string}"},"query-input":{"@type":"PropertyValueSpecification","valueRequired":true,"valueName":"search_term_string"}}],"inLanguage":"es"},{"@type":"Person","@id":"http:\/\/elregionalvm.com.ar\/noticias-villa-maria\/#\/schema\/person\/a0fb9c422317faca23d50163151bc354","name":"Contenidos El Regional","image":{"@type":"ImageObject","inLanguage":"es","@id":"http:\/\/elregionalvm.com.ar\/noticias-villa-maria\/#\/schema\/person\/image\/","url":"https:\/\/secure.gravatar.com\/avatar\/265b27cb2209af7bb3a1318f03305787d7981a5cc6e6cd08fe5a4ecdf99d4b48?s=96&d=mm&r=g","contentUrl":"https:\/\/secure.gravatar.com\/avatar\/265b27cb2209af7bb3a1318f03305787d7981a5cc6e6cd08fe5a4ecdf99d4b48?s=96&d=mm&r=g","caption":"Contenidos El Regional"},"url":"https:\/\/elregionalvm.com.ar\/noticias-villa-maria\/author\/contenido\/"}]}},"jetpack_featured_media_url":"https:\/\/i0.wp.com\/elregionalvm.com.ar\/noticias-villa-maria\/wp-content\/uploads\/2021\/09\/Estudiantes-secundarios.jpg?fit=700%2C387&ssl=1","jetpack_sharing_enabled":true,"_links":{"self":[{"href":"https:\/\/elregionalvm.com.ar\/noticias-villa-maria\/wp-json\/wp\/v2\/posts\/43888","targetHints":{"allow":["GET"]}}],"collection":[{"href":"https:\/\/elregionalvm.com.ar\/noticias-villa-maria\/wp-json\/wp\/v2\/posts"}],"about":[{"href":"https:\/\/elregionalvm.com.ar\/noticias-villa-maria\/wp-json\/wp\/v2\/types\/post"}],"author":[{"embeddable":true,"href":"https:\/\/elregionalvm.com.ar\/noticias-villa-maria\/wp-json\/wp\/v2\/users\/4"}],"replies":[{"embeddable":true,"href":"https:\/\/elregionalvm.com.ar\/noticias-villa-maria\/wp-json\/wp\/v2\/comments?post=43888"}],"version-history":[{"count":1,"href":"https:\/\/elregionalvm.com.ar\/noticias-villa-maria\/wp-json\/wp\/v2\/posts\/43888\/revisions"}],"predecessor-version":[{"id":43890,"href":"https:\/\/elregionalvm.com.ar\/noticias-villa-maria\/wp-json\/wp\/v2\/posts\/43888\/revisions\/43890"}],"wp:featuredmedia":[{"embeddable":true,"href":"https:\/\/elregionalvm.com.ar\/noticias-villa-maria\/wp-json\/wp\/v2\/media\/43889"}],"wp:attachment":[{"href":"https:\/\/elregionalvm.com.ar\/noticias-villa-maria\/wp-json\/wp\/v2\/media?parent=43888"}],"wp:term":[{"taxonomy":"category","embeddable":true,"href":"https:\/\/elregionalvm.com.ar\/noticias-villa-maria\/wp-json\/wp\/v2\/categories?post=43888"},{"taxonomy":"post_tag","embeddable":true,"href":"https:\/\/elregionalvm.com.ar\/noticias-villa-maria\/wp-json\/wp\/v2\/tags?post=43888"}],"curies":[{"name":"wp","href":"https:\/\/api.w.org\/{rel}","templated":true}]}}