{"id":43892,"date":"2021-09-01T21:52:32","date_gmt":"2021-09-01T21:52:32","guid":{"rendered":"https:\/\/elregionalvm.com.ar\/noticias-villa-maria\/?p=43892"},"modified":"2021-09-04T02:29:50","modified_gmt":"2021-09-04T02:29:50","slug":"buena-vida-septiembre-viene-a-verte-florecer","status":"publish","type":"post","link":"https:\/\/elregionalvm.com.ar\/noticias-villa-maria\/buena-vida-septiembre-viene-a-verte-florecer\/","title":{"rendered":"[Buena Vida] Septiembre viene a verte florecer"},"content":{"rendered":"\n<p><\/p>\n\n\n\n<p><strong>Escribe: Instructora Eleonora Casadei (*)\u00a0<\/strong><\/p>\n\n\n\n<p><\/p>\n\n\n\n<p>\u00a1Ey! \u00bfViste qui\u00e9n lleg\u00f3?<\/p>\n\n\n\n<p>Septiembre, con amor, con ganas de empezar a florecer ese sue\u00f1o semilla que quiz\u00e1s cre\u00edmos que ya era tarde para regar.<\/p>\n\n\n\n<p>Pero hacete maceta y \u00a1dale que va!<\/p>\n\n\n\n<p>Si\u00e9ntate y observa, porque pronto tu Alma te dar\u00e1 ese olor a sue\u00f1o cumplido.<\/p>\n\n\n\n<p>Hacele luz con tu mirada y acaricia con tu sonrisa cada p\u00e9talo de esta flor de sue\u00f1o.<\/p>\n\n\n\n<p>Y no me vengas con un Ramito, no, no. Porque lo que escarbaste para sembrar esa semilla hoy en la profundidad, con oscuridad y todo, vali\u00f3 la pena, porque tu sombra se hizo luz.<\/p>\n\n\n\n<p>\u00a1Tremenda cosecha!<\/p>\n\n\n\n<p>Y a quienes no te cre\u00edan, valoraban, o ignoraban, obsequiales una flor de tu propio jard\u00edn.<\/p>\n\n\n\n<p>Septiembre es as\u00ed, solo viene a verte florecer.<\/p>\n\n\n\n<p><\/p>\n\n\n\n<p><\/p>\n\n\n\n<figure class=\"wp-block-embed is-type-wp-embed is-provider-el-regional wp-block-embed-el-regional\"><div class=\"wp-block-embed__wrapper\">\n<blockquote class=\"wp-embedded-content\" data-secret=\"CPjiA6J5vZ\"><a href=\"https:\/\/elregionalvm.com.ar\/noticias-villa-maria\/buena-vida-a-brillar-que-nadie-apague-nuestra-luz\/\">[BUENA VIDA] A brillar, que nadie apague nuestra luz<\/a><\/blockquote><iframe class=\"wp-embedded-content\" sandbox=\"allow-scripts\" security=\"restricted\" style=\"position: absolute; clip: rect(1px, 1px, 1px, 1px);\" title=\"\u00ab[BUENA VIDA] A brillar, que nadie apague nuestra luz\u00bb \u2014 El Regional\" src=\"https:\/\/elregionalvm.com.ar\/noticias-villa-maria\/buena-vida-a-brillar-que-nadie-apague-nuestra-luz\/embed\/#?secret=ozEtaPtk9H#?secret=CPjiA6J5vZ\" data-secret=\"CPjiA6J5vZ\" width=\"500\" height=\"282\" frameborder=\"0\" marginwidth=\"0\" marginheight=\"0\" scrolling=\"no\"><\/iframe>\n<\/div><\/figure>\n\n\n\n<p><strong><em>(*) Yoga, Pilates y Meditaci\u00f3n <\/em><\/strong><\/p>\n","protected":false},"excerpt":{"rendered":"<p>Escribe: Instructora Eleonora Casadei (*)\u00a0 \u00a1Ey! \u00bfViste qui\u00e9n lleg\u00f3? Septiembre, con amor, con ganas de empezar a florecer ese sue\u00f1o semilla que quiz\u00e1s cre\u00edmos que ya era tarde para regar. Pero hacete maceta y \u00a1dale que va! Si\u00e9ntate y observa, porque pronto tu Alma te dar\u00e1 ese olor a sue\u00f1o cumplido. Hacele luz con tu [&hellip;]<\/p>\n","protected":false},"author":4,"featured_media":43893,"comment_status":"open","ping_status":"open","sticky":false,"template":"","format":"standard","meta":{"site-sidebar-layout":"default","site-content-layout":"default","ast-site-content-layout":"default","site-content-style":"default","site-sidebar-style":"default","ast-global-header-display":"","ast-banner-title-visibility":"","ast-main-header-display":"","ast-hfb-above-header-display":"","ast-hfb-below-header-display":"","ast-hfb-mobile-header-display":"","site-post-title":"","ast-breadcrumbs-content":"","ast-featured-img":"","footer-sml-layout":"","ast-disable-related-posts":"","theme-transparent-header-meta":"default","adv-header-id-meta":"","stick-header-meta":"","header-above-stick-meta":"","header-main-stick-meta":"","header-below-stick-meta":"","astra-migrate-meta-layouts":"default","ast-page-background-enabled":"default","ast-page-background-meta":{"desktop":{"background-color":"","background-image":"","background-repeat":"repeat","background-position":"center center","background-size":"auto","background-attachment":"scroll","background-type":"","background-media":"","overlay-type":"","overlay-color":"","overlay-opacity":"","overlay-gradient":""},"tablet":{"background-color":"","background-image":"","background-repeat":"repeat","background-position":"center center","background-size":"auto","background-attachment":"scroll","background-type":"","background-media":"","overlay-type":"","overlay-color":"","overlay-opacity":"","overlay-gradient":""},"mobile":{"background-color":"","background-image":"","background-repeat":"repeat","background-position":"center center","background-size":"auto","background-attachment":"scroll","background-type":"","background-media":"","overlay-type":"","overlay-color":"","overlay-opacity":"","overlay-gradient":""}},"ast-content-background-meta":{"desktop":{"background-color":"var(--ast-global-color-5)","background-image":"","background-repeat":"repeat","background-position":"center center","background-size":"auto","background-attachment":"scroll","background-type":"","background-media":"","overlay-type":"","overlay-color":"","overlay-opacity":"","overlay-gradient":""},"tablet":{"background-color":"var(--ast-global-color-5)","background-image":"","background-repeat":"repeat","background-position":"center center","background-size":"auto","background-attachment":"scroll","background-type":"","background-media":"","overlay-type":"","overlay-color":"","overlay-opacity":"","overlay-gradient":""},"mobile":{"background-color":"var(--ast-global-color-5)","background-image":"","background-repeat":"repeat","background-position":"center center","background-size":"auto","background-attachment":"scroll","background-type":"","background-media":"","overlay-type":"","overlay-color":"","overlay-opacity":"","overlay-gradient":""}},"_jetpack_memberships_contains_paid_content":false,"_joinchat":[],"footnotes":""},"categories":[9869,3557],"tags":[9927,10939,10937,10940,2133,5067,10938,9924],"class_list":["post-43892","post","type-post","status-publish","format-standard","has-post-thumbnail","hentry","category-buena-vida","category-tercera","tag-buena-vida","tag-eleonora-casadei","tag-florecer","tag-meditacion","tag-salud","tag-septiembre","tag-suenos-cumplidos","tag-yoga"],"yoast_head":"<!-- This site is optimized with the Yoast SEO plugin v26.8 - https:\/\/yoast.com\/product\/yoast-seo-wordpress\/ -->\n<title>[Buena Vida] Septiembre viene a verte florecer - El Regional<\/title>\n<meta name=\"robots\" content=\"index, follow, max-snippet:-1, max-image-preview:large, max-video-preview:-1\" \/>\n<link rel=\"canonical\" href=\"http:\/\/elregionalvm.com.ar\/noticias-villa-maria\/buena-vida-septiembre-viene-a-verte-florecer\/\" \/>\n<meta property=\"og:locale\" content=\"es_ES\" \/>\n<meta property=\"og:type\" content=\"article\" \/>\n<meta property=\"og:title\" content=\"[Buena Vida] Septiembre viene a verte florecer - El Regional\" \/>\n<meta property=\"og:description\" content=\"Escribe: Instructora Eleonora Casadei (*)\u00a0 \u00a1Ey! \u00bfViste qui\u00e9n lleg\u00f3? Septiembre, con amor, con ganas de empezar a florecer ese sue\u00f1o semilla que quiz\u00e1s cre\u00edmos que ya era tarde para regar. Pero hacete maceta y \u00a1dale que va! Si\u00e9ntate y observa, porque pronto tu Alma te dar\u00e1 ese olor a sue\u00f1o cumplido. Hacele luz con tu [&hellip;]\" \/>\n<meta property=\"og:url\" content=\"http:\/\/elregionalvm.com.ar\/noticias-villa-maria\/buena-vida-septiembre-viene-a-verte-florecer\/\" \/>\n<meta property=\"og:site_name\" content=\"El Regional\" \/>\n<meta property=\"article:publisher\" content=\"https:\/\/www.facebook.com\/elregionalvm\" \/>\n<meta property=\"article:published_time\" content=\"2021-09-01T21:52:32+00:00\" \/>\n<meta property=\"article:modified_time\" content=\"2021-09-04T02:29:50+00:00\" \/>\n<meta property=\"og:image\" content=\"http:\/\/elregionalvm.com.ar\/noticias-villa-maria\/wp-content\/uploads\/2021\/09\/Mujer-sonrisa-flor-luz.jpg\" \/>\n\t<meta property=\"og:image:width\" content=\"1000\" \/>\n\t<meta property=\"og:image:height\" content=\"667\" \/>\n\t<meta property=\"og:image:type\" content=\"image\/jpeg\" \/>\n<meta name=\"author\" content=\"Contenidos El Regional\" \/>\n<meta name=\"twitter:card\" content=\"summary_large_image\" \/>\n<meta name=\"twitter:creator\" content=\"@elregionalvm1\" \/>\n<meta name=\"twitter:site\" content=\"@elregionalvm1\" \/>\n<meta name=\"twitter:label1\" content=\"Escrito por\" \/>\n\t<meta name=\"twitter:data1\" content=\"Contenidos El Regional\" \/>\n\t<meta name=\"twitter:label2\" content=\"Tiempo de lectura\" \/>\n\t<meta name=\"twitter:data2\" content=\"1 minuto\" \/>\n<script type=\"application\/ld+json\" class=\"yoast-schema-graph\">{\"@context\":\"https:\/\/schema.org\",\"@graph\":[{\"@type\":\"Article\",\"@id\":\"http:\/\/elregionalvm.com.ar\/noticias-villa-maria\/buena-vida-septiembre-viene-a-verte-florecer\/#article\",\"isPartOf\":{\"@id\":\"http:\/\/elregionalvm.com.ar\/noticias-villa-maria\/buena-vida-septiembre-viene-a-verte-florecer\/\"},\"author\":{\"name\":\"Contenidos El Regional\",\"@id\":\"http:\/\/elregionalvm.com.ar\/noticias-villa-maria\/#\/schema\/person\/a0fb9c422317faca23d50163151bc354\"},\"headline\":\"[Buena Vida] Septiembre viene a verte florecer\",\"datePublished\":\"2021-09-01T21:52:32+00:00\",\"dateModified\":\"2021-09-04T02:29:50+00:00\",\"mainEntityOfPage\":{\"@id\":\"http:\/\/elregionalvm.com.ar\/noticias-villa-maria\/buena-vida-septiembre-viene-a-verte-florecer\/\"},\"wordCount\":155,\"commentCount\":0,\"image\":{\"@id\":\"http:\/\/elregionalvm.com.ar\/noticias-villa-maria\/buena-vida-septiembre-viene-a-verte-florecer\/#primaryimage\"},\"thumbnailUrl\":\"https:\/\/i0.wp.com\/elregionalvm.com.ar\/noticias-villa-maria\/wp-content\/uploads\/2021\/09\/Mujer-sonrisa-flor-luz.jpg?fit=1000%2C667&ssl=1\",\"keywords\":[\"Buena Vida\",\"Eleonora Casadei\",\"florecer\",\"Meditaci\u00f3n\",\"salud\",\"Septiembre\",\"Sue\u00f1os cumplidos\",\"Yoga\"],\"articleSection\":[\"Buena vida\",\"tercera\"],\"inLanguage\":\"es\",\"potentialAction\":[{\"@type\":\"CommentAction\",\"name\":\"Comment\",\"target\":[\"http:\/\/elregionalvm.com.ar\/noticias-villa-maria\/buena-vida-septiembre-viene-a-verte-florecer\/#respond\"]}]},{\"@type\":\"WebPage\",\"@id\":\"http:\/\/elregionalvm.com.ar\/noticias-villa-maria\/buena-vida-septiembre-viene-a-verte-florecer\/\",\"url\":\"http:\/\/elregionalvm.com.ar\/noticias-villa-maria\/buena-vida-septiembre-viene-a-verte-florecer\/\",\"name\":\"[Buena Vida] Septiembre viene a verte florecer - El Regional\",\"isPartOf\":{\"@id\":\"http:\/\/elregionalvm.com.ar\/noticias-villa-maria\/#website\"},\"primaryImageOfPage\":{\"@id\":\"http:\/\/elregionalvm.com.ar\/noticias-villa-maria\/buena-vida-septiembre-viene-a-verte-florecer\/#primaryimage\"},\"image\":{\"@id\":\"http:\/\/elregionalvm.com.ar\/noticias-villa-maria\/buena-vida-septiembre-viene-a-verte-florecer\/#primaryimage\"},\"thumbnailUrl\":\"https:\/\/i0.wp.com\/elregionalvm.com.ar\/noticias-villa-maria\/wp-content\/uploads\/2021\/09\/Mujer-sonrisa-flor-luz.jpg?fit=1000%2C667&ssl=1\",\"datePublished\":\"2021-09-01T21:52:32+00:00\",\"dateModified\":\"2021-09-04T02:29:50+00:00\",\"author\":{\"@id\":\"http:\/\/elregionalvm.com.ar\/noticias-villa-maria\/#\/schema\/person\/a0fb9c422317faca23d50163151bc354\"},\"breadcrumb\":{\"@id\":\"http:\/\/elregionalvm.com.ar\/noticias-villa-maria\/buena-vida-septiembre-viene-a-verte-florecer\/#breadcrumb\"},\"inLanguage\":\"es\",\"potentialAction\":[{\"@type\":\"ReadAction\",\"target\":[\"http:\/\/elregionalvm.com.ar\/noticias-villa-maria\/buena-vida-septiembre-viene-a-verte-florecer\/\"]}]},{\"@type\":\"ImageObject\",\"inLanguage\":\"es\",\"@id\":\"http:\/\/elregionalvm.com.ar\/noticias-villa-maria\/buena-vida-septiembre-viene-a-verte-florecer\/#primaryimage\",\"url\":\"https:\/\/i0.wp.com\/elregionalvm.com.ar\/noticias-villa-maria\/wp-content\/uploads\/2021\/09\/Mujer-sonrisa-flor-luz.jpg?fit=1000%2C667&ssl=1\",\"contentUrl\":\"https:\/\/i0.wp.com\/elregionalvm.com.ar\/noticias-villa-maria\/wp-content\/uploads\/2021\/09\/Mujer-sonrisa-flor-luz.jpg?fit=1000%2C667&ssl=1\",\"width\":1000,\"height\":667},{\"@type\":\"BreadcrumbList\",\"@id\":\"http:\/\/elregionalvm.com.ar\/noticias-villa-maria\/buena-vida-septiembre-viene-a-verte-florecer\/#breadcrumb\",\"itemListElement\":[{\"@type\":\"ListItem\",\"position\":1,\"name\":\"Portada\",\"item\":\"https:\/\/elregionalvm.com.ar\/noticias-villa-maria\/\"},{\"@type\":\"ListItem\",\"position\":2,\"name\":\"[Buena Vida] Septiembre viene a verte florecer\"}]},{\"@type\":\"WebSite\",\"@id\":\"http:\/\/elregionalvm.com.ar\/noticias-villa-maria\/#website\",\"url\":\"http:\/\/elregionalvm.com.ar\/noticias-villa-maria\/\",\"name\":\"El Regional\",\"description\":\"Mucho m\u00e1s que informaci\u00f3n\",\"potentialAction\":[{\"@type\":\"SearchAction\",\"target\":{\"@type\":\"EntryPoint\",\"urlTemplate\":\"http:\/\/elregionalvm.com.ar\/noticias-villa-maria\/?s={search_term_string}\"},\"query-input\":{\"@type\":\"PropertyValueSpecification\",\"valueRequired\":true,\"valueName\":\"search_term_string\"}}],\"inLanguage\":\"es\"},{\"@type\":\"Person\",\"@id\":\"http:\/\/elregionalvm.com.ar\/noticias-villa-maria\/#\/schema\/person\/a0fb9c422317faca23d50163151bc354\",\"name\":\"Contenidos El Regional\",\"image\":{\"@type\":\"ImageObject\",\"inLanguage\":\"es\",\"@id\":\"http:\/\/elregionalvm.com.ar\/noticias-villa-maria\/#\/schema\/person\/image\/\",\"url\":\"https:\/\/secure.gravatar.com\/avatar\/265b27cb2209af7bb3a1318f03305787d7981a5cc6e6cd08fe5a4ecdf99d4b48?s=96&d=mm&r=g\",\"contentUrl\":\"https:\/\/secure.gravatar.com\/avatar\/265b27cb2209af7bb3a1318f03305787d7981a5cc6e6cd08fe5a4ecdf99d4b48?s=96&d=mm&r=g\",\"caption\":\"Contenidos El Regional\"},\"url\":\"https:\/\/elregionalvm.com.ar\/noticias-villa-maria\/author\/contenido\/\"}]}<\/script>\n<!-- \/ Yoast SEO plugin. -->","yoast_head_json":{"title":"[Buena Vida] Septiembre viene a verte florecer - El Regional","robots":{"index":"index","follow":"follow","max-snippet":"max-snippet:-1","max-image-preview":"max-image-preview:large","max-video-preview":"max-video-preview:-1"},"canonical":"http:\/\/elregionalvm.com.ar\/noticias-villa-maria\/buena-vida-septiembre-viene-a-verte-florecer\/","og_locale":"es_ES","og_type":"article","og_title":"[Buena Vida] Septiembre viene a verte florecer - El Regional","og_description":"Escribe: Instructora Eleonora Casadei (*)\u00a0 \u00a1Ey! \u00bfViste qui\u00e9n lleg\u00f3? Septiembre, con amor, con ganas de empezar a florecer ese sue\u00f1o semilla que quiz\u00e1s cre\u00edmos que ya era tarde para regar. Pero hacete maceta y \u00a1dale que va! Si\u00e9ntate y observa, porque pronto tu Alma te dar\u00e1 ese olor a sue\u00f1o cumplido. Hacele luz con tu [&hellip;]","og_url":"http:\/\/elregionalvm.com.ar\/noticias-villa-maria\/buena-vida-septiembre-viene-a-verte-florecer\/","og_site_name":"El Regional","article_publisher":"https:\/\/www.facebook.com\/elregionalvm","article_published_time":"2021-09-01T21:52:32+00:00","article_modified_time":"2021-09-04T02:29:50+00:00","og_image":[{"width":1000,"height":667,"url":"http:\/\/elregionalvm.com.ar\/noticias-villa-maria\/wp-content\/uploads\/2021\/09\/Mujer-sonrisa-flor-luz.jpg","type":"image\/jpeg"}],"author":"Contenidos El Regional","twitter_card":"summary_large_image","twitter_creator":"@elregionalvm1","twitter_site":"@elregionalvm1","twitter_misc":{"Escrito por":"Contenidos El Regional","Tiempo de lectura":"1 minuto"},"schema":{"@context":"https:\/\/schema.org","@graph":[{"@type":"Article","@id":"http:\/\/elregionalvm.com.ar\/noticias-villa-maria\/buena-vida-septiembre-viene-a-verte-florecer\/#article","isPartOf":{"@id":"http:\/\/elregionalvm.com.ar\/noticias-villa-maria\/buena-vida-septiembre-viene-a-verte-florecer\/"},"author":{"name":"Contenidos El Regional","@id":"http:\/\/elregionalvm.com.ar\/noticias-villa-maria\/#\/schema\/person\/a0fb9c422317faca23d50163151bc354"},"headline":"[Buena Vida] Septiembre viene a verte florecer","datePublished":"2021-09-01T21:52:32+00:00","dateModified":"2021-09-04T02:29:50+00:00","mainEntityOfPage":{"@id":"http:\/\/elregionalvm.com.ar\/noticias-villa-maria\/buena-vida-septiembre-viene-a-verte-florecer\/"},"wordCount":155,"commentCount":0,"image":{"@id":"http:\/\/elregionalvm.com.ar\/noticias-villa-maria\/buena-vida-septiembre-viene-a-verte-florecer\/#primaryimage"},"thumbnailUrl":"https:\/\/i0.wp.com\/elregionalvm.com.ar\/noticias-villa-maria\/wp-content\/uploads\/2021\/09\/Mujer-sonrisa-flor-luz.jpg?fit=1000%2C667&ssl=1","keywords":["Buena Vida","Eleonora Casadei","florecer","Meditaci\u00f3n","salud","Septiembre","Sue\u00f1os cumplidos","Yoga"],"articleSection":["Buena vida","tercera"],"inLanguage":"es","potentialAction":[{"@type":"CommentAction","name":"Comment","target":["http:\/\/elregionalvm.com.ar\/noticias-villa-maria\/buena-vida-septiembre-viene-a-verte-florecer\/#respond"]}]},{"@type":"WebPage","@id":"http:\/\/elregionalvm.com.ar\/noticias-villa-maria\/buena-vida-septiembre-viene-a-verte-florecer\/","url":"http:\/\/elregionalvm.com.ar\/noticias-villa-maria\/buena-vida-septiembre-viene-a-verte-florecer\/","name":"[Buena Vida] Septiembre viene a verte florecer - El Regional","isPartOf":{"@id":"http:\/\/elregionalvm.com.ar\/noticias-villa-maria\/#website"},"primaryImageOfPage":{"@id":"http:\/\/elregionalvm.com.ar\/noticias-villa-maria\/buena-vida-septiembre-viene-a-verte-florecer\/#primaryimage"},"image":{"@id":"http:\/\/elregionalvm.com.ar\/noticias-villa-maria\/buena-vida-septiembre-viene-a-verte-florecer\/#primaryimage"},"thumbnailUrl":"https:\/\/i0.wp.com\/elregionalvm.com.ar\/noticias-villa-maria\/wp-content\/uploads\/2021\/09\/Mujer-sonrisa-flor-luz.jpg?fit=1000%2C667&ssl=1","datePublished":"2021-09-01T21:52:32+00:00","dateModified":"2021-09-04T02:29:50+00:00","author":{"@id":"http:\/\/elregionalvm.com.ar\/noticias-villa-maria\/#\/schema\/person\/a0fb9c422317faca23d50163151bc354"},"breadcrumb":{"@id":"http:\/\/elregionalvm.com.ar\/noticias-villa-maria\/buena-vida-septiembre-viene-a-verte-florecer\/#breadcrumb"},"inLanguage":"es","potentialAction":[{"@type":"ReadAction","target":["http:\/\/elregionalvm.com.ar\/noticias-villa-maria\/buena-vida-septiembre-viene-a-verte-florecer\/"]}]},{"@type":"ImageObject","inLanguage":"es","@id":"http:\/\/elregionalvm.com.ar\/noticias-villa-maria\/buena-vida-septiembre-viene-a-verte-florecer\/#primaryimage","url":"https:\/\/i0.wp.com\/elregionalvm.com.ar\/noticias-villa-maria\/wp-content\/uploads\/2021\/09\/Mujer-sonrisa-flor-luz.jpg?fit=1000%2C667&ssl=1","contentUrl":"https:\/\/i0.wp.com\/elregionalvm.com.ar\/noticias-villa-maria\/wp-content\/uploads\/2021\/09\/Mujer-sonrisa-flor-luz.jpg?fit=1000%2C667&ssl=1","width":1000,"height":667},{"@type":"BreadcrumbList","@id":"http:\/\/elregionalvm.com.ar\/noticias-villa-maria\/buena-vida-septiembre-viene-a-verte-florecer\/#breadcrumb","itemListElement":[{"@type":"ListItem","position":1,"name":"Portada","item":"https:\/\/elregionalvm.com.ar\/noticias-villa-maria\/"},{"@type":"ListItem","position":2,"name":"[Buena Vida] Septiembre viene a verte florecer"}]},{"@type":"WebSite","@id":"http:\/\/elregionalvm.com.ar\/noticias-villa-maria\/#website","url":"http:\/\/elregionalvm.com.ar\/noticias-villa-maria\/","name":"El Regional","description":"Mucho m\u00e1s que informaci\u00f3n","potentialAction":[{"@type":"SearchAction","target":{"@type":"EntryPoint","urlTemplate":"http:\/\/elregionalvm.com.ar\/noticias-villa-maria\/?s={search_term_string}"},"query-input":{"@type":"PropertyValueSpecification","valueRequired":true,"valueName":"search_term_string"}}],"inLanguage":"es"},{"@type":"Person","@id":"http:\/\/elregionalvm.com.ar\/noticias-villa-maria\/#\/schema\/person\/a0fb9c422317faca23d50163151bc354","name":"Contenidos El Regional","image":{"@type":"ImageObject","inLanguage":"es","@id":"http:\/\/elregionalvm.com.ar\/noticias-villa-maria\/#\/schema\/person\/image\/","url":"https:\/\/secure.gravatar.com\/avatar\/265b27cb2209af7bb3a1318f03305787d7981a5cc6e6cd08fe5a4ecdf99d4b48?s=96&d=mm&r=g","contentUrl":"https:\/\/secure.gravatar.com\/avatar\/265b27cb2209af7bb3a1318f03305787d7981a5cc6e6cd08fe5a4ecdf99d4b48?s=96&d=mm&r=g","caption":"Contenidos El Regional"},"url":"https:\/\/elregionalvm.com.ar\/noticias-villa-maria\/author\/contenido\/"}]}},"jetpack_featured_media_url":"https:\/\/i0.wp.com\/elregionalvm.com.ar\/noticias-villa-maria\/wp-content\/uploads\/2021\/09\/Mujer-sonrisa-flor-luz.jpg?fit=1000%2C667&ssl=1","jetpack_sharing_enabled":true,"_links":{"self":[{"href":"https:\/\/elregionalvm.com.ar\/noticias-villa-maria\/wp-json\/wp\/v2\/posts\/43892","targetHints":{"allow":["GET"]}}],"collection":[{"href":"https:\/\/elregionalvm.com.ar\/noticias-villa-maria\/wp-json\/wp\/v2\/posts"}],"about":[{"href":"https:\/\/elregionalvm.com.ar\/noticias-villa-maria\/wp-json\/wp\/v2\/types\/post"}],"author":[{"embeddable":true,"href":"https:\/\/elregionalvm.com.ar\/noticias-villa-maria\/wp-json\/wp\/v2\/users\/4"}],"replies":[{"embeddable":true,"href":"https:\/\/elregionalvm.com.ar\/noticias-villa-maria\/wp-json\/wp\/v2\/comments?post=43892"}],"version-history":[{"count":1,"href":"https:\/\/elregionalvm.com.ar\/noticias-villa-maria\/wp-json\/wp\/v2\/posts\/43892\/revisions"}],"predecessor-version":[{"id":43894,"href":"https:\/\/elregionalvm.com.ar\/noticias-villa-maria\/wp-json\/wp\/v2\/posts\/43892\/revisions\/43894"}],"wp:featuredmedia":[{"embeddable":true,"href":"https:\/\/elregionalvm.com.ar\/noticias-villa-maria\/wp-json\/wp\/v2\/media\/43893"}],"wp:attachment":[{"href":"https:\/\/elregionalvm.com.ar\/noticias-villa-maria\/wp-json\/wp\/v2\/media?parent=43892"}],"wp:term":[{"taxonomy":"category","embeddable":true,"href":"https:\/\/elregionalvm.com.ar\/noticias-villa-maria\/wp-json\/wp\/v2\/categories?post=43892"},{"taxonomy":"post_tag","embeddable":true,"href":"https:\/\/elregionalvm.com.ar\/noticias-villa-maria\/wp-json\/wp\/v2\/tags?post=43892"}],"curies":[{"name":"wp","href":"https:\/\/api.w.org\/{rel}","templated":true}]}}