{"id":43896,"date":"2021-09-01T23:32:34","date_gmt":"2021-09-01T23:32:34","guid":{"rendered":"https:\/\/elregionalvm.com.ar\/noticias-villa-maria\/?p=43896"},"modified":"2022-01-07T04:48:04","modified_gmt":"2022-01-07T04:48:04","slug":"confirmado-vuelve-el-festival-de-penas-en-febrero-de-2022","status":"publish","type":"post","link":"https:\/\/elregionalvm.com.ar\/noticias-villa-maria\/confirmado-vuelve-el-festival-de-penas-en-febrero-de-2022\/","title":{"rendered":"Confirmado: Vuelve el Festival de Pe\u00f1as en febrero de 2022"},"content":{"rendered":"\n<p>Este mi\u00e9rcoles, el intendente interino Pablo Rosso, encabez\u00f3 una reuni\u00f3n de trabajo con el objetivo de avanzar en las definiciones de organizaci\u00f3n para la realizaci\u00f3n del Festival Internacional de Pe\u00f1as 2022.<\/p>\n\n\n\n<p>Durante el encuentro, y a partir de la situaci\u00f3n epidemiol\u00f3gica y la proyecci\u00f3n de la misma, diagram\u00f3 junto a la titular del Ente Deporte y Turismo, Noelia Macagno, diferentes ejes de acci\u00f3n propios de la planificaci\u00f3n para la realizaci\u00f3n del evento.<\/p>\n\n\n\n<p>\u201cHemos dado instrucciones precisas para que trabajemos en fijar primero la fecha en donde Villa Mar\u00eda va a llevar adelante el Festival\u201d, dijo Rosso, quien adelant\u00f3 que ser\u00e1, en principio, en el mes de febrero del a\u00f1o 2022.<\/p>\n\n\n\n<p>El mandatario sostuvo que la situaci\u00f3n sanitaria y el nivel de vacunaci\u00f3n de la ciudad, pronta a alcanzar el total de mayores de 18 a\u00f1os con al menos una dosis y trabajando en la colocaci\u00f3n de vacunas en menores, permite proyectar un escenario positivo y gestionar con antelaci\u00f3n y responsablemente diferentes acciones en pos de ir hacia una nueva normalidad con mayores aperturas.<\/p>\n\n\n\n<p>\u201cVamos a seguir trabajando en estos meses, ampliando nuestra capacidad de protocolo y convocatoria al Anfiteatro, para hacer los ajustes que sean necesarios y estar completamente convencidos de que las personas van a poder asistir y disfrutar del espect\u00e1culo, y que nosotros vamos a ser capaces de cuidar su salud\u201d, expres\u00f3.<\/p>\n\n\n\n<p>Asimismo, valor\u00f3 como prueba exitosa la experiencia del evento realizado en el coloso de cemento d\u00edas atr\u00e1s, con el show Ni\u00f1et\u00f3n, por el cierre de la Semana de las Infancias. Para el mismo, se despleg\u00f3 un operativo de bioseguridad y se diagram\u00f3 un protocolo de funcionamiento del Anfiteatro, del personal y de comportamiento de las personas asistentes, ejes que permitieron que se realizara el espect\u00e1culo de manera responsable y cuidadosa.<\/p>\n","protected":false},"excerpt":{"rendered":"<p>Este mi\u00e9rcoles, el intendente interino Pablo Rosso, encabez\u00f3 una reuni\u00f3n de trabajo con el objetivo de avanzar en las definiciones de organizaci\u00f3n para la realizaci\u00f3n del Festival Internacional de Pe\u00f1as 2022. Durante el encuentro, y a partir de la situaci\u00f3n epidemiol\u00f3gica y la proyecci\u00f3n de la misma, diagram\u00f3 junto a la titular del Ente Deporte [&hellip;]<\/p>\n","protected":false},"author":4,"featured_media":43898,"comment_status":"open","ping_status":"open","sticky":false,"template":"","format":"standard","meta":{"site-sidebar-layout":"default","site-content-layout":"default","ast-site-content-layout":"default","site-content-style":"default","site-sidebar-style":"default","ast-global-header-display":"","ast-banner-title-visibility":"","ast-main-header-display":"","ast-hfb-above-header-display":"","ast-hfb-below-header-display":"","ast-hfb-mobile-header-display":"","site-post-title":"","ast-breadcrumbs-content":"","ast-featured-img":"","footer-sml-layout":"","ast-disable-related-posts":"","theme-transparent-header-meta":"default","adv-header-id-meta":"","stick-header-meta":"","header-above-stick-meta":"","header-main-stick-meta":"","header-below-stick-meta":"","astra-migrate-meta-layouts":"default","ast-page-background-enabled":"default","ast-page-background-meta":{"desktop":{"background-color":"","background-image":"","background-repeat":"repeat","background-position":"center center","background-size":"auto","background-attachment":"scroll","background-type":"","background-media":"","overlay-type":"","overlay-color":"","overlay-opacity":"","overlay-gradient":""},"tablet":{"background-color":"","background-image":"","background-repeat":"repeat","background-position":"center center","background-size":"auto","background-attachment":"scroll","background-type":"","background-media":"","overlay-type":"","overlay-color":"","overlay-opacity":"","overlay-gradient":""},"mobile":{"background-color":"","background-image":"","background-repeat":"repeat","background-position":"center center","background-size":"auto","background-attachment":"scroll","background-type":"","background-media":"","overlay-type":"","overlay-color":"","overlay-opacity":"","overlay-gradient":""}},"ast-content-background-meta":{"desktop":{"background-color":"var(--ast-global-color-5)","background-image":"","background-repeat":"repeat","background-position":"center center","background-size":"auto","background-attachment":"scroll","background-type":"","background-media":"","overlay-type":"","overlay-color":"","overlay-opacity":"","overlay-gradient":""},"tablet":{"background-color":"var(--ast-global-color-5)","background-image":"","background-repeat":"repeat","background-position":"center center","background-size":"auto","background-attachment":"scroll","background-type":"","background-media":"","overlay-type":"","overlay-color":"","overlay-opacity":"","overlay-gradient":""},"mobile":{"background-color":"var(--ast-global-color-5)","background-image":"","background-repeat":"repeat","background-position":"center center","background-size":"auto","background-attachment":"scroll","background-type":"","background-media":"","overlay-type":"","overlay-color":"","overlay-opacity":"","overlay-gradient":""}},"_jetpack_memberships_contains_paid_content":false,"_joinchat":[],"footnotes":""},"categories":[13130,2],"tags":[9572,1232,10942,10943,10941,534],"class_list":["post-43896","post","type-post","status-publish","format-standard","has-post-thumbnail","hentry","category-festival","category-villa-maria","tag-confirmado","tag-destacado","tag-febrero-2022","tag-fecha-a-confirmar","tag-festival-de-penas-2022","tag-villa-maria"],"yoast_head":"<!-- This site is optimized with the Yoast SEO plugin v26.8 - https:\/\/yoast.com\/product\/yoast-seo-wordpress\/ -->\n<title>Confirmado: Vuelve el Festival de Pe\u00f1as en febrero de 2022 - El Regional<\/title>\n<meta name=\"robots\" content=\"index, follow, max-snippet:-1, max-image-preview:large, max-video-preview:-1\" \/>\n<link rel=\"canonical\" href=\"http:\/\/elregionalvm.com.ar\/noticias-villa-maria\/confirmado-vuelve-el-festival-de-penas-en-febrero-de-2022\/\" \/>\n<meta property=\"og:locale\" content=\"es_ES\" \/>\n<meta property=\"og:type\" content=\"article\" \/>\n<meta property=\"og:title\" content=\"Confirmado: Vuelve el Festival de Pe\u00f1as en febrero de 2022 - El Regional\" \/>\n<meta property=\"og:description\" content=\"Este mi\u00e9rcoles, el intendente interino Pablo Rosso, encabez\u00f3 una reuni\u00f3n de trabajo con el objetivo de avanzar en las definiciones de organizaci\u00f3n para la realizaci\u00f3n del Festival Internacional de Pe\u00f1as 2022. Durante el encuentro, y a partir de la situaci\u00f3n epidemiol\u00f3gica y la proyecci\u00f3n de la misma, diagram\u00f3 junto a la titular del Ente Deporte [&hellip;]\" \/>\n<meta property=\"og:url\" content=\"http:\/\/elregionalvm.com.ar\/noticias-villa-maria\/confirmado-vuelve-el-festival-de-penas-en-febrero-de-2022\/\" \/>\n<meta property=\"og:site_name\" content=\"El Regional\" \/>\n<meta property=\"article:publisher\" content=\"https:\/\/www.facebook.com\/elregionalvm\" \/>\n<meta property=\"article:published_time\" content=\"2021-09-01T23:32:34+00:00\" \/>\n<meta property=\"article:modified_time\" content=\"2022-01-07T04:48:04+00:00\" \/>\n<meta property=\"og:image\" content=\"http:\/\/elregionalvm.com.ar\/noticias-villa-maria\/wp-content\/uploads\/2021\/09\/anfiteatro-1.jpg\" \/>\n\t<meta property=\"og:image:width\" content=\"276\" \/>\n\t<meta property=\"og:image:height\" content=\"183\" \/>\n\t<meta property=\"og:image:type\" content=\"image\/jpeg\" \/>\n<meta name=\"author\" content=\"Contenidos El Regional\" \/>\n<meta name=\"twitter:card\" content=\"summary_large_image\" \/>\n<meta name=\"twitter:creator\" content=\"@elregionalvm1\" \/>\n<meta name=\"twitter:site\" content=\"@elregionalvm1\" \/>\n<meta name=\"twitter:label1\" content=\"Escrito por\" \/>\n\t<meta name=\"twitter:data1\" content=\"Contenidos El Regional\" \/>\n\t<meta name=\"twitter:label2\" content=\"Tiempo de lectura\" \/>\n\t<meta name=\"twitter:data2\" content=\"2 minutos\" \/>\n<script type=\"application\/ld+json\" class=\"yoast-schema-graph\">{\"@context\":\"https:\/\/schema.org\",\"@graph\":[{\"@type\":\"Article\",\"@id\":\"http:\/\/elregionalvm.com.ar\/noticias-villa-maria\/confirmado-vuelve-el-festival-de-penas-en-febrero-de-2022\/#article\",\"isPartOf\":{\"@id\":\"http:\/\/elregionalvm.com.ar\/noticias-villa-maria\/confirmado-vuelve-el-festival-de-penas-en-febrero-de-2022\/\"},\"author\":{\"name\":\"Contenidos El Regional\",\"@id\":\"http:\/\/elregionalvm.com.ar\/noticias-villa-maria\/#\/schema\/person\/a0fb9c422317faca23d50163151bc354\"},\"headline\":\"Confirmado: Vuelve el Festival de Pe\u00f1as en febrero de 2022\",\"datePublished\":\"2021-09-01T23:32:34+00:00\",\"dateModified\":\"2022-01-07T04:48:04+00:00\",\"mainEntityOfPage\":{\"@id\":\"http:\/\/elregionalvm.com.ar\/noticias-villa-maria\/confirmado-vuelve-el-festival-de-penas-en-febrero-de-2022\/\"},\"wordCount\":325,\"commentCount\":0,\"image\":{\"@id\":\"http:\/\/elregionalvm.com.ar\/noticias-villa-maria\/confirmado-vuelve-el-festival-de-penas-en-febrero-de-2022\/#primaryimage\"},\"thumbnailUrl\":\"https:\/\/i0.wp.com\/elregionalvm.com.ar\/noticias-villa-maria\/wp-content\/uploads\/2021\/09\/anfiteatro-1.jpg?fit=276%2C183&ssl=1\",\"keywords\":[\"confirmado\",\"destacado\",\"febrero 2022\",\"fecha a confirmar\",\"Festival de Pe\u00f1as 2022\",\"villa maria\"],\"articleSection\":[\"Festival de Pe\u00f1as\",\"Villa Mar\u00eda\"],\"inLanguage\":\"es\",\"potentialAction\":[{\"@type\":\"CommentAction\",\"name\":\"Comment\",\"target\":[\"http:\/\/elregionalvm.com.ar\/noticias-villa-maria\/confirmado-vuelve-el-festival-de-penas-en-febrero-de-2022\/#respond\"]}]},{\"@type\":\"WebPage\",\"@id\":\"http:\/\/elregionalvm.com.ar\/noticias-villa-maria\/confirmado-vuelve-el-festival-de-penas-en-febrero-de-2022\/\",\"url\":\"http:\/\/elregionalvm.com.ar\/noticias-villa-maria\/confirmado-vuelve-el-festival-de-penas-en-febrero-de-2022\/\",\"name\":\"Confirmado: Vuelve el Festival de Pe\u00f1as en febrero de 2022 - El Regional\",\"isPartOf\":{\"@id\":\"http:\/\/elregionalvm.com.ar\/noticias-villa-maria\/#website\"},\"primaryImageOfPage\":{\"@id\":\"http:\/\/elregionalvm.com.ar\/noticias-villa-maria\/confirmado-vuelve-el-festival-de-penas-en-febrero-de-2022\/#primaryimage\"},\"image\":{\"@id\":\"http:\/\/elregionalvm.com.ar\/noticias-villa-maria\/confirmado-vuelve-el-festival-de-penas-en-febrero-de-2022\/#primaryimage\"},\"thumbnailUrl\":\"https:\/\/i0.wp.com\/elregionalvm.com.ar\/noticias-villa-maria\/wp-content\/uploads\/2021\/09\/anfiteatro-1.jpg?fit=276%2C183&ssl=1\",\"datePublished\":\"2021-09-01T23:32:34+00:00\",\"dateModified\":\"2022-01-07T04:48:04+00:00\",\"author\":{\"@id\":\"http:\/\/elregionalvm.com.ar\/noticias-villa-maria\/#\/schema\/person\/a0fb9c422317faca23d50163151bc354\"},\"breadcrumb\":{\"@id\":\"http:\/\/elregionalvm.com.ar\/noticias-villa-maria\/confirmado-vuelve-el-festival-de-penas-en-febrero-de-2022\/#breadcrumb\"},\"inLanguage\":\"es\",\"potentialAction\":[{\"@type\":\"ReadAction\",\"target\":[\"http:\/\/elregionalvm.com.ar\/noticias-villa-maria\/confirmado-vuelve-el-festival-de-penas-en-febrero-de-2022\/\"]}]},{\"@type\":\"ImageObject\",\"inLanguage\":\"es\",\"@id\":\"http:\/\/elregionalvm.com.ar\/noticias-villa-maria\/confirmado-vuelve-el-festival-de-penas-en-febrero-de-2022\/#primaryimage\",\"url\":\"https:\/\/i0.wp.com\/elregionalvm.com.ar\/noticias-villa-maria\/wp-content\/uploads\/2021\/09\/anfiteatro-1.jpg?fit=276%2C183&ssl=1\",\"contentUrl\":\"https:\/\/i0.wp.com\/elregionalvm.com.ar\/noticias-villa-maria\/wp-content\/uploads\/2021\/09\/anfiteatro-1.jpg?fit=276%2C183&ssl=1\",\"width\":276,\"height\":183},{\"@type\":\"BreadcrumbList\",\"@id\":\"http:\/\/elregionalvm.com.ar\/noticias-villa-maria\/confirmado-vuelve-el-festival-de-penas-en-febrero-de-2022\/#breadcrumb\",\"itemListElement\":[{\"@type\":\"ListItem\",\"position\":1,\"name\":\"Portada\",\"item\":\"https:\/\/elregionalvm.com.ar\/noticias-villa-maria\/\"},{\"@type\":\"ListItem\",\"position\":2,\"name\":\"Confirmado: Vuelve el Festival de Pe\u00f1as en febrero de 2022\"}]},{\"@type\":\"WebSite\",\"@id\":\"http:\/\/elregionalvm.com.ar\/noticias-villa-maria\/#website\",\"url\":\"http:\/\/elregionalvm.com.ar\/noticias-villa-maria\/\",\"name\":\"El Regional\",\"description\":\"Mucho m\u00e1s que informaci\u00f3n\",\"potentialAction\":[{\"@type\":\"SearchAction\",\"target\":{\"@type\":\"EntryPoint\",\"urlTemplate\":\"http:\/\/elregionalvm.com.ar\/noticias-villa-maria\/?s={search_term_string}\"},\"query-input\":{\"@type\":\"PropertyValueSpecification\",\"valueRequired\":true,\"valueName\":\"search_term_string\"}}],\"inLanguage\":\"es\"},{\"@type\":\"Person\",\"@id\":\"http:\/\/elregionalvm.com.ar\/noticias-villa-maria\/#\/schema\/person\/a0fb9c422317faca23d50163151bc354\",\"name\":\"Contenidos El Regional\",\"image\":{\"@type\":\"ImageObject\",\"inLanguage\":\"es\",\"@id\":\"http:\/\/elregionalvm.com.ar\/noticias-villa-maria\/#\/schema\/person\/image\/\",\"url\":\"https:\/\/secure.gravatar.com\/avatar\/265b27cb2209af7bb3a1318f03305787d7981a5cc6e6cd08fe5a4ecdf99d4b48?s=96&d=mm&r=g\",\"contentUrl\":\"https:\/\/secure.gravatar.com\/avatar\/265b27cb2209af7bb3a1318f03305787d7981a5cc6e6cd08fe5a4ecdf99d4b48?s=96&d=mm&r=g\",\"caption\":\"Contenidos El Regional\"},\"url\":\"https:\/\/elregionalvm.com.ar\/noticias-villa-maria\/author\/contenido\/\"}]}<\/script>\n<!-- \/ Yoast SEO plugin. -->","yoast_head_json":{"title":"Confirmado: Vuelve el Festival de Pe\u00f1as en febrero de 2022 - El Regional","robots":{"index":"index","follow":"follow","max-snippet":"max-snippet:-1","max-image-preview":"max-image-preview:large","max-video-preview":"max-video-preview:-1"},"canonical":"http:\/\/elregionalvm.com.ar\/noticias-villa-maria\/confirmado-vuelve-el-festival-de-penas-en-febrero-de-2022\/","og_locale":"es_ES","og_type":"article","og_title":"Confirmado: Vuelve el Festival de Pe\u00f1as en febrero de 2022 - El Regional","og_description":"Este mi\u00e9rcoles, el intendente interino Pablo Rosso, encabez\u00f3 una reuni\u00f3n de trabajo con el objetivo de avanzar en las definiciones de organizaci\u00f3n para la realizaci\u00f3n del Festival Internacional de Pe\u00f1as 2022. Durante el encuentro, y a partir de la situaci\u00f3n epidemiol\u00f3gica y la proyecci\u00f3n de la misma, diagram\u00f3 junto a la titular del Ente Deporte [&hellip;]","og_url":"http:\/\/elregionalvm.com.ar\/noticias-villa-maria\/confirmado-vuelve-el-festival-de-penas-en-febrero-de-2022\/","og_site_name":"El Regional","article_publisher":"https:\/\/www.facebook.com\/elregionalvm","article_published_time":"2021-09-01T23:32:34+00:00","article_modified_time":"2022-01-07T04:48:04+00:00","og_image":[{"width":276,"height":183,"url":"http:\/\/elregionalvm.com.ar\/noticias-villa-maria\/wp-content\/uploads\/2021\/09\/anfiteatro-1.jpg","type":"image\/jpeg"}],"author":"Contenidos El Regional","twitter_card":"summary_large_image","twitter_creator":"@elregionalvm1","twitter_site":"@elregionalvm1","twitter_misc":{"Escrito por":"Contenidos El Regional","Tiempo de lectura":"2 minutos"},"schema":{"@context":"https:\/\/schema.org","@graph":[{"@type":"Article","@id":"http:\/\/elregionalvm.com.ar\/noticias-villa-maria\/confirmado-vuelve-el-festival-de-penas-en-febrero-de-2022\/#article","isPartOf":{"@id":"http:\/\/elregionalvm.com.ar\/noticias-villa-maria\/confirmado-vuelve-el-festival-de-penas-en-febrero-de-2022\/"},"author":{"name":"Contenidos El Regional","@id":"http:\/\/elregionalvm.com.ar\/noticias-villa-maria\/#\/schema\/person\/a0fb9c422317faca23d50163151bc354"},"headline":"Confirmado: Vuelve el Festival de Pe\u00f1as en febrero de 2022","datePublished":"2021-09-01T23:32:34+00:00","dateModified":"2022-01-07T04:48:04+00:00","mainEntityOfPage":{"@id":"http:\/\/elregionalvm.com.ar\/noticias-villa-maria\/confirmado-vuelve-el-festival-de-penas-en-febrero-de-2022\/"},"wordCount":325,"commentCount":0,"image":{"@id":"http:\/\/elregionalvm.com.ar\/noticias-villa-maria\/confirmado-vuelve-el-festival-de-penas-en-febrero-de-2022\/#primaryimage"},"thumbnailUrl":"https:\/\/i0.wp.com\/elregionalvm.com.ar\/noticias-villa-maria\/wp-content\/uploads\/2021\/09\/anfiteatro-1.jpg?fit=276%2C183&ssl=1","keywords":["confirmado","destacado","febrero 2022","fecha a confirmar","Festival de Pe\u00f1as 2022","villa maria"],"articleSection":["Festival de Pe\u00f1as","Villa Mar\u00eda"],"inLanguage":"es","potentialAction":[{"@type":"CommentAction","name":"Comment","target":["http:\/\/elregionalvm.com.ar\/noticias-villa-maria\/confirmado-vuelve-el-festival-de-penas-en-febrero-de-2022\/#respond"]}]},{"@type":"WebPage","@id":"http:\/\/elregionalvm.com.ar\/noticias-villa-maria\/confirmado-vuelve-el-festival-de-penas-en-febrero-de-2022\/","url":"http:\/\/elregionalvm.com.ar\/noticias-villa-maria\/confirmado-vuelve-el-festival-de-penas-en-febrero-de-2022\/","name":"Confirmado: Vuelve el Festival de Pe\u00f1as en febrero de 2022 - El Regional","isPartOf":{"@id":"http:\/\/elregionalvm.com.ar\/noticias-villa-maria\/#website"},"primaryImageOfPage":{"@id":"http:\/\/elregionalvm.com.ar\/noticias-villa-maria\/confirmado-vuelve-el-festival-de-penas-en-febrero-de-2022\/#primaryimage"},"image":{"@id":"http:\/\/elregionalvm.com.ar\/noticias-villa-maria\/confirmado-vuelve-el-festival-de-penas-en-febrero-de-2022\/#primaryimage"},"thumbnailUrl":"https:\/\/i0.wp.com\/elregionalvm.com.ar\/noticias-villa-maria\/wp-content\/uploads\/2021\/09\/anfiteatro-1.jpg?fit=276%2C183&ssl=1","datePublished":"2021-09-01T23:32:34+00:00","dateModified":"2022-01-07T04:48:04+00:00","author":{"@id":"http:\/\/elregionalvm.com.ar\/noticias-villa-maria\/#\/schema\/person\/a0fb9c422317faca23d50163151bc354"},"breadcrumb":{"@id":"http:\/\/elregionalvm.com.ar\/noticias-villa-maria\/confirmado-vuelve-el-festival-de-penas-en-febrero-de-2022\/#breadcrumb"},"inLanguage":"es","potentialAction":[{"@type":"ReadAction","target":["http:\/\/elregionalvm.com.ar\/noticias-villa-maria\/confirmado-vuelve-el-festival-de-penas-en-febrero-de-2022\/"]}]},{"@type":"ImageObject","inLanguage":"es","@id":"http:\/\/elregionalvm.com.ar\/noticias-villa-maria\/confirmado-vuelve-el-festival-de-penas-en-febrero-de-2022\/#primaryimage","url":"https:\/\/i0.wp.com\/elregionalvm.com.ar\/noticias-villa-maria\/wp-content\/uploads\/2021\/09\/anfiteatro-1.jpg?fit=276%2C183&ssl=1","contentUrl":"https:\/\/i0.wp.com\/elregionalvm.com.ar\/noticias-villa-maria\/wp-content\/uploads\/2021\/09\/anfiteatro-1.jpg?fit=276%2C183&ssl=1","width":276,"height":183},{"@type":"BreadcrumbList","@id":"http:\/\/elregionalvm.com.ar\/noticias-villa-maria\/confirmado-vuelve-el-festival-de-penas-en-febrero-de-2022\/#breadcrumb","itemListElement":[{"@type":"ListItem","position":1,"name":"Portada","item":"https:\/\/elregionalvm.com.ar\/noticias-villa-maria\/"},{"@type":"ListItem","position":2,"name":"Confirmado: Vuelve el Festival de Pe\u00f1as en febrero de 2022"}]},{"@type":"WebSite","@id":"http:\/\/elregionalvm.com.ar\/noticias-villa-maria\/#website","url":"http:\/\/elregionalvm.com.ar\/noticias-villa-maria\/","name":"El Regional","description":"Mucho m\u00e1s que informaci\u00f3n","potentialAction":[{"@type":"SearchAction","target":{"@type":"EntryPoint","urlTemplate":"http:\/\/elregionalvm.com.ar\/noticias-villa-maria\/?s={search_term_string}"},"query-input":{"@type":"PropertyValueSpecification","valueRequired":true,"valueName":"search_term_string"}}],"inLanguage":"es"},{"@type":"Person","@id":"http:\/\/elregionalvm.com.ar\/noticias-villa-maria\/#\/schema\/person\/a0fb9c422317faca23d50163151bc354","name":"Contenidos El Regional","image":{"@type":"ImageObject","inLanguage":"es","@id":"http:\/\/elregionalvm.com.ar\/noticias-villa-maria\/#\/schema\/person\/image\/","url":"https:\/\/secure.gravatar.com\/avatar\/265b27cb2209af7bb3a1318f03305787d7981a5cc6e6cd08fe5a4ecdf99d4b48?s=96&d=mm&r=g","contentUrl":"https:\/\/secure.gravatar.com\/avatar\/265b27cb2209af7bb3a1318f03305787d7981a5cc6e6cd08fe5a4ecdf99d4b48?s=96&d=mm&r=g","caption":"Contenidos El Regional"},"url":"https:\/\/elregionalvm.com.ar\/noticias-villa-maria\/author\/contenido\/"}]}},"jetpack_featured_media_url":"https:\/\/i0.wp.com\/elregionalvm.com.ar\/noticias-villa-maria\/wp-content\/uploads\/2021\/09\/anfiteatro-1.jpg?fit=276%2C183&ssl=1","jetpack_sharing_enabled":true,"_links":{"self":[{"href":"https:\/\/elregionalvm.com.ar\/noticias-villa-maria\/wp-json\/wp\/v2\/posts\/43896","targetHints":{"allow":["GET"]}}],"collection":[{"href":"https:\/\/elregionalvm.com.ar\/noticias-villa-maria\/wp-json\/wp\/v2\/posts"}],"about":[{"href":"https:\/\/elregionalvm.com.ar\/noticias-villa-maria\/wp-json\/wp\/v2\/types\/post"}],"author":[{"embeddable":true,"href":"https:\/\/elregionalvm.com.ar\/noticias-villa-maria\/wp-json\/wp\/v2\/users\/4"}],"replies":[{"embeddable":true,"href":"https:\/\/elregionalvm.com.ar\/noticias-villa-maria\/wp-json\/wp\/v2\/comments?post=43896"}],"version-history":[{"count":1,"href":"https:\/\/elregionalvm.com.ar\/noticias-villa-maria\/wp-json\/wp\/v2\/posts\/43896\/revisions"}],"predecessor-version":[{"id":43899,"href":"https:\/\/elregionalvm.com.ar\/noticias-villa-maria\/wp-json\/wp\/v2\/posts\/43896\/revisions\/43899"}],"wp:featuredmedia":[{"embeddable":true,"href":"https:\/\/elregionalvm.com.ar\/noticias-villa-maria\/wp-json\/wp\/v2\/media\/43898"}],"wp:attachment":[{"href":"https:\/\/elregionalvm.com.ar\/noticias-villa-maria\/wp-json\/wp\/v2\/media?parent=43896"}],"wp:term":[{"taxonomy":"category","embeddable":true,"href":"https:\/\/elregionalvm.com.ar\/noticias-villa-maria\/wp-json\/wp\/v2\/categories?post=43896"},{"taxonomy":"post_tag","embeddable":true,"href":"https:\/\/elregionalvm.com.ar\/noticias-villa-maria\/wp-json\/wp\/v2\/tags?post=43896"}],"curies":[{"name":"wp","href":"https:\/\/api.w.org\/{rel}","templated":true}]}}