{"id":44000,"date":"2021-09-03T01:19:02","date_gmt":"2021-09-03T01:19:02","guid":{"rendered":"https:\/\/elregionalvm.com.ar\/noticias-villa-maria\/?p=44000"},"modified":"2021-09-03T01:19:03","modified_gmt":"2021-09-03T01:19:03","slug":"policia-ambiental-rastrea-la-presencia-de-crias-de-yacare-en-laguna-las-mojarras","status":"publish","type":"post","link":"https:\/\/elregionalvm.com.ar\/noticias-villa-maria\/policia-ambiental-rastrea-la-presencia-de-crias-de-yacare-en-laguna-las-mojarras\/","title":{"rendered":"Polic\u00eda Ambiental rastrea la presencia de cr\u00edas de yacar\u00e9 en laguna Las Mojarras"},"content":{"rendered":"\n<p><\/p>\n\n\n\n<p>La Polic\u00eda Ambiental, dependiente del Ministerio de Coordinaci\u00f3n provincial, puso en marcha un operativo para verificar la presencia de cr\u00edas de yacar\u00e9 en la laguna Las Mojarras.<\/p>\n\n\n\n<p>La acci\u00f3n se puso en marcha luego de <a href=\"https:\/\/elregionalvm.com.ar\/noticias-villa-maria\/curioso-crias-de-yacare-en-la-laguna-de-las-mojarras\/\">denuncias de pescadores sobre la aparici\u00f3n de esta especie<\/a> en el espejo de agua ubicado a pocos kil\u00f3metros de Villa Mar\u00eda.<\/p>\n\n\n\n<p>Se trata de cr\u00edas de la especie yacar\u00e9 overo (Caiman latirostris), que habita regiones pantanosas y lacustres.<\/p>\n\n\n\n<p>\u201cUna vez que recibimos la informaci\u00f3n, inspectores de Polic\u00eda Ambiental fueron al lugar y al no detectar nada estamos organizando operativos nocturnos para tratar de atraparlos, porque son animales bastante escurridizos\u201d, precis\u00f3 Adri\u00e1n Rinaudo, director de Polic\u00eda Ambiental.<\/p>\n\n\n\n<p>En caso de que se detecte la presencia de los animales, ser\u00e1n rescatados y traslados a los centros de rehabilitaci\u00f3n con los que trabaja la Provincia, para constatar si la procedencia de las especies es de criadero o si se trata de animales silvestres de su zona de distribuci\u00f3n: Entre R\u00edos, Corrientes, Misiones, Formosa y Santa Fe.<\/p>\n\n\n\n<p><\/p>\n\n\n\n<figure class=\"wp-block-embed is-type-wp-embed is-provider-el-regional wp-block-embed-el-regional\"><div class=\"wp-block-embed__wrapper\">\n<blockquote class=\"wp-embedded-content\" data-secret=\"OBqgckgHiy\"><a href=\"https:\/\/elregionalvm.com.ar\/noticias-villa-maria\/curioso-crias-de-yacare-en-la-laguna-de-las-mojarras\/\">Curioso: \u00bfCr\u00edas de yacar\u00e9 en la laguna de Las Mojarras?<\/a><\/blockquote><iframe class=\"wp-embedded-content\" sandbox=\"allow-scripts\" security=\"restricted\" style=\"position: absolute; visibility: hidden;\" title=\"\u00abCurioso: \u00bfCr\u00edas de yacar\u00e9 en la laguna de Las Mojarras?\u00bb \u2014 El Regional\" src=\"https:\/\/elregionalvm.com.ar\/noticias-villa-maria\/curioso-crias-de-yacare-en-la-laguna-de-las-mojarras\/embed\/#?secret=xDUzUs2pPA#?secret=OBqgckgHiy\" data-secret=\"OBqgckgHiy\" width=\"500\" height=\"282\" frameborder=\"0\" marginwidth=\"0\" marginheight=\"0\" scrolling=\"no\"><\/iframe>\n<\/div><\/figure>\n\n\n\n<p><strong>Sobre la especie<\/strong><\/p>\n\n\n\n<p>El yacar\u00e9 overo (Caiman latirostris) habita regiones pantanosas y lacustres de Bolivia, Brasil, Argentina, Uruguay y Paraguay. En Argentina, sus poblaciones se encuentran en el norte, noroeste y nordeste, en las cuencas del bajo Paran\u00e1, del R\u00edo Paraguay y del R\u00edo Pilcomayo.<\/p>\n\n\n\n<p>Su dieta es exclusivamente carn\u00edvora; se basa principalmente en caracoles, moluscos y crust\u00e1ceos. Tambi\u00e9n se alimenta de reptiles y mam\u00edferos peque\u00f1os. No tiene conductas agresivas y en \u00e9pocas de fr\u00edo hiberna.<\/p>\n\n\n\n<p>Polic\u00eda Ambiental ejerce el control y fiscalizaci\u00f3n en materia h\u00eddrico-ambiental y de los recursos naturales en todo el \u00e1mbito de la provincia de C\u00f3rdoba. Por denuncias u oficio, la repartici\u00f3n lleva adelante el control de toda actividad que afecte los recursos naturales (suelo, subsuelo, agua, aire, depredaci\u00f3n de especies animales y vegetales) y el ambiente.<\/p>\n\n\n\n<p><strong>Canales de denuncia<\/strong><\/p>\n\n\n\n<p>0351-4420924<\/p>\n\n\n\n<p>Policia.Ambiental@cba.gov.ar<\/p>\n\n\n\n<p>denunciaspoliciaambiental.cba.gov.ar<\/p>\n\n\n\n<p>Marcelo T. de Alvear 876 (C\u00f3rdoba Capital)<\/p>\n","protected":false},"excerpt":{"rendered":"<p>La Polic\u00eda Ambiental, dependiente del Ministerio de Coordinaci\u00f3n provincial, puso en marcha un operativo para verificar la presencia de cr\u00edas de yacar\u00e9 en la laguna Las Mojarras. La acci\u00f3n se puso en marcha luego de denuncias de pescadores sobre la aparici\u00f3n de esta especie en el espejo de agua ubicado a pocos kil\u00f3metros de Villa [&hellip;]<\/p>\n","protected":false},"author":4,"featured_media":44002,"comment_status":"open","ping_status":"open","sticky":false,"template":"","format":"standard","meta":{"site-sidebar-layout":"default","site-content-layout":"default","ast-site-content-layout":"default","site-content-style":"default","site-sidebar-style":"default","ast-global-header-display":"","ast-banner-title-visibility":"","ast-main-header-display":"","ast-hfb-above-header-display":"","ast-hfb-below-header-display":"","ast-hfb-mobile-header-display":"","site-post-title":"","ast-breadcrumbs-content":"","ast-featured-img":"","footer-sml-layout":"","ast-disable-related-posts":"","theme-transparent-header-meta":"default","adv-header-id-meta":"","stick-header-meta":"","header-above-stick-meta":"","header-main-stick-meta":"","header-below-stick-meta":"","astra-migrate-meta-layouts":"default","ast-page-background-enabled":"default","ast-page-background-meta":{"desktop":{"background-color":"","background-image":"","background-repeat":"repeat","background-position":"center center","background-size":"auto","background-attachment":"scroll","background-type":"","background-media":"","overlay-type":"","overlay-color":"","overlay-opacity":"","overlay-gradient":""},"tablet":{"background-color":"","background-image":"","background-repeat":"repeat","background-position":"center center","background-size":"auto","background-attachment":"scroll","background-type":"","background-media":"","overlay-type":"","overlay-color":"","overlay-opacity":"","overlay-gradient":""},"mobile":{"background-color":"","background-image":"","background-repeat":"repeat","background-position":"center center","background-size":"auto","background-attachment":"scroll","background-type":"","background-media":"","overlay-type":"","overlay-color":"","overlay-opacity":"","overlay-gradient":""}},"ast-content-background-meta":{"desktop":{"background-color":"var(--ast-global-color-5)","background-image":"","background-repeat":"repeat","background-position":"center center","background-size":"auto","background-attachment":"scroll","background-type":"","background-media":"","overlay-type":"","overlay-color":"","overlay-opacity":"","overlay-gradient":""},"tablet":{"background-color":"var(--ast-global-color-5)","background-image":"","background-repeat":"repeat","background-position":"center center","background-size":"auto","background-attachment":"scroll","background-type":"","background-media":"","overlay-type":"","overlay-color":"","overlay-opacity":"","overlay-gradient":""},"mobile":{"background-color":"var(--ast-global-color-5)","background-image":"","background-repeat":"repeat","background-position":"center center","background-size":"auto","background-attachment":"scroll","background-type":"","background-media":"","overlay-type":"","overlay-color":"","overlay-opacity":"","overlay-gradient":""}},"_jetpack_memberships_contains_paid_content":false,"_joinchat":[],"footnotes":""},"categories":[2],"tags":[1232,9922,3043,2456,2248,10892],"class_list":["post-44000","post","type-post","status-publish","format-standard","has-post-thumbnail","hentry","category-villa-maria","tag-destacado","tag-laguna","tag-las-mojarras","tag-policia-ambiental","tag-villa-maria-2","tag-yacares"],"yoast_head":"<!-- This site is optimized with the Yoast SEO plugin v26.8 - https:\/\/yoast.com\/product\/yoast-seo-wordpress\/ -->\n<title>Polic\u00eda Ambiental rastrea la presencia de cr\u00edas de yacar\u00e9 en laguna Las Mojarras - El Regional<\/title>\n<meta name=\"robots\" content=\"index, follow, max-snippet:-1, max-image-preview:large, max-video-preview:-1\" \/>\n<link rel=\"canonical\" href=\"http:\/\/elregionalvm.com.ar\/noticias-villa-maria\/policia-ambiental-rastrea-la-presencia-de-crias-de-yacare-en-laguna-las-mojarras\/\" \/>\n<meta property=\"og:locale\" content=\"es_ES\" \/>\n<meta property=\"og:type\" content=\"article\" \/>\n<meta property=\"og:title\" content=\"Polic\u00eda Ambiental rastrea la presencia de cr\u00edas de yacar\u00e9 en laguna Las Mojarras - El Regional\" \/>\n<meta property=\"og:description\" content=\"La Polic\u00eda Ambiental, dependiente del Ministerio de Coordinaci\u00f3n provincial, puso en marcha un operativo para verificar la presencia de cr\u00edas de yacar\u00e9 en la laguna Las Mojarras. La acci\u00f3n se puso en marcha luego de denuncias de pescadores sobre la aparici\u00f3n de esta especie en el espejo de agua ubicado a pocos kil\u00f3metros de Villa [&hellip;]\" \/>\n<meta property=\"og:url\" content=\"http:\/\/elregionalvm.com.ar\/noticias-villa-maria\/policia-ambiental-rastrea-la-presencia-de-crias-de-yacare-en-laguna-las-mojarras\/\" \/>\n<meta property=\"og:site_name\" content=\"El Regional\" \/>\n<meta property=\"article:publisher\" content=\"https:\/\/www.facebook.com\/elregionalvm\" \/>\n<meta property=\"article:published_time\" content=\"2021-09-03T01:19:02+00:00\" \/>\n<meta property=\"article:modified_time\" content=\"2021-09-03T01:19:03+00:00\" \/>\n<meta property=\"og:image\" content=\"http:\/\/elregionalvm.com.ar\/noticias-villa-maria\/wp-content\/uploads\/2021\/09\/Laguna.jpeg\" \/>\n\t<meta property=\"og:image:width\" content=\"990\" \/>\n\t<meta property=\"og:image:height\" content=\"660\" \/>\n\t<meta property=\"og:image:type\" content=\"image\/jpeg\" \/>\n<meta name=\"author\" content=\"Contenidos El Regional\" \/>\n<meta name=\"twitter:card\" content=\"summary_large_image\" \/>\n<meta name=\"twitter:creator\" content=\"@elregionalvm1\" \/>\n<meta name=\"twitter:site\" content=\"@elregionalvm1\" \/>\n<meta name=\"twitter:label1\" content=\"Escrito por\" \/>\n\t<meta name=\"twitter:data1\" content=\"Contenidos El Regional\" \/>\n\t<meta name=\"twitter:label2\" content=\"Tiempo de lectura\" \/>\n\t<meta name=\"twitter:data2\" content=\"2 minutos\" \/>\n<script type=\"application\/ld+json\" class=\"yoast-schema-graph\">{\"@context\":\"https:\/\/schema.org\",\"@graph\":[{\"@type\":\"Article\",\"@id\":\"http:\/\/elregionalvm.com.ar\/noticias-villa-maria\/policia-ambiental-rastrea-la-presencia-de-crias-de-yacare-en-laguna-las-mojarras\/#article\",\"isPartOf\":{\"@id\":\"http:\/\/elregionalvm.com.ar\/noticias-villa-maria\/policia-ambiental-rastrea-la-presencia-de-crias-de-yacare-en-laguna-las-mojarras\/\"},\"author\":{\"name\":\"Contenidos El Regional\",\"@id\":\"http:\/\/elregionalvm.com.ar\/noticias-villa-maria\/#\/schema\/person\/a0fb9c422317faca23d50163151bc354\"},\"headline\":\"Polic\u00eda Ambiental rastrea la presencia de cr\u00edas de yacar\u00e9 en laguna Las Mojarras\",\"datePublished\":\"2021-09-03T01:19:02+00:00\",\"dateModified\":\"2021-09-03T01:19:03+00:00\",\"mainEntityOfPage\":{\"@id\":\"http:\/\/elregionalvm.com.ar\/noticias-villa-maria\/policia-ambiental-rastrea-la-presencia-de-crias-de-yacare-en-laguna-las-mojarras\/\"},\"wordCount\":370,\"commentCount\":0,\"image\":{\"@id\":\"http:\/\/elregionalvm.com.ar\/noticias-villa-maria\/policia-ambiental-rastrea-la-presencia-de-crias-de-yacare-en-laguna-las-mojarras\/#primaryimage\"},\"thumbnailUrl\":\"https:\/\/i0.wp.com\/elregionalvm.com.ar\/noticias-villa-maria\/wp-content\/uploads\/2021\/09\/Laguna.jpeg?fit=990%2C660&ssl=1\",\"keywords\":[\"destacado\",\"Laguna\",\"Las Mojarras\",\"Polic\u00eda Ambiental\",\"Villa Mar\u00eda\",\"Yacar\u00e9s\"],\"articleSection\":[\"Villa Mar\u00eda\"],\"inLanguage\":\"es\",\"potentialAction\":[{\"@type\":\"CommentAction\",\"name\":\"Comment\",\"target\":[\"http:\/\/elregionalvm.com.ar\/noticias-villa-maria\/policia-ambiental-rastrea-la-presencia-de-crias-de-yacare-en-laguna-las-mojarras\/#respond\"]}]},{\"@type\":\"WebPage\",\"@id\":\"http:\/\/elregionalvm.com.ar\/noticias-villa-maria\/policia-ambiental-rastrea-la-presencia-de-crias-de-yacare-en-laguna-las-mojarras\/\",\"url\":\"http:\/\/elregionalvm.com.ar\/noticias-villa-maria\/policia-ambiental-rastrea-la-presencia-de-crias-de-yacare-en-laguna-las-mojarras\/\",\"name\":\"Polic\u00eda Ambiental rastrea la presencia de cr\u00edas de yacar\u00e9 en laguna Las Mojarras - El Regional\",\"isPartOf\":{\"@id\":\"http:\/\/elregionalvm.com.ar\/noticias-villa-maria\/#website\"},\"primaryImageOfPage\":{\"@id\":\"http:\/\/elregionalvm.com.ar\/noticias-villa-maria\/policia-ambiental-rastrea-la-presencia-de-crias-de-yacare-en-laguna-las-mojarras\/#primaryimage\"},\"image\":{\"@id\":\"http:\/\/elregionalvm.com.ar\/noticias-villa-maria\/policia-ambiental-rastrea-la-presencia-de-crias-de-yacare-en-laguna-las-mojarras\/#primaryimage\"},\"thumbnailUrl\":\"https:\/\/i0.wp.com\/elregionalvm.com.ar\/noticias-villa-maria\/wp-content\/uploads\/2021\/09\/Laguna.jpeg?fit=990%2C660&ssl=1\",\"datePublished\":\"2021-09-03T01:19:02+00:00\",\"dateModified\":\"2021-09-03T01:19:03+00:00\",\"author\":{\"@id\":\"http:\/\/elregionalvm.com.ar\/noticias-villa-maria\/#\/schema\/person\/a0fb9c422317faca23d50163151bc354\"},\"breadcrumb\":{\"@id\":\"http:\/\/elregionalvm.com.ar\/noticias-villa-maria\/policia-ambiental-rastrea-la-presencia-de-crias-de-yacare-en-laguna-las-mojarras\/#breadcrumb\"},\"inLanguage\":\"es\",\"potentialAction\":[{\"@type\":\"ReadAction\",\"target\":[\"http:\/\/elregionalvm.com.ar\/noticias-villa-maria\/policia-ambiental-rastrea-la-presencia-de-crias-de-yacare-en-laguna-las-mojarras\/\"]}]},{\"@type\":\"ImageObject\",\"inLanguage\":\"es\",\"@id\":\"http:\/\/elregionalvm.com.ar\/noticias-villa-maria\/policia-ambiental-rastrea-la-presencia-de-crias-de-yacare-en-laguna-las-mojarras\/#primaryimage\",\"url\":\"https:\/\/i0.wp.com\/elregionalvm.com.ar\/noticias-villa-maria\/wp-content\/uploads\/2021\/09\/Laguna.jpeg?fit=990%2C660&ssl=1\",\"contentUrl\":\"https:\/\/i0.wp.com\/elregionalvm.com.ar\/noticias-villa-maria\/wp-content\/uploads\/2021\/09\/Laguna.jpeg?fit=990%2C660&ssl=1\",\"width\":990,\"height\":660},{\"@type\":\"BreadcrumbList\",\"@id\":\"http:\/\/elregionalvm.com.ar\/noticias-villa-maria\/policia-ambiental-rastrea-la-presencia-de-crias-de-yacare-en-laguna-las-mojarras\/#breadcrumb\",\"itemListElement\":[{\"@type\":\"ListItem\",\"position\":1,\"name\":\"Portada\",\"item\":\"https:\/\/elregionalvm.com.ar\/noticias-villa-maria\/\"},{\"@type\":\"ListItem\",\"position\":2,\"name\":\"Polic\u00eda Ambiental rastrea la presencia de cr\u00edas de yacar\u00e9 en laguna Las Mojarras\"}]},{\"@type\":\"WebSite\",\"@id\":\"http:\/\/elregionalvm.com.ar\/noticias-villa-maria\/#website\",\"url\":\"http:\/\/elregionalvm.com.ar\/noticias-villa-maria\/\",\"name\":\"El Regional\",\"description\":\"Mucho m\u00e1s que informaci\u00f3n\",\"potentialAction\":[{\"@type\":\"SearchAction\",\"target\":{\"@type\":\"EntryPoint\",\"urlTemplate\":\"http:\/\/elregionalvm.com.ar\/noticias-villa-maria\/?s={search_term_string}\"},\"query-input\":{\"@type\":\"PropertyValueSpecification\",\"valueRequired\":true,\"valueName\":\"search_term_string\"}}],\"inLanguage\":\"es\"},{\"@type\":\"Person\",\"@id\":\"http:\/\/elregionalvm.com.ar\/noticias-villa-maria\/#\/schema\/person\/a0fb9c422317faca23d50163151bc354\",\"name\":\"Contenidos El Regional\",\"image\":{\"@type\":\"ImageObject\",\"inLanguage\":\"es\",\"@id\":\"http:\/\/elregionalvm.com.ar\/noticias-villa-maria\/#\/schema\/person\/image\/\",\"url\":\"https:\/\/secure.gravatar.com\/avatar\/265b27cb2209af7bb3a1318f03305787d7981a5cc6e6cd08fe5a4ecdf99d4b48?s=96&d=mm&r=g\",\"contentUrl\":\"https:\/\/secure.gravatar.com\/avatar\/265b27cb2209af7bb3a1318f03305787d7981a5cc6e6cd08fe5a4ecdf99d4b48?s=96&d=mm&r=g\",\"caption\":\"Contenidos El Regional\"},\"url\":\"https:\/\/elregionalvm.com.ar\/noticias-villa-maria\/author\/contenido\/\"}]}<\/script>\n<!-- \/ Yoast SEO plugin. -->","yoast_head_json":{"title":"Polic\u00eda Ambiental rastrea la presencia de cr\u00edas de yacar\u00e9 en laguna Las Mojarras - El Regional","robots":{"index":"index","follow":"follow","max-snippet":"max-snippet:-1","max-image-preview":"max-image-preview:large","max-video-preview":"max-video-preview:-1"},"canonical":"http:\/\/elregionalvm.com.ar\/noticias-villa-maria\/policia-ambiental-rastrea-la-presencia-de-crias-de-yacare-en-laguna-las-mojarras\/","og_locale":"es_ES","og_type":"article","og_title":"Polic\u00eda Ambiental rastrea la presencia de cr\u00edas de yacar\u00e9 en laguna Las Mojarras - El Regional","og_description":"La Polic\u00eda Ambiental, dependiente del Ministerio de Coordinaci\u00f3n provincial, puso en marcha un operativo para verificar la presencia de cr\u00edas de yacar\u00e9 en la laguna Las Mojarras. La acci\u00f3n se puso en marcha luego de denuncias de pescadores sobre la aparici\u00f3n de esta especie en el espejo de agua ubicado a pocos kil\u00f3metros de Villa [&hellip;]","og_url":"http:\/\/elregionalvm.com.ar\/noticias-villa-maria\/policia-ambiental-rastrea-la-presencia-de-crias-de-yacare-en-laguna-las-mojarras\/","og_site_name":"El Regional","article_publisher":"https:\/\/www.facebook.com\/elregionalvm","article_published_time":"2021-09-03T01:19:02+00:00","article_modified_time":"2021-09-03T01:19:03+00:00","og_image":[{"width":990,"height":660,"url":"http:\/\/elregionalvm.com.ar\/noticias-villa-maria\/wp-content\/uploads\/2021\/09\/Laguna.jpeg","type":"image\/jpeg"}],"author":"Contenidos El Regional","twitter_card":"summary_large_image","twitter_creator":"@elregionalvm1","twitter_site":"@elregionalvm1","twitter_misc":{"Escrito por":"Contenidos El Regional","Tiempo de lectura":"2 minutos"},"schema":{"@context":"https:\/\/schema.org","@graph":[{"@type":"Article","@id":"http:\/\/elregionalvm.com.ar\/noticias-villa-maria\/policia-ambiental-rastrea-la-presencia-de-crias-de-yacare-en-laguna-las-mojarras\/#article","isPartOf":{"@id":"http:\/\/elregionalvm.com.ar\/noticias-villa-maria\/policia-ambiental-rastrea-la-presencia-de-crias-de-yacare-en-laguna-las-mojarras\/"},"author":{"name":"Contenidos El Regional","@id":"http:\/\/elregionalvm.com.ar\/noticias-villa-maria\/#\/schema\/person\/a0fb9c422317faca23d50163151bc354"},"headline":"Polic\u00eda Ambiental rastrea la presencia de cr\u00edas de yacar\u00e9 en laguna Las Mojarras","datePublished":"2021-09-03T01:19:02+00:00","dateModified":"2021-09-03T01:19:03+00:00","mainEntityOfPage":{"@id":"http:\/\/elregionalvm.com.ar\/noticias-villa-maria\/policia-ambiental-rastrea-la-presencia-de-crias-de-yacare-en-laguna-las-mojarras\/"},"wordCount":370,"commentCount":0,"image":{"@id":"http:\/\/elregionalvm.com.ar\/noticias-villa-maria\/policia-ambiental-rastrea-la-presencia-de-crias-de-yacare-en-laguna-las-mojarras\/#primaryimage"},"thumbnailUrl":"https:\/\/i0.wp.com\/elregionalvm.com.ar\/noticias-villa-maria\/wp-content\/uploads\/2021\/09\/Laguna.jpeg?fit=990%2C660&ssl=1","keywords":["destacado","Laguna","Las Mojarras","Polic\u00eda Ambiental","Villa Mar\u00eda","Yacar\u00e9s"],"articleSection":["Villa Mar\u00eda"],"inLanguage":"es","potentialAction":[{"@type":"CommentAction","name":"Comment","target":["http:\/\/elregionalvm.com.ar\/noticias-villa-maria\/policia-ambiental-rastrea-la-presencia-de-crias-de-yacare-en-laguna-las-mojarras\/#respond"]}]},{"@type":"WebPage","@id":"http:\/\/elregionalvm.com.ar\/noticias-villa-maria\/policia-ambiental-rastrea-la-presencia-de-crias-de-yacare-en-laguna-las-mojarras\/","url":"http:\/\/elregionalvm.com.ar\/noticias-villa-maria\/policia-ambiental-rastrea-la-presencia-de-crias-de-yacare-en-laguna-las-mojarras\/","name":"Polic\u00eda Ambiental rastrea la presencia de cr\u00edas de yacar\u00e9 en laguna Las Mojarras - El Regional","isPartOf":{"@id":"http:\/\/elregionalvm.com.ar\/noticias-villa-maria\/#website"},"primaryImageOfPage":{"@id":"http:\/\/elregionalvm.com.ar\/noticias-villa-maria\/policia-ambiental-rastrea-la-presencia-de-crias-de-yacare-en-laguna-las-mojarras\/#primaryimage"},"image":{"@id":"http:\/\/elregionalvm.com.ar\/noticias-villa-maria\/policia-ambiental-rastrea-la-presencia-de-crias-de-yacare-en-laguna-las-mojarras\/#primaryimage"},"thumbnailUrl":"https:\/\/i0.wp.com\/elregionalvm.com.ar\/noticias-villa-maria\/wp-content\/uploads\/2021\/09\/Laguna.jpeg?fit=990%2C660&ssl=1","datePublished":"2021-09-03T01:19:02+00:00","dateModified":"2021-09-03T01:19:03+00:00","author":{"@id":"http:\/\/elregionalvm.com.ar\/noticias-villa-maria\/#\/schema\/person\/a0fb9c422317faca23d50163151bc354"},"breadcrumb":{"@id":"http:\/\/elregionalvm.com.ar\/noticias-villa-maria\/policia-ambiental-rastrea-la-presencia-de-crias-de-yacare-en-laguna-las-mojarras\/#breadcrumb"},"inLanguage":"es","potentialAction":[{"@type":"ReadAction","target":["http:\/\/elregionalvm.com.ar\/noticias-villa-maria\/policia-ambiental-rastrea-la-presencia-de-crias-de-yacare-en-laguna-las-mojarras\/"]}]},{"@type":"ImageObject","inLanguage":"es","@id":"http:\/\/elregionalvm.com.ar\/noticias-villa-maria\/policia-ambiental-rastrea-la-presencia-de-crias-de-yacare-en-laguna-las-mojarras\/#primaryimage","url":"https:\/\/i0.wp.com\/elregionalvm.com.ar\/noticias-villa-maria\/wp-content\/uploads\/2021\/09\/Laguna.jpeg?fit=990%2C660&ssl=1","contentUrl":"https:\/\/i0.wp.com\/elregionalvm.com.ar\/noticias-villa-maria\/wp-content\/uploads\/2021\/09\/Laguna.jpeg?fit=990%2C660&ssl=1","width":990,"height":660},{"@type":"BreadcrumbList","@id":"http:\/\/elregionalvm.com.ar\/noticias-villa-maria\/policia-ambiental-rastrea-la-presencia-de-crias-de-yacare-en-laguna-las-mojarras\/#breadcrumb","itemListElement":[{"@type":"ListItem","position":1,"name":"Portada","item":"https:\/\/elregionalvm.com.ar\/noticias-villa-maria\/"},{"@type":"ListItem","position":2,"name":"Polic\u00eda Ambiental rastrea la presencia de cr\u00edas de yacar\u00e9 en laguna Las Mojarras"}]},{"@type":"WebSite","@id":"http:\/\/elregionalvm.com.ar\/noticias-villa-maria\/#website","url":"http:\/\/elregionalvm.com.ar\/noticias-villa-maria\/","name":"El Regional","description":"Mucho m\u00e1s que informaci\u00f3n","potentialAction":[{"@type":"SearchAction","target":{"@type":"EntryPoint","urlTemplate":"http:\/\/elregionalvm.com.ar\/noticias-villa-maria\/?s={search_term_string}"},"query-input":{"@type":"PropertyValueSpecification","valueRequired":true,"valueName":"search_term_string"}}],"inLanguage":"es"},{"@type":"Person","@id":"http:\/\/elregionalvm.com.ar\/noticias-villa-maria\/#\/schema\/person\/a0fb9c422317faca23d50163151bc354","name":"Contenidos El Regional","image":{"@type":"ImageObject","inLanguage":"es","@id":"http:\/\/elregionalvm.com.ar\/noticias-villa-maria\/#\/schema\/person\/image\/","url":"https:\/\/secure.gravatar.com\/avatar\/265b27cb2209af7bb3a1318f03305787d7981a5cc6e6cd08fe5a4ecdf99d4b48?s=96&d=mm&r=g","contentUrl":"https:\/\/secure.gravatar.com\/avatar\/265b27cb2209af7bb3a1318f03305787d7981a5cc6e6cd08fe5a4ecdf99d4b48?s=96&d=mm&r=g","caption":"Contenidos El Regional"},"url":"https:\/\/elregionalvm.com.ar\/noticias-villa-maria\/author\/contenido\/"}]}},"jetpack_featured_media_url":"https:\/\/i0.wp.com\/elregionalvm.com.ar\/noticias-villa-maria\/wp-content\/uploads\/2021\/09\/Laguna.jpeg?fit=990%2C660&ssl=1","jetpack_sharing_enabled":true,"_links":{"self":[{"href":"https:\/\/elregionalvm.com.ar\/noticias-villa-maria\/wp-json\/wp\/v2\/posts\/44000","targetHints":{"allow":["GET"]}}],"collection":[{"href":"https:\/\/elregionalvm.com.ar\/noticias-villa-maria\/wp-json\/wp\/v2\/posts"}],"about":[{"href":"https:\/\/elregionalvm.com.ar\/noticias-villa-maria\/wp-json\/wp\/v2\/types\/post"}],"author":[{"embeddable":true,"href":"https:\/\/elregionalvm.com.ar\/noticias-villa-maria\/wp-json\/wp\/v2\/users\/4"}],"replies":[{"embeddable":true,"href":"https:\/\/elregionalvm.com.ar\/noticias-villa-maria\/wp-json\/wp\/v2\/comments?post=44000"}],"version-history":[{"count":1,"href":"https:\/\/elregionalvm.com.ar\/noticias-villa-maria\/wp-json\/wp\/v2\/posts\/44000\/revisions"}],"predecessor-version":[{"id":44001,"href":"https:\/\/elregionalvm.com.ar\/noticias-villa-maria\/wp-json\/wp\/v2\/posts\/44000\/revisions\/44001"}],"wp:featuredmedia":[{"embeddable":true,"href":"https:\/\/elregionalvm.com.ar\/noticias-villa-maria\/wp-json\/wp\/v2\/media\/44002"}],"wp:attachment":[{"href":"https:\/\/elregionalvm.com.ar\/noticias-villa-maria\/wp-json\/wp\/v2\/media?parent=44000"}],"wp:term":[{"taxonomy":"category","embeddable":true,"href":"https:\/\/elregionalvm.com.ar\/noticias-villa-maria\/wp-json\/wp\/v2\/categories?post=44000"},{"taxonomy":"post_tag","embeddable":true,"href":"https:\/\/elregionalvm.com.ar\/noticias-villa-maria\/wp-json\/wp\/v2\/tags?post=44000"}],"curies":[{"name":"wp","href":"https:\/\/api.w.org\/{rel}","templated":true}]}}