{"id":44045,"date":"2021-09-04T02:26:02","date_gmt":"2021-09-04T02:26:02","guid":{"rendered":"https:\/\/elregionalvm.com.ar\/noticias-villa-maria\/?p=44045"},"modified":"2021-09-04T22:33:38","modified_gmt":"2021-09-04T22:33:38","slug":"roque-fernandez-exministro-de-menem-y-precandidato-no-es-un-regreso-yo-nunca-participe-en-politica","status":"publish","type":"post","link":"https:\/\/elregionalvm.com.ar\/noticias-villa-maria\/roque-fernandez-exministro-de-menem-y-precandidato-no-es-un-regreso-yo-nunca-participe-en-politica\/","title":{"rendered":"Roque Fern\u00e1ndez, exministro de Menem y precandidato : \u00abNo es  un regreso, yo nunca particip\u00e9 en pol\u00edtica\u00bb"},"content":{"rendered":"\n<p><\/p>\n\n\n\n<p>El exministro de Econom\u00eda de la Naci\u00f3n, Roque Benjam\u00edn Fern\u00e1ndez, referente del Partido Dem\u00f3crata, encabezar\u00e1 la lista de precandidatos a senadores nacionales por la provincia de C\u00f3rdoba.<\/p>\n\n\n\n<p>Fern\u00e1ndez fue el \u00faltimo ministro de Econom\u00eda durante la presidencia de Carlos Menem tras la salida de Domingo Cavallo.<\/p>\n\n\n\n<p><\/p>\n\n\n\n<p><\/p>\n\n\n\n<figure class=\"wp-block-image size-large\"><img data-recalc-dims=\"1\" fetchpriority=\"high\" decoding=\"async\" width=\"1024\" height=\"563\" src=\"https:\/\/i0.wp.com\/elregionalvm.com.ar\/noticias-villa-maria\/wp-content\/uploads\/2021\/09\/Menem-Roque-Fernandez.jpg?resize=1024%2C563&#038;ssl=1\" alt=\"\" class=\"wp-image-44093\" srcset=\"https:\/\/i0.wp.com\/elregionalvm.com.ar\/noticias-villa-maria\/wp-content\/uploads\/2021\/09\/Menem-Roque-Fernandez.jpg?resize=1024%2C563&amp;ssl=1 1024w, https:\/\/i0.wp.com\/elregionalvm.com.ar\/noticias-villa-maria\/wp-content\/uploads\/2021\/09\/Menem-Roque-Fernandez.jpg?resize=300%2C165&amp;ssl=1 300w, https:\/\/i0.wp.com\/elregionalvm.com.ar\/noticias-villa-maria\/wp-content\/uploads\/2021\/09\/Menem-Roque-Fernandez.jpg?resize=768%2C422&amp;ssl=1 768w, https:\/\/i0.wp.com\/elregionalvm.com.ar\/noticias-villa-maria\/wp-content\/uploads\/2021\/09\/Menem-Roque-Fernandez.jpg?w=1072&amp;ssl=1 1072w\" sizes=\"(max-width: 1000px) 100vw, 1000px\" \/><figcaption><em>Roque Fern\u00e1ndez fue el \u00faltimo ministro de Econom\u00eda durante la presidencia de Menem.<\/em><\/figcaption><\/figure>\n\n\n\n<p><\/p>\n\n\n\n<p><\/p>\n\n\n\n<p>Graduado en Ciencias Econ\u00f3micas por la Universidad Nacional de C\u00f3rdoba y con un doctorado en la Universidad de Chicago, el exministro volvi\u00f3 a ser noticia tras conocerse su precandidatura en el hist\u00f3rico partido provincial.<\/p>\n\n\n\n<p><\/p>\n\n\n\n<p><\/p>\n\n\n\n<figure class=\"wp-block-audio\"><audio controls src=\"https:\/\/elregionalvm.com.ar\/noticias-villa-maria\/wp-content\/uploads\/2021\/09\/Roque-Fernandez-1.mp3\"><\/audio><\/figure>\n\n\n\n<p><\/p>\n\n\n\n<p>En di\u00e1logo con <strong>El Regional<\/strong> se defini\u00f3 como un hombre ajeno a la pol\u00edtica partidaria, siendo su \u00fanico cargo dentro de la funci\u00f3n p\u00fablica en la cartera econ\u00f3mica entre 1996-99 y anteriormente en Banco Central durante la d\u00e9cada del 90.<\/p>\n\n\n\n<p><\/p>\n\n\n\n<p><strong>Propuestas&nbsp;<\/strong><\/p>\n\n\n\n<p><\/p>\n\n\n\n<figure class=\"wp-block-audio\"><audio controls src=\"https:\/\/elregionalvm.com.ar\/noticias-villa-maria\/wp-content\/uploads\/2021\/09\/Roque-Fernandez-2-1.mp3\"><\/audio><\/figure>\n\n\n\n<p><\/p>\n\n\n\n<p><\/p>\n\n\n\n<p>Dentro de sus propuestas, remarc\u00f3 la idea de una reforma tributaria buscando reducir retenciones con el fin de eliminarlas por completo; y otra reforma de tipo laboral a fin de fomentar la rentabilidad de las Pymes.<\/p>\n\n\n\n<p><\/p>\n\n\n\n<figure class=\"wp-block-audio\"><audio controls src=\"https:\/\/elregionalvm.com.ar\/noticias-villa-maria\/wp-content\/uploads\/2021\/09\/Roque-Fernandez-4.mp3\"><\/audio><\/figure>\n\n\n\n<p><\/p>\n\n\n\n<p>Fern\u00e1ndez pas\u00f3 casi toda su vida profesional abocado a la consultor\u00eda y la docencia universitaria. De bajo perfil, a\u00fan durante su paso por la gesti\u00f3n p\u00fablica, integra una lista con gente nueva (outsider) de la pol\u00edtica.<\/p>\n\n\n\n<p>Vale destacar que en la n\u00f3mina de precandidatos a diputados nacionales lo acompa\u00f1a Mery Lunge, fundadora de la Fundaci\u00f3n Universitaria de Oficios (FUO) y el abogado y empresario Rodolfo Eiben.<\/p>\n\n\n\n<p><\/p>\n\n\n\n<figure class=\"wp-block-audio\"><audio controls src=\"https:\/\/elregionalvm.com.ar\/noticias-villa-maria\/wp-content\/uploads\/2021\/09\/Roque-Fernandez-3-1.mp3\"><\/audio><\/figure>\n\n\n\n<p><\/p>\n\n\n\n<p><\/p>\n\n\n\n<p><em>Foto de portada: Perfil<\/em><\/p>\n","protected":false},"excerpt":{"rendered":"<p>El exministro de Econom\u00eda de la Naci\u00f3n, Roque Benjam\u00edn Fern\u00e1ndez, referente del Partido Dem\u00f3crata, encabezar\u00e1 la lista de precandidatos a senadores nacionales por la provincia de C\u00f3rdoba. Fern\u00e1ndez fue el \u00faltimo ministro de Econom\u00eda durante la presidencia de Carlos Menem tras la salida de Domingo Cavallo. Graduado en Ciencias Econ\u00f3micas por la Universidad Nacional de [&hellip;]<\/p>\n","protected":false},"author":4,"featured_media":44109,"comment_status":"open","ping_status":"open","sticky":false,"template":"","format":"standard","meta":{"site-sidebar-layout":"default","site-content-layout":"default","ast-site-content-layout":"default","site-content-style":"default","site-sidebar-style":"default","ast-global-header-display":"","ast-banner-title-visibility":"","ast-main-header-display":"","ast-hfb-above-header-display":"","ast-hfb-below-header-display":"","ast-hfb-mobile-header-display":"","site-post-title":"","ast-breadcrumbs-content":"","ast-featured-img":"","footer-sml-layout":"","ast-disable-related-posts":"","theme-transparent-header-meta":"default","adv-header-id-meta":"","stick-header-meta":"","header-above-stick-meta":"","header-main-stick-meta":"","header-below-stick-meta":"","astra-migrate-meta-layouts":"default","ast-page-background-enabled":"default","ast-page-background-meta":{"desktop":{"background-color":"","background-image":"","background-repeat":"repeat","background-position":"center center","background-size":"auto","background-attachment":"scroll","background-type":"","background-media":"","overlay-type":"","overlay-color":"","overlay-opacity":"","overlay-gradient":""},"tablet":{"background-color":"","background-image":"","background-repeat":"repeat","background-position":"center center","background-size":"auto","background-attachment":"scroll","background-type":"","background-media":"","overlay-type":"","overlay-color":"","overlay-opacity":"","overlay-gradient":""},"mobile":{"background-color":"","background-image":"","background-repeat":"repeat","background-position":"center center","background-size":"auto","background-attachment":"scroll","background-type":"","background-media":"","overlay-type":"","overlay-color":"","overlay-opacity":"","overlay-gradient":""}},"ast-content-background-meta":{"desktop":{"background-color":"var(--ast-global-color-5)","background-image":"","background-repeat":"repeat","background-position":"center center","background-size":"auto","background-attachment":"scroll","background-type":"","background-media":"","overlay-type":"","overlay-color":"","overlay-opacity":"","overlay-gradient":""},"tablet":{"background-color":"var(--ast-global-color-5)","background-image":"","background-repeat":"repeat","background-position":"center center","background-size":"auto","background-attachment":"scroll","background-type":"","background-media":"","overlay-type":"","overlay-color":"","overlay-opacity":"","overlay-gradient":""},"mobile":{"background-color":"var(--ast-global-color-5)","background-image":"","background-repeat":"repeat","background-position":"center center","background-size":"auto","background-attachment":"scroll","background-type":"","background-media":"","overlay-type":"","overlay-color":"","overlay-opacity":"","overlay-gradient":""}},"_jetpack_memberships_contains_paid_content":false,"_joinchat":[],"footnotes":""},"categories":[2089,3557],"tags":[1727,268,5751,461,10995,6877,10996,10994],"class_list":["post-44045","post","type-post","status-publish","format-standard","has-post-thumbnail","hentry","category-politica","category-tercera","tag-carlos-menem","tag-elecciones","tag-legislativas","tag-ministro-de-economia","tag-partido-democrata","tag-paso","tag-reforma-tributaria","tag-roque-fernandez"],"yoast_head":"<!-- This site is optimized with the Yoast SEO plugin v26.8 - https:\/\/yoast.com\/product\/yoast-seo-wordpress\/ -->\n<title>Roque Fern\u00e1ndez, exministro de Menem y precandidato : &quot;No es un regreso, yo nunca particip\u00e9 en pol\u00edtica&quot; - El Regional<\/title>\n<meta name=\"description\" content=\"El referente del Partido Dem\u00f3crata, encabezar\u00e1 la lista de precandidatos a senadores nacionales por la provincia de C\u00f3rdoba.\" \/>\n<meta name=\"robots\" content=\"index, follow, max-snippet:-1, max-image-preview:large, max-video-preview:-1\" \/>\n<link rel=\"canonical\" href=\"http:\/\/elregionalvm.com.ar\/noticias-villa-maria\/roque-fernandez-exministro-de-menem-y-precandidato-no-es-un-regreso-yo-nunca-participe-en-politica\/\" \/>\n<meta property=\"og:locale\" content=\"es_ES\" \/>\n<meta property=\"og:type\" content=\"article\" \/>\n<meta property=\"og:title\" content=\"Roque Fern\u00e1ndez, exministro de Menem y precandidato : &quot;No es un regreso, yo nunca particip\u00e9 en pol\u00edtica&quot; - El Regional\" \/>\n<meta property=\"og:description\" content=\"El referente del Partido Dem\u00f3crata, encabezar\u00e1 la lista de precandidatos a senadores nacionales por la provincia de C\u00f3rdoba.\" \/>\n<meta property=\"og:url\" content=\"http:\/\/elregionalvm.com.ar\/noticias-villa-maria\/roque-fernandez-exministro-de-menem-y-precandidato-no-es-un-regreso-yo-nunca-participe-en-politica\/\" \/>\n<meta property=\"og:site_name\" content=\"El Regional\" \/>\n<meta property=\"article:publisher\" content=\"https:\/\/www.facebook.com\/elregionalvm\" \/>\n<meta property=\"article:published_time\" content=\"2021-09-04T02:26:02+00:00\" \/>\n<meta property=\"article:modified_time\" content=\"2021-09-04T22:33:38+00:00\" \/>\n<meta property=\"og:image\" content=\"http:\/\/elregionalvm.com.ar\/noticias-villa-maria\/wp-content\/uploads\/2021\/09\/Roque-Fernandez-.jpg\" \/>\n\t<meta property=\"og:image:width\" content=\"624\" \/>\n\t<meta property=\"og:image:height\" content=\"441\" \/>\n\t<meta property=\"og:image:type\" content=\"image\/jpeg\" \/>\n<meta name=\"author\" content=\"Contenidos El Regional\" \/>\n<meta name=\"twitter:card\" content=\"summary_large_image\" \/>\n<meta name=\"twitter:creator\" content=\"@elregionalvm1\" \/>\n<meta name=\"twitter:site\" content=\"@elregionalvm1\" \/>\n<meta name=\"twitter:label1\" content=\"Escrito por\" \/>\n\t<meta name=\"twitter:data1\" content=\"Contenidos El Regional\" \/>\n\t<meta name=\"twitter:label2\" content=\"Tiempo de lectura\" \/>\n\t<meta name=\"twitter:data2\" content=\"2 minutos\" \/>\n<script type=\"application\/ld+json\" class=\"yoast-schema-graph\">{\"@context\":\"https:\/\/schema.org\",\"@graph\":[{\"@type\":\"Article\",\"@id\":\"http:\/\/elregionalvm.com.ar\/noticias-villa-maria\/roque-fernandez-exministro-de-menem-y-precandidato-no-es-un-regreso-yo-nunca-participe-en-politica\/#article\",\"isPartOf\":{\"@id\":\"http:\/\/elregionalvm.com.ar\/noticias-villa-maria\/roque-fernandez-exministro-de-menem-y-precandidato-no-es-un-regreso-yo-nunca-participe-en-politica\/\"},\"author\":{\"name\":\"Contenidos El Regional\",\"@id\":\"http:\/\/elregionalvm.com.ar\/noticias-villa-maria\/#\/schema\/person\/a0fb9c422317faca23d50163151bc354\"},\"headline\":\"Roque Fern\u00e1ndez, exministro de Menem y precandidato : \u00abNo es un regreso, yo nunca particip\u00e9 en pol\u00edtica\u00bb\",\"datePublished\":\"2021-09-04T02:26:02+00:00\",\"dateModified\":\"2021-09-04T22:33:38+00:00\",\"mainEntityOfPage\":{\"@id\":\"http:\/\/elregionalvm.com.ar\/noticias-villa-maria\/roque-fernandez-exministro-de-menem-y-precandidato-no-es-un-regreso-yo-nunca-participe-en-politica\/\"},\"wordCount\":286,\"commentCount\":0,\"image\":{\"@id\":\"http:\/\/elregionalvm.com.ar\/noticias-villa-maria\/roque-fernandez-exministro-de-menem-y-precandidato-no-es-un-regreso-yo-nunca-participe-en-politica\/#primaryimage\"},\"thumbnailUrl\":\"https:\/\/i0.wp.com\/elregionalvm.com.ar\/noticias-villa-maria\/wp-content\/uploads\/2021\/09\/Roque-Fernandez-.jpg?fit=624%2C441&ssl=1\",\"keywords\":[\"Carlos Menem\",\"elecciones\",\"Legislativas\",\"ministro de econom\u00eda\",\"Partido Dem\u00f3crata\",\"PASO\",\"Reforma tributaria\",\"Roque Fern\u00e1ndez\"],\"articleSection\":[\"Pol\u00edtica\",\"tercera\"],\"inLanguage\":\"es\",\"potentialAction\":[{\"@type\":\"CommentAction\",\"name\":\"Comment\",\"target\":[\"http:\/\/elregionalvm.com.ar\/noticias-villa-maria\/roque-fernandez-exministro-de-menem-y-precandidato-no-es-un-regreso-yo-nunca-participe-en-politica\/#respond\"]}]},{\"@type\":\"WebPage\",\"@id\":\"http:\/\/elregionalvm.com.ar\/noticias-villa-maria\/roque-fernandez-exministro-de-menem-y-precandidato-no-es-un-regreso-yo-nunca-participe-en-politica\/\",\"url\":\"http:\/\/elregionalvm.com.ar\/noticias-villa-maria\/roque-fernandez-exministro-de-menem-y-precandidato-no-es-un-regreso-yo-nunca-participe-en-politica\/\",\"name\":\"Roque Fern\u00e1ndez, exministro de Menem y precandidato : \\\"No es un regreso, yo nunca particip\u00e9 en pol\u00edtica\\\" - El Regional\",\"isPartOf\":{\"@id\":\"http:\/\/elregionalvm.com.ar\/noticias-villa-maria\/#website\"},\"primaryImageOfPage\":{\"@id\":\"http:\/\/elregionalvm.com.ar\/noticias-villa-maria\/roque-fernandez-exministro-de-menem-y-precandidato-no-es-un-regreso-yo-nunca-participe-en-politica\/#primaryimage\"},\"image\":{\"@id\":\"http:\/\/elregionalvm.com.ar\/noticias-villa-maria\/roque-fernandez-exministro-de-menem-y-precandidato-no-es-un-regreso-yo-nunca-participe-en-politica\/#primaryimage\"},\"thumbnailUrl\":\"https:\/\/i0.wp.com\/elregionalvm.com.ar\/noticias-villa-maria\/wp-content\/uploads\/2021\/09\/Roque-Fernandez-.jpg?fit=624%2C441&ssl=1\",\"datePublished\":\"2021-09-04T02:26:02+00:00\",\"dateModified\":\"2021-09-04T22:33:38+00:00\",\"author\":{\"@id\":\"http:\/\/elregionalvm.com.ar\/noticias-villa-maria\/#\/schema\/person\/a0fb9c422317faca23d50163151bc354\"},\"description\":\"El referente del Partido Dem\u00f3crata, encabezar\u00e1 la lista de precandidatos a senadores nacionales por la provincia de C\u00f3rdoba.\",\"breadcrumb\":{\"@id\":\"http:\/\/elregionalvm.com.ar\/noticias-villa-maria\/roque-fernandez-exministro-de-menem-y-precandidato-no-es-un-regreso-yo-nunca-participe-en-politica\/#breadcrumb\"},\"inLanguage\":\"es\",\"potentialAction\":[{\"@type\":\"ReadAction\",\"target\":[\"http:\/\/elregionalvm.com.ar\/noticias-villa-maria\/roque-fernandez-exministro-de-menem-y-precandidato-no-es-un-regreso-yo-nunca-participe-en-politica\/\"]}]},{\"@type\":\"ImageObject\",\"inLanguage\":\"es\",\"@id\":\"http:\/\/elregionalvm.com.ar\/noticias-villa-maria\/roque-fernandez-exministro-de-menem-y-precandidato-no-es-un-regreso-yo-nunca-participe-en-politica\/#primaryimage\",\"url\":\"https:\/\/i0.wp.com\/elregionalvm.com.ar\/noticias-villa-maria\/wp-content\/uploads\/2021\/09\/Roque-Fernandez-.jpg?fit=624%2C441&ssl=1\",\"contentUrl\":\"https:\/\/i0.wp.com\/elregionalvm.com.ar\/noticias-villa-maria\/wp-content\/uploads\/2021\/09\/Roque-Fernandez-.jpg?fit=624%2C441&ssl=1\",\"width\":624,\"height\":441},{\"@type\":\"BreadcrumbList\",\"@id\":\"http:\/\/elregionalvm.com.ar\/noticias-villa-maria\/roque-fernandez-exministro-de-menem-y-precandidato-no-es-un-regreso-yo-nunca-participe-en-politica\/#breadcrumb\",\"itemListElement\":[{\"@type\":\"ListItem\",\"position\":1,\"name\":\"Portada\",\"item\":\"https:\/\/elregionalvm.com.ar\/noticias-villa-maria\/\"},{\"@type\":\"ListItem\",\"position\":2,\"name\":\"Roque Fern\u00e1ndez, exministro de Menem y precandidato : &#8220;No es un regreso, yo nunca particip\u00e9 en pol\u00edtica&#8221;\"}]},{\"@type\":\"WebSite\",\"@id\":\"http:\/\/elregionalvm.com.ar\/noticias-villa-maria\/#website\",\"url\":\"http:\/\/elregionalvm.com.ar\/noticias-villa-maria\/\",\"name\":\"El Regional\",\"description\":\"Mucho m\u00e1s que informaci\u00f3n\",\"potentialAction\":[{\"@type\":\"SearchAction\",\"target\":{\"@type\":\"EntryPoint\",\"urlTemplate\":\"http:\/\/elregionalvm.com.ar\/noticias-villa-maria\/?s={search_term_string}\"},\"query-input\":{\"@type\":\"PropertyValueSpecification\",\"valueRequired\":true,\"valueName\":\"search_term_string\"}}],\"inLanguage\":\"es\"},{\"@type\":\"Person\",\"@id\":\"http:\/\/elregionalvm.com.ar\/noticias-villa-maria\/#\/schema\/person\/a0fb9c422317faca23d50163151bc354\",\"name\":\"Contenidos El Regional\",\"image\":{\"@type\":\"ImageObject\",\"inLanguage\":\"es\",\"@id\":\"http:\/\/elregionalvm.com.ar\/noticias-villa-maria\/#\/schema\/person\/image\/\",\"url\":\"https:\/\/secure.gravatar.com\/avatar\/265b27cb2209af7bb3a1318f03305787d7981a5cc6e6cd08fe5a4ecdf99d4b48?s=96&d=mm&r=g\",\"contentUrl\":\"https:\/\/secure.gravatar.com\/avatar\/265b27cb2209af7bb3a1318f03305787d7981a5cc6e6cd08fe5a4ecdf99d4b48?s=96&d=mm&r=g\",\"caption\":\"Contenidos El Regional\"},\"url\":\"https:\/\/elregionalvm.com.ar\/noticias-villa-maria\/author\/contenido\/\"}]}<\/script>\n<!-- \/ Yoast SEO plugin. -->","yoast_head_json":{"title":"Roque Fern\u00e1ndez, exministro de Menem y precandidato : \"No es un regreso, yo nunca particip\u00e9 en pol\u00edtica\" - El Regional","description":"El referente del Partido Dem\u00f3crata, encabezar\u00e1 la lista de precandidatos a senadores nacionales por la provincia de C\u00f3rdoba.","robots":{"index":"index","follow":"follow","max-snippet":"max-snippet:-1","max-image-preview":"max-image-preview:large","max-video-preview":"max-video-preview:-1"},"canonical":"http:\/\/elregionalvm.com.ar\/noticias-villa-maria\/roque-fernandez-exministro-de-menem-y-precandidato-no-es-un-regreso-yo-nunca-participe-en-politica\/","og_locale":"es_ES","og_type":"article","og_title":"Roque Fern\u00e1ndez, exministro de Menem y precandidato : \"No es un regreso, yo nunca particip\u00e9 en pol\u00edtica\" - El Regional","og_description":"El referente del Partido Dem\u00f3crata, encabezar\u00e1 la lista de precandidatos a senadores nacionales por la provincia de C\u00f3rdoba.","og_url":"http:\/\/elregionalvm.com.ar\/noticias-villa-maria\/roque-fernandez-exministro-de-menem-y-precandidato-no-es-un-regreso-yo-nunca-participe-en-politica\/","og_site_name":"El Regional","article_publisher":"https:\/\/www.facebook.com\/elregionalvm","article_published_time":"2021-09-04T02:26:02+00:00","article_modified_time":"2021-09-04T22:33:38+00:00","og_image":[{"width":624,"height":441,"url":"http:\/\/elregionalvm.com.ar\/noticias-villa-maria\/wp-content\/uploads\/2021\/09\/Roque-Fernandez-.jpg","type":"image\/jpeg"}],"author":"Contenidos El Regional","twitter_card":"summary_large_image","twitter_creator":"@elregionalvm1","twitter_site":"@elregionalvm1","twitter_misc":{"Escrito por":"Contenidos El Regional","Tiempo de lectura":"2 minutos"},"schema":{"@context":"https:\/\/schema.org","@graph":[{"@type":"Article","@id":"http:\/\/elregionalvm.com.ar\/noticias-villa-maria\/roque-fernandez-exministro-de-menem-y-precandidato-no-es-un-regreso-yo-nunca-participe-en-politica\/#article","isPartOf":{"@id":"http:\/\/elregionalvm.com.ar\/noticias-villa-maria\/roque-fernandez-exministro-de-menem-y-precandidato-no-es-un-regreso-yo-nunca-participe-en-politica\/"},"author":{"name":"Contenidos El Regional","@id":"http:\/\/elregionalvm.com.ar\/noticias-villa-maria\/#\/schema\/person\/a0fb9c422317faca23d50163151bc354"},"headline":"Roque Fern\u00e1ndez, exministro de Menem y precandidato : \u00abNo es un regreso, yo nunca particip\u00e9 en pol\u00edtica\u00bb","datePublished":"2021-09-04T02:26:02+00:00","dateModified":"2021-09-04T22:33:38+00:00","mainEntityOfPage":{"@id":"http:\/\/elregionalvm.com.ar\/noticias-villa-maria\/roque-fernandez-exministro-de-menem-y-precandidato-no-es-un-regreso-yo-nunca-participe-en-politica\/"},"wordCount":286,"commentCount":0,"image":{"@id":"http:\/\/elregionalvm.com.ar\/noticias-villa-maria\/roque-fernandez-exministro-de-menem-y-precandidato-no-es-un-regreso-yo-nunca-participe-en-politica\/#primaryimage"},"thumbnailUrl":"https:\/\/i0.wp.com\/elregionalvm.com.ar\/noticias-villa-maria\/wp-content\/uploads\/2021\/09\/Roque-Fernandez-.jpg?fit=624%2C441&ssl=1","keywords":["Carlos Menem","elecciones","Legislativas","ministro de econom\u00eda","Partido Dem\u00f3crata","PASO","Reforma tributaria","Roque Fern\u00e1ndez"],"articleSection":["Pol\u00edtica","tercera"],"inLanguage":"es","potentialAction":[{"@type":"CommentAction","name":"Comment","target":["http:\/\/elregionalvm.com.ar\/noticias-villa-maria\/roque-fernandez-exministro-de-menem-y-precandidato-no-es-un-regreso-yo-nunca-participe-en-politica\/#respond"]}]},{"@type":"WebPage","@id":"http:\/\/elregionalvm.com.ar\/noticias-villa-maria\/roque-fernandez-exministro-de-menem-y-precandidato-no-es-un-regreso-yo-nunca-participe-en-politica\/","url":"http:\/\/elregionalvm.com.ar\/noticias-villa-maria\/roque-fernandez-exministro-de-menem-y-precandidato-no-es-un-regreso-yo-nunca-participe-en-politica\/","name":"Roque Fern\u00e1ndez, exministro de Menem y precandidato : \"No es un regreso, yo nunca particip\u00e9 en pol\u00edtica\" - El Regional","isPartOf":{"@id":"http:\/\/elregionalvm.com.ar\/noticias-villa-maria\/#website"},"primaryImageOfPage":{"@id":"http:\/\/elregionalvm.com.ar\/noticias-villa-maria\/roque-fernandez-exministro-de-menem-y-precandidato-no-es-un-regreso-yo-nunca-participe-en-politica\/#primaryimage"},"image":{"@id":"http:\/\/elregionalvm.com.ar\/noticias-villa-maria\/roque-fernandez-exministro-de-menem-y-precandidato-no-es-un-regreso-yo-nunca-participe-en-politica\/#primaryimage"},"thumbnailUrl":"https:\/\/i0.wp.com\/elregionalvm.com.ar\/noticias-villa-maria\/wp-content\/uploads\/2021\/09\/Roque-Fernandez-.jpg?fit=624%2C441&ssl=1","datePublished":"2021-09-04T02:26:02+00:00","dateModified":"2021-09-04T22:33:38+00:00","author":{"@id":"http:\/\/elregionalvm.com.ar\/noticias-villa-maria\/#\/schema\/person\/a0fb9c422317faca23d50163151bc354"},"description":"El referente del Partido Dem\u00f3crata, encabezar\u00e1 la lista de precandidatos a senadores nacionales por la provincia de C\u00f3rdoba.","breadcrumb":{"@id":"http:\/\/elregionalvm.com.ar\/noticias-villa-maria\/roque-fernandez-exministro-de-menem-y-precandidato-no-es-un-regreso-yo-nunca-participe-en-politica\/#breadcrumb"},"inLanguage":"es","potentialAction":[{"@type":"ReadAction","target":["http:\/\/elregionalvm.com.ar\/noticias-villa-maria\/roque-fernandez-exministro-de-menem-y-precandidato-no-es-un-regreso-yo-nunca-participe-en-politica\/"]}]},{"@type":"ImageObject","inLanguage":"es","@id":"http:\/\/elregionalvm.com.ar\/noticias-villa-maria\/roque-fernandez-exministro-de-menem-y-precandidato-no-es-un-regreso-yo-nunca-participe-en-politica\/#primaryimage","url":"https:\/\/i0.wp.com\/elregionalvm.com.ar\/noticias-villa-maria\/wp-content\/uploads\/2021\/09\/Roque-Fernandez-.jpg?fit=624%2C441&ssl=1","contentUrl":"https:\/\/i0.wp.com\/elregionalvm.com.ar\/noticias-villa-maria\/wp-content\/uploads\/2021\/09\/Roque-Fernandez-.jpg?fit=624%2C441&ssl=1","width":624,"height":441},{"@type":"BreadcrumbList","@id":"http:\/\/elregionalvm.com.ar\/noticias-villa-maria\/roque-fernandez-exministro-de-menem-y-precandidato-no-es-un-regreso-yo-nunca-participe-en-politica\/#breadcrumb","itemListElement":[{"@type":"ListItem","position":1,"name":"Portada","item":"https:\/\/elregionalvm.com.ar\/noticias-villa-maria\/"},{"@type":"ListItem","position":2,"name":"Roque Fern\u00e1ndez, exministro de Menem y precandidato : &#8220;No es un regreso, yo nunca particip\u00e9 en pol\u00edtica&#8221;"}]},{"@type":"WebSite","@id":"http:\/\/elregionalvm.com.ar\/noticias-villa-maria\/#website","url":"http:\/\/elregionalvm.com.ar\/noticias-villa-maria\/","name":"El Regional","description":"Mucho m\u00e1s que informaci\u00f3n","potentialAction":[{"@type":"SearchAction","target":{"@type":"EntryPoint","urlTemplate":"http:\/\/elregionalvm.com.ar\/noticias-villa-maria\/?s={search_term_string}"},"query-input":{"@type":"PropertyValueSpecification","valueRequired":true,"valueName":"search_term_string"}}],"inLanguage":"es"},{"@type":"Person","@id":"http:\/\/elregionalvm.com.ar\/noticias-villa-maria\/#\/schema\/person\/a0fb9c422317faca23d50163151bc354","name":"Contenidos El Regional","image":{"@type":"ImageObject","inLanguage":"es","@id":"http:\/\/elregionalvm.com.ar\/noticias-villa-maria\/#\/schema\/person\/image\/","url":"https:\/\/secure.gravatar.com\/avatar\/265b27cb2209af7bb3a1318f03305787d7981a5cc6e6cd08fe5a4ecdf99d4b48?s=96&d=mm&r=g","contentUrl":"https:\/\/secure.gravatar.com\/avatar\/265b27cb2209af7bb3a1318f03305787d7981a5cc6e6cd08fe5a4ecdf99d4b48?s=96&d=mm&r=g","caption":"Contenidos El Regional"},"url":"https:\/\/elregionalvm.com.ar\/noticias-villa-maria\/author\/contenido\/"}]}},"jetpack_featured_media_url":"https:\/\/i0.wp.com\/elregionalvm.com.ar\/noticias-villa-maria\/wp-content\/uploads\/2021\/09\/Roque-Fernandez-.jpg?fit=624%2C441&ssl=1","jetpack_sharing_enabled":true,"_links":{"self":[{"href":"https:\/\/elregionalvm.com.ar\/noticias-villa-maria\/wp-json\/wp\/v2\/posts\/44045","targetHints":{"allow":["GET"]}}],"collection":[{"href":"https:\/\/elregionalvm.com.ar\/noticias-villa-maria\/wp-json\/wp\/v2\/posts"}],"about":[{"href":"https:\/\/elregionalvm.com.ar\/noticias-villa-maria\/wp-json\/wp\/v2\/types\/post"}],"author":[{"embeddable":true,"href":"https:\/\/elregionalvm.com.ar\/noticias-villa-maria\/wp-json\/wp\/v2\/users\/4"}],"replies":[{"embeddable":true,"href":"https:\/\/elregionalvm.com.ar\/noticias-villa-maria\/wp-json\/wp\/v2\/comments?post=44045"}],"version-history":[{"count":2,"href":"https:\/\/elregionalvm.com.ar\/noticias-villa-maria\/wp-json\/wp\/v2\/posts\/44045\/revisions"}],"predecessor-version":[{"id":44094,"href":"https:\/\/elregionalvm.com.ar\/noticias-villa-maria\/wp-json\/wp\/v2\/posts\/44045\/revisions\/44094"}],"wp:featuredmedia":[{"embeddable":true,"href":"https:\/\/elregionalvm.com.ar\/noticias-villa-maria\/wp-json\/wp\/v2\/media\/44109"}],"wp:attachment":[{"href":"https:\/\/elregionalvm.com.ar\/noticias-villa-maria\/wp-json\/wp\/v2\/media?parent=44045"}],"wp:term":[{"taxonomy":"category","embeddable":true,"href":"https:\/\/elregionalvm.com.ar\/noticias-villa-maria\/wp-json\/wp\/v2\/categories?post=44045"},{"taxonomy":"post_tag","embeddable":true,"href":"https:\/\/elregionalvm.com.ar\/noticias-villa-maria\/wp-json\/wp\/v2\/tags?post=44045"}],"curies":[{"name":"wp","href":"https:\/\/api.w.org\/{rel}","templated":true}]}}