{"id":44066,"date":"2021-09-03T21:09:59","date_gmt":"2021-09-03T21:09:59","guid":{"rendered":"https:\/\/elregionalvm.com.ar\/noticias-villa-maria\/?p=44066"},"modified":"2021-09-04T01:35:46","modified_gmt":"2021-09-04T01:35:46","slug":"el-productor-jose-palazzo-y-el-municipio-villamariense-realizaran-espectaculos-nacionales-e-internacionales-en-el-anfiteatro","status":"publish","type":"post","link":"https:\/\/elregionalvm.com.ar\/noticias-villa-maria\/el-productor-jose-palazzo-y-el-municipio-villamariense-realizaran-espectaculos-nacionales-e-internacionales-en-el-anfiteatro\/","title":{"rendered":"El productor Jos\u00e9 Palazzo y la Municipalidad realizar\u00e1n espect\u00e1culos nacionales e internacionales en el Anfiteatro"},"content":{"rendered":"\n<p>El intendente interino, Pablo Rosso, recibi\u00f3 este viernes al reconocido productor Jos\u00e9 Palazzo, con quien anunci\u00f3 que Villa Mar\u00eda ser\u00e1 plaza principal para el desarrollo de espect\u00e1culos nacionales e internacionales de C\u00f3rdoba, tras el compromiso del municipio con En Vivo Producciones, firma presidida por Palazzo, de trabajar conjuntamente.<\/p>\n\n\n\n<p>Rosso destac\u00f3 la alianza estrat\u00e9gica de los sectores p\u00fablicos y privados para trabajar mancomunadamente para el regreso de los espect\u00e1culos en vivo. \u201cA nosotros nos satisface, porque estamos en un escenario en donde la econom\u00eda pospandemia y, con todos los cuidados que todav\u00eda debemos sostener como comportamiento individual y colectivo, significar\u00eda much\u00edsimo para nosotros\u201d, dijo Rosso.<\/p>\n\n\n\n<p>En ese sentido, hizo referencia a que, con el regreso de los artistas a los escenarios, el municipio trabajar\u00e1 para acompa\u00f1ar el desarrollo de los eventos para \u201cgenerar las condiciones para que los distintos rubros vinculados a este tipo de espect\u00e1culos tambi\u00e9n tengan esa reactivaci\u00f3n econ\u00f3mica, la generaci\u00f3n de trabajo y volver a la normalidad que todos necesitamos\u201d.<\/p>\n\n\n\n<p>En cuanto a la selecci\u00f3n de Villa Mar\u00eda como plaza para espect\u00e1culos de primer nivel, es una acci\u00f3n de trabajo que vienen encarando de manera conjunta tras distintas reuniones mantenidas en las \u00faltimas semanas.<\/p>\n\n\n\n<div class=\"wp-block-image\"><figure class=\"aligncenter size-large is-resized\"><img data-recalc-dims=\"1\" fetchpriority=\"high\" decoding=\"async\" src=\"https:\/\/i0.wp.com\/elregionalvm.com.ar\/noticias-villa-maria\/wp-content\/uploads\/2021\/09\/WhatsApp-Image-2021-09-03-at-14.02.41.jpeg?resize=666%2C444&#038;ssl=1\" alt=\"\" class=\"wp-image-44068\" width=\"666\" height=\"444\" srcset=\"https:\/\/i0.wp.com\/elregionalvm.com.ar\/noticias-villa-maria\/wp-content\/uploads\/2021\/09\/WhatsApp-Image-2021-09-03-at-14.02.41.jpeg?resize=1024%2C683&amp;ssl=1 1024w, https:\/\/i0.wp.com\/elregionalvm.com.ar\/noticias-villa-maria\/wp-content\/uploads\/2021\/09\/WhatsApp-Image-2021-09-03-at-14.02.41.jpeg?resize=300%2C200&amp;ssl=1 300w, https:\/\/i0.wp.com\/elregionalvm.com.ar\/noticias-villa-maria\/wp-content\/uploads\/2021\/09\/WhatsApp-Image-2021-09-03-at-14.02.41.jpeg?resize=768%2C512&amp;ssl=1 768w, https:\/\/i0.wp.com\/elregionalvm.com.ar\/noticias-villa-maria\/wp-content\/uploads\/2021\/09\/WhatsApp-Image-2021-09-03-at-14.02.41.jpeg?w=1500&amp;ssl=1 1500w\" sizes=\"(max-width: 666px) 100vw, 666px\" \/><\/figure><\/div>\n\n\n\n<p>El motivo principal, destac\u00f3 Palazzo, es la infraestructura del Anfiteatro y las posibilidades que trae para el cumplimiento de protocolos, la regi\u00f3n y la ubicaci\u00f3n neur\u00e1lgica de la ciudad unida por las principales rutas nacionales.<\/p>\n\n\n\n<p>\u201cEn todas las reuniones de la productora nos imaginamos al escenario de Villa Mar\u00eda con una continuidad\u201d, dijo Palazzo, quien agreg\u00f3 que contin\u00faan trabajando \u201cpara tener dentro de la agenda de espect\u00e1culos de la Rep\u00fablica Argentina a Villa Mar\u00eda como punto importante para la organizaci\u00f3n de eventos\u201d.<\/p>\n\n\n\n<p>Destac\u00f3 asimismo la capacidad y experiencia del municipio para el desarrollo de eventos masivos y tambi\u00e9n las caracter\u00edsticas de infraestructura del Anfiteatro, que lo diferencia de otros espacios porque permite la ventilaci\u00f3n natural, clave para el cumplimiento de protocolos. \u201cTienen todo para que se haga bien\u201d, dijo el productor.<\/p>\n\n\n\n<p>Durante la reuni\u00f3n, estuvo presente la titular del Ente Deporte y Turismo SEM, Noelia Macagno, el intendente de Villa Nueva, Natalio Graglia, y el secretario de Obras P\u00fablicas de la Naci\u00f3n, Mart\u00edn Gill. Ellos tambi\u00e9n valoraron el acuerdo destacando la importancia en la reactivaci\u00f3n de la econom\u00eda local y regional, al tiempo que agradecieron al productor por la decisi\u00f3n de trabajar junto al sector p\u00fablico.<\/p>\n","protected":false},"excerpt":{"rendered":"<p>El intendente interino, Pablo Rosso, recibi\u00f3 este viernes al reconocido productor Jos\u00e9 Palazzo, con quien anunci\u00f3 que Villa Mar\u00eda ser\u00e1 plaza principal para el desarrollo de espect\u00e1culos nacionales e internacionales de C\u00f3rdoba, tras el compromiso del municipio con En Vivo Producciones, firma presidida por Palazzo, de trabajar conjuntamente. Rosso destac\u00f3 la alianza estrat\u00e9gica de los [&hellip;]<\/p>\n","protected":false},"author":4,"featured_media":44067,"comment_status":"open","ping_status":"open","sticky":false,"template":"","format":"standard","meta":{"site-sidebar-layout":"default","site-content-layout":"default","ast-site-content-layout":"default","site-content-style":"default","site-sidebar-style":"default","ast-global-header-display":"","ast-banner-title-visibility":"","ast-main-header-display":"","ast-hfb-above-header-display":"","ast-hfb-below-header-display":"","ast-hfb-mobile-header-display":"","site-post-title":"","ast-breadcrumbs-content":"","ast-featured-img":"","footer-sml-layout":"","ast-disable-related-posts":"","theme-transparent-header-meta":"default","adv-header-id-meta":"","stick-header-meta":"","header-above-stick-meta":"","header-main-stick-meta":"","header-below-stick-meta":"","astra-migrate-meta-layouts":"default","ast-page-background-enabled":"default","ast-page-background-meta":{"desktop":{"background-color":"","background-image":"","background-repeat":"repeat","background-position":"center center","background-size":"auto","background-attachment":"scroll","background-type":"","background-media":"","overlay-type":"","overlay-color":"","overlay-opacity":"","overlay-gradient":""},"tablet":{"background-color":"","background-image":"","background-repeat":"repeat","background-position":"center center","background-size":"auto","background-attachment":"scroll","background-type":"","background-media":"","overlay-type":"","overlay-color":"","overlay-opacity":"","overlay-gradient":""},"mobile":{"background-color":"","background-image":"","background-repeat":"repeat","background-position":"center center","background-size":"auto","background-attachment":"scroll","background-type":"","background-media":"","overlay-type":"","overlay-color":"","overlay-opacity":"","overlay-gradient":""}},"ast-content-background-meta":{"desktop":{"background-color":"var(--ast-global-color-5)","background-image":"","background-repeat":"repeat","background-position":"center center","background-size":"auto","background-attachment":"scroll","background-type":"","background-media":"","overlay-type":"","overlay-color":"","overlay-opacity":"","overlay-gradient":""},"tablet":{"background-color":"var(--ast-global-color-5)","background-image":"","background-repeat":"repeat","background-position":"center center","background-size":"auto","background-attachment":"scroll","background-type":"","background-media":"","overlay-type":"","overlay-color":"","overlay-opacity":"","overlay-gradient":""},"mobile":{"background-color":"var(--ast-global-color-5)","background-image":"","background-repeat":"repeat","background-position":"center center","background-size":"auto","background-attachment":"scroll","background-type":"","background-media":"","overlay-type":"","overlay-color":"","overlay-opacity":"","overlay-gradient":""}},"_jetpack_memberships_contains_paid_content":false,"_joinchat":[],"footnotes":""},"categories":[2],"tags":[10987,1798,1232,10990,2474,10988,10989,534],"class_list":["post-44066","post","type-post","status-publish","format-standard","has-post-thumbnail","hentry","category-villa-maria","tag-alianza","tag-anfiteatro","tag-destacado","tag-jose-palazzo","tag-municipalidad-de-villa-maria","tag-plaza-de-espectaculos","tag-shows-nacionales-e-internacionales","tag-villa-maria"],"yoast_head":"<!-- This site is optimized with the Yoast SEO plugin v26.8 - https:\/\/yoast.com\/product\/yoast-seo-wordpress\/ -->\n<title>El productor Jos\u00e9 Palazzo y la Municipalidad realizar\u00e1n espect\u00e1culos nacionales e internacionales en el Anfiteatro - El Regional<\/title>\n<meta name=\"robots\" content=\"index, follow, max-snippet:-1, max-image-preview:large, max-video-preview:-1\" \/>\n<link rel=\"canonical\" href=\"http:\/\/elregionalvm.com.ar\/noticias-villa-maria\/el-productor-jose-palazzo-y-el-municipio-villamariense-realizaran-espectaculos-nacionales-e-internacionales-en-el-anfiteatro\/\" \/>\n<meta property=\"og:locale\" content=\"es_ES\" \/>\n<meta property=\"og:type\" content=\"article\" \/>\n<meta property=\"og:title\" content=\"El productor Jos\u00e9 Palazzo y la Municipalidad realizar\u00e1n espect\u00e1culos nacionales e internacionales en el Anfiteatro - El Regional\" \/>\n<meta property=\"og:description\" content=\"El intendente interino, Pablo Rosso, recibi\u00f3 este viernes al reconocido productor Jos\u00e9 Palazzo, con quien anunci\u00f3 que Villa Mar\u00eda ser\u00e1 plaza principal para el desarrollo de espect\u00e1culos nacionales e internacionales de C\u00f3rdoba, tras el compromiso del municipio con En Vivo Producciones, firma presidida por Palazzo, de trabajar conjuntamente. Rosso destac\u00f3 la alianza estrat\u00e9gica de los [&hellip;]\" \/>\n<meta property=\"og:url\" content=\"http:\/\/elregionalvm.com.ar\/noticias-villa-maria\/el-productor-jose-palazzo-y-el-municipio-villamariense-realizaran-espectaculos-nacionales-e-internacionales-en-el-anfiteatro\/\" \/>\n<meta property=\"og:site_name\" content=\"El Regional\" \/>\n<meta property=\"article:publisher\" content=\"https:\/\/www.facebook.com\/elregionalvm\" \/>\n<meta property=\"article:published_time\" content=\"2021-09-03T21:09:59+00:00\" \/>\n<meta property=\"article:modified_time\" content=\"2021-09-04T01:35:46+00:00\" \/>\n<meta property=\"og:image\" content=\"http:\/\/elregionalvm.com.ar\/noticias-villa-maria\/wp-content\/uploads\/2021\/09\/WhatsApp-Image-2021-09-03-at-14.02.42.jpeg\" \/>\n\t<meta property=\"og:image:width\" content=\"1407\" \/>\n\t<meta property=\"og:image:height\" content=\"938\" \/>\n\t<meta property=\"og:image:type\" content=\"image\/jpeg\" \/>\n<meta name=\"author\" content=\"Contenidos El Regional\" \/>\n<meta name=\"twitter:card\" content=\"summary_large_image\" \/>\n<meta name=\"twitter:creator\" content=\"@elregionalvm1\" \/>\n<meta name=\"twitter:site\" content=\"@elregionalvm1\" \/>\n<meta name=\"twitter:label1\" content=\"Escrito por\" \/>\n\t<meta name=\"twitter:data1\" content=\"Contenidos El Regional\" \/>\n\t<meta name=\"twitter:label2\" content=\"Tiempo de lectura\" \/>\n\t<meta name=\"twitter:data2\" content=\"2 minutos\" \/>\n<script type=\"application\/ld+json\" class=\"yoast-schema-graph\">{\"@context\":\"https:\/\/schema.org\",\"@graph\":[{\"@type\":\"Article\",\"@id\":\"http:\/\/elregionalvm.com.ar\/noticias-villa-maria\/el-productor-jose-palazzo-y-el-municipio-villamariense-realizaran-espectaculos-nacionales-e-internacionales-en-el-anfiteatro\/#article\",\"isPartOf\":{\"@id\":\"http:\/\/elregionalvm.com.ar\/noticias-villa-maria\/el-productor-jose-palazzo-y-el-municipio-villamariense-realizaran-espectaculos-nacionales-e-internacionales-en-el-anfiteatro\/\"},\"author\":{\"name\":\"Contenidos El Regional\",\"@id\":\"http:\/\/elregionalvm.com.ar\/noticias-villa-maria\/#\/schema\/person\/a0fb9c422317faca23d50163151bc354\"},\"headline\":\"El productor Jos\u00e9 Palazzo y la Municipalidad realizar\u00e1n espect\u00e1culos nacionales e internacionales en el Anfiteatro\",\"datePublished\":\"2021-09-03T21:09:59+00:00\",\"dateModified\":\"2021-09-04T01:35:46+00:00\",\"mainEntityOfPage\":{\"@id\":\"http:\/\/elregionalvm.com.ar\/noticias-villa-maria\/el-productor-jose-palazzo-y-el-municipio-villamariense-realizaran-espectaculos-nacionales-e-internacionales-en-el-anfiteatro\/\"},\"wordCount\":450,\"commentCount\":0,\"image\":{\"@id\":\"http:\/\/elregionalvm.com.ar\/noticias-villa-maria\/el-productor-jose-palazzo-y-el-municipio-villamariense-realizaran-espectaculos-nacionales-e-internacionales-en-el-anfiteatro\/#primaryimage\"},\"thumbnailUrl\":\"https:\/\/i0.wp.com\/elregionalvm.com.ar\/noticias-villa-maria\/wp-content\/uploads\/2021\/09\/WhatsApp-Image-2021-09-03-at-14.02.42.jpeg?fit=1407%2C938&ssl=1\",\"keywords\":[\"alianza\",\"Anfiteatro\",\"destacado\",\"Jos\u00e9 Palazzo\",\"Municipalidad de Villa Mar\u00eda\",\"plaza de espect\u00e1culos\",\"shows nacionales e internacionales\",\"villa maria\"],\"articleSection\":[\"Villa Mar\u00eda\"],\"inLanguage\":\"es\",\"potentialAction\":[{\"@type\":\"CommentAction\",\"name\":\"Comment\",\"target\":[\"http:\/\/elregionalvm.com.ar\/noticias-villa-maria\/el-productor-jose-palazzo-y-el-municipio-villamariense-realizaran-espectaculos-nacionales-e-internacionales-en-el-anfiteatro\/#respond\"]}]},{\"@type\":\"WebPage\",\"@id\":\"http:\/\/elregionalvm.com.ar\/noticias-villa-maria\/el-productor-jose-palazzo-y-el-municipio-villamariense-realizaran-espectaculos-nacionales-e-internacionales-en-el-anfiteatro\/\",\"url\":\"http:\/\/elregionalvm.com.ar\/noticias-villa-maria\/el-productor-jose-palazzo-y-el-municipio-villamariense-realizaran-espectaculos-nacionales-e-internacionales-en-el-anfiteatro\/\",\"name\":\"El productor Jos\u00e9 Palazzo y la Municipalidad realizar\u00e1n espect\u00e1culos nacionales e internacionales en el Anfiteatro - El Regional\",\"isPartOf\":{\"@id\":\"http:\/\/elregionalvm.com.ar\/noticias-villa-maria\/#website\"},\"primaryImageOfPage\":{\"@id\":\"http:\/\/elregionalvm.com.ar\/noticias-villa-maria\/el-productor-jose-palazzo-y-el-municipio-villamariense-realizaran-espectaculos-nacionales-e-internacionales-en-el-anfiteatro\/#primaryimage\"},\"image\":{\"@id\":\"http:\/\/elregionalvm.com.ar\/noticias-villa-maria\/el-productor-jose-palazzo-y-el-municipio-villamariense-realizaran-espectaculos-nacionales-e-internacionales-en-el-anfiteatro\/#primaryimage\"},\"thumbnailUrl\":\"https:\/\/i0.wp.com\/elregionalvm.com.ar\/noticias-villa-maria\/wp-content\/uploads\/2021\/09\/WhatsApp-Image-2021-09-03-at-14.02.42.jpeg?fit=1407%2C938&ssl=1\",\"datePublished\":\"2021-09-03T21:09:59+00:00\",\"dateModified\":\"2021-09-04T01:35:46+00:00\",\"author\":{\"@id\":\"http:\/\/elregionalvm.com.ar\/noticias-villa-maria\/#\/schema\/person\/a0fb9c422317faca23d50163151bc354\"},\"breadcrumb\":{\"@id\":\"http:\/\/elregionalvm.com.ar\/noticias-villa-maria\/el-productor-jose-palazzo-y-el-municipio-villamariense-realizaran-espectaculos-nacionales-e-internacionales-en-el-anfiteatro\/#breadcrumb\"},\"inLanguage\":\"es\",\"potentialAction\":[{\"@type\":\"ReadAction\",\"target\":[\"http:\/\/elregionalvm.com.ar\/noticias-villa-maria\/el-productor-jose-palazzo-y-el-municipio-villamariense-realizaran-espectaculos-nacionales-e-internacionales-en-el-anfiteatro\/\"]}]},{\"@type\":\"ImageObject\",\"inLanguage\":\"es\",\"@id\":\"http:\/\/elregionalvm.com.ar\/noticias-villa-maria\/el-productor-jose-palazzo-y-el-municipio-villamariense-realizaran-espectaculos-nacionales-e-internacionales-en-el-anfiteatro\/#primaryimage\",\"url\":\"https:\/\/i0.wp.com\/elregionalvm.com.ar\/noticias-villa-maria\/wp-content\/uploads\/2021\/09\/WhatsApp-Image-2021-09-03-at-14.02.42.jpeg?fit=1407%2C938&ssl=1\",\"contentUrl\":\"https:\/\/i0.wp.com\/elregionalvm.com.ar\/noticias-villa-maria\/wp-content\/uploads\/2021\/09\/WhatsApp-Image-2021-09-03-at-14.02.42.jpeg?fit=1407%2C938&ssl=1\",\"width\":1407,\"height\":938},{\"@type\":\"BreadcrumbList\",\"@id\":\"http:\/\/elregionalvm.com.ar\/noticias-villa-maria\/el-productor-jose-palazzo-y-el-municipio-villamariense-realizaran-espectaculos-nacionales-e-internacionales-en-el-anfiteatro\/#breadcrumb\",\"itemListElement\":[{\"@type\":\"ListItem\",\"position\":1,\"name\":\"Portada\",\"item\":\"https:\/\/elregionalvm.com.ar\/noticias-villa-maria\/\"},{\"@type\":\"ListItem\",\"position\":2,\"name\":\"El productor Jos\u00e9 Palazzo y la Municipalidad realizar\u00e1n espect\u00e1culos nacionales e internacionales en el Anfiteatro\"}]},{\"@type\":\"WebSite\",\"@id\":\"http:\/\/elregionalvm.com.ar\/noticias-villa-maria\/#website\",\"url\":\"http:\/\/elregionalvm.com.ar\/noticias-villa-maria\/\",\"name\":\"El Regional\",\"description\":\"Mucho m\u00e1s que informaci\u00f3n\",\"potentialAction\":[{\"@type\":\"SearchAction\",\"target\":{\"@type\":\"EntryPoint\",\"urlTemplate\":\"http:\/\/elregionalvm.com.ar\/noticias-villa-maria\/?s={search_term_string}\"},\"query-input\":{\"@type\":\"PropertyValueSpecification\",\"valueRequired\":true,\"valueName\":\"search_term_string\"}}],\"inLanguage\":\"es\"},{\"@type\":\"Person\",\"@id\":\"http:\/\/elregionalvm.com.ar\/noticias-villa-maria\/#\/schema\/person\/a0fb9c422317faca23d50163151bc354\",\"name\":\"Contenidos El Regional\",\"image\":{\"@type\":\"ImageObject\",\"inLanguage\":\"es\",\"@id\":\"http:\/\/elregionalvm.com.ar\/noticias-villa-maria\/#\/schema\/person\/image\/\",\"url\":\"https:\/\/secure.gravatar.com\/avatar\/265b27cb2209af7bb3a1318f03305787d7981a5cc6e6cd08fe5a4ecdf99d4b48?s=96&d=mm&r=g\",\"contentUrl\":\"https:\/\/secure.gravatar.com\/avatar\/265b27cb2209af7bb3a1318f03305787d7981a5cc6e6cd08fe5a4ecdf99d4b48?s=96&d=mm&r=g\",\"caption\":\"Contenidos El Regional\"},\"url\":\"https:\/\/elregionalvm.com.ar\/noticias-villa-maria\/author\/contenido\/\"}]}<\/script>\n<!-- \/ Yoast SEO plugin. -->","yoast_head_json":{"title":"El productor Jos\u00e9 Palazzo y la Municipalidad realizar\u00e1n espect\u00e1culos nacionales e internacionales en el Anfiteatro - El Regional","robots":{"index":"index","follow":"follow","max-snippet":"max-snippet:-1","max-image-preview":"max-image-preview:large","max-video-preview":"max-video-preview:-1"},"canonical":"http:\/\/elregionalvm.com.ar\/noticias-villa-maria\/el-productor-jose-palazzo-y-el-municipio-villamariense-realizaran-espectaculos-nacionales-e-internacionales-en-el-anfiteatro\/","og_locale":"es_ES","og_type":"article","og_title":"El productor Jos\u00e9 Palazzo y la Municipalidad realizar\u00e1n espect\u00e1culos nacionales e internacionales en el Anfiteatro - El Regional","og_description":"El intendente interino, Pablo Rosso, recibi\u00f3 este viernes al reconocido productor Jos\u00e9 Palazzo, con quien anunci\u00f3 que Villa Mar\u00eda ser\u00e1 plaza principal para el desarrollo de espect\u00e1culos nacionales e internacionales de C\u00f3rdoba, tras el compromiso del municipio con En Vivo Producciones, firma presidida por Palazzo, de trabajar conjuntamente. Rosso destac\u00f3 la alianza estrat\u00e9gica de los [&hellip;]","og_url":"http:\/\/elregionalvm.com.ar\/noticias-villa-maria\/el-productor-jose-palazzo-y-el-municipio-villamariense-realizaran-espectaculos-nacionales-e-internacionales-en-el-anfiteatro\/","og_site_name":"El Regional","article_publisher":"https:\/\/www.facebook.com\/elregionalvm","article_published_time":"2021-09-03T21:09:59+00:00","article_modified_time":"2021-09-04T01:35:46+00:00","og_image":[{"width":1407,"height":938,"url":"http:\/\/elregionalvm.com.ar\/noticias-villa-maria\/wp-content\/uploads\/2021\/09\/WhatsApp-Image-2021-09-03-at-14.02.42.jpeg","type":"image\/jpeg"}],"author":"Contenidos El Regional","twitter_card":"summary_large_image","twitter_creator":"@elregionalvm1","twitter_site":"@elregionalvm1","twitter_misc":{"Escrito por":"Contenidos El Regional","Tiempo de lectura":"2 minutos"},"schema":{"@context":"https:\/\/schema.org","@graph":[{"@type":"Article","@id":"http:\/\/elregionalvm.com.ar\/noticias-villa-maria\/el-productor-jose-palazzo-y-el-municipio-villamariense-realizaran-espectaculos-nacionales-e-internacionales-en-el-anfiteatro\/#article","isPartOf":{"@id":"http:\/\/elregionalvm.com.ar\/noticias-villa-maria\/el-productor-jose-palazzo-y-el-municipio-villamariense-realizaran-espectaculos-nacionales-e-internacionales-en-el-anfiteatro\/"},"author":{"name":"Contenidos El Regional","@id":"http:\/\/elregionalvm.com.ar\/noticias-villa-maria\/#\/schema\/person\/a0fb9c422317faca23d50163151bc354"},"headline":"El productor Jos\u00e9 Palazzo y la Municipalidad realizar\u00e1n espect\u00e1culos nacionales e internacionales en el Anfiteatro","datePublished":"2021-09-03T21:09:59+00:00","dateModified":"2021-09-04T01:35:46+00:00","mainEntityOfPage":{"@id":"http:\/\/elregionalvm.com.ar\/noticias-villa-maria\/el-productor-jose-palazzo-y-el-municipio-villamariense-realizaran-espectaculos-nacionales-e-internacionales-en-el-anfiteatro\/"},"wordCount":450,"commentCount":0,"image":{"@id":"http:\/\/elregionalvm.com.ar\/noticias-villa-maria\/el-productor-jose-palazzo-y-el-municipio-villamariense-realizaran-espectaculos-nacionales-e-internacionales-en-el-anfiteatro\/#primaryimage"},"thumbnailUrl":"https:\/\/i0.wp.com\/elregionalvm.com.ar\/noticias-villa-maria\/wp-content\/uploads\/2021\/09\/WhatsApp-Image-2021-09-03-at-14.02.42.jpeg?fit=1407%2C938&ssl=1","keywords":["alianza","Anfiteatro","destacado","Jos\u00e9 Palazzo","Municipalidad de Villa Mar\u00eda","plaza de espect\u00e1culos","shows nacionales e internacionales","villa maria"],"articleSection":["Villa Mar\u00eda"],"inLanguage":"es","potentialAction":[{"@type":"CommentAction","name":"Comment","target":["http:\/\/elregionalvm.com.ar\/noticias-villa-maria\/el-productor-jose-palazzo-y-el-municipio-villamariense-realizaran-espectaculos-nacionales-e-internacionales-en-el-anfiteatro\/#respond"]}]},{"@type":"WebPage","@id":"http:\/\/elregionalvm.com.ar\/noticias-villa-maria\/el-productor-jose-palazzo-y-el-municipio-villamariense-realizaran-espectaculos-nacionales-e-internacionales-en-el-anfiteatro\/","url":"http:\/\/elregionalvm.com.ar\/noticias-villa-maria\/el-productor-jose-palazzo-y-el-municipio-villamariense-realizaran-espectaculos-nacionales-e-internacionales-en-el-anfiteatro\/","name":"El productor Jos\u00e9 Palazzo y la Municipalidad realizar\u00e1n espect\u00e1culos nacionales e internacionales en el Anfiteatro - El Regional","isPartOf":{"@id":"http:\/\/elregionalvm.com.ar\/noticias-villa-maria\/#website"},"primaryImageOfPage":{"@id":"http:\/\/elregionalvm.com.ar\/noticias-villa-maria\/el-productor-jose-palazzo-y-el-municipio-villamariense-realizaran-espectaculos-nacionales-e-internacionales-en-el-anfiteatro\/#primaryimage"},"image":{"@id":"http:\/\/elregionalvm.com.ar\/noticias-villa-maria\/el-productor-jose-palazzo-y-el-municipio-villamariense-realizaran-espectaculos-nacionales-e-internacionales-en-el-anfiteatro\/#primaryimage"},"thumbnailUrl":"https:\/\/i0.wp.com\/elregionalvm.com.ar\/noticias-villa-maria\/wp-content\/uploads\/2021\/09\/WhatsApp-Image-2021-09-03-at-14.02.42.jpeg?fit=1407%2C938&ssl=1","datePublished":"2021-09-03T21:09:59+00:00","dateModified":"2021-09-04T01:35:46+00:00","author":{"@id":"http:\/\/elregionalvm.com.ar\/noticias-villa-maria\/#\/schema\/person\/a0fb9c422317faca23d50163151bc354"},"breadcrumb":{"@id":"http:\/\/elregionalvm.com.ar\/noticias-villa-maria\/el-productor-jose-palazzo-y-el-municipio-villamariense-realizaran-espectaculos-nacionales-e-internacionales-en-el-anfiteatro\/#breadcrumb"},"inLanguage":"es","potentialAction":[{"@type":"ReadAction","target":["http:\/\/elregionalvm.com.ar\/noticias-villa-maria\/el-productor-jose-palazzo-y-el-municipio-villamariense-realizaran-espectaculos-nacionales-e-internacionales-en-el-anfiteatro\/"]}]},{"@type":"ImageObject","inLanguage":"es","@id":"http:\/\/elregionalvm.com.ar\/noticias-villa-maria\/el-productor-jose-palazzo-y-el-municipio-villamariense-realizaran-espectaculos-nacionales-e-internacionales-en-el-anfiteatro\/#primaryimage","url":"https:\/\/i0.wp.com\/elregionalvm.com.ar\/noticias-villa-maria\/wp-content\/uploads\/2021\/09\/WhatsApp-Image-2021-09-03-at-14.02.42.jpeg?fit=1407%2C938&ssl=1","contentUrl":"https:\/\/i0.wp.com\/elregionalvm.com.ar\/noticias-villa-maria\/wp-content\/uploads\/2021\/09\/WhatsApp-Image-2021-09-03-at-14.02.42.jpeg?fit=1407%2C938&ssl=1","width":1407,"height":938},{"@type":"BreadcrumbList","@id":"http:\/\/elregionalvm.com.ar\/noticias-villa-maria\/el-productor-jose-palazzo-y-el-municipio-villamariense-realizaran-espectaculos-nacionales-e-internacionales-en-el-anfiteatro\/#breadcrumb","itemListElement":[{"@type":"ListItem","position":1,"name":"Portada","item":"https:\/\/elregionalvm.com.ar\/noticias-villa-maria\/"},{"@type":"ListItem","position":2,"name":"El productor Jos\u00e9 Palazzo y la Municipalidad realizar\u00e1n espect\u00e1culos nacionales e internacionales en el Anfiteatro"}]},{"@type":"WebSite","@id":"http:\/\/elregionalvm.com.ar\/noticias-villa-maria\/#website","url":"http:\/\/elregionalvm.com.ar\/noticias-villa-maria\/","name":"El Regional","description":"Mucho m\u00e1s que informaci\u00f3n","potentialAction":[{"@type":"SearchAction","target":{"@type":"EntryPoint","urlTemplate":"http:\/\/elregionalvm.com.ar\/noticias-villa-maria\/?s={search_term_string}"},"query-input":{"@type":"PropertyValueSpecification","valueRequired":true,"valueName":"search_term_string"}}],"inLanguage":"es"},{"@type":"Person","@id":"http:\/\/elregionalvm.com.ar\/noticias-villa-maria\/#\/schema\/person\/a0fb9c422317faca23d50163151bc354","name":"Contenidos El Regional","image":{"@type":"ImageObject","inLanguage":"es","@id":"http:\/\/elregionalvm.com.ar\/noticias-villa-maria\/#\/schema\/person\/image\/","url":"https:\/\/secure.gravatar.com\/avatar\/265b27cb2209af7bb3a1318f03305787d7981a5cc6e6cd08fe5a4ecdf99d4b48?s=96&d=mm&r=g","contentUrl":"https:\/\/secure.gravatar.com\/avatar\/265b27cb2209af7bb3a1318f03305787d7981a5cc6e6cd08fe5a4ecdf99d4b48?s=96&d=mm&r=g","caption":"Contenidos El Regional"},"url":"https:\/\/elregionalvm.com.ar\/noticias-villa-maria\/author\/contenido\/"}]}},"jetpack_featured_media_url":"https:\/\/i0.wp.com\/elregionalvm.com.ar\/noticias-villa-maria\/wp-content\/uploads\/2021\/09\/WhatsApp-Image-2021-09-03-at-14.02.42.jpeg?fit=1407%2C938&ssl=1","jetpack_sharing_enabled":true,"_links":{"self":[{"href":"https:\/\/elregionalvm.com.ar\/noticias-villa-maria\/wp-json\/wp\/v2\/posts\/44066","targetHints":{"allow":["GET"]}}],"collection":[{"href":"https:\/\/elregionalvm.com.ar\/noticias-villa-maria\/wp-json\/wp\/v2\/posts"}],"about":[{"href":"https:\/\/elregionalvm.com.ar\/noticias-villa-maria\/wp-json\/wp\/v2\/types\/post"}],"author":[{"embeddable":true,"href":"https:\/\/elregionalvm.com.ar\/noticias-villa-maria\/wp-json\/wp\/v2\/users\/4"}],"replies":[{"embeddable":true,"href":"https:\/\/elregionalvm.com.ar\/noticias-villa-maria\/wp-json\/wp\/v2\/comments?post=44066"}],"version-history":[{"count":3,"href":"https:\/\/elregionalvm.com.ar\/noticias-villa-maria\/wp-json\/wp\/v2\/posts\/44066\/revisions"}],"predecessor-version":[{"id":44085,"href":"https:\/\/elregionalvm.com.ar\/noticias-villa-maria\/wp-json\/wp\/v2\/posts\/44066\/revisions\/44085"}],"wp:featuredmedia":[{"embeddable":true,"href":"https:\/\/elregionalvm.com.ar\/noticias-villa-maria\/wp-json\/wp\/v2\/media\/44067"}],"wp:attachment":[{"href":"https:\/\/elregionalvm.com.ar\/noticias-villa-maria\/wp-json\/wp\/v2\/media?parent=44066"}],"wp:term":[{"taxonomy":"category","embeddable":true,"href":"https:\/\/elregionalvm.com.ar\/noticias-villa-maria\/wp-json\/wp\/v2\/categories?post=44066"},{"taxonomy":"post_tag","embeddable":true,"href":"https:\/\/elregionalvm.com.ar\/noticias-villa-maria\/wp-json\/wp\/v2\/tags?post=44066"}],"curies":[{"name":"wp","href":"https:\/\/api.w.org\/{rel}","templated":true}]}}