{"id":44071,"date":"2021-09-03T21:36:06","date_gmt":"2021-09-03T21:36:06","guid":{"rendered":"https:\/\/elregionalvm.com.ar\/noticias-villa-maria\/?p=44071"},"modified":"2021-09-03T21:36:08","modified_gmt":"2021-09-03T21:36:08","slug":"la-semana-cerro-con-4-fallecidos-en-total-en-villa-maria-y-otros-27-contagios-este-viernes","status":"publish","type":"post","link":"https:\/\/elregionalvm.com.ar\/noticias-villa-maria\/la-semana-cerro-con-4-fallecidos-en-total-en-villa-maria-y-otros-27-contagios-este-viernes\/","title":{"rendered":"La semana cerr\u00f3 con 4 fallecidos en total en Villa Mar\u00eda y otros 27 contagios este viernes"},"content":{"rendered":"\n<p>\u2022 Hasta las 14 horas de este viernes, se registraron 27 nuevos casos de coronavirus y 82 altas m\u00e9dicas definitivas. De esta manera, los casos totales desde el inicio de la pandemia en la ciudad son 20.261, de los cuales 19.721 son personas que lograron recuperarse de la enfermedad.<\/p>\n\n\n\n<p>\u2022 El n\u00famero de personas aisladas se ubica hoy en 767, siendo 264 los casos activos. El resto corresponde a contactos estrechos.<\/p>\n\n\n\n<p>\u2022 Antes de dar datos sobre personas vacunadas en la ciudad, vale aclarar que en la semana transcurrida el sistema de carga se vio colapsado, por lo que la carga de datos se ir\u00e1 actualizando en los pr\u00f3ximos d\u00edas.<\/p>\n\n\n\n<figure class=\"wp-block-gallery columns-2 is-cropped wp-block-gallery-1 is-layout-flex wp-block-gallery-is-layout-flex\"><ul class=\"blocks-gallery-grid\"><li class=\"blocks-gallery-item\"><figure><img data-recalc-dims=\"1\" fetchpriority=\"high\" decoding=\"async\" width=\"1024\" height=\"576\" src=\"https:\/\/i0.wp.com\/elregionalvm.com.ar\/noticias-villa-maria\/wp-content\/uploads\/2021\/09\/WhatsApp-Image-2021-09-03-at-18.21.40-1.jpeg?resize=1024%2C576&#038;ssl=1\" alt=\"\" data-id=\"44072\" data-full-url=\"https:\/\/elregionalvm.com.ar\/noticias-villa-maria\/wp-content\/uploads\/2021\/09\/WhatsApp-Image-2021-09-03-at-18.21.40-1.jpeg\" data-link=\"https:\/\/elregionalvm.com.ar\/noticias-villa-maria\/?attachment_id=44072\" class=\"wp-image-44072\" srcset=\"https:\/\/i0.wp.com\/elregionalvm.com.ar\/noticias-villa-maria\/wp-content\/uploads\/2021\/09\/WhatsApp-Image-2021-09-03-at-18.21.40-1.jpeg?resize=1024%2C576&amp;ssl=1 1024w, https:\/\/i0.wp.com\/elregionalvm.com.ar\/noticias-villa-maria\/wp-content\/uploads\/2021\/09\/WhatsApp-Image-2021-09-03-at-18.21.40-1.jpeg?resize=300%2C169&amp;ssl=1 300w, https:\/\/i0.wp.com\/elregionalvm.com.ar\/noticias-villa-maria\/wp-content\/uploads\/2021\/09\/WhatsApp-Image-2021-09-03-at-18.21.40-1.jpeg?resize=768%2C432&amp;ssl=1 768w, https:\/\/i0.wp.com\/elregionalvm.com.ar\/noticias-villa-maria\/wp-content\/uploads\/2021\/09\/WhatsApp-Image-2021-09-03-at-18.21.40-1.jpeg?w=1334&amp;ssl=1 1334w\" sizes=\"(max-width: 1000px) 100vw, 1000px\" \/><\/figure><\/li><li class=\"blocks-gallery-item\"><figure><img data-recalc-dims=\"1\" decoding=\"async\" width=\"1024\" height=\"576\" src=\"https:\/\/i0.wp.com\/elregionalvm.com.ar\/noticias-villa-maria\/wp-content\/uploads\/2021\/09\/WhatsApp-Image-2021-09-03-at-18.21.40.jpeg?resize=1024%2C576&#038;ssl=1\" alt=\"\" data-id=\"44073\" data-full-url=\"https:\/\/elregionalvm.com.ar\/noticias-villa-maria\/wp-content\/uploads\/2021\/09\/WhatsApp-Image-2021-09-03-at-18.21.40.jpeg\" data-link=\"https:\/\/elregionalvm.com.ar\/noticias-villa-maria\/?attachment_id=44073\" class=\"wp-image-44073\" srcset=\"https:\/\/i0.wp.com\/elregionalvm.com.ar\/noticias-villa-maria\/wp-content\/uploads\/2021\/09\/WhatsApp-Image-2021-09-03-at-18.21.40.jpeg?resize=1024%2C576&amp;ssl=1 1024w, https:\/\/i0.wp.com\/elregionalvm.com.ar\/noticias-villa-maria\/wp-content\/uploads\/2021\/09\/WhatsApp-Image-2021-09-03-at-18.21.40.jpeg?resize=300%2C169&amp;ssl=1 300w, https:\/\/i0.wp.com\/elregionalvm.com.ar\/noticias-villa-maria\/wp-content\/uploads\/2021\/09\/WhatsApp-Image-2021-09-03-at-18.21.40.jpeg?resize=768%2C432&amp;ssl=1 768w, https:\/\/i0.wp.com\/elregionalvm.com.ar\/noticias-villa-maria\/wp-content\/uploads\/2021\/09\/WhatsApp-Image-2021-09-03-at-18.21.40.jpeg?w=1334&amp;ssl=1 1334w\" sizes=\"(max-width: 1000px) 100vw, 1000px\" \/><\/figure><\/li><\/ul><\/figure>\n\n\n\n<p>\u2022 En referencia con las pruebas de ant\u00edgenos realizadas en la Asistencia P\u00fablica, en el Anfiteatro, en el Centro C\u00edvico, en los CAPS y en la Terminal de \u00d3mnibus, en esta semana se practicaron 2.668 test, resultando 154 positivos y 2.514 negativos.<br>Hasta la fecha se realizaron 100.145 test de ant\u00edgenos, de los cuales el 83% resultaron negativos y 17% positivos.<\/p>\n\n\n\n<p>\u2022 Es importante informar que desde la p\u00e1gina web, ya se puede consultar tambi\u00e9n el monitoreo en d\u00edas cr\u00edticos. En ese sentido, los pacientes aislados reportan su estado de salud diariamente, pero para la detecci\u00f3n temprana de casos que pudieran complicarse se puso en marcha el monitoreo en d\u00edas cr\u00edticos. El equipo de salud diariamente realiza el monitoreo telef\u00f3nicamente de pacientes en los d\u00edas 3, 6 y 9 desde el inicio de s\u00edntomas o en su defecto desde la fecha de positivo. En el panel se observan valores acumulados y la efectividad del monitoreo realizado. Para destacar, el bajo porcentaje de derivaciones de pacientes a centros de salud siendo que las derivaciones m\u00e9dicas fueron 436 sobre 9.958 representando el 4.38%.<\/p>\n\n\n\n<figure class=\"wp-block-gallery columns-2 is-cropped wp-block-gallery-2 is-layout-flex wp-block-gallery-is-layout-flex\"><ul class=\"blocks-gallery-grid\"><li class=\"blocks-gallery-item\"><figure><img data-recalc-dims=\"1\" decoding=\"async\" width=\"1024\" height=\"576\" src=\"https:\/\/i0.wp.com\/elregionalvm.com.ar\/noticias-villa-maria\/wp-content\/uploads\/2021\/09\/WhatsApp-Image-2021-09-03-at-18.21.41.jpeg?resize=1024%2C576&#038;ssl=1\" alt=\"\" data-id=\"44074\" data-full-url=\"https:\/\/elregionalvm.com.ar\/noticias-villa-maria\/wp-content\/uploads\/2021\/09\/WhatsApp-Image-2021-09-03-at-18.21.41.jpeg\" data-link=\"https:\/\/elregionalvm.com.ar\/noticias-villa-maria\/?attachment_id=44074\" class=\"wp-image-44074\" srcset=\"https:\/\/i0.wp.com\/elregionalvm.com.ar\/noticias-villa-maria\/wp-content\/uploads\/2021\/09\/WhatsApp-Image-2021-09-03-at-18.21.41.jpeg?resize=1024%2C576&amp;ssl=1 1024w, https:\/\/i0.wp.com\/elregionalvm.com.ar\/noticias-villa-maria\/wp-content\/uploads\/2021\/09\/WhatsApp-Image-2021-09-03-at-18.21.41.jpeg?resize=300%2C169&amp;ssl=1 300w, https:\/\/i0.wp.com\/elregionalvm.com.ar\/noticias-villa-maria\/wp-content\/uploads\/2021\/09\/WhatsApp-Image-2021-09-03-at-18.21.41.jpeg?resize=768%2C432&amp;ssl=1 768w, https:\/\/i0.wp.com\/elregionalvm.com.ar\/noticias-villa-maria\/wp-content\/uploads\/2021\/09\/WhatsApp-Image-2021-09-03-at-18.21.41.jpeg?w=1334&amp;ssl=1 1334w\" sizes=\"(max-width: 1000px) 100vw, 1000px\" \/><\/figure><\/li><li class=\"blocks-gallery-item\"><figure><img data-recalc-dims=\"1\" loading=\"lazy\" decoding=\"async\" width=\"1024\" height=\"576\" src=\"https:\/\/i0.wp.com\/elregionalvm.com.ar\/noticias-villa-maria\/wp-content\/uploads\/2021\/09\/WhatsApp-Image-2021-09-03-at-18.21.40-2.jpeg?resize=1024%2C576&#038;ssl=1\" alt=\"\" data-id=\"44075\" data-full-url=\"https:\/\/elregionalvm.com.ar\/noticias-villa-maria\/wp-content\/uploads\/2021\/09\/WhatsApp-Image-2021-09-03-at-18.21.40-2.jpeg\" data-link=\"https:\/\/elregionalvm.com.ar\/noticias-villa-maria\/?attachment_id=44075\" class=\"wp-image-44075\" srcset=\"https:\/\/i0.wp.com\/elregionalvm.com.ar\/noticias-villa-maria\/wp-content\/uploads\/2021\/09\/WhatsApp-Image-2021-09-03-at-18.21.40-2.jpeg?resize=1024%2C576&amp;ssl=1 1024w, https:\/\/i0.wp.com\/elregionalvm.com.ar\/noticias-villa-maria\/wp-content\/uploads\/2021\/09\/WhatsApp-Image-2021-09-03-at-18.21.40-2.jpeg?resize=300%2C169&amp;ssl=1 300w, https:\/\/i0.wp.com\/elregionalvm.com.ar\/noticias-villa-maria\/wp-content\/uploads\/2021\/09\/WhatsApp-Image-2021-09-03-at-18.21.40-2.jpeg?resize=768%2C432&amp;ssl=1 768w, https:\/\/i0.wp.com\/elregionalvm.com.ar\/noticias-villa-maria\/wp-content\/uploads\/2021\/09\/WhatsApp-Image-2021-09-03-at-18.21.40-2.jpeg?w=1334&amp;ssl=1 1334w\" sizes=\"(max-width: 1000px) 100vw, 1000px\" \/><\/figure><\/li><\/ul><\/figure>\n\n\n\n<p>\u2022 Por otra parte, en relaci\u00f3n a la disponibilidad de internaci\u00f3n, es importante aclarar que a la hora de cierre, faltan datos de los centros sanitarios, tanto del sector p\u00fablico como privado.<\/p>\n\n\n\n<p>\u2022 Seg\u00fan datos actualizados del Registro Civil, en esta semana debemos lamentar el fallecimiento de cuatro vecinos y vecinas de la ciudad. En total son 276 las personas que perdieron la vida por covid en la ciudad desde el inicio de la pandemia. El promedio de edad de los vecinos fallecidos es de 72,4 a\u00f1os.<\/p>\n\n\n\n<p>\u2022 Ante la presencia de cualquier s\u00edntoma o por consultas vinculadas a denuncias o disposiciones vigentes, comunicarse al 0800 888 7468. Tambi\u00e9n para consultas sobre resultados de hisopados y fechas de altas m\u00e9dicas est\u00e1 disponible la l\u00ednea de WhatsApp al 3535657964.<\/p>\n\n\n\n<figure class=\"wp-block-image size-large\"><img data-recalc-dims=\"1\" loading=\"lazy\" decoding=\"async\" width=\"1024\" height=\"576\" src=\"https:\/\/i0.wp.com\/elregionalvm.com.ar\/noticias-villa-maria\/wp-content\/uploads\/2021\/09\/WhatsApp-Image-2021-09-03-at-18.21.41-1.jpeg?resize=1024%2C576&#038;ssl=1\" alt=\"\" class=\"wp-image-44076\" srcset=\"https:\/\/i0.wp.com\/elregionalvm.com.ar\/noticias-villa-maria\/wp-content\/uploads\/2021\/09\/WhatsApp-Image-2021-09-03-at-18.21.41-1.jpeg?resize=1024%2C576&amp;ssl=1 1024w, https:\/\/i0.wp.com\/elregionalvm.com.ar\/noticias-villa-maria\/wp-content\/uploads\/2021\/09\/WhatsApp-Image-2021-09-03-at-18.21.41-1.jpeg?resize=300%2C169&amp;ssl=1 300w, https:\/\/i0.wp.com\/elregionalvm.com.ar\/noticias-villa-maria\/wp-content\/uploads\/2021\/09\/WhatsApp-Image-2021-09-03-at-18.21.41-1.jpeg?resize=768%2C432&amp;ssl=1 768w, https:\/\/i0.wp.com\/elregionalvm.com.ar\/noticias-villa-maria\/wp-content\/uploads\/2021\/09\/WhatsApp-Image-2021-09-03-at-18.21.41-1.jpeg?w=1334&amp;ssl=1 1334w\" sizes=\"(max-width: 1000px) 100vw, 1000px\" \/><\/figure>\n\n\n\n<p><\/p>\n","protected":false},"excerpt":{"rendered":"<p>\u2022 Hasta las 14 horas de este viernes, se registraron 27 nuevos casos de coronavirus y 82 altas m\u00e9dicas definitivas. De esta manera, los casos totales desde el inicio de la pandemia en la ciudad son 20.261, de los cuales 19.721 son personas que lograron recuperarse de la enfermedad. \u2022 El n\u00famero de personas aisladas [&hellip;]<\/p>\n","protected":false},"author":4,"featured_media":31714,"comment_status":"open","ping_status":"open","sticky":false,"template":"","format":"standard","meta":{"site-sidebar-layout":"default","site-content-layout":"default","ast-site-content-layout":"default","site-content-style":"default","site-sidebar-style":"default","ast-global-header-display":"","ast-banner-title-visibility":"","ast-main-header-display":"","ast-hfb-above-header-display":"","ast-hfb-below-header-display":"","ast-hfb-mobile-header-display":"","site-post-title":"","ast-breadcrumbs-content":"","ast-featured-img":"","footer-sml-layout":"","ast-disable-related-posts":"","theme-transparent-header-meta":"default","adv-header-id-meta":"","stick-header-meta":"","header-above-stick-meta":"","header-main-stick-meta":"","header-below-stick-meta":"","astra-migrate-meta-layouts":"default","ast-page-background-enabled":"default","ast-page-background-meta":{"desktop":{"background-color":"","background-image":"","background-repeat":"repeat","background-position":"center center","background-size":"auto","background-attachment":"scroll","background-type":"","background-media":"","overlay-type":"","overlay-color":"","overlay-opacity":"","overlay-gradient":""},"tablet":{"background-color":"","background-image":"","background-repeat":"repeat","background-position":"center center","background-size":"auto","background-attachment":"scroll","background-type":"","background-media":"","overlay-type":"","overlay-color":"","overlay-opacity":"","overlay-gradient":""},"mobile":{"background-color":"","background-image":"","background-repeat":"repeat","background-position":"center center","background-size":"auto","background-attachment":"scroll","background-type":"","background-media":"","overlay-type":"","overlay-color":"","overlay-opacity":"","overlay-gradient":""}},"ast-content-background-meta":{"desktop":{"background-color":"var(--ast-global-color-5)","background-image":"","background-repeat":"repeat","background-position":"center center","background-size":"auto","background-attachment":"scroll","background-type":"","background-media":"","overlay-type":"","overlay-color":"","overlay-opacity":"","overlay-gradient":""},"tablet":{"background-color":"var(--ast-global-color-5)","background-image":"","background-repeat":"repeat","background-position":"center center","background-size":"auto","background-attachment":"scroll","background-type":"","background-media":"","overlay-type":"","overlay-color":"","overlay-opacity":"","overlay-gradient":""},"mobile":{"background-color":"var(--ast-global-color-5)","background-image":"","background-repeat":"repeat","background-position":"center center","background-size":"auto","background-attachment":"scroll","background-type":"","background-media":"","overlay-type":"","overlay-color":"","overlay-opacity":"","overlay-gradient":""}},"_jetpack_memberships_contains_paid_content":false,"_joinchat":[],"footnotes":""},"categories":[2256,2],"tags":[3907,1997,1232,3744,10991,2248],"class_list":["post-44071","post","type-post","status-publish","format-standard","has-post-thumbnail","hentry","category-coronavirus","category-villa-maria","tag-casos-diarios","tag-coronavirus","tag-destacado","tag-situacion-epidemiologica","tag-viernes-3-de-septiembre-de-2021","tag-villa-maria-2"],"yoast_head":"<!-- This site is optimized with the Yoast SEO plugin v26.8 - https:\/\/yoast.com\/product\/yoast-seo-wordpress\/ -->\n<title>La semana cerr\u00f3 con 4 fallecidos en total en Villa Mar\u00eda y otros 27 contagios este viernes - El Regional<\/title>\n<meta name=\"robots\" content=\"index, follow, max-snippet:-1, max-image-preview:large, max-video-preview:-1\" \/>\n<link rel=\"canonical\" href=\"http:\/\/elregionalvm.com.ar\/noticias-villa-maria\/la-semana-cerro-con-4-fallecidos-en-total-en-villa-maria-y-otros-27-contagios-este-viernes\/\" \/>\n<meta property=\"og:locale\" content=\"es_ES\" \/>\n<meta property=\"og:type\" content=\"article\" \/>\n<meta property=\"og:title\" content=\"La semana cerr\u00f3 con 4 fallecidos en total en Villa Mar\u00eda y otros 27 contagios este viernes - El Regional\" \/>\n<meta property=\"og:description\" content=\"\u2022 Hasta las 14 horas de este viernes, se registraron 27 nuevos casos de coronavirus y 82 altas m\u00e9dicas definitivas. De esta manera, los casos totales desde el inicio de la pandemia en la ciudad son 20.261, de los cuales 19.721 son personas que lograron recuperarse de la enfermedad. \u2022 El n\u00famero de personas aisladas [&hellip;]\" \/>\n<meta property=\"og:url\" content=\"http:\/\/elregionalvm.com.ar\/noticias-villa-maria\/la-semana-cerro-con-4-fallecidos-en-total-en-villa-maria-y-otros-27-contagios-este-viernes\/\" \/>\n<meta property=\"og:site_name\" content=\"El Regional\" \/>\n<meta property=\"article:publisher\" content=\"https:\/\/www.facebook.com\/elregionalvm\" \/>\n<meta property=\"article:published_time\" content=\"2021-09-03T21:36:06+00:00\" \/>\n<meta property=\"article:modified_time\" content=\"2021-09-03T21:36:08+00:00\" \/>\n<meta property=\"og:image\" content=\"http:\/\/elregionalvm.com.ar\/noticias-villa-maria\/wp-content\/uploads\/2021\/02\/coronavirus-105.jpg\" \/>\n\t<meta property=\"og:image:width\" content=\"275\" \/>\n\t<meta property=\"og:image:height\" content=\"183\" \/>\n\t<meta property=\"og:image:type\" content=\"image\/jpeg\" \/>\n<meta name=\"author\" content=\"Contenidos El Regional\" \/>\n<meta name=\"twitter:card\" content=\"summary_large_image\" \/>\n<meta name=\"twitter:creator\" content=\"@elregionalvm1\" \/>\n<meta name=\"twitter:site\" content=\"@elregionalvm1\" \/>\n<meta name=\"twitter:label1\" content=\"Escrito por\" \/>\n\t<meta name=\"twitter:data1\" content=\"Contenidos El Regional\" \/>\n\t<meta name=\"twitter:label2\" content=\"Tiempo de lectura\" \/>\n\t<meta name=\"twitter:data2\" content=\"3 minutos\" \/>\n<script type=\"application\/ld+json\" class=\"yoast-schema-graph\">{\"@context\":\"https:\/\/schema.org\",\"@graph\":[{\"@type\":\"Article\",\"@id\":\"http:\/\/elregionalvm.com.ar\/noticias-villa-maria\/la-semana-cerro-con-4-fallecidos-en-total-en-villa-maria-y-otros-27-contagios-este-viernes\/#article\",\"isPartOf\":{\"@id\":\"http:\/\/elregionalvm.com.ar\/noticias-villa-maria\/la-semana-cerro-con-4-fallecidos-en-total-en-villa-maria-y-otros-27-contagios-este-viernes\/\"},\"author\":{\"name\":\"Contenidos El Regional\",\"@id\":\"http:\/\/elregionalvm.com.ar\/noticias-villa-maria\/#\/schema\/person\/a0fb9c422317faca23d50163151bc354\"},\"headline\":\"La semana cerr\u00f3 con 4 fallecidos en total en Villa Mar\u00eda y otros 27 contagios este viernes\",\"datePublished\":\"2021-09-03T21:36:06+00:00\",\"dateModified\":\"2021-09-03T21:36:08+00:00\",\"mainEntityOfPage\":{\"@id\":\"http:\/\/elregionalvm.com.ar\/noticias-villa-maria\/la-semana-cerro-con-4-fallecidos-en-total-en-villa-maria-y-otros-27-contagios-este-viernes\/\"},\"wordCount\":430,\"commentCount\":0,\"image\":{\"@id\":\"http:\/\/elregionalvm.com.ar\/noticias-villa-maria\/la-semana-cerro-con-4-fallecidos-en-total-en-villa-maria-y-otros-27-contagios-este-viernes\/#primaryimage\"},\"thumbnailUrl\":\"https:\/\/i0.wp.com\/elregionalvm.com.ar\/noticias-villa-maria\/wp-content\/uploads\/2021\/02\/coronavirus-105.jpg?fit=275%2C183&ssl=1\",\"keywords\":[\"casos diarios\",\"Coronavirus\",\"destacado\",\"situaci\u00f3n epidemiol\u00f3gica\",\"viernes 3 de septiembre de 2021\",\"Villa Mar\u00eda\"],\"articleSection\":[\"Coronavirus\",\"Villa Mar\u00eda\"],\"inLanguage\":\"es\",\"potentialAction\":[{\"@type\":\"CommentAction\",\"name\":\"Comment\",\"target\":[\"http:\/\/elregionalvm.com.ar\/noticias-villa-maria\/la-semana-cerro-con-4-fallecidos-en-total-en-villa-maria-y-otros-27-contagios-este-viernes\/#respond\"]}]},{\"@type\":\"WebPage\",\"@id\":\"http:\/\/elregionalvm.com.ar\/noticias-villa-maria\/la-semana-cerro-con-4-fallecidos-en-total-en-villa-maria-y-otros-27-contagios-este-viernes\/\",\"url\":\"http:\/\/elregionalvm.com.ar\/noticias-villa-maria\/la-semana-cerro-con-4-fallecidos-en-total-en-villa-maria-y-otros-27-contagios-este-viernes\/\",\"name\":\"La semana cerr\u00f3 con 4 fallecidos en total en Villa Mar\u00eda y otros 27 contagios este viernes - El Regional\",\"isPartOf\":{\"@id\":\"http:\/\/elregionalvm.com.ar\/noticias-villa-maria\/#website\"},\"primaryImageOfPage\":{\"@id\":\"http:\/\/elregionalvm.com.ar\/noticias-villa-maria\/la-semana-cerro-con-4-fallecidos-en-total-en-villa-maria-y-otros-27-contagios-este-viernes\/#primaryimage\"},\"image\":{\"@id\":\"http:\/\/elregionalvm.com.ar\/noticias-villa-maria\/la-semana-cerro-con-4-fallecidos-en-total-en-villa-maria-y-otros-27-contagios-este-viernes\/#primaryimage\"},\"thumbnailUrl\":\"https:\/\/i0.wp.com\/elregionalvm.com.ar\/noticias-villa-maria\/wp-content\/uploads\/2021\/02\/coronavirus-105.jpg?fit=275%2C183&ssl=1\",\"datePublished\":\"2021-09-03T21:36:06+00:00\",\"dateModified\":\"2021-09-03T21:36:08+00:00\",\"author\":{\"@id\":\"http:\/\/elregionalvm.com.ar\/noticias-villa-maria\/#\/schema\/person\/a0fb9c422317faca23d50163151bc354\"},\"breadcrumb\":{\"@id\":\"http:\/\/elregionalvm.com.ar\/noticias-villa-maria\/la-semana-cerro-con-4-fallecidos-en-total-en-villa-maria-y-otros-27-contagios-este-viernes\/#breadcrumb\"},\"inLanguage\":\"es\",\"potentialAction\":[{\"@type\":\"ReadAction\",\"target\":[\"http:\/\/elregionalvm.com.ar\/noticias-villa-maria\/la-semana-cerro-con-4-fallecidos-en-total-en-villa-maria-y-otros-27-contagios-este-viernes\/\"]}]},{\"@type\":\"ImageObject\",\"inLanguage\":\"es\",\"@id\":\"http:\/\/elregionalvm.com.ar\/noticias-villa-maria\/la-semana-cerro-con-4-fallecidos-en-total-en-villa-maria-y-otros-27-contagios-este-viernes\/#primaryimage\",\"url\":\"https:\/\/i0.wp.com\/elregionalvm.com.ar\/noticias-villa-maria\/wp-content\/uploads\/2021\/02\/coronavirus-105.jpg?fit=275%2C183&ssl=1\",\"contentUrl\":\"https:\/\/i0.wp.com\/elregionalvm.com.ar\/noticias-villa-maria\/wp-content\/uploads\/2021\/02\/coronavirus-105.jpg?fit=275%2C183&ssl=1\",\"width\":275,\"height\":183},{\"@type\":\"BreadcrumbList\",\"@id\":\"http:\/\/elregionalvm.com.ar\/noticias-villa-maria\/la-semana-cerro-con-4-fallecidos-en-total-en-villa-maria-y-otros-27-contagios-este-viernes\/#breadcrumb\",\"itemListElement\":[{\"@type\":\"ListItem\",\"position\":1,\"name\":\"Portada\",\"item\":\"https:\/\/elregionalvm.com.ar\/noticias-villa-maria\/\"},{\"@type\":\"ListItem\",\"position\":2,\"name\":\"La semana cerr\u00f3 con 4 fallecidos en total en Villa Mar\u00eda y otros 27 contagios este viernes\"}]},{\"@type\":\"WebSite\",\"@id\":\"http:\/\/elregionalvm.com.ar\/noticias-villa-maria\/#website\",\"url\":\"http:\/\/elregionalvm.com.ar\/noticias-villa-maria\/\",\"name\":\"El Regional\",\"description\":\"Mucho m\u00e1s que informaci\u00f3n\",\"potentialAction\":[{\"@type\":\"SearchAction\",\"target\":{\"@type\":\"EntryPoint\",\"urlTemplate\":\"http:\/\/elregionalvm.com.ar\/noticias-villa-maria\/?s={search_term_string}\"},\"query-input\":{\"@type\":\"PropertyValueSpecification\",\"valueRequired\":true,\"valueName\":\"search_term_string\"}}],\"inLanguage\":\"es\"},{\"@type\":\"Person\",\"@id\":\"http:\/\/elregionalvm.com.ar\/noticias-villa-maria\/#\/schema\/person\/a0fb9c422317faca23d50163151bc354\",\"name\":\"Contenidos El Regional\",\"image\":{\"@type\":\"ImageObject\",\"inLanguage\":\"es\",\"@id\":\"http:\/\/elregionalvm.com.ar\/noticias-villa-maria\/#\/schema\/person\/image\/\",\"url\":\"https:\/\/secure.gravatar.com\/avatar\/265b27cb2209af7bb3a1318f03305787d7981a5cc6e6cd08fe5a4ecdf99d4b48?s=96&d=mm&r=g\",\"contentUrl\":\"https:\/\/secure.gravatar.com\/avatar\/265b27cb2209af7bb3a1318f03305787d7981a5cc6e6cd08fe5a4ecdf99d4b48?s=96&d=mm&r=g\",\"caption\":\"Contenidos El Regional\"},\"url\":\"https:\/\/elregionalvm.com.ar\/noticias-villa-maria\/author\/contenido\/\"}]}<\/script>\n<!-- \/ Yoast SEO plugin. -->","yoast_head_json":{"title":"La semana cerr\u00f3 con 4 fallecidos en total en Villa Mar\u00eda y otros 27 contagios este viernes - El Regional","robots":{"index":"index","follow":"follow","max-snippet":"max-snippet:-1","max-image-preview":"max-image-preview:large","max-video-preview":"max-video-preview:-1"},"canonical":"http:\/\/elregionalvm.com.ar\/noticias-villa-maria\/la-semana-cerro-con-4-fallecidos-en-total-en-villa-maria-y-otros-27-contagios-este-viernes\/","og_locale":"es_ES","og_type":"article","og_title":"La semana cerr\u00f3 con 4 fallecidos en total en Villa Mar\u00eda y otros 27 contagios este viernes - El Regional","og_description":"\u2022 Hasta las 14 horas de este viernes, se registraron 27 nuevos casos de coronavirus y 82 altas m\u00e9dicas definitivas. De esta manera, los casos totales desde el inicio de la pandemia en la ciudad son 20.261, de los cuales 19.721 son personas que lograron recuperarse de la enfermedad. \u2022 El n\u00famero de personas aisladas [&hellip;]","og_url":"http:\/\/elregionalvm.com.ar\/noticias-villa-maria\/la-semana-cerro-con-4-fallecidos-en-total-en-villa-maria-y-otros-27-contagios-este-viernes\/","og_site_name":"El Regional","article_publisher":"https:\/\/www.facebook.com\/elregionalvm","article_published_time":"2021-09-03T21:36:06+00:00","article_modified_time":"2021-09-03T21:36:08+00:00","og_image":[{"width":275,"height":183,"url":"http:\/\/elregionalvm.com.ar\/noticias-villa-maria\/wp-content\/uploads\/2021\/02\/coronavirus-105.jpg","type":"image\/jpeg"}],"author":"Contenidos El Regional","twitter_card":"summary_large_image","twitter_creator":"@elregionalvm1","twitter_site":"@elregionalvm1","twitter_misc":{"Escrito por":"Contenidos El Regional","Tiempo de lectura":"3 minutos"},"schema":{"@context":"https:\/\/schema.org","@graph":[{"@type":"Article","@id":"http:\/\/elregionalvm.com.ar\/noticias-villa-maria\/la-semana-cerro-con-4-fallecidos-en-total-en-villa-maria-y-otros-27-contagios-este-viernes\/#article","isPartOf":{"@id":"http:\/\/elregionalvm.com.ar\/noticias-villa-maria\/la-semana-cerro-con-4-fallecidos-en-total-en-villa-maria-y-otros-27-contagios-este-viernes\/"},"author":{"name":"Contenidos El Regional","@id":"http:\/\/elregionalvm.com.ar\/noticias-villa-maria\/#\/schema\/person\/a0fb9c422317faca23d50163151bc354"},"headline":"La semana cerr\u00f3 con 4 fallecidos en total en Villa Mar\u00eda y otros 27 contagios este viernes","datePublished":"2021-09-03T21:36:06+00:00","dateModified":"2021-09-03T21:36:08+00:00","mainEntityOfPage":{"@id":"http:\/\/elregionalvm.com.ar\/noticias-villa-maria\/la-semana-cerro-con-4-fallecidos-en-total-en-villa-maria-y-otros-27-contagios-este-viernes\/"},"wordCount":430,"commentCount":0,"image":{"@id":"http:\/\/elregionalvm.com.ar\/noticias-villa-maria\/la-semana-cerro-con-4-fallecidos-en-total-en-villa-maria-y-otros-27-contagios-este-viernes\/#primaryimage"},"thumbnailUrl":"https:\/\/i0.wp.com\/elregionalvm.com.ar\/noticias-villa-maria\/wp-content\/uploads\/2021\/02\/coronavirus-105.jpg?fit=275%2C183&ssl=1","keywords":["casos diarios","Coronavirus","destacado","situaci\u00f3n epidemiol\u00f3gica","viernes 3 de septiembre de 2021","Villa Mar\u00eda"],"articleSection":["Coronavirus","Villa Mar\u00eda"],"inLanguage":"es","potentialAction":[{"@type":"CommentAction","name":"Comment","target":["http:\/\/elregionalvm.com.ar\/noticias-villa-maria\/la-semana-cerro-con-4-fallecidos-en-total-en-villa-maria-y-otros-27-contagios-este-viernes\/#respond"]}]},{"@type":"WebPage","@id":"http:\/\/elregionalvm.com.ar\/noticias-villa-maria\/la-semana-cerro-con-4-fallecidos-en-total-en-villa-maria-y-otros-27-contagios-este-viernes\/","url":"http:\/\/elregionalvm.com.ar\/noticias-villa-maria\/la-semana-cerro-con-4-fallecidos-en-total-en-villa-maria-y-otros-27-contagios-este-viernes\/","name":"La semana cerr\u00f3 con 4 fallecidos en total en Villa Mar\u00eda y otros 27 contagios este viernes - El Regional","isPartOf":{"@id":"http:\/\/elregionalvm.com.ar\/noticias-villa-maria\/#website"},"primaryImageOfPage":{"@id":"http:\/\/elregionalvm.com.ar\/noticias-villa-maria\/la-semana-cerro-con-4-fallecidos-en-total-en-villa-maria-y-otros-27-contagios-este-viernes\/#primaryimage"},"image":{"@id":"http:\/\/elregionalvm.com.ar\/noticias-villa-maria\/la-semana-cerro-con-4-fallecidos-en-total-en-villa-maria-y-otros-27-contagios-este-viernes\/#primaryimage"},"thumbnailUrl":"https:\/\/i0.wp.com\/elregionalvm.com.ar\/noticias-villa-maria\/wp-content\/uploads\/2021\/02\/coronavirus-105.jpg?fit=275%2C183&ssl=1","datePublished":"2021-09-03T21:36:06+00:00","dateModified":"2021-09-03T21:36:08+00:00","author":{"@id":"http:\/\/elregionalvm.com.ar\/noticias-villa-maria\/#\/schema\/person\/a0fb9c422317faca23d50163151bc354"},"breadcrumb":{"@id":"http:\/\/elregionalvm.com.ar\/noticias-villa-maria\/la-semana-cerro-con-4-fallecidos-en-total-en-villa-maria-y-otros-27-contagios-este-viernes\/#breadcrumb"},"inLanguage":"es","potentialAction":[{"@type":"ReadAction","target":["http:\/\/elregionalvm.com.ar\/noticias-villa-maria\/la-semana-cerro-con-4-fallecidos-en-total-en-villa-maria-y-otros-27-contagios-este-viernes\/"]}]},{"@type":"ImageObject","inLanguage":"es","@id":"http:\/\/elregionalvm.com.ar\/noticias-villa-maria\/la-semana-cerro-con-4-fallecidos-en-total-en-villa-maria-y-otros-27-contagios-este-viernes\/#primaryimage","url":"https:\/\/i0.wp.com\/elregionalvm.com.ar\/noticias-villa-maria\/wp-content\/uploads\/2021\/02\/coronavirus-105.jpg?fit=275%2C183&ssl=1","contentUrl":"https:\/\/i0.wp.com\/elregionalvm.com.ar\/noticias-villa-maria\/wp-content\/uploads\/2021\/02\/coronavirus-105.jpg?fit=275%2C183&ssl=1","width":275,"height":183},{"@type":"BreadcrumbList","@id":"http:\/\/elregionalvm.com.ar\/noticias-villa-maria\/la-semana-cerro-con-4-fallecidos-en-total-en-villa-maria-y-otros-27-contagios-este-viernes\/#breadcrumb","itemListElement":[{"@type":"ListItem","position":1,"name":"Portada","item":"https:\/\/elregionalvm.com.ar\/noticias-villa-maria\/"},{"@type":"ListItem","position":2,"name":"La semana cerr\u00f3 con 4 fallecidos en total en Villa Mar\u00eda y otros 27 contagios este viernes"}]},{"@type":"WebSite","@id":"http:\/\/elregionalvm.com.ar\/noticias-villa-maria\/#website","url":"http:\/\/elregionalvm.com.ar\/noticias-villa-maria\/","name":"El Regional","description":"Mucho m\u00e1s que informaci\u00f3n","potentialAction":[{"@type":"SearchAction","target":{"@type":"EntryPoint","urlTemplate":"http:\/\/elregionalvm.com.ar\/noticias-villa-maria\/?s={search_term_string}"},"query-input":{"@type":"PropertyValueSpecification","valueRequired":true,"valueName":"search_term_string"}}],"inLanguage":"es"},{"@type":"Person","@id":"http:\/\/elregionalvm.com.ar\/noticias-villa-maria\/#\/schema\/person\/a0fb9c422317faca23d50163151bc354","name":"Contenidos El Regional","image":{"@type":"ImageObject","inLanguage":"es","@id":"http:\/\/elregionalvm.com.ar\/noticias-villa-maria\/#\/schema\/person\/image\/","url":"https:\/\/secure.gravatar.com\/avatar\/265b27cb2209af7bb3a1318f03305787d7981a5cc6e6cd08fe5a4ecdf99d4b48?s=96&d=mm&r=g","contentUrl":"https:\/\/secure.gravatar.com\/avatar\/265b27cb2209af7bb3a1318f03305787d7981a5cc6e6cd08fe5a4ecdf99d4b48?s=96&d=mm&r=g","caption":"Contenidos El Regional"},"url":"https:\/\/elregionalvm.com.ar\/noticias-villa-maria\/author\/contenido\/"}]}},"jetpack_featured_media_url":"https:\/\/i0.wp.com\/elregionalvm.com.ar\/noticias-villa-maria\/wp-content\/uploads\/2021\/02\/coronavirus-105.jpg?fit=275%2C183&ssl=1","jetpack_sharing_enabled":true,"_links":{"self":[{"href":"https:\/\/elregionalvm.com.ar\/noticias-villa-maria\/wp-json\/wp\/v2\/posts\/44071","targetHints":{"allow":["GET"]}}],"collection":[{"href":"https:\/\/elregionalvm.com.ar\/noticias-villa-maria\/wp-json\/wp\/v2\/posts"}],"about":[{"href":"https:\/\/elregionalvm.com.ar\/noticias-villa-maria\/wp-json\/wp\/v2\/types\/post"}],"author":[{"embeddable":true,"href":"https:\/\/elregionalvm.com.ar\/noticias-villa-maria\/wp-json\/wp\/v2\/users\/4"}],"replies":[{"embeddable":true,"href":"https:\/\/elregionalvm.com.ar\/noticias-villa-maria\/wp-json\/wp\/v2\/comments?post=44071"}],"version-history":[{"count":1,"href":"https:\/\/elregionalvm.com.ar\/noticias-villa-maria\/wp-json\/wp\/v2\/posts\/44071\/revisions"}],"predecessor-version":[{"id":44077,"href":"https:\/\/elregionalvm.com.ar\/noticias-villa-maria\/wp-json\/wp\/v2\/posts\/44071\/revisions\/44077"}],"wp:featuredmedia":[{"embeddable":true,"href":"https:\/\/elregionalvm.com.ar\/noticias-villa-maria\/wp-json\/wp\/v2\/media\/31714"}],"wp:attachment":[{"href":"https:\/\/elregionalvm.com.ar\/noticias-villa-maria\/wp-json\/wp\/v2\/media?parent=44071"}],"wp:term":[{"taxonomy":"category","embeddable":true,"href":"https:\/\/elregionalvm.com.ar\/noticias-villa-maria\/wp-json\/wp\/v2\/categories?post=44071"},{"taxonomy":"post_tag","embeddable":true,"href":"https:\/\/elregionalvm.com.ar\/noticias-villa-maria\/wp-json\/wp\/v2\/tags?post=44071"}],"curies":[{"name":"wp","href":"https:\/\/api.w.org\/{rel}","templated":true}]}}