{"id":44081,"date":"2021-09-04T00:19:39","date_gmt":"2021-09-04T00:19:39","guid":{"rendered":"https:\/\/elregionalvm.com.ar\/noticias-villa-maria\/?p=44081"},"modified":"2021-09-04T02:32:51","modified_gmt":"2021-09-04T02:32:51","slug":"trasladaran-la-central-de-monitoreo-a-la-municipalidad-y-amplian-el-horario-para-bares-y-restaurantes","status":"publish","type":"post","link":"https:\/\/elregionalvm.com.ar\/noticias-villa-maria\/trasladaran-la-central-de-monitoreo-a-la-municipalidad-y-amplian-el-horario-para-bares-y-restaurantes\/","title":{"rendered":"Trasladar\u00e1n la central de monitoreo a la Municipalidad y ampl\u00edan el horario para bares y restaurantes"},"content":{"rendered":"\n<p>Esta ma\u00f1ana, Eduardo Rodr\u00edguez, Secretario de Gobierno, Seguridad Ciudadana y Asuntos Legales de la Municipalidad de Villa Mar\u00eda, en una entrevista con La Ma\u00f1ana Informal de Radio Centro, adelant\u00f3 que en breve se trasladar\u00e1 el Centro de Monitoreo que se encuentra actualmente en el Centro C\u00edvico, al Palacio Municipal.<\/p>\n\n\n\n<p>La intenci\u00f3n es acercarla al \u00e1rea de Seguridad Ciudadana por motivos de operatividad. Depender\u00e1 que est\u00e9 all\u00ed de la actibilidad t\u00e9cnica, ya que las instalaciones el\u00e9ctricas deber\u00e1n soportar todo el equipamiento t\u00e9cnico de la central de monitoreo, que alberga gran teconolog\u00eda y el control 242 c\u00e1maras de vigilancia, siendo una de las centrales de monitoreo m\u00e1s importantes de la provincia.<\/p>\n\n\n\n<p><strong>\u00bfUna tasa para acceder a las im\u00e1genes del monitoreo?<\/strong><\/p>\n\n\n\n<p>Otro dato que agreg\u00f3  Eduardo \u00abTati Rodr\u00edguez\u00bb es que est\u00e1n elaborando un proyecto que pretende cobrar una tasa por la provisi\u00f3n y uso de las im\u00e1genes a quienes requieran ese servicio. Todav\u00eda no se ha hablado de costos, pero la idea es que esa tasa sirva de sustento econ\u00f3mico para la generaci\u00f3n misma del servicio de monitoreo.<\/p>\n\n\n\n<p><strong>Ampl\u00edan el horario de atenci\u00f3n para bares y restaurantes<\/strong><\/p>\n\n\n\n<p>Otro dato que adelant\u00f3 Rodr\u00edguez es que est\u00e1 al salir un nuevo decreto municipal estipulando nuevos horarios para el sector gastron\u00f3mico, es decir bares y restaurantes: se podr\u00e1 abrir de domingos a jueves hasta la hora 00:30, con una hora de tolerancia; viernes y s\u00e1bado hasta las 03.00, tambi\u00e9n con una hora de tolerancia.<\/p>\n\n\n\n<div class=\"wp-block-image\"><figure class=\"aligncenter size-large is-resized\"><img data-recalc-dims=\"1\" fetchpriority=\"high\" decoding=\"async\" src=\"https:\/\/i0.wp.com\/elregionalvm.com.ar\/noticias-villa-maria\/wp-content\/uploads\/2021\/09\/bares-y-restaurantes-2.jpg?resize=656%2C409&#038;ssl=1\" alt=\"\" class=\"wp-image-44082\" width=\"656\" height=\"409\" srcset=\"https:\/\/i0.wp.com\/elregionalvm.com.ar\/noticias-villa-maria\/wp-content\/uploads\/2021\/09\/bares-y-restaurantes-2.jpg?resize=1024%2C640&amp;ssl=1 1024w, https:\/\/i0.wp.com\/elregionalvm.com.ar\/noticias-villa-maria\/wp-content\/uploads\/2021\/09\/bares-y-restaurantes-2.jpg?resize=300%2C188&amp;ssl=1 300w, https:\/\/i0.wp.com\/elregionalvm.com.ar\/noticias-villa-maria\/wp-content\/uploads\/2021\/09\/bares-y-restaurantes-2.jpg?resize=768%2C480&amp;ssl=1 768w, https:\/\/i0.wp.com\/elregionalvm.com.ar\/noticias-villa-maria\/wp-content\/uploads\/2021\/09\/bares-y-restaurantes-2.jpg?resize=1536%2C960&amp;ssl=1 1536w, https:\/\/i0.wp.com\/elregionalvm.com.ar\/noticias-villa-maria\/wp-content\/uploads\/2021\/09\/bares-y-restaurantes-2.jpg?w=1920&amp;ssl=1 1920w\" sizes=\"(max-width: 656px) 100vw, 656px\" \/><\/figure><\/div>\n","protected":false},"excerpt":{"rendered":"<p>Esta ma\u00f1ana, Eduardo Rodr\u00edguez, Secretario de Gobierno, Seguridad Ciudadana y Asuntos Legales de la Municipalidad de Villa Mar\u00eda, en una entrevista con La Ma\u00f1ana Informal de Radio Centro, adelant\u00f3 que en breve se trasladar\u00e1 el Centro de Monitoreo que se encuentra actualmente en el Centro C\u00edvico, al Palacio Municipal. La intenci\u00f3n es acercarla al \u00e1rea [&hellip;]<\/p>\n","protected":false},"author":4,"featured_media":27970,"comment_status":"open","ping_status":"open","sticky":false,"template":"","format":"standard","meta":{"site-sidebar-layout":"default","site-content-layout":"default","ast-site-content-layout":"default","site-content-style":"default","site-sidebar-style":"default","ast-global-header-display":"","ast-banner-title-visibility":"","ast-main-header-display":"","ast-hfb-above-header-display":"","ast-hfb-below-header-display":"","ast-hfb-mobile-header-display":"","site-post-title":"","ast-breadcrumbs-content":"","ast-featured-img":"","footer-sml-layout":"","ast-disable-related-posts":"","theme-transparent-header-meta":"default","adv-header-id-meta":"","stick-header-meta":"","header-above-stick-meta":"","header-main-stick-meta":"","header-below-stick-meta":"","astra-migrate-meta-layouts":"default","ast-page-background-enabled":"default","ast-page-background-meta":{"desktop":{"background-color":"","background-image":"","background-repeat":"repeat","background-position":"center center","background-size":"auto","background-attachment":"scroll","background-type":"","background-media":"","overlay-type":"","overlay-color":"","overlay-opacity":"","overlay-gradient":""},"tablet":{"background-color":"","background-image":"","background-repeat":"repeat","background-position":"center center","background-size":"auto","background-attachment":"scroll","background-type":"","background-media":"","overlay-type":"","overlay-color":"","overlay-opacity":"","overlay-gradient":""},"mobile":{"background-color":"","background-image":"","background-repeat":"repeat","background-position":"center center","background-size":"auto","background-attachment":"scroll","background-type":"","background-media":"","overlay-type":"","overlay-color":"","overlay-opacity":"","overlay-gradient":""}},"ast-content-background-meta":{"desktop":{"background-color":"var(--ast-global-color-5)","background-image":"","background-repeat":"repeat","background-position":"center center","background-size":"auto","background-attachment":"scroll","background-type":"","background-media":"","overlay-type":"","overlay-color":"","overlay-opacity":"","overlay-gradient":""},"tablet":{"background-color":"var(--ast-global-color-5)","background-image":"","background-repeat":"repeat","background-position":"center center","background-size":"auto","background-attachment":"scroll","background-type":"","background-media":"","overlay-type":"","overlay-color":"","overlay-opacity":"","overlay-gradient":""},"mobile":{"background-color":"var(--ast-global-color-5)","background-image":"","background-repeat":"repeat","background-position":"center center","background-size":"auto","background-attachment":"scroll","background-type":"","background-media":"","overlay-type":"","overlay-color":"","overlay-opacity":"","overlay-gradient":""}},"_jetpack_memberships_contains_paid_content":false,"_joinchat":[],"footnotes":""},"categories":[2],"tags":[1338,10992,1232,10993,2474,4762],"class_list":["post-44081","post","type-post","status-publish","format-standard","has-post-thumbnail","hentry","category-villa-maria","tag-ampliacion","tag-central-de-monitoreo","tag-destacado","tag-horario-bares-y-restaurantes","tag-municipalidad-de-villa-maria","tag-traslado"],"yoast_head":"<!-- This site is optimized with the Yoast SEO plugin v26.8 - https:\/\/yoast.com\/product\/yoast-seo-wordpress\/ -->\n<title>Trasladar\u00e1n la central de monitoreo a la Municipalidad y ampl\u00edan el horario para bares y restaurantes - El Regional<\/title>\n<meta name=\"robots\" content=\"index, follow, max-snippet:-1, max-image-preview:large, max-video-preview:-1\" \/>\n<link rel=\"canonical\" href=\"http:\/\/elregionalvm.com.ar\/noticias-villa-maria\/trasladaran-la-central-de-monitoreo-a-la-municipalidad-y-amplian-el-horario-para-bares-y-restaurantes\/\" \/>\n<meta property=\"og:locale\" content=\"es_ES\" \/>\n<meta property=\"og:type\" content=\"article\" \/>\n<meta property=\"og:title\" content=\"Trasladar\u00e1n la central de monitoreo a la Municipalidad y ampl\u00edan el horario para bares y restaurantes - El Regional\" \/>\n<meta property=\"og:description\" content=\"Esta ma\u00f1ana, Eduardo Rodr\u00edguez, Secretario de Gobierno, Seguridad Ciudadana y Asuntos Legales de la Municipalidad de Villa Mar\u00eda, en una entrevista con La Ma\u00f1ana Informal de Radio Centro, adelant\u00f3 que en breve se trasladar\u00e1 el Centro de Monitoreo que se encuentra actualmente en el Centro C\u00edvico, al Palacio Municipal. La intenci\u00f3n es acercarla al \u00e1rea [&hellip;]\" \/>\n<meta property=\"og:url\" content=\"http:\/\/elregionalvm.com.ar\/noticias-villa-maria\/trasladaran-la-central-de-monitoreo-a-la-municipalidad-y-amplian-el-horario-para-bares-y-restaurantes\/\" \/>\n<meta property=\"og:site_name\" content=\"El Regional\" \/>\n<meta property=\"article:publisher\" content=\"https:\/\/www.facebook.com\/elregionalvm\" \/>\n<meta property=\"article:published_time\" content=\"2021-09-04T00:19:39+00:00\" \/>\n<meta property=\"article:modified_time\" content=\"2021-09-04T02:32:51+00:00\" \/>\n<meta property=\"og:image\" content=\"http:\/\/elregionalvm.com.ar\/noticias-villa-maria\/wp-content\/uploads\/2020\/11\/ARCHIVO-centro-de-monitoreo.jpg\" \/>\n\t<meta property=\"og:image:width\" content=\"1280\" \/>\n\t<meta property=\"og:image:height\" content=\"854\" \/>\n\t<meta property=\"og:image:type\" content=\"image\/jpeg\" \/>\n<meta name=\"author\" content=\"Contenidos El Regional\" \/>\n<meta name=\"twitter:card\" content=\"summary_large_image\" \/>\n<meta name=\"twitter:creator\" content=\"@elregionalvm1\" \/>\n<meta name=\"twitter:site\" content=\"@elregionalvm1\" \/>\n<meta name=\"twitter:label1\" content=\"Escrito por\" \/>\n\t<meta name=\"twitter:data1\" content=\"Contenidos El Regional\" \/>\n\t<meta name=\"twitter:label2\" content=\"Tiempo de lectura\" \/>\n\t<meta name=\"twitter:data2\" content=\"2 minutos\" \/>\n<script type=\"application\/ld+json\" class=\"yoast-schema-graph\">{\"@context\":\"https:\/\/schema.org\",\"@graph\":[{\"@type\":\"Article\",\"@id\":\"http:\/\/elregionalvm.com.ar\/noticias-villa-maria\/trasladaran-la-central-de-monitoreo-a-la-municipalidad-y-amplian-el-horario-para-bares-y-restaurantes\/#article\",\"isPartOf\":{\"@id\":\"http:\/\/elregionalvm.com.ar\/noticias-villa-maria\/trasladaran-la-central-de-monitoreo-a-la-municipalidad-y-amplian-el-horario-para-bares-y-restaurantes\/\"},\"author\":{\"name\":\"Contenidos El Regional\",\"@id\":\"http:\/\/elregionalvm.com.ar\/noticias-villa-maria\/#\/schema\/person\/a0fb9c422317faca23d50163151bc354\"},\"headline\":\"Trasladar\u00e1n la central de monitoreo a la Municipalidad y ampl\u00edan el horario para bares y restaurantes\",\"datePublished\":\"2021-09-04T00:19:39+00:00\",\"dateModified\":\"2021-09-04T02:32:51+00:00\",\"mainEntityOfPage\":{\"@id\":\"http:\/\/elregionalvm.com.ar\/noticias-villa-maria\/trasladaran-la-central-de-monitoreo-a-la-municipalidad-y-amplian-el-horario-para-bares-y-restaurantes\/\"},\"wordCount\":280,\"commentCount\":0,\"image\":{\"@id\":\"http:\/\/elregionalvm.com.ar\/noticias-villa-maria\/trasladaran-la-central-de-monitoreo-a-la-municipalidad-y-amplian-el-horario-para-bares-y-restaurantes\/#primaryimage\"},\"thumbnailUrl\":\"https:\/\/i0.wp.com\/elregionalvm.com.ar\/noticias-villa-maria\/wp-content\/uploads\/2020\/11\/ARCHIVO-centro-de-monitoreo.jpg?fit=1280%2C854&ssl=1\",\"keywords\":[\"Ampliaci\u00f3n\",\"central de monitoreo\",\"destacado\",\"horario bares y restaurantes\",\"Municipalidad de Villa Mar\u00eda\",\"traslado\"],\"articleSection\":[\"Villa Mar\u00eda\"],\"inLanguage\":\"es\",\"potentialAction\":[{\"@type\":\"CommentAction\",\"name\":\"Comment\",\"target\":[\"http:\/\/elregionalvm.com.ar\/noticias-villa-maria\/trasladaran-la-central-de-monitoreo-a-la-municipalidad-y-amplian-el-horario-para-bares-y-restaurantes\/#respond\"]}]},{\"@type\":\"WebPage\",\"@id\":\"http:\/\/elregionalvm.com.ar\/noticias-villa-maria\/trasladaran-la-central-de-monitoreo-a-la-municipalidad-y-amplian-el-horario-para-bares-y-restaurantes\/\",\"url\":\"http:\/\/elregionalvm.com.ar\/noticias-villa-maria\/trasladaran-la-central-de-monitoreo-a-la-municipalidad-y-amplian-el-horario-para-bares-y-restaurantes\/\",\"name\":\"Trasladar\u00e1n la central de monitoreo a la Municipalidad y ampl\u00edan el horario para bares y restaurantes - El Regional\",\"isPartOf\":{\"@id\":\"http:\/\/elregionalvm.com.ar\/noticias-villa-maria\/#website\"},\"primaryImageOfPage\":{\"@id\":\"http:\/\/elregionalvm.com.ar\/noticias-villa-maria\/trasladaran-la-central-de-monitoreo-a-la-municipalidad-y-amplian-el-horario-para-bares-y-restaurantes\/#primaryimage\"},\"image\":{\"@id\":\"http:\/\/elregionalvm.com.ar\/noticias-villa-maria\/trasladaran-la-central-de-monitoreo-a-la-municipalidad-y-amplian-el-horario-para-bares-y-restaurantes\/#primaryimage\"},\"thumbnailUrl\":\"https:\/\/i0.wp.com\/elregionalvm.com.ar\/noticias-villa-maria\/wp-content\/uploads\/2020\/11\/ARCHIVO-centro-de-monitoreo.jpg?fit=1280%2C854&ssl=1\",\"datePublished\":\"2021-09-04T00:19:39+00:00\",\"dateModified\":\"2021-09-04T02:32:51+00:00\",\"author\":{\"@id\":\"http:\/\/elregionalvm.com.ar\/noticias-villa-maria\/#\/schema\/person\/a0fb9c422317faca23d50163151bc354\"},\"breadcrumb\":{\"@id\":\"http:\/\/elregionalvm.com.ar\/noticias-villa-maria\/trasladaran-la-central-de-monitoreo-a-la-municipalidad-y-amplian-el-horario-para-bares-y-restaurantes\/#breadcrumb\"},\"inLanguage\":\"es\",\"potentialAction\":[{\"@type\":\"ReadAction\",\"target\":[\"http:\/\/elregionalvm.com.ar\/noticias-villa-maria\/trasladaran-la-central-de-monitoreo-a-la-municipalidad-y-amplian-el-horario-para-bares-y-restaurantes\/\"]}]},{\"@type\":\"ImageObject\",\"inLanguage\":\"es\",\"@id\":\"http:\/\/elregionalvm.com.ar\/noticias-villa-maria\/trasladaran-la-central-de-monitoreo-a-la-municipalidad-y-amplian-el-horario-para-bares-y-restaurantes\/#primaryimage\",\"url\":\"https:\/\/i0.wp.com\/elregionalvm.com.ar\/noticias-villa-maria\/wp-content\/uploads\/2020\/11\/ARCHIVO-centro-de-monitoreo.jpg?fit=1280%2C854&ssl=1\",\"contentUrl\":\"https:\/\/i0.wp.com\/elregionalvm.com.ar\/noticias-villa-maria\/wp-content\/uploads\/2020\/11\/ARCHIVO-centro-de-monitoreo.jpg?fit=1280%2C854&ssl=1\",\"width\":1280,\"height\":854},{\"@type\":\"BreadcrumbList\",\"@id\":\"http:\/\/elregionalvm.com.ar\/noticias-villa-maria\/trasladaran-la-central-de-monitoreo-a-la-municipalidad-y-amplian-el-horario-para-bares-y-restaurantes\/#breadcrumb\",\"itemListElement\":[{\"@type\":\"ListItem\",\"position\":1,\"name\":\"Portada\",\"item\":\"https:\/\/elregionalvm.com.ar\/noticias-villa-maria\/\"},{\"@type\":\"ListItem\",\"position\":2,\"name\":\"Trasladar\u00e1n la central de monitoreo a la Municipalidad y ampl\u00edan el horario para bares y restaurantes\"}]},{\"@type\":\"WebSite\",\"@id\":\"http:\/\/elregionalvm.com.ar\/noticias-villa-maria\/#website\",\"url\":\"http:\/\/elregionalvm.com.ar\/noticias-villa-maria\/\",\"name\":\"El Regional\",\"description\":\"Mucho m\u00e1s que informaci\u00f3n\",\"potentialAction\":[{\"@type\":\"SearchAction\",\"target\":{\"@type\":\"EntryPoint\",\"urlTemplate\":\"http:\/\/elregionalvm.com.ar\/noticias-villa-maria\/?s={search_term_string}\"},\"query-input\":{\"@type\":\"PropertyValueSpecification\",\"valueRequired\":true,\"valueName\":\"search_term_string\"}}],\"inLanguage\":\"es\"},{\"@type\":\"Person\",\"@id\":\"http:\/\/elregionalvm.com.ar\/noticias-villa-maria\/#\/schema\/person\/a0fb9c422317faca23d50163151bc354\",\"name\":\"Contenidos El Regional\",\"image\":{\"@type\":\"ImageObject\",\"inLanguage\":\"es\",\"@id\":\"http:\/\/elregionalvm.com.ar\/noticias-villa-maria\/#\/schema\/person\/image\/\",\"url\":\"https:\/\/secure.gravatar.com\/avatar\/265b27cb2209af7bb3a1318f03305787d7981a5cc6e6cd08fe5a4ecdf99d4b48?s=96&d=mm&r=g\",\"contentUrl\":\"https:\/\/secure.gravatar.com\/avatar\/265b27cb2209af7bb3a1318f03305787d7981a5cc6e6cd08fe5a4ecdf99d4b48?s=96&d=mm&r=g\",\"caption\":\"Contenidos El Regional\"},\"url\":\"https:\/\/elregionalvm.com.ar\/noticias-villa-maria\/author\/contenido\/\"}]}<\/script>\n<!-- \/ Yoast SEO plugin. -->","yoast_head_json":{"title":"Trasladar\u00e1n la central de monitoreo a la Municipalidad y ampl\u00edan el horario para bares y restaurantes - El Regional","robots":{"index":"index","follow":"follow","max-snippet":"max-snippet:-1","max-image-preview":"max-image-preview:large","max-video-preview":"max-video-preview:-1"},"canonical":"http:\/\/elregionalvm.com.ar\/noticias-villa-maria\/trasladaran-la-central-de-monitoreo-a-la-municipalidad-y-amplian-el-horario-para-bares-y-restaurantes\/","og_locale":"es_ES","og_type":"article","og_title":"Trasladar\u00e1n la central de monitoreo a la Municipalidad y ampl\u00edan el horario para bares y restaurantes - El Regional","og_description":"Esta ma\u00f1ana, Eduardo Rodr\u00edguez, Secretario de Gobierno, Seguridad Ciudadana y Asuntos Legales de la Municipalidad de Villa Mar\u00eda, en una entrevista con La Ma\u00f1ana Informal de Radio Centro, adelant\u00f3 que en breve se trasladar\u00e1 el Centro de Monitoreo que se encuentra actualmente en el Centro C\u00edvico, al Palacio Municipal. La intenci\u00f3n es acercarla al \u00e1rea [&hellip;]","og_url":"http:\/\/elregionalvm.com.ar\/noticias-villa-maria\/trasladaran-la-central-de-monitoreo-a-la-municipalidad-y-amplian-el-horario-para-bares-y-restaurantes\/","og_site_name":"El Regional","article_publisher":"https:\/\/www.facebook.com\/elregionalvm","article_published_time":"2021-09-04T00:19:39+00:00","article_modified_time":"2021-09-04T02:32:51+00:00","og_image":[{"width":1280,"height":854,"url":"http:\/\/elregionalvm.com.ar\/noticias-villa-maria\/wp-content\/uploads\/2020\/11\/ARCHIVO-centro-de-monitoreo.jpg","type":"image\/jpeg"}],"author":"Contenidos El Regional","twitter_card":"summary_large_image","twitter_creator":"@elregionalvm1","twitter_site":"@elregionalvm1","twitter_misc":{"Escrito por":"Contenidos El Regional","Tiempo de lectura":"2 minutos"},"schema":{"@context":"https:\/\/schema.org","@graph":[{"@type":"Article","@id":"http:\/\/elregionalvm.com.ar\/noticias-villa-maria\/trasladaran-la-central-de-monitoreo-a-la-municipalidad-y-amplian-el-horario-para-bares-y-restaurantes\/#article","isPartOf":{"@id":"http:\/\/elregionalvm.com.ar\/noticias-villa-maria\/trasladaran-la-central-de-monitoreo-a-la-municipalidad-y-amplian-el-horario-para-bares-y-restaurantes\/"},"author":{"name":"Contenidos El Regional","@id":"http:\/\/elregionalvm.com.ar\/noticias-villa-maria\/#\/schema\/person\/a0fb9c422317faca23d50163151bc354"},"headline":"Trasladar\u00e1n la central de monitoreo a la Municipalidad y ampl\u00edan el horario para bares y restaurantes","datePublished":"2021-09-04T00:19:39+00:00","dateModified":"2021-09-04T02:32:51+00:00","mainEntityOfPage":{"@id":"http:\/\/elregionalvm.com.ar\/noticias-villa-maria\/trasladaran-la-central-de-monitoreo-a-la-municipalidad-y-amplian-el-horario-para-bares-y-restaurantes\/"},"wordCount":280,"commentCount":0,"image":{"@id":"http:\/\/elregionalvm.com.ar\/noticias-villa-maria\/trasladaran-la-central-de-monitoreo-a-la-municipalidad-y-amplian-el-horario-para-bares-y-restaurantes\/#primaryimage"},"thumbnailUrl":"https:\/\/i0.wp.com\/elregionalvm.com.ar\/noticias-villa-maria\/wp-content\/uploads\/2020\/11\/ARCHIVO-centro-de-monitoreo.jpg?fit=1280%2C854&ssl=1","keywords":["Ampliaci\u00f3n","central de monitoreo","destacado","horario bares y restaurantes","Municipalidad de Villa Mar\u00eda","traslado"],"articleSection":["Villa Mar\u00eda"],"inLanguage":"es","potentialAction":[{"@type":"CommentAction","name":"Comment","target":["http:\/\/elregionalvm.com.ar\/noticias-villa-maria\/trasladaran-la-central-de-monitoreo-a-la-municipalidad-y-amplian-el-horario-para-bares-y-restaurantes\/#respond"]}]},{"@type":"WebPage","@id":"http:\/\/elregionalvm.com.ar\/noticias-villa-maria\/trasladaran-la-central-de-monitoreo-a-la-municipalidad-y-amplian-el-horario-para-bares-y-restaurantes\/","url":"http:\/\/elregionalvm.com.ar\/noticias-villa-maria\/trasladaran-la-central-de-monitoreo-a-la-municipalidad-y-amplian-el-horario-para-bares-y-restaurantes\/","name":"Trasladar\u00e1n la central de monitoreo a la Municipalidad y ampl\u00edan el horario para bares y restaurantes - El Regional","isPartOf":{"@id":"http:\/\/elregionalvm.com.ar\/noticias-villa-maria\/#website"},"primaryImageOfPage":{"@id":"http:\/\/elregionalvm.com.ar\/noticias-villa-maria\/trasladaran-la-central-de-monitoreo-a-la-municipalidad-y-amplian-el-horario-para-bares-y-restaurantes\/#primaryimage"},"image":{"@id":"http:\/\/elregionalvm.com.ar\/noticias-villa-maria\/trasladaran-la-central-de-monitoreo-a-la-municipalidad-y-amplian-el-horario-para-bares-y-restaurantes\/#primaryimage"},"thumbnailUrl":"https:\/\/i0.wp.com\/elregionalvm.com.ar\/noticias-villa-maria\/wp-content\/uploads\/2020\/11\/ARCHIVO-centro-de-monitoreo.jpg?fit=1280%2C854&ssl=1","datePublished":"2021-09-04T00:19:39+00:00","dateModified":"2021-09-04T02:32:51+00:00","author":{"@id":"http:\/\/elregionalvm.com.ar\/noticias-villa-maria\/#\/schema\/person\/a0fb9c422317faca23d50163151bc354"},"breadcrumb":{"@id":"http:\/\/elregionalvm.com.ar\/noticias-villa-maria\/trasladaran-la-central-de-monitoreo-a-la-municipalidad-y-amplian-el-horario-para-bares-y-restaurantes\/#breadcrumb"},"inLanguage":"es","potentialAction":[{"@type":"ReadAction","target":["http:\/\/elregionalvm.com.ar\/noticias-villa-maria\/trasladaran-la-central-de-monitoreo-a-la-municipalidad-y-amplian-el-horario-para-bares-y-restaurantes\/"]}]},{"@type":"ImageObject","inLanguage":"es","@id":"http:\/\/elregionalvm.com.ar\/noticias-villa-maria\/trasladaran-la-central-de-monitoreo-a-la-municipalidad-y-amplian-el-horario-para-bares-y-restaurantes\/#primaryimage","url":"https:\/\/i0.wp.com\/elregionalvm.com.ar\/noticias-villa-maria\/wp-content\/uploads\/2020\/11\/ARCHIVO-centro-de-monitoreo.jpg?fit=1280%2C854&ssl=1","contentUrl":"https:\/\/i0.wp.com\/elregionalvm.com.ar\/noticias-villa-maria\/wp-content\/uploads\/2020\/11\/ARCHIVO-centro-de-monitoreo.jpg?fit=1280%2C854&ssl=1","width":1280,"height":854},{"@type":"BreadcrumbList","@id":"http:\/\/elregionalvm.com.ar\/noticias-villa-maria\/trasladaran-la-central-de-monitoreo-a-la-municipalidad-y-amplian-el-horario-para-bares-y-restaurantes\/#breadcrumb","itemListElement":[{"@type":"ListItem","position":1,"name":"Portada","item":"https:\/\/elregionalvm.com.ar\/noticias-villa-maria\/"},{"@type":"ListItem","position":2,"name":"Trasladar\u00e1n la central de monitoreo a la Municipalidad y ampl\u00edan el horario para bares y restaurantes"}]},{"@type":"WebSite","@id":"http:\/\/elregionalvm.com.ar\/noticias-villa-maria\/#website","url":"http:\/\/elregionalvm.com.ar\/noticias-villa-maria\/","name":"El Regional","description":"Mucho m\u00e1s que informaci\u00f3n","potentialAction":[{"@type":"SearchAction","target":{"@type":"EntryPoint","urlTemplate":"http:\/\/elregionalvm.com.ar\/noticias-villa-maria\/?s={search_term_string}"},"query-input":{"@type":"PropertyValueSpecification","valueRequired":true,"valueName":"search_term_string"}}],"inLanguage":"es"},{"@type":"Person","@id":"http:\/\/elregionalvm.com.ar\/noticias-villa-maria\/#\/schema\/person\/a0fb9c422317faca23d50163151bc354","name":"Contenidos El Regional","image":{"@type":"ImageObject","inLanguage":"es","@id":"http:\/\/elregionalvm.com.ar\/noticias-villa-maria\/#\/schema\/person\/image\/","url":"https:\/\/secure.gravatar.com\/avatar\/265b27cb2209af7bb3a1318f03305787d7981a5cc6e6cd08fe5a4ecdf99d4b48?s=96&d=mm&r=g","contentUrl":"https:\/\/secure.gravatar.com\/avatar\/265b27cb2209af7bb3a1318f03305787d7981a5cc6e6cd08fe5a4ecdf99d4b48?s=96&d=mm&r=g","caption":"Contenidos El Regional"},"url":"https:\/\/elregionalvm.com.ar\/noticias-villa-maria\/author\/contenido\/"}]}},"jetpack_featured_media_url":"https:\/\/i0.wp.com\/elregionalvm.com.ar\/noticias-villa-maria\/wp-content\/uploads\/2020\/11\/ARCHIVO-centro-de-monitoreo.jpg?fit=1280%2C854&ssl=1","jetpack_sharing_enabled":true,"_links":{"self":[{"href":"https:\/\/elregionalvm.com.ar\/noticias-villa-maria\/wp-json\/wp\/v2\/posts\/44081","targetHints":{"allow":["GET"]}}],"collection":[{"href":"https:\/\/elregionalvm.com.ar\/noticias-villa-maria\/wp-json\/wp\/v2\/posts"}],"about":[{"href":"https:\/\/elregionalvm.com.ar\/noticias-villa-maria\/wp-json\/wp\/v2\/types\/post"}],"author":[{"embeddable":true,"href":"https:\/\/elregionalvm.com.ar\/noticias-villa-maria\/wp-json\/wp\/v2\/users\/4"}],"replies":[{"embeddable":true,"href":"https:\/\/elregionalvm.com.ar\/noticias-villa-maria\/wp-json\/wp\/v2\/comments?post=44081"}],"version-history":[{"count":3,"href":"https:\/\/elregionalvm.com.ar\/noticias-villa-maria\/wp-json\/wp\/v2\/posts\/44081\/revisions"}],"predecessor-version":[{"id":44099,"href":"https:\/\/elregionalvm.com.ar\/noticias-villa-maria\/wp-json\/wp\/v2\/posts\/44081\/revisions\/44099"}],"wp:featuredmedia":[{"embeddable":true,"href":"https:\/\/elregionalvm.com.ar\/noticias-villa-maria\/wp-json\/wp\/v2\/media\/27970"}],"wp:attachment":[{"href":"https:\/\/elregionalvm.com.ar\/noticias-villa-maria\/wp-json\/wp\/v2\/media?parent=44081"}],"wp:term":[{"taxonomy":"category","embeddable":true,"href":"https:\/\/elregionalvm.com.ar\/noticias-villa-maria\/wp-json\/wp\/v2\/categories?post=44081"},{"taxonomy":"post_tag","embeddable":true,"href":"https:\/\/elregionalvm.com.ar\/noticias-villa-maria\/wp-json\/wp\/v2\/tags?post=44081"}],"curies":[{"name":"wp","href":"https:\/\/api.w.org\/{rel}","templated":true}]}}