{"id":44100,"date":"2021-09-04T12:02:35","date_gmt":"2021-09-04T12:02:35","guid":{"rendered":"https:\/\/elregionalvm.com.ar\/noticias-villa-maria\/?p=44100"},"modified":"2021-09-04T12:02:36","modified_gmt":"2021-09-04T12:02:36","slug":"detectaron-tres-casos-de-la-variante-delta-en-ballesteros","status":"publish","type":"post","link":"https:\/\/elregionalvm.com.ar\/noticias-villa-maria\/detectaron-tres-casos-de-la-variante-delta-en-ballesteros\/","title":{"rendered":"Detectaron tres casos de la variante Delta en Ballesteros"},"content":{"rendered":"\n<p>La variante Delta ya est\u00e1 en nuestra zona. Un matrimonio de Ballesteros y la madre de uno de ellos fueron detectados con Covid de la variante Delta. Varias personas fueron aisladas por esta raz\u00f3n.<\/p>\n\n\n\n<p>El dato llamativo es que aparentemente se trata de casos sin nexo epidemiol\u00f3gico.<\/p>\n\n\n\n<p><strong>Tras un viaje a las sierras<\/strong><\/p>\n\n\n\n<p>Trascendi\u00f3 que se trata de una pareja que vacacion\u00f3 en las serran\u00edas cordobesas y la madre de uno de sus integrantes, todos habitantes de esa poblaci\u00f3n de unos cinco mil habitantes.<\/p>\n\n\n\n<p>\u201cEste viernes por la ma\u00f1ana se confirm\u00f3 un caso de la variante Delta, y hoy dieron positivo otros dos m\u00e1s de esa misma familia, por lo que se considera que poseen la misma cepa\u201d, inform\u00f3 el secretario de Gobierno de Ballesteros, Emiliano Almada.<\/p>\n\n\n\n<p>El funcionario se\u00f1al\u00f3 que \u201cest\u00e1 aislada toda la familia conviviente (unas seis personas) y aquellos con los que tuvieron contacto fueron hisopados. Varios dieron negativos, pero siguen aislados\u201d.<\/p>\n\n\n\n<p><strong>Delta en la Provincia<\/strong><\/p>\n\n\n\n<p>El Ministerio de Salud de C\u00f3rdoba report\u00f3 este viernes cinco nuevos casos de variante Delta en la provincia, cuatro de ellos se encuentran relacionados a casos confirmados anteriormente, en tanto el nexo del caso restante a\u00fan se encuentra en investigaci\u00f3n.<\/p>\n\n\n\n<p>Hasta la fecha, se han detectado en total 91 casos de Covid-19 correspondientes a la cepa originada en India en la provincia.<\/p>\n","protected":false},"excerpt":{"rendered":"<p>La variante Delta ya est\u00e1 en nuestra zona. Un matrimonio de Ballesteros y la madre de uno de ellos fueron detectados con Covid de la variante Delta. Varias personas fueron aisladas por esta raz\u00f3n. El dato llamativo es que aparentemente se trata de casos sin nexo epidemiol\u00f3gico. Tras un viaje a las sierras Trascendi\u00f3 que [&hellip;]<\/p>\n","protected":false},"author":4,"featured_media":39027,"comment_status":"open","ping_status":"open","sticky":false,"template":"","format":"standard","meta":{"site-sidebar-layout":"default","site-content-layout":"default","ast-site-content-layout":"default","site-content-style":"default","site-sidebar-style":"default","ast-global-header-display":"","ast-banner-title-visibility":"","ast-main-header-display":"","ast-hfb-above-header-display":"","ast-hfb-below-header-display":"","ast-hfb-mobile-header-display":"","site-post-title":"","ast-breadcrumbs-content":"","ast-featured-img":"","footer-sml-layout":"","ast-disable-related-posts":"","theme-transparent-header-meta":"default","adv-header-id-meta":"","stick-header-meta":"","header-above-stick-meta":"","header-main-stick-meta":"","header-below-stick-meta":"","astra-migrate-meta-layouts":"default","ast-page-background-enabled":"default","ast-page-background-meta":{"desktop":{"background-color":"","background-image":"","background-repeat":"repeat","background-position":"center center","background-size":"auto","background-attachment":"scroll","background-type":"","background-media":"","overlay-type":"","overlay-color":"","overlay-opacity":"","overlay-gradient":""},"tablet":{"background-color":"","background-image":"","background-repeat":"repeat","background-position":"center center","background-size":"auto","background-attachment":"scroll","background-type":"","background-media":"","overlay-type":"","overlay-color":"","overlay-opacity":"","overlay-gradient":""},"mobile":{"background-color":"","background-image":"","background-repeat":"repeat","background-position":"center center","background-size":"auto","background-attachment":"scroll","background-type":"","background-media":"","overlay-type":"","overlay-color":"","overlay-opacity":"","overlay-gradient":""}},"ast-content-background-meta":{"desktop":{"background-color":"var(--ast-global-color-5)","background-image":"","background-repeat":"repeat","background-position":"center center","background-size":"auto","background-attachment":"scroll","background-type":"","background-media":"","overlay-type":"","overlay-color":"","overlay-opacity":"","overlay-gradient":""},"tablet":{"background-color":"var(--ast-global-color-5)","background-image":"","background-repeat":"repeat","background-position":"center center","background-size":"auto","background-attachment":"scroll","background-type":"","background-media":"","overlay-type":"","overlay-color":"","overlay-opacity":"","overlay-gradient":""},"mobile":{"background-color":"var(--ast-global-color-5)","background-image":"","background-repeat":"repeat","background-position":"center center","background-size":"auto","background-attachment":"scroll","background-type":"","background-media":"","overlay-type":"","overlay-color":"","overlay-opacity":"","overlay-gradient":""}},"_jetpack_memberships_contains_paid_content":false,"_joinchat":[],"footnotes":""},"categories":[2256,2091],"tags":[121,1232,10998,25,10997,10265],"class_list":["post-44100","post","type-post","status-publish","format-standard","has-post-thumbnail","hentry","category-coronavirus","category-region","tag-ballesteros","tag-destacado","tag-madre-de-uno-de-ellos","tag-matrimonio","tag-tres-contagiados","tag-variante-delta"],"yoast_head":"<!-- This site is optimized with the Yoast SEO plugin v26.8 - https:\/\/yoast.com\/product\/yoast-seo-wordpress\/ -->\n<title>Detectaron tres casos de la variante Delta en Ballesteros - El Regional<\/title>\n<meta name=\"robots\" content=\"index, follow, max-snippet:-1, max-image-preview:large, max-video-preview:-1\" \/>\n<link rel=\"canonical\" href=\"http:\/\/elregionalvm.com.ar\/noticias-villa-maria\/detectaron-tres-casos-de-la-variante-delta-en-ballesteros\/\" \/>\n<meta property=\"og:locale\" content=\"es_ES\" \/>\n<meta property=\"og:type\" content=\"article\" \/>\n<meta property=\"og:title\" content=\"Detectaron tres casos de la variante Delta en Ballesteros - El Regional\" \/>\n<meta property=\"og:description\" content=\"La variante Delta ya est\u00e1 en nuestra zona. Un matrimonio de Ballesteros y la madre de uno de ellos fueron detectados con Covid de la variante Delta. Varias personas fueron aisladas por esta raz\u00f3n. El dato llamativo es que aparentemente se trata de casos sin nexo epidemiol\u00f3gico. Tras un viaje a las sierras Trascendi\u00f3 que [&hellip;]\" \/>\n<meta property=\"og:url\" content=\"http:\/\/elregionalvm.com.ar\/noticias-villa-maria\/detectaron-tres-casos-de-la-variante-delta-en-ballesteros\/\" \/>\n<meta property=\"og:site_name\" content=\"El Regional\" \/>\n<meta property=\"article:publisher\" content=\"https:\/\/www.facebook.com\/elregionalvm\" \/>\n<meta property=\"article:published_time\" content=\"2021-09-04T12:02:35+00:00\" \/>\n<meta property=\"article:modified_time\" content=\"2021-09-04T12:02:36+00:00\" \/>\n<meta property=\"og:image\" content=\"http:\/\/elregionalvm.com.ar\/noticias-villa-maria\/wp-content\/uploads\/2021\/06\/covid-40.jpg\" \/>\n\t<meta property=\"og:image:width\" content=\"1004\" \/>\n\t<meta property=\"og:image:height\" content=\"564\" \/>\n\t<meta property=\"og:image:type\" content=\"image\/jpeg\" \/>\n<meta name=\"author\" content=\"Contenidos El Regional\" \/>\n<meta name=\"twitter:card\" content=\"summary_large_image\" \/>\n<meta name=\"twitter:creator\" content=\"@elregionalvm1\" \/>\n<meta name=\"twitter:site\" content=\"@elregionalvm1\" \/>\n<meta name=\"twitter:label1\" content=\"Escrito por\" \/>\n\t<meta name=\"twitter:data1\" content=\"Contenidos El Regional\" \/>\n\t<meta name=\"twitter:label2\" content=\"Tiempo de lectura\" \/>\n\t<meta name=\"twitter:data2\" content=\"1 minuto\" \/>\n<script type=\"application\/ld+json\" class=\"yoast-schema-graph\">{\"@context\":\"https:\/\/schema.org\",\"@graph\":[{\"@type\":\"Article\",\"@id\":\"http:\/\/elregionalvm.com.ar\/noticias-villa-maria\/detectaron-tres-casos-de-la-variante-delta-en-ballesteros\/#article\",\"isPartOf\":{\"@id\":\"http:\/\/elregionalvm.com.ar\/noticias-villa-maria\/detectaron-tres-casos-de-la-variante-delta-en-ballesteros\/\"},\"author\":{\"name\":\"Contenidos El Regional\",\"@id\":\"http:\/\/elregionalvm.com.ar\/noticias-villa-maria\/#\/schema\/person\/a0fb9c422317faca23d50163151bc354\"},\"headline\":\"Detectaron tres casos de la variante Delta en Ballesteros\",\"datePublished\":\"2021-09-04T12:02:35+00:00\",\"dateModified\":\"2021-09-04T12:02:36+00:00\",\"mainEntityOfPage\":{\"@id\":\"http:\/\/elregionalvm.com.ar\/noticias-villa-maria\/detectaron-tres-casos-de-la-variante-delta-en-ballesteros\/\"},\"wordCount\":239,\"commentCount\":0,\"image\":{\"@id\":\"http:\/\/elregionalvm.com.ar\/noticias-villa-maria\/detectaron-tres-casos-de-la-variante-delta-en-ballesteros\/#primaryimage\"},\"thumbnailUrl\":\"https:\/\/i0.wp.com\/elregionalvm.com.ar\/noticias-villa-maria\/wp-content\/uploads\/2021\/06\/covid-40.jpg?fit=1004%2C564&ssl=1\",\"keywords\":[\"Ballesteros\",\"destacado\",\"madre de uno de ellos\",\"matrimonio\",\"tres contagiados\",\"variante Delta\"],\"articleSection\":[\"Coronavirus\",\"Regi\u00f3n\"],\"inLanguage\":\"es\",\"potentialAction\":[{\"@type\":\"CommentAction\",\"name\":\"Comment\",\"target\":[\"http:\/\/elregionalvm.com.ar\/noticias-villa-maria\/detectaron-tres-casos-de-la-variante-delta-en-ballesteros\/#respond\"]}]},{\"@type\":\"WebPage\",\"@id\":\"http:\/\/elregionalvm.com.ar\/noticias-villa-maria\/detectaron-tres-casos-de-la-variante-delta-en-ballesteros\/\",\"url\":\"http:\/\/elregionalvm.com.ar\/noticias-villa-maria\/detectaron-tres-casos-de-la-variante-delta-en-ballesteros\/\",\"name\":\"Detectaron tres casos de la variante Delta en Ballesteros - El Regional\",\"isPartOf\":{\"@id\":\"http:\/\/elregionalvm.com.ar\/noticias-villa-maria\/#website\"},\"primaryImageOfPage\":{\"@id\":\"http:\/\/elregionalvm.com.ar\/noticias-villa-maria\/detectaron-tres-casos-de-la-variante-delta-en-ballesteros\/#primaryimage\"},\"image\":{\"@id\":\"http:\/\/elregionalvm.com.ar\/noticias-villa-maria\/detectaron-tres-casos-de-la-variante-delta-en-ballesteros\/#primaryimage\"},\"thumbnailUrl\":\"https:\/\/i0.wp.com\/elregionalvm.com.ar\/noticias-villa-maria\/wp-content\/uploads\/2021\/06\/covid-40.jpg?fit=1004%2C564&ssl=1\",\"datePublished\":\"2021-09-04T12:02:35+00:00\",\"dateModified\":\"2021-09-04T12:02:36+00:00\",\"author\":{\"@id\":\"http:\/\/elregionalvm.com.ar\/noticias-villa-maria\/#\/schema\/person\/a0fb9c422317faca23d50163151bc354\"},\"breadcrumb\":{\"@id\":\"http:\/\/elregionalvm.com.ar\/noticias-villa-maria\/detectaron-tres-casos-de-la-variante-delta-en-ballesteros\/#breadcrumb\"},\"inLanguage\":\"es\",\"potentialAction\":[{\"@type\":\"ReadAction\",\"target\":[\"http:\/\/elregionalvm.com.ar\/noticias-villa-maria\/detectaron-tres-casos-de-la-variante-delta-en-ballesteros\/\"]}]},{\"@type\":\"ImageObject\",\"inLanguage\":\"es\",\"@id\":\"http:\/\/elregionalvm.com.ar\/noticias-villa-maria\/detectaron-tres-casos-de-la-variante-delta-en-ballesteros\/#primaryimage\",\"url\":\"https:\/\/i0.wp.com\/elregionalvm.com.ar\/noticias-villa-maria\/wp-content\/uploads\/2021\/06\/covid-40.jpg?fit=1004%2C564&ssl=1\",\"contentUrl\":\"https:\/\/i0.wp.com\/elregionalvm.com.ar\/noticias-villa-maria\/wp-content\/uploads\/2021\/06\/covid-40.jpg?fit=1004%2C564&ssl=1\",\"width\":1004,\"height\":564},{\"@type\":\"BreadcrumbList\",\"@id\":\"http:\/\/elregionalvm.com.ar\/noticias-villa-maria\/detectaron-tres-casos-de-la-variante-delta-en-ballesteros\/#breadcrumb\",\"itemListElement\":[{\"@type\":\"ListItem\",\"position\":1,\"name\":\"Portada\",\"item\":\"https:\/\/elregionalvm.com.ar\/noticias-villa-maria\/\"},{\"@type\":\"ListItem\",\"position\":2,\"name\":\"Detectaron tres casos de la variante Delta en Ballesteros\"}]},{\"@type\":\"WebSite\",\"@id\":\"http:\/\/elregionalvm.com.ar\/noticias-villa-maria\/#website\",\"url\":\"http:\/\/elregionalvm.com.ar\/noticias-villa-maria\/\",\"name\":\"El Regional\",\"description\":\"Mucho m\u00e1s que informaci\u00f3n\",\"potentialAction\":[{\"@type\":\"SearchAction\",\"target\":{\"@type\":\"EntryPoint\",\"urlTemplate\":\"http:\/\/elregionalvm.com.ar\/noticias-villa-maria\/?s={search_term_string}\"},\"query-input\":{\"@type\":\"PropertyValueSpecification\",\"valueRequired\":true,\"valueName\":\"search_term_string\"}}],\"inLanguage\":\"es\"},{\"@type\":\"Person\",\"@id\":\"http:\/\/elregionalvm.com.ar\/noticias-villa-maria\/#\/schema\/person\/a0fb9c422317faca23d50163151bc354\",\"name\":\"Contenidos El Regional\",\"image\":{\"@type\":\"ImageObject\",\"inLanguage\":\"es\",\"@id\":\"http:\/\/elregionalvm.com.ar\/noticias-villa-maria\/#\/schema\/person\/image\/\",\"url\":\"https:\/\/secure.gravatar.com\/avatar\/265b27cb2209af7bb3a1318f03305787d7981a5cc6e6cd08fe5a4ecdf99d4b48?s=96&d=mm&r=g\",\"contentUrl\":\"https:\/\/secure.gravatar.com\/avatar\/265b27cb2209af7bb3a1318f03305787d7981a5cc6e6cd08fe5a4ecdf99d4b48?s=96&d=mm&r=g\",\"caption\":\"Contenidos El Regional\"},\"url\":\"https:\/\/elregionalvm.com.ar\/noticias-villa-maria\/author\/contenido\/\"}]}<\/script>\n<!-- \/ Yoast SEO plugin. -->","yoast_head_json":{"title":"Detectaron tres casos de la variante Delta en Ballesteros - El Regional","robots":{"index":"index","follow":"follow","max-snippet":"max-snippet:-1","max-image-preview":"max-image-preview:large","max-video-preview":"max-video-preview:-1"},"canonical":"http:\/\/elregionalvm.com.ar\/noticias-villa-maria\/detectaron-tres-casos-de-la-variante-delta-en-ballesteros\/","og_locale":"es_ES","og_type":"article","og_title":"Detectaron tres casos de la variante Delta en Ballesteros - El Regional","og_description":"La variante Delta ya est\u00e1 en nuestra zona. Un matrimonio de Ballesteros y la madre de uno de ellos fueron detectados con Covid de la variante Delta. Varias personas fueron aisladas por esta raz\u00f3n. El dato llamativo es que aparentemente se trata de casos sin nexo epidemiol\u00f3gico. Tras un viaje a las sierras Trascendi\u00f3 que [&hellip;]","og_url":"http:\/\/elregionalvm.com.ar\/noticias-villa-maria\/detectaron-tres-casos-de-la-variante-delta-en-ballesteros\/","og_site_name":"El Regional","article_publisher":"https:\/\/www.facebook.com\/elregionalvm","article_published_time":"2021-09-04T12:02:35+00:00","article_modified_time":"2021-09-04T12:02:36+00:00","og_image":[{"width":1004,"height":564,"url":"http:\/\/elregionalvm.com.ar\/noticias-villa-maria\/wp-content\/uploads\/2021\/06\/covid-40.jpg","type":"image\/jpeg"}],"author":"Contenidos El Regional","twitter_card":"summary_large_image","twitter_creator":"@elregionalvm1","twitter_site":"@elregionalvm1","twitter_misc":{"Escrito por":"Contenidos El Regional","Tiempo de lectura":"1 minuto"},"schema":{"@context":"https:\/\/schema.org","@graph":[{"@type":"Article","@id":"http:\/\/elregionalvm.com.ar\/noticias-villa-maria\/detectaron-tres-casos-de-la-variante-delta-en-ballesteros\/#article","isPartOf":{"@id":"http:\/\/elregionalvm.com.ar\/noticias-villa-maria\/detectaron-tres-casos-de-la-variante-delta-en-ballesteros\/"},"author":{"name":"Contenidos El Regional","@id":"http:\/\/elregionalvm.com.ar\/noticias-villa-maria\/#\/schema\/person\/a0fb9c422317faca23d50163151bc354"},"headline":"Detectaron tres casos de la variante Delta en Ballesteros","datePublished":"2021-09-04T12:02:35+00:00","dateModified":"2021-09-04T12:02:36+00:00","mainEntityOfPage":{"@id":"http:\/\/elregionalvm.com.ar\/noticias-villa-maria\/detectaron-tres-casos-de-la-variante-delta-en-ballesteros\/"},"wordCount":239,"commentCount":0,"image":{"@id":"http:\/\/elregionalvm.com.ar\/noticias-villa-maria\/detectaron-tres-casos-de-la-variante-delta-en-ballesteros\/#primaryimage"},"thumbnailUrl":"https:\/\/i0.wp.com\/elregionalvm.com.ar\/noticias-villa-maria\/wp-content\/uploads\/2021\/06\/covid-40.jpg?fit=1004%2C564&ssl=1","keywords":["Ballesteros","destacado","madre de uno de ellos","matrimonio","tres contagiados","variante Delta"],"articleSection":["Coronavirus","Regi\u00f3n"],"inLanguage":"es","potentialAction":[{"@type":"CommentAction","name":"Comment","target":["http:\/\/elregionalvm.com.ar\/noticias-villa-maria\/detectaron-tres-casos-de-la-variante-delta-en-ballesteros\/#respond"]}]},{"@type":"WebPage","@id":"http:\/\/elregionalvm.com.ar\/noticias-villa-maria\/detectaron-tres-casos-de-la-variante-delta-en-ballesteros\/","url":"http:\/\/elregionalvm.com.ar\/noticias-villa-maria\/detectaron-tres-casos-de-la-variante-delta-en-ballesteros\/","name":"Detectaron tres casos de la variante Delta en Ballesteros - El Regional","isPartOf":{"@id":"http:\/\/elregionalvm.com.ar\/noticias-villa-maria\/#website"},"primaryImageOfPage":{"@id":"http:\/\/elregionalvm.com.ar\/noticias-villa-maria\/detectaron-tres-casos-de-la-variante-delta-en-ballesteros\/#primaryimage"},"image":{"@id":"http:\/\/elregionalvm.com.ar\/noticias-villa-maria\/detectaron-tres-casos-de-la-variante-delta-en-ballesteros\/#primaryimage"},"thumbnailUrl":"https:\/\/i0.wp.com\/elregionalvm.com.ar\/noticias-villa-maria\/wp-content\/uploads\/2021\/06\/covid-40.jpg?fit=1004%2C564&ssl=1","datePublished":"2021-09-04T12:02:35+00:00","dateModified":"2021-09-04T12:02:36+00:00","author":{"@id":"http:\/\/elregionalvm.com.ar\/noticias-villa-maria\/#\/schema\/person\/a0fb9c422317faca23d50163151bc354"},"breadcrumb":{"@id":"http:\/\/elregionalvm.com.ar\/noticias-villa-maria\/detectaron-tres-casos-de-la-variante-delta-en-ballesteros\/#breadcrumb"},"inLanguage":"es","potentialAction":[{"@type":"ReadAction","target":["http:\/\/elregionalvm.com.ar\/noticias-villa-maria\/detectaron-tres-casos-de-la-variante-delta-en-ballesteros\/"]}]},{"@type":"ImageObject","inLanguage":"es","@id":"http:\/\/elregionalvm.com.ar\/noticias-villa-maria\/detectaron-tres-casos-de-la-variante-delta-en-ballesteros\/#primaryimage","url":"https:\/\/i0.wp.com\/elregionalvm.com.ar\/noticias-villa-maria\/wp-content\/uploads\/2021\/06\/covid-40.jpg?fit=1004%2C564&ssl=1","contentUrl":"https:\/\/i0.wp.com\/elregionalvm.com.ar\/noticias-villa-maria\/wp-content\/uploads\/2021\/06\/covid-40.jpg?fit=1004%2C564&ssl=1","width":1004,"height":564},{"@type":"BreadcrumbList","@id":"http:\/\/elregionalvm.com.ar\/noticias-villa-maria\/detectaron-tres-casos-de-la-variante-delta-en-ballesteros\/#breadcrumb","itemListElement":[{"@type":"ListItem","position":1,"name":"Portada","item":"https:\/\/elregionalvm.com.ar\/noticias-villa-maria\/"},{"@type":"ListItem","position":2,"name":"Detectaron tres casos de la variante Delta en Ballesteros"}]},{"@type":"WebSite","@id":"http:\/\/elregionalvm.com.ar\/noticias-villa-maria\/#website","url":"http:\/\/elregionalvm.com.ar\/noticias-villa-maria\/","name":"El Regional","description":"Mucho m\u00e1s que informaci\u00f3n","potentialAction":[{"@type":"SearchAction","target":{"@type":"EntryPoint","urlTemplate":"http:\/\/elregionalvm.com.ar\/noticias-villa-maria\/?s={search_term_string}"},"query-input":{"@type":"PropertyValueSpecification","valueRequired":true,"valueName":"search_term_string"}}],"inLanguage":"es"},{"@type":"Person","@id":"http:\/\/elregionalvm.com.ar\/noticias-villa-maria\/#\/schema\/person\/a0fb9c422317faca23d50163151bc354","name":"Contenidos El Regional","image":{"@type":"ImageObject","inLanguage":"es","@id":"http:\/\/elregionalvm.com.ar\/noticias-villa-maria\/#\/schema\/person\/image\/","url":"https:\/\/secure.gravatar.com\/avatar\/265b27cb2209af7bb3a1318f03305787d7981a5cc6e6cd08fe5a4ecdf99d4b48?s=96&d=mm&r=g","contentUrl":"https:\/\/secure.gravatar.com\/avatar\/265b27cb2209af7bb3a1318f03305787d7981a5cc6e6cd08fe5a4ecdf99d4b48?s=96&d=mm&r=g","caption":"Contenidos El Regional"},"url":"https:\/\/elregionalvm.com.ar\/noticias-villa-maria\/author\/contenido\/"}]}},"jetpack_featured_media_url":"https:\/\/i0.wp.com\/elregionalvm.com.ar\/noticias-villa-maria\/wp-content\/uploads\/2021\/06\/covid-40.jpg?fit=1004%2C564&ssl=1","jetpack_sharing_enabled":true,"_links":{"self":[{"href":"https:\/\/elregionalvm.com.ar\/noticias-villa-maria\/wp-json\/wp\/v2\/posts\/44100","targetHints":{"allow":["GET"]}}],"collection":[{"href":"https:\/\/elregionalvm.com.ar\/noticias-villa-maria\/wp-json\/wp\/v2\/posts"}],"about":[{"href":"https:\/\/elregionalvm.com.ar\/noticias-villa-maria\/wp-json\/wp\/v2\/types\/post"}],"author":[{"embeddable":true,"href":"https:\/\/elregionalvm.com.ar\/noticias-villa-maria\/wp-json\/wp\/v2\/users\/4"}],"replies":[{"embeddable":true,"href":"https:\/\/elregionalvm.com.ar\/noticias-villa-maria\/wp-json\/wp\/v2\/comments?post=44100"}],"version-history":[{"count":1,"href":"https:\/\/elregionalvm.com.ar\/noticias-villa-maria\/wp-json\/wp\/v2\/posts\/44100\/revisions"}],"predecessor-version":[{"id":44101,"href":"https:\/\/elregionalvm.com.ar\/noticias-villa-maria\/wp-json\/wp\/v2\/posts\/44100\/revisions\/44101"}],"wp:featuredmedia":[{"embeddable":true,"href":"https:\/\/elregionalvm.com.ar\/noticias-villa-maria\/wp-json\/wp\/v2\/media\/39027"}],"wp:attachment":[{"href":"https:\/\/elregionalvm.com.ar\/noticias-villa-maria\/wp-json\/wp\/v2\/media?parent=44100"}],"wp:term":[{"taxonomy":"category","embeddable":true,"href":"https:\/\/elregionalvm.com.ar\/noticias-villa-maria\/wp-json\/wp\/v2\/categories?post=44100"},{"taxonomy":"post_tag","embeddable":true,"href":"https:\/\/elregionalvm.com.ar\/noticias-villa-maria\/wp-json\/wp\/v2\/tags?post=44100"}],"curies":[{"name":"wp","href":"https:\/\/api.w.org\/{rel}","templated":true}]}}