{"id":44102,"date":"2021-09-04T21:36:10","date_gmt":"2021-09-04T21:36:10","guid":{"rendered":"https:\/\/elregionalvm.com.ar\/noticias-villa-maria\/?p=44102"},"modified":"2021-09-07T22:20:06","modified_gmt":"2021-09-07T22:20:06","slug":"cronica-el-femicidio-de-claudia-rodriguez-a-10-anos","status":"publish","type":"post","link":"https:\/\/elregionalvm.com.ar\/noticias-villa-maria\/cronica-el-femicidio-de-claudia-rodriguez-a-10-anos\/","title":{"rendered":"[Cr\u00f3nica] El femicidio de Claudia Rodr\u00edguez, a 10 a\u00f1os"},"content":{"rendered":"\n<p><strong>El pr\u00f3ximo 29 de septiembre se cumplir\u00e1 10 a\u00f1os del brutal crimen de Claudia Rodr\u00edguez. Fue asesinada a mazazos por su expareja, Cristian Moschitari a plena luz del d\u00eda.  El homicida fue condenado a reclusi\u00f3n perpetura. Como se\u00f1alan los autores de esta premiada cr\u00f3nica, \u00abEl nombre de Claudia se convirti\u00f3 en un grito de justicia, marc\u00f3 un antes y un despu\u00e9s: se\u00f1al\u00f3 el d\u00eda en que la ciudad de Villa Mar\u00eda habl\u00f3 por primera vez de femicidio\u00bb. <\/strong><\/p>\n\n\n\n<p><\/p>\n\n\n\n<p><strong>Escriben: Heidi Raimondo y Rodrigo Ferreira<\/strong> <strong>(*)<\/strong><\/p>\n\n\n\n<p><\/p>\n\n\n\n<p>Todo ocurri\u00f3 poco antes del mediod\u00eda en pleno centro de la ciudad de Villa Mar\u00eda, m\u00e1s precisamente en la calle Sobral, frente al colegio Rivadavia y a media cuadra del municipio, su lugar de trabajo.<\/p>\n\n\n\n<p>Claudia trabajaba en el sector de Obras Privadas de la Municipalidad de Villa Mar\u00eda. Era madre de dos peque\u00f1os ni\u00f1os, uno de los cuales asist\u00eda en ese entonces al jard\u00edn del colegio Rivadavia. Esa ma\u00f1ana Cristian, su ex pareja y padre de sus dos hijos, lleg\u00f3 hasta el lugar en su veh\u00edculo y la intercept\u00f3. Desde las ventanas de la escuela, alumnos y docentes asistieron de manera forzada a la puesta en escena del horror.<\/p>\n\n\n\n<p><\/p>\n\n\n\n<blockquote class=\"wp-block-quote is-layout-flow wp-block-quote-is-layout-flow\"><p><strong>\u00c9l decid\u00eda todo en la pareja, desde qu\u00e9 com\u00edan hasta d\u00f3nde iban de vacaciones. As\u00ed decidi\u00f3 tambi\u00e9n el d\u00eda que la vida de Claudia llegar\u00eda a su fin.<\/strong><\/p><\/blockquote>\n\n\n\n<p><\/p>\n\n\n\n<p>La historia empez\u00f3 a\u00f1os antes, cuando Claudia y Cristian empezaron a salir. Tiempo despu\u00e9s ella qued\u00f3 embarazada. Y sola. Pero a pesar de las idas y vueltas, no ten\u00eda malos recuerdos de ese entonces, seg\u00fan dijeron sus allegados. Claudia manten\u00eda oculta la violencia, la naturalizaba.<\/p>\n\n\n\n<p>Hubo, al menos, otro episodio de agresi\u00f3n f\u00edsica, ocurrido durante los primeros a\u00f1os de noviazgo. Lo cont\u00f3 una persona de su entorno, que asegur\u00f3 que en aquella ocasi\u00f3n Cristian le hab\u00eda \u201cdesfigurado\u201d la cara.<\/p>\n\n\n\n<p>Con el tiempo las personas cercanas supieron que las cosas no estaban bien. Claudia le cont\u00f3 a su padre que pasaban d\u00edas sin hablarse, que Cristian la trataba mal y todo ten\u00eda que hacerse como \u00e9l dec\u00eda. El padre supuso que eran problemas de pareja, pero la verdad era que ella ten\u00eda miedo.<\/p>\n\n\n\n<p>La certeza de que algo grave estaba sucediendo sobrevino el d\u00eda que se separaron, una noche de abril, meses antes del crimen. Fue cuando \u00e9l la agarr\u00f3 de los pelos, la arrastr\u00f3 de la cocina a la pieza y la pate\u00f3 en el suelo. Claudia le relat\u00f3 en ese entonces a su padre que se cubri\u00f3 con las manos para que Cristian no le pateara la cara.<\/p>\n\n\n\n<p><\/p>\n\n\n\n<p><\/p>\n\n\n\n<figure class=\"wp-block-image size-large\"><img data-recalc-dims=\"1\" fetchpriority=\"high\" decoding=\"async\" width=\"1024\" height=\"243\" src=\"https:\/\/i0.wp.com\/elregionalvm.com.ar\/noticias-villa-maria\/wp-content\/uploads\/2021\/09\/femicidio-de-claudia-rodriguez-01.jpg?resize=1024%2C243&#038;ssl=1\" alt=\"\" class=\"wp-image-44104\" srcset=\"https:\/\/i0.wp.com\/elregionalvm.com.ar\/noticias-villa-maria\/wp-content\/uploads\/2021\/09\/femicidio-de-claudia-rodriguez-01.jpg?resize=1024%2C243&amp;ssl=1 1024w, https:\/\/i0.wp.com\/elregionalvm.com.ar\/noticias-villa-maria\/wp-content\/uploads\/2021\/09\/femicidio-de-claudia-rodriguez-01.jpg?resize=300%2C71&amp;ssl=1 300w, https:\/\/i0.wp.com\/elregionalvm.com.ar\/noticias-villa-maria\/wp-content\/uploads\/2021\/09\/femicidio-de-claudia-rodriguez-01.jpg?resize=768%2C182&amp;ssl=1 768w, https:\/\/i0.wp.com\/elregionalvm.com.ar\/noticias-villa-maria\/wp-content\/uploads\/2021\/09\/femicidio-de-claudia-rodriguez-01.jpg?w=1080&amp;ssl=1 1080w\" sizes=\"(max-width: 1000px) 100vw, 1000px\" \/><\/figure>\n\n\n\n<p><\/p>\n\n\n\n<blockquote class=\"wp-block-quote is-layout-flow wp-block-quote-is-layout-flow\"><p><strong>Esa noche ella hizo una exposici\u00f3n policial. Despu\u00e9s \u00e9l se fue de la casa, pero antes se llev\u00f3 dinero y la escritura de la vivienda, seg\u00fan relat\u00f3 el padre de ella.<\/strong><\/p><\/blockquote>\n\n\n\n<p><\/p>\n\n\n\n<p>Luego de la separaci\u00f3n, durante oscuras noches, no la dejaba dormir, la llamaba todo el tiempo, despertaba a los chicos. Tuvo que cortar los tel\u00e9fonos. Iba a golpearle la puerta a la madrugada, se quedaba hasta tarde en la vereda. Siempre le dec\u00eda que la iba a matar. Como conoc\u00eda sus horarios y visitaba a los chicos, la interceptaba en cualquier ocasi\u00f3n para insultarla y agredirla. Durante esos meses Claudia vivi\u00f3 realmente un infierno. Ten\u00eda miedo a salir y cuando lo hac\u00eda casi nunca era sola.<\/p>\n\n\n\n<p><\/p>\n\n\n\n<blockquote class=\"wp-block-quote is-layout-flow wp-block-quote-is-layout-flow\"><p><strong>Personas cercanas a Claudia expresaron que ella no pidi\u00f3 la perimetral porque si la ped\u00eda sus hijos no podr\u00edan ver a su padre. \u201cElla era una muy buena madre\u201d, dec\u00edan sus conocidos.<\/strong><\/p><\/blockquote>\n\n\n\n<p><\/p>\n\n\n\n<p>Compa\u00f1eras de trabajo comentaban que durante el tiempo en que estuvieron juntos \u00e9l decid\u00eda todo en la pareja, desde qu\u00e9 com\u00edan hasta d\u00f3nde iban de vacaciones. As\u00ed decidi\u00f3 tambi\u00e9n el d\u00eda que la vida de Claudia llegar\u00eda a su fin. El 29 de septiembre de 2011, Claudia sali\u00f3 a la vereda y un instante despu\u00e9s fue brutalmente asesinada a mazazos. Minutos despu\u00e9s del hecho Cristian fue arrestado.<\/p>\n\n\n\n<p>En septiembre 2013 se conden\u00f3 a perpetua al asesino de Claudia. En ese momento no exist\u00eda a\u00fan la tipolog\u00eda de femicidio en el C\u00f3digo Penal argentino, por eso Cristian fue condenado por homicidio calificado por alevos\u00eda. Sin embargo, durante el juicio el fiscal que llev\u00f3 adelante la causa incorpor\u00f3 en sus alegatos el concepto de femicidio.<\/p>\n\n\n\n<p><\/p>\n\n\n\n<p><\/p>\n\n\n\n<figure class=\"wp-block-image size-large\"><img data-recalc-dims=\"1\" decoding=\"async\" width=\"1024\" height=\"519\" src=\"https:\/\/i0.wp.com\/elregionalvm.com.ar\/noticias-villa-maria\/wp-content\/uploads\/2021\/09\/femicidio-de-claudia-rodriguez-02.jpg?resize=1024%2C519&#038;ssl=1\" alt=\"\" class=\"wp-image-44105\" srcset=\"https:\/\/i0.wp.com\/elregionalvm.com.ar\/noticias-villa-maria\/wp-content\/uploads\/2021\/09\/femicidio-de-claudia-rodriguez-02.jpg?resize=1024%2C519&amp;ssl=1 1024w, https:\/\/i0.wp.com\/elregionalvm.com.ar\/noticias-villa-maria\/wp-content\/uploads\/2021\/09\/femicidio-de-claudia-rodriguez-02.jpg?resize=300%2C152&amp;ssl=1 300w, https:\/\/i0.wp.com\/elregionalvm.com.ar\/noticias-villa-maria\/wp-content\/uploads\/2021\/09\/femicidio-de-claudia-rodriguez-02.jpg?resize=768%2C389&amp;ssl=1 768w, https:\/\/i0.wp.com\/elregionalvm.com.ar\/noticias-villa-maria\/wp-content\/uploads\/2021\/09\/femicidio-de-claudia-rodriguez-02.jpg?w=1080&amp;ssl=1 1080w\" sizes=\"(max-width: 1000px) 100vw, 1000px\" \/><\/figure>\n\n\n\n<p><\/p>\n\n\n\n<p>La brutalidad del acto que termin\u00f3 con la vida de Claudia, cometido a la vista de todos y todas, fue la confirmaci\u00f3n de que la violencia de g\u00e9nero jam\u00e1s es ni ser\u00e1 un asunto privado, sino una responsabilidad p\u00fablica. Lo sucedido oblig\u00f3 a hablar del tema en todas las instituciones. La poblaci\u00f3n comenz\u00f3 a movilizarse para pedir justicia por Claudia y tambi\u00e9n por otras mujeres que hab\u00edan padecido historias parecidas.<\/p>\n\n\n\n<p>En aquel momento, cuando no se hab\u00eda a\u00fan formado el movimiento Ni Una Menos, el horror moviliz\u00f3 a los y las habitantes de la ciudad y salieron a las calles para levantar la voz por las mujeres que hab\u00edan sido v\u00edctimas.<\/p>\n\n\n\n<p>\u201cNo m\u00e1s Claudias\u201d, \u201cNo quiero ser una Claudia m\u00e1s\u201d, fueron las consignas que se escucharon por aquel entonces. A pesar de la oscuridad del hecho, el nombre de Claudia se convirti\u00f3 en un grito de justicia, marc\u00f3 un antes y un despu\u00e9s: se\u00f1al\u00f3 el d\u00eda en que la ciudad de Villa Mar\u00eda habl\u00f3 por primera vez de femicidio.<\/p>\n\n\n\n<p><\/p>\n\n\n\n<p><strong><em>(*) Este texto fue seleccionado en la categor\u00eda Estudiantes Avanzados en el Certamen de Cr\u00f3nica Policial de Proximidad organizado por la Secretar\u00eda de Comunicaci\u00f3n Institucional de la UNVM, el Instituto Acad\u00e9mico Pedag\u00f3gico de Ciencias Sociales de la UNVM a trav\u00e9s de su Secretar\u00eda de Investigaci\u00f3n y Extensi\u00f3n y de las licenciaturas en Ciencias de la Comunicaci\u00f3n y en Comunicaci\u00f3n Social, SADE Villa Mar\u00eda y CISPREN Villa Mar\u00eda.<\/em><\/strong><\/p>\n\n\n\n<p><em><strong>Publicado originalmente en la Revista \u00abArdea\u00bb, de la UNVM.<\/strong><\/em><\/p>\n\n\n\n<p><strong><em>Fotos de la Secretar\u00eda de Comunicaci\u00f3n Institucional de la UNVM. Otras fotos de sitios p\u00fablicos de internet.<\/em><\/strong><\/p>\n\n\n\n<p><\/p>\n\n\n\n<h4 class=\"wp-block-heading\"><strong>Los autores<\/strong><\/h4>\n\n\n\n<p><\/p>\n\n\n\n<p><strong>Heidi Raimondo<\/strong><\/p>\n\n\n\n<p>Es estudiante avanzada de la licenciatura en Ciencia Pol\u00edtica de la Universidad Nacional de Villa Mar\u00eda y diplomada en Derecho Ambiental por la Universidad Libre del Ambiente. Ayudante alumna de la c\u00e1tedra Teor\u00eda de la Administraci\u00f3n P\u00fablica e integrante de diversos proyectos de investigaci\u00f3n de la UNVM. Administra Colmena Pol\u00edtica.<\/p>\n\n\n\n<p><strong>Rodrigo Ferreira<\/strong><\/p>\n\n\n\n<p>Es estudiante de la licenciatura en Sociolog\u00eda de la Universidad Nacional de Villa Mar\u00eda. Administra Cuentos y relatos.<\/p>\n","protected":false},"excerpt":{"rendered":"<p>El pr\u00f3ximo 29 de septiembre se cumplir\u00e1 10 a\u00f1os del brutal crimen de Claudia Rodr\u00edguez. Fue asesinada a mazazos por su expareja, Cristian Moschitari a plena luz del d\u00eda. El homicida fue condenado a reclusi\u00f3n perpetura. Como se\u00f1alan los autores de esta premiada cr\u00f3nica, \u00abEl nombre de Claudia se convirti\u00f3 en un grito de justicia, [&hellip;]<\/p>\n","protected":false},"author":4,"featured_media":44226,"comment_status":"open","ping_status":"open","sticky":false,"template":"","format":"standard","meta":{"site-sidebar-layout":"default","site-content-layout":"default","ast-site-content-layout":"default","site-content-style":"default","site-sidebar-style":"default","ast-global-header-display":"","ast-banner-title-visibility":"","ast-main-header-display":"","ast-hfb-above-header-display":"","ast-hfb-below-header-display":"","ast-hfb-mobile-header-display":"","site-post-title":"","ast-breadcrumbs-content":"","ast-featured-img":"","footer-sml-layout":"","ast-disable-related-posts":"","theme-transparent-header-meta":"default","adv-header-id-meta":"","stick-header-meta":"","header-above-stick-meta":"","header-main-stick-meta":"","header-below-stick-meta":"","astra-migrate-meta-layouts":"default","ast-page-background-enabled":"default","ast-page-background-meta":{"desktop":{"background-color":"","background-image":"","background-repeat":"repeat","background-position":"center center","background-size":"auto","background-attachment":"scroll","background-type":"","background-media":"","overlay-type":"","overlay-color":"","overlay-opacity":"","overlay-gradient":""},"tablet":{"background-color":"","background-image":"","background-repeat":"repeat","background-position":"center center","background-size":"auto","background-attachment":"scroll","background-type":"","background-media":"","overlay-type":"","overlay-color":"","overlay-opacity":"","overlay-gradient":""},"mobile":{"background-color":"","background-image":"","background-repeat":"repeat","background-position":"center center","background-size":"auto","background-attachment":"scroll","background-type":"","background-media":"","overlay-type":"","overlay-color":"","overlay-opacity":"","overlay-gradient":""}},"ast-content-background-meta":{"desktop":{"background-color":"var(--ast-global-color-5)","background-image":"","background-repeat":"repeat","background-position":"center center","background-size":"auto","background-attachment":"scroll","background-type":"","background-media":"","overlay-type":"","overlay-color":"","overlay-opacity":"","overlay-gradient":""},"tablet":{"background-color":"var(--ast-global-color-5)","background-image":"","background-repeat":"repeat","background-position":"center center","background-size":"auto","background-attachment":"scroll","background-type":"","background-media":"","overlay-type":"","overlay-color":"","overlay-opacity":"","overlay-gradient":""},"mobile":{"background-color":"var(--ast-global-color-5)","background-image":"","background-repeat":"repeat","background-position":"center center","background-size":"auto","background-attachment":"scroll","background-type":"","background-media":"","overlay-type":"","overlay-color":"","overlay-opacity":"","overlay-gradient":""}},"_jetpack_memberships_contains_paid_content":false,"_joinchat":[],"footnotes":""},"categories":[2098,3557],"tags":[10999,9478,525,97,99,11000,7550,10846],"class_list":["post-44102","post","type-post","status-publish","format-standard","has-post-thumbnail","hentry","category-historias","category-tercera","tag-claudia-rodriguez","tag-cristian-moschitari","tag-cronica","tag-femicidio","tag-justicia","tag-mazazos","tag-ni-una-menos","tag-revista-ardea"],"yoast_head":"<!-- This site is optimized with the Yoast SEO plugin v26.8 - https:\/\/yoast.com\/product\/yoast-seo-wordpress\/ -->\n<title>[Cr\u00f3nica] El femicidio de Claudia Rodr\u00edguez, a 10 a\u00f1os - El Regional<\/title>\n<meta name=\"description\" content=\"El pr\u00f3ximo 29 de septiembre se cumplir\u00e1 10 a\u00f1os del brutal crimen de Claudia Rodr\u00edguez. Fue asesinada a mazazos por su expareja.\" \/>\n<meta name=\"robots\" content=\"index, follow, max-snippet:-1, max-image-preview:large, max-video-preview:-1\" \/>\n<link rel=\"canonical\" href=\"http:\/\/elregionalvm.com.ar\/noticias-villa-maria\/cronica-el-femicidio-de-claudia-rodriguez-a-10-anos\/\" \/>\n<meta property=\"og:locale\" content=\"es_ES\" \/>\n<meta property=\"og:type\" content=\"article\" \/>\n<meta property=\"og:title\" content=\"[Cr\u00f3nica] El femicidio de Claudia Rodr\u00edguez, a 10 a\u00f1os - El Regional\" \/>\n<meta property=\"og:description\" content=\"El pr\u00f3ximo 29 de septiembre se cumplir\u00e1 10 a\u00f1os del brutal crimen de Claudia Rodr\u00edguez. Fue asesinada a mazazos por su expareja.\" \/>\n<meta property=\"og:url\" content=\"http:\/\/elregionalvm.com.ar\/noticias-villa-maria\/cronica-el-femicidio-de-claudia-rodriguez-a-10-anos\/\" \/>\n<meta property=\"og:site_name\" content=\"El Regional\" \/>\n<meta property=\"article:publisher\" content=\"https:\/\/www.facebook.com\/elregionalvm\" \/>\n<meta property=\"article:published_time\" content=\"2021-09-04T21:36:10+00:00\" \/>\n<meta property=\"article:modified_time\" content=\"2021-09-07T22:20:06+00:00\" \/>\n<meta property=\"og:image\" content=\"http:\/\/elregionalvm.com.ar\/noticias-villa-maria\/wp-content\/uploads\/2021\/09\/Claudia-Rodriguez-femicidio-1-.jpg\" \/>\n\t<meta property=\"og:image:width\" content=\"521\" \/>\n\t<meta property=\"og:image:height\" content=\"394\" \/>\n\t<meta property=\"og:image:type\" content=\"image\/jpeg\" \/>\n<meta name=\"author\" content=\"Contenidos El Regional\" \/>\n<meta name=\"twitter:card\" content=\"summary_large_image\" \/>\n<meta name=\"twitter:creator\" content=\"@elregionalvm1\" \/>\n<meta name=\"twitter:site\" content=\"@elregionalvm1\" \/>\n<meta name=\"twitter:label1\" content=\"Escrito por\" \/>\n\t<meta name=\"twitter:data1\" content=\"Contenidos El Regional\" \/>\n\t<meta name=\"twitter:label2\" content=\"Tiempo de lectura\" \/>\n\t<meta name=\"twitter:data2\" content=\"5 minutos\" \/>\n<script type=\"application\/ld+json\" class=\"yoast-schema-graph\">{\"@context\":\"https:\/\/schema.org\",\"@graph\":[{\"@type\":\"Article\",\"@id\":\"http:\/\/elregionalvm.com.ar\/noticias-villa-maria\/cronica-el-femicidio-de-claudia-rodriguez-a-10-anos\/#article\",\"isPartOf\":{\"@id\":\"http:\/\/elregionalvm.com.ar\/noticias-villa-maria\/cronica-el-femicidio-de-claudia-rodriguez-a-10-anos\/\"},\"author\":{\"name\":\"Contenidos El Regional\",\"@id\":\"http:\/\/elregionalvm.com.ar\/noticias-villa-maria\/#\/schema\/person\/a0fb9c422317faca23d50163151bc354\"},\"headline\":\"[Cr\u00f3nica] El femicidio de Claudia Rodr\u00edguez, a 10 a\u00f1os\",\"datePublished\":\"2021-09-04T21:36:10+00:00\",\"dateModified\":\"2021-09-07T22:20:06+00:00\",\"mainEntityOfPage\":{\"@id\":\"http:\/\/elregionalvm.com.ar\/noticias-villa-maria\/cronica-el-femicidio-de-claudia-rodriguez-a-10-anos\/\"},\"wordCount\":1146,\"commentCount\":0,\"image\":{\"@id\":\"http:\/\/elregionalvm.com.ar\/noticias-villa-maria\/cronica-el-femicidio-de-claudia-rodriguez-a-10-anos\/#primaryimage\"},\"thumbnailUrl\":\"https:\/\/i0.wp.com\/elregionalvm.com.ar\/noticias-villa-maria\/wp-content\/uploads\/2021\/09\/Claudia-Rodriguez-femicidio-1-.jpg?fit=521%2C394&ssl=1\",\"keywords\":[\"Claudia Rodr\u00edguez\",\"Cristian Moschitari\",\"Cr\u00f3nica\",\"femicidio\",\"Justicia\",\"Mazazos\",\"Ni una menos\",\"Revista Ardea\"],\"articleSection\":[\"Historias\",\"tercera\"],\"inLanguage\":\"es\",\"potentialAction\":[{\"@type\":\"CommentAction\",\"name\":\"Comment\",\"target\":[\"http:\/\/elregionalvm.com.ar\/noticias-villa-maria\/cronica-el-femicidio-de-claudia-rodriguez-a-10-anos\/#respond\"]}]},{\"@type\":\"WebPage\",\"@id\":\"http:\/\/elregionalvm.com.ar\/noticias-villa-maria\/cronica-el-femicidio-de-claudia-rodriguez-a-10-anos\/\",\"url\":\"http:\/\/elregionalvm.com.ar\/noticias-villa-maria\/cronica-el-femicidio-de-claudia-rodriguez-a-10-anos\/\",\"name\":\"[Cr\u00f3nica] El femicidio de Claudia Rodr\u00edguez, a 10 a\u00f1os - El Regional\",\"isPartOf\":{\"@id\":\"http:\/\/elregionalvm.com.ar\/noticias-villa-maria\/#website\"},\"primaryImageOfPage\":{\"@id\":\"http:\/\/elregionalvm.com.ar\/noticias-villa-maria\/cronica-el-femicidio-de-claudia-rodriguez-a-10-anos\/#primaryimage\"},\"image\":{\"@id\":\"http:\/\/elregionalvm.com.ar\/noticias-villa-maria\/cronica-el-femicidio-de-claudia-rodriguez-a-10-anos\/#primaryimage\"},\"thumbnailUrl\":\"https:\/\/i0.wp.com\/elregionalvm.com.ar\/noticias-villa-maria\/wp-content\/uploads\/2021\/09\/Claudia-Rodriguez-femicidio-1-.jpg?fit=521%2C394&ssl=1\",\"datePublished\":\"2021-09-04T21:36:10+00:00\",\"dateModified\":\"2021-09-07T22:20:06+00:00\",\"author\":{\"@id\":\"http:\/\/elregionalvm.com.ar\/noticias-villa-maria\/#\/schema\/person\/a0fb9c422317faca23d50163151bc354\"},\"description\":\"El pr\u00f3ximo 29 de septiembre se cumplir\u00e1 10 a\u00f1os del brutal crimen de Claudia Rodr\u00edguez. Fue asesinada a mazazos por su expareja.\",\"breadcrumb\":{\"@id\":\"http:\/\/elregionalvm.com.ar\/noticias-villa-maria\/cronica-el-femicidio-de-claudia-rodriguez-a-10-anos\/#breadcrumb\"},\"inLanguage\":\"es\",\"potentialAction\":[{\"@type\":\"ReadAction\",\"target\":[\"http:\/\/elregionalvm.com.ar\/noticias-villa-maria\/cronica-el-femicidio-de-claudia-rodriguez-a-10-anos\/\"]}]},{\"@type\":\"ImageObject\",\"inLanguage\":\"es\",\"@id\":\"http:\/\/elregionalvm.com.ar\/noticias-villa-maria\/cronica-el-femicidio-de-claudia-rodriguez-a-10-anos\/#primaryimage\",\"url\":\"https:\/\/i0.wp.com\/elregionalvm.com.ar\/noticias-villa-maria\/wp-content\/uploads\/2021\/09\/Claudia-Rodriguez-femicidio-1-.jpg?fit=521%2C394&ssl=1\",\"contentUrl\":\"https:\/\/i0.wp.com\/elregionalvm.com.ar\/noticias-villa-maria\/wp-content\/uploads\/2021\/09\/Claudia-Rodriguez-femicidio-1-.jpg?fit=521%2C394&ssl=1\",\"width\":521,\"height\":394},{\"@type\":\"BreadcrumbList\",\"@id\":\"http:\/\/elregionalvm.com.ar\/noticias-villa-maria\/cronica-el-femicidio-de-claudia-rodriguez-a-10-anos\/#breadcrumb\",\"itemListElement\":[{\"@type\":\"ListItem\",\"position\":1,\"name\":\"Portada\",\"item\":\"https:\/\/elregionalvm.com.ar\/noticias-villa-maria\/\"},{\"@type\":\"ListItem\",\"position\":2,\"name\":\"[Cr\u00f3nica] El femicidio de Claudia Rodr\u00edguez, a 10 a\u00f1os\"}]},{\"@type\":\"WebSite\",\"@id\":\"http:\/\/elregionalvm.com.ar\/noticias-villa-maria\/#website\",\"url\":\"http:\/\/elregionalvm.com.ar\/noticias-villa-maria\/\",\"name\":\"El Regional\",\"description\":\"Mucho m\u00e1s que informaci\u00f3n\",\"potentialAction\":[{\"@type\":\"SearchAction\",\"target\":{\"@type\":\"EntryPoint\",\"urlTemplate\":\"http:\/\/elregionalvm.com.ar\/noticias-villa-maria\/?s={search_term_string}\"},\"query-input\":{\"@type\":\"PropertyValueSpecification\",\"valueRequired\":true,\"valueName\":\"search_term_string\"}}],\"inLanguage\":\"es\"},{\"@type\":\"Person\",\"@id\":\"http:\/\/elregionalvm.com.ar\/noticias-villa-maria\/#\/schema\/person\/a0fb9c422317faca23d50163151bc354\",\"name\":\"Contenidos El Regional\",\"image\":{\"@type\":\"ImageObject\",\"inLanguage\":\"es\",\"@id\":\"http:\/\/elregionalvm.com.ar\/noticias-villa-maria\/#\/schema\/person\/image\/\",\"url\":\"https:\/\/secure.gravatar.com\/avatar\/265b27cb2209af7bb3a1318f03305787d7981a5cc6e6cd08fe5a4ecdf99d4b48?s=96&d=mm&r=g\",\"contentUrl\":\"https:\/\/secure.gravatar.com\/avatar\/265b27cb2209af7bb3a1318f03305787d7981a5cc6e6cd08fe5a4ecdf99d4b48?s=96&d=mm&r=g\",\"caption\":\"Contenidos El Regional\"},\"url\":\"https:\/\/elregionalvm.com.ar\/noticias-villa-maria\/author\/contenido\/\"}]}<\/script>\n<!-- \/ Yoast SEO plugin. -->","yoast_head_json":{"title":"[Cr\u00f3nica] El femicidio de Claudia Rodr\u00edguez, a 10 a\u00f1os - El Regional","description":"El pr\u00f3ximo 29 de septiembre se cumplir\u00e1 10 a\u00f1os del brutal crimen de Claudia Rodr\u00edguez. Fue asesinada a mazazos por su expareja.","robots":{"index":"index","follow":"follow","max-snippet":"max-snippet:-1","max-image-preview":"max-image-preview:large","max-video-preview":"max-video-preview:-1"},"canonical":"http:\/\/elregionalvm.com.ar\/noticias-villa-maria\/cronica-el-femicidio-de-claudia-rodriguez-a-10-anos\/","og_locale":"es_ES","og_type":"article","og_title":"[Cr\u00f3nica] El femicidio de Claudia Rodr\u00edguez, a 10 a\u00f1os - El Regional","og_description":"El pr\u00f3ximo 29 de septiembre se cumplir\u00e1 10 a\u00f1os del brutal crimen de Claudia Rodr\u00edguez. Fue asesinada a mazazos por su expareja.","og_url":"http:\/\/elregionalvm.com.ar\/noticias-villa-maria\/cronica-el-femicidio-de-claudia-rodriguez-a-10-anos\/","og_site_name":"El Regional","article_publisher":"https:\/\/www.facebook.com\/elregionalvm","article_published_time":"2021-09-04T21:36:10+00:00","article_modified_time":"2021-09-07T22:20:06+00:00","og_image":[{"width":521,"height":394,"url":"http:\/\/elregionalvm.com.ar\/noticias-villa-maria\/wp-content\/uploads\/2021\/09\/Claudia-Rodriguez-femicidio-1-.jpg","type":"image\/jpeg"}],"author":"Contenidos El Regional","twitter_card":"summary_large_image","twitter_creator":"@elregionalvm1","twitter_site":"@elregionalvm1","twitter_misc":{"Escrito por":"Contenidos El Regional","Tiempo de lectura":"5 minutos"},"schema":{"@context":"https:\/\/schema.org","@graph":[{"@type":"Article","@id":"http:\/\/elregionalvm.com.ar\/noticias-villa-maria\/cronica-el-femicidio-de-claudia-rodriguez-a-10-anos\/#article","isPartOf":{"@id":"http:\/\/elregionalvm.com.ar\/noticias-villa-maria\/cronica-el-femicidio-de-claudia-rodriguez-a-10-anos\/"},"author":{"name":"Contenidos El Regional","@id":"http:\/\/elregionalvm.com.ar\/noticias-villa-maria\/#\/schema\/person\/a0fb9c422317faca23d50163151bc354"},"headline":"[Cr\u00f3nica] El femicidio de Claudia Rodr\u00edguez, a 10 a\u00f1os","datePublished":"2021-09-04T21:36:10+00:00","dateModified":"2021-09-07T22:20:06+00:00","mainEntityOfPage":{"@id":"http:\/\/elregionalvm.com.ar\/noticias-villa-maria\/cronica-el-femicidio-de-claudia-rodriguez-a-10-anos\/"},"wordCount":1146,"commentCount":0,"image":{"@id":"http:\/\/elregionalvm.com.ar\/noticias-villa-maria\/cronica-el-femicidio-de-claudia-rodriguez-a-10-anos\/#primaryimage"},"thumbnailUrl":"https:\/\/i0.wp.com\/elregionalvm.com.ar\/noticias-villa-maria\/wp-content\/uploads\/2021\/09\/Claudia-Rodriguez-femicidio-1-.jpg?fit=521%2C394&ssl=1","keywords":["Claudia Rodr\u00edguez","Cristian Moschitari","Cr\u00f3nica","femicidio","Justicia","Mazazos","Ni una menos","Revista Ardea"],"articleSection":["Historias","tercera"],"inLanguage":"es","potentialAction":[{"@type":"CommentAction","name":"Comment","target":["http:\/\/elregionalvm.com.ar\/noticias-villa-maria\/cronica-el-femicidio-de-claudia-rodriguez-a-10-anos\/#respond"]}]},{"@type":"WebPage","@id":"http:\/\/elregionalvm.com.ar\/noticias-villa-maria\/cronica-el-femicidio-de-claudia-rodriguez-a-10-anos\/","url":"http:\/\/elregionalvm.com.ar\/noticias-villa-maria\/cronica-el-femicidio-de-claudia-rodriguez-a-10-anos\/","name":"[Cr\u00f3nica] El femicidio de Claudia Rodr\u00edguez, a 10 a\u00f1os - El Regional","isPartOf":{"@id":"http:\/\/elregionalvm.com.ar\/noticias-villa-maria\/#website"},"primaryImageOfPage":{"@id":"http:\/\/elregionalvm.com.ar\/noticias-villa-maria\/cronica-el-femicidio-de-claudia-rodriguez-a-10-anos\/#primaryimage"},"image":{"@id":"http:\/\/elregionalvm.com.ar\/noticias-villa-maria\/cronica-el-femicidio-de-claudia-rodriguez-a-10-anos\/#primaryimage"},"thumbnailUrl":"https:\/\/i0.wp.com\/elregionalvm.com.ar\/noticias-villa-maria\/wp-content\/uploads\/2021\/09\/Claudia-Rodriguez-femicidio-1-.jpg?fit=521%2C394&ssl=1","datePublished":"2021-09-04T21:36:10+00:00","dateModified":"2021-09-07T22:20:06+00:00","author":{"@id":"http:\/\/elregionalvm.com.ar\/noticias-villa-maria\/#\/schema\/person\/a0fb9c422317faca23d50163151bc354"},"description":"El pr\u00f3ximo 29 de septiembre se cumplir\u00e1 10 a\u00f1os del brutal crimen de Claudia Rodr\u00edguez. Fue asesinada a mazazos por su expareja.","breadcrumb":{"@id":"http:\/\/elregionalvm.com.ar\/noticias-villa-maria\/cronica-el-femicidio-de-claudia-rodriguez-a-10-anos\/#breadcrumb"},"inLanguage":"es","potentialAction":[{"@type":"ReadAction","target":["http:\/\/elregionalvm.com.ar\/noticias-villa-maria\/cronica-el-femicidio-de-claudia-rodriguez-a-10-anos\/"]}]},{"@type":"ImageObject","inLanguage":"es","@id":"http:\/\/elregionalvm.com.ar\/noticias-villa-maria\/cronica-el-femicidio-de-claudia-rodriguez-a-10-anos\/#primaryimage","url":"https:\/\/i0.wp.com\/elregionalvm.com.ar\/noticias-villa-maria\/wp-content\/uploads\/2021\/09\/Claudia-Rodriguez-femicidio-1-.jpg?fit=521%2C394&ssl=1","contentUrl":"https:\/\/i0.wp.com\/elregionalvm.com.ar\/noticias-villa-maria\/wp-content\/uploads\/2021\/09\/Claudia-Rodriguez-femicidio-1-.jpg?fit=521%2C394&ssl=1","width":521,"height":394},{"@type":"BreadcrumbList","@id":"http:\/\/elregionalvm.com.ar\/noticias-villa-maria\/cronica-el-femicidio-de-claudia-rodriguez-a-10-anos\/#breadcrumb","itemListElement":[{"@type":"ListItem","position":1,"name":"Portada","item":"https:\/\/elregionalvm.com.ar\/noticias-villa-maria\/"},{"@type":"ListItem","position":2,"name":"[Cr\u00f3nica] El femicidio de Claudia Rodr\u00edguez, a 10 a\u00f1os"}]},{"@type":"WebSite","@id":"http:\/\/elregionalvm.com.ar\/noticias-villa-maria\/#website","url":"http:\/\/elregionalvm.com.ar\/noticias-villa-maria\/","name":"El Regional","description":"Mucho m\u00e1s que informaci\u00f3n","potentialAction":[{"@type":"SearchAction","target":{"@type":"EntryPoint","urlTemplate":"http:\/\/elregionalvm.com.ar\/noticias-villa-maria\/?s={search_term_string}"},"query-input":{"@type":"PropertyValueSpecification","valueRequired":true,"valueName":"search_term_string"}}],"inLanguage":"es"},{"@type":"Person","@id":"http:\/\/elregionalvm.com.ar\/noticias-villa-maria\/#\/schema\/person\/a0fb9c422317faca23d50163151bc354","name":"Contenidos El Regional","image":{"@type":"ImageObject","inLanguage":"es","@id":"http:\/\/elregionalvm.com.ar\/noticias-villa-maria\/#\/schema\/person\/image\/","url":"https:\/\/secure.gravatar.com\/avatar\/265b27cb2209af7bb3a1318f03305787d7981a5cc6e6cd08fe5a4ecdf99d4b48?s=96&d=mm&r=g","contentUrl":"https:\/\/secure.gravatar.com\/avatar\/265b27cb2209af7bb3a1318f03305787d7981a5cc6e6cd08fe5a4ecdf99d4b48?s=96&d=mm&r=g","caption":"Contenidos El Regional"},"url":"https:\/\/elregionalvm.com.ar\/noticias-villa-maria\/author\/contenido\/"}]}},"jetpack_featured_media_url":"https:\/\/i0.wp.com\/elregionalvm.com.ar\/noticias-villa-maria\/wp-content\/uploads\/2021\/09\/Claudia-Rodriguez-femicidio-1-.jpg?fit=521%2C394&ssl=1","jetpack_sharing_enabled":true,"_links":{"self":[{"href":"https:\/\/elregionalvm.com.ar\/noticias-villa-maria\/wp-json\/wp\/v2\/posts\/44102","targetHints":{"allow":["GET"]}}],"collection":[{"href":"https:\/\/elregionalvm.com.ar\/noticias-villa-maria\/wp-json\/wp\/v2\/posts"}],"about":[{"href":"https:\/\/elregionalvm.com.ar\/noticias-villa-maria\/wp-json\/wp\/v2\/types\/post"}],"author":[{"embeddable":true,"href":"https:\/\/elregionalvm.com.ar\/noticias-villa-maria\/wp-json\/wp\/v2\/users\/4"}],"replies":[{"embeddable":true,"href":"https:\/\/elregionalvm.com.ar\/noticias-villa-maria\/wp-json\/wp\/v2\/comments?post=44102"}],"version-history":[{"count":2,"href":"https:\/\/elregionalvm.com.ar\/noticias-villa-maria\/wp-json\/wp\/v2\/posts\/44102\/revisions"}],"predecessor-version":[{"id":44106,"href":"https:\/\/elregionalvm.com.ar\/noticias-villa-maria\/wp-json\/wp\/v2\/posts\/44102\/revisions\/44106"}],"wp:featuredmedia":[{"embeddable":true,"href":"https:\/\/elregionalvm.com.ar\/noticias-villa-maria\/wp-json\/wp\/v2\/media\/44226"}],"wp:attachment":[{"href":"https:\/\/elregionalvm.com.ar\/noticias-villa-maria\/wp-json\/wp\/v2\/media?parent=44102"}],"wp:term":[{"taxonomy":"category","embeddable":true,"href":"https:\/\/elregionalvm.com.ar\/noticias-villa-maria\/wp-json\/wp\/v2\/categories?post=44102"},{"taxonomy":"post_tag","embeddable":true,"href":"https:\/\/elregionalvm.com.ar\/noticias-villa-maria\/wp-json\/wp\/v2\/tags?post=44102"}],"curies":[{"name":"wp","href":"https:\/\/api.w.org\/{rel}","templated":true}]}}