{"id":44112,"date":"2021-09-04T22:05:47","date_gmt":"2021-09-04T22:05:47","guid":{"rendered":"https:\/\/elregionalvm.com.ar\/noticias-villa-maria\/?p=44112"},"modified":"2021-09-07T01:24:44","modified_gmt":"2021-09-07T01:24:44","slug":"musica-e-historia-zamba-carbon-asado-y-compania","status":"publish","type":"post","link":"https:\/\/elregionalvm.com.ar\/noticias-villa-maria\/musica-e-historia-zamba-carbon-asado-y-compania\/","title":{"rendered":"[M\u00fasica e Historia] Zamba, carb\u00f3n, asado y compa\u00f1\u00eda"},"content":{"rendered":"\n<p><\/p>\n\n\n\n<h4 class=\"wp-block-heading\"><strong><em>Zamba del carbonero &#8211; \u201c\u2026el humo lleva en el viento quemando mi coraz\u00f3n\u2026\u201d<\/em><\/strong><\/h4>\n\n\n\n<p><\/p>\n\n\n\n<p><\/p>\n\n\n\n<p><strong>Escribe: Leo Mu\u00f1oz<\/strong><\/p>\n\n\n\n<p>Quiz\u00e1s la versi\u00f3n m\u00e1s lograda y aplaudida de esta zamba sea la de Horacio Guarany, quien supo hacerla brillar en Cosqu\u00edn, lo que no quita m\u00e9rito a la versi\u00f3n de Los Fronterizos ampliamente aceptada y reconocida.<\/p>\n\n\n\n<p>Los versos abren la ventana a la vida de los obreros del carb\u00f3n, los que hunden las manos en el barro para crear y tapar los hornos donde se quema la le\u00f1a, tiznando sus manos y rostros en jornadas largas y pacientes, recibiendo el pobre jornal que paga su esfuerzo, mientras con esa madera se quema su vida.<\/p>\n\n\n\n<p><\/p>\n\n\n\n<figure class=\"wp-block-embed is-type-video is-provider-youtube wp-block-embed-youtube wp-embed-aspect-4-3 wp-has-aspect-ratio\"><div class=\"wp-block-embed__wrapper\">\n<iframe title=\"Zamba del Carbonero\" width=\"500\" height=\"375\" src=\"https:\/\/www.youtube.com\/embed\/A8kj3UL7xbI?feature=oembed\" frameborder=\"0\" allow=\"accelerometer; autoplay; clipboard-write; encrypted-media; gyroscope; picture-in-picture; web-share\" referrerpolicy=\"strict-origin-when-cross-origin\" allowfullscreen><\/iframe>\n<\/div><\/figure>\n\n\n\n<p><\/p>\n\n\n\n<p><\/p>\n\n\n\n<p><strong>Carb\u00f3n Mineral<\/strong><\/p>\n\n\n\n<p>Si bien existen reservas de carb\u00f3n mineral o piedra en Argentina (yacimiento de R\u00edo Turbio), el carb\u00f3n de consumo m\u00e1s habitual es el de origen vegetal. Ambos tienen un uso similar, en el caso del mineral se usaba especialmente en la industria sider\u00fargica, para su explotaci\u00f3n se cre\u00f3 en 1958 Yacimientos Carbon\u00edferos Fiscales (YCF), ordenando la actividad extractiva iniciada en 1946. Aunque se export\u00f3 este mineral, tambi\u00e9n se lo import\u00f3, desde Estados Unidos, Sud\u00e1frica y Australia principalmente.<\/p>\n\n\n\n<p><\/p>\n\n\n\n<figure class=\"wp-block-embed is-type-video is-provider-youtube wp-block-embed-youtube wp-embed-aspect-4-3 wp-has-aspect-ratio\"><div class=\"wp-block-embed__wrapper\">\n<iframe title=\"Zamba del carbonero - Horacio Guarany\" width=\"500\" height=\"375\" src=\"https:\/\/www.youtube.com\/embed\/Ae_-XUjGUjQ?feature=oembed\" frameborder=\"0\" allow=\"accelerometer; autoplay; clipboard-write; encrypted-media; gyroscope; picture-in-picture; web-share\" referrerpolicy=\"strict-origin-when-cross-origin\" allowfullscreen><\/iframe>\n<\/div><\/figure>\n\n\n\n<p><\/p>\n\n\n\n<p><strong>Carb\u00f3n Vegetal<\/strong><\/p>\n\n\n\n<p>A mitad del siglo pasado se cre\u00f3 la Direcci\u00f3n Nacional de Combustibles Vegetales, que encar\u00f3 un plan de forestaci\u00f3n para crear reservas suficientes de este combustible renovable.<\/p>\n\n\n\n<p>Altos Hornos de Zapla fabricaba acero para Fabricaciones Militares con carb\u00f3n elaborado con eucaliptus de plantaciones propias.<\/p>\n\n\n\n<p>Las provincias de mayor producci\u00f3n de carb\u00f3n son las de la llamada Regi\u00f3n Chaque\u00f1a, una de las especies preferidas es el quebracho blanco, luego le siguen el quebracho colorado, algarrobo, espinillo, \u00f1andubay y otros.<\/p>\n\n\n\n<p><\/p>\n\n\n\n<figure class=\"wp-block-gallery columns-2 is-cropped wp-block-gallery-1 is-layout-flex wp-block-gallery-is-layout-flex\"><ul class=\"blocks-gallery-grid\"><li class=\"blocks-gallery-item\"><figure><img data-recalc-dims=\"1\" fetchpriority=\"high\" decoding=\"async\" width=\"693\" height=\"693\" src=\"https:\/\/i0.wp.com\/elregionalvm.com.ar\/noticias-villa-maria\/wp-content\/uploads\/2021\/09\/Horacio-Guarany-1.jpg?resize=693%2C693&#038;ssl=1\" alt=\"\" data-id=\"44115\" data-link=\"https:\/\/elregionalvm.com.ar\/noticias-villa-maria\/?attachment_id=44115\" class=\"wp-image-44115\" srcset=\"https:\/\/i0.wp.com\/elregionalvm.com.ar\/noticias-villa-maria\/wp-content\/uploads\/2021\/09\/Horacio-Guarany-1.jpg?w=693&amp;ssl=1 693w, https:\/\/i0.wp.com\/elregionalvm.com.ar\/noticias-villa-maria\/wp-content\/uploads\/2021\/09\/Horacio-Guarany-1.jpg?resize=300%2C300&amp;ssl=1 300w\" sizes=\"(max-width: 693px) 100vw, 693px\" \/><\/figure><\/li><li class=\"blocks-gallery-item\"><figure><img data-recalc-dims=\"1\" decoding=\"async\" width=\"373\" height=\"322\" src=\"https:\/\/i0.wp.com\/elregionalvm.com.ar\/noticias-villa-maria\/wp-content\/uploads\/2021\/09\/Los-Fronterizos.jpg?resize=373%2C322&#038;ssl=1\" alt=\"\" data-id=\"44116\" data-full-url=\"https:\/\/elregionalvm.com.ar\/noticias-villa-maria\/wp-content\/uploads\/2021\/09\/Los-Fronterizos.jpg\" data-link=\"https:\/\/elregionalvm.com.ar\/noticias-villa-maria\/?attachment_id=44116\" class=\"wp-image-44116\" srcset=\"https:\/\/i0.wp.com\/elregionalvm.com.ar\/noticias-villa-maria\/wp-content\/uploads\/2021\/09\/Los-Fronterizos.jpg?w=373&amp;ssl=1 373w, https:\/\/i0.wp.com\/elregionalvm.com.ar\/noticias-villa-maria\/wp-content\/uploads\/2021\/09\/Los-Fronterizos.jpg?resize=300%2C259&amp;ssl=1 300w\" sizes=\"(max-width: 373px) 100vw, 373px\" \/><\/figure><\/li><\/ul><figcaption class=\"blocks-gallery-caption\"><em>Guarany y Los Fronterizos, int\u00e9rpretes de la zamba que rescata la vida de los carboneros. <\/em><\/figcaption><\/figure>\n\n\n\n<p><\/p>\n\n\n\n<p>Los ferrocarriles consumieron en la etapa de las locomotoras a vapor gran parte de los bosques de C\u00f3rdoba, San Luis, La Pampa, La Rioja, Salta, Tucum\u00e1n y Santiago del Estero.<\/p>\n\n\n\n<p>En la Villa Mar\u00eda del tiempo fundacional se explotaban los bosques que eran parte del actual espacio que ocupa la ciudad, as\u00ed como importantes extracciones de madera se realizaban en los alrededores y en Yucat.<\/p>\n\n\n\n<p>El carb\u00f3n vegetal y la le\u00f1a son componentes del folklore del asado, las brasas llevan as\u00ed su calidez al coraz\u00f3n de las reuniones de familias y amigos.<\/p>\n\n\n\n<p><\/p>\n\n\n\n<p><strong>\u201cZamba del Carbonero\u201d (M. J. Castilla y E. Madeo)<\/strong><\/p>\n\n\n\n<p>Yo soy ese carbonero<br>Yo soy ese hombre, se\u00f1or<br>Que va quemando la le\u00f1a<br>Junto con su coraz\u00f3n<br>Que va quemando la le\u00f1a<br>Junto con su coraz\u00f3n.<\/p>\n\n\n\n<p>Yo me desvelo en el monte<br>Solo, cuidando el carb\u00f3n<br>La noche me da la luna<br>Mi pena le entrego yo<br>La noche me da la luna<br>Mi pena le entrego yo.<\/p>\n\n\n\n<p>Carbonero<br>Pe\u00f3n del algarrobal<br>La noche se me hace d\u00eda<br>Cuando llega el carnaval<br>La noche se me hace d\u00eda<br>Cuando llega el carnaval.<\/p>\n\n\n\n<p>A veces miro mis manos<br>Pero no las veo, se\u00f1or<br>Las va tapando de noche<br>Todo el polvo del carb\u00f3n<br>Las va tapando de noche<br>Todo el polvo del carb\u00f3n.<\/p>\n\n\n\n<p>Bajo los ojos del monte<br>Con tierra negra y sudor<br>Y el humo lleva en el viento<br>Quemando mi coraz\u00f3n<br>Y el humo lleva en el viento<br>Quemando mi coraz\u00f3n.<\/p>\n\n\n\n<p>Carbonero<br>Pe\u00f3n del algarrobal<br>La noche se me hace d\u00eda<br>Cuando llega el carnaval<br>La noche se me hace d\u00eda<br>Cuando llega el carnaval.<\/p>\n","protected":false},"excerpt":{"rendered":"<p>Zamba del carbonero &#8211; \u201c\u2026el humo lleva en el viento quemando mi coraz\u00f3n\u2026\u201d Escribe: Leo Mu\u00f1oz Quiz\u00e1s la versi\u00f3n m\u00e1s lograda y aplaudida de esta zamba sea la de Horacio Guarany, quien supo hacerla brillar en Cosqu\u00edn, lo que no quita m\u00e9rito a la versi\u00f3n de Los Fronterizos ampliamente aceptada y reconocida. Los versos abren [&hellip;]<\/p>\n","protected":false},"author":4,"featured_media":44117,"comment_status":"open","ping_status":"open","sticky":false,"template":"","format":"standard","meta":{"site-sidebar-layout":"default","site-content-layout":"default","ast-site-content-layout":"default","site-content-style":"default","site-sidebar-style":"default","ast-global-header-display":"","ast-banner-title-visibility":"","ast-main-header-display":"","ast-hfb-above-header-display":"","ast-hfb-below-header-display":"","ast-hfb-mobile-header-display":"","site-post-title":"","ast-breadcrumbs-content":"","ast-featured-img":"","footer-sml-layout":"","ast-disable-related-posts":"","theme-transparent-header-meta":"default","adv-header-id-meta":"","stick-header-meta":"","header-above-stick-meta":"","header-main-stick-meta":"","header-below-stick-meta":"","astra-migrate-meta-layouts":"default","ast-page-background-enabled":"default","ast-page-background-meta":{"desktop":{"background-color":"","background-image":"","background-repeat":"repeat","background-position":"center center","background-size":"auto","background-attachment":"scroll","background-type":"","background-media":"","overlay-type":"","overlay-color":"","overlay-opacity":"","overlay-gradient":""},"tablet":{"background-color":"","background-image":"","background-repeat":"repeat","background-position":"center center","background-size":"auto","background-attachment":"scroll","background-type":"","background-media":"","overlay-type":"","overlay-color":"","overlay-opacity":"","overlay-gradient":""},"mobile":{"background-color":"","background-image":"","background-repeat":"repeat","background-position":"center center","background-size":"auto","background-attachment":"scroll","background-type":"","background-media":"","overlay-type":"","overlay-color":"","overlay-opacity":"","overlay-gradient":""}},"ast-content-background-meta":{"desktop":{"background-color":"var(--ast-global-color-5)","background-image":"","background-repeat":"repeat","background-position":"center center","background-size":"auto","background-attachment":"scroll","background-type":"","background-media":"","overlay-type":"","overlay-color":"","overlay-opacity":"","overlay-gradient":""},"tablet":{"background-color":"var(--ast-global-color-5)","background-image":"","background-repeat":"repeat","background-position":"center center","background-size":"auto","background-attachment":"scroll","background-type":"","background-media":"","overlay-type":"","overlay-color":"","overlay-opacity":"","overlay-gradient":""},"mobile":{"background-color":"var(--ast-global-color-5)","background-image":"","background-repeat":"repeat","background-position":"center center","background-size":"auto","background-attachment":"scroll","background-type":"","background-media":"","overlay-type":"","overlay-color":"","overlay-opacity":"","overlay-gradient":""}},"_jetpack_memberships_contains_paid_content":false,"_joinchat":[],"footnotes":""},"categories":[2098,3557],"tags":[5306,3344,3599,1940,3600,2244,11002,11001],"class_list":["post-44112","post","type-post","status-publish","format-standard","has-post-thumbnail","hentry","category-historias","category-tercera","tag-arboles","tag-asado","tag-horacio-guarany","tag-leo-munoz","tag-los-fronterizos","tag-musica-e-historia","tag-region-chaquena","tag-zamba-del-carbonero"],"yoast_head":"<!-- This site is optimized with the Yoast SEO plugin v26.8 - https:\/\/yoast.com\/product\/yoast-seo-wordpress\/ -->\n<title>[M\u00fasica e Historia] Zamba, carb\u00f3n, asado y compa\u00f1\u00eda - El Regional<\/title>\n<meta name=\"description\" content=\"Los versos abren la ventana a la vida de los obreros del carb\u00f3n, los que hunden las manos en el barro para crear y tapar los hornos.\" \/>\n<meta name=\"robots\" content=\"index, follow, max-snippet:-1, max-image-preview:large, max-video-preview:-1\" \/>\n<link rel=\"canonical\" href=\"http:\/\/elregionalvm.com.ar\/noticias-villa-maria\/musica-e-historia-zamba-carbon-asado-y-compania\/\" \/>\n<meta property=\"og:locale\" content=\"es_ES\" \/>\n<meta property=\"og:type\" content=\"article\" \/>\n<meta property=\"og:title\" content=\"[M\u00fasica e Historia] Zamba, carb\u00f3n, asado y compa\u00f1\u00eda - El Regional\" \/>\n<meta property=\"og:description\" content=\"Los versos abren la ventana a la vida de los obreros del carb\u00f3n, los que hunden las manos en el barro para crear y tapar los hornos.\" \/>\n<meta property=\"og:url\" content=\"http:\/\/elregionalvm.com.ar\/noticias-villa-maria\/musica-e-historia-zamba-carbon-asado-y-compania\/\" \/>\n<meta property=\"og:site_name\" content=\"El Regional\" \/>\n<meta property=\"article:publisher\" content=\"https:\/\/www.facebook.com\/elregionalvm\" \/>\n<meta property=\"article:published_time\" content=\"2021-09-04T22:05:47+00:00\" \/>\n<meta property=\"article:modified_time\" content=\"2021-09-07T01:24:44+00:00\" \/>\n<meta property=\"og:image\" content=\"http:\/\/elregionalvm.com.ar\/noticias-villa-maria\/wp-content\/uploads\/2021\/09\/Carbonero.jpg\" \/>\n\t<meta property=\"og:image:width\" content=\"925\" \/>\n\t<meta property=\"og:image:height\" content=\"693\" \/>\n\t<meta property=\"og:image:type\" content=\"image\/jpeg\" \/>\n<meta name=\"author\" content=\"Contenidos El Regional\" \/>\n<meta name=\"twitter:card\" content=\"summary_large_image\" \/>\n<meta name=\"twitter:creator\" content=\"@elregionalvm1\" \/>\n<meta name=\"twitter:site\" content=\"@elregionalvm1\" \/>\n<meta name=\"twitter:label1\" content=\"Escrito por\" \/>\n\t<meta name=\"twitter:data1\" content=\"Contenidos El Regional\" \/>\n\t<meta name=\"twitter:label2\" content=\"Tiempo de lectura\" \/>\n\t<meta name=\"twitter:data2\" content=\"3 minutos\" \/>\n<script type=\"application\/ld+json\" class=\"yoast-schema-graph\">{\"@context\":\"https:\/\/schema.org\",\"@graph\":[{\"@type\":\"Article\",\"@id\":\"http:\/\/elregionalvm.com.ar\/noticias-villa-maria\/musica-e-historia-zamba-carbon-asado-y-compania\/#article\",\"isPartOf\":{\"@id\":\"http:\/\/elregionalvm.com.ar\/noticias-villa-maria\/musica-e-historia-zamba-carbon-asado-y-compania\/\"},\"author\":{\"name\":\"Contenidos El Regional\",\"@id\":\"http:\/\/elregionalvm.com.ar\/noticias-villa-maria\/#\/schema\/person\/a0fb9c422317faca23d50163151bc354\"},\"headline\":\"[M\u00fasica e Historia] Zamba, carb\u00f3n, asado y compa\u00f1\u00eda\",\"datePublished\":\"2021-09-04T22:05:47+00:00\",\"dateModified\":\"2021-09-07T01:24:44+00:00\",\"mainEntityOfPage\":{\"@id\":\"http:\/\/elregionalvm.com.ar\/noticias-villa-maria\/musica-e-historia-zamba-carbon-asado-y-compania\/\"},\"wordCount\":601,\"commentCount\":0,\"image\":{\"@id\":\"http:\/\/elregionalvm.com.ar\/noticias-villa-maria\/musica-e-historia-zamba-carbon-asado-y-compania\/#primaryimage\"},\"thumbnailUrl\":\"https:\/\/i0.wp.com\/elregionalvm.com.ar\/noticias-villa-maria\/wp-content\/uploads\/2021\/09\/Carbonero.jpg?fit=925%2C693&ssl=1\",\"keywords\":[\"\u00e1rboles\",\"asado\",\"Horacio Guarany\",\"leo mu\u00f1oz\",\"Los Fronterizos\",\"M\u00fasica e Historia\",\"region chaque\u00f1a\",\"Zamba del carbonero\"],\"articleSection\":[\"Historias\",\"tercera\"],\"inLanguage\":\"es\",\"potentialAction\":[{\"@type\":\"CommentAction\",\"name\":\"Comment\",\"target\":[\"http:\/\/elregionalvm.com.ar\/noticias-villa-maria\/musica-e-historia-zamba-carbon-asado-y-compania\/#respond\"]}]},{\"@type\":\"WebPage\",\"@id\":\"http:\/\/elregionalvm.com.ar\/noticias-villa-maria\/musica-e-historia-zamba-carbon-asado-y-compania\/\",\"url\":\"http:\/\/elregionalvm.com.ar\/noticias-villa-maria\/musica-e-historia-zamba-carbon-asado-y-compania\/\",\"name\":\"[M\u00fasica e Historia] Zamba, carb\u00f3n, asado y compa\u00f1\u00eda - El Regional\",\"isPartOf\":{\"@id\":\"http:\/\/elregionalvm.com.ar\/noticias-villa-maria\/#website\"},\"primaryImageOfPage\":{\"@id\":\"http:\/\/elregionalvm.com.ar\/noticias-villa-maria\/musica-e-historia-zamba-carbon-asado-y-compania\/#primaryimage\"},\"image\":{\"@id\":\"http:\/\/elregionalvm.com.ar\/noticias-villa-maria\/musica-e-historia-zamba-carbon-asado-y-compania\/#primaryimage\"},\"thumbnailUrl\":\"https:\/\/i0.wp.com\/elregionalvm.com.ar\/noticias-villa-maria\/wp-content\/uploads\/2021\/09\/Carbonero.jpg?fit=925%2C693&ssl=1\",\"datePublished\":\"2021-09-04T22:05:47+00:00\",\"dateModified\":\"2021-09-07T01:24:44+00:00\",\"author\":{\"@id\":\"http:\/\/elregionalvm.com.ar\/noticias-villa-maria\/#\/schema\/person\/a0fb9c422317faca23d50163151bc354\"},\"description\":\"Los versos abren la ventana a la vida de los obreros del carb\u00f3n, los que hunden las manos en el barro para crear y tapar los hornos.\",\"breadcrumb\":{\"@id\":\"http:\/\/elregionalvm.com.ar\/noticias-villa-maria\/musica-e-historia-zamba-carbon-asado-y-compania\/#breadcrumb\"},\"inLanguage\":\"es\",\"potentialAction\":[{\"@type\":\"ReadAction\",\"target\":[\"http:\/\/elregionalvm.com.ar\/noticias-villa-maria\/musica-e-historia-zamba-carbon-asado-y-compania\/\"]}]},{\"@type\":\"ImageObject\",\"inLanguage\":\"es\",\"@id\":\"http:\/\/elregionalvm.com.ar\/noticias-villa-maria\/musica-e-historia-zamba-carbon-asado-y-compania\/#primaryimage\",\"url\":\"https:\/\/i0.wp.com\/elregionalvm.com.ar\/noticias-villa-maria\/wp-content\/uploads\/2021\/09\/Carbonero.jpg?fit=925%2C693&ssl=1\",\"contentUrl\":\"https:\/\/i0.wp.com\/elregionalvm.com.ar\/noticias-villa-maria\/wp-content\/uploads\/2021\/09\/Carbonero.jpg?fit=925%2C693&ssl=1\",\"width\":925,\"height\":693},{\"@type\":\"BreadcrumbList\",\"@id\":\"http:\/\/elregionalvm.com.ar\/noticias-villa-maria\/musica-e-historia-zamba-carbon-asado-y-compania\/#breadcrumb\",\"itemListElement\":[{\"@type\":\"ListItem\",\"position\":1,\"name\":\"Portada\",\"item\":\"https:\/\/elregionalvm.com.ar\/noticias-villa-maria\/\"},{\"@type\":\"ListItem\",\"position\":2,\"name\":\"[M\u00fasica e Historia] Zamba, carb\u00f3n, asado y compa\u00f1\u00eda\"}]},{\"@type\":\"WebSite\",\"@id\":\"http:\/\/elregionalvm.com.ar\/noticias-villa-maria\/#website\",\"url\":\"http:\/\/elregionalvm.com.ar\/noticias-villa-maria\/\",\"name\":\"El Regional\",\"description\":\"Mucho m\u00e1s que informaci\u00f3n\",\"potentialAction\":[{\"@type\":\"SearchAction\",\"target\":{\"@type\":\"EntryPoint\",\"urlTemplate\":\"http:\/\/elregionalvm.com.ar\/noticias-villa-maria\/?s={search_term_string}\"},\"query-input\":{\"@type\":\"PropertyValueSpecification\",\"valueRequired\":true,\"valueName\":\"search_term_string\"}}],\"inLanguage\":\"es\"},{\"@type\":\"Person\",\"@id\":\"http:\/\/elregionalvm.com.ar\/noticias-villa-maria\/#\/schema\/person\/a0fb9c422317faca23d50163151bc354\",\"name\":\"Contenidos El Regional\",\"image\":{\"@type\":\"ImageObject\",\"inLanguage\":\"es\",\"@id\":\"http:\/\/elregionalvm.com.ar\/noticias-villa-maria\/#\/schema\/person\/image\/\",\"url\":\"https:\/\/secure.gravatar.com\/avatar\/265b27cb2209af7bb3a1318f03305787d7981a5cc6e6cd08fe5a4ecdf99d4b48?s=96&d=mm&r=g\",\"contentUrl\":\"https:\/\/secure.gravatar.com\/avatar\/265b27cb2209af7bb3a1318f03305787d7981a5cc6e6cd08fe5a4ecdf99d4b48?s=96&d=mm&r=g\",\"caption\":\"Contenidos El Regional\"},\"url\":\"https:\/\/elregionalvm.com.ar\/noticias-villa-maria\/author\/contenido\/\"}]}<\/script>\n<!-- \/ Yoast SEO plugin. -->","yoast_head_json":{"title":"[M\u00fasica e Historia] Zamba, carb\u00f3n, asado y compa\u00f1\u00eda - El Regional","description":"Los versos abren la ventana a la vida de los obreros del carb\u00f3n, los que hunden las manos en el barro para crear y tapar los hornos.","robots":{"index":"index","follow":"follow","max-snippet":"max-snippet:-1","max-image-preview":"max-image-preview:large","max-video-preview":"max-video-preview:-1"},"canonical":"http:\/\/elregionalvm.com.ar\/noticias-villa-maria\/musica-e-historia-zamba-carbon-asado-y-compania\/","og_locale":"es_ES","og_type":"article","og_title":"[M\u00fasica e Historia] Zamba, carb\u00f3n, asado y compa\u00f1\u00eda - El Regional","og_description":"Los versos abren la ventana a la vida de los obreros del carb\u00f3n, los que hunden las manos en el barro para crear y tapar los hornos.","og_url":"http:\/\/elregionalvm.com.ar\/noticias-villa-maria\/musica-e-historia-zamba-carbon-asado-y-compania\/","og_site_name":"El Regional","article_publisher":"https:\/\/www.facebook.com\/elregionalvm","article_published_time":"2021-09-04T22:05:47+00:00","article_modified_time":"2021-09-07T01:24:44+00:00","og_image":[{"width":925,"height":693,"url":"http:\/\/elregionalvm.com.ar\/noticias-villa-maria\/wp-content\/uploads\/2021\/09\/Carbonero.jpg","type":"image\/jpeg"}],"author":"Contenidos El Regional","twitter_card":"summary_large_image","twitter_creator":"@elregionalvm1","twitter_site":"@elregionalvm1","twitter_misc":{"Escrito por":"Contenidos El Regional","Tiempo de lectura":"3 minutos"},"schema":{"@context":"https:\/\/schema.org","@graph":[{"@type":"Article","@id":"http:\/\/elregionalvm.com.ar\/noticias-villa-maria\/musica-e-historia-zamba-carbon-asado-y-compania\/#article","isPartOf":{"@id":"http:\/\/elregionalvm.com.ar\/noticias-villa-maria\/musica-e-historia-zamba-carbon-asado-y-compania\/"},"author":{"name":"Contenidos El Regional","@id":"http:\/\/elregionalvm.com.ar\/noticias-villa-maria\/#\/schema\/person\/a0fb9c422317faca23d50163151bc354"},"headline":"[M\u00fasica e Historia] Zamba, carb\u00f3n, asado y compa\u00f1\u00eda","datePublished":"2021-09-04T22:05:47+00:00","dateModified":"2021-09-07T01:24:44+00:00","mainEntityOfPage":{"@id":"http:\/\/elregionalvm.com.ar\/noticias-villa-maria\/musica-e-historia-zamba-carbon-asado-y-compania\/"},"wordCount":601,"commentCount":0,"image":{"@id":"http:\/\/elregionalvm.com.ar\/noticias-villa-maria\/musica-e-historia-zamba-carbon-asado-y-compania\/#primaryimage"},"thumbnailUrl":"https:\/\/i0.wp.com\/elregionalvm.com.ar\/noticias-villa-maria\/wp-content\/uploads\/2021\/09\/Carbonero.jpg?fit=925%2C693&ssl=1","keywords":["\u00e1rboles","asado","Horacio Guarany","leo mu\u00f1oz","Los Fronterizos","M\u00fasica e Historia","region chaque\u00f1a","Zamba del carbonero"],"articleSection":["Historias","tercera"],"inLanguage":"es","potentialAction":[{"@type":"CommentAction","name":"Comment","target":["http:\/\/elregionalvm.com.ar\/noticias-villa-maria\/musica-e-historia-zamba-carbon-asado-y-compania\/#respond"]}]},{"@type":"WebPage","@id":"http:\/\/elregionalvm.com.ar\/noticias-villa-maria\/musica-e-historia-zamba-carbon-asado-y-compania\/","url":"http:\/\/elregionalvm.com.ar\/noticias-villa-maria\/musica-e-historia-zamba-carbon-asado-y-compania\/","name":"[M\u00fasica e Historia] Zamba, carb\u00f3n, asado y compa\u00f1\u00eda - El Regional","isPartOf":{"@id":"http:\/\/elregionalvm.com.ar\/noticias-villa-maria\/#website"},"primaryImageOfPage":{"@id":"http:\/\/elregionalvm.com.ar\/noticias-villa-maria\/musica-e-historia-zamba-carbon-asado-y-compania\/#primaryimage"},"image":{"@id":"http:\/\/elregionalvm.com.ar\/noticias-villa-maria\/musica-e-historia-zamba-carbon-asado-y-compania\/#primaryimage"},"thumbnailUrl":"https:\/\/i0.wp.com\/elregionalvm.com.ar\/noticias-villa-maria\/wp-content\/uploads\/2021\/09\/Carbonero.jpg?fit=925%2C693&ssl=1","datePublished":"2021-09-04T22:05:47+00:00","dateModified":"2021-09-07T01:24:44+00:00","author":{"@id":"http:\/\/elregionalvm.com.ar\/noticias-villa-maria\/#\/schema\/person\/a0fb9c422317faca23d50163151bc354"},"description":"Los versos abren la ventana a la vida de los obreros del carb\u00f3n, los que hunden las manos en el barro para crear y tapar los hornos.","breadcrumb":{"@id":"http:\/\/elregionalvm.com.ar\/noticias-villa-maria\/musica-e-historia-zamba-carbon-asado-y-compania\/#breadcrumb"},"inLanguage":"es","potentialAction":[{"@type":"ReadAction","target":["http:\/\/elregionalvm.com.ar\/noticias-villa-maria\/musica-e-historia-zamba-carbon-asado-y-compania\/"]}]},{"@type":"ImageObject","inLanguage":"es","@id":"http:\/\/elregionalvm.com.ar\/noticias-villa-maria\/musica-e-historia-zamba-carbon-asado-y-compania\/#primaryimage","url":"https:\/\/i0.wp.com\/elregionalvm.com.ar\/noticias-villa-maria\/wp-content\/uploads\/2021\/09\/Carbonero.jpg?fit=925%2C693&ssl=1","contentUrl":"https:\/\/i0.wp.com\/elregionalvm.com.ar\/noticias-villa-maria\/wp-content\/uploads\/2021\/09\/Carbonero.jpg?fit=925%2C693&ssl=1","width":925,"height":693},{"@type":"BreadcrumbList","@id":"http:\/\/elregionalvm.com.ar\/noticias-villa-maria\/musica-e-historia-zamba-carbon-asado-y-compania\/#breadcrumb","itemListElement":[{"@type":"ListItem","position":1,"name":"Portada","item":"https:\/\/elregionalvm.com.ar\/noticias-villa-maria\/"},{"@type":"ListItem","position":2,"name":"[M\u00fasica e Historia] Zamba, carb\u00f3n, asado y compa\u00f1\u00eda"}]},{"@type":"WebSite","@id":"http:\/\/elregionalvm.com.ar\/noticias-villa-maria\/#website","url":"http:\/\/elregionalvm.com.ar\/noticias-villa-maria\/","name":"El Regional","description":"Mucho m\u00e1s que informaci\u00f3n","potentialAction":[{"@type":"SearchAction","target":{"@type":"EntryPoint","urlTemplate":"http:\/\/elregionalvm.com.ar\/noticias-villa-maria\/?s={search_term_string}"},"query-input":{"@type":"PropertyValueSpecification","valueRequired":true,"valueName":"search_term_string"}}],"inLanguage":"es"},{"@type":"Person","@id":"http:\/\/elregionalvm.com.ar\/noticias-villa-maria\/#\/schema\/person\/a0fb9c422317faca23d50163151bc354","name":"Contenidos El Regional","image":{"@type":"ImageObject","inLanguage":"es","@id":"http:\/\/elregionalvm.com.ar\/noticias-villa-maria\/#\/schema\/person\/image\/","url":"https:\/\/secure.gravatar.com\/avatar\/265b27cb2209af7bb3a1318f03305787d7981a5cc6e6cd08fe5a4ecdf99d4b48?s=96&d=mm&r=g","contentUrl":"https:\/\/secure.gravatar.com\/avatar\/265b27cb2209af7bb3a1318f03305787d7981a5cc6e6cd08fe5a4ecdf99d4b48?s=96&d=mm&r=g","caption":"Contenidos El Regional"},"url":"https:\/\/elregionalvm.com.ar\/noticias-villa-maria\/author\/contenido\/"}]}},"jetpack_featured_media_url":"https:\/\/i0.wp.com\/elregionalvm.com.ar\/noticias-villa-maria\/wp-content\/uploads\/2021\/09\/Carbonero.jpg?fit=925%2C693&ssl=1","jetpack_sharing_enabled":true,"_links":{"self":[{"href":"https:\/\/elregionalvm.com.ar\/noticias-villa-maria\/wp-json\/wp\/v2\/posts\/44112","targetHints":{"allow":["GET"]}}],"collection":[{"href":"https:\/\/elregionalvm.com.ar\/noticias-villa-maria\/wp-json\/wp\/v2\/posts"}],"about":[{"href":"https:\/\/elregionalvm.com.ar\/noticias-villa-maria\/wp-json\/wp\/v2\/types\/post"}],"author":[{"embeddable":true,"href":"https:\/\/elregionalvm.com.ar\/noticias-villa-maria\/wp-json\/wp\/v2\/users\/4"}],"replies":[{"embeddable":true,"href":"https:\/\/elregionalvm.com.ar\/noticias-villa-maria\/wp-json\/wp\/v2\/comments?post=44112"}],"version-history":[{"count":3,"href":"https:\/\/elregionalvm.com.ar\/noticias-villa-maria\/wp-json\/wp\/v2\/posts\/44112\/revisions"}],"predecessor-version":[{"id":44118,"href":"https:\/\/elregionalvm.com.ar\/noticias-villa-maria\/wp-json\/wp\/v2\/posts\/44112\/revisions\/44118"}],"wp:featuredmedia":[{"embeddable":true,"href":"https:\/\/elregionalvm.com.ar\/noticias-villa-maria\/wp-json\/wp\/v2\/media\/44117"}],"wp:attachment":[{"href":"https:\/\/elregionalvm.com.ar\/noticias-villa-maria\/wp-json\/wp\/v2\/media?parent=44112"}],"wp:term":[{"taxonomy":"category","embeddable":true,"href":"https:\/\/elregionalvm.com.ar\/noticias-villa-maria\/wp-json\/wp\/v2\/categories?post=44112"},{"taxonomy":"post_tag","embeddable":true,"href":"https:\/\/elregionalvm.com.ar\/noticias-villa-maria\/wp-json\/wp\/v2\/tags?post=44112"}],"curies":[{"name":"wp","href":"https:\/\/api.w.org\/{rel}","templated":true}]}}