{"id":44976,"date":"2021-09-20T00:54:24","date_gmt":"2021-09-20T00:54:24","guid":{"rendered":"https:\/\/elregionalvm.com.ar\/noticias-villa-maria\/?p=44976"},"modified":"2021-09-22T01:04:09","modified_gmt":"2021-09-22T01:04:09","slug":"cero-casos-de-covid-una-realidad-cada-vez-mas-frecuente-en-la-region","status":"publish","type":"post","link":"https:\/\/elregionalvm.com.ar\/noticias-villa-maria\/cero-casos-de-covid-una-realidad-cada-vez-mas-frecuente-en-la-region\/","title":{"rendered":"Cero casos de Covid: Una realidad cada vez m\u00e1s frecuente en la regi\u00f3n"},"content":{"rendered":"\n<p><\/p>\n\n\n\n<p>Las mejoras en la situaci\u00f3n sanitaria son evidentes. La reducci\u00f3n sostenida en la cantidad de nuevos casos positivos de Covid 19, una baja considerable en la cantidad de personas internadas, entre otros indicadores cient\u00edficos encienden la satisfacci\u00f3n por la evoluci\u00f3n de la pandemia.<\/p>\n\n\n\n<p>El proceso de vacunaci\u00f3n, intensificado en los \u00faltimos meses, m\u00e1s all\u00e1 de los cuidados o medidas de prevenci\u00f3n tomadas de manera individual o social, incidi\u00f3 para este presente m\u00e1s alentador.<\/p>\n\n\n\n<p>En este contexto de evoluci\u00f3n favorable sobresale un n\u00famero, el cero, y la alegr\u00eda con la que un grupo de municipios de la regi\u00f3n notifica la ausencia de nuevos casos o, incluso mejor, que ning\u00fan vecino se encuentra atravesando la enfermedad.<\/p>\n\n\n\n<p>Se trata de una realidad cada vez m\u00e1s frecuente en distintos puntos de nuestra regi\u00f3n. Situaci\u00f3n que es exaltada por intendentes y jefes comunales, pero tambi\u00e9n por autoridades y especialistas sanitarios.<\/p>\n\n\n\n<p>Es que estos guarismos vinculados con el n\u00famero cero revelan el arduo trabajo que vienen desarrollando los equipos de salud desde el comienzo mismo de la pandemia. Y luego de hacer frente a gran cantidad de casos positivos, muchos de los cuales fueron graves o terminaron con la muerte de pacientes, de vecinos, conocidos, familiares y hasta los propios compa\u00f1eros m\u00e9dicos y enfermeros.<\/p>\n\n\n\n<p><\/p>\n\n\n\n<figure class=\"wp-block-image size-full\"><img data-recalc-dims=\"1\" fetchpriority=\"high\" decoding=\"async\" width=\"1000\" height=\"636\" src=\"https:\/\/i0.wp.com\/elregionalvm.com.ar\/noticias-villa-maria\/wp-content\/uploads\/2021\/09\/Molle-cero-casos-1-1.jpg?resize=1000%2C636&#038;ssl=1\" alt=\"\" class=\"wp-image-44982\" srcset=\"https:\/\/i0.wp.com\/elregionalvm.com.ar\/noticias-villa-maria\/wp-content\/uploads\/2021\/09\/Molle-cero-casos-1-1.jpg?w=1000&amp;ssl=1 1000w, https:\/\/i0.wp.com\/elregionalvm.com.ar\/noticias-villa-maria\/wp-content\/uploads\/2021\/09\/Molle-cero-casos-1-1.jpg?resize=300%2C191&amp;ssl=1 300w, https:\/\/i0.wp.com\/elregionalvm.com.ar\/noticias-villa-maria\/wp-content\/uploads\/2021\/09\/Molle-cero-casos-1-1.jpg?resize=768%2C488&amp;ssl=1 768w\" sizes=\"(max-width: 1000px) 100vw, 1000px\" \/><figcaption><em>Pozo del Molle, uno de los municipios que celebr\u00f3 la ausencia de casos positivos. <\/em><\/figcaption><\/figure>\n\n\n\n<p><\/p>\n\n\n\n<p><strong>Cero casos<\/strong><\/p>\n\n\n\n<p>La Carlota, Justiniano Posse, Chaz\u00f3n, Hernando, Pasco, Pozo del Molle, entre tantos otros informaron con ganas la ausencia de casos activos o nuevos positivos.<\/p>\n\n\n\n<p>Las redes sociales sirvieron como caja de resonancia de esta alegr\u00eda compartida por m\u00e9dicos, funcionarios y vecinos.<\/p>\n\n\n\n<p>El 14 de septiembre, en Pozo del Molle, por caso, desde el Hospital Municipal Dr. Ra\u00fal Dobric a cargo del doctor Manuel Roland, celebraron la novedad, pero tambi\u00e9n recomendaron continuar con las medidas de prevenci\u00f3n.<\/p>\n\n\n\n<p>En Monte Buey, el 18 de este mes, el municipio report\u00f3 cero casos con el mensaje \u201cUn gran logro, sigamos cuid\u00e1ndonos\u201d.<\/p>\n\n\n\n<p>Unos d\u00edas antes, el gobierno local de Justiniano Posse se pronunciaba en el mismo sentido. \u201cEn el d\u00eda de hoy, gracias al cuidado de todos los possenses y al trabajo de detecci\u00f3n y prevenci\u00f3n, podemos informar que NO hay casos activos de COVID-19, Pero&#8230; \u00a1a no relajarnos!\u201d.<\/p>\n\n\n\n<p><\/p>\n\n\n\n<figure class=\"wp-block-gallery columns-2 is-cropped wp-block-gallery-1 is-layout-flex wp-block-gallery-is-layout-flex\"><ul class=\"blocks-gallery-grid\"><li class=\"blocks-gallery-item\"><figure><img data-recalc-dims=\"1\" decoding=\"async\" width=\"1024\" height=\"1024\" src=\"https:\/\/i0.wp.com\/elregionalvm.com.ar\/noticias-villa-maria\/wp-content\/uploads\/2021\/09\/WhatsApp-Image-2021-09-18-at-11.13.29-AM-1.jpeg?resize=1024%2C1024&#038;ssl=1\" alt=\"\" data-id=\"44977\" data-link=\"https:\/\/elregionalvm.com.ar\/noticias-villa-maria\/?attachment_id=44977\" class=\"wp-image-44977\" srcset=\"https:\/\/i0.wp.com\/elregionalvm.com.ar\/noticias-villa-maria\/wp-content\/uploads\/2021\/09\/WhatsApp-Image-2021-09-18-at-11.13.29-AM-1.jpeg?resize=1024%2C1024&amp;ssl=1 1024w, https:\/\/i0.wp.com\/elregionalvm.com.ar\/noticias-villa-maria\/wp-content\/uploads\/2021\/09\/WhatsApp-Image-2021-09-18-at-11.13.29-AM-1.jpeg?resize=300%2C300&amp;ssl=1 300w, https:\/\/i0.wp.com\/elregionalvm.com.ar\/noticias-villa-maria\/wp-content\/uploads\/2021\/09\/WhatsApp-Image-2021-09-18-at-11.13.29-AM-1.jpeg?resize=768%2C768&amp;ssl=1 768w, https:\/\/i0.wp.com\/elregionalvm.com.ar\/noticias-villa-maria\/wp-content\/uploads\/2021\/09\/WhatsApp-Image-2021-09-18-at-11.13.29-AM-1.jpeg?w=1280&amp;ssl=1 1280w\" sizes=\"(max-width: 1000px) 100vw, 1000px\" \/><\/figure><\/li><li class=\"blocks-gallery-item\"><figure><img data-recalc-dims=\"1\" decoding=\"async\" width=\"1024\" height=\"1024\" src=\"https:\/\/i0.wp.com\/elregionalvm.com.ar\/noticias-villa-maria\/wp-content\/uploads\/2021\/09\/WhatsApp-Image-2021-09-13-at-3.47.17-PM.jpeg?resize=1024%2C1024&#038;ssl=1\" alt=\"\" data-id=\"44978\" data-full-url=\"https:\/\/elregionalvm.com.ar\/noticias-villa-maria\/wp-content\/uploads\/2021\/09\/WhatsApp-Image-2021-09-13-at-3.47.17-PM.jpeg\" data-link=\"https:\/\/elregionalvm.com.ar\/noticias-villa-maria\/?attachment_id=44978\" class=\"wp-image-44978\" srcset=\"https:\/\/i0.wp.com\/elregionalvm.com.ar\/noticias-villa-maria\/wp-content\/uploads\/2021\/09\/WhatsApp-Image-2021-09-13-at-3.47.17-PM.jpeg?resize=1024%2C1024&amp;ssl=1 1024w, https:\/\/i0.wp.com\/elregionalvm.com.ar\/noticias-villa-maria\/wp-content\/uploads\/2021\/09\/WhatsApp-Image-2021-09-13-at-3.47.17-PM.jpeg?resize=300%2C300&amp;ssl=1 300w, https:\/\/i0.wp.com\/elregionalvm.com.ar\/noticias-villa-maria\/wp-content\/uploads\/2021\/09\/WhatsApp-Image-2021-09-13-at-3.47.17-PM.jpeg?resize=768%2C768&amp;ssl=1 768w, https:\/\/i0.wp.com\/elregionalvm.com.ar\/noticias-villa-maria\/wp-content\/uploads\/2021\/09\/WhatsApp-Image-2021-09-13-at-3.47.17-PM.jpeg?resize=1536%2C1536&amp;ssl=1 1536w, https:\/\/i0.wp.com\/elregionalvm.com.ar\/noticias-villa-maria\/wp-content\/uploads\/2021\/09\/WhatsApp-Image-2021-09-13-at-3.47.17-PM.jpeg?w=1600&amp;ssl=1 1600w\" sizes=\"(max-width: 1000px) 100vw, 1000px\" \/><\/figure><\/li><\/ul><figcaption class=\"blocks-gallery-caption\"><em>Monte Buey y Justiniano Posse, dos ejemplos de c\u00f3mo se anunci\u00f3 la ausencia de casos de Covid. <\/em><\/figcaption><\/figure>\n\n\n\n<p><\/p>\n\n\n\n<p><\/p>\n\n\n\n<p>Otro caso es el de Chaz\u00f3n, donde seg\u00fan la informaci\u00f3n oficial no hay nuevos casos positivos ni activos desde el pasado 9 de agosto. Esto representa casi un mes y medio con una situaci\u00f3n controlada.<\/p>\n\n\n\n<p><\/p>\n\n\n\n<figure class=\"wp-block-image size-full\"><img data-recalc-dims=\"1\" loading=\"lazy\" decoding=\"async\" width=\"940\" height=\"788\" src=\"https:\/\/i0.wp.com\/elregionalvm.com.ar\/noticias-villa-maria\/wp-content\/uploads\/2021\/09\/Chazon-estadisticas-covid-de-agosto.jpg?resize=940%2C788&#038;ssl=1\" alt=\"\" class=\"wp-image-44979\" srcset=\"https:\/\/i0.wp.com\/elregionalvm.com.ar\/noticias-villa-maria\/wp-content\/uploads\/2021\/09\/Chazon-estadisticas-covid-de-agosto.jpg?w=940&amp;ssl=1 940w, https:\/\/i0.wp.com\/elregionalvm.com.ar\/noticias-villa-maria\/wp-content\/uploads\/2021\/09\/Chazon-estadisticas-covid-de-agosto.jpg?resize=300%2C251&amp;ssl=1 300w, https:\/\/i0.wp.com\/elregionalvm.com.ar\/noticias-villa-maria\/wp-content\/uploads\/2021\/09\/Chazon-estadisticas-covid-de-agosto.jpg?resize=768%2C644&amp;ssl=1 768w\" sizes=\"(max-width: 940px) 100vw, 940px\" \/><figcaption><em>Desde el pasado 9 de agosto, Chaz\u00f3n presenta cero casos positivos. <\/em><\/figcaption><\/figure>\n\n\n\n<p><\/p>\n\n\n\n<p>Por supuesto, los cero casos se repiten en muchas otras localidades. Esto es solo un repaso por algunos de los sitios donde comenz\u00f3 a crecer la esperanza ante la ausencia de nuevos casos.<\/p>\n\n\n\n<p>Una situaci\u00f3n que permite desarrollar una mirada optimista sobre lo que vendr\u00e1, pero que tambi\u00e9n obliga a tomar mayores recaudos y a no bajar la guardia.<\/p>\n\n\n\n<p><strong>Villa Mar\u00eda y Villa Nueva<\/strong><\/p>\n\n\n\n<p>Aunque no han sido ba\u00f1adas a\u00fan con la realidad de cero casos, ambas ciudades presentan una tendencia similar al resto de las localidades. La baja en el n\u00famero de casos es notoria desde hace algunas semanas.<\/p>\n\n\n\n<p>Por ejemplo, en las \u00faltimas horas los nuevos casos notificados no superan la decena. Situaci\u00f3n que se reitera en las \u00faltimas jornadas. Este domingo, Villa Mar\u00eda registr\u00f3 tres nuevos casos, mientras que Villa Nueva, solo uno. <\/p>\n\n\n\n<p>Claro que a\u00fan resta dar de alta a varios pacientes que se encuentran atravesando la enfermedad.<\/p>\n","protected":false},"excerpt":{"rendered":"<p>Las mejoras en la situaci\u00f3n sanitaria son evidentes. La reducci\u00f3n sostenida en la cantidad de nuevos casos positivos de Covid 19, una baja considerable en la cantidad de personas internadas, entre otros indicadores cient\u00edficos encienden la satisfacci\u00f3n por la evoluci\u00f3n de la pandemia. El proceso de vacunaci\u00f3n, intensificado en los \u00faltimos meses, m\u00e1s all\u00e1 de [&hellip;]<\/p>\n","protected":false},"author":4,"featured_media":44980,"comment_status":"open","ping_status":"open","sticky":false,"template":"","format":"standard","meta":{"site-sidebar-layout":"default","site-content-layout":"default","ast-site-content-layout":"default","site-content-style":"default","site-sidebar-style":"default","ast-global-header-display":"","ast-banner-title-visibility":"","ast-main-header-display":"","ast-hfb-above-header-display":"","ast-hfb-below-header-display":"","ast-hfb-mobile-header-display":"","site-post-title":"","ast-breadcrumbs-content":"","ast-featured-img":"","footer-sml-layout":"","ast-disable-related-posts":"","theme-transparent-header-meta":"default","adv-header-id-meta":"","stick-header-meta":"","header-above-stick-meta":"","header-main-stick-meta":"","header-below-stick-meta":"","astra-migrate-meta-layouts":"default","ast-page-background-enabled":"default","ast-page-background-meta":{"desktop":{"background-color":"","background-image":"","background-repeat":"repeat","background-position":"center center","background-size":"auto","background-attachment":"scroll","background-type":"","background-media":"","overlay-type":"","overlay-color":"","overlay-opacity":"","overlay-gradient":""},"tablet":{"background-color":"","background-image":"","background-repeat":"repeat","background-position":"center center","background-size":"auto","background-attachment":"scroll","background-type":"","background-media":"","overlay-type":"","overlay-color":"","overlay-opacity":"","overlay-gradient":""},"mobile":{"background-color":"","background-image":"","background-repeat":"repeat","background-position":"center center","background-size":"auto","background-attachment":"scroll","background-type":"","background-media":"","overlay-type":"","overlay-color":"","overlay-opacity":"","overlay-gradient":""}},"ast-content-background-meta":{"desktop":{"background-color":"var(--ast-global-color-5)","background-image":"","background-repeat":"repeat","background-position":"center center","background-size":"auto","background-attachment":"scroll","background-type":"","background-media":"","overlay-type":"","overlay-color":"","overlay-opacity":"","overlay-gradient":""},"tablet":{"background-color":"var(--ast-global-color-5)","background-image":"","background-repeat":"repeat","background-position":"center center","background-size":"auto","background-attachment":"scroll","background-type":"","background-media":"","overlay-type":"","overlay-color":"","overlay-opacity":"","overlay-gradient":""},"mobile":{"background-color":"var(--ast-global-color-5)","background-image":"","background-repeat":"repeat","background-position":"center center","background-size":"auto","background-attachment":"scroll","background-type":"","background-media":"","overlay-type":"","overlay-color":"","overlay-opacity":"","overlay-gradient":""}},"_jetpack_memberships_contains_paid_content":false,"_joinchat":[],"footnotes":""},"categories":[2256,2091,3557],"tags":[11235,2865,3042,1998,2651,1459],"class_list":["post-44976","post","type-post","status-publish","format-standard","has-post-thumbnail","hentry","category-coronavirus","category-region","category-tercera","tag-cero-casos","tag-covid-19-2","tag-medidas-sanitarias","tag-pandemia","tag-prevencion","tag-region"],"yoast_head":"<!-- This site is optimized with the Yoast SEO plugin v26.8 - https:\/\/yoast.com\/product\/yoast-seo-wordpress\/ -->\n<title>Cero casos de Covid: Una realidad cada vez m\u00e1s frecuente en la regi\u00f3n - El Regional<\/title>\n<meta name=\"description\" content=\"Se trata de una realidad cada vez m\u00e1s frecuente en distintos puntos de nuestra regi\u00f3n. Situaci\u00f3n que es exaltada por intendentes.\" \/>\n<meta name=\"robots\" content=\"index, follow, max-snippet:-1, max-image-preview:large, max-video-preview:-1\" \/>\n<link rel=\"canonical\" href=\"http:\/\/elregionalvm.com.ar\/noticias-villa-maria\/cero-casos-de-covid-una-realidad-cada-vez-mas-frecuente-en-la-region\/\" \/>\n<meta property=\"og:locale\" content=\"es_ES\" \/>\n<meta property=\"og:type\" content=\"article\" \/>\n<meta property=\"og:title\" content=\"Cero casos de Covid: Una realidad cada vez m\u00e1s frecuente en la regi\u00f3n - El Regional\" \/>\n<meta property=\"og:description\" content=\"Se trata de una realidad cada vez m\u00e1s frecuente en distintos puntos de nuestra regi\u00f3n. Situaci\u00f3n que es exaltada por intendentes.\" \/>\n<meta property=\"og:url\" content=\"http:\/\/elregionalvm.com.ar\/noticias-villa-maria\/cero-casos-de-covid-una-realidad-cada-vez-mas-frecuente-en-la-region\/\" \/>\n<meta property=\"og:site_name\" content=\"El Regional\" \/>\n<meta property=\"article:publisher\" content=\"https:\/\/www.facebook.com\/elregionalvm\" \/>\n<meta property=\"article:published_time\" content=\"2021-09-20T00:54:24+00:00\" \/>\n<meta property=\"article:modified_time\" content=\"2021-09-22T01:04:09+00:00\" \/>\n<meta property=\"og:image\" content=\"http:\/\/elregionalvm.com.ar\/noticias-villa-maria\/wp-content\/uploads\/2021\/09\/Molle-caso-cero-Covid.jpg\" \/>\n\t<meta property=\"og:image:width\" content=\"750\" \/>\n\t<meta property=\"og:image:height\" content=\"1000\" \/>\n\t<meta property=\"og:image:type\" content=\"image\/jpeg\" \/>\n<meta name=\"author\" content=\"Contenidos El Regional\" \/>\n<meta name=\"twitter:card\" content=\"summary_large_image\" \/>\n<meta name=\"twitter:creator\" content=\"@elregionalvm1\" \/>\n<meta name=\"twitter:site\" content=\"@elregionalvm1\" \/>\n<meta name=\"twitter:label1\" content=\"Escrito por\" \/>\n\t<meta name=\"twitter:data1\" content=\"Contenidos El Regional\" \/>\n\t<meta name=\"twitter:label2\" content=\"Tiempo de lectura\" \/>\n\t<meta name=\"twitter:data2\" content=\"4 minutos\" \/>\n<script type=\"application\/ld+json\" class=\"yoast-schema-graph\">{\"@context\":\"https:\/\/schema.org\",\"@graph\":[{\"@type\":\"Article\",\"@id\":\"http:\/\/elregionalvm.com.ar\/noticias-villa-maria\/cero-casos-de-covid-una-realidad-cada-vez-mas-frecuente-en-la-region\/#article\",\"isPartOf\":{\"@id\":\"http:\/\/elregionalvm.com.ar\/noticias-villa-maria\/cero-casos-de-covid-una-realidad-cada-vez-mas-frecuente-en-la-region\/\"},\"author\":{\"name\":\"Contenidos El Regional\",\"@id\":\"http:\/\/elregionalvm.com.ar\/noticias-villa-maria\/#\/schema\/person\/a0fb9c422317faca23d50163151bc354\"},\"headline\":\"Cero casos de Covid: Una realidad cada vez m\u00e1s frecuente en la regi\u00f3n\",\"datePublished\":\"2021-09-20T00:54:24+00:00\",\"dateModified\":\"2021-09-22T01:04:09+00:00\",\"mainEntityOfPage\":{\"@id\":\"http:\/\/elregionalvm.com.ar\/noticias-villa-maria\/cero-casos-de-covid-una-realidad-cada-vez-mas-frecuente-en-la-region\/\"},\"wordCount\":640,\"commentCount\":0,\"image\":{\"@id\":\"http:\/\/elregionalvm.com.ar\/noticias-villa-maria\/cero-casos-de-covid-una-realidad-cada-vez-mas-frecuente-en-la-region\/#primaryimage\"},\"thumbnailUrl\":\"https:\/\/i0.wp.com\/elregionalvm.com.ar\/noticias-villa-maria\/wp-content\/uploads\/2021\/09\/Molle-caso-cero-Covid.jpg?fit=750%2C1000&ssl=1\",\"keywords\":[\"Cero casos\",\"Covid 19\",\"Medidas sanitarias\",\"pandemia\",\"prevenci\u00f3n\",\"Regi\u00f3n\"],\"articleSection\":[\"Coronavirus\",\"Regi\u00f3n\",\"tercera\"],\"inLanguage\":\"es\",\"potentialAction\":[{\"@type\":\"CommentAction\",\"name\":\"Comment\",\"target\":[\"http:\/\/elregionalvm.com.ar\/noticias-villa-maria\/cero-casos-de-covid-una-realidad-cada-vez-mas-frecuente-en-la-region\/#respond\"]}]},{\"@type\":\"WebPage\",\"@id\":\"http:\/\/elregionalvm.com.ar\/noticias-villa-maria\/cero-casos-de-covid-una-realidad-cada-vez-mas-frecuente-en-la-region\/\",\"url\":\"http:\/\/elregionalvm.com.ar\/noticias-villa-maria\/cero-casos-de-covid-una-realidad-cada-vez-mas-frecuente-en-la-region\/\",\"name\":\"Cero casos de Covid: Una realidad cada vez m\u00e1s frecuente en la regi\u00f3n - El Regional\",\"isPartOf\":{\"@id\":\"http:\/\/elregionalvm.com.ar\/noticias-villa-maria\/#website\"},\"primaryImageOfPage\":{\"@id\":\"http:\/\/elregionalvm.com.ar\/noticias-villa-maria\/cero-casos-de-covid-una-realidad-cada-vez-mas-frecuente-en-la-region\/#primaryimage\"},\"image\":{\"@id\":\"http:\/\/elregionalvm.com.ar\/noticias-villa-maria\/cero-casos-de-covid-una-realidad-cada-vez-mas-frecuente-en-la-region\/#primaryimage\"},\"thumbnailUrl\":\"https:\/\/i0.wp.com\/elregionalvm.com.ar\/noticias-villa-maria\/wp-content\/uploads\/2021\/09\/Molle-caso-cero-Covid.jpg?fit=750%2C1000&ssl=1\",\"datePublished\":\"2021-09-20T00:54:24+00:00\",\"dateModified\":\"2021-09-22T01:04:09+00:00\",\"author\":{\"@id\":\"http:\/\/elregionalvm.com.ar\/noticias-villa-maria\/#\/schema\/person\/a0fb9c422317faca23d50163151bc354\"},\"description\":\"Se trata de una realidad cada vez m\u00e1s frecuente en distintos puntos de nuestra regi\u00f3n. Situaci\u00f3n que es exaltada por intendentes.\",\"breadcrumb\":{\"@id\":\"http:\/\/elregionalvm.com.ar\/noticias-villa-maria\/cero-casos-de-covid-una-realidad-cada-vez-mas-frecuente-en-la-region\/#breadcrumb\"},\"inLanguage\":\"es\",\"potentialAction\":[{\"@type\":\"ReadAction\",\"target\":[\"http:\/\/elregionalvm.com.ar\/noticias-villa-maria\/cero-casos-de-covid-una-realidad-cada-vez-mas-frecuente-en-la-region\/\"]}]},{\"@type\":\"ImageObject\",\"inLanguage\":\"es\",\"@id\":\"http:\/\/elregionalvm.com.ar\/noticias-villa-maria\/cero-casos-de-covid-una-realidad-cada-vez-mas-frecuente-en-la-region\/#primaryimage\",\"url\":\"https:\/\/i0.wp.com\/elregionalvm.com.ar\/noticias-villa-maria\/wp-content\/uploads\/2021\/09\/Molle-caso-cero-Covid.jpg?fit=750%2C1000&ssl=1\",\"contentUrl\":\"https:\/\/i0.wp.com\/elregionalvm.com.ar\/noticias-villa-maria\/wp-content\/uploads\/2021\/09\/Molle-caso-cero-Covid.jpg?fit=750%2C1000&ssl=1\",\"width\":750,\"height\":1000},{\"@type\":\"BreadcrumbList\",\"@id\":\"http:\/\/elregionalvm.com.ar\/noticias-villa-maria\/cero-casos-de-covid-una-realidad-cada-vez-mas-frecuente-en-la-region\/#breadcrumb\",\"itemListElement\":[{\"@type\":\"ListItem\",\"position\":1,\"name\":\"Portada\",\"item\":\"https:\/\/elregionalvm.com.ar\/noticias-villa-maria\/\"},{\"@type\":\"ListItem\",\"position\":2,\"name\":\"Cero casos de Covid: Una realidad cada vez m\u00e1s frecuente en la regi\u00f3n\"}]},{\"@type\":\"WebSite\",\"@id\":\"http:\/\/elregionalvm.com.ar\/noticias-villa-maria\/#website\",\"url\":\"http:\/\/elregionalvm.com.ar\/noticias-villa-maria\/\",\"name\":\"El Regional\",\"description\":\"Mucho m\u00e1s que informaci\u00f3n\",\"potentialAction\":[{\"@type\":\"SearchAction\",\"target\":{\"@type\":\"EntryPoint\",\"urlTemplate\":\"http:\/\/elregionalvm.com.ar\/noticias-villa-maria\/?s={search_term_string}\"},\"query-input\":{\"@type\":\"PropertyValueSpecification\",\"valueRequired\":true,\"valueName\":\"search_term_string\"}}],\"inLanguage\":\"es\"},{\"@type\":\"Person\",\"@id\":\"http:\/\/elregionalvm.com.ar\/noticias-villa-maria\/#\/schema\/person\/a0fb9c422317faca23d50163151bc354\",\"name\":\"Contenidos El Regional\",\"image\":{\"@type\":\"ImageObject\",\"inLanguage\":\"es\",\"@id\":\"http:\/\/elregionalvm.com.ar\/noticias-villa-maria\/#\/schema\/person\/image\/\",\"url\":\"https:\/\/secure.gravatar.com\/avatar\/265b27cb2209af7bb3a1318f03305787d7981a5cc6e6cd08fe5a4ecdf99d4b48?s=96&d=mm&r=g\",\"contentUrl\":\"https:\/\/secure.gravatar.com\/avatar\/265b27cb2209af7bb3a1318f03305787d7981a5cc6e6cd08fe5a4ecdf99d4b48?s=96&d=mm&r=g\",\"caption\":\"Contenidos El Regional\"},\"url\":\"https:\/\/elregionalvm.com.ar\/noticias-villa-maria\/author\/contenido\/\"}]}<\/script>\n<!-- \/ Yoast SEO plugin. -->","yoast_head_json":{"title":"Cero casos de Covid: Una realidad cada vez m\u00e1s frecuente en la regi\u00f3n - El Regional","description":"Se trata de una realidad cada vez m\u00e1s frecuente en distintos puntos de nuestra regi\u00f3n. Situaci\u00f3n que es exaltada por intendentes.","robots":{"index":"index","follow":"follow","max-snippet":"max-snippet:-1","max-image-preview":"max-image-preview:large","max-video-preview":"max-video-preview:-1"},"canonical":"http:\/\/elregionalvm.com.ar\/noticias-villa-maria\/cero-casos-de-covid-una-realidad-cada-vez-mas-frecuente-en-la-region\/","og_locale":"es_ES","og_type":"article","og_title":"Cero casos de Covid: Una realidad cada vez m\u00e1s frecuente en la regi\u00f3n - El Regional","og_description":"Se trata de una realidad cada vez m\u00e1s frecuente en distintos puntos de nuestra regi\u00f3n. Situaci\u00f3n que es exaltada por intendentes.","og_url":"http:\/\/elregionalvm.com.ar\/noticias-villa-maria\/cero-casos-de-covid-una-realidad-cada-vez-mas-frecuente-en-la-region\/","og_site_name":"El Regional","article_publisher":"https:\/\/www.facebook.com\/elregionalvm","article_published_time":"2021-09-20T00:54:24+00:00","article_modified_time":"2021-09-22T01:04:09+00:00","og_image":[{"width":750,"height":1000,"url":"http:\/\/elregionalvm.com.ar\/noticias-villa-maria\/wp-content\/uploads\/2021\/09\/Molle-caso-cero-Covid.jpg","type":"image\/jpeg"}],"author":"Contenidos El Regional","twitter_card":"summary_large_image","twitter_creator":"@elregionalvm1","twitter_site":"@elregionalvm1","twitter_misc":{"Escrito por":"Contenidos El Regional","Tiempo de lectura":"4 minutos"},"schema":{"@context":"https:\/\/schema.org","@graph":[{"@type":"Article","@id":"http:\/\/elregionalvm.com.ar\/noticias-villa-maria\/cero-casos-de-covid-una-realidad-cada-vez-mas-frecuente-en-la-region\/#article","isPartOf":{"@id":"http:\/\/elregionalvm.com.ar\/noticias-villa-maria\/cero-casos-de-covid-una-realidad-cada-vez-mas-frecuente-en-la-region\/"},"author":{"name":"Contenidos El Regional","@id":"http:\/\/elregionalvm.com.ar\/noticias-villa-maria\/#\/schema\/person\/a0fb9c422317faca23d50163151bc354"},"headline":"Cero casos de Covid: Una realidad cada vez m\u00e1s frecuente en la regi\u00f3n","datePublished":"2021-09-20T00:54:24+00:00","dateModified":"2021-09-22T01:04:09+00:00","mainEntityOfPage":{"@id":"http:\/\/elregionalvm.com.ar\/noticias-villa-maria\/cero-casos-de-covid-una-realidad-cada-vez-mas-frecuente-en-la-region\/"},"wordCount":640,"commentCount":0,"image":{"@id":"http:\/\/elregionalvm.com.ar\/noticias-villa-maria\/cero-casos-de-covid-una-realidad-cada-vez-mas-frecuente-en-la-region\/#primaryimage"},"thumbnailUrl":"https:\/\/i0.wp.com\/elregionalvm.com.ar\/noticias-villa-maria\/wp-content\/uploads\/2021\/09\/Molle-caso-cero-Covid.jpg?fit=750%2C1000&ssl=1","keywords":["Cero casos","Covid 19","Medidas sanitarias","pandemia","prevenci\u00f3n","Regi\u00f3n"],"articleSection":["Coronavirus","Regi\u00f3n","tercera"],"inLanguage":"es","potentialAction":[{"@type":"CommentAction","name":"Comment","target":["http:\/\/elregionalvm.com.ar\/noticias-villa-maria\/cero-casos-de-covid-una-realidad-cada-vez-mas-frecuente-en-la-region\/#respond"]}]},{"@type":"WebPage","@id":"http:\/\/elregionalvm.com.ar\/noticias-villa-maria\/cero-casos-de-covid-una-realidad-cada-vez-mas-frecuente-en-la-region\/","url":"http:\/\/elregionalvm.com.ar\/noticias-villa-maria\/cero-casos-de-covid-una-realidad-cada-vez-mas-frecuente-en-la-region\/","name":"Cero casos de Covid: Una realidad cada vez m\u00e1s frecuente en la regi\u00f3n - El Regional","isPartOf":{"@id":"http:\/\/elregionalvm.com.ar\/noticias-villa-maria\/#website"},"primaryImageOfPage":{"@id":"http:\/\/elregionalvm.com.ar\/noticias-villa-maria\/cero-casos-de-covid-una-realidad-cada-vez-mas-frecuente-en-la-region\/#primaryimage"},"image":{"@id":"http:\/\/elregionalvm.com.ar\/noticias-villa-maria\/cero-casos-de-covid-una-realidad-cada-vez-mas-frecuente-en-la-region\/#primaryimage"},"thumbnailUrl":"https:\/\/i0.wp.com\/elregionalvm.com.ar\/noticias-villa-maria\/wp-content\/uploads\/2021\/09\/Molle-caso-cero-Covid.jpg?fit=750%2C1000&ssl=1","datePublished":"2021-09-20T00:54:24+00:00","dateModified":"2021-09-22T01:04:09+00:00","author":{"@id":"http:\/\/elregionalvm.com.ar\/noticias-villa-maria\/#\/schema\/person\/a0fb9c422317faca23d50163151bc354"},"description":"Se trata de una realidad cada vez m\u00e1s frecuente en distintos puntos de nuestra regi\u00f3n. Situaci\u00f3n que es exaltada por intendentes.","breadcrumb":{"@id":"http:\/\/elregionalvm.com.ar\/noticias-villa-maria\/cero-casos-de-covid-una-realidad-cada-vez-mas-frecuente-en-la-region\/#breadcrumb"},"inLanguage":"es","potentialAction":[{"@type":"ReadAction","target":["http:\/\/elregionalvm.com.ar\/noticias-villa-maria\/cero-casos-de-covid-una-realidad-cada-vez-mas-frecuente-en-la-region\/"]}]},{"@type":"ImageObject","inLanguage":"es","@id":"http:\/\/elregionalvm.com.ar\/noticias-villa-maria\/cero-casos-de-covid-una-realidad-cada-vez-mas-frecuente-en-la-region\/#primaryimage","url":"https:\/\/i0.wp.com\/elregionalvm.com.ar\/noticias-villa-maria\/wp-content\/uploads\/2021\/09\/Molle-caso-cero-Covid.jpg?fit=750%2C1000&ssl=1","contentUrl":"https:\/\/i0.wp.com\/elregionalvm.com.ar\/noticias-villa-maria\/wp-content\/uploads\/2021\/09\/Molle-caso-cero-Covid.jpg?fit=750%2C1000&ssl=1","width":750,"height":1000},{"@type":"BreadcrumbList","@id":"http:\/\/elregionalvm.com.ar\/noticias-villa-maria\/cero-casos-de-covid-una-realidad-cada-vez-mas-frecuente-en-la-region\/#breadcrumb","itemListElement":[{"@type":"ListItem","position":1,"name":"Portada","item":"https:\/\/elregionalvm.com.ar\/noticias-villa-maria\/"},{"@type":"ListItem","position":2,"name":"Cero casos de Covid: Una realidad cada vez m\u00e1s frecuente en la regi\u00f3n"}]},{"@type":"WebSite","@id":"http:\/\/elregionalvm.com.ar\/noticias-villa-maria\/#website","url":"http:\/\/elregionalvm.com.ar\/noticias-villa-maria\/","name":"El Regional","description":"Mucho m\u00e1s que informaci\u00f3n","potentialAction":[{"@type":"SearchAction","target":{"@type":"EntryPoint","urlTemplate":"http:\/\/elregionalvm.com.ar\/noticias-villa-maria\/?s={search_term_string}"},"query-input":{"@type":"PropertyValueSpecification","valueRequired":true,"valueName":"search_term_string"}}],"inLanguage":"es"},{"@type":"Person","@id":"http:\/\/elregionalvm.com.ar\/noticias-villa-maria\/#\/schema\/person\/a0fb9c422317faca23d50163151bc354","name":"Contenidos El Regional","image":{"@type":"ImageObject","inLanguage":"es","@id":"http:\/\/elregionalvm.com.ar\/noticias-villa-maria\/#\/schema\/person\/image\/","url":"https:\/\/secure.gravatar.com\/avatar\/265b27cb2209af7bb3a1318f03305787d7981a5cc6e6cd08fe5a4ecdf99d4b48?s=96&d=mm&r=g","contentUrl":"https:\/\/secure.gravatar.com\/avatar\/265b27cb2209af7bb3a1318f03305787d7981a5cc6e6cd08fe5a4ecdf99d4b48?s=96&d=mm&r=g","caption":"Contenidos El Regional"},"url":"https:\/\/elregionalvm.com.ar\/noticias-villa-maria\/author\/contenido\/"}]}},"jetpack_featured_media_url":"https:\/\/i0.wp.com\/elregionalvm.com.ar\/noticias-villa-maria\/wp-content\/uploads\/2021\/09\/Molle-caso-cero-Covid.jpg?fit=750%2C1000&ssl=1","jetpack_sharing_enabled":true,"_links":{"self":[{"href":"https:\/\/elregionalvm.com.ar\/noticias-villa-maria\/wp-json\/wp\/v2\/posts\/44976","targetHints":{"allow":["GET"]}}],"collection":[{"href":"https:\/\/elregionalvm.com.ar\/noticias-villa-maria\/wp-json\/wp\/v2\/posts"}],"about":[{"href":"https:\/\/elregionalvm.com.ar\/noticias-villa-maria\/wp-json\/wp\/v2\/types\/post"}],"author":[{"embeddable":true,"href":"https:\/\/elregionalvm.com.ar\/noticias-villa-maria\/wp-json\/wp\/v2\/users\/4"}],"replies":[{"embeddable":true,"href":"https:\/\/elregionalvm.com.ar\/noticias-villa-maria\/wp-json\/wp\/v2\/comments?post=44976"}],"version-history":[{"count":1,"href":"https:\/\/elregionalvm.com.ar\/noticias-villa-maria\/wp-json\/wp\/v2\/posts\/44976\/revisions"}],"predecessor-version":[{"id":44983,"href":"https:\/\/elregionalvm.com.ar\/noticias-villa-maria\/wp-json\/wp\/v2\/posts\/44976\/revisions\/44983"}],"wp:featuredmedia":[{"embeddable":true,"href":"https:\/\/elregionalvm.com.ar\/noticias-villa-maria\/wp-json\/wp\/v2\/media\/44980"}],"wp:attachment":[{"href":"https:\/\/elregionalvm.com.ar\/noticias-villa-maria\/wp-json\/wp\/v2\/media?parent=44976"}],"wp:term":[{"taxonomy":"category","embeddable":true,"href":"https:\/\/elregionalvm.com.ar\/noticias-villa-maria\/wp-json\/wp\/v2\/categories?post=44976"},{"taxonomy":"post_tag","embeddable":true,"href":"https:\/\/elregionalvm.com.ar\/noticias-villa-maria\/wp-json\/wp\/v2\/tags?post=44976"}],"curies":[{"name":"wp","href":"https:\/\/api.w.org\/{rel}","templated":true}]}}