{"id":45003,"date":"2021-09-20T21:48:36","date_gmt":"2021-09-20T21:48:36","guid":{"rendered":"https:\/\/elregionalvm.com.ar\/noticias-villa-maria\/?p=45003"},"modified":"2021-09-20T21:48:38","modified_gmt":"2021-09-20T21:48:38","slug":"piden-explicaciones-por-la-desvinculacion-abrupta-y-unilateral-del-dr-marcos-dubois-del-municipio-villamariense","status":"publish","type":"post","link":"https:\/\/elregionalvm.com.ar\/noticias-villa-maria\/piden-explicaciones-por-la-desvinculacion-abrupta-y-unilateral-del-dr-marcos-dubois-del-municipio-villamariense\/","title":{"rendered":"Piden explicaciones por la desvinculaci\u00f3n \u00ababrupta y unilateral\u00bb del Dr. Marcos Dubois del municipio villamariense"},"content":{"rendered":"\n<p>Desde el Bloque Vamos Villa Mar\u00eda dieron a conocer  un pedido que se ha efectuado en virtud del apartamiento del Dr. Marcos Dubois del cargo que ejerc\u00eda dentro del municipio. Todo se deber\u00eda a que  el Dr. Dubois particip\u00f3 en las PASO, como fiscal partidario por la alianza \u201cJuntos por el Cambio\u201d en el establecimiento educativo \u201cLa Sant\u00edsima Trinidad\u201d. <\/p>\n\n\n\n<p>El pedido de informes completo de la oposici\u00f3n es el siguiente:<\/p>\n\n\n\n<p>Sr. Secretario de Gobierno, Seguridad Villa Mar\u00eda<br>Ciudadana y Asuntos Legales 20 de Septiembre de 2021<br>Eduardo Rodr\u00edguez<br>&#8212;&#8212;&#8212;&#8212;&#8212;&#8212;&#8212;&#8212;-S\/D&#8212;&#8212;&#8212;&#8212;&#8212;&#8212;&#8212;&#8212;&#8212;&#8211;<br>Mediante la presente y en uso de las facultades que nos concede el art\u00edculo 106 de<br>nuestra Carta Org\u00e1nica Municipal nos dirigimos a Ud. a los fines de solicitar informaci\u00f3n<br>respectiva a la finalizaci\u00f3n abrupta y unilateral por parte de la Municipalidad de Villa Mar\u00eda<br>del v\u00ednculo laboral que ligaba al m\u00e9dico Dr. Marcos Dubois con la misma, finalizaci\u00f3n que<br>creemos pudo deberse a cuestiones de \u00edndole pol\u00edtica, configur\u00e1ndose una discriminaci\u00f3n<br>en virtud de ideas partidarias.<\/p>\n\n\n\n<p>El Dr. Marcos Dubois, prestigioso m\u00e9dico laboralista (especialidad que cuenta con<br>escasos profesionales en el \u00e1mbito local), comenz\u00f3 su relaci\u00f3n laboral con el municipio hace<br>m\u00e1s de una d\u00e9cada y en virtud de un proceso licitatorio. Luego, al vencerse este v\u00ednculo<br>inicial, continu\u00f3 relacion\u00e1ndose con la Municipalidad en calidad de facturante de servicios.<br>La decisi\u00f3n de la administraci\u00f3n municipal de no continuar contando con sus servicios<br>fue abrupta, inesperada y no tiene una justificaci\u00f3n clara, o al menos no la tiene en el<br>\u00e1mbito de lo profesional. La aludida decisi\u00f3n lleg\u00f3 luego de que el Dr. Dubois participara de<br>las Primarias Abiertas Simult\u00e1neas y Obligatorias en calidad de fiscal partidario por la alianza<br>\u201cJuntos por el Cambio\u201d en el establecimiento educativo \u201cLa Sant\u00edsima Trinidad\u201d.<\/p>\n\n\n\n<p>Habiendo sido identificado durante dicha tarea por personal y militantes allegados al<br>oficialismo local la decisi\u00f3n no se hizo esperar y fue comunicada por usted al Dr. Dubois. La<br>finalizaci\u00f3n de esta relaci\u00f3n laboral, creemos, no responde a otros motivos m\u00e1s que a la<br>intolerancia y la discriminaci\u00f3n de parte de una administraci\u00f3n municipal que se cree due\u00f1a<br>del pensamiento y el sentir de sus trabajadores, que fuerza a quienes dependen<br>econ\u00f3micamente del municipio a fiscalizar elecciones y asistir a actos proselitistas y<br>discrimina a quienes, como Dubois, tienen un pensamiento pol\u00edtico diverso y no se adaptan<br>al relato \u00fanico que quiere imponer esta administraci\u00f3n. Tras la fachada de un estado abierto<br>Bloque Vamos Villa Mar\u00eda e inclusivo se desarrolla una persecuci\u00f3n propia de aquellos que confunden lo p\u00fablico con lo partidario y quieren hacer c\u00f3mplices forzosamente a los trabajadores municipales en su aventura de mantener el poder utilizando los recursos de todos los villamarienses.<\/p>\n\n\n\n<p><br>En virtud de lo expuesto solicitamos tenga a bien responder los siguientes<br>interrogantes en un plazo que no exceda los diez d\u00edas corridos a partir de la fecha de su<br>presentaci\u00f3n:<\/p>\n\n\n\n<p><br>-\u00bfPor qu\u00e9 raz\u00f3n se dio por finalizada la relaci\u00f3n laboral que un\u00eda al Dr. Marcos Dubois<br>con la Municipalidad de Villa Mar\u00eda?<br>-\u00bfEsta decisi\u00f3n forma parte de alg\u00fan plan estrat\u00e9gico en el \u00e1rea de salud? En caso de<br>ser afirmativo \u00bfEste plan incluye un eventual reemplazo que siga llevando adelante las<br>tareas que realizaba el Dr. Dubois en sus servicios prestados al municipio?<\/p>\n\n\n\n<p><br>Concejal Abg. Luis Caronni                       Concejal Abg. Karina Bruno<br>Concejal Abg. Juan Romeo Benzo            Concejal Abg. Natalia Gonzalez<br>Concejal Arq. Carlos Primo<\/p>\n","protected":false},"excerpt":{"rendered":"<p>Desde el Bloque Vamos Villa Mar\u00eda dieron a conocer un pedido que se ha efectuado en virtud del apartamiento del Dr. Marcos Dubois del cargo que ejerc\u00eda dentro del municipio. Todo se deber\u00eda a que el Dr. Dubois particip\u00f3 en las PASO, como fiscal partidario por la alianza \u201cJuntos por el Cambio\u201d en el establecimiento [&hellip;]<\/p>\n","protected":false},"author":4,"featured_media":36410,"comment_status":"open","ping_status":"open","sticky":false,"template":"","format":"standard","meta":{"site-sidebar-layout":"default","site-content-layout":"default","ast-site-content-layout":"default","site-content-style":"default","site-sidebar-style":"default","ast-global-header-display":"","ast-banner-title-visibility":"","ast-main-header-display":"","ast-hfb-above-header-display":"","ast-hfb-below-header-display":"","ast-hfb-mobile-header-display":"","site-post-title":"","ast-breadcrumbs-content":"","ast-featured-img":"","footer-sml-layout":"","ast-disable-related-posts":"","theme-transparent-header-meta":"default","adv-header-id-meta":"","stick-header-meta":"","header-above-stick-meta":"","header-main-stick-meta":"","header-below-stick-meta":"","astra-migrate-meta-layouts":"default","ast-page-background-enabled":"default","ast-page-background-meta":{"desktop":{"background-color":"","background-image":"","background-repeat":"repeat","background-position":"center center","background-size":"auto","background-attachment":"scroll","background-type":"","background-media":"","overlay-type":"","overlay-color":"","overlay-opacity":"","overlay-gradient":""},"tablet":{"background-color":"","background-image":"","background-repeat":"repeat","background-position":"center center","background-size":"auto","background-attachment":"scroll","background-type":"","background-media":"","overlay-type":"","overlay-color":"","overlay-opacity":"","overlay-gradient":""},"mobile":{"background-color":"","background-image":"","background-repeat":"repeat","background-position":"center center","background-size":"auto","background-attachment":"scroll","background-type":"","background-media":"","overlay-type":"","overlay-color":"","overlay-opacity":"","overlay-gradient":""}},"ast-content-background-meta":{"desktop":{"background-color":"var(--ast-global-color-5)","background-image":"","background-repeat":"repeat","background-position":"center center","background-size":"auto","background-attachment":"scroll","background-type":"","background-media":"","overlay-type":"","overlay-color":"","overlay-opacity":"","overlay-gradient":""},"tablet":{"background-color":"var(--ast-global-color-5)","background-image":"","background-repeat":"repeat","background-position":"center center","background-size":"auto","background-attachment":"scroll","background-type":"","background-media":"","overlay-type":"","overlay-color":"","overlay-opacity":"","overlay-gradient":""},"mobile":{"background-color":"var(--ast-global-color-5)","background-image":"","background-repeat":"repeat","background-position":"center center","background-size":"auto","background-attachment":"scroll","background-type":"","background-media":"","overlay-type":"","overlay-color":"","overlay-opacity":"","overlay-gradient":""}},"_jetpack_memberships_contains_paid_content":false,"_joinchat":[],"footnotes":""},"categories":[2089,2],"tags":[3252,1232,11244,5400,11242,11245,11243,2474,707],"class_list":["post-45003","post","type-post","status-publish","format-standard","has-post-thumbnail","hentry","category-politica","category-villa-maria","tag-bloque-vamos-por-villa-maria","tag-destacado","tag-desvinculacion","tag-discriminacion","tag-dr-marcos-dubois","tag-ideas-partidarias","tag-medico-laboralista","tag-municipalidad-de-villa-maria","tag-pedido-de-informes"],"yoast_head":"<!-- This site is optimized with the Yoast SEO plugin v26.8 - https:\/\/yoast.com\/product\/yoast-seo-wordpress\/ -->\n<title>Piden explicaciones por la desvinculaci\u00f3n &quot;abrupta y unilateral&quot; del Dr. Marcos Dubois del municipio villamariense - El Regional<\/title>\n<meta name=\"robots\" content=\"index, follow, max-snippet:-1, max-image-preview:large, max-video-preview:-1\" \/>\n<link rel=\"canonical\" href=\"http:\/\/elregionalvm.com.ar\/noticias-villa-maria\/piden-explicaciones-por-la-desvinculacion-abrupta-y-unilateral-del-dr-marcos-dubois-del-municipio-villamariense\/\" \/>\n<meta property=\"og:locale\" content=\"es_ES\" \/>\n<meta property=\"og:type\" content=\"article\" \/>\n<meta property=\"og:title\" content=\"Piden explicaciones por la desvinculaci\u00f3n &quot;abrupta y unilateral&quot; del Dr. Marcos Dubois del municipio villamariense - El Regional\" \/>\n<meta property=\"og:description\" content=\"Desde el Bloque Vamos Villa Mar\u00eda dieron a conocer un pedido que se ha efectuado en virtud del apartamiento del Dr. Marcos Dubois del cargo que ejerc\u00eda dentro del municipio. Todo se deber\u00eda a que el Dr. Dubois particip\u00f3 en las PASO, como fiscal partidario por la alianza \u201cJuntos por el Cambio\u201d en el establecimiento [&hellip;]\" \/>\n<meta property=\"og:url\" content=\"http:\/\/elregionalvm.com.ar\/noticias-villa-maria\/piden-explicaciones-por-la-desvinculacion-abrupta-y-unilateral-del-dr-marcos-dubois-del-municipio-villamariense\/\" \/>\n<meta property=\"og:site_name\" content=\"El Regional\" \/>\n<meta property=\"article:publisher\" content=\"https:\/\/www.facebook.com\/elregionalvm\" \/>\n<meta property=\"article:published_time\" content=\"2021-09-20T21:48:36+00:00\" \/>\n<meta property=\"article:modified_time\" content=\"2021-09-20T21:48:38+00:00\" \/>\n<meta property=\"og:image\" content=\"http:\/\/elregionalvm.com.ar\/noticias-villa-maria\/wp-content\/uploads\/2021\/04\/municipalidad-de-villa-maria-2.jpg\" \/>\n\t<meta property=\"og:image:width\" content=\"1072\" \/>\n\t<meta property=\"og:image:height\" content=\"606\" \/>\n\t<meta property=\"og:image:type\" content=\"image\/jpeg\" \/>\n<meta name=\"author\" content=\"Contenidos El Regional\" \/>\n<meta name=\"twitter:card\" content=\"summary_large_image\" \/>\n<meta name=\"twitter:creator\" content=\"@elregionalvm1\" \/>\n<meta name=\"twitter:site\" content=\"@elregionalvm1\" \/>\n<meta name=\"twitter:label1\" content=\"Escrito por\" \/>\n\t<meta name=\"twitter:data1\" content=\"Contenidos El Regional\" \/>\n\t<meta name=\"twitter:label2\" content=\"Tiempo de lectura\" \/>\n\t<meta name=\"twitter:data2\" content=\"3 minutos\" \/>\n<script type=\"application\/ld+json\" class=\"yoast-schema-graph\">{\"@context\":\"https:\/\/schema.org\",\"@graph\":[{\"@type\":\"Article\",\"@id\":\"http:\/\/elregionalvm.com.ar\/noticias-villa-maria\/piden-explicaciones-por-la-desvinculacion-abrupta-y-unilateral-del-dr-marcos-dubois-del-municipio-villamariense\/#article\",\"isPartOf\":{\"@id\":\"http:\/\/elregionalvm.com.ar\/noticias-villa-maria\/piden-explicaciones-por-la-desvinculacion-abrupta-y-unilateral-del-dr-marcos-dubois-del-municipio-villamariense\/\"},\"author\":{\"name\":\"Contenidos El Regional\",\"@id\":\"http:\/\/elregionalvm.com.ar\/noticias-villa-maria\/#\/schema\/person\/a0fb9c422317faca23d50163151bc354\"},\"headline\":\"Piden explicaciones por la desvinculaci\u00f3n \u00ababrupta y unilateral\u00bb del Dr. Marcos Dubois del municipio villamariense\",\"datePublished\":\"2021-09-20T21:48:36+00:00\",\"dateModified\":\"2021-09-20T21:48:38+00:00\",\"mainEntityOfPage\":{\"@id\":\"http:\/\/elregionalvm.com.ar\/noticias-villa-maria\/piden-explicaciones-por-la-desvinculacion-abrupta-y-unilateral-del-dr-marcos-dubois-del-municipio-villamariense\/\"},\"wordCount\":600,\"commentCount\":0,\"image\":{\"@id\":\"http:\/\/elregionalvm.com.ar\/noticias-villa-maria\/piden-explicaciones-por-la-desvinculacion-abrupta-y-unilateral-del-dr-marcos-dubois-del-municipio-villamariense\/#primaryimage\"},\"thumbnailUrl\":\"https:\/\/i0.wp.com\/elregionalvm.com.ar\/noticias-villa-maria\/wp-content\/uploads\/2021\/04\/municipalidad-de-villa-maria-2.jpg?fit=1072%2C606&ssl=1\",\"keywords\":[\"Bloque Vamos por Villa Mar\u00eda\",\"destacado\",\"desvinculaci\u00f3n\",\"Discriminaci\u00f3n\",\"Dr. Marcos Dubois\",\"ideas partidarias\",\"m\u00e9dico laboralista\",\"Municipalidad de Villa Mar\u00eda\",\"Pedido de informes\"],\"articleSection\":[\"Pol\u00edtica\",\"Villa Mar\u00eda\"],\"inLanguage\":\"es\",\"potentialAction\":[{\"@type\":\"CommentAction\",\"name\":\"Comment\",\"target\":[\"http:\/\/elregionalvm.com.ar\/noticias-villa-maria\/piden-explicaciones-por-la-desvinculacion-abrupta-y-unilateral-del-dr-marcos-dubois-del-municipio-villamariense\/#respond\"]}]},{\"@type\":\"WebPage\",\"@id\":\"http:\/\/elregionalvm.com.ar\/noticias-villa-maria\/piden-explicaciones-por-la-desvinculacion-abrupta-y-unilateral-del-dr-marcos-dubois-del-municipio-villamariense\/\",\"url\":\"http:\/\/elregionalvm.com.ar\/noticias-villa-maria\/piden-explicaciones-por-la-desvinculacion-abrupta-y-unilateral-del-dr-marcos-dubois-del-municipio-villamariense\/\",\"name\":\"Piden explicaciones por la desvinculaci\u00f3n \\\"abrupta y unilateral\\\" del Dr. Marcos Dubois del municipio villamariense - El Regional\",\"isPartOf\":{\"@id\":\"http:\/\/elregionalvm.com.ar\/noticias-villa-maria\/#website\"},\"primaryImageOfPage\":{\"@id\":\"http:\/\/elregionalvm.com.ar\/noticias-villa-maria\/piden-explicaciones-por-la-desvinculacion-abrupta-y-unilateral-del-dr-marcos-dubois-del-municipio-villamariense\/#primaryimage\"},\"image\":{\"@id\":\"http:\/\/elregionalvm.com.ar\/noticias-villa-maria\/piden-explicaciones-por-la-desvinculacion-abrupta-y-unilateral-del-dr-marcos-dubois-del-municipio-villamariense\/#primaryimage\"},\"thumbnailUrl\":\"https:\/\/i0.wp.com\/elregionalvm.com.ar\/noticias-villa-maria\/wp-content\/uploads\/2021\/04\/municipalidad-de-villa-maria-2.jpg?fit=1072%2C606&ssl=1\",\"datePublished\":\"2021-09-20T21:48:36+00:00\",\"dateModified\":\"2021-09-20T21:48:38+00:00\",\"author\":{\"@id\":\"http:\/\/elregionalvm.com.ar\/noticias-villa-maria\/#\/schema\/person\/a0fb9c422317faca23d50163151bc354\"},\"breadcrumb\":{\"@id\":\"http:\/\/elregionalvm.com.ar\/noticias-villa-maria\/piden-explicaciones-por-la-desvinculacion-abrupta-y-unilateral-del-dr-marcos-dubois-del-municipio-villamariense\/#breadcrumb\"},\"inLanguage\":\"es\",\"potentialAction\":[{\"@type\":\"ReadAction\",\"target\":[\"http:\/\/elregionalvm.com.ar\/noticias-villa-maria\/piden-explicaciones-por-la-desvinculacion-abrupta-y-unilateral-del-dr-marcos-dubois-del-municipio-villamariense\/\"]}]},{\"@type\":\"ImageObject\",\"inLanguage\":\"es\",\"@id\":\"http:\/\/elregionalvm.com.ar\/noticias-villa-maria\/piden-explicaciones-por-la-desvinculacion-abrupta-y-unilateral-del-dr-marcos-dubois-del-municipio-villamariense\/#primaryimage\",\"url\":\"https:\/\/i0.wp.com\/elregionalvm.com.ar\/noticias-villa-maria\/wp-content\/uploads\/2021\/04\/municipalidad-de-villa-maria-2.jpg?fit=1072%2C606&ssl=1\",\"contentUrl\":\"https:\/\/i0.wp.com\/elregionalvm.com.ar\/noticias-villa-maria\/wp-content\/uploads\/2021\/04\/municipalidad-de-villa-maria-2.jpg?fit=1072%2C606&ssl=1\",\"width\":1072,\"height\":606},{\"@type\":\"BreadcrumbList\",\"@id\":\"http:\/\/elregionalvm.com.ar\/noticias-villa-maria\/piden-explicaciones-por-la-desvinculacion-abrupta-y-unilateral-del-dr-marcos-dubois-del-municipio-villamariense\/#breadcrumb\",\"itemListElement\":[{\"@type\":\"ListItem\",\"position\":1,\"name\":\"Portada\",\"item\":\"https:\/\/elregionalvm.com.ar\/noticias-villa-maria\/\"},{\"@type\":\"ListItem\",\"position\":2,\"name\":\"Piden explicaciones por la desvinculaci\u00f3n &#8220;abrupta y unilateral&#8221; del Dr. Marcos Dubois del municipio villamariense\"}]},{\"@type\":\"WebSite\",\"@id\":\"http:\/\/elregionalvm.com.ar\/noticias-villa-maria\/#website\",\"url\":\"http:\/\/elregionalvm.com.ar\/noticias-villa-maria\/\",\"name\":\"El Regional\",\"description\":\"Mucho m\u00e1s que informaci\u00f3n\",\"potentialAction\":[{\"@type\":\"SearchAction\",\"target\":{\"@type\":\"EntryPoint\",\"urlTemplate\":\"http:\/\/elregionalvm.com.ar\/noticias-villa-maria\/?s={search_term_string}\"},\"query-input\":{\"@type\":\"PropertyValueSpecification\",\"valueRequired\":true,\"valueName\":\"search_term_string\"}}],\"inLanguage\":\"es\"},{\"@type\":\"Person\",\"@id\":\"http:\/\/elregionalvm.com.ar\/noticias-villa-maria\/#\/schema\/person\/a0fb9c422317faca23d50163151bc354\",\"name\":\"Contenidos El Regional\",\"image\":{\"@type\":\"ImageObject\",\"inLanguage\":\"es\",\"@id\":\"http:\/\/elregionalvm.com.ar\/noticias-villa-maria\/#\/schema\/person\/image\/\",\"url\":\"https:\/\/secure.gravatar.com\/avatar\/265b27cb2209af7bb3a1318f03305787d7981a5cc6e6cd08fe5a4ecdf99d4b48?s=96&d=mm&r=g\",\"contentUrl\":\"https:\/\/secure.gravatar.com\/avatar\/265b27cb2209af7bb3a1318f03305787d7981a5cc6e6cd08fe5a4ecdf99d4b48?s=96&d=mm&r=g\",\"caption\":\"Contenidos El Regional\"},\"url\":\"https:\/\/elregionalvm.com.ar\/noticias-villa-maria\/author\/contenido\/\"}]}<\/script>\n<!-- \/ Yoast SEO plugin. -->","yoast_head_json":{"title":"Piden explicaciones por la desvinculaci\u00f3n \"abrupta y unilateral\" del Dr. Marcos Dubois del municipio villamariense - El Regional","robots":{"index":"index","follow":"follow","max-snippet":"max-snippet:-1","max-image-preview":"max-image-preview:large","max-video-preview":"max-video-preview:-1"},"canonical":"http:\/\/elregionalvm.com.ar\/noticias-villa-maria\/piden-explicaciones-por-la-desvinculacion-abrupta-y-unilateral-del-dr-marcos-dubois-del-municipio-villamariense\/","og_locale":"es_ES","og_type":"article","og_title":"Piden explicaciones por la desvinculaci\u00f3n \"abrupta y unilateral\" del Dr. Marcos Dubois del municipio villamariense - El Regional","og_description":"Desde el Bloque Vamos Villa Mar\u00eda dieron a conocer un pedido que se ha efectuado en virtud del apartamiento del Dr. Marcos Dubois del cargo que ejerc\u00eda dentro del municipio. Todo se deber\u00eda a que el Dr. Dubois particip\u00f3 en las PASO, como fiscal partidario por la alianza \u201cJuntos por el Cambio\u201d en el establecimiento [&hellip;]","og_url":"http:\/\/elregionalvm.com.ar\/noticias-villa-maria\/piden-explicaciones-por-la-desvinculacion-abrupta-y-unilateral-del-dr-marcos-dubois-del-municipio-villamariense\/","og_site_name":"El Regional","article_publisher":"https:\/\/www.facebook.com\/elregionalvm","article_published_time":"2021-09-20T21:48:36+00:00","article_modified_time":"2021-09-20T21:48:38+00:00","og_image":[{"width":1072,"height":606,"url":"http:\/\/elregionalvm.com.ar\/noticias-villa-maria\/wp-content\/uploads\/2021\/04\/municipalidad-de-villa-maria-2.jpg","type":"image\/jpeg"}],"author":"Contenidos El Regional","twitter_card":"summary_large_image","twitter_creator":"@elregionalvm1","twitter_site":"@elregionalvm1","twitter_misc":{"Escrito por":"Contenidos El Regional","Tiempo de lectura":"3 minutos"},"schema":{"@context":"https:\/\/schema.org","@graph":[{"@type":"Article","@id":"http:\/\/elregionalvm.com.ar\/noticias-villa-maria\/piden-explicaciones-por-la-desvinculacion-abrupta-y-unilateral-del-dr-marcos-dubois-del-municipio-villamariense\/#article","isPartOf":{"@id":"http:\/\/elregionalvm.com.ar\/noticias-villa-maria\/piden-explicaciones-por-la-desvinculacion-abrupta-y-unilateral-del-dr-marcos-dubois-del-municipio-villamariense\/"},"author":{"name":"Contenidos El Regional","@id":"http:\/\/elregionalvm.com.ar\/noticias-villa-maria\/#\/schema\/person\/a0fb9c422317faca23d50163151bc354"},"headline":"Piden explicaciones por la desvinculaci\u00f3n \u00ababrupta y unilateral\u00bb del Dr. Marcos Dubois del municipio villamariense","datePublished":"2021-09-20T21:48:36+00:00","dateModified":"2021-09-20T21:48:38+00:00","mainEntityOfPage":{"@id":"http:\/\/elregionalvm.com.ar\/noticias-villa-maria\/piden-explicaciones-por-la-desvinculacion-abrupta-y-unilateral-del-dr-marcos-dubois-del-municipio-villamariense\/"},"wordCount":600,"commentCount":0,"image":{"@id":"http:\/\/elregionalvm.com.ar\/noticias-villa-maria\/piden-explicaciones-por-la-desvinculacion-abrupta-y-unilateral-del-dr-marcos-dubois-del-municipio-villamariense\/#primaryimage"},"thumbnailUrl":"https:\/\/i0.wp.com\/elregionalvm.com.ar\/noticias-villa-maria\/wp-content\/uploads\/2021\/04\/municipalidad-de-villa-maria-2.jpg?fit=1072%2C606&ssl=1","keywords":["Bloque Vamos por Villa Mar\u00eda","destacado","desvinculaci\u00f3n","Discriminaci\u00f3n","Dr. Marcos Dubois","ideas partidarias","m\u00e9dico laboralista","Municipalidad de Villa Mar\u00eda","Pedido de informes"],"articleSection":["Pol\u00edtica","Villa Mar\u00eda"],"inLanguage":"es","potentialAction":[{"@type":"CommentAction","name":"Comment","target":["http:\/\/elregionalvm.com.ar\/noticias-villa-maria\/piden-explicaciones-por-la-desvinculacion-abrupta-y-unilateral-del-dr-marcos-dubois-del-municipio-villamariense\/#respond"]}]},{"@type":"WebPage","@id":"http:\/\/elregionalvm.com.ar\/noticias-villa-maria\/piden-explicaciones-por-la-desvinculacion-abrupta-y-unilateral-del-dr-marcos-dubois-del-municipio-villamariense\/","url":"http:\/\/elregionalvm.com.ar\/noticias-villa-maria\/piden-explicaciones-por-la-desvinculacion-abrupta-y-unilateral-del-dr-marcos-dubois-del-municipio-villamariense\/","name":"Piden explicaciones por la desvinculaci\u00f3n \"abrupta y unilateral\" del Dr. Marcos Dubois del municipio villamariense - El Regional","isPartOf":{"@id":"http:\/\/elregionalvm.com.ar\/noticias-villa-maria\/#website"},"primaryImageOfPage":{"@id":"http:\/\/elregionalvm.com.ar\/noticias-villa-maria\/piden-explicaciones-por-la-desvinculacion-abrupta-y-unilateral-del-dr-marcos-dubois-del-municipio-villamariense\/#primaryimage"},"image":{"@id":"http:\/\/elregionalvm.com.ar\/noticias-villa-maria\/piden-explicaciones-por-la-desvinculacion-abrupta-y-unilateral-del-dr-marcos-dubois-del-municipio-villamariense\/#primaryimage"},"thumbnailUrl":"https:\/\/i0.wp.com\/elregionalvm.com.ar\/noticias-villa-maria\/wp-content\/uploads\/2021\/04\/municipalidad-de-villa-maria-2.jpg?fit=1072%2C606&ssl=1","datePublished":"2021-09-20T21:48:36+00:00","dateModified":"2021-09-20T21:48:38+00:00","author":{"@id":"http:\/\/elregionalvm.com.ar\/noticias-villa-maria\/#\/schema\/person\/a0fb9c422317faca23d50163151bc354"},"breadcrumb":{"@id":"http:\/\/elregionalvm.com.ar\/noticias-villa-maria\/piden-explicaciones-por-la-desvinculacion-abrupta-y-unilateral-del-dr-marcos-dubois-del-municipio-villamariense\/#breadcrumb"},"inLanguage":"es","potentialAction":[{"@type":"ReadAction","target":["http:\/\/elregionalvm.com.ar\/noticias-villa-maria\/piden-explicaciones-por-la-desvinculacion-abrupta-y-unilateral-del-dr-marcos-dubois-del-municipio-villamariense\/"]}]},{"@type":"ImageObject","inLanguage":"es","@id":"http:\/\/elregionalvm.com.ar\/noticias-villa-maria\/piden-explicaciones-por-la-desvinculacion-abrupta-y-unilateral-del-dr-marcos-dubois-del-municipio-villamariense\/#primaryimage","url":"https:\/\/i0.wp.com\/elregionalvm.com.ar\/noticias-villa-maria\/wp-content\/uploads\/2021\/04\/municipalidad-de-villa-maria-2.jpg?fit=1072%2C606&ssl=1","contentUrl":"https:\/\/i0.wp.com\/elregionalvm.com.ar\/noticias-villa-maria\/wp-content\/uploads\/2021\/04\/municipalidad-de-villa-maria-2.jpg?fit=1072%2C606&ssl=1","width":1072,"height":606},{"@type":"BreadcrumbList","@id":"http:\/\/elregionalvm.com.ar\/noticias-villa-maria\/piden-explicaciones-por-la-desvinculacion-abrupta-y-unilateral-del-dr-marcos-dubois-del-municipio-villamariense\/#breadcrumb","itemListElement":[{"@type":"ListItem","position":1,"name":"Portada","item":"https:\/\/elregionalvm.com.ar\/noticias-villa-maria\/"},{"@type":"ListItem","position":2,"name":"Piden explicaciones por la desvinculaci\u00f3n &#8220;abrupta y unilateral&#8221; del Dr. Marcos Dubois del municipio villamariense"}]},{"@type":"WebSite","@id":"http:\/\/elregionalvm.com.ar\/noticias-villa-maria\/#website","url":"http:\/\/elregionalvm.com.ar\/noticias-villa-maria\/","name":"El Regional","description":"Mucho m\u00e1s que informaci\u00f3n","potentialAction":[{"@type":"SearchAction","target":{"@type":"EntryPoint","urlTemplate":"http:\/\/elregionalvm.com.ar\/noticias-villa-maria\/?s={search_term_string}"},"query-input":{"@type":"PropertyValueSpecification","valueRequired":true,"valueName":"search_term_string"}}],"inLanguage":"es"},{"@type":"Person","@id":"http:\/\/elregionalvm.com.ar\/noticias-villa-maria\/#\/schema\/person\/a0fb9c422317faca23d50163151bc354","name":"Contenidos El Regional","image":{"@type":"ImageObject","inLanguage":"es","@id":"http:\/\/elregionalvm.com.ar\/noticias-villa-maria\/#\/schema\/person\/image\/","url":"https:\/\/secure.gravatar.com\/avatar\/265b27cb2209af7bb3a1318f03305787d7981a5cc6e6cd08fe5a4ecdf99d4b48?s=96&d=mm&r=g","contentUrl":"https:\/\/secure.gravatar.com\/avatar\/265b27cb2209af7bb3a1318f03305787d7981a5cc6e6cd08fe5a4ecdf99d4b48?s=96&d=mm&r=g","caption":"Contenidos El Regional"},"url":"https:\/\/elregionalvm.com.ar\/noticias-villa-maria\/author\/contenido\/"}]}},"jetpack_featured_media_url":"https:\/\/i0.wp.com\/elregionalvm.com.ar\/noticias-villa-maria\/wp-content\/uploads\/2021\/04\/municipalidad-de-villa-maria-2.jpg?fit=1072%2C606&ssl=1","jetpack_sharing_enabled":true,"_links":{"self":[{"href":"https:\/\/elregionalvm.com.ar\/noticias-villa-maria\/wp-json\/wp\/v2\/posts\/45003","targetHints":{"allow":["GET"]}}],"collection":[{"href":"https:\/\/elregionalvm.com.ar\/noticias-villa-maria\/wp-json\/wp\/v2\/posts"}],"about":[{"href":"https:\/\/elregionalvm.com.ar\/noticias-villa-maria\/wp-json\/wp\/v2\/types\/post"}],"author":[{"embeddable":true,"href":"https:\/\/elregionalvm.com.ar\/noticias-villa-maria\/wp-json\/wp\/v2\/users\/4"}],"replies":[{"embeddable":true,"href":"https:\/\/elregionalvm.com.ar\/noticias-villa-maria\/wp-json\/wp\/v2\/comments?post=45003"}],"version-history":[{"count":1,"href":"https:\/\/elregionalvm.com.ar\/noticias-villa-maria\/wp-json\/wp\/v2\/posts\/45003\/revisions"}],"predecessor-version":[{"id":45004,"href":"https:\/\/elregionalvm.com.ar\/noticias-villa-maria\/wp-json\/wp\/v2\/posts\/45003\/revisions\/45004"}],"wp:featuredmedia":[{"embeddable":true,"href":"https:\/\/elregionalvm.com.ar\/noticias-villa-maria\/wp-json\/wp\/v2\/media\/36410"}],"wp:attachment":[{"href":"https:\/\/elregionalvm.com.ar\/noticias-villa-maria\/wp-json\/wp\/v2\/media?parent=45003"}],"wp:term":[{"taxonomy":"category","embeddable":true,"href":"https:\/\/elregionalvm.com.ar\/noticias-villa-maria\/wp-json\/wp\/v2\/categories?post=45003"},{"taxonomy":"post_tag","embeddable":true,"href":"https:\/\/elregionalvm.com.ar\/noticias-villa-maria\/wp-json\/wp\/v2\/tags?post=45003"}],"curies":[{"name":"wp","href":"https:\/\/api.w.org\/{rel}","templated":true}]}}