{"id":45014,"date":"2021-09-20T22:37:06","date_gmt":"2021-09-20T22:37:06","guid":{"rendered":"https:\/\/elregionalvm.com.ar\/noticias-villa-maria\/?p=45014"},"modified":"2021-09-20T22:37:07","modified_gmt":"2021-09-20T22:37:07","slug":"un-poco-de-normalidad-escuelas-de-la-provincia-volveran-a-la-presencialidad-plena","status":"publish","type":"post","link":"https:\/\/elregionalvm.com.ar\/noticias-villa-maria\/un-poco-de-normalidad-escuelas-de-la-provincia-volveran-a-la-presencialidad-plena\/","title":{"rendered":"Un poco de normalidad: escuelas de la Provincia volver\u00e1n a la presencialidad plena"},"content":{"rendered":"\n<p>El Gobierno de la Provincia de C\u00f3rdoba, a trav\u00e9s de los ministerios de Salud y Educaci\u00f3n de la provincia, informa que desde el lunes 27 de septiembre se retornar\u00e1 a la presencialidad plena en el sistema general obligatorio, que abarca al 26 por ciento de escuelas de los niveles inicial, primario y secundario, tanto estatales como privadas, que sostienen el sistema de burbujas y presencialidad con alternancia.<\/p>\n\n\n\n<p>La decisi\u00f3n se sustenta en la baja sostenida de casos de Covid-19, en el avance de la campa\u00f1a de vacunaci\u00f3n y el comienzo de las estaciones c\u00e1lidas que permitir\u00e1n aplicar una mayor ventilaci\u00f3n de los espacios \u00e1ulicos.<\/p>\n\n\n\n<p>En ese sentido, y en acuerdo con la autoridad sanitaria de la provincia, el Ministerio de Educaci\u00f3n dispondr\u00e1 las siguientes medidas:<\/p>\n\n\n\n<p>El distanciamiento entre estudiantes ser\u00e1 de 50 cent\u00edmetros.<br>Ventilaci\u00f3n completa de espacios escolares.<br>Reemplazo semanal de barbijos tricapa para estudiantes.<br>Testeos aleatorios en escuelas con gran poblaci\u00f3n educativa.<br>Aplicar el nuevo criterio de distanciamiento exigir\u00e1 a los equipos directivos, docentes y toda la comunidad educativa, reforzar el estricto cumplimiento de los dem\u00e1s pilares del cuidado pautados en la Res. 26\/2021. En esa l\u00ednea, ser\u00e1 necesario continuar aplicando los siguientes criterios:<\/p>\n\n\n\n<p>El buen uso del barbijo tapando nariz, boca y ment\u00f3n durante toda la jornada escolar.<br>La correcta ventilaci\u00f3n de los espacios.<br>La higiene frecuente de manos, con agua y jab\u00f3n o alcohol en gel. Siempre recordando que el alcohol en gel no reemplaza el lavado de manos.<br>Para el caso de activaci\u00f3n del protocolo de prevenci\u00f3n del COVID, se deber\u00e1 aislar a la sala, grado o curso completo, cuando corresponda, de acuerdo con lo prescripto en la \u201cGu\u00eda de actuaci\u00f3n ante casos sospechosos o confirmados COVID-19 en establecimientos educativos de la Provincia de C\u00f3rdoba\u201d.<\/p>\n\n\n\n<p>En los pr\u00f3ximos d\u00edas, la cartera educativa provincial brindar\u00e1 los detalles completos de esta nueva disposici\u00f3n.<\/p>\n\n\n\n<p>Cabe recordar que la Provincia inici\u00f3 el regreso a la presencialidad pleno el pasado 6 de setiembre en escuelas, salas, grados y cursos donde se pod\u00eda garantizar la aplicaci\u00f3n del protocolo con un distanciamiento de 90 cent\u00edmetros entre estudiantes. De esa manera, en esa primera etapa, el regreso pleno a las aulas alcanz\u00f3 a un 74 por ciento de la matr\u00edcula del sistema general obligatorio, en ambas gestiones.<\/p>\n","protected":false},"excerpt":{"rendered":"<p>El Gobierno de la Provincia de C\u00f3rdoba, a trav\u00e9s de los ministerios de Salud y Educaci\u00f3n de la provincia, informa que desde el lunes 27 de septiembre se retornar\u00e1 a la presencialidad plena en el sistema general obligatorio, que abarca al 26 por ciento de escuelas de los niveles inicial, primario y secundario, tanto estatales [&hellip;]<\/p>\n","protected":false},"author":4,"featured_media":45015,"comment_status":"open","ping_status":"open","sticky":false,"template":"","format":"standard","meta":{"site-sidebar-layout":"default","site-content-layout":"default","ast-site-content-layout":"default","site-content-style":"default","site-sidebar-style":"default","ast-global-header-display":"","ast-banner-title-visibility":"","ast-main-header-display":"","ast-hfb-above-header-display":"","ast-hfb-below-header-display":"","ast-hfb-mobile-header-display":"","site-post-title":"","ast-breadcrumbs-content":"","ast-featured-img":"","footer-sml-layout":"","ast-disable-related-posts":"","theme-transparent-header-meta":"default","adv-header-id-meta":"","stick-header-meta":"","header-above-stick-meta":"","header-main-stick-meta":"","header-below-stick-meta":"","astra-migrate-meta-layouts":"default","ast-page-background-enabled":"default","ast-page-background-meta":{"desktop":{"background-color":"","background-image":"","background-repeat":"repeat","background-position":"center center","background-size":"auto","background-attachment":"scroll","background-type":"","background-media":"","overlay-type":"","overlay-color":"","overlay-opacity":"","overlay-gradient":""},"tablet":{"background-color":"","background-image":"","background-repeat":"repeat","background-position":"center center","background-size":"auto","background-attachment":"scroll","background-type":"","background-media":"","overlay-type":"","overlay-color":"","overlay-opacity":"","overlay-gradient":""},"mobile":{"background-color":"","background-image":"","background-repeat":"repeat","background-position":"center center","background-size":"auto","background-attachment":"scroll","background-type":"","background-media":"","overlay-type":"","overlay-color":"","overlay-opacity":"","overlay-gradient":""}},"ast-content-background-meta":{"desktop":{"background-color":"var(--ast-global-color-5)","background-image":"","background-repeat":"repeat","background-position":"center center","background-size":"auto","background-attachment":"scroll","background-type":"","background-media":"","overlay-type":"","overlay-color":"","overlay-opacity":"","overlay-gradient":""},"tablet":{"background-color":"var(--ast-global-color-5)","background-image":"","background-repeat":"repeat","background-position":"center center","background-size":"auto","background-attachment":"scroll","background-type":"","background-media":"","overlay-type":"","overlay-color":"","overlay-opacity":"","overlay-gradient":""},"mobile":{"background-color":"var(--ast-global-color-5)","background-image":"","background-repeat":"repeat","background-position":"center center","background-size":"auto","background-attachment":"scroll","background-type":"","background-media":"","overlay-type":"","overlay-color":"","overlay-opacity":"","overlay-gradient":""}},"_jetpack_memberships_contains_paid_content":false,"_joinchat":[],"footnotes":""},"categories":[5],"tags":[11251,1232,2157,4289,11250,2403],"class_list":["post-45014","post","type-post","status-publish","format-standard","has-post-thumbnail","hentry","category-sociedad","tag-27-de-septiembre","tag-destacado","tag-educacion","tag-escuelas","tag-presencialidad-plena","tag-provincia-de-cordoba"],"yoast_head":"<!-- This site is optimized with the Yoast SEO plugin v26.8 - https:\/\/yoast.com\/product\/yoast-seo-wordpress\/ -->\n<title>Un poco de normalidad: escuelas de la Provincia volver\u00e1n a la presencialidad plena - El Regional<\/title>\n<meta name=\"robots\" content=\"index, follow, max-snippet:-1, max-image-preview:large, max-video-preview:-1\" \/>\n<link rel=\"canonical\" href=\"http:\/\/elregionalvm.com.ar\/noticias-villa-maria\/un-poco-de-normalidad-escuelas-de-la-provincia-volveran-a-la-presencialidad-plena\/\" \/>\n<meta property=\"og:locale\" content=\"es_ES\" \/>\n<meta property=\"og:type\" content=\"article\" \/>\n<meta property=\"og:title\" content=\"Un poco de normalidad: escuelas de la Provincia volver\u00e1n a la presencialidad plena - El Regional\" \/>\n<meta property=\"og:description\" content=\"El Gobierno de la Provincia de C\u00f3rdoba, a trav\u00e9s de los ministerios de Salud y Educaci\u00f3n de la provincia, informa que desde el lunes 27 de septiembre se retornar\u00e1 a la presencialidad plena en el sistema general obligatorio, que abarca al 26 por ciento de escuelas de los niveles inicial, primario y secundario, tanto estatales [&hellip;]\" \/>\n<meta property=\"og:url\" content=\"http:\/\/elregionalvm.com.ar\/noticias-villa-maria\/un-poco-de-normalidad-escuelas-de-la-provincia-volveran-a-la-presencialidad-plena\/\" \/>\n<meta property=\"og:site_name\" content=\"El Regional\" \/>\n<meta property=\"article:publisher\" content=\"https:\/\/www.facebook.com\/elregionalvm\" \/>\n<meta property=\"article:published_time\" content=\"2021-09-20T22:37:06+00:00\" \/>\n<meta property=\"article:modified_time\" content=\"2021-09-20T22:37:07+00:00\" \/>\n<meta property=\"og:image\" content=\"http:\/\/elregionalvm.com.ar\/noticias-villa-maria\/wp-content\/uploads\/2021\/09\/presencialidad-plena.jpg\" \/>\n\t<meta property=\"og:image:width\" content=\"803\" \/>\n\t<meta property=\"og:image:height\" content=\"452\" \/>\n\t<meta property=\"og:image:type\" content=\"image\/jpeg\" \/>\n<meta name=\"author\" content=\"Contenidos El Regional\" \/>\n<meta name=\"twitter:card\" content=\"summary_large_image\" \/>\n<meta name=\"twitter:creator\" content=\"@elregionalvm1\" \/>\n<meta name=\"twitter:site\" content=\"@elregionalvm1\" \/>\n<meta name=\"twitter:label1\" content=\"Escrito por\" \/>\n\t<meta name=\"twitter:data1\" content=\"Contenidos El Regional\" \/>\n\t<meta name=\"twitter:label2\" content=\"Tiempo de lectura\" \/>\n\t<meta name=\"twitter:data2\" content=\"2 minutos\" \/>\n<script type=\"application\/ld+json\" class=\"yoast-schema-graph\">{\"@context\":\"https:\/\/schema.org\",\"@graph\":[{\"@type\":\"Article\",\"@id\":\"http:\/\/elregionalvm.com.ar\/noticias-villa-maria\/un-poco-de-normalidad-escuelas-de-la-provincia-volveran-a-la-presencialidad-plena\/#article\",\"isPartOf\":{\"@id\":\"http:\/\/elregionalvm.com.ar\/noticias-villa-maria\/un-poco-de-normalidad-escuelas-de-la-provincia-volveran-a-la-presencialidad-plena\/\"},\"author\":{\"name\":\"Contenidos El Regional\",\"@id\":\"http:\/\/elregionalvm.com.ar\/noticias-villa-maria\/#\/schema\/person\/a0fb9c422317faca23d50163151bc354\"},\"headline\":\"Un poco de normalidad: escuelas de la Provincia volver\u00e1n a la presencialidad plena\",\"datePublished\":\"2021-09-20T22:37:06+00:00\",\"dateModified\":\"2021-09-20T22:37:07+00:00\",\"mainEntityOfPage\":{\"@id\":\"http:\/\/elregionalvm.com.ar\/noticias-villa-maria\/un-poco-de-normalidad-escuelas-de-la-provincia-volveran-a-la-presencialidad-plena\/\"},\"wordCount\":410,\"commentCount\":0,\"image\":{\"@id\":\"http:\/\/elregionalvm.com.ar\/noticias-villa-maria\/un-poco-de-normalidad-escuelas-de-la-provincia-volveran-a-la-presencialidad-plena\/#primaryimage\"},\"thumbnailUrl\":\"https:\/\/i0.wp.com\/elregionalvm.com.ar\/noticias-villa-maria\/wp-content\/uploads\/2021\/09\/presencialidad-plena.jpg?fit=803%2C452&ssl=1\",\"keywords\":[\"27 de septiembre\",\"destacado\",\"Educaci\u00f3n\",\"escuelas\",\"presencialidad plena\",\"Provincia de C\u00f3rdoba\"],\"articleSection\":[\"Sociedad\"],\"inLanguage\":\"es\",\"potentialAction\":[{\"@type\":\"CommentAction\",\"name\":\"Comment\",\"target\":[\"http:\/\/elregionalvm.com.ar\/noticias-villa-maria\/un-poco-de-normalidad-escuelas-de-la-provincia-volveran-a-la-presencialidad-plena\/#respond\"]}]},{\"@type\":\"WebPage\",\"@id\":\"http:\/\/elregionalvm.com.ar\/noticias-villa-maria\/un-poco-de-normalidad-escuelas-de-la-provincia-volveran-a-la-presencialidad-plena\/\",\"url\":\"http:\/\/elregionalvm.com.ar\/noticias-villa-maria\/un-poco-de-normalidad-escuelas-de-la-provincia-volveran-a-la-presencialidad-plena\/\",\"name\":\"Un poco de normalidad: escuelas de la Provincia volver\u00e1n a la presencialidad plena - El Regional\",\"isPartOf\":{\"@id\":\"http:\/\/elregionalvm.com.ar\/noticias-villa-maria\/#website\"},\"primaryImageOfPage\":{\"@id\":\"http:\/\/elregionalvm.com.ar\/noticias-villa-maria\/un-poco-de-normalidad-escuelas-de-la-provincia-volveran-a-la-presencialidad-plena\/#primaryimage\"},\"image\":{\"@id\":\"http:\/\/elregionalvm.com.ar\/noticias-villa-maria\/un-poco-de-normalidad-escuelas-de-la-provincia-volveran-a-la-presencialidad-plena\/#primaryimage\"},\"thumbnailUrl\":\"https:\/\/i0.wp.com\/elregionalvm.com.ar\/noticias-villa-maria\/wp-content\/uploads\/2021\/09\/presencialidad-plena.jpg?fit=803%2C452&ssl=1\",\"datePublished\":\"2021-09-20T22:37:06+00:00\",\"dateModified\":\"2021-09-20T22:37:07+00:00\",\"author\":{\"@id\":\"http:\/\/elregionalvm.com.ar\/noticias-villa-maria\/#\/schema\/person\/a0fb9c422317faca23d50163151bc354\"},\"breadcrumb\":{\"@id\":\"http:\/\/elregionalvm.com.ar\/noticias-villa-maria\/un-poco-de-normalidad-escuelas-de-la-provincia-volveran-a-la-presencialidad-plena\/#breadcrumb\"},\"inLanguage\":\"es\",\"potentialAction\":[{\"@type\":\"ReadAction\",\"target\":[\"http:\/\/elregionalvm.com.ar\/noticias-villa-maria\/un-poco-de-normalidad-escuelas-de-la-provincia-volveran-a-la-presencialidad-plena\/\"]}]},{\"@type\":\"ImageObject\",\"inLanguage\":\"es\",\"@id\":\"http:\/\/elregionalvm.com.ar\/noticias-villa-maria\/un-poco-de-normalidad-escuelas-de-la-provincia-volveran-a-la-presencialidad-plena\/#primaryimage\",\"url\":\"https:\/\/i0.wp.com\/elregionalvm.com.ar\/noticias-villa-maria\/wp-content\/uploads\/2021\/09\/presencialidad-plena.jpg?fit=803%2C452&ssl=1\",\"contentUrl\":\"https:\/\/i0.wp.com\/elregionalvm.com.ar\/noticias-villa-maria\/wp-content\/uploads\/2021\/09\/presencialidad-plena.jpg?fit=803%2C452&ssl=1\",\"width\":803,\"height\":452},{\"@type\":\"BreadcrumbList\",\"@id\":\"http:\/\/elregionalvm.com.ar\/noticias-villa-maria\/un-poco-de-normalidad-escuelas-de-la-provincia-volveran-a-la-presencialidad-plena\/#breadcrumb\",\"itemListElement\":[{\"@type\":\"ListItem\",\"position\":1,\"name\":\"Portada\",\"item\":\"https:\/\/elregionalvm.com.ar\/noticias-villa-maria\/\"},{\"@type\":\"ListItem\",\"position\":2,\"name\":\"Un poco de normalidad: escuelas de la Provincia volver\u00e1n a la presencialidad plena\"}]},{\"@type\":\"WebSite\",\"@id\":\"http:\/\/elregionalvm.com.ar\/noticias-villa-maria\/#website\",\"url\":\"http:\/\/elregionalvm.com.ar\/noticias-villa-maria\/\",\"name\":\"El Regional\",\"description\":\"Mucho m\u00e1s que informaci\u00f3n\",\"potentialAction\":[{\"@type\":\"SearchAction\",\"target\":{\"@type\":\"EntryPoint\",\"urlTemplate\":\"http:\/\/elregionalvm.com.ar\/noticias-villa-maria\/?s={search_term_string}\"},\"query-input\":{\"@type\":\"PropertyValueSpecification\",\"valueRequired\":true,\"valueName\":\"search_term_string\"}}],\"inLanguage\":\"es\"},{\"@type\":\"Person\",\"@id\":\"http:\/\/elregionalvm.com.ar\/noticias-villa-maria\/#\/schema\/person\/a0fb9c422317faca23d50163151bc354\",\"name\":\"Contenidos El Regional\",\"image\":{\"@type\":\"ImageObject\",\"inLanguage\":\"es\",\"@id\":\"http:\/\/elregionalvm.com.ar\/noticias-villa-maria\/#\/schema\/person\/image\/\",\"url\":\"https:\/\/secure.gravatar.com\/avatar\/265b27cb2209af7bb3a1318f03305787d7981a5cc6e6cd08fe5a4ecdf99d4b48?s=96&d=mm&r=g\",\"contentUrl\":\"https:\/\/secure.gravatar.com\/avatar\/265b27cb2209af7bb3a1318f03305787d7981a5cc6e6cd08fe5a4ecdf99d4b48?s=96&d=mm&r=g\",\"caption\":\"Contenidos El Regional\"},\"url\":\"https:\/\/elregionalvm.com.ar\/noticias-villa-maria\/author\/contenido\/\"}]}<\/script>\n<!-- \/ Yoast SEO plugin. -->","yoast_head_json":{"title":"Un poco de normalidad: escuelas de la Provincia volver\u00e1n a la presencialidad plena - El Regional","robots":{"index":"index","follow":"follow","max-snippet":"max-snippet:-1","max-image-preview":"max-image-preview:large","max-video-preview":"max-video-preview:-1"},"canonical":"http:\/\/elregionalvm.com.ar\/noticias-villa-maria\/un-poco-de-normalidad-escuelas-de-la-provincia-volveran-a-la-presencialidad-plena\/","og_locale":"es_ES","og_type":"article","og_title":"Un poco de normalidad: escuelas de la Provincia volver\u00e1n a la presencialidad plena - El Regional","og_description":"El Gobierno de la Provincia de C\u00f3rdoba, a trav\u00e9s de los ministerios de Salud y Educaci\u00f3n de la provincia, informa que desde el lunes 27 de septiembre se retornar\u00e1 a la presencialidad plena en el sistema general obligatorio, que abarca al 26 por ciento de escuelas de los niveles inicial, primario y secundario, tanto estatales [&hellip;]","og_url":"http:\/\/elregionalvm.com.ar\/noticias-villa-maria\/un-poco-de-normalidad-escuelas-de-la-provincia-volveran-a-la-presencialidad-plena\/","og_site_name":"El Regional","article_publisher":"https:\/\/www.facebook.com\/elregionalvm","article_published_time":"2021-09-20T22:37:06+00:00","article_modified_time":"2021-09-20T22:37:07+00:00","og_image":[{"width":803,"height":452,"url":"http:\/\/elregionalvm.com.ar\/noticias-villa-maria\/wp-content\/uploads\/2021\/09\/presencialidad-plena.jpg","type":"image\/jpeg"}],"author":"Contenidos El Regional","twitter_card":"summary_large_image","twitter_creator":"@elregionalvm1","twitter_site":"@elregionalvm1","twitter_misc":{"Escrito por":"Contenidos El Regional","Tiempo de lectura":"2 minutos"},"schema":{"@context":"https:\/\/schema.org","@graph":[{"@type":"Article","@id":"http:\/\/elregionalvm.com.ar\/noticias-villa-maria\/un-poco-de-normalidad-escuelas-de-la-provincia-volveran-a-la-presencialidad-plena\/#article","isPartOf":{"@id":"http:\/\/elregionalvm.com.ar\/noticias-villa-maria\/un-poco-de-normalidad-escuelas-de-la-provincia-volveran-a-la-presencialidad-plena\/"},"author":{"name":"Contenidos El Regional","@id":"http:\/\/elregionalvm.com.ar\/noticias-villa-maria\/#\/schema\/person\/a0fb9c422317faca23d50163151bc354"},"headline":"Un poco de normalidad: escuelas de la Provincia volver\u00e1n a la presencialidad plena","datePublished":"2021-09-20T22:37:06+00:00","dateModified":"2021-09-20T22:37:07+00:00","mainEntityOfPage":{"@id":"http:\/\/elregionalvm.com.ar\/noticias-villa-maria\/un-poco-de-normalidad-escuelas-de-la-provincia-volveran-a-la-presencialidad-plena\/"},"wordCount":410,"commentCount":0,"image":{"@id":"http:\/\/elregionalvm.com.ar\/noticias-villa-maria\/un-poco-de-normalidad-escuelas-de-la-provincia-volveran-a-la-presencialidad-plena\/#primaryimage"},"thumbnailUrl":"https:\/\/i0.wp.com\/elregionalvm.com.ar\/noticias-villa-maria\/wp-content\/uploads\/2021\/09\/presencialidad-plena.jpg?fit=803%2C452&ssl=1","keywords":["27 de septiembre","destacado","Educaci\u00f3n","escuelas","presencialidad plena","Provincia de C\u00f3rdoba"],"articleSection":["Sociedad"],"inLanguage":"es","potentialAction":[{"@type":"CommentAction","name":"Comment","target":["http:\/\/elregionalvm.com.ar\/noticias-villa-maria\/un-poco-de-normalidad-escuelas-de-la-provincia-volveran-a-la-presencialidad-plena\/#respond"]}]},{"@type":"WebPage","@id":"http:\/\/elregionalvm.com.ar\/noticias-villa-maria\/un-poco-de-normalidad-escuelas-de-la-provincia-volveran-a-la-presencialidad-plena\/","url":"http:\/\/elregionalvm.com.ar\/noticias-villa-maria\/un-poco-de-normalidad-escuelas-de-la-provincia-volveran-a-la-presencialidad-plena\/","name":"Un poco de normalidad: escuelas de la Provincia volver\u00e1n a la presencialidad plena - El Regional","isPartOf":{"@id":"http:\/\/elregionalvm.com.ar\/noticias-villa-maria\/#website"},"primaryImageOfPage":{"@id":"http:\/\/elregionalvm.com.ar\/noticias-villa-maria\/un-poco-de-normalidad-escuelas-de-la-provincia-volveran-a-la-presencialidad-plena\/#primaryimage"},"image":{"@id":"http:\/\/elregionalvm.com.ar\/noticias-villa-maria\/un-poco-de-normalidad-escuelas-de-la-provincia-volveran-a-la-presencialidad-plena\/#primaryimage"},"thumbnailUrl":"https:\/\/i0.wp.com\/elregionalvm.com.ar\/noticias-villa-maria\/wp-content\/uploads\/2021\/09\/presencialidad-plena.jpg?fit=803%2C452&ssl=1","datePublished":"2021-09-20T22:37:06+00:00","dateModified":"2021-09-20T22:37:07+00:00","author":{"@id":"http:\/\/elregionalvm.com.ar\/noticias-villa-maria\/#\/schema\/person\/a0fb9c422317faca23d50163151bc354"},"breadcrumb":{"@id":"http:\/\/elregionalvm.com.ar\/noticias-villa-maria\/un-poco-de-normalidad-escuelas-de-la-provincia-volveran-a-la-presencialidad-plena\/#breadcrumb"},"inLanguage":"es","potentialAction":[{"@type":"ReadAction","target":["http:\/\/elregionalvm.com.ar\/noticias-villa-maria\/un-poco-de-normalidad-escuelas-de-la-provincia-volveran-a-la-presencialidad-plena\/"]}]},{"@type":"ImageObject","inLanguage":"es","@id":"http:\/\/elregionalvm.com.ar\/noticias-villa-maria\/un-poco-de-normalidad-escuelas-de-la-provincia-volveran-a-la-presencialidad-plena\/#primaryimage","url":"https:\/\/i0.wp.com\/elregionalvm.com.ar\/noticias-villa-maria\/wp-content\/uploads\/2021\/09\/presencialidad-plena.jpg?fit=803%2C452&ssl=1","contentUrl":"https:\/\/i0.wp.com\/elregionalvm.com.ar\/noticias-villa-maria\/wp-content\/uploads\/2021\/09\/presencialidad-plena.jpg?fit=803%2C452&ssl=1","width":803,"height":452},{"@type":"BreadcrumbList","@id":"http:\/\/elregionalvm.com.ar\/noticias-villa-maria\/un-poco-de-normalidad-escuelas-de-la-provincia-volveran-a-la-presencialidad-plena\/#breadcrumb","itemListElement":[{"@type":"ListItem","position":1,"name":"Portada","item":"https:\/\/elregionalvm.com.ar\/noticias-villa-maria\/"},{"@type":"ListItem","position":2,"name":"Un poco de normalidad: escuelas de la Provincia volver\u00e1n a la presencialidad plena"}]},{"@type":"WebSite","@id":"http:\/\/elregionalvm.com.ar\/noticias-villa-maria\/#website","url":"http:\/\/elregionalvm.com.ar\/noticias-villa-maria\/","name":"El Regional","description":"Mucho m\u00e1s que informaci\u00f3n","potentialAction":[{"@type":"SearchAction","target":{"@type":"EntryPoint","urlTemplate":"http:\/\/elregionalvm.com.ar\/noticias-villa-maria\/?s={search_term_string}"},"query-input":{"@type":"PropertyValueSpecification","valueRequired":true,"valueName":"search_term_string"}}],"inLanguage":"es"},{"@type":"Person","@id":"http:\/\/elregionalvm.com.ar\/noticias-villa-maria\/#\/schema\/person\/a0fb9c422317faca23d50163151bc354","name":"Contenidos El Regional","image":{"@type":"ImageObject","inLanguage":"es","@id":"http:\/\/elregionalvm.com.ar\/noticias-villa-maria\/#\/schema\/person\/image\/","url":"https:\/\/secure.gravatar.com\/avatar\/265b27cb2209af7bb3a1318f03305787d7981a5cc6e6cd08fe5a4ecdf99d4b48?s=96&d=mm&r=g","contentUrl":"https:\/\/secure.gravatar.com\/avatar\/265b27cb2209af7bb3a1318f03305787d7981a5cc6e6cd08fe5a4ecdf99d4b48?s=96&d=mm&r=g","caption":"Contenidos El Regional"},"url":"https:\/\/elregionalvm.com.ar\/noticias-villa-maria\/author\/contenido\/"}]}},"jetpack_featured_media_url":"https:\/\/i0.wp.com\/elregionalvm.com.ar\/noticias-villa-maria\/wp-content\/uploads\/2021\/09\/presencialidad-plena.jpg?fit=803%2C452&ssl=1","jetpack_sharing_enabled":true,"_links":{"self":[{"href":"https:\/\/elregionalvm.com.ar\/noticias-villa-maria\/wp-json\/wp\/v2\/posts\/45014","targetHints":{"allow":["GET"]}}],"collection":[{"href":"https:\/\/elregionalvm.com.ar\/noticias-villa-maria\/wp-json\/wp\/v2\/posts"}],"about":[{"href":"https:\/\/elregionalvm.com.ar\/noticias-villa-maria\/wp-json\/wp\/v2\/types\/post"}],"author":[{"embeddable":true,"href":"https:\/\/elregionalvm.com.ar\/noticias-villa-maria\/wp-json\/wp\/v2\/users\/4"}],"replies":[{"embeddable":true,"href":"https:\/\/elregionalvm.com.ar\/noticias-villa-maria\/wp-json\/wp\/v2\/comments?post=45014"}],"version-history":[{"count":1,"href":"https:\/\/elregionalvm.com.ar\/noticias-villa-maria\/wp-json\/wp\/v2\/posts\/45014\/revisions"}],"predecessor-version":[{"id":45016,"href":"https:\/\/elregionalvm.com.ar\/noticias-villa-maria\/wp-json\/wp\/v2\/posts\/45014\/revisions\/45016"}],"wp:featuredmedia":[{"embeddable":true,"href":"https:\/\/elregionalvm.com.ar\/noticias-villa-maria\/wp-json\/wp\/v2\/media\/45015"}],"wp:attachment":[{"href":"https:\/\/elregionalvm.com.ar\/noticias-villa-maria\/wp-json\/wp\/v2\/media?parent=45014"}],"wp:term":[{"taxonomy":"category","embeddable":true,"href":"https:\/\/elregionalvm.com.ar\/noticias-villa-maria\/wp-json\/wp\/v2\/categories?post=45014"},{"taxonomy":"post_tag","embeddable":true,"href":"https:\/\/elregionalvm.com.ar\/noticias-villa-maria\/wp-json\/wp\/v2\/tags?post=45014"}],"curies":[{"name":"wp","href":"https:\/\/api.w.org\/{rel}","templated":true}]}}