{"id":45191,"date":"2021-09-24T02:26:02","date_gmt":"2021-09-24T02:26:02","guid":{"rendered":"https:\/\/elregionalvm.com.ar\/noticias-villa-maria\/?p=45191"},"modified":"2021-09-26T23:12:16","modified_gmt":"2021-09-26T23:12:16","slug":"martyna-gonzalez-quiero-ser-la-primera-mujer-trans-que-presida-un-centro-vecinal","status":"publish","type":"post","link":"https:\/\/elregionalvm.com.ar\/noticias-villa-maria\/martyna-gonzalez-quiero-ser-la-primera-mujer-trans-que-presida-un-centro-vecinal\/","title":{"rendered":"Martyna Gonz\u00e1lez: \u201cQuiero ser la primera mujer trans que presida un centro vecinal\u201d"},"content":{"rendered":"\n<p><\/p>\n\n\n\n<p>Martyna Gonz\u00e1lez tiene 32 a\u00f1os, es una mujer trans y militante social en el barrio donde vive, La Calera. &nbsp;<\/p>\n\n\n\n<p>Conoce de cerca las necesidades cotidianas de chicos y grandes. Por eso, con frecuencia impulsa acciones solidarias, desde dar de comer a varios vecinos desde su misma casa o recolectar juguetes para los ni\u00f1os del sector, hasta crear una escuela de f\u00fatbol con el apodo de su pap\u00e1, Pirincho.<\/p>\n\n\n\n<p><\/p>\n\n\n\n<figure class=\"wp-block-image size-large\"><img data-recalc-dims=\"1\" fetchpriority=\"high\" decoding=\"async\" width=\"1024\" height=\"576\" src=\"https:\/\/i0.wp.com\/elregionalvm.com.ar\/noticias-villa-maria\/wp-content\/uploads\/2021\/09\/Escuelita-de-Futbol-La-Calera-Pirincho.jpeg?resize=1024%2C576&#038;ssl=1\" alt=\"\" class=\"wp-image-45193\" srcset=\"https:\/\/i0.wp.com\/elregionalvm.com.ar\/noticias-villa-maria\/wp-content\/uploads\/2021\/09\/Escuelita-de-Futbol-La-Calera-Pirincho.jpeg?resize=1024%2C576&amp;ssl=1 1024w, https:\/\/i0.wp.com\/elregionalvm.com.ar\/noticias-villa-maria\/wp-content\/uploads\/2021\/09\/Escuelita-de-Futbol-La-Calera-Pirincho.jpeg?resize=300%2C169&amp;ssl=1 300w, https:\/\/i0.wp.com\/elregionalvm.com.ar\/noticias-villa-maria\/wp-content\/uploads\/2021\/09\/Escuelita-de-Futbol-La-Calera-Pirincho.jpeg?resize=768%2C432&amp;ssl=1 768w, https:\/\/i0.wp.com\/elregionalvm.com.ar\/noticias-villa-maria\/wp-content\/uploads\/2021\/09\/Escuelita-de-Futbol-La-Calera-Pirincho.jpeg?w=1080&amp;ssl=1 1080w\" sizes=\"(max-width: 1000px) 100vw, 1000px\" \/><figcaption><em>Ni\u00f1os de Barrio La Calera participan en la escuela de f\u00fatbol impulsada por Gonz\u00e1lez. <\/em><\/figcaption><\/figure>\n\n\n\n<p><\/p>\n\n\n\n<p>Como referente lo tiene a \u00e9l y tambi\u00e9n a su mam\u00e1, ambos militantes. Recientemente, el Concejo Deliberante bautiz\u00f3 con el nombre de Maris Yda \u00c1lvarez al centro familiar y jard\u00edn ubicado en el barrio. Y no puede ocultar su orgullo.<\/p>\n\n\n\n<p>Martyna se desempe\u00f1a en el \u00e1rea de Salud en la Municipalidad de Villa Mar\u00eda. Es una de las siete mujeres trans que participan laboralmente en el gobierno de la ciudad en dependencias de Educaci\u00f3n, Recursos Humanos y Cultura.<\/p>\n\n\n\n<p>Hasta antes de la aprobaci\u00f3n de la ordenanza del cupo laboral trans, que establece que el municipio debe contar con 2% de personal de esa comunidad entre sus trabajadores, eran solo dos.<\/p>\n\n\n\n<p>La vigencia de la normativa qued\u00f3 manifiesta con los cuatro contratos que fueron suscriptos en noviembre del a\u00f1o pasado, \u201cpara brindar mayor estabilidad a las personas trans que ahora forman parte de la planta municipal\u201d, informaba la gesti\u00f3n del intendente interino Pablo Rosso.<\/p>\n\n\n\n<p>Entonces, se promet\u00eda continuar avanzando para dar cumplimiento al porcentaje de cupo laboral previsto por la legislaci\u00f3n local.<\/p>\n\n\n\n<p><\/p>\n\n\n\n<figure class=\"wp-block-image size-large\"><img data-recalc-dims=\"1\" decoding=\"async\" width=\"1024\" height=\"682\" src=\"https:\/\/i0.wp.com\/elregionalvm.com.ar\/noticias-villa-maria\/wp-content\/uploads\/2020\/11\/Firma-contratos.jpg?resize=1024%2C682&#038;ssl=1\" alt=\"\" class=\"wp-image-28303\" srcset=\"https:\/\/i0.wp.com\/elregionalvm.com.ar\/noticias-villa-maria\/wp-content\/uploads\/2020\/11\/Firma-contratos.jpg?resize=1024%2C682&amp;ssl=1 1024w, https:\/\/i0.wp.com\/elregionalvm.com.ar\/noticias-villa-maria\/wp-content\/uploads\/2020\/11\/Firma-contratos.jpg?resize=300%2C200&amp;ssl=1 300w, https:\/\/i0.wp.com\/elregionalvm.com.ar\/noticias-villa-maria\/wp-content\/uploads\/2020\/11\/Firma-contratos.jpg?resize=768%2C512&amp;ssl=1 768w, https:\/\/i0.wp.com\/elregionalvm.com.ar\/noticias-villa-maria\/wp-content\/uploads\/2020\/11\/Firma-contratos.jpg?w=1280&amp;ssl=1 1280w\" sizes=\"(max-width: 1000px) 100vw, 1000px\" \/><figcaption><em>En noviembre de 2020, se firmaron cuatro contratos para incorporar a personas trans al trabajo municipal. <\/em><\/figcaption><\/figure>\n\n\n\n<p><\/p>\n\n\n\n<p><strong>Ocupar espacios pol\u00edticos<\/strong><\/p>\n\n\n\n<p>Martyna sabe que es un gran avance, pero que la lucha contin\u00faa. Que restan muchos derechos por conquistar porque la realidad del colectivo trans muestra una faceta marcada por el prejuicio, la discriminaci\u00f3n, la pobreza, la explotaci\u00f3n sexual y la muerte temprana.<\/p>\n\n\n\n<p>Las estad\u00edsticas son abrumadoras en este sentido. Superar los 40 a\u00f1os es una meta pr\u00e1cticamente imposible para la mayor parte de los integrantes de la comunidad.<\/p>\n\n\n\n<p>Por eso, sostiene que es necesario participar en pol\u00edtica para que sean las personas trans las que motoricen los cambios necesarios.<\/p>\n\n\n\n<p>\u201cEs muy importante que nosotras, las mujeres travestis, trans o no binaries empecemos a ocupar espacios de poder para representar a nuestras minor\u00edas, que podamos ver las realidades de un colectivo tan marcado por el prejuicio de los dem\u00e1s durante tantos a\u00f1os\u201d, remarca en di\u00e1logo con <strong><a href=\"http:\/\/www.elregionalvm.com.ar\">El Regional.<\/a><\/strong><\/p>\n\n\n\n<p>\u201cNosotras sabemos que las necesidades son vividas en carne propia y qui\u00e9nes mejor para contarlas y sentir lo que aquel o aquella a la hora de ir a pedir o exigir un derecho que nosotras, para que podamos estar ah\u00ed para representarles\u201d, agrega.<\/p>\n\n\n\n<p>En lo personal, sostiene que le molesta que otras personas hablen por la comunidad trans a la hora de las decisiones pol\u00edticas. \u201cEstamos conquistando luchas hist\u00f3ricas en la Argentina y no podemos dejar que todo el mundo se lleve una lucha ganada solo por las compa\u00f1eras trans y todo el colectivo LGTB. Hoy se tienen que tomar decisiones con nosotras\u201d.<\/p>\n\n\n\n<p>\u201cTenemos que ser parte de todos los espacios posibles cuando se trata de ayudar y sumar. No podemos seguir siendo excluidas y que no nos vean capaces de aportar a la sociedad\u201d, acota.<\/p>\n\n\n\n<p><\/p>\n\n\n\n<figure class=\"wp-block-image size-large\"><img data-recalc-dims=\"1\" decoding=\"async\" width=\"1024\" height=\"683\" src=\"https:\/\/i0.wp.com\/elregionalvm.com.ar\/noticias-villa-maria\/wp-content\/uploads\/2021\/09\/Comunidad-trans-VM.jpeg?resize=1024%2C683&#038;ssl=1\" alt=\"\" class=\"wp-image-45194\" srcset=\"https:\/\/i0.wp.com\/elregionalvm.com.ar\/noticias-villa-maria\/wp-content\/uploads\/2021\/09\/Comunidad-trans-VM.jpeg?resize=1024%2C683&amp;ssl=1 1024w, https:\/\/i0.wp.com\/elregionalvm.com.ar\/noticias-villa-maria\/wp-content\/uploads\/2021\/09\/Comunidad-trans-VM.jpeg?resize=300%2C200&amp;ssl=1 300w, https:\/\/i0.wp.com\/elregionalvm.com.ar\/noticias-villa-maria\/wp-content\/uploads\/2021\/09\/Comunidad-trans-VM.jpeg?resize=768%2C512&amp;ssl=1 768w, https:\/\/i0.wp.com\/elregionalvm.com.ar\/noticias-villa-maria\/wp-content\/uploads\/2021\/09\/Comunidad-trans-VM.jpeg?w=1079&amp;ssl=1 1079w\" sizes=\"(max-width: 1000px) 100vw, 1000px\" \/><figcaption><em>Martyna sostiene que la comunidad trans debe ocupar espacios pol\u00edticos para continuar la lucha por m\u00e1s derechos. <\/em><\/figcaption><\/figure>\n\n\n\n<p><\/p>\n\n\n\n<p><strong>Centro vecinal y Concejo Deliberante<\/strong><\/p>\n\n\n\n<p>Su gran anhelo es concretar el proyecto de una residencia destinada a personas trans, donde se les ofrezca contenci\u00f3n y acompa\u00f1amiento en todos los aspectos de su vida.<\/p>\n\n\n\n<p>\u201cPor un lado, para que las compa\u00f1eras puedan vivir su vejez dignamente y no est\u00e9n m\u00e1s en situaci\u00f3n de calle. Por el otro, para facilitar la formaci\u00f3n laboral en industrias, y que dejemos de darles cursitos que no son terminados por las compa\u00f1eras\u201d, destac\u00f3.<\/p>\n\n\n\n<p>Martyna explica que para sumar ideas y proyectos hace varios a\u00f1os que viene form\u00e1ndose con el deseo de ocupar espacios pol\u00edticos. \u201cEl territorio me ense\u00f1\u00f3 que la pr\u00e1ctica ante cualquier profesional formado es donde se ve la realidad de todos los d\u00edas, el accionar con el compromiso social, el comprometerte te marca la diferencia\u201d, apunta.<\/p>\n\n\n\n<p>Una manera de dar batalla por m\u00e1s inclusi\u00f3n, derechos y mejor calidad de vida es la posibilidad de liderar el centro vecinal de su barrio. \u201cQuiero empezar a trabajar en profundidad para el barrio donde vivo desde hace a\u00f1os y ser presidenta del centro vecinal\u201d, anticipa.<\/p>\n\n\n\n<p>Con esa finalidad le gustar\u00eda conformar un equipo totalmente inclusivo, con j\u00f3venes con ganas de proyectar. \u201cNo importan las banderas pol\u00edticas que representemos, si no las convicciones que podamos tener para una mejor sociedad\u201d.<\/p>\n\n\n\n<p>\u201cQuiero que sea una lista totalmente vecinalista, que vayamos con las mismas convicciones de ver una comunidad con ganas de progresar y trabajar en equipo\u201d, insiste.<\/p>\n\n\n\n<p>Un sue\u00f1o m\u00e1s lejano en el tiempo, para el cual dice que se est\u00e1 preparando la lleva m\u00e1s all\u00e1 de los l\u00edmites de la barriada.<\/p>\n\n\n\n<p>\u201cA mis 32 a\u00f1os sue\u00f1o que en Villa Mar\u00eda haya una persona trans en una banca en el Concejo Deliberante, para poder luchar por una mejor vida para la comunidad trans y todos los vecinos de la ciudad\u201d, finaliz\u00f3 la militante.<\/p>\n","protected":false},"excerpt":{"rendered":"<p>Martyna Gonz\u00e1lez tiene 32 a\u00f1os, es una mujer trans y militante social en el barrio donde vive, La Calera. &nbsp; Conoce de cerca las necesidades cotidianas de chicos y grandes. Por eso, con frecuencia impulsa acciones solidarias, desde dar de comer a varios vecinos desde su misma casa o recolectar juguetes para los ni\u00f1os del [&hellip;]<\/p>\n","protected":false},"author":6,"featured_media":45195,"comment_status":"open","ping_status":"open","sticky":false,"template":"","format":"standard","meta":{"site-sidebar-layout":"default","site-content-layout":"default","ast-site-content-layout":"default","site-content-style":"default","site-sidebar-style":"default","ast-global-header-display":"","ast-banner-title-visibility":"","ast-main-header-display":"","ast-hfb-above-header-display":"","ast-hfb-below-header-display":"","ast-hfb-mobile-header-display":"","site-post-title":"","ast-breadcrumbs-content":"","ast-featured-img":"","footer-sml-layout":"","ast-disable-related-posts":"","theme-transparent-header-meta":"default","adv-header-id-meta":"","stick-header-meta":"","header-above-stick-meta":"","header-main-stick-meta":"","header-below-stick-meta":"","astra-migrate-meta-layouts":"default","ast-page-background-enabled":"default","ast-page-background-meta":{"desktop":{"background-color":"","background-image":"","background-repeat":"repeat","background-position":"center center","background-size":"auto","background-attachment":"scroll","background-type":"","background-media":"","overlay-type":"","overlay-color":"","overlay-opacity":"","overlay-gradient":""},"tablet":{"background-color":"","background-image":"","background-repeat":"repeat","background-position":"center center","background-size":"auto","background-attachment":"scroll","background-type":"","background-media":"","overlay-type":"","overlay-color":"","overlay-opacity":"","overlay-gradient":""},"mobile":{"background-color":"","background-image":"","background-repeat":"repeat","background-position":"center center","background-size":"auto","background-attachment":"scroll","background-type":"","background-media":"","overlay-type":"","overlay-color":"","overlay-opacity":"","overlay-gradient":""}},"ast-content-background-meta":{"desktop":{"background-color":"var(--ast-global-color-5)","background-image":"","background-repeat":"repeat","background-position":"center center","background-size":"auto","background-attachment":"scroll","background-type":"","background-media":"","overlay-type":"","overlay-color":"","overlay-opacity":"","overlay-gradient":""},"tablet":{"background-color":"var(--ast-global-color-5)","background-image":"","background-repeat":"repeat","background-position":"center center","background-size":"auto","background-attachment":"scroll","background-type":"","background-media":"","overlay-type":"","overlay-color":"","overlay-opacity":"","overlay-gradient":""},"mobile":{"background-color":"var(--ast-global-color-5)","background-image":"","background-repeat":"repeat","background-position":"center center","background-size":"auto","background-attachment":"scroll","background-type":"","background-media":"","overlay-type":"","overlay-color":"","overlay-opacity":"","overlay-gradient":""}},"_jetpack_memberships_contains_paid_content":false,"_joinchat":[],"footnotes":""},"categories":[2089,2],"tags":[5082,11328,11327,1597,11329,285,1517,11325,11326],"class_list":["post-45191","post","type-post","status-publish","format-standard","has-post-thumbnail","hentry","category-politica","category-villa-maria","tag-centro-vecinal","tag-colectivo-lgtb","tag-comunidad-trans","tag-concejo-deliberante","tag-espacios-de-poder","tag-inclusion","tag-la-calera","tag-martyna-gonzalez","tag-militante-social"],"yoast_head":"<!-- This site is optimized with the Yoast SEO plugin v26.8 - https:\/\/yoast.com\/product\/yoast-seo-wordpress\/ -->\n<title>Martyna Gonz\u00e1lez: \u201cQuiero ser la primera mujer trans que presida un centro vecinal\u201d - El Regional<\/title>\n<meta name=\"robots\" content=\"index, follow, max-snippet:-1, max-image-preview:large, max-video-preview:-1\" \/>\n<link rel=\"canonical\" href=\"http:\/\/elregionalvm.com.ar\/noticias-villa-maria\/martyna-gonzalez-quiero-ser-la-primera-mujer-trans-que-presida-un-centro-vecinal\/\" \/>\n<meta property=\"og:locale\" content=\"es_ES\" \/>\n<meta property=\"og:type\" content=\"article\" \/>\n<meta property=\"og:title\" content=\"Martyna Gonz\u00e1lez: \u201cQuiero ser la primera mujer trans que presida un centro vecinal\u201d - El Regional\" \/>\n<meta property=\"og:description\" content=\"Martyna Gonz\u00e1lez tiene 32 a\u00f1os, es una mujer trans y militante social en el barrio donde vive, La Calera. &nbsp; Conoce de cerca las necesidades cotidianas de chicos y grandes. Por eso, con frecuencia impulsa acciones solidarias, desde dar de comer a varios vecinos desde su misma casa o recolectar juguetes para los ni\u00f1os del [&hellip;]\" \/>\n<meta property=\"og:url\" content=\"http:\/\/elregionalvm.com.ar\/noticias-villa-maria\/martyna-gonzalez-quiero-ser-la-primera-mujer-trans-que-presida-un-centro-vecinal\/\" \/>\n<meta property=\"og:site_name\" content=\"El Regional\" \/>\n<meta property=\"article:publisher\" content=\"https:\/\/www.facebook.com\/elregionalvm\" \/>\n<meta property=\"article:published_time\" content=\"2021-09-24T02:26:02+00:00\" \/>\n<meta property=\"article:modified_time\" content=\"2021-09-26T23:12:16+00:00\" \/>\n<meta property=\"og:image\" content=\"http:\/\/elregionalvm.com.ar\/noticias-villa-maria\/wp-content\/uploads\/2021\/09\/WhatsApp-Image-2021-09-23-at-10.43.48-PM.jpeg\" \/>\n\t<meta property=\"og:image:width\" content=\"593\" \/>\n\t<meta property=\"og:image:height\" content=\"883\" \/>\n\t<meta property=\"og:image:type\" content=\"image\/jpeg\" \/>\n<meta name=\"author\" content=\"Germ\u00e1n Giacchero\" \/>\n<meta name=\"twitter:card\" content=\"summary_large_image\" \/>\n<meta name=\"twitter:creator\" content=\"@elregionalvm1\" \/>\n<meta name=\"twitter:site\" content=\"@elregionalvm1\" \/>\n<meta name=\"twitter:label1\" content=\"Escrito por\" \/>\n\t<meta name=\"twitter:data1\" content=\"Germ\u00e1n Giacchero\" \/>\n\t<meta name=\"twitter:label2\" content=\"Tiempo de lectura\" \/>\n\t<meta name=\"twitter:data2\" content=\"5 minutos\" \/>\n<script type=\"application\/ld+json\" class=\"yoast-schema-graph\">{\"@context\":\"https:\/\/schema.org\",\"@graph\":[{\"@type\":\"Article\",\"@id\":\"http:\/\/elregionalvm.com.ar\/noticias-villa-maria\/martyna-gonzalez-quiero-ser-la-primera-mujer-trans-que-presida-un-centro-vecinal\/#article\",\"isPartOf\":{\"@id\":\"http:\/\/elregionalvm.com.ar\/noticias-villa-maria\/martyna-gonzalez-quiero-ser-la-primera-mujer-trans-que-presida-un-centro-vecinal\/\"},\"author\":{\"name\":\"Germ\u00e1n Giacchero\",\"@id\":\"http:\/\/elregionalvm.com.ar\/noticias-villa-maria\/#\/schema\/person\/d5e4b04966154131701e52c45d3efec9\"},\"headline\":\"Martyna Gonz\u00e1lez: \u201cQuiero ser la primera mujer trans que presida un centro vecinal\u201d\",\"datePublished\":\"2021-09-24T02:26:02+00:00\",\"dateModified\":\"2021-09-26T23:12:16+00:00\",\"mainEntityOfPage\":{\"@id\":\"http:\/\/elregionalvm.com.ar\/noticias-villa-maria\/martyna-gonzalez-quiero-ser-la-primera-mujer-trans-que-presida-un-centro-vecinal\/\"},\"wordCount\":937,\"commentCount\":0,\"image\":{\"@id\":\"http:\/\/elregionalvm.com.ar\/noticias-villa-maria\/martyna-gonzalez-quiero-ser-la-primera-mujer-trans-que-presida-un-centro-vecinal\/#primaryimage\"},\"thumbnailUrl\":\"https:\/\/i0.wp.com\/elregionalvm.com.ar\/noticias-villa-maria\/wp-content\/uploads\/2021\/09\/WhatsApp-Image-2021-09-23-at-10.43.48-PM.jpeg?fit=593%2C883&ssl=1\",\"keywords\":[\"Centro Vecinal\",\"Colectivo LGTB\",\"Comunidad trans\",\"Concejo Deliberante\",\"Espacios de poder\",\"Inclusi\u00f3n\",\"La Calera\",\"Martyna Gonz\u00e1lez\",\"Militante social\"],\"articleSection\":[\"Pol\u00edtica\",\"Villa Mar\u00eda\"],\"inLanguage\":\"es\",\"potentialAction\":[{\"@type\":\"CommentAction\",\"name\":\"Comment\",\"target\":[\"http:\/\/elregionalvm.com.ar\/noticias-villa-maria\/martyna-gonzalez-quiero-ser-la-primera-mujer-trans-que-presida-un-centro-vecinal\/#respond\"]}]},{\"@type\":\"WebPage\",\"@id\":\"http:\/\/elregionalvm.com.ar\/noticias-villa-maria\/martyna-gonzalez-quiero-ser-la-primera-mujer-trans-que-presida-un-centro-vecinal\/\",\"url\":\"http:\/\/elregionalvm.com.ar\/noticias-villa-maria\/martyna-gonzalez-quiero-ser-la-primera-mujer-trans-que-presida-un-centro-vecinal\/\",\"name\":\"Martyna Gonz\u00e1lez: \u201cQuiero ser la primera mujer trans que presida un centro vecinal\u201d - El Regional\",\"isPartOf\":{\"@id\":\"http:\/\/elregionalvm.com.ar\/noticias-villa-maria\/#website\"},\"primaryImageOfPage\":{\"@id\":\"http:\/\/elregionalvm.com.ar\/noticias-villa-maria\/martyna-gonzalez-quiero-ser-la-primera-mujer-trans-que-presida-un-centro-vecinal\/#primaryimage\"},\"image\":{\"@id\":\"http:\/\/elregionalvm.com.ar\/noticias-villa-maria\/martyna-gonzalez-quiero-ser-la-primera-mujer-trans-que-presida-un-centro-vecinal\/#primaryimage\"},\"thumbnailUrl\":\"https:\/\/i0.wp.com\/elregionalvm.com.ar\/noticias-villa-maria\/wp-content\/uploads\/2021\/09\/WhatsApp-Image-2021-09-23-at-10.43.48-PM.jpeg?fit=593%2C883&ssl=1\",\"datePublished\":\"2021-09-24T02:26:02+00:00\",\"dateModified\":\"2021-09-26T23:12:16+00:00\",\"author\":{\"@id\":\"http:\/\/elregionalvm.com.ar\/noticias-villa-maria\/#\/schema\/person\/d5e4b04966154131701e52c45d3efec9\"},\"breadcrumb\":{\"@id\":\"http:\/\/elregionalvm.com.ar\/noticias-villa-maria\/martyna-gonzalez-quiero-ser-la-primera-mujer-trans-que-presida-un-centro-vecinal\/#breadcrumb\"},\"inLanguage\":\"es\",\"potentialAction\":[{\"@type\":\"ReadAction\",\"target\":[\"http:\/\/elregionalvm.com.ar\/noticias-villa-maria\/martyna-gonzalez-quiero-ser-la-primera-mujer-trans-que-presida-un-centro-vecinal\/\"]}]},{\"@type\":\"ImageObject\",\"inLanguage\":\"es\",\"@id\":\"http:\/\/elregionalvm.com.ar\/noticias-villa-maria\/martyna-gonzalez-quiero-ser-la-primera-mujer-trans-que-presida-un-centro-vecinal\/#primaryimage\",\"url\":\"https:\/\/i0.wp.com\/elregionalvm.com.ar\/noticias-villa-maria\/wp-content\/uploads\/2021\/09\/WhatsApp-Image-2021-09-23-at-10.43.48-PM.jpeg?fit=593%2C883&ssl=1\",\"contentUrl\":\"https:\/\/i0.wp.com\/elregionalvm.com.ar\/noticias-villa-maria\/wp-content\/uploads\/2021\/09\/WhatsApp-Image-2021-09-23-at-10.43.48-PM.jpeg?fit=593%2C883&ssl=1\",\"width\":593,\"height\":883},{\"@type\":\"BreadcrumbList\",\"@id\":\"http:\/\/elregionalvm.com.ar\/noticias-villa-maria\/martyna-gonzalez-quiero-ser-la-primera-mujer-trans-que-presida-un-centro-vecinal\/#breadcrumb\",\"itemListElement\":[{\"@type\":\"ListItem\",\"position\":1,\"name\":\"Portada\",\"item\":\"https:\/\/elregionalvm.com.ar\/noticias-villa-maria\/\"},{\"@type\":\"ListItem\",\"position\":2,\"name\":\"Martyna Gonz\u00e1lez: \u201cQuiero ser la primera mujer trans que presida un centro vecinal\u201d\"}]},{\"@type\":\"WebSite\",\"@id\":\"http:\/\/elregionalvm.com.ar\/noticias-villa-maria\/#website\",\"url\":\"http:\/\/elregionalvm.com.ar\/noticias-villa-maria\/\",\"name\":\"El Regional\",\"description\":\"Mucho m\u00e1s que informaci\u00f3n\",\"potentialAction\":[{\"@type\":\"SearchAction\",\"target\":{\"@type\":\"EntryPoint\",\"urlTemplate\":\"http:\/\/elregionalvm.com.ar\/noticias-villa-maria\/?s={search_term_string}\"},\"query-input\":{\"@type\":\"PropertyValueSpecification\",\"valueRequired\":true,\"valueName\":\"search_term_string\"}}],\"inLanguage\":\"es\"},{\"@type\":\"Person\",\"@id\":\"http:\/\/elregionalvm.com.ar\/noticias-villa-maria\/#\/schema\/person\/d5e4b04966154131701e52c45d3efec9\",\"name\":\"Germ\u00e1n Giacchero\",\"image\":{\"@type\":\"ImageObject\",\"inLanguage\":\"es\",\"@id\":\"http:\/\/elregionalvm.com.ar\/noticias-villa-maria\/#\/schema\/person\/image\/\",\"url\":\"https:\/\/secure.gravatar.com\/avatar\/fda163ba5ef0307ee5be9846e10f83b6e83d0cfb260d3b2464830318894c6b04?s=96&d=mm&r=g\",\"contentUrl\":\"https:\/\/secure.gravatar.com\/avatar\/fda163ba5ef0307ee5be9846e10f83b6e83d0cfb260d3b2464830318894c6b04?s=96&d=mm&r=g\",\"caption\":\"Germ\u00e1n Giacchero\"},\"url\":\"https:\/\/elregionalvm.com.ar\/noticias-villa-maria\/author\/germangiacchero\/\"}]}<\/script>\n<!-- \/ Yoast SEO plugin. -->","yoast_head_json":{"title":"Martyna Gonz\u00e1lez: \u201cQuiero ser la primera mujer trans que presida un centro vecinal\u201d - El Regional","robots":{"index":"index","follow":"follow","max-snippet":"max-snippet:-1","max-image-preview":"max-image-preview:large","max-video-preview":"max-video-preview:-1"},"canonical":"http:\/\/elregionalvm.com.ar\/noticias-villa-maria\/martyna-gonzalez-quiero-ser-la-primera-mujer-trans-que-presida-un-centro-vecinal\/","og_locale":"es_ES","og_type":"article","og_title":"Martyna Gonz\u00e1lez: \u201cQuiero ser la primera mujer trans que presida un centro vecinal\u201d - El Regional","og_description":"Martyna Gonz\u00e1lez tiene 32 a\u00f1os, es una mujer trans y militante social en el barrio donde vive, La Calera. &nbsp; Conoce de cerca las necesidades cotidianas de chicos y grandes. Por eso, con frecuencia impulsa acciones solidarias, desde dar de comer a varios vecinos desde su misma casa o recolectar juguetes para los ni\u00f1os del [&hellip;]","og_url":"http:\/\/elregionalvm.com.ar\/noticias-villa-maria\/martyna-gonzalez-quiero-ser-la-primera-mujer-trans-que-presida-un-centro-vecinal\/","og_site_name":"El Regional","article_publisher":"https:\/\/www.facebook.com\/elregionalvm","article_published_time":"2021-09-24T02:26:02+00:00","article_modified_time":"2021-09-26T23:12:16+00:00","og_image":[{"width":593,"height":883,"url":"http:\/\/elregionalvm.com.ar\/noticias-villa-maria\/wp-content\/uploads\/2021\/09\/WhatsApp-Image-2021-09-23-at-10.43.48-PM.jpeg","type":"image\/jpeg"}],"author":"Germ\u00e1n Giacchero","twitter_card":"summary_large_image","twitter_creator":"@elregionalvm1","twitter_site":"@elregionalvm1","twitter_misc":{"Escrito por":"Germ\u00e1n Giacchero","Tiempo de lectura":"5 minutos"},"schema":{"@context":"https:\/\/schema.org","@graph":[{"@type":"Article","@id":"http:\/\/elregionalvm.com.ar\/noticias-villa-maria\/martyna-gonzalez-quiero-ser-la-primera-mujer-trans-que-presida-un-centro-vecinal\/#article","isPartOf":{"@id":"http:\/\/elregionalvm.com.ar\/noticias-villa-maria\/martyna-gonzalez-quiero-ser-la-primera-mujer-trans-que-presida-un-centro-vecinal\/"},"author":{"name":"Germ\u00e1n Giacchero","@id":"http:\/\/elregionalvm.com.ar\/noticias-villa-maria\/#\/schema\/person\/d5e4b04966154131701e52c45d3efec9"},"headline":"Martyna Gonz\u00e1lez: \u201cQuiero ser la primera mujer trans que presida un centro vecinal\u201d","datePublished":"2021-09-24T02:26:02+00:00","dateModified":"2021-09-26T23:12:16+00:00","mainEntityOfPage":{"@id":"http:\/\/elregionalvm.com.ar\/noticias-villa-maria\/martyna-gonzalez-quiero-ser-la-primera-mujer-trans-que-presida-un-centro-vecinal\/"},"wordCount":937,"commentCount":0,"image":{"@id":"http:\/\/elregionalvm.com.ar\/noticias-villa-maria\/martyna-gonzalez-quiero-ser-la-primera-mujer-trans-que-presida-un-centro-vecinal\/#primaryimage"},"thumbnailUrl":"https:\/\/i0.wp.com\/elregionalvm.com.ar\/noticias-villa-maria\/wp-content\/uploads\/2021\/09\/WhatsApp-Image-2021-09-23-at-10.43.48-PM.jpeg?fit=593%2C883&ssl=1","keywords":["Centro Vecinal","Colectivo LGTB","Comunidad trans","Concejo Deliberante","Espacios de poder","Inclusi\u00f3n","La Calera","Martyna Gonz\u00e1lez","Militante social"],"articleSection":["Pol\u00edtica","Villa Mar\u00eda"],"inLanguage":"es","potentialAction":[{"@type":"CommentAction","name":"Comment","target":["http:\/\/elregionalvm.com.ar\/noticias-villa-maria\/martyna-gonzalez-quiero-ser-la-primera-mujer-trans-que-presida-un-centro-vecinal\/#respond"]}]},{"@type":"WebPage","@id":"http:\/\/elregionalvm.com.ar\/noticias-villa-maria\/martyna-gonzalez-quiero-ser-la-primera-mujer-trans-que-presida-un-centro-vecinal\/","url":"http:\/\/elregionalvm.com.ar\/noticias-villa-maria\/martyna-gonzalez-quiero-ser-la-primera-mujer-trans-que-presida-un-centro-vecinal\/","name":"Martyna Gonz\u00e1lez: \u201cQuiero ser la primera mujer trans que presida un centro vecinal\u201d - El Regional","isPartOf":{"@id":"http:\/\/elregionalvm.com.ar\/noticias-villa-maria\/#website"},"primaryImageOfPage":{"@id":"http:\/\/elregionalvm.com.ar\/noticias-villa-maria\/martyna-gonzalez-quiero-ser-la-primera-mujer-trans-que-presida-un-centro-vecinal\/#primaryimage"},"image":{"@id":"http:\/\/elregionalvm.com.ar\/noticias-villa-maria\/martyna-gonzalez-quiero-ser-la-primera-mujer-trans-que-presida-un-centro-vecinal\/#primaryimage"},"thumbnailUrl":"https:\/\/i0.wp.com\/elregionalvm.com.ar\/noticias-villa-maria\/wp-content\/uploads\/2021\/09\/WhatsApp-Image-2021-09-23-at-10.43.48-PM.jpeg?fit=593%2C883&ssl=1","datePublished":"2021-09-24T02:26:02+00:00","dateModified":"2021-09-26T23:12:16+00:00","author":{"@id":"http:\/\/elregionalvm.com.ar\/noticias-villa-maria\/#\/schema\/person\/d5e4b04966154131701e52c45d3efec9"},"breadcrumb":{"@id":"http:\/\/elregionalvm.com.ar\/noticias-villa-maria\/martyna-gonzalez-quiero-ser-la-primera-mujer-trans-que-presida-un-centro-vecinal\/#breadcrumb"},"inLanguage":"es","potentialAction":[{"@type":"ReadAction","target":["http:\/\/elregionalvm.com.ar\/noticias-villa-maria\/martyna-gonzalez-quiero-ser-la-primera-mujer-trans-que-presida-un-centro-vecinal\/"]}]},{"@type":"ImageObject","inLanguage":"es","@id":"http:\/\/elregionalvm.com.ar\/noticias-villa-maria\/martyna-gonzalez-quiero-ser-la-primera-mujer-trans-que-presida-un-centro-vecinal\/#primaryimage","url":"https:\/\/i0.wp.com\/elregionalvm.com.ar\/noticias-villa-maria\/wp-content\/uploads\/2021\/09\/WhatsApp-Image-2021-09-23-at-10.43.48-PM.jpeg?fit=593%2C883&ssl=1","contentUrl":"https:\/\/i0.wp.com\/elregionalvm.com.ar\/noticias-villa-maria\/wp-content\/uploads\/2021\/09\/WhatsApp-Image-2021-09-23-at-10.43.48-PM.jpeg?fit=593%2C883&ssl=1","width":593,"height":883},{"@type":"BreadcrumbList","@id":"http:\/\/elregionalvm.com.ar\/noticias-villa-maria\/martyna-gonzalez-quiero-ser-la-primera-mujer-trans-que-presida-un-centro-vecinal\/#breadcrumb","itemListElement":[{"@type":"ListItem","position":1,"name":"Portada","item":"https:\/\/elregionalvm.com.ar\/noticias-villa-maria\/"},{"@type":"ListItem","position":2,"name":"Martyna Gonz\u00e1lez: \u201cQuiero ser la primera mujer trans que presida un centro vecinal\u201d"}]},{"@type":"WebSite","@id":"http:\/\/elregionalvm.com.ar\/noticias-villa-maria\/#website","url":"http:\/\/elregionalvm.com.ar\/noticias-villa-maria\/","name":"El Regional","description":"Mucho m\u00e1s que informaci\u00f3n","potentialAction":[{"@type":"SearchAction","target":{"@type":"EntryPoint","urlTemplate":"http:\/\/elregionalvm.com.ar\/noticias-villa-maria\/?s={search_term_string}"},"query-input":{"@type":"PropertyValueSpecification","valueRequired":true,"valueName":"search_term_string"}}],"inLanguage":"es"},{"@type":"Person","@id":"http:\/\/elregionalvm.com.ar\/noticias-villa-maria\/#\/schema\/person\/d5e4b04966154131701e52c45d3efec9","name":"Germ\u00e1n Giacchero","image":{"@type":"ImageObject","inLanguage":"es","@id":"http:\/\/elregionalvm.com.ar\/noticias-villa-maria\/#\/schema\/person\/image\/","url":"https:\/\/secure.gravatar.com\/avatar\/fda163ba5ef0307ee5be9846e10f83b6e83d0cfb260d3b2464830318894c6b04?s=96&d=mm&r=g","contentUrl":"https:\/\/secure.gravatar.com\/avatar\/fda163ba5ef0307ee5be9846e10f83b6e83d0cfb260d3b2464830318894c6b04?s=96&d=mm&r=g","caption":"Germ\u00e1n Giacchero"},"url":"https:\/\/elregionalvm.com.ar\/noticias-villa-maria\/author\/germangiacchero\/"}]}},"jetpack_featured_media_url":"https:\/\/i0.wp.com\/elregionalvm.com.ar\/noticias-villa-maria\/wp-content\/uploads\/2021\/09\/WhatsApp-Image-2021-09-23-at-10.43.48-PM.jpeg?fit=593%2C883&ssl=1","jetpack_sharing_enabled":true,"_links":{"self":[{"href":"https:\/\/elregionalvm.com.ar\/noticias-villa-maria\/wp-json\/wp\/v2\/posts\/45191","targetHints":{"allow":["GET"]}}],"collection":[{"href":"https:\/\/elregionalvm.com.ar\/noticias-villa-maria\/wp-json\/wp\/v2\/posts"}],"about":[{"href":"https:\/\/elregionalvm.com.ar\/noticias-villa-maria\/wp-json\/wp\/v2\/types\/post"}],"author":[{"embeddable":true,"href":"https:\/\/elregionalvm.com.ar\/noticias-villa-maria\/wp-json\/wp\/v2\/users\/6"}],"replies":[{"embeddable":true,"href":"https:\/\/elregionalvm.com.ar\/noticias-villa-maria\/wp-json\/wp\/v2\/comments?post=45191"}],"version-history":[{"count":2,"href":"https:\/\/elregionalvm.com.ar\/noticias-villa-maria\/wp-json\/wp\/v2\/posts\/45191\/revisions"}],"predecessor-version":[{"id":45196,"href":"https:\/\/elregionalvm.com.ar\/noticias-villa-maria\/wp-json\/wp\/v2\/posts\/45191\/revisions\/45196"}],"wp:featuredmedia":[{"embeddable":true,"href":"https:\/\/elregionalvm.com.ar\/noticias-villa-maria\/wp-json\/wp\/v2\/media\/45195"}],"wp:attachment":[{"href":"https:\/\/elregionalvm.com.ar\/noticias-villa-maria\/wp-json\/wp\/v2\/media?parent=45191"}],"wp:term":[{"taxonomy":"category","embeddable":true,"href":"https:\/\/elregionalvm.com.ar\/noticias-villa-maria\/wp-json\/wp\/v2\/categories?post=45191"},{"taxonomy":"post_tag","embeddable":true,"href":"https:\/\/elregionalvm.com.ar\/noticias-villa-maria\/wp-json\/wp\/v2\/tags?post=45191"}],"curies":[{"name":"wp","href":"https:\/\/api.w.org\/{rel}","templated":true}]}}