{"id":45197,"date":"2021-09-24T02:48:23","date_gmt":"2021-09-24T02:48:23","guid":{"rendered":"https:\/\/elregionalvm.com.ar\/noticias-villa-maria\/?p=45197"},"modified":"2021-09-24T02:48:24","modified_gmt":"2021-09-24T02:48:24","slug":"siniestro-aereo-en-bell-ville-cayo-a-tierra-un-avion-ultraliviano-y-fallecio-el-piloto","status":"publish","type":"post","link":"https:\/\/elregionalvm.com.ar\/noticias-villa-maria\/siniestro-aereo-en-bell-ville-cayo-a-tierra-un-avion-ultraliviano-y-fallecio-el-piloto\/","title":{"rendered":"Siniestro a\u00e9reo en Bell Ville: Cay\u00f3 a tierra un avi\u00f3n ultraliviano y falleci\u00f3 el piloto"},"content":{"rendered":"\n<p><\/p>\n\n\n\n<p>Un avi\u00f3n ultraliviano cay\u00f3 a tierra en un campo ubicado al norte de la ciudad de Bell Ville y perdi\u00f3 la vida su piloto, el desarrollador inmobiliario Miguel (Lyly) Tartabini, oriundo de San Marcos Sud.<\/p>\n\n\n\n<p>Seg\u00fan inform\u00f3 Panorama, el siniestro a\u00e9reo se produjo alrededor de las 18.20 horas de este jueves 23 de septiembre. Ocurri\u00f3 unos 400 metros despu\u00e9s de haber despegado de una pista de vuelo situada en la zona del puente del canal derivador de la ruta 3 norte.<\/p>\n\n\n\n<p>La v\u00edctima ten\u00eda 51 a\u00f1os y era conocido por haber competido en autom\u00f3vil y karting, adem\u00e1s de dedicarse a la m\u00fasica.<\/p>\n\n\n\n<p><\/p>\n\n\n\n<figure class=\"wp-block-image size-large\"><img data-recalc-dims=\"1\" fetchpriority=\"high\" decoding=\"async\" width=\"1024\" height=\"1024\" src=\"https:\/\/i0.wp.com\/elregionalvm.com.ar\/noticias-villa-maria\/wp-content\/uploads\/2021\/09\/Miguel-Tartabini-San-Marcos-avioneta.jpg?resize=1024%2C1024&#038;ssl=1\" alt=\"\" class=\"wp-image-45198\" srcset=\"https:\/\/i0.wp.com\/elregionalvm.com.ar\/noticias-villa-maria\/wp-content\/uploads\/2021\/09\/Miguel-Tartabini-San-Marcos-avioneta.jpg?resize=1024%2C1024&amp;ssl=1 1024w, https:\/\/i0.wp.com\/elregionalvm.com.ar\/noticias-villa-maria\/wp-content\/uploads\/2021\/09\/Miguel-Tartabini-San-Marcos-avioneta.jpg?resize=300%2C300&amp;ssl=1 300w, https:\/\/i0.wp.com\/elregionalvm.com.ar\/noticias-villa-maria\/wp-content\/uploads\/2021\/09\/Miguel-Tartabini-San-Marcos-avioneta.jpg?resize=768%2C768&amp;ssl=1 768w, https:\/\/i0.wp.com\/elregionalvm.com.ar\/noticias-villa-maria\/wp-content\/uploads\/2021\/09\/Miguel-Tartabini-San-Marcos-avioneta.jpg?w=1080&amp;ssl=1 1080w\" sizes=\"(max-width: 1000px) 100vw, 1000px\" \/><figcaption><em>El ultraliviano que se precipit\u00f3 a tierra poco despu\u00e9s de haber despegado. <\/em><\/figcaption><\/figure>\n\n\n\n<p><\/p>\n\n\n\n<p>La investigaci\u00f3n judicial para conocer los motivos de la precipitaci\u00f3n de la aeronave est\u00e1 a cargo del fiscal de Instrucci\u00f3n de Bell Ville, Nicol\u00e1s Gambini.<\/p>\n\n\n\n<p><\/p>\n\n\n\n<p><em>Fuente: Panorama Bell Ville<\/em><\/p>\n","protected":false},"excerpt":{"rendered":"<p>Un avi\u00f3n ultraliviano cay\u00f3 a tierra en un campo ubicado al norte de la ciudad de Bell Ville y perdi\u00f3 la vida su piloto, el desarrollador inmobiliario Miguel (Lyly) Tartabini, oriundo de San Marcos Sud. Seg\u00fan inform\u00f3 Panorama, el siniestro a\u00e9reo se produjo alrededor de las 18.20 horas de este jueves 23 de septiembre. Ocurri\u00f3 [&hellip;]<\/p>\n","protected":false},"author":4,"featured_media":45200,"comment_status":"open","ping_status":"open","sticky":false,"template":"","format":"standard","meta":{"site-sidebar-layout":"default","site-content-layout":"default","ast-site-content-layout":"default","site-content-style":"default","site-sidebar-style":"default","ast-global-header-display":"","ast-banner-title-visibility":"","ast-main-header-display":"","ast-hfb-above-header-display":"","ast-hfb-below-header-display":"","ast-hfb-mobile-header-display":"","site-post-title":"","ast-breadcrumbs-content":"","ast-featured-img":"","footer-sml-layout":"","ast-disable-related-posts":"","theme-transparent-header-meta":"default","adv-header-id-meta":"","stick-header-meta":"","header-above-stick-meta":"","header-main-stick-meta":"","header-below-stick-meta":"","astra-migrate-meta-layouts":"default","ast-page-background-enabled":"default","ast-page-background-meta":{"desktop":{"background-color":"","background-image":"","background-repeat":"repeat","background-position":"center center","background-size":"auto","background-attachment":"scroll","background-type":"","background-media":"","overlay-type":"","overlay-color":"","overlay-opacity":"","overlay-gradient":""},"tablet":{"background-color":"","background-image":"","background-repeat":"repeat","background-position":"center center","background-size":"auto","background-attachment":"scroll","background-type":"","background-media":"","overlay-type":"","overlay-color":"","overlay-opacity":"","overlay-gradient":""},"mobile":{"background-color":"","background-image":"","background-repeat":"repeat","background-position":"center center","background-size":"auto","background-attachment":"scroll","background-type":"","background-media":"","overlay-type":"","overlay-color":"","overlay-opacity":"","overlay-gradient":""}},"ast-content-background-meta":{"desktop":{"background-color":"var(--ast-global-color-5)","background-image":"","background-repeat":"repeat","background-position":"center center","background-size":"auto","background-attachment":"scroll","background-type":"","background-media":"","overlay-type":"","overlay-color":"","overlay-opacity":"","overlay-gradient":""},"tablet":{"background-color":"var(--ast-global-color-5)","background-image":"","background-repeat":"repeat","background-position":"center center","background-size":"auto","background-attachment":"scroll","background-type":"","background-media":"","overlay-type":"","overlay-color":"","overlay-opacity":"","overlay-gradient":""},"mobile":{"background-color":"var(--ast-global-color-5)","background-image":"","background-repeat":"repeat","background-position":"center center","background-size":"auto","background-attachment":"scroll","background-type":"","background-media":"","overlay-type":"","overlay-color":"","overlay-opacity":"","overlay-gradient":""}},"_jetpack_memberships_contains_paid_content":false,"_joinchat":[],"footnotes":""},"categories":[2091],"tags":[11331,1045,1232,261,11333,3519,11330],"class_list":["post-45197","post","type-post","status-publish","format-standard","has-post-thumbnail","hentry","category-region","tag-avion-ultraliviano","tag-bell-ville","tag-destacado","tag-fallecimiento","tag-miguel-tartabini","tag-san-marcos-sud","tag-siniestro-aereo"],"yoast_head":"<!-- This site is optimized with the Yoast SEO plugin v26.8 - https:\/\/yoast.com\/product\/yoast-seo-wordpress\/ -->\n<title>Siniestro a\u00e9reo en Bell Ville: Cay\u00f3 a tierra un avi\u00f3n ultraliviano y falleci\u00f3 el piloto - El Regional<\/title>\n<meta name=\"robots\" content=\"index, follow, max-snippet:-1, max-image-preview:large, max-video-preview:-1\" \/>\n<link rel=\"canonical\" href=\"http:\/\/elregionalvm.com.ar\/noticias-villa-maria\/siniestro-aereo-en-bell-ville-cayo-a-tierra-un-avion-ultraliviano-y-fallecio-el-piloto\/\" \/>\n<meta property=\"og:locale\" content=\"es_ES\" \/>\n<meta property=\"og:type\" content=\"article\" \/>\n<meta property=\"og:title\" content=\"Siniestro a\u00e9reo en Bell Ville: Cay\u00f3 a tierra un avi\u00f3n ultraliviano y falleci\u00f3 el piloto - El Regional\" \/>\n<meta property=\"og:description\" content=\"Un avi\u00f3n ultraliviano cay\u00f3 a tierra en un campo ubicado al norte de la ciudad de Bell Ville y perdi\u00f3 la vida su piloto, el desarrollador inmobiliario Miguel (Lyly) Tartabini, oriundo de San Marcos Sud. Seg\u00fan inform\u00f3 Panorama, el siniestro a\u00e9reo se produjo alrededor de las 18.20 horas de este jueves 23 de septiembre. Ocurri\u00f3 [&hellip;]\" \/>\n<meta property=\"og:url\" content=\"http:\/\/elregionalvm.com.ar\/noticias-villa-maria\/siniestro-aereo-en-bell-ville-cayo-a-tierra-un-avion-ultraliviano-y-fallecio-el-piloto\/\" \/>\n<meta property=\"og:site_name\" content=\"El Regional\" \/>\n<meta property=\"article:publisher\" content=\"https:\/\/www.facebook.com\/elregionalvm\" \/>\n<meta property=\"article:published_time\" content=\"2021-09-24T02:48:23+00:00\" \/>\n<meta property=\"article:modified_time\" content=\"2021-09-24T02:48:24+00:00\" \/>\n<meta property=\"og:image\" content=\"http:\/\/elregionalvm.com.ar\/noticias-villa-maria\/wp-content\/uploads\/2021\/09\/San-Marcos-Sud-Miguel-Tartabini.jpg\" \/>\n\t<meta property=\"og:image:width\" content=\"960\" \/>\n\t<meta property=\"og:image:height\" content=\"720\" \/>\n\t<meta property=\"og:image:type\" content=\"image\/jpeg\" \/>\n<meta name=\"author\" content=\"Contenidos El Regional\" \/>\n<meta name=\"twitter:card\" content=\"summary_large_image\" \/>\n<meta name=\"twitter:creator\" content=\"@elregionalvm1\" \/>\n<meta name=\"twitter:site\" content=\"@elregionalvm1\" \/>\n<meta name=\"twitter:label1\" content=\"Escrito por\" \/>\n\t<meta name=\"twitter:data1\" content=\"Contenidos El Regional\" \/>\n\t<meta name=\"twitter:label2\" content=\"Tiempo de lectura\" \/>\n\t<meta name=\"twitter:data2\" content=\"1 minuto\" \/>\n<script type=\"application\/ld+json\" class=\"yoast-schema-graph\">{\"@context\":\"https:\/\/schema.org\",\"@graph\":[{\"@type\":\"Article\",\"@id\":\"http:\/\/elregionalvm.com.ar\/noticias-villa-maria\/siniestro-aereo-en-bell-ville-cayo-a-tierra-un-avion-ultraliviano-y-fallecio-el-piloto\/#article\",\"isPartOf\":{\"@id\":\"http:\/\/elregionalvm.com.ar\/noticias-villa-maria\/siniestro-aereo-en-bell-ville-cayo-a-tierra-un-avion-ultraliviano-y-fallecio-el-piloto\/\"},\"author\":{\"name\":\"Contenidos El Regional\",\"@id\":\"http:\/\/elregionalvm.com.ar\/noticias-villa-maria\/#\/schema\/person\/a0fb9c422317faca23d50163151bc354\"},\"headline\":\"Siniestro a\u00e9reo en Bell Ville: Cay\u00f3 a tierra un avi\u00f3n ultraliviano y falleci\u00f3 el piloto\",\"datePublished\":\"2021-09-24T02:48:23+00:00\",\"dateModified\":\"2021-09-24T02:48:24+00:00\",\"mainEntityOfPage\":{\"@id\":\"http:\/\/elregionalvm.com.ar\/noticias-villa-maria\/siniestro-aereo-en-bell-ville-cayo-a-tierra-un-avion-ultraliviano-y-fallecio-el-piloto\/\"},\"wordCount\":170,\"commentCount\":0,\"image\":{\"@id\":\"http:\/\/elregionalvm.com.ar\/noticias-villa-maria\/siniestro-aereo-en-bell-ville-cayo-a-tierra-un-avion-ultraliviano-y-fallecio-el-piloto\/#primaryimage\"},\"thumbnailUrl\":\"https:\/\/i0.wp.com\/elregionalvm.com.ar\/noticias-villa-maria\/wp-content\/uploads\/2021\/09\/San-Marcos-Sud-Miguel-Tartabini.jpg?fit=960%2C720&ssl=1\",\"keywords\":[\"avi\u00f3n ultraliviano\",\"Bell Ville\",\"destacado\",\"fallecimiento\",\"Miguel Tartabini\",\"San Marcos Sud\",\"siniestro a\u00e9reo\"],\"articleSection\":[\"Regi\u00f3n\"],\"inLanguage\":\"es\",\"potentialAction\":[{\"@type\":\"CommentAction\",\"name\":\"Comment\",\"target\":[\"http:\/\/elregionalvm.com.ar\/noticias-villa-maria\/siniestro-aereo-en-bell-ville-cayo-a-tierra-un-avion-ultraliviano-y-fallecio-el-piloto\/#respond\"]}]},{\"@type\":\"WebPage\",\"@id\":\"http:\/\/elregionalvm.com.ar\/noticias-villa-maria\/siniestro-aereo-en-bell-ville-cayo-a-tierra-un-avion-ultraliviano-y-fallecio-el-piloto\/\",\"url\":\"http:\/\/elregionalvm.com.ar\/noticias-villa-maria\/siniestro-aereo-en-bell-ville-cayo-a-tierra-un-avion-ultraliviano-y-fallecio-el-piloto\/\",\"name\":\"Siniestro a\u00e9reo en Bell Ville: Cay\u00f3 a tierra un avi\u00f3n ultraliviano y falleci\u00f3 el piloto - El Regional\",\"isPartOf\":{\"@id\":\"http:\/\/elregionalvm.com.ar\/noticias-villa-maria\/#website\"},\"primaryImageOfPage\":{\"@id\":\"http:\/\/elregionalvm.com.ar\/noticias-villa-maria\/siniestro-aereo-en-bell-ville-cayo-a-tierra-un-avion-ultraliviano-y-fallecio-el-piloto\/#primaryimage\"},\"image\":{\"@id\":\"http:\/\/elregionalvm.com.ar\/noticias-villa-maria\/siniestro-aereo-en-bell-ville-cayo-a-tierra-un-avion-ultraliviano-y-fallecio-el-piloto\/#primaryimage\"},\"thumbnailUrl\":\"https:\/\/i0.wp.com\/elregionalvm.com.ar\/noticias-villa-maria\/wp-content\/uploads\/2021\/09\/San-Marcos-Sud-Miguel-Tartabini.jpg?fit=960%2C720&ssl=1\",\"datePublished\":\"2021-09-24T02:48:23+00:00\",\"dateModified\":\"2021-09-24T02:48:24+00:00\",\"author\":{\"@id\":\"http:\/\/elregionalvm.com.ar\/noticias-villa-maria\/#\/schema\/person\/a0fb9c422317faca23d50163151bc354\"},\"breadcrumb\":{\"@id\":\"http:\/\/elregionalvm.com.ar\/noticias-villa-maria\/siniestro-aereo-en-bell-ville-cayo-a-tierra-un-avion-ultraliviano-y-fallecio-el-piloto\/#breadcrumb\"},\"inLanguage\":\"es\",\"potentialAction\":[{\"@type\":\"ReadAction\",\"target\":[\"http:\/\/elregionalvm.com.ar\/noticias-villa-maria\/siniestro-aereo-en-bell-ville-cayo-a-tierra-un-avion-ultraliviano-y-fallecio-el-piloto\/\"]}]},{\"@type\":\"ImageObject\",\"inLanguage\":\"es\",\"@id\":\"http:\/\/elregionalvm.com.ar\/noticias-villa-maria\/siniestro-aereo-en-bell-ville-cayo-a-tierra-un-avion-ultraliviano-y-fallecio-el-piloto\/#primaryimage\",\"url\":\"https:\/\/i0.wp.com\/elregionalvm.com.ar\/noticias-villa-maria\/wp-content\/uploads\/2021\/09\/San-Marcos-Sud-Miguel-Tartabini.jpg?fit=960%2C720&ssl=1\",\"contentUrl\":\"https:\/\/i0.wp.com\/elregionalvm.com.ar\/noticias-villa-maria\/wp-content\/uploads\/2021\/09\/San-Marcos-Sud-Miguel-Tartabini.jpg?fit=960%2C720&ssl=1\",\"width\":960,\"height\":720},{\"@type\":\"BreadcrumbList\",\"@id\":\"http:\/\/elregionalvm.com.ar\/noticias-villa-maria\/siniestro-aereo-en-bell-ville-cayo-a-tierra-un-avion-ultraliviano-y-fallecio-el-piloto\/#breadcrumb\",\"itemListElement\":[{\"@type\":\"ListItem\",\"position\":1,\"name\":\"Portada\",\"item\":\"https:\/\/elregionalvm.com.ar\/noticias-villa-maria\/\"},{\"@type\":\"ListItem\",\"position\":2,\"name\":\"Siniestro a\u00e9reo en Bell Ville: Cay\u00f3 a tierra un avi\u00f3n ultraliviano y falleci\u00f3 el piloto\"}]},{\"@type\":\"WebSite\",\"@id\":\"http:\/\/elregionalvm.com.ar\/noticias-villa-maria\/#website\",\"url\":\"http:\/\/elregionalvm.com.ar\/noticias-villa-maria\/\",\"name\":\"El Regional\",\"description\":\"Mucho m\u00e1s que informaci\u00f3n\",\"potentialAction\":[{\"@type\":\"SearchAction\",\"target\":{\"@type\":\"EntryPoint\",\"urlTemplate\":\"http:\/\/elregionalvm.com.ar\/noticias-villa-maria\/?s={search_term_string}\"},\"query-input\":{\"@type\":\"PropertyValueSpecification\",\"valueRequired\":true,\"valueName\":\"search_term_string\"}}],\"inLanguage\":\"es\"},{\"@type\":\"Person\",\"@id\":\"http:\/\/elregionalvm.com.ar\/noticias-villa-maria\/#\/schema\/person\/a0fb9c422317faca23d50163151bc354\",\"name\":\"Contenidos El Regional\",\"image\":{\"@type\":\"ImageObject\",\"inLanguage\":\"es\",\"@id\":\"http:\/\/elregionalvm.com.ar\/noticias-villa-maria\/#\/schema\/person\/image\/\",\"url\":\"https:\/\/secure.gravatar.com\/avatar\/265b27cb2209af7bb3a1318f03305787d7981a5cc6e6cd08fe5a4ecdf99d4b48?s=96&d=mm&r=g\",\"contentUrl\":\"https:\/\/secure.gravatar.com\/avatar\/265b27cb2209af7bb3a1318f03305787d7981a5cc6e6cd08fe5a4ecdf99d4b48?s=96&d=mm&r=g\",\"caption\":\"Contenidos El Regional\"},\"url\":\"https:\/\/elregionalvm.com.ar\/noticias-villa-maria\/author\/contenido\/\"}]}<\/script>\n<!-- \/ Yoast SEO plugin. -->","yoast_head_json":{"title":"Siniestro a\u00e9reo en Bell Ville: Cay\u00f3 a tierra un avi\u00f3n ultraliviano y falleci\u00f3 el piloto - El Regional","robots":{"index":"index","follow":"follow","max-snippet":"max-snippet:-1","max-image-preview":"max-image-preview:large","max-video-preview":"max-video-preview:-1"},"canonical":"http:\/\/elregionalvm.com.ar\/noticias-villa-maria\/siniestro-aereo-en-bell-ville-cayo-a-tierra-un-avion-ultraliviano-y-fallecio-el-piloto\/","og_locale":"es_ES","og_type":"article","og_title":"Siniestro a\u00e9reo en Bell Ville: Cay\u00f3 a tierra un avi\u00f3n ultraliviano y falleci\u00f3 el piloto - El Regional","og_description":"Un avi\u00f3n ultraliviano cay\u00f3 a tierra en un campo ubicado al norte de la ciudad de Bell Ville y perdi\u00f3 la vida su piloto, el desarrollador inmobiliario Miguel (Lyly) Tartabini, oriundo de San Marcos Sud. Seg\u00fan inform\u00f3 Panorama, el siniestro a\u00e9reo se produjo alrededor de las 18.20 horas de este jueves 23 de septiembre. Ocurri\u00f3 [&hellip;]","og_url":"http:\/\/elregionalvm.com.ar\/noticias-villa-maria\/siniestro-aereo-en-bell-ville-cayo-a-tierra-un-avion-ultraliviano-y-fallecio-el-piloto\/","og_site_name":"El Regional","article_publisher":"https:\/\/www.facebook.com\/elregionalvm","article_published_time":"2021-09-24T02:48:23+00:00","article_modified_time":"2021-09-24T02:48:24+00:00","og_image":[{"width":960,"height":720,"url":"http:\/\/elregionalvm.com.ar\/noticias-villa-maria\/wp-content\/uploads\/2021\/09\/San-Marcos-Sud-Miguel-Tartabini.jpg","type":"image\/jpeg"}],"author":"Contenidos El Regional","twitter_card":"summary_large_image","twitter_creator":"@elregionalvm1","twitter_site":"@elregionalvm1","twitter_misc":{"Escrito por":"Contenidos El Regional","Tiempo de lectura":"1 minuto"},"schema":{"@context":"https:\/\/schema.org","@graph":[{"@type":"Article","@id":"http:\/\/elregionalvm.com.ar\/noticias-villa-maria\/siniestro-aereo-en-bell-ville-cayo-a-tierra-un-avion-ultraliviano-y-fallecio-el-piloto\/#article","isPartOf":{"@id":"http:\/\/elregionalvm.com.ar\/noticias-villa-maria\/siniestro-aereo-en-bell-ville-cayo-a-tierra-un-avion-ultraliviano-y-fallecio-el-piloto\/"},"author":{"name":"Contenidos El Regional","@id":"http:\/\/elregionalvm.com.ar\/noticias-villa-maria\/#\/schema\/person\/a0fb9c422317faca23d50163151bc354"},"headline":"Siniestro a\u00e9reo en Bell Ville: Cay\u00f3 a tierra un avi\u00f3n ultraliviano y falleci\u00f3 el piloto","datePublished":"2021-09-24T02:48:23+00:00","dateModified":"2021-09-24T02:48:24+00:00","mainEntityOfPage":{"@id":"http:\/\/elregionalvm.com.ar\/noticias-villa-maria\/siniestro-aereo-en-bell-ville-cayo-a-tierra-un-avion-ultraliviano-y-fallecio-el-piloto\/"},"wordCount":170,"commentCount":0,"image":{"@id":"http:\/\/elregionalvm.com.ar\/noticias-villa-maria\/siniestro-aereo-en-bell-ville-cayo-a-tierra-un-avion-ultraliviano-y-fallecio-el-piloto\/#primaryimage"},"thumbnailUrl":"https:\/\/i0.wp.com\/elregionalvm.com.ar\/noticias-villa-maria\/wp-content\/uploads\/2021\/09\/San-Marcos-Sud-Miguel-Tartabini.jpg?fit=960%2C720&ssl=1","keywords":["avi\u00f3n ultraliviano","Bell Ville","destacado","fallecimiento","Miguel Tartabini","San Marcos Sud","siniestro a\u00e9reo"],"articleSection":["Regi\u00f3n"],"inLanguage":"es","potentialAction":[{"@type":"CommentAction","name":"Comment","target":["http:\/\/elregionalvm.com.ar\/noticias-villa-maria\/siniestro-aereo-en-bell-ville-cayo-a-tierra-un-avion-ultraliviano-y-fallecio-el-piloto\/#respond"]}]},{"@type":"WebPage","@id":"http:\/\/elregionalvm.com.ar\/noticias-villa-maria\/siniestro-aereo-en-bell-ville-cayo-a-tierra-un-avion-ultraliviano-y-fallecio-el-piloto\/","url":"http:\/\/elregionalvm.com.ar\/noticias-villa-maria\/siniestro-aereo-en-bell-ville-cayo-a-tierra-un-avion-ultraliviano-y-fallecio-el-piloto\/","name":"Siniestro a\u00e9reo en Bell Ville: Cay\u00f3 a tierra un avi\u00f3n ultraliviano y falleci\u00f3 el piloto - El Regional","isPartOf":{"@id":"http:\/\/elregionalvm.com.ar\/noticias-villa-maria\/#website"},"primaryImageOfPage":{"@id":"http:\/\/elregionalvm.com.ar\/noticias-villa-maria\/siniestro-aereo-en-bell-ville-cayo-a-tierra-un-avion-ultraliviano-y-fallecio-el-piloto\/#primaryimage"},"image":{"@id":"http:\/\/elregionalvm.com.ar\/noticias-villa-maria\/siniestro-aereo-en-bell-ville-cayo-a-tierra-un-avion-ultraliviano-y-fallecio-el-piloto\/#primaryimage"},"thumbnailUrl":"https:\/\/i0.wp.com\/elregionalvm.com.ar\/noticias-villa-maria\/wp-content\/uploads\/2021\/09\/San-Marcos-Sud-Miguel-Tartabini.jpg?fit=960%2C720&ssl=1","datePublished":"2021-09-24T02:48:23+00:00","dateModified":"2021-09-24T02:48:24+00:00","author":{"@id":"http:\/\/elregionalvm.com.ar\/noticias-villa-maria\/#\/schema\/person\/a0fb9c422317faca23d50163151bc354"},"breadcrumb":{"@id":"http:\/\/elregionalvm.com.ar\/noticias-villa-maria\/siniestro-aereo-en-bell-ville-cayo-a-tierra-un-avion-ultraliviano-y-fallecio-el-piloto\/#breadcrumb"},"inLanguage":"es","potentialAction":[{"@type":"ReadAction","target":["http:\/\/elregionalvm.com.ar\/noticias-villa-maria\/siniestro-aereo-en-bell-ville-cayo-a-tierra-un-avion-ultraliviano-y-fallecio-el-piloto\/"]}]},{"@type":"ImageObject","inLanguage":"es","@id":"http:\/\/elregionalvm.com.ar\/noticias-villa-maria\/siniestro-aereo-en-bell-ville-cayo-a-tierra-un-avion-ultraliviano-y-fallecio-el-piloto\/#primaryimage","url":"https:\/\/i0.wp.com\/elregionalvm.com.ar\/noticias-villa-maria\/wp-content\/uploads\/2021\/09\/San-Marcos-Sud-Miguel-Tartabini.jpg?fit=960%2C720&ssl=1","contentUrl":"https:\/\/i0.wp.com\/elregionalvm.com.ar\/noticias-villa-maria\/wp-content\/uploads\/2021\/09\/San-Marcos-Sud-Miguel-Tartabini.jpg?fit=960%2C720&ssl=1","width":960,"height":720},{"@type":"BreadcrumbList","@id":"http:\/\/elregionalvm.com.ar\/noticias-villa-maria\/siniestro-aereo-en-bell-ville-cayo-a-tierra-un-avion-ultraliviano-y-fallecio-el-piloto\/#breadcrumb","itemListElement":[{"@type":"ListItem","position":1,"name":"Portada","item":"https:\/\/elregionalvm.com.ar\/noticias-villa-maria\/"},{"@type":"ListItem","position":2,"name":"Siniestro a\u00e9reo en Bell Ville: Cay\u00f3 a tierra un avi\u00f3n ultraliviano y falleci\u00f3 el piloto"}]},{"@type":"WebSite","@id":"http:\/\/elregionalvm.com.ar\/noticias-villa-maria\/#website","url":"http:\/\/elregionalvm.com.ar\/noticias-villa-maria\/","name":"El Regional","description":"Mucho m\u00e1s que informaci\u00f3n","potentialAction":[{"@type":"SearchAction","target":{"@type":"EntryPoint","urlTemplate":"http:\/\/elregionalvm.com.ar\/noticias-villa-maria\/?s={search_term_string}"},"query-input":{"@type":"PropertyValueSpecification","valueRequired":true,"valueName":"search_term_string"}}],"inLanguage":"es"},{"@type":"Person","@id":"http:\/\/elregionalvm.com.ar\/noticias-villa-maria\/#\/schema\/person\/a0fb9c422317faca23d50163151bc354","name":"Contenidos El Regional","image":{"@type":"ImageObject","inLanguage":"es","@id":"http:\/\/elregionalvm.com.ar\/noticias-villa-maria\/#\/schema\/person\/image\/","url":"https:\/\/secure.gravatar.com\/avatar\/265b27cb2209af7bb3a1318f03305787d7981a5cc6e6cd08fe5a4ecdf99d4b48?s=96&d=mm&r=g","contentUrl":"https:\/\/secure.gravatar.com\/avatar\/265b27cb2209af7bb3a1318f03305787d7981a5cc6e6cd08fe5a4ecdf99d4b48?s=96&d=mm&r=g","caption":"Contenidos El Regional"},"url":"https:\/\/elregionalvm.com.ar\/noticias-villa-maria\/author\/contenido\/"}]}},"jetpack_featured_media_url":"https:\/\/i0.wp.com\/elregionalvm.com.ar\/noticias-villa-maria\/wp-content\/uploads\/2021\/09\/San-Marcos-Sud-Miguel-Tartabini.jpg?fit=960%2C720&ssl=1","jetpack_sharing_enabled":true,"_links":{"self":[{"href":"https:\/\/elregionalvm.com.ar\/noticias-villa-maria\/wp-json\/wp\/v2\/posts\/45197","targetHints":{"allow":["GET"]}}],"collection":[{"href":"https:\/\/elregionalvm.com.ar\/noticias-villa-maria\/wp-json\/wp\/v2\/posts"}],"about":[{"href":"https:\/\/elregionalvm.com.ar\/noticias-villa-maria\/wp-json\/wp\/v2\/types\/post"}],"author":[{"embeddable":true,"href":"https:\/\/elregionalvm.com.ar\/noticias-villa-maria\/wp-json\/wp\/v2\/users\/4"}],"replies":[{"embeddable":true,"href":"https:\/\/elregionalvm.com.ar\/noticias-villa-maria\/wp-json\/wp\/v2\/comments?post=45197"}],"version-history":[{"count":1,"href":"https:\/\/elregionalvm.com.ar\/noticias-villa-maria\/wp-json\/wp\/v2\/posts\/45197\/revisions"}],"predecessor-version":[{"id":45201,"href":"https:\/\/elregionalvm.com.ar\/noticias-villa-maria\/wp-json\/wp\/v2\/posts\/45197\/revisions\/45201"}],"wp:featuredmedia":[{"embeddable":true,"href":"https:\/\/elregionalvm.com.ar\/noticias-villa-maria\/wp-json\/wp\/v2\/media\/45200"}],"wp:attachment":[{"href":"https:\/\/elregionalvm.com.ar\/noticias-villa-maria\/wp-json\/wp\/v2\/media?parent=45197"}],"wp:term":[{"taxonomy":"category","embeddable":true,"href":"https:\/\/elregionalvm.com.ar\/noticias-villa-maria\/wp-json\/wp\/v2\/categories?post=45197"},{"taxonomy":"post_tag","embeddable":true,"href":"https:\/\/elregionalvm.com.ar\/noticias-villa-maria\/wp-json\/wp\/v2\/tags?post=45197"}],"curies":[{"name":"wp","href":"https:\/\/api.w.org\/{rel}","templated":true}]}}