{"id":45202,"date":"2021-09-24T14:06:21","date_gmt":"2021-09-24T14:06:21","guid":{"rendered":"https:\/\/elregionalvm.com.ar\/noticias-villa-maria\/?p=45202"},"modified":"2021-09-27T00:25:13","modified_gmt":"2021-09-27T00:25:13","slug":"tiempo-loco-una-rosa-que-no-es-rosa-pero-es-especialista-en-vientos","status":"publish","type":"post","link":"https:\/\/elregionalvm.com.ar\/noticias-villa-maria\/tiempo-loco-una-rosa-que-no-es-rosa-pero-es-especialista-en-vientos\/","title":{"rendered":"[Tiempo loco] Una rosa que no es rosa, pero es\u2026 especialista en vientos"},"content":{"rendered":"\n<p><\/p>\n\n\n\n<p><strong>Escribe: Ing. Hern\u00e1n Allasia<\/strong><\/p>\n\n\n\n<p><\/p>\n\n\n\n<p>La rosa de los vientos, tambi\u00e9n llamada rosa n\u00e1utica, es la forma cl\u00e1sica para orientarse respecto a los puntos cardinales. Indica el norte geogr\u00e1fico, a diferencia de la br\u00fajula, que se\u00f1ala el norte magn\u00e9tico. <strong><\/strong><\/p>\n\n\n\n<p><strong>El Polo Norte Geogr\u00e1fico es donde las l\u00edneas de longitud convergen en lo que llamamos el Polo Norte. El Polo Magn\u00e9tico es un punto en el norte de Canad\u00e1 donde las l\u00edneas de atracci\u00f3n del norte entran en la Tierra.<\/strong><\/p>\n\n\n\n<p>Una aguja de la br\u00fajula apuntar\u00e1 a la direcci\u00f3n del Polo Norte Magn\u00e9tico.<\/p>\n\n\n\n<p><\/p>\n\n\n\n<figure class=\"wp-block-image size-full\"><img data-recalc-dims=\"1\" fetchpriority=\"high\" decoding=\"async\" width=\"1000\" height=\"588\" src=\"https:\/\/i0.wp.com\/elregionalvm.com.ar\/noticias-villa-maria\/wp-content\/uploads\/2021\/09\/Rosa-de-los-vientos-2.jpg?resize=1000%2C588&#038;ssl=1\" alt=\"\" class=\"wp-image-45205\" srcset=\"https:\/\/i0.wp.com\/elregionalvm.com.ar\/noticias-villa-maria\/wp-content\/uploads\/2021\/09\/Rosa-de-los-vientos-2.jpg?w=1000&amp;ssl=1 1000w, https:\/\/i0.wp.com\/elregionalvm.com.ar\/noticias-villa-maria\/wp-content\/uploads\/2021\/09\/Rosa-de-los-vientos-2.jpg?resize=300%2C176&amp;ssl=1 300w, https:\/\/i0.wp.com\/elregionalvm.com.ar\/noticias-villa-maria\/wp-content\/uploads\/2021\/09\/Rosa-de-los-vientos-2.jpg?resize=768%2C452&amp;ssl=1 768w\" sizes=\"(max-width: 1000px) 100vw, 1000px\" \/><\/figure>\n\n\n\n<p><\/p>\n\n\n\n<p><strong>Origen y usos <\/strong><\/p>\n\n\n\n<p>Se denomina as\u00ed a la estrella con 32 marcas o rumbos de direcci\u00f3n, la cual era usada principalmente en navegaci\u00f3n. Se le atribuye la invenci\u00f3n a Raimundo Lulio (1232-1315).<\/p>\n\n\n\n<p>Su origen se remonta al siglo XIII -aparecieron en G\u00e9nova, Venecia y Palma de Mallorca- e inicialmente eran cuadernos con instrucciones para los navegantes, en donde anotaban distancias entre puertos y rumbos<\/p>\n\n\n\n<p>La rosa de los vientos representa los 4 puntos cardinales, a saber: Norte, Sur, Este y Oeste; adem\u00e1s, presenta 4 rumbos laterales (es decir, 8 rumbos de direcci\u00f3n), 8 rumbos colaterales (es decir, 16 rumbos de direcci\u00f3n) y 16 rumbos co-colaterales (es decir, 32 rumbos de direcci\u00f3n)&nbsp;<em>(Diccionario n\u00e1utico,<\/em>&nbsp;2012) y de all\u00ed es que tambi\u00e9n aparecen los 7 vientos.<\/p>\n\n\n\n<p><strong>\u00bfCu\u00e1les son los 7 vientos?<\/strong><\/p>\n\n\n\n<p><\/p>\n\n\n\n<p><strong>TRAMONTANA (viento del norte)<\/strong><\/p>\n\n\n\n<p><strong>GREGARIO (viento del noreste)<\/strong><\/p>\n\n\n\n<p><strong>LEVANTE (viento del este)<\/strong><\/p>\n\n\n\n<p><strong>SIROCO (viento del sudeste)<\/strong><\/p>\n\n\n\n<p><strong>OSTRO (viento del sur)<\/strong><\/p>\n\n\n\n<p><strong>LEBECHE (viento del suroeste)<\/strong><\/p>\n\n\n\n<p><strong>PONIENTE (viento del oeste)<\/strong><\/p>\n\n\n\n<p><strong>MISTRAL (viento del noroeste)<\/strong><\/p>\n\n\n\n<p><\/p>\n\n\n\n<p><\/p>\n\n\n\n<p><em>\u00a0 Bibliograf\u00eda consultada: \u00a0\u00a0\u00a0\u00a0\u00a0\u00a0\u00a0\u00a0\u00a0\u00a0\u00a0\u00a0\u00a0\u00a0\u00a0\u00a0\u00a0\u00a0<\/em><\/p>\n\n\n\n<ul class=\"wp-block-list\"><li><a href=\"https:\/\/multimedia.uned.ac.cr\/pem\/montanismo\/1navegacion\/orientacion_rosa_vientos.html\">https:\/\/multimedia.uned.ac.cr\/pem\/montanismo\/1navegacion\/orientacion_rosa_vientos.html<\/a><\/li><li><a href=\"https:\/\/escola.britannica.com.br\/artigo\/rosa-de-los-vientos\/603497\">https:\/\/escola.britannica.com.br\/artigo\/rosa-de-los-vientos\/603497<\/a><\/li><li><a href=\"https:\/\/www.researchgate.net\/figure\/Figura-5-Rosa-de-vientos-y-valores-medios-por-direccion-Fuente-SMN-1971-1976_fig5_266385929\">https:\/\/www.researchgate.net\/figure\/Figura-5-Rosa-de-vientos-y-valores-medios-por-direccion-Fuente-SMN-1971-1976_fig5_266385929<\/a><\/li><\/ul>\n","protected":false},"excerpt":{"rendered":"<p>Escribe: Ing. Hern\u00e1n Allasia La rosa de los vientos, tambi\u00e9n llamada rosa n\u00e1utica, es la forma cl\u00e1sica para orientarse respecto a los puntos cardinales. Indica el norte geogr\u00e1fico, a diferencia de la br\u00fajula, que se\u00f1ala el norte magn\u00e9tico. El Polo Norte Geogr\u00e1fico es donde las l\u00edneas de longitud convergen en lo que llamamos el Polo [&hellip;]<\/p>\n","protected":false},"author":4,"featured_media":45204,"comment_status":"open","ping_status":"open","sticky":false,"template":"","format":"standard","meta":{"site-sidebar-layout":"default","site-content-layout":"default","ast-site-content-layout":"default","site-content-style":"default","site-sidebar-style":"default","ast-global-header-display":"","ast-banner-title-visibility":"","ast-main-header-display":"","ast-hfb-above-header-display":"","ast-hfb-below-header-display":"","ast-hfb-mobile-header-display":"","site-post-title":"","ast-breadcrumbs-content":"","ast-featured-img":"","footer-sml-layout":"","ast-disable-related-posts":"","theme-transparent-header-meta":"default","adv-header-id-meta":"","stick-header-meta":"","header-above-stick-meta":"","header-main-stick-meta":"","header-below-stick-meta":"","astra-migrate-meta-layouts":"default","ast-page-background-enabled":"default","ast-page-background-meta":{"desktop":{"background-color":"","background-image":"","background-repeat":"repeat","background-position":"center center","background-size":"auto","background-attachment":"scroll","background-type":"","background-media":"","overlay-type":"","overlay-color":"","overlay-opacity":"","overlay-gradient":""},"tablet":{"background-color":"","background-image":"","background-repeat":"repeat","background-position":"center center","background-size":"auto","background-attachment":"scroll","background-type":"","background-media":"","overlay-type":"","overlay-color":"","overlay-opacity":"","overlay-gradient":""},"mobile":{"background-color":"","background-image":"","background-repeat":"repeat","background-position":"center center","background-size":"auto","background-attachment":"scroll","background-type":"","background-media":"","overlay-type":"","overlay-color":"","overlay-opacity":"","overlay-gradient":""}},"ast-content-background-meta":{"desktop":{"background-color":"var(--ast-global-color-5)","background-image":"","background-repeat":"repeat","background-position":"center center","background-size":"auto","background-attachment":"scroll","background-type":"","background-media":"","overlay-type":"","overlay-color":"","overlay-opacity":"","overlay-gradient":""},"tablet":{"background-color":"var(--ast-global-color-5)","background-image":"","background-repeat":"repeat","background-position":"center center","background-size":"auto","background-attachment":"scroll","background-type":"","background-media":"","overlay-type":"","overlay-color":"","overlay-opacity":"","overlay-gradient":""},"mobile":{"background-color":"var(--ast-global-color-5)","background-image":"","background-repeat":"repeat","background-position":"center center","background-size":"auto","background-attachment":"scroll","background-type":"","background-media":"","overlay-type":"","overlay-color":"","overlay-opacity":"","overlay-gradient":""}},"_jetpack_memberships_contains_paid_content":false,"_joinchat":[],"footnotes":""},"categories":[4777,3557],"tags":[1035,10760,8699,11334,2168,8700],"class_list":["post-45202","post","type-post","status-publish","format-standard","has-post-thumbnail","hentry","category-econotas","category-tercera","tag-clima","tag-hernan-allasia","tag-pronostico-del-tiempo","tag-rosa-de-los-vientos","tag-tiempo","tag-tiempo-loco"],"yoast_head":"<!-- This site is optimized with the Yoast SEO plugin v26.8 - https:\/\/yoast.com\/product\/yoast-seo-wordpress\/ -->\n<title>[Tiempo loco] Una rosa que no es rosa, pero es\u2026 especialista en vientos - El Regional<\/title>\n<meta name=\"description\" content=\"La rosa de los vientos o rosa n\u00e1utica, es la forma cl\u00e1sica para orientarse respecto a los puntos cardinales. Indica el norte geogr\u00e1fico.\" \/>\n<meta name=\"robots\" content=\"index, follow, max-snippet:-1, max-image-preview:large, max-video-preview:-1\" \/>\n<link rel=\"canonical\" href=\"http:\/\/elregionalvm.com.ar\/noticias-villa-maria\/tiempo-loco-una-rosa-que-no-es-rosa-pero-es-especialista-en-vientos\/\" \/>\n<meta property=\"og:locale\" content=\"es_ES\" \/>\n<meta property=\"og:type\" content=\"article\" \/>\n<meta property=\"og:title\" content=\"[Tiempo loco] Una rosa que no es rosa, pero es\u2026 especialista en vientos - El Regional\" \/>\n<meta property=\"og:description\" content=\"La rosa de los vientos o rosa n\u00e1utica, es la forma cl\u00e1sica para orientarse respecto a los puntos cardinales. Indica el norte geogr\u00e1fico.\" \/>\n<meta property=\"og:url\" content=\"http:\/\/elregionalvm.com.ar\/noticias-villa-maria\/tiempo-loco-una-rosa-que-no-es-rosa-pero-es-especialista-en-vientos\/\" \/>\n<meta property=\"og:site_name\" content=\"El Regional\" \/>\n<meta property=\"article:publisher\" content=\"https:\/\/www.facebook.com\/elregionalvm\" \/>\n<meta property=\"article:published_time\" content=\"2021-09-24T14:06:21+00:00\" \/>\n<meta property=\"article:modified_time\" content=\"2021-09-27T00:25:13+00:00\" \/>\n<meta property=\"og:image\" content=\"http:\/\/elregionalvm.com.ar\/noticias-villa-maria\/wp-content\/uploads\/2021\/09\/Rosa-de-los-vientos.jpg\" \/>\n\t<meta property=\"og:image:width\" content=\"1024\" \/>\n\t<meta property=\"og:image:height\" content=\"691\" \/>\n\t<meta property=\"og:image:type\" content=\"image\/jpeg\" \/>\n<meta name=\"author\" content=\"Contenidos El Regional\" \/>\n<meta name=\"twitter:card\" content=\"summary_large_image\" \/>\n<meta name=\"twitter:creator\" content=\"@elregionalvm1\" \/>\n<meta name=\"twitter:site\" content=\"@elregionalvm1\" \/>\n<meta name=\"twitter:label1\" content=\"Escrito por\" \/>\n\t<meta name=\"twitter:data1\" content=\"Contenidos El Regional\" \/>\n\t<meta name=\"twitter:label2\" content=\"Tiempo de lectura\" \/>\n\t<meta name=\"twitter:data2\" content=\"2 minutos\" \/>\n<script type=\"application\/ld+json\" class=\"yoast-schema-graph\">{\"@context\":\"https:\/\/schema.org\",\"@graph\":[{\"@type\":\"Article\",\"@id\":\"http:\/\/elregionalvm.com.ar\/noticias-villa-maria\/tiempo-loco-una-rosa-que-no-es-rosa-pero-es-especialista-en-vientos\/#article\",\"isPartOf\":{\"@id\":\"http:\/\/elregionalvm.com.ar\/noticias-villa-maria\/tiempo-loco-una-rosa-que-no-es-rosa-pero-es-especialista-en-vientos\/\"},\"author\":{\"name\":\"Contenidos El Regional\",\"@id\":\"http:\/\/elregionalvm.com.ar\/noticias-villa-maria\/#\/schema\/person\/a0fb9c422317faca23d50163151bc354\"},\"headline\":\"[Tiempo loco] Una rosa que no es rosa, pero es\u2026 especialista en vientos\",\"datePublished\":\"2021-09-24T14:06:21+00:00\",\"dateModified\":\"2021-09-27T00:25:13+00:00\",\"mainEntityOfPage\":{\"@id\":\"http:\/\/elregionalvm.com.ar\/noticias-villa-maria\/tiempo-loco-una-rosa-que-no-es-rosa-pero-es-especialista-en-vientos\/\"},\"wordCount\":314,\"commentCount\":0,\"image\":{\"@id\":\"http:\/\/elregionalvm.com.ar\/noticias-villa-maria\/tiempo-loco-una-rosa-que-no-es-rosa-pero-es-especialista-en-vientos\/#primaryimage\"},\"thumbnailUrl\":\"https:\/\/i0.wp.com\/elregionalvm.com.ar\/noticias-villa-maria\/wp-content\/uploads\/2021\/09\/Rosa-de-los-vientos.jpg?fit=1024%2C691&ssl=1\",\"keywords\":[\"Clima\",\"Hern\u00e1n Allasia\",\"Pron\u00f3stico del tiempo\",\"Rosa de los vientos\",\"Tiempo\",\"Tiempo loco\"],\"articleSection\":[\"Econotas\",\"tercera\"],\"inLanguage\":\"es\",\"potentialAction\":[{\"@type\":\"CommentAction\",\"name\":\"Comment\",\"target\":[\"http:\/\/elregionalvm.com.ar\/noticias-villa-maria\/tiempo-loco-una-rosa-que-no-es-rosa-pero-es-especialista-en-vientos\/#respond\"]}]},{\"@type\":\"WebPage\",\"@id\":\"http:\/\/elregionalvm.com.ar\/noticias-villa-maria\/tiempo-loco-una-rosa-que-no-es-rosa-pero-es-especialista-en-vientos\/\",\"url\":\"http:\/\/elregionalvm.com.ar\/noticias-villa-maria\/tiempo-loco-una-rosa-que-no-es-rosa-pero-es-especialista-en-vientos\/\",\"name\":\"[Tiempo loco] Una rosa que no es rosa, pero es\u2026 especialista en vientos - El Regional\",\"isPartOf\":{\"@id\":\"http:\/\/elregionalvm.com.ar\/noticias-villa-maria\/#website\"},\"primaryImageOfPage\":{\"@id\":\"http:\/\/elregionalvm.com.ar\/noticias-villa-maria\/tiempo-loco-una-rosa-que-no-es-rosa-pero-es-especialista-en-vientos\/#primaryimage\"},\"image\":{\"@id\":\"http:\/\/elregionalvm.com.ar\/noticias-villa-maria\/tiempo-loco-una-rosa-que-no-es-rosa-pero-es-especialista-en-vientos\/#primaryimage\"},\"thumbnailUrl\":\"https:\/\/i0.wp.com\/elregionalvm.com.ar\/noticias-villa-maria\/wp-content\/uploads\/2021\/09\/Rosa-de-los-vientos.jpg?fit=1024%2C691&ssl=1\",\"datePublished\":\"2021-09-24T14:06:21+00:00\",\"dateModified\":\"2021-09-27T00:25:13+00:00\",\"author\":{\"@id\":\"http:\/\/elregionalvm.com.ar\/noticias-villa-maria\/#\/schema\/person\/a0fb9c422317faca23d50163151bc354\"},\"description\":\"La rosa de los vientos o rosa n\u00e1utica, es la forma cl\u00e1sica para orientarse respecto a los puntos cardinales. Indica el norte geogr\u00e1fico.\",\"breadcrumb\":{\"@id\":\"http:\/\/elregionalvm.com.ar\/noticias-villa-maria\/tiempo-loco-una-rosa-que-no-es-rosa-pero-es-especialista-en-vientos\/#breadcrumb\"},\"inLanguage\":\"es\",\"potentialAction\":[{\"@type\":\"ReadAction\",\"target\":[\"http:\/\/elregionalvm.com.ar\/noticias-villa-maria\/tiempo-loco-una-rosa-que-no-es-rosa-pero-es-especialista-en-vientos\/\"]}]},{\"@type\":\"ImageObject\",\"inLanguage\":\"es\",\"@id\":\"http:\/\/elregionalvm.com.ar\/noticias-villa-maria\/tiempo-loco-una-rosa-que-no-es-rosa-pero-es-especialista-en-vientos\/#primaryimage\",\"url\":\"https:\/\/i0.wp.com\/elregionalvm.com.ar\/noticias-villa-maria\/wp-content\/uploads\/2021\/09\/Rosa-de-los-vientos.jpg?fit=1024%2C691&ssl=1\",\"contentUrl\":\"https:\/\/i0.wp.com\/elregionalvm.com.ar\/noticias-villa-maria\/wp-content\/uploads\/2021\/09\/Rosa-de-los-vientos.jpg?fit=1024%2C691&ssl=1\",\"width\":1024,\"height\":691},{\"@type\":\"BreadcrumbList\",\"@id\":\"http:\/\/elregionalvm.com.ar\/noticias-villa-maria\/tiempo-loco-una-rosa-que-no-es-rosa-pero-es-especialista-en-vientos\/#breadcrumb\",\"itemListElement\":[{\"@type\":\"ListItem\",\"position\":1,\"name\":\"Portada\",\"item\":\"https:\/\/elregionalvm.com.ar\/noticias-villa-maria\/\"},{\"@type\":\"ListItem\",\"position\":2,\"name\":\"[Tiempo loco] Una rosa que no es rosa, pero es\u2026 especialista en vientos\"}]},{\"@type\":\"WebSite\",\"@id\":\"http:\/\/elregionalvm.com.ar\/noticias-villa-maria\/#website\",\"url\":\"http:\/\/elregionalvm.com.ar\/noticias-villa-maria\/\",\"name\":\"El Regional\",\"description\":\"Mucho m\u00e1s que informaci\u00f3n\",\"potentialAction\":[{\"@type\":\"SearchAction\",\"target\":{\"@type\":\"EntryPoint\",\"urlTemplate\":\"http:\/\/elregionalvm.com.ar\/noticias-villa-maria\/?s={search_term_string}\"},\"query-input\":{\"@type\":\"PropertyValueSpecification\",\"valueRequired\":true,\"valueName\":\"search_term_string\"}}],\"inLanguage\":\"es\"},{\"@type\":\"Person\",\"@id\":\"http:\/\/elregionalvm.com.ar\/noticias-villa-maria\/#\/schema\/person\/a0fb9c422317faca23d50163151bc354\",\"name\":\"Contenidos El Regional\",\"image\":{\"@type\":\"ImageObject\",\"inLanguage\":\"es\",\"@id\":\"http:\/\/elregionalvm.com.ar\/noticias-villa-maria\/#\/schema\/person\/image\/\",\"url\":\"https:\/\/secure.gravatar.com\/avatar\/265b27cb2209af7bb3a1318f03305787d7981a5cc6e6cd08fe5a4ecdf99d4b48?s=96&d=mm&r=g\",\"contentUrl\":\"https:\/\/secure.gravatar.com\/avatar\/265b27cb2209af7bb3a1318f03305787d7981a5cc6e6cd08fe5a4ecdf99d4b48?s=96&d=mm&r=g\",\"caption\":\"Contenidos El Regional\"},\"url\":\"https:\/\/elregionalvm.com.ar\/noticias-villa-maria\/author\/contenido\/\"}]}<\/script>\n<!-- \/ Yoast SEO plugin. -->","yoast_head_json":{"title":"[Tiempo loco] Una rosa que no es rosa, pero es\u2026 especialista en vientos - El Regional","description":"La rosa de los vientos o rosa n\u00e1utica, es la forma cl\u00e1sica para orientarse respecto a los puntos cardinales. Indica el norte geogr\u00e1fico.","robots":{"index":"index","follow":"follow","max-snippet":"max-snippet:-1","max-image-preview":"max-image-preview:large","max-video-preview":"max-video-preview:-1"},"canonical":"http:\/\/elregionalvm.com.ar\/noticias-villa-maria\/tiempo-loco-una-rosa-que-no-es-rosa-pero-es-especialista-en-vientos\/","og_locale":"es_ES","og_type":"article","og_title":"[Tiempo loco] Una rosa que no es rosa, pero es\u2026 especialista en vientos - El Regional","og_description":"La rosa de los vientos o rosa n\u00e1utica, es la forma cl\u00e1sica para orientarse respecto a los puntos cardinales. Indica el norte geogr\u00e1fico.","og_url":"http:\/\/elregionalvm.com.ar\/noticias-villa-maria\/tiempo-loco-una-rosa-que-no-es-rosa-pero-es-especialista-en-vientos\/","og_site_name":"El Regional","article_publisher":"https:\/\/www.facebook.com\/elregionalvm","article_published_time":"2021-09-24T14:06:21+00:00","article_modified_time":"2021-09-27T00:25:13+00:00","og_image":[{"width":1024,"height":691,"url":"http:\/\/elregionalvm.com.ar\/noticias-villa-maria\/wp-content\/uploads\/2021\/09\/Rosa-de-los-vientos.jpg","type":"image\/jpeg"}],"author":"Contenidos El Regional","twitter_card":"summary_large_image","twitter_creator":"@elregionalvm1","twitter_site":"@elregionalvm1","twitter_misc":{"Escrito por":"Contenidos El Regional","Tiempo de lectura":"2 minutos"},"schema":{"@context":"https:\/\/schema.org","@graph":[{"@type":"Article","@id":"http:\/\/elregionalvm.com.ar\/noticias-villa-maria\/tiempo-loco-una-rosa-que-no-es-rosa-pero-es-especialista-en-vientos\/#article","isPartOf":{"@id":"http:\/\/elregionalvm.com.ar\/noticias-villa-maria\/tiempo-loco-una-rosa-que-no-es-rosa-pero-es-especialista-en-vientos\/"},"author":{"name":"Contenidos El Regional","@id":"http:\/\/elregionalvm.com.ar\/noticias-villa-maria\/#\/schema\/person\/a0fb9c422317faca23d50163151bc354"},"headline":"[Tiempo loco] Una rosa que no es rosa, pero es\u2026 especialista en vientos","datePublished":"2021-09-24T14:06:21+00:00","dateModified":"2021-09-27T00:25:13+00:00","mainEntityOfPage":{"@id":"http:\/\/elregionalvm.com.ar\/noticias-villa-maria\/tiempo-loco-una-rosa-que-no-es-rosa-pero-es-especialista-en-vientos\/"},"wordCount":314,"commentCount":0,"image":{"@id":"http:\/\/elregionalvm.com.ar\/noticias-villa-maria\/tiempo-loco-una-rosa-que-no-es-rosa-pero-es-especialista-en-vientos\/#primaryimage"},"thumbnailUrl":"https:\/\/i0.wp.com\/elregionalvm.com.ar\/noticias-villa-maria\/wp-content\/uploads\/2021\/09\/Rosa-de-los-vientos.jpg?fit=1024%2C691&ssl=1","keywords":["Clima","Hern\u00e1n Allasia","Pron\u00f3stico del tiempo","Rosa de los vientos","Tiempo","Tiempo loco"],"articleSection":["Econotas","tercera"],"inLanguage":"es","potentialAction":[{"@type":"CommentAction","name":"Comment","target":["http:\/\/elregionalvm.com.ar\/noticias-villa-maria\/tiempo-loco-una-rosa-que-no-es-rosa-pero-es-especialista-en-vientos\/#respond"]}]},{"@type":"WebPage","@id":"http:\/\/elregionalvm.com.ar\/noticias-villa-maria\/tiempo-loco-una-rosa-que-no-es-rosa-pero-es-especialista-en-vientos\/","url":"http:\/\/elregionalvm.com.ar\/noticias-villa-maria\/tiempo-loco-una-rosa-que-no-es-rosa-pero-es-especialista-en-vientos\/","name":"[Tiempo loco] Una rosa que no es rosa, pero es\u2026 especialista en vientos - El Regional","isPartOf":{"@id":"http:\/\/elregionalvm.com.ar\/noticias-villa-maria\/#website"},"primaryImageOfPage":{"@id":"http:\/\/elregionalvm.com.ar\/noticias-villa-maria\/tiempo-loco-una-rosa-que-no-es-rosa-pero-es-especialista-en-vientos\/#primaryimage"},"image":{"@id":"http:\/\/elregionalvm.com.ar\/noticias-villa-maria\/tiempo-loco-una-rosa-que-no-es-rosa-pero-es-especialista-en-vientos\/#primaryimage"},"thumbnailUrl":"https:\/\/i0.wp.com\/elregionalvm.com.ar\/noticias-villa-maria\/wp-content\/uploads\/2021\/09\/Rosa-de-los-vientos.jpg?fit=1024%2C691&ssl=1","datePublished":"2021-09-24T14:06:21+00:00","dateModified":"2021-09-27T00:25:13+00:00","author":{"@id":"http:\/\/elregionalvm.com.ar\/noticias-villa-maria\/#\/schema\/person\/a0fb9c422317faca23d50163151bc354"},"description":"La rosa de los vientos o rosa n\u00e1utica, es la forma cl\u00e1sica para orientarse respecto a los puntos cardinales. Indica el norte geogr\u00e1fico.","breadcrumb":{"@id":"http:\/\/elregionalvm.com.ar\/noticias-villa-maria\/tiempo-loco-una-rosa-que-no-es-rosa-pero-es-especialista-en-vientos\/#breadcrumb"},"inLanguage":"es","potentialAction":[{"@type":"ReadAction","target":["http:\/\/elregionalvm.com.ar\/noticias-villa-maria\/tiempo-loco-una-rosa-que-no-es-rosa-pero-es-especialista-en-vientos\/"]}]},{"@type":"ImageObject","inLanguage":"es","@id":"http:\/\/elregionalvm.com.ar\/noticias-villa-maria\/tiempo-loco-una-rosa-que-no-es-rosa-pero-es-especialista-en-vientos\/#primaryimage","url":"https:\/\/i0.wp.com\/elregionalvm.com.ar\/noticias-villa-maria\/wp-content\/uploads\/2021\/09\/Rosa-de-los-vientos.jpg?fit=1024%2C691&ssl=1","contentUrl":"https:\/\/i0.wp.com\/elregionalvm.com.ar\/noticias-villa-maria\/wp-content\/uploads\/2021\/09\/Rosa-de-los-vientos.jpg?fit=1024%2C691&ssl=1","width":1024,"height":691},{"@type":"BreadcrumbList","@id":"http:\/\/elregionalvm.com.ar\/noticias-villa-maria\/tiempo-loco-una-rosa-que-no-es-rosa-pero-es-especialista-en-vientos\/#breadcrumb","itemListElement":[{"@type":"ListItem","position":1,"name":"Portada","item":"https:\/\/elregionalvm.com.ar\/noticias-villa-maria\/"},{"@type":"ListItem","position":2,"name":"[Tiempo loco] Una rosa que no es rosa, pero es\u2026 especialista en vientos"}]},{"@type":"WebSite","@id":"http:\/\/elregionalvm.com.ar\/noticias-villa-maria\/#website","url":"http:\/\/elregionalvm.com.ar\/noticias-villa-maria\/","name":"El Regional","description":"Mucho m\u00e1s que informaci\u00f3n","potentialAction":[{"@type":"SearchAction","target":{"@type":"EntryPoint","urlTemplate":"http:\/\/elregionalvm.com.ar\/noticias-villa-maria\/?s={search_term_string}"},"query-input":{"@type":"PropertyValueSpecification","valueRequired":true,"valueName":"search_term_string"}}],"inLanguage":"es"},{"@type":"Person","@id":"http:\/\/elregionalvm.com.ar\/noticias-villa-maria\/#\/schema\/person\/a0fb9c422317faca23d50163151bc354","name":"Contenidos El Regional","image":{"@type":"ImageObject","inLanguage":"es","@id":"http:\/\/elregionalvm.com.ar\/noticias-villa-maria\/#\/schema\/person\/image\/","url":"https:\/\/secure.gravatar.com\/avatar\/265b27cb2209af7bb3a1318f03305787d7981a5cc6e6cd08fe5a4ecdf99d4b48?s=96&d=mm&r=g","contentUrl":"https:\/\/secure.gravatar.com\/avatar\/265b27cb2209af7bb3a1318f03305787d7981a5cc6e6cd08fe5a4ecdf99d4b48?s=96&d=mm&r=g","caption":"Contenidos El Regional"},"url":"https:\/\/elregionalvm.com.ar\/noticias-villa-maria\/author\/contenido\/"}]}},"jetpack_featured_media_url":"https:\/\/i0.wp.com\/elregionalvm.com.ar\/noticias-villa-maria\/wp-content\/uploads\/2021\/09\/Rosa-de-los-vientos.jpg?fit=1024%2C691&ssl=1","jetpack_sharing_enabled":true,"_links":{"self":[{"href":"https:\/\/elregionalvm.com.ar\/noticias-villa-maria\/wp-json\/wp\/v2\/posts\/45202","targetHints":{"allow":["GET"]}}],"collection":[{"href":"https:\/\/elregionalvm.com.ar\/noticias-villa-maria\/wp-json\/wp\/v2\/posts"}],"about":[{"href":"https:\/\/elregionalvm.com.ar\/noticias-villa-maria\/wp-json\/wp\/v2\/types\/post"}],"author":[{"embeddable":true,"href":"https:\/\/elregionalvm.com.ar\/noticias-villa-maria\/wp-json\/wp\/v2\/users\/4"}],"replies":[{"embeddable":true,"href":"https:\/\/elregionalvm.com.ar\/noticias-villa-maria\/wp-json\/wp\/v2\/comments?post=45202"}],"version-history":[{"count":2,"href":"https:\/\/elregionalvm.com.ar\/noticias-villa-maria\/wp-json\/wp\/v2\/posts\/45202\/revisions"}],"predecessor-version":[{"id":45206,"href":"https:\/\/elregionalvm.com.ar\/noticias-villa-maria\/wp-json\/wp\/v2\/posts\/45202\/revisions\/45206"}],"wp:featuredmedia":[{"embeddable":true,"href":"https:\/\/elregionalvm.com.ar\/noticias-villa-maria\/wp-json\/wp\/v2\/media\/45204"}],"wp:attachment":[{"href":"https:\/\/elregionalvm.com.ar\/noticias-villa-maria\/wp-json\/wp\/v2\/media?parent=45202"}],"wp:term":[{"taxonomy":"category","embeddable":true,"href":"https:\/\/elregionalvm.com.ar\/noticias-villa-maria\/wp-json\/wp\/v2\/categories?post=45202"},{"taxonomy":"post_tag","embeddable":true,"href":"https:\/\/elregionalvm.com.ar\/noticias-villa-maria\/wp-json\/wp\/v2\/tags?post=45202"}],"curies":[{"name":"wp","href":"https:\/\/api.w.org\/{rel}","templated":true}]}}