{"id":45207,"date":"2021-09-24T14:28:12","date_gmt":"2021-09-24T14:28:12","guid":{"rendered":"https:\/\/elregionalvm.com.ar\/noticias-villa-maria\/?p=45207"},"modified":"2021-09-27T00:25:05","modified_gmt":"2021-09-27T00:25:05","slug":"zamba-de-los-mineros-morir-el-sueno-del-oro-vivir-el-sueno-del-vino","status":"publish","type":"post","link":"https:\/\/elregionalvm.com.ar\/noticias-villa-maria\/zamba-de-los-mineros-morir-el-sueno-del-oro-vivir-el-sueno-del-vino\/","title":{"rendered":"Zamba de los Mineros: \u201cMorir el sue\u00f1o del oro, vivir el sue\u00f1o del vino\u2026\u201d"},"content":{"rendered":"\n<p><\/p>\n\n\n\n<h4 class=\"wp-block-heading\"><strong>M\u00fasica e Historia<\/strong><\/h4>\n\n\n\n<p><\/p>\n\n\n\n<p><\/p>\n\n\n\n<p><strong>Escribe: \u00a0Leo Mu\u00f1oz<\/strong><\/p>\n\n\n\n<p><\/p>\n\n\n\n<p><strong>Nace un Zamba<\/strong><\/p>\n\n\n\n<p>Carolina Mena Saravia escribi\u00f3 el relato en primera persona de un testigo de la creaci\u00f3n de \u201cZamba de los Mineros\u201d. Camino a las minas de oro en Culampaj\u00e1 (Catamarca), en un alto del viaje, sus autores y otros disfrutan de la hospitalidad de parientes y amigos en la estancia Hualf\u00edn, es all\u00ed, entre comida criolla y vino que la letra y la m\u00fasica se deslizan como una nueva invitada a la tertulia.<\/p>\n\n\n\n<p>Antes de ascender a la mina en Culampaj\u00e1, luego de esa generosa noche, a\u00fan pasar\u00edan por Corral Quemado. La zamba tambi\u00e9n menciona el \u201cmolino de maray\u201d, refiri\u00e9ndose a la piedra que los jesuitas usaban para triturar mineral de oro.<\/p>\n\n\n\n<p><\/p>\n\n\n\n<figure class=\"wp-block-embed is-type-video is-provider-youtube wp-block-embed-youtube wp-embed-aspect-16-9 wp-has-aspect-ratio\"><div class=\"wp-block-embed__wrapper\">\n<iframe title=\"Jorge Cafrune - Zamba de los mineros\" width=\"500\" height=\"281\" src=\"https:\/\/www.youtube.com\/embed\/LxA3unjDhWo?feature=oembed\" frameborder=\"0\" allow=\"accelerometer; autoplay; clipboard-write; encrypted-media; gyroscope; picture-in-picture; web-share\" referrerpolicy=\"strict-origin-when-cross-origin\" allowfullscreen><\/iframe>\n<\/div><figcaption><em>La zamba interpretada por Jorge Cafrune. <\/em><\/figcaption><\/figure>\n\n\n\n<p><\/p>\n\n\n\n<p><strong>El Sue\u00f1o del Oro y la Plata<\/strong><\/p>\n\n\n\n<p>Al llegar a tierra americana los \u201cdescubridores\u201d se deslumbraron con la presencia de oro y plata, la codicia fue el motor de sucesivas empresas aventureras en la que los porfiados conquistadores se jugaban a todo o nada.<\/p>\n\n\n\n<p>En las antiguas extracciones del per\u00edodo prehisp\u00e1nico iniciaron finalmente las explotaciones mineras los europeos. Mano de obra india, mano de obra esclava, las bocas de las monta\u00f1as devoraron hombres, mujeres y ni\u00f1os.<\/p>\n\n\n\n<p>El famoso Cerro del Potos\u00ed en Bolivia reg\u00f3 de plata a Europa y nutri\u00f3 el suelo con siglos de muertos de su obraje. El trabajo duro de la miner\u00eda es reflejado por la zamba \u201cNo te Cases con Minero\u201d de Guarany.<\/p>\n\n\n\n<p><\/p>\n\n\n\n<figure class=\"wp-block-embed is-type-video is-provider-youtube wp-block-embed-youtube wp-embed-aspect-16-9 wp-has-aspect-ratio\"><div class=\"wp-block-embed__wrapper\">\n<iframe title=\"No Te Cases con Minero\" width=\"500\" height=\"281\" src=\"https:\/\/www.youtube.com\/embed\/Fwet1baavvc?feature=oembed\" frameborder=\"0\" allow=\"accelerometer; autoplay; clipboard-write; encrypted-media; gyroscope; picture-in-picture; web-share\" referrerpolicy=\"strict-origin-when-cross-origin\" allowfullscreen><\/iframe>\n<\/div><figcaption><em>\u201cNo te Cases con Minero\u201d, por Horacio Guarany.<\/em><\/figcaption><\/figure>\n\n\n\n<p><\/p>\n\n\n\n<p><strong>Un pa\u00eds de miner\u00eda insuficiente<\/strong><\/p>\n\n\n\n<p>La miner\u00eda argentina en general no logra responder a las necesidades industriales del pa\u00eds. Las primeras explotaciones mineras como tales se establecen a finales del Siglo XVII, extrayendo plata y plomo argent\u00edfero en Uspallata (Mendoza) desde 1683, surgiendo otros centros mineros en Tontal (San Juan), Famatina (La Rioja), \u201cLa Argentina\u201d en C\u00f3rdoba, Incahuasi en La Puna (a cargo de los jesuitas) y Capillitas (Catamarca).<\/p>\n\n\n\n<p>Con el tiempo la extracci\u00f3n de plomo argent\u00edfero y plata se localiz\u00f3 en Sierra Aguilar (Jujuy). Hasta el sacud\u00f3n de las Guerras Mundiales en el Siglo XX, la miner\u00eda no evolucion\u00f3, la necesidad de insumos industriales, impuls\u00f3 de manera importante la actividad minera nacional. Los yacimientos pueden ser de minerales metal\u00edferos, minerales no metal\u00edferos o industriales y de rocas de aplicaci\u00f3n.<\/p>\n\n\n\n<p><\/p>\n\n\n\n<figure class=\"wp-block-gallery columns-2 is-cropped wp-block-gallery-1 is-layout-flex wp-block-gallery-is-layout-flex\"><ul class=\"blocks-gallery-grid\"><li class=\"blocks-gallery-item\"><figure><img data-recalc-dims=\"1\" fetchpriority=\"high\" decoding=\"async\" width=\"320\" height=\"183\" src=\"https:\/\/i0.wp.com\/elregionalvm.com.ar\/noticias-villa-maria\/wp-content\/uploads\/2021\/09\/Cuchi-Leguizamon-1.jpg?resize=320%2C183&#038;ssl=1\" alt=\"\" data-id=\"45210\" data-link=\"https:\/\/elregionalvm.com.ar\/noticias-villa-maria\/?attachment_id=45210\" class=\"wp-image-45210\" srcset=\"https:\/\/i0.wp.com\/elregionalvm.com.ar\/noticias-villa-maria\/wp-content\/uploads\/2021\/09\/Cuchi-Leguizamon-1.jpg?w=320&amp;ssl=1 320w, https:\/\/i0.wp.com\/elregionalvm.com.ar\/noticias-villa-maria\/wp-content\/uploads\/2021\/09\/Cuchi-Leguizamon-1.jpg?resize=300%2C172&amp;ssl=1 300w\" sizes=\"(max-width: 320px) 100vw, 320px\" \/><\/figure><\/li><li class=\"blocks-gallery-item\"><figure><img data-recalc-dims=\"1\" decoding=\"async\" width=\"385\" height=\"512\" src=\"https:\/\/i0.wp.com\/elregionalvm.com.ar\/noticias-villa-maria\/wp-content\/uploads\/2021\/09\/Jaime-Davalos.jpg?resize=385%2C512&#038;ssl=1\" alt=\"\" data-id=\"45211\" data-full-url=\"https:\/\/elregionalvm.com.ar\/noticias-villa-maria\/wp-content\/uploads\/2021\/09\/Jaime-Davalos.jpg\" data-link=\"https:\/\/elregionalvm.com.ar\/noticias-villa-maria\/?attachment_id=45211\" class=\"wp-image-45211\" srcset=\"https:\/\/i0.wp.com\/elregionalvm.com.ar\/noticias-villa-maria\/wp-content\/uploads\/2021\/09\/Jaime-Davalos.jpg?w=385&amp;ssl=1 385w, https:\/\/i0.wp.com\/elregionalvm.com.ar\/noticias-villa-maria\/wp-content\/uploads\/2021\/09\/Jaime-Davalos.jpg?resize=226%2C300&amp;ssl=1 226w\" sizes=\"(max-width: 385px) 100vw, 385px\" \/><\/figure><\/li><\/ul><figcaption class=\"blocks-gallery-caption\"><em>Los autores de la zamba, Jaime D\u00e1valos y Cuchi Leguizam\u00f3n. <\/em><\/figcaption><\/figure>\n\n\n\n<p><\/p>\n\n\n\n<p><\/p>\n\n\n\n<p><strong>\u201cZamba de los Mineros\u201d (Jaime D\u00e1valos y Cuchi Leguizam\u00f3n)<\/strong><\/p>\n\n\n\n<p>Pasar\u00e9 por Hualf\u00edn,<br>me voy a Corral Quemao,<br>a lo de Marcelino R\u00edos<br>para corpacharme con vino mora&#8217;o.<\/p>\n\n\n\n<p>Yo soy aquel cantor<br>nacido en el carnaval,<br>mineros de la noche traigo,<br>la estrella de cuarzo del Culampaj\u00e1.<\/p>\n\n\n\n<p>La zamba de los mineros<br>tiene solo dos caminos<br>morir el sue\u00f1o del oro,<br>vivir el sue\u00f1o del vino.<\/p>\n\n\n\n<p>Molino del maray<br>que mueles con tanto af\u00e1n,<br>Marcelino pisando el vino,<br>Paredes el oro de Culampaj\u00e1.<\/p>\n\n\n\n<p>Yo no s\u00e9, yo no soy,<br>ando&#8217;i porque ando&#8217;i nom\u00e1s,<br>cuando a m\u00ed me pille la muerte<br>tan s\u00f3lo la zamba me recordar\u00e1.<br>La zamba de los mineros<br>tiene solo dos caminos<br>morir el sue\u00f1o del oro,<br>vivir el sue\u00f1o del vino.<\/p>\n","protected":false},"excerpt":{"rendered":"<p>M\u00fasica e Historia Escribe: \u00a0Leo Mu\u00f1oz Nace un Zamba Carolina Mena Saravia escribi\u00f3 el relato en primera persona de un testigo de la creaci\u00f3n de \u201cZamba de los Mineros\u201d. Camino a las minas de oro en Culampaj\u00e1 (Catamarca), en un alto del viaje, sus autores y otros disfrutan de la hospitalidad de parientes y amigos [&hellip;]<\/p>\n","protected":false},"author":4,"featured_media":45209,"comment_status":"open","ping_status":"open","sticky":false,"template":"","format":"standard","meta":{"site-sidebar-layout":"default","site-content-layout":"default","ast-site-content-layout":"default","site-content-style":"default","site-sidebar-style":"default","ast-global-header-display":"","ast-banner-title-visibility":"","ast-main-header-display":"","ast-hfb-above-header-display":"","ast-hfb-below-header-display":"","ast-hfb-mobile-header-display":"","site-post-title":"","ast-breadcrumbs-content":"","ast-featured-img":"","footer-sml-layout":"","ast-disable-related-posts":"","theme-transparent-header-meta":"default","adv-header-id-meta":"","stick-header-meta":"","header-above-stick-meta":"","header-main-stick-meta":"","header-below-stick-meta":"","astra-migrate-meta-layouts":"default","ast-page-background-enabled":"default","ast-page-background-meta":{"desktop":{"background-color":"","background-image":"","background-repeat":"repeat","background-position":"center center","background-size":"auto","background-attachment":"scroll","background-type":"","background-media":"","overlay-type":"","overlay-color":"","overlay-opacity":"","overlay-gradient":""},"tablet":{"background-color":"","background-image":"","background-repeat":"repeat","background-position":"center center","background-size":"auto","background-attachment":"scroll","background-type":"","background-media":"","overlay-type":"","overlay-color":"","overlay-opacity":"","overlay-gradient":""},"mobile":{"background-color":"","background-image":"","background-repeat":"repeat","background-position":"center center","background-size":"auto","background-attachment":"scroll","background-type":"","background-media":"","overlay-type":"","overlay-color":"","overlay-opacity":"","overlay-gradient":""}},"ast-content-background-meta":{"desktop":{"background-color":"var(--ast-global-color-5)","background-image":"","background-repeat":"repeat","background-position":"center center","background-size":"auto","background-attachment":"scroll","background-type":"","background-media":"","overlay-type":"","overlay-color":"","overlay-opacity":"","overlay-gradient":""},"tablet":{"background-color":"var(--ast-global-color-5)","background-image":"","background-repeat":"repeat","background-position":"center center","background-size":"auto","background-attachment":"scroll","background-type":"","background-media":"","overlay-type":"","overlay-color":"","overlay-opacity":"","overlay-gradient":""},"mobile":{"background-color":"var(--ast-global-color-5)","background-image":"","background-repeat":"repeat","background-position":"center center","background-size":"auto","background-attachment":"scroll","background-type":"","background-media":"","overlay-type":"","overlay-color":"","overlay-opacity":"","overlay-gradient":""}},"_jetpack_memberships_contains_paid_content":false,"_joinchat":[],"footnotes":""},"categories":[2098,3557,2074],"tags":[9262,3599,11336,6225,1940,2244,1712,11335],"class_list":["post-45207","post","type-post","status-publish","format-standard","has-post-thumbnail","hentry","category-historias","category-tercera","category-videos","tag-cuchi-leguizamon","tag-horacio-guarany","tag-jaime-davalos","tag-jorge-cafrune","tag-leo-munoz","tag-musica-e-historia","tag-zamba","tag-zamba-de-los-mineros"],"yoast_head":"<!-- This site is optimized with the Yoast SEO plugin v26.8 - https:\/\/yoast.com\/product\/yoast-seo-wordpress\/ -->\n<title>Zamba de los Mineros: \u201cMorir el sue\u00f1o del oro, vivir el sue\u00f1o del vino\u2026\u201d - El Regional<\/title>\n<meta name=\"description\" content=\"Mano de obra india, mano de obra esclava, las bocas de las monta\u00f1as devoraron hombres, mujeres y ni\u00f1os a lo largo de la historia.\" \/>\n<meta name=\"robots\" content=\"index, follow, max-snippet:-1, max-image-preview:large, max-video-preview:-1\" \/>\n<link rel=\"canonical\" href=\"http:\/\/elregionalvm.com.ar\/noticias-villa-maria\/zamba-de-los-mineros-morir-el-sueno-del-oro-vivir-el-sueno-del-vino\/\" \/>\n<meta property=\"og:locale\" content=\"es_ES\" \/>\n<meta property=\"og:type\" content=\"article\" \/>\n<meta property=\"og:title\" content=\"Zamba de los Mineros: \u201cMorir el sue\u00f1o del oro, vivir el sue\u00f1o del vino\u2026\u201d - El Regional\" \/>\n<meta property=\"og:description\" content=\"Mano de obra india, mano de obra esclava, las bocas de las monta\u00f1as devoraron hombres, mujeres y ni\u00f1os a lo largo de la historia.\" \/>\n<meta property=\"og:url\" content=\"http:\/\/elregionalvm.com.ar\/noticias-villa-maria\/zamba-de-los-mineros-morir-el-sueno-del-oro-vivir-el-sueno-del-vino\/\" \/>\n<meta property=\"og:site_name\" content=\"El Regional\" \/>\n<meta property=\"article:publisher\" content=\"https:\/\/www.facebook.com\/elregionalvm\" \/>\n<meta property=\"article:published_time\" content=\"2021-09-24T14:28:12+00:00\" \/>\n<meta property=\"article:modified_time\" content=\"2021-09-27T00:25:05+00:00\" \/>\n<meta property=\"og:image\" content=\"http:\/\/elregionalvm.com.ar\/noticias-villa-maria\/wp-content\/uploads\/2021\/09\/Mineros-casco.jpg\" \/>\n\t<meta property=\"og:image:width\" content=\"1000\" \/>\n\t<meta property=\"og:image:height\" content=\"563\" \/>\n\t<meta property=\"og:image:type\" content=\"image\/jpeg\" \/>\n<meta name=\"author\" content=\"Contenidos El Regional\" \/>\n<meta name=\"twitter:card\" content=\"summary_large_image\" \/>\n<meta name=\"twitter:creator\" content=\"@elregionalvm1\" \/>\n<meta name=\"twitter:site\" content=\"@elregionalvm1\" \/>\n<meta name=\"twitter:label1\" content=\"Escrito por\" \/>\n\t<meta name=\"twitter:data1\" content=\"Contenidos El Regional\" \/>\n\t<meta name=\"twitter:label2\" content=\"Tiempo de lectura\" \/>\n\t<meta name=\"twitter:data2\" content=\"3 minutos\" \/>\n<script type=\"application\/ld+json\" class=\"yoast-schema-graph\">{\"@context\":\"https:\/\/schema.org\",\"@graph\":[{\"@type\":\"Article\",\"@id\":\"http:\/\/elregionalvm.com.ar\/noticias-villa-maria\/zamba-de-los-mineros-morir-el-sueno-del-oro-vivir-el-sueno-del-vino\/#article\",\"isPartOf\":{\"@id\":\"http:\/\/elregionalvm.com.ar\/noticias-villa-maria\/zamba-de-los-mineros-morir-el-sueno-del-oro-vivir-el-sueno-del-vino\/\"},\"author\":{\"name\":\"Contenidos El Regional\",\"@id\":\"http:\/\/elregionalvm.com.ar\/noticias-villa-maria\/#\/schema\/person\/a0fb9c422317faca23d50163151bc354\"},\"headline\":\"Zamba de los Mineros: \u201cMorir el sue\u00f1o del oro, vivir el sue\u00f1o del vino\u2026\u201d\",\"datePublished\":\"2021-09-24T14:28:12+00:00\",\"dateModified\":\"2021-09-27T00:25:05+00:00\",\"mainEntityOfPage\":{\"@id\":\"http:\/\/elregionalvm.com.ar\/noticias-villa-maria\/zamba-de-los-mineros-morir-el-sueno-del-oro-vivir-el-sueno-del-vino\/\"},\"wordCount\":582,\"commentCount\":0,\"image\":{\"@id\":\"http:\/\/elregionalvm.com.ar\/noticias-villa-maria\/zamba-de-los-mineros-morir-el-sueno-del-oro-vivir-el-sueno-del-vino\/#primaryimage\"},\"thumbnailUrl\":\"https:\/\/i0.wp.com\/elregionalvm.com.ar\/noticias-villa-maria\/wp-content\/uploads\/2021\/09\/Mineros-casco.jpg?fit=1000%2C563&ssl=1\",\"keywords\":[\"Cuchi Leguizam\u00f3n\",\"Horacio Guarany\",\"Jaime D\u00e1valos\",\"Jorge Cafrune\",\"leo mu\u00f1oz\",\"M\u00fasica e Historia\",\"zamba\",\"Zamba de los mineros\"],\"articleSection\":[\"Historias\",\"tercera\",\"Videos\"],\"inLanguage\":\"es\",\"potentialAction\":[{\"@type\":\"CommentAction\",\"name\":\"Comment\",\"target\":[\"http:\/\/elregionalvm.com.ar\/noticias-villa-maria\/zamba-de-los-mineros-morir-el-sueno-del-oro-vivir-el-sueno-del-vino\/#respond\"]}]},{\"@type\":\"WebPage\",\"@id\":\"http:\/\/elregionalvm.com.ar\/noticias-villa-maria\/zamba-de-los-mineros-morir-el-sueno-del-oro-vivir-el-sueno-del-vino\/\",\"url\":\"http:\/\/elregionalvm.com.ar\/noticias-villa-maria\/zamba-de-los-mineros-morir-el-sueno-del-oro-vivir-el-sueno-del-vino\/\",\"name\":\"Zamba de los Mineros: \u201cMorir el sue\u00f1o del oro, vivir el sue\u00f1o del vino\u2026\u201d - El Regional\",\"isPartOf\":{\"@id\":\"http:\/\/elregionalvm.com.ar\/noticias-villa-maria\/#website\"},\"primaryImageOfPage\":{\"@id\":\"http:\/\/elregionalvm.com.ar\/noticias-villa-maria\/zamba-de-los-mineros-morir-el-sueno-del-oro-vivir-el-sueno-del-vino\/#primaryimage\"},\"image\":{\"@id\":\"http:\/\/elregionalvm.com.ar\/noticias-villa-maria\/zamba-de-los-mineros-morir-el-sueno-del-oro-vivir-el-sueno-del-vino\/#primaryimage\"},\"thumbnailUrl\":\"https:\/\/i0.wp.com\/elregionalvm.com.ar\/noticias-villa-maria\/wp-content\/uploads\/2021\/09\/Mineros-casco.jpg?fit=1000%2C563&ssl=1\",\"datePublished\":\"2021-09-24T14:28:12+00:00\",\"dateModified\":\"2021-09-27T00:25:05+00:00\",\"author\":{\"@id\":\"http:\/\/elregionalvm.com.ar\/noticias-villa-maria\/#\/schema\/person\/a0fb9c422317faca23d50163151bc354\"},\"description\":\"Mano de obra india, mano de obra esclava, las bocas de las monta\u00f1as devoraron hombres, mujeres y ni\u00f1os a lo largo de la historia.\",\"breadcrumb\":{\"@id\":\"http:\/\/elregionalvm.com.ar\/noticias-villa-maria\/zamba-de-los-mineros-morir-el-sueno-del-oro-vivir-el-sueno-del-vino\/#breadcrumb\"},\"inLanguage\":\"es\",\"potentialAction\":[{\"@type\":\"ReadAction\",\"target\":[\"http:\/\/elregionalvm.com.ar\/noticias-villa-maria\/zamba-de-los-mineros-morir-el-sueno-del-oro-vivir-el-sueno-del-vino\/\"]}]},{\"@type\":\"ImageObject\",\"inLanguage\":\"es\",\"@id\":\"http:\/\/elregionalvm.com.ar\/noticias-villa-maria\/zamba-de-los-mineros-morir-el-sueno-del-oro-vivir-el-sueno-del-vino\/#primaryimage\",\"url\":\"https:\/\/i0.wp.com\/elregionalvm.com.ar\/noticias-villa-maria\/wp-content\/uploads\/2021\/09\/Mineros-casco.jpg?fit=1000%2C563&ssl=1\",\"contentUrl\":\"https:\/\/i0.wp.com\/elregionalvm.com.ar\/noticias-villa-maria\/wp-content\/uploads\/2021\/09\/Mineros-casco.jpg?fit=1000%2C563&ssl=1\",\"width\":1000,\"height\":563},{\"@type\":\"BreadcrumbList\",\"@id\":\"http:\/\/elregionalvm.com.ar\/noticias-villa-maria\/zamba-de-los-mineros-morir-el-sueno-del-oro-vivir-el-sueno-del-vino\/#breadcrumb\",\"itemListElement\":[{\"@type\":\"ListItem\",\"position\":1,\"name\":\"Portada\",\"item\":\"https:\/\/elregionalvm.com.ar\/noticias-villa-maria\/\"},{\"@type\":\"ListItem\",\"position\":2,\"name\":\"Zamba de los Mineros: \u201cMorir el sue\u00f1o del oro, vivir el sue\u00f1o del vino\u2026\u201d\"}]},{\"@type\":\"WebSite\",\"@id\":\"http:\/\/elregionalvm.com.ar\/noticias-villa-maria\/#website\",\"url\":\"http:\/\/elregionalvm.com.ar\/noticias-villa-maria\/\",\"name\":\"El Regional\",\"description\":\"Mucho m\u00e1s que informaci\u00f3n\",\"potentialAction\":[{\"@type\":\"SearchAction\",\"target\":{\"@type\":\"EntryPoint\",\"urlTemplate\":\"http:\/\/elregionalvm.com.ar\/noticias-villa-maria\/?s={search_term_string}\"},\"query-input\":{\"@type\":\"PropertyValueSpecification\",\"valueRequired\":true,\"valueName\":\"search_term_string\"}}],\"inLanguage\":\"es\"},{\"@type\":\"Person\",\"@id\":\"http:\/\/elregionalvm.com.ar\/noticias-villa-maria\/#\/schema\/person\/a0fb9c422317faca23d50163151bc354\",\"name\":\"Contenidos El Regional\",\"image\":{\"@type\":\"ImageObject\",\"inLanguage\":\"es\",\"@id\":\"http:\/\/elregionalvm.com.ar\/noticias-villa-maria\/#\/schema\/person\/image\/\",\"url\":\"https:\/\/secure.gravatar.com\/avatar\/265b27cb2209af7bb3a1318f03305787d7981a5cc6e6cd08fe5a4ecdf99d4b48?s=96&d=mm&r=g\",\"contentUrl\":\"https:\/\/secure.gravatar.com\/avatar\/265b27cb2209af7bb3a1318f03305787d7981a5cc6e6cd08fe5a4ecdf99d4b48?s=96&d=mm&r=g\",\"caption\":\"Contenidos El Regional\"},\"url\":\"https:\/\/elregionalvm.com.ar\/noticias-villa-maria\/author\/contenido\/\"}]}<\/script>\n<!-- \/ Yoast SEO plugin. -->","yoast_head_json":{"title":"Zamba de los Mineros: \u201cMorir el sue\u00f1o del oro, vivir el sue\u00f1o del vino\u2026\u201d - El Regional","description":"Mano de obra india, mano de obra esclava, las bocas de las monta\u00f1as devoraron hombres, mujeres y ni\u00f1os a lo largo de la historia.","robots":{"index":"index","follow":"follow","max-snippet":"max-snippet:-1","max-image-preview":"max-image-preview:large","max-video-preview":"max-video-preview:-1"},"canonical":"http:\/\/elregionalvm.com.ar\/noticias-villa-maria\/zamba-de-los-mineros-morir-el-sueno-del-oro-vivir-el-sueno-del-vino\/","og_locale":"es_ES","og_type":"article","og_title":"Zamba de los Mineros: \u201cMorir el sue\u00f1o del oro, vivir el sue\u00f1o del vino\u2026\u201d - El Regional","og_description":"Mano de obra india, mano de obra esclava, las bocas de las monta\u00f1as devoraron hombres, mujeres y ni\u00f1os a lo largo de la historia.","og_url":"http:\/\/elregionalvm.com.ar\/noticias-villa-maria\/zamba-de-los-mineros-morir-el-sueno-del-oro-vivir-el-sueno-del-vino\/","og_site_name":"El Regional","article_publisher":"https:\/\/www.facebook.com\/elregionalvm","article_published_time":"2021-09-24T14:28:12+00:00","article_modified_time":"2021-09-27T00:25:05+00:00","og_image":[{"width":1000,"height":563,"url":"http:\/\/elregionalvm.com.ar\/noticias-villa-maria\/wp-content\/uploads\/2021\/09\/Mineros-casco.jpg","type":"image\/jpeg"}],"author":"Contenidos El Regional","twitter_card":"summary_large_image","twitter_creator":"@elregionalvm1","twitter_site":"@elregionalvm1","twitter_misc":{"Escrito por":"Contenidos El Regional","Tiempo de lectura":"3 minutos"},"schema":{"@context":"https:\/\/schema.org","@graph":[{"@type":"Article","@id":"http:\/\/elregionalvm.com.ar\/noticias-villa-maria\/zamba-de-los-mineros-morir-el-sueno-del-oro-vivir-el-sueno-del-vino\/#article","isPartOf":{"@id":"http:\/\/elregionalvm.com.ar\/noticias-villa-maria\/zamba-de-los-mineros-morir-el-sueno-del-oro-vivir-el-sueno-del-vino\/"},"author":{"name":"Contenidos El Regional","@id":"http:\/\/elregionalvm.com.ar\/noticias-villa-maria\/#\/schema\/person\/a0fb9c422317faca23d50163151bc354"},"headline":"Zamba de los Mineros: \u201cMorir el sue\u00f1o del oro, vivir el sue\u00f1o del vino\u2026\u201d","datePublished":"2021-09-24T14:28:12+00:00","dateModified":"2021-09-27T00:25:05+00:00","mainEntityOfPage":{"@id":"http:\/\/elregionalvm.com.ar\/noticias-villa-maria\/zamba-de-los-mineros-morir-el-sueno-del-oro-vivir-el-sueno-del-vino\/"},"wordCount":582,"commentCount":0,"image":{"@id":"http:\/\/elregionalvm.com.ar\/noticias-villa-maria\/zamba-de-los-mineros-morir-el-sueno-del-oro-vivir-el-sueno-del-vino\/#primaryimage"},"thumbnailUrl":"https:\/\/i0.wp.com\/elregionalvm.com.ar\/noticias-villa-maria\/wp-content\/uploads\/2021\/09\/Mineros-casco.jpg?fit=1000%2C563&ssl=1","keywords":["Cuchi Leguizam\u00f3n","Horacio Guarany","Jaime D\u00e1valos","Jorge Cafrune","leo mu\u00f1oz","M\u00fasica e Historia","zamba","Zamba de los mineros"],"articleSection":["Historias","tercera","Videos"],"inLanguage":"es","potentialAction":[{"@type":"CommentAction","name":"Comment","target":["http:\/\/elregionalvm.com.ar\/noticias-villa-maria\/zamba-de-los-mineros-morir-el-sueno-del-oro-vivir-el-sueno-del-vino\/#respond"]}]},{"@type":"WebPage","@id":"http:\/\/elregionalvm.com.ar\/noticias-villa-maria\/zamba-de-los-mineros-morir-el-sueno-del-oro-vivir-el-sueno-del-vino\/","url":"http:\/\/elregionalvm.com.ar\/noticias-villa-maria\/zamba-de-los-mineros-morir-el-sueno-del-oro-vivir-el-sueno-del-vino\/","name":"Zamba de los Mineros: \u201cMorir el sue\u00f1o del oro, vivir el sue\u00f1o del vino\u2026\u201d - El Regional","isPartOf":{"@id":"http:\/\/elregionalvm.com.ar\/noticias-villa-maria\/#website"},"primaryImageOfPage":{"@id":"http:\/\/elregionalvm.com.ar\/noticias-villa-maria\/zamba-de-los-mineros-morir-el-sueno-del-oro-vivir-el-sueno-del-vino\/#primaryimage"},"image":{"@id":"http:\/\/elregionalvm.com.ar\/noticias-villa-maria\/zamba-de-los-mineros-morir-el-sueno-del-oro-vivir-el-sueno-del-vino\/#primaryimage"},"thumbnailUrl":"https:\/\/i0.wp.com\/elregionalvm.com.ar\/noticias-villa-maria\/wp-content\/uploads\/2021\/09\/Mineros-casco.jpg?fit=1000%2C563&ssl=1","datePublished":"2021-09-24T14:28:12+00:00","dateModified":"2021-09-27T00:25:05+00:00","author":{"@id":"http:\/\/elregionalvm.com.ar\/noticias-villa-maria\/#\/schema\/person\/a0fb9c422317faca23d50163151bc354"},"description":"Mano de obra india, mano de obra esclava, las bocas de las monta\u00f1as devoraron hombres, mujeres y ni\u00f1os a lo largo de la historia.","breadcrumb":{"@id":"http:\/\/elregionalvm.com.ar\/noticias-villa-maria\/zamba-de-los-mineros-morir-el-sueno-del-oro-vivir-el-sueno-del-vino\/#breadcrumb"},"inLanguage":"es","potentialAction":[{"@type":"ReadAction","target":["http:\/\/elregionalvm.com.ar\/noticias-villa-maria\/zamba-de-los-mineros-morir-el-sueno-del-oro-vivir-el-sueno-del-vino\/"]}]},{"@type":"ImageObject","inLanguage":"es","@id":"http:\/\/elregionalvm.com.ar\/noticias-villa-maria\/zamba-de-los-mineros-morir-el-sueno-del-oro-vivir-el-sueno-del-vino\/#primaryimage","url":"https:\/\/i0.wp.com\/elregionalvm.com.ar\/noticias-villa-maria\/wp-content\/uploads\/2021\/09\/Mineros-casco.jpg?fit=1000%2C563&ssl=1","contentUrl":"https:\/\/i0.wp.com\/elregionalvm.com.ar\/noticias-villa-maria\/wp-content\/uploads\/2021\/09\/Mineros-casco.jpg?fit=1000%2C563&ssl=1","width":1000,"height":563},{"@type":"BreadcrumbList","@id":"http:\/\/elregionalvm.com.ar\/noticias-villa-maria\/zamba-de-los-mineros-morir-el-sueno-del-oro-vivir-el-sueno-del-vino\/#breadcrumb","itemListElement":[{"@type":"ListItem","position":1,"name":"Portada","item":"https:\/\/elregionalvm.com.ar\/noticias-villa-maria\/"},{"@type":"ListItem","position":2,"name":"Zamba de los Mineros: \u201cMorir el sue\u00f1o del oro, vivir el sue\u00f1o del vino\u2026\u201d"}]},{"@type":"WebSite","@id":"http:\/\/elregionalvm.com.ar\/noticias-villa-maria\/#website","url":"http:\/\/elregionalvm.com.ar\/noticias-villa-maria\/","name":"El Regional","description":"Mucho m\u00e1s que informaci\u00f3n","potentialAction":[{"@type":"SearchAction","target":{"@type":"EntryPoint","urlTemplate":"http:\/\/elregionalvm.com.ar\/noticias-villa-maria\/?s={search_term_string}"},"query-input":{"@type":"PropertyValueSpecification","valueRequired":true,"valueName":"search_term_string"}}],"inLanguage":"es"},{"@type":"Person","@id":"http:\/\/elregionalvm.com.ar\/noticias-villa-maria\/#\/schema\/person\/a0fb9c422317faca23d50163151bc354","name":"Contenidos El Regional","image":{"@type":"ImageObject","inLanguage":"es","@id":"http:\/\/elregionalvm.com.ar\/noticias-villa-maria\/#\/schema\/person\/image\/","url":"https:\/\/secure.gravatar.com\/avatar\/265b27cb2209af7bb3a1318f03305787d7981a5cc6e6cd08fe5a4ecdf99d4b48?s=96&d=mm&r=g","contentUrl":"https:\/\/secure.gravatar.com\/avatar\/265b27cb2209af7bb3a1318f03305787d7981a5cc6e6cd08fe5a4ecdf99d4b48?s=96&d=mm&r=g","caption":"Contenidos El Regional"},"url":"https:\/\/elregionalvm.com.ar\/noticias-villa-maria\/author\/contenido\/"}]}},"jetpack_featured_media_url":"https:\/\/i0.wp.com\/elregionalvm.com.ar\/noticias-villa-maria\/wp-content\/uploads\/2021\/09\/Mineros-casco.jpg?fit=1000%2C563&ssl=1","jetpack_sharing_enabled":true,"_links":{"self":[{"href":"https:\/\/elregionalvm.com.ar\/noticias-villa-maria\/wp-json\/wp\/v2\/posts\/45207","targetHints":{"allow":["GET"]}}],"collection":[{"href":"https:\/\/elregionalvm.com.ar\/noticias-villa-maria\/wp-json\/wp\/v2\/posts"}],"about":[{"href":"https:\/\/elregionalvm.com.ar\/noticias-villa-maria\/wp-json\/wp\/v2\/types\/post"}],"author":[{"embeddable":true,"href":"https:\/\/elregionalvm.com.ar\/noticias-villa-maria\/wp-json\/wp\/v2\/users\/4"}],"replies":[{"embeddable":true,"href":"https:\/\/elregionalvm.com.ar\/noticias-villa-maria\/wp-json\/wp\/v2\/comments?post=45207"}],"version-history":[{"count":2,"href":"https:\/\/elregionalvm.com.ar\/noticias-villa-maria\/wp-json\/wp\/v2\/posts\/45207\/revisions"}],"predecessor-version":[{"id":45212,"href":"https:\/\/elregionalvm.com.ar\/noticias-villa-maria\/wp-json\/wp\/v2\/posts\/45207\/revisions\/45212"}],"wp:featuredmedia":[{"embeddable":true,"href":"https:\/\/elregionalvm.com.ar\/noticias-villa-maria\/wp-json\/wp\/v2\/media\/45209"}],"wp:attachment":[{"href":"https:\/\/elregionalvm.com.ar\/noticias-villa-maria\/wp-json\/wp\/v2\/media?parent=45207"}],"wp:term":[{"taxonomy":"category","embeddable":true,"href":"https:\/\/elregionalvm.com.ar\/noticias-villa-maria\/wp-json\/wp\/v2\/categories?post=45207"},{"taxonomy":"post_tag","embeddable":true,"href":"https:\/\/elregionalvm.com.ar\/noticias-villa-maria\/wp-json\/wp\/v2\/tags?post=45207"}],"curies":[{"name":"wp","href":"https:\/\/api.w.org\/{rel}","templated":true}]}}