{"id":45213,"date":"2021-09-24T22:10:08","date_gmt":"2021-09-24T22:10:08","guid":{"rendered":"https:\/\/elregionalvm.com.ar\/noticias-villa-maria\/?p=45213"},"modified":"2021-09-24T23:58:23","modified_gmt":"2021-09-24T23:58:23","slug":"villa-maria-cierra-toda-la-semana-con-un-total-de-30-contagios","status":"publish","type":"post","link":"https:\/\/elregionalvm.com.ar\/noticias-villa-maria\/villa-maria-cierra-toda-la-semana-con-un-total-de-30-contagios\/","title":{"rendered":"Villa Mar\u00eda cierra toda la semana con un total de 30 contagios"},"content":{"rendered":"\n<p>\u2022 Hasta las 14 horas de este viernes, se registraron 4 nuevos casos de coronavirus y 30 altas m\u00e9dicas definitivas. De esta manera, los casos totales desde el inicio de la pandemia en la ciudad son 20.528, de los cuales 20.189 son personas que lograron recuperarse de la enfermedad.<\/p>\n\n\n\n<p>\u2022 El n\u00famero de personas aisladas se ubica hoy en 187, siendo 60 los casos activos. El resto corresponde a contactos estrechos.<\/p>\n\n\n\n<p>\u2022 En cuanto a vacunaci\u00f3n, persisten las dificultades para el acceso al sistema provincial, por lo que no hay datos actualizados sobre el total de dosis aplicadas.<\/p>\n\n\n\n<figure class=\"wp-block-gallery columns-2 is-cropped wp-block-gallery-1 is-layout-flex wp-block-gallery-is-layout-flex\"><ul class=\"blocks-gallery-grid\"><li class=\"blocks-gallery-item\"><figure><img data-recalc-dims=\"1\" fetchpriority=\"high\" decoding=\"async\" width=\"1024\" height=\"572\" src=\"https:\/\/i0.wp.com\/elregionalvm.com.ar\/noticias-villa-maria\/wp-content\/uploads\/2021\/09\/WhatsApp-Image-2021-09-24-at-17.30.24.jpeg?resize=1024%2C572&#038;ssl=1\" alt=\"\" data-id=\"45214\" data-link=\"https:\/\/elregionalvm.com.ar\/noticias-villa-maria\/?attachment_id=45214\" class=\"wp-image-45214\" srcset=\"https:\/\/i0.wp.com\/elregionalvm.com.ar\/noticias-villa-maria\/wp-content\/uploads\/2021\/09\/WhatsApp-Image-2021-09-24-at-17.30.24.jpeg?resize=1024%2C572&amp;ssl=1 1024w, https:\/\/i0.wp.com\/elregionalvm.com.ar\/noticias-villa-maria\/wp-content\/uploads\/2021\/09\/WhatsApp-Image-2021-09-24-at-17.30.24.jpeg?resize=300%2C167&amp;ssl=1 300w, https:\/\/i0.wp.com\/elregionalvm.com.ar\/noticias-villa-maria\/wp-content\/uploads\/2021\/09\/WhatsApp-Image-2021-09-24-at-17.30.24.jpeg?resize=768%2C429&amp;ssl=1 768w, https:\/\/i0.wp.com\/elregionalvm.com.ar\/noticias-villa-maria\/wp-content\/uploads\/2021\/09\/WhatsApp-Image-2021-09-24-at-17.30.24.jpeg?resize=1536%2C857&amp;ssl=1 1536w, https:\/\/i0.wp.com\/elregionalvm.com.ar\/noticias-villa-maria\/wp-content\/uploads\/2021\/09\/WhatsApp-Image-2021-09-24-at-17.30.24.jpeg?w=1600&amp;ssl=1 1600w\" sizes=\"(max-width: 1000px) 100vw, 1000px\" \/><\/figure><\/li><li class=\"blocks-gallery-item\"><figure><img data-recalc-dims=\"1\" decoding=\"async\" width=\"1024\" height=\"570\" src=\"https:\/\/i0.wp.com\/elregionalvm.com.ar\/noticias-villa-maria\/wp-content\/uploads\/2021\/09\/WhatsApp-Image-2021-09-24-at-17.30.25.jpeg?resize=1024%2C570&#038;ssl=1\" alt=\"\" data-id=\"45215\" data-full-url=\"https:\/\/elregionalvm.com.ar\/noticias-villa-maria\/wp-content\/uploads\/2021\/09\/WhatsApp-Image-2021-09-24-at-17.30.25.jpeg\" data-link=\"https:\/\/elregionalvm.com.ar\/noticias-villa-maria\/?attachment_id=45215\" class=\"wp-image-45215\" srcset=\"https:\/\/i0.wp.com\/elregionalvm.com.ar\/noticias-villa-maria\/wp-content\/uploads\/2021\/09\/WhatsApp-Image-2021-09-24-at-17.30.25.jpeg?resize=1024%2C570&amp;ssl=1 1024w, https:\/\/i0.wp.com\/elregionalvm.com.ar\/noticias-villa-maria\/wp-content\/uploads\/2021\/09\/WhatsApp-Image-2021-09-24-at-17.30.25.jpeg?resize=300%2C167&amp;ssl=1 300w, https:\/\/i0.wp.com\/elregionalvm.com.ar\/noticias-villa-maria\/wp-content\/uploads\/2021\/09\/WhatsApp-Image-2021-09-24-at-17.30.25.jpeg?resize=768%2C427&amp;ssl=1 768w, https:\/\/i0.wp.com\/elregionalvm.com.ar\/noticias-villa-maria\/wp-content\/uploads\/2021\/09\/WhatsApp-Image-2021-09-24-at-17.30.25.jpeg?resize=1536%2C854&amp;ssl=1 1536w, https:\/\/i0.wp.com\/elregionalvm.com.ar\/noticias-villa-maria\/wp-content\/uploads\/2021\/09\/WhatsApp-Image-2021-09-24-at-17.30.25.jpeg?w=1600&amp;ssl=1 1600w\" sizes=\"(max-width: 1000px) 100vw, 1000px\" \/><\/figure><\/li><\/ul><\/figure>\n\n\n\n<p>\u2022 En referencia con las pruebas de ant\u00edgenos realizadas en la Asistencia P\u00fablica, en el Anfiteatro, en el Centro C\u00edvico, en los CAPS y en la Terminal de \u00d3mnibus, en esta semana se practicaron 1.642 test, resultando 30 positivos y 1.612 negativos.<br>Hasta la fecha se realizaron 106.108 test de ant\u00edgenos, de los cuales el 83% resultaron negativos y 17% positivos.<\/p>\n\n\n\n<p>\u2022 En continuidad con los testeos, de los 233 positivos registrados durante septiembre, 69 corresponden a la franja de edad de menores de 18 a\u00f1os, 89 a la franja de 18 a 40 a\u00f1os, 53 a la franja de 40 a 60 a\u00f1os y 22 a mayores de 60 a\u00f1os. Del total de positivos, 79 corresponden a la zona de residencia denominada como \u201cZona 5\u201d, que es la zona dentro de los cuatro Bulevares, siendo \u00e9sta la zona con mayor n\u00famero de contagiados.<\/p>\n\n\n\n<figure class=\"wp-block-gallery columns-2 is-cropped wp-block-gallery-2 is-layout-flex wp-block-gallery-is-layout-flex\"><ul class=\"blocks-gallery-grid\"><li class=\"blocks-gallery-item\"><figure><img data-recalc-dims=\"1\" decoding=\"async\" width=\"1024\" height=\"550\" src=\"https:\/\/i0.wp.com\/elregionalvm.com.ar\/noticias-villa-maria\/wp-content\/uploads\/2021\/09\/WhatsApp-Image-2021-09-24-at-17.30.26.jpeg?resize=1024%2C550&#038;ssl=1\" alt=\"\" data-id=\"45216\" data-link=\"https:\/\/elregionalvm.com.ar\/noticias-villa-maria\/?attachment_id=45216\" class=\"wp-image-45216\" srcset=\"https:\/\/i0.wp.com\/elregionalvm.com.ar\/noticias-villa-maria\/wp-content\/uploads\/2021\/09\/WhatsApp-Image-2021-09-24-at-17.30.26.jpeg?resize=1024%2C550&amp;ssl=1 1024w, https:\/\/i0.wp.com\/elregionalvm.com.ar\/noticias-villa-maria\/wp-content\/uploads\/2021\/09\/WhatsApp-Image-2021-09-24-at-17.30.26.jpeg?resize=300%2C161&amp;ssl=1 300w, https:\/\/i0.wp.com\/elregionalvm.com.ar\/noticias-villa-maria\/wp-content\/uploads\/2021\/09\/WhatsApp-Image-2021-09-24-at-17.30.26.jpeg?resize=768%2C413&amp;ssl=1 768w, https:\/\/i0.wp.com\/elregionalvm.com.ar\/noticias-villa-maria\/wp-content\/uploads\/2021\/09\/WhatsApp-Image-2021-09-24-at-17.30.26.jpeg?resize=1536%2C826&amp;ssl=1 1536w, https:\/\/i0.wp.com\/elregionalvm.com.ar\/noticias-villa-maria\/wp-content\/uploads\/2021\/09\/WhatsApp-Image-2021-09-24-at-17.30.26.jpeg?w=1600&amp;ssl=1 1600w\" sizes=\"(max-width: 1000px) 100vw, 1000px\" \/><\/figure><\/li><li class=\"blocks-gallery-item\"><figure><img data-recalc-dims=\"1\" loading=\"lazy\" decoding=\"async\" width=\"1024\" height=\"551\" src=\"https:\/\/i0.wp.com\/elregionalvm.com.ar\/noticias-villa-maria\/wp-content\/uploads\/2021\/09\/WhatsApp-Image-2021-09-24-at-17.30.32.jpeg?resize=1024%2C551&#038;ssl=1\" alt=\"\" data-id=\"45217\" data-full-url=\"https:\/\/elregionalvm.com.ar\/noticias-villa-maria\/wp-content\/uploads\/2021\/09\/WhatsApp-Image-2021-09-24-at-17.30.32.jpeg\" data-link=\"https:\/\/elregionalvm.com.ar\/noticias-villa-maria\/?attachment_id=45217\" class=\"wp-image-45217\" srcset=\"https:\/\/i0.wp.com\/elregionalvm.com.ar\/noticias-villa-maria\/wp-content\/uploads\/2021\/09\/WhatsApp-Image-2021-09-24-at-17.30.32.jpeg?resize=1024%2C551&amp;ssl=1 1024w, https:\/\/i0.wp.com\/elregionalvm.com.ar\/noticias-villa-maria\/wp-content\/uploads\/2021\/09\/WhatsApp-Image-2021-09-24-at-17.30.32.jpeg?resize=300%2C161&amp;ssl=1 300w, https:\/\/i0.wp.com\/elregionalvm.com.ar\/noticias-villa-maria\/wp-content\/uploads\/2021\/09\/WhatsApp-Image-2021-09-24-at-17.30.32.jpeg?resize=768%2C413&amp;ssl=1 768w, https:\/\/i0.wp.com\/elregionalvm.com.ar\/noticias-villa-maria\/wp-content\/uploads\/2021\/09\/WhatsApp-Image-2021-09-24-at-17.30.32.jpeg?resize=1536%2C827&amp;ssl=1 1536w, https:\/\/i0.wp.com\/elregionalvm.com.ar\/noticias-villa-maria\/wp-content\/uploads\/2021\/09\/WhatsApp-Image-2021-09-24-at-17.30.32.jpeg?w=1600&amp;ssl=1 1600w\" sizes=\"(max-width: 1000px) 100vw, 1000px\" \/><\/figure><\/li><\/ul><\/figure>\n\n\n\n<p>\u2022 Es importante informar que desde la p\u00e1gina web, se puede consultar tambi\u00e9n el monitoreo en d\u00edas cr\u00edticos. En ese sentido, los pacientes aislados reportan su estado de salud diariamente, pero para la detecci\u00f3n temprana de casos que pudieran complicarse se puso en marcha el monitoreo en d\u00edas cr\u00edticos. El equipo de salud diariamente realiza el monitoreo telef\u00f3nicamente de pacientes en los d\u00edas 3, 6 y 9 desde el inicio de s\u00edntomas o en su defecto desde la fecha de positivo. En el panel se observan valores acumulados y la efectividad del monitoreo realizado. Para destacar, el bajo porcentaje de derivaciones de pacientes a centros de salud siendo que las derivaciones m\u00e9dicas fueron 438 sobre 10.298 representando el 4.25%.<\/p>\n\n\n\n<p>\u2022 Por otra parte, en relaci\u00f3n a la disponibilidad de internaci\u00f3n, es importante aclarar que a la hora de cierre, faltan datos de los centros sanitarios, tanto del sector p\u00fablico como privado.<\/p>\n\n\n\n<div class=\"wp-block-image\"><figure class=\"aligncenter size-large is-resized\"><img data-recalc-dims=\"1\" loading=\"lazy\" decoding=\"async\" src=\"https:\/\/i0.wp.com\/elregionalvm.com.ar\/noticias-villa-maria\/wp-content\/uploads\/2021\/09\/WhatsApp-Image-2021-09-24-at-17.30.32-1.jpeg?resize=478%2C263&#038;ssl=1\" alt=\"\" class=\"wp-image-45218\" width=\"478\" height=\"263\" srcset=\"https:\/\/i0.wp.com\/elregionalvm.com.ar\/noticias-villa-maria\/wp-content\/uploads\/2021\/09\/WhatsApp-Image-2021-09-24-at-17.30.32-1.jpeg?resize=1024%2C565&amp;ssl=1 1024w, https:\/\/i0.wp.com\/elregionalvm.com.ar\/noticias-villa-maria\/wp-content\/uploads\/2021\/09\/WhatsApp-Image-2021-09-24-at-17.30.32-1.jpeg?resize=300%2C166&amp;ssl=1 300w, https:\/\/i0.wp.com\/elregionalvm.com.ar\/noticias-villa-maria\/wp-content\/uploads\/2021\/09\/WhatsApp-Image-2021-09-24-at-17.30.32-1.jpeg?resize=768%2C424&amp;ssl=1 768w, https:\/\/i0.wp.com\/elregionalvm.com.ar\/noticias-villa-maria\/wp-content\/uploads\/2021\/09\/WhatsApp-Image-2021-09-24-at-17.30.32-1.jpeg?resize=1536%2C848&amp;ssl=1 1536w, https:\/\/i0.wp.com\/elregionalvm.com.ar\/noticias-villa-maria\/wp-content\/uploads\/2021\/09\/WhatsApp-Image-2021-09-24-at-17.30.32-1.jpeg?w=1600&amp;ssl=1 1600w\" sizes=\"(max-width: 478px) 100vw, 478px\" \/><\/figure><\/div>\n\n\n\n<p>\u2022 Seg\u00fan datos actualizados del Registro Civil, en esta semana no debemos lamentar el fallecimiento de ning\u00fan vecino de la ciudad. En total son 279 las personas que perdieron la vida por covid en la ciudad desde el inicio de la pandemia. El promedio de edad de los vecinos fallecidos es de 72,5 a\u00f1os.<\/p>\n\n\n\n<p>\u2022 Ante la presencia de cualquier s\u00edntoma o por consultas vinculadas a denuncias o disposiciones vigentes, comunicarse al 0800 888 7468. Tambi\u00e9n para consultas sobre resultados de hisopados y fechas de altas m\u00e9dicas est\u00e1 disponible la l\u00ednea de WhatsApp al 3535657964.<\/p>\n\n\n\n<div class=\"wp-block-image\"><figure class=\"aligncenter size-large is-resized\"><img data-recalc-dims=\"1\" loading=\"lazy\" decoding=\"async\" src=\"https:\/\/i0.wp.com\/elregionalvm.com.ar\/noticias-villa-maria\/wp-content\/uploads\/2021\/09\/WhatsApp-Image-2021-09-24-at-17.30.38.jpeg?resize=390%2C390&#038;ssl=1\" alt=\"\" class=\"wp-image-45219\" width=\"390\" height=\"390\" srcset=\"https:\/\/i0.wp.com\/elregionalvm.com.ar\/noticias-villa-maria\/wp-content\/uploads\/2021\/09\/WhatsApp-Image-2021-09-24-at-17.30.38.jpeg?w=1024&amp;ssl=1 1024w, https:\/\/i0.wp.com\/elregionalvm.com.ar\/noticias-villa-maria\/wp-content\/uploads\/2021\/09\/WhatsApp-Image-2021-09-24-at-17.30.38.jpeg?resize=300%2C300&amp;ssl=1 300w, https:\/\/i0.wp.com\/elregionalvm.com.ar\/noticias-villa-maria\/wp-content\/uploads\/2021\/09\/WhatsApp-Image-2021-09-24-at-17.30.38.jpeg?resize=768%2C768&amp;ssl=1 768w\" sizes=\"(max-width: 390px) 100vw, 390px\" \/><\/figure><\/div>\n\n\n\n<p><strong>VILLA NUEVA<\/strong><\/p>\n\n\n\n<p>En la vecina ciudad no se dieron casos positivos este viernes:<\/p>\n\n\n\n<div class=\"wp-block-image\"><figure class=\"aligncenter size-large is-resized\"><img data-recalc-dims=\"1\" loading=\"lazy\" decoding=\"async\" src=\"https:\/\/i0.wp.com\/elregionalvm.com.ar\/noticias-villa-maria\/wp-content\/uploads\/2021\/09\/WhatsApp-Image-2021-09-24-at-20.50.01.jpeg?resize=291%2C726&#038;ssl=1\" alt=\"\" class=\"wp-image-45239\" width=\"291\" height=\"726\" srcset=\"https:\/\/i0.wp.com\/elregionalvm.com.ar\/noticias-villa-maria\/wp-content\/uploads\/2021\/09\/WhatsApp-Image-2021-09-24-at-20.50.01.jpeg?resize=410%2C1024&amp;ssl=1 410w, https:\/\/i0.wp.com\/elregionalvm.com.ar\/noticias-villa-maria\/wp-content\/uploads\/2021\/09\/WhatsApp-Image-2021-09-24-at-20.50.01.jpeg?resize=120%2C300&amp;ssl=1 120w, https:\/\/i0.wp.com\/elregionalvm.com.ar\/noticias-villa-maria\/wp-content\/uploads\/2021\/09\/WhatsApp-Image-2021-09-24-at-20.50.01.jpeg?zoom=2&amp;resize=291%2C726&amp;ssl=1 582w\" sizes=\"(max-width: 291px) 100vw, 291px\" \/><\/figure><\/div>\n","protected":false},"excerpt":{"rendered":"<p>\u2022 Hasta las 14 horas de este viernes, se registraron 4 nuevos casos de coronavirus y 30 altas m\u00e9dicas definitivas. De esta manera, los casos totales desde el inicio de la pandemia en la ciudad son 20.528, de los cuales 20.189 son personas que lograron recuperarse de la enfermedad. \u2022 El n\u00famero de personas aisladas [&hellip;]<\/p>\n","protected":false},"author":4,"featured_media":45220,"comment_status":"open","ping_status":"open","sticky":false,"template":"","format":"standard","meta":{"site-sidebar-layout":"default","site-content-layout":"default","ast-site-content-layout":"default","site-content-style":"default","site-sidebar-style":"default","ast-global-header-display":"","ast-banner-title-visibility":"","ast-main-header-display":"","ast-hfb-above-header-display":"","ast-hfb-below-header-display":"","ast-hfb-mobile-header-display":"","site-post-title":"","ast-breadcrumbs-content":"","ast-featured-img":"","footer-sml-layout":"","ast-disable-related-posts":"","theme-transparent-header-meta":"default","adv-header-id-meta":"","stick-header-meta":"","header-above-stick-meta":"","header-main-stick-meta":"","header-below-stick-meta":"","astra-migrate-meta-layouts":"default","ast-page-background-enabled":"default","ast-page-background-meta":{"desktop":{"background-color":"","background-image":"","background-repeat":"repeat","background-position":"center center","background-size":"auto","background-attachment":"scroll","background-type":"","background-media":"","overlay-type":"","overlay-color":"","overlay-opacity":"","overlay-gradient":""},"tablet":{"background-color":"","background-image":"","background-repeat":"repeat","background-position":"center center","background-size":"auto","background-attachment":"scroll","background-type":"","background-media":"","overlay-type":"","overlay-color":"","overlay-opacity":"","overlay-gradient":""},"mobile":{"background-color":"","background-image":"","background-repeat":"repeat","background-position":"center center","background-size":"auto","background-attachment":"scroll","background-type":"","background-media":"","overlay-type":"","overlay-color":"","overlay-opacity":"","overlay-gradient":""}},"ast-content-background-meta":{"desktop":{"background-color":"var(--ast-global-color-5)","background-image":"","background-repeat":"repeat","background-position":"center center","background-size":"auto","background-attachment":"scroll","background-type":"","background-media":"","overlay-type":"","overlay-color":"","overlay-opacity":"","overlay-gradient":""},"tablet":{"background-color":"var(--ast-global-color-5)","background-image":"","background-repeat":"repeat","background-position":"center center","background-size":"auto","background-attachment":"scroll","background-type":"","background-media":"","overlay-type":"","overlay-color":"","overlay-opacity":"","overlay-gradient":""},"mobile":{"background-color":"var(--ast-global-color-5)","background-image":"","background-repeat":"repeat","background-position":"center center","background-size":"auto","background-attachment":"scroll","background-type":"","background-media":"","overlay-type":"","overlay-color":"","overlay-opacity":"","overlay-gradient":""}},"_jetpack_memberships_contains_paid_content":false,"_joinchat":[],"footnotes":""},"categories":[2256,2],"tags":[3907,1997,1232,6579,7928,11337,2248],"class_list":["post-45213","post","type-post","status-publish","format-standard","has-post-thumbnail","hentry","category-coronavirus","category-villa-maria","tag-casos-diarios","tag-coronavirus","tag-destacado","tag-informe-semanal","tag-situacion-epidemiologica-2","tag-viernes-24-de-septiembre-de-2021","tag-villa-maria-2"],"yoast_head":"<!-- This site is optimized with the Yoast SEO plugin v26.8 - https:\/\/yoast.com\/product\/yoast-seo-wordpress\/ -->\n<title>Villa Mar\u00eda cierra toda la semana con un total de 30 contagios - El Regional<\/title>\n<meta name=\"robots\" content=\"index, follow, max-snippet:-1, max-image-preview:large, max-video-preview:-1\" \/>\n<link rel=\"canonical\" href=\"http:\/\/elregionalvm.com.ar\/noticias-villa-maria\/villa-maria-cierra-toda-la-semana-con-un-total-de-30-contagios\/\" \/>\n<meta property=\"og:locale\" content=\"es_ES\" \/>\n<meta property=\"og:type\" content=\"article\" \/>\n<meta property=\"og:title\" content=\"Villa Mar\u00eda cierra toda la semana con un total de 30 contagios - El Regional\" \/>\n<meta property=\"og:description\" content=\"\u2022 Hasta las 14 horas de este viernes, se registraron 4 nuevos casos de coronavirus y 30 altas m\u00e9dicas definitivas. De esta manera, los casos totales desde el inicio de la pandemia en la ciudad son 20.528, de los cuales 20.189 son personas que lograron recuperarse de la enfermedad. \u2022 El n\u00famero de personas aisladas [&hellip;]\" \/>\n<meta property=\"og:url\" content=\"http:\/\/elregionalvm.com.ar\/noticias-villa-maria\/villa-maria-cierra-toda-la-semana-con-un-total-de-30-contagios\/\" \/>\n<meta property=\"og:site_name\" content=\"El Regional\" \/>\n<meta property=\"article:publisher\" content=\"https:\/\/www.facebook.com\/elregionalvm\" \/>\n<meta property=\"article:published_time\" content=\"2021-09-24T22:10:08+00:00\" \/>\n<meta property=\"article:modified_time\" content=\"2021-09-24T23:58:23+00:00\" \/>\n<meta property=\"og:image\" content=\"http:\/\/elregionalvm.com.ar\/noticias-villa-maria\/wp-content\/uploads\/2021\/09\/covid-informe.jpg\" \/>\n\t<meta property=\"og:image:width\" content=\"696\" \/>\n\t<meta property=\"og:image:height\" content=\"464\" \/>\n\t<meta property=\"og:image:type\" content=\"image\/jpeg\" \/>\n<meta name=\"author\" content=\"Contenidos El Regional\" \/>\n<meta name=\"twitter:card\" content=\"summary_large_image\" \/>\n<meta name=\"twitter:creator\" content=\"@elregionalvm1\" \/>\n<meta name=\"twitter:site\" content=\"@elregionalvm1\" \/>\n<meta name=\"twitter:label1\" content=\"Escrito por\" \/>\n\t<meta name=\"twitter:data1\" content=\"Contenidos El Regional\" \/>\n\t<meta name=\"twitter:label2\" content=\"Tiempo de lectura\" \/>\n\t<meta name=\"twitter:data2\" content=\"4 minutos\" \/>\n<script type=\"application\/ld+json\" class=\"yoast-schema-graph\">{\"@context\":\"https:\/\/schema.org\",\"@graph\":[{\"@type\":\"Article\",\"@id\":\"http:\/\/elregionalvm.com.ar\/noticias-villa-maria\/villa-maria-cierra-toda-la-semana-con-un-total-de-30-contagios\/#article\",\"isPartOf\":{\"@id\":\"http:\/\/elregionalvm.com.ar\/noticias-villa-maria\/villa-maria-cierra-toda-la-semana-con-un-total-de-30-contagios\/\"},\"author\":{\"name\":\"Contenidos El Regional\",\"@id\":\"http:\/\/elregionalvm.com.ar\/noticias-villa-maria\/#\/schema\/person\/a0fb9c422317faca23d50163151bc354\"},\"headline\":\"Villa Mar\u00eda cierra toda la semana con un total de 30 contagios\",\"datePublished\":\"2021-09-24T22:10:08+00:00\",\"dateModified\":\"2021-09-24T23:58:23+00:00\",\"mainEntityOfPage\":{\"@id\":\"http:\/\/elregionalvm.com.ar\/noticias-villa-maria\/villa-maria-cierra-toda-la-semana-con-un-total-de-30-contagios\/\"},\"wordCount\":499,\"commentCount\":0,\"image\":{\"@id\":\"http:\/\/elregionalvm.com.ar\/noticias-villa-maria\/villa-maria-cierra-toda-la-semana-con-un-total-de-30-contagios\/#primaryimage\"},\"thumbnailUrl\":\"https:\/\/i0.wp.com\/elregionalvm.com.ar\/noticias-villa-maria\/wp-content\/uploads\/2021\/09\/covid-informe.jpg?fit=696%2C464&ssl=1\",\"keywords\":[\"casos diarios\",\"Coronavirus\",\"destacado\",\"informe semanal\",\"situacion epidemiol\u00f3gica\",\"viernes 24 de septiembre de 2021\",\"Villa Mar\u00eda\"],\"articleSection\":[\"Coronavirus\",\"Villa Mar\u00eda\"],\"inLanguage\":\"es\",\"potentialAction\":[{\"@type\":\"CommentAction\",\"name\":\"Comment\",\"target\":[\"http:\/\/elregionalvm.com.ar\/noticias-villa-maria\/villa-maria-cierra-toda-la-semana-con-un-total-de-30-contagios\/#respond\"]}]},{\"@type\":\"WebPage\",\"@id\":\"http:\/\/elregionalvm.com.ar\/noticias-villa-maria\/villa-maria-cierra-toda-la-semana-con-un-total-de-30-contagios\/\",\"url\":\"http:\/\/elregionalvm.com.ar\/noticias-villa-maria\/villa-maria-cierra-toda-la-semana-con-un-total-de-30-contagios\/\",\"name\":\"Villa Mar\u00eda cierra toda la semana con un total de 30 contagios - El Regional\",\"isPartOf\":{\"@id\":\"http:\/\/elregionalvm.com.ar\/noticias-villa-maria\/#website\"},\"primaryImageOfPage\":{\"@id\":\"http:\/\/elregionalvm.com.ar\/noticias-villa-maria\/villa-maria-cierra-toda-la-semana-con-un-total-de-30-contagios\/#primaryimage\"},\"image\":{\"@id\":\"http:\/\/elregionalvm.com.ar\/noticias-villa-maria\/villa-maria-cierra-toda-la-semana-con-un-total-de-30-contagios\/#primaryimage\"},\"thumbnailUrl\":\"https:\/\/i0.wp.com\/elregionalvm.com.ar\/noticias-villa-maria\/wp-content\/uploads\/2021\/09\/covid-informe.jpg?fit=696%2C464&ssl=1\",\"datePublished\":\"2021-09-24T22:10:08+00:00\",\"dateModified\":\"2021-09-24T23:58:23+00:00\",\"author\":{\"@id\":\"http:\/\/elregionalvm.com.ar\/noticias-villa-maria\/#\/schema\/person\/a0fb9c422317faca23d50163151bc354\"},\"breadcrumb\":{\"@id\":\"http:\/\/elregionalvm.com.ar\/noticias-villa-maria\/villa-maria-cierra-toda-la-semana-con-un-total-de-30-contagios\/#breadcrumb\"},\"inLanguage\":\"es\",\"potentialAction\":[{\"@type\":\"ReadAction\",\"target\":[\"http:\/\/elregionalvm.com.ar\/noticias-villa-maria\/villa-maria-cierra-toda-la-semana-con-un-total-de-30-contagios\/\"]}]},{\"@type\":\"ImageObject\",\"inLanguage\":\"es\",\"@id\":\"http:\/\/elregionalvm.com.ar\/noticias-villa-maria\/villa-maria-cierra-toda-la-semana-con-un-total-de-30-contagios\/#primaryimage\",\"url\":\"https:\/\/i0.wp.com\/elregionalvm.com.ar\/noticias-villa-maria\/wp-content\/uploads\/2021\/09\/covid-informe.jpg?fit=696%2C464&ssl=1\",\"contentUrl\":\"https:\/\/i0.wp.com\/elregionalvm.com.ar\/noticias-villa-maria\/wp-content\/uploads\/2021\/09\/covid-informe.jpg?fit=696%2C464&ssl=1\",\"width\":696,\"height\":464},{\"@type\":\"BreadcrumbList\",\"@id\":\"http:\/\/elregionalvm.com.ar\/noticias-villa-maria\/villa-maria-cierra-toda-la-semana-con-un-total-de-30-contagios\/#breadcrumb\",\"itemListElement\":[{\"@type\":\"ListItem\",\"position\":1,\"name\":\"Portada\",\"item\":\"https:\/\/elregionalvm.com.ar\/noticias-villa-maria\/\"},{\"@type\":\"ListItem\",\"position\":2,\"name\":\"Villa Mar\u00eda cierra toda la semana con un total de 30 contagios\"}]},{\"@type\":\"WebSite\",\"@id\":\"http:\/\/elregionalvm.com.ar\/noticias-villa-maria\/#website\",\"url\":\"http:\/\/elregionalvm.com.ar\/noticias-villa-maria\/\",\"name\":\"El Regional\",\"description\":\"Mucho m\u00e1s que informaci\u00f3n\",\"potentialAction\":[{\"@type\":\"SearchAction\",\"target\":{\"@type\":\"EntryPoint\",\"urlTemplate\":\"http:\/\/elregionalvm.com.ar\/noticias-villa-maria\/?s={search_term_string}\"},\"query-input\":{\"@type\":\"PropertyValueSpecification\",\"valueRequired\":true,\"valueName\":\"search_term_string\"}}],\"inLanguage\":\"es\"},{\"@type\":\"Person\",\"@id\":\"http:\/\/elregionalvm.com.ar\/noticias-villa-maria\/#\/schema\/person\/a0fb9c422317faca23d50163151bc354\",\"name\":\"Contenidos El Regional\",\"image\":{\"@type\":\"ImageObject\",\"inLanguage\":\"es\",\"@id\":\"http:\/\/elregionalvm.com.ar\/noticias-villa-maria\/#\/schema\/person\/image\/\",\"url\":\"https:\/\/secure.gravatar.com\/avatar\/265b27cb2209af7bb3a1318f03305787d7981a5cc6e6cd08fe5a4ecdf99d4b48?s=96&d=mm&r=g\",\"contentUrl\":\"https:\/\/secure.gravatar.com\/avatar\/265b27cb2209af7bb3a1318f03305787d7981a5cc6e6cd08fe5a4ecdf99d4b48?s=96&d=mm&r=g\",\"caption\":\"Contenidos El Regional\"},\"url\":\"https:\/\/elregionalvm.com.ar\/noticias-villa-maria\/author\/contenido\/\"}]}<\/script>\n<!-- \/ Yoast SEO plugin. -->","yoast_head_json":{"title":"Villa Mar\u00eda cierra toda la semana con un total de 30 contagios - El Regional","robots":{"index":"index","follow":"follow","max-snippet":"max-snippet:-1","max-image-preview":"max-image-preview:large","max-video-preview":"max-video-preview:-1"},"canonical":"http:\/\/elregionalvm.com.ar\/noticias-villa-maria\/villa-maria-cierra-toda-la-semana-con-un-total-de-30-contagios\/","og_locale":"es_ES","og_type":"article","og_title":"Villa Mar\u00eda cierra toda la semana con un total de 30 contagios - El Regional","og_description":"\u2022 Hasta las 14 horas de este viernes, se registraron 4 nuevos casos de coronavirus y 30 altas m\u00e9dicas definitivas. De esta manera, los casos totales desde el inicio de la pandemia en la ciudad son 20.528, de los cuales 20.189 son personas que lograron recuperarse de la enfermedad. \u2022 El n\u00famero de personas aisladas [&hellip;]","og_url":"http:\/\/elregionalvm.com.ar\/noticias-villa-maria\/villa-maria-cierra-toda-la-semana-con-un-total-de-30-contagios\/","og_site_name":"El Regional","article_publisher":"https:\/\/www.facebook.com\/elregionalvm","article_published_time":"2021-09-24T22:10:08+00:00","article_modified_time":"2021-09-24T23:58:23+00:00","og_image":[{"width":696,"height":464,"url":"http:\/\/elregionalvm.com.ar\/noticias-villa-maria\/wp-content\/uploads\/2021\/09\/covid-informe.jpg","type":"image\/jpeg"}],"author":"Contenidos El Regional","twitter_card":"summary_large_image","twitter_creator":"@elregionalvm1","twitter_site":"@elregionalvm1","twitter_misc":{"Escrito por":"Contenidos El Regional","Tiempo de lectura":"4 minutos"},"schema":{"@context":"https:\/\/schema.org","@graph":[{"@type":"Article","@id":"http:\/\/elregionalvm.com.ar\/noticias-villa-maria\/villa-maria-cierra-toda-la-semana-con-un-total-de-30-contagios\/#article","isPartOf":{"@id":"http:\/\/elregionalvm.com.ar\/noticias-villa-maria\/villa-maria-cierra-toda-la-semana-con-un-total-de-30-contagios\/"},"author":{"name":"Contenidos El Regional","@id":"http:\/\/elregionalvm.com.ar\/noticias-villa-maria\/#\/schema\/person\/a0fb9c422317faca23d50163151bc354"},"headline":"Villa Mar\u00eda cierra toda la semana con un total de 30 contagios","datePublished":"2021-09-24T22:10:08+00:00","dateModified":"2021-09-24T23:58:23+00:00","mainEntityOfPage":{"@id":"http:\/\/elregionalvm.com.ar\/noticias-villa-maria\/villa-maria-cierra-toda-la-semana-con-un-total-de-30-contagios\/"},"wordCount":499,"commentCount":0,"image":{"@id":"http:\/\/elregionalvm.com.ar\/noticias-villa-maria\/villa-maria-cierra-toda-la-semana-con-un-total-de-30-contagios\/#primaryimage"},"thumbnailUrl":"https:\/\/i0.wp.com\/elregionalvm.com.ar\/noticias-villa-maria\/wp-content\/uploads\/2021\/09\/covid-informe.jpg?fit=696%2C464&ssl=1","keywords":["casos diarios","Coronavirus","destacado","informe semanal","situacion epidemiol\u00f3gica","viernes 24 de septiembre de 2021","Villa Mar\u00eda"],"articleSection":["Coronavirus","Villa Mar\u00eda"],"inLanguage":"es","potentialAction":[{"@type":"CommentAction","name":"Comment","target":["http:\/\/elregionalvm.com.ar\/noticias-villa-maria\/villa-maria-cierra-toda-la-semana-con-un-total-de-30-contagios\/#respond"]}]},{"@type":"WebPage","@id":"http:\/\/elregionalvm.com.ar\/noticias-villa-maria\/villa-maria-cierra-toda-la-semana-con-un-total-de-30-contagios\/","url":"http:\/\/elregionalvm.com.ar\/noticias-villa-maria\/villa-maria-cierra-toda-la-semana-con-un-total-de-30-contagios\/","name":"Villa Mar\u00eda cierra toda la semana con un total de 30 contagios - El Regional","isPartOf":{"@id":"http:\/\/elregionalvm.com.ar\/noticias-villa-maria\/#website"},"primaryImageOfPage":{"@id":"http:\/\/elregionalvm.com.ar\/noticias-villa-maria\/villa-maria-cierra-toda-la-semana-con-un-total-de-30-contagios\/#primaryimage"},"image":{"@id":"http:\/\/elregionalvm.com.ar\/noticias-villa-maria\/villa-maria-cierra-toda-la-semana-con-un-total-de-30-contagios\/#primaryimage"},"thumbnailUrl":"https:\/\/i0.wp.com\/elregionalvm.com.ar\/noticias-villa-maria\/wp-content\/uploads\/2021\/09\/covid-informe.jpg?fit=696%2C464&ssl=1","datePublished":"2021-09-24T22:10:08+00:00","dateModified":"2021-09-24T23:58:23+00:00","author":{"@id":"http:\/\/elregionalvm.com.ar\/noticias-villa-maria\/#\/schema\/person\/a0fb9c422317faca23d50163151bc354"},"breadcrumb":{"@id":"http:\/\/elregionalvm.com.ar\/noticias-villa-maria\/villa-maria-cierra-toda-la-semana-con-un-total-de-30-contagios\/#breadcrumb"},"inLanguage":"es","potentialAction":[{"@type":"ReadAction","target":["http:\/\/elregionalvm.com.ar\/noticias-villa-maria\/villa-maria-cierra-toda-la-semana-con-un-total-de-30-contagios\/"]}]},{"@type":"ImageObject","inLanguage":"es","@id":"http:\/\/elregionalvm.com.ar\/noticias-villa-maria\/villa-maria-cierra-toda-la-semana-con-un-total-de-30-contagios\/#primaryimage","url":"https:\/\/i0.wp.com\/elregionalvm.com.ar\/noticias-villa-maria\/wp-content\/uploads\/2021\/09\/covid-informe.jpg?fit=696%2C464&ssl=1","contentUrl":"https:\/\/i0.wp.com\/elregionalvm.com.ar\/noticias-villa-maria\/wp-content\/uploads\/2021\/09\/covid-informe.jpg?fit=696%2C464&ssl=1","width":696,"height":464},{"@type":"BreadcrumbList","@id":"http:\/\/elregionalvm.com.ar\/noticias-villa-maria\/villa-maria-cierra-toda-la-semana-con-un-total-de-30-contagios\/#breadcrumb","itemListElement":[{"@type":"ListItem","position":1,"name":"Portada","item":"https:\/\/elregionalvm.com.ar\/noticias-villa-maria\/"},{"@type":"ListItem","position":2,"name":"Villa Mar\u00eda cierra toda la semana con un total de 30 contagios"}]},{"@type":"WebSite","@id":"http:\/\/elregionalvm.com.ar\/noticias-villa-maria\/#website","url":"http:\/\/elregionalvm.com.ar\/noticias-villa-maria\/","name":"El Regional","description":"Mucho m\u00e1s que informaci\u00f3n","potentialAction":[{"@type":"SearchAction","target":{"@type":"EntryPoint","urlTemplate":"http:\/\/elregionalvm.com.ar\/noticias-villa-maria\/?s={search_term_string}"},"query-input":{"@type":"PropertyValueSpecification","valueRequired":true,"valueName":"search_term_string"}}],"inLanguage":"es"},{"@type":"Person","@id":"http:\/\/elregionalvm.com.ar\/noticias-villa-maria\/#\/schema\/person\/a0fb9c422317faca23d50163151bc354","name":"Contenidos El Regional","image":{"@type":"ImageObject","inLanguage":"es","@id":"http:\/\/elregionalvm.com.ar\/noticias-villa-maria\/#\/schema\/person\/image\/","url":"https:\/\/secure.gravatar.com\/avatar\/265b27cb2209af7bb3a1318f03305787d7981a5cc6e6cd08fe5a4ecdf99d4b48?s=96&d=mm&r=g","contentUrl":"https:\/\/secure.gravatar.com\/avatar\/265b27cb2209af7bb3a1318f03305787d7981a5cc6e6cd08fe5a4ecdf99d4b48?s=96&d=mm&r=g","caption":"Contenidos El Regional"},"url":"https:\/\/elregionalvm.com.ar\/noticias-villa-maria\/author\/contenido\/"}]}},"jetpack_featured_media_url":"https:\/\/i0.wp.com\/elregionalvm.com.ar\/noticias-villa-maria\/wp-content\/uploads\/2021\/09\/covid-informe.jpg?fit=696%2C464&ssl=1","jetpack_sharing_enabled":true,"_links":{"self":[{"href":"https:\/\/elregionalvm.com.ar\/noticias-villa-maria\/wp-json\/wp\/v2\/posts\/45213","targetHints":{"allow":["GET"]}}],"collection":[{"href":"https:\/\/elregionalvm.com.ar\/noticias-villa-maria\/wp-json\/wp\/v2\/posts"}],"about":[{"href":"https:\/\/elregionalvm.com.ar\/noticias-villa-maria\/wp-json\/wp\/v2\/types\/post"}],"author":[{"embeddable":true,"href":"https:\/\/elregionalvm.com.ar\/noticias-villa-maria\/wp-json\/wp\/v2\/users\/4"}],"replies":[{"embeddable":true,"href":"https:\/\/elregionalvm.com.ar\/noticias-villa-maria\/wp-json\/wp\/v2\/comments?post=45213"}],"version-history":[{"count":2,"href":"https:\/\/elregionalvm.com.ar\/noticias-villa-maria\/wp-json\/wp\/v2\/posts\/45213\/revisions"}],"predecessor-version":[{"id":45241,"href":"https:\/\/elregionalvm.com.ar\/noticias-villa-maria\/wp-json\/wp\/v2\/posts\/45213\/revisions\/45241"}],"wp:featuredmedia":[{"embeddable":true,"href":"https:\/\/elregionalvm.com.ar\/noticias-villa-maria\/wp-json\/wp\/v2\/media\/45220"}],"wp:attachment":[{"href":"https:\/\/elregionalvm.com.ar\/noticias-villa-maria\/wp-json\/wp\/v2\/media?parent=45213"}],"wp:term":[{"taxonomy":"category","embeddable":true,"href":"https:\/\/elregionalvm.com.ar\/noticias-villa-maria\/wp-json\/wp\/v2\/categories?post=45213"},{"taxonomy":"post_tag","embeddable":true,"href":"https:\/\/elregionalvm.com.ar\/noticias-villa-maria\/wp-json\/wp\/v2\/tags?post=45213"}],"curies":[{"name":"wp","href":"https:\/\/api.w.org\/{rel}","templated":true}]}}