{"id":45222,"date":"2021-09-24T22:52:05","date_gmt":"2021-09-24T22:52:05","guid":{"rendered":"https:\/\/elregionalvm.com.ar\/noticias-villa-maria\/?p=45222"},"modified":"2021-09-25T01:41:16","modified_gmt":"2021-09-25T01:41:16","slug":"con-nuevos-anuncios-de-obras-para-villa-nueva-quedo-inaugurado-el-playon-del-barrio-el-vallecito","status":"publish","type":"post","link":"https:\/\/elregionalvm.com.ar\/noticias-villa-maria\/con-nuevos-anuncios-de-obras-para-villa-nueva-quedo-inaugurado-el-playon-del-barrio-el-vallecito\/","title":{"rendered":"Con nuevos anuncios de obras para Villa Nueva, qued\u00f3 inaugurado el Play\u00f3n del barrio \u00abEl Vallecito\u00bb"},"content":{"rendered":"\n<p><br>El intendente, Natalio Graglia, encabez\u00f3 el acto de inauguraci\u00f3n del Playon Multideportivo de barrio El Vallecito. Acompa\u00f1ado por el secretario de Obras P\u00fablicas de la Naci\u00f3n, Martin Gill, y la directora de Unops, Monica Rivero y autoridades del Municipio, el Concejo Deliberante, la Cooperativa 19 de marzo (responsable de la obra), y centros vecinales, el mandatario local firm\u00f3 las actas de recepci\u00f3n de la obra, que permitir\u00e1 que la ciudad cuente con su primer play\u00f3n deportivo, que permitir\u00e1 que numerosos ni\u00f1os villanovenses puedan tener un espacio adecuado para la pr\u00e1ctica deportiva y recreativa.<\/p>\n\n\n\n<figure class=\"wp-block-gallery columns-2 is-cropped wp-block-gallery-1 is-layout-flex wp-block-gallery-is-layout-flex\"><ul class=\"blocks-gallery-grid\"><li class=\"blocks-gallery-item\"><figure><img data-recalc-dims=\"1\" fetchpriority=\"high\" decoding=\"async\" width=\"1024\" height=\"576\" src=\"https:\/\/i0.wp.com\/elregionalvm.com.ar\/noticias-villa-maria\/wp-content\/uploads\/2021\/09\/WhatsApp-Image-2021-09-24-at-15.13.58.jpeg?resize=1024%2C576&#038;ssl=1\" alt=\"\" data-id=\"45224\" data-link=\"https:\/\/elregionalvm.com.ar\/noticias-villa-maria\/?attachment_id=45224\" class=\"wp-image-45224\" srcset=\"https:\/\/i0.wp.com\/elregionalvm.com.ar\/noticias-villa-maria\/wp-content\/uploads\/2021\/09\/WhatsApp-Image-2021-09-24-at-15.13.58.jpeg?resize=1024%2C576&amp;ssl=1 1024w, https:\/\/i0.wp.com\/elregionalvm.com.ar\/noticias-villa-maria\/wp-content\/uploads\/2021\/09\/WhatsApp-Image-2021-09-24-at-15.13.58.jpeg?resize=300%2C169&amp;ssl=1 300w, https:\/\/i0.wp.com\/elregionalvm.com.ar\/noticias-villa-maria\/wp-content\/uploads\/2021\/09\/WhatsApp-Image-2021-09-24-at-15.13.58.jpeg?resize=768%2C432&amp;ssl=1 768w, https:\/\/i0.wp.com\/elregionalvm.com.ar\/noticias-villa-maria\/wp-content\/uploads\/2021\/09\/WhatsApp-Image-2021-09-24-at-15.13.58.jpeg?w=1280&amp;ssl=1 1280w\" sizes=\"(max-width: 1000px) 100vw, 1000px\" \/><\/figure><\/li><li class=\"blocks-gallery-item\"><figure><img data-recalc-dims=\"1\" decoding=\"async\" width=\"1024\" height=\"576\" src=\"https:\/\/i0.wp.com\/elregionalvm.com.ar\/noticias-villa-maria\/wp-content\/uploads\/2021\/09\/WhatsApp-Image-2021-09-24-at-15.13.57.jpeg?resize=1024%2C576&#038;ssl=1\" alt=\"\" data-id=\"45225\" data-full-url=\"https:\/\/elregionalvm.com.ar\/noticias-villa-maria\/wp-content\/uploads\/2021\/09\/WhatsApp-Image-2021-09-24-at-15.13.57.jpeg\" data-link=\"https:\/\/elregionalvm.com.ar\/noticias-villa-maria\/?attachment_id=45225\" class=\"wp-image-45225\" srcset=\"https:\/\/i0.wp.com\/elregionalvm.com.ar\/noticias-villa-maria\/wp-content\/uploads\/2021\/09\/WhatsApp-Image-2021-09-24-at-15.13.57.jpeg?resize=1024%2C576&amp;ssl=1 1024w, https:\/\/i0.wp.com\/elregionalvm.com.ar\/noticias-villa-maria\/wp-content\/uploads\/2021\/09\/WhatsApp-Image-2021-09-24-at-15.13.57.jpeg?resize=300%2C169&amp;ssl=1 300w, https:\/\/i0.wp.com\/elregionalvm.com.ar\/noticias-villa-maria\/wp-content\/uploads\/2021\/09\/WhatsApp-Image-2021-09-24-at-15.13.57.jpeg?resize=768%2C432&amp;ssl=1 768w, https:\/\/i0.wp.com\/elregionalvm.com.ar\/noticias-villa-maria\/wp-content\/uploads\/2021\/09\/WhatsApp-Image-2021-09-24-at-15.13.57.jpeg?w=1280&amp;ssl=1 1280w\" sizes=\"(max-width: 1000px) 100vw, 1000px\" \/><\/figure><\/li><\/ul><\/figure>\n\n\n\n<p>A la hora de las palabras, el intendente, Natalio Graglia, destac\u00f3 el trabajo de la Cooperativa 19 de Marzo, responsable de la obra de construcci\u00f3n del flamante espacio. Graglia enumer\u00f3 la realizaci\u00f3n de obras p\u00fablicas en todo el territorio cordob\u00e9s, y valor\u00f3 que sean iniciativas que permitan reactivar el trabajo genuino y la mano de obra local.<\/p>\n\n\n\n<p>\u00abEsta es la segunda cancha de b\u00e1squet abierta que tiene la ciudad, y poder tenerla en este barrio es muy importante, porque permitir\u00e1 el desarrollo de la gente de la ciudad\u00bb, a la vez que anunci\u00f3 la inminente licitaci\u00f3n para la construcci\u00f3n de 75 nuevas viviendas.<\/p>\n\n\n\n<p>Mart\u00edn Gill, a su turno, insisti\u00f3 que \u00abNuestra gesti\u00f3n est\u00e1 convencida que es con trabajo como se mejora la vida de las personas, y ese es el objetivo. Aqu\u00ed y en cada uno de los municipios y comunas de todo el pa\u00eds, el presidente ha decidido llegar con obras, no s\u00f3lo para generar trabajo, sino para mejorarle la vida a las personas que tan mal la han pasado en este tiempo\u00bb.<\/p>\n\n\n\n<p><br>Gill se encarg\u00f3 de anunciar adem\u00e1s la construcci\u00f3n de un nuevo play\u00f3n deportivo, en este caso en el Parque Hip\u00f3lito Yrigoyen, donde se construir\u00e1 una cancha de c\u00e9sped sint\u00e9tico para la pr\u00e1ctica de f\u00fatbol y Hockey, agregando que en el barrio El Vallecito tambi\u00e9n se construir\u00e1 un Centro de Desarrollo Infantil.<\/p>\n\n\n\n<figure class=\"wp-block-gallery columns-2 is-cropped wp-block-gallery-2 is-layout-flex wp-block-gallery-is-layout-flex\"><ul class=\"blocks-gallery-grid\"><li class=\"blocks-gallery-item\"><figure><img data-recalc-dims=\"1\" decoding=\"async\" width=\"1024\" height=\"576\" src=\"https:\/\/i0.wp.com\/elregionalvm.com.ar\/noticias-villa-maria\/wp-content\/uploads\/2021\/09\/WhatsApp-Image-2021-09-24-at-15.13.56-1-1.jpeg?resize=1024%2C576&#038;ssl=1\" alt=\"\" data-id=\"45228\" data-link=\"https:\/\/elregionalvm.com.ar\/noticias-villa-maria\/?attachment_id=45228\" class=\"wp-image-45228\" srcset=\"https:\/\/i0.wp.com\/elregionalvm.com.ar\/noticias-villa-maria\/wp-content\/uploads\/2021\/09\/WhatsApp-Image-2021-09-24-at-15.13.56-1-1.jpeg?resize=1024%2C576&amp;ssl=1 1024w, https:\/\/i0.wp.com\/elregionalvm.com.ar\/noticias-villa-maria\/wp-content\/uploads\/2021\/09\/WhatsApp-Image-2021-09-24-at-15.13.56-1-1.jpeg?resize=300%2C169&amp;ssl=1 300w, https:\/\/i0.wp.com\/elregionalvm.com.ar\/noticias-villa-maria\/wp-content\/uploads\/2021\/09\/WhatsApp-Image-2021-09-24-at-15.13.56-1-1.jpeg?resize=768%2C432&amp;ssl=1 768w, https:\/\/i0.wp.com\/elregionalvm.com.ar\/noticias-villa-maria\/wp-content\/uploads\/2021\/09\/WhatsApp-Image-2021-09-24-at-15.13.56-1-1.jpeg?w=1280&amp;ssl=1 1280w\" sizes=\"(max-width: 1000px) 100vw, 1000px\" \/><\/figure><\/li><li class=\"blocks-gallery-item\"><figure><img data-recalc-dims=\"1\" loading=\"lazy\" decoding=\"async\" width=\"1024\" height=\"576\" src=\"https:\/\/i0.wp.com\/elregionalvm.com.ar\/noticias-villa-maria\/wp-content\/uploads\/2021\/09\/WhatsApp-Image-2021-09-24-at-15.13.58-1-1.jpeg?resize=1024%2C576&#038;ssl=1\" alt=\"\" data-id=\"45229\" data-full-url=\"https:\/\/elregionalvm.com.ar\/noticias-villa-maria\/wp-content\/uploads\/2021\/09\/WhatsApp-Image-2021-09-24-at-15.13.58-1-1.jpeg\" data-link=\"https:\/\/elregionalvm.com.ar\/noticias-villa-maria\/?attachment_id=45229\" class=\"wp-image-45229\" srcset=\"https:\/\/i0.wp.com\/elregionalvm.com.ar\/noticias-villa-maria\/wp-content\/uploads\/2021\/09\/WhatsApp-Image-2021-09-24-at-15.13.58-1-1.jpeg?resize=1024%2C576&amp;ssl=1 1024w, https:\/\/i0.wp.com\/elregionalvm.com.ar\/noticias-villa-maria\/wp-content\/uploads\/2021\/09\/WhatsApp-Image-2021-09-24-at-15.13.58-1-1.jpeg?resize=300%2C169&amp;ssl=1 300w, https:\/\/i0.wp.com\/elregionalvm.com.ar\/noticias-villa-maria\/wp-content\/uploads\/2021\/09\/WhatsApp-Image-2021-09-24-at-15.13.58-1-1.jpeg?resize=768%2C432&amp;ssl=1 768w, https:\/\/i0.wp.com\/elregionalvm.com.ar\/noticias-villa-maria\/wp-content\/uploads\/2021\/09\/WhatsApp-Image-2021-09-24-at-15.13.58-1-1.jpeg?w=1280&amp;ssl=1 1280w\" sizes=\"(max-width: 1000px) 100vw, 1000px\" \/><\/figure><\/li><\/ul><\/figure>\n","protected":false},"excerpt":{"rendered":"<p>El intendente, Natalio Graglia, encabez\u00f3 el acto de inauguraci\u00f3n del Playon Multideportivo de barrio El Vallecito. Acompa\u00f1ado por el secretario de Obras P\u00fablicas de la Naci\u00f3n, Martin Gill, y la directora de Unops, Monica Rivero y autoridades del Municipio, el Concejo Deliberante, la Cooperativa 19 de marzo (responsable de la obra), y centros vecinales, el [&hellip;]<\/p>\n","protected":false},"author":4,"featured_media":45223,"comment_status":"open","ping_status":"open","sticky":false,"template":"","format":"standard","meta":{"site-sidebar-layout":"default","site-content-layout":"default","ast-site-content-layout":"default","site-content-style":"default","site-sidebar-style":"default","ast-global-header-display":"","ast-banner-title-visibility":"","ast-main-header-display":"","ast-hfb-above-header-display":"","ast-hfb-below-header-display":"","ast-hfb-mobile-header-display":"","site-post-title":"","ast-breadcrumbs-content":"","ast-featured-img":"","footer-sml-layout":"","ast-disable-related-posts":"","theme-transparent-header-meta":"default","adv-header-id-meta":"","stick-header-meta":"","header-above-stick-meta":"","header-main-stick-meta":"","header-below-stick-meta":"","astra-migrate-meta-layouts":"default","ast-page-background-enabled":"default","ast-page-background-meta":{"desktop":{"background-color":"","background-image":"","background-repeat":"repeat","background-position":"center center","background-size":"auto","background-attachment":"scroll","background-type":"","background-media":"","overlay-type":"","overlay-color":"","overlay-opacity":"","overlay-gradient":""},"tablet":{"background-color":"","background-image":"","background-repeat":"repeat","background-position":"center center","background-size":"auto","background-attachment":"scroll","background-type":"","background-media":"","overlay-type":"","overlay-color":"","overlay-opacity":"","overlay-gradient":""},"mobile":{"background-color":"","background-image":"","background-repeat":"repeat","background-position":"center center","background-size":"auto","background-attachment":"scroll","background-type":"","background-media":"","overlay-type":"","overlay-color":"","overlay-opacity":"","overlay-gradient":""}},"ast-content-background-meta":{"desktop":{"background-color":"var(--ast-global-color-5)","background-image":"","background-repeat":"repeat","background-position":"center center","background-size":"auto","background-attachment":"scroll","background-type":"","background-media":"","overlay-type":"","overlay-color":"","overlay-opacity":"","overlay-gradient":""},"tablet":{"background-color":"var(--ast-global-color-5)","background-image":"","background-repeat":"repeat","background-position":"center center","background-size":"auto","background-attachment":"scroll","background-type":"","background-media":"","overlay-type":"","overlay-color":"","overlay-opacity":"","overlay-gradient":""},"mobile":{"background-color":"var(--ast-global-color-5)","background-image":"","background-repeat":"repeat","background-position":"center center","background-size":"auto","background-attachment":"scroll","background-type":"","background-media":"","overlay-type":"","overlay-color":"","overlay-opacity":"","overlay-gradient":""}},"_jetpack_memberships_contains_paid_content":false,"_joinchat":[],"footnotes":""},"categories":[1408],"tags":[3363,3232,11338,7789,232],"class_list":["post-45222","post","type-post","status-publish","format-standard","has-post-thumbnail","hentry","category-villa-nueva","tag-barrio-el-vallecito","tag-inauguracion","tag-nuevos-anuncios-de-obras","tag-playon-multipedortivo","tag-villa-nueva"],"yoast_head":"<!-- This site is optimized with the Yoast SEO plugin v26.8 - https:\/\/yoast.com\/product\/yoast-seo-wordpress\/ -->\n<title>Con nuevos anuncios de obras para Villa Nueva, qued\u00f3 inaugurado el Play\u00f3n del barrio &quot;El Vallecito&quot; - El Regional<\/title>\n<meta name=\"robots\" content=\"index, follow, max-snippet:-1, max-image-preview:large, max-video-preview:-1\" \/>\n<link rel=\"canonical\" href=\"http:\/\/elregionalvm.com.ar\/noticias-villa-maria\/con-nuevos-anuncios-de-obras-para-villa-nueva-quedo-inaugurado-el-playon-del-barrio-el-vallecito\/\" \/>\n<meta property=\"og:locale\" content=\"es_ES\" \/>\n<meta property=\"og:type\" content=\"article\" \/>\n<meta property=\"og:title\" content=\"Con nuevos anuncios de obras para Villa Nueva, qued\u00f3 inaugurado el Play\u00f3n del barrio &quot;El Vallecito&quot; - El Regional\" \/>\n<meta property=\"og:description\" content=\"El intendente, Natalio Graglia, encabez\u00f3 el acto de inauguraci\u00f3n del Playon Multideportivo de barrio El Vallecito. Acompa\u00f1ado por el secretario de Obras P\u00fablicas de la Naci\u00f3n, Martin Gill, y la directora de Unops, Monica Rivero y autoridades del Municipio, el Concejo Deliberante, la Cooperativa 19 de marzo (responsable de la obra), y centros vecinales, el [&hellip;]\" \/>\n<meta property=\"og:url\" content=\"http:\/\/elregionalvm.com.ar\/noticias-villa-maria\/con-nuevos-anuncios-de-obras-para-villa-nueva-quedo-inaugurado-el-playon-del-barrio-el-vallecito\/\" \/>\n<meta property=\"og:site_name\" content=\"El Regional\" \/>\n<meta property=\"article:publisher\" content=\"https:\/\/www.facebook.com\/elregionalvm\" \/>\n<meta property=\"article:published_time\" content=\"2021-09-24T22:52:05+00:00\" \/>\n<meta property=\"article:modified_time\" content=\"2021-09-25T01:41:16+00:00\" \/>\n<meta property=\"og:image\" content=\"http:\/\/elregionalvm.com.ar\/noticias-villa-maria\/wp-content\/uploads\/2021\/09\/WhatsApp-Image-2021-09-24-at-15.13.56.jpeg\" \/>\n\t<meta property=\"og:image:width\" content=\"1280\" \/>\n\t<meta property=\"og:image:height\" content=\"720\" \/>\n\t<meta property=\"og:image:type\" content=\"image\/jpeg\" \/>\n<meta name=\"author\" content=\"Contenidos El Regional\" \/>\n<meta name=\"twitter:card\" content=\"summary_large_image\" \/>\n<meta name=\"twitter:creator\" content=\"@elregionalvm1\" \/>\n<meta name=\"twitter:site\" content=\"@elregionalvm1\" \/>\n<meta name=\"twitter:label1\" content=\"Escrito por\" \/>\n\t<meta name=\"twitter:data1\" content=\"Contenidos El Regional\" \/>\n\t<meta name=\"twitter:label2\" content=\"Tiempo de lectura\" \/>\n\t<meta name=\"twitter:data2\" content=\"3 minutos\" \/>\n<script type=\"application\/ld+json\" class=\"yoast-schema-graph\">{\"@context\":\"https:\/\/schema.org\",\"@graph\":[{\"@type\":\"Article\",\"@id\":\"http:\/\/elregionalvm.com.ar\/noticias-villa-maria\/con-nuevos-anuncios-de-obras-para-villa-nueva-quedo-inaugurado-el-playon-del-barrio-el-vallecito\/#article\",\"isPartOf\":{\"@id\":\"http:\/\/elregionalvm.com.ar\/noticias-villa-maria\/con-nuevos-anuncios-de-obras-para-villa-nueva-quedo-inaugurado-el-playon-del-barrio-el-vallecito\/\"},\"author\":{\"name\":\"Contenidos El Regional\",\"@id\":\"http:\/\/elregionalvm.com.ar\/noticias-villa-maria\/#\/schema\/person\/a0fb9c422317faca23d50163151bc354\"},\"headline\":\"Con nuevos anuncios de obras para Villa Nueva, qued\u00f3 inaugurado el Play\u00f3n del barrio \u00abEl Vallecito\u00bb\",\"datePublished\":\"2021-09-24T22:52:05+00:00\",\"dateModified\":\"2021-09-25T01:41:16+00:00\",\"mainEntityOfPage\":{\"@id\":\"http:\/\/elregionalvm.com.ar\/noticias-villa-maria\/con-nuevos-anuncios-de-obras-para-villa-nueva-quedo-inaugurado-el-playon-del-barrio-el-vallecito\/\"},\"wordCount\":360,\"commentCount\":0,\"image\":{\"@id\":\"http:\/\/elregionalvm.com.ar\/noticias-villa-maria\/con-nuevos-anuncios-de-obras-para-villa-nueva-quedo-inaugurado-el-playon-del-barrio-el-vallecito\/#primaryimage\"},\"thumbnailUrl\":\"https:\/\/i0.wp.com\/elregionalvm.com.ar\/noticias-villa-maria\/wp-content\/uploads\/2021\/09\/WhatsApp-Image-2021-09-24-at-15.13.56.jpeg?fit=1280%2C720&ssl=1\",\"keywords\":[\"Barrio El Vallecito\",\"inauguraci\u00f3n\",\"nuevos anuncios de obras\",\"Play\u00f3n Multipedortivo\",\"VILLA NUEVA\"],\"articleSection\":[\"Villa Nueva\"],\"inLanguage\":\"es\",\"potentialAction\":[{\"@type\":\"CommentAction\",\"name\":\"Comment\",\"target\":[\"http:\/\/elregionalvm.com.ar\/noticias-villa-maria\/con-nuevos-anuncios-de-obras-para-villa-nueva-quedo-inaugurado-el-playon-del-barrio-el-vallecito\/#respond\"]}]},{\"@type\":\"WebPage\",\"@id\":\"http:\/\/elregionalvm.com.ar\/noticias-villa-maria\/con-nuevos-anuncios-de-obras-para-villa-nueva-quedo-inaugurado-el-playon-del-barrio-el-vallecito\/\",\"url\":\"http:\/\/elregionalvm.com.ar\/noticias-villa-maria\/con-nuevos-anuncios-de-obras-para-villa-nueva-quedo-inaugurado-el-playon-del-barrio-el-vallecito\/\",\"name\":\"Con nuevos anuncios de obras para Villa Nueva, qued\u00f3 inaugurado el Play\u00f3n del barrio \\\"El Vallecito\\\" - El Regional\",\"isPartOf\":{\"@id\":\"http:\/\/elregionalvm.com.ar\/noticias-villa-maria\/#website\"},\"primaryImageOfPage\":{\"@id\":\"http:\/\/elregionalvm.com.ar\/noticias-villa-maria\/con-nuevos-anuncios-de-obras-para-villa-nueva-quedo-inaugurado-el-playon-del-barrio-el-vallecito\/#primaryimage\"},\"image\":{\"@id\":\"http:\/\/elregionalvm.com.ar\/noticias-villa-maria\/con-nuevos-anuncios-de-obras-para-villa-nueva-quedo-inaugurado-el-playon-del-barrio-el-vallecito\/#primaryimage\"},\"thumbnailUrl\":\"https:\/\/i0.wp.com\/elregionalvm.com.ar\/noticias-villa-maria\/wp-content\/uploads\/2021\/09\/WhatsApp-Image-2021-09-24-at-15.13.56.jpeg?fit=1280%2C720&ssl=1\",\"datePublished\":\"2021-09-24T22:52:05+00:00\",\"dateModified\":\"2021-09-25T01:41:16+00:00\",\"author\":{\"@id\":\"http:\/\/elregionalvm.com.ar\/noticias-villa-maria\/#\/schema\/person\/a0fb9c422317faca23d50163151bc354\"},\"breadcrumb\":{\"@id\":\"http:\/\/elregionalvm.com.ar\/noticias-villa-maria\/con-nuevos-anuncios-de-obras-para-villa-nueva-quedo-inaugurado-el-playon-del-barrio-el-vallecito\/#breadcrumb\"},\"inLanguage\":\"es\",\"potentialAction\":[{\"@type\":\"ReadAction\",\"target\":[\"http:\/\/elregionalvm.com.ar\/noticias-villa-maria\/con-nuevos-anuncios-de-obras-para-villa-nueva-quedo-inaugurado-el-playon-del-barrio-el-vallecito\/\"]}]},{\"@type\":\"ImageObject\",\"inLanguage\":\"es\",\"@id\":\"http:\/\/elregionalvm.com.ar\/noticias-villa-maria\/con-nuevos-anuncios-de-obras-para-villa-nueva-quedo-inaugurado-el-playon-del-barrio-el-vallecito\/#primaryimage\",\"url\":\"https:\/\/i0.wp.com\/elregionalvm.com.ar\/noticias-villa-maria\/wp-content\/uploads\/2021\/09\/WhatsApp-Image-2021-09-24-at-15.13.56.jpeg?fit=1280%2C720&ssl=1\",\"contentUrl\":\"https:\/\/i0.wp.com\/elregionalvm.com.ar\/noticias-villa-maria\/wp-content\/uploads\/2021\/09\/WhatsApp-Image-2021-09-24-at-15.13.56.jpeg?fit=1280%2C720&ssl=1\",\"width\":1280,\"height\":720},{\"@type\":\"BreadcrumbList\",\"@id\":\"http:\/\/elregionalvm.com.ar\/noticias-villa-maria\/con-nuevos-anuncios-de-obras-para-villa-nueva-quedo-inaugurado-el-playon-del-barrio-el-vallecito\/#breadcrumb\",\"itemListElement\":[{\"@type\":\"ListItem\",\"position\":1,\"name\":\"Portada\",\"item\":\"https:\/\/elregionalvm.com.ar\/noticias-villa-maria\/\"},{\"@type\":\"ListItem\",\"position\":2,\"name\":\"Con nuevos anuncios de obras para Villa Nueva, qued\u00f3 inaugurado el Play\u00f3n del barrio &#8220;El Vallecito&#8221;\"}]},{\"@type\":\"WebSite\",\"@id\":\"http:\/\/elregionalvm.com.ar\/noticias-villa-maria\/#website\",\"url\":\"http:\/\/elregionalvm.com.ar\/noticias-villa-maria\/\",\"name\":\"El Regional\",\"description\":\"Mucho m\u00e1s que informaci\u00f3n\",\"potentialAction\":[{\"@type\":\"SearchAction\",\"target\":{\"@type\":\"EntryPoint\",\"urlTemplate\":\"http:\/\/elregionalvm.com.ar\/noticias-villa-maria\/?s={search_term_string}\"},\"query-input\":{\"@type\":\"PropertyValueSpecification\",\"valueRequired\":true,\"valueName\":\"search_term_string\"}}],\"inLanguage\":\"es\"},{\"@type\":\"Person\",\"@id\":\"http:\/\/elregionalvm.com.ar\/noticias-villa-maria\/#\/schema\/person\/a0fb9c422317faca23d50163151bc354\",\"name\":\"Contenidos El Regional\",\"image\":{\"@type\":\"ImageObject\",\"inLanguage\":\"es\",\"@id\":\"http:\/\/elregionalvm.com.ar\/noticias-villa-maria\/#\/schema\/person\/image\/\",\"url\":\"https:\/\/secure.gravatar.com\/avatar\/265b27cb2209af7bb3a1318f03305787d7981a5cc6e6cd08fe5a4ecdf99d4b48?s=96&d=mm&r=g\",\"contentUrl\":\"https:\/\/secure.gravatar.com\/avatar\/265b27cb2209af7bb3a1318f03305787d7981a5cc6e6cd08fe5a4ecdf99d4b48?s=96&d=mm&r=g\",\"caption\":\"Contenidos El Regional\"},\"url\":\"https:\/\/elregionalvm.com.ar\/noticias-villa-maria\/author\/contenido\/\"}]}<\/script>\n<!-- \/ Yoast SEO plugin. -->","yoast_head_json":{"title":"Con nuevos anuncios de obras para Villa Nueva, qued\u00f3 inaugurado el Play\u00f3n del barrio \"El Vallecito\" - El Regional","robots":{"index":"index","follow":"follow","max-snippet":"max-snippet:-1","max-image-preview":"max-image-preview:large","max-video-preview":"max-video-preview:-1"},"canonical":"http:\/\/elregionalvm.com.ar\/noticias-villa-maria\/con-nuevos-anuncios-de-obras-para-villa-nueva-quedo-inaugurado-el-playon-del-barrio-el-vallecito\/","og_locale":"es_ES","og_type":"article","og_title":"Con nuevos anuncios de obras para Villa Nueva, qued\u00f3 inaugurado el Play\u00f3n del barrio \"El Vallecito\" - El Regional","og_description":"El intendente, Natalio Graglia, encabez\u00f3 el acto de inauguraci\u00f3n del Playon Multideportivo de barrio El Vallecito. Acompa\u00f1ado por el secretario de Obras P\u00fablicas de la Naci\u00f3n, Martin Gill, y la directora de Unops, Monica Rivero y autoridades del Municipio, el Concejo Deliberante, la Cooperativa 19 de marzo (responsable de la obra), y centros vecinales, el [&hellip;]","og_url":"http:\/\/elregionalvm.com.ar\/noticias-villa-maria\/con-nuevos-anuncios-de-obras-para-villa-nueva-quedo-inaugurado-el-playon-del-barrio-el-vallecito\/","og_site_name":"El Regional","article_publisher":"https:\/\/www.facebook.com\/elregionalvm","article_published_time":"2021-09-24T22:52:05+00:00","article_modified_time":"2021-09-25T01:41:16+00:00","og_image":[{"width":1280,"height":720,"url":"http:\/\/elregionalvm.com.ar\/noticias-villa-maria\/wp-content\/uploads\/2021\/09\/WhatsApp-Image-2021-09-24-at-15.13.56.jpeg","type":"image\/jpeg"}],"author":"Contenidos El Regional","twitter_card":"summary_large_image","twitter_creator":"@elregionalvm1","twitter_site":"@elregionalvm1","twitter_misc":{"Escrito por":"Contenidos El Regional","Tiempo de lectura":"3 minutos"},"schema":{"@context":"https:\/\/schema.org","@graph":[{"@type":"Article","@id":"http:\/\/elregionalvm.com.ar\/noticias-villa-maria\/con-nuevos-anuncios-de-obras-para-villa-nueva-quedo-inaugurado-el-playon-del-barrio-el-vallecito\/#article","isPartOf":{"@id":"http:\/\/elregionalvm.com.ar\/noticias-villa-maria\/con-nuevos-anuncios-de-obras-para-villa-nueva-quedo-inaugurado-el-playon-del-barrio-el-vallecito\/"},"author":{"name":"Contenidos El Regional","@id":"http:\/\/elregionalvm.com.ar\/noticias-villa-maria\/#\/schema\/person\/a0fb9c422317faca23d50163151bc354"},"headline":"Con nuevos anuncios de obras para Villa Nueva, qued\u00f3 inaugurado el Play\u00f3n del barrio \u00abEl Vallecito\u00bb","datePublished":"2021-09-24T22:52:05+00:00","dateModified":"2021-09-25T01:41:16+00:00","mainEntityOfPage":{"@id":"http:\/\/elregionalvm.com.ar\/noticias-villa-maria\/con-nuevos-anuncios-de-obras-para-villa-nueva-quedo-inaugurado-el-playon-del-barrio-el-vallecito\/"},"wordCount":360,"commentCount":0,"image":{"@id":"http:\/\/elregionalvm.com.ar\/noticias-villa-maria\/con-nuevos-anuncios-de-obras-para-villa-nueva-quedo-inaugurado-el-playon-del-barrio-el-vallecito\/#primaryimage"},"thumbnailUrl":"https:\/\/i0.wp.com\/elregionalvm.com.ar\/noticias-villa-maria\/wp-content\/uploads\/2021\/09\/WhatsApp-Image-2021-09-24-at-15.13.56.jpeg?fit=1280%2C720&ssl=1","keywords":["Barrio El Vallecito","inauguraci\u00f3n","nuevos anuncios de obras","Play\u00f3n Multipedortivo","VILLA NUEVA"],"articleSection":["Villa Nueva"],"inLanguage":"es","potentialAction":[{"@type":"CommentAction","name":"Comment","target":["http:\/\/elregionalvm.com.ar\/noticias-villa-maria\/con-nuevos-anuncios-de-obras-para-villa-nueva-quedo-inaugurado-el-playon-del-barrio-el-vallecito\/#respond"]}]},{"@type":"WebPage","@id":"http:\/\/elregionalvm.com.ar\/noticias-villa-maria\/con-nuevos-anuncios-de-obras-para-villa-nueva-quedo-inaugurado-el-playon-del-barrio-el-vallecito\/","url":"http:\/\/elregionalvm.com.ar\/noticias-villa-maria\/con-nuevos-anuncios-de-obras-para-villa-nueva-quedo-inaugurado-el-playon-del-barrio-el-vallecito\/","name":"Con nuevos anuncios de obras para Villa Nueva, qued\u00f3 inaugurado el Play\u00f3n del barrio \"El Vallecito\" - El Regional","isPartOf":{"@id":"http:\/\/elregionalvm.com.ar\/noticias-villa-maria\/#website"},"primaryImageOfPage":{"@id":"http:\/\/elregionalvm.com.ar\/noticias-villa-maria\/con-nuevos-anuncios-de-obras-para-villa-nueva-quedo-inaugurado-el-playon-del-barrio-el-vallecito\/#primaryimage"},"image":{"@id":"http:\/\/elregionalvm.com.ar\/noticias-villa-maria\/con-nuevos-anuncios-de-obras-para-villa-nueva-quedo-inaugurado-el-playon-del-barrio-el-vallecito\/#primaryimage"},"thumbnailUrl":"https:\/\/i0.wp.com\/elregionalvm.com.ar\/noticias-villa-maria\/wp-content\/uploads\/2021\/09\/WhatsApp-Image-2021-09-24-at-15.13.56.jpeg?fit=1280%2C720&ssl=1","datePublished":"2021-09-24T22:52:05+00:00","dateModified":"2021-09-25T01:41:16+00:00","author":{"@id":"http:\/\/elregionalvm.com.ar\/noticias-villa-maria\/#\/schema\/person\/a0fb9c422317faca23d50163151bc354"},"breadcrumb":{"@id":"http:\/\/elregionalvm.com.ar\/noticias-villa-maria\/con-nuevos-anuncios-de-obras-para-villa-nueva-quedo-inaugurado-el-playon-del-barrio-el-vallecito\/#breadcrumb"},"inLanguage":"es","potentialAction":[{"@type":"ReadAction","target":["http:\/\/elregionalvm.com.ar\/noticias-villa-maria\/con-nuevos-anuncios-de-obras-para-villa-nueva-quedo-inaugurado-el-playon-del-barrio-el-vallecito\/"]}]},{"@type":"ImageObject","inLanguage":"es","@id":"http:\/\/elregionalvm.com.ar\/noticias-villa-maria\/con-nuevos-anuncios-de-obras-para-villa-nueva-quedo-inaugurado-el-playon-del-barrio-el-vallecito\/#primaryimage","url":"https:\/\/i0.wp.com\/elregionalvm.com.ar\/noticias-villa-maria\/wp-content\/uploads\/2021\/09\/WhatsApp-Image-2021-09-24-at-15.13.56.jpeg?fit=1280%2C720&ssl=1","contentUrl":"https:\/\/i0.wp.com\/elregionalvm.com.ar\/noticias-villa-maria\/wp-content\/uploads\/2021\/09\/WhatsApp-Image-2021-09-24-at-15.13.56.jpeg?fit=1280%2C720&ssl=1","width":1280,"height":720},{"@type":"BreadcrumbList","@id":"http:\/\/elregionalvm.com.ar\/noticias-villa-maria\/con-nuevos-anuncios-de-obras-para-villa-nueva-quedo-inaugurado-el-playon-del-barrio-el-vallecito\/#breadcrumb","itemListElement":[{"@type":"ListItem","position":1,"name":"Portada","item":"https:\/\/elregionalvm.com.ar\/noticias-villa-maria\/"},{"@type":"ListItem","position":2,"name":"Con nuevos anuncios de obras para Villa Nueva, qued\u00f3 inaugurado el Play\u00f3n del barrio &#8220;El Vallecito&#8221;"}]},{"@type":"WebSite","@id":"http:\/\/elregionalvm.com.ar\/noticias-villa-maria\/#website","url":"http:\/\/elregionalvm.com.ar\/noticias-villa-maria\/","name":"El Regional","description":"Mucho m\u00e1s que informaci\u00f3n","potentialAction":[{"@type":"SearchAction","target":{"@type":"EntryPoint","urlTemplate":"http:\/\/elregionalvm.com.ar\/noticias-villa-maria\/?s={search_term_string}"},"query-input":{"@type":"PropertyValueSpecification","valueRequired":true,"valueName":"search_term_string"}}],"inLanguage":"es"},{"@type":"Person","@id":"http:\/\/elregionalvm.com.ar\/noticias-villa-maria\/#\/schema\/person\/a0fb9c422317faca23d50163151bc354","name":"Contenidos El Regional","image":{"@type":"ImageObject","inLanguage":"es","@id":"http:\/\/elregionalvm.com.ar\/noticias-villa-maria\/#\/schema\/person\/image\/","url":"https:\/\/secure.gravatar.com\/avatar\/265b27cb2209af7bb3a1318f03305787d7981a5cc6e6cd08fe5a4ecdf99d4b48?s=96&d=mm&r=g","contentUrl":"https:\/\/secure.gravatar.com\/avatar\/265b27cb2209af7bb3a1318f03305787d7981a5cc6e6cd08fe5a4ecdf99d4b48?s=96&d=mm&r=g","caption":"Contenidos El Regional"},"url":"https:\/\/elregionalvm.com.ar\/noticias-villa-maria\/author\/contenido\/"}]}},"jetpack_featured_media_url":"https:\/\/i0.wp.com\/elregionalvm.com.ar\/noticias-villa-maria\/wp-content\/uploads\/2021\/09\/WhatsApp-Image-2021-09-24-at-15.13.56.jpeg?fit=1280%2C720&ssl=1","jetpack_sharing_enabled":true,"_links":{"self":[{"href":"https:\/\/elregionalvm.com.ar\/noticias-villa-maria\/wp-json\/wp\/v2\/posts\/45222","targetHints":{"allow":["GET"]}}],"collection":[{"href":"https:\/\/elregionalvm.com.ar\/noticias-villa-maria\/wp-json\/wp\/v2\/posts"}],"about":[{"href":"https:\/\/elregionalvm.com.ar\/noticias-villa-maria\/wp-json\/wp\/v2\/types\/post"}],"author":[{"embeddable":true,"href":"https:\/\/elregionalvm.com.ar\/noticias-villa-maria\/wp-json\/wp\/v2\/users\/4"}],"replies":[{"embeddable":true,"href":"https:\/\/elregionalvm.com.ar\/noticias-villa-maria\/wp-json\/wp\/v2\/comments?post=45222"}],"version-history":[{"count":1,"href":"https:\/\/elregionalvm.com.ar\/noticias-villa-maria\/wp-json\/wp\/v2\/posts\/45222\/revisions"}],"predecessor-version":[{"id":45230,"href":"https:\/\/elregionalvm.com.ar\/noticias-villa-maria\/wp-json\/wp\/v2\/posts\/45222\/revisions\/45230"}],"wp:featuredmedia":[{"embeddable":true,"href":"https:\/\/elregionalvm.com.ar\/noticias-villa-maria\/wp-json\/wp\/v2\/media\/45223"}],"wp:attachment":[{"href":"https:\/\/elregionalvm.com.ar\/noticias-villa-maria\/wp-json\/wp\/v2\/media?parent=45222"}],"wp:term":[{"taxonomy":"category","embeddable":true,"href":"https:\/\/elregionalvm.com.ar\/noticias-villa-maria\/wp-json\/wp\/v2\/categories?post=45222"},{"taxonomy":"post_tag","embeddable":true,"href":"https:\/\/elregionalvm.com.ar\/noticias-villa-maria\/wp-json\/wp\/v2\/tags?post=45222"}],"curies":[{"name":"wp","href":"https:\/\/api.w.org\/{rel}","templated":true}]}}