{"id":45231,"date":"2021-09-24T23:46:50","date_gmt":"2021-09-24T23:46:50","guid":{"rendered":"https:\/\/elregionalvm.com.ar\/noticias-villa-maria\/?p=45231"},"modified":"2021-09-24T23:46:53","modified_gmt":"2021-09-24T23:46:53","slug":"mejoraron-la-plazoleta-ema-barrionuevo-de-garcia-y-supervisaron-el-avance-de-otras-obras","status":"publish","type":"post","link":"https:\/\/elregionalvm.com.ar\/noticias-villa-maria\/mejoraron-la-plazoleta-ema-barrionuevo-de-garcia-y-supervisaron-el-avance-de-otras-obras\/","title":{"rendered":"Mejoraron la plazoleta Ema Barrionuevo de Garc\u00eda y supervisaron el avance de otras obras"},"content":{"rendered":"\n<p>El intendente interino, Pablo Rosso, encabez\u00f3 durante la tarde de hoy la habilitaci\u00f3n de la plazoleta Ema Barrionuevo de Garc\u00eda, en barrio Malvinas Argentinas. La actividad, se desarroll\u00f3 en el marco del nuevo aniversario de la ciudad, formando parte de las diversas propuestas que el municipio lleva adelante.<\/p>\n\n\n\n<p>La obra cuenta con un mural llevado adelante por la muralista Julieta Barbuio con la colaboraci\u00f3n de Leonardo Giordano. En este contexto, brindaron sus palabras las autoridades presentes, dejando oficialmente inaugurado el sector verde ubicado en calles Tucum\u00e1n y C\u00e1nova, tras su refacci\u00f3n.<\/p>\n\n\n\n<p>En primera instancia fue el intendente interino Pablo Rosso quien expres\u00f3: \u201cHomenajear el trabajo de Ema en este espacio, en esta plaza, recordando todo lo que ella hizo, es emocionante. Ella se preocupaba porque los vecinos vivieran mejor\u00bb. \u00abEl esp\u00edritu de este aniversario es distinto porque la pandemia nos ha cambiado de una forma u otra. Ema ten\u00eda un trabajo de territorio, de barrio, muy fuerte. Ojala nos lleve a nosotros como sociedad a unirnos y poder resolver los problemas de los vecinos\u201d, reflexion\u00f3.<\/p>\n\n\n\n<p> Jos\u00e9 y Oscar, hijos de Ema, visiblemente emocionados agradecieron al municipio por llevar adelante esta revitalizaci\u00f3n de la plazoleta.<\/p>\n\n\n\n<div class=\"wp-block-image\"><figure class=\"aligncenter size-large is-resized\"><img data-recalc-dims=\"1\" fetchpriority=\"high\" decoding=\"async\" src=\"https:\/\/i0.wp.com\/elregionalvm.com.ar\/noticias-villa-maria\/wp-content\/uploads\/2021\/09\/WhatsApp-Image-2021-09-24-at-17.26.31-1.jpeg?resize=516%2C343&#038;ssl=1\" alt=\"\" class=\"wp-image-45233\" width=\"516\" height=\"343\" srcset=\"https:\/\/i0.wp.com\/elregionalvm.com.ar\/noticias-villa-maria\/wp-content\/uploads\/2021\/09\/WhatsApp-Image-2021-09-24-at-17.26.31-1.jpeg?resize=1024%2C682&amp;ssl=1 1024w, https:\/\/i0.wp.com\/elregionalvm.com.ar\/noticias-villa-maria\/wp-content\/uploads\/2021\/09\/WhatsApp-Image-2021-09-24-at-17.26.31-1.jpeg?resize=300%2C200&amp;ssl=1 300w, https:\/\/i0.wp.com\/elregionalvm.com.ar\/noticias-villa-maria\/wp-content\/uploads\/2021\/09\/WhatsApp-Image-2021-09-24-at-17.26.31-1.jpeg?resize=768%2C512&amp;ssl=1 768w, https:\/\/i0.wp.com\/elregionalvm.com.ar\/noticias-villa-maria\/wp-content\/uploads\/2021\/09\/WhatsApp-Image-2021-09-24-at-17.26.31-1.jpeg?w=1280&amp;ssl=1 1280w\" sizes=\"(max-width: 516px) 100vw, 516px\" \/><\/figure><\/div>\n\n\n\n<p><strong>Comenz\u00f3 la pavimentaci\u00f3n de calle Calafate, en barrio Mariano Moreno<\/strong><\/p>\n\n\n\n<p>La intervenci\u00f3n prevista contempla el hormigonado de calle Calafate, desde avenida Col\u00f3n hasta avenida Salom\u00f3n Gornitz, sumando un total de cinco cuadras de infraestructura. Actualmente, las labores tienen lugar entre calles Nahuel Huapi y Lan\u00edn, donde trabajadores de Corral\u00f3n municipal avanzan en la pavimentaci\u00f3n de dicho tramo.<\/p>\n\n\n\n<p>Rosso estuvo siguiendo la obra, el mandatario local se\u00f1al\u00f3: \u201cContinuamos sosteniendo el compromiso de seguir presentes en los distintos barrios, para llegar a cada sector con obras que beneficien la calidad de vida de vecinos y vecinas\u201d, asegur\u00f3 el intendente interino.<\/p>\n\n\n\n<p>En tanto, al igual que se viene realizando en los diversos puntos intervenidos por el Gobierno local, las cuadras pavimentadas contar\u00e1n con el recambio de luminarias convencionales por luces con tecnolog\u00eda led. Al mismo tiempo, se prev\u00e9 dotar al sector de una mayor forestaci\u00f3n, con el incremento de arbolado p\u00fablico, sumado a la incorporaci\u00f3n de se\u00f1al\u00e9tica vial. Durante el recorrido por la obra de barrio Mariano Moreno, tambi\u00e9n estuvieron presentes la directora del MuniCerca 5, Mariana D\u00edas, en compa\u00f1\u00eda del titular de Participaci\u00f3n Vecinal, Jorge Barrera.<\/p>\n\n\n\n<figure class=\"wp-block-gallery columns-2 is-cropped wp-block-gallery-1 is-layout-flex wp-block-gallery-is-layout-flex\"><ul class=\"blocks-gallery-grid\"><li class=\"blocks-gallery-item\"><figure><img data-recalc-dims=\"1\" decoding=\"async\" width=\"1024\" height=\"682\" src=\"https:\/\/i0.wp.com\/elregionalvm.com.ar\/noticias-villa-maria\/wp-content\/uploads\/2021\/09\/WhatsApp-Image-2021-09-24-at-13.43.55.jpeg?resize=1024%2C682&#038;ssl=1\" alt=\"\" data-id=\"45234\" data-link=\"https:\/\/elregionalvm.com.ar\/noticias-villa-maria\/?attachment_id=45234\" class=\"wp-image-45234\" srcset=\"https:\/\/i0.wp.com\/elregionalvm.com.ar\/noticias-villa-maria\/wp-content\/uploads\/2021\/09\/WhatsApp-Image-2021-09-24-at-13.43.55.jpeg?resize=1024%2C682&amp;ssl=1 1024w, https:\/\/i0.wp.com\/elregionalvm.com.ar\/noticias-villa-maria\/wp-content\/uploads\/2021\/09\/WhatsApp-Image-2021-09-24-at-13.43.55.jpeg?resize=300%2C200&amp;ssl=1 300w, https:\/\/i0.wp.com\/elregionalvm.com.ar\/noticias-villa-maria\/wp-content\/uploads\/2021\/09\/WhatsApp-Image-2021-09-24-at-13.43.55.jpeg?resize=768%2C512&amp;ssl=1 768w, https:\/\/i0.wp.com\/elregionalvm.com.ar\/noticias-villa-maria\/wp-content\/uploads\/2021\/09\/WhatsApp-Image-2021-09-24-at-13.43.55.jpeg?w=1280&amp;ssl=1 1280w\" sizes=\"(max-width: 1000px) 100vw, 1000px\" \/><\/figure><\/li><li class=\"blocks-gallery-item\"><figure><img data-recalc-dims=\"1\" decoding=\"async\" width=\"1024\" height=\"682\" src=\"https:\/\/i0.wp.com\/elregionalvm.com.ar\/noticias-villa-maria\/wp-content\/uploads\/2021\/09\/WhatsApp-Image-2021-09-24-at-13.43.55-1.jpeg?resize=1024%2C682&#038;ssl=1\" alt=\"\" data-id=\"45235\" data-full-url=\"https:\/\/elregionalvm.com.ar\/noticias-villa-maria\/wp-content\/uploads\/2021\/09\/WhatsApp-Image-2021-09-24-at-13.43.55-1.jpeg\" data-link=\"https:\/\/elregionalvm.com.ar\/noticias-villa-maria\/?attachment_id=45235\" class=\"wp-image-45235\" srcset=\"https:\/\/i0.wp.com\/elregionalvm.com.ar\/noticias-villa-maria\/wp-content\/uploads\/2021\/09\/WhatsApp-Image-2021-09-24-at-13.43.55-1.jpeg?resize=1024%2C682&amp;ssl=1 1024w, https:\/\/i0.wp.com\/elregionalvm.com.ar\/noticias-villa-maria\/wp-content\/uploads\/2021\/09\/WhatsApp-Image-2021-09-24-at-13.43.55-1.jpeg?resize=300%2C200&amp;ssl=1 300w, https:\/\/i0.wp.com\/elregionalvm.com.ar\/noticias-villa-maria\/wp-content\/uploads\/2021\/09\/WhatsApp-Image-2021-09-24-at-13.43.55-1.jpeg?resize=768%2C512&amp;ssl=1 768w, https:\/\/i0.wp.com\/elregionalvm.com.ar\/noticias-villa-maria\/wp-content\/uploads\/2021\/09\/WhatsApp-Image-2021-09-24-at-13.43.55-1.jpeg?w=1280&amp;ssl=1 1280w\" sizes=\"(max-width: 1000px) 100vw, 1000px\" \/><\/figure><\/li><\/ul><\/figure>\n\n\n\n<p><strong>Rosso supervis\u00f3 el avance de obra del nuevo jard\u00edn de infantes en barrio Botta<\/strong><\/p>\n\n\n\n<p>El intendente interino, Pablo Rosso, supervis\u00f3 el avance de la construcci\u00f3n del nuevo jard\u00edn de infantes que se realiza con fondos del Gobierno nacional en barrio Felipe Botta. Lo hizo junto al secretario de Ambiente, Obras y Servicios P\u00fablicos, Omar Regueira, y la subsecretaria de Educaci\u00f3n Inicial, Mariela Paj\u00f3n.<\/p>\n\n\n\n<p>\u201cSe va a dar un proceso \u00fanico a nivel provincial donde, al lado del Centro de Promoci\u00f3n Familiar se est\u00e1 construyendo un jard\u00edn de infantes. Los ni\u00f1os van a tener la posibilidad de iniciar el trayecto educativo desde los 45 d\u00edas, sala de 1 y 2 a\u00f1os y despu\u00e9s jard\u00edn de 3, 4 y 5. Es decir, el cuidado del ni\u00f1o pr\u00e1cticamente desde su nacimiento hasta los 5 a\u00f1os\u201d, dijo el intendente.<\/p>\n\n\n\n<p>Sobre la obra, indic\u00f3 que el grado de avance es importante y que tiene una fecha prevista para finalizarse a fines de febrero del a\u00f1o pr\u00f3ximo. <\/p>\n\n\n\n<figure class=\"wp-block-gallery columns-2 is-cropped wp-block-gallery-2 is-layout-flex wp-block-gallery-is-layout-flex\"><ul class=\"blocks-gallery-grid\"><li class=\"blocks-gallery-item\"><figure><img data-recalc-dims=\"1\" loading=\"lazy\" decoding=\"async\" width=\"1024\" height=\"682\" src=\"https:\/\/i0.wp.com\/elregionalvm.com.ar\/noticias-villa-maria\/wp-content\/uploads\/2021\/09\/WhatsApp-Image-2021-09-24-at-13.45.38.jpeg?resize=1024%2C682&#038;ssl=1\" alt=\"\" data-id=\"45236\" data-link=\"https:\/\/elregionalvm.com.ar\/noticias-villa-maria\/?attachment_id=45236\" class=\"wp-image-45236\" srcset=\"https:\/\/i0.wp.com\/elregionalvm.com.ar\/noticias-villa-maria\/wp-content\/uploads\/2021\/09\/WhatsApp-Image-2021-09-24-at-13.45.38.jpeg?resize=1024%2C682&amp;ssl=1 1024w, https:\/\/i0.wp.com\/elregionalvm.com.ar\/noticias-villa-maria\/wp-content\/uploads\/2021\/09\/WhatsApp-Image-2021-09-24-at-13.45.38.jpeg?resize=300%2C200&amp;ssl=1 300w, https:\/\/i0.wp.com\/elregionalvm.com.ar\/noticias-villa-maria\/wp-content\/uploads\/2021\/09\/WhatsApp-Image-2021-09-24-at-13.45.38.jpeg?resize=768%2C512&amp;ssl=1 768w, https:\/\/i0.wp.com\/elregionalvm.com.ar\/noticias-villa-maria\/wp-content\/uploads\/2021\/09\/WhatsApp-Image-2021-09-24-at-13.45.38.jpeg?w=1280&amp;ssl=1 1280w\" sizes=\"(max-width: 1000px) 100vw, 1000px\" \/><\/figure><\/li><li class=\"blocks-gallery-item\"><figure><img data-recalc-dims=\"1\" loading=\"lazy\" decoding=\"async\" width=\"1024\" height=\"682\" src=\"https:\/\/i0.wp.com\/elregionalvm.com.ar\/noticias-villa-maria\/wp-content\/uploads\/2021\/09\/WhatsApp-Image-2021-09-24-at-13.45.37.jpeg?resize=1024%2C682&#038;ssl=1\" alt=\"\" data-id=\"45237\" data-full-url=\"https:\/\/elregionalvm.com.ar\/noticias-villa-maria\/wp-content\/uploads\/2021\/09\/WhatsApp-Image-2021-09-24-at-13.45.37.jpeg\" data-link=\"https:\/\/elregionalvm.com.ar\/noticias-villa-maria\/?attachment_id=45237\" class=\"wp-image-45237\" srcset=\"https:\/\/i0.wp.com\/elregionalvm.com.ar\/noticias-villa-maria\/wp-content\/uploads\/2021\/09\/WhatsApp-Image-2021-09-24-at-13.45.37.jpeg?resize=1024%2C682&amp;ssl=1 1024w, https:\/\/i0.wp.com\/elregionalvm.com.ar\/noticias-villa-maria\/wp-content\/uploads\/2021\/09\/WhatsApp-Image-2021-09-24-at-13.45.37.jpeg?resize=300%2C200&amp;ssl=1 300w, https:\/\/i0.wp.com\/elregionalvm.com.ar\/noticias-villa-maria\/wp-content\/uploads\/2021\/09\/WhatsApp-Image-2021-09-24-at-13.45.37.jpeg?resize=768%2C512&amp;ssl=1 768w, https:\/\/i0.wp.com\/elregionalvm.com.ar\/noticias-villa-maria\/wp-content\/uploads\/2021\/09\/WhatsApp-Image-2021-09-24-at-13.45.37.jpeg?w=1280&amp;ssl=1 1280w\" sizes=\"(max-width: 1000px) 100vw, 1000px\" \/><\/figure><\/li><\/ul><\/figure>\n\n\n\n<p><\/p>\n\n\n\n<p><\/p>\n","protected":false},"excerpt":{"rendered":"<p>El intendente interino, Pablo Rosso, encabez\u00f3 durante la tarde de hoy la habilitaci\u00f3n de la plazoleta Ema Barrionuevo de Garc\u00eda, en barrio Malvinas Argentinas. La actividad, se desarroll\u00f3 en el marco del nuevo aniversario de la ciudad, formando parte de las diversas propuestas que el municipio lleva adelante. La obra cuenta con un mural llevado [&hellip;]<\/p>\n","protected":false},"author":4,"featured_media":45232,"comment_status":"open","ping_status":"open","sticky":false,"template":"","format":"standard","meta":{"site-sidebar-layout":"default","site-content-layout":"default","ast-site-content-layout":"default","site-content-style":"default","site-sidebar-style":"default","ast-global-header-display":"","ast-banner-title-visibility":"","ast-main-header-display":"","ast-hfb-above-header-display":"","ast-hfb-below-header-display":"","ast-hfb-mobile-header-display":"","site-post-title":"","ast-breadcrumbs-content":"","ast-featured-img":"","footer-sml-layout":"","ast-disable-related-posts":"","theme-transparent-header-meta":"default","adv-header-id-meta":"","stick-header-meta":"","header-above-stick-meta":"","header-main-stick-meta":"","header-below-stick-meta":"","astra-migrate-meta-layouts":"default","ast-page-background-enabled":"default","ast-page-background-meta":{"desktop":{"background-color":"","background-image":"","background-repeat":"repeat","background-position":"center center","background-size":"auto","background-attachment":"scroll","background-type":"","background-media":"","overlay-type":"","overlay-color":"","overlay-opacity":"","overlay-gradient":""},"tablet":{"background-color":"","background-image":"","background-repeat":"repeat","background-position":"center center","background-size":"auto","background-attachment":"scroll","background-type":"","background-media":"","overlay-type":"","overlay-color":"","overlay-opacity":"","overlay-gradient":""},"mobile":{"background-color":"","background-image":"","background-repeat":"repeat","background-position":"center center","background-size":"auto","background-attachment":"scroll","background-type":"","background-media":"","overlay-type":"","overlay-color":"","overlay-opacity":"","overlay-gradient":""}},"ast-content-background-meta":{"desktop":{"background-color":"var(--ast-global-color-5)","background-image":"","background-repeat":"repeat","background-position":"center center","background-size":"auto","background-attachment":"scroll","background-type":"","background-media":"","overlay-type":"","overlay-color":"","overlay-opacity":"","overlay-gradient":""},"tablet":{"background-color":"var(--ast-global-color-5)","background-image":"","background-repeat":"repeat","background-position":"center center","background-size":"auto","background-attachment":"scroll","background-type":"","background-media":"","overlay-type":"","overlay-color":"","overlay-opacity":"","overlay-gradient":""},"mobile":{"background-color":"var(--ast-global-color-5)","background-image":"","background-repeat":"repeat","background-position":"center center","background-size":"auto","background-attachment":"scroll","background-type":"","background-media":"","overlay-type":"","overlay-color":"","overlay-opacity":"","overlay-gradient":""}},"_jetpack_memberships_contains_paid_content":false,"_joinchat":[],"footnotes":""},"categories":[2],"tags":[1232,12,1878,11339,8958,2248],"class_list":["post-45231","post","type-post","status-publish","format-standard","has-post-thumbnail","hentry","category-villa-maria","tag-destacado","tag-obras","tag-pablo-rosso","tag-plazoleta-ema-garcia","tag-supervision","tag-villa-maria-2"],"yoast_head":"<!-- This site is optimized with the Yoast SEO plugin v26.8 - https:\/\/yoast.com\/product\/yoast-seo-wordpress\/ -->\n<title>Mejoraron la plazoleta Ema Barrionuevo de Garc\u00eda y supervisaron el avance de otras obras - El Regional<\/title>\n<meta name=\"robots\" content=\"index, follow, max-snippet:-1, max-image-preview:large, max-video-preview:-1\" \/>\n<link rel=\"canonical\" href=\"http:\/\/elregionalvm.com.ar\/noticias-villa-maria\/mejoraron-la-plazoleta-ema-barrionuevo-de-garcia-y-supervisaron-el-avance-de-otras-obras\/\" \/>\n<meta property=\"og:locale\" content=\"es_ES\" \/>\n<meta property=\"og:type\" content=\"article\" \/>\n<meta property=\"og:title\" content=\"Mejoraron la plazoleta Ema Barrionuevo de Garc\u00eda y supervisaron el avance de otras obras - El Regional\" \/>\n<meta property=\"og:description\" content=\"El intendente interino, Pablo Rosso, encabez\u00f3 durante la tarde de hoy la habilitaci\u00f3n de la plazoleta Ema Barrionuevo de Garc\u00eda, en barrio Malvinas Argentinas. La actividad, se desarroll\u00f3 en el marco del nuevo aniversario de la ciudad, formando parte de las diversas propuestas que el municipio lleva adelante. La obra cuenta con un mural llevado [&hellip;]\" \/>\n<meta property=\"og:url\" content=\"http:\/\/elregionalvm.com.ar\/noticias-villa-maria\/mejoraron-la-plazoleta-ema-barrionuevo-de-garcia-y-supervisaron-el-avance-de-otras-obras\/\" \/>\n<meta property=\"og:site_name\" content=\"El Regional\" \/>\n<meta property=\"article:publisher\" content=\"https:\/\/www.facebook.com\/elregionalvm\" \/>\n<meta property=\"article:published_time\" content=\"2021-09-24T23:46:50+00:00\" \/>\n<meta property=\"article:modified_time\" content=\"2021-09-24T23:46:53+00:00\" \/>\n<meta property=\"og:image\" content=\"http:\/\/elregionalvm.com.ar\/noticias-villa-maria\/wp-content\/uploads\/2021\/09\/WhatsApp-Image-2021-09-24-at-17.26.31.jpeg\" \/>\n\t<meta property=\"og:image:width\" content=\"1280\" \/>\n\t<meta property=\"og:image:height\" content=\"853\" \/>\n\t<meta property=\"og:image:type\" content=\"image\/jpeg\" \/>\n<meta name=\"author\" content=\"Contenidos El Regional\" \/>\n<meta name=\"twitter:card\" content=\"summary_large_image\" \/>\n<meta name=\"twitter:creator\" content=\"@elregionalvm1\" \/>\n<meta name=\"twitter:site\" content=\"@elregionalvm1\" \/>\n<meta name=\"twitter:label1\" content=\"Escrito por\" \/>\n\t<meta name=\"twitter:data1\" content=\"Contenidos El Regional\" \/>\n\t<meta name=\"twitter:label2\" content=\"Tiempo de lectura\" \/>\n\t<meta name=\"twitter:data2\" content=\"4 minutos\" \/>\n<script type=\"application\/ld+json\" class=\"yoast-schema-graph\">{\"@context\":\"https:\/\/schema.org\",\"@graph\":[{\"@type\":\"Article\",\"@id\":\"http:\/\/elregionalvm.com.ar\/noticias-villa-maria\/mejoraron-la-plazoleta-ema-barrionuevo-de-garcia-y-supervisaron-el-avance-de-otras-obras\/#article\",\"isPartOf\":{\"@id\":\"http:\/\/elregionalvm.com.ar\/noticias-villa-maria\/mejoraron-la-plazoleta-ema-barrionuevo-de-garcia-y-supervisaron-el-avance-de-otras-obras\/\"},\"author\":{\"name\":\"Contenidos El Regional\",\"@id\":\"http:\/\/elregionalvm.com.ar\/noticias-villa-maria\/#\/schema\/person\/a0fb9c422317faca23d50163151bc354\"},\"headline\":\"Mejoraron la plazoleta Ema Barrionuevo de Garc\u00eda y supervisaron el avance de otras obras\",\"datePublished\":\"2021-09-24T23:46:50+00:00\",\"dateModified\":\"2021-09-24T23:46:53+00:00\",\"mainEntityOfPage\":{\"@id\":\"http:\/\/elregionalvm.com.ar\/noticias-villa-maria\/mejoraron-la-plazoleta-ema-barrionuevo-de-garcia-y-supervisaron-el-avance-de-otras-obras\/\"},\"wordCount\":592,\"commentCount\":0,\"image\":{\"@id\":\"http:\/\/elregionalvm.com.ar\/noticias-villa-maria\/mejoraron-la-plazoleta-ema-barrionuevo-de-garcia-y-supervisaron-el-avance-de-otras-obras\/#primaryimage\"},\"thumbnailUrl\":\"https:\/\/i0.wp.com\/elregionalvm.com.ar\/noticias-villa-maria\/wp-content\/uploads\/2021\/09\/WhatsApp-Image-2021-09-24-at-17.26.31.jpeg?fit=1280%2C853&ssl=1\",\"keywords\":[\"destacado\",\"obras\",\"Pablo Rosso\",\"Plazoleta Ema Garc\u00eda\",\"supervisi\u00f3n\",\"Villa Mar\u00eda\"],\"articleSection\":[\"Villa Mar\u00eda\"],\"inLanguage\":\"es\",\"potentialAction\":[{\"@type\":\"CommentAction\",\"name\":\"Comment\",\"target\":[\"http:\/\/elregionalvm.com.ar\/noticias-villa-maria\/mejoraron-la-plazoleta-ema-barrionuevo-de-garcia-y-supervisaron-el-avance-de-otras-obras\/#respond\"]}]},{\"@type\":\"WebPage\",\"@id\":\"http:\/\/elregionalvm.com.ar\/noticias-villa-maria\/mejoraron-la-plazoleta-ema-barrionuevo-de-garcia-y-supervisaron-el-avance-de-otras-obras\/\",\"url\":\"http:\/\/elregionalvm.com.ar\/noticias-villa-maria\/mejoraron-la-plazoleta-ema-barrionuevo-de-garcia-y-supervisaron-el-avance-de-otras-obras\/\",\"name\":\"Mejoraron la plazoleta Ema Barrionuevo de Garc\u00eda y supervisaron el avance de otras obras - El Regional\",\"isPartOf\":{\"@id\":\"http:\/\/elregionalvm.com.ar\/noticias-villa-maria\/#website\"},\"primaryImageOfPage\":{\"@id\":\"http:\/\/elregionalvm.com.ar\/noticias-villa-maria\/mejoraron-la-plazoleta-ema-barrionuevo-de-garcia-y-supervisaron-el-avance-de-otras-obras\/#primaryimage\"},\"image\":{\"@id\":\"http:\/\/elregionalvm.com.ar\/noticias-villa-maria\/mejoraron-la-plazoleta-ema-barrionuevo-de-garcia-y-supervisaron-el-avance-de-otras-obras\/#primaryimage\"},\"thumbnailUrl\":\"https:\/\/i0.wp.com\/elregionalvm.com.ar\/noticias-villa-maria\/wp-content\/uploads\/2021\/09\/WhatsApp-Image-2021-09-24-at-17.26.31.jpeg?fit=1280%2C853&ssl=1\",\"datePublished\":\"2021-09-24T23:46:50+00:00\",\"dateModified\":\"2021-09-24T23:46:53+00:00\",\"author\":{\"@id\":\"http:\/\/elregionalvm.com.ar\/noticias-villa-maria\/#\/schema\/person\/a0fb9c422317faca23d50163151bc354\"},\"breadcrumb\":{\"@id\":\"http:\/\/elregionalvm.com.ar\/noticias-villa-maria\/mejoraron-la-plazoleta-ema-barrionuevo-de-garcia-y-supervisaron-el-avance-de-otras-obras\/#breadcrumb\"},\"inLanguage\":\"es\",\"potentialAction\":[{\"@type\":\"ReadAction\",\"target\":[\"http:\/\/elregionalvm.com.ar\/noticias-villa-maria\/mejoraron-la-plazoleta-ema-barrionuevo-de-garcia-y-supervisaron-el-avance-de-otras-obras\/\"]}]},{\"@type\":\"ImageObject\",\"inLanguage\":\"es\",\"@id\":\"http:\/\/elregionalvm.com.ar\/noticias-villa-maria\/mejoraron-la-plazoleta-ema-barrionuevo-de-garcia-y-supervisaron-el-avance-de-otras-obras\/#primaryimage\",\"url\":\"https:\/\/i0.wp.com\/elregionalvm.com.ar\/noticias-villa-maria\/wp-content\/uploads\/2021\/09\/WhatsApp-Image-2021-09-24-at-17.26.31.jpeg?fit=1280%2C853&ssl=1\",\"contentUrl\":\"https:\/\/i0.wp.com\/elregionalvm.com.ar\/noticias-villa-maria\/wp-content\/uploads\/2021\/09\/WhatsApp-Image-2021-09-24-at-17.26.31.jpeg?fit=1280%2C853&ssl=1\",\"width\":1280,\"height\":853},{\"@type\":\"BreadcrumbList\",\"@id\":\"http:\/\/elregionalvm.com.ar\/noticias-villa-maria\/mejoraron-la-plazoleta-ema-barrionuevo-de-garcia-y-supervisaron-el-avance-de-otras-obras\/#breadcrumb\",\"itemListElement\":[{\"@type\":\"ListItem\",\"position\":1,\"name\":\"Portada\",\"item\":\"https:\/\/elregionalvm.com.ar\/noticias-villa-maria\/\"},{\"@type\":\"ListItem\",\"position\":2,\"name\":\"Mejoraron la plazoleta Ema Barrionuevo de Garc\u00eda y supervisaron el avance de otras obras\"}]},{\"@type\":\"WebSite\",\"@id\":\"http:\/\/elregionalvm.com.ar\/noticias-villa-maria\/#website\",\"url\":\"http:\/\/elregionalvm.com.ar\/noticias-villa-maria\/\",\"name\":\"El Regional\",\"description\":\"Mucho m\u00e1s que informaci\u00f3n\",\"potentialAction\":[{\"@type\":\"SearchAction\",\"target\":{\"@type\":\"EntryPoint\",\"urlTemplate\":\"http:\/\/elregionalvm.com.ar\/noticias-villa-maria\/?s={search_term_string}\"},\"query-input\":{\"@type\":\"PropertyValueSpecification\",\"valueRequired\":true,\"valueName\":\"search_term_string\"}}],\"inLanguage\":\"es\"},{\"@type\":\"Person\",\"@id\":\"http:\/\/elregionalvm.com.ar\/noticias-villa-maria\/#\/schema\/person\/a0fb9c422317faca23d50163151bc354\",\"name\":\"Contenidos El Regional\",\"image\":{\"@type\":\"ImageObject\",\"inLanguage\":\"es\",\"@id\":\"http:\/\/elregionalvm.com.ar\/noticias-villa-maria\/#\/schema\/person\/image\/\",\"url\":\"https:\/\/secure.gravatar.com\/avatar\/265b27cb2209af7bb3a1318f03305787d7981a5cc6e6cd08fe5a4ecdf99d4b48?s=96&d=mm&r=g\",\"contentUrl\":\"https:\/\/secure.gravatar.com\/avatar\/265b27cb2209af7bb3a1318f03305787d7981a5cc6e6cd08fe5a4ecdf99d4b48?s=96&d=mm&r=g\",\"caption\":\"Contenidos El Regional\"},\"url\":\"https:\/\/elregionalvm.com.ar\/noticias-villa-maria\/author\/contenido\/\"}]}<\/script>\n<!-- \/ Yoast SEO plugin. -->","yoast_head_json":{"title":"Mejoraron la plazoleta Ema Barrionuevo de Garc\u00eda y supervisaron el avance de otras obras - El Regional","robots":{"index":"index","follow":"follow","max-snippet":"max-snippet:-1","max-image-preview":"max-image-preview:large","max-video-preview":"max-video-preview:-1"},"canonical":"http:\/\/elregionalvm.com.ar\/noticias-villa-maria\/mejoraron-la-plazoleta-ema-barrionuevo-de-garcia-y-supervisaron-el-avance-de-otras-obras\/","og_locale":"es_ES","og_type":"article","og_title":"Mejoraron la plazoleta Ema Barrionuevo de Garc\u00eda y supervisaron el avance de otras obras - El Regional","og_description":"El intendente interino, Pablo Rosso, encabez\u00f3 durante la tarde de hoy la habilitaci\u00f3n de la plazoleta Ema Barrionuevo de Garc\u00eda, en barrio Malvinas Argentinas. La actividad, se desarroll\u00f3 en el marco del nuevo aniversario de la ciudad, formando parte de las diversas propuestas que el municipio lleva adelante. La obra cuenta con un mural llevado [&hellip;]","og_url":"http:\/\/elregionalvm.com.ar\/noticias-villa-maria\/mejoraron-la-plazoleta-ema-barrionuevo-de-garcia-y-supervisaron-el-avance-de-otras-obras\/","og_site_name":"El Regional","article_publisher":"https:\/\/www.facebook.com\/elregionalvm","article_published_time":"2021-09-24T23:46:50+00:00","article_modified_time":"2021-09-24T23:46:53+00:00","og_image":[{"width":1280,"height":853,"url":"http:\/\/elregionalvm.com.ar\/noticias-villa-maria\/wp-content\/uploads\/2021\/09\/WhatsApp-Image-2021-09-24-at-17.26.31.jpeg","type":"image\/jpeg"}],"author":"Contenidos El Regional","twitter_card":"summary_large_image","twitter_creator":"@elregionalvm1","twitter_site":"@elregionalvm1","twitter_misc":{"Escrito por":"Contenidos El Regional","Tiempo de lectura":"4 minutos"},"schema":{"@context":"https:\/\/schema.org","@graph":[{"@type":"Article","@id":"http:\/\/elregionalvm.com.ar\/noticias-villa-maria\/mejoraron-la-plazoleta-ema-barrionuevo-de-garcia-y-supervisaron-el-avance-de-otras-obras\/#article","isPartOf":{"@id":"http:\/\/elregionalvm.com.ar\/noticias-villa-maria\/mejoraron-la-plazoleta-ema-barrionuevo-de-garcia-y-supervisaron-el-avance-de-otras-obras\/"},"author":{"name":"Contenidos El Regional","@id":"http:\/\/elregionalvm.com.ar\/noticias-villa-maria\/#\/schema\/person\/a0fb9c422317faca23d50163151bc354"},"headline":"Mejoraron la plazoleta Ema Barrionuevo de Garc\u00eda y supervisaron el avance de otras obras","datePublished":"2021-09-24T23:46:50+00:00","dateModified":"2021-09-24T23:46:53+00:00","mainEntityOfPage":{"@id":"http:\/\/elregionalvm.com.ar\/noticias-villa-maria\/mejoraron-la-plazoleta-ema-barrionuevo-de-garcia-y-supervisaron-el-avance-de-otras-obras\/"},"wordCount":592,"commentCount":0,"image":{"@id":"http:\/\/elregionalvm.com.ar\/noticias-villa-maria\/mejoraron-la-plazoleta-ema-barrionuevo-de-garcia-y-supervisaron-el-avance-de-otras-obras\/#primaryimage"},"thumbnailUrl":"https:\/\/i0.wp.com\/elregionalvm.com.ar\/noticias-villa-maria\/wp-content\/uploads\/2021\/09\/WhatsApp-Image-2021-09-24-at-17.26.31.jpeg?fit=1280%2C853&ssl=1","keywords":["destacado","obras","Pablo Rosso","Plazoleta Ema Garc\u00eda","supervisi\u00f3n","Villa Mar\u00eda"],"articleSection":["Villa Mar\u00eda"],"inLanguage":"es","potentialAction":[{"@type":"CommentAction","name":"Comment","target":["http:\/\/elregionalvm.com.ar\/noticias-villa-maria\/mejoraron-la-plazoleta-ema-barrionuevo-de-garcia-y-supervisaron-el-avance-de-otras-obras\/#respond"]}]},{"@type":"WebPage","@id":"http:\/\/elregionalvm.com.ar\/noticias-villa-maria\/mejoraron-la-plazoleta-ema-barrionuevo-de-garcia-y-supervisaron-el-avance-de-otras-obras\/","url":"http:\/\/elregionalvm.com.ar\/noticias-villa-maria\/mejoraron-la-plazoleta-ema-barrionuevo-de-garcia-y-supervisaron-el-avance-de-otras-obras\/","name":"Mejoraron la plazoleta Ema Barrionuevo de Garc\u00eda y supervisaron el avance de otras obras - El Regional","isPartOf":{"@id":"http:\/\/elregionalvm.com.ar\/noticias-villa-maria\/#website"},"primaryImageOfPage":{"@id":"http:\/\/elregionalvm.com.ar\/noticias-villa-maria\/mejoraron-la-plazoleta-ema-barrionuevo-de-garcia-y-supervisaron-el-avance-de-otras-obras\/#primaryimage"},"image":{"@id":"http:\/\/elregionalvm.com.ar\/noticias-villa-maria\/mejoraron-la-plazoleta-ema-barrionuevo-de-garcia-y-supervisaron-el-avance-de-otras-obras\/#primaryimage"},"thumbnailUrl":"https:\/\/i0.wp.com\/elregionalvm.com.ar\/noticias-villa-maria\/wp-content\/uploads\/2021\/09\/WhatsApp-Image-2021-09-24-at-17.26.31.jpeg?fit=1280%2C853&ssl=1","datePublished":"2021-09-24T23:46:50+00:00","dateModified":"2021-09-24T23:46:53+00:00","author":{"@id":"http:\/\/elregionalvm.com.ar\/noticias-villa-maria\/#\/schema\/person\/a0fb9c422317faca23d50163151bc354"},"breadcrumb":{"@id":"http:\/\/elregionalvm.com.ar\/noticias-villa-maria\/mejoraron-la-plazoleta-ema-barrionuevo-de-garcia-y-supervisaron-el-avance-de-otras-obras\/#breadcrumb"},"inLanguage":"es","potentialAction":[{"@type":"ReadAction","target":["http:\/\/elregionalvm.com.ar\/noticias-villa-maria\/mejoraron-la-plazoleta-ema-barrionuevo-de-garcia-y-supervisaron-el-avance-de-otras-obras\/"]}]},{"@type":"ImageObject","inLanguage":"es","@id":"http:\/\/elregionalvm.com.ar\/noticias-villa-maria\/mejoraron-la-plazoleta-ema-barrionuevo-de-garcia-y-supervisaron-el-avance-de-otras-obras\/#primaryimage","url":"https:\/\/i0.wp.com\/elregionalvm.com.ar\/noticias-villa-maria\/wp-content\/uploads\/2021\/09\/WhatsApp-Image-2021-09-24-at-17.26.31.jpeg?fit=1280%2C853&ssl=1","contentUrl":"https:\/\/i0.wp.com\/elregionalvm.com.ar\/noticias-villa-maria\/wp-content\/uploads\/2021\/09\/WhatsApp-Image-2021-09-24-at-17.26.31.jpeg?fit=1280%2C853&ssl=1","width":1280,"height":853},{"@type":"BreadcrumbList","@id":"http:\/\/elregionalvm.com.ar\/noticias-villa-maria\/mejoraron-la-plazoleta-ema-barrionuevo-de-garcia-y-supervisaron-el-avance-de-otras-obras\/#breadcrumb","itemListElement":[{"@type":"ListItem","position":1,"name":"Portada","item":"https:\/\/elregionalvm.com.ar\/noticias-villa-maria\/"},{"@type":"ListItem","position":2,"name":"Mejoraron la plazoleta Ema Barrionuevo de Garc\u00eda y supervisaron el avance de otras obras"}]},{"@type":"WebSite","@id":"http:\/\/elregionalvm.com.ar\/noticias-villa-maria\/#website","url":"http:\/\/elregionalvm.com.ar\/noticias-villa-maria\/","name":"El Regional","description":"Mucho m\u00e1s que informaci\u00f3n","potentialAction":[{"@type":"SearchAction","target":{"@type":"EntryPoint","urlTemplate":"http:\/\/elregionalvm.com.ar\/noticias-villa-maria\/?s={search_term_string}"},"query-input":{"@type":"PropertyValueSpecification","valueRequired":true,"valueName":"search_term_string"}}],"inLanguage":"es"},{"@type":"Person","@id":"http:\/\/elregionalvm.com.ar\/noticias-villa-maria\/#\/schema\/person\/a0fb9c422317faca23d50163151bc354","name":"Contenidos El Regional","image":{"@type":"ImageObject","inLanguage":"es","@id":"http:\/\/elregionalvm.com.ar\/noticias-villa-maria\/#\/schema\/person\/image\/","url":"https:\/\/secure.gravatar.com\/avatar\/265b27cb2209af7bb3a1318f03305787d7981a5cc6e6cd08fe5a4ecdf99d4b48?s=96&d=mm&r=g","contentUrl":"https:\/\/secure.gravatar.com\/avatar\/265b27cb2209af7bb3a1318f03305787d7981a5cc6e6cd08fe5a4ecdf99d4b48?s=96&d=mm&r=g","caption":"Contenidos El Regional"},"url":"https:\/\/elregionalvm.com.ar\/noticias-villa-maria\/author\/contenido\/"}]}},"jetpack_featured_media_url":"https:\/\/i0.wp.com\/elregionalvm.com.ar\/noticias-villa-maria\/wp-content\/uploads\/2021\/09\/WhatsApp-Image-2021-09-24-at-17.26.31.jpeg?fit=1280%2C853&ssl=1","jetpack_sharing_enabled":true,"_links":{"self":[{"href":"https:\/\/elregionalvm.com.ar\/noticias-villa-maria\/wp-json\/wp\/v2\/posts\/45231","targetHints":{"allow":["GET"]}}],"collection":[{"href":"https:\/\/elregionalvm.com.ar\/noticias-villa-maria\/wp-json\/wp\/v2\/posts"}],"about":[{"href":"https:\/\/elregionalvm.com.ar\/noticias-villa-maria\/wp-json\/wp\/v2\/types\/post"}],"author":[{"embeddable":true,"href":"https:\/\/elregionalvm.com.ar\/noticias-villa-maria\/wp-json\/wp\/v2\/users\/4"}],"replies":[{"embeddable":true,"href":"https:\/\/elregionalvm.com.ar\/noticias-villa-maria\/wp-json\/wp\/v2\/comments?post=45231"}],"version-history":[{"count":1,"href":"https:\/\/elregionalvm.com.ar\/noticias-villa-maria\/wp-json\/wp\/v2\/posts\/45231\/revisions"}],"predecessor-version":[{"id":45238,"href":"https:\/\/elregionalvm.com.ar\/noticias-villa-maria\/wp-json\/wp\/v2\/posts\/45231\/revisions\/45238"}],"wp:featuredmedia":[{"embeddable":true,"href":"https:\/\/elregionalvm.com.ar\/noticias-villa-maria\/wp-json\/wp\/v2\/media\/45232"}],"wp:attachment":[{"href":"https:\/\/elregionalvm.com.ar\/noticias-villa-maria\/wp-json\/wp\/v2\/media?parent=45231"}],"wp:term":[{"taxonomy":"category","embeddable":true,"href":"https:\/\/elregionalvm.com.ar\/noticias-villa-maria\/wp-json\/wp\/v2\/categories?post=45231"},{"taxonomy":"post_tag","embeddable":true,"href":"https:\/\/elregionalvm.com.ar\/noticias-villa-maria\/wp-json\/wp\/v2\/tags?post=45231"}],"curies":[{"name":"wp","href":"https:\/\/api.w.org\/{rel}","templated":true}]}}